{"id":97421,"date":"2026-01-17T22:13:59","date_gmt":"2026-01-17T20:13:59","guid":{"rendered":"https:\/\/now-news.de\/de\/deutschland\/berlin-wir-haben-es-satt-protest-findet-parallel-zur-unterzeichnung-des-mercosur-abkommens-statt\/"},"modified":"2026-01-17T22:13:59","modified_gmt":"2026-01-17T20:13:59","slug":"berlin-wir-haben-es-satt-protest-findet-parallel-zur-unterzeichnung-des-mercosur-abkommens-statt","status":"publish","type":"post","link":"https:\/\/now-news.de\/de\/deutschland\/berlin-wir-haben-es-satt-protest-findet-parallel-zur-unterzeichnung-des-mercosur-abkommens-statt\/","title":{"rendered":"Berlin: &quot;Wir haben es satt&quot;-Protest findet parallel zur Unterzeichnung des Mercosur-Abkommens statt"},"content":{"rendered":"<div class=\"Text-root Text-type_1 \">\n                Rund 8000 Teilnehmer setzten sich auf der 16. &#8220;Wir haben es satt&#8221; &#8211; Demonstration f\u00fcr gesunde Nahrungsmittel und den Fortbestand der b\u00e4uerlichen Landwirtschaft ein. Die Existenz der Bauern ist sowohl durch das Mercosur-Abkommen, als auch durch die deutsche Agrarpolitik immer mehr bedroht.\n            <\/div>\n<p><\/p>\n<div class=\"Text-root Text-type_5 ArticleView-text ViewText-root \">\n<p><em>Von Felicitas Rabe<\/em><\/p>\n<p>Unter dem Motto &#8220;Haltung zeigen! F\u00fcr eine zukunftsf\u00e4hige Landwirtschaft weltweit&#8221; veranstaltete das <a rel=\"nofollow noopener\" target=\"_blank\" href=\"https:\/\/www.wir-haben-es-satt.de\/informieren\/aufruf\">B\u00fcndnis &#8220;Wir haben es satt&#8221;<\/a> am Samstag in Berlin zum 16. Mal eine Demonstration gegen die Zerst\u00f6rung der b\u00e4uerlichen Landwirtschaft durch Agrochemiekonzerne. Laut Angaben der Veranstalter beteiligten sich rund 8.000 Menschen am Umzug in Berlin Mitte, der von etwa 50 Traktoren begleitet wurde.<\/p>\n<p>Das B\u00fcndnis aus rund 60 Initiativen aus der Landwirtschaft sowie der Tierschutz- und Umweltschutzbewegung kritisiert vielf\u00e4ltige Punkte einer Agrarpolitik, die zunehmend die Interessen von Agrokonzernen und deren Aktion\u00e4re vor die Bed\u00fcrfnisse der Verbraucher nach einer gesunden Ern\u00e4hrung mit regional produzierten Lebensmitteln und ein wirtschaftliches Auskommen der Landwirte stellt.<\/p>\n<figure class=\"RTImage-root\">\n<div class=\"RTImage-image RTImage-original\"><picture class=\"Picture-root Picture-original\"><!--[if IE 9]><video style=\"display: none;\"><![endif]--><source media=\"(-webkit-min-device-pixel-ratio: 2) and (min-resolution: 120dpi)\" data-srcset=\" \nhttps:\/\/now-news.de\/de\/wp-content\/uploads\/sites\/3\/2026\/01\/696bc090b480cc315122ade4.jpg 850w,\n                https:\/\/now-news.de\/de\/wp-content\/uploads\/sites\/3\/2026\/01\/696bc090b480cc315122ade4.jpg 1960w,            \" ><source data-srcset=\" \nhttps:\/\/now-news.de\/de\/wp-content\/uploads\/sites\/3\/2026\/01\/696bc090b480cc315122ade4.jpg 460w,\n              https:\/\/now-news.de\/de\/wp-content\/uploads\/sites\/3\/2026\/01\/696bc090b480cc315122ade4.jpg 980w,\n            \" ><!--[if IE 9]><\/video><![endif]--><img decoding=\"async\" data- src=\"data:image\/png;base64,iVBORw0KGgoAAAANSUhEUgAAABAAAAAJCAQAAACRI2S5AAAAEElEQVR42mNkIAAYRxWAAQAG9gAKqv6+AwAAAABJRU5ErkJggg==\" class=\"Picture-root Picture-original lazyload\" data-src=\"https:\/\/now-news.de\/de\/wp-content\/uploads\/sites\/3\/2026\/01\/696bc090b480cc315122ade4.jpg\" alt=\"\"><\/source><\/source><\/picture><!-- noscript pattern --><noscript><img decoding=\"async\" src=\"https:\/\/now-news.de\/de\/wp-content\/uploads\/sites\/3\/2026\/01\/696bc090b480cc315122ade4.jpg\" alt=\"\"><\/noscript><\/div><figcaption class=\"RTImage-footer\"><span class=\"RTImage-caption\"><span class=\"RTImage-captionItem\">&#8220;Wir haben es satt!&#8221; Demonstration gegen die Macht der Agrarkonzerne, Berlin, 17. Januar 2026<\/span><\/span><span class=\"RTImage-source\"><span class=\"RTImage-captionItem\">Felicitas Rabe<\/span><\/span><\/figcaption><\/figure>\n<p><strong>Agrarland wird zunehmend zum Spekulationsobjekt<\/strong><strong><\/strong><\/p>\n<p>Die Demonstranten kritisierten, dass Agrarland zunehmend weniger als Ern\u00e4hrungsgrundlage betrachtet wird, sondern zum Spekulationsobjekt f\u00fcr landwirtschaftsferne Konzerne und Fonds verkommt. Infolgedessen seien immer mehr Pachtbauern nicht mehr in der Lage, die steigenden Landkosten aufzubringen.<\/p>\n<p>Trotz politischer Versprechungen, den tiergerechten Stallumbau zu f\u00f6rdern, sei dies pl\u00f6tzlich gestoppt worden \u2013 viele Bauern blieben jetzt auf den Umbaukosten sitzen. Gleichzeitig gebe es f\u00fcr die Landwirte keine verl\u00e4sslichen Preise f\u00fcr ihre Erzeugnisse und die Preisbildung der gro\u00dfen Lebensmittelkonzerne sei intransparent. Auf der Kundgebung wurde zudem Landwirtschaftsminister Alois Rainer kritisiert. Mit seiner Exportstrategie trage er zu Dumpingpreisen und dem daraus resultierenden Bauernsterben bei.<\/p>\n<figure class=\"RTImage-root\">\n<div class=\"RTImage-image RTImage-original\"><picture class=\"Picture-root Picture-original\"><!--[if IE 9]><video style=\"display: none;\"><![endif]--><source media=\"(-webkit-min-device-pixel-ratio: 2) and (min-resolution: 120dpi)\" data-srcset=\" \nhttps:\/\/now-news.de\/de\/wp-content\/uploads\/sites\/3\/2026\/01\/696bd215b480cc315122adea.jpg 850w,\n                https:\/\/now-news.de\/de\/wp-content\/uploads\/sites\/3\/2026\/01\/696bd215b480cc315122adea.jpg 1960w,            \" ><source data-srcset=\" \nhttps:\/\/now-news.de\/de\/wp-content\/uploads\/sites\/3\/2026\/01\/696bd215b480cc315122adea.jpg 460w,\n              https:\/\/now-news.de\/de\/wp-content\/uploads\/sites\/3\/2026\/01\/696bd215b480cc315122adea.jpg 980w,\n            \" ><!--[if IE 9]><\/video><![endif]--><img decoding=\"async\" data- src=\"data:image\/png;base64,iVBORw0KGgoAAAANSUhEUgAAABAAAAAJCAQAAACRI2S5AAAAEElEQVR42mNkIAAYRxWAAQAG9gAKqv6+AwAAAABJRU5ErkJggg==\" class=\"Picture-root Picture-original lazyload\" data-src=\"https:\/\/now-news.de\/de\/wp-content\/uploads\/sites\/3\/2026\/01\/696bd215b480cc315122adea.jpg\" alt=\"\"><\/source><\/source><\/picture><!-- noscript pattern --><noscript><img decoding=\"async\" src=\"https:\/\/now-news.de\/de\/wp-content\/uploads\/sites\/3\/2026\/01\/696bd215b480cc315122adea.jpg\" alt=\"\"><\/noscript><\/div><figcaption class=\"RTImage-footer\"><span class=\"RTImage-caption\"><span class=\"RTImage-captionItem\">Wir haben es satt!&#8221; Demonstration gegen die Macht der Agrarkonzerne, Berlin, 17. Januar 2026<\/span><\/span><span class=\"RTImage-source\"><span class=\"RTImage-captionItem\">Felicitas Rabe<\/span><span class=\"RTImage-captionItem\"> \/ RT<\/span><\/span><\/figcaption><\/figure>\n<p>Die Demonstranten, die Bauern und insbesondere auch die beteiligten Imker protestierten auch gegen die Verunreinigung der Umwelt und der Lebensmittel durch die seit Kurzem f\u00fcr Saatgut zugelassene Crisp-Gentechnik. Obwohl deren Auswirkungen auf unsere Gesundheit kaum bekannt sei, w\u00fcrden Lebensmittel nicht entsprechend gekennzeichnet. Am Ende k\u00f6nne der Verbraucher nicht erkennen, in welchen Produkten per Crisp-Gentechnik manipulierte Erzeugnisse enthalten seien.<\/p>\n<figure class=\"RTImage-root\">\n<div class=\"RTImage-image RTImage-original\"><picture class=\"Picture-root Picture-original\"><!--[if IE 9]><video style=\"display: none;\"><![endif]--><source media=\"(-webkit-min-device-pixel-ratio: 2) and (min-resolution: 120dpi)\" data-srcset=\" \nhttps:\/\/now-news.de\/de\/wp-content\/uploads\/sites\/3\/2026\/01\/696bc0d448fbef1cc50eae48.jpg 850w,\n                https:\/\/now-news.de\/de\/wp-content\/uploads\/sites\/3\/2026\/01\/696bc0d448fbef1cc50eae48.jpg 1960w,            \" ><source data-srcset=\" \nhttps:\/\/now-news.de\/de\/wp-content\/uploads\/sites\/3\/2026\/01\/696bc0d448fbef1cc50eae48.jpg 460w,\n              https:\/\/now-news.de\/de\/wp-content\/uploads\/sites\/3\/2026\/01\/696bc0d448fbef1cc50eae48.jpg 980w,\n            \" ><!--[if IE 9]><\/video><![endif]--><img decoding=\"async\" data- src=\"data:image\/png;base64,iVBORw0KGgoAAAANSUhEUgAAABAAAAAJCAQAAACRI2S5AAAAEElEQVR42mNkIAAYRxWAAQAG9gAKqv6+AwAAAABJRU5ErkJggg==\" class=\"Picture-root Picture-original lazyload\" data-src=\"https:\/\/now-news.de\/de\/wp-content\/uploads\/sites\/3\/2026\/01\/696bc0d448fbef1cc50eae48.jpg\" alt=\"\"><\/source><\/source><\/picture><!-- noscript pattern --><noscript><img decoding=\"async\" src=\"https:\/\/now-news.de\/de\/wp-content\/uploads\/sites\/3\/2026\/01\/696bc0d448fbef1cc50eae48.jpg\" alt=\"\"><\/noscript><\/div><figcaption class=\"RTImage-footer\"><span class=\"RTImage-caption\"><span class=\"RTImage-captionItem\">&#8220;Wir haben es satt!&#8221; Demonstration gegen die Macht der Agrarkonzerne, Berlin, 17. Januar 2026<\/span><\/span><span class=\"RTImage-source\"><span class=\"RTImage-captionItem\">Felicitas Rabe<\/span><\/span><\/figcaption><\/figure>\n<p><strong>Agrarkonzerne zerst\u00f6ren die b\u00e4uerliche Landwirtschaft<\/strong><\/p>\n<p>Die Vorstandsvorsitzende der <a rel=\"nofollow noopener\" target=\"_blank\" href=\"https:\/\/www.abl-ev.de\/start\">Arbeitsgemeinschaft b\u00e4uerliche Landwirtschaft e.\u00a0V.<\/a> (AbL) erkl\u00e4rte in ihrer Rede:<\/p>\n<p>&#8220;B\u00e4uerliche Betriebe werden in eine nicht endende Investitionsspirale gezwungen. Das macht viele b\u00e4uerliche Betriebe kaputt. Letztes Jahr haben in Deutschland 2.600 Betriebe geschlossen. Die Erzeugerpreise decken oftmals nicht die Kosten.&#8221;<\/p>\n<p>Reinhild Benning von der Deutschen Umwelthilfe trug vor:\u00a0&#8220;Wir demonstrieren gegen das Durchregieren von Agrarkonzernen auf Kosten von Bauernh\u00f6fen und Verbraucherinnen.&#8221; Sie fordert: &#8220;Kein Rollback bei der Gentechnik. Wir fordern transparente Kennzeichnung statt Kontamination durch die Hintert\u00fcr.&#8221;<\/p>\n<figure class=\"RTImage-root\">\n<div class=\"RTImage-image RTImage-original\"><picture class=\"Picture-root Picture-original\"><!--[if IE 9]><video style=\"display: none;\"><![endif]--><source media=\"(-webkit-min-device-pixel-ratio: 2) and (min-resolution: 120dpi)\" data-srcset=\" \nhttps:\/\/now-news.de\/de\/wp-content\/uploads\/sites\/3\/2026\/01\/696bd28a48fbef0b77408d0f.jpg 850w,\n                https:\/\/now-news.de\/de\/wp-content\/uploads\/sites\/3\/2026\/01\/696bd28a48fbef0b77408d0f.jpg 1960w,            \" ><source data-srcset=\" \nhttps:\/\/now-news.de\/de\/wp-content\/uploads\/sites\/3\/2026\/01\/696bd28a48fbef0b77408d0f.jpg 460w,\n              https:\/\/now-news.de\/de\/wp-content\/uploads\/sites\/3\/2026\/01\/696bd28a48fbef0b77408d0f.jpg 980w,\n            \" ><!--[if IE 9]><\/video><![endif]--><img decoding=\"async\" data- src=\"data:image\/png;base64,iVBORw0KGgoAAAANSUhEUgAAABAAAAAJCAQAAACRI2S5AAAAEElEQVR42mNkIAAYRxWAAQAG9gAKqv6+AwAAAABJRU5ErkJggg==\" class=\"Picture-root Picture-original lazyload\" data-src=\"https:\/\/now-news.de\/de\/wp-content\/uploads\/sites\/3\/2026\/01\/696bd28a48fbef0b77408d0f.jpg\" alt=\"\"><\/source><\/source><\/picture><!-- noscript pattern --><noscript><img decoding=\"async\" src=\"https:\/\/now-news.de\/de\/wp-content\/uploads\/sites\/3\/2026\/01\/696bd28a48fbef0b77408d0f.jpg\" alt=\"\"><\/noscript><\/div><figcaption class=\"RTImage-footer\"><span class=\"RTImage-caption\"><span class=\"RTImage-captionItem\">Wir haben es satt!&#8221; Demonstration gegen die Macht der Agrarkonzerne, Berlin, 17. Januar 2026<\/span><\/span><span class=\"RTImage-source\"><span class=\"RTImage-captionItem\">Felicitas Rabe<\/span><span class=\"RTImage-captionItem\"> \/ RT<\/span><\/span><\/figcaption><\/figure>\n<p>Im <a rel=\"nofollow noopener\" target=\"_blank\" href=\"https:\/\/www.wir-haben-es-satt.de\/informieren\/aufruf\">Aufruf zur 16. &#8220;Wir haben es satt&#8221;-Demo<\/a> hie\u00df es unter anderem:<\/p>\n<p>&#8220;Wir leben in einem System, in dem die Agrarindustrie profitiert, w\u00e4hrend die<strong><\/strong>b\u00e4uerliche und \u00f6kologische Landwirtschaft verliert. Auf der einen Seite stehen Milliarden-Gewinne von Agrochemiekonzernen, Patente auf Saatgut und Investor*innen, die mit Ackerland spekulieren. Der Umbau der Tierhaltung stockt\u00a0\u2013 und es gibt keine verpflichtende und umfassende Haltungskennzeichnung, obwohl sich die meisten Menschen f\u00fcr mehr Transparenz aussprechen.\u00a0(&#8230;) Auf der anderen Seite stehen B\u00e4uer*innen, die um ihre wirtschaftliche Existenz bangen, weil Lebensmittelindustrie und Einzelhandel die Preise diktieren. Das H\u00f6festerben h\u00e4lt ungehindert an!<\/p>\n<p>Gleichzeitig kosten Lebensmittel in Deutschland heute etwa 30\u00a0Prozent mehr als 2021. Millionen Menschen k\u00f6nnen sich kein gesundes Essen leisten, und die Schlangen vor den Tafeln werden immer l\u00e4nger. Weltweit k\u00f6nnen sich 2,3\u00a0Milliarden Menschen nicht ausreichend ern\u00e4hren\u00a0\u2013 und mehr als 670\u00a0Millionen Menschen leiden unter akutem Hunger.&#8221;<\/p>\n<figure class=\"RTImage-root\">\n<div class=\"RTImage-image RTImage-original\"><picture class=\"Picture-root Picture-original\"><!--[if IE 9]><video style=\"display: none;\"><![endif]--><source media=\"(-webkit-min-device-pixel-ratio: 2) and (min-resolution: 120dpi)\" data-srcset=\" \nhttps:\/\/now-news.de\/de\/wp-content\/uploads\/sites\/3\/2026\/01\/696bd2d248fbef1e11177615.jpg 850w,\n                https:\/\/now-news.de\/de\/wp-content\/uploads\/sites\/3\/2026\/01\/696bd2d248fbef1e11177615.jpg 1960w,            \" ><source data-srcset=\" \nhttps:\/\/now-news.de\/de\/wp-content\/uploads\/sites\/3\/2026\/01\/696bd2d248fbef1e11177615.jpg 460w,\n              https:\/\/now-news.de\/de\/wp-content\/uploads\/sites\/3\/2026\/01\/696bd2d248fbef1e11177615.jpg 980w,\n            \" ><!--[if IE 9]><\/video><![endif]--><img decoding=\"async\" data- src=\"data:image\/png;base64,iVBORw0KGgoAAAANSUhEUgAAABAAAAAJCAQAAACRI2S5AAAAEElEQVR42mNkIAAYRxWAAQAG9gAKqv6+AwAAAABJRU5ErkJggg==\" class=\"Picture-root Picture-original lazyload\" data-src=\"https:\/\/now-news.de\/de\/wp-content\/uploads\/sites\/3\/2026\/01\/696bd2d248fbef1e11177615.jpg\" alt=\"\"><\/source><\/source><\/picture><!-- noscript pattern --><noscript><img decoding=\"async\" src=\"https:\/\/now-news.de\/de\/wp-content\/uploads\/sites\/3\/2026\/01\/696bd2d248fbef1e11177615.jpg\" alt=\"\"><\/noscript><\/div><figcaption class=\"RTImage-footer\"><span class=\"RTImage-caption\"><span class=\"RTImage-captionItem\">Wir haben es satt!&#8221; Demonstration gegen die Macht der Agrarkonzerne, Berlin, 17. Januar 2026<\/span><\/span><span class=\"RTImage-source\"><span class=\"RTImage-captionItem\">Felicitas Rabe<\/span><span class=\"RTImage-captionItem\"> \/ RT<\/span><\/span><\/figcaption><\/figure>\n<p><strong>Weniger Protest gegen Mercusor-Abkommen \u2013 mehr Protest gegen &#8220;braune Gefahr&#8221;<\/strong><\/p>\n<p>Im Gegensatz zu Protestaktionen in anderen EU-L\u00e4ndern fiel der Protest gegen das Mercosur-Handelsabkommen zwischen der EU und dem s\u00fcdamerikanischen Staatenbund Mercosur auf der &#8220;Wir haben es satt&#8221;-Demo erstaunlich gering aus. Besonders, wenn man bedenkt, wie auch damit das Bauernsterben weiter vorangetrieben und die Nahrungssouver\u00e4nit\u00e4t in europ\u00e4ischen Staaten bedroht wird. Dabei findet die Demonstration am 17.\u00a0Januar 2026 zeitgleich mit der <a rel=\"nofollow noopener\" target=\"_blank\" href=\"https:\/\/www.ad-hoc-news.de\/boerse\/ueberblick\/eu-und-mercosur-schliessen-historisches-freihandelsabkommen\/68493741\">Unterzeichnung des Mercusor-Abkommens<\/a> durch Ursula von der Leyen in\u00a0Paraguay statt.<\/p>\n<p>Stattdessen wurde in einigen Reden und mehreren auf Transparenten auf die &#8220;braune Gefahr&#8221; verwiesen, die unser Land bedrohe und worauf sich auch das gemeinsame Motto &#8220;Haltung zeigen&#8221; der diesj\u00e4hrigen Demonstration beziehe.<\/p>\n<p>Seit 16\u00a0Jahren findet die &#8220;Wir haben es satt&#8221;-Demonstration jeweils im Januar parallel zur Lebensmittelmesse &#8220;Gr\u00fcne Woche&#8221; in Berlin statt. In fr\u00fcheren Jahren beteiligten sich bis zu 50.000 Menschen am Protest gegen die Agrochemiekonzerne.<\/p>\n<p><strong>Mehr zum Thema<\/strong>\u00a0\u2013 <a rel=\"nofollow noopener\" target=\"_blank\" href=\"https:\/\/dert.online\/international\/267564-umstrittenes-mercosur-freihandelsabkommen-wird-heute-unterzeichnet\/\">Umstrittenes EU-Mercosur-Freihandelsabkommen wird unterzeichnet<\/a><\/p>\n<div class=\"EmbedBlock-root EmbedBlock-externalVideo EmbedBlock-rumble\">\n<div class=\"VkEmbed\"><iframe class=\"lazyload\" data-src=\"https:\/\/rumble.com\/embed\/v724qqc\" frameborder=\"0\" width=\"853\" height=\"480\" allowfullscreen><\/iframe><\/div>\n<\/div>\n<\/div>\n<p><br \/>\n<br \/><a href=\"https:\/\/de.rt.com\/inland\/267582-16-wir-haben-es-satt-protest-parallel-zur-unterzeichnung-des-mercosur-abkommens\/\">Source link <\/a><\/p>\n","protected":false},"excerpt":{"rendered":"<p>Rund 8000 Teilnehmer setzten sich auf der 16. &#8220;Wir haben es satt&#8221; &#8211; Demonstration f\u00fcr gesunde Nahrungsmittel und den Fortbestand der b\u00e4uerlichen Landwirtschaft ein. Die Existenz der Bauern ist sowohl durch das Mercosur-Abkommen, als auch durch die deutsche Agrarpolitik immer mehr bedroht. Von Felicitas Rabe Unter dem Motto &#8220;Haltung zeigen! F\u00fcr eine zukunftsf\u00e4hige Landwirtschaft weltweit&#8221; [&hellip;]<\/p>\n","protected":false},"author":3,"featured_media":97422,"comment_status":"open","ping_status":"open","sticky":false,"template":"","format":"standard","meta":{"_yoast_indexnow_last_ping":["1768681122"],"wp_automatic_camp":["217"],"2757d9fcb8e7ef64e52948e35c148ace":["Berlin: &quot;Wir haben es satt&quot;-Protest findet parallel zur Unterzeichnung des Mercosur-Abkommens statt"],"original_link":["https:\/\/de.rt.com\/inland\/267582-16-wir-haben-es-satt-protest-parallel-zur-unterzeichnung-des-mercosur-abkommens\/"],"jnews_social_counter_last_update":["1777188034"],"_thumbnail_id":["97422"],"_wptgpro_p2tg_sent2tg":["a:1:{i:23737;s:19:\"2026-01-17 22:19:49\";}"]},"categories":[19,23],"tags":[943,583,431,771,70617,11207,5451,70616,6396,28884,581],"yoast_head":"<!-- This site is optimized with the Yoast SEO Premium plugin v22.7 (Yoast SEO v22.7) - https:\/\/yoast.com\/wordpress\/plugins\/seo\/ -->\n<title>Berlin: &quot;Wir haben es satt&quot;-Protest findet parallel zur Unterzeichnung des Mercosur-Abkommens statt - just-now.NEWS Deutschland<\/title>\n<meta name=\"robots\" content=\"index, follow, max-snippet:-1, max-image-preview:large, max-video-preview:-1\" \/>\n<link rel=\"canonical\" href=\"https:\/\/now-news.de\/de\/deutschland\/berlin-wir-haben-es-satt-protest-findet-parallel-zur-unterzeichnung-des-mercosur-abkommens-statt\/\" \/>\n<meta property=\"og:locale\" content=\"de_DE\" \/>\n<meta property=\"og:type\" content=\"article\" \/>\n<meta property=\"og:title\" content=\"Berlin: &quot;Wir haben es satt&quot;-Protest findet parallel zur Unterzeichnung des Mercosur-Abkommens statt\" \/>\n<meta property=\"og:description\" content=\"Rund 8000 Teilnehmer setzten sich auf der 16. &#8220;Wir haben es satt&#8221; &#8211; Demonstration f\u00fcr gesunde Nahrungsmittel und den Fortbestand der b\u00e4uerlichen Landwirtschaft ein. Die Existenz der Bauern ist sowohl durch das Mercosur-Abkommen, als auch durch die deutsche Agrarpolitik immer mehr bedroht. Von Felicitas Rabe Unter dem Motto &#8220;Haltung zeigen! F\u00fcr eine zukunftsf\u00e4hige Landwirtschaft weltweit&#8221; [&hellip;]\" \/>\n<meta property=\"og:url\" content=\"https:\/\/now-news.de\/de\/deutschland\/berlin-wir-haben-es-satt-protest-findet-parallel-zur-unterzeichnung-des-mercosur-abkommens-statt\/\" \/>\n<meta property=\"og:site_name\" content=\"just-now.NEWS Deutschland\" \/>\n<meta property=\"article:publisher\" content=\"https:\/\/www.facebook.com\/wirmachenauf\" \/>\n<meta property=\"article:published_time\" content=\"2026-01-17T20:13:59+00:00\" \/>\n<meta property=\"og:image\" content=\"https:\/\/now-news.de\/de\/wp-content\/uploads\/sites\/3\/2026\/01\/696bc090b480cc315122ade4.jpg\" \/>\n<meta name=\"author\" content=\"rtnews\" \/>\n<meta name=\"twitter:card\" content=\"summary_large_image\" \/>\n<meta name=\"twitter:creator\" content=\"@WirMachenAuf_de\" \/>\n<meta name=\"twitter:site\" content=\"@WirMachenAuf_de\" \/>\n<meta name=\"twitter:label1\" content=\"Verfasst von\" \/>\n\t<meta name=\"twitter:data1\" content=\"rtnews\" \/>\n\t<meta name=\"twitter:label2\" content=\"Gesch\u00e4tzte Lesezeit\" \/>\n\t<meta name=\"twitter:data2\" content=\"4\u00a0Minuten\" \/>\n<script type=\"application\/ld+json\" class=\"yoast-schema-graph\">{\"@context\":\"https:\/\/schema.org\",\"@graph\":[{\"@type\":\"Article\",\"@id\":\"https:\/\/now-news.de\/de\/deutschland\/berlin-wir-haben-es-satt-protest-findet-parallel-zur-unterzeichnung-des-mercosur-abkommens-statt\/#article\",\"isPartOf\":{\"@id\":\"https:\/\/now-news.de\/de\/deutschland\/berlin-wir-haben-es-satt-protest-findet-parallel-zur-unterzeichnung-des-mercosur-abkommens-statt\/\"},\"author\":{\"name\":\"rtnews\",\"@id\":\"https:\/\/now-news.de\/de\/#\/schema\/person\/fb534a4e865501d8b3285208df34a9b5\"},\"headline\":\"Berlin: &quot;Wir haben es satt&quot;-Protest findet parallel zur Unterzeichnung des Mercosur-Abkommens statt\",\"datePublished\":\"2026-01-17T20:13:59+00:00\",\"dateModified\":\"2026-01-17T20:13:59+00:00\",\"mainEntityOfPage\":{\"@id\":\"https:\/\/now-news.de\/de\/deutschland\/berlin-wir-haben-es-satt-protest-findet-parallel-zur-unterzeichnung-des-mercosur-abkommens-statt\/\"},\"wordCount\":814,\"commentCount\":0,\"publisher\":{\"@id\":\"https:\/\/now-news.de\/de\/#organization\"},\"image\":{\"@id\":\"https:\/\/now-news.de\/de\/deutschland\/berlin-wir-haben-es-satt-protest-findet-parallel-zur-unterzeichnung-des-mercosur-abkommens-statt\/#primaryimage\"},\"thumbnailUrl\":\"https:\/\/now-news.de\/de\/wp-content\/uploads\/sites\/3\/2026\/01\/Berlin-quotWir-haben-es-sattquot-Protest-findet-parallel-zur-Unterzeichnung-des.jpg\",\"keywords\":[\"Berlin\",\"des\",\"findet\",\"haben\",\"MercosurAbkommens\",\"Parallel\",\"quotWir\",\"sattquotProtest\",\"Statt\",\"Unterzeichnung\",\"zur\"],\"articleSection\":[\"Deutschland\",\"Russland\"],\"inLanguage\":\"de\",\"potentialAction\":[{\"@type\":\"CommentAction\",\"name\":\"Comment\",\"target\":[\"https:\/\/now-news.de\/de\/deutschland\/berlin-wir-haben-es-satt-protest-findet-parallel-zur-unterzeichnung-des-mercosur-abkommens-statt\/#respond\"]}]},{\"@type\":\"WebPage\",\"@id\":\"https:\/\/now-news.de\/de\/deutschland\/berlin-wir-haben-es-satt-protest-findet-parallel-zur-unterzeichnung-des-mercosur-abkommens-statt\/\",\"url\":\"https:\/\/now-news.de\/de\/deutschland\/berlin-wir-haben-es-satt-protest-findet-parallel-zur-unterzeichnung-des-mercosur-abkommens-statt\/\",\"name\":\"Berlin: &quot;Wir haben es satt&quot;-Protest findet parallel zur Unterzeichnung des Mercosur-Abkommens statt - just-now.NEWS Deutschland\",\"isPartOf\":{\"@id\":\"https:\/\/now-news.de\/de\/#website\"},\"primaryImageOfPage\":{\"@id\":\"https:\/\/now-news.de\/de\/deutschland\/berlin-wir-haben-es-satt-protest-findet-parallel-zur-unterzeichnung-des-mercosur-abkommens-statt\/#primaryimage\"},\"image\":{\"@id\":\"https:\/\/now-news.de\/de\/deutschland\/berlin-wir-haben-es-satt-protest-findet-parallel-zur-unterzeichnung-des-mercosur-abkommens-statt\/#primaryimage\"},\"thumbnailUrl\":\"https:\/\/now-news.de\/de\/wp-content\/uploads\/sites\/3\/2026\/01\/Berlin-quotWir-haben-es-sattquot-Protest-findet-parallel-zur-Unterzeichnung-des.jpg\",\"datePublished\":\"2026-01-17T20:13:59+00:00\",\"dateModified\":\"2026-01-17T20:13:59+00:00\",\"breadcrumb\":{\"@id\":\"https:\/\/now-news.de\/de\/deutschland\/berlin-wir-haben-es-satt-protest-findet-parallel-zur-unterzeichnung-des-mercosur-abkommens-statt\/#breadcrumb\"},\"inLanguage\":\"de\",\"potentialAction\":[{\"@type\":\"ReadAction\",\"target\":[\"https:\/\/now-news.de\/de\/deutschland\/berlin-wir-haben-es-satt-protest-findet-parallel-zur-unterzeichnung-des-mercosur-abkommens-statt\/\"]}]},{\"@type\":\"ImageObject\",\"inLanguage\":\"de\",\"@id\":\"https:\/\/now-news.de\/de\/deutschland\/berlin-wir-haben-es-satt-protest-findet-parallel-zur-unterzeichnung-des-mercosur-abkommens-statt\/#primaryimage\",\"url\":\"https:\/\/now-news.de\/de\/wp-content\/uploads\/sites\/3\/2026\/01\/Berlin-quotWir-haben-es-sattquot-Protest-findet-parallel-zur-Unterzeichnung-des.jpg\",\"contentUrl\":\"https:\/\/now-news.de\/de\/wp-content\/uploads\/sites\/3\/2026\/01\/Berlin-quotWir-haben-es-sattquot-Protest-findet-parallel-zur-Unterzeichnung-des.jpg\",\"width\":1280,\"height\":960,\"caption\":\"Berlin: &quot;Wir haben es satt&quot;-Protest findet parallel zur Unterzeichnung des Mercosur-Abkommens statt\"},{\"@type\":\"BreadcrumbList\",\"@id\":\"https:\/\/now-news.de\/de\/deutschland\/berlin-wir-haben-es-satt-protest-findet-parallel-zur-unterzeichnung-des-mercosur-abkommens-statt\/#breadcrumb\",\"itemListElement\":[{\"@type\":\"ListItem\",\"position\":1,\"name\":\"Home\",\"item\":\"https:\/\/now-news.de\/de\/\"},{\"@type\":\"ListItem\",\"position\":2,\"name\":\"Berlin: &quot;Wir haben es satt&quot;-Protest findet parallel zur Unterzeichnung des Mercosur-Abkommens statt\"}]},{\"@type\":\"WebSite\",\"@id\":\"https:\/\/now-news.de\/de\/#website\",\"url\":\"https:\/\/now-news.de\/de\/\",\"name\":\"just-now.NEWS Deutschland\",\"description\":\"Das Portal f\u00fcr unzensierte Nachrichten aus der Welt\",\"publisher\":{\"@id\":\"https:\/\/now-news.de\/de\/#organization\"},\"potentialAction\":[{\"@type\":\"SearchAction\",\"target\":{\"@type\":\"EntryPoint\",\"urlTemplate\":\"https:\/\/now-news.de\/de\/?s={search_term_string}\"},\"query-input\":\"required name=search_term_string\"}],\"inLanguage\":\"de\"},{\"@type\":\"Organization\",\"@id\":\"https:\/\/now-news.de\/de\/#organization\",\"name\":\"Just Now News\",\"url\":\"https:\/\/now-news.de\/de\/\",\"logo\":{\"@type\":\"ImageObject\",\"inLanguage\":\"de\",\"@id\":\"https:\/\/now-news.de\/de\/#\/schema\/logo\/image\/\",\"url\":\"http:\/\/just-now.news\/de\/wp-content\/uploads\/sites\/3\/2022\/04\/logo500x500.jpg\",\"contentUrl\":\"http:\/\/just-now.news\/de\/wp-content\/uploads\/sites\/3\/2022\/04\/logo500x500.jpg\",\"width\":500,\"height\":500,\"caption\":\"Just Now News\"},\"image\":{\"@id\":\"https:\/\/now-news.de\/de\/#\/schema\/logo\/image\/\"},\"sameAs\":[\"https:\/\/www.facebook.com\/wirmachenauf\",\"https:\/\/x.com\/WirMachenAuf_de\"]},{\"@type\":\"Person\",\"@id\":\"https:\/\/now-news.de\/de\/#\/schema\/person\/fb534a4e865501d8b3285208df34a9b5\",\"name\":\"rtnews\",\"image\":{\"@type\":\"ImageObject\",\"inLanguage\":\"de\",\"@id\":\"https:\/\/now-news.de\/de\/#\/schema\/person\/image\/\",\"url\":\"https:\/\/secure.gravatar.com\/avatar\/82aafea7d8127119dd649515f56e2117?s=96&d=mm&r=g\",\"contentUrl\":\"https:\/\/secure.gravatar.com\/avatar\/82aafea7d8127119dd649515f56e2117?s=96&d=mm&r=g\",\"caption\":\"rtnews\"},\"url\":\"https:\/\/now-news.de\/de\/author\/rnews\/\"}]}<\/script>\n<!-- \/ Yoast SEO Premium plugin. -->","yoast_head_json":{"title":"Berlin: &quot;Wir haben es satt&quot;-Protest findet parallel zur Unterzeichnung des Mercosur-Abkommens statt - just-now.NEWS Deutschland","robots":{"index":"index","follow":"follow","max-snippet":"max-snippet:-1","max-image-preview":"max-image-preview:large","max-video-preview":"max-video-preview:-1"},"canonical":"https:\/\/now-news.de\/de\/deutschland\/berlin-wir-haben-es-satt-protest-findet-parallel-zur-unterzeichnung-des-mercosur-abkommens-statt\/","og_locale":"de_DE","og_type":"article","og_title":"Berlin: &quot;Wir haben es satt&quot;-Protest findet parallel zur Unterzeichnung des Mercosur-Abkommens statt","og_description":"Rund 8000 Teilnehmer setzten sich auf der 16. &#8220;Wir haben es satt&#8221; &#8211; Demonstration f\u00fcr gesunde Nahrungsmittel und den Fortbestand der b\u00e4uerlichen Landwirtschaft ein. Die Existenz der Bauern ist sowohl durch das Mercosur-Abkommen, als auch durch die deutsche Agrarpolitik immer mehr bedroht. Von Felicitas Rabe Unter dem Motto &#8220;Haltung zeigen! F\u00fcr eine zukunftsf\u00e4hige Landwirtschaft weltweit&#8221; [&hellip;]","og_url":"https:\/\/now-news.de\/de\/deutschland\/berlin-wir-haben-es-satt-protest-findet-parallel-zur-unterzeichnung-des-mercosur-abkommens-statt\/","og_site_name":"just-now.NEWS Deutschland","article_publisher":"https:\/\/www.facebook.com\/wirmachenauf","article_published_time":"2026-01-17T20:13:59+00:00","og_image":[{"url":"https:\/\/now-news.de\/de\/wp-content\/uploads\/sites\/3\/2026\/01\/696bc090b480cc315122ade4.jpg"}],"author":"rtnews","twitter_card":"summary_large_image","twitter_creator":"@WirMachenAuf_de","twitter_site":"@WirMachenAuf_de","twitter_misc":{"Verfasst von":"rtnews","Gesch\u00e4tzte Lesezeit":"4\u00a0Minuten"},"schema":{"@context":"https:\/\/schema.org","@graph":[{"@type":"Article","@id":"https:\/\/now-news.de\/de\/deutschland\/berlin-wir-haben-es-satt-protest-findet-parallel-zur-unterzeichnung-des-mercosur-abkommens-statt\/#article","isPartOf":{"@id":"https:\/\/now-news.de\/de\/deutschland\/berlin-wir-haben-es-satt-protest-findet-parallel-zur-unterzeichnung-des-mercosur-abkommens-statt\/"},"author":{"name":"rtnews","@id":"https:\/\/now-news.de\/de\/#\/schema\/person\/fb534a4e865501d8b3285208df34a9b5"},"headline":"Berlin: &quot;Wir haben es satt&quot;-Protest findet parallel zur Unterzeichnung des Mercosur-Abkommens statt","datePublished":"2026-01-17T20:13:59+00:00","dateModified":"2026-01-17T20:13:59+00:00","mainEntityOfPage":{"@id":"https:\/\/now-news.de\/de\/deutschland\/berlin-wir-haben-es-satt-protest-findet-parallel-zur-unterzeichnung-des-mercosur-abkommens-statt\/"},"wordCount":814,"commentCount":0,"publisher":{"@id":"https:\/\/now-news.de\/de\/#organization"},"image":{"@id":"https:\/\/now-news.de\/de\/deutschland\/berlin-wir-haben-es-satt-protest-findet-parallel-zur-unterzeichnung-des-mercosur-abkommens-statt\/#primaryimage"},"thumbnailUrl":"https:\/\/now-news.de\/de\/wp-content\/uploads\/sites\/3\/2026\/01\/Berlin-quotWir-haben-es-sattquot-Protest-findet-parallel-zur-Unterzeichnung-des.jpg","keywords":["Berlin","des","findet","haben","MercosurAbkommens","Parallel","quotWir","sattquotProtest","Statt","Unterzeichnung","zur"],"articleSection":["Deutschland","Russland"],"inLanguage":"de","potentialAction":[{"@type":"CommentAction","name":"Comment","target":["https:\/\/now-news.de\/de\/deutschland\/berlin-wir-haben-es-satt-protest-findet-parallel-zur-unterzeichnung-des-mercosur-abkommens-statt\/#respond"]}]},{"@type":"WebPage","@id":"https:\/\/now-news.de\/de\/deutschland\/berlin-wir-haben-es-satt-protest-findet-parallel-zur-unterzeichnung-des-mercosur-abkommens-statt\/","url":"https:\/\/now-news.de\/de\/deutschland\/berlin-wir-haben-es-satt-protest-findet-parallel-zur-unterzeichnung-des-mercosur-abkommens-statt\/","name":"Berlin: &quot;Wir haben es satt&quot;-Protest findet parallel zur Unterzeichnung des Mercosur-Abkommens statt - just-now.NEWS Deutschland","isPartOf":{"@id":"https:\/\/now-news.de\/de\/#website"},"primaryImageOfPage":{"@id":"https:\/\/now-news.de\/de\/deutschland\/berlin-wir-haben-es-satt-protest-findet-parallel-zur-unterzeichnung-des-mercosur-abkommens-statt\/#primaryimage"},"image":{"@id":"https:\/\/now-news.de\/de\/deutschland\/berlin-wir-haben-es-satt-protest-findet-parallel-zur-unterzeichnung-des-mercosur-abkommens-statt\/#primaryimage"},"thumbnailUrl":"https:\/\/now-news.de\/de\/wp-content\/uploads\/sites\/3\/2026\/01\/Berlin-quotWir-haben-es-sattquot-Protest-findet-parallel-zur-Unterzeichnung-des.jpg","datePublished":"2026-01-17T20:13:59+00:00","dateModified":"2026-01-17T20:13:59+00:00","breadcrumb":{"@id":"https:\/\/now-news.de\/de\/deutschland\/berlin-wir-haben-es-satt-protest-findet-parallel-zur-unterzeichnung-des-mercosur-abkommens-statt\/#breadcrumb"},"inLanguage":"de","potentialAction":[{"@type":"ReadAction","target":["https:\/\/now-news.de\/de\/deutschland\/berlin-wir-haben-es-satt-protest-findet-parallel-zur-unterzeichnung-des-mercosur-abkommens-statt\/"]}]},{"@type":"ImageObject","inLanguage":"de","@id":"https:\/\/now-news.de\/de\/deutschland\/berlin-wir-haben-es-satt-protest-findet-parallel-zur-unterzeichnung-des-mercosur-abkommens-statt\/#primaryimage","url":"https:\/\/now-news.de\/de\/wp-content\/uploads\/sites\/3\/2026\/01\/Berlin-quotWir-haben-es-sattquot-Protest-findet-parallel-zur-Unterzeichnung-des.jpg","contentUrl":"https:\/\/now-news.de\/de\/wp-content\/uploads\/sites\/3\/2026\/01\/Berlin-quotWir-haben-es-sattquot-Protest-findet-parallel-zur-Unterzeichnung-des.jpg","width":1280,"height":960,"caption":"Berlin: &quot;Wir haben es satt&quot;-Protest findet parallel zur Unterzeichnung des Mercosur-Abkommens statt"},{"@type":"BreadcrumbList","@id":"https:\/\/now-news.de\/de\/deutschland\/berlin-wir-haben-es-satt-protest-findet-parallel-zur-unterzeichnung-des-mercosur-abkommens-statt\/#breadcrumb","itemListElement":[{"@type":"ListItem","position":1,"name":"Home","item":"https:\/\/now-news.de\/de\/"},{"@type":"ListItem","position":2,"name":"Berlin: &quot;Wir haben es satt&quot;-Protest findet parallel zur Unterzeichnung des Mercosur-Abkommens statt"}]},{"@type":"WebSite","@id":"https:\/\/now-news.de\/de\/#website","url":"https:\/\/now-news.de\/de\/","name":"just-now.NEWS Deutschland","description":"Das Portal f\u00fcr unzensierte Nachrichten aus der Welt","publisher":{"@id":"https:\/\/now-news.de\/de\/#organization"},"potentialAction":[{"@type":"SearchAction","target":{"@type":"EntryPoint","urlTemplate":"https:\/\/now-news.de\/de\/?s={search_term_string}"},"query-input":"required name=search_term_string"}],"inLanguage":"de"},{"@type":"Organization","@id":"https:\/\/now-news.de\/de\/#organization","name":"Just Now News","url":"https:\/\/now-news.de\/de\/","logo":{"@type":"ImageObject","inLanguage":"de","@id":"https:\/\/now-news.de\/de\/#\/schema\/logo\/image\/","url":"http:\/\/just-now.news\/de\/wp-content\/uploads\/sites\/3\/2022\/04\/logo500x500.jpg","contentUrl":"http:\/\/just-now.news\/de\/wp-content\/uploads\/sites\/3\/2022\/04\/logo500x500.jpg","width":500,"height":500,"caption":"Just Now News"},"image":{"@id":"https:\/\/now-news.de\/de\/#\/schema\/logo\/image\/"},"sameAs":["https:\/\/www.facebook.com\/wirmachenauf","https:\/\/x.com\/WirMachenAuf_de"]},{"@type":"Person","@id":"https:\/\/now-news.de\/de\/#\/schema\/person\/fb534a4e865501d8b3285208df34a9b5","name":"rtnews","image":{"@type":"ImageObject","inLanguage":"de","@id":"https:\/\/now-news.de\/de\/#\/schema\/person\/image\/","url":"https:\/\/secure.gravatar.com\/avatar\/82aafea7d8127119dd649515f56e2117?s=96&d=mm&r=g","contentUrl":"https:\/\/secure.gravatar.com\/avatar\/82aafea7d8127119dd649515f56e2117?s=96&d=mm&r=g","caption":"rtnews"},"url":"https:\/\/now-news.de\/de\/author\/rnews\/"}]}},"_links":{"self":[{"href":"https:\/\/now-news.de\/de\/wp-json\/wp\/v2\/posts\/97421"}],"collection":[{"href":"https:\/\/now-news.de\/de\/wp-json\/wp\/v2\/posts"}],"about":[{"href":"https:\/\/now-news.de\/de\/wp-json\/wp\/v2\/types\/post"}],"author":[{"embeddable":true,"href":"https:\/\/now-news.de\/de\/wp-json\/wp\/v2\/users\/3"}],"replies":[{"embeddable":true,"href":"https:\/\/now-news.de\/de\/wp-json\/wp\/v2\/comments?post=97421"}],"version-history":[{"count":0,"href":"https:\/\/now-news.de\/de\/wp-json\/wp\/v2\/posts\/97421\/revisions"}],"wp:featuredmedia":[{"embeddable":true,"href":"https:\/\/now-news.de\/de\/wp-json\/wp\/v2\/media\/97422"}],"wp:attachment":[{"href":"https:\/\/now-news.de\/de\/wp-json\/wp\/v2\/media?parent=97421"}],"wp:term":[{"taxonomy":"category","embeddable":true,"href":"https:\/\/now-news.de\/de\/wp-json\/wp\/v2\/categories?post=97421"},{"taxonomy":"post_tag","embeddable":true,"href":"https:\/\/now-news.de\/de\/wp-json\/wp\/v2\/tags?post=97421"}],"curies":[{"name":"wp","href":"https:\/\/api.w.org\/{rel}","templated":true}]}}