{"id":97344,"date":"2026-01-16T13:55:45","date_gmt":"2026-01-16T11:55:45","guid":{"rendered":"https:\/\/now-news.de\/de\/deutschland\/usa-andauernde-proteste-in-minneapolis-nach-ice-schuessen-bundesanwaelte-legen-aemter-nieder\/"},"modified":"2026-01-16T13:55:45","modified_gmt":"2026-01-16T11:55:45","slug":"usa-andauernde-proteste-in-minneapolis-nach-ice-schuessen-bundesanwaelte-legen-aemter-nieder","status":"publish","type":"post","link":"https:\/\/now-news.de\/de\/deutschland\/usa-andauernde-proteste-in-minneapolis-nach-ice-schuessen-bundesanwaelte-legen-aemter-nieder\/","title":{"rendered":"USA: Andauernde Proteste in Minneapolis nach ICE-Sch\u00fcssen \u2013 Bundesanw\u00e4lte legen \u00c4mter nieder"},"content":{"rendered":"<p><img decoding=\"async\" src=\"https:\/\/now-news.de\/de\/wp-content\/uploads\/sites\/3\/2026\/01\/6969fdc3b480cc24b032d725.jpg\" \/><\/p>\n<div class=\"Text-root Text-type_1 \">\n                Der Einsatz Hunderter Beamte des US-Grenzschutzes und der Einwanderungspolizei f\u00fchren zu Demonstrationen vor und w\u00e4hrend Razzien gegen Migranten. Der Tod einer Frau sorgt f\u00fcr teils eskalierende Kundgebungen. Mehrere US-Staatsanw\u00e4lte treten aus Protest gegen die Trump-Anordnungen zur\u00fcck.\n            <\/div>\n<p><\/p>\n<div class=\"Text-root Text-type_5 ArticleView-text ViewText-root \">\n<p>Aus Protest gegen die Trump-Administration im Umgang mit den seit Monaten teils eskalierenden Ereignissen vor, w\u00e4hrend und nach Razzien\u00a0des US-Grenzschutzes und der Einwanderungspolizei ICE haben laut US-Medien mindestens ein Dutzend Bundesanw\u00e4lte aus Minnesota und der Bundeshauptstadt Washington vorerst ihre \u00c4mter niedergelegt. Bei Kundgebungen gegen die ICE-Ma\u00dfnahmen kam es zu Jahresbeginn zu zwei\u00a0Schie\u00dfereien, an denen Beamte der Einwanderungsbeh\u00f6rde beteiligt waren und bei denen eine 37-j\u00e4hrige Frau zu Tode kam. Dies f\u00fchrte in Minnesota und anderen St\u00e4dten der Region zu andauernden heftigen Protesten und heizt die gesellschaftspolitischen Spannungen in den USA weiter an.<\/p>\n<p>So informiert die <em>New York Times<\/em> (Bezahlschranke):<\/p>\n<p><em>&#8220;Sechs Bundesanw\u00e4lte in Minnesota traten am Dienstag zur\u00fcck, weil das Justizministerium darauf dr\u00e4ngte, die Witwe einer von einem ICE-Beamten get\u00f6teten Frau zu \u00fcberpr\u00fcfen und weil das Ministerium nicht bereit war, gegen den Sch\u00fctzen zu ermitteln, wie aus Kreisen bekannt wurde, die \u00fcber ihre Entscheidung informiert sind.&#8221;<\/em><\/p>\n<p>Laut US-Medien w\u00fcrden zudem\u00a0sechs hochrangige Staatsanw\u00e4lte der B\u00fcrgerrechtsabteilung in Washington\u00a0vorerst aus Protest ihre Arbeit niederlegen, da ihnen zuvor mitgeteilt worden sei, dass sie &#8220;nicht an der Untersuchung der t\u00f6dlichen Sch\u00fcsse in Minnesota beteiligt w\u00fcrden&#8221;. Ein weiterer\u00a0Anlass war zudem die direkte Anweisung aus dem US-Justizministerium, auch gegen die Witwe der bei dem ICE-Einsatz get\u00f6teten Frau zu ermitteln.\u00a0<\/p>\n<p>Das Paar wanderte laut Medien aufgrund der Trump-LGBTQ-Politik im letzten Jahr nach Kanada aus, kehrte jedoch laut laufender Ermittlungen regelm\u00e4\u00dfig zu ICE-Protesten in US-St\u00e4dte zur\u00fcck.\u00a0<\/p>\n<p>US-Medien analysieren, dass\u00a0das teils aggressive Vorgehen der Migrationsbeh\u00f6rden in St\u00e4dten und Gemeinden zu den andauernden Demonstrationen im ganzen Land gef\u00fchrt haben. Die Gegner der Trump-Politik w\u00fcrden dabei \u00e4hnlich der Black-Lives-Matter-Protestwelle in den sozialen Medien mobilisieren, wobei die Unruhen auch in Verbindung mit forcierten Taktiken der Bundespolizisten stehen. Dies sorge wiederum f\u00fcr immer heftigere Proteste von B\u00fcrgern und seitens der Aktivisten.<\/p>\n<p>Der US-Sender <em>CNN<\/em>\u00a0<a rel=\"nofollow noopener\" target=\"_blank\" href=\"https:\/\/edition.cnn.com\/us\/live-news\/minneapolis-ice-shooting-protests-01-15-26?t=1768555507464\">berichtet<\/a>, dass es nach Gewaltvorf\u00e4llen bei Razzien am Donnerstagabend in Minneapolis erneut zu Protestveranstaltungen gekommen sei, bei der die anwesende Polizei &#8220;Pfefferkugeln, Blendgranaten und Tr\u00e4nengas einsetzte, um die Menschenmenge zu zerstreuen&#8221;. Laut dem Sender gerieten dabei <em>CNN<\/em>-Mitarbeiter zwischen die Reihen von Demonstranten und Sicherheitskr\u00e4ften, &#8220;nachdem ein Projektil auf Bundesbeamte abgegeben worden war&#8221;.<\/p>\n<p>Einen Tag zuvor waren dabei die Proteste in\u00a0Minneapolis gegen die Einwanderungsbeh\u00f6rde ICE aufgeflammt. So soll ein ICE-Beamter aus Notwehr nach einer Attacke auf einen illegalen Einwanderer aus Venezuela geschossen haben. \u00a0<\/p>\n<p>Zuletzt hatte\u00a0Trumps Heimatschutzministerin Kristi Noem Hunderte zus\u00e4tzliche Bundespolizisten nach Minneapolis beordert. Die Notwendigkeit dazu ergab sich aus Sicht der Trump-Administration laut US-Medien dadurch, dass neben den Aktivisten auch Politiker der Demokraten die Demonstranten zu Gewalt gegen die Einwanderungspolizei angestachelt h\u00e4tten.<\/p>\n<p>Politiker in F\u00fchrungspositionen, &#8220;die sich f\u00fcr die Gew\u00e4hrung von Zuflucht einsetzen, m\u00fcssen mit uns zusammenarbeiten \u2013 und nicht gegen uns&#8221;, so Noem in einem <a rel=\"nofollow noopener\" target=\"_blank\" href=\"https:\/\/x.com\/Sec_Noem\/status\/2011839676798112091\">Interview<\/a> mit <em>Fox News<\/em>.\u00a0Die &#8220;hetzerische Rhetorik und der Widerstand von B\u00fcrgermeister Jacob Frey [B\u00fcrgermeister von Minneapolis] und Tim Walz &#8221; h\u00e4tten Beamte &#8220;zur Zielscheibe gemacht&#8221;.<\/p>\n<p><strong>Mehr zum Thema \u2013<\/strong>\u00a0<a rel=\"nofollow noopener\" target=\"_blank\" href=\"https:\/\/freedert.online\/nordamerika\/266793-usa-nach-ice-razzia-mit\/\">USA: Nach ICE-Razzia mit Todesfolge erkl\u00e4rt Trump, der Sch\u00fctze handelte in &#8220;Notwehr&#8221; <\/a><\/p>\n<div class=\"EmbedBlock-root EmbedBlock-externalVideo EmbedBlock-rumble\">\n<div class=\"VkEmbed\"><iframe class=\"lazyload\" data-src=\"https:\/\/rumble.com\/embed\/v726qbe\" frameborder=\"0\" width=\"853\" height=\"480\" allowfullscreen><\/iframe><\/div>\n<\/div>\n<\/p>\n<p>\u00a0<\/p>\n<\/div>\n<p><br \/>\n<br \/><a href=\"https:\/\/de.rt.com\/nordamerika\/267446-usa-andauernde-proteste-in-minneaoplis\/\">Source link <\/a><\/p>\n","protected":false},"excerpt":{"rendered":"<p>Der Einsatz Hunderter Beamte des US-Grenzschutzes und der Einwanderungspolizei f\u00fchren zu Demonstrationen vor und w\u00e4hrend Razzien gegen Migranten. Der Tod einer Frau sorgt f\u00fcr teils eskalierende Kundgebungen. Mehrere US-Staatsanw\u00e4lte treten aus Protest gegen die Trump-Anordnungen zur\u00fcck. Aus Protest gegen die Trump-Administration im Umgang mit den seit Monaten teils eskalierenden Ereignissen vor, w\u00e4hrend und nach Razzien\u00a0des [&hellip;]<\/p>\n","protected":false},"author":3,"featured_media":97345,"comment_status":"open","ping_status":"open","sticky":false,"template":"","format":"standard","meta":{"_yoast_indexnow_last_ping":["1768564715"],"wp_automatic_camp":["217"],"13b6ddd05732fdc6acb98d000eaa6fbb":["USA: Andauernde Proteste in Minneapolis nach ICE-Sch\u00fcssen \u2013 Bundesanw\u00e4lte legen \u00c4mter nieder"],"original_link":["https:\/\/de.rt.com\/nordamerika\/267446-usa-andauernde-proteste-in-minneaoplis\/"],"_thumbnail_id":["97345"],"jnews_social_counter_last_update":["1777400230"],"_wptgpro_p2tg_sent2tg":["a:1:{i:23737;s:19:\"2026-01-16 13:59:36\";}"]},"categories":[19,23],"tags":[21492,43747,70592,70591,28400,22319,979,12731,3824,193],"yoast_head":"<!-- This site is optimized with the Yoast SEO Premium plugin v22.7 (Yoast SEO v22.7) - https:\/\/yoast.com\/wordpress\/plugins\/seo\/ -->\n<title>USA: Andauernde Proteste in Minneapolis nach ICE-Sch\u00fcssen \u2013 Bundesanw\u00e4lte legen \u00c4mter nieder - just-now.NEWS Deutschland<\/title>\n<meta name=\"robots\" content=\"index, follow, max-snippet:-1, max-image-preview:large, max-video-preview:-1\" \/>\n<link rel=\"canonical\" href=\"https:\/\/now-news.de\/de\/deutschland\/usa-andauernde-proteste-in-minneapolis-nach-ice-schuessen-bundesanwaelte-legen-aemter-nieder\/\" \/>\n<meta property=\"og:locale\" content=\"de_DE\" \/>\n<meta property=\"og:type\" content=\"article\" \/>\n<meta property=\"og:title\" content=\"USA: Andauernde Proteste in Minneapolis nach ICE-Sch\u00fcssen \u2013 Bundesanw\u00e4lte legen \u00c4mter nieder\" \/>\n<meta property=\"og:description\" content=\"Der Einsatz Hunderter Beamte des US-Grenzschutzes und der Einwanderungspolizei f\u00fchren zu Demonstrationen vor und w\u00e4hrend Razzien gegen Migranten. Der Tod einer Frau sorgt f\u00fcr teils eskalierende Kundgebungen. Mehrere US-Staatsanw\u00e4lte treten aus Protest gegen die Trump-Anordnungen zur\u00fcck. Aus Protest gegen die Trump-Administration im Umgang mit den seit Monaten teils eskalierenden Ereignissen vor, w\u00e4hrend und nach Razzien\u00a0des [&hellip;]\" \/>\n<meta property=\"og:url\" content=\"https:\/\/now-news.de\/de\/deutschland\/usa-andauernde-proteste-in-minneapolis-nach-ice-schuessen-bundesanwaelte-legen-aemter-nieder\/\" \/>\n<meta property=\"og:site_name\" content=\"just-now.NEWS Deutschland\" \/>\n<meta property=\"article:publisher\" content=\"https:\/\/www.facebook.com\/wirmachenauf\" \/>\n<meta property=\"article:published_time\" content=\"2026-01-16T11:55:45+00:00\" \/>\n<meta property=\"og:image\" content=\"https:\/\/now-news.de\/de\/wp-content\/uploads\/sites\/3\/2026\/01\/6969fdc3b480cc24b032d725.jpg\" \/>\n<meta name=\"author\" content=\"rtnews\" \/>\n<meta name=\"twitter:card\" content=\"summary_large_image\" \/>\n<meta name=\"twitter:creator\" content=\"@WirMachenAuf_de\" \/>\n<meta name=\"twitter:site\" content=\"@WirMachenAuf_de\" \/>\n<meta name=\"twitter:label1\" content=\"Verfasst von\" \/>\n\t<meta name=\"twitter:data1\" content=\"rtnews\" \/>\n\t<meta name=\"twitter:label2\" content=\"Gesch\u00e4tzte Lesezeit\" \/>\n\t<meta name=\"twitter:data2\" content=\"3\u00a0Minuten\" \/>\n<script type=\"application\/ld+json\" class=\"yoast-schema-graph\">{\"@context\":\"https:\/\/schema.org\",\"@graph\":[{\"@type\":\"Article\",\"@id\":\"https:\/\/now-news.de\/de\/deutschland\/usa-andauernde-proteste-in-minneapolis-nach-ice-schuessen-bundesanwaelte-legen-aemter-nieder\/#article\",\"isPartOf\":{\"@id\":\"https:\/\/now-news.de\/de\/deutschland\/usa-andauernde-proteste-in-minneapolis-nach-ice-schuessen-bundesanwaelte-legen-aemter-nieder\/\"},\"author\":{\"name\":\"rtnews\",\"@id\":\"https:\/\/now-news.de\/de\/#\/schema\/person\/fb534a4e865501d8b3285208df34a9b5\"},\"headline\":\"USA: Andauernde Proteste in Minneapolis nach ICE-Sch\u00fcssen \u2013 Bundesanw\u00e4lte legen \u00c4mter nieder\",\"datePublished\":\"2026-01-16T11:55:45+00:00\",\"dateModified\":\"2026-01-16T11:55:45+00:00\",\"mainEntityOfPage\":{\"@id\":\"https:\/\/now-news.de\/de\/deutschland\/usa-andauernde-proteste-in-minneapolis-nach-ice-schuessen-bundesanwaelte-legen-aemter-nieder\/\"},\"wordCount\":583,\"commentCount\":0,\"publisher\":{\"@id\":\"https:\/\/now-news.de\/de\/#organization\"},\"image\":{\"@id\":\"https:\/\/now-news.de\/de\/deutschland\/usa-andauernde-proteste-in-minneapolis-nach-ice-schuessen-bundesanwaelte-legen-aemter-nieder\/#primaryimage\"},\"thumbnailUrl\":\"https:\/\/now-news.de\/de\/wp-content\/uploads\/sites\/3\/2026\/01\/USA-Andauernde-Proteste-in-Minneapolis-nach-ICE-Schuessen-\u2013-Bundesanwaelte-legen.jpg\",\"keywords\":[\"\u00c4mter\",\"andauernde\",\"Bundesanw\u00e4lte\",\"ICESch\u00fcssen\",\"legen\",\"Minneapolis\",\"nach\",\"nieder\",\"Proteste\",\"USA\"],\"articleSection\":[\"Deutschland\",\"Russland\"],\"inLanguage\":\"de\",\"potentialAction\":[{\"@type\":\"CommentAction\",\"name\":\"Comment\",\"target\":[\"https:\/\/now-news.de\/de\/deutschland\/usa-andauernde-proteste-in-minneapolis-nach-ice-schuessen-bundesanwaelte-legen-aemter-nieder\/#respond\"]}]},{\"@type\":\"WebPage\",\"@id\":\"https:\/\/now-news.de\/de\/deutschland\/usa-andauernde-proteste-in-minneapolis-nach-ice-schuessen-bundesanwaelte-legen-aemter-nieder\/\",\"url\":\"https:\/\/now-news.de\/de\/deutschland\/usa-andauernde-proteste-in-minneapolis-nach-ice-schuessen-bundesanwaelte-legen-aemter-nieder\/\",\"name\":\"USA: Andauernde Proteste in Minneapolis nach ICE-Sch\u00fcssen \u2013 Bundesanw\u00e4lte legen \u00c4mter nieder - just-now.NEWS Deutschland\",\"isPartOf\":{\"@id\":\"https:\/\/now-news.de\/de\/#website\"},\"primaryImageOfPage\":{\"@id\":\"https:\/\/now-news.de\/de\/deutschland\/usa-andauernde-proteste-in-minneapolis-nach-ice-schuessen-bundesanwaelte-legen-aemter-nieder\/#primaryimage\"},\"image\":{\"@id\":\"https:\/\/now-news.de\/de\/deutschland\/usa-andauernde-proteste-in-minneapolis-nach-ice-schuessen-bundesanwaelte-legen-aemter-nieder\/#primaryimage\"},\"thumbnailUrl\":\"https:\/\/now-news.de\/de\/wp-content\/uploads\/sites\/3\/2026\/01\/USA-Andauernde-Proteste-in-Minneapolis-nach-ICE-Schuessen-\u2013-Bundesanwaelte-legen.jpg\",\"datePublished\":\"2026-01-16T11:55:45+00:00\",\"dateModified\":\"2026-01-16T11:55:45+00:00\",\"breadcrumb\":{\"@id\":\"https:\/\/now-news.de\/de\/deutschland\/usa-andauernde-proteste-in-minneapolis-nach-ice-schuessen-bundesanwaelte-legen-aemter-nieder\/#breadcrumb\"},\"inLanguage\":\"de\",\"potentialAction\":[{\"@type\":\"ReadAction\",\"target\":[\"https:\/\/now-news.de\/de\/deutschland\/usa-andauernde-proteste-in-minneapolis-nach-ice-schuessen-bundesanwaelte-legen-aemter-nieder\/\"]}]},{\"@type\":\"ImageObject\",\"inLanguage\":\"de\",\"@id\":\"https:\/\/now-news.de\/de\/deutschland\/usa-andauernde-proteste-in-minneapolis-nach-ice-schuessen-bundesanwaelte-legen-aemter-nieder\/#primaryimage\",\"url\":\"https:\/\/now-news.de\/de\/wp-content\/uploads\/sites\/3\/2026\/01\/USA-Andauernde-Proteste-in-Minneapolis-nach-ICE-Schuessen-\u2013-Bundesanwaelte-legen.jpg\",\"contentUrl\":\"https:\/\/now-news.de\/de\/wp-content\/uploads\/sites\/3\/2026\/01\/USA-Andauernde-Proteste-in-Minneapolis-nach-ICE-Schuessen-\u2013-Bundesanwaelte-legen.jpg\",\"width\":460,\"height\":259,\"caption\":\"USA: Andauernde Proteste in Minneapolis nach ICE-Sch\u00fcssen \u2013 Bundesanw\u00e4lte legen \u00c4mter nieder\"},{\"@type\":\"BreadcrumbList\",\"@id\":\"https:\/\/now-news.de\/de\/deutschland\/usa-andauernde-proteste-in-minneapolis-nach-ice-schuessen-bundesanwaelte-legen-aemter-nieder\/#breadcrumb\",\"itemListElement\":[{\"@type\":\"ListItem\",\"position\":1,\"name\":\"Home\",\"item\":\"https:\/\/now-news.de\/de\/\"},{\"@type\":\"ListItem\",\"position\":2,\"name\":\"USA: Andauernde Proteste in Minneapolis nach ICE-Sch\u00fcssen \u2013 Bundesanw\u00e4lte legen \u00c4mter nieder\"}]},{\"@type\":\"WebSite\",\"@id\":\"https:\/\/now-news.de\/de\/#website\",\"url\":\"https:\/\/now-news.de\/de\/\",\"name\":\"just-now.NEWS Deutschland\",\"description\":\"Das Portal f\u00fcr unzensierte Nachrichten aus der Welt\",\"publisher\":{\"@id\":\"https:\/\/now-news.de\/de\/#organization\"},\"potentialAction\":[{\"@type\":\"SearchAction\",\"target\":{\"@type\":\"EntryPoint\",\"urlTemplate\":\"https:\/\/now-news.de\/de\/?s={search_term_string}\"},\"query-input\":\"required name=search_term_string\"}],\"inLanguage\":\"de\"},{\"@type\":\"Organization\",\"@id\":\"https:\/\/now-news.de\/de\/#organization\",\"name\":\"Just Now News\",\"url\":\"https:\/\/now-news.de\/de\/\",\"logo\":{\"@type\":\"ImageObject\",\"inLanguage\":\"de\",\"@id\":\"https:\/\/now-news.de\/de\/#\/schema\/logo\/image\/\",\"url\":\"http:\/\/just-now.news\/de\/wp-content\/uploads\/sites\/3\/2022\/04\/logo500x500.jpg\",\"contentUrl\":\"http:\/\/just-now.news\/de\/wp-content\/uploads\/sites\/3\/2022\/04\/logo500x500.jpg\",\"width\":500,\"height\":500,\"caption\":\"Just Now News\"},\"image\":{\"@id\":\"https:\/\/now-news.de\/de\/#\/schema\/logo\/image\/\"},\"sameAs\":[\"https:\/\/www.facebook.com\/wirmachenauf\",\"https:\/\/x.com\/WirMachenAuf_de\"]},{\"@type\":\"Person\",\"@id\":\"https:\/\/now-news.de\/de\/#\/schema\/person\/fb534a4e865501d8b3285208df34a9b5\",\"name\":\"rtnews\",\"image\":{\"@type\":\"ImageObject\",\"inLanguage\":\"de\",\"@id\":\"https:\/\/now-news.de\/de\/#\/schema\/person\/image\/\",\"url\":\"https:\/\/secure.gravatar.com\/avatar\/82aafea7d8127119dd649515f56e2117?s=96&d=mm&r=g\",\"contentUrl\":\"https:\/\/secure.gravatar.com\/avatar\/82aafea7d8127119dd649515f56e2117?s=96&d=mm&r=g\",\"caption\":\"rtnews\"},\"url\":\"https:\/\/now-news.de\/de\/author\/rnews\/\"}]}<\/script>\n<!-- \/ Yoast SEO Premium plugin. -->","yoast_head_json":{"title":"USA: Andauernde Proteste in Minneapolis nach ICE-Sch\u00fcssen \u2013 Bundesanw\u00e4lte legen \u00c4mter nieder - just-now.NEWS Deutschland","robots":{"index":"index","follow":"follow","max-snippet":"max-snippet:-1","max-image-preview":"max-image-preview:large","max-video-preview":"max-video-preview:-1"},"canonical":"https:\/\/now-news.de\/de\/deutschland\/usa-andauernde-proteste-in-minneapolis-nach-ice-schuessen-bundesanwaelte-legen-aemter-nieder\/","og_locale":"de_DE","og_type":"article","og_title":"USA: Andauernde Proteste in Minneapolis nach ICE-Sch\u00fcssen \u2013 Bundesanw\u00e4lte legen \u00c4mter nieder","og_description":"Der Einsatz Hunderter Beamte des US-Grenzschutzes und der Einwanderungspolizei f\u00fchren zu Demonstrationen vor und w\u00e4hrend Razzien gegen Migranten. Der Tod einer Frau sorgt f\u00fcr teils eskalierende Kundgebungen. Mehrere US-Staatsanw\u00e4lte treten aus Protest gegen die Trump-Anordnungen zur\u00fcck. Aus Protest gegen die Trump-Administration im Umgang mit den seit Monaten teils eskalierenden Ereignissen vor, w\u00e4hrend und nach Razzien\u00a0des [&hellip;]","og_url":"https:\/\/now-news.de\/de\/deutschland\/usa-andauernde-proteste-in-minneapolis-nach-ice-schuessen-bundesanwaelte-legen-aemter-nieder\/","og_site_name":"just-now.NEWS Deutschland","article_publisher":"https:\/\/www.facebook.com\/wirmachenauf","article_published_time":"2026-01-16T11:55:45+00:00","og_image":[{"url":"https:\/\/now-news.de\/de\/wp-content\/uploads\/sites\/3\/2026\/01\/6969fdc3b480cc24b032d725.jpg"}],"author":"rtnews","twitter_card":"summary_large_image","twitter_creator":"@WirMachenAuf_de","twitter_site":"@WirMachenAuf_de","twitter_misc":{"Verfasst von":"rtnews","Gesch\u00e4tzte Lesezeit":"3\u00a0Minuten"},"schema":{"@context":"https:\/\/schema.org","@graph":[{"@type":"Article","@id":"https:\/\/now-news.de\/de\/deutschland\/usa-andauernde-proteste-in-minneapolis-nach-ice-schuessen-bundesanwaelte-legen-aemter-nieder\/#article","isPartOf":{"@id":"https:\/\/now-news.de\/de\/deutschland\/usa-andauernde-proteste-in-minneapolis-nach-ice-schuessen-bundesanwaelte-legen-aemter-nieder\/"},"author":{"name":"rtnews","@id":"https:\/\/now-news.de\/de\/#\/schema\/person\/fb534a4e865501d8b3285208df34a9b5"},"headline":"USA: Andauernde Proteste in Minneapolis nach ICE-Sch\u00fcssen \u2013 Bundesanw\u00e4lte legen \u00c4mter nieder","datePublished":"2026-01-16T11:55:45+00:00","dateModified":"2026-01-16T11:55:45+00:00","mainEntityOfPage":{"@id":"https:\/\/now-news.de\/de\/deutschland\/usa-andauernde-proteste-in-minneapolis-nach-ice-schuessen-bundesanwaelte-legen-aemter-nieder\/"},"wordCount":583,"commentCount":0,"publisher":{"@id":"https:\/\/now-news.de\/de\/#organization"},"image":{"@id":"https:\/\/now-news.de\/de\/deutschland\/usa-andauernde-proteste-in-minneapolis-nach-ice-schuessen-bundesanwaelte-legen-aemter-nieder\/#primaryimage"},"thumbnailUrl":"https:\/\/now-news.de\/de\/wp-content\/uploads\/sites\/3\/2026\/01\/USA-Andauernde-Proteste-in-Minneapolis-nach-ICE-Schuessen-\u2013-Bundesanwaelte-legen.jpg","keywords":["\u00c4mter","andauernde","Bundesanw\u00e4lte","ICESch\u00fcssen","legen","Minneapolis","nach","nieder","Proteste","USA"],"articleSection":["Deutschland","Russland"],"inLanguage":"de","potentialAction":[{"@type":"CommentAction","name":"Comment","target":["https:\/\/now-news.de\/de\/deutschland\/usa-andauernde-proteste-in-minneapolis-nach-ice-schuessen-bundesanwaelte-legen-aemter-nieder\/#respond"]}]},{"@type":"WebPage","@id":"https:\/\/now-news.de\/de\/deutschland\/usa-andauernde-proteste-in-minneapolis-nach-ice-schuessen-bundesanwaelte-legen-aemter-nieder\/","url":"https:\/\/now-news.de\/de\/deutschland\/usa-andauernde-proteste-in-minneapolis-nach-ice-schuessen-bundesanwaelte-legen-aemter-nieder\/","name":"USA: Andauernde Proteste in Minneapolis nach ICE-Sch\u00fcssen \u2013 Bundesanw\u00e4lte legen \u00c4mter nieder - just-now.NEWS Deutschland","isPartOf":{"@id":"https:\/\/now-news.de\/de\/#website"},"primaryImageOfPage":{"@id":"https:\/\/now-news.de\/de\/deutschland\/usa-andauernde-proteste-in-minneapolis-nach-ice-schuessen-bundesanwaelte-legen-aemter-nieder\/#primaryimage"},"image":{"@id":"https:\/\/now-news.de\/de\/deutschland\/usa-andauernde-proteste-in-minneapolis-nach-ice-schuessen-bundesanwaelte-legen-aemter-nieder\/#primaryimage"},"thumbnailUrl":"https:\/\/now-news.de\/de\/wp-content\/uploads\/sites\/3\/2026\/01\/USA-Andauernde-Proteste-in-Minneapolis-nach-ICE-Schuessen-\u2013-Bundesanwaelte-legen.jpg","datePublished":"2026-01-16T11:55:45+00:00","dateModified":"2026-01-16T11:55:45+00:00","breadcrumb":{"@id":"https:\/\/now-news.de\/de\/deutschland\/usa-andauernde-proteste-in-minneapolis-nach-ice-schuessen-bundesanwaelte-legen-aemter-nieder\/#breadcrumb"},"inLanguage":"de","potentialAction":[{"@type":"ReadAction","target":["https:\/\/now-news.de\/de\/deutschland\/usa-andauernde-proteste-in-minneapolis-nach-ice-schuessen-bundesanwaelte-legen-aemter-nieder\/"]}]},{"@type":"ImageObject","inLanguage":"de","@id":"https:\/\/now-news.de\/de\/deutschland\/usa-andauernde-proteste-in-minneapolis-nach-ice-schuessen-bundesanwaelte-legen-aemter-nieder\/#primaryimage","url":"https:\/\/now-news.de\/de\/wp-content\/uploads\/sites\/3\/2026\/01\/USA-Andauernde-Proteste-in-Minneapolis-nach-ICE-Schuessen-\u2013-Bundesanwaelte-legen.jpg","contentUrl":"https:\/\/now-news.de\/de\/wp-content\/uploads\/sites\/3\/2026\/01\/USA-Andauernde-Proteste-in-Minneapolis-nach-ICE-Schuessen-\u2013-Bundesanwaelte-legen.jpg","width":460,"height":259,"caption":"USA: Andauernde Proteste in Minneapolis nach ICE-Sch\u00fcssen \u2013 Bundesanw\u00e4lte legen \u00c4mter nieder"},{"@type":"BreadcrumbList","@id":"https:\/\/now-news.de\/de\/deutschland\/usa-andauernde-proteste-in-minneapolis-nach-ice-schuessen-bundesanwaelte-legen-aemter-nieder\/#breadcrumb","itemListElement":[{"@type":"ListItem","position":1,"name":"Home","item":"https:\/\/now-news.de\/de\/"},{"@type":"ListItem","position":2,"name":"USA: Andauernde Proteste in Minneapolis nach ICE-Sch\u00fcssen \u2013 Bundesanw\u00e4lte legen \u00c4mter nieder"}]},{"@type":"WebSite","@id":"https:\/\/now-news.de\/de\/#website","url":"https:\/\/now-news.de\/de\/","name":"just-now.NEWS Deutschland","description":"Das Portal f\u00fcr unzensierte Nachrichten aus der Welt","publisher":{"@id":"https:\/\/now-news.de\/de\/#organization"},"potentialAction":[{"@type":"SearchAction","target":{"@type":"EntryPoint","urlTemplate":"https:\/\/now-news.de\/de\/?s={search_term_string}"},"query-input":"required name=search_term_string"}],"inLanguage":"de"},{"@type":"Organization","@id":"https:\/\/now-news.de\/de\/#organization","name":"Just Now News","url":"https:\/\/now-news.de\/de\/","logo":{"@type":"ImageObject","inLanguage":"de","@id":"https:\/\/now-news.de\/de\/#\/schema\/logo\/image\/","url":"http:\/\/just-now.news\/de\/wp-content\/uploads\/sites\/3\/2022\/04\/logo500x500.jpg","contentUrl":"http:\/\/just-now.news\/de\/wp-content\/uploads\/sites\/3\/2022\/04\/logo500x500.jpg","width":500,"height":500,"caption":"Just Now News"},"image":{"@id":"https:\/\/now-news.de\/de\/#\/schema\/logo\/image\/"},"sameAs":["https:\/\/www.facebook.com\/wirmachenauf","https:\/\/x.com\/WirMachenAuf_de"]},{"@type":"Person","@id":"https:\/\/now-news.de\/de\/#\/schema\/person\/fb534a4e865501d8b3285208df34a9b5","name":"rtnews","image":{"@type":"ImageObject","inLanguage":"de","@id":"https:\/\/now-news.de\/de\/#\/schema\/person\/image\/","url":"https:\/\/secure.gravatar.com\/avatar\/82aafea7d8127119dd649515f56e2117?s=96&d=mm&r=g","contentUrl":"https:\/\/secure.gravatar.com\/avatar\/82aafea7d8127119dd649515f56e2117?s=96&d=mm&r=g","caption":"rtnews"},"url":"https:\/\/now-news.de\/de\/author\/rnews\/"}]}},"_links":{"self":[{"href":"https:\/\/now-news.de\/de\/wp-json\/wp\/v2\/posts\/97344"}],"collection":[{"href":"https:\/\/now-news.de\/de\/wp-json\/wp\/v2\/posts"}],"about":[{"href":"https:\/\/now-news.de\/de\/wp-json\/wp\/v2\/types\/post"}],"author":[{"embeddable":true,"href":"https:\/\/now-news.de\/de\/wp-json\/wp\/v2\/users\/3"}],"replies":[{"embeddable":true,"href":"https:\/\/now-news.de\/de\/wp-json\/wp\/v2\/comments?post=97344"}],"version-history":[{"count":0,"href":"https:\/\/now-news.de\/de\/wp-json\/wp\/v2\/posts\/97344\/revisions"}],"wp:featuredmedia":[{"embeddable":true,"href":"https:\/\/now-news.de\/de\/wp-json\/wp\/v2\/media\/97345"}],"wp:attachment":[{"href":"https:\/\/now-news.de\/de\/wp-json\/wp\/v2\/media?parent=97344"}],"wp:term":[{"taxonomy":"category","embeddable":true,"href":"https:\/\/now-news.de\/de\/wp-json\/wp\/v2\/categories?post=97344"},{"taxonomy":"post_tag","embeddable":true,"href":"https:\/\/now-news.de\/de\/wp-json\/wp\/v2\/tags?post=97344"}],"curies":[{"name":"wp","href":"https:\/\/api.w.org\/{rel}","templated":true}]}}