{"id":97324,"date":"2026-01-15T22:01:38","date_gmt":"2026-01-15T20:01:38","guid":{"rendered":"https:\/\/now-news.de\/de\/deutschland\/putin-warnt-globale-lage-verschlechtert-sich\/"},"modified":"2026-01-15T22:01:38","modified_gmt":"2026-01-15T20:01:38","slug":"putin-warnt-globale-lage-verschlechtert-sich","status":"publish","type":"post","link":"https:\/\/now-news.de\/de\/deutschland\/putin-warnt-globale-lage-verschlechtert-sich\/","title":{"rendered":"Putin warnt: Globale Lage verschlechtert sich"},"content":{"rendered":"<p><img decoding=\"async\" src=\"https:\/\/now-news.de\/de\/wp-content\/uploads\/sites\/3\/2026\/01\/6969365db480cc76e27a01eb.jpg\" \/><\/p>\n<div class=\"Text-root Text-type_1 \">\n                Der internationale Dialog werde, so der russische Pr\u00e4sident, durch eine Haltung von &#8220;Macht macht Recht&#8221; und r\u00fccksichtslose einseitige Handlungen ersetzt. Frieden sei etwas, um das man sich bem\u00fchen und f\u00fcr das man sich entscheiden m\u00fcsse.\n            <\/div>\n<p><\/p>\n<div class=\"Text-root Text-type_5 ArticleView-text ViewText-root \">\n<p>Die internationale Lage habe sich &#8220;zunehmend verschlechtert&#8221;, warnte der russische Pr\u00e4sident Wladimir Putin und berief sich dabei auf das Wiederaufflammen alter Konflikte und neue, entstehende Brennpunkte.<\/p>\n<p>Der Pr\u00e4sident sagte dies am Dienstag bei einer Zeremonie zur \u00dcbergabe der Beglaubigungsschreiben der Botschafter von mehr als 30 Nationen, darunter zahlreicher L\u00e4nder, die Russland als &#8220;unfreundlich&#8221; einordnet. Putin sprach \u00fcber Herausforderungen f\u00fcr die globale Sicherheit und stellte fest, internationale Zusammenarbeit bleibe einer der entscheidenden Faktoren f\u00fcr eine nachhaltige Entwicklung und den Wohlstand der Menschheit.<\/p>\n<p>&#8220;Frieden kommt nicht von alleine, er wird erbaut, und jeden Tag. Frieden erfordert Anstrengung, Verantwortlichkeit und eine bewusste Entscheidung. Gerade jetzt ist offensichtlich, wie wichtig das ist, da sich die Lage auf der internationalen B\u00fchne zunehmend verschlechtert \u2012 ich glaube, niemand w\u00fcrde das abstreiten \u2012, alte Konflikte sich intensivieren und neue, ernste Brennpunkte entstehen&#8221;, bemerkte der Pr\u00e4sident.<\/p>\n<p>In der modernen Welt w\u00fcrden Diplomatie und die Suche nach einem Konsens &#8220;ersetzt durch einseitige und ziemlich gef\u00e4hrliche Handlungen&#8221;, f\u00fcgte Putin hinzu. Viele L\u00e4nder st\u00fcnden dem Diktat jener gegen\u00fcber, die einer Herangehensweise des &#8220;Macht macht Recht&#8221; folgen, sagte er.<\/p>\n<p>&#8220;Dutzende L\u00e4nder rund um die Welt leiden unter Verletzungen ihrer souver\u00e4nen Rechte, unter Chaos und Gesetzlosigkeit und haben nicht die St\u00e4rke und die Ressourcen, um f\u00fcr sich selbst einzustehen&#8221;, erkl\u00e4rte der Pr\u00e4sident.<\/p>\n<p>Der russische Staatschef rief alle Mitglieder der Weltgemeinschaft auf, sich an das V\u00f6lkerrecht zu halten, und dr\u00e4ngte sie, die &#8220;heraufziehende, gerechtere multipolare Weltordnung&#8221; zu unterst\u00fctzen. Der Pr\u00e4sident befasste sich in seiner Rede auch mit dem Ukraine-Konflikt und nannte ihn eines der Beispiele f\u00fcr einen Bruch des Prinzips der &#8220;Unteilbarkeit von Sicherheit&#8221;, das besagt, die Sicherheit einer Nation k\u00f6nne nicht auf Kosten einer anderen erreicht werden.<\/p>\n<p>&#8220;Das zeigte sich deutlich in der Ukraine-Krise, die eine direkte Konsequenz dessen war, dass Russlands legitime Interessen jahrelang ignoriert wurden, und eines absichtlichen Kurses, unsere Sicherheit zu bedrohen und die NATO an die russischen Grenzen vorzutreiben \u2012 im Gegensatz zu den uns \u00f6ffentlich gegebenen Zusagen&#8221;, sagte er und bekr\u00e4ftigte Moskaus Entschlossenheit, in der Ukraine einen dauerhaften, nachhaltigen Frieden zu erreichen.<\/p>\n<p><strong>Mehr zum Thema<\/strong>\u00a0\u2012 <a rel=\"nofollow noopener\" target=\"_blank\" href=\"https:\/\/freedert.online\/international\/267212-zone-militaerischen-sonderoperation-russland-wird-2026-in-zwei-hauptrichtungen-angreifen\/\">Zone der milit\u00e4rischen Sonderoperation: Russland wird 2026 in zwei Hauptrichtungen angreifen<\/a><\/p>\n<div class=\"EmbedBlock-root EmbedBlock-externalVideo EmbedBlock-rumble\">\n<div class=\"VkEmbed\"><iframe class=\"lazyload\" data-src=\"https:\/\/rumble.com\/embed\/v726b2o\" frameborder=\"0\" width=\"853\" height=\"480\" allowfullscreen><\/iframe><\/div>\n<\/div>\n<\/div>\n<p><br \/>\n<br \/><a href=\"https:\/\/de.rt.com\/russland\/267423-putin-warnt-globale-lage-verschlechtert\/\">Source link <\/a><\/p>\n","protected":false},"excerpt":{"rendered":"<p>Der internationale Dialog werde, so der russische Pr\u00e4sident, durch eine Haltung von &#8220;Macht macht Recht&#8221; und r\u00fccksichtslose einseitige Handlungen ersetzt. Frieden sei etwas, um das man sich bem\u00fchen und f\u00fcr das man sich entscheiden m\u00fcsse. Die internationale Lage habe sich &#8220;zunehmend verschlechtert&#8221;, warnte der russische Pr\u00e4sident Wladimir Putin und berief sich dabei auf das Wiederaufflammen [&hellip;]<\/p>\n","protected":false},"author":3,"featured_media":97325,"comment_status":"open","ping_status":"open","sticky":false,"template":"","format":"standard","meta":{"_yoast_indexnow_last_ping":["1768507941"],"wp_automatic_camp":["217"],"98cf8f864bdb36a84241736812dcb08f":["Putin warnt: Globale Lage verschlechtert sich"],"original_link":["https:\/\/de.rt.com\/russland\/267423-putin-warnt-globale-lage-verschlechtert\/"],"_thumbnail_id":["97325"],"jnews_social_counter_last_update":["1776882191"],"_wptgpro_p2tg_sent2tg":["a:1:{i:23737;s:19:\"2026-01-15 22:13:20\";}"]},"categories":[19,23],"tags":[2025,525,125,434,35588,912],"yoast_head":"<!-- This site is optimized with the Yoast SEO Premium plugin v22.7 (Yoast SEO v22.7) - https:\/\/yoast.com\/wordpress\/plugins\/seo\/ -->\n<title>Putin warnt: Globale Lage verschlechtert sich - just-now.NEWS Deutschland<\/title>\n<meta name=\"robots\" content=\"index, follow, max-snippet:-1, max-image-preview:large, max-video-preview:-1\" \/>\n<link rel=\"canonical\" href=\"https:\/\/now-news.de\/de\/deutschland\/putin-warnt-globale-lage-verschlechtert-sich\/\" \/>\n<meta property=\"og:locale\" content=\"de_DE\" \/>\n<meta property=\"og:type\" content=\"article\" \/>\n<meta property=\"og:title\" content=\"Putin warnt: Globale Lage verschlechtert sich\" \/>\n<meta property=\"og:description\" content=\"Der internationale Dialog werde, so der russische Pr\u00e4sident, durch eine Haltung von &#8220;Macht macht Recht&#8221; und r\u00fccksichtslose einseitige Handlungen ersetzt. Frieden sei etwas, um das man sich bem\u00fchen und f\u00fcr das man sich entscheiden m\u00fcsse. Die internationale Lage habe sich &#8220;zunehmend verschlechtert&#8221;, warnte der russische Pr\u00e4sident Wladimir Putin und berief sich dabei auf das Wiederaufflammen [&hellip;]\" \/>\n<meta property=\"og:url\" content=\"https:\/\/now-news.de\/de\/deutschland\/putin-warnt-globale-lage-verschlechtert-sich\/\" \/>\n<meta property=\"og:site_name\" content=\"just-now.NEWS Deutschland\" \/>\n<meta property=\"article:publisher\" content=\"https:\/\/www.facebook.com\/wirmachenauf\" \/>\n<meta property=\"article:published_time\" content=\"2026-01-15T20:01:38+00:00\" \/>\n<meta property=\"og:image\" content=\"https:\/\/now-news.de\/de\/wp-content\/uploads\/sites\/3\/2026\/01\/6969365db480cc76e27a01eb.jpg\" \/>\n<meta name=\"author\" content=\"rtnews\" \/>\n<meta name=\"twitter:card\" content=\"summary_large_image\" \/>\n<meta name=\"twitter:creator\" content=\"@WirMachenAuf_de\" \/>\n<meta name=\"twitter:site\" content=\"@WirMachenAuf_de\" \/>\n<meta name=\"twitter:label1\" content=\"Verfasst von\" \/>\n\t<meta name=\"twitter:data1\" content=\"rtnews\" \/>\n\t<meta name=\"twitter:label2\" content=\"Gesch\u00e4tzte Lesezeit\" \/>\n\t<meta name=\"twitter:data2\" content=\"2\u00a0Minuten\" \/>\n<script type=\"application\/ld+json\" class=\"yoast-schema-graph\">{\"@context\":\"https:\/\/schema.org\",\"@graph\":[{\"@type\":\"Article\",\"@id\":\"https:\/\/now-news.de\/de\/deutschland\/putin-warnt-globale-lage-verschlechtert-sich\/#article\",\"isPartOf\":{\"@id\":\"https:\/\/now-news.de\/de\/deutschland\/putin-warnt-globale-lage-verschlechtert-sich\/\"},\"author\":{\"name\":\"rtnews\",\"@id\":\"https:\/\/now-news.de\/de\/#\/schema\/person\/fb534a4e865501d8b3285208df34a9b5\"},\"headline\":\"Putin warnt: Globale Lage verschlechtert sich\",\"datePublished\":\"2026-01-15T20:01:38+00:00\",\"dateModified\":\"2026-01-15T20:01:38+00:00\",\"mainEntityOfPage\":{\"@id\":\"https:\/\/now-news.de\/de\/deutschland\/putin-warnt-globale-lage-verschlechtert-sich\/\"},\"wordCount\":420,\"commentCount\":0,\"publisher\":{\"@id\":\"https:\/\/now-news.de\/de\/#organization\"},\"image\":{\"@id\":\"https:\/\/now-news.de\/de\/deutschland\/putin-warnt-globale-lage-verschlechtert-sich\/#primaryimage\"},\"thumbnailUrl\":\"https:\/\/now-news.de\/de\/wp-content\/uploads\/sites\/3\/2026\/01\/Putin-warnt-Globale-Lage-verschlechtert-sich.jpg\",\"keywords\":[\"globale\",\"Lage\",\"putin\",\"sich\",\"verschlechtert\",\"warnt\"],\"articleSection\":[\"Deutschland\",\"Russland\"],\"inLanguage\":\"de\",\"potentialAction\":[{\"@type\":\"CommentAction\",\"name\":\"Comment\",\"target\":[\"https:\/\/now-news.de\/de\/deutschland\/putin-warnt-globale-lage-verschlechtert-sich\/#respond\"]}]},{\"@type\":\"WebPage\",\"@id\":\"https:\/\/now-news.de\/de\/deutschland\/putin-warnt-globale-lage-verschlechtert-sich\/\",\"url\":\"https:\/\/now-news.de\/de\/deutschland\/putin-warnt-globale-lage-verschlechtert-sich\/\",\"name\":\"Putin warnt: Globale Lage verschlechtert sich - just-now.NEWS Deutschland\",\"isPartOf\":{\"@id\":\"https:\/\/now-news.de\/de\/#website\"},\"primaryImageOfPage\":{\"@id\":\"https:\/\/now-news.de\/de\/deutschland\/putin-warnt-globale-lage-verschlechtert-sich\/#primaryimage\"},\"image\":{\"@id\":\"https:\/\/now-news.de\/de\/deutschland\/putin-warnt-globale-lage-verschlechtert-sich\/#primaryimage\"},\"thumbnailUrl\":\"https:\/\/now-news.de\/de\/wp-content\/uploads\/sites\/3\/2026\/01\/Putin-warnt-Globale-Lage-verschlechtert-sich.jpg\",\"datePublished\":\"2026-01-15T20:01:38+00:00\",\"dateModified\":\"2026-01-15T20:01:38+00:00\",\"breadcrumb\":{\"@id\":\"https:\/\/now-news.de\/de\/deutschland\/putin-warnt-globale-lage-verschlechtert-sich\/#breadcrumb\"},\"inLanguage\":\"de\",\"potentialAction\":[{\"@type\":\"ReadAction\",\"target\":[\"https:\/\/now-news.de\/de\/deutschland\/putin-warnt-globale-lage-verschlechtert-sich\/\"]}]},{\"@type\":\"ImageObject\",\"inLanguage\":\"de\",\"@id\":\"https:\/\/now-news.de\/de\/deutschland\/putin-warnt-globale-lage-verschlechtert-sich\/#primaryimage\",\"url\":\"https:\/\/now-news.de\/de\/wp-content\/uploads\/sites\/3\/2026\/01\/Putin-warnt-Globale-Lage-verschlechtert-sich.jpg\",\"contentUrl\":\"https:\/\/now-news.de\/de\/wp-content\/uploads\/sites\/3\/2026\/01\/Putin-warnt-Globale-Lage-verschlechtert-sich.jpg\",\"width\":460,\"height\":259,\"caption\":\"Putin warnt: Globale Lage verschlechtert sich\"},{\"@type\":\"BreadcrumbList\",\"@id\":\"https:\/\/now-news.de\/de\/deutschland\/putin-warnt-globale-lage-verschlechtert-sich\/#breadcrumb\",\"itemListElement\":[{\"@type\":\"ListItem\",\"position\":1,\"name\":\"Home\",\"item\":\"https:\/\/now-news.de\/de\/\"},{\"@type\":\"ListItem\",\"position\":2,\"name\":\"Putin warnt: Globale Lage verschlechtert sich\"}]},{\"@type\":\"WebSite\",\"@id\":\"https:\/\/now-news.de\/de\/#website\",\"url\":\"https:\/\/now-news.de\/de\/\",\"name\":\"just-now.NEWS Deutschland\",\"description\":\"Das Portal f\u00fcr unzensierte Nachrichten aus der Welt\",\"publisher\":{\"@id\":\"https:\/\/now-news.de\/de\/#organization\"},\"potentialAction\":[{\"@type\":\"SearchAction\",\"target\":{\"@type\":\"EntryPoint\",\"urlTemplate\":\"https:\/\/now-news.de\/de\/?s={search_term_string}\"},\"query-input\":\"required name=search_term_string\"}],\"inLanguage\":\"de\"},{\"@type\":\"Organization\",\"@id\":\"https:\/\/now-news.de\/de\/#organization\",\"name\":\"Just Now News\",\"url\":\"https:\/\/now-news.de\/de\/\",\"logo\":{\"@type\":\"ImageObject\",\"inLanguage\":\"de\",\"@id\":\"https:\/\/now-news.de\/de\/#\/schema\/logo\/image\/\",\"url\":\"http:\/\/just-now.news\/de\/wp-content\/uploads\/sites\/3\/2022\/04\/logo500x500.jpg\",\"contentUrl\":\"http:\/\/just-now.news\/de\/wp-content\/uploads\/sites\/3\/2022\/04\/logo500x500.jpg\",\"width\":500,\"height\":500,\"caption\":\"Just Now News\"},\"image\":{\"@id\":\"https:\/\/now-news.de\/de\/#\/schema\/logo\/image\/\"},\"sameAs\":[\"https:\/\/www.facebook.com\/wirmachenauf\",\"https:\/\/x.com\/WirMachenAuf_de\"]},{\"@type\":\"Person\",\"@id\":\"https:\/\/now-news.de\/de\/#\/schema\/person\/fb534a4e865501d8b3285208df34a9b5\",\"name\":\"rtnews\",\"image\":{\"@type\":\"ImageObject\",\"inLanguage\":\"de\",\"@id\":\"https:\/\/now-news.de\/de\/#\/schema\/person\/image\/\",\"url\":\"https:\/\/secure.gravatar.com\/avatar\/82aafea7d8127119dd649515f56e2117?s=96&d=mm&r=g\",\"contentUrl\":\"https:\/\/secure.gravatar.com\/avatar\/82aafea7d8127119dd649515f56e2117?s=96&d=mm&r=g\",\"caption\":\"rtnews\"},\"url\":\"https:\/\/now-news.de\/de\/author\/rnews\/\"}]}<\/script>\n<!-- \/ Yoast SEO Premium plugin. -->","yoast_head_json":{"title":"Putin warnt: Globale Lage verschlechtert sich - just-now.NEWS Deutschland","robots":{"index":"index","follow":"follow","max-snippet":"max-snippet:-1","max-image-preview":"max-image-preview:large","max-video-preview":"max-video-preview:-1"},"canonical":"https:\/\/now-news.de\/de\/deutschland\/putin-warnt-globale-lage-verschlechtert-sich\/","og_locale":"de_DE","og_type":"article","og_title":"Putin warnt: Globale Lage verschlechtert sich","og_description":"Der internationale Dialog werde, so der russische Pr\u00e4sident, durch eine Haltung von &#8220;Macht macht Recht&#8221; und r\u00fccksichtslose einseitige Handlungen ersetzt. Frieden sei etwas, um das man sich bem\u00fchen und f\u00fcr das man sich entscheiden m\u00fcsse. Die internationale Lage habe sich &#8220;zunehmend verschlechtert&#8221;, warnte der russische Pr\u00e4sident Wladimir Putin und berief sich dabei auf das Wiederaufflammen [&hellip;]","og_url":"https:\/\/now-news.de\/de\/deutschland\/putin-warnt-globale-lage-verschlechtert-sich\/","og_site_name":"just-now.NEWS Deutschland","article_publisher":"https:\/\/www.facebook.com\/wirmachenauf","article_published_time":"2026-01-15T20:01:38+00:00","og_image":[{"url":"https:\/\/now-news.de\/de\/wp-content\/uploads\/sites\/3\/2026\/01\/6969365db480cc76e27a01eb.jpg"}],"author":"rtnews","twitter_card":"summary_large_image","twitter_creator":"@WirMachenAuf_de","twitter_site":"@WirMachenAuf_de","twitter_misc":{"Verfasst von":"rtnews","Gesch\u00e4tzte Lesezeit":"2\u00a0Minuten"},"schema":{"@context":"https:\/\/schema.org","@graph":[{"@type":"Article","@id":"https:\/\/now-news.de\/de\/deutschland\/putin-warnt-globale-lage-verschlechtert-sich\/#article","isPartOf":{"@id":"https:\/\/now-news.de\/de\/deutschland\/putin-warnt-globale-lage-verschlechtert-sich\/"},"author":{"name":"rtnews","@id":"https:\/\/now-news.de\/de\/#\/schema\/person\/fb534a4e865501d8b3285208df34a9b5"},"headline":"Putin warnt: Globale Lage verschlechtert sich","datePublished":"2026-01-15T20:01:38+00:00","dateModified":"2026-01-15T20:01:38+00:00","mainEntityOfPage":{"@id":"https:\/\/now-news.de\/de\/deutschland\/putin-warnt-globale-lage-verschlechtert-sich\/"},"wordCount":420,"commentCount":0,"publisher":{"@id":"https:\/\/now-news.de\/de\/#organization"},"image":{"@id":"https:\/\/now-news.de\/de\/deutschland\/putin-warnt-globale-lage-verschlechtert-sich\/#primaryimage"},"thumbnailUrl":"https:\/\/now-news.de\/de\/wp-content\/uploads\/sites\/3\/2026\/01\/Putin-warnt-Globale-Lage-verschlechtert-sich.jpg","keywords":["globale","Lage","putin","sich","verschlechtert","warnt"],"articleSection":["Deutschland","Russland"],"inLanguage":"de","potentialAction":[{"@type":"CommentAction","name":"Comment","target":["https:\/\/now-news.de\/de\/deutschland\/putin-warnt-globale-lage-verschlechtert-sich\/#respond"]}]},{"@type":"WebPage","@id":"https:\/\/now-news.de\/de\/deutschland\/putin-warnt-globale-lage-verschlechtert-sich\/","url":"https:\/\/now-news.de\/de\/deutschland\/putin-warnt-globale-lage-verschlechtert-sich\/","name":"Putin warnt: Globale Lage verschlechtert sich - just-now.NEWS Deutschland","isPartOf":{"@id":"https:\/\/now-news.de\/de\/#website"},"primaryImageOfPage":{"@id":"https:\/\/now-news.de\/de\/deutschland\/putin-warnt-globale-lage-verschlechtert-sich\/#primaryimage"},"image":{"@id":"https:\/\/now-news.de\/de\/deutschland\/putin-warnt-globale-lage-verschlechtert-sich\/#primaryimage"},"thumbnailUrl":"https:\/\/now-news.de\/de\/wp-content\/uploads\/sites\/3\/2026\/01\/Putin-warnt-Globale-Lage-verschlechtert-sich.jpg","datePublished":"2026-01-15T20:01:38+00:00","dateModified":"2026-01-15T20:01:38+00:00","breadcrumb":{"@id":"https:\/\/now-news.de\/de\/deutschland\/putin-warnt-globale-lage-verschlechtert-sich\/#breadcrumb"},"inLanguage":"de","potentialAction":[{"@type":"ReadAction","target":["https:\/\/now-news.de\/de\/deutschland\/putin-warnt-globale-lage-verschlechtert-sich\/"]}]},{"@type":"ImageObject","inLanguage":"de","@id":"https:\/\/now-news.de\/de\/deutschland\/putin-warnt-globale-lage-verschlechtert-sich\/#primaryimage","url":"https:\/\/now-news.de\/de\/wp-content\/uploads\/sites\/3\/2026\/01\/Putin-warnt-Globale-Lage-verschlechtert-sich.jpg","contentUrl":"https:\/\/now-news.de\/de\/wp-content\/uploads\/sites\/3\/2026\/01\/Putin-warnt-Globale-Lage-verschlechtert-sich.jpg","width":460,"height":259,"caption":"Putin warnt: Globale Lage verschlechtert sich"},{"@type":"BreadcrumbList","@id":"https:\/\/now-news.de\/de\/deutschland\/putin-warnt-globale-lage-verschlechtert-sich\/#breadcrumb","itemListElement":[{"@type":"ListItem","position":1,"name":"Home","item":"https:\/\/now-news.de\/de\/"},{"@type":"ListItem","position":2,"name":"Putin warnt: Globale Lage verschlechtert sich"}]},{"@type":"WebSite","@id":"https:\/\/now-news.de\/de\/#website","url":"https:\/\/now-news.de\/de\/","name":"just-now.NEWS Deutschland","description":"Das Portal f\u00fcr unzensierte Nachrichten aus der Welt","publisher":{"@id":"https:\/\/now-news.de\/de\/#organization"},"potentialAction":[{"@type":"SearchAction","target":{"@type":"EntryPoint","urlTemplate":"https:\/\/now-news.de\/de\/?s={search_term_string}"},"query-input":"required name=search_term_string"}],"inLanguage":"de"},{"@type":"Organization","@id":"https:\/\/now-news.de\/de\/#organization","name":"Just Now News","url":"https:\/\/now-news.de\/de\/","logo":{"@type":"ImageObject","inLanguage":"de","@id":"https:\/\/now-news.de\/de\/#\/schema\/logo\/image\/","url":"http:\/\/just-now.news\/de\/wp-content\/uploads\/sites\/3\/2022\/04\/logo500x500.jpg","contentUrl":"http:\/\/just-now.news\/de\/wp-content\/uploads\/sites\/3\/2022\/04\/logo500x500.jpg","width":500,"height":500,"caption":"Just Now News"},"image":{"@id":"https:\/\/now-news.de\/de\/#\/schema\/logo\/image\/"},"sameAs":["https:\/\/www.facebook.com\/wirmachenauf","https:\/\/x.com\/WirMachenAuf_de"]},{"@type":"Person","@id":"https:\/\/now-news.de\/de\/#\/schema\/person\/fb534a4e865501d8b3285208df34a9b5","name":"rtnews","image":{"@type":"ImageObject","inLanguage":"de","@id":"https:\/\/now-news.de\/de\/#\/schema\/person\/image\/","url":"https:\/\/secure.gravatar.com\/avatar\/82aafea7d8127119dd649515f56e2117?s=96&d=mm&r=g","contentUrl":"https:\/\/secure.gravatar.com\/avatar\/82aafea7d8127119dd649515f56e2117?s=96&d=mm&r=g","caption":"rtnews"},"url":"https:\/\/now-news.de\/de\/author\/rnews\/"}]}},"_links":{"self":[{"href":"https:\/\/now-news.de\/de\/wp-json\/wp\/v2\/posts\/97324"}],"collection":[{"href":"https:\/\/now-news.de\/de\/wp-json\/wp\/v2\/posts"}],"about":[{"href":"https:\/\/now-news.de\/de\/wp-json\/wp\/v2\/types\/post"}],"author":[{"embeddable":true,"href":"https:\/\/now-news.de\/de\/wp-json\/wp\/v2\/users\/3"}],"replies":[{"embeddable":true,"href":"https:\/\/now-news.de\/de\/wp-json\/wp\/v2\/comments?post=97324"}],"version-history":[{"count":0,"href":"https:\/\/now-news.de\/de\/wp-json\/wp\/v2\/posts\/97324\/revisions"}],"wp:featuredmedia":[{"embeddable":true,"href":"https:\/\/now-news.de\/de\/wp-json\/wp\/v2\/media\/97325"}],"wp:attachment":[{"href":"https:\/\/now-news.de\/de\/wp-json\/wp\/v2\/media?parent=97324"}],"wp:term":[{"taxonomy":"category","embeddable":true,"href":"https:\/\/now-news.de\/de\/wp-json\/wp\/v2\/categories?post=97324"},{"taxonomy":"post_tag","embeddable":true,"href":"https:\/\/now-news.de\/de\/wp-json\/wp\/v2\/tags?post=97324"}],"curies":[{"name":"wp","href":"https:\/\/api.w.org\/{rel}","templated":true}]}}