{"id":97308,"date":"2026-01-15T15:15:34","date_gmt":"2026-01-15T13:15:34","guid":{"rendered":"https:\/\/now-news.de\/de\/deutschland\/tuerkei-bemueht-sich-um-deeskalation-der-iran-krise-aufruf-zu-dialog-zwischen-washington-und-teheran\/"},"modified":"2026-01-15T15:15:34","modified_gmt":"2026-01-15T13:15:34","slug":"tuerkei-bemueht-sich-um-deeskalation-der-iran-krise-aufruf-zu-dialog-zwischen-washington-und-teheran","status":"publish","type":"post","link":"https:\/\/now-news.de\/de\/deutschland\/tuerkei-bemueht-sich-um-deeskalation-der-iran-krise-aufruf-zu-dialog-zwischen-washington-und-teheran\/","title":{"rendered":"T\u00fcrkei bem\u00fcht sich um Deeskalation der Iran-Krise: Aufruf zu Dialog zwischen Washington und Teheran"},"content":{"rendered":"<p><img decoding=\"async\" src=\"https:\/\/now-news.de\/de\/wp-content\/uploads\/sites\/3\/2026\/01\/6968e2cab480cc76007e6ce3.jpg\" \/><\/p>\n<div class=\"Text-root Text-type_1 \">\n                Die Situation im Iran und die US-Drohungen beunruhigen die Nachbarn des Nahostlandes. Die T\u00fcrkei ruft zu einer Deeskalation auf und hofft, dass die Krise keine Migrationswelle ausl\u00f6st. Trotzdem hat Ankara einen Plan, falls eine Evakuierung von t\u00fcrkischen B\u00fcrgern n\u00f6tig wird.\n            <\/div>\n<p><\/p>\n<div class=\"Text-root Text-type_5 ArticleView-text ViewText-root \">\n<p>Der t\u00fcrkische Au\u00dfenminister Hakan Fidan hat am Donnerstag bei einem Pressebriefing in Istanbul erkl\u00e4rt, dass sich sein Land &#8220;f\u00fcr alles interessiert, was im Iran geschieht&#8221;. Die Regierung in Ankara pl\u00e4diere f\u00fcr eine L\u00f6sung der Krise im Nachbarland durch Dialog und unternehme in diesem Zusammenhang diplomatische Anstrengungen. Die T\u00fcrkei wolle keine Wiederholung des sogenannten Zw\u00f6lf-Tage-Krieges vom Juni 2025, unterstrich Fidan.<\/p>\n<blockquote>\n<p><em>&#8220;Wir hoffen, dass sich die Situation im Iran m\u00f6glichst schnell beruhigt und dass wir kein gr\u00f6\u00dferes Drama miterleben.&#8221;<\/em><\/p>\n<\/blockquote>\n<p>Wie dem auch sei, die T\u00fcrkei ergreife erforderliche Ma\u00dfnahmen f\u00fcr den Fall, dass man eigene B\u00fcrger doch aus dem Iran evakuieren m\u00fcsste. Ein solches Szenario sei bereits durchgearbeitet worden. Es gebe entsprechende Pl\u00e4ne in Bezug auf im Iran lebende Diplomaten, Gesch\u00e4ftsleute, Studierende und andere t\u00fcrkische B\u00fcrger.<\/p>\n<p>Au\u00dferdem schloss der Chefdiplomat eine Migrationswelle aus dem Nachbarland nicht aus. Dennoch hoffte er, dass es zu dieser &#8220;Etappe&#8221; doch nicht kommen werde. Ankara werde sich weiterhin diplomatisch darum bem\u00fchen, eine Verschlechterung der Situation rund um den Iran zu verhindern, sagte Fidan. Der Minister verurteilte au\u00dferdem die Drohungen der Gewaltanwendung gegen den Iran.<\/p>\n<p>Die massenhaften Proteste im Iran waren am 28. Dezember ausgebrochen, nachdem die Nationalw\u00e4hrung Rial stark an Wert verloren hatte. In der Hauptstadt Teheran schlossen zahlreiche H\u00e4ndler ihre Gesch\u00e4fte und gingen auf die Stra\u00dfe. Seitdem kamen bei den Zusammenst\u00f6\u00dfen mit der Polizei Hunderte von Menschen ums Leben. Die Nachrichtenagentur <em>Reuters<\/em> berichtete zuletzt unter Berufung auf einen namentlich nicht genannten iranischen Beamten \u00fcber ungef\u00e4hr 2.000 Tote.<\/p>\n<p>US-Pr\u00e4sident Donald Trump drohte dem Iran mit einem milit\u00e4rischen Durchgreifen, sollte die F\u00fchrung in Teheran die Demonstrationen weiterhin gewaltsam unterdr\u00fccken. Zugleich rief er die &#8220;iranischen Patrioten&#8221; dazu auf, die Staatsinstitutionen einzunehmen, und behauptete, dass Hilfe bereits &#8220;unterwegs&#8221; sei. Sp\u00e4ter ruderte der Republikaner aber zur\u00fcck, indem er sagte, dass die iranischen Beh\u00f6rden anscheinend nicht mehr vorh\u00e4tten, Protestierende hinzurichten.<\/p>\n<p><strong>Mehr zum Thema<\/strong>\u00a0\u2013 <a rel=\"nofollow noopener\" target=\"_blank\" href=\"https:\/\/freedert.online\/der-nahe-osten\/267356-reuters-meldet-eindringversuche-bewaffneter-kurdischer\/\"><em>Reuters<\/em> warnt vor Einsickern bewaffneter kurdischer Milizen in Iran<\/a><\/p>\n<div class=\"EmbedBlock-root EmbedBlock-externalVideo EmbedBlock-rumble\">\n<div class=\"VkEmbed\"><iframe class=\"lazyload\" data-src=\"https:\/\/rumble.com\/embed\/v724n9w\" frameborder=\"0\" width=\"853\" height=\"480\" allowfullscreen><\/iframe><\/div>\n<\/div>\n<\/div>\n<p><br \/>\n<br \/><a href=\"https:\/\/de.rt.com\/der-nahe-osten\/267368-tuerkei-bemueht-sich-um-deeskalation-der-iran-krise\/\">Source link <\/a><\/p>\n","protected":false},"excerpt":{"rendered":"<p>Die Situation im Iran und die US-Drohungen beunruhigen die Nachbarn des Nahostlandes. Die T\u00fcrkei ruft zu einer Deeskalation auf und hofft, dass die Krise keine Migrationswelle ausl\u00f6st. Trotzdem hat Ankara einen Plan, falls eine Evakuierung von t\u00fcrkischen B\u00fcrgern n\u00f6tig wird. Der t\u00fcrkische Au\u00dfenminister Hakan Fidan hat am Donnerstag bei einem Pressebriefing in Istanbul erkl\u00e4rt, dass [&hellip;]<\/p>\n","protected":false},"author":3,"featured_media":97309,"comment_status":"open","ping_status":"open","sticky":false,"template":"","format":"standard","meta":{"_yoast_indexnow_last_ping":["1768485801"],"wp_automatic_camp":["217"],"963856234d424fde9823eecaaae11a2d":["T\u00fcrkei bem\u00fcht sich um Deeskalation der Iran-Krise: Aufruf zu Dialog zwischen Washington und Teheran"],"original_link":["https:\/\/de.rt.com\/der-nahe-osten\/267368-tuerkei-bemueht-sich-um-deeskalation-der-iran-krise\/"],"_thumbnail_id":["97309"],"jnews_social_counter_last_update":["1777227616"],"_wptgpro_p2tg_sent2tg":["a:1:{i:23737;s:19:\"2026-01-15 16:04:21\";}"]},"categories":[19,23],"tags":[9577,6085,34765,82,18494,65624,434,19900,1897,140,1039,436],"yoast_head":"<!-- This site is optimized with the Yoast SEO Premium plugin v22.7 (Yoast SEO v22.7) - https:\/\/yoast.com\/wordpress\/plugins\/seo\/ -->\n<title>T\u00fcrkei bem\u00fcht sich um Deeskalation der Iran-Krise: Aufruf zu Dialog zwischen Washington und Teheran - just-now.NEWS Deutschland<\/title>\n<meta name=\"robots\" content=\"index, follow, max-snippet:-1, max-image-preview:large, max-video-preview:-1\" \/>\n<link rel=\"canonical\" href=\"https:\/\/now-news.de\/de\/deutschland\/tuerkei-bemueht-sich-um-deeskalation-der-iran-krise-aufruf-zu-dialog-zwischen-washington-und-teheran\/\" \/>\n<meta property=\"og:locale\" content=\"de_DE\" \/>\n<meta property=\"og:type\" content=\"article\" \/>\n<meta property=\"og:title\" content=\"T\u00fcrkei bem\u00fcht sich um Deeskalation der Iran-Krise: Aufruf zu Dialog zwischen Washington und Teheran\" \/>\n<meta property=\"og:description\" content=\"Die Situation im Iran und die US-Drohungen beunruhigen die Nachbarn des Nahostlandes. Die T\u00fcrkei ruft zu einer Deeskalation auf und hofft, dass die Krise keine Migrationswelle ausl\u00f6st. Trotzdem hat Ankara einen Plan, falls eine Evakuierung von t\u00fcrkischen B\u00fcrgern n\u00f6tig wird. Der t\u00fcrkische Au\u00dfenminister Hakan Fidan hat am Donnerstag bei einem Pressebriefing in Istanbul erkl\u00e4rt, dass [&hellip;]\" \/>\n<meta property=\"og:url\" content=\"https:\/\/now-news.de\/de\/deutschland\/tuerkei-bemueht-sich-um-deeskalation-der-iran-krise-aufruf-zu-dialog-zwischen-washington-und-teheran\/\" \/>\n<meta property=\"og:site_name\" content=\"just-now.NEWS Deutschland\" \/>\n<meta property=\"article:publisher\" content=\"https:\/\/www.facebook.com\/wirmachenauf\" \/>\n<meta property=\"article:published_time\" content=\"2026-01-15T13:15:34+00:00\" \/>\n<meta property=\"og:image\" content=\"https:\/\/now-news.de\/de\/wp-content\/uploads\/sites\/3\/2026\/01\/6968e2cab480cc76007e6ce3.jpg\" \/>\n<meta name=\"author\" content=\"rtnews\" \/>\n<meta name=\"twitter:card\" content=\"summary_large_image\" \/>\n<meta name=\"twitter:creator\" content=\"@WirMachenAuf_de\" \/>\n<meta name=\"twitter:site\" content=\"@WirMachenAuf_de\" \/>\n<meta name=\"twitter:label1\" content=\"Verfasst von\" \/>\n\t<meta name=\"twitter:data1\" content=\"rtnews\" \/>\n\t<meta name=\"twitter:label2\" content=\"Gesch\u00e4tzte Lesezeit\" \/>\n\t<meta name=\"twitter:data2\" content=\"2\u00a0Minuten\" \/>\n<script type=\"application\/ld+json\" class=\"yoast-schema-graph\">{\"@context\":\"https:\/\/schema.org\",\"@graph\":[{\"@type\":\"Article\",\"@id\":\"https:\/\/now-news.de\/de\/deutschland\/tuerkei-bemueht-sich-um-deeskalation-der-iran-krise-aufruf-zu-dialog-zwischen-washington-und-teheran\/#article\",\"isPartOf\":{\"@id\":\"https:\/\/now-news.de\/de\/deutschland\/tuerkei-bemueht-sich-um-deeskalation-der-iran-krise-aufruf-zu-dialog-zwischen-washington-und-teheran\/\"},\"author\":{\"name\":\"rtnews\",\"@id\":\"https:\/\/now-news.de\/de\/#\/schema\/person\/fb534a4e865501d8b3285208df34a9b5\"},\"headline\":\"T\u00fcrkei bem\u00fcht sich um Deeskalation der Iran-Krise: Aufruf zu Dialog zwischen Washington und Teheran\",\"datePublished\":\"2026-01-15T13:15:34+00:00\",\"dateModified\":\"2026-01-15T13:15:34+00:00\",\"mainEntityOfPage\":{\"@id\":\"https:\/\/now-news.de\/de\/deutschland\/tuerkei-bemueht-sich-um-deeskalation-der-iran-krise-aufruf-zu-dialog-zwischen-washington-und-teheran\/\"},\"wordCount\":407,\"commentCount\":0,\"publisher\":{\"@id\":\"https:\/\/now-news.de\/de\/#organization\"},\"image\":{\"@id\":\"https:\/\/now-news.de\/de\/deutschland\/tuerkei-bemueht-sich-um-deeskalation-der-iran-krise-aufruf-zu-dialog-zwischen-washington-und-teheran\/#primaryimage\"},\"thumbnailUrl\":\"https:\/\/now-news.de\/de\/wp-content\/uploads\/sites\/3\/2026\/01\/Tuerkei-bemueht-sich-um-Deeskalation-der-Iran-Krise-Aufruf-zu-Dialog.jpg\",\"keywords\":[\"Aufruf\",\"bem\u00fcht\",\"Deeskalation\",\"der\",\"Dialog\",\"IranKrise\",\"sich\",\"Teheran\",\"T\u00fcrkei\",\"und\",\"Washington\",\"zwischen\"],\"articleSection\":[\"Deutschland\",\"Russland\"],\"inLanguage\":\"de\",\"potentialAction\":[{\"@type\":\"CommentAction\",\"name\":\"Comment\",\"target\":[\"https:\/\/now-news.de\/de\/deutschland\/tuerkei-bemueht-sich-um-deeskalation-der-iran-krise-aufruf-zu-dialog-zwischen-washington-und-teheran\/#respond\"]}]},{\"@type\":\"WebPage\",\"@id\":\"https:\/\/now-news.de\/de\/deutschland\/tuerkei-bemueht-sich-um-deeskalation-der-iran-krise-aufruf-zu-dialog-zwischen-washington-und-teheran\/\",\"url\":\"https:\/\/now-news.de\/de\/deutschland\/tuerkei-bemueht-sich-um-deeskalation-der-iran-krise-aufruf-zu-dialog-zwischen-washington-und-teheran\/\",\"name\":\"T\u00fcrkei bem\u00fcht sich um Deeskalation der Iran-Krise: Aufruf zu Dialog zwischen Washington und Teheran - just-now.NEWS Deutschland\",\"isPartOf\":{\"@id\":\"https:\/\/now-news.de\/de\/#website\"},\"primaryImageOfPage\":{\"@id\":\"https:\/\/now-news.de\/de\/deutschland\/tuerkei-bemueht-sich-um-deeskalation-der-iran-krise-aufruf-zu-dialog-zwischen-washington-und-teheran\/#primaryimage\"},\"image\":{\"@id\":\"https:\/\/now-news.de\/de\/deutschland\/tuerkei-bemueht-sich-um-deeskalation-der-iran-krise-aufruf-zu-dialog-zwischen-washington-und-teheran\/#primaryimage\"},\"thumbnailUrl\":\"https:\/\/now-news.de\/de\/wp-content\/uploads\/sites\/3\/2026\/01\/Tuerkei-bemueht-sich-um-Deeskalation-der-Iran-Krise-Aufruf-zu-Dialog.jpg\",\"datePublished\":\"2026-01-15T13:15:34+00:00\",\"dateModified\":\"2026-01-15T13:15:34+00:00\",\"breadcrumb\":{\"@id\":\"https:\/\/now-news.de\/de\/deutschland\/tuerkei-bemueht-sich-um-deeskalation-der-iran-krise-aufruf-zu-dialog-zwischen-washington-und-teheran\/#breadcrumb\"},\"inLanguage\":\"de\",\"potentialAction\":[{\"@type\":\"ReadAction\",\"target\":[\"https:\/\/now-news.de\/de\/deutschland\/tuerkei-bemueht-sich-um-deeskalation-der-iran-krise-aufruf-zu-dialog-zwischen-washington-und-teheran\/\"]}]},{\"@type\":\"ImageObject\",\"inLanguage\":\"de\",\"@id\":\"https:\/\/now-news.de\/de\/deutschland\/tuerkei-bemueht-sich-um-deeskalation-der-iran-krise-aufruf-zu-dialog-zwischen-washington-und-teheran\/#primaryimage\",\"url\":\"https:\/\/now-news.de\/de\/wp-content\/uploads\/sites\/3\/2026\/01\/Tuerkei-bemueht-sich-um-Deeskalation-der-Iran-Krise-Aufruf-zu-Dialog.jpg\",\"contentUrl\":\"https:\/\/now-news.de\/de\/wp-content\/uploads\/sites\/3\/2026\/01\/Tuerkei-bemueht-sich-um-Deeskalation-der-Iran-Krise-Aufruf-zu-Dialog.jpg\",\"width\":460,\"height\":259,\"caption\":\"T\u00fcrkei bem\u00fcht sich um Deeskalation der Iran-Krise: Aufruf zu Dialog zwischen Washington und Teheran\"},{\"@type\":\"BreadcrumbList\",\"@id\":\"https:\/\/now-news.de\/de\/deutschland\/tuerkei-bemueht-sich-um-deeskalation-der-iran-krise-aufruf-zu-dialog-zwischen-washington-und-teheran\/#breadcrumb\",\"itemListElement\":[{\"@type\":\"ListItem\",\"position\":1,\"name\":\"Home\",\"item\":\"https:\/\/now-news.de\/de\/\"},{\"@type\":\"ListItem\",\"position\":2,\"name\":\"T\u00fcrkei bem\u00fcht sich um Deeskalation der Iran-Krise: Aufruf zu Dialog zwischen Washington und Teheran\"}]},{\"@type\":\"WebSite\",\"@id\":\"https:\/\/now-news.de\/de\/#website\",\"url\":\"https:\/\/now-news.de\/de\/\",\"name\":\"just-now.NEWS Deutschland\",\"description\":\"Das Portal f\u00fcr unzensierte Nachrichten aus der Welt\",\"publisher\":{\"@id\":\"https:\/\/now-news.de\/de\/#organization\"},\"potentialAction\":[{\"@type\":\"SearchAction\",\"target\":{\"@type\":\"EntryPoint\",\"urlTemplate\":\"https:\/\/now-news.de\/de\/?s={search_term_string}\"},\"query-input\":\"required name=search_term_string\"}],\"inLanguage\":\"de\"},{\"@type\":\"Organization\",\"@id\":\"https:\/\/now-news.de\/de\/#organization\",\"name\":\"Just Now News\",\"url\":\"https:\/\/now-news.de\/de\/\",\"logo\":{\"@type\":\"ImageObject\",\"inLanguage\":\"de\",\"@id\":\"https:\/\/now-news.de\/de\/#\/schema\/logo\/image\/\",\"url\":\"http:\/\/just-now.news\/de\/wp-content\/uploads\/sites\/3\/2022\/04\/logo500x500.jpg\",\"contentUrl\":\"http:\/\/just-now.news\/de\/wp-content\/uploads\/sites\/3\/2022\/04\/logo500x500.jpg\",\"width\":500,\"height\":500,\"caption\":\"Just Now News\"},\"image\":{\"@id\":\"https:\/\/now-news.de\/de\/#\/schema\/logo\/image\/\"},\"sameAs\":[\"https:\/\/www.facebook.com\/wirmachenauf\",\"https:\/\/x.com\/WirMachenAuf_de\"]},{\"@type\":\"Person\",\"@id\":\"https:\/\/now-news.de\/de\/#\/schema\/person\/fb534a4e865501d8b3285208df34a9b5\",\"name\":\"rtnews\",\"image\":{\"@type\":\"ImageObject\",\"inLanguage\":\"de\",\"@id\":\"https:\/\/now-news.de\/de\/#\/schema\/person\/image\/\",\"url\":\"https:\/\/secure.gravatar.com\/avatar\/82aafea7d8127119dd649515f56e2117?s=96&d=mm&r=g\",\"contentUrl\":\"https:\/\/secure.gravatar.com\/avatar\/82aafea7d8127119dd649515f56e2117?s=96&d=mm&r=g\",\"caption\":\"rtnews\"},\"url\":\"https:\/\/now-news.de\/de\/author\/rnews\/\"}]}<\/script>\n<!-- \/ Yoast SEO Premium plugin. -->","yoast_head_json":{"title":"T\u00fcrkei bem\u00fcht sich um Deeskalation der Iran-Krise: Aufruf zu Dialog zwischen Washington und Teheran - just-now.NEWS Deutschland","robots":{"index":"index","follow":"follow","max-snippet":"max-snippet:-1","max-image-preview":"max-image-preview:large","max-video-preview":"max-video-preview:-1"},"canonical":"https:\/\/now-news.de\/de\/deutschland\/tuerkei-bemueht-sich-um-deeskalation-der-iran-krise-aufruf-zu-dialog-zwischen-washington-und-teheran\/","og_locale":"de_DE","og_type":"article","og_title":"T\u00fcrkei bem\u00fcht sich um Deeskalation der Iran-Krise: Aufruf zu Dialog zwischen Washington und Teheran","og_description":"Die Situation im Iran und die US-Drohungen beunruhigen die Nachbarn des Nahostlandes. Die T\u00fcrkei ruft zu einer Deeskalation auf und hofft, dass die Krise keine Migrationswelle ausl\u00f6st. Trotzdem hat Ankara einen Plan, falls eine Evakuierung von t\u00fcrkischen B\u00fcrgern n\u00f6tig wird. Der t\u00fcrkische Au\u00dfenminister Hakan Fidan hat am Donnerstag bei einem Pressebriefing in Istanbul erkl\u00e4rt, dass [&hellip;]","og_url":"https:\/\/now-news.de\/de\/deutschland\/tuerkei-bemueht-sich-um-deeskalation-der-iran-krise-aufruf-zu-dialog-zwischen-washington-und-teheran\/","og_site_name":"just-now.NEWS Deutschland","article_publisher":"https:\/\/www.facebook.com\/wirmachenauf","article_published_time":"2026-01-15T13:15:34+00:00","og_image":[{"url":"https:\/\/now-news.de\/de\/wp-content\/uploads\/sites\/3\/2026\/01\/6968e2cab480cc76007e6ce3.jpg"}],"author":"rtnews","twitter_card":"summary_large_image","twitter_creator":"@WirMachenAuf_de","twitter_site":"@WirMachenAuf_de","twitter_misc":{"Verfasst von":"rtnews","Gesch\u00e4tzte Lesezeit":"2\u00a0Minuten"},"schema":{"@context":"https:\/\/schema.org","@graph":[{"@type":"Article","@id":"https:\/\/now-news.de\/de\/deutschland\/tuerkei-bemueht-sich-um-deeskalation-der-iran-krise-aufruf-zu-dialog-zwischen-washington-und-teheran\/#article","isPartOf":{"@id":"https:\/\/now-news.de\/de\/deutschland\/tuerkei-bemueht-sich-um-deeskalation-der-iran-krise-aufruf-zu-dialog-zwischen-washington-und-teheran\/"},"author":{"name":"rtnews","@id":"https:\/\/now-news.de\/de\/#\/schema\/person\/fb534a4e865501d8b3285208df34a9b5"},"headline":"T\u00fcrkei bem\u00fcht sich um Deeskalation der Iran-Krise: Aufruf zu Dialog zwischen Washington und Teheran","datePublished":"2026-01-15T13:15:34+00:00","dateModified":"2026-01-15T13:15:34+00:00","mainEntityOfPage":{"@id":"https:\/\/now-news.de\/de\/deutschland\/tuerkei-bemueht-sich-um-deeskalation-der-iran-krise-aufruf-zu-dialog-zwischen-washington-und-teheran\/"},"wordCount":407,"commentCount":0,"publisher":{"@id":"https:\/\/now-news.de\/de\/#organization"},"image":{"@id":"https:\/\/now-news.de\/de\/deutschland\/tuerkei-bemueht-sich-um-deeskalation-der-iran-krise-aufruf-zu-dialog-zwischen-washington-und-teheran\/#primaryimage"},"thumbnailUrl":"https:\/\/now-news.de\/de\/wp-content\/uploads\/sites\/3\/2026\/01\/Tuerkei-bemueht-sich-um-Deeskalation-der-Iran-Krise-Aufruf-zu-Dialog.jpg","keywords":["Aufruf","bem\u00fcht","Deeskalation","der","Dialog","IranKrise","sich","Teheran","T\u00fcrkei","und","Washington","zwischen"],"articleSection":["Deutschland","Russland"],"inLanguage":"de","potentialAction":[{"@type":"CommentAction","name":"Comment","target":["https:\/\/now-news.de\/de\/deutschland\/tuerkei-bemueht-sich-um-deeskalation-der-iran-krise-aufruf-zu-dialog-zwischen-washington-und-teheran\/#respond"]}]},{"@type":"WebPage","@id":"https:\/\/now-news.de\/de\/deutschland\/tuerkei-bemueht-sich-um-deeskalation-der-iran-krise-aufruf-zu-dialog-zwischen-washington-und-teheran\/","url":"https:\/\/now-news.de\/de\/deutschland\/tuerkei-bemueht-sich-um-deeskalation-der-iran-krise-aufruf-zu-dialog-zwischen-washington-und-teheran\/","name":"T\u00fcrkei bem\u00fcht sich um Deeskalation der Iran-Krise: Aufruf zu Dialog zwischen Washington und Teheran - just-now.NEWS Deutschland","isPartOf":{"@id":"https:\/\/now-news.de\/de\/#website"},"primaryImageOfPage":{"@id":"https:\/\/now-news.de\/de\/deutschland\/tuerkei-bemueht-sich-um-deeskalation-der-iran-krise-aufruf-zu-dialog-zwischen-washington-und-teheran\/#primaryimage"},"image":{"@id":"https:\/\/now-news.de\/de\/deutschland\/tuerkei-bemueht-sich-um-deeskalation-der-iran-krise-aufruf-zu-dialog-zwischen-washington-und-teheran\/#primaryimage"},"thumbnailUrl":"https:\/\/now-news.de\/de\/wp-content\/uploads\/sites\/3\/2026\/01\/Tuerkei-bemueht-sich-um-Deeskalation-der-Iran-Krise-Aufruf-zu-Dialog.jpg","datePublished":"2026-01-15T13:15:34+00:00","dateModified":"2026-01-15T13:15:34+00:00","breadcrumb":{"@id":"https:\/\/now-news.de\/de\/deutschland\/tuerkei-bemueht-sich-um-deeskalation-der-iran-krise-aufruf-zu-dialog-zwischen-washington-und-teheran\/#breadcrumb"},"inLanguage":"de","potentialAction":[{"@type":"ReadAction","target":["https:\/\/now-news.de\/de\/deutschland\/tuerkei-bemueht-sich-um-deeskalation-der-iran-krise-aufruf-zu-dialog-zwischen-washington-und-teheran\/"]}]},{"@type":"ImageObject","inLanguage":"de","@id":"https:\/\/now-news.de\/de\/deutschland\/tuerkei-bemueht-sich-um-deeskalation-der-iran-krise-aufruf-zu-dialog-zwischen-washington-und-teheran\/#primaryimage","url":"https:\/\/now-news.de\/de\/wp-content\/uploads\/sites\/3\/2026\/01\/Tuerkei-bemueht-sich-um-Deeskalation-der-Iran-Krise-Aufruf-zu-Dialog.jpg","contentUrl":"https:\/\/now-news.de\/de\/wp-content\/uploads\/sites\/3\/2026\/01\/Tuerkei-bemueht-sich-um-Deeskalation-der-Iran-Krise-Aufruf-zu-Dialog.jpg","width":460,"height":259,"caption":"T\u00fcrkei bem\u00fcht sich um Deeskalation der Iran-Krise: Aufruf zu Dialog zwischen Washington und Teheran"},{"@type":"BreadcrumbList","@id":"https:\/\/now-news.de\/de\/deutschland\/tuerkei-bemueht-sich-um-deeskalation-der-iran-krise-aufruf-zu-dialog-zwischen-washington-und-teheran\/#breadcrumb","itemListElement":[{"@type":"ListItem","position":1,"name":"Home","item":"https:\/\/now-news.de\/de\/"},{"@type":"ListItem","position":2,"name":"T\u00fcrkei bem\u00fcht sich um Deeskalation der Iran-Krise: Aufruf zu Dialog zwischen Washington und Teheran"}]},{"@type":"WebSite","@id":"https:\/\/now-news.de\/de\/#website","url":"https:\/\/now-news.de\/de\/","name":"just-now.NEWS Deutschland","description":"Das Portal f\u00fcr unzensierte Nachrichten aus der Welt","publisher":{"@id":"https:\/\/now-news.de\/de\/#organization"},"potentialAction":[{"@type":"SearchAction","target":{"@type":"EntryPoint","urlTemplate":"https:\/\/now-news.de\/de\/?s={search_term_string}"},"query-input":"required name=search_term_string"}],"inLanguage":"de"},{"@type":"Organization","@id":"https:\/\/now-news.de\/de\/#organization","name":"Just Now News","url":"https:\/\/now-news.de\/de\/","logo":{"@type":"ImageObject","inLanguage":"de","@id":"https:\/\/now-news.de\/de\/#\/schema\/logo\/image\/","url":"http:\/\/just-now.news\/de\/wp-content\/uploads\/sites\/3\/2022\/04\/logo500x500.jpg","contentUrl":"http:\/\/just-now.news\/de\/wp-content\/uploads\/sites\/3\/2022\/04\/logo500x500.jpg","width":500,"height":500,"caption":"Just Now News"},"image":{"@id":"https:\/\/now-news.de\/de\/#\/schema\/logo\/image\/"},"sameAs":["https:\/\/www.facebook.com\/wirmachenauf","https:\/\/x.com\/WirMachenAuf_de"]},{"@type":"Person","@id":"https:\/\/now-news.de\/de\/#\/schema\/person\/fb534a4e865501d8b3285208df34a9b5","name":"rtnews","image":{"@type":"ImageObject","inLanguage":"de","@id":"https:\/\/now-news.de\/de\/#\/schema\/person\/image\/","url":"https:\/\/secure.gravatar.com\/avatar\/82aafea7d8127119dd649515f56e2117?s=96&d=mm&r=g","contentUrl":"https:\/\/secure.gravatar.com\/avatar\/82aafea7d8127119dd649515f56e2117?s=96&d=mm&r=g","caption":"rtnews"},"url":"https:\/\/now-news.de\/de\/author\/rnews\/"}]}},"_links":{"self":[{"href":"https:\/\/now-news.de\/de\/wp-json\/wp\/v2\/posts\/97308"}],"collection":[{"href":"https:\/\/now-news.de\/de\/wp-json\/wp\/v2\/posts"}],"about":[{"href":"https:\/\/now-news.de\/de\/wp-json\/wp\/v2\/types\/post"}],"author":[{"embeddable":true,"href":"https:\/\/now-news.de\/de\/wp-json\/wp\/v2\/users\/3"}],"replies":[{"embeddable":true,"href":"https:\/\/now-news.de\/de\/wp-json\/wp\/v2\/comments?post=97308"}],"version-history":[{"count":0,"href":"https:\/\/now-news.de\/de\/wp-json\/wp\/v2\/posts\/97308\/revisions"}],"wp:featuredmedia":[{"embeddable":true,"href":"https:\/\/now-news.de\/de\/wp-json\/wp\/v2\/media\/97309"}],"wp:attachment":[{"href":"https:\/\/now-news.de\/de\/wp-json\/wp\/v2\/media?parent=97308"}],"wp:term":[{"taxonomy":"category","embeddable":true,"href":"https:\/\/now-news.de\/de\/wp-json\/wp\/v2\/categories?post=97308"},{"taxonomy":"post_tag","embeddable":true,"href":"https:\/\/now-news.de\/de\/wp-json\/wp\/v2\/tags?post=97308"}],"curies":[{"name":"wp","href":"https:\/\/api.w.org\/{rel}","templated":true}]}}