{"id":97290,"date":"2026-01-15T12:55:51","date_gmt":"2026-01-15T10:55:51","guid":{"rendered":"https:\/\/now-news.de\/de\/deutschland\/reuters-warnt-vor-einsickern-bewaffneter-kurdischer-milizen-in-iran\/"},"modified":"2026-01-15T12:55:51","modified_gmt":"2026-01-15T10:55:51","slug":"reuters-warnt-vor-einsickern-bewaffneter-kurdischer-milizen-in-iran","status":"publish","type":"post","link":"https:\/\/now-news.de\/de\/deutschland\/reuters-warnt-vor-einsickern-bewaffneter-kurdischer-milizen-in-iran\/","title":{"rendered":"&quot;Reuters&quot; warnt vor Einsickern  bewaffneter kurdischer Milizen in Iran"},"content":{"rendered":"<p><img decoding=\"async\" src=\"https:\/\/now-news.de\/de\/wp-content\/uploads\/sites\/3\/2026\/01\/6968ba8548fbef30e26f1755.jpg\" \/><\/p>\n<div class=\"Text-root Text-type_1 \">\n                Der t\u00fcrkische Geheimdienst soll die iranischen Revolutionsgarden (IRGC) vor kurdischen K\u00e4mpfern gewarnt haben, die in den letzten Tagen die Grenze vom Irak aus \u00fcberquert haben. Inzwischen gibt es Berichte \u00fcber Zusammenst\u00f6\u00dfe zwischen iranischen Milit\u00e4rs und kurdischen K\u00e4mpfern.\n            <\/div>\n<p><\/p>\n<div class=\"Text-root Text-type_5 ArticleView-text ViewText-root \">\n<p>Wie drei mit der Angelegenheit vertraute Quellen gegen\u00fcber <em>Reuters<\/em> berichteten, versuchten bewaffnete kurdische Separatistengruppen, vom Irak aus die Grenze zum Iran zu \u00fcberqueren. Dies ist ein Zeichen daf\u00fcr, dass ausl\u00e4ndische Akteure die tagelange Unruhe im Land m\u00f6glicherweise ausnutzen wollen.<\/p>\n<p>Die drei Quellen \u2013 darunter ein hochrangiger iranischer Beamter \u2013 sprachen unter der Bedingung der Anonymit\u00e4t und berichteten, der Geheimdienst der benachbarten T\u00fcrkei habe die iranischen Revolutionsgarden (IRGC) vor kurdischen K\u00e4mpfern gewarnt, die in den letzten Tagen die Grenze vom Irak aus \u00fcberquert h\u00e4tten.<\/p>\n<p>Ein iranischer Beamter sagte, die IRGC sei mit kurdischen K\u00e4mpfern zusammengesto\u00dfen. Diese h\u00e4tten versucht, Instabilit\u00e4t zu schaffen und die Proteste auszunutzen.<\/p>\n<p>Die T\u00fcrkei, die kurdische Militante im Nordirak als Terroristen betrachtet, hat in den vergangenen Tagen gewarnt, dass eine ausl\u00e4ndische Intervention in Iran die Krisen in der Region versch\u00e4rfen w\u00fcrde.<br \/>Laut dem iranischen Beamten seien die K\u00e4mpfer aus dem Irak und der T\u00fcrkei entsandt worden. Er f\u00fcgte hinzu, dass Teheran diese L\u00e4nder aufgefordert habe, jeglichen Transfer von K\u00e4mpfern oder Waffen\u00a0nach Iran einzustellen.<\/p>\n<p>Anders als vor gut drei Jahren werden die j\u00fcngsten Proteste in Iran diesmal vor allem von der prek\u00e4ren Wirtschaftslage getragen \u2013 eine Folge westlicher Sanktionen.\u00a0Die Proteste wandten sich jedoch schnell in Form einer von massiver Gewalt gepr\u00e4gten Revolte gegen die Staatsstrukturen und Sicherheitskr\u00e4fte. Bis zum 12. Januar, als die Regierung gro\u00dfangelegte Gegendemonstrationen organisierte, hatten die Proteste bereits an Dynamik verloren.\u00a0<\/p>\n<p>Die Gegendemonstrationen wurden in den westlichen Medien weitgehend ausgeblendet, wodurch ein einseitiges Bild entstand, das die \u00f6ffentliche Wahrnehmung beeinflussen konnte. Insbesondere die brutale Gewalt bewaffneter Randalierer auf den Stra\u00dfen schreckte viele Menschen ab und hielt sie aus Angst vor einer m\u00f6glichen &#8220;Syrienisierung&#8221; des Iran zur\u00fcck.<\/p>\n<p><strong>Mehr zum Thema &#8211;<\/strong>\u00a0<a rel=\"nofollow noopener\" target=\"_blank\" href=\"https:\/\/freedert.online\/der-nahe-osten\/267251-unruhestifter-trump-droht-erneuter-us\/\">Unruhestifter Trump \u2013 Droht ein erneuter US-Angriff auf Iran?<\/a><\/p>\n<div class=\"EmbedBlock-root EmbedBlock-externalVideo EmbedBlock-rumble\">\n<div class=\"VkEmbed\"><iframe class=\"lazyload\" data-src=\"https:\/\/rumble.com\/embed\/v724rps\" frameborder=\"0\" width=\"853\" height=\"480\" allowfullscreen><\/iframe><\/div>\n<\/div>\n<\/div>\n<p><br \/>\n<br \/><a href=\"https:\/\/de.rt.com\/der-nahe-osten\/267356-reuters-meldet-eindringversuche-bewaffneter-kurdischer\/\">Source link <\/a><\/p>\n","protected":false},"excerpt":{"rendered":"<p>Der t\u00fcrkische Geheimdienst soll die iranischen Revolutionsgarden (IRGC) vor kurdischen K\u00e4mpfern gewarnt haben, die in den letzten Tagen die Grenze vom Irak aus \u00fcberquert haben. Inzwischen gibt es Berichte \u00fcber Zusammenst\u00f6\u00dfe zwischen iranischen Milit\u00e4rs und kurdischen K\u00e4mpfern. Wie drei mit der Angelegenheit vertraute Quellen gegen\u00fcber Reuters berichteten, versuchten bewaffnete kurdische Separatistengruppen, vom Irak aus die [&hellip;]<\/p>\n","protected":false},"author":3,"featured_media":97291,"comment_status":"open","ping_status":"open","sticky":false,"template":"","format":"standard","meta":{"_yoast_indexnow_last_ping":["1768475238"],"wp_automatic_camp":["217"],"5b33b500d418ed419ab55f364e1b82c8":["&quot;Reuters&quot; warnt vor Einsickern  bewaffneter kurdischer Milizen in Iran"],"original_link":["https:\/\/de.rt.com\/der-nahe-osten\/267356-reuters-meldet-eindringversuche-bewaffneter-kurdischer\/"],"_thumbnail_id":["97291"],"jnews_social_counter_last_update":["1777523603"],"_wptgpro_p2tg_sent2tg":["a:1:{i:23737;s:19:\"2026-01-15 13:08:20\";}"]},"categories":[19,23],"tags":[28041,70566,1786,61645,18715,62718,320,912],"yoast_head":"<!-- This site is optimized with the Yoast SEO Premium plugin v22.7 (Yoast SEO v22.7) - https:\/\/yoast.com\/wordpress\/plugins\/seo\/ -->\n<title>&quot;Reuters&quot; warnt vor Einsickern bewaffneter kurdischer Milizen in Iran - just-now.NEWS Deutschland<\/title>\n<meta name=\"robots\" content=\"index, follow, max-snippet:-1, max-image-preview:large, max-video-preview:-1\" \/>\n<link rel=\"canonical\" href=\"https:\/\/now-news.de\/de\/deutschland\/reuters-warnt-vor-einsickern-bewaffneter-kurdischer-milizen-in-iran\/\" \/>\n<meta property=\"og:locale\" content=\"de_DE\" \/>\n<meta property=\"og:type\" content=\"article\" \/>\n<meta property=\"og:title\" content=\"&quot;Reuters&quot; warnt vor Einsickern bewaffneter kurdischer Milizen in Iran\" \/>\n<meta property=\"og:description\" content=\"Der t\u00fcrkische Geheimdienst soll die iranischen Revolutionsgarden (IRGC) vor kurdischen K\u00e4mpfern gewarnt haben, die in den letzten Tagen die Grenze vom Irak aus \u00fcberquert haben. Inzwischen gibt es Berichte \u00fcber Zusammenst\u00f6\u00dfe zwischen iranischen Milit\u00e4rs und kurdischen K\u00e4mpfern. Wie drei mit der Angelegenheit vertraute Quellen gegen\u00fcber Reuters berichteten, versuchten bewaffnete kurdische Separatistengruppen, vom Irak aus die [&hellip;]\" \/>\n<meta property=\"og:url\" content=\"https:\/\/now-news.de\/de\/deutschland\/reuters-warnt-vor-einsickern-bewaffneter-kurdischer-milizen-in-iran\/\" \/>\n<meta property=\"og:site_name\" content=\"just-now.NEWS Deutschland\" \/>\n<meta property=\"article:publisher\" content=\"https:\/\/www.facebook.com\/wirmachenauf\" \/>\n<meta property=\"article:published_time\" content=\"2026-01-15T10:55:51+00:00\" \/>\n<meta property=\"og:image\" content=\"https:\/\/now-news.de\/de\/wp-content\/uploads\/sites\/3\/2026\/01\/6968ba8548fbef30e26f1755.jpg\" \/>\n<meta name=\"author\" content=\"rtnews\" \/>\n<meta name=\"twitter:card\" content=\"summary_large_image\" \/>\n<meta name=\"twitter:creator\" content=\"@WirMachenAuf_de\" \/>\n<meta name=\"twitter:site\" content=\"@WirMachenAuf_de\" \/>\n<meta name=\"twitter:label1\" content=\"Verfasst von\" \/>\n\t<meta name=\"twitter:data1\" content=\"rtnews\" \/>\n\t<meta name=\"twitter:label2\" content=\"Gesch\u00e4tzte Lesezeit\" \/>\n\t<meta name=\"twitter:data2\" content=\"2\u00a0Minuten\" \/>\n<script type=\"application\/ld+json\" class=\"yoast-schema-graph\">{\"@context\":\"https:\/\/schema.org\",\"@graph\":[{\"@type\":\"Article\",\"@id\":\"https:\/\/now-news.de\/de\/deutschland\/reuters-warnt-vor-einsickern-bewaffneter-kurdischer-milizen-in-iran\/#article\",\"isPartOf\":{\"@id\":\"https:\/\/now-news.de\/de\/deutschland\/reuters-warnt-vor-einsickern-bewaffneter-kurdischer-milizen-in-iran\/\"},\"author\":{\"name\":\"rtnews\",\"@id\":\"https:\/\/now-news.de\/de\/#\/schema\/person\/fb534a4e865501d8b3285208df34a9b5\"},\"headline\":\"&quot;Reuters&quot; warnt vor Einsickern bewaffneter kurdischer Milizen in Iran\",\"datePublished\":\"2026-01-15T10:55:51+00:00\",\"dateModified\":\"2026-01-15T10:55:51+00:00\",\"mainEntityOfPage\":{\"@id\":\"https:\/\/now-news.de\/de\/deutschland\/reuters-warnt-vor-einsickern-bewaffneter-kurdischer-milizen-in-iran\/\"},\"wordCount\":365,\"commentCount\":0,\"publisher\":{\"@id\":\"https:\/\/now-news.de\/de\/#organization\"},\"image\":{\"@id\":\"https:\/\/now-news.de\/de\/deutschland\/reuters-warnt-vor-einsickern-bewaffneter-kurdischer-milizen-in-iran\/#primaryimage\"},\"thumbnailUrl\":\"https:\/\/now-news.de\/de\/wp-content\/uploads\/sites\/3\/2026\/01\/quotReutersquot-warnt-vor-Einsickern-bewaffneter-kurdischer-Milizen-in-Iran.jpg\",\"keywords\":[\"Bewaffneter\",\"Einsickern\",\"Iran\",\"kurdischer\",\"Milizen\",\"quotReutersquot\",\"vor\",\"warnt\"],\"articleSection\":[\"Deutschland\",\"Russland\"],\"inLanguage\":\"de\",\"potentialAction\":[{\"@type\":\"CommentAction\",\"name\":\"Comment\",\"target\":[\"https:\/\/now-news.de\/de\/deutschland\/reuters-warnt-vor-einsickern-bewaffneter-kurdischer-milizen-in-iran\/#respond\"]}]},{\"@type\":\"WebPage\",\"@id\":\"https:\/\/now-news.de\/de\/deutschland\/reuters-warnt-vor-einsickern-bewaffneter-kurdischer-milizen-in-iran\/\",\"url\":\"https:\/\/now-news.de\/de\/deutschland\/reuters-warnt-vor-einsickern-bewaffneter-kurdischer-milizen-in-iran\/\",\"name\":\"&quot;Reuters&quot; warnt vor Einsickern bewaffneter kurdischer Milizen in Iran - just-now.NEWS Deutschland\",\"isPartOf\":{\"@id\":\"https:\/\/now-news.de\/de\/#website\"},\"primaryImageOfPage\":{\"@id\":\"https:\/\/now-news.de\/de\/deutschland\/reuters-warnt-vor-einsickern-bewaffneter-kurdischer-milizen-in-iran\/#primaryimage\"},\"image\":{\"@id\":\"https:\/\/now-news.de\/de\/deutschland\/reuters-warnt-vor-einsickern-bewaffneter-kurdischer-milizen-in-iran\/#primaryimage\"},\"thumbnailUrl\":\"https:\/\/now-news.de\/de\/wp-content\/uploads\/sites\/3\/2026\/01\/quotReutersquot-warnt-vor-Einsickern-bewaffneter-kurdischer-Milizen-in-Iran.jpg\",\"datePublished\":\"2026-01-15T10:55:51+00:00\",\"dateModified\":\"2026-01-15T10:55:51+00:00\",\"breadcrumb\":{\"@id\":\"https:\/\/now-news.de\/de\/deutschland\/reuters-warnt-vor-einsickern-bewaffneter-kurdischer-milizen-in-iran\/#breadcrumb\"},\"inLanguage\":\"de\",\"potentialAction\":[{\"@type\":\"ReadAction\",\"target\":[\"https:\/\/now-news.de\/de\/deutschland\/reuters-warnt-vor-einsickern-bewaffneter-kurdischer-milizen-in-iran\/\"]}]},{\"@type\":\"ImageObject\",\"inLanguage\":\"de\",\"@id\":\"https:\/\/now-news.de\/de\/deutschland\/reuters-warnt-vor-einsickern-bewaffneter-kurdischer-milizen-in-iran\/#primaryimage\",\"url\":\"https:\/\/now-news.de\/de\/wp-content\/uploads\/sites\/3\/2026\/01\/quotReutersquot-warnt-vor-Einsickern-bewaffneter-kurdischer-Milizen-in-Iran.jpg\",\"contentUrl\":\"https:\/\/now-news.de\/de\/wp-content\/uploads\/sites\/3\/2026\/01\/quotReutersquot-warnt-vor-Einsickern-bewaffneter-kurdischer-Milizen-in-Iran.jpg\",\"width\":460,\"height\":259,\"caption\":\"&quot;Reuters&quot; warnt vor Einsickern bewaffneter kurdischer Milizen in Iran\"},{\"@type\":\"BreadcrumbList\",\"@id\":\"https:\/\/now-news.de\/de\/deutschland\/reuters-warnt-vor-einsickern-bewaffneter-kurdischer-milizen-in-iran\/#breadcrumb\",\"itemListElement\":[{\"@type\":\"ListItem\",\"position\":1,\"name\":\"Home\",\"item\":\"https:\/\/now-news.de\/de\/\"},{\"@type\":\"ListItem\",\"position\":2,\"name\":\"&quot;Reuters&quot; warnt vor Einsickern bewaffneter kurdischer Milizen in Iran\"}]},{\"@type\":\"WebSite\",\"@id\":\"https:\/\/now-news.de\/de\/#website\",\"url\":\"https:\/\/now-news.de\/de\/\",\"name\":\"just-now.NEWS Deutschland\",\"description\":\"Das Portal f\u00fcr unzensierte Nachrichten aus der Welt\",\"publisher\":{\"@id\":\"https:\/\/now-news.de\/de\/#organization\"},\"potentialAction\":[{\"@type\":\"SearchAction\",\"target\":{\"@type\":\"EntryPoint\",\"urlTemplate\":\"https:\/\/now-news.de\/de\/?s={search_term_string}\"},\"query-input\":\"required name=search_term_string\"}],\"inLanguage\":\"de\"},{\"@type\":\"Organization\",\"@id\":\"https:\/\/now-news.de\/de\/#organization\",\"name\":\"Just Now News\",\"url\":\"https:\/\/now-news.de\/de\/\",\"logo\":{\"@type\":\"ImageObject\",\"inLanguage\":\"de\",\"@id\":\"https:\/\/now-news.de\/de\/#\/schema\/logo\/image\/\",\"url\":\"http:\/\/just-now.news\/de\/wp-content\/uploads\/sites\/3\/2022\/04\/logo500x500.jpg\",\"contentUrl\":\"http:\/\/just-now.news\/de\/wp-content\/uploads\/sites\/3\/2022\/04\/logo500x500.jpg\",\"width\":500,\"height\":500,\"caption\":\"Just Now News\"},\"image\":{\"@id\":\"https:\/\/now-news.de\/de\/#\/schema\/logo\/image\/\"},\"sameAs\":[\"https:\/\/www.facebook.com\/wirmachenauf\",\"https:\/\/x.com\/WirMachenAuf_de\"]},{\"@type\":\"Person\",\"@id\":\"https:\/\/now-news.de\/de\/#\/schema\/person\/fb534a4e865501d8b3285208df34a9b5\",\"name\":\"rtnews\",\"image\":{\"@type\":\"ImageObject\",\"inLanguage\":\"de\",\"@id\":\"https:\/\/now-news.de\/de\/#\/schema\/person\/image\/\",\"url\":\"https:\/\/secure.gravatar.com\/avatar\/82aafea7d8127119dd649515f56e2117?s=96&d=mm&r=g\",\"contentUrl\":\"https:\/\/secure.gravatar.com\/avatar\/82aafea7d8127119dd649515f56e2117?s=96&d=mm&r=g\",\"caption\":\"rtnews\"},\"url\":\"https:\/\/now-news.de\/de\/author\/rnews\/\"}]}<\/script>\n<!-- \/ Yoast SEO Premium plugin. -->","yoast_head_json":{"title":"&quot;Reuters&quot; warnt vor Einsickern bewaffneter kurdischer Milizen in Iran - just-now.NEWS Deutschland","robots":{"index":"index","follow":"follow","max-snippet":"max-snippet:-1","max-image-preview":"max-image-preview:large","max-video-preview":"max-video-preview:-1"},"canonical":"https:\/\/now-news.de\/de\/deutschland\/reuters-warnt-vor-einsickern-bewaffneter-kurdischer-milizen-in-iran\/","og_locale":"de_DE","og_type":"article","og_title":"&quot;Reuters&quot; warnt vor Einsickern bewaffneter kurdischer Milizen in Iran","og_description":"Der t\u00fcrkische Geheimdienst soll die iranischen Revolutionsgarden (IRGC) vor kurdischen K\u00e4mpfern gewarnt haben, die in den letzten Tagen die Grenze vom Irak aus \u00fcberquert haben. Inzwischen gibt es Berichte \u00fcber Zusammenst\u00f6\u00dfe zwischen iranischen Milit\u00e4rs und kurdischen K\u00e4mpfern. Wie drei mit der Angelegenheit vertraute Quellen gegen\u00fcber Reuters berichteten, versuchten bewaffnete kurdische Separatistengruppen, vom Irak aus die [&hellip;]","og_url":"https:\/\/now-news.de\/de\/deutschland\/reuters-warnt-vor-einsickern-bewaffneter-kurdischer-milizen-in-iran\/","og_site_name":"just-now.NEWS Deutschland","article_publisher":"https:\/\/www.facebook.com\/wirmachenauf","article_published_time":"2026-01-15T10:55:51+00:00","og_image":[{"url":"https:\/\/now-news.de\/de\/wp-content\/uploads\/sites\/3\/2026\/01\/6968ba8548fbef30e26f1755.jpg"}],"author":"rtnews","twitter_card":"summary_large_image","twitter_creator":"@WirMachenAuf_de","twitter_site":"@WirMachenAuf_de","twitter_misc":{"Verfasst von":"rtnews","Gesch\u00e4tzte Lesezeit":"2\u00a0Minuten"},"schema":{"@context":"https:\/\/schema.org","@graph":[{"@type":"Article","@id":"https:\/\/now-news.de\/de\/deutschland\/reuters-warnt-vor-einsickern-bewaffneter-kurdischer-milizen-in-iran\/#article","isPartOf":{"@id":"https:\/\/now-news.de\/de\/deutschland\/reuters-warnt-vor-einsickern-bewaffneter-kurdischer-milizen-in-iran\/"},"author":{"name":"rtnews","@id":"https:\/\/now-news.de\/de\/#\/schema\/person\/fb534a4e865501d8b3285208df34a9b5"},"headline":"&quot;Reuters&quot; warnt vor Einsickern bewaffneter kurdischer Milizen in Iran","datePublished":"2026-01-15T10:55:51+00:00","dateModified":"2026-01-15T10:55:51+00:00","mainEntityOfPage":{"@id":"https:\/\/now-news.de\/de\/deutschland\/reuters-warnt-vor-einsickern-bewaffneter-kurdischer-milizen-in-iran\/"},"wordCount":365,"commentCount":0,"publisher":{"@id":"https:\/\/now-news.de\/de\/#organization"},"image":{"@id":"https:\/\/now-news.de\/de\/deutschland\/reuters-warnt-vor-einsickern-bewaffneter-kurdischer-milizen-in-iran\/#primaryimage"},"thumbnailUrl":"https:\/\/now-news.de\/de\/wp-content\/uploads\/sites\/3\/2026\/01\/quotReutersquot-warnt-vor-Einsickern-bewaffneter-kurdischer-Milizen-in-Iran.jpg","keywords":["Bewaffneter","Einsickern","Iran","kurdischer","Milizen","quotReutersquot","vor","warnt"],"articleSection":["Deutschland","Russland"],"inLanguage":"de","potentialAction":[{"@type":"CommentAction","name":"Comment","target":["https:\/\/now-news.de\/de\/deutschland\/reuters-warnt-vor-einsickern-bewaffneter-kurdischer-milizen-in-iran\/#respond"]}]},{"@type":"WebPage","@id":"https:\/\/now-news.de\/de\/deutschland\/reuters-warnt-vor-einsickern-bewaffneter-kurdischer-milizen-in-iran\/","url":"https:\/\/now-news.de\/de\/deutschland\/reuters-warnt-vor-einsickern-bewaffneter-kurdischer-milizen-in-iran\/","name":"&quot;Reuters&quot; warnt vor Einsickern bewaffneter kurdischer Milizen in Iran - just-now.NEWS Deutschland","isPartOf":{"@id":"https:\/\/now-news.de\/de\/#website"},"primaryImageOfPage":{"@id":"https:\/\/now-news.de\/de\/deutschland\/reuters-warnt-vor-einsickern-bewaffneter-kurdischer-milizen-in-iran\/#primaryimage"},"image":{"@id":"https:\/\/now-news.de\/de\/deutschland\/reuters-warnt-vor-einsickern-bewaffneter-kurdischer-milizen-in-iran\/#primaryimage"},"thumbnailUrl":"https:\/\/now-news.de\/de\/wp-content\/uploads\/sites\/3\/2026\/01\/quotReutersquot-warnt-vor-Einsickern-bewaffneter-kurdischer-Milizen-in-Iran.jpg","datePublished":"2026-01-15T10:55:51+00:00","dateModified":"2026-01-15T10:55:51+00:00","breadcrumb":{"@id":"https:\/\/now-news.de\/de\/deutschland\/reuters-warnt-vor-einsickern-bewaffneter-kurdischer-milizen-in-iran\/#breadcrumb"},"inLanguage":"de","potentialAction":[{"@type":"ReadAction","target":["https:\/\/now-news.de\/de\/deutschland\/reuters-warnt-vor-einsickern-bewaffneter-kurdischer-milizen-in-iran\/"]}]},{"@type":"ImageObject","inLanguage":"de","@id":"https:\/\/now-news.de\/de\/deutschland\/reuters-warnt-vor-einsickern-bewaffneter-kurdischer-milizen-in-iran\/#primaryimage","url":"https:\/\/now-news.de\/de\/wp-content\/uploads\/sites\/3\/2026\/01\/quotReutersquot-warnt-vor-Einsickern-bewaffneter-kurdischer-Milizen-in-Iran.jpg","contentUrl":"https:\/\/now-news.de\/de\/wp-content\/uploads\/sites\/3\/2026\/01\/quotReutersquot-warnt-vor-Einsickern-bewaffneter-kurdischer-Milizen-in-Iran.jpg","width":460,"height":259,"caption":"&quot;Reuters&quot; warnt vor Einsickern bewaffneter kurdischer Milizen in Iran"},{"@type":"BreadcrumbList","@id":"https:\/\/now-news.de\/de\/deutschland\/reuters-warnt-vor-einsickern-bewaffneter-kurdischer-milizen-in-iran\/#breadcrumb","itemListElement":[{"@type":"ListItem","position":1,"name":"Home","item":"https:\/\/now-news.de\/de\/"},{"@type":"ListItem","position":2,"name":"&quot;Reuters&quot; warnt vor Einsickern bewaffneter kurdischer Milizen in Iran"}]},{"@type":"WebSite","@id":"https:\/\/now-news.de\/de\/#website","url":"https:\/\/now-news.de\/de\/","name":"just-now.NEWS Deutschland","description":"Das Portal f\u00fcr unzensierte Nachrichten aus der Welt","publisher":{"@id":"https:\/\/now-news.de\/de\/#organization"},"potentialAction":[{"@type":"SearchAction","target":{"@type":"EntryPoint","urlTemplate":"https:\/\/now-news.de\/de\/?s={search_term_string}"},"query-input":"required name=search_term_string"}],"inLanguage":"de"},{"@type":"Organization","@id":"https:\/\/now-news.de\/de\/#organization","name":"Just Now News","url":"https:\/\/now-news.de\/de\/","logo":{"@type":"ImageObject","inLanguage":"de","@id":"https:\/\/now-news.de\/de\/#\/schema\/logo\/image\/","url":"http:\/\/just-now.news\/de\/wp-content\/uploads\/sites\/3\/2022\/04\/logo500x500.jpg","contentUrl":"http:\/\/just-now.news\/de\/wp-content\/uploads\/sites\/3\/2022\/04\/logo500x500.jpg","width":500,"height":500,"caption":"Just Now News"},"image":{"@id":"https:\/\/now-news.de\/de\/#\/schema\/logo\/image\/"},"sameAs":["https:\/\/www.facebook.com\/wirmachenauf","https:\/\/x.com\/WirMachenAuf_de"]},{"@type":"Person","@id":"https:\/\/now-news.de\/de\/#\/schema\/person\/fb534a4e865501d8b3285208df34a9b5","name":"rtnews","image":{"@type":"ImageObject","inLanguage":"de","@id":"https:\/\/now-news.de\/de\/#\/schema\/person\/image\/","url":"https:\/\/secure.gravatar.com\/avatar\/82aafea7d8127119dd649515f56e2117?s=96&d=mm&r=g","contentUrl":"https:\/\/secure.gravatar.com\/avatar\/82aafea7d8127119dd649515f56e2117?s=96&d=mm&r=g","caption":"rtnews"},"url":"https:\/\/now-news.de\/de\/author\/rnews\/"}]}},"_links":{"self":[{"href":"https:\/\/now-news.de\/de\/wp-json\/wp\/v2\/posts\/97290"}],"collection":[{"href":"https:\/\/now-news.de\/de\/wp-json\/wp\/v2\/posts"}],"about":[{"href":"https:\/\/now-news.de\/de\/wp-json\/wp\/v2\/types\/post"}],"author":[{"embeddable":true,"href":"https:\/\/now-news.de\/de\/wp-json\/wp\/v2\/users\/3"}],"replies":[{"embeddable":true,"href":"https:\/\/now-news.de\/de\/wp-json\/wp\/v2\/comments?post=97290"}],"version-history":[{"count":0,"href":"https:\/\/now-news.de\/de\/wp-json\/wp\/v2\/posts\/97290\/revisions"}],"wp:featuredmedia":[{"embeddable":true,"href":"https:\/\/now-news.de\/de\/wp-json\/wp\/v2\/media\/97291"}],"wp:attachment":[{"href":"https:\/\/now-news.de\/de\/wp-json\/wp\/v2\/media?parent=97290"}],"wp:term":[{"taxonomy":"category","embeddable":true,"href":"https:\/\/now-news.de\/de\/wp-json\/wp\/v2\/categories?post=97290"},{"taxonomy":"post_tag","embeddable":true,"href":"https:\/\/now-news.de\/de\/wp-json\/wp\/v2\/tags?post=97290"}],"curies":[{"name":"wp","href":"https:\/\/api.w.org\/{rel}","templated":true}]}}