{"id":97268,"date":"2026-01-15T07:00:00","date_gmt":"2026-01-15T05:00:00","guid":{"rendered":"https:\/\/now-news.de\/de\/deutschland\/sandu-will-moldawien-abschaffen-mindestens-zwei-regionen-des-landes-sind-strikt-dagegen\/"},"modified":"2026-01-15T07:00:00","modified_gmt":"2026-01-15T05:00:00","slug":"sandu-will-moldawien-abschaffen-mindestens-zwei-regionen-des-landes-sind-strikt-dagegen","status":"publish","type":"post","link":"https:\/\/now-news.de\/de\/deutschland\/sandu-will-moldawien-abschaffen-mindestens-zwei-regionen-des-landes-sind-strikt-dagegen\/","title":{"rendered":"Sandu will Moldawien abschaffen \u2013 mindestens zwei Regionen des Landes sind strikt dagegen"},"content":{"rendered":"<p><img decoding=\"async\" src=\"https:\/\/now-news.de\/de\/wp-content\/uploads\/sites\/3\/2026\/01\/6967704948fbef2ec702ed11.jpg\" \/><\/p>\n<div class=\"Text-root Text-type_1 \">\n                Die moldawische Pr\u00e4sidentin sagte, dass sie pers\u00f6nlich f\u00fcr einen Zusammenschluss mit Rum\u00e4nien stimmen w\u00fcrde. Sie r\u00e4umte jedoch ein, dass die Mehrheit der Bev\u00f6lkerung dagegen ist. Sowohl in Moldawien als auch in Rum\u00e4nien gibt es Bef\u00fcrworter und Kritiker dieser Idee.\n            <\/div>\n<p><\/p>\n<div class=\"Text-root Text-type_5 ArticleView-text ViewText-root \">\n<p><em>Von <\/em><em>Andrei <\/em><em>Restschikow<\/em><a><\/a><strong><\/strong><\/p>\n<p>Die moldawische Pr\u00e4sidentin Maia Sandu gab zu, dass sie eine Vereinigung mit Rum\u00e4nien unterst\u00fctzen w\u00fcrde, wenn diese Frage in einem hypothetischen Referendum zur Abstimmung gestellt w\u00fcrde. Sie sagte:<strong><\/strong><\/p>\n<blockquote>\n<p><em>&#8220;Wenn wir ein Referendum h\u00e4tten, w\u00fcrde ich f\u00fcr einen Zusammenschluss mit Rum\u00e4nien stimmen. F\u00fcr ein so kleines Land wie Moldawien wird es immer schwieriger, als Demokratie und souver\u00e4nes Land zu \u00fcberleben.&#8221;<\/em><strong><\/strong><\/p>\n<\/blockquote>\n<p>Auf diese Erkl\u00e4rung reagierte der moldauische Oppositionspolitiker Ilan \u0218or. Seiner Meinung nach zeugen solche Worte davon, dass die Staatschefin die Absicht hat, Moldawien als unabh\u00e4ngiges Land zu liquidieren. Auf seinem Telegram-Kanal <a rel=\"nofollow noopener\" target=\"_blank\" href=\"https:\/\/t.me\/ilanshor\/6668\">schrieb<\/a> er:<strong><\/strong><\/p>\n<blockquote>\n<p><em>&#8220;Die M\u00f6rderin hat endlich zugegeben, dass sie nur aus einem Grund gekommen ist: um Moldawien zu t\u00f6ten.&#8221;<\/em><strong><\/strong><\/p>\n<\/blockquote>\n<p>In Moldawien wird die Idee des Unionismus in erster Linie von rechten und rechtsgerichteten politischen Kr\u00e4ften wie der Partei &#8220;Heimische Demokratie&#8221; (die 2025 ins Parlament einzog) sowie einem bedeutenden Teil der Jugend und der europaorientierten Intelligenz unterst\u00fctzt.<strong><\/strong><\/p>\n<p>Die Hauptgegner sind nach wie vor die linken Parteien (Sozialisten, Kommunisten), die russischsprachigen Gemeinschaften sowie die Bewohner der Gagausischen Autonomie (Gagausien) und Transnistrischen Moldawischen Republik (Transnistrien). Die Opposition nutzt dieses Thema h\u00e4ufig, um die amtierende Regierung zu kritisieren, und fordert den R\u00fccktritt der Pr\u00e4sidentin wegen solcher \u00c4u\u00dferungen.<strong><\/strong><\/p>\n<p>Im Mai letzten Jahres erkl\u00e4rte der rum\u00e4nische Pr\u00e4sident Nicu\u0219or Dan unmittelbar nach seinem Wahlsieg, dass Bukarest eine neue Entwicklungsphase einleiten und Moldawien im Hinblick auf eine m\u00f6gliche Vereinigung unterst\u00fctzen werde. Er versprach, dass Rum\u00e4nien &#8220;immer zur Seite stehen&#8221; werde, um Moldawien auf seinem Weg nach Europa zu unterst\u00fctzen, und \u00e4u\u00dferte die Hoffnung, dass sich die beiden L\u00e4nder in Zukunft &#8220;vereinen k\u00f6nnen&#8221;.<strong><\/strong><\/p>\n<p>Im Jahr 2023 wurde in Bukarest erkl\u00e4rt, dass Rum\u00e4nien eine Vereinigung mit Moldawien innerhalb der Europ\u00e4ischen Union (EU) unterst\u00fctzen werde, sobald das Land als unabh\u00e4ngiger Staat Mitglied der EU werde. Damals behauptete Sandu, dass die Einwohner Moldawiens einer Vereinigung mit Rum\u00e4nien nicht positiv gegen\u00fcberst\u00fcnden, obwohl etwa eine Million Einwohner des Landes einen rum\u00e4nischen Pass besitzen.<strong><\/strong><\/p>\n<p>Es sei daran erinnert, dass das Land gerade mit dem Amtsantritt von Sandu im Jahr 2020 einen Kurs der Ann\u00e4herung an Rum\u00e4nien und die EU eingeschlagen hat. Im Fr\u00fchjahr 2023 wurde die moldauische Sprache in rum\u00e4nische Sprache umbenannt, damit die Einwohner der Republik &#8220;eine der Amtssprachen der Europ\u00e4ischen Union sprechen&#8221;.<strong><\/strong><\/p>\n<p>In beiden L\u00e4ndern gibt es Bef\u00fcrworter der Idee des Unionismus, d. h. der Vereinigung Rum\u00e4niens und Moldawiens durch die Aufl\u00f6sung Moldawiens als eigenst\u00e4ndiger Staat. Laut Soziologen lehnen jedoch 54 Prozent der Moldauer einen Anschluss an Rum\u00e4nien ab. Dies geht aus einer Umfrage hervor, die im Dezember letzten Jahres vom lokalen Institut f\u00fcr soziologische Forschung IMAS <a rel=\"nofollow noopener\" target=\"_blank\" href=\"https:\/\/imas.md\/\">ver\u00f6ffentlicht<\/a> wurde. Dabei sprachen sich 29 Prozent daf\u00fcr aus, weitere 17 Prozent waren unentschlossen.<strong><\/strong><\/p>\n<p>Rum\u00e4nische Soziologiestudien zu diesem Thema haben gezeigt, dass die Meinung der Bev\u00f6lkerung im Herbst letzten Jahres fast gleichm\u00e4\u00dfig geteilt war: 47 Prozent waren daf\u00fcr, 46 Prozent dagegen. Andere Studien weisen auf Skepsis aufgrund der potenziellen wirtschaftlichen Kosten f\u00fcr die Integration des weniger wohlhabenden Nachbarn hin.<strong><\/strong><\/p>\n<p>Wladimir Scharichin, stellvertretender Direktor des Instituts der Gemeinschaft Unabh\u00e4ngiger Staaten (GUS), bemerkte:<strong><\/strong><\/p>\n<p><em>&#8220;Sandu hat sich schon vor langer Zeit indirekt f\u00fcr eine Vereinigung Moldawiens mit Rum\u00e4nien ausgesprochen \u2013 als sie die rum\u00e4nische Staatsb\u00fcrgerschaft erhielt. Wenn die Pr\u00e4sidentin des Landes rum\u00e4nische Staatsb\u00fcrgerin geworden ist, bedeutet das, dass sie dasselbe Schicksal auch f\u00fcr das von ihr gef\u00fchrte Land w\u00fcnscht.&#8221;<\/em><strong><\/strong><\/p>\n<p>Ihm zufolge spricht Sandu heute offen \u00fcber die Union und orientiert sich dabei an der Position der Europ\u00e4ischen Union. Scharichin erkl\u00e4rte:<strong><\/strong><\/p>\n<p><em>&#8220;Die EU verh\u00e4lt sich so, dass diplomatische Feinheiten nicht mehr notwendig sind \u2013 man kann sagen und tun, was man will, ohne Konsequenzen bef\u00fcrchten zu m\u00fcssen. Br\u00fcssel billigt heute jede Bewegung Moldawiens in seine Richtung.&#8221;<\/em><strong><\/strong><\/p>\n<p>Juri Samonkin, Vorsitzender des Kollegiums des Zentrums f\u00fcr Eurasienstudien, f\u00fcgte hinzu:<strong><\/strong><\/p>\n<p><em>&#8220;Vor dem Hintergrund der Aktivit\u00e4ten Donald Trumps in Bezug auf Venezuela und Gr\u00f6nland haben auch andere Politiker \u00fcber Grenzen gesprochen. Moldawien befindet sich zwischen zwei geopolitischen Machtzentren. Entgegen den nationalen Interessen spricht sich Chi\u0219in\u0103u nicht nur f\u00fcr einen Bruch der Beziehungen zu Russland aus, sondern auch f\u00fcr eine Entwicklung in Richtung Rum\u00e4nien.&#8221;<\/em><strong><\/strong><\/p>\n<p>Seiner Meinung nach w\u00fcrde eine hypothetische Union die \u00dcbernahme der Souver\u00e4nit\u00e4t, der Wirtschaft und der Au\u00dfenpolitik Moldawiens bedeuten, was &#8220;zu einer Versch\u00e4rfung der Lage, zu zivilen Auseinandersetzungen und internen Konflikten f\u00fchren w\u00fcrde&#8221;. Der Experte erkl\u00e4rte:<strong><\/strong><\/p>\n<p><em>&#8220;Das hei\u00dft, wir w\u00fcrden einen weiteren Instabilit\u00e4tsfaktor in Eurasien bekommen.&#8221;<\/em><strong><\/strong><\/p>\n<p>Er ist der Ansicht, dass die rum\u00e4nischen Eliten daran interessiert sind, Moldawien zu \u00fcbernehmen und es in eine &#8220;Pufferzone \u00e4hnlich wie die baltischen Staaten&#8221; zu verwandeln. Der Sprecher erinnerte daran:<strong><\/strong><\/p>\n<p><em>&#8220;Historisch gesehen stellte sich diese Frage bereits vor dem Zweiten Weltkrieg. Nachdem Rum\u00e4nien den Status eines Verb\u00fcndeten der Hitler-Koalition erhalten hatte, plante es, diese Territorien nach Kriegsende zu \u00fcbernehmen. Aber Deutschland, Japan und Italien verloren, sodass Rum\u00e4nien mit leeren H\u00e4nden dastand. Nach dem Zusammenbruch der UdSSR lebten die revanchistischen Stimmungen in den rum\u00e4nischen Eliten wieder auf.&#8221;<\/em><strong><\/strong><\/p>\n<p>Samonkin argumentierte:<strong><\/strong><\/p>\n<p><em>&#8220;Dabei leben die einfachen Rum\u00e4nen in schwierigen Verh\u00e4ltnissen und sind der Mythologie von den &#8216;b\u00f6sen Russen&#8217; und den Bedrohungen aus dem Osten \u00fcberdr\u00fcssig. Sie empfinden keinen Hass und verstehen nicht, warum sie sich immer noch &#8216;unter dem NATO-Stiefel&#8217; befinden. Proteststimmungen wie in Gro\u00dfbritannien, Frankreich und Deutschland k\u00f6nnten auf Rum\u00e4nien \u00fcbergreifen, wenn dessen Regierung statt sozialer Entwicklung den Milit\u00e4rhaushalt aufstockt und Projekte zur Annexion Moldawiens vorantreibt.&#8221;<\/em><strong><\/strong><\/p>\n<p>Experten sind sich einig, dass die Position von Transnistrien und Gagausien der wichtigste hemmende Faktor und eine Art Bremse f\u00fcr die Aufl\u00f6sung Moldawiens ist.<strong><\/strong><\/p>\n<p>Eine Schl\u00fcsselrolle spielt jedoch Tiraspol, da Gagausien aufgrund seiner territorialen Lage weniger M\u00f6glichkeiten hat. Dar\u00fcber hinaus ist eine Vereinigung ohne die L\u00f6sung der Transnistrien-Frage, die Rum\u00e4nien als Mitglied der NATO und der EU in seiner derzeitigen Lage nicht akzeptieren kann, rechtlich unm\u00f6glich.<strong><\/strong><\/p>\n<p>Scharichin merkte an:<strong><\/strong><\/p>\n<p><em>&#8220;Das Team von Sandu hat bereits alles entschieden, aber seine Vorsicht h\u00e4ngt gerade mit dem Faktor der Transnistrischen Moldawischen Republik zusammen. Russland betrachtet Transnistrien wie alle anderen als Teil Moldawiens. Wenn Chi\u0219in\u0103u jedoch in die EU und die NATO eintritt, w\u00fcrde dies bedeuten, dass es das Land mit eigenen H\u00e4nden spaltet, da Tiraspol eine solche Vereinigung nicht unterst\u00fctzen w\u00fcrde. Der Faktor Transnistrien h\u00e4lt auch Rum\u00e4nien zur\u00fcck \u2013 dort versteht man, dass man im Falle eines Beitritts die Transnistrische Moldawische Republik buchst\u00e4blich erobern m\u00fcsste, was Bukarest nicht will.&#8221;<\/em><strong><\/strong><\/p>\n<p>Der Politologe betonte, dass Moldawien f\u00fcr eine Union weder auf die Transnistrische Moldawische Republik noch auf Gagausien verzichten wird, da es sie als Teil seines Landes betrachtet.<strong><\/strong><\/p>\n<p>Samonkin f\u00fcgte hinzu: Wenn Chi\u0219in\u0103u beschlie\u00dft, in diesen Regionen eine Milit\u00e4roperation nach dem Vorbild der ukrainischen &#8220;ATO&#8221; (der sogenannten Anti-Terror-Operation der ukrainischen Beh\u00f6rden zur Unterdr\u00fcckung des Widerstands im Donbass) durchzuf\u00fchren, wird dies zu nichts Gutem f\u00fchren. Der Sprecher argumentierte:<strong><\/strong><\/p>\n<p><em>&#8220;Ich glaube, dass Sandu nicht zu einem so radikalen Szenario greifen wird. Derzeit verlagert sich die Front der milit\u00e4rischen Sonderoperation nach Westen, die Ukraine steht kurz vor dem Verlust ihrer Souver\u00e4nit\u00e4t.<\/em><strong><\/strong><\/p>\n<p><em>Daher w\u00fcrde ein &#8216;ATO-Szenario&#8217; f\u00fcr Moldawien zu einer Mischung aus einer zweiten Ukraine und einem zweiten Kosovo f\u00fchren.<\/em><strong><\/strong><\/p>\n<p><em>Es gibt auch einen anderen Weg \u2013 eine humanit\u00e4re und wirtschaftliche Blockade und die politische Verfolgung der Opposition, wie im Fall der ehemaligen Chefin von Gagausien, Evghenia Gu\u021bul. Aber trotz aller Blockaden leistet die Transnistrische Moldawische Republik seit mehr als 30 Jahren erfolgreich Widerstand.&#8221;<\/em><strong><\/strong><\/p>\n<p>Nach Samonkins Prognose werden Gagausien und Transnistrien ein Referendum \u00fcber den Beitritt zu Rum\u00e4nien mit allen Mitteln verhindern. Gu\u021bul hatte zuvor erkl\u00e4rt, dass die Autonomie im Falle einer solchen Vereinigung von ihrem Recht auf Selbstbestimmung Gebrauch machen werde \u2013 diese M\u00f6glichkeit ist im Gesetz \u00fcber ihren Status verankert. Der Politologe fasste zusammen:<strong><\/strong><\/p>\n<p><em>&#8220;Bei einer weiteren Integration mit Rum\u00e4nien k\u00f6nnten beide Regionen ihre eigene Autonomie schaffen. Das Problem ist nur, dass Russland keine gemeinsame Grenze mit Transnistrien hat. Dies w\u00e4re nur im Falle einer Befreiung des Gebiets Odessa im Rahmen der milit\u00e4rischen Sonderoperation m\u00f6glich.&#8221;<\/em><strong><\/strong><\/p>\n<p><em>\u00dcbersetzt aus dem\u00a0<\/em><a rel=\"nofollow noopener\" target=\"_blank\" href=\"https:\/\/vz.ru\/world\/2026\/1\/14\/1386747.html\"><em>Russischen<\/em><\/a><em>. Der Artikel ist am 14. Januar 2026 zuerst auf der Homepage der Zeitung Wsgljad erschienen.<\/em><strong><\/strong><\/p>\n<p><strong><em>Andrei Restschikow<\/em><\/strong><em>\u00a0ist Analyst bei der Zeitung Wsgljad.<\/em><\/p>\n<p><strong>Mehr zum Thema<\/strong>\u00a0\u2013\u00a0<a rel=\"nofollow noopener\" target=\"_blank\" href=\"https:\/\/freedert.online\/europa\/258680-kreml-moldawien-begeht-schwerwiegenden-fehler\/\">Kreml: Moldawien begeht &#8220;schwerwiegenden Fehler&#8221;, indem es Russland gegen sich aufbringt<\/a><\/p>\n<\/div>\n<p><br \/>\n<br \/><a href=\"https:\/\/de.rt.com\/international\/267261-sandu-will-moldawien-abschaffen-mindestens\/\">Source link <\/a><\/p>\n","protected":false},"excerpt":{"rendered":"<p>Die moldawische Pr\u00e4sidentin sagte, dass sie pers\u00f6nlich f\u00fcr einen Zusammenschluss mit Rum\u00e4nien stimmen w\u00fcrde. Sie r\u00e4umte jedoch ein, dass die Mehrheit der Bev\u00f6lkerung dagegen ist. Sowohl in Moldawien als auch in Rum\u00e4nien gibt es Bef\u00fcrworter und Kritiker dieser Idee. Von Andrei Restschikow Die moldawische Pr\u00e4sidentin Maia Sandu gab zu, dass sie eine Vereinigung mit Rum\u00e4nien [&hellip;]<\/p>\n","protected":false},"author":3,"featured_media":97269,"comment_status":"open","ping_status":"open","sticky":false,"template":"","format":"standard","meta":{"_yoast_indexnow_last_ping":["1768454061"],"wp_automatic_camp":["217"],"c0889944bc9de00b4084d94196a722eb":["Sandu will Moldawien abschaffen \u2013 mindestens zwei Regionen des Landes sind strikt dagegen"],"original_link":["https:\/\/de.rt.com\/international\/267261-sandu-will-moldawien-abschaffen-mindestens\/"],"_thumbnail_id":["97269"],"jnews_social_counter_last_update":["1777426158"],"_wptgpro_p2tg_sent2tg":["a:1:{i:23737;s:19:\"2026-01-15 07:15:21\";}"]},"categories":[19,23],"tags":[23515,29282,583,1725,3231,25732,6136,32512,1046,39516,1003],"yoast_head":"<!-- This site is optimized with the Yoast SEO Premium plugin v22.7 (Yoast SEO v22.7) - https:\/\/yoast.com\/wordpress\/plugins\/seo\/ -->\n<title>Sandu will Moldawien abschaffen \u2013 mindestens zwei Regionen des Landes sind strikt dagegen - just-now.NEWS Deutschland<\/title>\n<meta name=\"robots\" content=\"index, follow, max-snippet:-1, max-image-preview:large, max-video-preview:-1\" \/>\n<link rel=\"canonical\" href=\"https:\/\/now-news.de\/de\/deutschland\/sandu-will-moldawien-abschaffen-mindestens-zwei-regionen-des-landes-sind-strikt-dagegen\/\" \/>\n<meta property=\"og:locale\" content=\"de_DE\" \/>\n<meta property=\"og:type\" content=\"article\" \/>\n<meta property=\"og:title\" content=\"Sandu will Moldawien abschaffen \u2013 mindestens zwei Regionen des Landes sind strikt dagegen\" \/>\n<meta property=\"og:description\" content=\"Die moldawische Pr\u00e4sidentin sagte, dass sie pers\u00f6nlich f\u00fcr einen Zusammenschluss mit Rum\u00e4nien stimmen w\u00fcrde. Sie r\u00e4umte jedoch ein, dass die Mehrheit der Bev\u00f6lkerung dagegen ist. Sowohl in Moldawien als auch in Rum\u00e4nien gibt es Bef\u00fcrworter und Kritiker dieser Idee. Von Andrei Restschikow Die moldawische Pr\u00e4sidentin Maia Sandu gab zu, dass sie eine Vereinigung mit Rum\u00e4nien [&hellip;]\" \/>\n<meta property=\"og:url\" content=\"https:\/\/now-news.de\/de\/deutschland\/sandu-will-moldawien-abschaffen-mindestens-zwei-regionen-des-landes-sind-strikt-dagegen\/\" \/>\n<meta property=\"og:site_name\" content=\"just-now.NEWS Deutschland\" \/>\n<meta property=\"article:publisher\" content=\"https:\/\/www.facebook.com\/wirmachenauf\" \/>\n<meta property=\"article:published_time\" content=\"2026-01-15T05:00:00+00:00\" \/>\n<meta property=\"og:image\" content=\"https:\/\/now-news.de\/de\/wp-content\/uploads\/sites\/3\/2026\/01\/6967704948fbef2ec702ed11.jpg\" \/>\n<meta name=\"author\" content=\"rtnews\" \/>\n<meta name=\"twitter:card\" content=\"summary_large_image\" \/>\n<meta name=\"twitter:creator\" content=\"@WirMachenAuf_de\" \/>\n<meta name=\"twitter:site\" content=\"@WirMachenAuf_de\" \/>\n<meta name=\"twitter:label1\" content=\"Verfasst von\" \/>\n\t<meta name=\"twitter:data1\" content=\"rtnews\" \/>\n\t<meta name=\"twitter:label2\" content=\"Gesch\u00e4tzte Lesezeit\" \/>\n\t<meta name=\"twitter:data2\" content=\"7\u00a0Minuten\" \/>\n<script type=\"application\/ld+json\" class=\"yoast-schema-graph\">{\"@context\":\"https:\/\/schema.org\",\"@graph\":[{\"@type\":\"Article\",\"@id\":\"https:\/\/now-news.de\/de\/deutschland\/sandu-will-moldawien-abschaffen-mindestens-zwei-regionen-des-landes-sind-strikt-dagegen\/#article\",\"isPartOf\":{\"@id\":\"https:\/\/now-news.de\/de\/deutschland\/sandu-will-moldawien-abschaffen-mindestens-zwei-regionen-des-landes-sind-strikt-dagegen\/\"},\"author\":{\"name\":\"rtnews\",\"@id\":\"https:\/\/now-news.de\/de\/#\/schema\/person\/fb534a4e865501d8b3285208df34a9b5\"},\"headline\":\"Sandu will Moldawien abschaffen \u2013 mindestens zwei Regionen des Landes sind strikt dagegen\",\"datePublished\":\"2026-01-15T05:00:00+00:00\",\"dateModified\":\"2026-01-15T05:00:00+00:00\",\"mainEntityOfPage\":{\"@id\":\"https:\/\/now-news.de\/de\/deutschland\/sandu-will-moldawien-abschaffen-mindestens-zwei-regionen-des-landes-sind-strikt-dagegen\/\"},\"wordCount\":1503,\"commentCount\":0,\"publisher\":{\"@id\":\"https:\/\/now-news.de\/de\/#organization\"},\"image\":{\"@id\":\"https:\/\/now-news.de\/de\/deutschland\/sandu-will-moldawien-abschaffen-mindestens-zwei-regionen-des-landes-sind-strikt-dagegen\/#primaryimage\"},\"thumbnailUrl\":\"https:\/\/now-news.de\/de\/wp-content\/uploads\/sites\/3\/2026\/01\/Sandu-will-Moldawien-abschaffen-\u2013-mindestens-zwei-Regionen-des-Landes.jpg\",\"keywords\":[\"abschaffen\",\"dagegen\",\"des\",\"Landes\",\"Mindestens\",\"Moldawien\",\"Regionen\",\"Sandu\",\"sind\",\"strikt\",\"zwei\"],\"articleSection\":[\"Deutschland\",\"Russland\"],\"inLanguage\":\"de\",\"potentialAction\":[{\"@type\":\"CommentAction\",\"name\":\"Comment\",\"target\":[\"https:\/\/now-news.de\/de\/deutschland\/sandu-will-moldawien-abschaffen-mindestens-zwei-regionen-des-landes-sind-strikt-dagegen\/#respond\"]}]},{\"@type\":\"WebPage\",\"@id\":\"https:\/\/now-news.de\/de\/deutschland\/sandu-will-moldawien-abschaffen-mindestens-zwei-regionen-des-landes-sind-strikt-dagegen\/\",\"url\":\"https:\/\/now-news.de\/de\/deutschland\/sandu-will-moldawien-abschaffen-mindestens-zwei-regionen-des-landes-sind-strikt-dagegen\/\",\"name\":\"Sandu will Moldawien abschaffen \u2013 mindestens zwei Regionen des Landes sind strikt dagegen - just-now.NEWS Deutschland\",\"isPartOf\":{\"@id\":\"https:\/\/now-news.de\/de\/#website\"},\"primaryImageOfPage\":{\"@id\":\"https:\/\/now-news.de\/de\/deutschland\/sandu-will-moldawien-abschaffen-mindestens-zwei-regionen-des-landes-sind-strikt-dagegen\/#primaryimage\"},\"image\":{\"@id\":\"https:\/\/now-news.de\/de\/deutschland\/sandu-will-moldawien-abschaffen-mindestens-zwei-regionen-des-landes-sind-strikt-dagegen\/#primaryimage\"},\"thumbnailUrl\":\"https:\/\/now-news.de\/de\/wp-content\/uploads\/sites\/3\/2026\/01\/Sandu-will-Moldawien-abschaffen-\u2013-mindestens-zwei-Regionen-des-Landes.jpg\",\"datePublished\":\"2026-01-15T05:00:00+00:00\",\"dateModified\":\"2026-01-15T05:00:00+00:00\",\"breadcrumb\":{\"@id\":\"https:\/\/now-news.de\/de\/deutschland\/sandu-will-moldawien-abschaffen-mindestens-zwei-regionen-des-landes-sind-strikt-dagegen\/#breadcrumb\"},\"inLanguage\":\"de\",\"potentialAction\":[{\"@type\":\"ReadAction\",\"target\":[\"https:\/\/now-news.de\/de\/deutschland\/sandu-will-moldawien-abschaffen-mindestens-zwei-regionen-des-landes-sind-strikt-dagegen\/\"]}]},{\"@type\":\"ImageObject\",\"inLanguage\":\"de\",\"@id\":\"https:\/\/now-news.de\/de\/deutschland\/sandu-will-moldawien-abschaffen-mindestens-zwei-regionen-des-landes-sind-strikt-dagegen\/#primaryimage\",\"url\":\"https:\/\/now-news.de\/de\/wp-content\/uploads\/sites\/3\/2026\/01\/Sandu-will-Moldawien-abschaffen-\u2013-mindestens-zwei-Regionen-des-Landes.jpg\",\"contentUrl\":\"https:\/\/now-news.de\/de\/wp-content\/uploads\/sites\/3\/2026\/01\/Sandu-will-Moldawien-abschaffen-\u2013-mindestens-zwei-Regionen-des-Landes.jpg\",\"width\":460,\"height\":259,\"caption\":\"Sandu will Moldawien abschaffen \u2013 mindestens zwei Regionen des Landes sind strikt dagegen\"},{\"@type\":\"BreadcrumbList\",\"@id\":\"https:\/\/now-news.de\/de\/deutschland\/sandu-will-moldawien-abschaffen-mindestens-zwei-regionen-des-landes-sind-strikt-dagegen\/#breadcrumb\",\"itemListElement\":[{\"@type\":\"ListItem\",\"position\":1,\"name\":\"Home\",\"item\":\"https:\/\/now-news.de\/de\/\"},{\"@type\":\"ListItem\",\"position\":2,\"name\":\"Sandu will Moldawien abschaffen \u2013 mindestens zwei Regionen des Landes sind strikt dagegen\"}]},{\"@type\":\"WebSite\",\"@id\":\"https:\/\/now-news.de\/de\/#website\",\"url\":\"https:\/\/now-news.de\/de\/\",\"name\":\"just-now.NEWS Deutschland\",\"description\":\"Das Portal f\u00fcr unzensierte Nachrichten aus der Welt\",\"publisher\":{\"@id\":\"https:\/\/now-news.de\/de\/#organization\"},\"potentialAction\":[{\"@type\":\"SearchAction\",\"target\":{\"@type\":\"EntryPoint\",\"urlTemplate\":\"https:\/\/now-news.de\/de\/?s={search_term_string}\"},\"query-input\":\"required name=search_term_string\"}],\"inLanguage\":\"de\"},{\"@type\":\"Organization\",\"@id\":\"https:\/\/now-news.de\/de\/#organization\",\"name\":\"Just Now News\",\"url\":\"https:\/\/now-news.de\/de\/\",\"logo\":{\"@type\":\"ImageObject\",\"inLanguage\":\"de\",\"@id\":\"https:\/\/now-news.de\/de\/#\/schema\/logo\/image\/\",\"url\":\"http:\/\/just-now.news\/de\/wp-content\/uploads\/sites\/3\/2022\/04\/logo500x500.jpg\",\"contentUrl\":\"http:\/\/just-now.news\/de\/wp-content\/uploads\/sites\/3\/2022\/04\/logo500x500.jpg\",\"width\":500,\"height\":500,\"caption\":\"Just Now News\"},\"image\":{\"@id\":\"https:\/\/now-news.de\/de\/#\/schema\/logo\/image\/\"},\"sameAs\":[\"https:\/\/www.facebook.com\/wirmachenauf\",\"https:\/\/x.com\/WirMachenAuf_de\"]},{\"@type\":\"Person\",\"@id\":\"https:\/\/now-news.de\/de\/#\/schema\/person\/fb534a4e865501d8b3285208df34a9b5\",\"name\":\"rtnews\",\"image\":{\"@type\":\"ImageObject\",\"inLanguage\":\"de\",\"@id\":\"https:\/\/now-news.de\/de\/#\/schema\/person\/image\/\",\"url\":\"https:\/\/secure.gravatar.com\/avatar\/82aafea7d8127119dd649515f56e2117?s=96&d=mm&r=g\",\"contentUrl\":\"https:\/\/secure.gravatar.com\/avatar\/82aafea7d8127119dd649515f56e2117?s=96&d=mm&r=g\",\"caption\":\"rtnews\"},\"url\":\"https:\/\/now-news.de\/de\/author\/rnews\/\"}]}<\/script>\n<!-- \/ Yoast SEO Premium plugin. -->","yoast_head_json":{"title":"Sandu will Moldawien abschaffen \u2013 mindestens zwei Regionen des Landes sind strikt dagegen - just-now.NEWS Deutschland","robots":{"index":"index","follow":"follow","max-snippet":"max-snippet:-1","max-image-preview":"max-image-preview:large","max-video-preview":"max-video-preview:-1"},"canonical":"https:\/\/now-news.de\/de\/deutschland\/sandu-will-moldawien-abschaffen-mindestens-zwei-regionen-des-landes-sind-strikt-dagegen\/","og_locale":"de_DE","og_type":"article","og_title":"Sandu will Moldawien abschaffen \u2013 mindestens zwei Regionen des Landes sind strikt dagegen","og_description":"Die moldawische Pr\u00e4sidentin sagte, dass sie pers\u00f6nlich f\u00fcr einen Zusammenschluss mit Rum\u00e4nien stimmen w\u00fcrde. Sie r\u00e4umte jedoch ein, dass die Mehrheit der Bev\u00f6lkerung dagegen ist. Sowohl in Moldawien als auch in Rum\u00e4nien gibt es Bef\u00fcrworter und Kritiker dieser Idee. Von Andrei Restschikow Die moldawische Pr\u00e4sidentin Maia Sandu gab zu, dass sie eine Vereinigung mit Rum\u00e4nien [&hellip;]","og_url":"https:\/\/now-news.de\/de\/deutschland\/sandu-will-moldawien-abschaffen-mindestens-zwei-regionen-des-landes-sind-strikt-dagegen\/","og_site_name":"just-now.NEWS Deutschland","article_publisher":"https:\/\/www.facebook.com\/wirmachenauf","article_published_time":"2026-01-15T05:00:00+00:00","og_image":[{"url":"https:\/\/now-news.de\/de\/wp-content\/uploads\/sites\/3\/2026\/01\/6967704948fbef2ec702ed11.jpg"}],"author":"rtnews","twitter_card":"summary_large_image","twitter_creator":"@WirMachenAuf_de","twitter_site":"@WirMachenAuf_de","twitter_misc":{"Verfasst von":"rtnews","Gesch\u00e4tzte Lesezeit":"7\u00a0Minuten"},"schema":{"@context":"https:\/\/schema.org","@graph":[{"@type":"Article","@id":"https:\/\/now-news.de\/de\/deutschland\/sandu-will-moldawien-abschaffen-mindestens-zwei-regionen-des-landes-sind-strikt-dagegen\/#article","isPartOf":{"@id":"https:\/\/now-news.de\/de\/deutschland\/sandu-will-moldawien-abschaffen-mindestens-zwei-regionen-des-landes-sind-strikt-dagegen\/"},"author":{"name":"rtnews","@id":"https:\/\/now-news.de\/de\/#\/schema\/person\/fb534a4e865501d8b3285208df34a9b5"},"headline":"Sandu will Moldawien abschaffen \u2013 mindestens zwei Regionen des Landes sind strikt dagegen","datePublished":"2026-01-15T05:00:00+00:00","dateModified":"2026-01-15T05:00:00+00:00","mainEntityOfPage":{"@id":"https:\/\/now-news.de\/de\/deutschland\/sandu-will-moldawien-abschaffen-mindestens-zwei-regionen-des-landes-sind-strikt-dagegen\/"},"wordCount":1503,"commentCount":0,"publisher":{"@id":"https:\/\/now-news.de\/de\/#organization"},"image":{"@id":"https:\/\/now-news.de\/de\/deutschland\/sandu-will-moldawien-abschaffen-mindestens-zwei-regionen-des-landes-sind-strikt-dagegen\/#primaryimage"},"thumbnailUrl":"https:\/\/now-news.de\/de\/wp-content\/uploads\/sites\/3\/2026\/01\/Sandu-will-Moldawien-abschaffen-\u2013-mindestens-zwei-Regionen-des-Landes.jpg","keywords":["abschaffen","dagegen","des","Landes","Mindestens","Moldawien","Regionen","Sandu","sind","strikt","zwei"],"articleSection":["Deutschland","Russland"],"inLanguage":"de","potentialAction":[{"@type":"CommentAction","name":"Comment","target":["https:\/\/now-news.de\/de\/deutschland\/sandu-will-moldawien-abschaffen-mindestens-zwei-regionen-des-landes-sind-strikt-dagegen\/#respond"]}]},{"@type":"WebPage","@id":"https:\/\/now-news.de\/de\/deutschland\/sandu-will-moldawien-abschaffen-mindestens-zwei-regionen-des-landes-sind-strikt-dagegen\/","url":"https:\/\/now-news.de\/de\/deutschland\/sandu-will-moldawien-abschaffen-mindestens-zwei-regionen-des-landes-sind-strikt-dagegen\/","name":"Sandu will Moldawien abschaffen \u2013 mindestens zwei Regionen des Landes sind strikt dagegen - just-now.NEWS Deutschland","isPartOf":{"@id":"https:\/\/now-news.de\/de\/#website"},"primaryImageOfPage":{"@id":"https:\/\/now-news.de\/de\/deutschland\/sandu-will-moldawien-abschaffen-mindestens-zwei-regionen-des-landes-sind-strikt-dagegen\/#primaryimage"},"image":{"@id":"https:\/\/now-news.de\/de\/deutschland\/sandu-will-moldawien-abschaffen-mindestens-zwei-regionen-des-landes-sind-strikt-dagegen\/#primaryimage"},"thumbnailUrl":"https:\/\/now-news.de\/de\/wp-content\/uploads\/sites\/3\/2026\/01\/Sandu-will-Moldawien-abschaffen-\u2013-mindestens-zwei-Regionen-des-Landes.jpg","datePublished":"2026-01-15T05:00:00+00:00","dateModified":"2026-01-15T05:00:00+00:00","breadcrumb":{"@id":"https:\/\/now-news.de\/de\/deutschland\/sandu-will-moldawien-abschaffen-mindestens-zwei-regionen-des-landes-sind-strikt-dagegen\/#breadcrumb"},"inLanguage":"de","potentialAction":[{"@type":"ReadAction","target":["https:\/\/now-news.de\/de\/deutschland\/sandu-will-moldawien-abschaffen-mindestens-zwei-regionen-des-landes-sind-strikt-dagegen\/"]}]},{"@type":"ImageObject","inLanguage":"de","@id":"https:\/\/now-news.de\/de\/deutschland\/sandu-will-moldawien-abschaffen-mindestens-zwei-regionen-des-landes-sind-strikt-dagegen\/#primaryimage","url":"https:\/\/now-news.de\/de\/wp-content\/uploads\/sites\/3\/2026\/01\/Sandu-will-Moldawien-abschaffen-\u2013-mindestens-zwei-Regionen-des-Landes.jpg","contentUrl":"https:\/\/now-news.de\/de\/wp-content\/uploads\/sites\/3\/2026\/01\/Sandu-will-Moldawien-abschaffen-\u2013-mindestens-zwei-Regionen-des-Landes.jpg","width":460,"height":259,"caption":"Sandu will Moldawien abschaffen \u2013 mindestens zwei Regionen des Landes sind strikt dagegen"},{"@type":"BreadcrumbList","@id":"https:\/\/now-news.de\/de\/deutschland\/sandu-will-moldawien-abschaffen-mindestens-zwei-regionen-des-landes-sind-strikt-dagegen\/#breadcrumb","itemListElement":[{"@type":"ListItem","position":1,"name":"Home","item":"https:\/\/now-news.de\/de\/"},{"@type":"ListItem","position":2,"name":"Sandu will Moldawien abschaffen \u2013 mindestens zwei Regionen des Landes sind strikt dagegen"}]},{"@type":"WebSite","@id":"https:\/\/now-news.de\/de\/#website","url":"https:\/\/now-news.de\/de\/","name":"just-now.NEWS Deutschland","description":"Das Portal f\u00fcr unzensierte Nachrichten aus der Welt","publisher":{"@id":"https:\/\/now-news.de\/de\/#organization"},"potentialAction":[{"@type":"SearchAction","target":{"@type":"EntryPoint","urlTemplate":"https:\/\/now-news.de\/de\/?s={search_term_string}"},"query-input":"required name=search_term_string"}],"inLanguage":"de"},{"@type":"Organization","@id":"https:\/\/now-news.de\/de\/#organization","name":"Just Now News","url":"https:\/\/now-news.de\/de\/","logo":{"@type":"ImageObject","inLanguage":"de","@id":"https:\/\/now-news.de\/de\/#\/schema\/logo\/image\/","url":"http:\/\/just-now.news\/de\/wp-content\/uploads\/sites\/3\/2022\/04\/logo500x500.jpg","contentUrl":"http:\/\/just-now.news\/de\/wp-content\/uploads\/sites\/3\/2022\/04\/logo500x500.jpg","width":500,"height":500,"caption":"Just Now News"},"image":{"@id":"https:\/\/now-news.de\/de\/#\/schema\/logo\/image\/"},"sameAs":["https:\/\/www.facebook.com\/wirmachenauf","https:\/\/x.com\/WirMachenAuf_de"]},{"@type":"Person","@id":"https:\/\/now-news.de\/de\/#\/schema\/person\/fb534a4e865501d8b3285208df34a9b5","name":"rtnews","image":{"@type":"ImageObject","inLanguage":"de","@id":"https:\/\/now-news.de\/de\/#\/schema\/person\/image\/","url":"https:\/\/secure.gravatar.com\/avatar\/82aafea7d8127119dd649515f56e2117?s=96&d=mm&r=g","contentUrl":"https:\/\/secure.gravatar.com\/avatar\/82aafea7d8127119dd649515f56e2117?s=96&d=mm&r=g","caption":"rtnews"},"url":"https:\/\/now-news.de\/de\/author\/rnews\/"}]}},"_links":{"self":[{"href":"https:\/\/now-news.de\/de\/wp-json\/wp\/v2\/posts\/97268"}],"collection":[{"href":"https:\/\/now-news.de\/de\/wp-json\/wp\/v2\/posts"}],"about":[{"href":"https:\/\/now-news.de\/de\/wp-json\/wp\/v2\/types\/post"}],"author":[{"embeddable":true,"href":"https:\/\/now-news.de\/de\/wp-json\/wp\/v2\/users\/3"}],"replies":[{"embeddable":true,"href":"https:\/\/now-news.de\/de\/wp-json\/wp\/v2\/comments?post=97268"}],"version-history":[{"count":0,"href":"https:\/\/now-news.de\/de\/wp-json\/wp\/v2\/posts\/97268\/revisions"}],"wp:featuredmedia":[{"embeddable":true,"href":"https:\/\/now-news.de\/de\/wp-json\/wp\/v2\/media\/97269"}],"wp:attachment":[{"href":"https:\/\/now-news.de\/de\/wp-json\/wp\/v2\/media?parent=97268"}],"wp:term":[{"taxonomy":"category","embeddable":true,"href":"https:\/\/now-news.de\/de\/wp-json\/wp\/v2\/categories?post=97268"},{"taxonomy":"post_tag","embeddable":true,"href":"https:\/\/now-news.de\/de\/wp-json\/wp\/v2\/tags?post=97268"}],"curies":[{"name":"wp","href":"https:\/\/api.w.org\/{rel}","templated":true}]}}