{"id":97183,"date":"2026-01-13T16:16:21","date_gmt":"2026-01-13T14:16:21","guid":{"rendered":"https:\/\/now-news.de\/de\/deutschland\/afghanistan-gegen-auslaendische-militaerpraesenz-im-land-auch-auf-bagram-basis\/"},"modified":"2026-01-13T16:16:21","modified_gmt":"2026-01-13T14:16:21","slug":"afghanistan-gegen-auslaendische-militaerpraesenz-im-land-auch-auf-bagram-basis","status":"publish","type":"post","link":"https:\/\/now-news.de\/de\/deutschland\/afghanistan-gegen-auslaendische-militaerpraesenz-im-land-auch-auf-bagram-basis\/","title":{"rendered":"Afghanistan gegen ausl\u00e4ndische Milit\u00e4rpr\u00e4senz im Land, auch auf Bagram-Basis"},"content":{"rendered":"<p><img decoding=\"async\" src=\"https:\/\/now-news.de\/de\/wp-content\/uploads\/sites\/3\/2026\/01\/696649bcb480cc16fc2d1d55.jpg\" \/><\/p>\n<div class=\"Text-root Text-type_1 \">\n                Kabul wird keine fremden Truppenkontingente auf dem afghanischen Territorium akzeptieren, erkl\u00e4rt der Regierungssprecher Zabihullah Mujahid in einem Interview. Dies gelte auch f\u00fcr den Luftwaffenst\u00fctzpunkt Bagram, den die USA zur\u00fcckbekommen wollten.\n            <\/div>\n<p><\/p>\n<div class=\"Text-root Text-type_5 ArticleView-text ViewText-root \">\n<p>Ein Sprecher der Taliban-Regierung in Afghanistan hat ein weiteres Mal bekr\u00e4ftigt, dass Kabul jegliche ausl\u00e4ndische Milit\u00e4rpr\u00e4senz im Land ablehnt. Dies soll auch f\u00fcr Washingtons Forderungen gelten, den rund 40 Kilometer von der afghanischen Hauptstadt Kabul entfernten St\u00fctzpunkt Bagram zur\u00fcckzugeben.<\/p>\n<p>In dem Zusammenhang f\u00fchrte\u00a0der\u00a0Taliban-Sprecher Zabihullah Mujahid im Gespr\u00e4ch mit der Nachrichtenagentur\u00a0<em>RIA Nowosti<\/em>\u00a0aus:\u00a0<\/p>\n<blockquote>\n<p><em>&#8220;Der Luftwaffenst\u00fctzpunkt Bagram ist integraler Bestandteil des afghanischen Territoriums, und wir werden nicht zulassen, dass sich das Milit\u00e4r eines anderen Staates auf afghanischem Boden befindet. Diese Angelegenheit betrifft nicht nur unsere F\u00fchrung, sondern ist ein sensibles Thema f\u00fcr das gesamte Volk. Wir haben diese Position mehrfach zum Ausdruck gebracht, und die US-Amerikaner sind sich dessen sehr wohl bewusst.&#8221;<\/em><\/p>\n<\/blockquote>\n<p>Das US-Milit\u00e4r hatte die Bagram-Basis fast 20 Jahre lang f\u00fcr seine Eins\u00e4tze genutzt. Mit dem Truppenabzug aus Afghanistan im Sommer 2021 gaben die USA die Milit\u00e4reinrichtung auf, woraufhin die Taliban wieder an die Macht kamen.<\/p>\n<p>&#8220;Wir wollen diesen St\u00fctzpunkt zur\u00fcck&#8221;, erkl\u00e4rte US-Pr\u00e4sident Donald Trump Mitte September 2025 bei seinem Besuch in Gro\u00dfbritannien. Er drohte Afghanistan mit &#8220;schlimmen&#8221; Konsequenzen, sollte es sich weigern, Bagram an die USA zu \u00fcbergeben. Er erkl\u00e4rte, er erwarte die sofortige \u00dcbergabe der Basis. \u00a0<\/p>\n<p>In Reaktion auf Trumps \u00c4u\u00dferung erkl\u00e4rte Mujahid damals, dass Kabul den Luftwaffenst\u00fctzpunkt niemals an die USA \u00fcbergeben werde.<\/p>\n<p>&#8220;Bagram ist Teil Afghanistans, es gibt hier keinen Unterschied zu anderen Landesteilen&#8221;, erkl\u00e4rte der Taliban-Sprecher in einem Gespr\u00e4ch mit\u00a0<em>Al Arabiya<\/em>. &#8220;Wir werden niemals einem Abkommen oder einer \u00dcbergabe irgendeines Teils unseres Landes zustimmen.&#8221;<\/p>\n<p>\u00c4hnlich \u00e4u\u00dferte sich auch der afghanische Au\u00dfenminister Amir Khan\u00a0Muttaqi bei Gespr\u00e4chen in Moskau mit dem russischen Amtskollegen Sergei Lawrow.<\/p>\n<p><strong>Mehr zum Thema<\/strong>\u00a0\u2012 <a rel=\"nofollow noopener\" target=\"_blank\" href=\"https:\/\/freedert.online\/international\/256760-washington-afghanistan-plaene-trojanisches-pferd\/\">Washingtons Afghanistan-Pl\u00e4ne \u2013 Trojanisches Pferd f\u00fcr Russland und China<\/a><\/p>\n<div class=\"EmbedBlock-root EmbedBlock-externalVideo EmbedBlock-rumble\">\n<div class=\"VkEmbed\"><iframe class=\"lazyload\" data-src=\"https:\/\/rumble.com\/embed\/v72321q\" frameborder=\"0\" width=\"853\" height=\"480\" allowfullscreen><\/iframe><\/div>\n<\/div>\n<\/div>\n<p><br \/>\n<br \/><a href=\"https:\/\/de.rt.com\/international\/267183-afghanistan-gegen-auslaendische-militaerpraesenz-im\/\">Source link <\/a><\/p>\n","protected":false},"excerpt":{"rendered":"<p>Kabul wird keine fremden Truppenkontingente auf dem afghanischen Territorium akzeptieren, erkl\u00e4rt der Regierungssprecher Zabihullah Mujahid in einem Interview. Dies gelte auch f\u00fcr den Luftwaffenst\u00fctzpunkt Bagram, den die USA zur\u00fcckbekommen wollten. Ein Sprecher der Taliban-Regierung in Afghanistan hat ein weiteres Mal bekr\u00e4ftigt, dass Kabul jegliche ausl\u00e4ndische Milit\u00e4rpr\u00e4senz im Land ablehnt. Dies soll auch f\u00fcr Washingtons Forderungen [&hellip;]<\/p>\n","protected":false},"author":3,"featured_media":97184,"comment_status":"open","ping_status":"open","sticky":false,"template":"","format":"standard","meta":{"_yoast_indexnow_last_ping":["1768314551"],"wp_automatic_camp":["217"],"3060ba6585c1cf8a17424a1e64f4c657":["Afghanistan gegen ausl\u00e4ndische Milit\u00e4rpr\u00e4senz im Land, auch auf Bagram-Basis"],"original_link":["https:\/\/de.rt.com\/international\/267183-afghanistan-gegen-auslaendische-militaerpraesenz-im\/"],"_thumbnail_id":["97184"],"jnews_social_counter_last_update":["1777181934"],"_wptgpro_p2tg_sent2tg":["a:1:{i:23737;s:19:\"2026-01-13 16:30:12\";}"]},"categories":[19,23],"tags":[1799,1475,133,6371,67906,278,7414,23678],"yoast_head":"<!-- This site is optimized with the Yoast SEO Premium plugin v22.7 (Yoast SEO v22.7) - https:\/\/yoast.com\/wordpress\/plugins\/seo\/ -->\n<title>Afghanistan gegen ausl\u00e4ndische Milit\u00e4rpr\u00e4senz im Land, auch auf Bagram-Basis - just-now.NEWS Deutschland<\/title>\n<meta name=\"robots\" content=\"index, follow, max-snippet:-1, max-image-preview:large, max-video-preview:-1\" \/>\n<link rel=\"canonical\" href=\"https:\/\/now-news.de\/de\/deutschland\/afghanistan-gegen-auslaendische-militaerpraesenz-im-land-auch-auf-bagram-basis\/\" \/>\n<meta property=\"og:locale\" content=\"de_DE\" \/>\n<meta property=\"og:type\" content=\"article\" \/>\n<meta property=\"og:title\" content=\"Afghanistan gegen ausl\u00e4ndische Milit\u00e4rpr\u00e4senz im Land, auch auf Bagram-Basis\" \/>\n<meta property=\"og:description\" content=\"Kabul wird keine fremden Truppenkontingente auf dem afghanischen Territorium akzeptieren, erkl\u00e4rt der Regierungssprecher Zabihullah Mujahid in einem Interview. Dies gelte auch f\u00fcr den Luftwaffenst\u00fctzpunkt Bagram, den die USA zur\u00fcckbekommen wollten. Ein Sprecher der Taliban-Regierung in Afghanistan hat ein weiteres Mal bekr\u00e4ftigt, dass Kabul jegliche ausl\u00e4ndische Milit\u00e4rpr\u00e4senz im Land ablehnt. Dies soll auch f\u00fcr Washingtons Forderungen [&hellip;]\" \/>\n<meta property=\"og:url\" content=\"https:\/\/now-news.de\/de\/deutschland\/afghanistan-gegen-auslaendische-militaerpraesenz-im-land-auch-auf-bagram-basis\/\" \/>\n<meta property=\"og:site_name\" content=\"just-now.NEWS Deutschland\" \/>\n<meta property=\"article:publisher\" content=\"https:\/\/www.facebook.com\/wirmachenauf\" \/>\n<meta property=\"article:published_time\" content=\"2026-01-13T14:16:21+00:00\" \/>\n<meta property=\"og:image\" content=\"https:\/\/now-news.de\/de\/wp-content\/uploads\/sites\/3\/2026\/01\/696649bcb480cc16fc2d1d55.jpg\" \/>\n<meta name=\"author\" content=\"rtnews\" \/>\n<meta name=\"twitter:card\" content=\"summary_large_image\" \/>\n<meta name=\"twitter:creator\" content=\"@WirMachenAuf_de\" \/>\n<meta name=\"twitter:site\" content=\"@WirMachenAuf_de\" \/>\n<meta name=\"twitter:label1\" content=\"Verfasst von\" \/>\n\t<meta name=\"twitter:data1\" content=\"rtnews\" \/>\n\t<meta name=\"twitter:label2\" content=\"Gesch\u00e4tzte Lesezeit\" \/>\n\t<meta name=\"twitter:data2\" content=\"2\u00a0Minuten\" \/>\n<script type=\"application\/ld+json\" class=\"yoast-schema-graph\">{\"@context\":\"https:\/\/schema.org\",\"@graph\":[{\"@type\":\"Article\",\"@id\":\"https:\/\/now-news.de\/de\/deutschland\/afghanistan-gegen-auslaendische-militaerpraesenz-im-land-auch-auf-bagram-basis\/#article\",\"isPartOf\":{\"@id\":\"https:\/\/now-news.de\/de\/deutschland\/afghanistan-gegen-auslaendische-militaerpraesenz-im-land-auch-auf-bagram-basis\/\"},\"author\":{\"name\":\"rtnews\",\"@id\":\"https:\/\/now-news.de\/de\/#\/schema\/person\/fb534a4e865501d8b3285208df34a9b5\"},\"headline\":\"Afghanistan gegen ausl\u00e4ndische Milit\u00e4rpr\u00e4senz im Land, auch auf Bagram-Basis\",\"datePublished\":\"2026-01-13T14:16:21+00:00\",\"dateModified\":\"2026-01-13T14:16:21+00:00\",\"mainEntityOfPage\":{\"@id\":\"https:\/\/now-news.de\/de\/deutschland\/afghanistan-gegen-auslaendische-militaerpraesenz-im-land-auch-auf-bagram-basis\/\"},\"wordCount\":351,\"commentCount\":0,\"publisher\":{\"@id\":\"https:\/\/now-news.de\/de\/#organization\"},\"image\":{\"@id\":\"https:\/\/now-news.de\/de\/deutschland\/afghanistan-gegen-auslaendische-militaerpraesenz-im-land-auch-auf-bagram-basis\/#primaryimage\"},\"thumbnailUrl\":\"https:\/\/now-news.de\/de\/wp-content\/uploads\/sites\/3\/2026\/01\/Afghanistan-gegen-auslaendische-Militaerpraesenz-im-Land-auch-auf-Bagram-Basis.jpg\",\"keywords\":[\"Afghanistan\",\"auch\",\"AUF\",\"ausl\u00e4ndische\",\"BagramBasis\",\"gegen\",\"Land\",\"Milit\u00e4rpr\u00e4senz\"],\"articleSection\":[\"Deutschland\",\"Russland\"],\"inLanguage\":\"de\",\"potentialAction\":[{\"@type\":\"CommentAction\",\"name\":\"Comment\",\"target\":[\"https:\/\/now-news.de\/de\/deutschland\/afghanistan-gegen-auslaendische-militaerpraesenz-im-land-auch-auf-bagram-basis\/#respond\"]}]},{\"@type\":\"WebPage\",\"@id\":\"https:\/\/now-news.de\/de\/deutschland\/afghanistan-gegen-auslaendische-militaerpraesenz-im-land-auch-auf-bagram-basis\/\",\"url\":\"https:\/\/now-news.de\/de\/deutschland\/afghanistan-gegen-auslaendische-militaerpraesenz-im-land-auch-auf-bagram-basis\/\",\"name\":\"Afghanistan gegen ausl\u00e4ndische Milit\u00e4rpr\u00e4senz im Land, auch auf Bagram-Basis - just-now.NEWS Deutschland\",\"isPartOf\":{\"@id\":\"https:\/\/now-news.de\/de\/#website\"},\"primaryImageOfPage\":{\"@id\":\"https:\/\/now-news.de\/de\/deutschland\/afghanistan-gegen-auslaendische-militaerpraesenz-im-land-auch-auf-bagram-basis\/#primaryimage\"},\"image\":{\"@id\":\"https:\/\/now-news.de\/de\/deutschland\/afghanistan-gegen-auslaendische-militaerpraesenz-im-land-auch-auf-bagram-basis\/#primaryimage\"},\"thumbnailUrl\":\"https:\/\/now-news.de\/de\/wp-content\/uploads\/sites\/3\/2026\/01\/Afghanistan-gegen-auslaendische-Militaerpraesenz-im-Land-auch-auf-Bagram-Basis.jpg\",\"datePublished\":\"2026-01-13T14:16:21+00:00\",\"dateModified\":\"2026-01-13T14:16:21+00:00\",\"breadcrumb\":{\"@id\":\"https:\/\/now-news.de\/de\/deutschland\/afghanistan-gegen-auslaendische-militaerpraesenz-im-land-auch-auf-bagram-basis\/#breadcrumb\"},\"inLanguage\":\"de\",\"potentialAction\":[{\"@type\":\"ReadAction\",\"target\":[\"https:\/\/now-news.de\/de\/deutschland\/afghanistan-gegen-auslaendische-militaerpraesenz-im-land-auch-auf-bagram-basis\/\"]}]},{\"@type\":\"ImageObject\",\"inLanguage\":\"de\",\"@id\":\"https:\/\/now-news.de\/de\/deutschland\/afghanistan-gegen-auslaendische-militaerpraesenz-im-land-auch-auf-bagram-basis\/#primaryimage\",\"url\":\"https:\/\/now-news.de\/de\/wp-content\/uploads\/sites\/3\/2026\/01\/Afghanistan-gegen-auslaendische-Militaerpraesenz-im-Land-auch-auf-Bagram-Basis.jpg\",\"contentUrl\":\"https:\/\/now-news.de\/de\/wp-content\/uploads\/sites\/3\/2026\/01\/Afghanistan-gegen-auslaendische-Militaerpraesenz-im-Land-auch-auf-Bagram-Basis.jpg\",\"width\":460,\"height\":259,\"caption\":\"Afghanistan gegen ausl\u00e4ndische Milit\u00e4rpr\u00e4senz im Land, auch auf Bagram-Basis\"},{\"@type\":\"BreadcrumbList\",\"@id\":\"https:\/\/now-news.de\/de\/deutschland\/afghanistan-gegen-auslaendische-militaerpraesenz-im-land-auch-auf-bagram-basis\/#breadcrumb\",\"itemListElement\":[{\"@type\":\"ListItem\",\"position\":1,\"name\":\"Home\",\"item\":\"https:\/\/now-news.de\/de\/\"},{\"@type\":\"ListItem\",\"position\":2,\"name\":\"Afghanistan gegen ausl\u00e4ndische Milit\u00e4rpr\u00e4senz im Land, auch auf Bagram-Basis\"}]},{\"@type\":\"WebSite\",\"@id\":\"https:\/\/now-news.de\/de\/#website\",\"url\":\"https:\/\/now-news.de\/de\/\",\"name\":\"just-now.NEWS Deutschland\",\"description\":\"Das Portal f\u00fcr unzensierte Nachrichten aus der Welt\",\"publisher\":{\"@id\":\"https:\/\/now-news.de\/de\/#organization\"},\"potentialAction\":[{\"@type\":\"SearchAction\",\"target\":{\"@type\":\"EntryPoint\",\"urlTemplate\":\"https:\/\/now-news.de\/de\/?s={search_term_string}\"},\"query-input\":\"required name=search_term_string\"}],\"inLanguage\":\"de\"},{\"@type\":\"Organization\",\"@id\":\"https:\/\/now-news.de\/de\/#organization\",\"name\":\"Just Now News\",\"url\":\"https:\/\/now-news.de\/de\/\",\"logo\":{\"@type\":\"ImageObject\",\"inLanguage\":\"de\",\"@id\":\"https:\/\/now-news.de\/de\/#\/schema\/logo\/image\/\",\"url\":\"http:\/\/just-now.news\/de\/wp-content\/uploads\/sites\/3\/2022\/04\/logo500x500.jpg\",\"contentUrl\":\"http:\/\/just-now.news\/de\/wp-content\/uploads\/sites\/3\/2022\/04\/logo500x500.jpg\",\"width\":500,\"height\":500,\"caption\":\"Just Now News\"},\"image\":{\"@id\":\"https:\/\/now-news.de\/de\/#\/schema\/logo\/image\/\"},\"sameAs\":[\"https:\/\/www.facebook.com\/wirmachenauf\",\"https:\/\/x.com\/WirMachenAuf_de\"]},{\"@type\":\"Person\",\"@id\":\"https:\/\/now-news.de\/de\/#\/schema\/person\/fb534a4e865501d8b3285208df34a9b5\",\"name\":\"rtnews\",\"image\":{\"@type\":\"ImageObject\",\"inLanguage\":\"de\",\"@id\":\"https:\/\/now-news.de\/de\/#\/schema\/person\/image\/\",\"url\":\"https:\/\/secure.gravatar.com\/avatar\/82aafea7d8127119dd649515f56e2117?s=96&d=mm&r=g\",\"contentUrl\":\"https:\/\/secure.gravatar.com\/avatar\/82aafea7d8127119dd649515f56e2117?s=96&d=mm&r=g\",\"caption\":\"rtnews\"},\"url\":\"https:\/\/now-news.de\/de\/author\/rnews\/\"}]}<\/script>\n<!-- \/ Yoast SEO Premium plugin. -->","yoast_head_json":{"title":"Afghanistan gegen ausl\u00e4ndische Milit\u00e4rpr\u00e4senz im Land, auch auf Bagram-Basis - just-now.NEWS Deutschland","robots":{"index":"index","follow":"follow","max-snippet":"max-snippet:-1","max-image-preview":"max-image-preview:large","max-video-preview":"max-video-preview:-1"},"canonical":"https:\/\/now-news.de\/de\/deutschland\/afghanistan-gegen-auslaendische-militaerpraesenz-im-land-auch-auf-bagram-basis\/","og_locale":"de_DE","og_type":"article","og_title":"Afghanistan gegen ausl\u00e4ndische Milit\u00e4rpr\u00e4senz im Land, auch auf Bagram-Basis","og_description":"Kabul wird keine fremden Truppenkontingente auf dem afghanischen Territorium akzeptieren, erkl\u00e4rt der Regierungssprecher Zabihullah Mujahid in einem Interview. Dies gelte auch f\u00fcr den Luftwaffenst\u00fctzpunkt Bagram, den die USA zur\u00fcckbekommen wollten. Ein Sprecher der Taliban-Regierung in Afghanistan hat ein weiteres Mal bekr\u00e4ftigt, dass Kabul jegliche ausl\u00e4ndische Milit\u00e4rpr\u00e4senz im Land ablehnt. Dies soll auch f\u00fcr Washingtons Forderungen [&hellip;]","og_url":"https:\/\/now-news.de\/de\/deutschland\/afghanistan-gegen-auslaendische-militaerpraesenz-im-land-auch-auf-bagram-basis\/","og_site_name":"just-now.NEWS Deutschland","article_publisher":"https:\/\/www.facebook.com\/wirmachenauf","article_published_time":"2026-01-13T14:16:21+00:00","og_image":[{"url":"https:\/\/now-news.de\/de\/wp-content\/uploads\/sites\/3\/2026\/01\/696649bcb480cc16fc2d1d55.jpg"}],"author":"rtnews","twitter_card":"summary_large_image","twitter_creator":"@WirMachenAuf_de","twitter_site":"@WirMachenAuf_de","twitter_misc":{"Verfasst von":"rtnews","Gesch\u00e4tzte Lesezeit":"2\u00a0Minuten"},"schema":{"@context":"https:\/\/schema.org","@graph":[{"@type":"Article","@id":"https:\/\/now-news.de\/de\/deutschland\/afghanistan-gegen-auslaendische-militaerpraesenz-im-land-auch-auf-bagram-basis\/#article","isPartOf":{"@id":"https:\/\/now-news.de\/de\/deutschland\/afghanistan-gegen-auslaendische-militaerpraesenz-im-land-auch-auf-bagram-basis\/"},"author":{"name":"rtnews","@id":"https:\/\/now-news.de\/de\/#\/schema\/person\/fb534a4e865501d8b3285208df34a9b5"},"headline":"Afghanistan gegen ausl\u00e4ndische Milit\u00e4rpr\u00e4senz im Land, auch auf Bagram-Basis","datePublished":"2026-01-13T14:16:21+00:00","dateModified":"2026-01-13T14:16:21+00:00","mainEntityOfPage":{"@id":"https:\/\/now-news.de\/de\/deutschland\/afghanistan-gegen-auslaendische-militaerpraesenz-im-land-auch-auf-bagram-basis\/"},"wordCount":351,"commentCount":0,"publisher":{"@id":"https:\/\/now-news.de\/de\/#organization"},"image":{"@id":"https:\/\/now-news.de\/de\/deutschland\/afghanistan-gegen-auslaendische-militaerpraesenz-im-land-auch-auf-bagram-basis\/#primaryimage"},"thumbnailUrl":"https:\/\/now-news.de\/de\/wp-content\/uploads\/sites\/3\/2026\/01\/Afghanistan-gegen-auslaendische-Militaerpraesenz-im-Land-auch-auf-Bagram-Basis.jpg","keywords":["Afghanistan","auch","AUF","ausl\u00e4ndische","BagramBasis","gegen","Land","Milit\u00e4rpr\u00e4senz"],"articleSection":["Deutschland","Russland"],"inLanguage":"de","potentialAction":[{"@type":"CommentAction","name":"Comment","target":["https:\/\/now-news.de\/de\/deutschland\/afghanistan-gegen-auslaendische-militaerpraesenz-im-land-auch-auf-bagram-basis\/#respond"]}]},{"@type":"WebPage","@id":"https:\/\/now-news.de\/de\/deutschland\/afghanistan-gegen-auslaendische-militaerpraesenz-im-land-auch-auf-bagram-basis\/","url":"https:\/\/now-news.de\/de\/deutschland\/afghanistan-gegen-auslaendische-militaerpraesenz-im-land-auch-auf-bagram-basis\/","name":"Afghanistan gegen ausl\u00e4ndische Milit\u00e4rpr\u00e4senz im Land, auch auf Bagram-Basis - just-now.NEWS Deutschland","isPartOf":{"@id":"https:\/\/now-news.de\/de\/#website"},"primaryImageOfPage":{"@id":"https:\/\/now-news.de\/de\/deutschland\/afghanistan-gegen-auslaendische-militaerpraesenz-im-land-auch-auf-bagram-basis\/#primaryimage"},"image":{"@id":"https:\/\/now-news.de\/de\/deutschland\/afghanistan-gegen-auslaendische-militaerpraesenz-im-land-auch-auf-bagram-basis\/#primaryimage"},"thumbnailUrl":"https:\/\/now-news.de\/de\/wp-content\/uploads\/sites\/3\/2026\/01\/Afghanistan-gegen-auslaendische-Militaerpraesenz-im-Land-auch-auf-Bagram-Basis.jpg","datePublished":"2026-01-13T14:16:21+00:00","dateModified":"2026-01-13T14:16:21+00:00","breadcrumb":{"@id":"https:\/\/now-news.de\/de\/deutschland\/afghanistan-gegen-auslaendische-militaerpraesenz-im-land-auch-auf-bagram-basis\/#breadcrumb"},"inLanguage":"de","potentialAction":[{"@type":"ReadAction","target":["https:\/\/now-news.de\/de\/deutschland\/afghanistan-gegen-auslaendische-militaerpraesenz-im-land-auch-auf-bagram-basis\/"]}]},{"@type":"ImageObject","inLanguage":"de","@id":"https:\/\/now-news.de\/de\/deutschland\/afghanistan-gegen-auslaendische-militaerpraesenz-im-land-auch-auf-bagram-basis\/#primaryimage","url":"https:\/\/now-news.de\/de\/wp-content\/uploads\/sites\/3\/2026\/01\/Afghanistan-gegen-auslaendische-Militaerpraesenz-im-Land-auch-auf-Bagram-Basis.jpg","contentUrl":"https:\/\/now-news.de\/de\/wp-content\/uploads\/sites\/3\/2026\/01\/Afghanistan-gegen-auslaendische-Militaerpraesenz-im-Land-auch-auf-Bagram-Basis.jpg","width":460,"height":259,"caption":"Afghanistan gegen ausl\u00e4ndische Milit\u00e4rpr\u00e4senz im Land, auch auf Bagram-Basis"},{"@type":"BreadcrumbList","@id":"https:\/\/now-news.de\/de\/deutschland\/afghanistan-gegen-auslaendische-militaerpraesenz-im-land-auch-auf-bagram-basis\/#breadcrumb","itemListElement":[{"@type":"ListItem","position":1,"name":"Home","item":"https:\/\/now-news.de\/de\/"},{"@type":"ListItem","position":2,"name":"Afghanistan gegen ausl\u00e4ndische Milit\u00e4rpr\u00e4senz im Land, auch auf Bagram-Basis"}]},{"@type":"WebSite","@id":"https:\/\/now-news.de\/de\/#website","url":"https:\/\/now-news.de\/de\/","name":"just-now.NEWS Deutschland","description":"Das Portal f\u00fcr unzensierte Nachrichten aus der Welt","publisher":{"@id":"https:\/\/now-news.de\/de\/#organization"},"potentialAction":[{"@type":"SearchAction","target":{"@type":"EntryPoint","urlTemplate":"https:\/\/now-news.de\/de\/?s={search_term_string}"},"query-input":"required name=search_term_string"}],"inLanguage":"de"},{"@type":"Organization","@id":"https:\/\/now-news.de\/de\/#organization","name":"Just Now News","url":"https:\/\/now-news.de\/de\/","logo":{"@type":"ImageObject","inLanguage":"de","@id":"https:\/\/now-news.de\/de\/#\/schema\/logo\/image\/","url":"http:\/\/just-now.news\/de\/wp-content\/uploads\/sites\/3\/2022\/04\/logo500x500.jpg","contentUrl":"http:\/\/just-now.news\/de\/wp-content\/uploads\/sites\/3\/2022\/04\/logo500x500.jpg","width":500,"height":500,"caption":"Just Now News"},"image":{"@id":"https:\/\/now-news.de\/de\/#\/schema\/logo\/image\/"},"sameAs":["https:\/\/www.facebook.com\/wirmachenauf","https:\/\/x.com\/WirMachenAuf_de"]},{"@type":"Person","@id":"https:\/\/now-news.de\/de\/#\/schema\/person\/fb534a4e865501d8b3285208df34a9b5","name":"rtnews","image":{"@type":"ImageObject","inLanguage":"de","@id":"https:\/\/now-news.de\/de\/#\/schema\/person\/image\/","url":"https:\/\/secure.gravatar.com\/avatar\/82aafea7d8127119dd649515f56e2117?s=96&d=mm&r=g","contentUrl":"https:\/\/secure.gravatar.com\/avatar\/82aafea7d8127119dd649515f56e2117?s=96&d=mm&r=g","caption":"rtnews"},"url":"https:\/\/now-news.de\/de\/author\/rnews\/"}]}},"_links":{"self":[{"href":"https:\/\/now-news.de\/de\/wp-json\/wp\/v2\/posts\/97183"}],"collection":[{"href":"https:\/\/now-news.de\/de\/wp-json\/wp\/v2\/posts"}],"about":[{"href":"https:\/\/now-news.de\/de\/wp-json\/wp\/v2\/types\/post"}],"author":[{"embeddable":true,"href":"https:\/\/now-news.de\/de\/wp-json\/wp\/v2\/users\/3"}],"replies":[{"embeddable":true,"href":"https:\/\/now-news.de\/de\/wp-json\/wp\/v2\/comments?post=97183"}],"version-history":[{"count":0,"href":"https:\/\/now-news.de\/de\/wp-json\/wp\/v2\/posts\/97183\/revisions"}],"wp:featuredmedia":[{"embeddable":true,"href":"https:\/\/now-news.de\/de\/wp-json\/wp\/v2\/media\/97184"}],"wp:attachment":[{"href":"https:\/\/now-news.de\/de\/wp-json\/wp\/v2\/media?parent=97183"}],"wp:term":[{"taxonomy":"category","embeddable":true,"href":"https:\/\/now-news.de\/de\/wp-json\/wp\/v2\/categories?post=97183"},{"taxonomy":"post_tag","embeddable":true,"href":"https:\/\/now-news.de\/de\/wp-json\/wp\/v2\/tags?post=97183"}],"curies":[{"name":"wp","href":"https:\/\/api.w.org\/{rel}","templated":true}]}}