{"id":97147,"date":"2026-01-12T20:48:04","date_gmt":"2026-01-12T18:48:04","guid":{"rendered":"https:\/\/now-news.de\/de\/deutschland\/russischer-kommandeur-f-16-in-der-ukraine-abgeschossen\/"},"modified":"2026-01-12T20:48:04","modified_gmt":"2026-01-12T18:48:04","slug":"russischer-kommandeur-f-16-in-der-ukraine-abgeschossen","status":"publish","type":"post","link":"https:\/\/now-news.de\/de\/deutschland\/russischer-kommandeur-f-16-in-der-ukraine-abgeschossen\/","title":{"rendered":"Russischer Kommandeur: F-16 in der Ukraine abgeschossen"},"content":{"rendered":"<p><img decoding=\"async\" src=\"https:\/\/now-news.de\/de\/wp-content\/uploads\/sites\/3\/2026\/01\/696532f5b480cc5908406fcb.jpg\" \/><\/p>\n<div class=\"Text-root Text-type_1 \">\n                Ein russischer Kommandeur hat den Abschuss eines F-16-Mehrzweckkampfflugzeugs in der Ukraine gemeldet. Der Milit\u00e4rangeh\u00f6rige erkl\u00e4rte gegen\u00fcber den Journalisten, dass der in den USA hergestellte Jet durch ein S-300-Luftabwehrraketensystem au\u00dfer Gefecht gesetzt wurde.\n            <\/div>\n<p><\/p>\n<div class=\"Text-root Text-type_5 ArticleView-text ViewText-root \">\n<p>Die russische Luftabwehr hat mit zwei Raketen ein Kampfflugzeug vom Typ F-16 der ukrainischen Streitkr\u00e4fte aus US-Produktion zerst\u00f6rt. Dies berichtete der Kommandeur der Flugabwehrraketen-Division mit dem Rufnamen &#8220;Sewer&#8221; in einem Exklusivbeitrag f\u00fcr <em>Solowjew Live<\/em>:<\/p>\n<blockquote>\n<p><em>&#8220;Das interessanteste [Ziel, das wir treffen konnten], war die F-16 \u2026 Nicht mit dem ersten Schuss, sondern mit zwei Raketen. Das hei\u00dft, mit der ersten haben wir sie getroffen, mit der zweiten haben wir sie erledigt.&#8221;<\/em><\/p>\n<\/blockquote>\n<p>Sewer f\u00fcgte hinzu, dass dem Kampfeinsatz eine gr\u00fcndliche Vorbereitung vorangegangen sei. Der Milit\u00e4rangeh\u00f6rige pr\u00e4zisierte, dass er zusammen mit dem Brigadekommandeur die Operation &#8220;sehr lange&#8221; durchdacht habe. Er wies darauf hin, dass seine Einheit, die im Dezember 2024 das moderne S-300-System erhalten habe, eine enorme Anzahl verschiedener Ziele abgeschossen habe, darunter Drohnen, ATACMS-Raketen, HIMARS-Raketen und gelenkte Fliegerbomben. Er gab jedoch nicht an, wann der Jet abgeschossen wurde.<\/p>\n<p>Oberst Alexei Schirkow, Kommandeur der Flugabwehrraketenbrigade, hob seinerseits die \u00dcberlegenheit der russischen Luftabwehrsysteme gegen\u00fcber ihren westlichen Pendants hervor:<\/p>\n<blockquote>\n<p><em>&#8220;Patriot ist eine sehr alte Entwicklung, die einfach allen NATO-L\u00e4ndern aufgezwungen wurde. Unsere Systeme haben viel bessere taktisch-technische Daten. Und im Gegensatz zu Patriot haben sich unsere Systeme bereits im Krieg bew\u00e4hrt. Die Entwickler bauen unsere Systeme in der Annahme, dass sich die Mittel f\u00fcr Luftangriffe in Zukunft \u00e4ndern werden.&#8221;<\/em><\/p>\n<\/blockquote>\n<p>Schirkow zufolge sch\u00fctze das System S-300W4, mit dem die Brigade ausgestattet sei, Truppen und Siedlungen zuverl\u00e4ssig und zerst\u00f6re sowohl aerodynamische Ziele (Flugzeuge) als auch hochpr\u00e4zise Waffen effektiv. Der Oberst merkte zudem an, dass russische Soldaten speziell f\u00fcr den Kampf gegen NATO-Technik ausgebildet w\u00fcrden.<\/p>\n<p>Am 13. April 2025 gab das russische Verteidigungsministerium erstmals bekannt, dass russische Luftabwehrmittel ein Flugzeug vom Typ F-16 der ukrainischen Luftstreitkr\u00e4fte abgeschossen h\u00e4tten. Die Ukraine erhielt im August 2024 die ersten F-16 und best\u00e4tigte seitdem den Verlust von vier Maschinen im Kampf.<\/p>\n<p><strong>Mehr zum Thema<\/strong> \u2013 <a rel=\"nofollow noopener\" target=\"_blank\" href=\"https:\/\/freedert.online\/europa\/245164-ukraine-meldet-verlust-weiterer-f-16-wahrscheinlich-im-einsatz-gegen-drohnen\/\">Ukraine meldet Verlust weiterer F-16 \u2013 wahrscheinlich im Einsatz gegen Drohnen<\/a><\/p>\n<div class=\"EmbedBlock-root EmbedBlock-externalVideo EmbedBlock-rumble\">\n<div class=\"VkEmbed\"><iframe class=\"lazyload\" data-src=\"https:\/\/rumble.com\/embed\/v6w1c8i\" frameborder=\"0\" width=\"853\" height=\"480\" allowfullscreen><\/iframe><\/div>\n<\/div>\n<\/div>\n<p><br \/>\n<br \/><a href=\"https:\/\/de.rt.com\/international\/267116-russischer-kommandeur-f-16-in\/\">Source link <\/a><\/p>\n","protected":false},"excerpt":{"rendered":"<p>Ein russischer Kommandeur hat den Abschuss eines F-16-Mehrzweckkampfflugzeugs in der Ukraine gemeldet. Der Milit\u00e4rangeh\u00f6rige erkl\u00e4rte gegen\u00fcber den Journalisten, dass der in den USA hergestellte Jet durch ein S-300-Luftabwehrraketensystem au\u00dfer Gefecht gesetzt wurde. Die russische Luftabwehr hat mit zwei Raketen ein Kampfflugzeug vom Typ F-16 der ukrainischen Streitkr\u00e4fte aus US-Produktion zerst\u00f6rt. Dies berichtete der Kommandeur der [&hellip;]<\/p>\n","protected":false},"author":3,"featured_media":97148,"comment_status":"open","ping_status":"open","sticky":false,"template":"","format":"standard","meta":{"_yoast_indexnow_last_ping":["1768244293"],"wp_automatic_camp":["217"],"3baabc0a880ec130fe808211365f920b":["Russischer Kommandeur: F-16 in der Ukraine abgeschossen"],"original_link":["https:\/\/de.rt.com\/international\/267116-russischer-kommandeur-f-16-in\/"],"_thumbnail_id":["97148"],"jnews_social_counter_last_update":["1777406422"],"_wptgpro_p2tg_sent2tg":["a:1:{i:23737;s:19:\"2026-01-12 20:59:14\";}"]},"categories":[19,23],"tags":[36034,82,26456,1533,793,127],"yoast_head":"<!-- This site is optimized with the Yoast SEO Premium plugin v22.7 (Yoast SEO v22.7) - https:\/\/yoast.com\/wordpress\/plugins\/seo\/ -->\n<title>Russischer Kommandeur: F-16 in der Ukraine abgeschossen - just-now.NEWS Deutschland<\/title>\n<meta name=\"robots\" content=\"index, follow, max-snippet:-1, max-image-preview:large, max-video-preview:-1\" \/>\n<link rel=\"canonical\" href=\"https:\/\/now-news.de\/de\/deutschland\/russischer-kommandeur-f-16-in-der-ukraine-abgeschossen\/\" \/>\n<meta property=\"og:locale\" content=\"de_DE\" \/>\n<meta property=\"og:type\" content=\"article\" \/>\n<meta property=\"og:title\" content=\"Russischer Kommandeur: F-16 in der Ukraine abgeschossen\" \/>\n<meta property=\"og:description\" content=\"Ein russischer Kommandeur hat den Abschuss eines F-16-Mehrzweckkampfflugzeugs in der Ukraine gemeldet. Der Milit\u00e4rangeh\u00f6rige erkl\u00e4rte gegen\u00fcber den Journalisten, dass der in den USA hergestellte Jet durch ein S-300-Luftabwehrraketensystem au\u00dfer Gefecht gesetzt wurde. Die russische Luftabwehr hat mit zwei Raketen ein Kampfflugzeug vom Typ F-16 der ukrainischen Streitkr\u00e4fte aus US-Produktion zerst\u00f6rt. Dies berichtete der Kommandeur der [&hellip;]\" \/>\n<meta property=\"og:url\" content=\"https:\/\/now-news.de\/de\/deutschland\/russischer-kommandeur-f-16-in-der-ukraine-abgeschossen\/\" \/>\n<meta property=\"og:site_name\" content=\"just-now.NEWS Deutschland\" \/>\n<meta property=\"article:publisher\" content=\"https:\/\/www.facebook.com\/wirmachenauf\" \/>\n<meta property=\"article:published_time\" content=\"2026-01-12T18:48:04+00:00\" \/>\n<meta property=\"og:image\" content=\"https:\/\/now-news.de\/de\/wp-content\/uploads\/sites\/3\/2026\/01\/696532f5b480cc5908406fcb.jpg\" \/>\n<meta name=\"author\" content=\"rtnews\" \/>\n<meta name=\"twitter:card\" content=\"summary_large_image\" \/>\n<meta name=\"twitter:creator\" content=\"@WirMachenAuf_de\" \/>\n<meta name=\"twitter:site\" content=\"@WirMachenAuf_de\" \/>\n<meta name=\"twitter:label1\" content=\"Verfasst von\" \/>\n\t<meta name=\"twitter:data1\" content=\"rtnews\" \/>\n\t<meta name=\"twitter:label2\" content=\"Gesch\u00e4tzte Lesezeit\" \/>\n\t<meta name=\"twitter:data2\" content=\"2\u00a0Minuten\" \/>\n<script type=\"application\/ld+json\" class=\"yoast-schema-graph\">{\"@context\":\"https:\/\/schema.org\",\"@graph\":[{\"@type\":\"Article\",\"@id\":\"https:\/\/now-news.de\/de\/deutschland\/russischer-kommandeur-f-16-in-der-ukraine-abgeschossen\/#article\",\"isPartOf\":{\"@id\":\"https:\/\/now-news.de\/de\/deutschland\/russischer-kommandeur-f-16-in-der-ukraine-abgeschossen\/\"},\"author\":{\"name\":\"rtnews\",\"@id\":\"https:\/\/now-news.de\/de\/#\/schema\/person\/fb534a4e865501d8b3285208df34a9b5\"},\"headline\":\"Russischer Kommandeur: F-16 in der Ukraine abgeschossen\",\"datePublished\":\"2026-01-12T18:48:04+00:00\",\"dateModified\":\"2026-01-12T18:48:04+00:00\",\"mainEntityOfPage\":{\"@id\":\"https:\/\/now-news.de\/de\/deutschland\/russischer-kommandeur-f-16-in-der-ukraine-abgeschossen\/\"},\"wordCount\":370,\"commentCount\":0,\"publisher\":{\"@id\":\"https:\/\/now-news.de\/de\/#organization\"},\"image\":{\"@id\":\"https:\/\/now-news.de\/de\/deutschland\/russischer-kommandeur-f-16-in-der-ukraine-abgeschossen\/#primaryimage\"},\"thumbnailUrl\":\"https:\/\/now-news.de\/de\/wp-content\/uploads\/sites\/3\/2026\/01\/Russischer-Kommandeur-F-16-in-der-Ukraine-abgeschossen.jpg\",\"keywords\":[\"abgeschossen\",\"der\",\"F16\",\"Kommandeur\",\"Russischer\",\"ukraine\"],\"articleSection\":[\"Deutschland\",\"Russland\"],\"inLanguage\":\"de\",\"potentialAction\":[{\"@type\":\"CommentAction\",\"name\":\"Comment\",\"target\":[\"https:\/\/now-news.de\/de\/deutschland\/russischer-kommandeur-f-16-in-der-ukraine-abgeschossen\/#respond\"]}]},{\"@type\":\"WebPage\",\"@id\":\"https:\/\/now-news.de\/de\/deutschland\/russischer-kommandeur-f-16-in-der-ukraine-abgeschossen\/\",\"url\":\"https:\/\/now-news.de\/de\/deutschland\/russischer-kommandeur-f-16-in-der-ukraine-abgeschossen\/\",\"name\":\"Russischer Kommandeur: F-16 in der Ukraine abgeschossen - just-now.NEWS Deutschland\",\"isPartOf\":{\"@id\":\"https:\/\/now-news.de\/de\/#website\"},\"primaryImageOfPage\":{\"@id\":\"https:\/\/now-news.de\/de\/deutschland\/russischer-kommandeur-f-16-in-der-ukraine-abgeschossen\/#primaryimage\"},\"image\":{\"@id\":\"https:\/\/now-news.de\/de\/deutschland\/russischer-kommandeur-f-16-in-der-ukraine-abgeschossen\/#primaryimage\"},\"thumbnailUrl\":\"https:\/\/now-news.de\/de\/wp-content\/uploads\/sites\/3\/2026\/01\/Russischer-Kommandeur-F-16-in-der-Ukraine-abgeschossen.jpg\",\"datePublished\":\"2026-01-12T18:48:04+00:00\",\"dateModified\":\"2026-01-12T18:48:04+00:00\",\"breadcrumb\":{\"@id\":\"https:\/\/now-news.de\/de\/deutschland\/russischer-kommandeur-f-16-in-der-ukraine-abgeschossen\/#breadcrumb\"},\"inLanguage\":\"de\",\"potentialAction\":[{\"@type\":\"ReadAction\",\"target\":[\"https:\/\/now-news.de\/de\/deutschland\/russischer-kommandeur-f-16-in-der-ukraine-abgeschossen\/\"]}]},{\"@type\":\"ImageObject\",\"inLanguage\":\"de\",\"@id\":\"https:\/\/now-news.de\/de\/deutschland\/russischer-kommandeur-f-16-in-der-ukraine-abgeschossen\/#primaryimage\",\"url\":\"https:\/\/now-news.de\/de\/wp-content\/uploads\/sites\/3\/2026\/01\/Russischer-Kommandeur-F-16-in-der-Ukraine-abgeschossen.jpg\",\"contentUrl\":\"https:\/\/now-news.de\/de\/wp-content\/uploads\/sites\/3\/2026\/01\/Russischer-Kommandeur-F-16-in-der-Ukraine-abgeschossen.jpg\",\"width\":460,\"height\":259,\"caption\":\"Russischer Kommandeur: F-16 in der Ukraine abgeschossen\"},{\"@type\":\"BreadcrumbList\",\"@id\":\"https:\/\/now-news.de\/de\/deutschland\/russischer-kommandeur-f-16-in-der-ukraine-abgeschossen\/#breadcrumb\",\"itemListElement\":[{\"@type\":\"ListItem\",\"position\":1,\"name\":\"Home\",\"item\":\"https:\/\/now-news.de\/de\/\"},{\"@type\":\"ListItem\",\"position\":2,\"name\":\"Russischer Kommandeur: F-16 in der Ukraine abgeschossen\"}]},{\"@type\":\"WebSite\",\"@id\":\"https:\/\/now-news.de\/de\/#website\",\"url\":\"https:\/\/now-news.de\/de\/\",\"name\":\"just-now.NEWS Deutschland\",\"description\":\"Das Portal f\u00fcr unzensierte Nachrichten aus der Welt\",\"publisher\":{\"@id\":\"https:\/\/now-news.de\/de\/#organization\"},\"potentialAction\":[{\"@type\":\"SearchAction\",\"target\":{\"@type\":\"EntryPoint\",\"urlTemplate\":\"https:\/\/now-news.de\/de\/?s={search_term_string}\"},\"query-input\":\"required name=search_term_string\"}],\"inLanguage\":\"de\"},{\"@type\":\"Organization\",\"@id\":\"https:\/\/now-news.de\/de\/#organization\",\"name\":\"Just Now News\",\"url\":\"https:\/\/now-news.de\/de\/\",\"logo\":{\"@type\":\"ImageObject\",\"inLanguage\":\"de\",\"@id\":\"https:\/\/now-news.de\/de\/#\/schema\/logo\/image\/\",\"url\":\"http:\/\/just-now.news\/de\/wp-content\/uploads\/sites\/3\/2022\/04\/logo500x500.jpg\",\"contentUrl\":\"http:\/\/just-now.news\/de\/wp-content\/uploads\/sites\/3\/2022\/04\/logo500x500.jpg\",\"width\":500,\"height\":500,\"caption\":\"Just Now News\"},\"image\":{\"@id\":\"https:\/\/now-news.de\/de\/#\/schema\/logo\/image\/\"},\"sameAs\":[\"https:\/\/www.facebook.com\/wirmachenauf\",\"https:\/\/x.com\/WirMachenAuf_de\"]},{\"@type\":\"Person\",\"@id\":\"https:\/\/now-news.de\/de\/#\/schema\/person\/fb534a4e865501d8b3285208df34a9b5\",\"name\":\"rtnews\",\"image\":{\"@type\":\"ImageObject\",\"inLanguage\":\"de\",\"@id\":\"https:\/\/now-news.de\/de\/#\/schema\/person\/image\/\",\"url\":\"https:\/\/secure.gravatar.com\/avatar\/82aafea7d8127119dd649515f56e2117?s=96&d=mm&r=g\",\"contentUrl\":\"https:\/\/secure.gravatar.com\/avatar\/82aafea7d8127119dd649515f56e2117?s=96&d=mm&r=g\",\"caption\":\"rtnews\"},\"url\":\"https:\/\/now-news.de\/de\/author\/rnews\/\"}]}<\/script>\n<!-- \/ Yoast SEO Premium plugin. -->","yoast_head_json":{"title":"Russischer Kommandeur: F-16 in der Ukraine abgeschossen - just-now.NEWS Deutschland","robots":{"index":"index","follow":"follow","max-snippet":"max-snippet:-1","max-image-preview":"max-image-preview:large","max-video-preview":"max-video-preview:-1"},"canonical":"https:\/\/now-news.de\/de\/deutschland\/russischer-kommandeur-f-16-in-der-ukraine-abgeschossen\/","og_locale":"de_DE","og_type":"article","og_title":"Russischer Kommandeur: F-16 in der Ukraine abgeschossen","og_description":"Ein russischer Kommandeur hat den Abschuss eines F-16-Mehrzweckkampfflugzeugs in der Ukraine gemeldet. Der Milit\u00e4rangeh\u00f6rige erkl\u00e4rte gegen\u00fcber den Journalisten, dass der in den USA hergestellte Jet durch ein S-300-Luftabwehrraketensystem au\u00dfer Gefecht gesetzt wurde. Die russische Luftabwehr hat mit zwei Raketen ein Kampfflugzeug vom Typ F-16 der ukrainischen Streitkr\u00e4fte aus US-Produktion zerst\u00f6rt. Dies berichtete der Kommandeur der [&hellip;]","og_url":"https:\/\/now-news.de\/de\/deutschland\/russischer-kommandeur-f-16-in-der-ukraine-abgeschossen\/","og_site_name":"just-now.NEWS Deutschland","article_publisher":"https:\/\/www.facebook.com\/wirmachenauf","article_published_time":"2026-01-12T18:48:04+00:00","og_image":[{"url":"https:\/\/now-news.de\/de\/wp-content\/uploads\/sites\/3\/2026\/01\/696532f5b480cc5908406fcb.jpg"}],"author":"rtnews","twitter_card":"summary_large_image","twitter_creator":"@WirMachenAuf_de","twitter_site":"@WirMachenAuf_de","twitter_misc":{"Verfasst von":"rtnews","Gesch\u00e4tzte Lesezeit":"2\u00a0Minuten"},"schema":{"@context":"https:\/\/schema.org","@graph":[{"@type":"Article","@id":"https:\/\/now-news.de\/de\/deutschland\/russischer-kommandeur-f-16-in-der-ukraine-abgeschossen\/#article","isPartOf":{"@id":"https:\/\/now-news.de\/de\/deutschland\/russischer-kommandeur-f-16-in-der-ukraine-abgeschossen\/"},"author":{"name":"rtnews","@id":"https:\/\/now-news.de\/de\/#\/schema\/person\/fb534a4e865501d8b3285208df34a9b5"},"headline":"Russischer Kommandeur: F-16 in der Ukraine abgeschossen","datePublished":"2026-01-12T18:48:04+00:00","dateModified":"2026-01-12T18:48:04+00:00","mainEntityOfPage":{"@id":"https:\/\/now-news.de\/de\/deutschland\/russischer-kommandeur-f-16-in-der-ukraine-abgeschossen\/"},"wordCount":370,"commentCount":0,"publisher":{"@id":"https:\/\/now-news.de\/de\/#organization"},"image":{"@id":"https:\/\/now-news.de\/de\/deutschland\/russischer-kommandeur-f-16-in-der-ukraine-abgeschossen\/#primaryimage"},"thumbnailUrl":"https:\/\/now-news.de\/de\/wp-content\/uploads\/sites\/3\/2026\/01\/Russischer-Kommandeur-F-16-in-der-Ukraine-abgeschossen.jpg","keywords":["abgeschossen","der","F16","Kommandeur","Russischer","ukraine"],"articleSection":["Deutschland","Russland"],"inLanguage":"de","potentialAction":[{"@type":"CommentAction","name":"Comment","target":["https:\/\/now-news.de\/de\/deutschland\/russischer-kommandeur-f-16-in-der-ukraine-abgeschossen\/#respond"]}]},{"@type":"WebPage","@id":"https:\/\/now-news.de\/de\/deutschland\/russischer-kommandeur-f-16-in-der-ukraine-abgeschossen\/","url":"https:\/\/now-news.de\/de\/deutschland\/russischer-kommandeur-f-16-in-der-ukraine-abgeschossen\/","name":"Russischer Kommandeur: F-16 in der Ukraine abgeschossen - just-now.NEWS Deutschland","isPartOf":{"@id":"https:\/\/now-news.de\/de\/#website"},"primaryImageOfPage":{"@id":"https:\/\/now-news.de\/de\/deutschland\/russischer-kommandeur-f-16-in-der-ukraine-abgeschossen\/#primaryimage"},"image":{"@id":"https:\/\/now-news.de\/de\/deutschland\/russischer-kommandeur-f-16-in-der-ukraine-abgeschossen\/#primaryimage"},"thumbnailUrl":"https:\/\/now-news.de\/de\/wp-content\/uploads\/sites\/3\/2026\/01\/Russischer-Kommandeur-F-16-in-der-Ukraine-abgeschossen.jpg","datePublished":"2026-01-12T18:48:04+00:00","dateModified":"2026-01-12T18:48:04+00:00","breadcrumb":{"@id":"https:\/\/now-news.de\/de\/deutschland\/russischer-kommandeur-f-16-in-der-ukraine-abgeschossen\/#breadcrumb"},"inLanguage":"de","potentialAction":[{"@type":"ReadAction","target":["https:\/\/now-news.de\/de\/deutschland\/russischer-kommandeur-f-16-in-der-ukraine-abgeschossen\/"]}]},{"@type":"ImageObject","inLanguage":"de","@id":"https:\/\/now-news.de\/de\/deutschland\/russischer-kommandeur-f-16-in-der-ukraine-abgeschossen\/#primaryimage","url":"https:\/\/now-news.de\/de\/wp-content\/uploads\/sites\/3\/2026\/01\/Russischer-Kommandeur-F-16-in-der-Ukraine-abgeschossen.jpg","contentUrl":"https:\/\/now-news.de\/de\/wp-content\/uploads\/sites\/3\/2026\/01\/Russischer-Kommandeur-F-16-in-der-Ukraine-abgeschossen.jpg","width":460,"height":259,"caption":"Russischer Kommandeur: F-16 in der Ukraine abgeschossen"},{"@type":"BreadcrumbList","@id":"https:\/\/now-news.de\/de\/deutschland\/russischer-kommandeur-f-16-in-der-ukraine-abgeschossen\/#breadcrumb","itemListElement":[{"@type":"ListItem","position":1,"name":"Home","item":"https:\/\/now-news.de\/de\/"},{"@type":"ListItem","position":2,"name":"Russischer Kommandeur: F-16 in der Ukraine abgeschossen"}]},{"@type":"WebSite","@id":"https:\/\/now-news.de\/de\/#website","url":"https:\/\/now-news.de\/de\/","name":"just-now.NEWS Deutschland","description":"Das Portal f\u00fcr unzensierte Nachrichten aus der Welt","publisher":{"@id":"https:\/\/now-news.de\/de\/#organization"},"potentialAction":[{"@type":"SearchAction","target":{"@type":"EntryPoint","urlTemplate":"https:\/\/now-news.de\/de\/?s={search_term_string}"},"query-input":"required name=search_term_string"}],"inLanguage":"de"},{"@type":"Organization","@id":"https:\/\/now-news.de\/de\/#organization","name":"Just Now News","url":"https:\/\/now-news.de\/de\/","logo":{"@type":"ImageObject","inLanguage":"de","@id":"https:\/\/now-news.de\/de\/#\/schema\/logo\/image\/","url":"http:\/\/just-now.news\/de\/wp-content\/uploads\/sites\/3\/2022\/04\/logo500x500.jpg","contentUrl":"http:\/\/just-now.news\/de\/wp-content\/uploads\/sites\/3\/2022\/04\/logo500x500.jpg","width":500,"height":500,"caption":"Just Now News"},"image":{"@id":"https:\/\/now-news.de\/de\/#\/schema\/logo\/image\/"},"sameAs":["https:\/\/www.facebook.com\/wirmachenauf","https:\/\/x.com\/WirMachenAuf_de"]},{"@type":"Person","@id":"https:\/\/now-news.de\/de\/#\/schema\/person\/fb534a4e865501d8b3285208df34a9b5","name":"rtnews","image":{"@type":"ImageObject","inLanguage":"de","@id":"https:\/\/now-news.de\/de\/#\/schema\/person\/image\/","url":"https:\/\/secure.gravatar.com\/avatar\/82aafea7d8127119dd649515f56e2117?s=96&d=mm&r=g","contentUrl":"https:\/\/secure.gravatar.com\/avatar\/82aafea7d8127119dd649515f56e2117?s=96&d=mm&r=g","caption":"rtnews"},"url":"https:\/\/now-news.de\/de\/author\/rnews\/"}]}},"_links":{"self":[{"href":"https:\/\/now-news.de\/de\/wp-json\/wp\/v2\/posts\/97147"}],"collection":[{"href":"https:\/\/now-news.de\/de\/wp-json\/wp\/v2\/posts"}],"about":[{"href":"https:\/\/now-news.de\/de\/wp-json\/wp\/v2\/types\/post"}],"author":[{"embeddable":true,"href":"https:\/\/now-news.de\/de\/wp-json\/wp\/v2\/users\/3"}],"replies":[{"embeddable":true,"href":"https:\/\/now-news.de\/de\/wp-json\/wp\/v2\/comments?post=97147"}],"version-history":[{"count":0,"href":"https:\/\/now-news.de\/de\/wp-json\/wp\/v2\/posts\/97147\/revisions"}],"wp:featuredmedia":[{"embeddable":true,"href":"https:\/\/now-news.de\/de\/wp-json\/wp\/v2\/media\/97148"}],"wp:attachment":[{"href":"https:\/\/now-news.de\/de\/wp-json\/wp\/v2\/media?parent=97147"}],"wp:term":[{"taxonomy":"category","embeddable":true,"href":"https:\/\/now-news.de\/de\/wp-json\/wp\/v2\/categories?post=97147"},{"taxonomy":"post_tag","embeddable":true,"href":"https:\/\/now-news.de\/de\/wp-json\/wp\/v2\/tags?post=97147"}],"curies":[{"name":"wp","href":"https:\/\/api.w.org\/{rel}","templated":true}]}}