{"id":97145,"date":"2026-01-12T20:24:15","date_gmt":"2026-01-12T18:24:15","guid":{"rendered":"https:\/\/now-news.de\/de\/deutschland\/kp-vorsitzende-daenemarks-us-groenland-plaene-stellen-daenische-aussenpolitik-infrage\/"},"modified":"2026-01-12T20:24:15","modified_gmt":"2026-01-12T18:24:15","slug":"kp-vorsitzende-daenemarks-us-groenland-plaene-stellen-daenische-aussenpolitik-infrage","status":"publish","type":"post","link":"https:\/\/now-news.de\/de\/deutschland\/kp-vorsitzende-daenemarks-us-groenland-plaene-stellen-daenische-aussenpolitik-infrage\/","title":{"rendered":"KP-Vorsitzende D\u00e4nemarks: US-Gr\u00f6nland-Pl\u00e4ne stellen d\u00e4nische Au\u00dfenpolitik infrage"},"content":{"rendered":"<p><img decoding=\"async\" src=\"https:\/\/now-news.de\/de\/wp-content\/uploads\/sites\/3\/2026\/01\/6964fe32b480cc541e4fd83a.jpg\" \/><\/p>\n<div class=\"Text-root Text-type_1 \">\n                Die Vorsitzende der Kommunistischen Partei ordnet die politische Lage in D\u00e4nemark ein. Aus ihrer Sicht f\u00fcrchten die USA eine st\u00e4rkere Ann\u00e4herung westlicher Staaten an China oder Russland. Vor diesem Hintergrund wolle Washington Gr\u00f6nland zu einer milit\u00e4rischen Hochburg ausbauen, um seinen strategischen Einfluss im Westen zu sichern.\n            <\/div>\n<p><\/p>\n<div class=\"Text-root Text-type_5 ArticleView-text ViewText-root \">\n<p><em>Von Felicitas Rabe<\/em><\/p>\n<p>An der Demonstration zum <a rel=\"nofollow noopener\" target=\"_blank\" href=\"https:\/\/freedert.online\/inland\/267031-dkp-vorsitz-sind-es-27\/\">Gedenken an Rosa Luxemburg und Karl Liebknecht<\/a> nahmen am Sonntag in Berlin Vertreter kommunistischer Parteien und linker Organisationen aus verschiedenen L\u00e4ndern teil. Unter anderem kam auch eine Delegation der <a rel=\"nofollow noopener\" target=\"_blank\" href=\"https:\/\/www.kommunisterne.dk\/\">Kommunistischen Partei D\u00e4nemarks<\/a> (DKP) nach Berlin. Nach dem Gedenkmarsch bekam <em>RT DE<\/em> die M\u00f6glichkeit zu einem Interview mit der Vorsitzenden der d\u00e4nischen KP, Lotte R\u00f8rtoft-Madsen. Dabei ging es um die aktuelle Situation in D\u00e4nemark nach der Ank\u00fcndigung des US-Pr\u00e4sidenten,\u00a0dass die USA Gr\u00f6nland annektieren wollen. \u00a0<\/p>\n<p>Zun\u00e4chst wollte <em>RT DE<\/em> von Lotte\u00a0R\u00f8rtoft-Madsen wissen, wie sie die Ank\u00fcndigung des US-Pr\u00e4sidenten Donald Trump, Gr\u00f6nland zu annektieren, bewertet. Ist Trump geisteskrank geworden, wie es von verschiedenen Seiten gemunkelt wird?<\/p>\n<p>R\u00f8rtoft-Madsen: Nein, Donald Trump ist \u00fcberhaupt nicht verr\u00fcckt geworden. Die Trump-Regierung verfolgt einfach konsequent ihre geplante Sicherheitsstrategie und ihre Strategie zur Kontrolle der westlichen Hemisph\u00e4re. Die Annektierung Gr\u00f6nlands ist Teil dieser Strategie des US-Imperialismus. Der US-Imperialismus ist zwar im Niedergang begriffen, doch umso verzweifelter agieren seine Vertreter.<\/p>\n<p><strong>US-Milit\u00e4rhochburg in Gr\u00f6nland soll Ann\u00e4herung westlicher Staaten an China und Russland verhindern<\/strong><\/p>\n<p>Nat\u00fcrlich will sich die US-Regierung Gr\u00f6nland auch aufgrund seiner Bodensch\u00e4tze und Ressourcen aneignen. Aber in erster Linie geht es um geopolitische Gr\u00fcnde: Die US-Regierung will vor allem verhindern, dass westliche L\u00e4nder anfangen, mit Russland und China zu kooperieren. Daf\u00fcr wollen die USA in Gr\u00f6nland eine Art milit\u00e4rische Hochburg errichten.<\/p>\n<p>Insofern ist die Militarisierung Gr\u00f6nlands das Hauptziel der US-Strategie f\u00fcr Gr\u00f6nland. Um dies zu erreichen, hat die US-Regierung verschiedene Optionen: Sie k\u00f6nnen in Gr\u00f6nland einmarschieren, Gr\u00f6nland kaufen oder sich noch eine andere M\u00f6glichkeit einfallen lassen. Das Hauptziel besteht auf jeden Fall darin, dieses gro\u00dfe Gr\u00f6nland als milit\u00e4rischen Au\u00dfenposten des US-Imperiums einzunehmen.<\/p>\n<p><em>RT DE<\/em>: Wie geht es den Gr\u00f6nl\u00e4ndern mit den Pl\u00e4nen der US-Regierung?<\/p>\n<p>R\u00f8rtoft-Madsen: Bei Gr\u00f6nland handelt es sich um eine ehemalige d\u00e4nische Kolonie. Die gr\u00f6nl\u00e4ndische Bev\u00f6lkerung leidet immer noch an den Folgen dieser Kolonialisierung. Mit ihren Versprechungen versucht die US-Regierung, die antikolonialen Gef\u00fchle der Gr\u00f6nl\u00e4nder auszunutzen. Dabei wird der US-Imperialismus tats\u00e4chlich nur die alte d\u00e4nische Kolonialherrschaft durch eine neue Kolonialherrschaft ersetzen. Nach unserer \u00dcberzeugung sollen einzig und allein die Gr\u00f6nl\u00e4nder \u00fcber ihre Zukunft entscheiden.<\/p>\n<p><strong>Bislang glaubten viele D\u00e4nen, die USA seien ihr Freund und eine sch\u00f6ne Demokratie<\/strong><\/p>\n<p><em>RT DE<\/em>: Wie hat die d\u00e4nische Bev\u00f6lkerung auf Trumps Ank\u00fcndigung reagiert?<\/p>\n<p>R\u00f8rtoft-Madsen: In Bezug auf die US-amerikanische Invasion in Gr\u00f6nland ist die d\u00e4nische Bev\u00f6lkerung in hohem Ma\u00dfe gegen den US-Imperialismus eingestellt. Nach meinem Eindruck sind viele Menschen in D\u00e4nemark geschockt und fassungslos \u00fcber Trumps Ank\u00fcndigung. Schlie\u00dflich wurde der d\u00e4nischen Bev\u00f6lkerung seitens ihrer Politiker stets erkl\u00e4rt, die USA seien unser Freund und zudem ein sch\u00f6nes demokratisches Land. Au\u00dferdem wurde die Bev\u00f6lkerung von d\u00e4nischen Politikern immer wieder darauf hingewiesen, dass Tyrannei nicht von den USA, sondern von anderen Kr\u00e4ften in der Welt ausgehe. Aus diesem Grund sind die Menschen, die ihren Politikern bislang vertrauten, nun geschockt.<\/p>\n<p><em>RT DE<\/em>: Wie bewerten Sie die Reaktionen der d\u00e4nischen Regierung auf die angek\u00fcndigte US-Annektierung Gr\u00f6nlands?<\/p>\n<p>R\u00f8rtoft-Madsen: Das Polit-Establishment in D\u00e4nemark ist v\u00f6llig verwirrt. Die Verwirrung betrifft sowohl die d\u00e4nische Regierung als auch alle in der Regierung vertretenen Parteien sowie die Parlamentsabgeordneten. Sie rennen herum, als seien sie verr\u00fcckt gewordene H\u00fchner in einem H\u00fchnerhof.<\/p>\n<p><em>RT DE<\/em>: Sind die d\u00e4nischen Politiker tats\u00e4chlich so verwirrt oder tun sie nur so, um die Bev\u00f6lkerung zu beschwichtigen? Die USA hatten doch schon lange damit gedroht, Gr\u00f6nland zu annektieren.<\/p>\n<p>R\u00f8rtoft-Madsen: Sie sind tats\u00e4chlich verwirrt. Der Grund f\u00fcr die Verwirrung der d\u00e4nischen Politiker liegt darin, dass diese Situation die gesamte Grundlage der d\u00e4nischen Au\u00dfenpolitik seit dem Zweiten Weltkrieg infrage stellt. Es handelt sich hier um eine politische Krise von enormem Ausma\u00df. Die USA, die NATO und D\u00e4nemark hatten bisher ein sehr enges Verh\u00e4ltnis \u2012 auf einmal br\u00f6ckelt das gesamte B\u00fcndnissystem.<\/p>\n<p><em>RT DE<\/em>: Sorgen sich die d\u00e4nischen Politiker um die Zukunft der Menschen in D\u00e4nemark?<\/p>\n<p>R\u00f8rtoft-Madsen: Das d\u00e4nische Polit-Establishment schert sich nicht um die d\u00e4nische Bev\u00f6lkerung \u2013 sie sorgen sich um ihre Position in der NATO. Man muss bedenken, D\u00e4nemark ist ein kleines Land mit einer Bev\u00f6lkerung von gerade einmal\u00a0sechs\u00a0Millionen Einwohnern. Wenn wir Gr\u00f6nland nicht h\u00e4tten, w\u00e4ren wir ein Niemand in der NATO. Der einzige Grund, dass d\u00e4nische Politiker irgendwie in der NATO mitreden d\u00fcrfen, besteht in der zu D\u00e4nemark geh\u00f6renden gro\u00dfen Insel. Bislang nutzten d\u00e4nische Politiker Gr\u00f6nland f\u00fcr ihren Einfluss im imperialistischen B\u00fcndnissystem.<\/p>\n<p><em>RT DE<\/em>: Welche Position vertritt die Kommunistische Partei D\u00e4nemarks in Bezug auf Gr\u00f6nland?<\/p>\n<p>R\u00f8rtoft-Madsen: Wir fordern von Trump und von der d\u00e4nischen Regierung: &#8220;H\u00e4nde weg von Gr\u00f6nland \u2013 Treibt kein Spiel mit den Menschen in Gr\u00f6nland! \u2013 Benutzt Menschen nicht als Verhandlungsmasse! Die Gr\u00f6nl\u00e4nder sollen auf ihren eigenen F\u00fc\u00dfen stehen!&#8221;<\/p>\n<p><strong>Mehr zum Thema<\/strong>\u00a0\u2012 <a rel=\"nofollow noopener\" target=\"_blank\" href=\"https:\/\/dert.online\/kurzclips\/video\/266920-eu-erwaegt-reaktion-auf-trumps-drohung-groenland-annektieren\/\">EU erw\u00e4gt Reaktion auf Trumps Drohung, Gr\u00f6nland zu annektieren <\/a><\/p>\n<div class=\"EmbedBlock-root EmbedBlock-externalVideo EmbedBlock-rumble\">\n<div class=\"VkEmbed\"><iframe class=\"lazyload\" data-src=\"https:\/\/rumble.com\/embed\/v721aae\" frameborder=\"0\" width=\"853\" height=\"480\" allowfullscreen><\/iframe><\/div>\n<\/div>\n<\/div>\n<p><br \/>\n<br \/><a href=\"https:\/\/de.rt.com\/meinung\/267080-kp-vorsitzende-daenemarks-grundlage-daenischer\/\">Source link <\/a><\/p>\n","protected":false},"excerpt":{"rendered":"<p>Die Vorsitzende der Kommunistischen Partei ordnet die politische Lage in D\u00e4nemark ein. Aus ihrer Sicht f\u00fcrchten die USA eine st\u00e4rkere Ann\u00e4herung westlicher Staaten an China oder Russland. Vor diesem Hintergrund wolle Washington Gr\u00f6nland zu einer milit\u00e4rischen Hochburg ausbauen, um seinen strategischen Einfluss im Westen zu sichern. Von Felicitas Rabe An der Demonstration zum Gedenken an [&hellip;]<\/p>\n","protected":false},"author":3,"featured_media":97146,"comment_status":"open","ping_status":"open","sticky":false,"template":"","format":"standard","meta":{"_yoast_indexnow_last_ping":["1768242371"],"wp_automatic_camp":["217"],"62021b5cf6d9a76a730082353400227b":["KP-Vorsitzende D\u00e4nemarks: US-Gr\u00f6nland-Pl\u00e4ne stellen d\u00e4nische Au\u00dfenpolitik infrage"],"original_link":["https:\/\/de.rt.com\/meinung\/267080-kp-vorsitzende-daenemarks-grundlage-daenischer\/"],"_thumbnail_id":["97146"],"_wptgpro_p2tg_sent2tg":["a:1:{i:23737;s:19:\"2026-01-12 20:27:13\";}"],"jnews_social_counter_last_update":["1777253750"]},"categories":[19,23],"tags":[11441,22953,38007,23651,70510,4436,70511],"yoast_head":"<!-- This site is optimized with the Yoast SEO Premium plugin v22.7 (Yoast SEO v22.7) - https:\/\/yoast.com\/wordpress\/plugins\/seo\/ -->\n<title>KP-Vorsitzende D\u00e4nemarks: US-Gr\u00f6nland-Pl\u00e4ne stellen d\u00e4nische Au\u00dfenpolitik infrage - just-now.NEWS Deutschland<\/title>\n<meta name=\"robots\" content=\"index, follow, max-snippet:-1, max-image-preview:large, max-video-preview:-1\" \/>\n<link rel=\"canonical\" href=\"https:\/\/now-news.de\/de\/deutschland\/kp-vorsitzende-daenemarks-us-groenland-plaene-stellen-daenische-aussenpolitik-infrage\/\" \/>\n<meta property=\"og:locale\" content=\"de_DE\" \/>\n<meta property=\"og:type\" content=\"article\" \/>\n<meta property=\"og:title\" content=\"KP-Vorsitzende D\u00e4nemarks: US-Gr\u00f6nland-Pl\u00e4ne stellen d\u00e4nische Au\u00dfenpolitik infrage\" \/>\n<meta property=\"og:description\" content=\"Die Vorsitzende der Kommunistischen Partei ordnet die politische Lage in D\u00e4nemark ein. Aus ihrer Sicht f\u00fcrchten die USA eine st\u00e4rkere Ann\u00e4herung westlicher Staaten an China oder Russland. Vor diesem Hintergrund wolle Washington Gr\u00f6nland zu einer milit\u00e4rischen Hochburg ausbauen, um seinen strategischen Einfluss im Westen zu sichern. Von Felicitas Rabe An der Demonstration zum Gedenken an [&hellip;]\" \/>\n<meta property=\"og:url\" content=\"https:\/\/now-news.de\/de\/deutschland\/kp-vorsitzende-daenemarks-us-groenland-plaene-stellen-daenische-aussenpolitik-infrage\/\" \/>\n<meta property=\"og:site_name\" content=\"just-now.NEWS Deutschland\" \/>\n<meta property=\"article:publisher\" content=\"https:\/\/www.facebook.com\/wirmachenauf\" \/>\n<meta property=\"article:published_time\" content=\"2026-01-12T18:24:15+00:00\" \/>\n<meta property=\"og:image\" content=\"https:\/\/now-news.de\/de\/wp-content\/uploads\/sites\/3\/2026\/01\/6964fe32b480cc541e4fd83a.jpg\" \/>\n<meta name=\"author\" content=\"rtnews\" \/>\n<meta name=\"twitter:card\" content=\"summary_large_image\" \/>\n<meta name=\"twitter:creator\" content=\"@WirMachenAuf_de\" \/>\n<meta name=\"twitter:site\" content=\"@WirMachenAuf_de\" \/>\n<meta name=\"twitter:label1\" content=\"Verfasst von\" \/>\n\t<meta name=\"twitter:data1\" content=\"rtnews\" \/>\n\t<meta name=\"twitter:label2\" content=\"Gesch\u00e4tzte Lesezeit\" \/>\n\t<meta name=\"twitter:data2\" content=\"5\u00a0Minuten\" \/>\n<script type=\"application\/ld+json\" class=\"yoast-schema-graph\">{\"@context\":\"https:\/\/schema.org\",\"@graph\":[{\"@type\":\"Article\",\"@id\":\"https:\/\/now-news.de\/de\/deutschland\/kp-vorsitzende-daenemarks-us-groenland-plaene-stellen-daenische-aussenpolitik-infrage\/#article\",\"isPartOf\":{\"@id\":\"https:\/\/now-news.de\/de\/deutschland\/kp-vorsitzende-daenemarks-us-groenland-plaene-stellen-daenische-aussenpolitik-infrage\/\"},\"author\":{\"name\":\"rtnews\",\"@id\":\"https:\/\/now-news.de\/de\/#\/schema\/person\/fb534a4e865501d8b3285208df34a9b5\"},\"headline\":\"KP-Vorsitzende D\u00e4nemarks: US-Gr\u00f6nland-Pl\u00e4ne stellen d\u00e4nische Au\u00dfenpolitik infrage\",\"datePublished\":\"2026-01-12T18:24:15+00:00\",\"dateModified\":\"2026-01-12T18:24:15+00:00\",\"mainEntityOfPage\":{\"@id\":\"https:\/\/now-news.de\/de\/deutschland\/kp-vorsitzende-daenemarks-us-groenland-plaene-stellen-daenische-aussenpolitik-infrage\/\"},\"wordCount\":958,\"commentCount\":0,\"publisher\":{\"@id\":\"https:\/\/now-news.de\/de\/#organization\"},\"image\":{\"@id\":\"https:\/\/now-news.de\/de\/deutschland\/kp-vorsitzende-daenemarks-us-groenland-plaene-stellen-daenische-aussenpolitik-infrage\/#primaryimage\"},\"thumbnailUrl\":\"https:\/\/now-news.de\/de\/wp-content\/uploads\/sites\/3\/2026\/01\/KP-Vorsitzende-Daenemarks-US-Groenland-Plaene-stellen-daenische-Aussenpolitik-infrage.jpg\",\"keywords\":[\"au\u00dfenpolitik\",\"D\u00e4nemarks\",\"D\u00e4nische\",\"infrage\",\"KPVorsitzende\",\"stellen\",\"USGr\u00f6nlandPl\u00e4ne\"],\"articleSection\":[\"Deutschland\",\"Russland\"],\"inLanguage\":\"de\",\"potentialAction\":[{\"@type\":\"CommentAction\",\"name\":\"Comment\",\"target\":[\"https:\/\/now-news.de\/de\/deutschland\/kp-vorsitzende-daenemarks-us-groenland-plaene-stellen-daenische-aussenpolitik-infrage\/#respond\"]}]},{\"@type\":\"WebPage\",\"@id\":\"https:\/\/now-news.de\/de\/deutschland\/kp-vorsitzende-daenemarks-us-groenland-plaene-stellen-daenische-aussenpolitik-infrage\/\",\"url\":\"https:\/\/now-news.de\/de\/deutschland\/kp-vorsitzende-daenemarks-us-groenland-plaene-stellen-daenische-aussenpolitik-infrage\/\",\"name\":\"KP-Vorsitzende D\u00e4nemarks: US-Gr\u00f6nland-Pl\u00e4ne stellen d\u00e4nische Au\u00dfenpolitik infrage - just-now.NEWS Deutschland\",\"isPartOf\":{\"@id\":\"https:\/\/now-news.de\/de\/#website\"},\"primaryImageOfPage\":{\"@id\":\"https:\/\/now-news.de\/de\/deutschland\/kp-vorsitzende-daenemarks-us-groenland-plaene-stellen-daenische-aussenpolitik-infrage\/#primaryimage\"},\"image\":{\"@id\":\"https:\/\/now-news.de\/de\/deutschland\/kp-vorsitzende-daenemarks-us-groenland-plaene-stellen-daenische-aussenpolitik-infrage\/#primaryimage\"},\"thumbnailUrl\":\"https:\/\/now-news.de\/de\/wp-content\/uploads\/sites\/3\/2026\/01\/KP-Vorsitzende-Daenemarks-US-Groenland-Plaene-stellen-daenische-Aussenpolitik-infrage.jpg\",\"datePublished\":\"2026-01-12T18:24:15+00:00\",\"dateModified\":\"2026-01-12T18:24:15+00:00\",\"breadcrumb\":{\"@id\":\"https:\/\/now-news.de\/de\/deutschland\/kp-vorsitzende-daenemarks-us-groenland-plaene-stellen-daenische-aussenpolitik-infrage\/#breadcrumb\"},\"inLanguage\":\"de\",\"potentialAction\":[{\"@type\":\"ReadAction\",\"target\":[\"https:\/\/now-news.de\/de\/deutschland\/kp-vorsitzende-daenemarks-us-groenland-plaene-stellen-daenische-aussenpolitik-infrage\/\"]}]},{\"@type\":\"ImageObject\",\"inLanguage\":\"de\",\"@id\":\"https:\/\/now-news.de\/de\/deutschland\/kp-vorsitzende-daenemarks-us-groenland-plaene-stellen-daenische-aussenpolitik-infrage\/#primaryimage\",\"url\":\"https:\/\/now-news.de\/de\/wp-content\/uploads\/sites\/3\/2026\/01\/KP-Vorsitzende-Daenemarks-US-Groenland-Plaene-stellen-daenische-Aussenpolitik-infrage.jpg\",\"contentUrl\":\"https:\/\/now-news.de\/de\/wp-content\/uploads\/sites\/3\/2026\/01\/KP-Vorsitzende-Daenemarks-US-Groenland-Plaene-stellen-daenische-Aussenpolitik-infrage.jpg\",\"width\":460,\"height\":259,\"caption\":\"KP-Vorsitzende D\u00e4nemarks: US-Gr\u00f6nland-Pl\u00e4ne stellen d\u00e4nische Au\u00dfenpolitik infrage\"},{\"@type\":\"BreadcrumbList\",\"@id\":\"https:\/\/now-news.de\/de\/deutschland\/kp-vorsitzende-daenemarks-us-groenland-plaene-stellen-daenische-aussenpolitik-infrage\/#breadcrumb\",\"itemListElement\":[{\"@type\":\"ListItem\",\"position\":1,\"name\":\"Home\",\"item\":\"https:\/\/now-news.de\/de\/\"},{\"@type\":\"ListItem\",\"position\":2,\"name\":\"KP-Vorsitzende D\u00e4nemarks: US-Gr\u00f6nland-Pl\u00e4ne stellen d\u00e4nische Au\u00dfenpolitik infrage\"}]},{\"@type\":\"WebSite\",\"@id\":\"https:\/\/now-news.de\/de\/#website\",\"url\":\"https:\/\/now-news.de\/de\/\",\"name\":\"just-now.NEWS Deutschland\",\"description\":\"Das Portal f\u00fcr unzensierte Nachrichten aus der Welt\",\"publisher\":{\"@id\":\"https:\/\/now-news.de\/de\/#organization\"},\"potentialAction\":[{\"@type\":\"SearchAction\",\"target\":{\"@type\":\"EntryPoint\",\"urlTemplate\":\"https:\/\/now-news.de\/de\/?s={search_term_string}\"},\"query-input\":\"required name=search_term_string\"}],\"inLanguage\":\"de\"},{\"@type\":\"Organization\",\"@id\":\"https:\/\/now-news.de\/de\/#organization\",\"name\":\"Just Now News\",\"url\":\"https:\/\/now-news.de\/de\/\",\"logo\":{\"@type\":\"ImageObject\",\"inLanguage\":\"de\",\"@id\":\"https:\/\/now-news.de\/de\/#\/schema\/logo\/image\/\",\"url\":\"http:\/\/just-now.news\/de\/wp-content\/uploads\/sites\/3\/2022\/04\/logo500x500.jpg\",\"contentUrl\":\"http:\/\/just-now.news\/de\/wp-content\/uploads\/sites\/3\/2022\/04\/logo500x500.jpg\",\"width\":500,\"height\":500,\"caption\":\"Just Now News\"},\"image\":{\"@id\":\"https:\/\/now-news.de\/de\/#\/schema\/logo\/image\/\"},\"sameAs\":[\"https:\/\/www.facebook.com\/wirmachenauf\",\"https:\/\/x.com\/WirMachenAuf_de\"]},{\"@type\":\"Person\",\"@id\":\"https:\/\/now-news.de\/de\/#\/schema\/person\/fb534a4e865501d8b3285208df34a9b5\",\"name\":\"rtnews\",\"image\":{\"@type\":\"ImageObject\",\"inLanguage\":\"de\",\"@id\":\"https:\/\/now-news.de\/de\/#\/schema\/person\/image\/\",\"url\":\"https:\/\/secure.gravatar.com\/avatar\/82aafea7d8127119dd649515f56e2117?s=96&d=mm&r=g\",\"contentUrl\":\"https:\/\/secure.gravatar.com\/avatar\/82aafea7d8127119dd649515f56e2117?s=96&d=mm&r=g\",\"caption\":\"rtnews\"},\"url\":\"https:\/\/now-news.de\/de\/author\/rnews\/\"}]}<\/script>\n<!-- \/ Yoast SEO Premium plugin. -->","yoast_head_json":{"title":"KP-Vorsitzende D\u00e4nemarks: US-Gr\u00f6nland-Pl\u00e4ne stellen d\u00e4nische Au\u00dfenpolitik infrage - just-now.NEWS Deutschland","robots":{"index":"index","follow":"follow","max-snippet":"max-snippet:-1","max-image-preview":"max-image-preview:large","max-video-preview":"max-video-preview:-1"},"canonical":"https:\/\/now-news.de\/de\/deutschland\/kp-vorsitzende-daenemarks-us-groenland-plaene-stellen-daenische-aussenpolitik-infrage\/","og_locale":"de_DE","og_type":"article","og_title":"KP-Vorsitzende D\u00e4nemarks: US-Gr\u00f6nland-Pl\u00e4ne stellen d\u00e4nische Au\u00dfenpolitik infrage","og_description":"Die Vorsitzende der Kommunistischen Partei ordnet die politische Lage in D\u00e4nemark ein. Aus ihrer Sicht f\u00fcrchten die USA eine st\u00e4rkere Ann\u00e4herung westlicher Staaten an China oder Russland. Vor diesem Hintergrund wolle Washington Gr\u00f6nland zu einer milit\u00e4rischen Hochburg ausbauen, um seinen strategischen Einfluss im Westen zu sichern. Von Felicitas Rabe An der Demonstration zum Gedenken an [&hellip;]","og_url":"https:\/\/now-news.de\/de\/deutschland\/kp-vorsitzende-daenemarks-us-groenland-plaene-stellen-daenische-aussenpolitik-infrage\/","og_site_name":"just-now.NEWS Deutschland","article_publisher":"https:\/\/www.facebook.com\/wirmachenauf","article_published_time":"2026-01-12T18:24:15+00:00","og_image":[{"url":"https:\/\/now-news.de\/de\/wp-content\/uploads\/sites\/3\/2026\/01\/6964fe32b480cc541e4fd83a.jpg"}],"author":"rtnews","twitter_card":"summary_large_image","twitter_creator":"@WirMachenAuf_de","twitter_site":"@WirMachenAuf_de","twitter_misc":{"Verfasst von":"rtnews","Gesch\u00e4tzte Lesezeit":"5\u00a0Minuten"},"schema":{"@context":"https:\/\/schema.org","@graph":[{"@type":"Article","@id":"https:\/\/now-news.de\/de\/deutschland\/kp-vorsitzende-daenemarks-us-groenland-plaene-stellen-daenische-aussenpolitik-infrage\/#article","isPartOf":{"@id":"https:\/\/now-news.de\/de\/deutschland\/kp-vorsitzende-daenemarks-us-groenland-plaene-stellen-daenische-aussenpolitik-infrage\/"},"author":{"name":"rtnews","@id":"https:\/\/now-news.de\/de\/#\/schema\/person\/fb534a4e865501d8b3285208df34a9b5"},"headline":"KP-Vorsitzende D\u00e4nemarks: US-Gr\u00f6nland-Pl\u00e4ne stellen d\u00e4nische Au\u00dfenpolitik infrage","datePublished":"2026-01-12T18:24:15+00:00","dateModified":"2026-01-12T18:24:15+00:00","mainEntityOfPage":{"@id":"https:\/\/now-news.de\/de\/deutschland\/kp-vorsitzende-daenemarks-us-groenland-plaene-stellen-daenische-aussenpolitik-infrage\/"},"wordCount":958,"commentCount":0,"publisher":{"@id":"https:\/\/now-news.de\/de\/#organization"},"image":{"@id":"https:\/\/now-news.de\/de\/deutschland\/kp-vorsitzende-daenemarks-us-groenland-plaene-stellen-daenische-aussenpolitik-infrage\/#primaryimage"},"thumbnailUrl":"https:\/\/now-news.de\/de\/wp-content\/uploads\/sites\/3\/2026\/01\/KP-Vorsitzende-Daenemarks-US-Groenland-Plaene-stellen-daenische-Aussenpolitik-infrage.jpg","keywords":["au\u00dfenpolitik","D\u00e4nemarks","D\u00e4nische","infrage","KPVorsitzende","stellen","USGr\u00f6nlandPl\u00e4ne"],"articleSection":["Deutschland","Russland"],"inLanguage":"de","potentialAction":[{"@type":"CommentAction","name":"Comment","target":["https:\/\/now-news.de\/de\/deutschland\/kp-vorsitzende-daenemarks-us-groenland-plaene-stellen-daenische-aussenpolitik-infrage\/#respond"]}]},{"@type":"WebPage","@id":"https:\/\/now-news.de\/de\/deutschland\/kp-vorsitzende-daenemarks-us-groenland-plaene-stellen-daenische-aussenpolitik-infrage\/","url":"https:\/\/now-news.de\/de\/deutschland\/kp-vorsitzende-daenemarks-us-groenland-plaene-stellen-daenische-aussenpolitik-infrage\/","name":"KP-Vorsitzende D\u00e4nemarks: US-Gr\u00f6nland-Pl\u00e4ne stellen d\u00e4nische Au\u00dfenpolitik infrage - just-now.NEWS Deutschland","isPartOf":{"@id":"https:\/\/now-news.de\/de\/#website"},"primaryImageOfPage":{"@id":"https:\/\/now-news.de\/de\/deutschland\/kp-vorsitzende-daenemarks-us-groenland-plaene-stellen-daenische-aussenpolitik-infrage\/#primaryimage"},"image":{"@id":"https:\/\/now-news.de\/de\/deutschland\/kp-vorsitzende-daenemarks-us-groenland-plaene-stellen-daenische-aussenpolitik-infrage\/#primaryimage"},"thumbnailUrl":"https:\/\/now-news.de\/de\/wp-content\/uploads\/sites\/3\/2026\/01\/KP-Vorsitzende-Daenemarks-US-Groenland-Plaene-stellen-daenische-Aussenpolitik-infrage.jpg","datePublished":"2026-01-12T18:24:15+00:00","dateModified":"2026-01-12T18:24:15+00:00","breadcrumb":{"@id":"https:\/\/now-news.de\/de\/deutschland\/kp-vorsitzende-daenemarks-us-groenland-plaene-stellen-daenische-aussenpolitik-infrage\/#breadcrumb"},"inLanguage":"de","potentialAction":[{"@type":"ReadAction","target":["https:\/\/now-news.de\/de\/deutschland\/kp-vorsitzende-daenemarks-us-groenland-plaene-stellen-daenische-aussenpolitik-infrage\/"]}]},{"@type":"ImageObject","inLanguage":"de","@id":"https:\/\/now-news.de\/de\/deutschland\/kp-vorsitzende-daenemarks-us-groenland-plaene-stellen-daenische-aussenpolitik-infrage\/#primaryimage","url":"https:\/\/now-news.de\/de\/wp-content\/uploads\/sites\/3\/2026\/01\/KP-Vorsitzende-Daenemarks-US-Groenland-Plaene-stellen-daenische-Aussenpolitik-infrage.jpg","contentUrl":"https:\/\/now-news.de\/de\/wp-content\/uploads\/sites\/3\/2026\/01\/KP-Vorsitzende-Daenemarks-US-Groenland-Plaene-stellen-daenische-Aussenpolitik-infrage.jpg","width":460,"height":259,"caption":"KP-Vorsitzende D\u00e4nemarks: US-Gr\u00f6nland-Pl\u00e4ne stellen d\u00e4nische Au\u00dfenpolitik infrage"},{"@type":"BreadcrumbList","@id":"https:\/\/now-news.de\/de\/deutschland\/kp-vorsitzende-daenemarks-us-groenland-plaene-stellen-daenische-aussenpolitik-infrage\/#breadcrumb","itemListElement":[{"@type":"ListItem","position":1,"name":"Home","item":"https:\/\/now-news.de\/de\/"},{"@type":"ListItem","position":2,"name":"KP-Vorsitzende D\u00e4nemarks: US-Gr\u00f6nland-Pl\u00e4ne stellen d\u00e4nische Au\u00dfenpolitik infrage"}]},{"@type":"WebSite","@id":"https:\/\/now-news.de\/de\/#website","url":"https:\/\/now-news.de\/de\/","name":"just-now.NEWS Deutschland","description":"Das Portal f\u00fcr unzensierte Nachrichten aus der Welt","publisher":{"@id":"https:\/\/now-news.de\/de\/#organization"},"potentialAction":[{"@type":"SearchAction","target":{"@type":"EntryPoint","urlTemplate":"https:\/\/now-news.de\/de\/?s={search_term_string}"},"query-input":"required name=search_term_string"}],"inLanguage":"de"},{"@type":"Organization","@id":"https:\/\/now-news.de\/de\/#organization","name":"Just Now News","url":"https:\/\/now-news.de\/de\/","logo":{"@type":"ImageObject","inLanguage":"de","@id":"https:\/\/now-news.de\/de\/#\/schema\/logo\/image\/","url":"http:\/\/just-now.news\/de\/wp-content\/uploads\/sites\/3\/2022\/04\/logo500x500.jpg","contentUrl":"http:\/\/just-now.news\/de\/wp-content\/uploads\/sites\/3\/2022\/04\/logo500x500.jpg","width":500,"height":500,"caption":"Just Now News"},"image":{"@id":"https:\/\/now-news.de\/de\/#\/schema\/logo\/image\/"},"sameAs":["https:\/\/www.facebook.com\/wirmachenauf","https:\/\/x.com\/WirMachenAuf_de"]},{"@type":"Person","@id":"https:\/\/now-news.de\/de\/#\/schema\/person\/fb534a4e865501d8b3285208df34a9b5","name":"rtnews","image":{"@type":"ImageObject","inLanguage":"de","@id":"https:\/\/now-news.de\/de\/#\/schema\/person\/image\/","url":"https:\/\/secure.gravatar.com\/avatar\/82aafea7d8127119dd649515f56e2117?s=96&d=mm&r=g","contentUrl":"https:\/\/secure.gravatar.com\/avatar\/82aafea7d8127119dd649515f56e2117?s=96&d=mm&r=g","caption":"rtnews"},"url":"https:\/\/now-news.de\/de\/author\/rnews\/"}]}},"_links":{"self":[{"href":"https:\/\/now-news.de\/de\/wp-json\/wp\/v2\/posts\/97145"}],"collection":[{"href":"https:\/\/now-news.de\/de\/wp-json\/wp\/v2\/posts"}],"about":[{"href":"https:\/\/now-news.de\/de\/wp-json\/wp\/v2\/types\/post"}],"author":[{"embeddable":true,"href":"https:\/\/now-news.de\/de\/wp-json\/wp\/v2\/users\/3"}],"replies":[{"embeddable":true,"href":"https:\/\/now-news.de\/de\/wp-json\/wp\/v2\/comments?post=97145"}],"version-history":[{"count":0,"href":"https:\/\/now-news.de\/de\/wp-json\/wp\/v2\/posts\/97145\/revisions"}],"wp:featuredmedia":[{"embeddable":true,"href":"https:\/\/now-news.de\/de\/wp-json\/wp\/v2\/media\/97146"}],"wp:attachment":[{"href":"https:\/\/now-news.de\/de\/wp-json\/wp\/v2\/media?parent=97145"}],"wp:term":[{"taxonomy":"category","embeddable":true,"href":"https:\/\/now-news.de\/de\/wp-json\/wp\/v2\/categories?post=97145"},{"taxonomy":"post_tag","embeddable":true,"href":"https:\/\/now-news.de\/de\/wp-json\/wp\/v2\/tags?post=97145"}],"curies":[{"name":"wp","href":"https:\/\/api.w.org\/{rel}","templated":true}]}}