{"id":97141,"date":"2026-01-12T19:35:15","date_gmt":"2026-01-12T17:35:15","guid":{"rendered":"https:\/\/now-news.de\/de\/deutschland\/merz-und-starmer-wollen-nato-truppen-nach-groenland-schicken\/"},"modified":"2026-01-12T19:35:15","modified_gmt":"2026-01-12T17:35:15","slug":"merz-und-starmer-wollen-nato-truppen-nach-groenland-schicken","status":"publish","type":"post","link":"https:\/\/now-news.de\/de\/deutschland\/merz-und-starmer-wollen-nato-truppen-nach-groenland-schicken\/","title":{"rendered":"Merz und Starmer wollen NATO-Truppen nach Gr\u00f6nland schicken"},"content":{"rendered":"<p><img decoding=\"async\" src=\"https:\/\/now-news.de\/de\/wp-content\/uploads\/sites\/3\/2026\/01\/6965284b48fbef499875a597.jpg\" \/><\/p>\n<div class=\"Text-root Text-type_1 \">\n                Der britische Premierminister Keir Starmer fordert die NATO\u2011Verb\u00fcndeten auf, ihre &#8220;Sicherheitspr\u00e4senz&#8221; auf und um Gr\u00f6nland zu verst\u00e4rken. Auch Bundeskanzler Friedrich Merz will &#8220;diesen Teil D\u00e4nemarks besser sch\u00fctzen&#8221;. US-Pr\u00e4sident Trump h\u00e4lt dagegen nichts von NATO-Einheiten auf Gr\u00f6nland.\n            <\/div>\n<p><\/p>\n<div class=\"Text-root Text-type_5 ArticleView-text ViewText-root \">\n<p>Steht die NATO vor der Spaltung? Eine Gruppe europ\u00e4ischer L\u00e4nder unter F\u00fchrung Gro\u00dfbritanniens und Deutschlands fordert laut <em>Bloomberg<\/em> Pl\u00e4ne f\u00fcr eine Milit\u00e4rpr\u00e4senz in Gr\u00f6nland. Wie die <em>Berliner Zeitung<\/em> berichtet, soll die Initiative dem amerikanischen Pr\u00e4sidenten Donald Trump &#8220;demonstrieren, dass Europa die Sicherheit in der Arktis ernst nimmt, und den amerikanischen Drohungen, das selbstverwaltete d\u00e4nische Territorium zu annektieren, entgegenwirken&#8221;.<\/p>\n<p>Der britische Premierminister Keir Starmer habe die Verb\u00fcndeten aufgefordert, ihre Sicherheitspr\u00e4senz im hohen Norden zu verst\u00e4rken, und sich k\u00fcrzlich mit Staats- und Regierungschefs wie dem franz\u00f6sischen Pr\u00e4sidenten Emmanuel Macron und Bundeskanzler Friedrich Merz in Verbindung gesetzt, um das Thema zu besprechen.\u00a0<\/p>\n<p>Deutschland werde die Einrichtung einer NATO-Mission namens &#8220;Arctic Sentry&#8221; zur Sicherung der Region vorschlagen. Als Vorbild soll die gegen Russland gerichtete NATO-Mission &#8220;Baltic Sentry&#8221;, die vor einem Jahr zum &#8220;Schutz kritischer Infrastruktur&#8221; in der Ostsee ins Leben gerufen wurde, dienen.\u00a0<\/p>\n<p>Merz sagte bei seinem Indien-Besuch am Montag:<\/p>\n<blockquote>\n<p><em>&#8220;Wir teilen die amerikanischen Besorgnisse, dass dieser Teil D\u00e4nemarks besser gesch\u00fctzt werden muss. Wir wollen einfach die Sicherheitslage f\u00fcr Gr\u00f6nland gemeinsam verbessern. Und ich gehe davon aus, dass die Amerikaner sich daran auch beteiligen.&#8221;<\/em><\/p>\n<\/blockquote>\n<p>Bundesau\u00dfenminister Johann Wadephul trifft sich im Laufe dieser Woche mit US-Au\u00dfenminister Marco Rubio und haut in dieselbe Kerbe wie der Kanzler. Der CDU-Mann will die Gr\u00f6nlandfrage und die Rolle der NATO f\u00fcr die Stabilit\u00e4t der Region besprechen. Laut <em>Bloomberg<\/em> sagte er: &#8220;Da die Sicherheit in der Arktis immer wichtiger wird, m\u00f6chte ich auf meiner Reise auch er\u00f6rtern, wie wir diese Verantwortung in der NATO \u2013 angesichts der alten und neuen Rivalit\u00e4ten zwischen Russland und\u00a0China\u00a0in der Region \u2013 gemeinsam am besten tragen k\u00f6nnen&#8221;. Er forderte: &#8220;Wir wollen dies gemeinsam in der NATO besprechen. Die legitimen Interessen aller NATO\u2011Verb\u00fcndeten, aber auch die der Bewohner der Region, m\u00fcssen im Mittelpunkt unserer \u00dcberlegungen stehen&#8221;, Dies gelte &#8220;selbstverst\u00e4ndlich auch f\u00fcr Gr\u00f6nland und seine Bev\u00f6lkerung&#8221;.<\/p>\n<p>US-Pr\u00e4sident Donald Trump ist offenbar nicht erfreut \u00fcber den j\u00fcngsten Vorsto\u00df der Europ\u00e4er. Er verwies darauf, dass es bereits einen gro\u00dfen US-Milit\u00e4rst\u00fctzpunkt in Gr\u00f6nland gebe. Er sagte, er k\u00f6nne die Streitkr\u00e4fte auf dem St\u00fctzpunkt verst\u00e4rken, aber &#8220;wir m\u00fcssen Eigent\u00fcmer sein. Man braucht wirklich den Eigentumsnachweis, wie man im Immobiliengesch\u00e4ft sagt.&#8221; Trump beharrte darauf, dass die\u00a0USA\u00a0Gr\u00f6nland &#8220;besitzen&#8221; w\u00fcrden. Er betonte:<\/p>\n<blockquote>\n<p><em>&#8220;Wir sprechen von Erwerb, nicht von Pacht, nicht von kurzfristiger Nutzung. Wir sprechen von Erwerb. Und wenn wir es nicht tun, werden es Russland oder China tun, und das wird nicht passieren, solange ich Pr\u00e4sident bin.&#8221;<\/em><\/p>\n<\/blockquote>\n<p>Trump soll das Joint Special Operations Command bereits angewiesen haben, einen milit\u00e4rischen Plan f\u00fcr eine Gr\u00f6nland-Invasion vorzulegen. Die Ambitionen von Starmer und Merz passen den USA dahingehend nicht wirklich in Trumps Pl\u00e4ne.\u00a0Unterst\u00fctzung bekommt Merz dagegen vom Chef des Reservistenverbandes der Bundeswehr, Patrick Sensburg. Er fordert eine Art Dauerpr\u00e4senz deutscher Soldaten auf Gr\u00f6nland: &#8220;Wir m\u00fcssen davon ausgehen, dass Trump mit Gr\u00f6nland Ernst macht&#8221;, sagte er gegen\u00fcber der <em>Bild <\/em>und forderte:<\/p>\n<blockquote>\n<p><em>&#8220;Europa muss daher viel st\u00e4rker Pr\u00e4senz zeigen. Wir m\u00fcssen in kurzer Zeit mindestens eine europ\u00e4ische Brigade unter der F\u00fchrung von D\u00e4nemark dorthin verlegen. Auch Deutschland wird hier besonders in der Pflicht stehen.&#8221;<\/em><\/p>\n<\/blockquote>\n<p>Sensburg sieht auch einen strategischen Nutzen f\u00fcr die Bundeswehr, denn sie k\u00f6nnte eine Dauerpr\u00e4senz mit Ausbildungsst\u00e4tten auf Gr\u00f6nland errichten. &#8220;Das birgt auch Chancen: Wir k\u00f6nnten neben der Gebirgs- und Winterkampfschule in Mittenwald auch in Gr\u00f6nland trainieren und ausbilden. Das wird Europa st\u00e4rker zusammenschwei\u00dfen.&#8221; In Washington wird man diese Pl\u00e4ne, wenn \u00fcberhaupt, nur mit einem m\u00fcden L\u00e4cheln zur Kenntnis nehmen\u00a0\u2013 und so oder so vollendete Tatsachen schaffen.<\/p>\n<p><strong>Mehr zum Thema<\/strong>\u00a0&#8211;\u00a0<a rel=\"nofollow noopener\" target=\"_blank\" href=\"https:\/\/freedert.online\/nordamerika\/266933-trump-ich-brauche-kein-voelkerrecht\/\">Trump: &#8220;Ich brauche kein V\u00f6lkerrecht&#8221;<\/a><\/p>\n<\/div>\n<p><br \/>\n<br \/><a href=\"https:\/\/de.rt.com\/international\/267105-merz-und-starmer-wollen-nato\/\">Source link <\/a><\/p>\n","protected":false},"excerpt":{"rendered":"<p>Der britische Premierminister Keir Starmer fordert die NATO\u2011Verb\u00fcndeten auf, ihre &#8220;Sicherheitspr\u00e4senz&#8221; auf und um Gr\u00f6nland zu verst\u00e4rken. Auch Bundeskanzler Friedrich Merz will &#8220;diesen Teil D\u00e4nemarks besser sch\u00fctzen&#8221;. US-Pr\u00e4sident Trump h\u00e4lt dagegen nichts von NATO-Einheiten auf Gr\u00f6nland. Steht die NATO vor der Spaltung? Eine Gruppe europ\u00e4ischer L\u00e4nder unter F\u00fchrung Gro\u00dfbritanniens und Deutschlands fordert laut Bloomberg Pl\u00e4ne [&hellip;]<\/p>\n","protected":false},"author":3,"featured_media":97142,"comment_status":"open","ping_status":"open","sticky":false,"template":"","format":"standard","meta":{"_yoast_indexnow_last_ping":["1768239493"],"wp_automatic_camp":["217"],"792599927eae01425931c2b3b581aeb3":["Merz und Starmer wollen NATO-Truppen nach Gr\u00f6nland schicken"],"original_link":["https:\/\/de.rt.com\/international\/267105-merz-und-starmer-wollen-nato\/"],"_thumbnail_id":["97142"],"jnews_social_counter_last_update":["1777575594"],"_wptgpro_p2tg_sent2tg":["a:1:{i:23737;s:19:\"2026-01-12 19:39:12\";}"]},"categories":[19,23],"tags":[61318,18728,979,28530,20904,56356,140,1050],"yoast_head":"<!-- This site is optimized with the Yoast SEO Premium plugin v22.7 (Yoast SEO v22.7) - https:\/\/yoast.com\/wordpress\/plugins\/seo\/ -->\n<title>Merz und Starmer wollen NATO-Truppen nach Gr\u00f6nland schicken - just-now.NEWS Deutschland<\/title>\n<meta name=\"robots\" content=\"index, follow, max-snippet:-1, max-image-preview:large, max-video-preview:-1\" \/>\n<link rel=\"canonical\" href=\"https:\/\/now-news.de\/de\/deutschland\/merz-und-starmer-wollen-nato-truppen-nach-groenland-schicken\/\" \/>\n<meta property=\"og:locale\" content=\"de_DE\" \/>\n<meta property=\"og:type\" content=\"article\" \/>\n<meta property=\"og:title\" content=\"Merz und Starmer wollen NATO-Truppen nach Gr\u00f6nland schicken\" \/>\n<meta property=\"og:description\" content=\"Der britische Premierminister Keir Starmer fordert die NATO\u2011Verb\u00fcndeten auf, ihre &#8220;Sicherheitspr\u00e4senz&#8221; auf und um Gr\u00f6nland zu verst\u00e4rken. Auch Bundeskanzler Friedrich Merz will &#8220;diesen Teil D\u00e4nemarks besser sch\u00fctzen&#8221;. US-Pr\u00e4sident Trump h\u00e4lt dagegen nichts von NATO-Einheiten auf Gr\u00f6nland. Steht die NATO vor der Spaltung? Eine Gruppe europ\u00e4ischer L\u00e4nder unter F\u00fchrung Gro\u00dfbritanniens und Deutschlands fordert laut Bloomberg Pl\u00e4ne [&hellip;]\" \/>\n<meta property=\"og:url\" content=\"https:\/\/now-news.de\/de\/deutschland\/merz-und-starmer-wollen-nato-truppen-nach-groenland-schicken\/\" \/>\n<meta property=\"og:site_name\" content=\"just-now.NEWS Deutschland\" \/>\n<meta property=\"article:publisher\" content=\"https:\/\/www.facebook.com\/wirmachenauf\" \/>\n<meta property=\"article:published_time\" content=\"2026-01-12T17:35:15+00:00\" \/>\n<meta property=\"og:image\" content=\"https:\/\/now-news.de\/de\/wp-content\/uploads\/sites\/3\/2026\/01\/6965284b48fbef499875a597.jpg\" \/>\n<meta name=\"author\" content=\"rtnews\" \/>\n<meta name=\"twitter:card\" content=\"summary_large_image\" \/>\n<meta name=\"twitter:creator\" content=\"@WirMachenAuf_de\" \/>\n<meta name=\"twitter:site\" content=\"@WirMachenAuf_de\" \/>\n<meta name=\"twitter:label1\" content=\"Verfasst von\" \/>\n\t<meta name=\"twitter:data1\" content=\"rtnews\" \/>\n\t<meta name=\"twitter:label2\" content=\"Gesch\u00e4tzte Lesezeit\" \/>\n\t<meta name=\"twitter:data2\" content=\"4\u00a0Minuten\" \/>\n<script type=\"application\/ld+json\" class=\"yoast-schema-graph\">{\"@context\":\"https:\/\/schema.org\",\"@graph\":[{\"@type\":\"Article\",\"@id\":\"https:\/\/now-news.de\/de\/deutschland\/merz-und-starmer-wollen-nato-truppen-nach-groenland-schicken\/#article\",\"isPartOf\":{\"@id\":\"https:\/\/now-news.de\/de\/deutschland\/merz-und-starmer-wollen-nato-truppen-nach-groenland-schicken\/\"},\"author\":{\"name\":\"rtnews\",\"@id\":\"https:\/\/now-news.de\/de\/#\/schema\/person\/fb534a4e865501d8b3285208df34a9b5\"},\"headline\":\"Merz und Starmer wollen NATO-Truppen nach Gr\u00f6nland schicken\",\"datePublished\":\"2026-01-12T17:35:15+00:00\",\"dateModified\":\"2026-01-12T17:35:15+00:00\",\"mainEntityOfPage\":{\"@id\":\"https:\/\/now-news.de\/de\/deutschland\/merz-und-starmer-wollen-nato-truppen-nach-groenland-schicken\/\"},\"wordCount\":714,\"commentCount\":0,\"publisher\":{\"@id\":\"https:\/\/now-news.de\/de\/#organization\"},\"image\":{\"@id\":\"https:\/\/now-news.de\/de\/deutschland\/merz-und-starmer-wollen-nato-truppen-nach-groenland-schicken\/#primaryimage\"},\"thumbnailUrl\":\"https:\/\/now-news.de\/de\/wp-content\/uploads\/sites\/3\/2026\/01\/Merz-und-Starmer-wollen-NATO-Truppen-nach-Groenland-schicken.jpg\",\"keywords\":[\"Gr\u00f6nland\",\"Merz\",\"nach\",\"NATOTruppen\",\"schicken\",\"Starmer\",\"und\",\"wollen\"],\"articleSection\":[\"Deutschland\",\"Russland\"],\"inLanguage\":\"de\",\"potentialAction\":[{\"@type\":\"CommentAction\",\"name\":\"Comment\",\"target\":[\"https:\/\/now-news.de\/de\/deutschland\/merz-und-starmer-wollen-nato-truppen-nach-groenland-schicken\/#respond\"]}]},{\"@type\":\"WebPage\",\"@id\":\"https:\/\/now-news.de\/de\/deutschland\/merz-und-starmer-wollen-nato-truppen-nach-groenland-schicken\/\",\"url\":\"https:\/\/now-news.de\/de\/deutschland\/merz-und-starmer-wollen-nato-truppen-nach-groenland-schicken\/\",\"name\":\"Merz und Starmer wollen NATO-Truppen nach Gr\u00f6nland schicken - just-now.NEWS Deutschland\",\"isPartOf\":{\"@id\":\"https:\/\/now-news.de\/de\/#website\"},\"primaryImageOfPage\":{\"@id\":\"https:\/\/now-news.de\/de\/deutschland\/merz-und-starmer-wollen-nato-truppen-nach-groenland-schicken\/#primaryimage\"},\"image\":{\"@id\":\"https:\/\/now-news.de\/de\/deutschland\/merz-und-starmer-wollen-nato-truppen-nach-groenland-schicken\/#primaryimage\"},\"thumbnailUrl\":\"https:\/\/now-news.de\/de\/wp-content\/uploads\/sites\/3\/2026\/01\/Merz-und-Starmer-wollen-NATO-Truppen-nach-Groenland-schicken.jpg\",\"datePublished\":\"2026-01-12T17:35:15+00:00\",\"dateModified\":\"2026-01-12T17:35:15+00:00\",\"breadcrumb\":{\"@id\":\"https:\/\/now-news.de\/de\/deutschland\/merz-und-starmer-wollen-nato-truppen-nach-groenland-schicken\/#breadcrumb\"},\"inLanguage\":\"de\",\"potentialAction\":[{\"@type\":\"ReadAction\",\"target\":[\"https:\/\/now-news.de\/de\/deutschland\/merz-und-starmer-wollen-nato-truppen-nach-groenland-schicken\/\"]}]},{\"@type\":\"ImageObject\",\"inLanguage\":\"de\",\"@id\":\"https:\/\/now-news.de\/de\/deutschland\/merz-und-starmer-wollen-nato-truppen-nach-groenland-schicken\/#primaryimage\",\"url\":\"https:\/\/now-news.de\/de\/wp-content\/uploads\/sites\/3\/2026\/01\/Merz-und-Starmer-wollen-NATO-Truppen-nach-Groenland-schicken.jpg\",\"contentUrl\":\"https:\/\/now-news.de\/de\/wp-content\/uploads\/sites\/3\/2026\/01\/Merz-und-Starmer-wollen-NATO-Truppen-nach-Groenland-schicken.jpg\",\"width\":460,\"height\":259,\"caption\":\"Merz und Starmer wollen NATO-Truppen nach Gr\u00f6nland schicken\"},{\"@type\":\"BreadcrumbList\",\"@id\":\"https:\/\/now-news.de\/de\/deutschland\/merz-und-starmer-wollen-nato-truppen-nach-groenland-schicken\/#breadcrumb\",\"itemListElement\":[{\"@type\":\"ListItem\",\"position\":1,\"name\":\"Home\",\"item\":\"https:\/\/now-news.de\/de\/\"},{\"@type\":\"ListItem\",\"position\":2,\"name\":\"Merz und Starmer wollen NATO-Truppen nach Gr\u00f6nland schicken\"}]},{\"@type\":\"WebSite\",\"@id\":\"https:\/\/now-news.de\/de\/#website\",\"url\":\"https:\/\/now-news.de\/de\/\",\"name\":\"just-now.NEWS Deutschland\",\"description\":\"Das Portal f\u00fcr unzensierte Nachrichten aus der Welt\",\"publisher\":{\"@id\":\"https:\/\/now-news.de\/de\/#organization\"},\"potentialAction\":[{\"@type\":\"SearchAction\",\"target\":{\"@type\":\"EntryPoint\",\"urlTemplate\":\"https:\/\/now-news.de\/de\/?s={search_term_string}\"},\"query-input\":\"required name=search_term_string\"}],\"inLanguage\":\"de\"},{\"@type\":\"Organization\",\"@id\":\"https:\/\/now-news.de\/de\/#organization\",\"name\":\"Just Now News\",\"url\":\"https:\/\/now-news.de\/de\/\",\"logo\":{\"@type\":\"ImageObject\",\"inLanguage\":\"de\",\"@id\":\"https:\/\/now-news.de\/de\/#\/schema\/logo\/image\/\",\"url\":\"http:\/\/just-now.news\/de\/wp-content\/uploads\/sites\/3\/2022\/04\/logo500x500.jpg\",\"contentUrl\":\"http:\/\/just-now.news\/de\/wp-content\/uploads\/sites\/3\/2022\/04\/logo500x500.jpg\",\"width\":500,\"height\":500,\"caption\":\"Just Now News\"},\"image\":{\"@id\":\"https:\/\/now-news.de\/de\/#\/schema\/logo\/image\/\"},\"sameAs\":[\"https:\/\/www.facebook.com\/wirmachenauf\",\"https:\/\/x.com\/WirMachenAuf_de\"]},{\"@type\":\"Person\",\"@id\":\"https:\/\/now-news.de\/de\/#\/schema\/person\/fb534a4e865501d8b3285208df34a9b5\",\"name\":\"rtnews\",\"image\":{\"@type\":\"ImageObject\",\"inLanguage\":\"de\",\"@id\":\"https:\/\/now-news.de\/de\/#\/schema\/person\/image\/\",\"url\":\"https:\/\/secure.gravatar.com\/avatar\/82aafea7d8127119dd649515f56e2117?s=96&d=mm&r=g\",\"contentUrl\":\"https:\/\/secure.gravatar.com\/avatar\/82aafea7d8127119dd649515f56e2117?s=96&d=mm&r=g\",\"caption\":\"rtnews\"},\"url\":\"https:\/\/now-news.de\/de\/author\/rnews\/\"}]}<\/script>\n<!-- \/ Yoast SEO Premium plugin. -->","yoast_head_json":{"title":"Merz und Starmer wollen NATO-Truppen nach Gr\u00f6nland schicken - just-now.NEWS Deutschland","robots":{"index":"index","follow":"follow","max-snippet":"max-snippet:-1","max-image-preview":"max-image-preview:large","max-video-preview":"max-video-preview:-1"},"canonical":"https:\/\/now-news.de\/de\/deutschland\/merz-und-starmer-wollen-nato-truppen-nach-groenland-schicken\/","og_locale":"de_DE","og_type":"article","og_title":"Merz und Starmer wollen NATO-Truppen nach Gr\u00f6nland schicken","og_description":"Der britische Premierminister Keir Starmer fordert die NATO\u2011Verb\u00fcndeten auf, ihre &#8220;Sicherheitspr\u00e4senz&#8221; auf und um Gr\u00f6nland zu verst\u00e4rken. Auch Bundeskanzler Friedrich Merz will &#8220;diesen Teil D\u00e4nemarks besser sch\u00fctzen&#8221;. US-Pr\u00e4sident Trump h\u00e4lt dagegen nichts von NATO-Einheiten auf Gr\u00f6nland. Steht die NATO vor der Spaltung? Eine Gruppe europ\u00e4ischer L\u00e4nder unter F\u00fchrung Gro\u00dfbritanniens und Deutschlands fordert laut Bloomberg Pl\u00e4ne [&hellip;]","og_url":"https:\/\/now-news.de\/de\/deutschland\/merz-und-starmer-wollen-nato-truppen-nach-groenland-schicken\/","og_site_name":"just-now.NEWS Deutschland","article_publisher":"https:\/\/www.facebook.com\/wirmachenauf","article_published_time":"2026-01-12T17:35:15+00:00","og_image":[{"url":"https:\/\/now-news.de\/de\/wp-content\/uploads\/sites\/3\/2026\/01\/6965284b48fbef499875a597.jpg"}],"author":"rtnews","twitter_card":"summary_large_image","twitter_creator":"@WirMachenAuf_de","twitter_site":"@WirMachenAuf_de","twitter_misc":{"Verfasst von":"rtnews","Gesch\u00e4tzte Lesezeit":"4\u00a0Minuten"},"schema":{"@context":"https:\/\/schema.org","@graph":[{"@type":"Article","@id":"https:\/\/now-news.de\/de\/deutschland\/merz-und-starmer-wollen-nato-truppen-nach-groenland-schicken\/#article","isPartOf":{"@id":"https:\/\/now-news.de\/de\/deutschland\/merz-und-starmer-wollen-nato-truppen-nach-groenland-schicken\/"},"author":{"name":"rtnews","@id":"https:\/\/now-news.de\/de\/#\/schema\/person\/fb534a4e865501d8b3285208df34a9b5"},"headline":"Merz und Starmer wollen NATO-Truppen nach Gr\u00f6nland schicken","datePublished":"2026-01-12T17:35:15+00:00","dateModified":"2026-01-12T17:35:15+00:00","mainEntityOfPage":{"@id":"https:\/\/now-news.de\/de\/deutschland\/merz-und-starmer-wollen-nato-truppen-nach-groenland-schicken\/"},"wordCount":714,"commentCount":0,"publisher":{"@id":"https:\/\/now-news.de\/de\/#organization"},"image":{"@id":"https:\/\/now-news.de\/de\/deutschland\/merz-und-starmer-wollen-nato-truppen-nach-groenland-schicken\/#primaryimage"},"thumbnailUrl":"https:\/\/now-news.de\/de\/wp-content\/uploads\/sites\/3\/2026\/01\/Merz-und-Starmer-wollen-NATO-Truppen-nach-Groenland-schicken.jpg","keywords":["Gr\u00f6nland","Merz","nach","NATOTruppen","schicken","Starmer","und","wollen"],"articleSection":["Deutschland","Russland"],"inLanguage":"de","potentialAction":[{"@type":"CommentAction","name":"Comment","target":["https:\/\/now-news.de\/de\/deutschland\/merz-und-starmer-wollen-nato-truppen-nach-groenland-schicken\/#respond"]}]},{"@type":"WebPage","@id":"https:\/\/now-news.de\/de\/deutschland\/merz-und-starmer-wollen-nato-truppen-nach-groenland-schicken\/","url":"https:\/\/now-news.de\/de\/deutschland\/merz-und-starmer-wollen-nato-truppen-nach-groenland-schicken\/","name":"Merz und Starmer wollen NATO-Truppen nach Gr\u00f6nland schicken - just-now.NEWS Deutschland","isPartOf":{"@id":"https:\/\/now-news.de\/de\/#website"},"primaryImageOfPage":{"@id":"https:\/\/now-news.de\/de\/deutschland\/merz-und-starmer-wollen-nato-truppen-nach-groenland-schicken\/#primaryimage"},"image":{"@id":"https:\/\/now-news.de\/de\/deutschland\/merz-und-starmer-wollen-nato-truppen-nach-groenland-schicken\/#primaryimage"},"thumbnailUrl":"https:\/\/now-news.de\/de\/wp-content\/uploads\/sites\/3\/2026\/01\/Merz-und-Starmer-wollen-NATO-Truppen-nach-Groenland-schicken.jpg","datePublished":"2026-01-12T17:35:15+00:00","dateModified":"2026-01-12T17:35:15+00:00","breadcrumb":{"@id":"https:\/\/now-news.de\/de\/deutschland\/merz-und-starmer-wollen-nato-truppen-nach-groenland-schicken\/#breadcrumb"},"inLanguage":"de","potentialAction":[{"@type":"ReadAction","target":["https:\/\/now-news.de\/de\/deutschland\/merz-und-starmer-wollen-nato-truppen-nach-groenland-schicken\/"]}]},{"@type":"ImageObject","inLanguage":"de","@id":"https:\/\/now-news.de\/de\/deutschland\/merz-und-starmer-wollen-nato-truppen-nach-groenland-schicken\/#primaryimage","url":"https:\/\/now-news.de\/de\/wp-content\/uploads\/sites\/3\/2026\/01\/Merz-und-Starmer-wollen-NATO-Truppen-nach-Groenland-schicken.jpg","contentUrl":"https:\/\/now-news.de\/de\/wp-content\/uploads\/sites\/3\/2026\/01\/Merz-und-Starmer-wollen-NATO-Truppen-nach-Groenland-schicken.jpg","width":460,"height":259,"caption":"Merz und Starmer wollen NATO-Truppen nach Gr\u00f6nland schicken"},{"@type":"BreadcrumbList","@id":"https:\/\/now-news.de\/de\/deutschland\/merz-und-starmer-wollen-nato-truppen-nach-groenland-schicken\/#breadcrumb","itemListElement":[{"@type":"ListItem","position":1,"name":"Home","item":"https:\/\/now-news.de\/de\/"},{"@type":"ListItem","position":2,"name":"Merz und Starmer wollen NATO-Truppen nach Gr\u00f6nland schicken"}]},{"@type":"WebSite","@id":"https:\/\/now-news.de\/de\/#website","url":"https:\/\/now-news.de\/de\/","name":"just-now.NEWS Deutschland","description":"Das Portal f\u00fcr unzensierte Nachrichten aus der Welt","publisher":{"@id":"https:\/\/now-news.de\/de\/#organization"},"potentialAction":[{"@type":"SearchAction","target":{"@type":"EntryPoint","urlTemplate":"https:\/\/now-news.de\/de\/?s={search_term_string}"},"query-input":"required name=search_term_string"}],"inLanguage":"de"},{"@type":"Organization","@id":"https:\/\/now-news.de\/de\/#organization","name":"Just Now News","url":"https:\/\/now-news.de\/de\/","logo":{"@type":"ImageObject","inLanguage":"de","@id":"https:\/\/now-news.de\/de\/#\/schema\/logo\/image\/","url":"http:\/\/just-now.news\/de\/wp-content\/uploads\/sites\/3\/2022\/04\/logo500x500.jpg","contentUrl":"http:\/\/just-now.news\/de\/wp-content\/uploads\/sites\/3\/2022\/04\/logo500x500.jpg","width":500,"height":500,"caption":"Just Now News"},"image":{"@id":"https:\/\/now-news.de\/de\/#\/schema\/logo\/image\/"},"sameAs":["https:\/\/www.facebook.com\/wirmachenauf","https:\/\/x.com\/WirMachenAuf_de"]},{"@type":"Person","@id":"https:\/\/now-news.de\/de\/#\/schema\/person\/fb534a4e865501d8b3285208df34a9b5","name":"rtnews","image":{"@type":"ImageObject","inLanguage":"de","@id":"https:\/\/now-news.de\/de\/#\/schema\/person\/image\/","url":"https:\/\/secure.gravatar.com\/avatar\/82aafea7d8127119dd649515f56e2117?s=96&d=mm&r=g","contentUrl":"https:\/\/secure.gravatar.com\/avatar\/82aafea7d8127119dd649515f56e2117?s=96&d=mm&r=g","caption":"rtnews"},"url":"https:\/\/now-news.de\/de\/author\/rnews\/"}]}},"_links":{"self":[{"href":"https:\/\/now-news.de\/de\/wp-json\/wp\/v2\/posts\/97141"}],"collection":[{"href":"https:\/\/now-news.de\/de\/wp-json\/wp\/v2\/posts"}],"about":[{"href":"https:\/\/now-news.de\/de\/wp-json\/wp\/v2\/types\/post"}],"author":[{"embeddable":true,"href":"https:\/\/now-news.de\/de\/wp-json\/wp\/v2\/users\/3"}],"replies":[{"embeddable":true,"href":"https:\/\/now-news.de\/de\/wp-json\/wp\/v2\/comments?post=97141"}],"version-history":[{"count":0,"href":"https:\/\/now-news.de\/de\/wp-json\/wp\/v2\/posts\/97141\/revisions"}],"wp:featuredmedia":[{"embeddable":true,"href":"https:\/\/now-news.de\/de\/wp-json\/wp\/v2\/media\/97142"}],"wp:attachment":[{"href":"https:\/\/now-news.de\/de\/wp-json\/wp\/v2\/media?parent=97141"}],"wp:term":[{"taxonomy":"category","embeddable":true,"href":"https:\/\/now-news.de\/de\/wp-json\/wp\/v2\/categories?post=97141"},{"taxonomy":"post_tag","embeddable":true,"href":"https:\/\/now-news.de\/de\/wp-json\/wp\/v2\/tags?post=97141"}],"curies":[{"name":"wp","href":"https:\/\/api.w.org\/{rel}","templated":true}]}}