{"id":97097,"date":"2026-01-11T20:19:51","date_gmt":"2026-01-11T18:19:51","guid":{"rendered":"https:\/\/now-news.de\/de\/deutschland\/ukraine-internationale-legionen-offiziell-aufgeloest\/"},"modified":"2026-01-11T20:19:51","modified_gmt":"2026-01-11T18:19:51","slug":"ukraine-internationale-legionen-offiziell-aufgeloest","status":"publish","type":"post","link":"https:\/\/now-news.de\/de\/deutschland\/ukraine-internationale-legionen-offiziell-aufgeloest\/","title":{"rendered":"Ukraine: Internationale Legionen offiziell aufgel\u00f6st"},"content":{"rendered":"<p><img decoding=\"async\" src=\"https:\/\/now-news.de\/de\/wp-content\/uploads\/sites\/3\/2026\/01\/6963d980b480cc19005ab1dc.jpg\" \/><\/p>\n<div class=\"Text-root Text-type_1 \">\n                Laut Militaryland wurden die internationalen Legionen der ukrainischen Streitkr\u00e4fte am 31. Dezember 2025 aufgel\u00f6st und ihre Mitglieder in andere Einheiten, unter anderem Angriffstruppen, versetzt. Die internationale Legion des Milit\u00e4rgeheimdienstes bleibt jedoch bestehen.\n            <\/div>\n<p><\/p>\n<div class=\"Text-root Text-type_5 ArticleView-text ViewText-root \">\n<p>Die internationalen Legionen, die seit Beginn des Konflikts in der Ukraine existierten, sind aufgel\u00f6st worden. Dies <a rel=\"nofollow noopener\" target=\"_blank\" href=\"https:\/\/militaryland.net\/news\/international-legion-has-been-disbanded\/\">berichtet<\/a>\u00a0das Portal <em>Militaryland<\/em>.<strong><\/strong><\/p>\n<p>Es handelt sich um vier Milit\u00e4reinheiten der Landstreitkr\u00e4fte der ukrainischen Streitkr\u00e4fte, die unter diesem Namen mit entsprechenden Ordnungsnummern existierten. Wie das Portal behauptet, wurden sie alle am 31. Dezember 2025 offiziell aufgel\u00f6st. \u00dcber die Vorbereitung der Aufl\u00f6sung dieser Einheiten hatte zuvor die <em>BBC<\/em> berichtet.<\/p>\n<p>Nach Angaben von <em>Militaryland<\/em> wurden die vier internationalen Legionen in andere milit\u00e4rische Strukturen eingegliedert. So wurden die 1. und 3. Internationale Legion zum 475. Sturmregiment zusammengelegt, und auf der Grundlage der 4. wurde das 157. Internationale Ausbildungszentrum gegr\u00fcndet. Die 2. Internationale Legion wurde aufgel\u00f6st. <em>Militaryland<\/em> geht davon aus, dass ihr Personal in das 475. Angriffsregiment integriert wurde.<\/p>\n<p>Wie die Publikation feststellt, hat die Umstrukturierung zu Kontroversen unter den ukrainischen Milit\u00e4rs gef\u00fchrt. So kritisierte der ehemalige stellvertretende Kommandeur der 2. Internationalen Legion, Andrei Spiwak, die Art und Weise der Aufl\u00f6sung und erkl\u00e4rte, die Umstrukturierung sei willk\u00fcrlich gewesen. In einem Interview mit dem ukrainischen Fernsehsender <em>Espreso TV<\/em> am 31. Dezember beklagte er, dass die Teams und Besatzungen aufgel\u00f6st und die Menschen &#8220;v\u00f6llig willk\u00fcrlich&#8221; auf freie Stellen im Angriffsregiment verteilt worden seien. Der Kommandant merkte auch an, dass man in seiner aufgel\u00f6sten Einheit in der Lage war, mit ausl\u00e4ndischen Staatsangeh\u00f6rigen zu arbeiten und sie zu f\u00fchren. Jetzt hingegen seien die Ausl\u00e4nder laut Spiak im Stab des Angriffsregiments &#8220;verstreut&#8221;.<\/p>\n<p>Spiwak teilte mit, dass er sich an das Staatliche Ermittlungsb\u00fcro der Ukraine und die Spezialstaatsanwaltschaft f\u00fcr Verteidigungsfragen gewandt habe, um eine rechtliche Bewertung des Vorfalls zu erhalten. Er selbst wurde seines Amtes enthoben und in das Landesinnere versetzt.<\/p>\n<p><em>Militaryland<\/em> pr\u00e4zisierte, dass die Reform nur die Struktur der Landstreitkr\u00e4fte der ukrainischen Armee betraf. Die Internationale Legion der Milit\u00e4rischen Aufkl\u00e4rung der Ukraine agiert als eigenst\u00e4ndige Einheit und bleibt in voller Besetzung bestehen.<\/p>\n<p>Die internationalen Legionen zur Verteidigung der Ukraine (auch als &#8220;ausl\u00e4ndische Legionen&#8221; bekannt) waren separate Spezialeinheiten, die seit Beginn des Konflikts in der Struktur der Territorialverteidigung und sp\u00e4ter unter dem Kommando der Landstreitkr\u00e4fte der ukrainischen Streitkr\u00e4fte existierten.<\/p>\n<p>Im Oktober 2024 erkl\u00e4rte der Direktor des russischen Inlandsgeheimdienstes (FSB), Alexander Bortnikow, dass sich etwa 18.000 Ausl\u00e4nder in der internationalen Legion der ukrainischen Streitkr\u00e4fte befinden. Die Menschen w\u00fcrden von ukrainischen diplomatischen Vertretungen in verschiedenen Staaten rekrutiert.<\/p>\n<p>Die Gr\u00fcndung der internationalen Legion der Territorialverteidigung wurde vom ukrainischen Machthaber Wladimir Selenskij wenige Tage nach Beginn der milit\u00e4rischen Sonderoperation angek\u00fcndigt, um Freiwillige aus dem Ausland anzuwerben.<\/p>\n<p>Einige Vertreter der Legionen \u00e4u\u00dferten nach der Entscheidung \u00fcber die Aufl\u00f6sung die Meinung, dass dies zu einem R\u00fcckgang des Zustroms ausl\u00e4ndischer Freiwilliger in die ukrainische Armee oder m\u00f6glicherweise sogar zu dessen vollst\u00e4ndigem Versiegen f\u00fchren werde. Das Kommando der ukrainischen Streitkr\u00e4fte versicherte jedoch, dass die Reform ein evolution\u00e4rer Prozess sei und die Legionen ihre Rolle, die nur in den ersten Jahren des Konflikts wichtig war, bereits erf\u00fcllt h\u00e4tten.<\/p>\n<p><strong>Mehr zum Thema<\/strong> &#8211; <a rel=\"nofollow noopener\" target=\"_blank\" href=\"https:\/\/freedert.online\/kurzclips\/video\/266774-offizier-lissin-ueber-einsatz-im\/\">Offizier Lissin \u00fcber Einsatz im Donbass: &#8220;Wir hielten \u00fcberlegene Kr\u00e4fte auf&#8221;<\/a><\/p>\n<\/div>\n<p><br \/>\n<br \/><a href=\"https:\/\/de.rt.com\/international\/267032-ukraine-internationale-legionen-offiziell-aufgeloest\/\">Source link <\/a><\/p>\n","protected":false},"excerpt":{"rendered":"<p>Laut Militaryland wurden die internationalen Legionen der ukrainischen Streitkr\u00e4fte am 31. Dezember 2025 aufgel\u00f6st und ihre Mitglieder in andere Einheiten, unter anderem Angriffstruppen, versetzt. Die internationale Legion des Milit\u00e4rgeheimdienstes bleibt jedoch bestehen. Die internationalen Legionen, die seit Beginn des Konflikts in der Ukraine existierten, sind aufgel\u00f6st worden. Dies berichtet\u00a0das Portal Militaryland. Es handelt sich um [&hellip;]<\/p>\n","protected":false},"author":3,"featured_media":97098,"comment_status":"open","ping_status":"open","sticky":false,"template":"","format":"standard","meta":{"_yoast_indexnow_last_ping":["1768155731"],"wp_automatic_camp":["217"],"110c15f595a8dcb80ceef44dc7eab408":["Ukraine: Internationale Legionen offiziell aufgel\u00f6st"],"original_link":["https:\/\/de.rt.com\/international\/267032-ukraine-internationale-legionen-offiziell-aufgeloest\/"],"_thumbnail_id":["97098"],"jnews_social_counter_last_update":["1777393187"],"_wptgpro_p2tg_sent2tg":["a:1:{i:23737;s:19:\"2026-01-11 20:23:11\";}"]},"categories":[19,23],"tags":[25303,1736,70492,2390,127],"yoast_head":"<!-- This site is optimized with the Yoast SEO Premium plugin v22.7 (Yoast SEO v22.7) - https:\/\/yoast.com\/wordpress\/plugins\/seo\/ -->\n<title>Ukraine: Internationale Legionen offiziell aufgel\u00f6st - just-now.NEWS Deutschland<\/title>\n<meta name=\"robots\" content=\"index, follow, max-snippet:-1, max-image-preview:large, max-video-preview:-1\" \/>\n<link rel=\"canonical\" href=\"https:\/\/now-news.de\/de\/deutschland\/ukraine-internationale-legionen-offiziell-aufgeloest\/\" \/>\n<meta property=\"og:locale\" content=\"de_DE\" \/>\n<meta property=\"og:type\" content=\"article\" \/>\n<meta property=\"og:title\" content=\"Ukraine: Internationale Legionen offiziell aufgel\u00f6st\" \/>\n<meta property=\"og:description\" content=\"Laut Militaryland wurden die internationalen Legionen der ukrainischen Streitkr\u00e4fte am 31. Dezember 2025 aufgel\u00f6st und ihre Mitglieder in andere Einheiten, unter anderem Angriffstruppen, versetzt. Die internationale Legion des Milit\u00e4rgeheimdienstes bleibt jedoch bestehen. Die internationalen Legionen, die seit Beginn des Konflikts in der Ukraine existierten, sind aufgel\u00f6st worden. Dies berichtet\u00a0das Portal Militaryland. Es handelt sich um [&hellip;]\" \/>\n<meta property=\"og:url\" content=\"https:\/\/now-news.de\/de\/deutschland\/ukraine-internationale-legionen-offiziell-aufgeloest\/\" \/>\n<meta property=\"og:site_name\" content=\"just-now.NEWS Deutschland\" \/>\n<meta property=\"article:publisher\" content=\"https:\/\/www.facebook.com\/wirmachenauf\" \/>\n<meta property=\"article:published_time\" content=\"2026-01-11T18:19:51+00:00\" \/>\n<meta property=\"og:image\" content=\"https:\/\/now-news.de\/de\/wp-content\/uploads\/sites\/3\/2026\/01\/6963d980b480cc19005ab1dc.jpg\" \/>\n<meta name=\"author\" content=\"rtnews\" \/>\n<meta name=\"twitter:card\" content=\"summary_large_image\" \/>\n<meta name=\"twitter:creator\" content=\"@WirMachenAuf_de\" \/>\n<meta name=\"twitter:site\" content=\"@WirMachenAuf_de\" \/>\n<meta name=\"twitter:label1\" content=\"Verfasst von\" \/>\n\t<meta name=\"twitter:data1\" content=\"rtnews\" \/>\n\t<meta name=\"twitter:label2\" content=\"Gesch\u00e4tzte Lesezeit\" \/>\n\t<meta name=\"twitter:data2\" content=\"3\u00a0Minuten\" \/>\n<script type=\"application\/ld+json\" class=\"yoast-schema-graph\">{\"@context\":\"https:\/\/schema.org\",\"@graph\":[{\"@type\":\"Article\",\"@id\":\"https:\/\/now-news.de\/de\/deutschland\/ukraine-internationale-legionen-offiziell-aufgeloest\/#article\",\"isPartOf\":{\"@id\":\"https:\/\/now-news.de\/de\/deutschland\/ukraine-internationale-legionen-offiziell-aufgeloest\/\"},\"author\":{\"name\":\"rtnews\",\"@id\":\"https:\/\/now-news.de\/de\/#\/schema\/person\/fb534a4e865501d8b3285208df34a9b5\"},\"headline\":\"Ukraine: Internationale Legionen offiziell aufgel\u00f6st\",\"datePublished\":\"2026-01-11T18:19:51+00:00\",\"dateModified\":\"2026-01-11T18:19:51+00:00\",\"mainEntityOfPage\":{\"@id\":\"https:\/\/now-news.de\/de\/deutschland\/ukraine-internationale-legionen-offiziell-aufgeloest\/\"},\"wordCount\":561,\"commentCount\":0,\"publisher\":{\"@id\":\"https:\/\/now-news.de\/de\/#organization\"},\"image\":{\"@id\":\"https:\/\/now-news.de\/de\/deutschland\/ukraine-internationale-legionen-offiziell-aufgeloest\/#primaryimage\"},\"thumbnailUrl\":\"https:\/\/now-news.de\/de\/wp-content\/uploads\/sites\/3\/2026\/01\/Ukraine-Internationale-Legionen-offiziell-aufgeloest.jpg\",\"keywords\":[\"aufgel\u00f6st\",\"Internationale\",\"Legionen\",\"Offiziell\",\"ukraine\"],\"articleSection\":[\"Deutschland\",\"Russland\"],\"inLanguage\":\"de\",\"potentialAction\":[{\"@type\":\"CommentAction\",\"name\":\"Comment\",\"target\":[\"https:\/\/now-news.de\/de\/deutschland\/ukraine-internationale-legionen-offiziell-aufgeloest\/#respond\"]}]},{\"@type\":\"WebPage\",\"@id\":\"https:\/\/now-news.de\/de\/deutschland\/ukraine-internationale-legionen-offiziell-aufgeloest\/\",\"url\":\"https:\/\/now-news.de\/de\/deutschland\/ukraine-internationale-legionen-offiziell-aufgeloest\/\",\"name\":\"Ukraine: Internationale Legionen offiziell aufgel\u00f6st - just-now.NEWS Deutschland\",\"isPartOf\":{\"@id\":\"https:\/\/now-news.de\/de\/#website\"},\"primaryImageOfPage\":{\"@id\":\"https:\/\/now-news.de\/de\/deutschland\/ukraine-internationale-legionen-offiziell-aufgeloest\/#primaryimage\"},\"image\":{\"@id\":\"https:\/\/now-news.de\/de\/deutschland\/ukraine-internationale-legionen-offiziell-aufgeloest\/#primaryimage\"},\"thumbnailUrl\":\"https:\/\/now-news.de\/de\/wp-content\/uploads\/sites\/3\/2026\/01\/Ukraine-Internationale-Legionen-offiziell-aufgeloest.jpg\",\"datePublished\":\"2026-01-11T18:19:51+00:00\",\"dateModified\":\"2026-01-11T18:19:51+00:00\",\"breadcrumb\":{\"@id\":\"https:\/\/now-news.de\/de\/deutschland\/ukraine-internationale-legionen-offiziell-aufgeloest\/#breadcrumb\"},\"inLanguage\":\"de\",\"potentialAction\":[{\"@type\":\"ReadAction\",\"target\":[\"https:\/\/now-news.de\/de\/deutschland\/ukraine-internationale-legionen-offiziell-aufgeloest\/\"]}]},{\"@type\":\"ImageObject\",\"inLanguage\":\"de\",\"@id\":\"https:\/\/now-news.de\/de\/deutschland\/ukraine-internationale-legionen-offiziell-aufgeloest\/#primaryimage\",\"url\":\"https:\/\/now-news.de\/de\/wp-content\/uploads\/sites\/3\/2026\/01\/Ukraine-Internationale-Legionen-offiziell-aufgeloest.jpg\",\"contentUrl\":\"https:\/\/now-news.de\/de\/wp-content\/uploads\/sites\/3\/2026\/01\/Ukraine-Internationale-Legionen-offiziell-aufgeloest.jpg\",\"width\":460,\"height\":259,\"caption\":\"Ukraine: Internationale Legionen offiziell aufgel\u00f6st\"},{\"@type\":\"BreadcrumbList\",\"@id\":\"https:\/\/now-news.de\/de\/deutschland\/ukraine-internationale-legionen-offiziell-aufgeloest\/#breadcrumb\",\"itemListElement\":[{\"@type\":\"ListItem\",\"position\":1,\"name\":\"Home\",\"item\":\"https:\/\/now-news.de\/de\/\"},{\"@type\":\"ListItem\",\"position\":2,\"name\":\"Ukraine: Internationale Legionen offiziell aufgel\u00f6st\"}]},{\"@type\":\"WebSite\",\"@id\":\"https:\/\/now-news.de\/de\/#website\",\"url\":\"https:\/\/now-news.de\/de\/\",\"name\":\"just-now.NEWS Deutschland\",\"description\":\"Das Portal f\u00fcr unzensierte Nachrichten aus der Welt\",\"publisher\":{\"@id\":\"https:\/\/now-news.de\/de\/#organization\"},\"potentialAction\":[{\"@type\":\"SearchAction\",\"target\":{\"@type\":\"EntryPoint\",\"urlTemplate\":\"https:\/\/now-news.de\/de\/?s={search_term_string}\"},\"query-input\":\"required name=search_term_string\"}],\"inLanguage\":\"de\"},{\"@type\":\"Organization\",\"@id\":\"https:\/\/now-news.de\/de\/#organization\",\"name\":\"Just Now News\",\"url\":\"https:\/\/now-news.de\/de\/\",\"logo\":{\"@type\":\"ImageObject\",\"inLanguage\":\"de\",\"@id\":\"https:\/\/now-news.de\/de\/#\/schema\/logo\/image\/\",\"url\":\"http:\/\/just-now.news\/de\/wp-content\/uploads\/sites\/3\/2022\/04\/logo500x500.jpg\",\"contentUrl\":\"http:\/\/just-now.news\/de\/wp-content\/uploads\/sites\/3\/2022\/04\/logo500x500.jpg\",\"width\":500,\"height\":500,\"caption\":\"Just Now News\"},\"image\":{\"@id\":\"https:\/\/now-news.de\/de\/#\/schema\/logo\/image\/\"},\"sameAs\":[\"https:\/\/www.facebook.com\/wirmachenauf\",\"https:\/\/x.com\/WirMachenAuf_de\"]},{\"@type\":\"Person\",\"@id\":\"https:\/\/now-news.de\/de\/#\/schema\/person\/fb534a4e865501d8b3285208df34a9b5\",\"name\":\"rtnews\",\"image\":{\"@type\":\"ImageObject\",\"inLanguage\":\"de\",\"@id\":\"https:\/\/now-news.de\/de\/#\/schema\/person\/image\/\",\"url\":\"https:\/\/secure.gravatar.com\/avatar\/82aafea7d8127119dd649515f56e2117?s=96&d=mm&r=g\",\"contentUrl\":\"https:\/\/secure.gravatar.com\/avatar\/82aafea7d8127119dd649515f56e2117?s=96&d=mm&r=g\",\"caption\":\"rtnews\"},\"url\":\"https:\/\/now-news.de\/de\/author\/rnews\/\"}]}<\/script>\n<!-- \/ Yoast SEO Premium plugin. -->","yoast_head_json":{"title":"Ukraine: Internationale Legionen offiziell aufgel\u00f6st - just-now.NEWS Deutschland","robots":{"index":"index","follow":"follow","max-snippet":"max-snippet:-1","max-image-preview":"max-image-preview:large","max-video-preview":"max-video-preview:-1"},"canonical":"https:\/\/now-news.de\/de\/deutschland\/ukraine-internationale-legionen-offiziell-aufgeloest\/","og_locale":"de_DE","og_type":"article","og_title":"Ukraine: Internationale Legionen offiziell aufgel\u00f6st","og_description":"Laut Militaryland wurden die internationalen Legionen der ukrainischen Streitkr\u00e4fte am 31. Dezember 2025 aufgel\u00f6st und ihre Mitglieder in andere Einheiten, unter anderem Angriffstruppen, versetzt. Die internationale Legion des Milit\u00e4rgeheimdienstes bleibt jedoch bestehen. Die internationalen Legionen, die seit Beginn des Konflikts in der Ukraine existierten, sind aufgel\u00f6st worden. Dies berichtet\u00a0das Portal Militaryland. Es handelt sich um [&hellip;]","og_url":"https:\/\/now-news.de\/de\/deutschland\/ukraine-internationale-legionen-offiziell-aufgeloest\/","og_site_name":"just-now.NEWS Deutschland","article_publisher":"https:\/\/www.facebook.com\/wirmachenauf","article_published_time":"2026-01-11T18:19:51+00:00","og_image":[{"url":"https:\/\/now-news.de\/de\/wp-content\/uploads\/sites\/3\/2026\/01\/6963d980b480cc19005ab1dc.jpg"}],"author":"rtnews","twitter_card":"summary_large_image","twitter_creator":"@WirMachenAuf_de","twitter_site":"@WirMachenAuf_de","twitter_misc":{"Verfasst von":"rtnews","Gesch\u00e4tzte Lesezeit":"3\u00a0Minuten"},"schema":{"@context":"https:\/\/schema.org","@graph":[{"@type":"Article","@id":"https:\/\/now-news.de\/de\/deutschland\/ukraine-internationale-legionen-offiziell-aufgeloest\/#article","isPartOf":{"@id":"https:\/\/now-news.de\/de\/deutschland\/ukraine-internationale-legionen-offiziell-aufgeloest\/"},"author":{"name":"rtnews","@id":"https:\/\/now-news.de\/de\/#\/schema\/person\/fb534a4e865501d8b3285208df34a9b5"},"headline":"Ukraine: Internationale Legionen offiziell aufgel\u00f6st","datePublished":"2026-01-11T18:19:51+00:00","dateModified":"2026-01-11T18:19:51+00:00","mainEntityOfPage":{"@id":"https:\/\/now-news.de\/de\/deutschland\/ukraine-internationale-legionen-offiziell-aufgeloest\/"},"wordCount":561,"commentCount":0,"publisher":{"@id":"https:\/\/now-news.de\/de\/#organization"},"image":{"@id":"https:\/\/now-news.de\/de\/deutschland\/ukraine-internationale-legionen-offiziell-aufgeloest\/#primaryimage"},"thumbnailUrl":"https:\/\/now-news.de\/de\/wp-content\/uploads\/sites\/3\/2026\/01\/Ukraine-Internationale-Legionen-offiziell-aufgeloest.jpg","keywords":["aufgel\u00f6st","Internationale","Legionen","Offiziell","ukraine"],"articleSection":["Deutschland","Russland"],"inLanguage":"de","potentialAction":[{"@type":"CommentAction","name":"Comment","target":["https:\/\/now-news.de\/de\/deutschland\/ukraine-internationale-legionen-offiziell-aufgeloest\/#respond"]}]},{"@type":"WebPage","@id":"https:\/\/now-news.de\/de\/deutschland\/ukraine-internationale-legionen-offiziell-aufgeloest\/","url":"https:\/\/now-news.de\/de\/deutschland\/ukraine-internationale-legionen-offiziell-aufgeloest\/","name":"Ukraine: Internationale Legionen offiziell aufgel\u00f6st - just-now.NEWS Deutschland","isPartOf":{"@id":"https:\/\/now-news.de\/de\/#website"},"primaryImageOfPage":{"@id":"https:\/\/now-news.de\/de\/deutschland\/ukraine-internationale-legionen-offiziell-aufgeloest\/#primaryimage"},"image":{"@id":"https:\/\/now-news.de\/de\/deutschland\/ukraine-internationale-legionen-offiziell-aufgeloest\/#primaryimage"},"thumbnailUrl":"https:\/\/now-news.de\/de\/wp-content\/uploads\/sites\/3\/2026\/01\/Ukraine-Internationale-Legionen-offiziell-aufgeloest.jpg","datePublished":"2026-01-11T18:19:51+00:00","dateModified":"2026-01-11T18:19:51+00:00","breadcrumb":{"@id":"https:\/\/now-news.de\/de\/deutschland\/ukraine-internationale-legionen-offiziell-aufgeloest\/#breadcrumb"},"inLanguage":"de","potentialAction":[{"@type":"ReadAction","target":["https:\/\/now-news.de\/de\/deutschland\/ukraine-internationale-legionen-offiziell-aufgeloest\/"]}]},{"@type":"ImageObject","inLanguage":"de","@id":"https:\/\/now-news.de\/de\/deutschland\/ukraine-internationale-legionen-offiziell-aufgeloest\/#primaryimage","url":"https:\/\/now-news.de\/de\/wp-content\/uploads\/sites\/3\/2026\/01\/Ukraine-Internationale-Legionen-offiziell-aufgeloest.jpg","contentUrl":"https:\/\/now-news.de\/de\/wp-content\/uploads\/sites\/3\/2026\/01\/Ukraine-Internationale-Legionen-offiziell-aufgeloest.jpg","width":460,"height":259,"caption":"Ukraine: Internationale Legionen offiziell aufgel\u00f6st"},{"@type":"BreadcrumbList","@id":"https:\/\/now-news.de\/de\/deutschland\/ukraine-internationale-legionen-offiziell-aufgeloest\/#breadcrumb","itemListElement":[{"@type":"ListItem","position":1,"name":"Home","item":"https:\/\/now-news.de\/de\/"},{"@type":"ListItem","position":2,"name":"Ukraine: Internationale Legionen offiziell aufgel\u00f6st"}]},{"@type":"WebSite","@id":"https:\/\/now-news.de\/de\/#website","url":"https:\/\/now-news.de\/de\/","name":"just-now.NEWS Deutschland","description":"Das Portal f\u00fcr unzensierte Nachrichten aus der Welt","publisher":{"@id":"https:\/\/now-news.de\/de\/#organization"},"potentialAction":[{"@type":"SearchAction","target":{"@type":"EntryPoint","urlTemplate":"https:\/\/now-news.de\/de\/?s={search_term_string}"},"query-input":"required name=search_term_string"}],"inLanguage":"de"},{"@type":"Organization","@id":"https:\/\/now-news.de\/de\/#organization","name":"Just Now News","url":"https:\/\/now-news.de\/de\/","logo":{"@type":"ImageObject","inLanguage":"de","@id":"https:\/\/now-news.de\/de\/#\/schema\/logo\/image\/","url":"http:\/\/just-now.news\/de\/wp-content\/uploads\/sites\/3\/2022\/04\/logo500x500.jpg","contentUrl":"http:\/\/just-now.news\/de\/wp-content\/uploads\/sites\/3\/2022\/04\/logo500x500.jpg","width":500,"height":500,"caption":"Just Now News"},"image":{"@id":"https:\/\/now-news.de\/de\/#\/schema\/logo\/image\/"},"sameAs":["https:\/\/www.facebook.com\/wirmachenauf","https:\/\/x.com\/WirMachenAuf_de"]},{"@type":"Person","@id":"https:\/\/now-news.de\/de\/#\/schema\/person\/fb534a4e865501d8b3285208df34a9b5","name":"rtnews","image":{"@type":"ImageObject","inLanguage":"de","@id":"https:\/\/now-news.de\/de\/#\/schema\/person\/image\/","url":"https:\/\/secure.gravatar.com\/avatar\/82aafea7d8127119dd649515f56e2117?s=96&d=mm&r=g","contentUrl":"https:\/\/secure.gravatar.com\/avatar\/82aafea7d8127119dd649515f56e2117?s=96&d=mm&r=g","caption":"rtnews"},"url":"https:\/\/now-news.de\/de\/author\/rnews\/"}]}},"_links":{"self":[{"href":"https:\/\/now-news.de\/de\/wp-json\/wp\/v2\/posts\/97097"}],"collection":[{"href":"https:\/\/now-news.de\/de\/wp-json\/wp\/v2\/posts"}],"about":[{"href":"https:\/\/now-news.de\/de\/wp-json\/wp\/v2\/types\/post"}],"author":[{"embeddable":true,"href":"https:\/\/now-news.de\/de\/wp-json\/wp\/v2\/users\/3"}],"replies":[{"embeddable":true,"href":"https:\/\/now-news.de\/de\/wp-json\/wp\/v2\/comments?post=97097"}],"version-history":[{"count":0,"href":"https:\/\/now-news.de\/de\/wp-json\/wp\/v2\/posts\/97097\/revisions"}],"wp:featuredmedia":[{"embeddable":true,"href":"https:\/\/now-news.de\/de\/wp-json\/wp\/v2\/media\/97098"}],"wp:attachment":[{"href":"https:\/\/now-news.de\/de\/wp-json\/wp\/v2\/media?parent=97097"}],"wp:term":[{"taxonomy":"category","embeddable":true,"href":"https:\/\/now-news.de\/de\/wp-json\/wp\/v2\/categories?post=97097"},{"taxonomy":"post_tag","embeddable":true,"href":"https:\/\/now-news.de\/de\/wp-json\/wp\/v2\/tags?post=97097"}],"curies":[{"name":"wp","href":"https:\/\/api.w.org\/{rel}","templated":true}]}}