{"id":97089,"date":"2026-01-11T17:08:48","date_gmt":"2026-01-11T15:08:48","guid":{"rendered":"https:\/\/now-news.de\/de\/deutschland\/tauchen-sie-ein-in-die-welt-der-unmoeglichen-moeglichkeiten-erich-von-daeniken-verstorben\/"},"modified":"2026-01-11T17:08:48","modified_gmt":"2026-01-11T15:08:48","slug":"tauchen-sie-ein-in-die-welt-der-unmoeglichen-moeglichkeiten-erich-von-daeniken-verstorben","status":"publish","type":"post","link":"https:\/\/now-news.de\/de\/deutschland\/tauchen-sie-ein-in-die-welt-der-unmoeglichen-moeglichkeiten-erich-von-daeniken-verstorben\/","title":{"rendered":"&quot;Tauchen Sie ein in die Welt der unm\u00f6glichen M\u00f6glichkeiten&quot; \u2013 Erich von D\u00e4niken verstorben"},"content":{"rendered":"<p><img decoding=\"async\" src=\"https:\/\/now-news.de\/de\/wp-content\/uploads\/sites\/3\/2026\/01\/69639c7948fbef6a61764caf.JPG\" \/><\/p>\n<div class=\"Text-root Text-type_1 \">\n                Erich von D\u00e4niken, der bekannteste Vertreter der sogenannten &#8220;Pr\u00e4-Astronautik&#8221;, ist mit 90 Jahren altersbedingt in der Schweiz verstorben. D\u00e4niken war davon \u00fcberzeugt, dass historische monumentale Bauwerke nur &#8220;mit fremder Hilfe&#8221; gebaut werden konnten. So w\u00e4ren &#8220;intelligente Au\u00dferirdische&#8221; als G\u00f6tter verehrt worden.\n            <\/div>\n<p><\/p>\n<div class=\"Text-root Text-type_5 ArticleView-text ViewText-root \">\n<p>Der weltweit anerkannte Publizist Erich von D\u00e4niken, Jahrgang 1935, ist\u00a0am 10. Januar in der Schweiz im Alter von 90 Jahren verstorben. Seine zahlreichen Werke zum Thema der &#8220;Pr\u00e4-Astronautik&#8221; wurden rund 70 Millionen Mal verkauft\u00a0und in \u00fcber 30 Sprachen ver\u00f6ffentlicht. Eine seiner fr\u00fchen kontrovers wahrgenommenen und vieldiskutierten Thesen lautete in dem Buch &#8220;Aussaat und Kosmos (1972)&#8221;, dass &#8220;Au\u00dferirdische&#8221;\u00a0genetisch in die Entwicklung des Menschen eingegriffen oder diesen sogar erschaffen haben.<\/p>\n<p>Erich von D\u00e4nikens umfangreiches literarisches Werk besch\u00e4ftigt sich seit Jahrzehnten mit ungekl\u00e4rten historischen R\u00e4tseln und dem Versuch, Beweise f\u00fcr einen Kontakt zwischen der Menschheit und au\u00dferirdischen Zivilisationen zu liefern. Der erste Buchtitel im Jahr 1968 lautete: &#8220;Erinnerungen an die Zukunft&#8221;.\u00a0<\/p>\n<p>Laut eigener Aussage\u00a0verschaffte ihm das weltweite Interesse an seinen Thesen den Titel des &#8220;meistgelesenen und meistkopierten Sachbuchautors der Welt&#8221;. Das Motto seiner Schriften lautete jeher: &#8220;Tauchen Sie ein in die Welt der unm\u00f6glichen M\u00f6glichkeiten&#8221;.\u00a0<\/p>\n<p>Durch seine bis zuletzt intensive Forschung und weltweiten Reisen verband der 90-J\u00e4hrige seine arch\u00e4ologischen Funde und theoretischen Mythen mit der sogenannten &#8220;Pal\u00e4o-Astronautik-Hypothese&#8221;. Einer der bekanntesten deutschen &#8220;Ufo-Forscher&#8221;, Robert Fleischer, schreibt auf X:<\/p>\n<p><em>&#8220;Lieber Erich von D\u00e4niken, Sie haben mein Leben wie kein anderer gepr\u00e4gt. 1994 haben Sie mich mit Ihrer leidenschaftlichen Neugierde f\u00fcr unsere wahre Geschichte angesteckt. 2007 haben Sie mir das gr\u00f6\u00dfte Geschenk meines Lebens gemacht, das ich noch immer erforsche und in Worte zu fassen versuche.\u00a0Und im Juni 2025, in unserem letzten Interview, haben Sie mir endlich alles erkl\u00e4rt.&#8221;<\/em><\/p>\n<div class=\"EmbedBlock-root EmbedBlock-twitter\">\n<div class=\"TwitterEmbed\">\n<blockquote class=\"twitter-tweet lazyload\" data-twitter=\"twitter-tweet\">\n<p lang=\"en\" dir=\"ltr\">My first and my last photo with you. Dear Erich von D\u00e4niken, you have shaped my life like no one else. In 1994, you infected me with your passionate curiosity about our true history. In 2007, you gave me the greatest gift of my life that I am still exploring and trying to put in\u2026 <a rel=\"nofollow noopener\" target=\"_blank\" href=\"https:\/\/t.co\/GCRBucdqJz\">pic.twitter.com\/GCRBucdqJz<\/a><\/p>\n<p>\u2014 Robert Fleischer (@robflei) <a rel=\"nofollow noopener\" target=\"_blank\" href=\"https:\/\/twitter.com\/robflei\/status\/2010329237736095946?ref_src=twsrc%5Etfw\">January 11, 2026<\/a><\/p><\/blockquote>\n<\/div>\n<\/div>\n<p>Die offizielle <a rel=\"nofollow noopener\" target=\"_blank\" href=\"https:\/\/daniken.com\/\">Webseite<\/a> erinnert zum Werk und den Arbeiten von Erich von D\u00e4niken:<\/p>\n<p><em>&#8220;Erich von D\u00e4niken markierte einen Umschlagspunkt im Denken und Empfinden vieler seiner Leser. Mit seinen fr\u00fchen Werken kn\u00fcpfte er literarisch an die 50er Jahre mit C. W. Cerams arch\u00e4ologischer Vergangenheitskunde &#8216;G\u00f6tter, Gr\u00e4ber und Gelehrte&#8217; an. Seine Formel &#8216;Die G\u00f6tter waren Astronauten&#8217; verklammerte Gegenwart und Zukunft mit der Fr\u00fchgeschichte. In der Geschichte der Menschheit besuchten, so seine Theorie, au\u00dferirdische Intelligenzen die Erde und wurden als G\u00f6tter interpretiert, da die Technologie dieser Wesen in den Augen der Menschen magisch erschien.&#8221;<\/em><\/p>\n<p>Trotz andauernder Zweifel seiner Kritiker war von D\u00e4niken jedoch auch\u00a0weltweit anerkannt.\u00a0Unter den vielen Auszeichnungen, die Erich von D\u00e4niken in seinem Leben erhielt, geh\u00f6ren der Ehrendoktor der Universidad Boliviana (1975) sowie die Ehrenb\u00fcrgerschaft der peruanischen Stadt Nazca. Weitere Auszeichnungen lauten:<\/p>\n<ul>\n<li>Ehrenb\u00fcrgerschaft der Stadt Ica, Peru (1981)<\/li>\n<li>Ehrenmitglied des Ordens Cordon Bleu du Saint Esprit, Deutschland (1987)<\/li>\n<li>Pr\u00eamio Louren\u00e7o Filho in Gold und Platin, Brasilien<\/li>\n<li>Golden Idea Award der Schweizerischen Gesellschaft f\u00fcr Ideen- und Innovationsmanagement, Schweiz (2003)<\/li>\n<li>&#8220;World-Explorer-Preis&#8221; des World Explorers Club, TU Lodz, Polen (2004)<\/li>\n<li>Auszeichnung der Stadt Curitiba, Brasilien (2013)\u00a0<\/li>\n<\/ul>\n<p>Bereits im hohen Alter er\u00f6ffnete von D\u00e4niken im Jahr 2003 kurzzeitig den &#8220;<a rel=\"nofollow noopener\" target=\"_blank\" href=\"https:\/\/www.ezw-berlin.de\/publikationen\/artikel\/erich-von-daenikens-mystery-park-geschlossen\/\">Mystery Park<\/a>&#8220;, der allerdings bald wieder aus finanziellen Gr\u00fcnden schlie\u00dfen musste. Er behauptete, &#8220;die\u00a0gegenw\u00e4rtige Raumfahrt gleicht den Fl\u00f6\u00dfen der Steinzeit&#8221;. Eines seiner vielen bekannten Zitate lautet:<\/p>\n<p><em>&#8220;F\u00fcr mich ist es keine Frage, dass es Au\u00dferirdische gibt. Die Frage ist nur: Warum machen sie es uns so schwer, ihre Existenz zu beweisen?&#8221;<\/em><\/p>\n<p>Im Fr\u00fchjahr 2025 gab von D\u00e4niken laut Schweizer Medien bekannt, dass er aus gesundheitlichen Gr\u00fcnden k\u00fcrzer treten werde. Seine Tochter Cornelia von D\u00e4niken erkl\u00e4rt nun gegen\u00fcber der Nachrichtenagentur <em>Keystone-SDA<\/em>, ihr Vater sei am\u00a0gestrigen\u00a0Samstag\u00a0altersbedingt im Spital von Interlaken verstorben.<\/p>\n<p><strong>Mehr zum Thema \u2012<\/strong>\u00a0<a rel=\"nofollow noopener\" target=\"_blank\" href=\"https:\/\/freedert.online\/nordamerika\/260781-frueherer-us-vize-praesident-dick\/\">Fr\u00fcherer US-Vizepr\u00e4sident Dick Cheney im Alter von 84 Jahren gestorben<\/a><\/p>\n<div class=\"EmbedBlock-root EmbedBlock-externalVideo EmbedBlock-rumble\">\n<div class=\"VkEmbed\"><iframe class=\"lazyload\" data-src=\"https:\/\/rumble.com\/embed\/v5ilwzd\" frameborder=\"0\" width=\"853\" height=\"480\" allowfullscreen><\/iframe><\/div>\n<\/div>\n<\/div>\n<p><script async src=\"https:\/\/platform.twitter.com\/widgets.js\" charset=\"utf-8\"><\/script><br \/>\n<br \/><br \/>\n<br \/><a href=\"https:\/\/de.rt.com\/gesellschaft\/267013-tauchen-sie-in-welt-unmoeglichen\/\">Source link <\/a><\/p>\n","protected":false},"excerpt":{"rendered":"<p>Erich von D\u00e4niken, der bekannteste Vertreter der sogenannten &#8220;Pr\u00e4-Astronautik&#8221;, ist mit 90 Jahren altersbedingt in der Schweiz verstorben. D\u00e4niken war davon \u00fcberzeugt, dass historische monumentale Bauwerke nur &#8220;mit fremder Hilfe&#8221; gebaut werden konnten. So w\u00e4ren &#8220;intelligente Au\u00dferirdische&#8221; als G\u00f6tter verehrt worden. Der weltweit anerkannte Publizist Erich von D\u00e4niken, Jahrgang 1935, ist\u00a0am 10. Januar in der [&hellip;]<\/p>\n","protected":false},"author":3,"featured_media":97090,"comment_status":"open","ping_status":"open","sticky":false,"template":"","format":"standard","meta":{"_yoast_indexnow_last_ping":["1768144211"],"wp_automatic_camp":["217"],"287d81651d52bd4ea0babfb48a7b37fc":["&quot;Tauchen Sie ein in die Welt der unm\u00f6glichen M\u00f6glichkeiten&quot; \u2013 Erich von D\u00e4niken verstorben"],"original_link":["https:\/\/de.rt.com\/gesellschaft\/267013-tauchen-sie-in-welt-unmoeglichen\/"],"_thumbnail_id":["97090"],"jnews_social_counter_last_update":["1777175044"],"_wptgpro_p2tg_sent2tg":["a:1:{i:23737;s:19:\"2026-01-11 17:11:18\";}"]},"categories":[19,23],"tags":[70489,82,45,357,31648,51275,70487,527,70488,27023,50,778],"yoast_head":"<!-- This site is optimized with the Yoast SEO Premium plugin v22.7 (Yoast SEO v22.7) - https:\/\/yoast.com\/wordpress\/plugins\/seo\/ -->\n<title>&quot;Tauchen Sie ein in die Welt der unm\u00f6glichen M\u00f6glichkeiten&quot; \u2013 Erich von D\u00e4niken verstorben - just-now.NEWS Deutschland<\/title>\n<meta name=\"robots\" content=\"index, follow, max-snippet:-1, max-image-preview:large, max-video-preview:-1\" \/>\n<link rel=\"canonical\" href=\"https:\/\/now-news.de\/de\/deutschland\/tauchen-sie-ein-in-die-welt-der-unmoeglichen-moeglichkeiten-erich-von-daeniken-verstorben\/\" \/>\n<meta property=\"og:locale\" content=\"de_DE\" \/>\n<meta property=\"og:type\" content=\"article\" \/>\n<meta property=\"og:title\" content=\"&quot;Tauchen Sie ein in die Welt der unm\u00f6glichen M\u00f6glichkeiten&quot; \u2013 Erich von D\u00e4niken verstorben\" \/>\n<meta property=\"og:description\" content=\"Erich von D\u00e4niken, der bekannteste Vertreter der sogenannten &#8220;Pr\u00e4-Astronautik&#8221;, ist mit 90 Jahren altersbedingt in der Schweiz verstorben. D\u00e4niken war davon \u00fcberzeugt, dass historische monumentale Bauwerke nur &#8220;mit fremder Hilfe&#8221; gebaut werden konnten. So w\u00e4ren &#8220;intelligente Au\u00dferirdische&#8221; als G\u00f6tter verehrt worden. Der weltweit anerkannte Publizist Erich von D\u00e4niken, Jahrgang 1935, ist\u00a0am 10. Januar in der [&hellip;]\" \/>\n<meta property=\"og:url\" content=\"https:\/\/now-news.de\/de\/deutschland\/tauchen-sie-ein-in-die-welt-der-unmoeglichen-moeglichkeiten-erich-von-daeniken-verstorben\/\" \/>\n<meta property=\"og:site_name\" content=\"just-now.NEWS Deutschland\" \/>\n<meta property=\"article:publisher\" content=\"https:\/\/www.facebook.com\/wirmachenauf\" \/>\n<meta property=\"article:published_time\" content=\"2026-01-11T15:08:48+00:00\" \/>\n<meta property=\"og:image\" content=\"https:\/\/now-news.de\/de\/wp-content\/uploads\/sites\/3\/2026\/01\/69639c7948fbef6a61764caf.JPG\" \/>\n<meta name=\"author\" content=\"rtnews\" \/>\n<meta name=\"twitter:card\" content=\"summary_large_image\" \/>\n<meta name=\"twitter:creator\" content=\"@WirMachenAuf_de\" \/>\n<meta name=\"twitter:site\" content=\"@WirMachenAuf_de\" \/>\n<meta name=\"twitter:label1\" content=\"Verfasst von\" \/>\n\t<meta name=\"twitter:data1\" content=\"rtnews\" \/>\n\t<meta name=\"twitter:label2\" content=\"Gesch\u00e4tzte Lesezeit\" \/>\n\t<meta name=\"twitter:data2\" content=\"3\u00a0Minuten\" \/>\n<script type=\"application\/ld+json\" class=\"yoast-schema-graph\">{\"@context\":\"https:\/\/schema.org\",\"@graph\":[{\"@type\":\"Article\",\"@id\":\"https:\/\/now-news.de\/de\/deutschland\/tauchen-sie-ein-in-die-welt-der-unmoeglichen-moeglichkeiten-erich-von-daeniken-verstorben\/#article\",\"isPartOf\":{\"@id\":\"https:\/\/now-news.de\/de\/deutschland\/tauchen-sie-ein-in-die-welt-der-unmoeglichen-moeglichkeiten-erich-von-daeniken-verstorben\/\"},\"author\":{\"name\":\"rtnews\",\"@id\":\"https:\/\/now-news.de\/de\/#\/schema\/person\/fb534a4e865501d8b3285208df34a9b5\"},\"headline\":\"&quot;Tauchen Sie ein in die Welt der unm\u00f6glichen M\u00f6glichkeiten&quot; \u2013 Erich von D\u00e4niken verstorben\",\"datePublished\":\"2026-01-11T15:08:48+00:00\",\"dateModified\":\"2026-01-11T15:08:48+00:00\",\"mainEntityOfPage\":{\"@id\":\"https:\/\/now-news.de\/de\/deutschland\/tauchen-sie-ein-in-die-welt-der-unmoeglichen-moeglichkeiten-erich-von-daeniken-verstorben\/\"},\"wordCount\":706,\"commentCount\":0,\"publisher\":{\"@id\":\"https:\/\/now-news.de\/de\/#organization\"},\"image\":{\"@id\":\"https:\/\/now-news.de\/de\/deutschland\/tauchen-sie-ein-in-die-welt-der-unmoeglichen-moeglichkeiten-erich-von-daeniken-verstorben\/#primaryimage\"},\"thumbnailUrl\":\"https:\/\/now-news.de\/de\/wp-content\/uploads\/sites\/3\/2026\/01\/quotTauchen-Sie-ein-in-die-Welt-der-unmoeglichen-Moeglichkeitenquot-\u2013.JPG\",\"keywords\":[\"D\u00e4niken\",\"der\",\"die\",\"ein\",\"Erich\",\"M\u00f6glichkeitenquot\",\"quotTauchen\",\"Sie\",\"unm\u00f6glichen\",\"verstorben\",\"von\",\"Welt\"],\"articleSection\":[\"Deutschland\",\"Russland\"],\"inLanguage\":\"de\",\"potentialAction\":[{\"@type\":\"CommentAction\",\"name\":\"Comment\",\"target\":[\"https:\/\/now-news.de\/de\/deutschland\/tauchen-sie-ein-in-die-welt-der-unmoeglichen-moeglichkeiten-erich-von-daeniken-verstorben\/#respond\"]}]},{\"@type\":\"WebPage\",\"@id\":\"https:\/\/now-news.de\/de\/deutschland\/tauchen-sie-ein-in-die-welt-der-unmoeglichen-moeglichkeiten-erich-von-daeniken-verstorben\/\",\"url\":\"https:\/\/now-news.de\/de\/deutschland\/tauchen-sie-ein-in-die-welt-der-unmoeglichen-moeglichkeiten-erich-von-daeniken-verstorben\/\",\"name\":\"&quot;Tauchen Sie ein in die Welt der unm\u00f6glichen M\u00f6glichkeiten&quot; \u2013 Erich von D\u00e4niken verstorben - just-now.NEWS Deutschland\",\"isPartOf\":{\"@id\":\"https:\/\/now-news.de\/de\/#website\"},\"primaryImageOfPage\":{\"@id\":\"https:\/\/now-news.de\/de\/deutschland\/tauchen-sie-ein-in-die-welt-der-unmoeglichen-moeglichkeiten-erich-von-daeniken-verstorben\/#primaryimage\"},\"image\":{\"@id\":\"https:\/\/now-news.de\/de\/deutschland\/tauchen-sie-ein-in-die-welt-der-unmoeglichen-moeglichkeiten-erich-von-daeniken-verstorben\/#primaryimage\"},\"thumbnailUrl\":\"https:\/\/now-news.de\/de\/wp-content\/uploads\/sites\/3\/2026\/01\/quotTauchen-Sie-ein-in-die-Welt-der-unmoeglichen-Moeglichkeitenquot-\u2013.JPG\",\"datePublished\":\"2026-01-11T15:08:48+00:00\",\"dateModified\":\"2026-01-11T15:08:48+00:00\",\"breadcrumb\":{\"@id\":\"https:\/\/now-news.de\/de\/deutschland\/tauchen-sie-ein-in-die-welt-der-unmoeglichen-moeglichkeiten-erich-von-daeniken-verstorben\/#breadcrumb\"},\"inLanguage\":\"de\",\"potentialAction\":[{\"@type\":\"ReadAction\",\"target\":[\"https:\/\/now-news.de\/de\/deutschland\/tauchen-sie-ein-in-die-welt-der-unmoeglichen-moeglichkeiten-erich-von-daeniken-verstorben\/\"]}]},{\"@type\":\"ImageObject\",\"inLanguage\":\"de\",\"@id\":\"https:\/\/now-news.de\/de\/deutschland\/tauchen-sie-ein-in-die-welt-der-unmoeglichen-moeglichkeiten-erich-von-daeniken-verstorben\/#primaryimage\",\"url\":\"https:\/\/now-news.de\/de\/wp-content\/uploads\/sites\/3\/2026\/01\/quotTauchen-Sie-ein-in-die-Welt-der-unmoeglichen-Moeglichkeitenquot-\u2013.JPG\",\"contentUrl\":\"https:\/\/now-news.de\/de\/wp-content\/uploads\/sites\/3\/2026\/01\/quotTauchen-Sie-ein-in-die-Welt-der-unmoeglichen-Moeglichkeitenquot-\u2013.JPG\",\"width\":460,\"height\":259,\"caption\":\"&quot;Tauchen Sie ein in die Welt der unm\u00f6glichen M\u00f6glichkeiten&quot; \u2013 Erich von D\u00e4niken verstorben\"},{\"@type\":\"BreadcrumbList\",\"@id\":\"https:\/\/now-news.de\/de\/deutschland\/tauchen-sie-ein-in-die-welt-der-unmoeglichen-moeglichkeiten-erich-von-daeniken-verstorben\/#breadcrumb\",\"itemListElement\":[{\"@type\":\"ListItem\",\"position\":1,\"name\":\"Home\",\"item\":\"https:\/\/now-news.de\/de\/\"},{\"@type\":\"ListItem\",\"position\":2,\"name\":\"&quot;Tauchen Sie ein in die Welt der unm\u00f6glichen M\u00f6glichkeiten&quot; \u2013 Erich von D\u00e4niken verstorben\"}]},{\"@type\":\"WebSite\",\"@id\":\"https:\/\/now-news.de\/de\/#website\",\"url\":\"https:\/\/now-news.de\/de\/\",\"name\":\"just-now.NEWS Deutschland\",\"description\":\"Das Portal f\u00fcr unzensierte Nachrichten aus der Welt\",\"publisher\":{\"@id\":\"https:\/\/now-news.de\/de\/#organization\"},\"potentialAction\":[{\"@type\":\"SearchAction\",\"target\":{\"@type\":\"EntryPoint\",\"urlTemplate\":\"https:\/\/now-news.de\/de\/?s={search_term_string}\"},\"query-input\":\"required name=search_term_string\"}],\"inLanguage\":\"de\"},{\"@type\":\"Organization\",\"@id\":\"https:\/\/now-news.de\/de\/#organization\",\"name\":\"Just Now News\",\"url\":\"https:\/\/now-news.de\/de\/\",\"logo\":{\"@type\":\"ImageObject\",\"inLanguage\":\"de\",\"@id\":\"https:\/\/now-news.de\/de\/#\/schema\/logo\/image\/\",\"url\":\"http:\/\/just-now.news\/de\/wp-content\/uploads\/sites\/3\/2022\/04\/logo500x500.jpg\",\"contentUrl\":\"http:\/\/just-now.news\/de\/wp-content\/uploads\/sites\/3\/2022\/04\/logo500x500.jpg\",\"width\":500,\"height\":500,\"caption\":\"Just Now News\"},\"image\":{\"@id\":\"https:\/\/now-news.de\/de\/#\/schema\/logo\/image\/\"},\"sameAs\":[\"https:\/\/www.facebook.com\/wirmachenauf\",\"https:\/\/x.com\/WirMachenAuf_de\"]},{\"@type\":\"Person\",\"@id\":\"https:\/\/now-news.de\/de\/#\/schema\/person\/fb534a4e865501d8b3285208df34a9b5\",\"name\":\"rtnews\",\"image\":{\"@type\":\"ImageObject\",\"inLanguage\":\"de\",\"@id\":\"https:\/\/now-news.de\/de\/#\/schema\/person\/image\/\",\"url\":\"https:\/\/secure.gravatar.com\/avatar\/82aafea7d8127119dd649515f56e2117?s=96&d=mm&r=g\",\"contentUrl\":\"https:\/\/secure.gravatar.com\/avatar\/82aafea7d8127119dd649515f56e2117?s=96&d=mm&r=g\",\"caption\":\"rtnews\"},\"url\":\"https:\/\/now-news.de\/de\/author\/rnews\/\"}]}<\/script>\n<!-- \/ Yoast SEO Premium plugin. -->","yoast_head_json":{"title":"&quot;Tauchen Sie ein in die Welt der unm\u00f6glichen M\u00f6glichkeiten&quot; \u2013 Erich von D\u00e4niken verstorben - just-now.NEWS Deutschland","robots":{"index":"index","follow":"follow","max-snippet":"max-snippet:-1","max-image-preview":"max-image-preview:large","max-video-preview":"max-video-preview:-1"},"canonical":"https:\/\/now-news.de\/de\/deutschland\/tauchen-sie-ein-in-die-welt-der-unmoeglichen-moeglichkeiten-erich-von-daeniken-verstorben\/","og_locale":"de_DE","og_type":"article","og_title":"&quot;Tauchen Sie ein in die Welt der unm\u00f6glichen M\u00f6glichkeiten&quot; \u2013 Erich von D\u00e4niken verstorben","og_description":"Erich von D\u00e4niken, der bekannteste Vertreter der sogenannten &#8220;Pr\u00e4-Astronautik&#8221;, ist mit 90 Jahren altersbedingt in der Schweiz verstorben. D\u00e4niken war davon \u00fcberzeugt, dass historische monumentale Bauwerke nur &#8220;mit fremder Hilfe&#8221; gebaut werden konnten. So w\u00e4ren &#8220;intelligente Au\u00dferirdische&#8221; als G\u00f6tter verehrt worden. Der weltweit anerkannte Publizist Erich von D\u00e4niken, Jahrgang 1935, ist\u00a0am 10. Januar in der [&hellip;]","og_url":"https:\/\/now-news.de\/de\/deutschland\/tauchen-sie-ein-in-die-welt-der-unmoeglichen-moeglichkeiten-erich-von-daeniken-verstorben\/","og_site_name":"just-now.NEWS Deutschland","article_publisher":"https:\/\/www.facebook.com\/wirmachenauf","article_published_time":"2026-01-11T15:08:48+00:00","og_image":[{"url":"https:\/\/now-news.de\/de\/wp-content\/uploads\/sites\/3\/2026\/01\/69639c7948fbef6a61764caf.JPG"}],"author":"rtnews","twitter_card":"summary_large_image","twitter_creator":"@WirMachenAuf_de","twitter_site":"@WirMachenAuf_de","twitter_misc":{"Verfasst von":"rtnews","Gesch\u00e4tzte Lesezeit":"3\u00a0Minuten"},"schema":{"@context":"https:\/\/schema.org","@graph":[{"@type":"Article","@id":"https:\/\/now-news.de\/de\/deutschland\/tauchen-sie-ein-in-die-welt-der-unmoeglichen-moeglichkeiten-erich-von-daeniken-verstorben\/#article","isPartOf":{"@id":"https:\/\/now-news.de\/de\/deutschland\/tauchen-sie-ein-in-die-welt-der-unmoeglichen-moeglichkeiten-erich-von-daeniken-verstorben\/"},"author":{"name":"rtnews","@id":"https:\/\/now-news.de\/de\/#\/schema\/person\/fb534a4e865501d8b3285208df34a9b5"},"headline":"&quot;Tauchen Sie ein in die Welt der unm\u00f6glichen M\u00f6glichkeiten&quot; \u2013 Erich von D\u00e4niken verstorben","datePublished":"2026-01-11T15:08:48+00:00","dateModified":"2026-01-11T15:08:48+00:00","mainEntityOfPage":{"@id":"https:\/\/now-news.de\/de\/deutschland\/tauchen-sie-ein-in-die-welt-der-unmoeglichen-moeglichkeiten-erich-von-daeniken-verstorben\/"},"wordCount":706,"commentCount":0,"publisher":{"@id":"https:\/\/now-news.de\/de\/#organization"},"image":{"@id":"https:\/\/now-news.de\/de\/deutschland\/tauchen-sie-ein-in-die-welt-der-unmoeglichen-moeglichkeiten-erich-von-daeniken-verstorben\/#primaryimage"},"thumbnailUrl":"https:\/\/now-news.de\/de\/wp-content\/uploads\/sites\/3\/2026\/01\/quotTauchen-Sie-ein-in-die-Welt-der-unmoeglichen-Moeglichkeitenquot-\u2013.JPG","keywords":["D\u00e4niken","der","die","ein","Erich","M\u00f6glichkeitenquot","quotTauchen","Sie","unm\u00f6glichen","verstorben","von","Welt"],"articleSection":["Deutschland","Russland"],"inLanguage":"de","potentialAction":[{"@type":"CommentAction","name":"Comment","target":["https:\/\/now-news.de\/de\/deutschland\/tauchen-sie-ein-in-die-welt-der-unmoeglichen-moeglichkeiten-erich-von-daeniken-verstorben\/#respond"]}]},{"@type":"WebPage","@id":"https:\/\/now-news.de\/de\/deutschland\/tauchen-sie-ein-in-die-welt-der-unmoeglichen-moeglichkeiten-erich-von-daeniken-verstorben\/","url":"https:\/\/now-news.de\/de\/deutschland\/tauchen-sie-ein-in-die-welt-der-unmoeglichen-moeglichkeiten-erich-von-daeniken-verstorben\/","name":"&quot;Tauchen Sie ein in die Welt der unm\u00f6glichen M\u00f6glichkeiten&quot; \u2013 Erich von D\u00e4niken verstorben - just-now.NEWS Deutschland","isPartOf":{"@id":"https:\/\/now-news.de\/de\/#website"},"primaryImageOfPage":{"@id":"https:\/\/now-news.de\/de\/deutschland\/tauchen-sie-ein-in-die-welt-der-unmoeglichen-moeglichkeiten-erich-von-daeniken-verstorben\/#primaryimage"},"image":{"@id":"https:\/\/now-news.de\/de\/deutschland\/tauchen-sie-ein-in-die-welt-der-unmoeglichen-moeglichkeiten-erich-von-daeniken-verstorben\/#primaryimage"},"thumbnailUrl":"https:\/\/now-news.de\/de\/wp-content\/uploads\/sites\/3\/2026\/01\/quotTauchen-Sie-ein-in-die-Welt-der-unmoeglichen-Moeglichkeitenquot-\u2013.JPG","datePublished":"2026-01-11T15:08:48+00:00","dateModified":"2026-01-11T15:08:48+00:00","breadcrumb":{"@id":"https:\/\/now-news.de\/de\/deutschland\/tauchen-sie-ein-in-die-welt-der-unmoeglichen-moeglichkeiten-erich-von-daeniken-verstorben\/#breadcrumb"},"inLanguage":"de","potentialAction":[{"@type":"ReadAction","target":["https:\/\/now-news.de\/de\/deutschland\/tauchen-sie-ein-in-die-welt-der-unmoeglichen-moeglichkeiten-erich-von-daeniken-verstorben\/"]}]},{"@type":"ImageObject","inLanguage":"de","@id":"https:\/\/now-news.de\/de\/deutschland\/tauchen-sie-ein-in-die-welt-der-unmoeglichen-moeglichkeiten-erich-von-daeniken-verstorben\/#primaryimage","url":"https:\/\/now-news.de\/de\/wp-content\/uploads\/sites\/3\/2026\/01\/quotTauchen-Sie-ein-in-die-Welt-der-unmoeglichen-Moeglichkeitenquot-\u2013.JPG","contentUrl":"https:\/\/now-news.de\/de\/wp-content\/uploads\/sites\/3\/2026\/01\/quotTauchen-Sie-ein-in-die-Welt-der-unmoeglichen-Moeglichkeitenquot-\u2013.JPG","width":460,"height":259,"caption":"&quot;Tauchen Sie ein in die Welt der unm\u00f6glichen M\u00f6glichkeiten&quot; \u2013 Erich von D\u00e4niken verstorben"},{"@type":"BreadcrumbList","@id":"https:\/\/now-news.de\/de\/deutschland\/tauchen-sie-ein-in-die-welt-der-unmoeglichen-moeglichkeiten-erich-von-daeniken-verstorben\/#breadcrumb","itemListElement":[{"@type":"ListItem","position":1,"name":"Home","item":"https:\/\/now-news.de\/de\/"},{"@type":"ListItem","position":2,"name":"&quot;Tauchen Sie ein in die Welt der unm\u00f6glichen M\u00f6glichkeiten&quot; \u2013 Erich von D\u00e4niken verstorben"}]},{"@type":"WebSite","@id":"https:\/\/now-news.de\/de\/#website","url":"https:\/\/now-news.de\/de\/","name":"just-now.NEWS Deutschland","description":"Das Portal f\u00fcr unzensierte Nachrichten aus der Welt","publisher":{"@id":"https:\/\/now-news.de\/de\/#organization"},"potentialAction":[{"@type":"SearchAction","target":{"@type":"EntryPoint","urlTemplate":"https:\/\/now-news.de\/de\/?s={search_term_string}"},"query-input":"required name=search_term_string"}],"inLanguage":"de"},{"@type":"Organization","@id":"https:\/\/now-news.de\/de\/#organization","name":"Just Now News","url":"https:\/\/now-news.de\/de\/","logo":{"@type":"ImageObject","inLanguage":"de","@id":"https:\/\/now-news.de\/de\/#\/schema\/logo\/image\/","url":"http:\/\/just-now.news\/de\/wp-content\/uploads\/sites\/3\/2022\/04\/logo500x500.jpg","contentUrl":"http:\/\/just-now.news\/de\/wp-content\/uploads\/sites\/3\/2022\/04\/logo500x500.jpg","width":500,"height":500,"caption":"Just Now News"},"image":{"@id":"https:\/\/now-news.de\/de\/#\/schema\/logo\/image\/"},"sameAs":["https:\/\/www.facebook.com\/wirmachenauf","https:\/\/x.com\/WirMachenAuf_de"]},{"@type":"Person","@id":"https:\/\/now-news.de\/de\/#\/schema\/person\/fb534a4e865501d8b3285208df34a9b5","name":"rtnews","image":{"@type":"ImageObject","inLanguage":"de","@id":"https:\/\/now-news.de\/de\/#\/schema\/person\/image\/","url":"https:\/\/secure.gravatar.com\/avatar\/82aafea7d8127119dd649515f56e2117?s=96&d=mm&r=g","contentUrl":"https:\/\/secure.gravatar.com\/avatar\/82aafea7d8127119dd649515f56e2117?s=96&d=mm&r=g","caption":"rtnews"},"url":"https:\/\/now-news.de\/de\/author\/rnews\/"}]}},"_links":{"self":[{"href":"https:\/\/now-news.de\/de\/wp-json\/wp\/v2\/posts\/97089"}],"collection":[{"href":"https:\/\/now-news.de\/de\/wp-json\/wp\/v2\/posts"}],"about":[{"href":"https:\/\/now-news.de\/de\/wp-json\/wp\/v2\/types\/post"}],"author":[{"embeddable":true,"href":"https:\/\/now-news.de\/de\/wp-json\/wp\/v2\/users\/3"}],"replies":[{"embeddable":true,"href":"https:\/\/now-news.de\/de\/wp-json\/wp\/v2\/comments?post=97089"}],"version-history":[{"count":0,"href":"https:\/\/now-news.de\/de\/wp-json\/wp\/v2\/posts\/97089\/revisions"}],"wp:featuredmedia":[{"embeddable":true,"href":"https:\/\/now-news.de\/de\/wp-json\/wp\/v2\/media\/97090"}],"wp:attachment":[{"href":"https:\/\/now-news.de\/de\/wp-json\/wp\/v2\/media?parent=97089"}],"wp:term":[{"taxonomy":"category","embeddable":true,"href":"https:\/\/now-news.de\/de\/wp-json\/wp\/v2\/categories?post=97089"},{"taxonomy":"post_tag","embeddable":true,"href":"https:\/\/now-news.de\/de\/wp-json\/wp\/v2\/tags?post=97089"}],"curies":[{"name":"wp","href":"https:\/\/api.w.org\/{rel}","templated":true}]}}