{"id":97087,"date":"2026-01-11T16:24:29","date_gmt":"2026-01-11T14:24:29","guid":{"rendered":"https:\/\/now-news.de\/de\/deutschland\/fall-jacques-baud-bern-soll-in-bruessel-protestiert-haben\/"},"modified":"2026-01-11T16:24:29","modified_gmt":"2026-01-11T14:24:29","slug":"fall-jacques-baud-bern-soll-in-bruessel-protestiert-haben","status":"publish","type":"post","link":"https:\/\/now-news.de\/de\/deutschland\/fall-jacques-baud-bern-soll-in-bruessel-protestiert-haben\/","title":{"rendered":"Fall Jacques Baud: Bern soll in Br\u00fcssel protestiert haben"},"content":{"rendered":"<p><img decoding=\"async\" src=\"https:\/\/now-news.de\/de\/wp-content\/uploads\/sites\/3\/2026\/01\/696396a748fbef6a61764ca9.jpg\" \/><\/p>\n<div class=\"Text-root Text-type_1 \">\n                Die Schweiz soll laut Insidern in Br\u00fcssel gegen die EU-Sanktionen gegen Jacques Baud protestiert haben. Offizielle Best\u00e4tigungen fehlen. Der Schritt gilt als versp\u00e4tete Reaktion auf ein Verfahren, das ohne Anh\u00f6rung und richterliche Pr\u00fcfung erfolgte.\n            <\/div>\n<p><\/p>\n<div class=\"Text-root Text-type_5 ArticleView-text ViewText-root \">\n<p data-start=\"112\" data-end=\"541\">Bis zu diesem Sonntagnachmittag lag weder vom Eidgen\u00f6ssischen Departement f\u00fcr ausw\u00e4rtige Angelegenheiten noch von der Bundeskanzlei eine offizielle Stellungnahme vor. Mehrere voneinander unabh\u00e4ngige Quellen, darunter das Portal &#8220;Forum Geopolitica&#8221;, berichten jedoch, dass die Schweiz in Br\u00fcssel formell gegen die EU-Sanktionierung des Schweizer Staatsb\u00fcrgers und ehemaligen Nachrichtendienstoffiziers Jacques Baud interveniert habe.<\/p>\n<p data-start=\"543\" data-end=\"816\">Demnach soll das EDA 26 Tage nach dem EU-Beschluss eine diplomatische Protestnote \u00fcbermittelt haben. Darin sei beanstandet worden, dass die Sanktionen gegen Baud ohne vorheriges rechtsstaatliches Verfahren verh\u00e4ngt worden seien und zudem seine Meinungsfreiheit verletzten.<\/p>\n<p data-start=\"818\" data-end=\"1235\">Sollte sich diese Darstellung best\u00e4tigen, w\u00e4re es die erste erkennbare Reaktion der Schweizer Diplomatie auf ein Vorgehen, das von zahlreichen Juristen als rechtlich problematisch eingestuft wird.<\/p>\n<p data-start=\"818\" data-end=\"1235\">Der Zeitpunkt ist auff\u00e4llig sp\u00e4t. \u00dcber mehr als drei Wochen hatte Bern \u00f6ffentlich geschwiegen, obwohl ein Schweizer Staatsb\u00fcrger von erheblichen Eingriffen in seine wirtschaftlichen und pers\u00f6nlichen Rechte betroffen ist.<\/p>\n<p data-start=\"0\" data-end=\"394\" data-is-last-node=\"\" data-is-only-node=\"\">Die Verz\u00f6gerung ist politisch heikel. In den Tagen nach der EU-Entscheidung hatten verschiedene Vertreter des Bundes, auch aus dem Umfeld des Justiz- und Verteidigungsdepartements, \u00f6ffentlich und in sozialen Medien scharf gegen Baud Stellung bezogen. Beobachter werteten dies als eine Darstellung, die das Sanktionsverfahren beg\u00fcnstigt haben k\u00f6nnte. Der Bund wies entsprechende Vorw\u00fcrfe zur\u00fcck.<\/p>\n<p data-start=\"1237\" data-end=\"1634\">Vor diesem Hintergrund wirkt ein allf\u00e4lliger Protest aus Bern weniger wie eine eigenst\u00e4ndige au\u00dfenpolitische Initiative als wie eine versp\u00e4tete Reaktion auf wachsenden \u00f6ffentlichen und internationalen Druck.<\/p>\n<p data-start=\"1846\" data-end=\"2249\">Im Kern steht eine grunds\u00e4tzliche rechtsstaatliche Frage. Die EU setzte Baud, wie zuvor mehrere andere Journalisten, Wissenschaftler und Analysten, auf eine Sanktionsliste, ohne dass ein gerichtliches Verfahren durchgef\u00fchrt worden w\u00e4re. Die Betroffenen wurden weder angeh\u00f6rt noch angeklagt. Gleichwohl k\u00f6nnen Verm\u00f6genswerte eingefroren, Reisen untersagt und wirtschaftliche T\u00e4tigkeiten blockiert werden.<\/p>\n<p data-start=\"2251\" data-end=\"2594\">Rechtswissenschaftler sehen darin einen Bruch mit elementaren rechtsstaatlichen Prinzipien. Auch Artikel 11 der EU-Grundrechtecharta, der die Meinungsfreiheit sch\u00fctzt, wird in diesem Zusammenhang angef\u00fchrt. Die Entscheidungen werden nicht von unabh\u00e4ngigen Gerichten getroffen, sondern vom Rat der Europ\u00e4ischen Union, einem politischen Gremium.<\/p>\n<p data-start=\"2596\" data-end=\"3151\">Dass sich Bern laut Insidern \u00fcberhaupt bewegt hat, d\u00fcrfte weniger interner Neubewertung als externem Druck geschuldet sein. In den vergangenen Wochen hatten sich zahlreiche internationale Medien, Juristen und B\u00fcrgerrechtsorganisationen mit Baud solidarisiert.<\/p>\n<p data-start=\"2596\" data-end=\"3151\">In Deutschland wurde der Fall bereits am 19. Dezember in der Bundespressekonferenz thematisiert. Auf die Frage nach der rechtlichen Grundlage solcher Sanktionen verwies die Bundesregierung lediglich auf den Kampf gegen Desinformation und lie\u00df erkennen, dass dieser Kurs fortgesetzt werden soll.<\/p>\n<p data-start=\"3153\" data-end=\"3643\" data-is-last-node=\"\" data-is-only-node=\"\">Sollte die Intervention des EDA tats\u00e4chlich erfolgt sein, w\u00e4re sie ein wichtiges, wenn auch sp\u00e4tes Signal. An der grunds\u00e4tzlichen Problematik eines Sanktionsregimes, das politische Einsch\u00e4tzungen ohne richterliche Kontrolle mit straf\u00e4hnlichen Ma\u00dfnahmen belegt, \u00e4ndert dies wenig.<\/p>\n<p data-start=\"3153\" data-end=\"3643\" data-is-last-node=\"\" data-is-only-node=\"\"><em>Das EDA hat bisher nicht \u00f6ffentlich best\u00e4tigt, dass in Br\u00fcssel ein offizieller Schweizer Protest gegen die EU-Ma\u00dfnahmen im Fall Baud hinterlegt wurde.<\/em><\/p>\n<p><strong>Mehr zum Thema\u00a0\u2012 <\/strong><a rel=\"nofollow noopener\" target=\"_blank\" href=\"https:\/\/freedert.online\/meinung\/265531-fall-jacques-baud-bundesregierung-verteidigt\/\">Fall Jacques Baud: Bundesregierung verteidigt EU-Sanktionen und warnt vor abweichenden Meinungen<\/a><\/p>\n<div class=\"EmbedBlock-root EmbedBlock-externalVideo EmbedBlock-rumble\">\n<div class=\"VkEmbed\"><iframe class=\"lazyload\" data-src=\"https:\/\/rumble.com\/embed\/v7143pg\" frameborder=\"0\" width=\"853\" height=\"480\" allowfullscreen><\/iframe><\/div>\n<\/div>\n<p data-start=\"3153\" data-end=\"3643\" data-is-last-node=\"\" data-is-only-node=\"\">\n<\/div>\n<p><br \/>\n<br \/><a href=\"https:\/\/de.rt.com\/schweiz\/267010-fall-jacques-baud-bern-soll\/\">Source link <\/a><\/p>\n","protected":false},"excerpt":{"rendered":"<p>Die Schweiz soll laut Insidern in Br\u00fcssel gegen die EU-Sanktionen gegen Jacques Baud protestiert haben. Offizielle Best\u00e4tigungen fehlen. Der Schritt gilt als versp\u00e4tete Reaktion auf ein Verfahren, das ohne Anh\u00f6rung und richterliche Pr\u00fcfung erfolgte. Bis zu diesem Sonntagnachmittag lag weder vom Eidgen\u00f6ssischen Departement f\u00fcr ausw\u00e4rtige Angelegenheiten noch von der Bundeskanzlei eine offizielle Stellungnahme vor. Mehrere [&hellip;]<\/p>\n","protected":false},"author":3,"featured_media":97088,"comment_status":"open","ping_status":"open","sticky":false,"template":"","format":"standard","meta":{"_yoast_indexnow_last_ping":["1768142290"],"wp_automatic_camp":["217"],"97f484fda2fc7ad69834d252828d9fd5":["Fall Jacques Baud: Bern soll in Br\u00fcssel protestiert haben"],"original_link":["https:\/\/de.rt.com\/schweiz\/267010-fall-jacques-baud-bern-soll\/"],"_thumbnail_id":["97088"],"jnews_social_counter_last_update":["1777312388"],"_wptgpro_p2tg_sent2tg":["a:1:{i:23737;s:19:\"2026-01-11 16:39:12\";}"]},"categories":[19,23],"tags":[46821,45148,17026,1657,771,46820,2638,766],"yoast_head":"<!-- This site is optimized with the Yoast SEO Premium plugin v22.7 (Yoast SEO v22.7) - https:\/\/yoast.com\/wordpress\/plugins\/seo\/ -->\n<title>Fall Jacques Baud: Bern soll in Br\u00fcssel protestiert haben - just-now.NEWS Deutschland<\/title>\n<meta name=\"robots\" content=\"index, follow, max-snippet:-1, max-image-preview:large, max-video-preview:-1\" \/>\n<link rel=\"canonical\" href=\"https:\/\/now-news.de\/de\/deutschland\/fall-jacques-baud-bern-soll-in-bruessel-protestiert-haben\/\" \/>\n<meta property=\"og:locale\" content=\"de_DE\" \/>\n<meta property=\"og:type\" content=\"article\" \/>\n<meta property=\"og:title\" content=\"Fall Jacques Baud: Bern soll in Br\u00fcssel protestiert haben\" \/>\n<meta property=\"og:description\" content=\"Die Schweiz soll laut Insidern in Br\u00fcssel gegen die EU-Sanktionen gegen Jacques Baud protestiert haben. Offizielle Best\u00e4tigungen fehlen. Der Schritt gilt als versp\u00e4tete Reaktion auf ein Verfahren, das ohne Anh\u00f6rung und richterliche Pr\u00fcfung erfolgte. Bis zu diesem Sonntagnachmittag lag weder vom Eidgen\u00f6ssischen Departement f\u00fcr ausw\u00e4rtige Angelegenheiten noch von der Bundeskanzlei eine offizielle Stellungnahme vor. Mehrere [&hellip;]\" \/>\n<meta property=\"og:url\" content=\"https:\/\/now-news.de\/de\/deutschland\/fall-jacques-baud-bern-soll-in-bruessel-protestiert-haben\/\" \/>\n<meta property=\"og:site_name\" content=\"just-now.NEWS Deutschland\" \/>\n<meta property=\"article:publisher\" content=\"https:\/\/www.facebook.com\/wirmachenauf\" \/>\n<meta property=\"article:published_time\" content=\"2026-01-11T14:24:29+00:00\" \/>\n<meta property=\"og:image\" content=\"https:\/\/now-news.de\/de\/wp-content\/uploads\/sites\/3\/2026\/01\/696396a748fbef6a61764ca9.jpg\" \/>\n<meta name=\"author\" content=\"rtnews\" \/>\n<meta name=\"twitter:card\" content=\"summary_large_image\" \/>\n<meta name=\"twitter:creator\" content=\"@WirMachenAuf_de\" \/>\n<meta name=\"twitter:site\" content=\"@WirMachenAuf_de\" \/>\n<meta name=\"twitter:label1\" content=\"Verfasst von\" \/>\n\t<meta name=\"twitter:data1\" content=\"rtnews\" \/>\n\t<meta name=\"twitter:label2\" content=\"Gesch\u00e4tzte Lesezeit\" \/>\n\t<meta name=\"twitter:data2\" content=\"3\u00a0Minuten\" \/>\n<script type=\"application\/ld+json\" class=\"yoast-schema-graph\">{\"@context\":\"https:\/\/schema.org\",\"@graph\":[{\"@type\":\"Article\",\"@id\":\"https:\/\/now-news.de\/de\/deutschland\/fall-jacques-baud-bern-soll-in-bruessel-protestiert-haben\/#article\",\"isPartOf\":{\"@id\":\"https:\/\/now-news.de\/de\/deutschland\/fall-jacques-baud-bern-soll-in-bruessel-protestiert-haben\/\"},\"author\":{\"name\":\"rtnews\",\"@id\":\"https:\/\/now-news.de\/de\/#\/schema\/person\/fb534a4e865501d8b3285208df34a9b5\"},\"headline\":\"Fall Jacques Baud: Bern soll in Br\u00fcssel protestiert haben\",\"datePublished\":\"2026-01-11T14:24:29+00:00\",\"dateModified\":\"2026-01-11T14:24:29+00:00\",\"mainEntityOfPage\":{\"@id\":\"https:\/\/now-news.de\/de\/deutschland\/fall-jacques-baud-bern-soll-in-bruessel-protestiert-haben\/\"},\"wordCount\":543,\"commentCount\":0,\"publisher\":{\"@id\":\"https:\/\/now-news.de\/de\/#organization\"},\"image\":{\"@id\":\"https:\/\/now-news.de\/de\/deutschland\/fall-jacques-baud-bern-soll-in-bruessel-protestiert-haben\/#primaryimage\"},\"thumbnailUrl\":\"https:\/\/now-news.de\/de\/wp-content\/uploads\/sites\/3\/2026\/01\/Fall-Jacques-Baud-Bern-soll-in-Bruessel-protestiert-haben.jpg\",\"keywords\":[\"Baud\",\"Bern\",\"Br\u00fcssel\",\"fall\",\"haben\",\"Jacques\",\"protestiert\",\"soll\"],\"articleSection\":[\"Deutschland\",\"Russland\"],\"inLanguage\":\"de\",\"potentialAction\":[{\"@type\":\"CommentAction\",\"name\":\"Comment\",\"target\":[\"https:\/\/now-news.de\/de\/deutschland\/fall-jacques-baud-bern-soll-in-bruessel-protestiert-haben\/#respond\"]}]},{\"@type\":\"WebPage\",\"@id\":\"https:\/\/now-news.de\/de\/deutschland\/fall-jacques-baud-bern-soll-in-bruessel-protestiert-haben\/\",\"url\":\"https:\/\/now-news.de\/de\/deutschland\/fall-jacques-baud-bern-soll-in-bruessel-protestiert-haben\/\",\"name\":\"Fall Jacques Baud: Bern soll in Br\u00fcssel protestiert haben - just-now.NEWS Deutschland\",\"isPartOf\":{\"@id\":\"https:\/\/now-news.de\/de\/#website\"},\"primaryImageOfPage\":{\"@id\":\"https:\/\/now-news.de\/de\/deutschland\/fall-jacques-baud-bern-soll-in-bruessel-protestiert-haben\/#primaryimage\"},\"image\":{\"@id\":\"https:\/\/now-news.de\/de\/deutschland\/fall-jacques-baud-bern-soll-in-bruessel-protestiert-haben\/#primaryimage\"},\"thumbnailUrl\":\"https:\/\/now-news.de\/de\/wp-content\/uploads\/sites\/3\/2026\/01\/Fall-Jacques-Baud-Bern-soll-in-Bruessel-protestiert-haben.jpg\",\"datePublished\":\"2026-01-11T14:24:29+00:00\",\"dateModified\":\"2026-01-11T14:24:29+00:00\",\"breadcrumb\":{\"@id\":\"https:\/\/now-news.de\/de\/deutschland\/fall-jacques-baud-bern-soll-in-bruessel-protestiert-haben\/#breadcrumb\"},\"inLanguage\":\"de\",\"potentialAction\":[{\"@type\":\"ReadAction\",\"target\":[\"https:\/\/now-news.de\/de\/deutschland\/fall-jacques-baud-bern-soll-in-bruessel-protestiert-haben\/\"]}]},{\"@type\":\"ImageObject\",\"inLanguage\":\"de\",\"@id\":\"https:\/\/now-news.de\/de\/deutschland\/fall-jacques-baud-bern-soll-in-bruessel-protestiert-haben\/#primaryimage\",\"url\":\"https:\/\/now-news.de\/de\/wp-content\/uploads\/sites\/3\/2026\/01\/Fall-Jacques-Baud-Bern-soll-in-Bruessel-protestiert-haben.jpg\",\"contentUrl\":\"https:\/\/now-news.de\/de\/wp-content\/uploads\/sites\/3\/2026\/01\/Fall-Jacques-Baud-Bern-soll-in-Bruessel-protestiert-haben.jpg\",\"width\":460,\"height\":259,\"caption\":\"Fall Jacques Baud: Bern soll in Br\u00fcssel protestiert haben\"},{\"@type\":\"BreadcrumbList\",\"@id\":\"https:\/\/now-news.de\/de\/deutschland\/fall-jacques-baud-bern-soll-in-bruessel-protestiert-haben\/#breadcrumb\",\"itemListElement\":[{\"@type\":\"ListItem\",\"position\":1,\"name\":\"Home\",\"item\":\"https:\/\/now-news.de\/de\/\"},{\"@type\":\"ListItem\",\"position\":2,\"name\":\"Fall Jacques Baud: Bern soll in Br\u00fcssel protestiert haben\"}]},{\"@type\":\"WebSite\",\"@id\":\"https:\/\/now-news.de\/de\/#website\",\"url\":\"https:\/\/now-news.de\/de\/\",\"name\":\"just-now.NEWS Deutschland\",\"description\":\"Das Portal f\u00fcr unzensierte Nachrichten aus der Welt\",\"publisher\":{\"@id\":\"https:\/\/now-news.de\/de\/#organization\"},\"potentialAction\":[{\"@type\":\"SearchAction\",\"target\":{\"@type\":\"EntryPoint\",\"urlTemplate\":\"https:\/\/now-news.de\/de\/?s={search_term_string}\"},\"query-input\":\"required name=search_term_string\"}],\"inLanguage\":\"de\"},{\"@type\":\"Organization\",\"@id\":\"https:\/\/now-news.de\/de\/#organization\",\"name\":\"Just Now News\",\"url\":\"https:\/\/now-news.de\/de\/\",\"logo\":{\"@type\":\"ImageObject\",\"inLanguage\":\"de\",\"@id\":\"https:\/\/now-news.de\/de\/#\/schema\/logo\/image\/\",\"url\":\"http:\/\/just-now.news\/de\/wp-content\/uploads\/sites\/3\/2022\/04\/logo500x500.jpg\",\"contentUrl\":\"http:\/\/just-now.news\/de\/wp-content\/uploads\/sites\/3\/2022\/04\/logo500x500.jpg\",\"width\":500,\"height\":500,\"caption\":\"Just Now News\"},\"image\":{\"@id\":\"https:\/\/now-news.de\/de\/#\/schema\/logo\/image\/\"},\"sameAs\":[\"https:\/\/www.facebook.com\/wirmachenauf\",\"https:\/\/x.com\/WirMachenAuf_de\"]},{\"@type\":\"Person\",\"@id\":\"https:\/\/now-news.de\/de\/#\/schema\/person\/fb534a4e865501d8b3285208df34a9b5\",\"name\":\"rtnews\",\"image\":{\"@type\":\"ImageObject\",\"inLanguage\":\"de\",\"@id\":\"https:\/\/now-news.de\/de\/#\/schema\/person\/image\/\",\"url\":\"https:\/\/secure.gravatar.com\/avatar\/82aafea7d8127119dd649515f56e2117?s=96&d=mm&r=g\",\"contentUrl\":\"https:\/\/secure.gravatar.com\/avatar\/82aafea7d8127119dd649515f56e2117?s=96&d=mm&r=g\",\"caption\":\"rtnews\"},\"url\":\"https:\/\/now-news.de\/de\/author\/rnews\/\"}]}<\/script>\n<!-- \/ Yoast SEO Premium plugin. -->","yoast_head_json":{"title":"Fall Jacques Baud: Bern soll in Br\u00fcssel protestiert haben - just-now.NEWS Deutschland","robots":{"index":"index","follow":"follow","max-snippet":"max-snippet:-1","max-image-preview":"max-image-preview:large","max-video-preview":"max-video-preview:-1"},"canonical":"https:\/\/now-news.de\/de\/deutschland\/fall-jacques-baud-bern-soll-in-bruessel-protestiert-haben\/","og_locale":"de_DE","og_type":"article","og_title":"Fall Jacques Baud: Bern soll in Br\u00fcssel protestiert haben","og_description":"Die Schweiz soll laut Insidern in Br\u00fcssel gegen die EU-Sanktionen gegen Jacques Baud protestiert haben. Offizielle Best\u00e4tigungen fehlen. Der Schritt gilt als versp\u00e4tete Reaktion auf ein Verfahren, das ohne Anh\u00f6rung und richterliche Pr\u00fcfung erfolgte. Bis zu diesem Sonntagnachmittag lag weder vom Eidgen\u00f6ssischen Departement f\u00fcr ausw\u00e4rtige Angelegenheiten noch von der Bundeskanzlei eine offizielle Stellungnahme vor. Mehrere [&hellip;]","og_url":"https:\/\/now-news.de\/de\/deutschland\/fall-jacques-baud-bern-soll-in-bruessel-protestiert-haben\/","og_site_name":"just-now.NEWS Deutschland","article_publisher":"https:\/\/www.facebook.com\/wirmachenauf","article_published_time":"2026-01-11T14:24:29+00:00","og_image":[{"url":"https:\/\/now-news.de\/de\/wp-content\/uploads\/sites\/3\/2026\/01\/696396a748fbef6a61764ca9.jpg"}],"author":"rtnews","twitter_card":"summary_large_image","twitter_creator":"@WirMachenAuf_de","twitter_site":"@WirMachenAuf_de","twitter_misc":{"Verfasst von":"rtnews","Gesch\u00e4tzte Lesezeit":"3\u00a0Minuten"},"schema":{"@context":"https:\/\/schema.org","@graph":[{"@type":"Article","@id":"https:\/\/now-news.de\/de\/deutschland\/fall-jacques-baud-bern-soll-in-bruessel-protestiert-haben\/#article","isPartOf":{"@id":"https:\/\/now-news.de\/de\/deutschland\/fall-jacques-baud-bern-soll-in-bruessel-protestiert-haben\/"},"author":{"name":"rtnews","@id":"https:\/\/now-news.de\/de\/#\/schema\/person\/fb534a4e865501d8b3285208df34a9b5"},"headline":"Fall Jacques Baud: Bern soll in Br\u00fcssel protestiert haben","datePublished":"2026-01-11T14:24:29+00:00","dateModified":"2026-01-11T14:24:29+00:00","mainEntityOfPage":{"@id":"https:\/\/now-news.de\/de\/deutschland\/fall-jacques-baud-bern-soll-in-bruessel-protestiert-haben\/"},"wordCount":543,"commentCount":0,"publisher":{"@id":"https:\/\/now-news.de\/de\/#organization"},"image":{"@id":"https:\/\/now-news.de\/de\/deutschland\/fall-jacques-baud-bern-soll-in-bruessel-protestiert-haben\/#primaryimage"},"thumbnailUrl":"https:\/\/now-news.de\/de\/wp-content\/uploads\/sites\/3\/2026\/01\/Fall-Jacques-Baud-Bern-soll-in-Bruessel-protestiert-haben.jpg","keywords":["Baud","Bern","Br\u00fcssel","fall","haben","Jacques","protestiert","soll"],"articleSection":["Deutschland","Russland"],"inLanguage":"de","potentialAction":[{"@type":"CommentAction","name":"Comment","target":["https:\/\/now-news.de\/de\/deutschland\/fall-jacques-baud-bern-soll-in-bruessel-protestiert-haben\/#respond"]}]},{"@type":"WebPage","@id":"https:\/\/now-news.de\/de\/deutschland\/fall-jacques-baud-bern-soll-in-bruessel-protestiert-haben\/","url":"https:\/\/now-news.de\/de\/deutschland\/fall-jacques-baud-bern-soll-in-bruessel-protestiert-haben\/","name":"Fall Jacques Baud: Bern soll in Br\u00fcssel protestiert haben - just-now.NEWS Deutschland","isPartOf":{"@id":"https:\/\/now-news.de\/de\/#website"},"primaryImageOfPage":{"@id":"https:\/\/now-news.de\/de\/deutschland\/fall-jacques-baud-bern-soll-in-bruessel-protestiert-haben\/#primaryimage"},"image":{"@id":"https:\/\/now-news.de\/de\/deutschland\/fall-jacques-baud-bern-soll-in-bruessel-protestiert-haben\/#primaryimage"},"thumbnailUrl":"https:\/\/now-news.de\/de\/wp-content\/uploads\/sites\/3\/2026\/01\/Fall-Jacques-Baud-Bern-soll-in-Bruessel-protestiert-haben.jpg","datePublished":"2026-01-11T14:24:29+00:00","dateModified":"2026-01-11T14:24:29+00:00","breadcrumb":{"@id":"https:\/\/now-news.de\/de\/deutschland\/fall-jacques-baud-bern-soll-in-bruessel-protestiert-haben\/#breadcrumb"},"inLanguage":"de","potentialAction":[{"@type":"ReadAction","target":["https:\/\/now-news.de\/de\/deutschland\/fall-jacques-baud-bern-soll-in-bruessel-protestiert-haben\/"]}]},{"@type":"ImageObject","inLanguage":"de","@id":"https:\/\/now-news.de\/de\/deutschland\/fall-jacques-baud-bern-soll-in-bruessel-protestiert-haben\/#primaryimage","url":"https:\/\/now-news.de\/de\/wp-content\/uploads\/sites\/3\/2026\/01\/Fall-Jacques-Baud-Bern-soll-in-Bruessel-protestiert-haben.jpg","contentUrl":"https:\/\/now-news.de\/de\/wp-content\/uploads\/sites\/3\/2026\/01\/Fall-Jacques-Baud-Bern-soll-in-Bruessel-protestiert-haben.jpg","width":460,"height":259,"caption":"Fall Jacques Baud: Bern soll in Br\u00fcssel protestiert haben"},{"@type":"BreadcrumbList","@id":"https:\/\/now-news.de\/de\/deutschland\/fall-jacques-baud-bern-soll-in-bruessel-protestiert-haben\/#breadcrumb","itemListElement":[{"@type":"ListItem","position":1,"name":"Home","item":"https:\/\/now-news.de\/de\/"},{"@type":"ListItem","position":2,"name":"Fall Jacques Baud: Bern soll in Br\u00fcssel protestiert haben"}]},{"@type":"WebSite","@id":"https:\/\/now-news.de\/de\/#website","url":"https:\/\/now-news.de\/de\/","name":"just-now.NEWS Deutschland","description":"Das Portal f\u00fcr unzensierte Nachrichten aus der Welt","publisher":{"@id":"https:\/\/now-news.de\/de\/#organization"},"potentialAction":[{"@type":"SearchAction","target":{"@type":"EntryPoint","urlTemplate":"https:\/\/now-news.de\/de\/?s={search_term_string}"},"query-input":"required name=search_term_string"}],"inLanguage":"de"},{"@type":"Organization","@id":"https:\/\/now-news.de\/de\/#organization","name":"Just Now News","url":"https:\/\/now-news.de\/de\/","logo":{"@type":"ImageObject","inLanguage":"de","@id":"https:\/\/now-news.de\/de\/#\/schema\/logo\/image\/","url":"http:\/\/just-now.news\/de\/wp-content\/uploads\/sites\/3\/2022\/04\/logo500x500.jpg","contentUrl":"http:\/\/just-now.news\/de\/wp-content\/uploads\/sites\/3\/2022\/04\/logo500x500.jpg","width":500,"height":500,"caption":"Just Now News"},"image":{"@id":"https:\/\/now-news.de\/de\/#\/schema\/logo\/image\/"},"sameAs":["https:\/\/www.facebook.com\/wirmachenauf","https:\/\/x.com\/WirMachenAuf_de"]},{"@type":"Person","@id":"https:\/\/now-news.de\/de\/#\/schema\/person\/fb534a4e865501d8b3285208df34a9b5","name":"rtnews","image":{"@type":"ImageObject","inLanguage":"de","@id":"https:\/\/now-news.de\/de\/#\/schema\/person\/image\/","url":"https:\/\/secure.gravatar.com\/avatar\/82aafea7d8127119dd649515f56e2117?s=96&d=mm&r=g","contentUrl":"https:\/\/secure.gravatar.com\/avatar\/82aafea7d8127119dd649515f56e2117?s=96&d=mm&r=g","caption":"rtnews"},"url":"https:\/\/now-news.de\/de\/author\/rnews\/"}]}},"_links":{"self":[{"href":"https:\/\/now-news.de\/de\/wp-json\/wp\/v2\/posts\/97087"}],"collection":[{"href":"https:\/\/now-news.de\/de\/wp-json\/wp\/v2\/posts"}],"about":[{"href":"https:\/\/now-news.de\/de\/wp-json\/wp\/v2\/types\/post"}],"author":[{"embeddable":true,"href":"https:\/\/now-news.de\/de\/wp-json\/wp\/v2\/users\/3"}],"replies":[{"embeddable":true,"href":"https:\/\/now-news.de\/de\/wp-json\/wp\/v2\/comments?post=97087"}],"version-history":[{"count":0,"href":"https:\/\/now-news.de\/de\/wp-json\/wp\/v2\/posts\/97087\/revisions"}],"wp:featuredmedia":[{"embeddable":true,"href":"https:\/\/now-news.de\/de\/wp-json\/wp\/v2\/media\/97088"}],"wp:attachment":[{"href":"https:\/\/now-news.de\/de\/wp-json\/wp\/v2\/media?parent=97087"}],"wp:term":[{"taxonomy":"category","embeddable":true,"href":"https:\/\/now-news.de\/de\/wp-json\/wp\/v2\/categories?post=97087"},{"taxonomy":"post_tag","embeddable":true,"href":"https:\/\/now-news.de\/de\/wp-json\/wp\/v2\/tags?post=97087"}],"curies":[{"name":"wp","href":"https:\/\/api.w.org\/{rel}","templated":true}]}}