{"id":97075,"date":"2026-01-11T12:53:54","date_gmt":"2026-01-11T10:53:54","guid":{"rendered":"https:\/\/now-news.de\/de\/deutschland\/lage-in-iran-terrorzellen-zerschlagen-irgc-spricht-von-hybrider-kriegsfuehrung-israels\/"},"modified":"2026-01-11T12:53:54","modified_gmt":"2026-01-11T10:53:54","slug":"lage-in-iran-terrorzellen-zerschlagen-irgc-spricht-von-hybrider-kriegsfuehrung-israels","status":"publish","type":"post","link":"https:\/\/now-news.de\/de\/deutschland\/lage-in-iran-terrorzellen-zerschlagen-irgc-spricht-von-hybrider-kriegsfuehrung-israels\/","title":{"rendered":"Lage in Iran: &quot;Terrorzellen&quot; zerschlagen, IRGC spricht von hybrider Kriegsf\u00fchrung Israels"},"content":{"rendered":"<p><img decoding=\"async\" src=\"https:\/\/now-news.de\/de\/wp-content\/uploads\/sites\/3\/2026\/01\/6963734048fbef5bdf7ab44d.jpg\" \/><\/p>\n<div class=\"Text-root Text-type_1 \">\n                Iran hat die Unruhen in dem Land als &#8220;eine Ver\u00e4nderung in der Strategie des Feindes&#8221; bezeichnet. Diese zeichne sich durch &#8220;verdeckte Bem\u00fchungen zur Untergrabung der inneren Stabilit\u00e4t&#8221; aus, anstatt Iran durch eine direkte Konfrontation zu unterwerfen. US-Pr\u00e4sident Donald Trump hat in den letzten Tagen wiederholt mit einer Intervention gedroht.\n            <\/div>\n<p><\/p>\n<div class=\"Text-root Text-type_5 ArticleView-text ViewText-root \">\n<p>Die iranische Polizei hat am Samstag bekannt gegeben, dass sie 100 Personen festgenommen habe, denen &#8220;Aufruhr und St\u00f6rung der \u00f6ffentlichen Sicherheit&#8221; vorgeworfen wird, und dass sie zwei bewaffnete Zellen im Westen Irans zerschlagen habe, wie die halbstaatliche Nachrichtenagentur <em>Tasnim<\/em> berichtete.<\/p>\n<p>Die Festgenommenen wurden von der Polizei als &#8220;Randalierer und St\u00f6rer der \u00f6ffentlichen Sicherheit&#8221; bezeichnet, die in mehreren St\u00e4dten der Provinz aktiv waren, berichtete <em>Tasnim<\/em>.\u00a0<\/p>\n<div class=\"EmbedBlock-root EmbedBlock-twitter\">\n<div class=\"TwitterEmbed\">\n<blockquote class=\"twitter-tweet lazyload\" data-twitter=\"twitter-tweet\">\n<p lang=\"en\" dir=\"ltr\">\u26a1\ufe0fIran: Flammable materials were thrown at teenagers present in the mosque\ud83d\udd39 CCTV cameras of a mosque in Sabzevar show a rioter throwing flammable materials into the entrance of a mosque; while several teenagers were present in the mosque. <a rel=\"nofollow noopener\" target=\"_blank\" href=\"https:\/\/t.co\/7qsCbkQrq1\">pic.twitter.com\/7qsCbkQrq1<\/a><\/p>\n<p>\u2014 Middle East Observer (@ME_Observer_) <a rel=\"nofollow noopener\" target=\"_blank\" href=\"https:\/\/twitter.com\/ME_Observer_\/status\/2010015736056688900?ref_src=twsrc%5Etfw\">January 10, 2026<\/a><\/p><\/blockquote>\n<\/div>\n<\/div>\n<div class=\"EmbedBlock-root EmbedBlock-twitter\">\n<div class=\"TwitterEmbed\">\n<blockquote class=\"twitter-tweet lazyload\" data-twitter=\"twitter-tweet\">\n<p lang=\"en\" dir=\"ltr\">Iran\u2019s Intelligence arrested one of the armed rioters in YasujHe was seen shooting at bypassers and security forces in CCTV footage.After being arrested, he says: \u201cI regret my actions. I ask the judiciary to be lenient please. The US is behind the riots.\u201d <a rel=\"nofollow noopener\" target=\"_blank\" href=\"https:\/\/t.co\/4BRrHU7roA\">pic.twitter.com\/4BRrHU7roA<\/a><\/p>\n<p>\u2014 Arya &#8211; \u0622\u0631\u06cc\u0627 (@AryJeay) <a rel=\"nofollow noopener\" target=\"_blank\" href=\"https:\/\/twitter.com\/AryJeay\/status\/2010287220742328466?ref_src=twsrc%5Etfw\">January 11, 2026<\/a><\/p><\/blockquote>\n<\/div>\n<\/div>\n<div class=\"EmbedBlock-root EmbedBlock-twitter\">\n<div class=\"TwitterEmbed\">\n<blockquote class=\"twitter-tweet lazyload\" data-twitter=\"twitter-tweet\">\n<p lang=\"en\" dir=\"ltr\">Iranian intelligence arrested those who burned Imam Khamenei\u2019s banners &amp; armed terrorists in Iran were instructed to aim for the head &amp; some used drugsAccording to the confessions of arrested rioters (terrorists) they say:Terrorst 1:\u201cThere was an account by the name of Reza\u2026 <a rel=\"nofollow noopener\" target=\"_blank\" href=\"https:\/\/t.co\/u18y1JBYQx\">pic.twitter.com\/u18y1JBYQx<\/a><\/p>\n<p>\u2014 Arya &#8211; \u0622\u0631\u06cc\u0627 (@AryJeay) <a rel=\"nofollow noopener\" target=\"_blank\" href=\"https:\/\/twitter.com\/AryJeay\/status\/2010292327021957579?ref_src=twsrc%5Etfw\">January 11, 2026<\/a><\/p><\/blockquote>\n<\/div>\n<\/div>\n<p>Der Geheimdienst der iranischen Revolutionsgarde (IRGC) hatte die j\u00fcngsten Entwicklungen am Freitag zuvor als &#8220;eine Ver\u00e4nderung in der Strategie des Feindes&#8221; bezeichnet. Diese zeichne sich durch verdeckte Bem\u00fchungen zur Untergrabung der inneren Stabilit\u00e4t aus, statt Iran durch direkte Konfrontation zu unterwerfen.<\/p>\n<div class=\"EmbedBlock-root EmbedBlock-twitter\">\n<div class=\"TwitterEmbed\">\n<blockquote class=\"twitter-tweet lazyload\" data-twitter=\"twitter-tweet\">\n<p lang=\"de\" dir=\"ltr\">Guten Morgen aus Moskau! Wer nicht im hermetisch abgeschlossenen deutschen Informationsraum sitzt, sieht ganz klar, dass die Proteste im Iran nicht friedlich, sondern voller Gewalt sind. Es handelt sich um einen von au\u00dfen gesteuerten Putschversuch.<\/p>\n<p>\u2014 Gert Ewen Ungar (@GertEwen) <a rel=\"nofollow noopener\" target=\"_blank\" href=\"https:\/\/twitter.com\/GertEwen\/status\/2010253523934392453?ref_src=twsrc%5Etfw\">January 11, 2026<\/a><\/p><\/blockquote>\n<\/div>\n<\/div>\n<div class=\"EmbedBlock-root EmbedBlock-twitter\">\n<div class=\"TwitterEmbed\">\n<blockquote class=\"twitter-tweet lazyload\" data-twitter=\"twitter-tweet\">\n<p lang=\"de\" dir=\"ltr\">Im Iran l\u00e4uft eine &#8220;Regime Change&#8221;-Operation im Stil der Farbenrevolution. Ausgangspunkt sind &#8220;genuine&#8221; Proteste, die gekapert wurden. Ex-US-Au\u00dfenminister Pompeo sagte ganz offen, dass ein Mossad-Netzwerk beteiligt ist. X (und die rechtsalternative Blase) ist Waffe im Infokrieg. <a rel=\"nofollow noopener\" target=\"_blank\" href=\"https:\/\/t.co\/nizcJUbbWq\">https:\/\/t.co\/nizcJUbbWq<\/a><\/p>\n<p>\u2014 Michael Esders (@MichaelEsders) <a rel=\"nofollow noopener\" target=\"_blank\" href=\"https:\/\/twitter.com\/MichaelEsders\/status\/2009854253062590965?ref_src=twsrc%5Etfw\">January 10, 2026<\/a><\/p><\/blockquote>\n<\/div>\n<\/div>\n<p>Der Erkl\u00e4rung zufolge &#8220;best\u00e4tigen die Erkenntnisse der Geheimdienste, dass der Feind von einer direkten Kriegsstrategie zu einer Strategie \u00fcbergegangen ist, die darauf abzielt, die interne Struktur der Islamischen Republik durch Anstiftung zu Unruhen zu schw\u00e4chen&#8221;.<\/p>\n<p>Laut dem Geheimdienst der IRGC ist dieser Wandel auf die gescheiterten Versuche zur\u00fcckzuf\u00fchren, Iran milit\u00e4risch zu unterwerfen.<\/p>\n<div class=\"EmbedBlock-root EmbedBlock-twitter\">\n<div class=\"TwitterEmbed\">\n<blockquote class=\"twitter-tweet lazyload\" data-twitter=\"twitter-tweet\">\n<p lang=\"en\" dir=\"ltr\">BREAKING:\ud83c\uddee\ud83c\uddf7 Iran has managed to identify the organizers of the protests, 200+ of them are arrested \u2014 TasnimLarge amounts of weapons, ammo, grenades, and Molotov cocktails confiscated from their hideoutsOutlet says arrest one of the reasons for decline in intensity of latest\u2026 <a rel=\"nofollow noopener\" target=\"_blank\" href=\"https:\/\/t.co\/yyi1DusjXg\">pic.twitter.com\/yyi1DusjXg<\/a><\/p>\n<p>\u2014 Megatron (@Megatron_ron) <a rel=\"nofollow noopener\" target=\"_blank\" href=\"https:\/\/twitter.com\/Megatron_ron\/status\/2010041948506087897?ref_src=twsrc%5Etfw\">January 10, 2026<\/a><\/p><\/blockquote>\n<\/div>\n<\/div>\n<p>Iran sieht sich derzeit mit wachsenden Unruhen seitens der B\u00fcrger, die sich \u00fcber die Wirtschaft beschweren, sowie mit externen Saboteuren konfrontiert, die versuchen, Instabilit\u00e4t zu sch\u00fcren.<\/p>\n<p>US-Pr\u00e4sident\u00a0Donald Trump, der in den letzten Tagen wiederholt mit einer Intervention gedroht hat, postete am Samstag in den sozialen Medien: &#8220;Iran sehnt sich nach FREIHEIT, vielleicht wie nie zuvor. Die USA sind bereit zu helfen!!!&#8221;<\/p>\n<p>Anfang Januar sprach der iranische F\u00fchrer Ali Chamenei w\u00e4hrend eines Treffens mit den Familien der Opfer des j\u00fcngsten zw\u00f6lft\u00e4gigen Krieges \u00fcber die Lage, w\u00e4hrend sich im ganzen Land Proteste und Ausschreitungen ausbreiteten.\u00a0Das geistliche Oberhaupt Irans r\u00fcckte die Demonstranten in die N\u00e4he von US-Pr\u00e4sident Trump.\u00a0An Trump gerichtet, sagte er, dessen H\u00e4nde seien &#8220;mit dem Blut von mehr als tausend Iranern befleckt&#8221;. Wie die bis 1979 in Iran herrschende Schah-Dynastie sei auch Trump &#8220;arrogant&#8221; und werde &#8220;gest\u00fcrzt&#8221;.<\/p>\n<p>Der im Exil lebende Sohn des letzten Schahs von Iran hat sich zu einer prominenten Stimme der zersplitterten Opposition entwickelt. Nun hat er zum bislang deutlichsten Aufruf zur Ausweitung der Proteste zu einem Aufstand gegen das &#8220;Regime&#8221; aufgerufen.<\/p>\n<p>Die iranische Menschenrechtsorganisation HRANA gibt an, dass mindestens 50 Demonstranten und 15 Sicherheitskr\u00e4fte get\u00f6tet und etwa 2.300 Menschen festgenommen wurden.<\/p>\n<p><strong>Mehr zum Thema<\/strong> &#8211; <a rel=\"nofollow noopener\" target=\"_blank\" href=\"https:\/\/freedert.online\/der-nahe-osten\/266995-bericht-israel-in-hoechster-alarmbereitschaft\/\">Bericht: Israel in h\u00f6chster Alarmbereitschaft wegen m\u00f6glicher US-Intervention in Iran<\/a><\/p>\n<div class=\"EmbedBlock-root EmbedBlock-externalVideo EmbedBlock-rumble\">\n<div class=\"VkEmbed\"><iframe class=\"lazyload\" data-src=\"https:\/\/rumble.com\/embed\/v71wplg\" frameborder=\"0\" width=\"853\" height=\"480\" allowfullscreen><\/iframe><\/div>\n<\/div>\n<\/div>\n<p><script async src=\"https:\/\/platform.twitter.com\/widgets.js\" charset=\"utf-8\"><\/script><br \/>\n<br \/><br \/>\n<br \/><a href=\"https:\/\/de.rt.com\/der-nahe-osten\/266997-lage-in-iran-terrorzellen-zerschlagen\/\">Source link <\/a><\/p>\n","protected":false},"excerpt":{"rendered":"<p>Iran hat die Unruhen in dem Land als &#8220;eine Ver\u00e4nderung in der Strategie des Feindes&#8221; bezeichnet. Diese zeichne sich durch &#8220;verdeckte Bem\u00fchungen zur Untergrabung der inneren Stabilit\u00e4t&#8221; aus, anstatt Iran durch eine direkte Konfrontation zu unterwerfen. US-Pr\u00e4sident Donald Trump hat in den letzten Tagen wiederholt mit einer Intervention gedroht. Die iranische Polizei hat am Samstag [&hellip;]<\/p>\n","protected":false},"author":3,"featured_media":97076,"comment_status":"open","ping_status":"open","sticky":false,"template":"","format":"standard","meta":{"_yoast_indexnow_last_ping":["1768129689"],"wp_automatic_camp":["217"],"fef9afda3c2606bced23e9df9be105ad":["Lage in Iran: &quot;Terrorzellen&quot; zerschlagen, IRGC spricht von hybrider Kriegsf\u00fchrung Israels"],"original_link":["https:\/\/de.rt.com\/der-nahe-osten\/266997-lage-in-iran-terrorzellen-zerschlagen\/"],"_thumbnail_id":["97076"],"_wptgpro_p2tg_sent2tg":["a:1:{i:23737;s:19:\"2026-01-11 13:09:23\";}"],"jnews_social_counter_last_update":["1777346184"]},"categories":[19,23],"tags":[21191,1786,70477,3015,25526,525,70476,4067,50,13911],"yoast_head":"<!-- This site is optimized with the Yoast SEO Premium plugin v22.7 (Yoast SEO v22.7) - https:\/\/yoast.com\/wordpress\/plugins\/seo\/ -->\n<title>Lage in Iran: &quot;Terrorzellen&quot; zerschlagen, IRGC spricht von hybrider Kriegsf\u00fchrung Israels - just-now.NEWS Deutschland<\/title>\n<meta name=\"robots\" content=\"index, follow, max-snippet:-1, max-image-preview:large, max-video-preview:-1\" \/>\n<link rel=\"canonical\" href=\"https:\/\/now-news.de\/de\/deutschland\/lage-in-iran-terrorzellen-zerschlagen-irgc-spricht-von-hybrider-kriegsfuehrung-israels\/\" \/>\n<meta property=\"og:locale\" content=\"de_DE\" \/>\n<meta property=\"og:type\" content=\"article\" \/>\n<meta property=\"og:title\" content=\"Lage in Iran: &quot;Terrorzellen&quot; zerschlagen, IRGC spricht von hybrider Kriegsf\u00fchrung Israels\" \/>\n<meta property=\"og:description\" content=\"Iran hat die Unruhen in dem Land als &#8220;eine Ver\u00e4nderung in der Strategie des Feindes&#8221; bezeichnet. Diese zeichne sich durch &#8220;verdeckte Bem\u00fchungen zur Untergrabung der inneren Stabilit\u00e4t&#8221; aus, anstatt Iran durch eine direkte Konfrontation zu unterwerfen. US-Pr\u00e4sident Donald Trump hat in den letzten Tagen wiederholt mit einer Intervention gedroht. Die iranische Polizei hat am Samstag [&hellip;]\" \/>\n<meta property=\"og:url\" content=\"https:\/\/now-news.de\/de\/deutschland\/lage-in-iran-terrorzellen-zerschlagen-irgc-spricht-von-hybrider-kriegsfuehrung-israels\/\" \/>\n<meta property=\"og:site_name\" content=\"just-now.NEWS Deutschland\" \/>\n<meta property=\"article:publisher\" content=\"https:\/\/www.facebook.com\/wirmachenauf\" \/>\n<meta property=\"article:published_time\" content=\"2026-01-11T10:53:54+00:00\" \/>\n<meta property=\"og:image\" content=\"https:\/\/now-news.de\/de\/wp-content\/uploads\/sites\/3\/2026\/01\/6963734048fbef5bdf7ab44d.jpg\" \/>\n<meta name=\"author\" content=\"rtnews\" \/>\n<meta name=\"twitter:card\" content=\"summary_large_image\" \/>\n<meta name=\"twitter:creator\" content=\"@WirMachenAuf_de\" \/>\n<meta name=\"twitter:site\" content=\"@WirMachenAuf_de\" \/>\n<meta name=\"twitter:label1\" content=\"Verfasst von\" \/>\n\t<meta name=\"twitter:data1\" content=\"rtnews\" \/>\n\t<meta name=\"twitter:label2\" content=\"Gesch\u00e4tzte Lesezeit\" \/>\n\t<meta name=\"twitter:data2\" content=\"4\u00a0Minuten\" \/>\n<script type=\"application\/ld+json\" class=\"yoast-schema-graph\">{\"@context\":\"https:\/\/schema.org\",\"@graph\":[{\"@type\":\"Article\",\"@id\":\"https:\/\/now-news.de\/de\/deutschland\/lage-in-iran-terrorzellen-zerschlagen-irgc-spricht-von-hybrider-kriegsfuehrung-israels\/#article\",\"isPartOf\":{\"@id\":\"https:\/\/now-news.de\/de\/deutschland\/lage-in-iran-terrorzellen-zerschlagen-irgc-spricht-von-hybrider-kriegsfuehrung-israels\/\"},\"author\":{\"name\":\"rtnews\",\"@id\":\"https:\/\/now-news.de\/de\/#\/schema\/person\/fb534a4e865501d8b3285208df34a9b5\"},\"headline\":\"Lage in Iran: &quot;Terrorzellen&quot; zerschlagen, IRGC spricht von hybrider Kriegsf\u00fchrung Israels\",\"datePublished\":\"2026-01-11T10:53:54+00:00\",\"dateModified\":\"2026-01-11T10:53:54+00:00\",\"mainEntityOfPage\":{\"@id\":\"https:\/\/now-news.de\/de\/deutschland\/lage-in-iran-terrorzellen-zerschlagen-irgc-spricht-von-hybrider-kriegsfuehrung-israels\/\"},\"wordCount\":759,\"commentCount\":0,\"publisher\":{\"@id\":\"https:\/\/now-news.de\/de\/#organization\"},\"image\":{\"@id\":\"https:\/\/now-news.de\/de\/deutschland\/lage-in-iran-terrorzellen-zerschlagen-irgc-spricht-von-hybrider-kriegsfuehrung-israels\/#primaryimage\"},\"thumbnailUrl\":\"https:\/\/now-news.de\/de\/wp-content\/uploads\/sites\/3\/2026\/01\/Lage-in-Iran-quotTerrorzellenquot-zerschlagen-IRGC-spricht-von-hybrider-Kriegsfuehrung.jpg\",\"keywords\":[\"Hybrider\",\"Iran\",\"IRGC\",\"Israels\",\"Kriegsf\u00fchrung\",\"Lage\",\"quotTerrorzellenquot\",\"spricht\",\"von\",\"zerschlagen\"],\"articleSection\":[\"Deutschland\",\"Russland\"],\"inLanguage\":\"de\",\"potentialAction\":[{\"@type\":\"CommentAction\",\"name\":\"Comment\",\"target\":[\"https:\/\/now-news.de\/de\/deutschland\/lage-in-iran-terrorzellen-zerschlagen-irgc-spricht-von-hybrider-kriegsfuehrung-israels\/#respond\"]}]},{\"@type\":\"WebPage\",\"@id\":\"https:\/\/now-news.de\/de\/deutschland\/lage-in-iran-terrorzellen-zerschlagen-irgc-spricht-von-hybrider-kriegsfuehrung-israels\/\",\"url\":\"https:\/\/now-news.de\/de\/deutschland\/lage-in-iran-terrorzellen-zerschlagen-irgc-spricht-von-hybrider-kriegsfuehrung-israels\/\",\"name\":\"Lage in Iran: &quot;Terrorzellen&quot; zerschlagen, IRGC spricht von hybrider Kriegsf\u00fchrung Israels - just-now.NEWS Deutschland\",\"isPartOf\":{\"@id\":\"https:\/\/now-news.de\/de\/#website\"},\"primaryImageOfPage\":{\"@id\":\"https:\/\/now-news.de\/de\/deutschland\/lage-in-iran-terrorzellen-zerschlagen-irgc-spricht-von-hybrider-kriegsfuehrung-israels\/#primaryimage\"},\"image\":{\"@id\":\"https:\/\/now-news.de\/de\/deutschland\/lage-in-iran-terrorzellen-zerschlagen-irgc-spricht-von-hybrider-kriegsfuehrung-israels\/#primaryimage\"},\"thumbnailUrl\":\"https:\/\/now-news.de\/de\/wp-content\/uploads\/sites\/3\/2026\/01\/Lage-in-Iran-quotTerrorzellenquot-zerschlagen-IRGC-spricht-von-hybrider-Kriegsfuehrung.jpg\",\"datePublished\":\"2026-01-11T10:53:54+00:00\",\"dateModified\":\"2026-01-11T10:53:54+00:00\",\"breadcrumb\":{\"@id\":\"https:\/\/now-news.de\/de\/deutschland\/lage-in-iran-terrorzellen-zerschlagen-irgc-spricht-von-hybrider-kriegsfuehrung-israels\/#breadcrumb\"},\"inLanguage\":\"de\",\"potentialAction\":[{\"@type\":\"ReadAction\",\"target\":[\"https:\/\/now-news.de\/de\/deutschland\/lage-in-iran-terrorzellen-zerschlagen-irgc-spricht-von-hybrider-kriegsfuehrung-israels\/\"]}]},{\"@type\":\"ImageObject\",\"inLanguage\":\"de\",\"@id\":\"https:\/\/now-news.de\/de\/deutschland\/lage-in-iran-terrorzellen-zerschlagen-irgc-spricht-von-hybrider-kriegsfuehrung-israels\/#primaryimage\",\"url\":\"https:\/\/now-news.de\/de\/wp-content\/uploads\/sites\/3\/2026\/01\/Lage-in-Iran-quotTerrorzellenquot-zerschlagen-IRGC-spricht-von-hybrider-Kriegsfuehrung.jpg\",\"contentUrl\":\"https:\/\/now-news.de\/de\/wp-content\/uploads\/sites\/3\/2026\/01\/Lage-in-Iran-quotTerrorzellenquot-zerschlagen-IRGC-spricht-von-hybrider-Kriegsfuehrung.jpg\",\"width\":460,\"height\":259,\"caption\":\"Lage in Iran: &quot;Terrorzellen&quot; zerschlagen, IRGC spricht von hybrider Kriegsf\u00fchrung Israels\"},{\"@type\":\"BreadcrumbList\",\"@id\":\"https:\/\/now-news.de\/de\/deutschland\/lage-in-iran-terrorzellen-zerschlagen-irgc-spricht-von-hybrider-kriegsfuehrung-israels\/#breadcrumb\",\"itemListElement\":[{\"@type\":\"ListItem\",\"position\":1,\"name\":\"Home\",\"item\":\"https:\/\/now-news.de\/de\/\"},{\"@type\":\"ListItem\",\"position\":2,\"name\":\"Lage in Iran: &quot;Terrorzellen&quot; zerschlagen, IRGC spricht von hybrider Kriegsf\u00fchrung Israels\"}]},{\"@type\":\"WebSite\",\"@id\":\"https:\/\/now-news.de\/de\/#website\",\"url\":\"https:\/\/now-news.de\/de\/\",\"name\":\"just-now.NEWS Deutschland\",\"description\":\"Das Portal f\u00fcr unzensierte Nachrichten aus der Welt\",\"publisher\":{\"@id\":\"https:\/\/now-news.de\/de\/#organization\"},\"potentialAction\":[{\"@type\":\"SearchAction\",\"target\":{\"@type\":\"EntryPoint\",\"urlTemplate\":\"https:\/\/now-news.de\/de\/?s={search_term_string}\"},\"query-input\":\"required name=search_term_string\"}],\"inLanguage\":\"de\"},{\"@type\":\"Organization\",\"@id\":\"https:\/\/now-news.de\/de\/#organization\",\"name\":\"Just Now News\",\"url\":\"https:\/\/now-news.de\/de\/\",\"logo\":{\"@type\":\"ImageObject\",\"inLanguage\":\"de\",\"@id\":\"https:\/\/now-news.de\/de\/#\/schema\/logo\/image\/\",\"url\":\"http:\/\/just-now.news\/de\/wp-content\/uploads\/sites\/3\/2022\/04\/logo500x500.jpg\",\"contentUrl\":\"http:\/\/just-now.news\/de\/wp-content\/uploads\/sites\/3\/2022\/04\/logo500x500.jpg\",\"width\":500,\"height\":500,\"caption\":\"Just Now News\"},\"image\":{\"@id\":\"https:\/\/now-news.de\/de\/#\/schema\/logo\/image\/\"},\"sameAs\":[\"https:\/\/www.facebook.com\/wirmachenauf\",\"https:\/\/x.com\/WirMachenAuf_de\"]},{\"@type\":\"Person\",\"@id\":\"https:\/\/now-news.de\/de\/#\/schema\/person\/fb534a4e865501d8b3285208df34a9b5\",\"name\":\"rtnews\",\"image\":{\"@type\":\"ImageObject\",\"inLanguage\":\"de\",\"@id\":\"https:\/\/now-news.de\/de\/#\/schema\/person\/image\/\",\"url\":\"https:\/\/secure.gravatar.com\/avatar\/82aafea7d8127119dd649515f56e2117?s=96&d=mm&r=g\",\"contentUrl\":\"https:\/\/secure.gravatar.com\/avatar\/82aafea7d8127119dd649515f56e2117?s=96&d=mm&r=g\",\"caption\":\"rtnews\"},\"url\":\"https:\/\/now-news.de\/de\/author\/rnews\/\"}]}<\/script>\n<!-- \/ Yoast SEO Premium plugin. -->","yoast_head_json":{"title":"Lage in Iran: &quot;Terrorzellen&quot; zerschlagen, IRGC spricht von hybrider Kriegsf\u00fchrung Israels - just-now.NEWS Deutschland","robots":{"index":"index","follow":"follow","max-snippet":"max-snippet:-1","max-image-preview":"max-image-preview:large","max-video-preview":"max-video-preview:-1"},"canonical":"https:\/\/now-news.de\/de\/deutschland\/lage-in-iran-terrorzellen-zerschlagen-irgc-spricht-von-hybrider-kriegsfuehrung-israels\/","og_locale":"de_DE","og_type":"article","og_title":"Lage in Iran: &quot;Terrorzellen&quot; zerschlagen, IRGC spricht von hybrider Kriegsf\u00fchrung Israels","og_description":"Iran hat die Unruhen in dem Land als &#8220;eine Ver\u00e4nderung in der Strategie des Feindes&#8221; bezeichnet. Diese zeichne sich durch &#8220;verdeckte Bem\u00fchungen zur Untergrabung der inneren Stabilit\u00e4t&#8221; aus, anstatt Iran durch eine direkte Konfrontation zu unterwerfen. US-Pr\u00e4sident Donald Trump hat in den letzten Tagen wiederholt mit einer Intervention gedroht. Die iranische Polizei hat am Samstag [&hellip;]","og_url":"https:\/\/now-news.de\/de\/deutschland\/lage-in-iran-terrorzellen-zerschlagen-irgc-spricht-von-hybrider-kriegsfuehrung-israels\/","og_site_name":"just-now.NEWS Deutschland","article_publisher":"https:\/\/www.facebook.com\/wirmachenauf","article_published_time":"2026-01-11T10:53:54+00:00","og_image":[{"url":"https:\/\/now-news.de\/de\/wp-content\/uploads\/sites\/3\/2026\/01\/6963734048fbef5bdf7ab44d.jpg"}],"author":"rtnews","twitter_card":"summary_large_image","twitter_creator":"@WirMachenAuf_de","twitter_site":"@WirMachenAuf_de","twitter_misc":{"Verfasst von":"rtnews","Gesch\u00e4tzte Lesezeit":"4\u00a0Minuten"},"schema":{"@context":"https:\/\/schema.org","@graph":[{"@type":"Article","@id":"https:\/\/now-news.de\/de\/deutschland\/lage-in-iran-terrorzellen-zerschlagen-irgc-spricht-von-hybrider-kriegsfuehrung-israels\/#article","isPartOf":{"@id":"https:\/\/now-news.de\/de\/deutschland\/lage-in-iran-terrorzellen-zerschlagen-irgc-spricht-von-hybrider-kriegsfuehrung-israels\/"},"author":{"name":"rtnews","@id":"https:\/\/now-news.de\/de\/#\/schema\/person\/fb534a4e865501d8b3285208df34a9b5"},"headline":"Lage in Iran: &quot;Terrorzellen&quot; zerschlagen, IRGC spricht von hybrider Kriegsf\u00fchrung Israels","datePublished":"2026-01-11T10:53:54+00:00","dateModified":"2026-01-11T10:53:54+00:00","mainEntityOfPage":{"@id":"https:\/\/now-news.de\/de\/deutschland\/lage-in-iran-terrorzellen-zerschlagen-irgc-spricht-von-hybrider-kriegsfuehrung-israels\/"},"wordCount":759,"commentCount":0,"publisher":{"@id":"https:\/\/now-news.de\/de\/#organization"},"image":{"@id":"https:\/\/now-news.de\/de\/deutschland\/lage-in-iran-terrorzellen-zerschlagen-irgc-spricht-von-hybrider-kriegsfuehrung-israels\/#primaryimage"},"thumbnailUrl":"https:\/\/now-news.de\/de\/wp-content\/uploads\/sites\/3\/2026\/01\/Lage-in-Iran-quotTerrorzellenquot-zerschlagen-IRGC-spricht-von-hybrider-Kriegsfuehrung.jpg","keywords":["Hybrider","Iran","IRGC","Israels","Kriegsf\u00fchrung","Lage","quotTerrorzellenquot","spricht","von","zerschlagen"],"articleSection":["Deutschland","Russland"],"inLanguage":"de","potentialAction":[{"@type":"CommentAction","name":"Comment","target":["https:\/\/now-news.de\/de\/deutschland\/lage-in-iran-terrorzellen-zerschlagen-irgc-spricht-von-hybrider-kriegsfuehrung-israels\/#respond"]}]},{"@type":"WebPage","@id":"https:\/\/now-news.de\/de\/deutschland\/lage-in-iran-terrorzellen-zerschlagen-irgc-spricht-von-hybrider-kriegsfuehrung-israels\/","url":"https:\/\/now-news.de\/de\/deutschland\/lage-in-iran-terrorzellen-zerschlagen-irgc-spricht-von-hybrider-kriegsfuehrung-israels\/","name":"Lage in Iran: &quot;Terrorzellen&quot; zerschlagen, IRGC spricht von hybrider Kriegsf\u00fchrung Israels - just-now.NEWS Deutschland","isPartOf":{"@id":"https:\/\/now-news.de\/de\/#website"},"primaryImageOfPage":{"@id":"https:\/\/now-news.de\/de\/deutschland\/lage-in-iran-terrorzellen-zerschlagen-irgc-spricht-von-hybrider-kriegsfuehrung-israels\/#primaryimage"},"image":{"@id":"https:\/\/now-news.de\/de\/deutschland\/lage-in-iran-terrorzellen-zerschlagen-irgc-spricht-von-hybrider-kriegsfuehrung-israels\/#primaryimage"},"thumbnailUrl":"https:\/\/now-news.de\/de\/wp-content\/uploads\/sites\/3\/2026\/01\/Lage-in-Iran-quotTerrorzellenquot-zerschlagen-IRGC-spricht-von-hybrider-Kriegsfuehrung.jpg","datePublished":"2026-01-11T10:53:54+00:00","dateModified":"2026-01-11T10:53:54+00:00","breadcrumb":{"@id":"https:\/\/now-news.de\/de\/deutschland\/lage-in-iran-terrorzellen-zerschlagen-irgc-spricht-von-hybrider-kriegsfuehrung-israels\/#breadcrumb"},"inLanguage":"de","potentialAction":[{"@type":"ReadAction","target":["https:\/\/now-news.de\/de\/deutschland\/lage-in-iran-terrorzellen-zerschlagen-irgc-spricht-von-hybrider-kriegsfuehrung-israels\/"]}]},{"@type":"ImageObject","inLanguage":"de","@id":"https:\/\/now-news.de\/de\/deutschland\/lage-in-iran-terrorzellen-zerschlagen-irgc-spricht-von-hybrider-kriegsfuehrung-israels\/#primaryimage","url":"https:\/\/now-news.de\/de\/wp-content\/uploads\/sites\/3\/2026\/01\/Lage-in-Iran-quotTerrorzellenquot-zerschlagen-IRGC-spricht-von-hybrider-Kriegsfuehrung.jpg","contentUrl":"https:\/\/now-news.de\/de\/wp-content\/uploads\/sites\/3\/2026\/01\/Lage-in-Iran-quotTerrorzellenquot-zerschlagen-IRGC-spricht-von-hybrider-Kriegsfuehrung.jpg","width":460,"height":259,"caption":"Lage in Iran: &quot;Terrorzellen&quot; zerschlagen, IRGC spricht von hybrider Kriegsf\u00fchrung Israels"},{"@type":"BreadcrumbList","@id":"https:\/\/now-news.de\/de\/deutschland\/lage-in-iran-terrorzellen-zerschlagen-irgc-spricht-von-hybrider-kriegsfuehrung-israels\/#breadcrumb","itemListElement":[{"@type":"ListItem","position":1,"name":"Home","item":"https:\/\/now-news.de\/de\/"},{"@type":"ListItem","position":2,"name":"Lage in Iran: &quot;Terrorzellen&quot; zerschlagen, IRGC spricht von hybrider Kriegsf\u00fchrung Israels"}]},{"@type":"WebSite","@id":"https:\/\/now-news.de\/de\/#website","url":"https:\/\/now-news.de\/de\/","name":"just-now.NEWS Deutschland","description":"Das Portal f\u00fcr unzensierte Nachrichten aus der Welt","publisher":{"@id":"https:\/\/now-news.de\/de\/#organization"},"potentialAction":[{"@type":"SearchAction","target":{"@type":"EntryPoint","urlTemplate":"https:\/\/now-news.de\/de\/?s={search_term_string}"},"query-input":"required name=search_term_string"}],"inLanguage":"de"},{"@type":"Organization","@id":"https:\/\/now-news.de\/de\/#organization","name":"Just Now News","url":"https:\/\/now-news.de\/de\/","logo":{"@type":"ImageObject","inLanguage":"de","@id":"https:\/\/now-news.de\/de\/#\/schema\/logo\/image\/","url":"http:\/\/just-now.news\/de\/wp-content\/uploads\/sites\/3\/2022\/04\/logo500x500.jpg","contentUrl":"http:\/\/just-now.news\/de\/wp-content\/uploads\/sites\/3\/2022\/04\/logo500x500.jpg","width":500,"height":500,"caption":"Just Now News"},"image":{"@id":"https:\/\/now-news.de\/de\/#\/schema\/logo\/image\/"},"sameAs":["https:\/\/www.facebook.com\/wirmachenauf","https:\/\/x.com\/WirMachenAuf_de"]},{"@type":"Person","@id":"https:\/\/now-news.de\/de\/#\/schema\/person\/fb534a4e865501d8b3285208df34a9b5","name":"rtnews","image":{"@type":"ImageObject","inLanguage":"de","@id":"https:\/\/now-news.de\/de\/#\/schema\/person\/image\/","url":"https:\/\/secure.gravatar.com\/avatar\/82aafea7d8127119dd649515f56e2117?s=96&d=mm&r=g","contentUrl":"https:\/\/secure.gravatar.com\/avatar\/82aafea7d8127119dd649515f56e2117?s=96&d=mm&r=g","caption":"rtnews"},"url":"https:\/\/now-news.de\/de\/author\/rnews\/"}]}},"_links":{"self":[{"href":"https:\/\/now-news.de\/de\/wp-json\/wp\/v2\/posts\/97075"}],"collection":[{"href":"https:\/\/now-news.de\/de\/wp-json\/wp\/v2\/posts"}],"about":[{"href":"https:\/\/now-news.de\/de\/wp-json\/wp\/v2\/types\/post"}],"author":[{"embeddable":true,"href":"https:\/\/now-news.de\/de\/wp-json\/wp\/v2\/users\/3"}],"replies":[{"embeddable":true,"href":"https:\/\/now-news.de\/de\/wp-json\/wp\/v2\/comments?post=97075"}],"version-history":[{"count":0,"href":"https:\/\/now-news.de\/de\/wp-json\/wp\/v2\/posts\/97075\/revisions"}],"wp:featuredmedia":[{"embeddable":true,"href":"https:\/\/now-news.de\/de\/wp-json\/wp\/v2\/media\/97076"}],"wp:attachment":[{"href":"https:\/\/now-news.de\/de\/wp-json\/wp\/v2\/media?parent=97075"}],"wp:term":[{"taxonomy":"category","embeddable":true,"href":"https:\/\/now-news.de\/de\/wp-json\/wp\/v2\/categories?post=97075"},{"taxonomy":"post_tag","embeddable":true,"href":"https:\/\/now-news.de\/de\/wp-json\/wp\/v2\/tags?post=97075"}],"curies":[{"name":"wp","href":"https:\/\/api.w.org\/{rel}","templated":true}]}}