{"id":9702,"date":"2022-06-03T14:40:00","date_gmt":"2022-06-03T12:40:00","guid":{"rendered":"http:\/\/just-now.news\/de\/usa\/das-platin-jubilaeum-der-queen-findet-ohne-ihre-anwesenheit-statt\/"},"modified":"2022-06-03T14:40:00","modified_gmt":"2022-06-03T12:40:00","slug":"das-platin-jubilaeum-der-queen-findet-ohne-ihre-anwesenheit-statt","status":"publish","type":"post","link":"https:\/\/now-news.de\/de\/usa\/das-platin-jubilaeum-der-queen-findet-ohne-ihre-anwesenheit-statt\/","title":{"rendered":"Das Platin-Jubil\u00e4um der Queen findet ohne ihre Anwesenheit statt"},"content":{"rendered":"<p><\/p>\n<div class=\"entry-content\">\n<p><span data-preserver-spaces=\"true\">Am Freitag kamen Mitglieder der k\u00f6niglichen Familie zu einem Jubil\u00e4ums-Dankesgottesdienst zu Ehren der 70-j\u00e4hrigen Herrschaft von K\u00f6nigin Elizabeth II. in die St. Paul&#8217;s Cathedral in London.<\/span><\/p>\n<p><span data-preserver-spaces=\"true\">Die 96-j\u00e4hrige Queen war jedoch selbst nicht anwesend. <\/span><\/p>\n<p><span data-preserver-spaces=\"true\">Prinz Charles und Camilla, Herzogin von Cornwall, waren neben Prinz William und Catherine, Herzogin von Cambridge, anwesend.  Auch Prinz Harry und Meghan, Herzogin von Sussex, waren bei dem bedeutsamen Ereignis in der Kathedrale anwesend. <\/span><\/p>\n<div id=\"IC1-ad\" class=\"sponsor IC1\">\n<p class=\"ad-notice flipboard-remove\" fl:fl-noexcerpt=\"true\">Werbung \u2013 die Geschichte geht unten weiter<\/p>\n<div id=\"IC1\">\n<script>\n\t\t\t\t\tif( FFADS.units.IC1 && FFADS.units.IC1.ad_type == 'custom' && FFADS.units.IC1.custom_ads && ! getCookie( 'ff_subbed' ) ) {\n\t\t\t\t\t\tdocument.getElementById( 'IC1' ).innerHTML = FFADS.units.IC1.custom_ads[0].code;\n\t\t\t\t\t\tif( ! FFADS.units.IC1.lazy_load ) eval( FFADS.units.IC1.custom_ads[0].rendering_script );\n\t\t\t\t\t}\n\t\t\t\t\telse if( FFADS.units.IC1 && ! getCookie( 'ff_subbed' ) ) {\n\t\t\t\t\t\tif( 'IC' != 'SB' && 'IC' != 'SA' && FFADS.use_fixed_containers ) {\n\t\t\t\t\t\t\tlet max_wh = firefly_size_list_to_max_wh( FFADS.units.IC1.sizes );\n\t\t\t\t\t\t\tlet el = document.querySelector( '#IC1' );\n\t\t\t\t\t\t\tif( 'IC' != 'SA' && FFADS.slide_pixels ) {\n\t\t\t\t\t\t\t\tmax_wh[1] += parseInt( FFADS.slide_pixels );\n\t\t\t\t\t\t\t\tel.classList.add( 'sliding' );\n\t\t\t\t\t\t\t}\n\t\t\t\t\t\t\tel.style.width = max_wh[0] + 'px';\n\t\t\t\t\t\t\tel.style.height = max_wh[1] + 'px';\n\t\t\t\t\t\t\tel.classList.add( 'fixed-size' );\n\t\t\t\t\t\t}\n\t\t\t\t\t\tgoogletag.cmd.push( function() {\n\t\t\t\t\t\t\tFFADS.debug( 'googletag.displaying IC1' );\n\t\t\t\t\t\t\tgoogletag.display( 'IC1' );\n\t\t\t\t\t\t} );\n\t\t\t\t\t}\n\t\t\t\t\telse {\n\t\t\t\t\t\tdocument.querySelector( '#IC1-ad' ).style.display = 'none';}\n\t\t\t\t<\/script><\/div>\n<\/div>\n<p><span data-preserver-spaces=\"true\">Die K\u00f6nigin war jedoch gezwungen, die Veranstaltung zu \u00fcberspringen, nachdem sie am Donnerstag \u201eetwas Unbehagen\u201c versp\u00fcrte, als sie den Auftakt ihres Platinjubil\u00e4ums mit der Trooping the Colour-Parade vom Balkon des Buckingham Palace aus verfolgte. <\/span><\/p>\n<p><span data-preserver-spaces=\"true\">In einem <\/span><span data-preserver-spaces=\"true\">Aussage <\/span><span data-preserver-spaces=\"true\">Am Freitag sagte eine Vertreterin der K\u00f6nigin, sie habe die Er\u00f6ffnungsveranstaltungen des Platin-Jubil\u00e4ums \u201esehr genossen\u201c.<\/span><\/p>\n<p><script>\n\t\t\t\t\tif( ! getCookie( 'ff_subbed' ) ) if( typeof FFADS.replace_ict != 'undefined' ) if( FFADS.replace_ict ) eval( FFADS.replace_ict );\n\t\t\t\t<\/script><\/p>\n<p><span data-preserver-spaces=\"true\">\u201eUnter Ber\u00fccksichtigung der Reise und der Aktivit\u00e4ten, die f\u00fcr die Teilnahme am morgigen Nationalen Erntedankgottesdienst in der St. Paul&#8217;s Cathedral erforderlich sind, ist Ihre Majest\u00e4t mit gro\u00dfem Widerwillen zu dem Schluss gekommen, dass sie nicht teilnehmen wird\u201c, fuhr die Erkl\u00e4rung fort. <\/span><\/p>\n<p><span data-preserver-spaces=\"true\">\u201eDie Queen freut sich auf die Teilnahme an der Leuchtfeuer-Beleuchtung heute Abend auf Schloss Windsor und m\u00f6chte allen danken, die den heutigen Tag zu einem so denkw\u00fcrdigen Anlass gemacht haben.\u201c<\/span><\/p>\n<div id=\"IC2-ad\" class=\"sponsor IC2\">\n<p class=\"ad-notice flipboard-remove\" fl:fl-noexcerpt=\"true\">Werbung \u2013 die Geschichte geht unten weiter<\/p>\n<div id=\"IC2\">\n<script>\n\t\t\t\t\tif( FFADS.units.IC2 && FFADS.units.IC2.ad_type == 'custom' && FFADS.units.IC2.custom_ads && ! getCookie( 'ff_subbed' ) ) {\n\t\t\t\t\t\tdocument.getElementById( 'IC2' ).innerHTML = FFADS.units.IC2.custom_ads[0].code;\n\t\t\t\t\t\tif( ! FFADS.units.IC2.lazy_load ) eval( FFADS.units.IC2.custom_ads[0].rendering_script );\n\t\t\t\t\t}\n\t\t\t\t\telse if( FFADS.units.IC2 && ! getCookie( 'ff_subbed' ) ) {\n\t\t\t\t\t\tif( 'IC' != 'SB' && 'IC' != 'SA' && FFADS.use_fixed_containers ) {\n\t\t\t\t\t\t\tlet max_wh = firefly_size_list_to_max_wh( FFADS.units.IC2.sizes );\n\t\t\t\t\t\t\tlet el = document.querySelector( '#IC2' );\n\t\t\t\t\t\t\tif( 'IC' != 'SA' && FFADS.slide_pixels ) {\n\t\t\t\t\t\t\t\tmax_wh[1] += parseInt( FFADS.slide_pixels );\n\t\t\t\t\t\t\t\tel.classList.add( 'sliding' );\n\t\t\t\t\t\t\t}\n\t\t\t\t\t\t\tel.style.width = max_wh[0] + 'px';\n\t\t\t\t\t\t\tel.style.height = max_wh[1] + 'px';\n\t\t\t\t\t\t\tel.classList.add( 'fixed-size' );\n\t\t\t\t\t\t}\n\t\t\t\t\t\tgoogletag.cmd.push( function() {\n\t\t\t\t\t\t\tFFADS.debug( 'googletag.displaying IC2' );\n\t\t\t\t\t\t\tgoogletag.display( 'IC2' );\n\t\t\t\t\t\t} );\n\t\t\t\t\t}\n\t\t\t\t\telse {\n\t\t\t\t\t\tdocument.querySelector( '#IC2-ad' ).style.display = 'none';}\n\t\t\t\t<\/script><\/div>\n<\/div>\n<p><span data-preserver-spaces=\"true\">Ihre Majest\u00e4t wird den Thanksgiving-Gottesdienst im Fernsehen von Schloss Windsor aus verfolgen.<\/span><\/p>\n<p><span data-preserver-spaces=\"true\">Die K\u00f6nigin <\/span><span data-preserver-spaces=\"true\">machte zwei Auftritte<\/span><span data-preserver-spaces=\"true\"> am Donnerstag auf dem Balkon des Buckingham Palace zur Freude Tausender fahnenschwingender Unterst\u00fctzer unten.<\/span><\/p>\n<p class=\"article-ask\"><span class=\"ask\"><script>\n  if( getParameterByName( \"utm_source\" ) == \"testpage\" ) {\n    !function(e,t,a,n,g){e[n]=e[n]||[],e[n].push({\"gtm.start\":(new Date).getTime(),event:\"gtm.js\"});var m=t.getElementsByTagName(a)[0],r=t.createElement(a);r.async=!0,r.src=\"https:\/\/www.googletagmanager.com\/gtm.js?id=GTM-PL4PD49\",m.parentNode.insertBefore(r,m)}(window.parent,window.parent.document,\"script\",\"dataLayer\");\n    var iframe=window.parent.document.createElement(\"iframe\");iframe.src=\"https:\/\/www.googletagmanager.com\/ns.html?id=GTM-PL4PD49\";iframe.height=\"0\";iframe.width=\"0\";iframe.style=\"display:none;visibility:hidden\";window.parent.document.body.appendChild(iframe);\n    window.parent[\"$$mm-analytics\"] = window.parent[\"$$mm-analytics\"] || {};if (typeof window.parent[\"$$mm-analytics\"].firstEmbed === \"undefined\") {window.parent[\"$$mm-analytics\"].firstEmbed = Date.now();}\n    let as1 = document.createElement( \"script\" );\n    as1.src = \"https:\/\/bucket1.mm-syringe.com\/prod\/configs\/ee2300c8-43d2-7f0b-dac0-40aaf31c9d3d.js\";\n    document.body.appendChild( as1 );\n    let as2 = document.createElement( \"script\" );\n    as2.src = \"https:\/\/bucket1.mm-syringe.com\/prod\/injector\/injector.1.5.3.js\";\n    document.body.appendChild( as2 );\n  }\n<\/script><\/p>\n<div class=\"apester-media\" data-token=\"5f10a39f94902bc81d3d59a7\" data-context=\"true\" data-tags=\"\" data-fallback=\"true\" height=\"350\"><\/div>\n<p><script id=\"apester_script\" src=\"https:\/\/static.apester.com\/js\/sdk\/latest\/apester-sdk.js\" async><\/script><script async src=\"https:\/\/www.googletagmanager.com\/gtag\/js?id=G-EFE91RJVSQ\"><\/script><script>\n  window.dataLayer = window.dataLayer || [];\n  function gtag(){dataLayer.push(arguments);}\n  gtag(\\'js\\', new Date());\n  gtag(\\'config\\', \\'G-EFE91RJVSQ\\');\n<\/script><\/span><\/p>\n<\/div>\n<p><br \/>\n<br \/><a href=\"https:\/\/www.thegatewaypundit.com\/2022\/06\/queens-platinum-jubilee-proceeds-without-attendance\/\">Source link <\/a><\/p>\n","protected":false},"excerpt":{"rendered":"<p>Am Freitag kamen Mitglieder der k\u00f6niglichen Familie zu einem Jubil\u00e4ums-Dankesgottesdienst zu Ehren der 70-j\u00e4hrigen Herrschaft von K\u00f6nigin Elizabeth II. in die St. Paul&#8217;s Cathedral in London. Die 96-j\u00e4hrige Queen war jedoch selbst nicht anwesend. Prinz Charles und Camilla, Herzogin von Cornwall, waren neben Prinz William und Catherine, Herzogin von Cambridge, anwesend. Auch Prinz Harry und [&hellip;]<\/p>\n","protected":false},"author":5,"featured_media":9703,"comment_status":"open","ping_status":"open","sticky":false,"template":"","format":"standard","meta":{"wp_automatic_camp":["1161"],"a04a7c014744f305197ad8482e1eee38":["Das Platin-Jubil\u00e4um der Queen findet ohne ihre Anwesenheit statt\n"],"original_link":["https:\/\/www.thegatewaypundit.com\/2022\/06\/queens-platinum-jubilee-proceeds-without-attendance\/"],"_thumbnail_id":["9703"],"wp_automatic_remove_first_image":["yes"],"jnews_social_counter_last_update":["1777175523"]},"categories":[25],"tags":[22974,427,82,431,1908,779,22973,12510,6396],"yoast_head":"<!-- This site is optimized with the Yoast SEO Premium plugin v22.7 (Yoast SEO v22.7) - https:\/\/yoast.com\/wordpress\/plugins\/seo\/ -->\n<title>Das Platin-Jubil\u00e4um der Queen findet ohne ihre Anwesenheit statt - just-now.NEWS Deutschland<\/title>\n<meta name=\"robots\" content=\"index, follow, max-snippet:-1, max-image-preview:large, max-video-preview:-1\" \/>\n<link rel=\"canonical\" href=\"https:\/\/now-news.de\/de\/usa\/das-platin-jubilaeum-der-queen-findet-ohne-ihre-anwesenheit-statt\/\" \/>\n<meta property=\"og:locale\" content=\"de_DE\" \/>\n<meta property=\"og:type\" content=\"article\" \/>\n<meta property=\"og:title\" content=\"Das Platin-Jubil\u00e4um der Queen findet ohne ihre Anwesenheit statt\" \/>\n<meta property=\"og:description\" content=\"Am Freitag kamen Mitglieder der k\u00f6niglichen Familie zu einem Jubil\u00e4ums-Dankesgottesdienst zu Ehren der 70-j\u00e4hrigen Herrschaft von K\u00f6nigin Elizabeth II. in die St. Paul&#8217;s Cathedral in London. Die 96-j\u00e4hrige Queen war jedoch selbst nicht anwesend. Prinz Charles und Camilla, Herzogin von Cornwall, waren neben Prinz William und Catherine, Herzogin von Cambridge, anwesend. Auch Prinz Harry und [&hellip;]\" \/>\n<meta property=\"og:url\" content=\"https:\/\/now-news.de\/de\/usa\/das-platin-jubilaeum-der-queen-findet-ohne-ihre-anwesenheit-statt\/\" \/>\n<meta property=\"og:site_name\" content=\"just-now.NEWS Deutschland\" \/>\n<meta property=\"article:publisher\" content=\"https:\/\/www.facebook.com\/wirmachenauf\" \/>\n<meta property=\"article:published_time\" content=\"2022-06-03T12:40:00+00:00\" \/>\n<meta property=\"og:image\" content=\"https:\/\/now-news.de\/de\/wp-content\/uploads\/sites\/3\/2022\/06\/Das-Platin-Jubilaeum-der-Queen-findet-ohne-ihre-Anwesenheit-statt.jpg\" \/>\n\t<meta property=\"og:image:width\" content=\"752\" \/>\n\t<meta property=\"og:image:height\" content=\"423\" \/>\n\t<meta property=\"og:image:type\" content=\"image\/jpeg\" \/>\n<meta name=\"author\" content=\"greatreset\" \/>\n<meta name=\"twitter:card\" content=\"summary_large_image\" \/>\n<meta name=\"twitter:creator\" content=\"@WirMachenAuf_de\" \/>\n<meta name=\"twitter:site\" content=\"@WirMachenAuf_de\" \/>\n<meta name=\"twitter:label1\" content=\"Verfasst von\" \/>\n\t<meta name=\"twitter:data1\" content=\"greatreset\" \/>\n\t<meta name=\"twitter:label2\" content=\"Gesch\u00e4tzte Lesezeit\" \/>\n\t<meta name=\"twitter:data2\" content=\"1\u00a0Minute\" \/>\n<script type=\"application\/ld+json\" class=\"yoast-schema-graph\">{\"@context\":\"https:\/\/schema.org\",\"@graph\":[{\"@type\":\"Article\",\"@id\":\"https:\/\/now-news.de\/de\/usa\/das-platin-jubilaeum-der-queen-findet-ohne-ihre-anwesenheit-statt\/#article\",\"isPartOf\":{\"@id\":\"https:\/\/now-news.de\/de\/usa\/das-platin-jubilaeum-der-queen-findet-ohne-ihre-anwesenheit-statt\/\"},\"author\":{\"name\":\"greatreset\",\"@id\":\"https:\/\/now-news.de\/de\/#\/schema\/person\/8afb4cd92b68572db7902c13a349ffcb\"},\"headline\":\"Das Platin-Jubil\u00e4um der Queen findet ohne ihre Anwesenheit statt\",\"datePublished\":\"2022-06-03T12:40:00+00:00\",\"dateModified\":\"2022-06-03T12:40:00+00:00\",\"mainEntityOfPage\":{\"@id\":\"https:\/\/now-news.de\/de\/usa\/das-platin-jubilaeum-der-queen-findet-ohne-ihre-anwesenheit-statt\/\"},\"wordCount\":271,\"commentCount\":0,\"publisher\":{\"@id\":\"https:\/\/now-news.de\/de\/#organization\"},\"image\":{\"@id\":\"https:\/\/now-news.de\/de\/usa\/das-platin-jubilaeum-der-queen-findet-ohne-ihre-anwesenheit-statt\/#primaryimage\"},\"thumbnailUrl\":\"https:\/\/now-news.de\/de\/wp-content\/uploads\/sites\/3\/2022\/06\/Das-Platin-Jubilaeum-der-Queen-findet-ohne-ihre-Anwesenheit-statt.jpg\",\"keywords\":[\"Anwesenheit\",\"das\",\"der\",\"findet\",\"ihre\",\"ohne\",\"PlatinJubil\u00e4um\",\"QUEEN\",\"Statt\"],\"articleSection\":[\"USA\"],\"inLanguage\":\"de\",\"potentialAction\":[{\"@type\":\"CommentAction\",\"name\":\"Comment\",\"target\":[\"https:\/\/now-news.de\/de\/usa\/das-platin-jubilaeum-der-queen-findet-ohne-ihre-anwesenheit-statt\/#respond\"]}]},{\"@type\":\"WebPage\",\"@id\":\"https:\/\/now-news.de\/de\/usa\/das-platin-jubilaeum-der-queen-findet-ohne-ihre-anwesenheit-statt\/\",\"url\":\"https:\/\/now-news.de\/de\/usa\/das-platin-jubilaeum-der-queen-findet-ohne-ihre-anwesenheit-statt\/\",\"name\":\"Das Platin-Jubil\u00e4um der Queen findet ohne ihre Anwesenheit statt - just-now.NEWS Deutschland\",\"isPartOf\":{\"@id\":\"https:\/\/now-news.de\/de\/#website\"},\"primaryImageOfPage\":{\"@id\":\"https:\/\/now-news.de\/de\/usa\/das-platin-jubilaeum-der-queen-findet-ohne-ihre-anwesenheit-statt\/#primaryimage\"},\"image\":{\"@id\":\"https:\/\/now-news.de\/de\/usa\/das-platin-jubilaeum-der-queen-findet-ohne-ihre-anwesenheit-statt\/#primaryimage\"},\"thumbnailUrl\":\"https:\/\/now-news.de\/de\/wp-content\/uploads\/sites\/3\/2022\/06\/Das-Platin-Jubilaeum-der-Queen-findet-ohne-ihre-Anwesenheit-statt.jpg\",\"datePublished\":\"2022-06-03T12:40:00+00:00\",\"dateModified\":\"2022-06-03T12:40:00+00:00\",\"breadcrumb\":{\"@id\":\"https:\/\/now-news.de\/de\/usa\/das-platin-jubilaeum-der-queen-findet-ohne-ihre-anwesenheit-statt\/#breadcrumb\"},\"inLanguage\":\"de\",\"potentialAction\":[{\"@type\":\"ReadAction\",\"target\":[\"https:\/\/now-news.de\/de\/usa\/das-platin-jubilaeum-der-queen-findet-ohne-ihre-anwesenheit-statt\/\"]}]},{\"@type\":\"ImageObject\",\"inLanguage\":\"de\",\"@id\":\"https:\/\/now-news.de\/de\/usa\/das-platin-jubilaeum-der-queen-findet-ohne-ihre-anwesenheit-statt\/#primaryimage\",\"url\":\"https:\/\/now-news.de\/de\/wp-content\/uploads\/sites\/3\/2022\/06\/Das-Platin-Jubilaeum-der-Queen-findet-ohne-ihre-Anwesenheit-statt.jpg\",\"contentUrl\":\"https:\/\/now-news.de\/de\/wp-content\/uploads\/sites\/3\/2022\/06\/Das-Platin-Jubilaeum-der-Queen-findet-ohne-ihre-Anwesenheit-statt.jpg\",\"width\":752,\"height\":423},{\"@type\":\"BreadcrumbList\",\"@id\":\"https:\/\/now-news.de\/de\/usa\/das-platin-jubilaeum-der-queen-findet-ohne-ihre-anwesenheit-statt\/#breadcrumb\",\"itemListElement\":[{\"@type\":\"ListItem\",\"position\":1,\"name\":\"Home\",\"item\":\"https:\/\/now-news.de\/de\/\"},{\"@type\":\"ListItem\",\"position\":2,\"name\":\"Das Platin-Jubil\u00e4um der Queen findet ohne ihre Anwesenheit statt\"}]},{\"@type\":\"WebSite\",\"@id\":\"https:\/\/now-news.de\/de\/#website\",\"url\":\"https:\/\/now-news.de\/de\/\",\"name\":\"just-now.NEWS Deutschland\",\"description\":\"Das Portal f\u00fcr unzensierte Nachrichten aus der Welt\",\"publisher\":{\"@id\":\"https:\/\/now-news.de\/de\/#organization\"},\"potentialAction\":[{\"@type\":\"SearchAction\",\"target\":{\"@type\":\"EntryPoint\",\"urlTemplate\":\"https:\/\/now-news.de\/de\/?s={search_term_string}\"},\"query-input\":\"required name=search_term_string\"}],\"inLanguage\":\"de\"},{\"@type\":\"Organization\",\"@id\":\"https:\/\/now-news.de\/de\/#organization\",\"name\":\"Just Now News\",\"url\":\"https:\/\/now-news.de\/de\/\",\"logo\":{\"@type\":\"ImageObject\",\"inLanguage\":\"de\",\"@id\":\"https:\/\/now-news.de\/de\/#\/schema\/logo\/image\/\",\"url\":\"http:\/\/just-now.news\/de\/wp-content\/uploads\/sites\/3\/2022\/04\/logo500x500.jpg\",\"contentUrl\":\"http:\/\/just-now.news\/de\/wp-content\/uploads\/sites\/3\/2022\/04\/logo500x500.jpg\",\"width\":500,\"height\":500,\"caption\":\"Just Now News\"},\"image\":{\"@id\":\"https:\/\/now-news.de\/de\/#\/schema\/logo\/image\/\"},\"sameAs\":[\"https:\/\/www.facebook.com\/wirmachenauf\",\"https:\/\/x.com\/WirMachenAuf_de\"]},{\"@type\":\"Person\",\"@id\":\"https:\/\/now-news.de\/de\/#\/schema\/person\/8afb4cd92b68572db7902c13a349ffcb\",\"name\":\"greatreset\",\"image\":{\"@type\":\"ImageObject\",\"inLanguage\":\"de\",\"@id\":\"https:\/\/now-news.de\/de\/#\/schema\/person\/image\/\",\"url\":\"https:\/\/secure.gravatar.com\/avatar\/a088df625d49991c090e78c8b9542592?s=96&d=mm&r=g\",\"contentUrl\":\"https:\/\/secure.gravatar.com\/avatar\/a088df625d49991c090e78c8b9542592?s=96&d=mm&r=g\",\"caption\":\"greatreset\"},\"url\":\"https:\/\/now-news.de\/de\/author\/greatreset\/\"}]}<\/script>\n<!-- \/ Yoast SEO Premium plugin. -->","yoast_head_json":{"title":"Das Platin-Jubil\u00e4um der Queen findet ohne ihre Anwesenheit statt - just-now.NEWS Deutschland","robots":{"index":"index","follow":"follow","max-snippet":"max-snippet:-1","max-image-preview":"max-image-preview:large","max-video-preview":"max-video-preview:-1"},"canonical":"https:\/\/now-news.de\/de\/usa\/das-platin-jubilaeum-der-queen-findet-ohne-ihre-anwesenheit-statt\/","og_locale":"de_DE","og_type":"article","og_title":"Das Platin-Jubil\u00e4um der Queen findet ohne ihre Anwesenheit statt","og_description":"Am Freitag kamen Mitglieder der k\u00f6niglichen Familie zu einem Jubil\u00e4ums-Dankesgottesdienst zu Ehren der 70-j\u00e4hrigen Herrschaft von K\u00f6nigin Elizabeth II. in die St. Paul&#8217;s Cathedral in London. Die 96-j\u00e4hrige Queen war jedoch selbst nicht anwesend. Prinz Charles und Camilla, Herzogin von Cornwall, waren neben Prinz William und Catherine, Herzogin von Cambridge, anwesend. Auch Prinz Harry und [&hellip;]","og_url":"https:\/\/now-news.de\/de\/usa\/das-platin-jubilaeum-der-queen-findet-ohne-ihre-anwesenheit-statt\/","og_site_name":"just-now.NEWS Deutschland","article_publisher":"https:\/\/www.facebook.com\/wirmachenauf","article_published_time":"2022-06-03T12:40:00+00:00","og_image":[{"width":752,"height":423,"url":"https:\/\/now-news.de\/de\/wp-content\/uploads\/sites\/3\/2022\/06\/Das-Platin-Jubilaeum-der-Queen-findet-ohne-ihre-Anwesenheit-statt.jpg","type":"image\/jpeg"}],"author":"greatreset","twitter_card":"summary_large_image","twitter_creator":"@WirMachenAuf_de","twitter_site":"@WirMachenAuf_de","twitter_misc":{"Verfasst von":"greatreset","Gesch\u00e4tzte Lesezeit":"1\u00a0Minute"},"schema":{"@context":"https:\/\/schema.org","@graph":[{"@type":"Article","@id":"https:\/\/now-news.de\/de\/usa\/das-platin-jubilaeum-der-queen-findet-ohne-ihre-anwesenheit-statt\/#article","isPartOf":{"@id":"https:\/\/now-news.de\/de\/usa\/das-platin-jubilaeum-der-queen-findet-ohne-ihre-anwesenheit-statt\/"},"author":{"name":"greatreset","@id":"https:\/\/now-news.de\/de\/#\/schema\/person\/8afb4cd92b68572db7902c13a349ffcb"},"headline":"Das Platin-Jubil\u00e4um der Queen findet ohne ihre Anwesenheit statt","datePublished":"2022-06-03T12:40:00+00:00","dateModified":"2022-06-03T12:40:00+00:00","mainEntityOfPage":{"@id":"https:\/\/now-news.de\/de\/usa\/das-platin-jubilaeum-der-queen-findet-ohne-ihre-anwesenheit-statt\/"},"wordCount":271,"commentCount":0,"publisher":{"@id":"https:\/\/now-news.de\/de\/#organization"},"image":{"@id":"https:\/\/now-news.de\/de\/usa\/das-platin-jubilaeum-der-queen-findet-ohne-ihre-anwesenheit-statt\/#primaryimage"},"thumbnailUrl":"https:\/\/now-news.de\/de\/wp-content\/uploads\/sites\/3\/2022\/06\/Das-Platin-Jubilaeum-der-Queen-findet-ohne-ihre-Anwesenheit-statt.jpg","keywords":["Anwesenheit","das","der","findet","ihre","ohne","PlatinJubil\u00e4um","QUEEN","Statt"],"articleSection":["USA"],"inLanguage":"de","potentialAction":[{"@type":"CommentAction","name":"Comment","target":["https:\/\/now-news.de\/de\/usa\/das-platin-jubilaeum-der-queen-findet-ohne-ihre-anwesenheit-statt\/#respond"]}]},{"@type":"WebPage","@id":"https:\/\/now-news.de\/de\/usa\/das-platin-jubilaeum-der-queen-findet-ohne-ihre-anwesenheit-statt\/","url":"https:\/\/now-news.de\/de\/usa\/das-platin-jubilaeum-der-queen-findet-ohne-ihre-anwesenheit-statt\/","name":"Das Platin-Jubil\u00e4um der Queen findet ohne ihre Anwesenheit statt - just-now.NEWS Deutschland","isPartOf":{"@id":"https:\/\/now-news.de\/de\/#website"},"primaryImageOfPage":{"@id":"https:\/\/now-news.de\/de\/usa\/das-platin-jubilaeum-der-queen-findet-ohne-ihre-anwesenheit-statt\/#primaryimage"},"image":{"@id":"https:\/\/now-news.de\/de\/usa\/das-platin-jubilaeum-der-queen-findet-ohne-ihre-anwesenheit-statt\/#primaryimage"},"thumbnailUrl":"https:\/\/now-news.de\/de\/wp-content\/uploads\/sites\/3\/2022\/06\/Das-Platin-Jubilaeum-der-Queen-findet-ohne-ihre-Anwesenheit-statt.jpg","datePublished":"2022-06-03T12:40:00+00:00","dateModified":"2022-06-03T12:40:00+00:00","breadcrumb":{"@id":"https:\/\/now-news.de\/de\/usa\/das-platin-jubilaeum-der-queen-findet-ohne-ihre-anwesenheit-statt\/#breadcrumb"},"inLanguage":"de","potentialAction":[{"@type":"ReadAction","target":["https:\/\/now-news.de\/de\/usa\/das-platin-jubilaeum-der-queen-findet-ohne-ihre-anwesenheit-statt\/"]}]},{"@type":"ImageObject","inLanguage":"de","@id":"https:\/\/now-news.de\/de\/usa\/das-platin-jubilaeum-der-queen-findet-ohne-ihre-anwesenheit-statt\/#primaryimage","url":"https:\/\/now-news.de\/de\/wp-content\/uploads\/sites\/3\/2022\/06\/Das-Platin-Jubilaeum-der-Queen-findet-ohne-ihre-Anwesenheit-statt.jpg","contentUrl":"https:\/\/now-news.de\/de\/wp-content\/uploads\/sites\/3\/2022\/06\/Das-Platin-Jubilaeum-der-Queen-findet-ohne-ihre-Anwesenheit-statt.jpg","width":752,"height":423},{"@type":"BreadcrumbList","@id":"https:\/\/now-news.de\/de\/usa\/das-platin-jubilaeum-der-queen-findet-ohne-ihre-anwesenheit-statt\/#breadcrumb","itemListElement":[{"@type":"ListItem","position":1,"name":"Home","item":"https:\/\/now-news.de\/de\/"},{"@type":"ListItem","position":2,"name":"Das Platin-Jubil\u00e4um der Queen findet ohne ihre Anwesenheit statt"}]},{"@type":"WebSite","@id":"https:\/\/now-news.de\/de\/#website","url":"https:\/\/now-news.de\/de\/","name":"just-now.NEWS Deutschland","description":"Das Portal f\u00fcr unzensierte Nachrichten aus der Welt","publisher":{"@id":"https:\/\/now-news.de\/de\/#organization"},"potentialAction":[{"@type":"SearchAction","target":{"@type":"EntryPoint","urlTemplate":"https:\/\/now-news.de\/de\/?s={search_term_string}"},"query-input":"required name=search_term_string"}],"inLanguage":"de"},{"@type":"Organization","@id":"https:\/\/now-news.de\/de\/#organization","name":"Just Now News","url":"https:\/\/now-news.de\/de\/","logo":{"@type":"ImageObject","inLanguage":"de","@id":"https:\/\/now-news.de\/de\/#\/schema\/logo\/image\/","url":"http:\/\/just-now.news\/de\/wp-content\/uploads\/sites\/3\/2022\/04\/logo500x500.jpg","contentUrl":"http:\/\/just-now.news\/de\/wp-content\/uploads\/sites\/3\/2022\/04\/logo500x500.jpg","width":500,"height":500,"caption":"Just Now News"},"image":{"@id":"https:\/\/now-news.de\/de\/#\/schema\/logo\/image\/"},"sameAs":["https:\/\/www.facebook.com\/wirmachenauf","https:\/\/x.com\/WirMachenAuf_de"]},{"@type":"Person","@id":"https:\/\/now-news.de\/de\/#\/schema\/person\/8afb4cd92b68572db7902c13a349ffcb","name":"greatreset","image":{"@type":"ImageObject","inLanguage":"de","@id":"https:\/\/now-news.de\/de\/#\/schema\/person\/image\/","url":"https:\/\/secure.gravatar.com\/avatar\/a088df625d49991c090e78c8b9542592?s=96&d=mm&r=g","contentUrl":"https:\/\/secure.gravatar.com\/avatar\/a088df625d49991c090e78c8b9542592?s=96&d=mm&r=g","caption":"greatreset"},"url":"https:\/\/now-news.de\/de\/author\/greatreset\/"}]}},"_links":{"self":[{"href":"https:\/\/now-news.de\/de\/wp-json\/wp\/v2\/posts\/9702"}],"collection":[{"href":"https:\/\/now-news.de\/de\/wp-json\/wp\/v2\/posts"}],"about":[{"href":"https:\/\/now-news.de\/de\/wp-json\/wp\/v2\/types\/post"}],"author":[{"embeddable":true,"href":"https:\/\/now-news.de\/de\/wp-json\/wp\/v2\/users\/5"}],"replies":[{"embeddable":true,"href":"https:\/\/now-news.de\/de\/wp-json\/wp\/v2\/comments?post=9702"}],"version-history":[{"count":0,"href":"https:\/\/now-news.de\/de\/wp-json\/wp\/v2\/posts\/9702\/revisions"}],"wp:featuredmedia":[{"embeddable":true,"href":"https:\/\/now-news.de\/de\/wp-json\/wp\/v2\/media\/9703"}],"wp:attachment":[{"href":"https:\/\/now-news.de\/de\/wp-json\/wp\/v2\/media?parent=9702"}],"wp:term":[{"taxonomy":"category","embeddable":true,"href":"https:\/\/now-news.de\/de\/wp-json\/wp\/v2\/categories?post=9702"},{"taxonomy":"post_tag","embeddable":true,"href":"https:\/\/now-news.de\/de\/wp-json\/wp\/v2\/tags?post=9702"}],"curies":[{"name":"wp","href":"https:\/\/api.w.org\/{rel}","templated":true}]}}