{"id":96984,"date":"2026-01-08T21:07:03","date_gmt":"2026-01-08T19:07:03","guid":{"rendered":"https:\/\/now-news.de\/de\/deutschland\/saudis-empoert-separatistenfuehrer-flieht-aus-jemen-in-die-emirate\/"},"modified":"2026-01-08T21:07:03","modified_gmt":"2026-01-08T19:07:03","slug":"saudis-empoert-separatistenfuehrer-flieht-aus-jemen-in-die-emirate","status":"publish","type":"post","link":"https:\/\/now-news.de\/de\/deutschland\/saudis-empoert-separatistenfuehrer-flieht-aus-jemen-in-die-emirate\/","title":{"rendered":"Saudis emp\u00f6rt: Separatistenf\u00fchrer flieht aus Jemen in die Emirate"},"content":{"rendered":"<p><img decoding=\"async\" src=\"https:\/\/now-news.de\/de\/wp-content\/uploads\/sites\/3\/2026\/01\/695f9750b480cc48ff4bbe46.jpg\" \/><\/p>\n<div class=\"Text-root Text-type_1 \">\n                Der Separatistenf\u00fchrer im S\u00fcdjemen ist offenbar mithilfe der Vereinigten Arabischen Emirate geflohen. Dies d\u00fcrfte die Spannungen mit Saudi-Arabien weiter versch\u00e4rfen. Er wollte urspr\u00fcnglich Riad besuchen.\n            <\/div>\n<p><\/p>\n<div class=\"Text-root Text-type_5 ArticleView-text ViewText-root \">\n<p>Der Anf\u00fchrer der Separatisten im S\u00fcdjemen, Aidarus al-Subaidi, ist offenbar mithilfe der Vereinigten Arabischen Emirate (VAE) aus dem Land geflohen. Damit d\u00fcrfte es zu weiteren Spannungen zwischen den eigentlich verb\u00fcndeten Staaten Saudi-Arabien und den Vereinigten Arabischen Emiraten im Jemen kommen.<\/p>\n<p>Laut saudischen Angaben sollte\u00a0Al-Subaidi eigentlich bereits am Dienstag nach Riad reisen, um an Gespr\u00e4chen zur Lage\u00a0im S\u00fcdjemen teilzunehmen. Er sei jedoch kurzfristig untergetaucht, vermutlich aus Angst vor einer m\u00f6glichen Festnahme in Riad.<\/p>\n<p>Der Koalition zufolge floh Al-Subaidi zun\u00e4chst per Boot aus dem\u00a0Jemen, bevor er von Somaliland aus ein Flugzeug nach Mogadischu bestieg. In\u00a0der Erkl\u00e4rung vom Donnerstag teilte die Koalition in Aden mit, dass das Flugzeug aus Somaliland nach Mogadischu &#8220;unter der Aufsicht von Offizieren der Vereinigten Arabischen Emirate&#8221; gestanden und eine Stunde lang gewartet habe, bevor es zu einem Milit\u00e4rflughafen in Abu Dhabi geflogen sei, ohne jedoch anzugeben, ob Subaidi noch an Bord war.<\/p>\n<p>Die Separatisten haben in j\u00fcngster Vergangenheit gro\u00dfe Gebiete im S\u00fcden des Jemen erobert und ihr Abkommen mit der von Saudi-Arabien unterst\u00fctzten Zentralregierung in Aden gebrochen. Eigentlich sind die Emirate und Saudi-Arabien im Jemen im Kampf gegen die von Iran unterst\u00fctzten Huthi verb\u00fcndet. Sie unterst\u00fctzen jedoch rivalisierende Kr\u00e4fte. W\u00e4hrend die VAE die Separatisten und deren Forderung nach einem unabh\u00e4ngigen S\u00fcden unterst\u00fctzen, h\u00e4lt Saudi-Arabien zur jemenitischen Zentralregierung und will die Einheit des Landes wahren.\u00a0<\/p>\n<p>Die Vereinigten Arabischen Emirate hatten\u00a0k\u00fcrzlich nach einem Ultimatum Saudi-Arabiens angek\u00fcndigt, ihre\u00a0verbliebenen Truppen aus dem Land abzuziehen.<\/p>\n<p><strong>Mehr zum Thema &#8211;<\/strong>\u00a0<a rel=\"nofollow noopener\" target=\"_blank\" href=\"https:\/\/rtde.info\/der-nahe-osten\/266216-droht-stellvertreterkrieg-zwischen-saudi-arabien\/\">Droht ein Stellvertreterkrieg zwischen Saudi-Arabien und den Emiraten im Jemen?<\/a><\/p>\n<div class=\"EmbedBlock-root EmbedBlock-externalVideo EmbedBlock-rumble\">\n<div class=\"VkEmbed\"><iframe class=\"lazyload\" data-src=\"https:\/\/rumble.com\/embed\/v71pz3m\" frameborder=\"0\" width=\"853\" height=\"480\" allowfullscreen><\/iframe><\/div>\n<\/div>\n<\/div>\n<p><br \/>\n<br \/><a href=\"https:\/\/de.rt.com\/der-nahe-osten\/266805-saudis-empoert-separatistenfuehrer-flieht-aus\/\">Source link <\/a><\/p>\n","protected":false},"excerpt":{"rendered":"<p>Der Separatistenf\u00fchrer im S\u00fcdjemen ist offenbar mithilfe der Vereinigten Arabischen Emirate geflohen. Dies d\u00fcrfte die Spannungen mit Saudi-Arabien weiter versch\u00e4rfen. Er wollte urspr\u00fcnglich Riad besuchen. Der Anf\u00fchrer der Separatisten im S\u00fcdjemen, Aidarus al-Subaidi, ist offenbar mithilfe der Vereinigten Arabischen Emirate (VAE) aus dem Land geflohen. Damit d\u00fcrfte es zu weiteren Spannungen zwischen den eigentlich verb\u00fcndeten [&hellip;]<\/p>\n","protected":false},"author":3,"featured_media":96985,"comment_status":"open","ping_status":"open","sticky":false,"template":"","format":"standard","meta":{"_yoast_indexnow_last_ping":["1767899684"],"wp_automatic_camp":["217"],"46852caf19a0ac82ea2851b835ca38b2":["Saudis emp\u00f6rt: Separatistenf\u00fchrer flieht aus Jemen in die Emirate"],"original_link":["https:\/\/de.rt.com\/der-nahe-osten\/266805-saudis-empoert-separatistenfuehrer-flieht-aus\/"],"_thumbnail_id":["96985"],"jnews_social_counter_last_update":["1777362007"],"_wptgpro_p2tg_sent2tg":["a:1:{i:23737;s:19:\"2026-01-08 21:15:45\";}"]},"categories":[19,23],"tags":[679,45,4989,765,27856,16957,34299,70435],"yoast_head":"<!-- This site is optimized with the Yoast SEO Premium plugin v22.7 (Yoast SEO v22.7) - https:\/\/yoast.com\/wordpress\/plugins\/seo\/ -->\n<title>Saudis emp\u00f6rt: Separatistenf\u00fchrer flieht aus Jemen in die Emirate - just-now.NEWS Deutschland<\/title>\n<meta name=\"robots\" content=\"index, follow, max-snippet:-1, max-image-preview:large, max-video-preview:-1\" \/>\n<link rel=\"canonical\" href=\"https:\/\/now-news.de\/de\/deutschland\/saudis-empoert-separatistenfuehrer-flieht-aus-jemen-in-die-emirate\/\" \/>\n<meta property=\"og:locale\" content=\"de_DE\" \/>\n<meta property=\"og:type\" content=\"article\" \/>\n<meta property=\"og:title\" content=\"Saudis emp\u00f6rt: Separatistenf\u00fchrer flieht aus Jemen in die Emirate\" \/>\n<meta property=\"og:description\" content=\"Der Separatistenf\u00fchrer im S\u00fcdjemen ist offenbar mithilfe der Vereinigten Arabischen Emirate geflohen. Dies d\u00fcrfte die Spannungen mit Saudi-Arabien weiter versch\u00e4rfen. Er wollte urspr\u00fcnglich Riad besuchen. Der Anf\u00fchrer der Separatisten im S\u00fcdjemen, Aidarus al-Subaidi, ist offenbar mithilfe der Vereinigten Arabischen Emirate (VAE) aus dem Land geflohen. Damit d\u00fcrfte es zu weiteren Spannungen zwischen den eigentlich verb\u00fcndeten [&hellip;]\" \/>\n<meta property=\"og:url\" content=\"https:\/\/now-news.de\/de\/deutschland\/saudis-empoert-separatistenfuehrer-flieht-aus-jemen-in-die-emirate\/\" \/>\n<meta property=\"og:site_name\" content=\"just-now.NEWS Deutschland\" \/>\n<meta property=\"article:publisher\" content=\"https:\/\/www.facebook.com\/wirmachenauf\" \/>\n<meta property=\"article:published_time\" content=\"2026-01-08T19:07:03+00:00\" \/>\n<meta property=\"og:image\" content=\"https:\/\/now-news.de\/de\/wp-content\/uploads\/sites\/3\/2026\/01\/695f9750b480cc48ff4bbe46.jpg\" \/>\n<meta name=\"author\" content=\"rtnews\" \/>\n<meta name=\"twitter:card\" content=\"summary_large_image\" \/>\n<meta name=\"twitter:creator\" content=\"@WirMachenAuf_de\" \/>\n<meta name=\"twitter:site\" content=\"@WirMachenAuf_de\" \/>\n<meta name=\"twitter:label1\" content=\"Verfasst von\" \/>\n\t<meta name=\"twitter:data1\" content=\"rtnews\" \/>\n\t<meta name=\"twitter:label2\" content=\"Gesch\u00e4tzte Lesezeit\" \/>\n\t<meta name=\"twitter:data2\" content=\"2\u00a0Minuten\" \/>\n<script type=\"application\/ld+json\" class=\"yoast-schema-graph\">{\"@context\":\"https:\/\/schema.org\",\"@graph\":[{\"@type\":\"Article\",\"@id\":\"https:\/\/now-news.de\/de\/deutschland\/saudis-empoert-separatistenfuehrer-flieht-aus-jemen-in-die-emirate\/#article\",\"isPartOf\":{\"@id\":\"https:\/\/now-news.de\/de\/deutschland\/saudis-empoert-separatistenfuehrer-flieht-aus-jemen-in-die-emirate\/\"},\"author\":{\"name\":\"rtnews\",\"@id\":\"https:\/\/now-news.de\/de\/#\/schema\/person\/fb534a4e865501d8b3285208df34a9b5\"},\"headline\":\"Saudis emp\u00f6rt: Separatistenf\u00fchrer flieht aus Jemen in die Emirate\",\"datePublished\":\"2026-01-08T19:07:03+00:00\",\"dateModified\":\"2026-01-08T19:07:03+00:00\",\"mainEntityOfPage\":{\"@id\":\"https:\/\/now-news.de\/de\/deutschland\/saudis-empoert-separatistenfuehrer-flieht-aus-jemen-in-die-emirate\/\"},\"wordCount\":321,\"commentCount\":0,\"publisher\":{\"@id\":\"https:\/\/now-news.de\/de\/#organization\"},\"image\":{\"@id\":\"https:\/\/now-news.de\/de\/deutschland\/saudis-empoert-separatistenfuehrer-flieht-aus-jemen-in-die-emirate\/#primaryimage\"},\"thumbnailUrl\":\"https:\/\/now-news.de\/de\/wp-content\/uploads\/sites\/3\/2026\/01\/Saudis-empoert-Separatistenfuehrer-flieht-aus-Jemen-in-die-Emirate.jpg\",\"keywords\":[\"aus\",\"die\",\"Emirate\",\"emp\u00f6rt\",\"flieht\",\"Jemen\",\"Saudis\",\"Separatistenf\u00fchrer\"],\"articleSection\":[\"Deutschland\",\"Russland\"],\"inLanguage\":\"de\",\"potentialAction\":[{\"@type\":\"CommentAction\",\"name\":\"Comment\",\"target\":[\"https:\/\/now-news.de\/de\/deutschland\/saudis-empoert-separatistenfuehrer-flieht-aus-jemen-in-die-emirate\/#respond\"]}]},{\"@type\":\"WebPage\",\"@id\":\"https:\/\/now-news.de\/de\/deutschland\/saudis-empoert-separatistenfuehrer-flieht-aus-jemen-in-die-emirate\/\",\"url\":\"https:\/\/now-news.de\/de\/deutschland\/saudis-empoert-separatistenfuehrer-flieht-aus-jemen-in-die-emirate\/\",\"name\":\"Saudis emp\u00f6rt: Separatistenf\u00fchrer flieht aus Jemen in die Emirate - just-now.NEWS Deutschland\",\"isPartOf\":{\"@id\":\"https:\/\/now-news.de\/de\/#website\"},\"primaryImageOfPage\":{\"@id\":\"https:\/\/now-news.de\/de\/deutschland\/saudis-empoert-separatistenfuehrer-flieht-aus-jemen-in-die-emirate\/#primaryimage\"},\"image\":{\"@id\":\"https:\/\/now-news.de\/de\/deutschland\/saudis-empoert-separatistenfuehrer-flieht-aus-jemen-in-die-emirate\/#primaryimage\"},\"thumbnailUrl\":\"https:\/\/now-news.de\/de\/wp-content\/uploads\/sites\/3\/2026\/01\/Saudis-empoert-Separatistenfuehrer-flieht-aus-Jemen-in-die-Emirate.jpg\",\"datePublished\":\"2026-01-08T19:07:03+00:00\",\"dateModified\":\"2026-01-08T19:07:03+00:00\",\"breadcrumb\":{\"@id\":\"https:\/\/now-news.de\/de\/deutschland\/saudis-empoert-separatistenfuehrer-flieht-aus-jemen-in-die-emirate\/#breadcrumb\"},\"inLanguage\":\"de\",\"potentialAction\":[{\"@type\":\"ReadAction\",\"target\":[\"https:\/\/now-news.de\/de\/deutschland\/saudis-empoert-separatistenfuehrer-flieht-aus-jemen-in-die-emirate\/\"]}]},{\"@type\":\"ImageObject\",\"inLanguage\":\"de\",\"@id\":\"https:\/\/now-news.de\/de\/deutschland\/saudis-empoert-separatistenfuehrer-flieht-aus-jemen-in-die-emirate\/#primaryimage\",\"url\":\"https:\/\/now-news.de\/de\/wp-content\/uploads\/sites\/3\/2026\/01\/Saudis-empoert-Separatistenfuehrer-flieht-aus-Jemen-in-die-Emirate.jpg\",\"contentUrl\":\"https:\/\/now-news.de\/de\/wp-content\/uploads\/sites\/3\/2026\/01\/Saudis-empoert-Separatistenfuehrer-flieht-aus-Jemen-in-die-Emirate.jpg\",\"width\":460,\"height\":259,\"caption\":\"Saudis emp\u00f6rt: Separatistenf\u00fchrer flieht aus Jemen in die Emirate\"},{\"@type\":\"BreadcrumbList\",\"@id\":\"https:\/\/now-news.de\/de\/deutschland\/saudis-empoert-separatistenfuehrer-flieht-aus-jemen-in-die-emirate\/#breadcrumb\",\"itemListElement\":[{\"@type\":\"ListItem\",\"position\":1,\"name\":\"Home\",\"item\":\"https:\/\/now-news.de\/de\/\"},{\"@type\":\"ListItem\",\"position\":2,\"name\":\"Saudis emp\u00f6rt: Separatistenf\u00fchrer flieht aus Jemen in die Emirate\"}]},{\"@type\":\"WebSite\",\"@id\":\"https:\/\/now-news.de\/de\/#website\",\"url\":\"https:\/\/now-news.de\/de\/\",\"name\":\"just-now.NEWS Deutschland\",\"description\":\"Das Portal f\u00fcr unzensierte Nachrichten aus der Welt\",\"publisher\":{\"@id\":\"https:\/\/now-news.de\/de\/#organization\"},\"potentialAction\":[{\"@type\":\"SearchAction\",\"target\":{\"@type\":\"EntryPoint\",\"urlTemplate\":\"https:\/\/now-news.de\/de\/?s={search_term_string}\"},\"query-input\":\"required name=search_term_string\"}],\"inLanguage\":\"de\"},{\"@type\":\"Organization\",\"@id\":\"https:\/\/now-news.de\/de\/#organization\",\"name\":\"Just Now News\",\"url\":\"https:\/\/now-news.de\/de\/\",\"logo\":{\"@type\":\"ImageObject\",\"inLanguage\":\"de\",\"@id\":\"https:\/\/now-news.de\/de\/#\/schema\/logo\/image\/\",\"url\":\"http:\/\/just-now.news\/de\/wp-content\/uploads\/sites\/3\/2022\/04\/logo500x500.jpg\",\"contentUrl\":\"http:\/\/just-now.news\/de\/wp-content\/uploads\/sites\/3\/2022\/04\/logo500x500.jpg\",\"width\":500,\"height\":500,\"caption\":\"Just Now News\"},\"image\":{\"@id\":\"https:\/\/now-news.de\/de\/#\/schema\/logo\/image\/\"},\"sameAs\":[\"https:\/\/www.facebook.com\/wirmachenauf\",\"https:\/\/x.com\/WirMachenAuf_de\"]},{\"@type\":\"Person\",\"@id\":\"https:\/\/now-news.de\/de\/#\/schema\/person\/fb534a4e865501d8b3285208df34a9b5\",\"name\":\"rtnews\",\"image\":{\"@type\":\"ImageObject\",\"inLanguage\":\"de\",\"@id\":\"https:\/\/now-news.de\/de\/#\/schema\/person\/image\/\",\"url\":\"https:\/\/secure.gravatar.com\/avatar\/82aafea7d8127119dd649515f56e2117?s=96&d=mm&r=g\",\"contentUrl\":\"https:\/\/secure.gravatar.com\/avatar\/82aafea7d8127119dd649515f56e2117?s=96&d=mm&r=g\",\"caption\":\"rtnews\"},\"url\":\"https:\/\/now-news.de\/de\/author\/rnews\/\"}]}<\/script>\n<!-- \/ Yoast SEO Premium plugin. -->","yoast_head_json":{"title":"Saudis emp\u00f6rt: Separatistenf\u00fchrer flieht aus Jemen in die Emirate - just-now.NEWS Deutschland","robots":{"index":"index","follow":"follow","max-snippet":"max-snippet:-1","max-image-preview":"max-image-preview:large","max-video-preview":"max-video-preview:-1"},"canonical":"https:\/\/now-news.de\/de\/deutschland\/saudis-empoert-separatistenfuehrer-flieht-aus-jemen-in-die-emirate\/","og_locale":"de_DE","og_type":"article","og_title":"Saudis emp\u00f6rt: Separatistenf\u00fchrer flieht aus Jemen in die Emirate","og_description":"Der Separatistenf\u00fchrer im S\u00fcdjemen ist offenbar mithilfe der Vereinigten Arabischen Emirate geflohen. Dies d\u00fcrfte die Spannungen mit Saudi-Arabien weiter versch\u00e4rfen. Er wollte urspr\u00fcnglich Riad besuchen. Der Anf\u00fchrer der Separatisten im S\u00fcdjemen, Aidarus al-Subaidi, ist offenbar mithilfe der Vereinigten Arabischen Emirate (VAE) aus dem Land geflohen. Damit d\u00fcrfte es zu weiteren Spannungen zwischen den eigentlich verb\u00fcndeten [&hellip;]","og_url":"https:\/\/now-news.de\/de\/deutschland\/saudis-empoert-separatistenfuehrer-flieht-aus-jemen-in-die-emirate\/","og_site_name":"just-now.NEWS Deutschland","article_publisher":"https:\/\/www.facebook.com\/wirmachenauf","article_published_time":"2026-01-08T19:07:03+00:00","og_image":[{"url":"https:\/\/now-news.de\/de\/wp-content\/uploads\/sites\/3\/2026\/01\/695f9750b480cc48ff4bbe46.jpg"}],"author":"rtnews","twitter_card":"summary_large_image","twitter_creator":"@WirMachenAuf_de","twitter_site":"@WirMachenAuf_de","twitter_misc":{"Verfasst von":"rtnews","Gesch\u00e4tzte Lesezeit":"2\u00a0Minuten"},"schema":{"@context":"https:\/\/schema.org","@graph":[{"@type":"Article","@id":"https:\/\/now-news.de\/de\/deutschland\/saudis-empoert-separatistenfuehrer-flieht-aus-jemen-in-die-emirate\/#article","isPartOf":{"@id":"https:\/\/now-news.de\/de\/deutschland\/saudis-empoert-separatistenfuehrer-flieht-aus-jemen-in-die-emirate\/"},"author":{"name":"rtnews","@id":"https:\/\/now-news.de\/de\/#\/schema\/person\/fb534a4e865501d8b3285208df34a9b5"},"headline":"Saudis emp\u00f6rt: Separatistenf\u00fchrer flieht aus Jemen in die Emirate","datePublished":"2026-01-08T19:07:03+00:00","dateModified":"2026-01-08T19:07:03+00:00","mainEntityOfPage":{"@id":"https:\/\/now-news.de\/de\/deutschland\/saudis-empoert-separatistenfuehrer-flieht-aus-jemen-in-die-emirate\/"},"wordCount":321,"commentCount":0,"publisher":{"@id":"https:\/\/now-news.de\/de\/#organization"},"image":{"@id":"https:\/\/now-news.de\/de\/deutschland\/saudis-empoert-separatistenfuehrer-flieht-aus-jemen-in-die-emirate\/#primaryimage"},"thumbnailUrl":"https:\/\/now-news.de\/de\/wp-content\/uploads\/sites\/3\/2026\/01\/Saudis-empoert-Separatistenfuehrer-flieht-aus-Jemen-in-die-Emirate.jpg","keywords":["aus","die","Emirate","emp\u00f6rt","flieht","Jemen","Saudis","Separatistenf\u00fchrer"],"articleSection":["Deutschland","Russland"],"inLanguage":"de","potentialAction":[{"@type":"CommentAction","name":"Comment","target":["https:\/\/now-news.de\/de\/deutschland\/saudis-empoert-separatistenfuehrer-flieht-aus-jemen-in-die-emirate\/#respond"]}]},{"@type":"WebPage","@id":"https:\/\/now-news.de\/de\/deutschland\/saudis-empoert-separatistenfuehrer-flieht-aus-jemen-in-die-emirate\/","url":"https:\/\/now-news.de\/de\/deutschland\/saudis-empoert-separatistenfuehrer-flieht-aus-jemen-in-die-emirate\/","name":"Saudis emp\u00f6rt: Separatistenf\u00fchrer flieht aus Jemen in die Emirate - just-now.NEWS Deutschland","isPartOf":{"@id":"https:\/\/now-news.de\/de\/#website"},"primaryImageOfPage":{"@id":"https:\/\/now-news.de\/de\/deutschland\/saudis-empoert-separatistenfuehrer-flieht-aus-jemen-in-die-emirate\/#primaryimage"},"image":{"@id":"https:\/\/now-news.de\/de\/deutschland\/saudis-empoert-separatistenfuehrer-flieht-aus-jemen-in-die-emirate\/#primaryimage"},"thumbnailUrl":"https:\/\/now-news.de\/de\/wp-content\/uploads\/sites\/3\/2026\/01\/Saudis-empoert-Separatistenfuehrer-flieht-aus-Jemen-in-die-Emirate.jpg","datePublished":"2026-01-08T19:07:03+00:00","dateModified":"2026-01-08T19:07:03+00:00","breadcrumb":{"@id":"https:\/\/now-news.de\/de\/deutschland\/saudis-empoert-separatistenfuehrer-flieht-aus-jemen-in-die-emirate\/#breadcrumb"},"inLanguage":"de","potentialAction":[{"@type":"ReadAction","target":["https:\/\/now-news.de\/de\/deutschland\/saudis-empoert-separatistenfuehrer-flieht-aus-jemen-in-die-emirate\/"]}]},{"@type":"ImageObject","inLanguage":"de","@id":"https:\/\/now-news.de\/de\/deutschland\/saudis-empoert-separatistenfuehrer-flieht-aus-jemen-in-die-emirate\/#primaryimage","url":"https:\/\/now-news.de\/de\/wp-content\/uploads\/sites\/3\/2026\/01\/Saudis-empoert-Separatistenfuehrer-flieht-aus-Jemen-in-die-Emirate.jpg","contentUrl":"https:\/\/now-news.de\/de\/wp-content\/uploads\/sites\/3\/2026\/01\/Saudis-empoert-Separatistenfuehrer-flieht-aus-Jemen-in-die-Emirate.jpg","width":460,"height":259,"caption":"Saudis emp\u00f6rt: Separatistenf\u00fchrer flieht aus Jemen in die Emirate"},{"@type":"BreadcrumbList","@id":"https:\/\/now-news.de\/de\/deutschland\/saudis-empoert-separatistenfuehrer-flieht-aus-jemen-in-die-emirate\/#breadcrumb","itemListElement":[{"@type":"ListItem","position":1,"name":"Home","item":"https:\/\/now-news.de\/de\/"},{"@type":"ListItem","position":2,"name":"Saudis emp\u00f6rt: Separatistenf\u00fchrer flieht aus Jemen in die Emirate"}]},{"@type":"WebSite","@id":"https:\/\/now-news.de\/de\/#website","url":"https:\/\/now-news.de\/de\/","name":"just-now.NEWS Deutschland","description":"Das Portal f\u00fcr unzensierte Nachrichten aus der Welt","publisher":{"@id":"https:\/\/now-news.de\/de\/#organization"},"potentialAction":[{"@type":"SearchAction","target":{"@type":"EntryPoint","urlTemplate":"https:\/\/now-news.de\/de\/?s={search_term_string}"},"query-input":"required name=search_term_string"}],"inLanguage":"de"},{"@type":"Organization","@id":"https:\/\/now-news.de\/de\/#organization","name":"Just Now News","url":"https:\/\/now-news.de\/de\/","logo":{"@type":"ImageObject","inLanguage":"de","@id":"https:\/\/now-news.de\/de\/#\/schema\/logo\/image\/","url":"http:\/\/just-now.news\/de\/wp-content\/uploads\/sites\/3\/2022\/04\/logo500x500.jpg","contentUrl":"http:\/\/just-now.news\/de\/wp-content\/uploads\/sites\/3\/2022\/04\/logo500x500.jpg","width":500,"height":500,"caption":"Just Now News"},"image":{"@id":"https:\/\/now-news.de\/de\/#\/schema\/logo\/image\/"},"sameAs":["https:\/\/www.facebook.com\/wirmachenauf","https:\/\/x.com\/WirMachenAuf_de"]},{"@type":"Person","@id":"https:\/\/now-news.de\/de\/#\/schema\/person\/fb534a4e865501d8b3285208df34a9b5","name":"rtnews","image":{"@type":"ImageObject","inLanguage":"de","@id":"https:\/\/now-news.de\/de\/#\/schema\/person\/image\/","url":"https:\/\/secure.gravatar.com\/avatar\/82aafea7d8127119dd649515f56e2117?s=96&d=mm&r=g","contentUrl":"https:\/\/secure.gravatar.com\/avatar\/82aafea7d8127119dd649515f56e2117?s=96&d=mm&r=g","caption":"rtnews"},"url":"https:\/\/now-news.de\/de\/author\/rnews\/"}]}},"_links":{"self":[{"href":"https:\/\/now-news.de\/de\/wp-json\/wp\/v2\/posts\/96984"}],"collection":[{"href":"https:\/\/now-news.de\/de\/wp-json\/wp\/v2\/posts"}],"about":[{"href":"https:\/\/now-news.de\/de\/wp-json\/wp\/v2\/types\/post"}],"author":[{"embeddable":true,"href":"https:\/\/now-news.de\/de\/wp-json\/wp\/v2\/users\/3"}],"replies":[{"embeddable":true,"href":"https:\/\/now-news.de\/de\/wp-json\/wp\/v2\/comments?post=96984"}],"version-history":[{"count":0,"href":"https:\/\/now-news.de\/de\/wp-json\/wp\/v2\/posts\/96984\/revisions"}],"wp:featuredmedia":[{"embeddable":true,"href":"https:\/\/now-news.de\/de\/wp-json\/wp\/v2\/media\/96985"}],"wp:attachment":[{"href":"https:\/\/now-news.de\/de\/wp-json\/wp\/v2\/media?parent=96984"}],"wp:term":[{"taxonomy":"category","embeddable":true,"href":"https:\/\/now-news.de\/de\/wp-json\/wp\/v2\/categories?post=96984"},{"taxonomy":"post_tag","embeddable":true,"href":"https:\/\/now-news.de\/de\/wp-json\/wp\/v2\/tags?post=96984"}],"curies":[{"name":"wp","href":"https:\/\/api.w.org\/{rel}","templated":true}]}}