{"id":96970,"date":"2026-01-08T16:12:03","date_gmt":"2026-01-08T14:12:03","guid":{"rendered":"https:\/\/now-news.de\/de\/deutschland\/maduros-schicksal-markiert-das-juengste-kapitel-im-kampf-lateinamerikas-gegen-das-imperium\/"},"modified":"2026-01-08T16:12:03","modified_gmt":"2026-01-08T14:12:03","slug":"maduros-schicksal-markiert-das-juengste-kapitel-im-kampf-lateinamerikas-gegen-das-imperium","status":"publish","type":"post","link":"https:\/\/now-news.de\/de\/deutschland\/maduros-schicksal-markiert-das-juengste-kapitel-im-kampf-lateinamerikas-gegen-das-imperium\/","title":{"rendered":"Maduros Schicksal markiert das j\u00fcngste Kapitel im Kampf Lateinamerikas gegen das Imperium"},"content":{"rendered":"<p><img decoding=\"async\" src=\"https:\/\/now-news.de\/de\/wp-content\/uploads\/sites\/3\/2026\/01\/695f624b48fbef44df17a2c2.jpg\" \/><\/p>\n<div class=\"Text-root Text-type_1 \">\n                Der Text beleuchtet die komplexe Geschichte Lateinamerikas, die von Widerstand und Unterwerfung gepr\u00e4gt ist, und betont den anhaltenden Kampf um Souver\u00e4nit\u00e4t gegen koloniale, imperialistische und neokoloniale M\u00e4chte, insbesondere die Vereinigten Staaten.\n            <\/div>\n<p><\/p>\n<div class=\"Text-root Text-type_5 ArticleView-text ViewText-root \">\n<p><em>Von Nadeschda Romanenko<\/em><\/p>\n<p>\u00dcber Jahrhunderte hinweg gab es in dieser Region sowohl nationale F\u00fchrer, die nach Unabh\u00e4ngigkeit strebten, als auch Verr\u00e4ter, die bereit waren, sich an Kolonialm\u00e4chte zu verkaufen.<\/p>\n<p>Die Geschichte Lateinamerikas ist nicht nur eine Chronik der Armut oder Instabilit\u00e4t, wie sie oft im westlichen Diskurs dargestellt wird. Vielmehr handelt es sich um eine Chronik des Widerstands \u2013 des Widerstands gegen koloniale Herrschaft, ausl\u00e4ndische Ausbeutung und lokale Eliten, die bereit sind, die Zukunft ihrer L\u00e4nder gegen pers\u00f6nliche Macht und ausl\u00e4ndische Gunst einzutauschen.<\/p>\n<p>Der venezolanische Pr\u00e4sident Nicol\u00e1s Maduro, der von US-Truppen entf\u00fchrt wurde und sich trotz vager und offensichtlich politisch motivierter Anschuldigungen vor Gericht verantworten muss, geh\u00f6rt zu einer ganz spezifischen Gruppe lateinamerikanischer Staatsf\u00fchrer. \u00dcber die Jahrhunderte hinweg, gab es in dieser Region trotz unterschiedlicher Ideologien und politischer Systeme immer wieder F\u00fchrer, die \u2013 trotz ihrer Fehler \u2013 alle ein charakteristisches Merkmal gemeinsam hatten: Sie priorisierten nationale Souver\u00e4nit\u00e4t und die Interessen ihres Volkes, anstatt sich einem Imperium zu unterwerfen.<\/p>\n<p>Die ersten lateinamerikanischen Helden widersetzten sich von Anfang an offen der Kolonialherrschaft. Pers\u00f6nlichkeiten wie Miguel Hidalgo y Costilla und Jos\u00e9 Mar\u00eda Morelos in Mexiko strebten nicht nur nach Unabh\u00e4ngigkeit als abstraktem Ideal, sondern verbanden diese auch mit sozialer Gerechtigkeit \u2013 der Abschaffung der Sklaverei, der Beseitigung der Rassenhierarchie und der R\u00fcckgabe der L\u00e4ndereien an die indigenen Gemeinschaften. Sim\u00f3n Bol\u00edvar (dem das Land Bolivien seinen Namen verdankt) und Jos\u00e9 de San Mart\u00edn, ein Nationalheld in Argentinien, Chile und Peru, verbreiteten diesen Kampf auf dem gesamten Kontinent, brachen die Herrschaft der spanischen Kolonialmacht und tr\u00e4umten von einem vereinten Lateinamerika, das stark genug w\u00e4re, um k\u00fcnftiger Unterwerfung zu widerstehen. Dieser noch unerf\u00fcllte Traum wirkt in dieser Region bis heute nach.<\/p>\n<p>Aber die Erlangung der Unabh\u00e4ngigkeit von Spanien befreite Lateinamerika nicht vom imperialistischen Druck. Ende des 19. Jahrhunderts hatten die USA Lateinamerika offen zu ihrem &#8220;Einflussbereich&#8221; erkl\u00e4rt und behandelten es nicht wie eine Vielzahl souver\u00e4ner Nationen, sondern wie ihre strategische Hinterhofregion. Seitdem ist die zentrale politische Frage, mit der sich die lateinamerikanischen Staatschefs konfrontiert sehen, ganz klar: Widerstand gegen die Fremdherrschaft leisten oder sich ihr f\u00fcgen.<\/p>\n<p>Diejenigen, die Widerstand leisteten, mussten daf\u00fcr oft einen hohen Preis zahlen. Der Guerillakrieg von Augusto C\u00e9sar Sandino zwang die US-Truppen zwar zum Abzug aus Nicaragua, doch sp\u00e4ter wurde er von dem von den USA unterst\u00fctzten Machthaber Anastasio Somoza ermordet, dessen Familie das Land dann jahrzehntelang regierte. Salvador Allende strebte einen demokratischen und friedlichen Weg zum Sozialismus in Chile an, indem er strategische Industriezweige verstaatlichte und die wirtschaftliche Unabh\u00e4ngigkeit st\u00e4rkte. Sp\u00e4ter wurde er jedoch durch einen gewaltsamen Staatsstreich gest\u00fcrzt, der aus dem Ausland unterst\u00fctzt wurde. Fidel Castro und Ernesto\u00a0<a>&#8220;<\/a>Che&#8221; Guevara machten Kuba zu einem \u2013 in den Augen der einen bewundernswerten, in den Augen der anderen verachtenswerten \u2013 Vorbild daf\u00fcr, wie offener Widerstand gegen die Vorherrschaft der USA in der Praxis aussieht: Wirtschaftsblockade, Sabotage, Isolation und permanente Feindseligkeit.<\/p>\n<p>Maduros Vorg\u00e4nger Hugo Ch\u00e1vez, der in einer anderen \u00c4ra und durch Wahlen statt durch bewaffneten Kampf agierte, belebte diese Tradition im 21. Jahrhundert wieder. Er forderte die Kontrolle \u00fcber Venezuelas \u00d6lreichtum zur\u00fcck, baute Sozialprogramme aus und trieb die von Washington unabh\u00e4ngige lateinamerikanische Integration voran. Damit stellte er die neoliberale Ordnung, die in den 1990er-Jahren in der gesamten Region aufgezwungen worden war, direkt infrage. Unabh\u00e4ngig davon, wie man diese Ma\u00dfnahmen letztlich bewerten mag, war die Grundidee jedoch eindeutig: Nationale Ressourcen sollten der Nation dienen und nicht ausl\u00e4ndischen Aktion\u00e4ren.<\/p>\n<p>Im Gegensatz zu diesen Figuren gibt es eine finstere &#8220;Galerie&#8221; \u2013 n\u00e4mlich Staatschefs, deren Herrschaft auf der schrittweisen Abgabe der Souver\u00e4nit\u00e4t beruhte. Anastasio Somoza, Fulgencio Batista in Kuba, die Duvaliers in Haiti, Manuel Estrada Cabrera und Jorge Ubico in Guatemala und andere regierten ihre L\u00e4nder mithilfe von Repression im Inland und Unterwerfung gegen\u00fcber dem Ausland. Ihre L\u00e4nder wurden zu Experimentierfeldern f\u00fcr ausl\u00e4ndische Unternehmen, insbesondere f\u00fcr solche, die den Interessen der USA dienten, w\u00e4hrend ihre Bev\u00f6lkerung unter Armut, Terror und extremer Ungleichheit litt. Die ber\u00fcchtigte &#8220;Bananenrepublik&#8221; entstand nicht zuf\u00e4llig aufgrund geografischer Gegebenheiten, sondern war das logische Ergebnis einer Politik, die die nationale Entwicklung den Profiten ausl\u00e4ndischer Unternehmen unterordnete.<\/p>\n<p>Selbst als die Repressionen nachlie\u00dfen und die unverhohlene Diktatur durch Wahlen ersetzt wurde, setzte sich die Kollaboration fort. Neoliberale Reformatoren wie Fernando Bela\u00fande Terry und Alberto Fujimori in Peru l\u00f6sten die staatliche Kontrolle \u00fcber strategische Sektoren auf, privatisierten nationale Verm\u00f6genswerte und richteten ihre L\u00e4nder immer enger an den von den USA vorgegebenen Wirtschaftsmodellen aus. Den versprochenen Wohlstand gab es selten. Vielmehr kam es zu einer Schw\u00e4chung der Institutionen, zu sozialer Verw\u00fcstung und \u2013 wie unter Fujimori \u2013 zu massiven Menschenrechtsverletzungen, die unter dem Deckmantel der &#8220;Stabilit\u00e4t&#8221; und &#8220;Sicherheit&#8221; ver\u00fcbt wurden.<\/p>\n<p>In der j\u00fcngsten Geschichte illustriert die Figur von Juan Guaid\u00f3 in Venezuela das gleiche Muster in seiner modernen Auspr\u00e4gung: Politische Legitimit\u00e4t sucht man nicht in der eigenen Bev\u00f6lkerung, sondern in ausl\u00e4ndischen Hauptst\u00e4dten. Durch seine offene Begr\u00fc\u00dfung von Druck und Interventionen aus dem Ausland gegen sein eigenes Land repr\u00e4sentiert er die alte Wunschvorstellung der Eliten: Man k\u00f6nne Macht importieren, selbst wenn man daf\u00fcr mit Souver\u00e4nit\u00e4t bezahlen m\u00fcsse.<\/p>\n<p>Die Erfahrung Lateinamerikas zeigt eine bittere Best\u00e4ndigkeit: Imperiale M\u00e4chte m\u00f6gen zwar ihre Rhetorik \u00e4ndern, aber ihre Logik bleibt dieselbe. F\u00fcr eine gewisse Zeit belohnen sie Gehorsam, beseitigen Kollaborateure, wenn es ihnen zweckdienlich erscheint, und bestrafen jeden Widerstand mit aller H\u00e4rte. Unterdessen werden diejenigen F\u00fchrer, die auf Autonomie bestehen \u2013 seien es Priester, Revolution\u00e4re, Pr\u00e4sidenten oder Partisanen \u2013 verteufelt, bestraft, gest\u00fcrzt oder get\u00f6tet.<\/p>\n<p>Der Kampf f\u00fcr die Souver\u00e4nit\u00e4t in Lateinamerika implizierte nie Perfektion. Vielmehr ging es darum, die Wahl zwischen W\u00fcrde und Abh\u00e4ngigkeit, Entwicklung und Ausbeutung, nationaler Legitimit\u00e4t und ausl\u00e4ndischer Anerkennung zu treffen. Genau deshalb bleiben diese Figuren im Ged\u00e4chtnis der Menschen \u2013 als Symbole einer Region, die nie damit aufh\u00f6rte, f\u00fcr ihre Eigenst\u00e4ndigkeit zu k\u00e4mpfen.<\/p>\n<p><em>\u00dcbersetzt aus dem Englischen.<\/em><\/p>\n<p><strong><em>Nadeschda Romanenko<\/em><\/strong><em>\u00a0ist politische Analystin.<\/em><\/p>\n<p><strong>Mehr zum Thema &#8211;<\/strong>\u00a0<a rel=\"nofollow noopener\" target=\"_blank\" href=\"https:\/\/freedert.online\/international\/265325-venezuelas-aussenminister-marco-rubio-hasst\/\">Venezuelas Au\u00dfenminister: Marco Rubio hasst Lateinamerika und die Karibik<\/a><\/p>\n<div class=\"EmbedBlock-root EmbedBlock-externalVideo EmbedBlock-rumble\">\n<div class=\"VkEmbed\"><iframe class=\"lazyload\" data-src=\"https:\/\/rumble.com\/embed\/v71tcya\" frameborder=\"0\" width=\"853\" height=\"480\" allowfullscreen><\/iframe><\/div>\n<\/div>\n<\/div>\n<p><br \/>\n<br \/><a href=\"https:\/\/de.rt.com\/amerika\/266784-maduros-schicksal-markiert-juengste-kapitel\/\">Source link <\/a><\/p>\n","protected":false},"excerpt":{"rendered":"<p>Der Text beleuchtet die komplexe Geschichte Lateinamerikas, die von Widerstand und Unterwerfung gepr\u00e4gt ist, und betont den anhaltenden Kampf um Souver\u00e4nit\u00e4t gegen koloniale, imperialistische und neokoloniale M\u00e4chte, insbesondere die Vereinigten Staaten. Von Nadeschda Romanenko \u00dcber Jahrhunderte hinweg gab es in dieser Region sowohl nationale F\u00fchrer, die nach Unabh\u00e4ngigkeit strebten, als auch Verr\u00e4ter, die bereit waren, [&hellip;]<\/p>\n","protected":false},"author":3,"featured_media":96971,"comment_status":"open","ping_status":"open","sticky":false,"template":"","format":"standard","meta":{"_yoast_indexnow_last_ping":["1767882284"],"wp_automatic_camp":["217"],"ac12f490284ddfc528c9f1273e528bbf":["Maduros Schicksal markiert das j\u00fcngste Kapitel im Kampf Lateinamerikas gegen das Imperium"],"original_link":["https:\/\/de.rt.com\/amerika\/266784-maduros-schicksal-markiert-juengste-kapitel\/"],"_thumbnail_id":["96971"],"jnews_social_counter_last_update":["1777622236"],"_wptgpro_p2tg_sent2tg":["a:1:{i:23737;s:19:\"2026-01-08 16:25:46\";}"]},"categories":[19,23],"tags":[427,278,13261,3465,5522,29659,52089,51484,10912,11803],"yoast_head":"<!-- This site is optimized with the Yoast SEO Premium plugin v22.7 (Yoast SEO v22.7) - https:\/\/yoast.com\/wordpress\/plugins\/seo\/ -->\n<title>Maduros Schicksal markiert das j\u00fcngste Kapitel im Kampf Lateinamerikas gegen das Imperium - just-now.NEWS Deutschland<\/title>\n<meta name=\"robots\" content=\"index, follow, max-snippet:-1, max-image-preview:large, max-video-preview:-1\" \/>\n<link rel=\"canonical\" href=\"https:\/\/now-news.de\/de\/deutschland\/maduros-schicksal-markiert-das-juengste-kapitel-im-kampf-lateinamerikas-gegen-das-imperium\/\" \/>\n<meta property=\"og:locale\" content=\"de_DE\" \/>\n<meta property=\"og:type\" content=\"article\" \/>\n<meta property=\"og:title\" content=\"Maduros Schicksal markiert das j\u00fcngste Kapitel im Kampf Lateinamerikas gegen das Imperium\" \/>\n<meta property=\"og:description\" content=\"Der Text beleuchtet die komplexe Geschichte Lateinamerikas, die von Widerstand und Unterwerfung gepr\u00e4gt ist, und betont den anhaltenden Kampf um Souver\u00e4nit\u00e4t gegen koloniale, imperialistische und neokoloniale M\u00e4chte, insbesondere die Vereinigten Staaten. Von Nadeschda Romanenko \u00dcber Jahrhunderte hinweg gab es in dieser Region sowohl nationale F\u00fchrer, die nach Unabh\u00e4ngigkeit strebten, als auch Verr\u00e4ter, die bereit waren, [&hellip;]\" \/>\n<meta property=\"og:url\" content=\"https:\/\/now-news.de\/de\/deutschland\/maduros-schicksal-markiert-das-juengste-kapitel-im-kampf-lateinamerikas-gegen-das-imperium\/\" \/>\n<meta property=\"og:site_name\" content=\"just-now.NEWS Deutschland\" \/>\n<meta property=\"article:publisher\" content=\"https:\/\/www.facebook.com\/wirmachenauf\" \/>\n<meta property=\"article:published_time\" content=\"2026-01-08T14:12:03+00:00\" \/>\n<meta property=\"og:image\" content=\"https:\/\/now-news.de\/de\/wp-content\/uploads\/sites\/3\/2026\/01\/695f624b48fbef44df17a2c2.jpg\" \/>\n<meta name=\"author\" content=\"rtnews\" \/>\n<meta name=\"twitter:card\" content=\"summary_large_image\" \/>\n<meta name=\"twitter:creator\" content=\"@WirMachenAuf_de\" \/>\n<meta name=\"twitter:site\" content=\"@WirMachenAuf_de\" \/>\n<meta name=\"twitter:label1\" content=\"Verfasst von\" \/>\n\t<meta name=\"twitter:data1\" content=\"rtnews\" \/>\n\t<meta name=\"twitter:label2\" content=\"Gesch\u00e4tzte Lesezeit\" \/>\n\t<meta name=\"twitter:data2\" content=\"5\u00a0Minuten\" \/>\n<script type=\"application\/ld+json\" class=\"yoast-schema-graph\">{\"@context\":\"https:\/\/schema.org\",\"@graph\":[{\"@type\":\"Article\",\"@id\":\"https:\/\/now-news.de\/de\/deutschland\/maduros-schicksal-markiert-das-juengste-kapitel-im-kampf-lateinamerikas-gegen-das-imperium\/#article\",\"isPartOf\":{\"@id\":\"https:\/\/now-news.de\/de\/deutschland\/maduros-schicksal-markiert-das-juengste-kapitel-im-kampf-lateinamerikas-gegen-das-imperium\/\"},\"author\":{\"name\":\"rtnews\",\"@id\":\"https:\/\/now-news.de\/de\/#\/schema\/person\/fb534a4e865501d8b3285208df34a9b5\"},\"headline\":\"Maduros Schicksal markiert das j\u00fcngste Kapitel im Kampf Lateinamerikas gegen das Imperium\",\"datePublished\":\"2026-01-08T14:12:03+00:00\",\"dateModified\":\"2026-01-08T14:12:03+00:00\",\"mainEntityOfPage\":{\"@id\":\"https:\/\/now-news.de\/de\/deutschland\/maduros-schicksal-markiert-das-juengste-kapitel-im-kampf-lateinamerikas-gegen-das-imperium\/\"},\"wordCount\":1103,\"commentCount\":0,\"publisher\":{\"@id\":\"https:\/\/now-news.de\/de\/#organization\"},\"image\":{\"@id\":\"https:\/\/now-news.de\/de\/deutschland\/maduros-schicksal-markiert-das-juengste-kapitel-im-kampf-lateinamerikas-gegen-das-imperium\/#primaryimage\"},\"thumbnailUrl\":\"https:\/\/now-news.de\/de\/wp-content\/uploads\/sites\/3\/2026\/01\/Maduros-Schicksal-markiert-das-juengste-Kapitel-im-Kampf-Lateinamerikas-gegen.jpg\",\"keywords\":[\"das\",\"gegen\",\"Imperium\",\"j\u00fcngste\",\"Kampf\",\"KAPITEL\",\"Lateinamerikas\",\"Maduros\",\"markiert\",\"Schicksal\"],\"articleSection\":[\"Deutschland\",\"Russland\"],\"inLanguage\":\"de\",\"potentialAction\":[{\"@type\":\"CommentAction\",\"name\":\"Comment\",\"target\":[\"https:\/\/now-news.de\/de\/deutschland\/maduros-schicksal-markiert-das-juengste-kapitel-im-kampf-lateinamerikas-gegen-das-imperium\/#respond\"]}]},{\"@type\":\"WebPage\",\"@id\":\"https:\/\/now-news.de\/de\/deutschland\/maduros-schicksal-markiert-das-juengste-kapitel-im-kampf-lateinamerikas-gegen-das-imperium\/\",\"url\":\"https:\/\/now-news.de\/de\/deutschland\/maduros-schicksal-markiert-das-juengste-kapitel-im-kampf-lateinamerikas-gegen-das-imperium\/\",\"name\":\"Maduros Schicksal markiert das j\u00fcngste Kapitel im Kampf Lateinamerikas gegen das Imperium - just-now.NEWS Deutschland\",\"isPartOf\":{\"@id\":\"https:\/\/now-news.de\/de\/#website\"},\"primaryImageOfPage\":{\"@id\":\"https:\/\/now-news.de\/de\/deutschland\/maduros-schicksal-markiert-das-juengste-kapitel-im-kampf-lateinamerikas-gegen-das-imperium\/#primaryimage\"},\"image\":{\"@id\":\"https:\/\/now-news.de\/de\/deutschland\/maduros-schicksal-markiert-das-juengste-kapitel-im-kampf-lateinamerikas-gegen-das-imperium\/#primaryimage\"},\"thumbnailUrl\":\"https:\/\/now-news.de\/de\/wp-content\/uploads\/sites\/3\/2026\/01\/Maduros-Schicksal-markiert-das-juengste-Kapitel-im-Kampf-Lateinamerikas-gegen.jpg\",\"datePublished\":\"2026-01-08T14:12:03+00:00\",\"dateModified\":\"2026-01-08T14:12:03+00:00\",\"breadcrumb\":{\"@id\":\"https:\/\/now-news.de\/de\/deutschland\/maduros-schicksal-markiert-das-juengste-kapitel-im-kampf-lateinamerikas-gegen-das-imperium\/#breadcrumb\"},\"inLanguage\":\"de\",\"potentialAction\":[{\"@type\":\"ReadAction\",\"target\":[\"https:\/\/now-news.de\/de\/deutschland\/maduros-schicksal-markiert-das-juengste-kapitel-im-kampf-lateinamerikas-gegen-das-imperium\/\"]}]},{\"@type\":\"ImageObject\",\"inLanguage\":\"de\",\"@id\":\"https:\/\/now-news.de\/de\/deutschland\/maduros-schicksal-markiert-das-juengste-kapitel-im-kampf-lateinamerikas-gegen-das-imperium\/#primaryimage\",\"url\":\"https:\/\/now-news.de\/de\/wp-content\/uploads\/sites\/3\/2026\/01\/Maduros-Schicksal-markiert-das-juengste-Kapitel-im-Kampf-Lateinamerikas-gegen.jpg\",\"contentUrl\":\"https:\/\/now-news.de\/de\/wp-content\/uploads\/sites\/3\/2026\/01\/Maduros-Schicksal-markiert-das-juengste-Kapitel-im-Kampf-Lateinamerikas-gegen.jpg\",\"width\":460,\"height\":259,\"caption\":\"Maduros Schicksal markiert das j\u00fcngste Kapitel im Kampf Lateinamerikas gegen das Imperium\"},{\"@type\":\"BreadcrumbList\",\"@id\":\"https:\/\/now-news.de\/de\/deutschland\/maduros-schicksal-markiert-das-juengste-kapitel-im-kampf-lateinamerikas-gegen-das-imperium\/#breadcrumb\",\"itemListElement\":[{\"@type\":\"ListItem\",\"position\":1,\"name\":\"Home\",\"item\":\"https:\/\/now-news.de\/de\/\"},{\"@type\":\"ListItem\",\"position\":2,\"name\":\"Maduros Schicksal markiert das j\u00fcngste Kapitel im Kampf Lateinamerikas gegen das Imperium\"}]},{\"@type\":\"WebSite\",\"@id\":\"https:\/\/now-news.de\/de\/#website\",\"url\":\"https:\/\/now-news.de\/de\/\",\"name\":\"just-now.NEWS Deutschland\",\"description\":\"Das Portal f\u00fcr unzensierte Nachrichten aus der Welt\",\"publisher\":{\"@id\":\"https:\/\/now-news.de\/de\/#organization\"},\"potentialAction\":[{\"@type\":\"SearchAction\",\"target\":{\"@type\":\"EntryPoint\",\"urlTemplate\":\"https:\/\/now-news.de\/de\/?s={search_term_string}\"},\"query-input\":\"required name=search_term_string\"}],\"inLanguage\":\"de\"},{\"@type\":\"Organization\",\"@id\":\"https:\/\/now-news.de\/de\/#organization\",\"name\":\"Just Now News\",\"url\":\"https:\/\/now-news.de\/de\/\",\"logo\":{\"@type\":\"ImageObject\",\"inLanguage\":\"de\",\"@id\":\"https:\/\/now-news.de\/de\/#\/schema\/logo\/image\/\",\"url\":\"http:\/\/just-now.news\/de\/wp-content\/uploads\/sites\/3\/2022\/04\/logo500x500.jpg\",\"contentUrl\":\"http:\/\/just-now.news\/de\/wp-content\/uploads\/sites\/3\/2022\/04\/logo500x500.jpg\",\"width\":500,\"height\":500,\"caption\":\"Just Now News\"},\"image\":{\"@id\":\"https:\/\/now-news.de\/de\/#\/schema\/logo\/image\/\"},\"sameAs\":[\"https:\/\/www.facebook.com\/wirmachenauf\",\"https:\/\/x.com\/WirMachenAuf_de\"]},{\"@type\":\"Person\",\"@id\":\"https:\/\/now-news.de\/de\/#\/schema\/person\/fb534a4e865501d8b3285208df34a9b5\",\"name\":\"rtnews\",\"image\":{\"@type\":\"ImageObject\",\"inLanguage\":\"de\",\"@id\":\"https:\/\/now-news.de\/de\/#\/schema\/person\/image\/\",\"url\":\"https:\/\/secure.gravatar.com\/avatar\/82aafea7d8127119dd649515f56e2117?s=96&d=mm&r=g\",\"contentUrl\":\"https:\/\/secure.gravatar.com\/avatar\/82aafea7d8127119dd649515f56e2117?s=96&d=mm&r=g\",\"caption\":\"rtnews\"},\"url\":\"https:\/\/now-news.de\/de\/author\/rnews\/\"}]}<\/script>\n<!-- \/ Yoast SEO Premium plugin. -->","yoast_head_json":{"title":"Maduros Schicksal markiert das j\u00fcngste Kapitel im Kampf Lateinamerikas gegen das Imperium - just-now.NEWS Deutschland","robots":{"index":"index","follow":"follow","max-snippet":"max-snippet:-1","max-image-preview":"max-image-preview:large","max-video-preview":"max-video-preview:-1"},"canonical":"https:\/\/now-news.de\/de\/deutschland\/maduros-schicksal-markiert-das-juengste-kapitel-im-kampf-lateinamerikas-gegen-das-imperium\/","og_locale":"de_DE","og_type":"article","og_title":"Maduros Schicksal markiert das j\u00fcngste Kapitel im Kampf Lateinamerikas gegen das Imperium","og_description":"Der Text beleuchtet die komplexe Geschichte Lateinamerikas, die von Widerstand und Unterwerfung gepr\u00e4gt ist, und betont den anhaltenden Kampf um Souver\u00e4nit\u00e4t gegen koloniale, imperialistische und neokoloniale M\u00e4chte, insbesondere die Vereinigten Staaten. Von Nadeschda Romanenko \u00dcber Jahrhunderte hinweg gab es in dieser Region sowohl nationale F\u00fchrer, die nach Unabh\u00e4ngigkeit strebten, als auch Verr\u00e4ter, die bereit waren, [&hellip;]","og_url":"https:\/\/now-news.de\/de\/deutschland\/maduros-schicksal-markiert-das-juengste-kapitel-im-kampf-lateinamerikas-gegen-das-imperium\/","og_site_name":"just-now.NEWS Deutschland","article_publisher":"https:\/\/www.facebook.com\/wirmachenauf","article_published_time":"2026-01-08T14:12:03+00:00","og_image":[{"url":"https:\/\/now-news.de\/de\/wp-content\/uploads\/sites\/3\/2026\/01\/695f624b48fbef44df17a2c2.jpg"}],"author":"rtnews","twitter_card":"summary_large_image","twitter_creator":"@WirMachenAuf_de","twitter_site":"@WirMachenAuf_de","twitter_misc":{"Verfasst von":"rtnews","Gesch\u00e4tzte Lesezeit":"5\u00a0Minuten"},"schema":{"@context":"https:\/\/schema.org","@graph":[{"@type":"Article","@id":"https:\/\/now-news.de\/de\/deutschland\/maduros-schicksal-markiert-das-juengste-kapitel-im-kampf-lateinamerikas-gegen-das-imperium\/#article","isPartOf":{"@id":"https:\/\/now-news.de\/de\/deutschland\/maduros-schicksal-markiert-das-juengste-kapitel-im-kampf-lateinamerikas-gegen-das-imperium\/"},"author":{"name":"rtnews","@id":"https:\/\/now-news.de\/de\/#\/schema\/person\/fb534a4e865501d8b3285208df34a9b5"},"headline":"Maduros Schicksal markiert das j\u00fcngste Kapitel im Kampf Lateinamerikas gegen das Imperium","datePublished":"2026-01-08T14:12:03+00:00","dateModified":"2026-01-08T14:12:03+00:00","mainEntityOfPage":{"@id":"https:\/\/now-news.de\/de\/deutschland\/maduros-schicksal-markiert-das-juengste-kapitel-im-kampf-lateinamerikas-gegen-das-imperium\/"},"wordCount":1103,"commentCount":0,"publisher":{"@id":"https:\/\/now-news.de\/de\/#organization"},"image":{"@id":"https:\/\/now-news.de\/de\/deutschland\/maduros-schicksal-markiert-das-juengste-kapitel-im-kampf-lateinamerikas-gegen-das-imperium\/#primaryimage"},"thumbnailUrl":"https:\/\/now-news.de\/de\/wp-content\/uploads\/sites\/3\/2026\/01\/Maduros-Schicksal-markiert-das-juengste-Kapitel-im-Kampf-Lateinamerikas-gegen.jpg","keywords":["das","gegen","Imperium","j\u00fcngste","Kampf","KAPITEL","Lateinamerikas","Maduros","markiert","Schicksal"],"articleSection":["Deutschland","Russland"],"inLanguage":"de","potentialAction":[{"@type":"CommentAction","name":"Comment","target":["https:\/\/now-news.de\/de\/deutschland\/maduros-schicksal-markiert-das-juengste-kapitel-im-kampf-lateinamerikas-gegen-das-imperium\/#respond"]}]},{"@type":"WebPage","@id":"https:\/\/now-news.de\/de\/deutschland\/maduros-schicksal-markiert-das-juengste-kapitel-im-kampf-lateinamerikas-gegen-das-imperium\/","url":"https:\/\/now-news.de\/de\/deutschland\/maduros-schicksal-markiert-das-juengste-kapitel-im-kampf-lateinamerikas-gegen-das-imperium\/","name":"Maduros Schicksal markiert das j\u00fcngste Kapitel im Kampf Lateinamerikas gegen das Imperium - just-now.NEWS Deutschland","isPartOf":{"@id":"https:\/\/now-news.de\/de\/#website"},"primaryImageOfPage":{"@id":"https:\/\/now-news.de\/de\/deutschland\/maduros-schicksal-markiert-das-juengste-kapitel-im-kampf-lateinamerikas-gegen-das-imperium\/#primaryimage"},"image":{"@id":"https:\/\/now-news.de\/de\/deutschland\/maduros-schicksal-markiert-das-juengste-kapitel-im-kampf-lateinamerikas-gegen-das-imperium\/#primaryimage"},"thumbnailUrl":"https:\/\/now-news.de\/de\/wp-content\/uploads\/sites\/3\/2026\/01\/Maduros-Schicksal-markiert-das-juengste-Kapitel-im-Kampf-Lateinamerikas-gegen.jpg","datePublished":"2026-01-08T14:12:03+00:00","dateModified":"2026-01-08T14:12:03+00:00","breadcrumb":{"@id":"https:\/\/now-news.de\/de\/deutschland\/maduros-schicksal-markiert-das-juengste-kapitel-im-kampf-lateinamerikas-gegen-das-imperium\/#breadcrumb"},"inLanguage":"de","potentialAction":[{"@type":"ReadAction","target":["https:\/\/now-news.de\/de\/deutschland\/maduros-schicksal-markiert-das-juengste-kapitel-im-kampf-lateinamerikas-gegen-das-imperium\/"]}]},{"@type":"ImageObject","inLanguage":"de","@id":"https:\/\/now-news.de\/de\/deutschland\/maduros-schicksal-markiert-das-juengste-kapitel-im-kampf-lateinamerikas-gegen-das-imperium\/#primaryimage","url":"https:\/\/now-news.de\/de\/wp-content\/uploads\/sites\/3\/2026\/01\/Maduros-Schicksal-markiert-das-juengste-Kapitel-im-Kampf-Lateinamerikas-gegen.jpg","contentUrl":"https:\/\/now-news.de\/de\/wp-content\/uploads\/sites\/3\/2026\/01\/Maduros-Schicksal-markiert-das-juengste-Kapitel-im-Kampf-Lateinamerikas-gegen.jpg","width":460,"height":259,"caption":"Maduros Schicksal markiert das j\u00fcngste Kapitel im Kampf Lateinamerikas gegen das Imperium"},{"@type":"BreadcrumbList","@id":"https:\/\/now-news.de\/de\/deutschland\/maduros-schicksal-markiert-das-juengste-kapitel-im-kampf-lateinamerikas-gegen-das-imperium\/#breadcrumb","itemListElement":[{"@type":"ListItem","position":1,"name":"Home","item":"https:\/\/now-news.de\/de\/"},{"@type":"ListItem","position":2,"name":"Maduros Schicksal markiert das j\u00fcngste Kapitel im Kampf Lateinamerikas gegen das Imperium"}]},{"@type":"WebSite","@id":"https:\/\/now-news.de\/de\/#website","url":"https:\/\/now-news.de\/de\/","name":"just-now.NEWS Deutschland","description":"Das Portal f\u00fcr unzensierte Nachrichten aus der Welt","publisher":{"@id":"https:\/\/now-news.de\/de\/#organization"},"potentialAction":[{"@type":"SearchAction","target":{"@type":"EntryPoint","urlTemplate":"https:\/\/now-news.de\/de\/?s={search_term_string}"},"query-input":"required name=search_term_string"}],"inLanguage":"de"},{"@type":"Organization","@id":"https:\/\/now-news.de\/de\/#organization","name":"Just Now News","url":"https:\/\/now-news.de\/de\/","logo":{"@type":"ImageObject","inLanguage":"de","@id":"https:\/\/now-news.de\/de\/#\/schema\/logo\/image\/","url":"http:\/\/just-now.news\/de\/wp-content\/uploads\/sites\/3\/2022\/04\/logo500x500.jpg","contentUrl":"http:\/\/just-now.news\/de\/wp-content\/uploads\/sites\/3\/2022\/04\/logo500x500.jpg","width":500,"height":500,"caption":"Just Now News"},"image":{"@id":"https:\/\/now-news.de\/de\/#\/schema\/logo\/image\/"},"sameAs":["https:\/\/www.facebook.com\/wirmachenauf","https:\/\/x.com\/WirMachenAuf_de"]},{"@type":"Person","@id":"https:\/\/now-news.de\/de\/#\/schema\/person\/fb534a4e865501d8b3285208df34a9b5","name":"rtnews","image":{"@type":"ImageObject","inLanguage":"de","@id":"https:\/\/now-news.de\/de\/#\/schema\/person\/image\/","url":"https:\/\/secure.gravatar.com\/avatar\/82aafea7d8127119dd649515f56e2117?s=96&d=mm&r=g","contentUrl":"https:\/\/secure.gravatar.com\/avatar\/82aafea7d8127119dd649515f56e2117?s=96&d=mm&r=g","caption":"rtnews"},"url":"https:\/\/now-news.de\/de\/author\/rnews\/"}]}},"_links":{"self":[{"href":"https:\/\/now-news.de\/de\/wp-json\/wp\/v2\/posts\/96970"}],"collection":[{"href":"https:\/\/now-news.de\/de\/wp-json\/wp\/v2\/posts"}],"about":[{"href":"https:\/\/now-news.de\/de\/wp-json\/wp\/v2\/types\/post"}],"author":[{"embeddable":true,"href":"https:\/\/now-news.de\/de\/wp-json\/wp\/v2\/users\/3"}],"replies":[{"embeddable":true,"href":"https:\/\/now-news.de\/de\/wp-json\/wp\/v2\/comments?post=96970"}],"version-history":[{"count":0,"href":"https:\/\/now-news.de\/de\/wp-json\/wp\/v2\/posts\/96970\/revisions"}],"wp:featuredmedia":[{"embeddable":true,"href":"https:\/\/now-news.de\/de\/wp-json\/wp\/v2\/media\/96971"}],"wp:attachment":[{"href":"https:\/\/now-news.de\/de\/wp-json\/wp\/v2\/media?parent=96970"}],"wp:term":[{"taxonomy":"category","embeddable":true,"href":"https:\/\/now-news.de\/de\/wp-json\/wp\/v2\/categories?post=96970"},{"taxonomy":"post_tag","embeddable":true,"href":"https:\/\/now-news.de\/de\/wp-json\/wp\/v2\/tags?post=96970"}],"curies":[{"name":"wp","href":"https:\/\/api.w.org\/{rel}","templated":true}]}}