{"id":96960,"date":"2026-01-08T13:29:38","date_gmt":"2026-01-08T11:29:38","guid":{"rendered":"https:\/\/now-news.de\/de\/deutschland\/josep-borrell-eu-und-usa-sind-nicht-mehr-wichtigste-verbuendete\/"},"modified":"2026-01-08T13:29:38","modified_gmt":"2026-01-08T11:29:38","slug":"josep-borrell-eu-und-usa-sind-nicht-mehr-wichtigste-verbuendete","status":"publish","type":"post","link":"https:\/\/now-news.de\/de\/deutschland\/josep-borrell-eu-und-usa-sind-nicht-mehr-wichtigste-verbuendete\/","title":{"rendered":"Josep Borrell: EU und USA sind nicht mehr wichtigste Verb\u00fcndete"},"content":{"rendered":"<p><img decoding=\"async\" src=\"https:\/\/now-news.de\/de\/wp-content\/uploads\/sites\/3\/2026\/01\/695f898b48fbef4b376f61dc.jpg\" \/><\/p>\n<div class=\"Text-root Text-type_1 \">\n                Laut dem ehemaligen EU-Au\u00dfenbeauftragten Borrell sind die USA und Europa nicht mehr so verb\u00fcndet wie fr\u00fcher. In einigen Punkten sei man zerstritten. So erkl\u00e4rte US-Pr\u00e4sident Trump, Gr\u00f6nland geh\u00f6re unter US-Kontrolle und der Einsatz des US-Milit\u00e4rs sei &#8220;immer eine Option&#8221;, um dies zu erreichen.\n            <\/div>\n<p><\/p>\n<div class=\"Text-root Text-type_5 ArticleView-text ViewText-root \">\n<p>Die EU sollte aufh\u00f6ren, die USA als ihren wichtigsten Verb\u00fcndeten zu betrachten, erkl\u00e4rte der ehemalige Chefdiplomat der Europ\u00e4ischen Union, Josep Borrell, in einem Interview f\u00fcr\u00a0den spanischen Fernsehsender <em>Antena 3.<\/em> Washington und Br\u00fcssel seien unter anderem \u00fcber die Digitalpolitik und die Kontrolle \u00fcber Gr\u00f6nland zerstritten.<\/p>\n<p>In dem Interview sagte Borrell in der vergangenen Woche, er &#8220;wisse nicht, was Trump noch tun m\u00fcsse, damit wir verstehen, dass die Vereinigten Staaten und Europa nicht mehr die Verb\u00fcndeten sind, die sie einmal waren.&#8221;\u00a0<\/p>\n<p>Der spanische Politiker\u00a0\u00e4u\u00dferte sich auch zu Trumps Sorge, dass die europ\u00e4ischen Atomm\u00e4chte \u2013 Frankreich und Gro\u00dfbritannien \u2013 eines Tages Regierungen haben k\u00f6nnten, die Washington nicht freundlich gesinnt sind. &#8220;Es gibt viele Menschen, die diese Realit\u00e4t nicht akzeptieren wollen&#8221;. Es werde immer noch davon ausgegangen, dass die USA der wichtigste Verb\u00fcndete der EU seien. &#8220;Aber das ist nicht mehr der Fall&#8221;, sagte der ehemalige EU-Au\u00dfenbeauftragte.<\/p>\n<p>Borrell\u00a0wies auch auf die US-Visumsverbote f\u00fcr f\u00fcnf Europ\u00e4er hin. Dabei w\u00fcrden US-Beamte dem davon betroffenen ehemaligen EU-Binnenmarktkommissar Thierry Breton beispielsweise vorwerfen, Gesetzesinitiativen zur Diskriminierung US-amerikanischer Technologiekonzerne angef\u00fchrt zu haben.<\/p>\n<p>Im Mittelpunkt dieser Debatte stehen das EU-Gesetz \u00fcber digitale M\u00e4rkte und das Gesetz \u00fcber digitale Dienste. Damit werden gro\u00dfen Online-Plattformen, die in der Praxis meist ihren Sitz in den USA haben, seitens der EU strenge Auflagen erteilt. EU-Beamte verteidigen die Gesetze. Sie dienten zur Wahrung der europ\u00e4ischen Souver\u00e4nit\u00e4t, hei\u00dft es.<\/p>\n<p>Zum US-Angriff auf Venezuela erkl\u00e4rte Borrell, dass die milit\u00e4rische Intervention\u00a0der Vereinigten Staaten\u00a0&#8220;eine Lektion f\u00fcr die Europ\u00e4er&#8221; sein sollte. Er f\u00fchrte diesbez\u00fcglich aus:<\/p>\n<p><em>&#8220;Wenn wir in der Welt bestehen wollen, sollten wir auch \u00fcber eine gewisse F\u00e4higkeit zur Selbstverteidigung verf\u00fcgen und nicht erwarten, dass unser amerikanischer Freund uns verteidigt.&#8221;<\/em><\/p>\n<p>Der ehemalige EU-Chefdiplomat \u00e4u\u00dferte sich zeitgleich zur wiederholten Forderung von US-Pr\u00e4sident Donald Trump,\u00a0 wonach sich die USA aus Gr\u00fcnden der nationalen Sicherheit &#8220;unbedingt&#8221; die Kontrolle \u00fcber Gr\u00f6nland sichern sollten. Trump deutete dabei an, der Einsatz des US-Milit\u00e4rs sei &#8220;immer eine Option&#8221;, um dieses Ziel zu erreichen.<\/p>\n<p>Seine \u00c4u\u00dferungen stie\u00dfen in D\u00e4nemark und in europ\u00e4ischen Hauptst\u00e4dten auf heftigen Widerstand. Dort wurde betont, dass &#8220;Gr\u00f6nland seinem Volk geh\u00f6rt.&#8221; Die d\u00e4nische Ministerpr\u00e4sidentin Mette Frederiksen warnte au\u00dferdem:<\/p>\n<p><em>&#8220;Wenn die Vereinigten Staaten beschlie\u00dfen, ein anderes NATO-Land milit\u00e4risch anzugreifen, dann ist alles vorbei.&#8221;<\/em><\/p>\n<p><strong>Mehr zum Thema &#8211;<\/strong>\u00a0<a rel=\"nofollow noopener\" target=\"_blank\" href=\"https:\/\/dert.online\/europa\/266658-eu-spitzenpolitiker-erklaeren-ihre-solidaritaet\/\">Solidarit\u00e4t mit Gr\u00f6nland &#8211; Gemeinsame Erkl\u00e4rung von sieben europ\u00e4ischen L\u00e4ndern<\/a><\/p>\n<div class=\"EmbedBlock-root EmbedBlock-externalVideo EmbedBlock-rumble\">\n<div class=\"VkEmbed\"><iframe class=\"lazyload\" data-src=\"https:\/\/rumble.com\/embed\/v71sx4g\" frameborder=\"0\" width=\"853\" height=\"480\" allowfullscreen><\/iframe><\/div>\n<\/div>\n<\/div>\n<p><br \/>\n<br \/><a href=\"https:\/\/de.rt.com\/europa\/266799-josep-borrell-eu-und-usa\/\">Source link <\/a><\/p>\n","protected":false},"excerpt":{"rendered":"<p>Laut dem ehemaligen EU-Au\u00dfenbeauftragten Borrell sind die USA und Europa nicht mehr so verb\u00fcndet wie fr\u00fcher. In einigen Punkten sei man zerstritten. So erkl\u00e4rte US-Pr\u00e4sident Trump, Gr\u00f6nland geh\u00f6re unter US-Kontrolle und der Einsatz des US-Milit\u00e4rs sei &#8220;immer eine Option&#8221;, um dies zu erreichen. Die EU sollte aufh\u00f6ren, die USA als ihren wichtigsten Verb\u00fcndeten zu betrachten, [&hellip;]<\/p>\n","protected":false},"author":3,"featured_media":96961,"comment_status":"open","ping_status":"open","sticky":false,"template":"","format":"standard","meta":{"_yoast_indexnow_last_ping":["1767872683"],"wp_automatic_camp":["217"],"8d7ef24acedd2f7ffd1858fcf2c8c170":["Josep Borrell: EU und USA sind nicht mehr wichtigste Verb\u00fcndete"],"original_link":["https:\/\/de.rt.com\/europa\/266799-josep-borrell-eu-und-usa\/"],"_thumbnail_id":["96961"],"jnews_social_counter_last_update":["1777182682"],"_wptgpro_p2tg_sent2tg":["a:1:{i:23737;s:19:\"2026-01-08 13:45:44\";}"]},"categories":[19,23],"tags":[25926,41028,2063,800,1046,140,193,20545,40028],"yoast_head":"<!-- This site is optimized with the Yoast SEO Premium plugin v22.7 (Yoast SEO v22.7) - https:\/\/yoast.com\/wordpress\/plugins\/seo\/ -->\n<title>Josep Borrell: EU und USA sind nicht mehr wichtigste Verb\u00fcndete - just-now.NEWS Deutschland<\/title>\n<meta name=\"robots\" content=\"index, follow, max-snippet:-1, max-image-preview:large, max-video-preview:-1\" \/>\n<link rel=\"canonical\" href=\"https:\/\/now-news.de\/de\/deutschland\/josep-borrell-eu-und-usa-sind-nicht-mehr-wichtigste-verbuendete\/\" \/>\n<meta property=\"og:locale\" content=\"de_DE\" \/>\n<meta property=\"og:type\" content=\"article\" \/>\n<meta property=\"og:title\" content=\"Josep Borrell: EU und USA sind nicht mehr wichtigste Verb\u00fcndete\" \/>\n<meta property=\"og:description\" content=\"Laut dem ehemaligen EU-Au\u00dfenbeauftragten Borrell sind die USA und Europa nicht mehr so verb\u00fcndet wie fr\u00fcher. In einigen Punkten sei man zerstritten. So erkl\u00e4rte US-Pr\u00e4sident Trump, Gr\u00f6nland geh\u00f6re unter US-Kontrolle und der Einsatz des US-Milit\u00e4rs sei &#8220;immer eine Option&#8221;, um dies zu erreichen. Die EU sollte aufh\u00f6ren, die USA als ihren wichtigsten Verb\u00fcndeten zu betrachten, [&hellip;]\" \/>\n<meta property=\"og:url\" content=\"https:\/\/now-news.de\/de\/deutschland\/josep-borrell-eu-und-usa-sind-nicht-mehr-wichtigste-verbuendete\/\" \/>\n<meta property=\"og:site_name\" content=\"just-now.NEWS Deutschland\" \/>\n<meta property=\"article:publisher\" content=\"https:\/\/www.facebook.com\/wirmachenauf\" \/>\n<meta property=\"article:published_time\" content=\"2026-01-08T11:29:38+00:00\" \/>\n<meta property=\"og:image\" content=\"https:\/\/now-news.de\/de\/wp-content\/uploads\/sites\/3\/2026\/01\/695f898b48fbef4b376f61dc.jpg\" \/>\n<meta name=\"author\" content=\"rtnews\" \/>\n<meta name=\"twitter:card\" content=\"summary_large_image\" \/>\n<meta name=\"twitter:creator\" content=\"@WirMachenAuf_de\" \/>\n<meta name=\"twitter:site\" content=\"@WirMachenAuf_de\" \/>\n<meta name=\"twitter:label1\" content=\"Verfasst von\" \/>\n\t<meta name=\"twitter:data1\" content=\"rtnews\" \/>\n\t<meta name=\"twitter:label2\" content=\"Gesch\u00e4tzte Lesezeit\" \/>\n\t<meta name=\"twitter:data2\" content=\"2\u00a0Minuten\" \/>\n<script type=\"application\/ld+json\" class=\"yoast-schema-graph\">{\"@context\":\"https:\/\/schema.org\",\"@graph\":[{\"@type\":\"Article\",\"@id\":\"https:\/\/now-news.de\/de\/deutschland\/josep-borrell-eu-und-usa-sind-nicht-mehr-wichtigste-verbuendete\/#article\",\"isPartOf\":{\"@id\":\"https:\/\/now-news.de\/de\/deutschland\/josep-borrell-eu-und-usa-sind-nicht-mehr-wichtigste-verbuendete\/\"},\"author\":{\"name\":\"rtnews\",\"@id\":\"https:\/\/now-news.de\/de\/#\/schema\/person\/fb534a4e865501d8b3285208df34a9b5\"},\"headline\":\"Josep Borrell: EU und USA sind nicht mehr wichtigste Verb\u00fcndete\",\"datePublished\":\"2026-01-08T11:29:38+00:00\",\"dateModified\":\"2026-01-08T11:29:38+00:00\",\"mainEntityOfPage\":{\"@id\":\"https:\/\/now-news.de\/de\/deutschland\/josep-borrell-eu-und-usa-sind-nicht-mehr-wichtigste-verbuendete\/\"},\"wordCount\":496,\"commentCount\":0,\"publisher\":{\"@id\":\"https:\/\/now-news.de\/de\/#organization\"},\"image\":{\"@id\":\"https:\/\/now-news.de\/de\/deutschland\/josep-borrell-eu-und-usa-sind-nicht-mehr-wichtigste-verbuendete\/#primaryimage\"},\"thumbnailUrl\":\"https:\/\/now-news.de\/de\/wp-content\/uploads\/sites\/3\/2026\/01\/Josep-Borrell-EU-und-USA-sind-nicht-mehr-wichtigste-Verbuendete.jpg\",\"keywords\":[\"Borrell\",\"Josep\",\"mehr\",\"nicht\",\"sind\",\"und\",\"USA\",\"Verb\u00fcndete\",\"Wichtigste\"],\"articleSection\":[\"Deutschland\",\"Russland\"],\"inLanguage\":\"de\",\"potentialAction\":[{\"@type\":\"CommentAction\",\"name\":\"Comment\",\"target\":[\"https:\/\/now-news.de\/de\/deutschland\/josep-borrell-eu-und-usa-sind-nicht-mehr-wichtigste-verbuendete\/#respond\"]}]},{\"@type\":\"WebPage\",\"@id\":\"https:\/\/now-news.de\/de\/deutschland\/josep-borrell-eu-und-usa-sind-nicht-mehr-wichtigste-verbuendete\/\",\"url\":\"https:\/\/now-news.de\/de\/deutschland\/josep-borrell-eu-und-usa-sind-nicht-mehr-wichtigste-verbuendete\/\",\"name\":\"Josep Borrell: EU und USA sind nicht mehr wichtigste Verb\u00fcndete - just-now.NEWS Deutschland\",\"isPartOf\":{\"@id\":\"https:\/\/now-news.de\/de\/#website\"},\"primaryImageOfPage\":{\"@id\":\"https:\/\/now-news.de\/de\/deutschland\/josep-borrell-eu-und-usa-sind-nicht-mehr-wichtigste-verbuendete\/#primaryimage\"},\"image\":{\"@id\":\"https:\/\/now-news.de\/de\/deutschland\/josep-borrell-eu-und-usa-sind-nicht-mehr-wichtigste-verbuendete\/#primaryimage\"},\"thumbnailUrl\":\"https:\/\/now-news.de\/de\/wp-content\/uploads\/sites\/3\/2026\/01\/Josep-Borrell-EU-und-USA-sind-nicht-mehr-wichtigste-Verbuendete.jpg\",\"datePublished\":\"2026-01-08T11:29:38+00:00\",\"dateModified\":\"2026-01-08T11:29:38+00:00\",\"breadcrumb\":{\"@id\":\"https:\/\/now-news.de\/de\/deutschland\/josep-borrell-eu-und-usa-sind-nicht-mehr-wichtigste-verbuendete\/#breadcrumb\"},\"inLanguage\":\"de\",\"potentialAction\":[{\"@type\":\"ReadAction\",\"target\":[\"https:\/\/now-news.de\/de\/deutschland\/josep-borrell-eu-und-usa-sind-nicht-mehr-wichtigste-verbuendete\/\"]}]},{\"@type\":\"ImageObject\",\"inLanguage\":\"de\",\"@id\":\"https:\/\/now-news.de\/de\/deutschland\/josep-borrell-eu-und-usa-sind-nicht-mehr-wichtigste-verbuendete\/#primaryimage\",\"url\":\"https:\/\/now-news.de\/de\/wp-content\/uploads\/sites\/3\/2026\/01\/Josep-Borrell-EU-und-USA-sind-nicht-mehr-wichtigste-Verbuendete.jpg\",\"contentUrl\":\"https:\/\/now-news.de\/de\/wp-content\/uploads\/sites\/3\/2026\/01\/Josep-Borrell-EU-und-USA-sind-nicht-mehr-wichtigste-Verbuendete.jpg\",\"width\":460,\"height\":259,\"caption\":\"Josep Borrell: EU und USA sind nicht mehr wichtigste Verb\u00fcndete\"},{\"@type\":\"BreadcrumbList\",\"@id\":\"https:\/\/now-news.de\/de\/deutschland\/josep-borrell-eu-und-usa-sind-nicht-mehr-wichtigste-verbuendete\/#breadcrumb\",\"itemListElement\":[{\"@type\":\"ListItem\",\"position\":1,\"name\":\"Home\",\"item\":\"https:\/\/now-news.de\/de\/\"},{\"@type\":\"ListItem\",\"position\":2,\"name\":\"Josep Borrell: EU und USA sind nicht mehr wichtigste Verb\u00fcndete\"}]},{\"@type\":\"WebSite\",\"@id\":\"https:\/\/now-news.de\/de\/#website\",\"url\":\"https:\/\/now-news.de\/de\/\",\"name\":\"just-now.NEWS Deutschland\",\"description\":\"Das Portal f\u00fcr unzensierte Nachrichten aus der Welt\",\"publisher\":{\"@id\":\"https:\/\/now-news.de\/de\/#organization\"},\"potentialAction\":[{\"@type\":\"SearchAction\",\"target\":{\"@type\":\"EntryPoint\",\"urlTemplate\":\"https:\/\/now-news.de\/de\/?s={search_term_string}\"},\"query-input\":\"required name=search_term_string\"}],\"inLanguage\":\"de\"},{\"@type\":\"Organization\",\"@id\":\"https:\/\/now-news.de\/de\/#organization\",\"name\":\"Just Now News\",\"url\":\"https:\/\/now-news.de\/de\/\",\"logo\":{\"@type\":\"ImageObject\",\"inLanguage\":\"de\",\"@id\":\"https:\/\/now-news.de\/de\/#\/schema\/logo\/image\/\",\"url\":\"http:\/\/just-now.news\/de\/wp-content\/uploads\/sites\/3\/2022\/04\/logo500x500.jpg\",\"contentUrl\":\"http:\/\/just-now.news\/de\/wp-content\/uploads\/sites\/3\/2022\/04\/logo500x500.jpg\",\"width\":500,\"height\":500,\"caption\":\"Just Now News\"},\"image\":{\"@id\":\"https:\/\/now-news.de\/de\/#\/schema\/logo\/image\/\"},\"sameAs\":[\"https:\/\/www.facebook.com\/wirmachenauf\",\"https:\/\/x.com\/WirMachenAuf_de\"]},{\"@type\":\"Person\",\"@id\":\"https:\/\/now-news.de\/de\/#\/schema\/person\/fb534a4e865501d8b3285208df34a9b5\",\"name\":\"rtnews\",\"image\":{\"@type\":\"ImageObject\",\"inLanguage\":\"de\",\"@id\":\"https:\/\/now-news.de\/de\/#\/schema\/person\/image\/\",\"url\":\"https:\/\/secure.gravatar.com\/avatar\/82aafea7d8127119dd649515f56e2117?s=96&d=mm&r=g\",\"contentUrl\":\"https:\/\/secure.gravatar.com\/avatar\/82aafea7d8127119dd649515f56e2117?s=96&d=mm&r=g\",\"caption\":\"rtnews\"},\"url\":\"https:\/\/now-news.de\/de\/author\/rnews\/\"}]}<\/script>\n<!-- \/ Yoast SEO Premium plugin. -->","yoast_head_json":{"title":"Josep Borrell: EU und USA sind nicht mehr wichtigste Verb\u00fcndete - just-now.NEWS Deutschland","robots":{"index":"index","follow":"follow","max-snippet":"max-snippet:-1","max-image-preview":"max-image-preview:large","max-video-preview":"max-video-preview:-1"},"canonical":"https:\/\/now-news.de\/de\/deutschland\/josep-borrell-eu-und-usa-sind-nicht-mehr-wichtigste-verbuendete\/","og_locale":"de_DE","og_type":"article","og_title":"Josep Borrell: EU und USA sind nicht mehr wichtigste Verb\u00fcndete","og_description":"Laut dem ehemaligen EU-Au\u00dfenbeauftragten Borrell sind die USA und Europa nicht mehr so verb\u00fcndet wie fr\u00fcher. In einigen Punkten sei man zerstritten. So erkl\u00e4rte US-Pr\u00e4sident Trump, Gr\u00f6nland geh\u00f6re unter US-Kontrolle und der Einsatz des US-Milit\u00e4rs sei &#8220;immer eine Option&#8221;, um dies zu erreichen. Die EU sollte aufh\u00f6ren, die USA als ihren wichtigsten Verb\u00fcndeten zu betrachten, [&hellip;]","og_url":"https:\/\/now-news.de\/de\/deutschland\/josep-borrell-eu-und-usa-sind-nicht-mehr-wichtigste-verbuendete\/","og_site_name":"just-now.NEWS Deutschland","article_publisher":"https:\/\/www.facebook.com\/wirmachenauf","article_published_time":"2026-01-08T11:29:38+00:00","og_image":[{"url":"https:\/\/now-news.de\/de\/wp-content\/uploads\/sites\/3\/2026\/01\/695f898b48fbef4b376f61dc.jpg"}],"author":"rtnews","twitter_card":"summary_large_image","twitter_creator":"@WirMachenAuf_de","twitter_site":"@WirMachenAuf_de","twitter_misc":{"Verfasst von":"rtnews","Gesch\u00e4tzte Lesezeit":"2\u00a0Minuten"},"schema":{"@context":"https:\/\/schema.org","@graph":[{"@type":"Article","@id":"https:\/\/now-news.de\/de\/deutschland\/josep-borrell-eu-und-usa-sind-nicht-mehr-wichtigste-verbuendete\/#article","isPartOf":{"@id":"https:\/\/now-news.de\/de\/deutschland\/josep-borrell-eu-und-usa-sind-nicht-mehr-wichtigste-verbuendete\/"},"author":{"name":"rtnews","@id":"https:\/\/now-news.de\/de\/#\/schema\/person\/fb534a4e865501d8b3285208df34a9b5"},"headline":"Josep Borrell: EU und USA sind nicht mehr wichtigste Verb\u00fcndete","datePublished":"2026-01-08T11:29:38+00:00","dateModified":"2026-01-08T11:29:38+00:00","mainEntityOfPage":{"@id":"https:\/\/now-news.de\/de\/deutschland\/josep-borrell-eu-und-usa-sind-nicht-mehr-wichtigste-verbuendete\/"},"wordCount":496,"commentCount":0,"publisher":{"@id":"https:\/\/now-news.de\/de\/#organization"},"image":{"@id":"https:\/\/now-news.de\/de\/deutschland\/josep-borrell-eu-und-usa-sind-nicht-mehr-wichtigste-verbuendete\/#primaryimage"},"thumbnailUrl":"https:\/\/now-news.de\/de\/wp-content\/uploads\/sites\/3\/2026\/01\/Josep-Borrell-EU-und-USA-sind-nicht-mehr-wichtigste-Verbuendete.jpg","keywords":["Borrell","Josep","mehr","nicht","sind","und","USA","Verb\u00fcndete","Wichtigste"],"articleSection":["Deutschland","Russland"],"inLanguage":"de","potentialAction":[{"@type":"CommentAction","name":"Comment","target":["https:\/\/now-news.de\/de\/deutschland\/josep-borrell-eu-und-usa-sind-nicht-mehr-wichtigste-verbuendete\/#respond"]}]},{"@type":"WebPage","@id":"https:\/\/now-news.de\/de\/deutschland\/josep-borrell-eu-und-usa-sind-nicht-mehr-wichtigste-verbuendete\/","url":"https:\/\/now-news.de\/de\/deutschland\/josep-borrell-eu-und-usa-sind-nicht-mehr-wichtigste-verbuendete\/","name":"Josep Borrell: EU und USA sind nicht mehr wichtigste Verb\u00fcndete - just-now.NEWS Deutschland","isPartOf":{"@id":"https:\/\/now-news.de\/de\/#website"},"primaryImageOfPage":{"@id":"https:\/\/now-news.de\/de\/deutschland\/josep-borrell-eu-und-usa-sind-nicht-mehr-wichtigste-verbuendete\/#primaryimage"},"image":{"@id":"https:\/\/now-news.de\/de\/deutschland\/josep-borrell-eu-und-usa-sind-nicht-mehr-wichtigste-verbuendete\/#primaryimage"},"thumbnailUrl":"https:\/\/now-news.de\/de\/wp-content\/uploads\/sites\/3\/2026\/01\/Josep-Borrell-EU-und-USA-sind-nicht-mehr-wichtigste-Verbuendete.jpg","datePublished":"2026-01-08T11:29:38+00:00","dateModified":"2026-01-08T11:29:38+00:00","breadcrumb":{"@id":"https:\/\/now-news.de\/de\/deutschland\/josep-borrell-eu-und-usa-sind-nicht-mehr-wichtigste-verbuendete\/#breadcrumb"},"inLanguage":"de","potentialAction":[{"@type":"ReadAction","target":["https:\/\/now-news.de\/de\/deutschland\/josep-borrell-eu-und-usa-sind-nicht-mehr-wichtigste-verbuendete\/"]}]},{"@type":"ImageObject","inLanguage":"de","@id":"https:\/\/now-news.de\/de\/deutschland\/josep-borrell-eu-und-usa-sind-nicht-mehr-wichtigste-verbuendete\/#primaryimage","url":"https:\/\/now-news.de\/de\/wp-content\/uploads\/sites\/3\/2026\/01\/Josep-Borrell-EU-und-USA-sind-nicht-mehr-wichtigste-Verbuendete.jpg","contentUrl":"https:\/\/now-news.de\/de\/wp-content\/uploads\/sites\/3\/2026\/01\/Josep-Borrell-EU-und-USA-sind-nicht-mehr-wichtigste-Verbuendete.jpg","width":460,"height":259,"caption":"Josep Borrell: EU und USA sind nicht mehr wichtigste Verb\u00fcndete"},{"@type":"BreadcrumbList","@id":"https:\/\/now-news.de\/de\/deutschland\/josep-borrell-eu-und-usa-sind-nicht-mehr-wichtigste-verbuendete\/#breadcrumb","itemListElement":[{"@type":"ListItem","position":1,"name":"Home","item":"https:\/\/now-news.de\/de\/"},{"@type":"ListItem","position":2,"name":"Josep Borrell: EU und USA sind nicht mehr wichtigste Verb\u00fcndete"}]},{"@type":"WebSite","@id":"https:\/\/now-news.de\/de\/#website","url":"https:\/\/now-news.de\/de\/","name":"just-now.NEWS Deutschland","description":"Das Portal f\u00fcr unzensierte Nachrichten aus der Welt","publisher":{"@id":"https:\/\/now-news.de\/de\/#organization"},"potentialAction":[{"@type":"SearchAction","target":{"@type":"EntryPoint","urlTemplate":"https:\/\/now-news.de\/de\/?s={search_term_string}"},"query-input":"required name=search_term_string"}],"inLanguage":"de"},{"@type":"Organization","@id":"https:\/\/now-news.de\/de\/#organization","name":"Just Now News","url":"https:\/\/now-news.de\/de\/","logo":{"@type":"ImageObject","inLanguage":"de","@id":"https:\/\/now-news.de\/de\/#\/schema\/logo\/image\/","url":"http:\/\/just-now.news\/de\/wp-content\/uploads\/sites\/3\/2022\/04\/logo500x500.jpg","contentUrl":"http:\/\/just-now.news\/de\/wp-content\/uploads\/sites\/3\/2022\/04\/logo500x500.jpg","width":500,"height":500,"caption":"Just Now News"},"image":{"@id":"https:\/\/now-news.de\/de\/#\/schema\/logo\/image\/"},"sameAs":["https:\/\/www.facebook.com\/wirmachenauf","https:\/\/x.com\/WirMachenAuf_de"]},{"@type":"Person","@id":"https:\/\/now-news.de\/de\/#\/schema\/person\/fb534a4e865501d8b3285208df34a9b5","name":"rtnews","image":{"@type":"ImageObject","inLanguage":"de","@id":"https:\/\/now-news.de\/de\/#\/schema\/person\/image\/","url":"https:\/\/secure.gravatar.com\/avatar\/82aafea7d8127119dd649515f56e2117?s=96&d=mm&r=g","contentUrl":"https:\/\/secure.gravatar.com\/avatar\/82aafea7d8127119dd649515f56e2117?s=96&d=mm&r=g","caption":"rtnews"},"url":"https:\/\/now-news.de\/de\/author\/rnews\/"}]}},"_links":{"self":[{"href":"https:\/\/now-news.de\/de\/wp-json\/wp\/v2\/posts\/96960"}],"collection":[{"href":"https:\/\/now-news.de\/de\/wp-json\/wp\/v2\/posts"}],"about":[{"href":"https:\/\/now-news.de\/de\/wp-json\/wp\/v2\/types\/post"}],"author":[{"embeddable":true,"href":"https:\/\/now-news.de\/de\/wp-json\/wp\/v2\/users\/3"}],"replies":[{"embeddable":true,"href":"https:\/\/now-news.de\/de\/wp-json\/wp\/v2\/comments?post=96960"}],"version-history":[{"count":0,"href":"https:\/\/now-news.de\/de\/wp-json\/wp\/v2\/posts\/96960\/revisions"}],"wp:featuredmedia":[{"embeddable":true,"href":"https:\/\/now-news.de\/de\/wp-json\/wp\/v2\/media\/96961"}],"wp:attachment":[{"href":"https:\/\/now-news.de\/de\/wp-json\/wp\/v2\/media?parent=96960"}],"wp:term":[{"taxonomy":"category","embeddable":true,"href":"https:\/\/now-news.de\/de\/wp-json\/wp\/v2\/categories?post=96960"},{"taxonomy":"post_tag","embeddable":true,"href":"https:\/\/now-news.de\/de\/wp-json\/wp\/v2\/tags?post=96960"}],"curies":[{"name":"wp","href":"https:\/\/api.w.org\/{rel}","templated":true}]}}