{"id":96930,"date":"2026-01-07T19:13:44","date_gmt":"2026-01-07T17:13:44","guid":{"rendered":"https:\/\/now-news.de\/de\/deutschland\/venezuela-haftbefehl-per-us-luftschlag\/"},"modified":"2026-01-07T19:13:44","modified_gmt":"2026-01-07T17:13:44","slug":"venezuela-haftbefehl-per-us-luftschlag","status":"publish","type":"post","link":"https:\/\/now-news.de\/de\/deutschland\/venezuela-haftbefehl-per-us-luftschlag\/","title":{"rendered":"Venezuela: Haftbefehl per US-Luftschlag"},"content":{"rendered":"<p><img decoding=\"async\" src=\"https:\/\/now-news.de\/de\/wp-content\/uploads\/sites\/3\/2026\/01\/695e7e3fb480cc09d15557e8.jpg\" \/><\/p>\n<div class=\"Text-root Text-type_1 \">\n                Wenn eine Supermacht erkl\u00e4rt, sie habe einen Staatspr\u00e4sidenten &#8220;verhaftet&#8221;, und im gleichen Atemzug ank\u00fcndigt, ein fremdes Land &#8220;f\u00fchren&#8221; zu wollen, dann ist das Kolonialismus. Hinzu kommt der innenpolitische Befund, dass der US-Kongress vor der &#8220;Operation&#8221; nicht informiert wurde.\n            <\/div>\n<p><\/p>\n<div class=\"Text-root Text-type_5 ArticleView-text ViewText-root \">\n<p><em>Von Dejan Lazi\u0107<\/em><\/p>\n<p>Die USA haben Venezuelas Pr\u00e4sident Nicol\u00e1s Maduro und seine Ehefrau Cilia Flores mit einer gro\u00dfangelegten Milit\u00e4roperation aus der Hauptstadt Caracas entf\u00fchrt und in die USA verschleppt. <a rel=\"nofollow noopener\" target=\"_blank\" href=\"https:\/\/www.reuters.com\/world\/americas\/loud-noises-heard-venezuela-capital-southern-area-without-electricity-2026-01-03\/\">Washington verkauft den Einsatz<\/a> als &#8220;Law-Enforcement&#8221;-Mission gegen &#8220;Narco-Terror&#8221;, und Pr\u00e4sident Trump k\u00fcndigt \u00f6ffentlich an, die USA w\u00fcrden Venezuela vor\u00fcbergehend &#8220;regieren&#8221; und amerikanische \u00d6linteressen zur\u00fcckholen. International hagelt es Warnungen vor <a rel=\"nofollow noopener\" target=\"_blank\" href=\"https:\/\/www.amnesty.org\/en\/latest\/news\/2026\/01\/amnesty-raises-concerns-following-us-military-action-in-venezuela\/\">einem gef\u00e4hrlichen Pr\u00e4zedenzfall<\/a>. Das <a rel=\"nofollow noopener\" target=\"_blank\" href=\"https:\/\/www.eeas.europa.eu\/eeas\/venezuela-statement-high-representative-aftermath-us-intervention-venezuela_en?etrans=de\">V\u00f6lkerrecht solle gewahrt<\/a> werden.\u00a0<\/p>\n<p><strong>Das Bild, das alles verr\u00e4t<\/strong><\/p>\n<p>Caracas am 3. Januar, kurz vor Tagesanbruch: Explosionen an milit\u00e4rischen Zielen, US-Kampfhubschrauber im Tiefflug, eine Stadt im Ausnahmezustand. New York, wenig sp\u00e4ter: Haftzentrum, schwer bewaffnete Eskorte, ein Gefangener f\u00fcr die Kameras. Nicol\u00e1s Maduro sitzt nicht mehr im Pr\u00e4sidentenpalast, sondern in <a rel=\"nofollow noopener\" target=\"_blank\" href=\"https:\/\/apnews.com\/article\/maduro-indictment-justice-department-trump-bondi-25a6fbd922472296c744eb5111cd914c\">US-Gewahrsam<\/a> und soll in Manhattan vor Gericht erscheinen. Das ist nicht &#8220;die Festnahme eines Verd\u00e4chtigen&#8221;. Das ist die Verschmelzung zweier Rollen, die im Lehrbuch getrennt sind: Polizei und Milit\u00e4r. <a rel=\"nofollow noopener\" target=\"_blank\" href=\"https:\/\/www.reuters.com\/world\/americas\/loud-noises-heard-venezuela-capital-southern-area-without-electricity-2026-01-03\/\"><em>Reuters<\/em> beschreibt<\/a> Monate der Planung, eine nachgebaute Attrappe des Safe Houses, CIA-Unterst\u00fctzung und einen Einsatz, bei dem laut US-Milit\u00e4r \u00fcber 150 Flugzeuge in der Region involviert waren. So sieht keine normale Verhaftung aus. So sieht Machtprojektion aus.<\/p>\n<p><strong>Terror-Label als T\u00fcr\u00f6ffner f\u00fcr Milit\u00e4roperationen<\/strong><\/p>\n<p>Der Mechanismus ist simpel: Sobald man ein Etikett aufklebt \u2013 &#8220;Terror&#8221;, &#8220;Narco-Terror&#8221;, &#8220;transnationale Bedrohung&#8221; \u2013 wird aus Strafrecht Sicherheitsrecht gemacht. Und aus Sicherheitsrecht wird milit\u00e4rische Handlungsfreiheit abgeleitet. Im Juli 2025 <a rel=\"nofollow noopener\" target=\"_blank\" href=\"https:\/\/home.treasury.gov\/news\/press-releases\/sb0207\">stufte das US-Finanzministerium<\/a> das &#8220;Cartel de los Soles&#8221; als Specially Designated Global Terrorist ein \u2013 ausdr\u00fccklich als Netzwerk &#8220;unter F\u00fchrung&#8221; Maduros und als Unterst\u00fctzer von &#8220;Tren de Aragua&#8221; und dem &#8220;Sinaloa-Kartell&#8221;. Im November folgte die formale Einstufung als &#8220;<a rel=\"nofollow noopener\" target=\"_blank\" href=\"https:\/\/www.state.gov\/releases\/office-of-the-spokesperson\/2025\/11\/terrorist-designations-of-cartel-de-los-soles\">Foreign Terrorist Organization<\/a>&#8220;. Damit ist das juristische Vorfeld abgesteckt: Wer so etikettiert ist, landet nicht mehr in der Rubrik &#8220;Korruption und organisierte Kriminalit\u00e4t&#8221;, sondern im Arsenal der nationalen Sicherheitslogik. Und jetzt kommt die <a rel=\"nofollow noopener\" target=\"_blank\" href=\"https:\/\/www.justice.gov\/opa\/media\/1422326\/dl\">US-Anklageschrift<\/a> als politischer Klebstoff: Das US-Justizministerium wirft Maduro und weiteren Beschuldigten unter anderem &#8220;narco-terrorism conspiracy&#8221;, Drogen- und Waffen-Delikte vor. Die Geschichte ist damit rund: Terror-Label, Indictment, milit\u00e4rische Durchsetzung.<\/p>\n<p><strong>Ein Haftbefehl ist keine UN-Resolution<\/strong><\/p>\n<p>Hier liegt der Kern des Skandals \u2013 unabh\u00e4ngig davon, wie man Maduro politisch bewertet. Internationale Rechtsordnung funktioniert nicht nach dem Motto: &#8220;Wir halten dich f\u00fcr illegitim, also holen wir dich.&#8221; Institutionen, die nicht gerade f\u00fcr antiamerikanische Reflexe bekannt sind, sagen das inzwischen erstaunlich deutlich.<\/p>\n<p><a rel=\"nofollow noopener\" target=\"_blank\" href=\"https:\/\/www.amnesty.org\/en\/latest\/news\/2026\/01\/amnesty-raises-concerns-following-us-military-action-in-venezuela\">Amnesty International<\/a> warnt, die Aktion verletze sehr wahrscheinlich internationales Recht und die UN-Charta \u2013 und gerade die Ank\u00fcndigung, Venezuela &#8220;zu f\u00fchren&#8221; und \u00d6lressourcen zu kontrollieren, versch\u00e4rfe den Bruch noch einmal. <a rel=\"nofollow noopener\" target=\"_blank\" href=\"https:\/\/www.chathamhouse.org\/2026\/01\/us-capture-president-nicolas-maduro-and-attacks-venezuela-have-no-justification\">Chatham House<\/a> nennt die Operation eine klare Verletzung venezolanischer Souver\u00e4nit\u00e4t und der UN-Charta und weist zugleich auf die zynische Pointe hin: US-Gerichte werden sich von der Art der &#8220;Beschaffung&#8221; des Angeklagten kaum beeindrucken lassen. Sogar <a rel=\"nofollow noopener\" target=\"_blank\" href=\"https:\/\/www.eeas.europa.eu\/eeas\/venezuela-statement-high-representative-aftermath-us-intervention-venezuela_en\">aus Br\u00fcssel<\/a> kommt ein Satz, der wie ein diplomatischer Notruf klingt: Unter allen Umst\u00e4nden m\u00fcssten UN-Charta und V\u00f6lkerrechtsprinzipien eingehalten werden \u2013 und Mitglieder des Sicherheitsrats h\u00e4tten eine besondere Verantwortung. \u00dcbersetzt: Wenn die USA das d\u00fcrfen, darf es k\u00fcnftig jeder, der stark genug ist.<\/p>\n<\/p>\n<p>Selbst <a rel=\"nofollow noopener\" target=\"_blank\" href=\"https:\/\/www.justsecurity.org\/127962\/maduro-capture-operation-and-presidents-duty-to-faithfully-execute-un-charter\/\">US-Juristen kritisieren<\/a>, die Aktion verletze die verfassungsrechtliche Pflicht des Pr\u00e4sidenten, die von den USA eingegangenen v\u00f6lkerrechtlichen Verpflichtungen \u2013 insbesondere das Gewaltverbot nach Artikel 2 Absatz 4 der UN-Charta \u2013 getreulich auszuf\u00fchren; keine <a rel=\"nofollow noopener\" target=\"_blank\" href=\"https:\/\/de.wikipedia.org\/wiki\/Authorization_for_Use_of_Military_Force_Against_Terrorists\">AUMF<\/a> (Authorization for Use of Military Force) oder Kriegserkl\u00e4rung deckt sie ab.<\/p>\n<p><strong>&#8220;Wir werden das Land f\u00fchren&#8221; ist keine Strafverfolgung mehr<\/strong><\/p>\n<p>Vielleicht w\u00e4ren der \u00dcberfall und die Entf\u00fchrung (juristisch wie politisch) &#8220;sauberer&#8221; gewesen, wenn Washington bei der Strafverfolgungs-Erz\u00e4hlung geblieben w\u00e4re. Aber Trump selbst hat diese Linie verwischt \u2013 und damit unfreiwillig entlarvt, worum es tats\u00e4chlich geht.<\/p>\n<p>In den Berichten von <em>Reuters<\/em> und Amnesty International taucht ein Motiv immer wieder auf: \u00d6l. Trump spricht davon, Venezuela habe amerikanische \u00d6linteressen &#8220;gestohlen&#8221;, die USA w\u00fcrden das &#8220;zur\u00fcckholen&#8221;, gro\u00dfe US-\u00d6lkonzerne w\u00fcrden &#8220;einziehen&#8221;. Venezolanische Regierungsvertreter kontern seit Monaten, die USA wollten genau das: Zugriff auf Ressourcen. Auch wenn man beide Seiten f\u00fcr Propaganda h\u00e4lt \u2013 die Richtung ist klar: Es geht nicht nur um einen Angeklagten, es geht um das Spielfeld. Und genau deshalb ist die &#8220;War on Drugs&#8221;-Begr\u00fcndung so gef\u00e4hrlich. Sie ist elastisch. Sie l\u00e4sst sich auf alles ziehen. Heute Fentanyl oder Kokain. Morgen Migration. \u00dcbermorgen &#8220;Desinformation&#8221;. Wer den Pr\u00e4zedenzfall akzeptiert, unterschreibt den Blankoscheck.<\/p>\n<p><strong>Noriega 2.0 \u2013 nur mit besserer PR<\/strong><\/p>\n<p>Die <a rel=\"nofollow noopener\" target=\"_blank\" href=\"https:\/\/www.lawyer-monthly.com\/2026\/01\/venezuela-maduro-arrest-legal-analysis-sovereign-liability\/\">historische Parallele<\/a> liegt auf dem Tisch: Panama 1989, Manuel Noriega, ebenfalls ein &#8220;Narco&#8221;-Feindbild, ebenfalls ein Zugriff mit milit\u00e4rischer Gewalt und anschlie\u00dfendem US-Prozess. <a rel=\"nofollow noopener\" target=\"_blank\" href=\"https:\/\/www.reuters.com\/world\/americas\/loud-noises-heard-venezuela-capital-southern-area-without-electricity-2026-01-03\/\"><em>Reuters<\/em> verweist selbst<\/a> auf dieses Vorbild. Der Unterschied heute: Damals gab es die offene Invasion. Heute nennt man es &#8220;Festnahme&#8221;, flankiert von Anti-Drogen-Rhetorik und Terror-Listungen. Das ist moderner, PR-tauglicher \u2013 und damit anschlussf\u00e4higer f\u00fcr Verb\u00fcndete, die ungern &#8220;Invasion&#8221; sagen, aber gern &#8220;Rule of Law&#8221; oder &#8220;regelbasierte Weltordnung&#8221; auf einer Pressekonferenz h\u00f6ren.<\/p>\n<p>Hinzu kommt ein <a rel=\"nofollow noopener\" target=\"_blank\" href=\"https:\/\/www.reuters.com\/world\/americas\/democratic-lawmakers-say-they-were-misled-venezuela-2026-01-03\/\">innenpolitischer Befund<\/a>, der in der Debatte zu leise bleibt: Der US-Kongress wurde vor der &#8220;Operation&#8221; nicht informiert. Eine Exekutive, die einen Kriegseinsatz als Polizeima\u00dfnahme etikettiert, um Kontrolle zu umgehen \u2013 das ist nicht St\u00e4rke. Das ist institutioneller Verschlei\u00df.<\/p>\n<p><strong>Und am Ende zahlen wieder die Unschuldigen<\/strong><\/p>\n<p>Zwischen all den gro\u00dfen Worten \u00fcber Ordnung, Recht und Demokratie stehen zerst\u00f6rte H\u00e4user und traumatisierte Menschen. <em>Reuters<\/em> berichtet von zerst\u00f6rten Wohnungen aus Wohngebieten nahe Caracas; eine offizielle Todeszahl gibt es noch nicht. Wenn das &#8220;Strafverfolgung&#8221; sein soll, dann ist es die Art Strafverfolgung, bei der Unbeteiligte den Preis zahlen \u2013 und die Verantwortlichen sich in Pressestatements zu &#8220;Werten&#8221; bekennen.<\/p>\n<p>Die eigentliche Frage lautet deshalb nicht: &#8220;Ist Maduro ein guter Pr\u00e4sident?&#8221; Die Frage lautet: &#8220;Welche Welt entsteht, wenn Staaten ihre juristischen Anspr\u00fcche mit Bomben zustellen \u2013 und anschlie\u00dfend erkl\u00e4ren, sie w\u00fcrden das betroffene Land gleich mit verwalten?&#8221; Wer heute applaudiert, weil es vermeintlich den &#8220;Richtigen&#8221; trifft, k\u00f6nnte morgen feststellen: Regeln verschwinden nicht. Sie wechseln nur den Besitzer.<\/p>\n<p><em>Der Artikel ist am 5. Januar 2026 zuerst bei\u00a0<a rel=\"nofollow noopener\" target=\"_blank\" href=\"https:\/\/haintz.media\/artikel\/international\/venezuela-haftbefehl-per-us-luftschlag\/\">HAINTZ.media<\/a> erschienen.<\/em><\/p>\n<p><em><strong>Dejan Lazi\u0107<\/strong> ist Jurist und Sozial\u00f6konom. Gr\u00fcndungsmitglied des BSW. Als Autor schreibt er \u00fcber Macht, Moral und Manipulation \u2013 und die Rolle von Parteien, &#8220;Medien&#8221; und Konzernen in einer gelenkten Demokratie.<\/em><\/p>\n<p><strong>Mehr zum Thema<\/strong> &#8211; <a rel=\"nofollow noopener\" target=\"_blank\" href=\"https:\/\/freedert.online\/schweiz\/266646-venezuelas-gold-verschwindet-maduro-flog\/\">Venezuelas Gold verschwindet: Maduro flog 127 Tonnen in die Schweiz, Spur verliert sich in Genf<\/a><\/p>\n<div class=\"EmbedBlock-root EmbedBlock-externalVideo EmbedBlock-rumble\">\n<div class=\"VkEmbed\"><iframe class=\"lazyload\" data-src=\"https:\/\/rumble.com\/embed\/v71t2s2\" frameborder=\"0\" width=\"853\" height=\"480\" allowfullscreen><\/iframe><\/div>\n<\/div>\n<\/div>\n<p><br \/>\n<br \/><a href=\"https:\/\/de.rt.com\/amerika\/266741-venezuela-haftbefehl-per-us-luftschlag\/\">Source link <\/a><\/p>\n","protected":false},"excerpt":{"rendered":"<p>Wenn eine Supermacht erkl\u00e4rt, sie habe einen Staatspr\u00e4sidenten &#8220;verhaftet&#8221;, und im gleichen Atemzug ank\u00fcndigt, ein fremdes Land &#8220;f\u00fchren&#8221; zu wollen, dann ist das Kolonialismus. Hinzu kommt der innenpolitische Befund, dass der US-Kongress vor der &#8220;Operation&#8221; nicht informiert wurde. Von Dejan Lazi\u0107 Die USA haben Venezuelas Pr\u00e4sident Nicol\u00e1s Maduro und seine Ehefrau Cilia Flores mit einer [&hellip;]<\/p>\n","protected":false},"author":3,"featured_media":96931,"comment_status":"open","ping_status":"open","sticky":false,"template":"","format":"standard","meta":{"_yoast_indexnow_last_ping":["1767806203"],"wp_automatic_camp":["217"],"c3188aaaafb802a3afad3fb3ddf3cdc6":["Venezuela: Haftbefehl per US-Luftschlag"],"original_link":["https:\/\/de.rt.com\/amerika\/266741-venezuela-haftbefehl-per-us-luftschlag\/"],"_thumbnail_id":["96931"],"jnews_social_counter_last_update":["1777083199"],"_wptgpro_p2tg_sent2tg":["a:1:{i:23737;s:19:\"2026-01-07 19:18:10\";}"]},"categories":[19,23],"tags":[26011,70415,18708],"yoast_head":"<!-- This site is optimized with the Yoast SEO Premium plugin v22.7 (Yoast SEO v22.7) - https:\/\/yoast.com\/wordpress\/plugins\/seo\/ -->\n<title>Venezuela: Haftbefehl per US-Luftschlag - just-now.NEWS Deutschland<\/title>\n<meta name=\"robots\" content=\"index, follow, max-snippet:-1, max-image-preview:large, max-video-preview:-1\" \/>\n<link rel=\"canonical\" href=\"https:\/\/now-news.de\/de\/deutschland\/venezuela-haftbefehl-per-us-luftschlag\/\" \/>\n<meta property=\"og:locale\" content=\"de_DE\" \/>\n<meta property=\"og:type\" content=\"article\" \/>\n<meta property=\"og:title\" content=\"Venezuela: Haftbefehl per US-Luftschlag\" \/>\n<meta property=\"og:description\" content=\"Wenn eine Supermacht erkl\u00e4rt, sie habe einen Staatspr\u00e4sidenten &#8220;verhaftet&#8221;, und im gleichen Atemzug ank\u00fcndigt, ein fremdes Land &#8220;f\u00fchren&#8221; zu wollen, dann ist das Kolonialismus. Hinzu kommt der innenpolitische Befund, dass der US-Kongress vor der &#8220;Operation&#8221; nicht informiert wurde. Von Dejan Lazi\u0107 Die USA haben Venezuelas Pr\u00e4sident Nicol\u00e1s Maduro und seine Ehefrau Cilia Flores mit einer [&hellip;]\" \/>\n<meta property=\"og:url\" content=\"https:\/\/now-news.de\/de\/deutschland\/venezuela-haftbefehl-per-us-luftschlag\/\" \/>\n<meta property=\"og:site_name\" content=\"just-now.NEWS Deutschland\" \/>\n<meta property=\"article:publisher\" content=\"https:\/\/www.facebook.com\/wirmachenauf\" \/>\n<meta property=\"article:published_time\" content=\"2026-01-07T17:13:44+00:00\" \/>\n<meta property=\"og:image\" content=\"https:\/\/now-news.de\/de\/wp-content\/uploads\/sites\/3\/2026\/01\/695e7e3fb480cc09d15557e8.jpg\" \/>\n<meta name=\"author\" content=\"rtnews\" \/>\n<meta name=\"twitter:card\" content=\"summary_large_image\" \/>\n<meta name=\"twitter:creator\" content=\"@WirMachenAuf_de\" \/>\n<meta name=\"twitter:site\" content=\"@WirMachenAuf_de\" \/>\n<meta name=\"twitter:label1\" content=\"Verfasst von\" \/>\n\t<meta name=\"twitter:data1\" content=\"rtnews\" \/>\n\t<meta name=\"twitter:label2\" content=\"Gesch\u00e4tzte Lesezeit\" \/>\n\t<meta name=\"twitter:data2\" content=\"5\u00a0Minuten\" \/>\n<script type=\"application\/ld+json\" class=\"yoast-schema-graph\">{\"@context\":\"https:\/\/schema.org\",\"@graph\":[{\"@type\":\"Article\",\"@id\":\"https:\/\/now-news.de\/de\/deutschland\/venezuela-haftbefehl-per-us-luftschlag\/#article\",\"isPartOf\":{\"@id\":\"https:\/\/now-news.de\/de\/deutschland\/venezuela-haftbefehl-per-us-luftschlag\/\"},\"author\":{\"name\":\"rtnews\",\"@id\":\"https:\/\/now-news.de\/de\/#\/schema\/person\/fb534a4e865501d8b3285208df34a9b5\"},\"headline\":\"Venezuela: Haftbefehl per US-Luftschlag\",\"datePublished\":\"2026-01-07T17:13:44+00:00\",\"dateModified\":\"2026-01-07T17:13:44+00:00\",\"mainEntityOfPage\":{\"@id\":\"https:\/\/now-news.de\/de\/deutschland\/venezuela-haftbefehl-per-us-luftschlag\/\"},\"wordCount\":1083,\"commentCount\":0,\"publisher\":{\"@id\":\"https:\/\/now-news.de\/de\/#organization\"},\"image\":{\"@id\":\"https:\/\/now-news.de\/de\/deutschland\/venezuela-haftbefehl-per-us-luftschlag\/#primaryimage\"},\"thumbnailUrl\":\"https:\/\/now-news.de\/de\/wp-content\/uploads\/sites\/3\/2026\/01\/Venezuela-Haftbefehl-per-US-Luftschlag.jpg\",\"keywords\":[\"Haftbefehl\",\"USLuftschlag\",\"Venezuela\"],\"articleSection\":[\"Deutschland\",\"Russland\"],\"inLanguage\":\"de\",\"potentialAction\":[{\"@type\":\"CommentAction\",\"name\":\"Comment\",\"target\":[\"https:\/\/now-news.de\/de\/deutschland\/venezuela-haftbefehl-per-us-luftschlag\/#respond\"]}]},{\"@type\":\"WebPage\",\"@id\":\"https:\/\/now-news.de\/de\/deutschland\/venezuela-haftbefehl-per-us-luftschlag\/\",\"url\":\"https:\/\/now-news.de\/de\/deutschland\/venezuela-haftbefehl-per-us-luftschlag\/\",\"name\":\"Venezuela: Haftbefehl per US-Luftschlag - just-now.NEWS Deutschland\",\"isPartOf\":{\"@id\":\"https:\/\/now-news.de\/de\/#website\"},\"primaryImageOfPage\":{\"@id\":\"https:\/\/now-news.de\/de\/deutschland\/venezuela-haftbefehl-per-us-luftschlag\/#primaryimage\"},\"image\":{\"@id\":\"https:\/\/now-news.de\/de\/deutschland\/venezuela-haftbefehl-per-us-luftschlag\/#primaryimage\"},\"thumbnailUrl\":\"https:\/\/now-news.de\/de\/wp-content\/uploads\/sites\/3\/2026\/01\/Venezuela-Haftbefehl-per-US-Luftschlag.jpg\",\"datePublished\":\"2026-01-07T17:13:44+00:00\",\"dateModified\":\"2026-01-07T17:13:44+00:00\",\"breadcrumb\":{\"@id\":\"https:\/\/now-news.de\/de\/deutschland\/venezuela-haftbefehl-per-us-luftschlag\/#breadcrumb\"},\"inLanguage\":\"de\",\"potentialAction\":[{\"@type\":\"ReadAction\",\"target\":[\"https:\/\/now-news.de\/de\/deutschland\/venezuela-haftbefehl-per-us-luftschlag\/\"]}]},{\"@type\":\"ImageObject\",\"inLanguage\":\"de\",\"@id\":\"https:\/\/now-news.de\/de\/deutschland\/venezuela-haftbefehl-per-us-luftschlag\/#primaryimage\",\"url\":\"https:\/\/now-news.de\/de\/wp-content\/uploads\/sites\/3\/2026\/01\/Venezuela-Haftbefehl-per-US-Luftschlag.jpg\",\"contentUrl\":\"https:\/\/now-news.de\/de\/wp-content\/uploads\/sites\/3\/2026\/01\/Venezuela-Haftbefehl-per-US-Luftschlag.jpg\",\"width\":460,\"height\":259,\"caption\":\"Venezuela: Haftbefehl per US-Luftschlag\"},{\"@type\":\"BreadcrumbList\",\"@id\":\"https:\/\/now-news.de\/de\/deutschland\/venezuela-haftbefehl-per-us-luftschlag\/#breadcrumb\",\"itemListElement\":[{\"@type\":\"ListItem\",\"position\":1,\"name\":\"Home\",\"item\":\"https:\/\/now-news.de\/de\/\"},{\"@type\":\"ListItem\",\"position\":2,\"name\":\"Venezuela: Haftbefehl per US-Luftschlag\"}]},{\"@type\":\"WebSite\",\"@id\":\"https:\/\/now-news.de\/de\/#website\",\"url\":\"https:\/\/now-news.de\/de\/\",\"name\":\"just-now.NEWS Deutschland\",\"description\":\"Das Portal f\u00fcr unzensierte Nachrichten aus der Welt\",\"publisher\":{\"@id\":\"https:\/\/now-news.de\/de\/#organization\"},\"potentialAction\":[{\"@type\":\"SearchAction\",\"target\":{\"@type\":\"EntryPoint\",\"urlTemplate\":\"https:\/\/now-news.de\/de\/?s={search_term_string}\"},\"query-input\":\"required name=search_term_string\"}],\"inLanguage\":\"de\"},{\"@type\":\"Organization\",\"@id\":\"https:\/\/now-news.de\/de\/#organization\",\"name\":\"Just Now News\",\"url\":\"https:\/\/now-news.de\/de\/\",\"logo\":{\"@type\":\"ImageObject\",\"inLanguage\":\"de\",\"@id\":\"https:\/\/now-news.de\/de\/#\/schema\/logo\/image\/\",\"url\":\"http:\/\/just-now.news\/de\/wp-content\/uploads\/sites\/3\/2022\/04\/logo500x500.jpg\",\"contentUrl\":\"http:\/\/just-now.news\/de\/wp-content\/uploads\/sites\/3\/2022\/04\/logo500x500.jpg\",\"width\":500,\"height\":500,\"caption\":\"Just Now News\"},\"image\":{\"@id\":\"https:\/\/now-news.de\/de\/#\/schema\/logo\/image\/\"},\"sameAs\":[\"https:\/\/www.facebook.com\/wirmachenauf\",\"https:\/\/x.com\/WirMachenAuf_de\"]},{\"@type\":\"Person\",\"@id\":\"https:\/\/now-news.de\/de\/#\/schema\/person\/fb534a4e865501d8b3285208df34a9b5\",\"name\":\"rtnews\",\"image\":{\"@type\":\"ImageObject\",\"inLanguage\":\"de\",\"@id\":\"https:\/\/now-news.de\/de\/#\/schema\/person\/image\/\",\"url\":\"https:\/\/secure.gravatar.com\/avatar\/82aafea7d8127119dd649515f56e2117?s=96&d=mm&r=g\",\"contentUrl\":\"https:\/\/secure.gravatar.com\/avatar\/82aafea7d8127119dd649515f56e2117?s=96&d=mm&r=g\",\"caption\":\"rtnews\"},\"url\":\"https:\/\/now-news.de\/de\/author\/rnews\/\"}]}<\/script>\n<!-- \/ Yoast SEO Premium plugin. -->","yoast_head_json":{"title":"Venezuela: Haftbefehl per US-Luftschlag - just-now.NEWS Deutschland","robots":{"index":"index","follow":"follow","max-snippet":"max-snippet:-1","max-image-preview":"max-image-preview:large","max-video-preview":"max-video-preview:-1"},"canonical":"https:\/\/now-news.de\/de\/deutschland\/venezuela-haftbefehl-per-us-luftschlag\/","og_locale":"de_DE","og_type":"article","og_title":"Venezuela: Haftbefehl per US-Luftschlag","og_description":"Wenn eine Supermacht erkl\u00e4rt, sie habe einen Staatspr\u00e4sidenten &#8220;verhaftet&#8221;, und im gleichen Atemzug ank\u00fcndigt, ein fremdes Land &#8220;f\u00fchren&#8221; zu wollen, dann ist das Kolonialismus. Hinzu kommt der innenpolitische Befund, dass der US-Kongress vor der &#8220;Operation&#8221; nicht informiert wurde. Von Dejan Lazi\u0107 Die USA haben Venezuelas Pr\u00e4sident Nicol\u00e1s Maduro und seine Ehefrau Cilia Flores mit einer [&hellip;]","og_url":"https:\/\/now-news.de\/de\/deutschland\/venezuela-haftbefehl-per-us-luftschlag\/","og_site_name":"just-now.NEWS Deutschland","article_publisher":"https:\/\/www.facebook.com\/wirmachenauf","article_published_time":"2026-01-07T17:13:44+00:00","og_image":[{"url":"https:\/\/now-news.de\/de\/wp-content\/uploads\/sites\/3\/2026\/01\/695e7e3fb480cc09d15557e8.jpg"}],"author":"rtnews","twitter_card":"summary_large_image","twitter_creator":"@WirMachenAuf_de","twitter_site":"@WirMachenAuf_de","twitter_misc":{"Verfasst von":"rtnews","Gesch\u00e4tzte Lesezeit":"5\u00a0Minuten"},"schema":{"@context":"https:\/\/schema.org","@graph":[{"@type":"Article","@id":"https:\/\/now-news.de\/de\/deutschland\/venezuela-haftbefehl-per-us-luftschlag\/#article","isPartOf":{"@id":"https:\/\/now-news.de\/de\/deutschland\/venezuela-haftbefehl-per-us-luftschlag\/"},"author":{"name":"rtnews","@id":"https:\/\/now-news.de\/de\/#\/schema\/person\/fb534a4e865501d8b3285208df34a9b5"},"headline":"Venezuela: Haftbefehl per US-Luftschlag","datePublished":"2026-01-07T17:13:44+00:00","dateModified":"2026-01-07T17:13:44+00:00","mainEntityOfPage":{"@id":"https:\/\/now-news.de\/de\/deutschland\/venezuela-haftbefehl-per-us-luftschlag\/"},"wordCount":1083,"commentCount":0,"publisher":{"@id":"https:\/\/now-news.de\/de\/#organization"},"image":{"@id":"https:\/\/now-news.de\/de\/deutschland\/venezuela-haftbefehl-per-us-luftschlag\/#primaryimage"},"thumbnailUrl":"https:\/\/now-news.de\/de\/wp-content\/uploads\/sites\/3\/2026\/01\/Venezuela-Haftbefehl-per-US-Luftschlag.jpg","keywords":["Haftbefehl","USLuftschlag","Venezuela"],"articleSection":["Deutschland","Russland"],"inLanguage":"de","potentialAction":[{"@type":"CommentAction","name":"Comment","target":["https:\/\/now-news.de\/de\/deutschland\/venezuela-haftbefehl-per-us-luftschlag\/#respond"]}]},{"@type":"WebPage","@id":"https:\/\/now-news.de\/de\/deutschland\/venezuela-haftbefehl-per-us-luftschlag\/","url":"https:\/\/now-news.de\/de\/deutschland\/venezuela-haftbefehl-per-us-luftschlag\/","name":"Venezuela: Haftbefehl per US-Luftschlag - just-now.NEWS Deutschland","isPartOf":{"@id":"https:\/\/now-news.de\/de\/#website"},"primaryImageOfPage":{"@id":"https:\/\/now-news.de\/de\/deutschland\/venezuela-haftbefehl-per-us-luftschlag\/#primaryimage"},"image":{"@id":"https:\/\/now-news.de\/de\/deutschland\/venezuela-haftbefehl-per-us-luftschlag\/#primaryimage"},"thumbnailUrl":"https:\/\/now-news.de\/de\/wp-content\/uploads\/sites\/3\/2026\/01\/Venezuela-Haftbefehl-per-US-Luftschlag.jpg","datePublished":"2026-01-07T17:13:44+00:00","dateModified":"2026-01-07T17:13:44+00:00","breadcrumb":{"@id":"https:\/\/now-news.de\/de\/deutschland\/venezuela-haftbefehl-per-us-luftschlag\/#breadcrumb"},"inLanguage":"de","potentialAction":[{"@type":"ReadAction","target":["https:\/\/now-news.de\/de\/deutschland\/venezuela-haftbefehl-per-us-luftschlag\/"]}]},{"@type":"ImageObject","inLanguage":"de","@id":"https:\/\/now-news.de\/de\/deutschland\/venezuela-haftbefehl-per-us-luftschlag\/#primaryimage","url":"https:\/\/now-news.de\/de\/wp-content\/uploads\/sites\/3\/2026\/01\/Venezuela-Haftbefehl-per-US-Luftschlag.jpg","contentUrl":"https:\/\/now-news.de\/de\/wp-content\/uploads\/sites\/3\/2026\/01\/Venezuela-Haftbefehl-per-US-Luftschlag.jpg","width":460,"height":259,"caption":"Venezuela: Haftbefehl per US-Luftschlag"},{"@type":"BreadcrumbList","@id":"https:\/\/now-news.de\/de\/deutschland\/venezuela-haftbefehl-per-us-luftschlag\/#breadcrumb","itemListElement":[{"@type":"ListItem","position":1,"name":"Home","item":"https:\/\/now-news.de\/de\/"},{"@type":"ListItem","position":2,"name":"Venezuela: Haftbefehl per US-Luftschlag"}]},{"@type":"WebSite","@id":"https:\/\/now-news.de\/de\/#website","url":"https:\/\/now-news.de\/de\/","name":"just-now.NEWS Deutschland","description":"Das Portal f\u00fcr unzensierte Nachrichten aus der Welt","publisher":{"@id":"https:\/\/now-news.de\/de\/#organization"},"potentialAction":[{"@type":"SearchAction","target":{"@type":"EntryPoint","urlTemplate":"https:\/\/now-news.de\/de\/?s={search_term_string}"},"query-input":"required name=search_term_string"}],"inLanguage":"de"},{"@type":"Organization","@id":"https:\/\/now-news.de\/de\/#organization","name":"Just Now News","url":"https:\/\/now-news.de\/de\/","logo":{"@type":"ImageObject","inLanguage":"de","@id":"https:\/\/now-news.de\/de\/#\/schema\/logo\/image\/","url":"http:\/\/just-now.news\/de\/wp-content\/uploads\/sites\/3\/2022\/04\/logo500x500.jpg","contentUrl":"http:\/\/just-now.news\/de\/wp-content\/uploads\/sites\/3\/2022\/04\/logo500x500.jpg","width":500,"height":500,"caption":"Just Now News"},"image":{"@id":"https:\/\/now-news.de\/de\/#\/schema\/logo\/image\/"},"sameAs":["https:\/\/www.facebook.com\/wirmachenauf","https:\/\/x.com\/WirMachenAuf_de"]},{"@type":"Person","@id":"https:\/\/now-news.de\/de\/#\/schema\/person\/fb534a4e865501d8b3285208df34a9b5","name":"rtnews","image":{"@type":"ImageObject","inLanguage":"de","@id":"https:\/\/now-news.de\/de\/#\/schema\/person\/image\/","url":"https:\/\/secure.gravatar.com\/avatar\/82aafea7d8127119dd649515f56e2117?s=96&d=mm&r=g","contentUrl":"https:\/\/secure.gravatar.com\/avatar\/82aafea7d8127119dd649515f56e2117?s=96&d=mm&r=g","caption":"rtnews"},"url":"https:\/\/now-news.de\/de\/author\/rnews\/"}]}},"_links":{"self":[{"href":"https:\/\/now-news.de\/de\/wp-json\/wp\/v2\/posts\/96930"}],"collection":[{"href":"https:\/\/now-news.de\/de\/wp-json\/wp\/v2\/posts"}],"about":[{"href":"https:\/\/now-news.de\/de\/wp-json\/wp\/v2\/types\/post"}],"author":[{"embeddable":true,"href":"https:\/\/now-news.de\/de\/wp-json\/wp\/v2\/users\/3"}],"replies":[{"embeddable":true,"href":"https:\/\/now-news.de\/de\/wp-json\/wp\/v2\/comments?post=96930"}],"version-history":[{"count":0,"href":"https:\/\/now-news.de\/de\/wp-json\/wp\/v2\/posts\/96930\/revisions"}],"wp:featuredmedia":[{"embeddable":true,"href":"https:\/\/now-news.de\/de\/wp-json\/wp\/v2\/media\/96931"}],"wp:attachment":[{"href":"https:\/\/now-news.de\/de\/wp-json\/wp\/v2\/media?parent=96930"}],"wp:term":[{"taxonomy":"category","embeddable":true,"href":"https:\/\/now-news.de\/de\/wp-json\/wp\/v2\/categories?post=96930"},{"taxonomy":"post_tag","embeddable":true,"href":"https:\/\/now-news.de\/de\/wp-json\/wp\/v2\/tags?post=96930"}],"curies":[{"name":"wp","href":"https:\/\/api.w.org\/{rel}","templated":true}]}}