{"id":96880,"date":"2026-01-06T13:54:55","date_gmt":"2026-01-06T11:54:55","guid":{"rendered":"https:\/\/now-news.de\/de\/deutschland\/podoljaka-nach-den-feiertagen-steht-eine-neue-phase-der-kaempfe-bevor\/"},"modified":"2026-01-06T13:54:55","modified_gmt":"2026-01-06T11:54:55","slug":"podoljaka-nach-den-feiertagen-steht-eine-neue-phase-der-kaempfe-bevor","status":"publish","type":"post","link":"https:\/\/now-news.de\/de\/deutschland\/podoljaka-nach-den-feiertagen-steht-eine-neue-phase-der-kaempfe-bevor\/","title":{"rendered":"Podoljaka: Nach den Feiertagen steht eine neue Phase der K\u00e4mpfe bevor"},"content":{"rendered":"<p><img decoding=\"async\" src=\"https:\/\/now-news.de\/de\/wp-content\/uploads\/sites\/3\/2026\/01\/695cf41748fbef09c72f4c11.jpg\" \/><\/p>\n<div class=\"Text-root Text-type_1 \">\n                W\u00e4hrend die Kampfhandlungen \u00fcber die Feiertage leicht nachlassen, setzen mehrere russische Truppenverb\u00e4nde ihren Druck entlang der gesamten Front fort.\n            <\/div>\n<p><\/p>\n<div class=\"Text-root Text-type_5 ArticleView-text ViewText-root \">\n<p>Das berichtet der ukrainisch-russische Milit\u00e4ranalyst Juri Podoljaka in seinem Frontbericht. Von Nowopawlowka \u00fcber Pokrowsk bis Kupjansk werden taktische Erfolge ausgebaut, Reserven des Gegners gebunden und neue Vorst\u00f6\u00dfe vorbereitet. Ab dem 7. Januar ist mit einer deutlichen Intensivierung der K\u00e4mpfe zu rechnen.<\/p>\n<p><strong>Mehr zum Thema<\/strong>\u00a0\u2013\u00a0<a rel=\"nofollow noopener\" target=\"_blank\" href=\"https:\/\/freedert.online\/russland\/266533-trump-kaum-moeglich-dass-kiew\/\">Trump: &#8220;Kaum m\u00f6glich, dass Kiew die Residenz des russischen Pr\u00e4sidenten angegriffen hat&#8221;<\/a><\/p>\n<div class=\"EmbedBlock-root EmbedBlock-externalVideo EmbedBlock-rumble\">\n<div class=\"VkEmbed\"><iframe class=\"lazyload\" data-src=\"https:\/\/rumble.com\/embed\/v71lg4y\" frameborder=\"0\" width=\"853\" height=\"480\" allowfullscreen><\/iframe><\/div>\n<\/div>\n<\/div>\n<p><br \/>\n<br \/><a href=\"https:\/\/de.rt.com\/international\/266654-podoljaka-nach-feiertagen-steht-neue\/\">Source link <\/a><\/p>\n","protected":false},"excerpt":{"rendered":"<p>W\u00e4hrend die Kampfhandlungen \u00fcber die Feiertage leicht nachlassen, setzen mehrere russische Truppenverb\u00e4nde ihren Druck entlang der gesamten Front fort. Das berichtet der ukrainisch-russische Milit\u00e4ranalyst Juri Podoljaka in seinem Frontbericht. Von Nowopawlowka \u00fcber Pokrowsk bis Kupjansk werden taktische Erfolge ausgebaut, Reserven des Gegners gebunden und neue Vorst\u00f6\u00dfe vorbereitet. Ab dem 7. Januar ist mit einer deutlichen [&hellip;]<\/p>\n","protected":false},"author":3,"featured_media":96881,"comment_status":"open","ping_status":"open","sticky":false,"template":"","format":"standard","meta":{"_yoast_indexnow_last_ping":["1767701137"],"wp_automatic_camp":["217"],"8f305ca27bdfe2e1331da2757daf2c41":["Podoljaka: Nach den Feiertagen steht eine neue Phase der K\u00e4mpfe bevor"],"original_link":["https:\/\/de.rt.com\/international\/266654-podoljaka-nach-feiertagen-steht-neue\/"],"_thumbnail_id":["96881"],"jnews_social_counter_last_update":["1777385253"],"_wptgpro_p2tg_sent2tg":["a:1:{i:23737;s:19:\"2026-01-06 14:06:43\";}"]},"categories":[19,23],"tags":[7764,48,82,275,61253,4692,979,1227,3471,34692,1606],"yoast_head":"<!-- This site is optimized with the Yoast SEO Premium plugin v22.7 (Yoast SEO v22.7) - https:\/\/yoast.com\/wordpress\/plugins\/seo\/ -->\n<title>Podoljaka: Nach den Feiertagen steht eine neue Phase der K\u00e4mpfe bevor - just-now.NEWS Deutschland<\/title>\n<meta name=\"robots\" content=\"index, follow, max-snippet:-1, max-image-preview:large, max-video-preview:-1\" \/>\n<link rel=\"canonical\" href=\"https:\/\/now-news.de\/de\/deutschland\/podoljaka-nach-den-feiertagen-steht-eine-neue-phase-der-kaempfe-bevor\/\" \/>\n<meta property=\"og:locale\" content=\"de_DE\" \/>\n<meta property=\"og:type\" content=\"article\" \/>\n<meta property=\"og:title\" content=\"Podoljaka: Nach den Feiertagen steht eine neue Phase der K\u00e4mpfe bevor\" \/>\n<meta property=\"og:description\" content=\"W\u00e4hrend die Kampfhandlungen \u00fcber die Feiertage leicht nachlassen, setzen mehrere russische Truppenverb\u00e4nde ihren Druck entlang der gesamten Front fort. Das berichtet der ukrainisch-russische Milit\u00e4ranalyst Juri Podoljaka in seinem Frontbericht. Von Nowopawlowka \u00fcber Pokrowsk bis Kupjansk werden taktische Erfolge ausgebaut, Reserven des Gegners gebunden und neue Vorst\u00f6\u00dfe vorbereitet. Ab dem 7. Januar ist mit einer deutlichen [&hellip;]\" \/>\n<meta property=\"og:url\" content=\"https:\/\/now-news.de\/de\/deutschland\/podoljaka-nach-den-feiertagen-steht-eine-neue-phase-der-kaempfe-bevor\/\" \/>\n<meta property=\"og:site_name\" content=\"just-now.NEWS Deutschland\" \/>\n<meta property=\"article:publisher\" content=\"https:\/\/www.facebook.com\/wirmachenauf\" \/>\n<meta property=\"article:published_time\" content=\"2026-01-06T11:54:55+00:00\" \/>\n<meta property=\"og:image\" content=\"https:\/\/now-news.de\/de\/wp-content\/uploads\/sites\/3\/2026\/01\/695cf41748fbef09c72f4c11.jpg\" \/>\n<meta name=\"author\" content=\"rtnews\" \/>\n<meta name=\"twitter:card\" content=\"summary_large_image\" \/>\n<meta name=\"twitter:creator\" content=\"@WirMachenAuf_de\" \/>\n<meta name=\"twitter:site\" content=\"@WirMachenAuf_de\" \/>\n<meta name=\"twitter:label1\" content=\"Verfasst von\" \/>\n\t<meta name=\"twitter:data1\" content=\"rtnews\" \/>\n<script type=\"application\/ld+json\" class=\"yoast-schema-graph\">{\"@context\":\"https:\/\/schema.org\",\"@graph\":[{\"@type\":\"Article\",\"@id\":\"https:\/\/now-news.de\/de\/deutschland\/podoljaka-nach-den-feiertagen-steht-eine-neue-phase-der-kaempfe-bevor\/#article\",\"isPartOf\":{\"@id\":\"https:\/\/now-news.de\/de\/deutschland\/podoljaka-nach-den-feiertagen-steht-eine-neue-phase-der-kaempfe-bevor\/\"},\"author\":{\"name\":\"rtnews\",\"@id\":\"https:\/\/now-news.de\/de\/#\/schema\/person\/fb534a4e865501d8b3285208df34a9b5\"},\"headline\":\"Podoljaka: Nach den Feiertagen steht eine neue Phase der K\u00e4mpfe bevor\",\"datePublished\":\"2026-01-06T11:54:55+00:00\",\"dateModified\":\"2026-01-06T11:54:55+00:00\",\"mainEntityOfPage\":{\"@id\":\"https:\/\/now-news.de\/de\/deutschland\/podoljaka-nach-den-feiertagen-steht-eine-neue-phase-der-kaempfe-bevor\/\"},\"wordCount\":96,\"commentCount\":0,\"publisher\":{\"@id\":\"https:\/\/now-news.de\/de\/#organization\"},\"image\":{\"@id\":\"https:\/\/now-news.de\/de\/deutschland\/podoljaka-nach-den-feiertagen-steht-eine-neue-phase-der-kaempfe-bevor\/#primaryimage\"},\"thumbnailUrl\":\"https:\/\/now-news.de\/de\/wp-content\/uploads\/sites\/3\/2026\/01\/Podoljaka-Nach-den-Feiertagen-steht-eine-neue-Phase-der-Kaempfe.jpg\",\"keywords\":[\"bevor\",\"den\",\"der\",\"eine\",\"Feiertagen\",\"K\u00e4mpfe\",\"nach\",\"NEUE\",\"Phase\",\"Podoljaka\",\"steht\"],\"articleSection\":[\"Deutschland\",\"Russland\"],\"inLanguage\":\"de\",\"potentialAction\":[{\"@type\":\"CommentAction\",\"name\":\"Comment\",\"target\":[\"https:\/\/now-news.de\/de\/deutschland\/podoljaka-nach-den-feiertagen-steht-eine-neue-phase-der-kaempfe-bevor\/#respond\"]}]},{\"@type\":\"WebPage\",\"@id\":\"https:\/\/now-news.de\/de\/deutschland\/podoljaka-nach-den-feiertagen-steht-eine-neue-phase-der-kaempfe-bevor\/\",\"url\":\"https:\/\/now-news.de\/de\/deutschland\/podoljaka-nach-den-feiertagen-steht-eine-neue-phase-der-kaempfe-bevor\/\",\"name\":\"Podoljaka: Nach den Feiertagen steht eine neue Phase der K\u00e4mpfe bevor - just-now.NEWS Deutschland\",\"isPartOf\":{\"@id\":\"https:\/\/now-news.de\/de\/#website\"},\"primaryImageOfPage\":{\"@id\":\"https:\/\/now-news.de\/de\/deutschland\/podoljaka-nach-den-feiertagen-steht-eine-neue-phase-der-kaempfe-bevor\/#primaryimage\"},\"image\":{\"@id\":\"https:\/\/now-news.de\/de\/deutschland\/podoljaka-nach-den-feiertagen-steht-eine-neue-phase-der-kaempfe-bevor\/#primaryimage\"},\"thumbnailUrl\":\"https:\/\/now-news.de\/de\/wp-content\/uploads\/sites\/3\/2026\/01\/Podoljaka-Nach-den-Feiertagen-steht-eine-neue-Phase-der-Kaempfe.jpg\",\"datePublished\":\"2026-01-06T11:54:55+00:00\",\"dateModified\":\"2026-01-06T11:54:55+00:00\",\"breadcrumb\":{\"@id\":\"https:\/\/now-news.de\/de\/deutschland\/podoljaka-nach-den-feiertagen-steht-eine-neue-phase-der-kaempfe-bevor\/#breadcrumb\"},\"inLanguage\":\"de\",\"potentialAction\":[{\"@type\":\"ReadAction\",\"target\":[\"https:\/\/now-news.de\/de\/deutschland\/podoljaka-nach-den-feiertagen-steht-eine-neue-phase-der-kaempfe-bevor\/\"]}]},{\"@type\":\"ImageObject\",\"inLanguage\":\"de\",\"@id\":\"https:\/\/now-news.de\/de\/deutschland\/podoljaka-nach-den-feiertagen-steht-eine-neue-phase-der-kaempfe-bevor\/#primaryimage\",\"url\":\"https:\/\/now-news.de\/de\/wp-content\/uploads\/sites\/3\/2026\/01\/Podoljaka-Nach-den-Feiertagen-steht-eine-neue-Phase-der-Kaempfe.jpg\",\"contentUrl\":\"https:\/\/now-news.de\/de\/wp-content\/uploads\/sites\/3\/2026\/01\/Podoljaka-Nach-den-Feiertagen-steht-eine-neue-Phase-der-Kaempfe.jpg\",\"width\":460,\"height\":259,\"caption\":\"Podoljaka: Nach den Feiertagen steht eine neue Phase der K\u00e4mpfe bevor\"},{\"@type\":\"BreadcrumbList\",\"@id\":\"https:\/\/now-news.de\/de\/deutschland\/podoljaka-nach-den-feiertagen-steht-eine-neue-phase-der-kaempfe-bevor\/#breadcrumb\",\"itemListElement\":[{\"@type\":\"ListItem\",\"position\":1,\"name\":\"Home\",\"item\":\"https:\/\/now-news.de\/de\/\"},{\"@type\":\"ListItem\",\"position\":2,\"name\":\"Podoljaka: Nach den Feiertagen steht eine neue Phase der K\u00e4mpfe bevor\"}]},{\"@type\":\"WebSite\",\"@id\":\"https:\/\/now-news.de\/de\/#website\",\"url\":\"https:\/\/now-news.de\/de\/\",\"name\":\"just-now.NEWS Deutschland\",\"description\":\"Das Portal f\u00fcr unzensierte Nachrichten aus der Welt\",\"publisher\":{\"@id\":\"https:\/\/now-news.de\/de\/#organization\"},\"potentialAction\":[{\"@type\":\"SearchAction\",\"target\":{\"@type\":\"EntryPoint\",\"urlTemplate\":\"https:\/\/now-news.de\/de\/?s={search_term_string}\"},\"query-input\":\"required name=search_term_string\"}],\"inLanguage\":\"de\"},{\"@type\":\"Organization\",\"@id\":\"https:\/\/now-news.de\/de\/#organization\",\"name\":\"Just Now News\",\"url\":\"https:\/\/now-news.de\/de\/\",\"logo\":{\"@type\":\"ImageObject\",\"inLanguage\":\"de\",\"@id\":\"https:\/\/now-news.de\/de\/#\/schema\/logo\/image\/\",\"url\":\"http:\/\/just-now.news\/de\/wp-content\/uploads\/sites\/3\/2022\/04\/logo500x500.jpg\",\"contentUrl\":\"http:\/\/just-now.news\/de\/wp-content\/uploads\/sites\/3\/2022\/04\/logo500x500.jpg\",\"width\":500,\"height\":500,\"caption\":\"Just Now News\"},\"image\":{\"@id\":\"https:\/\/now-news.de\/de\/#\/schema\/logo\/image\/\"},\"sameAs\":[\"https:\/\/www.facebook.com\/wirmachenauf\",\"https:\/\/x.com\/WirMachenAuf_de\"]},{\"@type\":\"Person\",\"@id\":\"https:\/\/now-news.de\/de\/#\/schema\/person\/fb534a4e865501d8b3285208df34a9b5\",\"name\":\"rtnews\",\"image\":{\"@type\":\"ImageObject\",\"inLanguage\":\"de\",\"@id\":\"https:\/\/now-news.de\/de\/#\/schema\/person\/image\/\",\"url\":\"https:\/\/secure.gravatar.com\/avatar\/82aafea7d8127119dd649515f56e2117?s=96&d=mm&r=g\",\"contentUrl\":\"https:\/\/secure.gravatar.com\/avatar\/82aafea7d8127119dd649515f56e2117?s=96&d=mm&r=g\",\"caption\":\"rtnews\"},\"url\":\"https:\/\/now-news.de\/de\/author\/rnews\/\"}]}<\/script>\n<!-- \/ Yoast SEO Premium plugin. -->","yoast_head_json":{"title":"Podoljaka: Nach den Feiertagen steht eine neue Phase der K\u00e4mpfe bevor - just-now.NEWS Deutschland","robots":{"index":"index","follow":"follow","max-snippet":"max-snippet:-1","max-image-preview":"max-image-preview:large","max-video-preview":"max-video-preview:-1"},"canonical":"https:\/\/now-news.de\/de\/deutschland\/podoljaka-nach-den-feiertagen-steht-eine-neue-phase-der-kaempfe-bevor\/","og_locale":"de_DE","og_type":"article","og_title":"Podoljaka: Nach den Feiertagen steht eine neue Phase der K\u00e4mpfe bevor","og_description":"W\u00e4hrend die Kampfhandlungen \u00fcber die Feiertage leicht nachlassen, setzen mehrere russische Truppenverb\u00e4nde ihren Druck entlang der gesamten Front fort. Das berichtet der ukrainisch-russische Milit\u00e4ranalyst Juri Podoljaka in seinem Frontbericht. Von Nowopawlowka \u00fcber Pokrowsk bis Kupjansk werden taktische Erfolge ausgebaut, Reserven des Gegners gebunden und neue Vorst\u00f6\u00dfe vorbereitet. Ab dem 7. Januar ist mit einer deutlichen [&hellip;]","og_url":"https:\/\/now-news.de\/de\/deutschland\/podoljaka-nach-den-feiertagen-steht-eine-neue-phase-der-kaempfe-bevor\/","og_site_name":"just-now.NEWS Deutschland","article_publisher":"https:\/\/www.facebook.com\/wirmachenauf","article_published_time":"2026-01-06T11:54:55+00:00","og_image":[{"url":"https:\/\/now-news.de\/de\/wp-content\/uploads\/sites\/3\/2026\/01\/695cf41748fbef09c72f4c11.jpg"}],"author":"rtnews","twitter_card":"summary_large_image","twitter_creator":"@WirMachenAuf_de","twitter_site":"@WirMachenAuf_de","twitter_misc":{"Verfasst von":"rtnews"},"schema":{"@context":"https:\/\/schema.org","@graph":[{"@type":"Article","@id":"https:\/\/now-news.de\/de\/deutschland\/podoljaka-nach-den-feiertagen-steht-eine-neue-phase-der-kaempfe-bevor\/#article","isPartOf":{"@id":"https:\/\/now-news.de\/de\/deutschland\/podoljaka-nach-den-feiertagen-steht-eine-neue-phase-der-kaempfe-bevor\/"},"author":{"name":"rtnews","@id":"https:\/\/now-news.de\/de\/#\/schema\/person\/fb534a4e865501d8b3285208df34a9b5"},"headline":"Podoljaka: Nach den Feiertagen steht eine neue Phase der K\u00e4mpfe bevor","datePublished":"2026-01-06T11:54:55+00:00","dateModified":"2026-01-06T11:54:55+00:00","mainEntityOfPage":{"@id":"https:\/\/now-news.de\/de\/deutschland\/podoljaka-nach-den-feiertagen-steht-eine-neue-phase-der-kaempfe-bevor\/"},"wordCount":96,"commentCount":0,"publisher":{"@id":"https:\/\/now-news.de\/de\/#organization"},"image":{"@id":"https:\/\/now-news.de\/de\/deutschland\/podoljaka-nach-den-feiertagen-steht-eine-neue-phase-der-kaempfe-bevor\/#primaryimage"},"thumbnailUrl":"https:\/\/now-news.de\/de\/wp-content\/uploads\/sites\/3\/2026\/01\/Podoljaka-Nach-den-Feiertagen-steht-eine-neue-Phase-der-Kaempfe.jpg","keywords":["bevor","den","der","eine","Feiertagen","K\u00e4mpfe","nach","NEUE","Phase","Podoljaka","steht"],"articleSection":["Deutschland","Russland"],"inLanguage":"de","potentialAction":[{"@type":"CommentAction","name":"Comment","target":["https:\/\/now-news.de\/de\/deutschland\/podoljaka-nach-den-feiertagen-steht-eine-neue-phase-der-kaempfe-bevor\/#respond"]}]},{"@type":"WebPage","@id":"https:\/\/now-news.de\/de\/deutschland\/podoljaka-nach-den-feiertagen-steht-eine-neue-phase-der-kaempfe-bevor\/","url":"https:\/\/now-news.de\/de\/deutschland\/podoljaka-nach-den-feiertagen-steht-eine-neue-phase-der-kaempfe-bevor\/","name":"Podoljaka: Nach den Feiertagen steht eine neue Phase der K\u00e4mpfe bevor - just-now.NEWS Deutschland","isPartOf":{"@id":"https:\/\/now-news.de\/de\/#website"},"primaryImageOfPage":{"@id":"https:\/\/now-news.de\/de\/deutschland\/podoljaka-nach-den-feiertagen-steht-eine-neue-phase-der-kaempfe-bevor\/#primaryimage"},"image":{"@id":"https:\/\/now-news.de\/de\/deutschland\/podoljaka-nach-den-feiertagen-steht-eine-neue-phase-der-kaempfe-bevor\/#primaryimage"},"thumbnailUrl":"https:\/\/now-news.de\/de\/wp-content\/uploads\/sites\/3\/2026\/01\/Podoljaka-Nach-den-Feiertagen-steht-eine-neue-Phase-der-Kaempfe.jpg","datePublished":"2026-01-06T11:54:55+00:00","dateModified":"2026-01-06T11:54:55+00:00","breadcrumb":{"@id":"https:\/\/now-news.de\/de\/deutschland\/podoljaka-nach-den-feiertagen-steht-eine-neue-phase-der-kaempfe-bevor\/#breadcrumb"},"inLanguage":"de","potentialAction":[{"@type":"ReadAction","target":["https:\/\/now-news.de\/de\/deutschland\/podoljaka-nach-den-feiertagen-steht-eine-neue-phase-der-kaempfe-bevor\/"]}]},{"@type":"ImageObject","inLanguage":"de","@id":"https:\/\/now-news.de\/de\/deutschland\/podoljaka-nach-den-feiertagen-steht-eine-neue-phase-der-kaempfe-bevor\/#primaryimage","url":"https:\/\/now-news.de\/de\/wp-content\/uploads\/sites\/3\/2026\/01\/Podoljaka-Nach-den-Feiertagen-steht-eine-neue-Phase-der-Kaempfe.jpg","contentUrl":"https:\/\/now-news.de\/de\/wp-content\/uploads\/sites\/3\/2026\/01\/Podoljaka-Nach-den-Feiertagen-steht-eine-neue-Phase-der-Kaempfe.jpg","width":460,"height":259,"caption":"Podoljaka: Nach den Feiertagen steht eine neue Phase der K\u00e4mpfe bevor"},{"@type":"BreadcrumbList","@id":"https:\/\/now-news.de\/de\/deutschland\/podoljaka-nach-den-feiertagen-steht-eine-neue-phase-der-kaempfe-bevor\/#breadcrumb","itemListElement":[{"@type":"ListItem","position":1,"name":"Home","item":"https:\/\/now-news.de\/de\/"},{"@type":"ListItem","position":2,"name":"Podoljaka: Nach den Feiertagen steht eine neue Phase der K\u00e4mpfe bevor"}]},{"@type":"WebSite","@id":"https:\/\/now-news.de\/de\/#website","url":"https:\/\/now-news.de\/de\/","name":"just-now.NEWS Deutschland","description":"Das Portal f\u00fcr unzensierte Nachrichten aus der Welt","publisher":{"@id":"https:\/\/now-news.de\/de\/#organization"},"potentialAction":[{"@type":"SearchAction","target":{"@type":"EntryPoint","urlTemplate":"https:\/\/now-news.de\/de\/?s={search_term_string}"},"query-input":"required name=search_term_string"}],"inLanguage":"de"},{"@type":"Organization","@id":"https:\/\/now-news.de\/de\/#organization","name":"Just Now News","url":"https:\/\/now-news.de\/de\/","logo":{"@type":"ImageObject","inLanguage":"de","@id":"https:\/\/now-news.de\/de\/#\/schema\/logo\/image\/","url":"http:\/\/just-now.news\/de\/wp-content\/uploads\/sites\/3\/2022\/04\/logo500x500.jpg","contentUrl":"http:\/\/just-now.news\/de\/wp-content\/uploads\/sites\/3\/2022\/04\/logo500x500.jpg","width":500,"height":500,"caption":"Just Now News"},"image":{"@id":"https:\/\/now-news.de\/de\/#\/schema\/logo\/image\/"},"sameAs":["https:\/\/www.facebook.com\/wirmachenauf","https:\/\/x.com\/WirMachenAuf_de"]},{"@type":"Person","@id":"https:\/\/now-news.de\/de\/#\/schema\/person\/fb534a4e865501d8b3285208df34a9b5","name":"rtnews","image":{"@type":"ImageObject","inLanguage":"de","@id":"https:\/\/now-news.de\/de\/#\/schema\/person\/image\/","url":"https:\/\/secure.gravatar.com\/avatar\/82aafea7d8127119dd649515f56e2117?s=96&d=mm&r=g","contentUrl":"https:\/\/secure.gravatar.com\/avatar\/82aafea7d8127119dd649515f56e2117?s=96&d=mm&r=g","caption":"rtnews"},"url":"https:\/\/now-news.de\/de\/author\/rnews\/"}]}},"_links":{"self":[{"href":"https:\/\/now-news.de\/de\/wp-json\/wp\/v2\/posts\/96880"}],"collection":[{"href":"https:\/\/now-news.de\/de\/wp-json\/wp\/v2\/posts"}],"about":[{"href":"https:\/\/now-news.de\/de\/wp-json\/wp\/v2\/types\/post"}],"author":[{"embeddable":true,"href":"https:\/\/now-news.de\/de\/wp-json\/wp\/v2\/users\/3"}],"replies":[{"embeddable":true,"href":"https:\/\/now-news.de\/de\/wp-json\/wp\/v2\/comments?post=96880"}],"version-history":[{"count":0,"href":"https:\/\/now-news.de\/de\/wp-json\/wp\/v2\/posts\/96880\/revisions"}],"wp:featuredmedia":[{"embeddable":true,"href":"https:\/\/now-news.de\/de\/wp-json\/wp\/v2\/media\/96881"}],"wp:attachment":[{"href":"https:\/\/now-news.de\/de\/wp-json\/wp\/v2\/media?parent=96880"}],"wp:term":[{"taxonomy":"category","embeddable":true,"href":"https:\/\/now-news.de\/de\/wp-json\/wp\/v2\/categories?post=96880"},{"taxonomy":"post_tag","embeddable":true,"href":"https:\/\/now-news.de\/de\/wp-json\/wp\/v2\/tags?post=96880"}],"curies":[{"name":"wp","href":"https:\/\/api.w.org\/{rel}","templated":true}]}}