{"id":9688,"date":"2022-06-03T09:58:25","date_gmt":"2022-06-03T07:58:25","guid":{"rendered":"http:\/\/just-now.news\/de\/deutschland\/rentner-in-saarbruecken-schiesst-aus-dem-fenster-und-verletzt-sek-beamten\/"},"modified":"2022-06-03T09:58:25","modified_gmt":"2022-06-03T07:58:25","slug":"rentner-in-saarbruecken-schiesst-aus-dem-fenster-und-verletzt-sek-beamten","status":"publish","type":"post","link":"https:\/\/now-news.de\/de\/deutschland\/rentner-in-saarbruecken-schiesst-aus-dem-fenster-und-verletzt-sek-beamten\/","title":{"rendered":"Rentner in  Saarbr\u00fccken schie\u00dft aus dem Fenster und verletzt SEK-Beamten"},"content":{"rendered":"<p><img decoding=\"async\" src=\"http:\/\/just-now.news\/de\/wp-content\/uploads\/sites\/3\/2022\/04\/Julian-Assange-soll-laut-Gericht-an-USA-ausgeliefert-werden-\u2013.jpg\" \/><\/p>\n<div class=\"Text-root Text-type_1 \">\n                Ein Einsatz der Waffenbeh\u00f6rde unter Beteiligung eine Sonder-Einsatzkommandos ist eskaliert, da der 67 Jahre alte Bewohner aus einem Fenster direkt auf die Beamten schoss. Ein SEK-Beamter wurde dabei schwer, jedoch nicht lebensgef\u00e4hrlich verletzt.\n            <\/div>\n<p><\/p>\n<div class=\"Text-root Text-type_5 ArticleView-text ViewText-root \">\n<p>Am morgen des 3. Juni\u00a0unterst\u00fctzten Kr\u00e4fte des Landespolizeipr\u00e4sidiums die Waffenbeh\u00f6rde der Stadt Saarbr\u00fccken im Rahmen der Amts- und Vollzugshilfe. Hierbei schoss ein Mann unmittelbar auf einen der eingesetzten Polizeibeamten. In der offiziellen\u00a0<a rel=\"nofollow noopener\" target=\"_blank\" href=\"https:\/\/www.presseportal.de\/blaulicht\/pm\/120462\/5238791\">Pressemitteilung<\/a>\u00a0des Landespolizeipr\u00e4sidiums Saarland hei\u00dft es zu dem Vorfall:<\/p>\n<blockquote>\n<p><em>&#8220;Als die Polizisten und die Mitarbeiter der Stadt Saarbr\u00fccken bei dem 67-J\u00e4hrigen eintrafen, um dessen Wohnung auf Grundlage eines Durchsuchungsbeschlusses des Verwaltungsgerichts Saarland zu durchsuchen, schoss der T\u00e4ter auf einen Polizeibeamten. Dieser wurde durch den Schuss verletzt und wird \u00e4rztlich behandelt. Eine weitere Polizeibeamtin wurde durch umherfliegende Glassplitter verletzt.&#8221;<\/em><\/p>\n<\/blockquote>\n<p>Die Polizei informiert \u00fcber ihren Twitter-Kanal:<\/p>\n<div class=\"EmbedBlock-root EmbedBlock-twitter\">\n<div class=\"TwitterEmbed\">\n<blockquote class=\"twitter-tweet lazyload\" data-twitter=\"twitter-tweet\">\n<p lang=\"de\" dir=\"ltr\">Wir haben Nachfragen besorgter B\u00fcrger. \u26a0\ufe0fDie Lage in <a rel=\"nofollow noopener\" target=\"_blank\" href=\"https:\/\/twitter.com\/hashtag\/Klarenthal?src=hash&amp;ref_src=twsrc%5Etfw\">#Klarenthal<\/a> ist station\u00e4r! \u26a0\ufe0f Der Einsatzbereich ist weitr\u00e4umig abgesperrt. Wir sind mit starken Kr\u00e4ften vor Ort. <a rel=\"nofollow noopener\" target=\"_blank\" href=\"https:\/\/twitter.com\/hashtag\/Einsatz?src=hash&amp;ref_src=twsrc%5Etfw\">#Einsatz<\/a><a rel=\"nofollow noopener\" target=\"_blank\" href=\"https:\/\/twitter.com\/hashtag\/Wilhelmstra%C3%9Fe?src=hash&amp;ref_src=twsrc%5Etfw\">#Wilhelmstra\u00dfe<\/a><a rel=\"nofollow noopener\" target=\"_blank\" href=\"https:\/\/twitter.com\/hashtag\/8geben?src=hash&amp;ref_src=twsrc%5Etfw\">#8geben<\/a><\/p>\n<p>\u2014 Polizei Saarland (@PolizeiSaarland) <a rel=\"nofollow noopener\" target=\"_blank\" href=\"https:\/\/twitter.com\/PolizeiSaarland\/status\/1532632979364884480?ref_src=twsrc%5Etfw\">June 3, 2022<\/a><\/p><\/blockquote>\n<\/div>\n<\/div>\n<\/div>\n<p><script async src=\"https:\/\/platform.twitter.com\/widgets.js\" charset=\"utf-8\"><\/script><br \/>\n<br \/><br \/>\n<br \/><a href=\"https:\/\/de.rt.com\/inland\/140108-rentner-in-saarbrucken-schiesst-aus\/\">Source link <\/a><\/p>\n","protected":false},"excerpt":{"rendered":"<p>Ein Einsatz der Waffenbeh\u00f6rde unter Beteiligung eine Sonder-Einsatzkommandos ist eskaliert, da der 67 Jahre alte Bewohner aus einem Fenster direkt auf die Beamten schoss. Ein SEK-Beamter wurde dabei schwer, jedoch nicht lebensgef\u00e4hrlich verletzt. Am morgen des 3. Juni\u00a0unterst\u00fctzten Kr\u00e4fte des Landespolizeipr\u00e4sidiums die Waffenbeh\u00f6rde der Stadt Saarbr\u00fccken im Rahmen der Amts- und Vollzugshilfe. Hierbei schoss ein [&hellip;]<\/p>\n","protected":false},"author":3,"featured_media":6832,"comment_status":"open","ping_status":"open","sticky":false,"template":"","format":"standard","meta":{"wp_automatic_camp":["217"],"567a0e4691738853fe1105e91df22e40":["Rentner in  Saarbr\u00fccken schie\u00dft aus dem Fenster und verletzt SEK-Beamten"],"original_link":["https:\/\/de.rt.com\/inland\/140108-rentner-in-saarbrucken-schiesst-aus\/"],"_thumbnail_id":["6832"],"_wptg_p2tg_sent2tg":["2022-06-03 10:06:59"],"jnews_social_counter_last_update":["1777255990"]},"categories":[19,23],"tags":[679,134,22963,22961,22962,9610,22964,140,7584],"yoast_head":"<!-- This site is optimized with the Yoast SEO Premium plugin v22.7 (Yoast SEO v22.7) - https:\/\/yoast.com\/wordpress\/plugins\/seo\/ -->\n<title>Rentner in Saarbr\u00fccken schie\u00dft aus dem Fenster und verletzt SEK-Beamten - just-now.NEWS Deutschland<\/title>\n<meta name=\"robots\" content=\"index, follow, max-snippet:-1, max-image-preview:large, max-video-preview:-1\" \/>\n<link rel=\"canonical\" href=\"https:\/\/now-news.de\/de\/deutschland\/rentner-in-saarbruecken-schiesst-aus-dem-fenster-und-verletzt-sek-beamten\/\" \/>\n<meta property=\"og:locale\" content=\"de_DE\" \/>\n<meta property=\"og:type\" content=\"article\" \/>\n<meta property=\"og:title\" content=\"Rentner in Saarbr\u00fccken schie\u00dft aus dem Fenster und verletzt SEK-Beamten\" \/>\n<meta property=\"og:description\" content=\"Ein Einsatz der Waffenbeh\u00f6rde unter Beteiligung eine Sonder-Einsatzkommandos ist eskaliert, da der 67 Jahre alte Bewohner aus einem Fenster direkt auf die Beamten schoss. Ein SEK-Beamter wurde dabei schwer, jedoch nicht lebensgef\u00e4hrlich verletzt. Am morgen des 3. Juni\u00a0unterst\u00fctzten Kr\u00e4fte des Landespolizeipr\u00e4sidiums die Waffenbeh\u00f6rde der Stadt Saarbr\u00fccken im Rahmen der Amts- und Vollzugshilfe. Hierbei schoss ein [&hellip;]\" \/>\n<meta property=\"og:url\" content=\"https:\/\/now-news.de\/de\/deutschland\/rentner-in-saarbruecken-schiesst-aus-dem-fenster-und-verletzt-sek-beamten\/\" \/>\n<meta property=\"og:site_name\" content=\"just-now.NEWS Deutschland\" \/>\n<meta property=\"article:publisher\" content=\"https:\/\/www.facebook.com\/wirmachenauf\" \/>\n<meta property=\"article:published_time\" content=\"2022-06-03T07:58:25+00:00\" \/>\n<meta property=\"og:image\" content=\"https:\/\/now-news.de\/de\/wp-content\/uploads\/sites\/3\/2022\/05\/Erste-Annaeherung-nach-Ausladung-Steinmeier-telefoniert-mit-Selenskij.jpg\" \/>\n\t<meta property=\"og:image:width\" content=\"460\" \/>\n\t<meta property=\"og:image:height\" content=\"259\" \/>\n\t<meta property=\"og:image:type\" content=\"image\/jpeg\" \/>\n<meta name=\"author\" content=\"rtnews\" \/>\n<meta name=\"twitter:card\" content=\"summary_large_image\" \/>\n<meta name=\"twitter:creator\" content=\"@WirMachenAuf_de\" \/>\n<meta name=\"twitter:site\" content=\"@WirMachenAuf_de\" \/>\n<meta name=\"twitter:label1\" content=\"Verfasst von\" \/>\n\t<meta name=\"twitter:data1\" content=\"rtnews\" \/>\n\t<meta name=\"twitter:label2\" content=\"Gesch\u00e4tzte Lesezeit\" \/>\n\t<meta name=\"twitter:data2\" content=\"1\u00a0Minute\" \/>\n<script type=\"application\/ld+json\" class=\"yoast-schema-graph\">{\"@context\":\"https:\/\/schema.org\",\"@graph\":[{\"@type\":\"Article\",\"@id\":\"https:\/\/now-news.de\/de\/deutschland\/rentner-in-saarbruecken-schiesst-aus-dem-fenster-und-verletzt-sek-beamten\/#article\",\"isPartOf\":{\"@id\":\"https:\/\/now-news.de\/de\/deutschland\/rentner-in-saarbruecken-schiesst-aus-dem-fenster-und-verletzt-sek-beamten\/\"},\"author\":{\"name\":\"rtnews\",\"@id\":\"https:\/\/now-news.de\/de\/#\/schema\/person\/fb534a4e865501d8b3285208df34a9b5\"},\"headline\":\"Rentner in Saarbr\u00fccken schie\u00dft aus dem Fenster und verletzt SEK-Beamten\",\"datePublished\":\"2022-06-03T07:58:25+00:00\",\"dateModified\":\"2022-06-03T07:58:25+00:00\",\"mainEntityOfPage\":{\"@id\":\"https:\/\/now-news.de\/de\/deutschland\/rentner-in-saarbruecken-schiesst-aus-dem-fenster-und-verletzt-sek-beamten\/\"},\"wordCount\":190,\"commentCount\":0,\"publisher\":{\"@id\":\"https:\/\/now-news.de\/de\/#organization\"},\"image\":{\"@id\":\"https:\/\/now-news.de\/de\/deutschland\/rentner-in-saarbruecken-schiesst-aus-dem-fenster-und-verletzt-sek-beamten\/#primaryimage\"},\"thumbnailUrl\":\"https:\/\/now-news.de\/de\/wp-content\/uploads\/sites\/3\/2022\/05\/Erste-Annaeherung-nach-Ausladung-Steinmeier-telefoniert-mit-Selenskij.jpg\",\"keywords\":[\"aus\",\"DEM\",\"Fenster\",\"Rentner\",\"Saarbr\u00fccken\",\"schie\u00dft\",\"SEKBeamten\",\"und\",\"verletzt\"],\"articleSection\":[\"Deutschland\",\"Russland\"],\"inLanguage\":\"de\",\"potentialAction\":[{\"@type\":\"CommentAction\",\"name\":\"Comment\",\"target\":[\"https:\/\/now-news.de\/de\/deutschland\/rentner-in-saarbruecken-schiesst-aus-dem-fenster-und-verletzt-sek-beamten\/#respond\"]}]},{\"@type\":\"WebPage\",\"@id\":\"https:\/\/now-news.de\/de\/deutschland\/rentner-in-saarbruecken-schiesst-aus-dem-fenster-und-verletzt-sek-beamten\/\",\"url\":\"https:\/\/now-news.de\/de\/deutschland\/rentner-in-saarbruecken-schiesst-aus-dem-fenster-und-verletzt-sek-beamten\/\",\"name\":\"Rentner in Saarbr\u00fccken schie\u00dft aus dem Fenster und verletzt SEK-Beamten - just-now.NEWS Deutschland\",\"isPartOf\":{\"@id\":\"https:\/\/now-news.de\/de\/#website\"},\"primaryImageOfPage\":{\"@id\":\"https:\/\/now-news.de\/de\/deutschland\/rentner-in-saarbruecken-schiesst-aus-dem-fenster-und-verletzt-sek-beamten\/#primaryimage\"},\"image\":{\"@id\":\"https:\/\/now-news.de\/de\/deutschland\/rentner-in-saarbruecken-schiesst-aus-dem-fenster-und-verletzt-sek-beamten\/#primaryimage\"},\"thumbnailUrl\":\"https:\/\/now-news.de\/de\/wp-content\/uploads\/sites\/3\/2022\/05\/Erste-Annaeherung-nach-Ausladung-Steinmeier-telefoniert-mit-Selenskij.jpg\",\"datePublished\":\"2022-06-03T07:58:25+00:00\",\"dateModified\":\"2022-06-03T07:58:25+00:00\",\"breadcrumb\":{\"@id\":\"https:\/\/now-news.de\/de\/deutschland\/rentner-in-saarbruecken-schiesst-aus-dem-fenster-und-verletzt-sek-beamten\/#breadcrumb\"},\"inLanguage\":\"de\",\"potentialAction\":[{\"@type\":\"ReadAction\",\"target\":[\"https:\/\/now-news.de\/de\/deutschland\/rentner-in-saarbruecken-schiesst-aus-dem-fenster-und-verletzt-sek-beamten\/\"]}]},{\"@type\":\"ImageObject\",\"inLanguage\":\"de\",\"@id\":\"https:\/\/now-news.de\/de\/deutschland\/rentner-in-saarbruecken-schiesst-aus-dem-fenster-und-verletzt-sek-beamten\/#primaryimage\",\"url\":\"https:\/\/now-news.de\/de\/wp-content\/uploads\/sites\/3\/2022\/05\/Erste-Annaeherung-nach-Ausladung-Steinmeier-telefoniert-mit-Selenskij.jpg\",\"contentUrl\":\"https:\/\/now-news.de\/de\/wp-content\/uploads\/sites\/3\/2022\/05\/Erste-Annaeherung-nach-Ausladung-Steinmeier-telefoniert-mit-Selenskij.jpg\",\"width\":460,\"height\":259},{\"@type\":\"BreadcrumbList\",\"@id\":\"https:\/\/now-news.de\/de\/deutschland\/rentner-in-saarbruecken-schiesst-aus-dem-fenster-und-verletzt-sek-beamten\/#breadcrumb\",\"itemListElement\":[{\"@type\":\"ListItem\",\"position\":1,\"name\":\"Home\",\"item\":\"https:\/\/now-news.de\/de\/\"},{\"@type\":\"ListItem\",\"position\":2,\"name\":\"Rentner in Saarbr\u00fccken schie\u00dft aus dem Fenster und verletzt SEK-Beamten\"}]},{\"@type\":\"WebSite\",\"@id\":\"https:\/\/now-news.de\/de\/#website\",\"url\":\"https:\/\/now-news.de\/de\/\",\"name\":\"just-now.NEWS Deutschland\",\"description\":\"Das Portal f\u00fcr unzensierte Nachrichten aus der Welt\",\"publisher\":{\"@id\":\"https:\/\/now-news.de\/de\/#organization\"},\"potentialAction\":[{\"@type\":\"SearchAction\",\"target\":{\"@type\":\"EntryPoint\",\"urlTemplate\":\"https:\/\/now-news.de\/de\/?s={search_term_string}\"},\"query-input\":\"required name=search_term_string\"}],\"inLanguage\":\"de\"},{\"@type\":\"Organization\",\"@id\":\"https:\/\/now-news.de\/de\/#organization\",\"name\":\"Just Now News\",\"url\":\"https:\/\/now-news.de\/de\/\",\"logo\":{\"@type\":\"ImageObject\",\"inLanguage\":\"de\",\"@id\":\"https:\/\/now-news.de\/de\/#\/schema\/logo\/image\/\",\"url\":\"http:\/\/just-now.news\/de\/wp-content\/uploads\/sites\/3\/2022\/04\/logo500x500.jpg\",\"contentUrl\":\"http:\/\/just-now.news\/de\/wp-content\/uploads\/sites\/3\/2022\/04\/logo500x500.jpg\",\"width\":500,\"height\":500,\"caption\":\"Just Now News\"},\"image\":{\"@id\":\"https:\/\/now-news.de\/de\/#\/schema\/logo\/image\/\"},\"sameAs\":[\"https:\/\/www.facebook.com\/wirmachenauf\",\"https:\/\/x.com\/WirMachenAuf_de\"]},{\"@type\":\"Person\",\"@id\":\"https:\/\/now-news.de\/de\/#\/schema\/person\/fb534a4e865501d8b3285208df34a9b5\",\"name\":\"rtnews\",\"image\":{\"@type\":\"ImageObject\",\"inLanguage\":\"de\",\"@id\":\"https:\/\/now-news.de\/de\/#\/schema\/person\/image\/\",\"url\":\"https:\/\/secure.gravatar.com\/avatar\/82aafea7d8127119dd649515f56e2117?s=96&d=mm&r=g\",\"contentUrl\":\"https:\/\/secure.gravatar.com\/avatar\/82aafea7d8127119dd649515f56e2117?s=96&d=mm&r=g\",\"caption\":\"rtnews\"},\"url\":\"https:\/\/now-news.de\/de\/author\/rnews\/\"}]}<\/script>\n<!-- \/ Yoast SEO Premium plugin. -->","yoast_head_json":{"title":"Rentner in Saarbr\u00fccken schie\u00dft aus dem Fenster und verletzt SEK-Beamten - just-now.NEWS Deutschland","robots":{"index":"index","follow":"follow","max-snippet":"max-snippet:-1","max-image-preview":"max-image-preview:large","max-video-preview":"max-video-preview:-1"},"canonical":"https:\/\/now-news.de\/de\/deutschland\/rentner-in-saarbruecken-schiesst-aus-dem-fenster-und-verletzt-sek-beamten\/","og_locale":"de_DE","og_type":"article","og_title":"Rentner in Saarbr\u00fccken schie\u00dft aus dem Fenster und verletzt SEK-Beamten","og_description":"Ein Einsatz der Waffenbeh\u00f6rde unter Beteiligung eine Sonder-Einsatzkommandos ist eskaliert, da der 67 Jahre alte Bewohner aus einem Fenster direkt auf die Beamten schoss. Ein SEK-Beamter wurde dabei schwer, jedoch nicht lebensgef\u00e4hrlich verletzt. Am morgen des 3. Juni\u00a0unterst\u00fctzten Kr\u00e4fte des Landespolizeipr\u00e4sidiums die Waffenbeh\u00f6rde der Stadt Saarbr\u00fccken im Rahmen der Amts- und Vollzugshilfe. Hierbei schoss ein [&hellip;]","og_url":"https:\/\/now-news.de\/de\/deutschland\/rentner-in-saarbruecken-schiesst-aus-dem-fenster-und-verletzt-sek-beamten\/","og_site_name":"just-now.NEWS Deutschland","article_publisher":"https:\/\/www.facebook.com\/wirmachenauf","article_published_time":"2022-06-03T07:58:25+00:00","og_image":[{"width":460,"height":259,"url":"https:\/\/now-news.de\/de\/wp-content\/uploads\/sites\/3\/2022\/05\/Erste-Annaeherung-nach-Ausladung-Steinmeier-telefoniert-mit-Selenskij.jpg","type":"image\/jpeg"}],"author":"rtnews","twitter_card":"summary_large_image","twitter_creator":"@WirMachenAuf_de","twitter_site":"@WirMachenAuf_de","twitter_misc":{"Verfasst von":"rtnews","Gesch\u00e4tzte Lesezeit":"1\u00a0Minute"},"schema":{"@context":"https:\/\/schema.org","@graph":[{"@type":"Article","@id":"https:\/\/now-news.de\/de\/deutschland\/rentner-in-saarbruecken-schiesst-aus-dem-fenster-und-verletzt-sek-beamten\/#article","isPartOf":{"@id":"https:\/\/now-news.de\/de\/deutschland\/rentner-in-saarbruecken-schiesst-aus-dem-fenster-und-verletzt-sek-beamten\/"},"author":{"name":"rtnews","@id":"https:\/\/now-news.de\/de\/#\/schema\/person\/fb534a4e865501d8b3285208df34a9b5"},"headline":"Rentner in Saarbr\u00fccken schie\u00dft aus dem Fenster und verletzt SEK-Beamten","datePublished":"2022-06-03T07:58:25+00:00","dateModified":"2022-06-03T07:58:25+00:00","mainEntityOfPage":{"@id":"https:\/\/now-news.de\/de\/deutschland\/rentner-in-saarbruecken-schiesst-aus-dem-fenster-und-verletzt-sek-beamten\/"},"wordCount":190,"commentCount":0,"publisher":{"@id":"https:\/\/now-news.de\/de\/#organization"},"image":{"@id":"https:\/\/now-news.de\/de\/deutschland\/rentner-in-saarbruecken-schiesst-aus-dem-fenster-und-verletzt-sek-beamten\/#primaryimage"},"thumbnailUrl":"https:\/\/now-news.de\/de\/wp-content\/uploads\/sites\/3\/2022\/05\/Erste-Annaeherung-nach-Ausladung-Steinmeier-telefoniert-mit-Selenskij.jpg","keywords":["aus","DEM","Fenster","Rentner","Saarbr\u00fccken","schie\u00dft","SEKBeamten","und","verletzt"],"articleSection":["Deutschland","Russland"],"inLanguage":"de","potentialAction":[{"@type":"CommentAction","name":"Comment","target":["https:\/\/now-news.de\/de\/deutschland\/rentner-in-saarbruecken-schiesst-aus-dem-fenster-und-verletzt-sek-beamten\/#respond"]}]},{"@type":"WebPage","@id":"https:\/\/now-news.de\/de\/deutschland\/rentner-in-saarbruecken-schiesst-aus-dem-fenster-und-verletzt-sek-beamten\/","url":"https:\/\/now-news.de\/de\/deutschland\/rentner-in-saarbruecken-schiesst-aus-dem-fenster-und-verletzt-sek-beamten\/","name":"Rentner in Saarbr\u00fccken schie\u00dft aus dem Fenster und verletzt SEK-Beamten - just-now.NEWS Deutschland","isPartOf":{"@id":"https:\/\/now-news.de\/de\/#website"},"primaryImageOfPage":{"@id":"https:\/\/now-news.de\/de\/deutschland\/rentner-in-saarbruecken-schiesst-aus-dem-fenster-und-verletzt-sek-beamten\/#primaryimage"},"image":{"@id":"https:\/\/now-news.de\/de\/deutschland\/rentner-in-saarbruecken-schiesst-aus-dem-fenster-und-verletzt-sek-beamten\/#primaryimage"},"thumbnailUrl":"https:\/\/now-news.de\/de\/wp-content\/uploads\/sites\/3\/2022\/05\/Erste-Annaeherung-nach-Ausladung-Steinmeier-telefoniert-mit-Selenskij.jpg","datePublished":"2022-06-03T07:58:25+00:00","dateModified":"2022-06-03T07:58:25+00:00","breadcrumb":{"@id":"https:\/\/now-news.de\/de\/deutschland\/rentner-in-saarbruecken-schiesst-aus-dem-fenster-und-verletzt-sek-beamten\/#breadcrumb"},"inLanguage":"de","potentialAction":[{"@type":"ReadAction","target":["https:\/\/now-news.de\/de\/deutschland\/rentner-in-saarbruecken-schiesst-aus-dem-fenster-und-verletzt-sek-beamten\/"]}]},{"@type":"ImageObject","inLanguage":"de","@id":"https:\/\/now-news.de\/de\/deutschland\/rentner-in-saarbruecken-schiesst-aus-dem-fenster-und-verletzt-sek-beamten\/#primaryimage","url":"https:\/\/now-news.de\/de\/wp-content\/uploads\/sites\/3\/2022\/05\/Erste-Annaeherung-nach-Ausladung-Steinmeier-telefoniert-mit-Selenskij.jpg","contentUrl":"https:\/\/now-news.de\/de\/wp-content\/uploads\/sites\/3\/2022\/05\/Erste-Annaeherung-nach-Ausladung-Steinmeier-telefoniert-mit-Selenskij.jpg","width":460,"height":259},{"@type":"BreadcrumbList","@id":"https:\/\/now-news.de\/de\/deutschland\/rentner-in-saarbruecken-schiesst-aus-dem-fenster-und-verletzt-sek-beamten\/#breadcrumb","itemListElement":[{"@type":"ListItem","position":1,"name":"Home","item":"https:\/\/now-news.de\/de\/"},{"@type":"ListItem","position":2,"name":"Rentner in Saarbr\u00fccken schie\u00dft aus dem Fenster und verletzt SEK-Beamten"}]},{"@type":"WebSite","@id":"https:\/\/now-news.de\/de\/#website","url":"https:\/\/now-news.de\/de\/","name":"just-now.NEWS Deutschland","description":"Das Portal f\u00fcr unzensierte Nachrichten aus der Welt","publisher":{"@id":"https:\/\/now-news.de\/de\/#organization"},"potentialAction":[{"@type":"SearchAction","target":{"@type":"EntryPoint","urlTemplate":"https:\/\/now-news.de\/de\/?s={search_term_string}"},"query-input":"required name=search_term_string"}],"inLanguage":"de"},{"@type":"Organization","@id":"https:\/\/now-news.de\/de\/#organization","name":"Just Now News","url":"https:\/\/now-news.de\/de\/","logo":{"@type":"ImageObject","inLanguage":"de","@id":"https:\/\/now-news.de\/de\/#\/schema\/logo\/image\/","url":"http:\/\/just-now.news\/de\/wp-content\/uploads\/sites\/3\/2022\/04\/logo500x500.jpg","contentUrl":"http:\/\/just-now.news\/de\/wp-content\/uploads\/sites\/3\/2022\/04\/logo500x500.jpg","width":500,"height":500,"caption":"Just Now News"},"image":{"@id":"https:\/\/now-news.de\/de\/#\/schema\/logo\/image\/"},"sameAs":["https:\/\/www.facebook.com\/wirmachenauf","https:\/\/x.com\/WirMachenAuf_de"]},{"@type":"Person","@id":"https:\/\/now-news.de\/de\/#\/schema\/person\/fb534a4e865501d8b3285208df34a9b5","name":"rtnews","image":{"@type":"ImageObject","inLanguage":"de","@id":"https:\/\/now-news.de\/de\/#\/schema\/person\/image\/","url":"https:\/\/secure.gravatar.com\/avatar\/82aafea7d8127119dd649515f56e2117?s=96&d=mm&r=g","contentUrl":"https:\/\/secure.gravatar.com\/avatar\/82aafea7d8127119dd649515f56e2117?s=96&d=mm&r=g","caption":"rtnews"},"url":"https:\/\/now-news.de\/de\/author\/rnews\/"}]}},"_links":{"self":[{"href":"https:\/\/now-news.de\/de\/wp-json\/wp\/v2\/posts\/9688"}],"collection":[{"href":"https:\/\/now-news.de\/de\/wp-json\/wp\/v2\/posts"}],"about":[{"href":"https:\/\/now-news.de\/de\/wp-json\/wp\/v2\/types\/post"}],"author":[{"embeddable":true,"href":"https:\/\/now-news.de\/de\/wp-json\/wp\/v2\/users\/3"}],"replies":[{"embeddable":true,"href":"https:\/\/now-news.de\/de\/wp-json\/wp\/v2\/comments?post=9688"}],"version-history":[{"count":0,"href":"https:\/\/now-news.de\/de\/wp-json\/wp\/v2\/posts\/9688\/revisions"}],"wp:featuredmedia":[{"embeddable":true,"href":"https:\/\/now-news.de\/de\/wp-json\/wp\/v2\/media\/6832"}],"wp:attachment":[{"href":"https:\/\/now-news.de\/de\/wp-json\/wp\/v2\/media?parent=9688"}],"wp:term":[{"taxonomy":"category","embeddable":true,"href":"https:\/\/now-news.de\/de\/wp-json\/wp\/v2\/categories?post=9688"},{"taxonomy":"post_tag","embeddable":true,"href":"https:\/\/now-news.de\/de\/wp-json\/wp\/v2\/tags?post=9688"}],"curies":[{"name":"wp","href":"https:\/\/api.w.org\/{rel}","templated":true}]}}