{"id":96864,"date":"2026-01-05T21:52:03","date_gmt":"2026-01-05T19:52:03","guid":{"rendered":"https:\/\/now-news.de\/de\/deutschland\/dugin-die-welt-am-rande-des-abgrunds-teil-2-globaler-kampf-aller-gegen-alle\/"},"modified":"2026-01-05T21:52:03","modified_gmt":"2026-01-05T19:52:03","slug":"dugin-die-welt-am-rande-des-abgrunds-teil-2-globaler-kampf-aller-gegen-alle","status":"publish","type":"post","link":"https:\/\/now-news.de\/de\/deutschland\/dugin-die-welt-am-rande-des-abgrunds-teil-2-globaler-kampf-aller-gegen-alle\/","title":{"rendered":"Dugin: Die Welt am Rande des Abgrunds (Teil 2) \u2013 Globaler Kampf aller gegen alle"},"content":{"rendered":"<p><img decoding=\"async\" src=\"https:\/\/now-news.de\/de\/wp-content\/uploads\/sites\/3\/2026\/01\/695bd7dbb480cc460461e0d4.jpg\" \/><\/p>\n<div class=\"Text-root Text-type_1 \">\n                Im zweiten Teil des Zweiteilers schildert Alexander Dugin, warum der \u00dcbergang von der unipolaren Hegemonie der USA zur multipolaren Weltordnung kaum vorankommt. Er warnt vor dem Ausbruch des Dritten Weltkriegs in diesem Jahr und ruft dazu auf, schnellstm\u00f6glich ein neues V\u00f6lkerrecht und eine Ideologie der Multipolarit\u00e4t zu schaffen.\n            <\/div>\n<p><\/p>\n<div class=\"Text-root Text-type_5 ArticleView-text ViewText-root \">\n<p><em>Von Alexander Dugin<\/em><\/p>\n<p><em>Den ersten Teil des Zweiteilers finden Sie hier. Darin gibt Dugin einen \u00dcberblick \u00fcber die Entwicklung des V\u00f6lkerrechts bis zum Zweiten Weltkrieg und bis zur Gr\u00fcndung der Vereinten Nationen.<\/em><\/p>\n<p>Die 1945 gegr\u00fcndete UNO hat ein System des V\u00f6lkerrechts etabliert, das formal auf der Anerkennung der Souver\u00e4nit\u00e4t basiert, faktisch jedoch auf dem Kr\u00e4ftegleichgewicht zwischen den Siegern des Zweiten Weltkriegs. Wirklich souver\u00e4n waren nur Washington und Moskau. So blieb das Nachkriegsmodell mit der Ideologie verbunden, indem es den Nationalsozialismus abschaffte, aber das sozialistische Lager erheblich st\u00e4rkte.<\/p>\n<p>Das war die bipolare Weltordnung, die ihren Einfluss auf die \u00fcbrigen Regionen der Welt aus\u00fcbte. Alle Staaten, einschlie\u00dflich der k\u00fcrzlich befreiten Kolonien des Globalen S\u00fcdens, standen vor der Wahl: Welches (von zwei!) ideologischen Modellen sollten sie \u00fcbernehmen? Wenn sie sich f\u00fcr den Kapitalismus entschieden, \u00fcbertrugen sie ihre Souver\u00e4nit\u00e4t an Washington und die NATO. Wenn sie sich f\u00fcr den Sozialismus entschieden, dann an Moskau.<\/p>\n<p>Die Bewegung der Blockfreien Staaten versuchte, einen dritten Pol zu etablieren, aber daf\u00fcr fehlten ihr sowohl die ideologischen als auch die milit\u00e4rischen Ressourcen.<\/p>\n<p><strong>Die unipolare Weltordnung\u00a0<\/strong><\/p>\n<p>Die Nachkriegszeit etablierte also ein System des V\u00f6lkerrechts, das auf dem tats\u00e4chlichen Kr\u00e4fteverh\u00e4ltnis zwischen den beiden konkurrierenden ideologischen Lagern beruhte. Formal wurde die nationale Souver\u00e4nit\u00e4t anerkannt, in der Praxis jedoch nicht. Das Westf\u00e4lische Prinzip blieb nominell bestehen. In Wirklichkeit wurde alles durch das Kr\u00e4ftegleichgewicht zwischen der UdSSR und den USA mit ihren Satellitenstaaten entschieden.<\/p>\n<p>Im Jahr 1989, w\u00e4hrend des Zusammenbruchs der UdSSR, der durch die destruktiven Reformen Gorbatschows verursacht wurde, begann der Ostblock zu zerfallen, und 1991 l\u00f6ste sich auch die UdSSR auf. Die ehemaligen sozialistischen L\u00e4nder \u00fcbernahmen die Ideologie ihres Gegners aus dem Kalten Krieg. Es entstand eine unipolare Welt.<\/p>\n<p>Das bedeutete, dass sich auch das V\u00f6lkerrecht qualitativ ver\u00e4nderte. Nun gab es nur noch eine einzige souver\u00e4ne Instanz, die global geworden war: die USA oder der kollektive Westen. Eine Ideologie, eine Macht. Kapitalismus, Liberalismus, NATO. Das Prinzip der Souver\u00e4nit\u00e4t der Nationalstaaten und die UNO selbst wurden zu Relikten der Vergangenheit, wie einst der V\u00f6lkerbund.<\/p>\n<p>Das V\u00f6lkerrecht wurde fortan nur noch von einem Pol bestimmt \u2013 den Siegern des Kalten Krieges. Die Besiegten (das ehemalige sozialistische Lager \u2013 allen voran die UdSSR) \u00fcbernahmen die Ideologie der Sieger und erkannten damit im Grunde ihre Vasallenabh\u00e4ngigkeit vom kollektiven Westen an.<\/p>\n<p>In dieser Situation sah der liberale Westen eine historische Chance, die internationale liberale Ordnung und das Prinzip der Machtvorherrschaft miteinander zu verbinden. Dies erforderte eine Anpassung des V\u00f6lkerrechts an die tats\u00e4chlichen Gegebenheiten. So begann in den 90er Jahren des 20. Jahrhunderts eine neue Welle der Globalisierung. Sie bedeutete die direkte Unterordnung der Nationalstaaten unter eine supranationale Instanz (eine Weltregierung) und die Einrichtung einer direkten Kontrolle \u00fcber sie durch Washington, das zur Hauptstadt der Welt geworden war.<\/p>\n<p>Die Europ\u00e4ische Union wurde genau als Vorbild f\u00fcr ein solches supranationales System f\u00fcr die gesamte Menschheit gegr\u00fcndet. Migranten wurden massenhaft genau zu diesem Zweck herbeigeschafft \u2013 um zu zeigen, wie die weltweite internationale Menschheit der Zukunft aussehen sollte.<\/p>\n<p>Die UNO b\u00fc\u00dfte in dieser Situation zunehmend an Bedeutung ein. Erstens basierte sie auf dem Prinzip der nationalen Souver\u00e4nit\u00e4t (das es nicht mehr gab). Und zweitens waren die Sonderstellung der UdSSR und Chinas und ihr Platz im UN-Sicherheitsrat ein Relikt der bipolaren \u00c4ra.<\/p>\n<p>Deshalb wurde in Washington \u00fcber die Schaffung eines neuen \u2013 offen unipolaren \u2013 Systems der internationalen Beziehungen gesprochen. Es wurde als &#8220;Liga der Demokratien&#8221; oder &#8220;Forum der Demokratien&#8221; bezeichnet.<\/p>\n<p>Dabei spaltete sich der Globalismus in den USA selbst in zwei Str\u00f6mungen:<\/p>\n<p>Erstens in den ideologischen Liberalismus, der f\u00fcr reinen Internationalismus steht und von Soros mit seiner &#8220;Open society&#8221;, von USAID, der Woke-Agenda und so weiter repr\u00e4sentiert wird.<\/p>\n<p>Zweitens in Neocons \u2013 Anh\u00e4nger einer unmittelbaren amerikanischen Hegemonie mit der NATO als Herrschaftsinstrument.<\/p>\n<p>Im Wesentlichen waren beide Ans\u00e4tze sehr \u00e4hnlich, aber gem\u00e4\u00df dem ersten Ansatz ist die Globalisierung und Vertiefung der liberalen Demokratie in allen L\u00e4ndern der Welt die Hauptpriorit\u00e4t, w\u00e4hrend der zweite Ansatz darauf abzielt, dass die USA das gesamte Territorium der Welt auf milit\u00e4risch-politischer und wirtschaftlicher Ebene direkt kontrollieren.<\/p>\n<p><strong>Der Aufstieg der Multipolarit\u00e4t<\/strong><\/p>\n<p>Der vollst\u00e4ndige \u00dcbergang vom bipolaren Modell des V\u00f6lkerrechts zu einem unipolaren Modell fand jedoch trotz des Verschwindens eines der ideologischen\/machtpolitischen Pole nie statt. Dies wurde durch den gleichzeitigen Aufstieg Chinas und den (sp\u00e4teren) Aufstieg Russlands unter Putin verhindert, als sich erstmals die Konturen einer v\u00f6llig anderen Weltarchitektur \u2013 der Multipolarit\u00e4t \u2013 deutlich abzuzeichnen begannen.<\/p>\n<p>Auf der den Globalisten (sowohl der Linken \u2013 der reinen Liberal-Internationalisten \u2013 als auch der Rechten \u2013 der Neokonservativen) entgegengesetzten Seite entstand eine neue Kraft. Diese ist zwar ideologisch noch nicht klar definiert, lehnt jedoch das ideologische Muster des liberal-globalistischen Westens ab. Diese zun\u00e4chst noch vage Kraft begann, die UNO zu verteidigen und sich gegen die endg\u00fcltige Festigung der Unipolarit\u00e4t zu wehren, d. h. gegen die Umwandlung des milit\u00e4rischen und ideologischen Status quo (der tats\u00e4chlichen Dominanz des kollektiven Westens) in ein dies verfestigendes Rechtssystem.<\/p>\n<p>So befanden wir uns in einer Situation, die an Chaos erinnerte. Es stellte sich heraus, dass derzeit weltweit f\u00fcnf Betriebssysteme der internationalen Beziehungen gleichzeitig in Kraft sind, die miteinander ebenso inkompatibel sind wie Software verschiedener Hersteller.<\/p>\n<p>Aus Gewohnheit erkennen die UNO und die Normen des V\u00f6lkerrechts die Souver\u00e4nit\u00e4t der Nationalstaaten an, die in Wirklichkeit bereits vor etwa hundert Jahren ihre G\u00fcltigkeit verloren hat und nur noch als Phantomschmerz existiert. Dennoch wird die Souver\u00e4nit\u00e4t nach wie vor anerkannt und dient manchmal als Argument in der internationalen Politik.<\/p>\n<p>Aus Gewohnheit bewahren einige Institutionen auch Spuren der l\u00e4ngst vergangenen bipolaren Welt. Das entspricht zwar \u00fcberhaupt nicht der Realit\u00e4t, macht sich aber von Zeit zu Zeit bemerkbar \u2013 beispielsweise in der Frage der nuklearen Parit\u00e4t zwischen Russland und den USA.<\/p>\n<p>Der kollektive Westen beharrt weiterhin auf Globalisierung und dem Streben nach einer Weltregierung. Das bedeutet, dass alle Nationalstaaten aufgefordert sind, ihre Souver\u00e4nit\u00e4t zugunsten supranationaler Instanzen wie dem Internationalen Gerichtshof f\u00fcr Menschenrechte oder dem Haager Tribunal aufzugeben. Die Europ\u00e4ische Union besteht darauf, weltweit ein Vorbild zu sein, wenn es darum geht, kollektive Identit\u00e4ten auszul\u00f6schen und sich von der nationalen Staatlichkeit zu verabschieden.<\/p>\n<p>Die USA \u2013 insbesondere unter Trump \u2013 verhalten sich unter dem Einfluss der Neokonservativen wie die einzige Hegemonialmacht und betrachten alles, was im Interesse Amerikas liegt, als &#8220;Recht&#8221;. Dieser messianische Ansatz steht teilweise im Widerspruch zum Globalismus, ber\u00fccksichtigt Europa und den Internationalismus nicht, besteht aber ebenso vehement auf der Entsouver\u00e4nisierung aller Staaten \u2013 einfach aufgrund des Rechts der St\u00e4rke.<\/p>\n<p>Und schlie\u00dflich zeichnen sich immer deutlicher die Konturen einer multipolaren Welt ab, in der die Souver\u00e4nit\u00e4t von Zivilisationsstaaten wie dem heutigen China, Russland oder Indien ausge\u00fcbt wird. Dies erfordert ein weiteres System des V\u00f6lkerrechts. Als Vorbild f\u00fcr ein solches Modell k\u00f6nnen die BRICS-Staaten oder andere regionale Integrationsplattformen dienen \u2013 ohne Beteiligung des Westens (da dieser seine eigenen, klarer formulierten und strengeren Modelle mitbringt).<\/p>\n<p>Alle f\u00fcnf Systeme wirken gleichzeitig und behindern sich nat\u00fcrlich gegenseitig, was zu st\u00e4ndigen St\u00f6rungen, Konflikten und Widerspr\u00fcchen f\u00fchrt. Es kommt zu einem logischen Kurzschluss im Netzwerk, der den Eindruck von Chaos oder einfach nur der Abwesenheit jeglichen V\u00f6lkerrechts erweckt. Wenn es gleichzeitig f\u00fcnf miteinander unvereinbare Systeme des V\u00f6lkerrechts gibt, dann gibt es im Grunde genommen gar keines.<\/p>\n<p><strong>Am Rande des Abgrunds<\/strong><\/p>\n<p>Die Schlussfolgerung aus dieser Analyse ist sehr beunruhigend. Derart gro\u00dfe Widerspr\u00fcche auf globaler Ebene, ein so tiefer Konflikt der Interpretationen, konnten in der Geschichte fast nie (ehrlich gesagt, \u00fcberhaupt nie) friedlich gel\u00f6st werden. Diejenigen, die sich weigern, f\u00fcr ihre Weltordnung zu k\u00e4mpfen, werden sofort besiegt. Und sie m\u00fcssen f\u00fcr die Weltordnung anderer k\u00e4mpfen, allerdings bereits als Vasallen.<\/p>\n<p>Folglich ist ein dritter Weltkrieg mehr als wahrscheinlich. Und im Jahr 2026 ist er wahrscheinlicher als 2025 oder in fr\u00fcheren Jahren. Das bedeutet nicht, dass wir dazu verdammt sind, sondern nur, dass wir uns in einer sehr schwierigen Situation befinden.<br \/>Per Definition betrifft ein Weltkrieg alle oder fast alle \u2013 deshalb ist er ja ein Weltkrieg. Dennoch gibt es in jedem Weltkrieg Hauptakteure.<\/p>\n<p>Heute sind dies der kollektive Westen in seinen beiden Auspr\u00e4gungen (liberal-globalistisch und hegemonialistisch) und die aufstrebenden Pole einer multipolaren Welt: Russland, China und Indien.<\/p>\n<p>Alle anderen sind vorerst nur Instrumente.<\/p>\n<p>Dabei hat der Westen eine Ideologie, die multipolare Welt hingegen nicht. Die Multipolarit\u00e4t selbst hat sich bereits insgesamt manifestiert, ist aber ideologisch noch kaum ausgepr\u00e4gt.<\/p>\n<p>Wenn es kein internationales Recht gibt und es per Definition unm\u00f6glich ist, den Frieden von Jalta, die alte UNO und die Tr\u00e4gheit der Bipolarit\u00e4t zu verteidigen, dann muss man ein neues System des internationalen Rechts vorlegen. China unternimmt gewisse Versuche in dieser Richtung (Gemeinschaft eines gemeinsamen Schicksals), Russland in geringerem Ma\u00dfe (Ausnahmen sind die Theorie einer multipolaren Welt und die vierte politische Theorie).<\/p>\n<p>Aber das reicht eindeutig nicht aus. M\u00f6glicherweise m\u00fcssen wir uns in diesem Jahr an einem globalen Kampf aller gegen alle beteiligen, in dessen Verlauf sich die Zukunft, die entsprechende Weltordnung und das System des V\u00f6lkerrechts entscheiden werden. Derzeit gibt es kein solches System. Aber es muss ein V\u00f6lkerrecht geben, das es uns erm\u00f6glicht, das zu sein, was wir sein sollten \u2013 ein Zivilisationsstaat, die russische Welt. Das m\u00fcssen wir so schnell wie m\u00f6glich begreifen.<\/p>\n<p><em>\u00dcbersetzt aus dem\u00a0<a rel=\"nofollow noopener\" target=\"_blank\" href=\"https:\/\/ria.ru\/20260104\/voyna-2066215800.html\">Russischen<\/a>. Der Artikel ist am 4. Januar 2026 auf ria.ru erschienen.<\/em><\/p>\n<p><strong>Mehr zum Thema<\/strong>\u00a0<strong>\u2013<\/strong>\u00a0<a rel=\"nofollow noopener\" target=\"_blank\" href=\"https:\/\/freedert.online\/nordamerika\/263997-neue-nationale-sicherheitsstrategie-usa-radikaler\/\">Neue Nationale Sicherheitsstrategie der USA \u2013 Radikaler Kurswechsel unter Trump<\/a><\/p>\n<div class=\"EmbedBlock-root EmbedBlock-externalVideo EmbedBlock-rumble\">\n<div class=\"VkEmbed\"><iframe class=\"lazyload\" data-src=\"https:\/\/rumble.com\/embed\/v71ojw8\" frameborder=\"0\" width=\"853\" height=\"480\" allowfullscreen><\/iframe><\/div>\n<\/div>\n<\/div>\n<p><br \/>\n<br \/><a href=\"https:\/\/de.rt.com\/international\/266508-dugin-welt-am-rande-abgrunds-zweiter-teil\/\">Source link <\/a><\/p>\n","protected":false},"excerpt":{"rendered":"<p>Im zweiten Teil des Zweiteilers schildert Alexander Dugin, warum der \u00dcbergang von der unipolaren Hegemonie der USA zur multipolaren Weltordnung kaum vorankommt. Er warnt vor dem Ausbruch des Dritten Weltkriegs in diesem Jahr und ruft dazu auf, schnellstm\u00f6glich ein neues V\u00f6lkerrecht und eine Ideologie der Multipolarit\u00e4t zu schaffen. Von Alexander Dugin Den ersten Teil des [&hellip;]<\/p>\n","protected":false},"author":3,"featured_media":96865,"comment_status":"open","ping_status":"open","sticky":false,"template":"","format":"standard","meta":{"_yoast_indexnow_last_ping":["1767643238"],"wp_automatic_camp":["217"],"c5b6312979cfa44fcbfa7b45d3839775":["Dugin: Die Welt am Rande des Abgrunds (Teil 2) \u2013 Globaler Kampf aller gegen alle"],"original_link":["https:\/\/de.rt.com\/international\/266508-dugin-welt-am-rande-abgrunds-zweiter-teil\/"],"_thumbnail_id":["96865"],"jnews_social_counter_last_update":["1777422198"],"_wptgpro_p2tg_sent2tg":["a:1:{i:23737;s:19:\"2026-01-05 22:01:40\";}"]},"categories":[19,23],"tags":[66456,271,11561,583,45,4682,278,1739,5522,7171,3240,778],"yoast_head":"<!-- This site is optimized with the Yoast SEO Premium plugin v22.7 (Yoast SEO v22.7) - https:\/\/yoast.com\/wordpress\/plugins\/seo\/ -->\n<title>Dugin: Die Welt am Rande des Abgrunds (Teil 2) \u2013 Globaler Kampf aller gegen alle - just-now.NEWS Deutschland<\/title>\n<meta name=\"robots\" content=\"index, follow, max-snippet:-1, max-image-preview:large, max-video-preview:-1\" \/>\n<link rel=\"canonical\" href=\"https:\/\/now-news.de\/de\/deutschland\/dugin-die-welt-am-rande-des-abgrunds-teil-2-globaler-kampf-aller-gegen-alle\/\" \/>\n<meta property=\"og:locale\" content=\"de_DE\" \/>\n<meta property=\"og:type\" content=\"article\" \/>\n<meta property=\"og:title\" content=\"Dugin: Die Welt am Rande des Abgrunds (Teil 2) \u2013 Globaler Kampf aller gegen alle\" \/>\n<meta property=\"og:description\" content=\"Im zweiten Teil des Zweiteilers schildert Alexander Dugin, warum der \u00dcbergang von der unipolaren Hegemonie der USA zur multipolaren Weltordnung kaum vorankommt. Er warnt vor dem Ausbruch des Dritten Weltkriegs in diesem Jahr und ruft dazu auf, schnellstm\u00f6glich ein neues V\u00f6lkerrecht und eine Ideologie der Multipolarit\u00e4t zu schaffen. Von Alexander Dugin Den ersten Teil des [&hellip;]\" \/>\n<meta property=\"og:url\" content=\"https:\/\/now-news.de\/de\/deutschland\/dugin-die-welt-am-rande-des-abgrunds-teil-2-globaler-kampf-aller-gegen-alle\/\" \/>\n<meta property=\"og:site_name\" content=\"just-now.NEWS Deutschland\" \/>\n<meta property=\"article:publisher\" content=\"https:\/\/www.facebook.com\/wirmachenauf\" \/>\n<meta property=\"article:published_time\" content=\"2026-01-05T19:52:03+00:00\" \/>\n<meta property=\"og:image\" content=\"https:\/\/now-news.de\/de\/wp-content\/uploads\/sites\/3\/2026\/01\/695bd7dbb480cc460461e0d4.jpg\" \/>\n<meta name=\"author\" content=\"rtnews\" \/>\n<meta name=\"twitter:card\" content=\"summary_large_image\" \/>\n<meta name=\"twitter:creator\" content=\"@WirMachenAuf_de\" \/>\n<meta name=\"twitter:site\" content=\"@WirMachenAuf_de\" \/>\n<meta name=\"twitter:label1\" content=\"Verfasst von\" \/>\n\t<meta name=\"twitter:data1\" content=\"rtnews\" \/>\n\t<meta name=\"twitter:label2\" content=\"Gesch\u00e4tzte Lesezeit\" \/>\n\t<meta name=\"twitter:data2\" content=\"8\u00a0Minuten\" \/>\n<script type=\"application\/ld+json\" class=\"yoast-schema-graph\">{\"@context\":\"https:\/\/schema.org\",\"@graph\":[{\"@type\":\"Article\",\"@id\":\"https:\/\/now-news.de\/de\/deutschland\/dugin-die-welt-am-rande-des-abgrunds-teil-2-globaler-kampf-aller-gegen-alle\/#article\",\"isPartOf\":{\"@id\":\"https:\/\/now-news.de\/de\/deutschland\/dugin-die-welt-am-rande-des-abgrunds-teil-2-globaler-kampf-aller-gegen-alle\/\"},\"author\":{\"name\":\"rtnews\",\"@id\":\"https:\/\/now-news.de\/de\/#\/schema\/person\/fb534a4e865501d8b3285208df34a9b5\"},\"headline\":\"Dugin: Die Welt am Rande des Abgrunds (Teil 2) \u2013 Globaler Kampf aller gegen alle\",\"datePublished\":\"2026-01-05T19:52:03+00:00\",\"dateModified\":\"2026-01-05T19:52:03+00:00\",\"mainEntityOfPage\":{\"@id\":\"https:\/\/now-news.de\/de\/deutschland\/dugin-die-welt-am-rande-des-abgrunds-teil-2-globaler-kampf-aller-gegen-alle\/\"},\"wordCount\":1678,\"commentCount\":0,\"publisher\":{\"@id\":\"https:\/\/now-news.de\/de\/#organization\"},\"image\":{\"@id\":\"https:\/\/now-news.de\/de\/deutschland\/dugin-die-welt-am-rande-des-abgrunds-teil-2-globaler-kampf-aller-gegen-alle\/#primaryimage\"},\"thumbnailUrl\":\"https:\/\/now-news.de\/de\/wp-content\/uploads\/sites\/3\/2026\/01\/Dugin-Die-Welt-am-Rande-des-Abgrunds-Teil-2-\u2013.jpg\",\"keywords\":[\"Abgrunds\",\"ALLE\",\"aller\",\"des\",\"die\",\"dugin\",\"gegen\",\"globaler\",\"Kampf\",\"Rande\",\"Teil\",\"Welt\"],\"articleSection\":[\"Deutschland\",\"Russland\"],\"inLanguage\":\"de\",\"potentialAction\":[{\"@type\":\"CommentAction\",\"name\":\"Comment\",\"target\":[\"https:\/\/now-news.de\/de\/deutschland\/dugin-die-welt-am-rande-des-abgrunds-teil-2-globaler-kampf-aller-gegen-alle\/#respond\"]}]},{\"@type\":\"WebPage\",\"@id\":\"https:\/\/now-news.de\/de\/deutschland\/dugin-die-welt-am-rande-des-abgrunds-teil-2-globaler-kampf-aller-gegen-alle\/\",\"url\":\"https:\/\/now-news.de\/de\/deutschland\/dugin-die-welt-am-rande-des-abgrunds-teil-2-globaler-kampf-aller-gegen-alle\/\",\"name\":\"Dugin: Die Welt am Rande des Abgrunds (Teil 2) \u2013 Globaler Kampf aller gegen alle - just-now.NEWS Deutschland\",\"isPartOf\":{\"@id\":\"https:\/\/now-news.de\/de\/#website\"},\"primaryImageOfPage\":{\"@id\":\"https:\/\/now-news.de\/de\/deutschland\/dugin-die-welt-am-rande-des-abgrunds-teil-2-globaler-kampf-aller-gegen-alle\/#primaryimage\"},\"image\":{\"@id\":\"https:\/\/now-news.de\/de\/deutschland\/dugin-die-welt-am-rande-des-abgrunds-teil-2-globaler-kampf-aller-gegen-alle\/#primaryimage\"},\"thumbnailUrl\":\"https:\/\/now-news.de\/de\/wp-content\/uploads\/sites\/3\/2026\/01\/Dugin-Die-Welt-am-Rande-des-Abgrunds-Teil-2-\u2013.jpg\",\"datePublished\":\"2026-01-05T19:52:03+00:00\",\"dateModified\":\"2026-01-05T19:52:03+00:00\",\"breadcrumb\":{\"@id\":\"https:\/\/now-news.de\/de\/deutschland\/dugin-die-welt-am-rande-des-abgrunds-teil-2-globaler-kampf-aller-gegen-alle\/#breadcrumb\"},\"inLanguage\":\"de\",\"potentialAction\":[{\"@type\":\"ReadAction\",\"target\":[\"https:\/\/now-news.de\/de\/deutschland\/dugin-die-welt-am-rande-des-abgrunds-teil-2-globaler-kampf-aller-gegen-alle\/\"]}]},{\"@type\":\"ImageObject\",\"inLanguage\":\"de\",\"@id\":\"https:\/\/now-news.de\/de\/deutschland\/dugin-die-welt-am-rande-des-abgrunds-teil-2-globaler-kampf-aller-gegen-alle\/#primaryimage\",\"url\":\"https:\/\/now-news.de\/de\/wp-content\/uploads\/sites\/3\/2026\/01\/Dugin-Die-Welt-am-Rande-des-Abgrunds-Teil-2-\u2013.jpg\",\"contentUrl\":\"https:\/\/now-news.de\/de\/wp-content\/uploads\/sites\/3\/2026\/01\/Dugin-Die-Welt-am-Rande-des-Abgrunds-Teil-2-\u2013.jpg\",\"width\":460,\"height\":259,\"caption\":\"Dugin: Die Welt am Rande des Abgrunds (Teil 2) \u2013 Globaler Kampf aller gegen alle\"},{\"@type\":\"BreadcrumbList\",\"@id\":\"https:\/\/now-news.de\/de\/deutschland\/dugin-die-welt-am-rande-des-abgrunds-teil-2-globaler-kampf-aller-gegen-alle\/#breadcrumb\",\"itemListElement\":[{\"@type\":\"ListItem\",\"position\":1,\"name\":\"Home\",\"item\":\"https:\/\/now-news.de\/de\/\"},{\"@type\":\"ListItem\",\"position\":2,\"name\":\"Dugin: Die Welt am Rande des Abgrunds (Teil 2) \u2013 Globaler Kampf aller gegen alle\"}]},{\"@type\":\"WebSite\",\"@id\":\"https:\/\/now-news.de\/de\/#website\",\"url\":\"https:\/\/now-news.de\/de\/\",\"name\":\"just-now.NEWS Deutschland\",\"description\":\"Das Portal f\u00fcr unzensierte Nachrichten aus der Welt\",\"publisher\":{\"@id\":\"https:\/\/now-news.de\/de\/#organization\"},\"potentialAction\":[{\"@type\":\"SearchAction\",\"target\":{\"@type\":\"EntryPoint\",\"urlTemplate\":\"https:\/\/now-news.de\/de\/?s={search_term_string}\"},\"query-input\":\"required name=search_term_string\"}],\"inLanguage\":\"de\"},{\"@type\":\"Organization\",\"@id\":\"https:\/\/now-news.de\/de\/#organization\",\"name\":\"Just Now News\",\"url\":\"https:\/\/now-news.de\/de\/\",\"logo\":{\"@type\":\"ImageObject\",\"inLanguage\":\"de\",\"@id\":\"https:\/\/now-news.de\/de\/#\/schema\/logo\/image\/\",\"url\":\"http:\/\/just-now.news\/de\/wp-content\/uploads\/sites\/3\/2022\/04\/logo500x500.jpg\",\"contentUrl\":\"http:\/\/just-now.news\/de\/wp-content\/uploads\/sites\/3\/2022\/04\/logo500x500.jpg\",\"width\":500,\"height\":500,\"caption\":\"Just Now News\"},\"image\":{\"@id\":\"https:\/\/now-news.de\/de\/#\/schema\/logo\/image\/\"},\"sameAs\":[\"https:\/\/www.facebook.com\/wirmachenauf\",\"https:\/\/x.com\/WirMachenAuf_de\"]},{\"@type\":\"Person\",\"@id\":\"https:\/\/now-news.de\/de\/#\/schema\/person\/fb534a4e865501d8b3285208df34a9b5\",\"name\":\"rtnews\",\"image\":{\"@type\":\"ImageObject\",\"inLanguage\":\"de\",\"@id\":\"https:\/\/now-news.de\/de\/#\/schema\/person\/image\/\",\"url\":\"https:\/\/secure.gravatar.com\/avatar\/82aafea7d8127119dd649515f56e2117?s=96&d=mm&r=g\",\"contentUrl\":\"https:\/\/secure.gravatar.com\/avatar\/82aafea7d8127119dd649515f56e2117?s=96&d=mm&r=g\",\"caption\":\"rtnews\"},\"url\":\"https:\/\/now-news.de\/de\/author\/rnews\/\"}]}<\/script>\n<!-- \/ Yoast SEO Premium plugin. -->","yoast_head_json":{"title":"Dugin: Die Welt am Rande des Abgrunds (Teil 2) \u2013 Globaler Kampf aller gegen alle - just-now.NEWS Deutschland","robots":{"index":"index","follow":"follow","max-snippet":"max-snippet:-1","max-image-preview":"max-image-preview:large","max-video-preview":"max-video-preview:-1"},"canonical":"https:\/\/now-news.de\/de\/deutschland\/dugin-die-welt-am-rande-des-abgrunds-teil-2-globaler-kampf-aller-gegen-alle\/","og_locale":"de_DE","og_type":"article","og_title":"Dugin: Die Welt am Rande des Abgrunds (Teil 2) \u2013 Globaler Kampf aller gegen alle","og_description":"Im zweiten Teil des Zweiteilers schildert Alexander Dugin, warum der \u00dcbergang von der unipolaren Hegemonie der USA zur multipolaren Weltordnung kaum vorankommt. Er warnt vor dem Ausbruch des Dritten Weltkriegs in diesem Jahr und ruft dazu auf, schnellstm\u00f6glich ein neues V\u00f6lkerrecht und eine Ideologie der Multipolarit\u00e4t zu schaffen. Von Alexander Dugin Den ersten Teil des [&hellip;]","og_url":"https:\/\/now-news.de\/de\/deutschland\/dugin-die-welt-am-rande-des-abgrunds-teil-2-globaler-kampf-aller-gegen-alle\/","og_site_name":"just-now.NEWS Deutschland","article_publisher":"https:\/\/www.facebook.com\/wirmachenauf","article_published_time":"2026-01-05T19:52:03+00:00","og_image":[{"url":"https:\/\/now-news.de\/de\/wp-content\/uploads\/sites\/3\/2026\/01\/695bd7dbb480cc460461e0d4.jpg"}],"author":"rtnews","twitter_card":"summary_large_image","twitter_creator":"@WirMachenAuf_de","twitter_site":"@WirMachenAuf_de","twitter_misc":{"Verfasst von":"rtnews","Gesch\u00e4tzte Lesezeit":"8\u00a0Minuten"},"schema":{"@context":"https:\/\/schema.org","@graph":[{"@type":"Article","@id":"https:\/\/now-news.de\/de\/deutschland\/dugin-die-welt-am-rande-des-abgrunds-teil-2-globaler-kampf-aller-gegen-alle\/#article","isPartOf":{"@id":"https:\/\/now-news.de\/de\/deutschland\/dugin-die-welt-am-rande-des-abgrunds-teil-2-globaler-kampf-aller-gegen-alle\/"},"author":{"name":"rtnews","@id":"https:\/\/now-news.de\/de\/#\/schema\/person\/fb534a4e865501d8b3285208df34a9b5"},"headline":"Dugin: Die Welt am Rande des Abgrunds (Teil 2) \u2013 Globaler Kampf aller gegen alle","datePublished":"2026-01-05T19:52:03+00:00","dateModified":"2026-01-05T19:52:03+00:00","mainEntityOfPage":{"@id":"https:\/\/now-news.de\/de\/deutschland\/dugin-die-welt-am-rande-des-abgrunds-teil-2-globaler-kampf-aller-gegen-alle\/"},"wordCount":1678,"commentCount":0,"publisher":{"@id":"https:\/\/now-news.de\/de\/#organization"},"image":{"@id":"https:\/\/now-news.de\/de\/deutschland\/dugin-die-welt-am-rande-des-abgrunds-teil-2-globaler-kampf-aller-gegen-alle\/#primaryimage"},"thumbnailUrl":"https:\/\/now-news.de\/de\/wp-content\/uploads\/sites\/3\/2026\/01\/Dugin-Die-Welt-am-Rande-des-Abgrunds-Teil-2-\u2013.jpg","keywords":["Abgrunds","ALLE","aller","des","die","dugin","gegen","globaler","Kampf","Rande","Teil","Welt"],"articleSection":["Deutschland","Russland"],"inLanguage":"de","potentialAction":[{"@type":"CommentAction","name":"Comment","target":["https:\/\/now-news.de\/de\/deutschland\/dugin-die-welt-am-rande-des-abgrunds-teil-2-globaler-kampf-aller-gegen-alle\/#respond"]}]},{"@type":"WebPage","@id":"https:\/\/now-news.de\/de\/deutschland\/dugin-die-welt-am-rande-des-abgrunds-teil-2-globaler-kampf-aller-gegen-alle\/","url":"https:\/\/now-news.de\/de\/deutschland\/dugin-die-welt-am-rande-des-abgrunds-teil-2-globaler-kampf-aller-gegen-alle\/","name":"Dugin: Die Welt am Rande des Abgrunds (Teil 2) \u2013 Globaler Kampf aller gegen alle - just-now.NEWS Deutschland","isPartOf":{"@id":"https:\/\/now-news.de\/de\/#website"},"primaryImageOfPage":{"@id":"https:\/\/now-news.de\/de\/deutschland\/dugin-die-welt-am-rande-des-abgrunds-teil-2-globaler-kampf-aller-gegen-alle\/#primaryimage"},"image":{"@id":"https:\/\/now-news.de\/de\/deutschland\/dugin-die-welt-am-rande-des-abgrunds-teil-2-globaler-kampf-aller-gegen-alle\/#primaryimage"},"thumbnailUrl":"https:\/\/now-news.de\/de\/wp-content\/uploads\/sites\/3\/2026\/01\/Dugin-Die-Welt-am-Rande-des-Abgrunds-Teil-2-\u2013.jpg","datePublished":"2026-01-05T19:52:03+00:00","dateModified":"2026-01-05T19:52:03+00:00","breadcrumb":{"@id":"https:\/\/now-news.de\/de\/deutschland\/dugin-die-welt-am-rande-des-abgrunds-teil-2-globaler-kampf-aller-gegen-alle\/#breadcrumb"},"inLanguage":"de","potentialAction":[{"@type":"ReadAction","target":["https:\/\/now-news.de\/de\/deutschland\/dugin-die-welt-am-rande-des-abgrunds-teil-2-globaler-kampf-aller-gegen-alle\/"]}]},{"@type":"ImageObject","inLanguage":"de","@id":"https:\/\/now-news.de\/de\/deutschland\/dugin-die-welt-am-rande-des-abgrunds-teil-2-globaler-kampf-aller-gegen-alle\/#primaryimage","url":"https:\/\/now-news.de\/de\/wp-content\/uploads\/sites\/3\/2026\/01\/Dugin-Die-Welt-am-Rande-des-Abgrunds-Teil-2-\u2013.jpg","contentUrl":"https:\/\/now-news.de\/de\/wp-content\/uploads\/sites\/3\/2026\/01\/Dugin-Die-Welt-am-Rande-des-Abgrunds-Teil-2-\u2013.jpg","width":460,"height":259,"caption":"Dugin: Die Welt am Rande des Abgrunds (Teil 2) \u2013 Globaler Kampf aller gegen alle"},{"@type":"BreadcrumbList","@id":"https:\/\/now-news.de\/de\/deutschland\/dugin-die-welt-am-rande-des-abgrunds-teil-2-globaler-kampf-aller-gegen-alle\/#breadcrumb","itemListElement":[{"@type":"ListItem","position":1,"name":"Home","item":"https:\/\/now-news.de\/de\/"},{"@type":"ListItem","position":2,"name":"Dugin: Die Welt am Rande des Abgrunds (Teil 2) \u2013 Globaler Kampf aller gegen alle"}]},{"@type":"WebSite","@id":"https:\/\/now-news.de\/de\/#website","url":"https:\/\/now-news.de\/de\/","name":"just-now.NEWS Deutschland","description":"Das Portal f\u00fcr unzensierte Nachrichten aus der Welt","publisher":{"@id":"https:\/\/now-news.de\/de\/#organization"},"potentialAction":[{"@type":"SearchAction","target":{"@type":"EntryPoint","urlTemplate":"https:\/\/now-news.de\/de\/?s={search_term_string}"},"query-input":"required name=search_term_string"}],"inLanguage":"de"},{"@type":"Organization","@id":"https:\/\/now-news.de\/de\/#organization","name":"Just Now News","url":"https:\/\/now-news.de\/de\/","logo":{"@type":"ImageObject","inLanguage":"de","@id":"https:\/\/now-news.de\/de\/#\/schema\/logo\/image\/","url":"http:\/\/just-now.news\/de\/wp-content\/uploads\/sites\/3\/2022\/04\/logo500x500.jpg","contentUrl":"http:\/\/just-now.news\/de\/wp-content\/uploads\/sites\/3\/2022\/04\/logo500x500.jpg","width":500,"height":500,"caption":"Just Now News"},"image":{"@id":"https:\/\/now-news.de\/de\/#\/schema\/logo\/image\/"},"sameAs":["https:\/\/www.facebook.com\/wirmachenauf","https:\/\/x.com\/WirMachenAuf_de"]},{"@type":"Person","@id":"https:\/\/now-news.de\/de\/#\/schema\/person\/fb534a4e865501d8b3285208df34a9b5","name":"rtnews","image":{"@type":"ImageObject","inLanguage":"de","@id":"https:\/\/now-news.de\/de\/#\/schema\/person\/image\/","url":"https:\/\/secure.gravatar.com\/avatar\/82aafea7d8127119dd649515f56e2117?s=96&d=mm&r=g","contentUrl":"https:\/\/secure.gravatar.com\/avatar\/82aafea7d8127119dd649515f56e2117?s=96&d=mm&r=g","caption":"rtnews"},"url":"https:\/\/now-news.de\/de\/author\/rnews\/"}]}},"_links":{"self":[{"href":"https:\/\/now-news.de\/de\/wp-json\/wp\/v2\/posts\/96864"}],"collection":[{"href":"https:\/\/now-news.de\/de\/wp-json\/wp\/v2\/posts"}],"about":[{"href":"https:\/\/now-news.de\/de\/wp-json\/wp\/v2\/types\/post"}],"author":[{"embeddable":true,"href":"https:\/\/now-news.de\/de\/wp-json\/wp\/v2\/users\/3"}],"replies":[{"embeddable":true,"href":"https:\/\/now-news.de\/de\/wp-json\/wp\/v2\/comments?post=96864"}],"version-history":[{"count":0,"href":"https:\/\/now-news.de\/de\/wp-json\/wp\/v2\/posts\/96864\/revisions"}],"wp:featuredmedia":[{"embeddable":true,"href":"https:\/\/now-news.de\/de\/wp-json\/wp\/v2\/media\/96865"}],"wp:attachment":[{"href":"https:\/\/now-news.de\/de\/wp-json\/wp\/v2\/media?parent=96864"}],"wp:term":[{"taxonomy":"category","embeddable":true,"href":"https:\/\/now-news.de\/de\/wp-json\/wp\/v2\/categories?post=96864"},{"taxonomy":"post_tag","embeddable":true,"href":"https:\/\/now-news.de\/de\/wp-json\/wp\/v2\/tags?post=96864"}],"curies":[{"name":"wp","href":"https:\/\/api.w.org\/{rel}","templated":true}]}}