{"id":9684,"date":"2022-06-03T09:23:41","date_gmt":"2022-06-03T07:23:41","guid":{"rendered":"http:\/\/just-now.news\/de\/deutschland\/erdogan-wirft-deutschland-und-frankreich-terrorunterstuetzung-vor\/"},"modified":"2022-06-03T09:23:41","modified_gmt":"2022-06-03T07:23:41","slug":"erdogan-wirft-deutschland-und-frankreich-terrorunterstuetzung-vor","status":"publish","type":"post","link":"https:\/\/now-news.de\/de\/deutschland\/erdogan-wirft-deutschland-und-frankreich-terrorunterstuetzung-vor\/","title":{"rendered":"Erdo\u011fan wirft Deutschland und Frankreich &quot;Terrorunterst\u00fctzung&quot; vor"},"content":{"rendered":"<p><img decoding=\"async\" src=\"http:\/\/just-now.news\/de\/wp-content\/uploads\/sites\/3\/2022\/06\/6298861a48fbef4af122102f.jpeg\" \/><\/p>\n<p>Der t\u00fcrkische Pr\u00e4sident Recep Tayyip Erdo\u011fan hat am Mittwoch vor dem t\u00fcrkischen Parlament erkl\u00e4rt, dass Finnland und Schweden nicht die einzigen L\u00e4nder in Europa seien, die &#8220;Terroristen&#8221; unterst\u00fctzen.<\/p>\n<p>Der t\u00fcrkische Staatschef beschuldigte Frankreich, Deutschland und die Niederlande, Organisationen zu unterst\u00fctzen, die von Ankara als Terroristen eingestuft werden. Darunter seien die Arbeiterpartei Kurdistans (PKK) und die G\u00fclen-Bewegung, die von Ankara verd\u00e4chtigt wird, 2016 einen Putschversuch in der T\u00fcrkei unternommen zu haben.<\/p>\n<p>Zu einem m\u00f6glichen Beitritt Finnlands und Schwedens zur NATO erkl\u00e4rte Erdo\u011fan, der Block sei &#8220;eine Sicherheitsorganisation, keine Unterst\u00fctzung f\u00fcr terroristische Organisationen&#8221;, und f\u00fcgte hinzu, es gebe auch andere NATO-Mitglieder, die sich der Unterst\u00fctzung von Extremisten schuldig gemacht h\u00e4tten. Erdo\u011fan sagte dazu:<\/p>\n<blockquote>\n<p><em>&#8220;Sie sch\u00fctzen diese terroristischen Organisationen zusammen mit der Polizei in Schweden, Finnland, Deutschland, Frankreich und den Niederlanden.&#8221;<\/em><\/p>\n<\/blockquote>\n<p>Dabei bezog er sich dabei offenbar auf die j\u00fcngsten PKK-Demonstrationen, die unter der Losung &#8220;Langer Marsch&#8221; in diesen L\u00e4ndern stattgefunden hatten.<\/p>\n<p>Am Dienstag hatte das t\u00fcrkische Au\u00dfenministerium die Botschafter Deutschlands und Frankreichs offiziell vorgeladen, um ihnen eine Protestnote zu \u00fcberreichen, weil sie die Aktivit\u00e4ten der PKK in ihren L\u00e4ndern ungehindert zulie\u00dfen. Der t\u00fcrkische Pr\u00e4sident fragte:<\/p>\n<blockquote>\n<p><em>&#8220;Wie kann die T\u00fcrkei die NATO-Bewerbung Schwedens und Finnlands guthei\u00dfen, wenn sich dort Terrororganisationen frei bewegen und Kundgebungen abhalten?&#8221;<\/em><\/p>\n<\/blockquote>\n<p>Er f\u00fcgte hinzu, dass Ankara von den beiden nordischen L\u00e4ndern noch immer keinen Hinweis oder eine schriftliche Garantie erhalten habe, dass sie irgendeine der t\u00fcrkischen Forderungen erf\u00fcllen w\u00fcrden.<\/p>\n<p>Erdo\u011fan warf den beiden L\u00e4ndern auch vor, sie versuchten, die \u00f6ffentliche Wahrnehmung der PKK zu manipulieren, indem sie die Schreibweise der Organisation \u00e4nderten und sie in PYD\/YPG umbenannten \u2013 der Name der syrisch-kurdischen Miliz, die enge Verbindungen zur PKK hat. Der t\u00fcrkische Staatschef betonte, dass diese L\u00e4nder sich dabei nur selbst etwas vormachten.<\/p>\n<p>Finnland und Schweden hatten am 15. Mai beschlossen, mit ihrer bisherigen Neutralit\u00e4t zu brechen, und ihren NATO-Beitrittswunsch mit Russlands Milit\u00e4roffensive in der Ukraine begr\u00fcndet. Ihre Beitrittsgesuche wurden von Washington und den europ\u00e4ischen NATO-Verb\u00fcndeten begr\u00fc\u00dft, doch die T\u00fcrkei und Kroatien drohten damit, die Antr\u00e4ge zu blockieren, wenn ihre nationalen Sicherheitsbedenken nicht ausger\u00e4umt werden.<\/p>\n<p>Ankara forderte, dass sowohl Schweden als auch Finnland ihre angebliche Unterst\u00fctzung f\u00fcr die als antit\u00fcrkisch bezeichnete Organisation, die die T\u00fcrkei als terroristisch einstuft, unverz\u00fcglich einstellen und deren Mitglieder ausliefern, damit sie vor Gericht gestellt werden k\u00f6nnen. Au\u00dferdem fordert die T\u00fcrkei die Aufhebung der Sanktionen, die die beiden nordischen L\u00e4nder gegen Ankara verh\u00e4ngt hatten.<\/p>\n<p>Erdo\u011fan bestand darauf, dass Ankara ohne die Erf\u00fcllung dieser Bedingungen auf keinen Fall gr\u00fcnes Licht f\u00fcr den Beitritt der beiden L\u00e4nder zu der von den USA gef\u00fchrten Milit\u00e4rallianz geben wird. Am Sonntag erkl\u00e4rte er sogar, dass er, solange er Pr\u00e4sident der T\u00fcrkei ist, niemals zulassen werde, dass ein Land, das den Terrorismus unterst\u00fctzt, der NATO beitritt.<\/p>\n<p><strong>Mehr zum Thema<\/strong> \u2013\u00a0<a rel=\"nofollow noopener\" target=\"_blank\" href=\"https:\/\/de.rt.com\/meinung\/139770-wiederannaherung-zwischen-israel-und-turkei\/\">Wiederann\u00e4herung zwischen Israel und T\u00fcrkei: Neue Invasion in Nordsyrien als Test f\u00fcr die NATO<\/a><\/p>\n<\/p>\n<p><br \/>\n<br \/><a href=\"https:\/\/de.rt.com\/der-nahe-osten\/140029-erdogan-wirft-deutschland-und-frankreich-terrorunterstuetzung-vor\/\">Source link <\/a><\/p>\n","protected":false},"excerpt":{"rendered":"<p>Der t\u00fcrkische Pr\u00e4sident Recep Tayyip Erdo\u011fan hat am Mittwoch vor dem t\u00fcrkischen Parlament erkl\u00e4rt, dass Finnland und Schweden nicht die einzigen L\u00e4nder in Europa seien, die &#8220;Terroristen&#8221; unterst\u00fctzen. Der t\u00fcrkische Staatschef beschuldigte Frankreich, Deutschland und die Niederlande, Organisationen zu unterst\u00fctzen, die von Ankara als Terroristen eingestuft werden. Darunter seien die Arbeiterpartei Kurdistans (PKK) und die [&hellip;]<\/p>\n","protected":false},"author":3,"featured_media":9685,"comment_status":"open","ping_status":"open","sticky":false,"template":"","format":"standard","meta":{"wp_automatic_camp":["217"],"79dec1da6926ca9a9d0b793f8c9ddd7e":["Erdo\u011fan wirft Deutschland und Frankreich &quot;Terrorunterst\u00fctzung&quot; vor"],"original_link":["https:\/\/de.rt.com\/der-nahe-osten\/140029-erdogan-wirft-deutschland-und-frankreich-terrorunterstuetzung-vor\/"],"_thumbnail_id":["9685"],"_wptg_p2tg_sent2tg":["2022-06-03 09:32:17"],"jnews_social_counter_last_update":["1777335930"]},"categories":[19,23],"tags":[179,13697,3320,22958,140,320,7129],"yoast_head":"<!-- This site is optimized with the Yoast SEO Premium plugin v22.7 (Yoast SEO v22.7) - https:\/\/yoast.com\/wordpress\/plugins\/seo\/ -->\n<title>Erdo\u011fan wirft Deutschland und Frankreich &quot;Terrorunterst\u00fctzung&quot; vor - just-now.NEWS Deutschland<\/title>\n<meta name=\"robots\" content=\"index, follow, max-snippet:-1, max-image-preview:large, max-video-preview:-1\" \/>\n<link rel=\"canonical\" href=\"https:\/\/now-news.de\/de\/deutschland\/erdogan-wirft-deutschland-und-frankreich-terrorunterstuetzung-vor\/\" \/>\n<meta property=\"og:locale\" content=\"de_DE\" \/>\n<meta property=\"og:type\" content=\"article\" \/>\n<meta property=\"og:title\" content=\"Erdo\u011fan wirft Deutschland und Frankreich &quot;Terrorunterst\u00fctzung&quot; vor\" \/>\n<meta property=\"og:description\" content=\"Der t\u00fcrkische Pr\u00e4sident Recep Tayyip Erdo\u011fan hat am Mittwoch vor dem t\u00fcrkischen Parlament erkl\u00e4rt, dass Finnland und Schweden nicht die einzigen L\u00e4nder in Europa seien, die &#8220;Terroristen&#8221; unterst\u00fctzen. Der t\u00fcrkische Staatschef beschuldigte Frankreich, Deutschland und die Niederlande, Organisationen zu unterst\u00fctzen, die von Ankara als Terroristen eingestuft werden. Darunter seien die Arbeiterpartei Kurdistans (PKK) und die [&hellip;]\" \/>\n<meta property=\"og:url\" content=\"https:\/\/now-news.de\/de\/deutschland\/erdogan-wirft-deutschland-und-frankreich-terrorunterstuetzung-vor\/\" \/>\n<meta property=\"og:site_name\" content=\"just-now.NEWS Deutschland\" \/>\n<meta property=\"article:publisher\" content=\"https:\/\/www.facebook.com\/wirmachenauf\" \/>\n<meta property=\"article:published_time\" content=\"2022-06-03T07:23:41+00:00\" \/>\n<meta property=\"og:image\" content=\"https:\/\/now-news.de\/de\/wp-content\/uploads\/sites\/3\/2022\/06\/Erdogan-wirft-Deutschland-und-Frankreich-quotTerrorunterstuetzungquot-vor.jpeg\" \/>\n\t<meta property=\"og:image:width\" content=\"460\" \/>\n\t<meta property=\"og:image:height\" content=\"259\" \/>\n\t<meta property=\"og:image:type\" content=\"image\/jpeg\" \/>\n<meta name=\"author\" content=\"rtnews\" \/>\n<meta name=\"twitter:card\" content=\"summary_large_image\" \/>\n<meta name=\"twitter:creator\" content=\"@WirMachenAuf_de\" \/>\n<meta name=\"twitter:site\" content=\"@WirMachenAuf_de\" \/>\n<meta name=\"twitter:label1\" content=\"Verfasst von\" \/>\n\t<meta name=\"twitter:data1\" content=\"rtnews\" \/>\n\t<meta name=\"twitter:label2\" content=\"Gesch\u00e4tzte Lesezeit\" \/>\n\t<meta name=\"twitter:data2\" content=\"3\u00a0Minuten\" \/>\n<script type=\"application\/ld+json\" class=\"yoast-schema-graph\">{\"@context\":\"https:\/\/schema.org\",\"@graph\":[{\"@type\":\"Article\",\"@id\":\"https:\/\/now-news.de\/de\/deutschland\/erdogan-wirft-deutschland-und-frankreich-terrorunterstuetzung-vor\/#article\",\"isPartOf\":{\"@id\":\"https:\/\/now-news.de\/de\/deutschland\/erdogan-wirft-deutschland-und-frankreich-terrorunterstuetzung-vor\/\"},\"author\":{\"name\":\"rtnews\",\"@id\":\"https:\/\/now-news.de\/de\/#\/schema\/person\/fb534a4e865501d8b3285208df34a9b5\"},\"headline\":\"Erdo\u011fan wirft Deutschland und Frankreich &quot;Terrorunterst\u00fctzung&quot; vor\",\"datePublished\":\"2022-06-03T07:23:41+00:00\",\"dateModified\":\"2022-06-03T07:23:41+00:00\",\"mainEntityOfPage\":{\"@id\":\"https:\/\/now-news.de\/de\/deutschland\/erdogan-wirft-deutschland-und-frankreich-terrorunterstuetzung-vor\/\"},\"wordCount\":548,\"commentCount\":0,\"publisher\":{\"@id\":\"https:\/\/now-news.de\/de\/#organization\"},\"image\":{\"@id\":\"https:\/\/now-news.de\/de\/deutschland\/erdogan-wirft-deutschland-und-frankreich-terrorunterstuetzung-vor\/#primaryimage\"},\"thumbnailUrl\":\"https:\/\/now-news.de\/de\/wp-content\/uploads\/sites\/3\/2022\/06\/Erdogan-wirft-Deutschland-und-Frankreich-quotTerrorunterstuetzungquot-vor.jpeg\",\"keywords\":[\"Deutschland\",\"Erdo\u011fan\",\"Frankreich\",\"quotTerrorunterst\u00fctzungquot\",\"und\",\"vor\",\"wirft\"],\"articleSection\":[\"Deutschland\",\"Russland\"],\"inLanguage\":\"de\",\"potentialAction\":[{\"@type\":\"CommentAction\",\"name\":\"Comment\",\"target\":[\"https:\/\/now-news.de\/de\/deutschland\/erdogan-wirft-deutschland-und-frankreich-terrorunterstuetzung-vor\/#respond\"]}]},{\"@type\":\"WebPage\",\"@id\":\"https:\/\/now-news.de\/de\/deutschland\/erdogan-wirft-deutschland-und-frankreich-terrorunterstuetzung-vor\/\",\"url\":\"https:\/\/now-news.de\/de\/deutschland\/erdogan-wirft-deutschland-und-frankreich-terrorunterstuetzung-vor\/\",\"name\":\"Erdo\u011fan wirft Deutschland und Frankreich &quot;Terrorunterst\u00fctzung&quot; vor - just-now.NEWS Deutschland\",\"isPartOf\":{\"@id\":\"https:\/\/now-news.de\/de\/#website\"},\"primaryImageOfPage\":{\"@id\":\"https:\/\/now-news.de\/de\/deutschland\/erdogan-wirft-deutschland-und-frankreich-terrorunterstuetzung-vor\/#primaryimage\"},\"image\":{\"@id\":\"https:\/\/now-news.de\/de\/deutschland\/erdogan-wirft-deutschland-und-frankreich-terrorunterstuetzung-vor\/#primaryimage\"},\"thumbnailUrl\":\"https:\/\/now-news.de\/de\/wp-content\/uploads\/sites\/3\/2022\/06\/Erdogan-wirft-Deutschland-und-Frankreich-quotTerrorunterstuetzungquot-vor.jpeg\",\"datePublished\":\"2022-06-03T07:23:41+00:00\",\"dateModified\":\"2022-06-03T07:23:41+00:00\",\"breadcrumb\":{\"@id\":\"https:\/\/now-news.de\/de\/deutschland\/erdogan-wirft-deutschland-und-frankreich-terrorunterstuetzung-vor\/#breadcrumb\"},\"inLanguage\":\"de\",\"potentialAction\":[{\"@type\":\"ReadAction\",\"target\":[\"https:\/\/now-news.de\/de\/deutschland\/erdogan-wirft-deutschland-und-frankreich-terrorunterstuetzung-vor\/\"]}]},{\"@type\":\"ImageObject\",\"inLanguage\":\"de\",\"@id\":\"https:\/\/now-news.de\/de\/deutschland\/erdogan-wirft-deutschland-und-frankreich-terrorunterstuetzung-vor\/#primaryimage\",\"url\":\"https:\/\/now-news.de\/de\/wp-content\/uploads\/sites\/3\/2022\/06\/Erdogan-wirft-Deutschland-und-Frankreich-quotTerrorunterstuetzungquot-vor.jpeg\",\"contentUrl\":\"https:\/\/now-news.de\/de\/wp-content\/uploads\/sites\/3\/2022\/06\/Erdogan-wirft-Deutschland-und-Frankreich-quotTerrorunterstuetzungquot-vor.jpeg\",\"width\":460,\"height\":259,\"caption\":\"Erdo\u011fan wirft Deutschland und Frankreich &quot;Terrorunterst\u00fctzung&quot; vor\"},{\"@type\":\"BreadcrumbList\",\"@id\":\"https:\/\/now-news.de\/de\/deutschland\/erdogan-wirft-deutschland-und-frankreich-terrorunterstuetzung-vor\/#breadcrumb\",\"itemListElement\":[{\"@type\":\"ListItem\",\"position\":1,\"name\":\"Home\",\"item\":\"https:\/\/now-news.de\/de\/\"},{\"@type\":\"ListItem\",\"position\":2,\"name\":\"Erdo\u011fan wirft Deutschland und Frankreich &quot;Terrorunterst\u00fctzung&quot; vor\"}]},{\"@type\":\"WebSite\",\"@id\":\"https:\/\/now-news.de\/de\/#website\",\"url\":\"https:\/\/now-news.de\/de\/\",\"name\":\"just-now.NEWS Deutschland\",\"description\":\"Das Portal f\u00fcr unzensierte Nachrichten aus der Welt\",\"publisher\":{\"@id\":\"https:\/\/now-news.de\/de\/#organization\"},\"potentialAction\":[{\"@type\":\"SearchAction\",\"target\":{\"@type\":\"EntryPoint\",\"urlTemplate\":\"https:\/\/now-news.de\/de\/?s={search_term_string}\"},\"query-input\":\"required name=search_term_string\"}],\"inLanguage\":\"de\"},{\"@type\":\"Organization\",\"@id\":\"https:\/\/now-news.de\/de\/#organization\",\"name\":\"Just Now News\",\"url\":\"https:\/\/now-news.de\/de\/\",\"logo\":{\"@type\":\"ImageObject\",\"inLanguage\":\"de\",\"@id\":\"https:\/\/now-news.de\/de\/#\/schema\/logo\/image\/\",\"url\":\"http:\/\/just-now.news\/de\/wp-content\/uploads\/sites\/3\/2022\/04\/logo500x500.jpg\",\"contentUrl\":\"http:\/\/just-now.news\/de\/wp-content\/uploads\/sites\/3\/2022\/04\/logo500x500.jpg\",\"width\":500,\"height\":500,\"caption\":\"Just Now News\"},\"image\":{\"@id\":\"https:\/\/now-news.de\/de\/#\/schema\/logo\/image\/\"},\"sameAs\":[\"https:\/\/www.facebook.com\/wirmachenauf\",\"https:\/\/x.com\/WirMachenAuf_de\"]},{\"@type\":\"Person\",\"@id\":\"https:\/\/now-news.de\/de\/#\/schema\/person\/fb534a4e865501d8b3285208df34a9b5\",\"name\":\"rtnews\",\"image\":{\"@type\":\"ImageObject\",\"inLanguage\":\"de\",\"@id\":\"https:\/\/now-news.de\/de\/#\/schema\/person\/image\/\",\"url\":\"https:\/\/secure.gravatar.com\/avatar\/82aafea7d8127119dd649515f56e2117?s=96&d=mm&r=g\",\"contentUrl\":\"https:\/\/secure.gravatar.com\/avatar\/82aafea7d8127119dd649515f56e2117?s=96&d=mm&r=g\",\"caption\":\"rtnews\"},\"url\":\"https:\/\/now-news.de\/de\/author\/rnews\/\"}]}<\/script>\n<!-- \/ Yoast SEO Premium plugin. -->","yoast_head_json":{"title":"Erdo\u011fan wirft Deutschland und Frankreich &quot;Terrorunterst\u00fctzung&quot; vor - just-now.NEWS Deutschland","robots":{"index":"index","follow":"follow","max-snippet":"max-snippet:-1","max-image-preview":"max-image-preview:large","max-video-preview":"max-video-preview:-1"},"canonical":"https:\/\/now-news.de\/de\/deutschland\/erdogan-wirft-deutschland-und-frankreich-terrorunterstuetzung-vor\/","og_locale":"de_DE","og_type":"article","og_title":"Erdo\u011fan wirft Deutschland und Frankreich &quot;Terrorunterst\u00fctzung&quot; vor","og_description":"Der t\u00fcrkische Pr\u00e4sident Recep Tayyip Erdo\u011fan hat am Mittwoch vor dem t\u00fcrkischen Parlament erkl\u00e4rt, dass Finnland und Schweden nicht die einzigen L\u00e4nder in Europa seien, die &#8220;Terroristen&#8221; unterst\u00fctzen. Der t\u00fcrkische Staatschef beschuldigte Frankreich, Deutschland und die Niederlande, Organisationen zu unterst\u00fctzen, die von Ankara als Terroristen eingestuft werden. Darunter seien die Arbeiterpartei Kurdistans (PKK) und die [&hellip;]","og_url":"https:\/\/now-news.de\/de\/deutschland\/erdogan-wirft-deutschland-und-frankreich-terrorunterstuetzung-vor\/","og_site_name":"just-now.NEWS Deutschland","article_publisher":"https:\/\/www.facebook.com\/wirmachenauf","article_published_time":"2022-06-03T07:23:41+00:00","og_image":[{"width":460,"height":259,"url":"https:\/\/now-news.de\/de\/wp-content\/uploads\/sites\/3\/2022\/06\/Erdogan-wirft-Deutschland-und-Frankreich-quotTerrorunterstuetzungquot-vor.jpeg","type":"image\/jpeg"}],"author":"rtnews","twitter_card":"summary_large_image","twitter_creator":"@WirMachenAuf_de","twitter_site":"@WirMachenAuf_de","twitter_misc":{"Verfasst von":"rtnews","Gesch\u00e4tzte Lesezeit":"3\u00a0Minuten"},"schema":{"@context":"https:\/\/schema.org","@graph":[{"@type":"Article","@id":"https:\/\/now-news.de\/de\/deutschland\/erdogan-wirft-deutschland-und-frankreich-terrorunterstuetzung-vor\/#article","isPartOf":{"@id":"https:\/\/now-news.de\/de\/deutschland\/erdogan-wirft-deutschland-und-frankreich-terrorunterstuetzung-vor\/"},"author":{"name":"rtnews","@id":"https:\/\/now-news.de\/de\/#\/schema\/person\/fb534a4e865501d8b3285208df34a9b5"},"headline":"Erdo\u011fan wirft Deutschland und Frankreich &quot;Terrorunterst\u00fctzung&quot; vor","datePublished":"2022-06-03T07:23:41+00:00","dateModified":"2022-06-03T07:23:41+00:00","mainEntityOfPage":{"@id":"https:\/\/now-news.de\/de\/deutschland\/erdogan-wirft-deutschland-und-frankreich-terrorunterstuetzung-vor\/"},"wordCount":548,"commentCount":0,"publisher":{"@id":"https:\/\/now-news.de\/de\/#organization"},"image":{"@id":"https:\/\/now-news.de\/de\/deutschland\/erdogan-wirft-deutschland-und-frankreich-terrorunterstuetzung-vor\/#primaryimage"},"thumbnailUrl":"https:\/\/now-news.de\/de\/wp-content\/uploads\/sites\/3\/2022\/06\/Erdogan-wirft-Deutschland-und-Frankreich-quotTerrorunterstuetzungquot-vor.jpeg","keywords":["Deutschland","Erdo\u011fan","Frankreich","quotTerrorunterst\u00fctzungquot","und","vor","wirft"],"articleSection":["Deutschland","Russland"],"inLanguage":"de","potentialAction":[{"@type":"CommentAction","name":"Comment","target":["https:\/\/now-news.de\/de\/deutschland\/erdogan-wirft-deutschland-und-frankreich-terrorunterstuetzung-vor\/#respond"]}]},{"@type":"WebPage","@id":"https:\/\/now-news.de\/de\/deutschland\/erdogan-wirft-deutschland-und-frankreich-terrorunterstuetzung-vor\/","url":"https:\/\/now-news.de\/de\/deutschland\/erdogan-wirft-deutschland-und-frankreich-terrorunterstuetzung-vor\/","name":"Erdo\u011fan wirft Deutschland und Frankreich &quot;Terrorunterst\u00fctzung&quot; vor - just-now.NEWS Deutschland","isPartOf":{"@id":"https:\/\/now-news.de\/de\/#website"},"primaryImageOfPage":{"@id":"https:\/\/now-news.de\/de\/deutschland\/erdogan-wirft-deutschland-und-frankreich-terrorunterstuetzung-vor\/#primaryimage"},"image":{"@id":"https:\/\/now-news.de\/de\/deutschland\/erdogan-wirft-deutschland-und-frankreich-terrorunterstuetzung-vor\/#primaryimage"},"thumbnailUrl":"https:\/\/now-news.de\/de\/wp-content\/uploads\/sites\/3\/2022\/06\/Erdogan-wirft-Deutschland-und-Frankreich-quotTerrorunterstuetzungquot-vor.jpeg","datePublished":"2022-06-03T07:23:41+00:00","dateModified":"2022-06-03T07:23:41+00:00","breadcrumb":{"@id":"https:\/\/now-news.de\/de\/deutschland\/erdogan-wirft-deutschland-und-frankreich-terrorunterstuetzung-vor\/#breadcrumb"},"inLanguage":"de","potentialAction":[{"@type":"ReadAction","target":["https:\/\/now-news.de\/de\/deutschland\/erdogan-wirft-deutschland-und-frankreich-terrorunterstuetzung-vor\/"]}]},{"@type":"ImageObject","inLanguage":"de","@id":"https:\/\/now-news.de\/de\/deutschland\/erdogan-wirft-deutschland-und-frankreich-terrorunterstuetzung-vor\/#primaryimage","url":"https:\/\/now-news.de\/de\/wp-content\/uploads\/sites\/3\/2022\/06\/Erdogan-wirft-Deutschland-und-Frankreich-quotTerrorunterstuetzungquot-vor.jpeg","contentUrl":"https:\/\/now-news.de\/de\/wp-content\/uploads\/sites\/3\/2022\/06\/Erdogan-wirft-Deutschland-und-Frankreich-quotTerrorunterstuetzungquot-vor.jpeg","width":460,"height":259,"caption":"Erdo\u011fan wirft Deutschland und Frankreich &quot;Terrorunterst\u00fctzung&quot; vor"},{"@type":"BreadcrumbList","@id":"https:\/\/now-news.de\/de\/deutschland\/erdogan-wirft-deutschland-und-frankreich-terrorunterstuetzung-vor\/#breadcrumb","itemListElement":[{"@type":"ListItem","position":1,"name":"Home","item":"https:\/\/now-news.de\/de\/"},{"@type":"ListItem","position":2,"name":"Erdo\u011fan wirft Deutschland und Frankreich &quot;Terrorunterst\u00fctzung&quot; vor"}]},{"@type":"WebSite","@id":"https:\/\/now-news.de\/de\/#website","url":"https:\/\/now-news.de\/de\/","name":"just-now.NEWS Deutschland","description":"Das Portal f\u00fcr unzensierte Nachrichten aus der Welt","publisher":{"@id":"https:\/\/now-news.de\/de\/#organization"},"potentialAction":[{"@type":"SearchAction","target":{"@type":"EntryPoint","urlTemplate":"https:\/\/now-news.de\/de\/?s={search_term_string}"},"query-input":"required name=search_term_string"}],"inLanguage":"de"},{"@type":"Organization","@id":"https:\/\/now-news.de\/de\/#organization","name":"Just Now News","url":"https:\/\/now-news.de\/de\/","logo":{"@type":"ImageObject","inLanguage":"de","@id":"https:\/\/now-news.de\/de\/#\/schema\/logo\/image\/","url":"http:\/\/just-now.news\/de\/wp-content\/uploads\/sites\/3\/2022\/04\/logo500x500.jpg","contentUrl":"http:\/\/just-now.news\/de\/wp-content\/uploads\/sites\/3\/2022\/04\/logo500x500.jpg","width":500,"height":500,"caption":"Just Now News"},"image":{"@id":"https:\/\/now-news.de\/de\/#\/schema\/logo\/image\/"},"sameAs":["https:\/\/www.facebook.com\/wirmachenauf","https:\/\/x.com\/WirMachenAuf_de"]},{"@type":"Person","@id":"https:\/\/now-news.de\/de\/#\/schema\/person\/fb534a4e865501d8b3285208df34a9b5","name":"rtnews","image":{"@type":"ImageObject","inLanguage":"de","@id":"https:\/\/now-news.de\/de\/#\/schema\/person\/image\/","url":"https:\/\/secure.gravatar.com\/avatar\/82aafea7d8127119dd649515f56e2117?s=96&d=mm&r=g","contentUrl":"https:\/\/secure.gravatar.com\/avatar\/82aafea7d8127119dd649515f56e2117?s=96&d=mm&r=g","caption":"rtnews"},"url":"https:\/\/now-news.de\/de\/author\/rnews\/"}]}},"_links":{"self":[{"href":"https:\/\/now-news.de\/de\/wp-json\/wp\/v2\/posts\/9684"}],"collection":[{"href":"https:\/\/now-news.de\/de\/wp-json\/wp\/v2\/posts"}],"about":[{"href":"https:\/\/now-news.de\/de\/wp-json\/wp\/v2\/types\/post"}],"author":[{"embeddable":true,"href":"https:\/\/now-news.de\/de\/wp-json\/wp\/v2\/users\/3"}],"replies":[{"embeddable":true,"href":"https:\/\/now-news.de\/de\/wp-json\/wp\/v2\/comments?post=9684"}],"version-history":[{"count":0,"href":"https:\/\/now-news.de\/de\/wp-json\/wp\/v2\/posts\/9684\/revisions"}],"wp:featuredmedia":[{"embeddable":true,"href":"https:\/\/now-news.de\/de\/wp-json\/wp\/v2\/media\/9685"}],"wp:attachment":[{"href":"https:\/\/now-news.de\/de\/wp-json\/wp\/v2\/media?parent=9684"}],"wp:term":[{"taxonomy":"category","embeddable":true,"href":"https:\/\/now-news.de\/de\/wp-json\/wp\/v2\/categories?post=9684"},{"taxonomy":"post_tag","embeddable":true,"href":"https:\/\/now-news.de\/de\/wp-json\/wp\/v2\/tags?post=9684"}],"curies":[{"name":"wp","href":"https:\/\/api.w.org\/{rel}","templated":true}]}}