{"id":96830,"date":"2026-01-05T07:00:00","date_gmt":"2026-01-05T05:00:00","guid":{"rendered":"https:\/\/now-news.de\/de\/deutschland\/oesterreich-steuert-mit-hoher-arbeitslosigkeit-ins-jahr-2026-fast-435-000-menschen-ohne-job\/"},"modified":"2026-01-05T07:00:00","modified_gmt":"2026-01-05T05:00:00","slug":"oesterreich-steuert-mit-hoher-arbeitslosigkeit-ins-jahr-2026-fast-435-000-menschen-ohne-job","status":"publish","type":"post","link":"https:\/\/now-news.de\/de\/deutschland\/oesterreich-steuert-mit-hoher-arbeitslosigkeit-ins-jahr-2026-fast-435-000-menschen-ohne-job\/","title":{"rendered":"\u00d6sterreich steuert mit hoher Arbeitslosigkeit ins Jahr 2026: Fast 435.000 Menschen ohne Job"},"content":{"rendered":"<p><img decoding=\"async\" src=\"https:\/\/now-news.de\/de\/wp-content\/uploads\/sites\/3\/2026\/01\/695a9bf2b480cc03a10b3390.jpg\" \/><\/p>\n<div class=\"Text-root Text-type_1 \">\n                Die Arbeitslosigkeit in \u00d6sterreich ist zum Jahresende 2025 weiter gestiegen. Rund 434.600 Menschen waren arbeitslos oder in AMS-Schulungen, die Quote lag bei 8,4 Prozent. Zwar meldet das Ministerium ein leichtes Besch\u00e4ftigungsplus, doch sinkende offene Stellen zeigen die anhaltende Schw\u00e4che des Arbeitsmarkts.\n            <\/div>\n<p><\/p>\n<div class=\"Text-root Text-type_5 ArticleView-text ViewText-root \">\n<p data-start=\"237\" data-end=\"684\">Die Lage am \u00f6sterreichischen Arbeitsmarkt bleibt angespannt. Ende Dezember 2025 waren insgesamt 434.572 Menschen arbeitslos gemeldet oder nahmen an Schulungen des Arbeitsmarktservice teil. Das sind 8.560 Personen beziehungsweise zwei Prozent mehr als im Dezember des Vorjahres.<\/p>\n<p data-start=\"237\" data-end=\"684\">Die Arbeitslosenquote erh\u00f6hte sich auf 8,4 Prozent und lag damit um 0,2 Prozentpunkte \u00fcber dem Wert von Dezember 2024. Das teilte das Arbeits- und Sozialministerium mit.<\/p>\n<p data-start=\"686\" data-end=\"1256\">Der Anstieg der Arbeitslosigkeit hat sich laut Ministerium zuletzt etwas verlangsamt. Gleichzeitig verzeichnete der Arbeitsmarkt erstmals seit Monaten wieder ein leichtes Besch\u00e4ftigungsplus. Die Zahl der unselbstst\u00e4ndig Besch\u00e4ftigten lag Sch\u00e4tzungen zufolge um rund 4.000 \u00fcber dem Vorjahresniveau.<\/p>\n<p data-start=\"686\" data-end=\"1256\">Arbeits- und Sozialministerin Korinna Schumann sprach angesichts dieser Entwicklung von vorsichtig positiven Signalen. Im Verlauf des Jahres 2026 sei mit einem st\u00e4rkeren Besch\u00e4ftigungswachstum zu rechnen, im zweiten Halbjahr k\u00f6nne die Arbeitslosigkeit leicht zur\u00fcckgehen.<\/p>\n<p data-start=\"1258\" data-end=\"1534\">Diese Einsch\u00e4tzung st\u00fctzt sich auf Prognosen des Wirtschaftsforschungsinstituts <em>Wifo,<\/em> es rechnet f\u00fcr das laufende Jahr mit einem R\u00fcckgang der Arbeitslosenzahlen um etwa 4.000 Personen. Gleichzeitig soll die unselbstst\u00e4ndige Aktivbesch\u00e4ftigung um rund 27.000 Stellen zunehmen.<\/p>\n<p data-start=\"1536\" data-end=\"1900\">Ungleich verteilt ist die Entwicklung zwischen den Geschlechtern. W\u00e4hrend die Arbeitslosigkeit von M\u00e4nnern im Dezember nur um 0,5 Prozent stieg, nahm sie bei Frauen um 6,6 Prozent zu. Auch die Zahl der Langzeitbesch\u00e4ftigungslosen legte deutlich zu. 102.491 Menschen waren mindestens ein Jahr beim AMS vorgemerkt, ein Anstieg von 12,8 Prozent gegen\u00fcber dem Vorjahr.<\/p>\n<p data-start=\"1902\" data-end=\"2196\">Gleichzeitig verschlechterte sich die Situation auf der Nachfrageseite des Arbeitsmarktes. Die beim AMS gemeldeten sofort verf\u00fcgbaren offenen Stellen gingen um 16,2 Prozent zur\u00fcck und lagen zuletzt bei 67.647. Besonders im Handel und in dienstleistungsnahen Bereichen bleibt die Lage schwierig.<\/p>\n<p data-start=\"2198\" data-end=\"2659\">Arbeiterkammer und Gewerkschaftsbund sehen in den aktuellen Zahlen ein Warnsignal. Sie fordern verst\u00e4rkte Investitionen in aktive Arbeitsmarktpolitik, insbesondere in Qualifizierung, Weiterbildung und gezielte Unterst\u00fctzungsangebote f\u00fcr Frauen, \u00e4ltere Arbeitslose und Menschen ohne formalen Berufsabschluss. Angesichts des bevorstehenden Ruhestands vieler erfahrener Arbeitskr\u00e4fte d\u00fcrfe es nicht zu einem Mangel an Fachpersonal kommen, warnen die Sozialpartner.<\/p>\n<p data-start=\"2661\" data-end=\"2971\">Stabil zeigt sich hingegen die Situation bei jungen Arbeitslosen. Bundesweit blieb die Zahl der unter 25-J\u00e4hrigen nahezu unver\u00e4ndert. In Wien ging sie sogar leicht zur\u00fcck. Dort sprechen Arbeitsmarktexperten von einer vorsichtigen Entspannung, die auf eine allm\u00e4hliche wirtschaftliche Erholung hindeuten k\u00f6nnte.<\/p>\n<p data-start=\"2973\" data-end=\"3202\" data-is-last-node=\"\" data-is-only-node=\"\"><strong>Mehr zum Thema \u2013<\/strong>\u00a0<a rel=\"nofollow noopener\" target=\"_blank\" href=\"https:\/\/freedert.online\/oesterreich\/228878-syrische-demonstration-in-wien-geraet\/\">Syrische Demonstration in Wien ger\u00e4t au\u00dfer Kontrolle<\/a><\/p>\n<div class=\"EmbedBlock-root EmbedBlock-externalVideo EmbedBlock-rumble\">\n<div class=\"VkEmbed\"><iframe class=\"lazyload\" data-src=\"https:\/\/rumble.com\/embed\/v71c1ry\" frameborder=\"0\" width=\"853\" height=\"480\" allowfullscreen><\/iframe><\/div>\n<\/div>\n<\/div>\n<p><br \/>\n<br \/><a href=\"https:\/\/de.rt.com\/oesterreich\/266512-oesterreich-steuert-mit-hoher-arbeitslosigkeit\/\">Source link <\/a><\/p>\n","protected":false},"excerpt":{"rendered":"<p>Die Arbeitslosigkeit in \u00d6sterreich ist zum Jahresende 2025 weiter gestiegen. Rund 434.600 Menschen waren arbeitslos oder in AMS-Schulungen, die Quote lag bei 8,4 Prozent. Zwar meldet das Ministerium ein leichtes Besch\u00e4ftigungsplus, doch sinkende offene Stellen zeigen die anhaltende Schw\u00e4che des Arbeitsmarkts. Die Lage am \u00f6sterreichischen Arbeitsmarkt bleibt angespannt. Ende Dezember 2025 waren insgesamt 434.572 Menschen [&hellip;]<\/p>\n","protected":false},"author":3,"featured_media":96831,"comment_status":"open","ping_status":"open","sticky":false,"template":"","format":"standard","meta":{"_yoast_indexnow_last_ping":["1767590137"],"wp_automatic_camp":["217"],"0115c8cc9a4faecb23d1f5ebb04f5777":["\u00d6sterreich steuert mit hoher Arbeitslosigkeit ins Jahr 2026: Fast 435.000 Menschen ohne Job"],"original_link":["https:\/\/de.rt.com\/oesterreich\/266512-oesterreich-steuert-mit-hoher-arbeitslosigkeit\/"],"_thumbnail_id":["96831"],"jnews_social_counter_last_update":["1777150236"],"_wptgpro_p2tg_sent2tg":["a:1:{i:23737;s:19:\"2026-01-05 07:16:37\";}"]},"categories":[19,23],"tags":[18403,260,4868,1678,1615,21372,1378,419,779,7290,24191],"yoast_head":"<!-- This site is optimized with the Yoast SEO Premium plugin v22.7 (Yoast SEO v22.7) - https:\/\/yoast.com\/wordpress\/plugins\/seo\/ -->\n<title>\u00d6sterreich steuert mit hoher Arbeitslosigkeit ins Jahr 2026: Fast 435.000 Menschen ohne Job - just-now.NEWS Deutschland<\/title>\n<meta name=\"robots\" content=\"index, follow, max-snippet:-1, max-image-preview:large, max-video-preview:-1\" \/>\n<link rel=\"canonical\" href=\"https:\/\/now-news.de\/de\/deutschland\/oesterreich-steuert-mit-hoher-arbeitslosigkeit-ins-jahr-2026-fast-435-000-menschen-ohne-job\/\" \/>\n<meta property=\"og:locale\" content=\"de_DE\" \/>\n<meta property=\"og:type\" content=\"article\" \/>\n<meta property=\"og:title\" content=\"\u00d6sterreich steuert mit hoher Arbeitslosigkeit ins Jahr 2026: Fast 435.000 Menschen ohne Job\" \/>\n<meta property=\"og:description\" content=\"Die Arbeitslosigkeit in \u00d6sterreich ist zum Jahresende 2025 weiter gestiegen. Rund 434.600 Menschen waren arbeitslos oder in AMS-Schulungen, die Quote lag bei 8,4 Prozent. Zwar meldet das Ministerium ein leichtes Besch\u00e4ftigungsplus, doch sinkende offene Stellen zeigen die anhaltende Schw\u00e4che des Arbeitsmarkts. Die Lage am \u00f6sterreichischen Arbeitsmarkt bleibt angespannt. Ende Dezember 2025 waren insgesamt 434.572 Menschen [&hellip;]\" \/>\n<meta property=\"og:url\" content=\"https:\/\/now-news.de\/de\/deutschland\/oesterreich-steuert-mit-hoher-arbeitslosigkeit-ins-jahr-2026-fast-435-000-menschen-ohne-job\/\" \/>\n<meta property=\"og:site_name\" content=\"just-now.NEWS Deutschland\" \/>\n<meta property=\"article:publisher\" content=\"https:\/\/www.facebook.com\/wirmachenauf\" \/>\n<meta property=\"article:published_time\" content=\"2026-01-05T05:00:00+00:00\" \/>\n<meta property=\"og:image\" content=\"https:\/\/now-news.de\/de\/wp-content\/uploads\/sites\/3\/2026\/01\/695a9bf2b480cc03a10b3390.jpg\" \/>\n<meta name=\"author\" content=\"rtnews\" \/>\n<meta name=\"twitter:card\" content=\"summary_large_image\" \/>\n<meta name=\"twitter:creator\" content=\"@WirMachenAuf_de\" \/>\n<meta name=\"twitter:site\" content=\"@WirMachenAuf_de\" \/>\n<meta name=\"twitter:label1\" content=\"Verfasst von\" \/>\n\t<meta name=\"twitter:data1\" content=\"rtnews\" \/>\n\t<meta name=\"twitter:label2\" content=\"Gesch\u00e4tzte Lesezeit\" \/>\n\t<meta name=\"twitter:data2\" content=\"2\u00a0Minuten\" \/>\n<script type=\"application\/ld+json\" class=\"yoast-schema-graph\">{\"@context\":\"https:\/\/schema.org\",\"@graph\":[{\"@type\":\"Article\",\"@id\":\"https:\/\/now-news.de\/de\/deutschland\/oesterreich-steuert-mit-hoher-arbeitslosigkeit-ins-jahr-2026-fast-435-000-menschen-ohne-job\/#article\",\"isPartOf\":{\"@id\":\"https:\/\/now-news.de\/de\/deutschland\/oesterreich-steuert-mit-hoher-arbeitslosigkeit-ins-jahr-2026-fast-435-000-menschen-ohne-job\/\"},\"author\":{\"name\":\"rtnews\",\"@id\":\"https:\/\/now-news.de\/de\/#\/schema\/person\/fb534a4e865501d8b3285208df34a9b5\"},\"headline\":\"\u00d6sterreich steuert mit hoher Arbeitslosigkeit ins Jahr 2026: Fast 435.000 Menschen ohne Job\",\"datePublished\":\"2026-01-05T05:00:00+00:00\",\"dateModified\":\"2026-01-05T05:00:00+00:00\",\"mainEntityOfPage\":{\"@id\":\"https:\/\/now-news.de\/de\/deutschland\/oesterreich-steuert-mit-hoher-arbeitslosigkeit-ins-jahr-2026-fast-435-000-menschen-ohne-job\/\"},\"wordCount\":430,\"commentCount\":0,\"publisher\":{\"@id\":\"https:\/\/now-news.de\/de\/#organization\"},\"image\":{\"@id\":\"https:\/\/now-news.de\/de\/deutschland\/oesterreich-steuert-mit-hoher-arbeitslosigkeit-ins-jahr-2026-fast-435-000-menschen-ohne-job\/#primaryimage\"},\"thumbnailUrl\":\"https:\/\/now-news.de\/de\/wp-content\/uploads\/sites\/3\/2026\/01\/Oesterreich-steuert-mit-hoher-Arbeitslosigkeit-ins-Jahr-2026-Fast-435000.jpg\",\"keywords\":[\"Arbeitslosigkeit\",\"Fast\",\"h\u00f6her\",\"ins\",\"Jahr\",\"Job\",\"Menschen\",\"mit\",\"ohne\",\"\u00d6sterreich\",\"steuert\"],\"articleSection\":[\"Deutschland\",\"Russland\"],\"inLanguage\":\"de\",\"potentialAction\":[{\"@type\":\"CommentAction\",\"name\":\"Comment\",\"target\":[\"https:\/\/now-news.de\/de\/deutschland\/oesterreich-steuert-mit-hoher-arbeitslosigkeit-ins-jahr-2026-fast-435-000-menschen-ohne-job\/#respond\"]}]},{\"@type\":\"WebPage\",\"@id\":\"https:\/\/now-news.de\/de\/deutschland\/oesterreich-steuert-mit-hoher-arbeitslosigkeit-ins-jahr-2026-fast-435-000-menschen-ohne-job\/\",\"url\":\"https:\/\/now-news.de\/de\/deutschland\/oesterreich-steuert-mit-hoher-arbeitslosigkeit-ins-jahr-2026-fast-435-000-menschen-ohne-job\/\",\"name\":\"\u00d6sterreich steuert mit hoher Arbeitslosigkeit ins Jahr 2026: Fast 435.000 Menschen ohne Job - just-now.NEWS Deutschland\",\"isPartOf\":{\"@id\":\"https:\/\/now-news.de\/de\/#website\"},\"primaryImageOfPage\":{\"@id\":\"https:\/\/now-news.de\/de\/deutschland\/oesterreich-steuert-mit-hoher-arbeitslosigkeit-ins-jahr-2026-fast-435-000-menschen-ohne-job\/#primaryimage\"},\"image\":{\"@id\":\"https:\/\/now-news.de\/de\/deutschland\/oesterreich-steuert-mit-hoher-arbeitslosigkeit-ins-jahr-2026-fast-435-000-menschen-ohne-job\/#primaryimage\"},\"thumbnailUrl\":\"https:\/\/now-news.de\/de\/wp-content\/uploads\/sites\/3\/2026\/01\/Oesterreich-steuert-mit-hoher-Arbeitslosigkeit-ins-Jahr-2026-Fast-435000.jpg\",\"datePublished\":\"2026-01-05T05:00:00+00:00\",\"dateModified\":\"2026-01-05T05:00:00+00:00\",\"breadcrumb\":{\"@id\":\"https:\/\/now-news.de\/de\/deutschland\/oesterreich-steuert-mit-hoher-arbeitslosigkeit-ins-jahr-2026-fast-435-000-menschen-ohne-job\/#breadcrumb\"},\"inLanguage\":\"de\",\"potentialAction\":[{\"@type\":\"ReadAction\",\"target\":[\"https:\/\/now-news.de\/de\/deutschland\/oesterreich-steuert-mit-hoher-arbeitslosigkeit-ins-jahr-2026-fast-435-000-menschen-ohne-job\/\"]}]},{\"@type\":\"ImageObject\",\"inLanguage\":\"de\",\"@id\":\"https:\/\/now-news.de\/de\/deutschland\/oesterreich-steuert-mit-hoher-arbeitslosigkeit-ins-jahr-2026-fast-435-000-menschen-ohne-job\/#primaryimage\",\"url\":\"https:\/\/now-news.de\/de\/wp-content\/uploads\/sites\/3\/2026\/01\/Oesterreich-steuert-mit-hoher-Arbeitslosigkeit-ins-Jahr-2026-Fast-435000.jpg\",\"contentUrl\":\"https:\/\/now-news.de\/de\/wp-content\/uploads\/sites\/3\/2026\/01\/Oesterreich-steuert-mit-hoher-Arbeitslosigkeit-ins-Jahr-2026-Fast-435000.jpg\",\"width\":460,\"height\":259,\"caption\":\"\u00d6sterreich steuert mit hoher Arbeitslosigkeit ins Jahr 2026: Fast 435.000 Menschen ohne Job\"},{\"@type\":\"BreadcrumbList\",\"@id\":\"https:\/\/now-news.de\/de\/deutschland\/oesterreich-steuert-mit-hoher-arbeitslosigkeit-ins-jahr-2026-fast-435-000-menschen-ohne-job\/#breadcrumb\",\"itemListElement\":[{\"@type\":\"ListItem\",\"position\":1,\"name\":\"Home\",\"item\":\"https:\/\/now-news.de\/de\/\"},{\"@type\":\"ListItem\",\"position\":2,\"name\":\"\u00d6sterreich steuert mit hoher Arbeitslosigkeit ins Jahr 2026: Fast 435.000 Menschen ohne Job\"}]},{\"@type\":\"WebSite\",\"@id\":\"https:\/\/now-news.de\/de\/#website\",\"url\":\"https:\/\/now-news.de\/de\/\",\"name\":\"just-now.NEWS Deutschland\",\"description\":\"Das Portal f\u00fcr unzensierte Nachrichten aus der Welt\",\"publisher\":{\"@id\":\"https:\/\/now-news.de\/de\/#organization\"},\"potentialAction\":[{\"@type\":\"SearchAction\",\"target\":{\"@type\":\"EntryPoint\",\"urlTemplate\":\"https:\/\/now-news.de\/de\/?s={search_term_string}\"},\"query-input\":\"required name=search_term_string\"}],\"inLanguage\":\"de\"},{\"@type\":\"Organization\",\"@id\":\"https:\/\/now-news.de\/de\/#organization\",\"name\":\"Just Now News\",\"url\":\"https:\/\/now-news.de\/de\/\",\"logo\":{\"@type\":\"ImageObject\",\"inLanguage\":\"de\",\"@id\":\"https:\/\/now-news.de\/de\/#\/schema\/logo\/image\/\",\"url\":\"http:\/\/just-now.news\/de\/wp-content\/uploads\/sites\/3\/2022\/04\/logo500x500.jpg\",\"contentUrl\":\"http:\/\/just-now.news\/de\/wp-content\/uploads\/sites\/3\/2022\/04\/logo500x500.jpg\",\"width\":500,\"height\":500,\"caption\":\"Just Now News\"},\"image\":{\"@id\":\"https:\/\/now-news.de\/de\/#\/schema\/logo\/image\/\"},\"sameAs\":[\"https:\/\/www.facebook.com\/wirmachenauf\",\"https:\/\/x.com\/WirMachenAuf_de\"]},{\"@type\":\"Person\",\"@id\":\"https:\/\/now-news.de\/de\/#\/schema\/person\/fb534a4e865501d8b3285208df34a9b5\",\"name\":\"rtnews\",\"image\":{\"@type\":\"ImageObject\",\"inLanguage\":\"de\",\"@id\":\"https:\/\/now-news.de\/de\/#\/schema\/person\/image\/\",\"url\":\"https:\/\/secure.gravatar.com\/avatar\/82aafea7d8127119dd649515f56e2117?s=96&d=mm&r=g\",\"contentUrl\":\"https:\/\/secure.gravatar.com\/avatar\/82aafea7d8127119dd649515f56e2117?s=96&d=mm&r=g\",\"caption\":\"rtnews\"},\"url\":\"https:\/\/now-news.de\/de\/author\/rnews\/\"}]}<\/script>\n<!-- \/ Yoast SEO Premium plugin. -->","yoast_head_json":{"title":"\u00d6sterreich steuert mit hoher Arbeitslosigkeit ins Jahr 2026: Fast 435.000 Menschen ohne Job - just-now.NEWS Deutschland","robots":{"index":"index","follow":"follow","max-snippet":"max-snippet:-1","max-image-preview":"max-image-preview:large","max-video-preview":"max-video-preview:-1"},"canonical":"https:\/\/now-news.de\/de\/deutschland\/oesterreich-steuert-mit-hoher-arbeitslosigkeit-ins-jahr-2026-fast-435-000-menschen-ohne-job\/","og_locale":"de_DE","og_type":"article","og_title":"\u00d6sterreich steuert mit hoher Arbeitslosigkeit ins Jahr 2026: Fast 435.000 Menschen ohne Job","og_description":"Die Arbeitslosigkeit in \u00d6sterreich ist zum Jahresende 2025 weiter gestiegen. Rund 434.600 Menschen waren arbeitslos oder in AMS-Schulungen, die Quote lag bei 8,4 Prozent. Zwar meldet das Ministerium ein leichtes Besch\u00e4ftigungsplus, doch sinkende offene Stellen zeigen die anhaltende Schw\u00e4che des Arbeitsmarkts. Die Lage am \u00f6sterreichischen Arbeitsmarkt bleibt angespannt. Ende Dezember 2025 waren insgesamt 434.572 Menschen [&hellip;]","og_url":"https:\/\/now-news.de\/de\/deutschland\/oesterreich-steuert-mit-hoher-arbeitslosigkeit-ins-jahr-2026-fast-435-000-menschen-ohne-job\/","og_site_name":"just-now.NEWS Deutschland","article_publisher":"https:\/\/www.facebook.com\/wirmachenauf","article_published_time":"2026-01-05T05:00:00+00:00","og_image":[{"url":"https:\/\/now-news.de\/de\/wp-content\/uploads\/sites\/3\/2026\/01\/695a9bf2b480cc03a10b3390.jpg"}],"author":"rtnews","twitter_card":"summary_large_image","twitter_creator":"@WirMachenAuf_de","twitter_site":"@WirMachenAuf_de","twitter_misc":{"Verfasst von":"rtnews","Gesch\u00e4tzte Lesezeit":"2\u00a0Minuten"},"schema":{"@context":"https:\/\/schema.org","@graph":[{"@type":"Article","@id":"https:\/\/now-news.de\/de\/deutschland\/oesterreich-steuert-mit-hoher-arbeitslosigkeit-ins-jahr-2026-fast-435-000-menschen-ohne-job\/#article","isPartOf":{"@id":"https:\/\/now-news.de\/de\/deutschland\/oesterreich-steuert-mit-hoher-arbeitslosigkeit-ins-jahr-2026-fast-435-000-menschen-ohne-job\/"},"author":{"name":"rtnews","@id":"https:\/\/now-news.de\/de\/#\/schema\/person\/fb534a4e865501d8b3285208df34a9b5"},"headline":"\u00d6sterreich steuert mit hoher Arbeitslosigkeit ins Jahr 2026: Fast 435.000 Menschen ohne Job","datePublished":"2026-01-05T05:00:00+00:00","dateModified":"2026-01-05T05:00:00+00:00","mainEntityOfPage":{"@id":"https:\/\/now-news.de\/de\/deutschland\/oesterreich-steuert-mit-hoher-arbeitslosigkeit-ins-jahr-2026-fast-435-000-menschen-ohne-job\/"},"wordCount":430,"commentCount":0,"publisher":{"@id":"https:\/\/now-news.de\/de\/#organization"},"image":{"@id":"https:\/\/now-news.de\/de\/deutschland\/oesterreich-steuert-mit-hoher-arbeitslosigkeit-ins-jahr-2026-fast-435-000-menschen-ohne-job\/#primaryimage"},"thumbnailUrl":"https:\/\/now-news.de\/de\/wp-content\/uploads\/sites\/3\/2026\/01\/Oesterreich-steuert-mit-hoher-Arbeitslosigkeit-ins-Jahr-2026-Fast-435000.jpg","keywords":["Arbeitslosigkeit","Fast","h\u00f6her","ins","Jahr","Job","Menschen","mit","ohne","\u00d6sterreich","steuert"],"articleSection":["Deutschland","Russland"],"inLanguage":"de","potentialAction":[{"@type":"CommentAction","name":"Comment","target":["https:\/\/now-news.de\/de\/deutschland\/oesterreich-steuert-mit-hoher-arbeitslosigkeit-ins-jahr-2026-fast-435-000-menschen-ohne-job\/#respond"]}]},{"@type":"WebPage","@id":"https:\/\/now-news.de\/de\/deutschland\/oesterreich-steuert-mit-hoher-arbeitslosigkeit-ins-jahr-2026-fast-435-000-menschen-ohne-job\/","url":"https:\/\/now-news.de\/de\/deutschland\/oesterreich-steuert-mit-hoher-arbeitslosigkeit-ins-jahr-2026-fast-435-000-menschen-ohne-job\/","name":"\u00d6sterreich steuert mit hoher Arbeitslosigkeit ins Jahr 2026: Fast 435.000 Menschen ohne Job - just-now.NEWS Deutschland","isPartOf":{"@id":"https:\/\/now-news.de\/de\/#website"},"primaryImageOfPage":{"@id":"https:\/\/now-news.de\/de\/deutschland\/oesterreich-steuert-mit-hoher-arbeitslosigkeit-ins-jahr-2026-fast-435-000-menschen-ohne-job\/#primaryimage"},"image":{"@id":"https:\/\/now-news.de\/de\/deutschland\/oesterreich-steuert-mit-hoher-arbeitslosigkeit-ins-jahr-2026-fast-435-000-menschen-ohne-job\/#primaryimage"},"thumbnailUrl":"https:\/\/now-news.de\/de\/wp-content\/uploads\/sites\/3\/2026\/01\/Oesterreich-steuert-mit-hoher-Arbeitslosigkeit-ins-Jahr-2026-Fast-435000.jpg","datePublished":"2026-01-05T05:00:00+00:00","dateModified":"2026-01-05T05:00:00+00:00","breadcrumb":{"@id":"https:\/\/now-news.de\/de\/deutschland\/oesterreich-steuert-mit-hoher-arbeitslosigkeit-ins-jahr-2026-fast-435-000-menschen-ohne-job\/#breadcrumb"},"inLanguage":"de","potentialAction":[{"@type":"ReadAction","target":["https:\/\/now-news.de\/de\/deutschland\/oesterreich-steuert-mit-hoher-arbeitslosigkeit-ins-jahr-2026-fast-435-000-menschen-ohne-job\/"]}]},{"@type":"ImageObject","inLanguage":"de","@id":"https:\/\/now-news.de\/de\/deutschland\/oesterreich-steuert-mit-hoher-arbeitslosigkeit-ins-jahr-2026-fast-435-000-menschen-ohne-job\/#primaryimage","url":"https:\/\/now-news.de\/de\/wp-content\/uploads\/sites\/3\/2026\/01\/Oesterreich-steuert-mit-hoher-Arbeitslosigkeit-ins-Jahr-2026-Fast-435000.jpg","contentUrl":"https:\/\/now-news.de\/de\/wp-content\/uploads\/sites\/3\/2026\/01\/Oesterreich-steuert-mit-hoher-Arbeitslosigkeit-ins-Jahr-2026-Fast-435000.jpg","width":460,"height":259,"caption":"\u00d6sterreich steuert mit hoher Arbeitslosigkeit ins Jahr 2026: Fast 435.000 Menschen ohne Job"},{"@type":"BreadcrumbList","@id":"https:\/\/now-news.de\/de\/deutschland\/oesterreich-steuert-mit-hoher-arbeitslosigkeit-ins-jahr-2026-fast-435-000-menschen-ohne-job\/#breadcrumb","itemListElement":[{"@type":"ListItem","position":1,"name":"Home","item":"https:\/\/now-news.de\/de\/"},{"@type":"ListItem","position":2,"name":"\u00d6sterreich steuert mit hoher Arbeitslosigkeit ins Jahr 2026: Fast 435.000 Menschen ohne Job"}]},{"@type":"WebSite","@id":"https:\/\/now-news.de\/de\/#website","url":"https:\/\/now-news.de\/de\/","name":"just-now.NEWS Deutschland","description":"Das Portal f\u00fcr unzensierte Nachrichten aus der Welt","publisher":{"@id":"https:\/\/now-news.de\/de\/#organization"},"potentialAction":[{"@type":"SearchAction","target":{"@type":"EntryPoint","urlTemplate":"https:\/\/now-news.de\/de\/?s={search_term_string}"},"query-input":"required name=search_term_string"}],"inLanguage":"de"},{"@type":"Organization","@id":"https:\/\/now-news.de\/de\/#organization","name":"Just Now News","url":"https:\/\/now-news.de\/de\/","logo":{"@type":"ImageObject","inLanguage":"de","@id":"https:\/\/now-news.de\/de\/#\/schema\/logo\/image\/","url":"http:\/\/just-now.news\/de\/wp-content\/uploads\/sites\/3\/2022\/04\/logo500x500.jpg","contentUrl":"http:\/\/just-now.news\/de\/wp-content\/uploads\/sites\/3\/2022\/04\/logo500x500.jpg","width":500,"height":500,"caption":"Just Now News"},"image":{"@id":"https:\/\/now-news.de\/de\/#\/schema\/logo\/image\/"},"sameAs":["https:\/\/www.facebook.com\/wirmachenauf","https:\/\/x.com\/WirMachenAuf_de"]},{"@type":"Person","@id":"https:\/\/now-news.de\/de\/#\/schema\/person\/fb534a4e865501d8b3285208df34a9b5","name":"rtnews","image":{"@type":"ImageObject","inLanguage":"de","@id":"https:\/\/now-news.de\/de\/#\/schema\/person\/image\/","url":"https:\/\/secure.gravatar.com\/avatar\/82aafea7d8127119dd649515f56e2117?s=96&d=mm&r=g","contentUrl":"https:\/\/secure.gravatar.com\/avatar\/82aafea7d8127119dd649515f56e2117?s=96&d=mm&r=g","caption":"rtnews"},"url":"https:\/\/now-news.de\/de\/author\/rnews\/"}]}},"_links":{"self":[{"href":"https:\/\/now-news.de\/de\/wp-json\/wp\/v2\/posts\/96830"}],"collection":[{"href":"https:\/\/now-news.de\/de\/wp-json\/wp\/v2\/posts"}],"about":[{"href":"https:\/\/now-news.de\/de\/wp-json\/wp\/v2\/types\/post"}],"author":[{"embeddable":true,"href":"https:\/\/now-news.de\/de\/wp-json\/wp\/v2\/users\/3"}],"replies":[{"embeddable":true,"href":"https:\/\/now-news.de\/de\/wp-json\/wp\/v2\/comments?post=96830"}],"version-history":[{"count":0,"href":"https:\/\/now-news.de\/de\/wp-json\/wp\/v2\/posts\/96830\/revisions"}],"wp:featuredmedia":[{"embeddable":true,"href":"https:\/\/now-news.de\/de\/wp-json\/wp\/v2\/media\/96831"}],"wp:attachment":[{"href":"https:\/\/now-news.de\/de\/wp-json\/wp\/v2\/media?parent=96830"}],"wp:term":[{"taxonomy":"category","embeddable":true,"href":"https:\/\/now-news.de\/de\/wp-json\/wp\/v2\/categories?post=96830"},{"taxonomy":"post_tag","embeddable":true,"href":"https:\/\/now-news.de\/de\/wp-json\/wp\/v2\/tags?post=96830"}],"curies":[{"name":"wp","href":"https:\/\/api.w.org\/{rel}","templated":true}]}}