{"id":9682,"date":"2022-06-03T08:52:48","date_gmt":"2022-06-03T06:52:48","guid":{"rendered":"http:\/\/just-now.news\/de\/deutschland\/daenemarks-hoechstes-gericht-sieht-keine-schuld-bei-daenischen-soldaten-wegen-irakischer-folteropfer\/"},"modified":"2022-06-03T08:52:48","modified_gmt":"2022-06-03T06:52:48","slug":"daenemarks-hoechstes-gericht-sieht-keine-schuld-bei-daenischen-soldaten-wegen-irakischer-folteropfer","status":"publish","type":"post","link":"https:\/\/now-news.de\/de\/deutschland\/daenemarks-hoechstes-gericht-sieht-keine-schuld-bei-daenischen-soldaten-wegen-irakischer-folteropfer\/","title":{"rendered":"D\u00e4nemarks H\u00f6chstes Gericht sieht keine Schuld bei d\u00e4nischen Soldaten wegen irakischer Folteropfer"},"content":{"rendered":"<p><img decoding=\"async\" src=\"http:\/\/just-now.news\/de\/wp-content\/uploads\/sites\/3\/2022\/06\/6298acd648fbef4f6040665f.jpg\" \/><\/p>\n<div class=\"Text-root Text-type_1 \">\n                Das d\u00e4nische H\u00f6chste Gericht hat das Verteidigungsministerium des Landes vom Vorwurf der Misshandlung von Gefangenen freigesprochen. Es ging um eine Operation der irakischen Kr\u00e4fte im Jahr 2004, an der auch d\u00e4nische Soldaten beteiligt waren. Geklagt hatten 23 Iraker, die Schadensersatz forderten.\n            <\/div>\n<p><\/p>\n<div class=\"Text-root Text-type_5 ArticleView-text ViewText-root \">\n<p>Der Oberste Gerichtshof D\u00e4nemarks hat ein Urteil einer unteren Instanz aufgehoben, die das Land zur Entsch\u00e4digung von 18 irakischen Zivilisten verurteilt hatte, die w\u00e4hrend eines gemeinsamen Einsatzes\u00a0irakischer und d\u00e4nischer Streitkr\u00e4fte im Irakkrieg gefoltert worden waren.<\/p>\n<p>Knapp zwei Dutzend irakischer Staatsb\u00fcrger hatten D\u00e4nemark verklagt und behauptet, sie seien w\u00e4hrend der Operation &#8220;Green Desert&#8221; in der N\u00e4he der irakischen Hafenstadt Basra festgenommen und &#8220;gefoltert und unmenschlich behandelt&#8221; worden. Zu dem Vorfall kam es im Jahr 2004. Die milit\u00e4rische Operation wurde von irakischen Beh\u00f6rden durchgef\u00fchrt, die jedoch\u00a0von d\u00e4nischen und britischen Streitkr\u00e4ften unterst\u00fctzt wurden.<\/p>\n<p>Im Jahr 2018 entschied ein Berufungsgericht, dass die d\u00e4nischen Soldaten zwar nicht an der Folter beteiligt gewesen sind, aber daf\u00fcr verantwortlich seien, dass sie die Misshandlungen durch ihre irakischen Kollegen nicht verhindert h\u00e4tten. Die d\u00e4nischen Streitkr\u00e4fte h\u00e4tten demnach damals ihre Aufsichtspflicht verletzt. Das d\u00e4nische Gericht\u00a0ordnete zudem an, dass das Verteidigungsministerium des Landes 18 Opfern Entsch\u00e4digungen in H\u00f6he von jeweils 30.000 d\u00e4nischen Kronen (rund 4.600 US-Dollar) zahlen muss.<\/p>\n<p>Das oberste d\u00e4nische Gericht best\u00e4tigte diese Entscheidung am Dienstag dieser Woche jedoch nicht.\u00a0Das H\u00f6chste Gericht zweifelte zwar die Misshandlungen nicht an, argumentierte jedoch, dass die d\u00e4nischen Soldaten nicht f\u00fcr die Handlungen des irakischen Milit\u00e4rs verantwortlich seien. In der Mitteilung des Gerichts hie\u00df es dazu:\u00a0<\/p>\n<blockquote>\n<p><em>&#8220;Die d\u00e4nischen Streitkr\u00e4fte hatten keine Befehlsgewalt \u00fcber die irakischen Milit\u00e4r- und Polizeikr\u00e4fte, die Operation stand unter irakischer Leitung und die Teilnahme der d\u00e4nischen Streitkr\u00e4fte an der Operation und deren Durchf\u00fchrung entsprach dem Mandat, unter dem sie entsandt wurden.&#8221;<\/em><\/p>\n<\/blockquote>\n<p>Das Gericht betonte zudem, dass\u00a0die D\u00e4nen keinen Grund zu der Annahme gehabt h\u00e4tten, dass die Gefangenen, die sie den irakischen Soldaten \u00fcbergeben hatten, gefoltert werden k\u00f6nnten.\u00a0Aus diesen Gr\u00fcnden sei &#8220;das Verteidigungsministerium nicht f\u00fcr die von irakischen Spezialkr\u00e4ften begangenen \u00dcbergriffe verantwortlich&#8221; und m\u00fcsse den Opfern keine Entsch\u00e4digung zahlen, so der Oberste Gerichtshof.<\/p>\n<p>Die Menschenrechtsorganisation Amnesty International zeigte sich emp\u00f6rt \u00fcber die Kehrtwende des Gerichts in Kopenhagen. Diese ist ihrer Meinung nach durch &#8220;Verweigerungen, Zur\u00fcckweisungen von Videomaterial und Geldstrafen f\u00fcr Anders K\u00e6rgaard, der das Videomaterial hatte durchsickern lassen, sowie durch die Behauptung, dass der gesamte Fall obsolet sei&#8221;, erfolgt.<\/p>\n<p>Martin Lemberg-Pedersen, Leiter des Bereichs Politik und Gesellschaft im d\u00e4nischen Ableger der Organisation, betonte, dass die Iraker Entsch\u00e4digungen verdient h\u00e4tten.<\/p>\n<p>Vor der Entscheidung am Dienstag k\u00fcndigte einer der Anw\u00e4lte der Opfer an, dass der Fall vor den Europ\u00e4ischen Gerichtshof f\u00fcr Menschenrechte gebracht werden w\u00fcrde, falls das Oberste Gericht ein Urteil zugunsten der d\u00e4nischen Regierung f\u00e4llen w\u00fcrde.<\/p>\n<p><strong>Mehr zum Thema<\/strong> \u2013 <a rel=\"nofollow noopener\" target=\"_blank\" href=\"https:\/\/de.rt.com\/meinung\/133014-usa-und-nato-wurden-nie-dafuer-sanktioniert-dass-kriege-begannen-warum\/\">Die USA und die NATO wurden nie daf\u00fcr sanktioniert, dass sie Kriege begannen. Warum?<\/a><\/p>\n<\/p>\n<\/div>\n<p><br \/>\n<br \/><a href=\"https:\/\/de.rt.com\/europa\/140040-danemarks-hochstgericht-sieht-keine-schuld\/\">Source link <\/a><\/p>\n","protected":false},"excerpt":{"rendered":"<p>Das d\u00e4nische H\u00f6chste Gericht hat das Verteidigungsministerium des Landes vom Vorwurf der Misshandlung von Gefangenen freigesprochen. Es ging um eine Operation der irakischen Kr\u00e4fte im Jahr 2004, an der auch d\u00e4nische Soldaten beteiligt waren. Geklagt hatten 23 Iraker, die Schadensersatz forderten. Der Oberste Gerichtshof D\u00e4nemarks hat ein Urteil einer unteren Instanz aufgehoben, die das Land [&hellip;]<\/p>\n","protected":false},"author":3,"featured_media":9683,"comment_status":"open","ping_status":"open","sticky":false,"template":"","format":"standard","meta":{"wp_automatic_camp":["217"],"432fa450ceac85683ccf50c2bbdfc9e5":["D\u00e4nemarks H\u00f6chstes Gericht sieht keine Schuld bei d\u00e4nischen Soldaten wegen irakischer Folteropfer"],"original_link":["https:\/\/de.rt.com\/europa\/140040-danemarks-hochstgericht-sieht-keine-schuld\/"],"_thumbnail_id":["9683"],"_wptg_p2tg_sent2tg":["2022-06-03 09:00:04"],"jnews_social_counter_last_update":["1777254415"]},"categories":[19,23],"tags":[363,22953,22955,22957,3348,22954,22956,375,12416,6809,2333,145],"yoast_head":"<!-- This site is optimized with the Yoast SEO Premium plugin v22.7 (Yoast SEO v22.7) - https:\/\/yoast.com\/wordpress\/plugins\/seo\/ -->\n<title>D\u00e4nemarks H\u00f6chstes Gericht sieht keine Schuld bei d\u00e4nischen Soldaten wegen irakischer Folteropfer - just-now.NEWS Deutschland<\/title>\n<meta name=\"robots\" content=\"index, follow, max-snippet:-1, max-image-preview:large, max-video-preview:-1\" \/>\n<link rel=\"canonical\" href=\"https:\/\/now-news.de\/de\/deutschland\/daenemarks-hoechstes-gericht-sieht-keine-schuld-bei-daenischen-soldaten-wegen-irakischer-folteropfer\/\" \/>\n<meta property=\"og:locale\" content=\"de_DE\" \/>\n<meta property=\"og:type\" content=\"article\" \/>\n<meta property=\"og:title\" content=\"D\u00e4nemarks H\u00f6chstes Gericht sieht keine Schuld bei d\u00e4nischen Soldaten wegen irakischer Folteropfer\" \/>\n<meta property=\"og:description\" content=\"Das d\u00e4nische H\u00f6chste Gericht hat das Verteidigungsministerium des Landes vom Vorwurf der Misshandlung von Gefangenen freigesprochen. Es ging um eine Operation der irakischen Kr\u00e4fte im Jahr 2004, an der auch d\u00e4nische Soldaten beteiligt waren. Geklagt hatten 23 Iraker, die Schadensersatz forderten. Der Oberste Gerichtshof D\u00e4nemarks hat ein Urteil einer unteren Instanz aufgehoben, die das Land [&hellip;]\" \/>\n<meta property=\"og:url\" content=\"https:\/\/now-news.de\/de\/deutschland\/daenemarks-hoechstes-gericht-sieht-keine-schuld-bei-daenischen-soldaten-wegen-irakischer-folteropfer\/\" \/>\n<meta property=\"og:site_name\" content=\"just-now.NEWS Deutschland\" \/>\n<meta property=\"article:publisher\" content=\"https:\/\/www.facebook.com\/wirmachenauf\" \/>\n<meta property=\"article:published_time\" content=\"2022-06-03T06:52:48+00:00\" \/>\n<meta property=\"og:image\" content=\"https:\/\/now-news.de\/de\/wp-content\/uploads\/sites\/3\/2022\/06\/Daenemarks-Hoechstes-Gericht-sieht-keine-Schuld-bei-daenischen-Soldaten-wegen.jpg\" \/>\n\t<meta property=\"og:image:width\" content=\"460\" \/>\n\t<meta property=\"og:image:height\" content=\"259\" \/>\n\t<meta property=\"og:image:type\" content=\"image\/jpeg\" \/>\n<meta name=\"author\" content=\"rtnews\" \/>\n<meta name=\"twitter:card\" content=\"summary_large_image\" \/>\n<meta name=\"twitter:creator\" content=\"@WirMachenAuf_de\" \/>\n<meta name=\"twitter:site\" content=\"@WirMachenAuf_de\" \/>\n<meta name=\"twitter:label1\" content=\"Verfasst von\" \/>\n\t<meta name=\"twitter:data1\" content=\"rtnews\" \/>\n\t<meta name=\"twitter:label2\" content=\"Gesch\u00e4tzte Lesezeit\" \/>\n\t<meta name=\"twitter:data2\" content=\"3\u00a0Minuten\" \/>\n<script type=\"application\/ld+json\" class=\"yoast-schema-graph\">{\"@context\":\"https:\/\/schema.org\",\"@graph\":[{\"@type\":\"Article\",\"@id\":\"https:\/\/now-news.de\/de\/deutschland\/daenemarks-hoechstes-gericht-sieht-keine-schuld-bei-daenischen-soldaten-wegen-irakischer-folteropfer\/#article\",\"isPartOf\":{\"@id\":\"https:\/\/now-news.de\/de\/deutschland\/daenemarks-hoechstes-gericht-sieht-keine-schuld-bei-daenischen-soldaten-wegen-irakischer-folteropfer\/\"},\"author\":{\"name\":\"rtnews\",\"@id\":\"https:\/\/now-news.de\/de\/#\/schema\/person\/fb534a4e865501d8b3285208df34a9b5\"},\"headline\":\"D\u00e4nemarks H\u00f6chstes Gericht sieht keine Schuld bei d\u00e4nischen Soldaten wegen irakischer Folteropfer\",\"datePublished\":\"2022-06-03T06:52:48+00:00\",\"dateModified\":\"2022-06-03T06:52:48+00:00\",\"mainEntityOfPage\":{\"@id\":\"https:\/\/now-news.de\/de\/deutschland\/daenemarks-hoechstes-gericht-sieht-keine-schuld-bei-daenischen-soldaten-wegen-irakischer-folteropfer\/\"},\"wordCount\":532,\"commentCount\":0,\"publisher\":{\"@id\":\"https:\/\/now-news.de\/de\/#organization\"},\"image\":{\"@id\":\"https:\/\/now-news.de\/de\/deutschland\/daenemarks-hoechstes-gericht-sieht-keine-schuld-bei-daenischen-soldaten-wegen-irakischer-folteropfer\/#primaryimage\"},\"thumbnailUrl\":\"https:\/\/now-news.de\/de\/wp-content\/uploads\/sites\/3\/2022\/06\/Daenemarks-Hoechstes-Gericht-sieht-keine-Schuld-bei-daenischen-Soldaten-wegen.jpg\",\"keywords\":[\"bei\",\"D\u00e4nemarks\",\"d\u00e4nischen\",\"Folteropfer\",\"Gericht\",\"H\u00f6chstes\",\"irakischer\",\"keine\",\"Schuld\",\"sieht\",\"Soldaten\",\"wegen\"],\"articleSection\":[\"Deutschland\",\"Russland\"],\"inLanguage\":\"de\",\"potentialAction\":[{\"@type\":\"CommentAction\",\"name\":\"Comment\",\"target\":[\"https:\/\/now-news.de\/de\/deutschland\/daenemarks-hoechstes-gericht-sieht-keine-schuld-bei-daenischen-soldaten-wegen-irakischer-folteropfer\/#respond\"]}]},{\"@type\":\"WebPage\",\"@id\":\"https:\/\/now-news.de\/de\/deutschland\/daenemarks-hoechstes-gericht-sieht-keine-schuld-bei-daenischen-soldaten-wegen-irakischer-folteropfer\/\",\"url\":\"https:\/\/now-news.de\/de\/deutschland\/daenemarks-hoechstes-gericht-sieht-keine-schuld-bei-daenischen-soldaten-wegen-irakischer-folteropfer\/\",\"name\":\"D\u00e4nemarks H\u00f6chstes Gericht sieht keine Schuld bei d\u00e4nischen Soldaten wegen irakischer Folteropfer - just-now.NEWS Deutschland\",\"isPartOf\":{\"@id\":\"https:\/\/now-news.de\/de\/#website\"},\"primaryImageOfPage\":{\"@id\":\"https:\/\/now-news.de\/de\/deutschland\/daenemarks-hoechstes-gericht-sieht-keine-schuld-bei-daenischen-soldaten-wegen-irakischer-folteropfer\/#primaryimage\"},\"image\":{\"@id\":\"https:\/\/now-news.de\/de\/deutschland\/daenemarks-hoechstes-gericht-sieht-keine-schuld-bei-daenischen-soldaten-wegen-irakischer-folteropfer\/#primaryimage\"},\"thumbnailUrl\":\"https:\/\/now-news.de\/de\/wp-content\/uploads\/sites\/3\/2022\/06\/Daenemarks-Hoechstes-Gericht-sieht-keine-Schuld-bei-daenischen-Soldaten-wegen.jpg\",\"datePublished\":\"2022-06-03T06:52:48+00:00\",\"dateModified\":\"2022-06-03T06:52:48+00:00\",\"breadcrumb\":{\"@id\":\"https:\/\/now-news.de\/de\/deutschland\/daenemarks-hoechstes-gericht-sieht-keine-schuld-bei-daenischen-soldaten-wegen-irakischer-folteropfer\/#breadcrumb\"},\"inLanguage\":\"de\",\"potentialAction\":[{\"@type\":\"ReadAction\",\"target\":[\"https:\/\/now-news.de\/de\/deutschland\/daenemarks-hoechstes-gericht-sieht-keine-schuld-bei-daenischen-soldaten-wegen-irakischer-folteropfer\/\"]}]},{\"@type\":\"ImageObject\",\"inLanguage\":\"de\",\"@id\":\"https:\/\/now-news.de\/de\/deutschland\/daenemarks-hoechstes-gericht-sieht-keine-schuld-bei-daenischen-soldaten-wegen-irakischer-folteropfer\/#primaryimage\",\"url\":\"https:\/\/now-news.de\/de\/wp-content\/uploads\/sites\/3\/2022\/06\/Daenemarks-Hoechstes-Gericht-sieht-keine-Schuld-bei-daenischen-Soldaten-wegen.jpg\",\"contentUrl\":\"https:\/\/now-news.de\/de\/wp-content\/uploads\/sites\/3\/2022\/06\/Daenemarks-Hoechstes-Gericht-sieht-keine-Schuld-bei-daenischen-Soldaten-wegen.jpg\",\"width\":460,\"height\":259,\"caption\":\"D\u00e4nemarks H\u00f6chstes Gericht sieht keine Schuld bei d\u00e4nischen Soldaten wegen irakischer Folteropfer\"},{\"@type\":\"BreadcrumbList\",\"@id\":\"https:\/\/now-news.de\/de\/deutschland\/daenemarks-hoechstes-gericht-sieht-keine-schuld-bei-daenischen-soldaten-wegen-irakischer-folteropfer\/#breadcrumb\",\"itemListElement\":[{\"@type\":\"ListItem\",\"position\":1,\"name\":\"Home\",\"item\":\"https:\/\/now-news.de\/de\/\"},{\"@type\":\"ListItem\",\"position\":2,\"name\":\"D\u00e4nemarks H\u00f6chstes Gericht sieht keine Schuld bei d\u00e4nischen Soldaten wegen irakischer Folteropfer\"}]},{\"@type\":\"WebSite\",\"@id\":\"https:\/\/now-news.de\/de\/#website\",\"url\":\"https:\/\/now-news.de\/de\/\",\"name\":\"just-now.NEWS Deutschland\",\"description\":\"Das Portal f\u00fcr unzensierte Nachrichten aus der Welt\",\"publisher\":{\"@id\":\"https:\/\/now-news.de\/de\/#organization\"},\"potentialAction\":[{\"@type\":\"SearchAction\",\"target\":{\"@type\":\"EntryPoint\",\"urlTemplate\":\"https:\/\/now-news.de\/de\/?s={search_term_string}\"},\"query-input\":\"required name=search_term_string\"}],\"inLanguage\":\"de\"},{\"@type\":\"Organization\",\"@id\":\"https:\/\/now-news.de\/de\/#organization\",\"name\":\"Just Now News\",\"url\":\"https:\/\/now-news.de\/de\/\",\"logo\":{\"@type\":\"ImageObject\",\"inLanguage\":\"de\",\"@id\":\"https:\/\/now-news.de\/de\/#\/schema\/logo\/image\/\",\"url\":\"http:\/\/just-now.news\/de\/wp-content\/uploads\/sites\/3\/2022\/04\/logo500x500.jpg\",\"contentUrl\":\"http:\/\/just-now.news\/de\/wp-content\/uploads\/sites\/3\/2022\/04\/logo500x500.jpg\",\"width\":500,\"height\":500,\"caption\":\"Just Now News\"},\"image\":{\"@id\":\"https:\/\/now-news.de\/de\/#\/schema\/logo\/image\/\"},\"sameAs\":[\"https:\/\/www.facebook.com\/wirmachenauf\",\"https:\/\/x.com\/WirMachenAuf_de\"]},{\"@type\":\"Person\",\"@id\":\"https:\/\/now-news.de\/de\/#\/schema\/person\/fb534a4e865501d8b3285208df34a9b5\",\"name\":\"rtnews\",\"image\":{\"@type\":\"ImageObject\",\"inLanguage\":\"de\",\"@id\":\"https:\/\/now-news.de\/de\/#\/schema\/person\/image\/\",\"url\":\"https:\/\/secure.gravatar.com\/avatar\/82aafea7d8127119dd649515f56e2117?s=96&d=mm&r=g\",\"contentUrl\":\"https:\/\/secure.gravatar.com\/avatar\/82aafea7d8127119dd649515f56e2117?s=96&d=mm&r=g\",\"caption\":\"rtnews\"},\"url\":\"https:\/\/now-news.de\/de\/author\/rnews\/\"}]}<\/script>\n<!-- \/ Yoast SEO Premium plugin. -->","yoast_head_json":{"title":"D\u00e4nemarks H\u00f6chstes Gericht sieht keine Schuld bei d\u00e4nischen Soldaten wegen irakischer Folteropfer - just-now.NEWS Deutschland","robots":{"index":"index","follow":"follow","max-snippet":"max-snippet:-1","max-image-preview":"max-image-preview:large","max-video-preview":"max-video-preview:-1"},"canonical":"https:\/\/now-news.de\/de\/deutschland\/daenemarks-hoechstes-gericht-sieht-keine-schuld-bei-daenischen-soldaten-wegen-irakischer-folteropfer\/","og_locale":"de_DE","og_type":"article","og_title":"D\u00e4nemarks H\u00f6chstes Gericht sieht keine Schuld bei d\u00e4nischen Soldaten wegen irakischer Folteropfer","og_description":"Das d\u00e4nische H\u00f6chste Gericht hat das Verteidigungsministerium des Landes vom Vorwurf der Misshandlung von Gefangenen freigesprochen. Es ging um eine Operation der irakischen Kr\u00e4fte im Jahr 2004, an der auch d\u00e4nische Soldaten beteiligt waren. Geklagt hatten 23 Iraker, die Schadensersatz forderten. Der Oberste Gerichtshof D\u00e4nemarks hat ein Urteil einer unteren Instanz aufgehoben, die das Land [&hellip;]","og_url":"https:\/\/now-news.de\/de\/deutschland\/daenemarks-hoechstes-gericht-sieht-keine-schuld-bei-daenischen-soldaten-wegen-irakischer-folteropfer\/","og_site_name":"just-now.NEWS Deutschland","article_publisher":"https:\/\/www.facebook.com\/wirmachenauf","article_published_time":"2022-06-03T06:52:48+00:00","og_image":[{"width":460,"height":259,"url":"https:\/\/now-news.de\/de\/wp-content\/uploads\/sites\/3\/2022\/06\/Daenemarks-Hoechstes-Gericht-sieht-keine-Schuld-bei-daenischen-Soldaten-wegen.jpg","type":"image\/jpeg"}],"author":"rtnews","twitter_card":"summary_large_image","twitter_creator":"@WirMachenAuf_de","twitter_site":"@WirMachenAuf_de","twitter_misc":{"Verfasst von":"rtnews","Gesch\u00e4tzte Lesezeit":"3\u00a0Minuten"},"schema":{"@context":"https:\/\/schema.org","@graph":[{"@type":"Article","@id":"https:\/\/now-news.de\/de\/deutschland\/daenemarks-hoechstes-gericht-sieht-keine-schuld-bei-daenischen-soldaten-wegen-irakischer-folteropfer\/#article","isPartOf":{"@id":"https:\/\/now-news.de\/de\/deutschland\/daenemarks-hoechstes-gericht-sieht-keine-schuld-bei-daenischen-soldaten-wegen-irakischer-folteropfer\/"},"author":{"name":"rtnews","@id":"https:\/\/now-news.de\/de\/#\/schema\/person\/fb534a4e865501d8b3285208df34a9b5"},"headline":"D\u00e4nemarks H\u00f6chstes Gericht sieht keine Schuld bei d\u00e4nischen Soldaten wegen irakischer Folteropfer","datePublished":"2022-06-03T06:52:48+00:00","dateModified":"2022-06-03T06:52:48+00:00","mainEntityOfPage":{"@id":"https:\/\/now-news.de\/de\/deutschland\/daenemarks-hoechstes-gericht-sieht-keine-schuld-bei-daenischen-soldaten-wegen-irakischer-folteropfer\/"},"wordCount":532,"commentCount":0,"publisher":{"@id":"https:\/\/now-news.de\/de\/#organization"},"image":{"@id":"https:\/\/now-news.de\/de\/deutschland\/daenemarks-hoechstes-gericht-sieht-keine-schuld-bei-daenischen-soldaten-wegen-irakischer-folteropfer\/#primaryimage"},"thumbnailUrl":"https:\/\/now-news.de\/de\/wp-content\/uploads\/sites\/3\/2022\/06\/Daenemarks-Hoechstes-Gericht-sieht-keine-Schuld-bei-daenischen-Soldaten-wegen.jpg","keywords":["bei","D\u00e4nemarks","d\u00e4nischen","Folteropfer","Gericht","H\u00f6chstes","irakischer","keine","Schuld","sieht","Soldaten","wegen"],"articleSection":["Deutschland","Russland"],"inLanguage":"de","potentialAction":[{"@type":"CommentAction","name":"Comment","target":["https:\/\/now-news.de\/de\/deutschland\/daenemarks-hoechstes-gericht-sieht-keine-schuld-bei-daenischen-soldaten-wegen-irakischer-folteropfer\/#respond"]}]},{"@type":"WebPage","@id":"https:\/\/now-news.de\/de\/deutschland\/daenemarks-hoechstes-gericht-sieht-keine-schuld-bei-daenischen-soldaten-wegen-irakischer-folteropfer\/","url":"https:\/\/now-news.de\/de\/deutschland\/daenemarks-hoechstes-gericht-sieht-keine-schuld-bei-daenischen-soldaten-wegen-irakischer-folteropfer\/","name":"D\u00e4nemarks H\u00f6chstes Gericht sieht keine Schuld bei d\u00e4nischen Soldaten wegen irakischer Folteropfer - just-now.NEWS Deutschland","isPartOf":{"@id":"https:\/\/now-news.de\/de\/#website"},"primaryImageOfPage":{"@id":"https:\/\/now-news.de\/de\/deutschland\/daenemarks-hoechstes-gericht-sieht-keine-schuld-bei-daenischen-soldaten-wegen-irakischer-folteropfer\/#primaryimage"},"image":{"@id":"https:\/\/now-news.de\/de\/deutschland\/daenemarks-hoechstes-gericht-sieht-keine-schuld-bei-daenischen-soldaten-wegen-irakischer-folteropfer\/#primaryimage"},"thumbnailUrl":"https:\/\/now-news.de\/de\/wp-content\/uploads\/sites\/3\/2022\/06\/Daenemarks-Hoechstes-Gericht-sieht-keine-Schuld-bei-daenischen-Soldaten-wegen.jpg","datePublished":"2022-06-03T06:52:48+00:00","dateModified":"2022-06-03T06:52:48+00:00","breadcrumb":{"@id":"https:\/\/now-news.de\/de\/deutschland\/daenemarks-hoechstes-gericht-sieht-keine-schuld-bei-daenischen-soldaten-wegen-irakischer-folteropfer\/#breadcrumb"},"inLanguage":"de","potentialAction":[{"@type":"ReadAction","target":["https:\/\/now-news.de\/de\/deutschland\/daenemarks-hoechstes-gericht-sieht-keine-schuld-bei-daenischen-soldaten-wegen-irakischer-folteropfer\/"]}]},{"@type":"ImageObject","inLanguage":"de","@id":"https:\/\/now-news.de\/de\/deutschland\/daenemarks-hoechstes-gericht-sieht-keine-schuld-bei-daenischen-soldaten-wegen-irakischer-folteropfer\/#primaryimage","url":"https:\/\/now-news.de\/de\/wp-content\/uploads\/sites\/3\/2022\/06\/Daenemarks-Hoechstes-Gericht-sieht-keine-Schuld-bei-daenischen-Soldaten-wegen.jpg","contentUrl":"https:\/\/now-news.de\/de\/wp-content\/uploads\/sites\/3\/2022\/06\/Daenemarks-Hoechstes-Gericht-sieht-keine-Schuld-bei-daenischen-Soldaten-wegen.jpg","width":460,"height":259,"caption":"D\u00e4nemarks H\u00f6chstes Gericht sieht keine Schuld bei d\u00e4nischen Soldaten wegen irakischer Folteropfer"},{"@type":"BreadcrumbList","@id":"https:\/\/now-news.de\/de\/deutschland\/daenemarks-hoechstes-gericht-sieht-keine-schuld-bei-daenischen-soldaten-wegen-irakischer-folteropfer\/#breadcrumb","itemListElement":[{"@type":"ListItem","position":1,"name":"Home","item":"https:\/\/now-news.de\/de\/"},{"@type":"ListItem","position":2,"name":"D\u00e4nemarks H\u00f6chstes Gericht sieht keine Schuld bei d\u00e4nischen Soldaten wegen irakischer Folteropfer"}]},{"@type":"WebSite","@id":"https:\/\/now-news.de\/de\/#website","url":"https:\/\/now-news.de\/de\/","name":"just-now.NEWS Deutschland","description":"Das Portal f\u00fcr unzensierte Nachrichten aus der Welt","publisher":{"@id":"https:\/\/now-news.de\/de\/#organization"},"potentialAction":[{"@type":"SearchAction","target":{"@type":"EntryPoint","urlTemplate":"https:\/\/now-news.de\/de\/?s={search_term_string}"},"query-input":"required name=search_term_string"}],"inLanguage":"de"},{"@type":"Organization","@id":"https:\/\/now-news.de\/de\/#organization","name":"Just Now News","url":"https:\/\/now-news.de\/de\/","logo":{"@type":"ImageObject","inLanguage":"de","@id":"https:\/\/now-news.de\/de\/#\/schema\/logo\/image\/","url":"http:\/\/just-now.news\/de\/wp-content\/uploads\/sites\/3\/2022\/04\/logo500x500.jpg","contentUrl":"http:\/\/just-now.news\/de\/wp-content\/uploads\/sites\/3\/2022\/04\/logo500x500.jpg","width":500,"height":500,"caption":"Just Now News"},"image":{"@id":"https:\/\/now-news.de\/de\/#\/schema\/logo\/image\/"},"sameAs":["https:\/\/www.facebook.com\/wirmachenauf","https:\/\/x.com\/WirMachenAuf_de"]},{"@type":"Person","@id":"https:\/\/now-news.de\/de\/#\/schema\/person\/fb534a4e865501d8b3285208df34a9b5","name":"rtnews","image":{"@type":"ImageObject","inLanguage":"de","@id":"https:\/\/now-news.de\/de\/#\/schema\/person\/image\/","url":"https:\/\/secure.gravatar.com\/avatar\/82aafea7d8127119dd649515f56e2117?s=96&d=mm&r=g","contentUrl":"https:\/\/secure.gravatar.com\/avatar\/82aafea7d8127119dd649515f56e2117?s=96&d=mm&r=g","caption":"rtnews"},"url":"https:\/\/now-news.de\/de\/author\/rnews\/"}]}},"_links":{"self":[{"href":"https:\/\/now-news.de\/de\/wp-json\/wp\/v2\/posts\/9682"}],"collection":[{"href":"https:\/\/now-news.de\/de\/wp-json\/wp\/v2\/posts"}],"about":[{"href":"https:\/\/now-news.de\/de\/wp-json\/wp\/v2\/types\/post"}],"author":[{"embeddable":true,"href":"https:\/\/now-news.de\/de\/wp-json\/wp\/v2\/users\/3"}],"replies":[{"embeddable":true,"href":"https:\/\/now-news.de\/de\/wp-json\/wp\/v2\/comments?post=9682"}],"version-history":[{"count":0,"href":"https:\/\/now-news.de\/de\/wp-json\/wp\/v2\/posts\/9682\/revisions"}],"wp:featuredmedia":[{"embeddable":true,"href":"https:\/\/now-news.de\/de\/wp-json\/wp\/v2\/media\/9683"}],"wp:attachment":[{"href":"https:\/\/now-news.de\/de\/wp-json\/wp\/v2\/media?parent=9682"}],"wp:term":[{"taxonomy":"category","embeddable":true,"href":"https:\/\/now-news.de\/de\/wp-json\/wp\/v2\/categories?post=9682"},{"taxonomy":"post_tag","embeddable":true,"href":"https:\/\/now-news.de\/de\/wp-json\/wp\/v2\/tags?post=9682"}],"curies":[{"name":"wp","href":"https:\/\/api.w.org\/{rel}","templated":true}]}}