{"id":96804,"date":"2026-01-04T15:49:24","date_gmt":"2026-01-04T13:49:24","guid":{"rendered":"https:\/\/now-news.de\/de\/deutschland\/collagen-ueber-jahrhunderte-deutsch-russischen-kennenlernens-ii\/"},"modified":"2026-01-04T15:49:24","modified_gmt":"2026-01-04T13:49:24","slug":"collagen-ueber-jahrhunderte-deutsch-russischen-kennenlernens-ii","status":"publish","type":"post","link":"https:\/\/now-news.de\/de\/deutschland\/collagen-ueber-jahrhunderte-deutsch-russischen-kennenlernens-ii\/","title":{"rendered":"Collagen \u00fcber Jahrhunderte deutsch-russischen Kennenlernens (II)"},"content":{"rendered":"<p><img decoding=\"async\" src=\"https:\/\/now-news.de\/de\/wp-content\/uploads\/sites\/3\/2026\/01\/69595b4248fbef2e14448b11.png\" \/><\/p>\n<div class=\"Text-root Text-type_1 \">\n                W\u00e4hrend Thomas Mann Alexander Sergejewitsch Puschkin f\u00fcr einen der vier gr\u00f6\u00dften Dichter des Abendlandes h\u00e4lt, werden aktuell in der Musterdemokratie Ukraine, der Besch\u00fctzerin unserer westlichen Werte, die Denkm\u00e4ler, die an Puschkin erinnern, auf offizielle Anordnung zerst\u00f6rt.\n            <\/div>\n<p><\/p>\n<div class=\"Text-root Text-type_5 ArticleView-text ViewText-root \">\n<p><em>Von Rainer Rupp<\/em><\/p>\n<p><em>Den ersten Teil der Serie &#8220;Collagen \u00fcber Jahrhunderte deutsch-russischen Kennenlernens&#8221; finden Sie <a rel=\"nofollow noopener\" target=\"_blank\" href=\"https:\/\/freedert.online\/meinung\/266200-collagen-ueber-jahrhunderte-deutsch-russischen\/\">hier<\/a>.<\/em><\/p>\n<p>Die im Laufe des 18.\u00a0Jahrhunderts in Deutschland und in Russland im Entstehen begriffenen Nationalliteraturen sollte sich f\u00fcr die n\u00e4chsten 200\u00a0Jahre und dar\u00fcber hinaus immer wieder deutlich aufeinander beziehen, sowohl hinsichtlich der Personen\u00a0und der Formen als auch hinsichtlich der Inhalte. In diesem Zusammenhang verweist der Autor der Collage, Dr.\u00a0Thomas Hohnerlein, auf das &#8220;Handbuch der allgemeinen Geschichte der litter\u00e4rischen Cultur&#8221;, erstmals erschienen in Marburg in den Jahren 1804\/05.<\/p>\n<p>In diesem Werk verbl\u00fcffe Ludwig Wachler mit der ersten vollst\u00e4ndigen und zusammenh\u00e4ngenden Darstellung der Entwicklung der russischen Literatur, und durch seine Kenntnisse von Lomonossow (der \u00fcbrigens von 1736\u201341 in Deutschland studierte), Wassili Trediakowski, Iwan Chemnitzer, Iwan Dmitrijew und Nikolai Karamsin.<\/p>\n<p>In der dritten Ausgabe von 1833 f\u00fcgt er u.\u00a0a. Alexander Sergejewitsch Puschkin mit den Worten hinzu: &#8220;urw\u00fcchsig stark ist A. Pu\u0161kin&#8221;.<\/p>\n<p>Laut Dr.\u00a0Hohnerlein vermittelt uns Puschkin in seiner Poesie einen Eindruck, wie stark der Einfluss aus Deutschland zuweilen war; so sei z.\u00a0B. der des &#8220;St\u00fcrmers und Dr\u00e4ngers&#8221;\u00a0Johann\u00a0Wolfgang von Goethe auf Puschkins &#8220;Eugen Onegin&#8221; &#8220;un\u00fcbersehbar&#8221;. Gleich am Anfang des Romans finden wir eine Stelle, an der die junge Tatjana in ihrem Helden, Eugen, die Verk\u00f6rperung einiger literarischer Gestalten, u.\u00a0a. die des &#8220;Werther, dieses Herz in Flammen&#8221; sieht. Und in Tatjanas Monolog am Ende des Versromans, der sich an Eugen richtet, k\u00f6nne man ohne Schwierigkeiten weitgehende \u00dcbereinstimmungen mit Lottes Einrede von Goethes Werther feststellen.<\/p>\n<p>Zu &#8220;Eugen Onegin&#8221;\u00a0sei noch am Rande bemerkt, dass Karl Marx und Friedrich Engels ihr Studium der russischen Sprache mit einer Lekt\u00fcre ebendieses Werks verbanden.<\/p>\n<p>Aber nicht nur der jugendliche St\u00fcrmer und Dr\u00e4nger Goethe habe seine Spuren in Puschkins Werk hinterlassen, sondern auch der reife, sp\u00e4te Goethe und sein Opus Magnum, der &#8220;Faust&#8221;. Der war f\u00fcr Puschkin &#8220;die gr\u00f6\u00dfte Sch\u00f6pfung dichterischen Geistes&#8221;, vergleichbar mit der &#8220;Ilias&#8221; in der klassischen Literatur der Antike.<\/p>\n<p>In vielen Werken Puschkins lie\u00dfen sich Bez\u00fcge zu Goethes Faus finden (z.\u00a0B. im &#8220;Gespr\u00e4ch zwischen Buchh\u00e4ndler und Dichter&#8221; bis hin zu den &#8220;Szenen aus der Ritterzeit&#8221;) Un\u00fcbersehbar ist das in einer 1825 in Michailowskoje entstandenen eigenst\u00e4ndigen Sch\u00f6pfung Puschkins, dem faustischen Gedicht &#8220;Der D\u00e4mon&#8221;:<\/p>\n<blockquote>\n<p>&#8220;Als ich noch jung war und mich eben<\/p>\n<p>Des Lebens m\u00e4cht&#8217;ger Ruf erst traf \u2013<\/p>\n<p>Ich oft den Nachtigallen lauschte<\/p>\n<p>Und wie die alte Eiche rauschte.<\/p>\n<p>Ein M\u00e4dchenblick lie\u00df mich erbeben<\/p>\n<p>Und raubte nachts mir wohl den Schlaf.<\/p>\n<\/p>\n<p>Und als Begeisterung sich regte,<\/p>\n<p>Der Liebe Glut, des Ruhmes Glanz,<\/p>\n<p>Die hohe Freiheit mich bewegte,<\/p>\n<p>Mir Herz und Sinn erf\u00fcllten ganz,<\/p>\n<p>Da ward die Hoffnung oft betrogen,<\/p>\n<p>Verg\u00e4llt ward oft mir der Genu\u00df,<\/p>\n<p>Dann heimlich kam zu mir geflogen<\/p>\n<p>Ein abgrundb\u00f6ser Genius.<\/p>\n<p>\u00a0<\/p>\n<p>Unsre Begegnung war stets traurig,<\/p>\n<p>Sein L\u00e4cheln droht mir allerw\u00e4rts,<\/p>\n<p>Sein Flammenblick umfa\u00dft mich schaurig,<\/p>\n<p>Gift tr\u00e4ufelt mir sein Wort ins Herz,<\/p>\n<p>Wenn er den h\u00f6chsten Gott versuchte,<\/p>\n<p>Mit L\u00e4sterworten, ma\u00dflos scharf,<\/p>\n<p>Wenn alles Sch\u00f6ne er verfluchte,<\/p>\n<p>Und die Begeisterung verwarf.<\/p>\n<p>\u00a0<\/p>\n<p>An Freiheit wollte er nicht glauben.<\/p>\n<p>Die Liebe h\u00f6hnte er so w\u00fcst.<\/p>\n<p>Die ganze Sch\u00f6pfung lag im Staube<\/p>\n<p>Und war nicht wert, da\u00df er sie gr\u00fc\u00dft.&#8221;\u00a0<\/p>\n<\/blockquote>\n<p>Es f\u00e4llt schwer, bei diesen Zeilen nicht an Faust und Mephistoteles zu denken, meint Hohnerlein und verweist als N\u00e4chstes auf das das Gedicht &#8220;Der Dolch&#8221;, das Puschkin dem radikalen deutschen Burschenschaftler und M\u00f6rder von August von Kotzebue, Karl Ludwig Sand, gewidmet hat. Es d\u00fcrfe vermutet werden, so der Autor, dass dieses Gedicht Puschkins patriotische Kritik an der zunehmend autokratischen Herrschaft des einst eher als liberal angesehenen Zaren Alexander\u00a0I. zur Grundlage gehabt hatte.<\/p>\n<p>Es war die Zeit unmittelbar nach den Karlsbader Beschl\u00fcssen, als die Teilnehmer des Wiener Kongresses die angestrebte Restauration der autorit\u00e4ren, teils noch absolutistischen Feudalherrschaft durch Einschr\u00e4nkung der Pressefreiheit und offene Zensur abzusichern suchten. Auch Puschkin war unmittelbar von Zensurma\u00dfnahmen der Zaren (insbesondere auch von Alexanders Nachfolger Nikolai\u00a0I.) betroffen, wodurch er sich nicht selten gezwungen sah, seine Werke in Teilen zu verst\u00fcmmeln, damit er sie \u00fcberhaupt publizieren konnte, erg\u00e4nzt Dr.\u00a0Hohnerlein und f\u00fcgt als Beispiel einen kurzen Ausschnitt aus Puschkins &#8220;Der Dolch&#8221; an:<\/p>\n<blockquote>\n<p>&#8220;Der P\u00f6bel rast, entfacht die wilde Rebellion,<\/p>\n<p>Das Blut sch\u00e4umt, finstere Gewalten<\/p>\n<p>Enthaupten Libert\u00e9, verwalten<\/p>\n<p>Wird nun als Schreckensmacht der Henker ihren Thron.<\/p>\n<p>\u00a0<\/p>\n<p>Er ordnet neu die Welt, mit einem Fingerschnippen<\/p>\n<p>Schickt er zum Hades seinen Feind.<\/p>\n<p>Doch ein J\u00fcngling flink erscheint<\/p>\n<p>Und st\u00f6\u00dft den Dolch ihm in die Rippen.<\/p>\n<p>\u00a0<\/p>\n<p>Oh du vom Schicksal auserw\u00e4hlter junger Held,<\/p>\n<p>Oh Sand, du gabst dein Leben hin.<\/p>\n<p>Dein K\u00f6rper durch das Richtschwert f\u00e4llt,<\/p>\n<p>Doch auferstehen wird dein stolzer Sinn.<\/p>\n<p>\u00a0<\/p>\n<p>In deinem deutschen Marterland bleibst du Gefahr,<\/p>\n<p>Als ewger Schatten f\u00fcrchtet dich die Macht,<\/p>\n<p>Und \u00fcber deinem Grabe wacht<\/p>\n<p>Des Dolches Schneide unsichtbar.&#8221;<\/p>\n<\/blockquote>\n<p>Deutlich trifft hier laut Hohnerlein Rosa Luxemburgs Aussage von 1918 zu, als sie ausdr\u00fccklich auf den gesellschaftlichen Bezug in Puschkins Schaffen hinwies und schrieb, dass die russische Literatur, mit Puschkin und Michail Lermontow beginnend, &#8220;in unvergleichlichem Glanz eine sichtbare Fahne vor der Gesellschaft ausgerollt&#8221; habe.<\/p>\n<p>Sp\u00e4ter fanden sozialistische und antifaschistische Schriftsteller w\u00e4hrend der Hitlerdiktatur in der Emigration verst\u00e4rkt Zugang zu einem inzwischen vollst\u00e4ndigeren und unzensierten Puschkin-Bild.<\/p>\n<p>So schrieb z.\u00a0B. Erich Weinert 1890\u20131953), ein deutscher Kommunist, 1937 ein rebellisch-proletarisches Gedicht mit dem Titel &#8220;Puschkin in einer regendichten Abendd\u00e4mmerung am Fenster in seiner dunklen Stube in Michailowskoje&#8221;:<\/p>\n<blockquote>\n<p>&#8220;Tot ist der Abend.<\/p>\n<p>meiner Seele Segel,<\/p>\n<p>Das heitren Tags von Sonnenwind gebl\u00e4hte,<\/p>\n<p>H\u00e4ngt schlaff und na\u00df, und morsch bis in die N\u00e4hte.<\/p>\n<p>Doch bin ich noch nicht m\u00fcrb, gekr\u00f6nter Flegel.<\/p>\n<\/p>\n<p>Tief ist die Nebelnacht.<\/p>\n<p>Doch \u00fcber sie<\/p>\n<p>W\u00f6lbt sich mein Himmel, den du nie erfl\u00fcgelt.<\/p>\n<p>Ein s\u00fc\u00dfes Mittel hast du ausgekl\u00fcgelt:<\/p>\n<p>Ein feines Gift ist die Melancholie.<\/p>\n<\/p>\n<p>In deinen S\u00e4len ist nicht Nacht und Nebel.<\/p>\n<p>Dort fri\u00dft man sich am Fleisch des Volkes satt.<\/p>\n<p>Das Volk kann noch nicht schreien, da es den Knebel<\/p>\n<p>der Bojarenfaust noch im Rachen hat.<\/p>\n<p>Von tausend Kerzen flammen die Pal\u00e4ste.<\/p>\n<p>Kein Aufruhr st\u00f6rt die Symphonie der Feste.<\/p>\n<p>Schon schlo\u00df das Eis der Newa schwarzes Maul.<\/p>\n<p>Und schwarz liegt die Bastille Peter-Paul.<\/p>\n<\/p>\n<p>Nun kommt die Nacht mit nassen Leichenh\u00e4nden.<\/p>\n<p>Was kriechst du unter meinem Fenster hin,<\/p>\n<p>Armseliger Knecht?<\/p>\n<p>Mu\u00dft du dich selber sch\u00e4nden?<\/p>\n<p>Du wei\u00dft doch, da\u00df auch ich gefangen bin!<\/p>\n<p>Krumm streichst du wie ein scheues Tier ums Haus.<\/p>\n<p>O k\u00f6nnt ich deinen R\u00fccken grademachen!<\/p>\n<p>Ich w\u00fcrde einen Donnerwind entfachen,<\/p>\n<p>Der blies in Petersburg die Kerzen aus.<\/p>\n<\/p>\n<p>Rot wird der Nebel,<\/p>\n<p>Wie von fernem Brande \u2013<\/p>\n<p>Da str\u00f6mt es,<\/p>\n<p>Regiment an Regiment!<\/p>\n<p>Da kommt mein Volk.<\/p>\n<p>Und seine Fahne brennt.<\/p>\n<p>Und wo sie brennt, wird&#8217;s hell im Vaterlande.<\/p>\n<p>Ich f\u00fchl den hei\u00dfen Brand mir im Gesicht.<\/p>\n<p>Ich seh mein Volk mit stolzen Stirnen schreiten &#8230;<\/p>\n<p>O sklavisches Jahrhundert!<\/p>\n<p>Dieses Licht<\/p>\n<p>In meiner Seele, du erstickst es nicht,<\/p>\n<p>Auch nicht in der Verbannung Dunkelheiten&#8221;.<\/p>\n<\/blockquote>\n<p>Thomas Mann, der weitaus als einer der gr\u00f6\u00dften\u00a0\u2013 und oft sogar als der bedeutendste\u00a0\u2013 deutschsprachige Schriftsteller und Literat des 20.\u00a0Jahrhunderts gilt, schrieb \u00fcber Puschkin:<\/p>\n<p><em>&#8220;Nach den dichterischen Genien meiner Liebe und Wahl befragt, und sollten es auch nur sechs sein, nur vier, w\u00fcrde ich Puschkins Namen nicht vergessen\u00a0&#8230; Puschkin, der slawische Lateiner, war volksecht und europ\u00e4isch wie Goethe, wie Mozart.&#8221;<\/em><\/p>\n<p>Bei Puschkin, der noch in der Enge des scheinliberalen Zarismus Alexanders\u00a0I. und der schon wieder offen reaktion\u00e4ren Regentschaft Nikolais\u00a0I. nach dessen Niederschlagung der Dekabristen lebte und arbeitete, deutete sich in seinem Sand gewidmeten Gedicht &#8220;Der Dolch&#8221; das neuerliche Aufbrechen der gesellschaftlichen Widerspr\u00fcche schon an.<\/p>\n<p>Alexander Herzen (Iskander), geboren in Russland im Jahr 1812, wird mitten in diese bedeutungsschwangeren Zeiten hineinwachsen. Als Heranwachsender und Erwachsener unternahm er mehrere Reisen nach Westeuropa. Dort verbrachte er zahlreiche, teils l\u00e4ngere Aufenthalte (teilweise durch Exil begr\u00fcndet) u.\u00a0a. auch in Deutschland und sp\u00e4ter in England. Diese Begegnungen mit der westeurop\u00e4ischen Kultur und Politik sollten starken Einfluss auf seine geistige Entwicklung haben.<\/p>\n<p>1837, im Todesjahr Puschkins, und 1838 hielt er sich in Dresden und der Schweiz auf, wo er seine Kenntnisse der deutschen Philosophie intensivierte. Er lernte schon als junger Mann Deutsch und las fr\u00fch Georg Wilhelm Friedrich Hegel, Immanuel Kant, Johann Gottlieb Fichte und Ludwig Feuerbach. Hegel blieb seine wichtigste Bezugsperson, und Herzen selbst betrachtete sich sp\u00e4ter als &#8220;linken Hegelianer&#8221;. 1849\/50 hielt er sich in Berlin, Potsdam und Hamburg auf. Nach der Niederschlagung der b\u00fcrgerlichen Revolution von 1848\/49 beobachtete Herzen in Berlin das politische Klima im restaurativen Preu\u00dfen. 1850 verfolgte er den K\u00f6lner Kommunistenprozess.<\/p>\n<p>Aus seiner Zeit in England, wo er 1852 ankam, stammt folgende Charakterisierung der deutschen Emigration, die der Niederschlagung der Revolution 1849 folgte. Mit Witz und Ironie zeichnet er ein Bild der deutschen Anf\u00fchrer der b\u00fcrgerlichen Revolution. Laut Dr.\u00a0Hohnerlein, auf dessen in Teil\u00a0I vorgestellten ausf\u00fchrlichen Recherchen (&#8220;Collage&#8221;) dieser Artikel sich bezieht, w\u00fcrde es sich lohnen ein ganzes Kapitel aus Herzens Beschreibung ausf\u00fchrlich zu zitieren. Denn &#8220;man f\u00fchlt sich auch hier an aktuelle Charaktere und ihre Auseinandersetzungen in der Linken erinnert&#8221;, so Hohnerlein:<\/p>\n<p><em>&#8220;Die deutsche Emigration unterschied sich von den anderen durch ihren schwerf\u00e4lligen, langweiligen und z\u00e4nkischen Charakter. Es gab bei ihr keine Enthusiasten wie bei den Italienern, es gab weder Hitzk\u00f6pfe noch rasche Zungen wie bei den Franzosen. Die anderen Emigrationsgruppen zeigten wenig Neigung, mit ihnen in n\u00e4here Beziehungen zu treten; der Unterschied in den Manieren, im Habitus, veranlasste sie, eine gewisse Distanz zu wahren; die franz\u00f6sische Frechheit hat nichts gemein mit der deutschen Grobheit.<\/em><\/p>\n<p><em>Der Mangel an allgemein \u00fcblicher weltm\u00e4nnischer Haltung, der schwerf\u00e4llige schulm\u00e4\u00dfige Doktrinarismus, die \u00fcberm\u00e4\u00dfige Vertraulichkeit, die \u00fcberfl\u00fcssige Offenherzigkeit bei den Deutschen erschwerten f\u00fcr Leute, die daran nicht gew\u00f6hnt waren, den Umgang mit ihnen. Aber auch die Deutschen selbst waren nicht sonderlich um Kontakt bem\u00fcht, da sie sich einerseits in ihrer wissenschaftlichen Entwicklung f\u00fcr weit h\u00f6herstehend als anderen betrachteten, anderseits in Gegenwart der \u00fcbrigen das peinliche Gef\u00fchl nicht loswurden, das Provinzler in einem gro\u00dfst\u00e4dtischen Salon und Beamte in einem aristokratischen Kreis bef\u00e4llt.<\/em><\/p>\n<p><em>Innerhalb der deutschen Emigration herrschte dieselbe Zerfallenheit wie in ihrer Heimat. Einen gemeinsamen Plan hatten die Deutschen nicht, ihre Einheit wurde aufrechterhalten durch gegenseitigen Hass und boshafte gegenseitige Verfolgungen. Die besten unter den deutschen Verbannten f\u00fchlten dies. Tatkr\u00e4ftige Menschen, reine Menschen, kluge Menschen wie K.\u00a0Schurz, wie A.\u00a0Willich, wie Reichenbach gingen fort nach Amerika. Sanft geartete Menschen sch\u00fctzten ihre Gesch\u00e4fte vor, entschuldigten sich mit den Londoner Entfernungen, wie es Freiligrath tat. Die \u00fcbrigen, mit Ausnahme von zwei, drei Anf\u00fchrern, rissen einander in unerm\u00fcdlichem Ingrimm in St\u00fccke und schonten weder Familiengeheimnisse, noch verschm\u00e4hten sie die \u00e4rgsten kriminellen Anschuldigungen.&#8221;<\/em><\/p>\n<p>Im nachfolgenden Teil\u00a0III w\u00e4chst die Zahl der gro\u00dfen russischen und deutschen Dichter und Denker, die\u00a0einander befruchtet und hoch gesch\u00e4tzt haben exponentiell an, angefangen mit der Freundschaft zwischen Theodor Storm und Iwan Turgenjew.<\/p>\n<p><strong>Mehr zum Thema<\/strong>\u00a0\u2013 <a rel=\"nofollow noopener\" target=\"_blank\" href=\"https:\/\/freedert.online\/russland\/252782-museum-zum-anbeissen-in-moskau\/\">Museum zum Anbei\u00dfen: In Moskau l\u00e4uft ein von Meisterwerken der Malerei inspiriertes Gastro-Festival<\/a><\/p>\n<\/div>\n<p><br \/>\n<br \/><a href=\"https:\/\/de.rt.com\/gesellschaft\/266400-collagen-ueber-jahrhunderte-deutsch-russischen-kennenlernens-ii\/\">Source link <\/a><\/p>\n","protected":false},"excerpt":{"rendered":"<p>W\u00e4hrend Thomas Mann Alexander Sergejewitsch Puschkin f\u00fcr einen der vier gr\u00f6\u00dften Dichter des Abendlandes h\u00e4lt, werden aktuell in der Musterdemokratie Ukraine, der Besch\u00fctzerin unserer westlichen Werte, die Denkm\u00e4ler, die an Puschkin erinnern, auf offizielle Anordnung zerst\u00f6rt. Von Rainer Rupp Den ersten Teil der Serie &#8220;Collagen \u00fcber Jahrhunderte deutsch-russischen Kennenlernens&#8221; finden Sie hier. Die im Laufe [&hellip;]<\/p>\n","protected":false},"author":3,"featured_media":96805,"comment_status":"open","ping_status":"open","sticky":false,"template":"","format":"standard","meta":{"_yoast_indexnow_last_ping":["1767535234"],"wp_automatic_camp":["217"],"2beb0f4a8882542dddea31397aa6cb6c":["Collagen \u00fcber Jahrhunderte deutsch-russischen Kennenlernens (II)"],"original_link":["https:\/\/de.rt.com\/gesellschaft\/266400-collagen-ueber-jahrhunderte-deutsch-russischen-kennenlernens-ii\/"],"_thumbnail_id":["96805"],"jnews_social_counter_last_update":["1777490377"],"_wptgpro_p2tg_sent2tg":["a:1:{i:23737;s:19:\"2026-01-04 16:01:37\";}"]},"categories":[19,23],"tags":[70330,44314,40341,70364,139],"yoast_head":"<!-- This site is optimized with the Yoast SEO Premium plugin v22.7 (Yoast SEO v22.7) - https:\/\/yoast.com\/wordpress\/plugins\/seo\/ -->\n<title>Collagen \u00fcber Jahrhunderte deutsch-russischen Kennenlernens (II) - just-now.NEWS Deutschland<\/title>\n<meta name=\"robots\" content=\"index, follow, max-snippet:-1, max-image-preview:large, max-video-preview:-1\" \/>\n<link rel=\"canonical\" href=\"https:\/\/now-news.de\/de\/deutschland\/collagen-ueber-jahrhunderte-deutsch-russischen-kennenlernens-ii\/\" \/>\n<meta property=\"og:locale\" content=\"de_DE\" \/>\n<meta property=\"og:type\" content=\"article\" \/>\n<meta property=\"og:title\" content=\"Collagen \u00fcber Jahrhunderte deutsch-russischen Kennenlernens (II)\" \/>\n<meta property=\"og:description\" content=\"W\u00e4hrend Thomas Mann Alexander Sergejewitsch Puschkin f\u00fcr einen der vier gr\u00f6\u00dften Dichter des Abendlandes h\u00e4lt, werden aktuell in der Musterdemokratie Ukraine, der Besch\u00fctzerin unserer westlichen Werte, die Denkm\u00e4ler, die an Puschkin erinnern, auf offizielle Anordnung zerst\u00f6rt. Von Rainer Rupp Den ersten Teil der Serie &#8220;Collagen \u00fcber Jahrhunderte deutsch-russischen Kennenlernens&#8221; finden Sie hier. Die im Laufe [&hellip;]\" \/>\n<meta property=\"og:url\" content=\"https:\/\/now-news.de\/de\/deutschland\/collagen-ueber-jahrhunderte-deutsch-russischen-kennenlernens-ii\/\" \/>\n<meta property=\"og:site_name\" content=\"just-now.NEWS Deutschland\" \/>\n<meta property=\"article:publisher\" content=\"https:\/\/www.facebook.com\/wirmachenauf\" \/>\n<meta property=\"article:published_time\" content=\"2026-01-04T13:49:24+00:00\" \/>\n<meta property=\"og:image\" content=\"https:\/\/now-news.de\/de\/wp-content\/uploads\/sites\/3\/2026\/01\/69595b4248fbef2e14448b11.png\" \/>\n<meta name=\"author\" content=\"rtnews\" \/>\n<meta name=\"twitter:card\" content=\"summary_large_image\" \/>\n<meta name=\"twitter:creator\" content=\"@WirMachenAuf_de\" \/>\n<meta name=\"twitter:site\" content=\"@WirMachenAuf_de\" \/>\n<meta name=\"twitter:label1\" content=\"Verfasst von\" \/>\n\t<meta name=\"twitter:data1\" content=\"rtnews\" \/>\n\t<meta name=\"twitter:label2\" content=\"Gesch\u00e4tzte Lesezeit\" \/>\n\t<meta name=\"twitter:data2\" content=\"10\u00a0Minuten\" \/>\n<script type=\"application\/ld+json\" class=\"yoast-schema-graph\">{\"@context\":\"https:\/\/schema.org\",\"@graph\":[{\"@type\":\"Article\",\"@id\":\"https:\/\/now-news.de\/de\/deutschland\/collagen-ueber-jahrhunderte-deutsch-russischen-kennenlernens-ii\/#article\",\"isPartOf\":{\"@id\":\"https:\/\/now-news.de\/de\/deutschland\/collagen-ueber-jahrhunderte-deutsch-russischen-kennenlernens-ii\/\"},\"author\":{\"name\":\"rtnews\",\"@id\":\"https:\/\/now-news.de\/de\/#\/schema\/person\/fb534a4e865501d8b3285208df34a9b5\"},\"headline\":\"Collagen \u00fcber Jahrhunderte deutsch-russischen Kennenlernens (II)\",\"datePublished\":\"2026-01-04T13:49:24+00:00\",\"dateModified\":\"2026-01-04T13:49:24+00:00\",\"mainEntityOfPage\":{\"@id\":\"https:\/\/now-news.de\/de\/deutschland\/collagen-ueber-jahrhunderte-deutsch-russischen-kennenlernens-ii\/\"},\"wordCount\":1925,\"commentCount\":0,\"publisher\":{\"@id\":\"https:\/\/now-news.de\/de\/#organization\"},\"image\":{\"@id\":\"https:\/\/now-news.de\/de\/deutschland\/collagen-ueber-jahrhunderte-deutsch-russischen-kennenlernens-ii\/#primaryimage\"},\"thumbnailUrl\":\"https:\/\/now-news.de\/de\/wp-content\/uploads\/sites\/3\/2026\/01\/Collagen-ueber-Jahrhunderte-deutsch-russischen-Kennenlernens-II.png\",\"keywords\":[\"Collagen\",\"deutschrussischen\",\"Jahrhunderte\",\"Kennenlernens\",\"\u00fcber\"],\"articleSection\":[\"Deutschland\",\"Russland\"],\"inLanguage\":\"de\",\"potentialAction\":[{\"@type\":\"CommentAction\",\"name\":\"Comment\",\"target\":[\"https:\/\/now-news.de\/de\/deutschland\/collagen-ueber-jahrhunderte-deutsch-russischen-kennenlernens-ii\/#respond\"]}]},{\"@type\":\"WebPage\",\"@id\":\"https:\/\/now-news.de\/de\/deutschland\/collagen-ueber-jahrhunderte-deutsch-russischen-kennenlernens-ii\/\",\"url\":\"https:\/\/now-news.de\/de\/deutschland\/collagen-ueber-jahrhunderte-deutsch-russischen-kennenlernens-ii\/\",\"name\":\"Collagen \u00fcber Jahrhunderte deutsch-russischen Kennenlernens (II) - just-now.NEWS Deutschland\",\"isPartOf\":{\"@id\":\"https:\/\/now-news.de\/de\/#website\"},\"primaryImageOfPage\":{\"@id\":\"https:\/\/now-news.de\/de\/deutschland\/collagen-ueber-jahrhunderte-deutsch-russischen-kennenlernens-ii\/#primaryimage\"},\"image\":{\"@id\":\"https:\/\/now-news.de\/de\/deutschland\/collagen-ueber-jahrhunderte-deutsch-russischen-kennenlernens-ii\/#primaryimage\"},\"thumbnailUrl\":\"https:\/\/now-news.de\/de\/wp-content\/uploads\/sites\/3\/2026\/01\/Collagen-ueber-Jahrhunderte-deutsch-russischen-Kennenlernens-II.png\",\"datePublished\":\"2026-01-04T13:49:24+00:00\",\"dateModified\":\"2026-01-04T13:49:24+00:00\",\"breadcrumb\":{\"@id\":\"https:\/\/now-news.de\/de\/deutschland\/collagen-ueber-jahrhunderte-deutsch-russischen-kennenlernens-ii\/#breadcrumb\"},\"inLanguage\":\"de\",\"potentialAction\":[{\"@type\":\"ReadAction\",\"target\":[\"https:\/\/now-news.de\/de\/deutschland\/collagen-ueber-jahrhunderte-deutsch-russischen-kennenlernens-ii\/\"]}]},{\"@type\":\"ImageObject\",\"inLanguage\":\"de\",\"@id\":\"https:\/\/now-news.de\/de\/deutschland\/collagen-ueber-jahrhunderte-deutsch-russischen-kennenlernens-ii\/#primaryimage\",\"url\":\"https:\/\/now-news.de\/de\/wp-content\/uploads\/sites\/3\/2026\/01\/Collagen-ueber-Jahrhunderte-deutsch-russischen-Kennenlernens-II.png\",\"contentUrl\":\"https:\/\/now-news.de\/de\/wp-content\/uploads\/sites\/3\/2026\/01\/Collagen-ueber-Jahrhunderte-deutsch-russischen-Kennenlernens-II.png\",\"width\":460,\"height\":259,\"caption\":\"Collagen \u00fcber Jahrhunderte deutsch-russischen Kennenlernens (II)\"},{\"@type\":\"BreadcrumbList\",\"@id\":\"https:\/\/now-news.de\/de\/deutschland\/collagen-ueber-jahrhunderte-deutsch-russischen-kennenlernens-ii\/#breadcrumb\",\"itemListElement\":[{\"@type\":\"ListItem\",\"position\":1,\"name\":\"Home\",\"item\":\"https:\/\/now-news.de\/de\/\"},{\"@type\":\"ListItem\",\"position\":2,\"name\":\"Collagen \u00fcber Jahrhunderte deutsch-russischen Kennenlernens (II)\"}]},{\"@type\":\"WebSite\",\"@id\":\"https:\/\/now-news.de\/de\/#website\",\"url\":\"https:\/\/now-news.de\/de\/\",\"name\":\"just-now.NEWS Deutschland\",\"description\":\"Das Portal f\u00fcr unzensierte Nachrichten aus der Welt\",\"publisher\":{\"@id\":\"https:\/\/now-news.de\/de\/#organization\"},\"potentialAction\":[{\"@type\":\"SearchAction\",\"target\":{\"@type\":\"EntryPoint\",\"urlTemplate\":\"https:\/\/now-news.de\/de\/?s={search_term_string}\"},\"query-input\":\"required name=search_term_string\"}],\"inLanguage\":\"de\"},{\"@type\":\"Organization\",\"@id\":\"https:\/\/now-news.de\/de\/#organization\",\"name\":\"Just Now News\",\"url\":\"https:\/\/now-news.de\/de\/\",\"logo\":{\"@type\":\"ImageObject\",\"inLanguage\":\"de\",\"@id\":\"https:\/\/now-news.de\/de\/#\/schema\/logo\/image\/\",\"url\":\"http:\/\/just-now.news\/de\/wp-content\/uploads\/sites\/3\/2022\/04\/logo500x500.jpg\",\"contentUrl\":\"http:\/\/just-now.news\/de\/wp-content\/uploads\/sites\/3\/2022\/04\/logo500x500.jpg\",\"width\":500,\"height\":500,\"caption\":\"Just Now News\"},\"image\":{\"@id\":\"https:\/\/now-news.de\/de\/#\/schema\/logo\/image\/\"},\"sameAs\":[\"https:\/\/www.facebook.com\/wirmachenauf\",\"https:\/\/x.com\/WirMachenAuf_de\"]},{\"@type\":\"Person\",\"@id\":\"https:\/\/now-news.de\/de\/#\/schema\/person\/fb534a4e865501d8b3285208df34a9b5\",\"name\":\"rtnews\",\"image\":{\"@type\":\"ImageObject\",\"inLanguage\":\"de\",\"@id\":\"https:\/\/now-news.de\/de\/#\/schema\/person\/image\/\",\"url\":\"https:\/\/secure.gravatar.com\/avatar\/82aafea7d8127119dd649515f56e2117?s=96&d=mm&r=g\",\"contentUrl\":\"https:\/\/secure.gravatar.com\/avatar\/82aafea7d8127119dd649515f56e2117?s=96&d=mm&r=g\",\"caption\":\"rtnews\"},\"url\":\"https:\/\/now-news.de\/de\/author\/rnews\/\"}]}<\/script>\n<!-- \/ Yoast SEO Premium plugin. -->","yoast_head_json":{"title":"Collagen \u00fcber Jahrhunderte deutsch-russischen Kennenlernens (II) - just-now.NEWS Deutschland","robots":{"index":"index","follow":"follow","max-snippet":"max-snippet:-1","max-image-preview":"max-image-preview:large","max-video-preview":"max-video-preview:-1"},"canonical":"https:\/\/now-news.de\/de\/deutschland\/collagen-ueber-jahrhunderte-deutsch-russischen-kennenlernens-ii\/","og_locale":"de_DE","og_type":"article","og_title":"Collagen \u00fcber Jahrhunderte deutsch-russischen Kennenlernens (II)","og_description":"W\u00e4hrend Thomas Mann Alexander Sergejewitsch Puschkin f\u00fcr einen der vier gr\u00f6\u00dften Dichter des Abendlandes h\u00e4lt, werden aktuell in der Musterdemokratie Ukraine, der Besch\u00fctzerin unserer westlichen Werte, die Denkm\u00e4ler, die an Puschkin erinnern, auf offizielle Anordnung zerst\u00f6rt. Von Rainer Rupp Den ersten Teil der Serie &#8220;Collagen \u00fcber Jahrhunderte deutsch-russischen Kennenlernens&#8221; finden Sie hier. Die im Laufe [&hellip;]","og_url":"https:\/\/now-news.de\/de\/deutschland\/collagen-ueber-jahrhunderte-deutsch-russischen-kennenlernens-ii\/","og_site_name":"just-now.NEWS Deutschland","article_publisher":"https:\/\/www.facebook.com\/wirmachenauf","article_published_time":"2026-01-04T13:49:24+00:00","og_image":[{"url":"https:\/\/now-news.de\/de\/wp-content\/uploads\/sites\/3\/2026\/01\/69595b4248fbef2e14448b11.png"}],"author":"rtnews","twitter_card":"summary_large_image","twitter_creator":"@WirMachenAuf_de","twitter_site":"@WirMachenAuf_de","twitter_misc":{"Verfasst von":"rtnews","Gesch\u00e4tzte Lesezeit":"10\u00a0Minuten"},"schema":{"@context":"https:\/\/schema.org","@graph":[{"@type":"Article","@id":"https:\/\/now-news.de\/de\/deutschland\/collagen-ueber-jahrhunderte-deutsch-russischen-kennenlernens-ii\/#article","isPartOf":{"@id":"https:\/\/now-news.de\/de\/deutschland\/collagen-ueber-jahrhunderte-deutsch-russischen-kennenlernens-ii\/"},"author":{"name":"rtnews","@id":"https:\/\/now-news.de\/de\/#\/schema\/person\/fb534a4e865501d8b3285208df34a9b5"},"headline":"Collagen \u00fcber Jahrhunderte deutsch-russischen Kennenlernens (II)","datePublished":"2026-01-04T13:49:24+00:00","dateModified":"2026-01-04T13:49:24+00:00","mainEntityOfPage":{"@id":"https:\/\/now-news.de\/de\/deutschland\/collagen-ueber-jahrhunderte-deutsch-russischen-kennenlernens-ii\/"},"wordCount":1925,"commentCount":0,"publisher":{"@id":"https:\/\/now-news.de\/de\/#organization"},"image":{"@id":"https:\/\/now-news.de\/de\/deutschland\/collagen-ueber-jahrhunderte-deutsch-russischen-kennenlernens-ii\/#primaryimage"},"thumbnailUrl":"https:\/\/now-news.de\/de\/wp-content\/uploads\/sites\/3\/2026\/01\/Collagen-ueber-Jahrhunderte-deutsch-russischen-Kennenlernens-II.png","keywords":["Collagen","deutschrussischen","Jahrhunderte","Kennenlernens","\u00fcber"],"articleSection":["Deutschland","Russland"],"inLanguage":"de","potentialAction":[{"@type":"CommentAction","name":"Comment","target":["https:\/\/now-news.de\/de\/deutschland\/collagen-ueber-jahrhunderte-deutsch-russischen-kennenlernens-ii\/#respond"]}]},{"@type":"WebPage","@id":"https:\/\/now-news.de\/de\/deutschland\/collagen-ueber-jahrhunderte-deutsch-russischen-kennenlernens-ii\/","url":"https:\/\/now-news.de\/de\/deutschland\/collagen-ueber-jahrhunderte-deutsch-russischen-kennenlernens-ii\/","name":"Collagen \u00fcber Jahrhunderte deutsch-russischen Kennenlernens (II) - just-now.NEWS Deutschland","isPartOf":{"@id":"https:\/\/now-news.de\/de\/#website"},"primaryImageOfPage":{"@id":"https:\/\/now-news.de\/de\/deutschland\/collagen-ueber-jahrhunderte-deutsch-russischen-kennenlernens-ii\/#primaryimage"},"image":{"@id":"https:\/\/now-news.de\/de\/deutschland\/collagen-ueber-jahrhunderte-deutsch-russischen-kennenlernens-ii\/#primaryimage"},"thumbnailUrl":"https:\/\/now-news.de\/de\/wp-content\/uploads\/sites\/3\/2026\/01\/Collagen-ueber-Jahrhunderte-deutsch-russischen-Kennenlernens-II.png","datePublished":"2026-01-04T13:49:24+00:00","dateModified":"2026-01-04T13:49:24+00:00","breadcrumb":{"@id":"https:\/\/now-news.de\/de\/deutschland\/collagen-ueber-jahrhunderte-deutsch-russischen-kennenlernens-ii\/#breadcrumb"},"inLanguage":"de","potentialAction":[{"@type":"ReadAction","target":["https:\/\/now-news.de\/de\/deutschland\/collagen-ueber-jahrhunderte-deutsch-russischen-kennenlernens-ii\/"]}]},{"@type":"ImageObject","inLanguage":"de","@id":"https:\/\/now-news.de\/de\/deutschland\/collagen-ueber-jahrhunderte-deutsch-russischen-kennenlernens-ii\/#primaryimage","url":"https:\/\/now-news.de\/de\/wp-content\/uploads\/sites\/3\/2026\/01\/Collagen-ueber-Jahrhunderte-deutsch-russischen-Kennenlernens-II.png","contentUrl":"https:\/\/now-news.de\/de\/wp-content\/uploads\/sites\/3\/2026\/01\/Collagen-ueber-Jahrhunderte-deutsch-russischen-Kennenlernens-II.png","width":460,"height":259,"caption":"Collagen \u00fcber Jahrhunderte deutsch-russischen Kennenlernens (II)"},{"@type":"BreadcrumbList","@id":"https:\/\/now-news.de\/de\/deutschland\/collagen-ueber-jahrhunderte-deutsch-russischen-kennenlernens-ii\/#breadcrumb","itemListElement":[{"@type":"ListItem","position":1,"name":"Home","item":"https:\/\/now-news.de\/de\/"},{"@type":"ListItem","position":2,"name":"Collagen \u00fcber Jahrhunderte deutsch-russischen Kennenlernens (II)"}]},{"@type":"WebSite","@id":"https:\/\/now-news.de\/de\/#website","url":"https:\/\/now-news.de\/de\/","name":"just-now.NEWS Deutschland","description":"Das Portal f\u00fcr unzensierte Nachrichten aus der Welt","publisher":{"@id":"https:\/\/now-news.de\/de\/#organization"},"potentialAction":[{"@type":"SearchAction","target":{"@type":"EntryPoint","urlTemplate":"https:\/\/now-news.de\/de\/?s={search_term_string}"},"query-input":"required name=search_term_string"}],"inLanguage":"de"},{"@type":"Organization","@id":"https:\/\/now-news.de\/de\/#organization","name":"Just Now News","url":"https:\/\/now-news.de\/de\/","logo":{"@type":"ImageObject","inLanguage":"de","@id":"https:\/\/now-news.de\/de\/#\/schema\/logo\/image\/","url":"http:\/\/just-now.news\/de\/wp-content\/uploads\/sites\/3\/2022\/04\/logo500x500.jpg","contentUrl":"http:\/\/just-now.news\/de\/wp-content\/uploads\/sites\/3\/2022\/04\/logo500x500.jpg","width":500,"height":500,"caption":"Just Now News"},"image":{"@id":"https:\/\/now-news.de\/de\/#\/schema\/logo\/image\/"},"sameAs":["https:\/\/www.facebook.com\/wirmachenauf","https:\/\/x.com\/WirMachenAuf_de"]},{"@type":"Person","@id":"https:\/\/now-news.de\/de\/#\/schema\/person\/fb534a4e865501d8b3285208df34a9b5","name":"rtnews","image":{"@type":"ImageObject","inLanguage":"de","@id":"https:\/\/now-news.de\/de\/#\/schema\/person\/image\/","url":"https:\/\/secure.gravatar.com\/avatar\/82aafea7d8127119dd649515f56e2117?s=96&d=mm&r=g","contentUrl":"https:\/\/secure.gravatar.com\/avatar\/82aafea7d8127119dd649515f56e2117?s=96&d=mm&r=g","caption":"rtnews"},"url":"https:\/\/now-news.de\/de\/author\/rnews\/"}]}},"_links":{"self":[{"href":"https:\/\/now-news.de\/de\/wp-json\/wp\/v2\/posts\/96804"}],"collection":[{"href":"https:\/\/now-news.de\/de\/wp-json\/wp\/v2\/posts"}],"about":[{"href":"https:\/\/now-news.de\/de\/wp-json\/wp\/v2\/types\/post"}],"author":[{"embeddable":true,"href":"https:\/\/now-news.de\/de\/wp-json\/wp\/v2\/users\/3"}],"replies":[{"embeddable":true,"href":"https:\/\/now-news.de\/de\/wp-json\/wp\/v2\/comments?post=96804"}],"version-history":[{"count":0,"href":"https:\/\/now-news.de\/de\/wp-json\/wp\/v2\/posts\/96804\/revisions"}],"wp:featuredmedia":[{"embeddable":true,"href":"https:\/\/now-news.de\/de\/wp-json\/wp\/v2\/media\/96805"}],"wp:attachment":[{"href":"https:\/\/now-news.de\/de\/wp-json\/wp\/v2\/media?parent=96804"}],"wp:term":[{"taxonomy":"category","embeddable":true,"href":"https:\/\/now-news.de\/de\/wp-json\/wp\/v2\/categories?post=96804"},{"taxonomy":"post_tag","embeddable":true,"href":"https:\/\/now-news.de\/de\/wp-json\/wp\/v2\/tags?post=96804"}],"curies":[{"name":"wp","href":"https:\/\/api.w.org\/{rel}","templated":true}]}}