{"id":96800,"date":"2026-01-04T14:40:22","date_gmt":"2026-01-04T12:40:22","guid":{"rendered":"https:\/\/now-news.de\/de\/deutschland\/vulkangruppe-linksextreme-klimaretter-bekennen-sich-als-blackout-verursacher-in-berlin\/"},"modified":"2026-01-04T14:40:22","modified_gmt":"2026-01-04T12:40:22","slug":"vulkangruppe-linksextreme-klimaretter-bekennen-sich-als-blackout-verursacher-in-berlin","status":"publish","type":"post","link":"https:\/\/now-news.de\/de\/deutschland\/vulkangruppe-linksextreme-klimaretter-bekennen-sich-als-blackout-verursacher-in-berlin\/","title":{"rendered":"&quot;Vulkangruppe&quot;: Linksextreme Klimaretter bekennen sich als Blackout-Verursacher in Berlin"},"content":{"rendered":"<p><img decoding=\"async\" src=\"https:\/\/now-news.de\/de\/wp-content\/uploads\/sites\/3\/2026\/01\/695a5a5ab480cc05ad15f810.jpg\" \/><\/p>\n<div class=\"Text-root Text-type_1 \">\n                In Berlin sitzen zehntausende Menschen wegen eines Stromausfalls im Dunkeln. Ein Bekennerschreiben zu dem Brandanschlag am Samstag von sogenannten Klimarettern wird durch die Polizei als echt angesehen. Oberb\u00fcrgermeister Kai Wegner (CDU) steht in der Kritik: Er &#8220;versuchte&#8221; am Sonnabend &#8220;zu koordinieren&#8221;.\n            <\/div>\n<p><\/p>\n<div class=\"Text-root Text-type_5 ArticleView-text ViewText-root \">\n<p>In einem Bekennerschreiben hat die linksextreme Vulkangruppe den Brandanschlag auf Kabel des Kraftwerks Berlin-Lichterfelde f\u00fcr sich reklamiert. Das meldet der <em>Tagesspiegel<\/em> am Sonntag. In der deutschen Hauptstadt sind zehntausende Haushalte im Berliner S\u00fcdwesten deshalb seit Samstagmorgen ohne Strom und Heizung \u2013 wohl noch bis Donnerstag. Die Terrorgruppe bezeichnete den Anschlag zynisch als &#8220;gemeinwohlorientierte Aktion&#8221;. Der Staatsschutz des Landeskriminalamts h\u00e4lt das Schreiben f\u00fcr echt\u00a0und hat die Ermittlungen \u00fcbernommen. Das best\u00e4tigte auch Berlins Oberb\u00fcrgermeister Kai Wegner (CDU) bei einer Pressekonferenz am Sonntag.<\/p>\n<p>In dem Pamphlet der &#8220;Klimaretter&#8221; hei\u00dft es:\u00a0<\/p>\n<blockquote>\n<p><em>&#8220;Wir haben heute Nacht das Gaskraftwerk in Berlin-Lichterfelde erfolgreich sabotiert \u2026 Der Angriff auf das Gaskraftwerk ist ein Akt der Notwehr und der internationalen Solidarit\u00e4t mit allen, die die Erde und das Leben sch\u00fctzen.&#8221;<\/em><\/p>\n<\/blockquote>\n<p>In dem Schreiben geben die Verfasser auch T\u00e4terwissen preis, indem sie Details des Anschlags aufzeigen: Die Kabelbr\u00fccke vom Kraftwerk Lichterfelde \u00fcber den Teltowkanal &#8220;haben wir zur Seite der Gr\u00fcnanlagen hin in Brand gesetzt&#8221;, ist dort zu lesen. &#8220;Wir haben die angeschmorten Kabelstr\u00e4nge mit herumliegenden Stahlstangen zus\u00e4tzlich kurzgeschlossen.&#8221; Weiterhin schreiben die Klimaterroristen: &#8220;Es kam zu Stromausf\u00e4llen in den wohlhabenderen Stadtteilen Wannsee, Zehlendorf und Nikolassee.&#8221; Dass dort auch viele \u00e4ltere Menschen wohnen, scheint sie nicht zu st\u00f6ren. &#8220;Stromausf\u00e4lle waren nicht Ziel der Aktion, sondern die fossile Energiewirtschaft. Bei den weniger wohlhabenden Menschen in dem S\u00fcdwesten Berlins entschuldigen wir uns. Bei den vielen Besitzern von Villen in diesen Stadtteilen h\u00e4lt sich unser Mitleid in Grenzen.&#8221;<\/p>\n<p>Gegr\u00fcndet haben soll sich der linksextreme Zusammenschluss bereits 2011, seitdem werden immer wieder Brandanschl\u00e4ge in Berlin und Brandenburg im Namen der &#8220;Vulkangruppe&#8221; ver\u00fcbt. Schon zweimal soll sie in den Jahren 2021 und 2024 die Stromversorgung des Tesla-Werks in Gr\u00fcnheide angegriffen haben.<\/p>\n<p>Ob sie auch hinter dem Anschlag steckt, der im September 2025 zu einem gro\u00dfen Stromausfall in Adlershof f\u00fchrte, ist bisher unklar. Ermittler gehen aber von einem Zusammenhang aus. Bei den Angriffen wurden als Ziel zumeist Kabelsch\u00e4chte an Bahntrassen gew\u00e4hlt. In einigen F\u00e4llen griff die Gruppe auch Funkmasten oder Datenleitungen an, teilweise auch Firmenfahrzeuge.<\/p>\n<p>Der Berliner Verfassungsschutz ordnet die Gruppierung dem &#8220;anarchistischen Spektrum&#8221; zu. V\u00f6llig unklar ist unterdessen, wie sich die Linksextremen zusammensetzen, wie viele sie sind und wie sie sich organisieren.\u00a0In ihrem aktuellen Schreiben warnt die Gruppe vor einer &#8220;Gier nach Energie&#8221;, die durch Erderw\u00e4rmung die nat\u00fcrlichen Lebensgrundlagen zerst\u00f6re. &#8220;Ganze Regionen werden unter der Hitze unbewohnbar gemacht&#8221;, hei\u00dft es. &#8220;Das Ausma\u00df dieser Verw\u00fcstung wird einfach ausgeblendet, abstrahiert und in globalen Klimakonferenzen diskutiert, bis das Ausma\u00df der Zerst\u00f6rung in Tabellen und Absichtserkl\u00e4rungen verschwunden ist.&#8221;\u00a0<\/p>\n<p>Unterdessen sitzen am Sonntag noch etwa 38.000 Berliner Haushalte aufgrund der Tat der &#8220;Vulkangruppe&#8221; im Dunkeln und frieren. Oberb\u00fcrgermeister Kai Wegner gab sich auf einer Pressekonferenz am Sonntagmittag schmallippig. Ihm wird eine zu lange Unt\u00e4tigkeit am Sonnabend vorgeworfen. Laut eigenen Aussagen habe er sich &#8220;in seinem B\u00fcro eingeschlossen&#8221; und &#8220;versucht zu koordinieren&#8221;.\u00a0<\/p>\n<div class=\"EmbedBlock-root EmbedBlock-twitter\">\n<div class=\"TwitterEmbed\">\n<blockquote class=\"twitter-tweet lazyload\" data-twitter=\"twitter-tweet\" data-media-max-width=\"560\">\n<p lang=\"de\" dir=\"ltr\">Was im Berliner S\u00fcdwesten passiert, ist kein Stromausfall \u2013 es ist eine Katastrophe von nationaler Tragweite.1) B\u00fcrgermeister Kai Wegner war den ganzen Tag nicht vor Ort. Kein pers\u00f6nliches Lagebild, keine sichtbare Verantwortung. Er regiert gef\u00fchlt im Homeoffice. 2) Die\u2026 <a rel=\"nofollow noopener\" target=\"_blank\" href=\"https:\/\/t.co\/rq9KHIi1gV\">pic.twitter.com\/rq9KHIi1gV<\/a><\/p>\n<p>\u2014 Jana (@janaviktoriana) <a rel=\"nofollow noopener\" target=\"_blank\" href=\"https:\/\/twitter.com\/janaviktoriana\/status\/2007557742270021755?ref_src=twsrc%5Etfw\">January 3, 2026<\/a><\/p><\/blockquote>\n<\/div>\n<\/div>\n<p><strong>Mehr zum Thema<\/strong>\u00a0\u2013\u00a0<a rel=\"nofollow noopener\" target=\"_blank\" href=\"https:\/\/freedert.online\/inland\/255597-einige-anarchistinnen-sorgen-mit-anschlag\/\">&#8220;Einige Anarchisten&#8221; sorgen mit Anschlag f\u00fcr andauernden Stromausfall bei 20.000 Berlinern<\/a><\/p>\n<\/div>\n<p><script async src=\"https:\/\/platform.twitter.com\/widgets.js\" charset=\"utf-8\"><\/script><br \/>\n<br \/><br \/>\n<br \/><a href=\"https:\/\/de.rt.com\/inland\/266482-vulkangruppe-linksextreme-klimaretter-bekennen-sich\/\">Source link <\/a><\/p>\n","protected":false},"excerpt":{"rendered":"<p>In Berlin sitzen zehntausende Menschen wegen eines Stromausfalls im Dunkeln. Ein Bekennerschreiben zu dem Brandanschlag am Samstag von sogenannten Klimarettern wird durch die Polizei als echt angesehen. Oberb\u00fcrgermeister Kai Wegner (CDU) steht in der Kritik: Er &#8220;versuchte&#8221; am Sonnabend &#8220;zu koordinieren&#8221;. In einem Bekennerschreiben hat die linksextreme Vulkangruppe den Brandanschlag auf Kabel des Kraftwerks Berlin-Lichterfelde [&hellip;]<\/p>\n","protected":false},"author":3,"featured_media":96801,"comment_status":"open","ping_status":"open","sticky":false,"template":"","format":"standard","meta":{"_yoast_indexnow_last_ping":["1767532294"],"wp_automatic_camp":["217"],"00751119f0796ea1cda2e545b3edd447":["&quot;Vulkangruppe&quot;: Linksextreme Klimaretter bekennen sich als Blackout-Verursacher in Berlin"],"original_link":["https:\/\/de.rt.com\/inland\/266482-vulkangruppe-linksextreme-klimaretter-bekennen-sich\/"],"_thumbnail_id":["96801"],"jnews_social_counter_last_update":["1777368365"],"_wptgpro_p2tg_sent2tg":["a:1:{i:23737;s:19:\"2026-01-04 15:12:33\";}"]},"categories":[19,23],"tags":[273,22029,943,70362,70361,18920,70360,434],"yoast_head":"<!-- This site is optimized with the Yoast SEO Premium plugin v22.7 (Yoast SEO v22.7) - https:\/\/yoast.com\/wordpress\/plugins\/seo\/ -->\n<title>&quot;Vulkangruppe&quot;: Linksextreme Klimaretter bekennen sich als Blackout-Verursacher in Berlin - just-now.NEWS Deutschland<\/title>\n<meta name=\"robots\" content=\"index, follow, max-snippet:-1, max-image-preview:large, max-video-preview:-1\" \/>\n<link rel=\"canonical\" href=\"https:\/\/now-news.de\/de\/deutschland\/vulkangruppe-linksextreme-klimaretter-bekennen-sich-als-blackout-verursacher-in-berlin\/\" \/>\n<meta property=\"og:locale\" content=\"de_DE\" \/>\n<meta property=\"og:type\" content=\"article\" \/>\n<meta property=\"og:title\" content=\"&quot;Vulkangruppe&quot;: Linksextreme Klimaretter bekennen sich als Blackout-Verursacher in Berlin\" \/>\n<meta property=\"og:description\" content=\"In Berlin sitzen zehntausende Menschen wegen eines Stromausfalls im Dunkeln. Ein Bekennerschreiben zu dem Brandanschlag am Samstag von sogenannten Klimarettern wird durch die Polizei als echt angesehen. Oberb\u00fcrgermeister Kai Wegner (CDU) steht in der Kritik: Er &#8220;versuchte&#8221; am Sonnabend &#8220;zu koordinieren&#8221;. In einem Bekennerschreiben hat die linksextreme Vulkangruppe den Brandanschlag auf Kabel des Kraftwerks Berlin-Lichterfelde [&hellip;]\" \/>\n<meta property=\"og:url\" content=\"https:\/\/now-news.de\/de\/deutschland\/vulkangruppe-linksextreme-klimaretter-bekennen-sich-als-blackout-verursacher-in-berlin\/\" \/>\n<meta property=\"og:site_name\" content=\"just-now.NEWS Deutschland\" \/>\n<meta property=\"article:publisher\" content=\"https:\/\/www.facebook.com\/wirmachenauf\" \/>\n<meta property=\"article:published_time\" content=\"2026-01-04T12:40:22+00:00\" \/>\n<meta property=\"og:image\" content=\"https:\/\/now-news.de\/de\/wp-content\/uploads\/sites\/3\/2026\/01\/695a5a5ab480cc05ad15f810.jpg\" \/>\n<meta name=\"author\" content=\"rtnews\" \/>\n<meta name=\"twitter:card\" content=\"summary_large_image\" \/>\n<meta name=\"twitter:creator\" content=\"@WirMachenAuf_de\" \/>\n<meta name=\"twitter:site\" content=\"@WirMachenAuf_de\" \/>\n<meta name=\"twitter:label1\" content=\"Verfasst von\" \/>\n\t<meta name=\"twitter:data1\" content=\"rtnews\" \/>\n\t<meta name=\"twitter:label2\" content=\"Gesch\u00e4tzte Lesezeit\" \/>\n\t<meta name=\"twitter:data2\" content=\"3\u00a0Minuten\" \/>\n<script type=\"application\/ld+json\" class=\"yoast-schema-graph\">{\"@context\":\"https:\/\/schema.org\",\"@graph\":[{\"@type\":\"Article\",\"@id\":\"https:\/\/now-news.de\/de\/deutschland\/vulkangruppe-linksextreme-klimaretter-bekennen-sich-als-blackout-verursacher-in-berlin\/#article\",\"isPartOf\":{\"@id\":\"https:\/\/now-news.de\/de\/deutschland\/vulkangruppe-linksextreme-klimaretter-bekennen-sich-als-blackout-verursacher-in-berlin\/\"},\"author\":{\"name\":\"rtnews\",\"@id\":\"https:\/\/now-news.de\/de\/#\/schema\/person\/fb534a4e865501d8b3285208df34a9b5\"},\"headline\":\"&quot;Vulkangruppe&quot;: Linksextreme Klimaretter bekennen sich als Blackout-Verursacher in Berlin\",\"datePublished\":\"2026-01-04T12:40:22+00:00\",\"dateModified\":\"2026-01-04T12:40:22+00:00\",\"mainEntityOfPage\":{\"@id\":\"https:\/\/now-news.de\/de\/deutschland\/vulkangruppe-linksextreme-klimaretter-bekennen-sich-als-blackout-verursacher-in-berlin\/\"},\"wordCount\":613,\"commentCount\":0,\"publisher\":{\"@id\":\"https:\/\/now-news.de\/de\/#organization\"},\"image\":{\"@id\":\"https:\/\/now-news.de\/de\/deutschland\/vulkangruppe-linksextreme-klimaretter-bekennen-sich-als-blackout-verursacher-in-berlin\/#primaryimage\"},\"thumbnailUrl\":\"https:\/\/now-news.de\/de\/wp-content\/uploads\/sites\/3\/2026\/01\/quotVulkangruppequot-Linksextreme-Klimaretter-bekennen-sich-als-Blackout-Verursacher-in-Berlin.jpg\",\"keywords\":[\"als\",\"bekennen\",\"Berlin\",\"BlackoutVerursacher\",\"Klimaretter\",\"linksextreme\",\"quotVulkangruppequot\",\"sich\"],\"articleSection\":[\"Deutschland\",\"Russland\"],\"inLanguage\":\"de\",\"potentialAction\":[{\"@type\":\"CommentAction\",\"name\":\"Comment\",\"target\":[\"https:\/\/now-news.de\/de\/deutschland\/vulkangruppe-linksextreme-klimaretter-bekennen-sich-als-blackout-verursacher-in-berlin\/#respond\"]}]},{\"@type\":\"WebPage\",\"@id\":\"https:\/\/now-news.de\/de\/deutschland\/vulkangruppe-linksextreme-klimaretter-bekennen-sich-als-blackout-verursacher-in-berlin\/\",\"url\":\"https:\/\/now-news.de\/de\/deutschland\/vulkangruppe-linksextreme-klimaretter-bekennen-sich-als-blackout-verursacher-in-berlin\/\",\"name\":\"&quot;Vulkangruppe&quot;: Linksextreme Klimaretter bekennen sich als Blackout-Verursacher in Berlin - just-now.NEWS Deutschland\",\"isPartOf\":{\"@id\":\"https:\/\/now-news.de\/de\/#website\"},\"primaryImageOfPage\":{\"@id\":\"https:\/\/now-news.de\/de\/deutschland\/vulkangruppe-linksextreme-klimaretter-bekennen-sich-als-blackout-verursacher-in-berlin\/#primaryimage\"},\"image\":{\"@id\":\"https:\/\/now-news.de\/de\/deutschland\/vulkangruppe-linksextreme-klimaretter-bekennen-sich-als-blackout-verursacher-in-berlin\/#primaryimage\"},\"thumbnailUrl\":\"https:\/\/now-news.de\/de\/wp-content\/uploads\/sites\/3\/2026\/01\/quotVulkangruppequot-Linksextreme-Klimaretter-bekennen-sich-als-Blackout-Verursacher-in-Berlin.jpg\",\"datePublished\":\"2026-01-04T12:40:22+00:00\",\"dateModified\":\"2026-01-04T12:40:22+00:00\",\"breadcrumb\":{\"@id\":\"https:\/\/now-news.de\/de\/deutschland\/vulkangruppe-linksextreme-klimaretter-bekennen-sich-als-blackout-verursacher-in-berlin\/#breadcrumb\"},\"inLanguage\":\"de\",\"potentialAction\":[{\"@type\":\"ReadAction\",\"target\":[\"https:\/\/now-news.de\/de\/deutschland\/vulkangruppe-linksextreme-klimaretter-bekennen-sich-als-blackout-verursacher-in-berlin\/\"]}]},{\"@type\":\"ImageObject\",\"inLanguage\":\"de\",\"@id\":\"https:\/\/now-news.de\/de\/deutschland\/vulkangruppe-linksextreme-klimaretter-bekennen-sich-als-blackout-verursacher-in-berlin\/#primaryimage\",\"url\":\"https:\/\/now-news.de\/de\/wp-content\/uploads\/sites\/3\/2026\/01\/quotVulkangruppequot-Linksextreme-Klimaretter-bekennen-sich-als-Blackout-Verursacher-in-Berlin.jpg\",\"contentUrl\":\"https:\/\/now-news.de\/de\/wp-content\/uploads\/sites\/3\/2026\/01\/quotVulkangruppequot-Linksextreme-Klimaretter-bekennen-sich-als-Blackout-Verursacher-in-Berlin.jpg\",\"width\":460,\"height\":259,\"caption\":\"&quot;Vulkangruppe&quot;: Linksextreme Klimaretter bekennen sich als Blackout-Verursacher in Berlin\"},{\"@type\":\"BreadcrumbList\",\"@id\":\"https:\/\/now-news.de\/de\/deutschland\/vulkangruppe-linksextreme-klimaretter-bekennen-sich-als-blackout-verursacher-in-berlin\/#breadcrumb\",\"itemListElement\":[{\"@type\":\"ListItem\",\"position\":1,\"name\":\"Home\",\"item\":\"https:\/\/now-news.de\/de\/\"},{\"@type\":\"ListItem\",\"position\":2,\"name\":\"&quot;Vulkangruppe&quot;: Linksextreme Klimaretter bekennen sich als Blackout-Verursacher in Berlin\"}]},{\"@type\":\"WebSite\",\"@id\":\"https:\/\/now-news.de\/de\/#website\",\"url\":\"https:\/\/now-news.de\/de\/\",\"name\":\"just-now.NEWS Deutschland\",\"description\":\"Das Portal f\u00fcr unzensierte Nachrichten aus der Welt\",\"publisher\":{\"@id\":\"https:\/\/now-news.de\/de\/#organization\"},\"potentialAction\":[{\"@type\":\"SearchAction\",\"target\":{\"@type\":\"EntryPoint\",\"urlTemplate\":\"https:\/\/now-news.de\/de\/?s={search_term_string}\"},\"query-input\":\"required name=search_term_string\"}],\"inLanguage\":\"de\"},{\"@type\":\"Organization\",\"@id\":\"https:\/\/now-news.de\/de\/#organization\",\"name\":\"Just Now News\",\"url\":\"https:\/\/now-news.de\/de\/\",\"logo\":{\"@type\":\"ImageObject\",\"inLanguage\":\"de\",\"@id\":\"https:\/\/now-news.de\/de\/#\/schema\/logo\/image\/\",\"url\":\"http:\/\/just-now.news\/de\/wp-content\/uploads\/sites\/3\/2022\/04\/logo500x500.jpg\",\"contentUrl\":\"http:\/\/just-now.news\/de\/wp-content\/uploads\/sites\/3\/2022\/04\/logo500x500.jpg\",\"width\":500,\"height\":500,\"caption\":\"Just Now News\"},\"image\":{\"@id\":\"https:\/\/now-news.de\/de\/#\/schema\/logo\/image\/\"},\"sameAs\":[\"https:\/\/www.facebook.com\/wirmachenauf\",\"https:\/\/x.com\/WirMachenAuf_de\"]},{\"@type\":\"Person\",\"@id\":\"https:\/\/now-news.de\/de\/#\/schema\/person\/fb534a4e865501d8b3285208df34a9b5\",\"name\":\"rtnews\",\"image\":{\"@type\":\"ImageObject\",\"inLanguage\":\"de\",\"@id\":\"https:\/\/now-news.de\/de\/#\/schema\/person\/image\/\",\"url\":\"https:\/\/secure.gravatar.com\/avatar\/82aafea7d8127119dd649515f56e2117?s=96&d=mm&r=g\",\"contentUrl\":\"https:\/\/secure.gravatar.com\/avatar\/82aafea7d8127119dd649515f56e2117?s=96&d=mm&r=g\",\"caption\":\"rtnews\"},\"url\":\"https:\/\/now-news.de\/de\/author\/rnews\/\"}]}<\/script>\n<!-- \/ Yoast SEO Premium plugin. -->","yoast_head_json":{"title":"&quot;Vulkangruppe&quot;: Linksextreme Klimaretter bekennen sich als Blackout-Verursacher in Berlin - just-now.NEWS Deutschland","robots":{"index":"index","follow":"follow","max-snippet":"max-snippet:-1","max-image-preview":"max-image-preview:large","max-video-preview":"max-video-preview:-1"},"canonical":"https:\/\/now-news.de\/de\/deutschland\/vulkangruppe-linksextreme-klimaretter-bekennen-sich-als-blackout-verursacher-in-berlin\/","og_locale":"de_DE","og_type":"article","og_title":"&quot;Vulkangruppe&quot;: Linksextreme Klimaretter bekennen sich als Blackout-Verursacher in Berlin","og_description":"In Berlin sitzen zehntausende Menschen wegen eines Stromausfalls im Dunkeln. Ein Bekennerschreiben zu dem Brandanschlag am Samstag von sogenannten Klimarettern wird durch die Polizei als echt angesehen. Oberb\u00fcrgermeister Kai Wegner (CDU) steht in der Kritik: Er &#8220;versuchte&#8221; am Sonnabend &#8220;zu koordinieren&#8221;. In einem Bekennerschreiben hat die linksextreme Vulkangruppe den Brandanschlag auf Kabel des Kraftwerks Berlin-Lichterfelde [&hellip;]","og_url":"https:\/\/now-news.de\/de\/deutschland\/vulkangruppe-linksextreme-klimaretter-bekennen-sich-als-blackout-verursacher-in-berlin\/","og_site_name":"just-now.NEWS Deutschland","article_publisher":"https:\/\/www.facebook.com\/wirmachenauf","article_published_time":"2026-01-04T12:40:22+00:00","og_image":[{"url":"https:\/\/now-news.de\/de\/wp-content\/uploads\/sites\/3\/2026\/01\/695a5a5ab480cc05ad15f810.jpg"}],"author":"rtnews","twitter_card":"summary_large_image","twitter_creator":"@WirMachenAuf_de","twitter_site":"@WirMachenAuf_de","twitter_misc":{"Verfasst von":"rtnews","Gesch\u00e4tzte Lesezeit":"3\u00a0Minuten"},"schema":{"@context":"https:\/\/schema.org","@graph":[{"@type":"Article","@id":"https:\/\/now-news.de\/de\/deutschland\/vulkangruppe-linksextreme-klimaretter-bekennen-sich-als-blackout-verursacher-in-berlin\/#article","isPartOf":{"@id":"https:\/\/now-news.de\/de\/deutschland\/vulkangruppe-linksextreme-klimaretter-bekennen-sich-als-blackout-verursacher-in-berlin\/"},"author":{"name":"rtnews","@id":"https:\/\/now-news.de\/de\/#\/schema\/person\/fb534a4e865501d8b3285208df34a9b5"},"headline":"&quot;Vulkangruppe&quot;: Linksextreme Klimaretter bekennen sich als Blackout-Verursacher in Berlin","datePublished":"2026-01-04T12:40:22+00:00","dateModified":"2026-01-04T12:40:22+00:00","mainEntityOfPage":{"@id":"https:\/\/now-news.de\/de\/deutschland\/vulkangruppe-linksextreme-klimaretter-bekennen-sich-als-blackout-verursacher-in-berlin\/"},"wordCount":613,"commentCount":0,"publisher":{"@id":"https:\/\/now-news.de\/de\/#organization"},"image":{"@id":"https:\/\/now-news.de\/de\/deutschland\/vulkangruppe-linksextreme-klimaretter-bekennen-sich-als-blackout-verursacher-in-berlin\/#primaryimage"},"thumbnailUrl":"https:\/\/now-news.de\/de\/wp-content\/uploads\/sites\/3\/2026\/01\/quotVulkangruppequot-Linksextreme-Klimaretter-bekennen-sich-als-Blackout-Verursacher-in-Berlin.jpg","keywords":["als","bekennen","Berlin","BlackoutVerursacher","Klimaretter","linksextreme","quotVulkangruppequot","sich"],"articleSection":["Deutschland","Russland"],"inLanguage":"de","potentialAction":[{"@type":"CommentAction","name":"Comment","target":["https:\/\/now-news.de\/de\/deutschland\/vulkangruppe-linksextreme-klimaretter-bekennen-sich-als-blackout-verursacher-in-berlin\/#respond"]}]},{"@type":"WebPage","@id":"https:\/\/now-news.de\/de\/deutschland\/vulkangruppe-linksextreme-klimaretter-bekennen-sich-als-blackout-verursacher-in-berlin\/","url":"https:\/\/now-news.de\/de\/deutschland\/vulkangruppe-linksextreme-klimaretter-bekennen-sich-als-blackout-verursacher-in-berlin\/","name":"&quot;Vulkangruppe&quot;: Linksextreme Klimaretter bekennen sich als Blackout-Verursacher in Berlin - just-now.NEWS Deutschland","isPartOf":{"@id":"https:\/\/now-news.de\/de\/#website"},"primaryImageOfPage":{"@id":"https:\/\/now-news.de\/de\/deutschland\/vulkangruppe-linksextreme-klimaretter-bekennen-sich-als-blackout-verursacher-in-berlin\/#primaryimage"},"image":{"@id":"https:\/\/now-news.de\/de\/deutschland\/vulkangruppe-linksextreme-klimaretter-bekennen-sich-als-blackout-verursacher-in-berlin\/#primaryimage"},"thumbnailUrl":"https:\/\/now-news.de\/de\/wp-content\/uploads\/sites\/3\/2026\/01\/quotVulkangruppequot-Linksextreme-Klimaretter-bekennen-sich-als-Blackout-Verursacher-in-Berlin.jpg","datePublished":"2026-01-04T12:40:22+00:00","dateModified":"2026-01-04T12:40:22+00:00","breadcrumb":{"@id":"https:\/\/now-news.de\/de\/deutschland\/vulkangruppe-linksextreme-klimaretter-bekennen-sich-als-blackout-verursacher-in-berlin\/#breadcrumb"},"inLanguage":"de","potentialAction":[{"@type":"ReadAction","target":["https:\/\/now-news.de\/de\/deutschland\/vulkangruppe-linksextreme-klimaretter-bekennen-sich-als-blackout-verursacher-in-berlin\/"]}]},{"@type":"ImageObject","inLanguage":"de","@id":"https:\/\/now-news.de\/de\/deutschland\/vulkangruppe-linksextreme-klimaretter-bekennen-sich-als-blackout-verursacher-in-berlin\/#primaryimage","url":"https:\/\/now-news.de\/de\/wp-content\/uploads\/sites\/3\/2026\/01\/quotVulkangruppequot-Linksextreme-Klimaretter-bekennen-sich-als-Blackout-Verursacher-in-Berlin.jpg","contentUrl":"https:\/\/now-news.de\/de\/wp-content\/uploads\/sites\/3\/2026\/01\/quotVulkangruppequot-Linksextreme-Klimaretter-bekennen-sich-als-Blackout-Verursacher-in-Berlin.jpg","width":460,"height":259,"caption":"&quot;Vulkangruppe&quot;: Linksextreme Klimaretter bekennen sich als Blackout-Verursacher in Berlin"},{"@type":"BreadcrumbList","@id":"https:\/\/now-news.de\/de\/deutschland\/vulkangruppe-linksextreme-klimaretter-bekennen-sich-als-blackout-verursacher-in-berlin\/#breadcrumb","itemListElement":[{"@type":"ListItem","position":1,"name":"Home","item":"https:\/\/now-news.de\/de\/"},{"@type":"ListItem","position":2,"name":"&quot;Vulkangruppe&quot;: Linksextreme Klimaretter bekennen sich als Blackout-Verursacher in Berlin"}]},{"@type":"WebSite","@id":"https:\/\/now-news.de\/de\/#website","url":"https:\/\/now-news.de\/de\/","name":"just-now.NEWS Deutschland","description":"Das Portal f\u00fcr unzensierte Nachrichten aus der Welt","publisher":{"@id":"https:\/\/now-news.de\/de\/#organization"},"potentialAction":[{"@type":"SearchAction","target":{"@type":"EntryPoint","urlTemplate":"https:\/\/now-news.de\/de\/?s={search_term_string}"},"query-input":"required name=search_term_string"}],"inLanguage":"de"},{"@type":"Organization","@id":"https:\/\/now-news.de\/de\/#organization","name":"Just Now News","url":"https:\/\/now-news.de\/de\/","logo":{"@type":"ImageObject","inLanguage":"de","@id":"https:\/\/now-news.de\/de\/#\/schema\/logo\/image\/","url":"http:\/\/just-now.news\/de\/wp-content\/uploads\/sites\/3\/2022\/04\/logo500x500.jpg","contentUrl":"http:\/\/just-now.news\/de\/wp-content\/uploads\/sites\/3\/2022\/04\/logo500x500.jpg","width":500,"height":500,"caption":"Just Now News"},"image":{"@id":"https:\/\/now-news.de\/de\/#\/schema\/logo\/image\/"},"sameAs":["https:\/\/www.facebook.com\/wirmachenauf","https:\/\/x.com\/WirMachenAuf_de"]},{"@type":"Person","@id":"https:\/\/now-news.de\/de\/#\/schema\/person\/fb534a4e865501d8b3285208df34a9b5","name":"rtnews","image":{"@type":"ImageObject","inLanguage":"de","@id":"https:\/\/now-news.de\/de\/#\/schema\/person\/image\/","url":"https:\/\/secure.gravatar.com\/avatar\/82aafea7d8127119dd649515f56e2117?s=96&d=mm&r=g","contentUrl":"https:\/\/secure.gravatar.com\/avatar\/82aafea7d8127119dd649515f56e2117?s=96&d=mm&r=g","caption":"rtnews"},"url":"https:\/\/now-news.de\/de\/author\/rnews\/"}]}},"_links":{"self":[{"href":"https:\/\/now-news.de\/de\/wp-json\/wp\/v2\/posts\/96800"}],"collection":[{"href":"https:\/\/now-news.de\/de\/wp-json\/wp\/v2\/posts"}],"about":[{"href":"https:\/\/now-news.de\/de\/wp-json\/wp\/v2\/types\/post"}],"author":[{"embeddable":true,"href":"https:\/\/now-news.de\/de\/wp-json\/wp\/v2\/users\/3"}],"replies":[{"embeddable":true,"href":"https:\/\/now-news.de\/de\/wp-json\/wp\/v2\/comments?post=96800"}],"version-history":[{"count":0,"href":"https:\/\/now-news.de\/de\/wp-json\/wp\/v2\/posts\/96800\/revisions"}],"wp:featuredmedia":[{"embeddable":true,"href":"https:\/\/now-news.de\/de\/wp-json\/wp\/v2\/media\/96801"}],"wp:attachment":[{"href":"https:\/\/now-news.de\/de\/wp-json\/wp\/v2\/media?parent=96800"}],"wp:term":[{"taxonomy":"category","embeddable":true,"href":"https:\/\/now-news.de\/de\/wp-json\/wp\/v2\/categories?post=96800"},{"taxonomy":"post_tag","embeddable":true,"href":"https:\/\/now-news.de\/de\/wp-json\/wp\/v2\/tags?post=96800"}],"curies":[{"name":"wp","href":"https:\/\/api.w.org\/{rel}","templated":true}]}}