{"id":96790,"date":"2026-01-04T12:22:04","date_gmt":"2026-01-04T10:22:04","guid":{"rendered":"https:\/\/now-news.de\/de\/deutschland\/nach-entfuehrung-des-praesidenten-us-behoerden-fuehren-maduro-in-new-york-vor\/"},"modified":"2026-01-04T12:22:04","modified_gmt":"2026-01-04T10:22:04","slug":"nach-entfuehrung-des-praesidenten-us-behoerden-fuehren-maduro-in-new-york-vor","status":"publish","type":"post","link":"https:\/\/now-news.de\/de\/deutschland\/nach-entfuehrung-des-praesidenten-us-behoerden-fuehren-maduro-in-new-york-vor\/","title":{"rendered":"Nach Entf\u00fchrung des Pr\u00e4sidenten: US-Beh\u00f6rden f\u00fchren Maduro in New York vor"},"content":{"rendered":"<p><img decoding=\"async\" src=\"https:\/\/now-news.de\/de\/wp-content\/uploads\/sites\/3\/2026\/01\/695a328248fbef2be3683f38.jpg\" \/><\/p>\n<div class=\"Text-root Text-type_1 \">\n                In einem Video, das in der Nacht vom Wei\u00dfen Haus auf der Online-Plattform X verbreitet wurde und derzeit in den sozialen Medien viral geht, ist zu sehen, wie Nicol\u00e1s Maduro von Beamten durch einen Flur gef\u00fchrt wird. In New York soll Maduro vor Gericht gestellt werden.\n            <\/div>\n<p><\/p>\n<div class=\"Text-root Text-type_5 ArticleView-text ViewText-root \">\n<p>Nach seiner Gefangennahme bei einem US-Milit\u00e4reinsatz wurde der venezolanische Pr\u00e4sident Nicol\u00e1s Maduro in ein Gef\u00e4ngnis in New York gebracht. Ein vom Wei\u00dfen Haus auf der Plattform X ver\u00f6ffentlichtes Video zeigt, wie er in Handschellen und von Beamten der US-Drogenpolizei DEA umringt abgef\u00fchrt wird.\u00a0Maduro wendet sich im Video an einen der Beamten und fragt auf Spanisch: &#8220;Good night? Das sagt man doch so: Gute Nacht! Oder?&#8221; Dann gr\u00fc\u00dft er in den Raum, wo offenbar Fotografen stehen.\u00a0<\/p>\n<div class=\"EmbedBlock-root EmbedBlock-twitter\">\n<div class=\"TwitterEmbed\">\n<blockquote class=\"twitter-tweet lazyload\" data-twitter=\"twitter-tweet\">\n<p lang=\"es\" dir=\"ltr\"><a rel=\"nofollow noopener\" target=\"_blank\" href=\"https:\/\/twitter.com\/hashtag\/Atenci%C3%B3n?src=hash&amp;ref_src=twsrc%5Etfw\">#Atenci\u00f3n<\/a> Primeras im\u00e1genes de Nicol\u00e1s Maduro tras bajar del helic\u00f3ptero y en los cuarteles de la DEA, despu\u00e9s de su captura en Venezuela, por parte de la administraci\u00f3n del presidente Donald Trump. <a rel=\"nofollow noopener\" target=\"_blank\" href=\"https:\/\/twitter.com\/hashtag\/VocesySonidos?src=hash&amp;ref_src=twsrc%5Etfw\">#VocesySonidos<\/a><a rel=\"nofollow noopener\" target=\"_blank\" href=\"https:\/\/t.co\/wEqm5TUtGp\">pic.twitter.com\/wEqm5TUtGp<\/a><\/p>\n<p>\u2014 BluRadio Colombia (@BluRadioCo) <a rel=\"nofollow noopener\" target=\"_blank\" href=\"https:\/\/twitter.com\/BluRadioCo\/status\/2007629478353350965?ref_src=twsrc%5Etfw\">January 4, 2026<\/a><\/p><\/blockquote>\n<\/div>\n<\/div>\n<div class=\"EmbedBlock-root EmbedBlock-twitter\">\n<div class=\"TwitterEmbed\">\n<blockquote class=\"twitter-tweet lazyload\" data-twitter=\"twitter-tweet\">\n<p lang=\"en\" dir=\"ltr\">Perp walked.<a rel=\"nofollow noopener\" target=\"_blank\" href=\"https:\/\/t.co\/34iIsFUDdG\">pic.twitter.com\/34iIsFUDdG<\/a><\/p>\n<p>\u2014 Rapid Response 47 (@RapidResponse47) <a rel=\"nofollow noopener\" target=\"_blank\" href=\"https:\/\/twitter.com\/RapidResponse47\/status\/2007631142200189289?ref_src=twsrc%5Etfw\">January 4, 2026<\/a><\/p><\/blockquote>\n<\/div>\n<\/div>\n<p>Laut \u00fcbereinstimmenden Medienberichten war Maduro zuvor mit einem Flugzeug der Bundesbeh\u00f6rden auf einem Flughafen im US-Bundesstaat New York gelandet und von dort per Hubschrauber in die N\u00e4he der Haftanstalt in der Ostk\u00fcstenmetropole gebracht worden. Das US-Milit\u00e4r hatte ihn bei einem gro\u00dfen Milit\u00e4reinsatz in Venezuela festgenommen und entf\u00fchrt \u2013 ein klarer Versto\u00df gegen das V\u00f6lkerrecht.<\/p>\n<div class=\"EmbedBlock-root EmbedBlock-twitter\">\n<div class=\"TwitterEmbed\">\n<blockquote class=\"twitter-tweet lazyload\" data-twitter=\"twitter-tweet\">\n<p lang=\"en\" dir=\"ltr\">\ud83c\uddfa\ud83c\uddf8\ud83c\uddfb\ud83c\uddea Maduro to his the First Lady, Cilia Flores in the DEA office: &#8220;Good night, is that what you say, Cilia?&#8221;Bro is funny \u2026 you gotta give him that. <a rel=\"nofollow noopener\" target=\"_blank\" href=\"https:\/\/t.co\/YF9b3dOwba\">pic.twitter.com\/YF9b3dOwba<\/a><\/p>\n<p>\u2014 Lord Bebo (@MyLordBebo) <a rel=\"nofollow noopener\" target=\"_blank\" href=\"https:\/\/twitter.com\/MyLordBebo\/status\/2007730654419861872?ref_src=twsrc%5Etfw\">January 4, 2026<\/a><\/p><\/blockquote>\n<\/div>\n<\/div>\n<p>Maduro muss sich in New York vor Gericht verantworten. Dem durch einen Milit\u00e4reinsatz der USA entmachteten Staatschef und seiner ebenfalls festgenommenen Frau Cilia Flores wird unter anderem &#8220;Verschw\u00f6rung zum Drogenterrorismus&#8221; vorgeworfen.<\/p>\n<p><strong>Mehr zum Thema<\/strong>\u00a0\u2013\u00a0<a rel=\"nofollow noopener\" target=\"_blank\" href=\"https:\/\/freedert.online\/amerika\/266473-washington-bleibt-machtlos-vizepraesidentin-zu\/\">Washington bleibt machtlos: Vizepr\u00e4sidentin zu Venezuelas Interimspr\u00e4sidentin ernannt<\/a><\/p>\n<div class=\"EmbedBlock-root EmbedBlock-externalVideo EmbedBlock-rumble\">\n<div class=\"VkEmbed\"><iframe class=\"lazyload\" data-src=\"https:\/\/rumble.com\/embed\/v71n93k\" frameborder=\"0\" width=\"853\" height=\"480\" allowfullscreen><\/iframe><\/div>\n<\/div>\n<\/div>\n<p><script async src=\"https:\/\/platform.twitter.com\/widgets.js\" charset=\"utf-8\"><\/script><br \/>\n<br \/><br \/>\n<br \/><a href=\"https:\/\/de.rt.com\/amerika\/266477-nach-entfuehrung-praesidenten-us-behoerden\/\">Source link <\/a><\/p>\n","protected":false},"excerpt":{"rendered":"<p>In einem Video, das in der Nacht vom Wei\u00dfen Haus auf der Online-Plattform X verbreitet wurde und derzeit in den sozialen Medien viral geht, ist zu sehen, wie Nicol\u00e1s Maduro von Beamten durch einen Flur gef\u00fchrt wird. In New York soll Maduro vor Gericht gestellt werden. Nach seiner Gefangennahme bei einem US-Milit\u00e4reinsatz wurde der venezolanische [&hellip;]<\/p>\n","protected":false},"author":3,"featured_media":96791,"comment_status":"open","ping_status":"open","sticky":false,"template":"","format":"standard","meta":{"_yoast_indexnow_last_ping":["1767522691"],"wp_automatic_camp":["217"],"aa39e186a9469bdc89a8c0bfb73227d8":["Nach Entf\u00fchrung des Pr\u00e4sidenten: US-Beh\u00f6rden f\u00fchren Maduro in New York vor"],"original_link":["https:\/\/de.rt.com\/amerika\/266477-nach-entfuehrung-praesidenten-us-behoerden\/"],"_thumbnail_id":["96791"],"jnews_social_counter_last_update":["1777596042"],"_wptgpro_p2tg_sent2tg":["a:1:{i:23737;s:19:\"2026-01-04 12:32:54\";}"]},"categories":[19,23],"tags":[583,1747,1402,22944,979,8462,33945,320,6849],"yoast_head":"<!-- This site is optimized with the Yoast SEO Premium plugin v22.7 (Yoast SEO v22.7) - https:\/\/yoast.com\/wordpress\/plugins\/seo\/ -->\n<title>Nach Entf\u00fchrung des Pr\u00e4sidenten: US-Beh\u00f6rden f\u00fchren Maduro in New York vor - just-now.NEWS Deutschland<\/title>\n<meta name=\"robots\" content=\"index, follow, max-snippet:-1, max-image-preview:large, max-video-preview:-1\" \/>\n<link rel=\"canonical\" href=\"https:\/\/now-news.de\/de\/deutschland\/nach-entfuehrung-des-praesidenten-us-behoerden-fuehren-maduro-in-new-york-vor\/\" \/>\n<meta property=\"og:locale\" content=\"de_DE\" \/>\n<meta property=\"og:type\" content=\"article\" \/>\n<meta property=\"og:title\" content=\"Nach Entf\u00fchrung des Pr\u00e4sidenten: US-Beh\u00f6rden f\u00fchren Maduro in New York vor\" \/>\n<meta property=\"og:description\" content=\"In einem Video, das in der Nacht vom Wei\u00dfen Haus auf der Online-Plattform X verbreitet wurde und derzeit in den sozialen Medien viral geht, ist zu sehen, wie Nicol\u00e1s Maduro von Beamten durch einen Flur gef\u00fchrt wird. In New York soll Maduro vor Gericht gestellt werden. Nach seiner Gefangennahme bei einem US-Milit\u00e4reinsatz wurde der venezolanische [&hellip;]\" \/>\n<meta property=\"og:url\" content=\"https:\/\/now-news.de\/de\/deutschland\/nach-entfuehrung-des-praesidenten-us-behoerden-fuehren-maduro-in-new-york-vor\/\" \/>\n<meta property=\"og:site_name\" content=\"just-now.NEWS Deutschland\" \/>\n<meta property=\"article:publisher\" content=\"https:\/\/www.facebook.com\/wirmachenauf\" \/>\n<meta property=\"article:published_time\" content=\"2026-01-04T10:22:04+00:00\" \/>\n<meta property=\"og:image\" content=\"https:\/\/now-news.de\/de\/wp-content\/uploads\/sites\/3\/2026\/01\/695a328248fbef2be3683f38.jpg\" \/>\n<meta name=\"author\" content=\"rtnews\" \/>\n<meta name=\"twitter:card\" content=\"summary_large_image\" \/>\n<meta name=\"twitter:creator\" content=\"@WirMachenAuf_de\" \/>\n<meta name=\"twitter:site\" content=\"@WirMachenAuf_de\" \/>\n<meta name=\"twitter:label1\" content=\"Verfasst von\" \/>\n\t<meta name=\"twitter:data1\" content=\"rtnews\" \/>\n\t<meta name=\"twitter:label2\" content=\"Gesch\u00e4tzte Lesezeit\" \/>\n\t<meta name=\"twitter:data2\" content=\"2\u00a0Minuten\" \/>\n<script type=\"application\/ld+json\" class=\"yoast-schema-graph\">{\"@context\":\"https:\/\/schema.org\",\"@graph\":[{\"@type\":\"Article\",\"@id\":\"https:\/\/now-news.de\/de\/deutschland\/nach-entfuehrung-des-praesidenten-us-behoerden-fuehren-maduro-in-new-york-vor\/#article\",\"isPartOf\":{\"@id\":\"https:\/\/now-news.de\/de\/deutschland\/nach-entfuehrung-des-praesidenten-us-behoerden-fuehren-maduro-in-new-york-vor\/\"},\"author\":{\"name\":\"rtnews\",\"@id\":\"https:\/\/now-news.de\/de\/#\/schema\/person\/fb534a4e865501d8b3285208df34a9b5\"},\"headline\":\"Nach Entf\u00fchrung des Pr\u00e4sidenten: US-Beh\u00f6rden f\u00fchren Maduro in New York vor\",\"datePublished\":\"2026-01-04T10:22:04+00:00\",\"dateModified\":\"2026-01-04T10:22:04+00:00\",\"mainEntityOfPage\":{\"@id\":\"https:\/\/now-news.de\/de\/deutschland\/nach-entfuehrung-des-praesidenten-us-behoerden-fuehren-maduro-in-new-york-vor\/\"},\"wordCount\":354,\"commentCount\":0,\"publisher\":{\"@id\":\"https:\/\/now-news.de\/de\/#organization\"},\"image\":{\"@id\":\"https:\/\/now-news.de\/de\/deutschland\/nach-entfuehrung-des-praesidenten-us-behoerden-fuehren-maduro-in-new-york-vor\/#primaryimage\"},\"thumbnailUrl\":\"https:\/\/now-news.de\/de\/wp-content\/uploads\/sites\/3\/2026\/01\/Nach-Entfuehrung-des-Praesidenten-US-Behoerden-fuehren-Maduro-in-New-York.jpg\",\"keywords\":[\"des\",\"Entf\u00fchrung\",\"f\u00fchren\",\"Maduro\",\"nach\",\"Pr\u00e4sidenten\",\"USBeh\u00f6rden\",\"vor\",\"York\"],\"articleSection\":[\"Deutschland\",\"Russland\"],\"inLanguage\":\"de\",\"potentialAction\":[{\"@type\":\"CommentAction\",\"name\":\"Comment\",\"target\":[\"https:\/\/now-news.de\/de\/deutschland\/nach-entfuehrung-des-praesidenten-us-behoerden-fuehren-maduro-in-new-york-vor\/#respond\"]}]},{\"@type\":\"WebPage\",\"@id\":\"https:\/\/now-news.de\/de\/deutschland\/nach-entfuehrung-des-praesidenten-us-behoerden-fuehren-maduro-in-new-york-vor\/\",\"url\":\"https:\/\/now-news.de\/de\/deutschland\/nach-entfuehrung-des-praesidenten-us-behoerden-fuehren-maduro-in-new-york-vor\/\",\"name\":\"Nach Entf\u00fchrung des Pr\u00e4sidenten: US-Beh\u00f6rden f\u00fchren Maduro in New York vor - just-now.NEWS Deutschland\",\"isPartOf\":{\"@id\":\"https:\/\/now-news.de\/de\/#website\"},\"primaryImageOfPage\":{\"@id\":\"https:\/\/now-news.de\/de\/deutschland\/nach-entfuehrung-des-praesidenten-us-behoerden-fuehren-maduro-in-new-york-vor\/#primaryimage\"},\"image\":{\"@id\":\"https:\/\/now-news.de\/de\/deutschland\/nach-entfuehrung-des-praesidenten-us-behoerden-fuehren-maduro-in-new-york-vor\/#primaryimage\"},\"thumbnailUrl\":\"https:\/\/now-news.de\/de\/wp-content\/uploads\/sites\/3\/2026\/01\/Nach-Entfuehrung-des-Praesidenten-US-Behoerden-fuehren-Maduro-in-New-York.jpg\",\"datePublished\":\"2026-01-04T10:22:04+00:00\",\"dateModified\":\"2026-01-04T10:22:04+00:00\",\"breadcrumb\":{\"@id\":\"https:\/\/now-news.de\/de\/deutschland\/nach-entfuehrung-des-praesidenten-us-behoerden-fuehren-maduro-in-new-york-vor\/#breadcrumb\"},\"inLanguage\":\"de\",\"potentialAction\":[{\"@type\":\"ReadAction\",\"target\":[\"https:\/\/now-news.de\/de\/deutschland\/nach-entfuehrung-des-praesidenten-us-behoerden-fuehren-maduro-in-new-york-vor\/\"]}]},{\"@type\":\"ImageObject\",\"inLanguage\":\"de\",\"@id\":\"https:\/\/now-news.de\/de\/deutschland\/nach-entfuehrung-des-praesidenten-us-behoerden-fuehren-maduro-in-new-york-vor\/#primaryimage\",\"url\":\"https:\/\/now-news.de\/de\/wp-content\/uploads\/sites\/3\/2026\/01\/Nach-Entfuehrung-des-Praesidenten-US-Behoerden-fuehren-Maduro-in-New-York.jpg\",\"contentUrl\":\"https:\/\/now-news.de\/de\/wp-content\/uploads\/sites\/3\/2026\/01\/Nach-Entfuehrung-des-Praesidenten-US-Behoerden-fuehren-Maduro-in-New-York.jpg\",\"width\":460,\"height\":259,\"caption\":\"Nach Entf\u00fchrung des Pr\u00e4sidenten: US-Beh\u00f6rden f\u00fchren Maduro in New York vor\"},{\"@type\":\"BreadcrumbList\",\"@id\":\"https:\/\/now-news.de\/de\/deutschland\/nach-entfuehrung-des-praesidenten-us-behoerden-fuehren-maduro-in-new-york-vor\/#breadcrumb\",\"itemListElement\":[{\"@type\":\"ListItem\",\"position\":1,\"name\":\"Home\",\"item\":\"https:\/\/now-news.de\/de\/\"},{\"@type\":\"ListItem\",\"position\":2,\"name\":\"Nach Entf\u00fchrung des Pr\u00e4sidenten: US-Beh\u00f6rden f\u00fchren Maduro in New York vor\"}]},{\"@type\":\"WebSite\",\"@id\":\"https:\/\/now-news.de\/de\/#website\",\"url\":\"https:\/\/now-news.de\/de\/\",\"name\":\"just-now.NEWS Deutschland\",\"description\":\"Das Portal f\u00fcr unzensierte Nachrichten aus der Welt\",\"publisher\":{\"@id\":\"https:\/\/now-news.de\/de\/#organization\"},\"potentialAction\":[{\"@type\":\"SearchAction\",\"target\":{\"@type\":\"EntryPoint\",\"urlTemplate\":\"https:\/\/now-news.de\/de\/?s={search_term_string}\"},\"query-input\":\"required name=search_term_string\"}],\"inLanguage\":\"de\"},{\"@type\":\"Organization\",\"@id\":\"https:\/\/now-news.de\/de\/#organization\",\"name\":\"Just Now News\",\"url\":\"https:\/\/now-news.de\/de\/\",\"logo\":{\"@type\":\"ImageObject\",\"inLanguage\":\"de\",\"@id\":\"https:\/\/now-news.de\/de\/#\/schema\/logo\/image\/\",\"url\":\"http:\/\/just-now.news\/de\/wp-content\/uploads\/sites\/3\/2022\/04\/logo500x500.jpg\",\"contentUrl\":\"http:\/\/just-now.news\/de\/wp-content\/uploads\/sites\/3\/2022\/04\/logo500x500.jpg\",\"width\":500,\"height\":500,\"caption\":\"Just Now News\"},\"image\":{\"@id\":\"https:\/\/now-news.de\/de\/#\/schema\/logo\/image\/\"},\"sameAs\":[\"https:\/\/www.facebook.com\/wirmachenauf\",\"https:\/\/x.com\/WirMachenAuf_de\"]},{\"@type\":\"Person\",\"@id\":\"https:\/\/now-news.de\/de\/#\/schema\/person\/fb534a4e865501d8b3285208df34a9b5\",\"name\":\"rtnews\",\"image\":{\"@type\":\"ImageObject\",\"inLanguage\":\"de\",\"@id\":\"https:\/\/now-news.de\/de\/#\/schema\/person\/image\/\",\"url\":\"https:\/\/secure.gravatar.com\/avatar\/82aafea7d8127119dd649515f56e2117?s=96&d=mm&r=g\",\"contentUrl\":\"https:\/\/secure.gravatar.com\/avatar\/82aafea7d8127119dd649515f56e2117?s=96&d=mm&r=g\",\"caption\":\"rtnews\"},\"url\":\"https:\/\/now-news.de\/de\/author\/rnews\/\"}]}<\/script>\n<!-- \/ Yoast SEO Premium plugin. -->","yoast_head_json":{"title":"Nach Entf\u00fchrung des Pr\u00e4sidenten: US-Beh\u00f6rden f\u00fchren Maduro in New York vor - just-now.NEWS Deutschland","robots":{"index":"index","follow":"follow","max-snippet":"max-snippet:-1","max-image-preview":"max-image-preview:large","max-video-preview":"max-video-preview:-1"},"canonical":"https:\/\/now-news.de\/de\/deutschland\/nach-entfuehrung-des-praesidenten-us-behoerden-fuehren-maduro-in-new-york-vor\/","og_locale":"de_DE","og_type":"article","og_title":"Nach Entf\u00fchrung des Pr\u00e4sidenten: US-Beh\u00f6rden f\u00fchren Maduro in New York vor","og_description":"In einem Video, das in der Nacht vom Wei\u00dfen Haus auf der Online-Plattform X verbreitet wurde und derzeit in den sozialen Medien viral geht, ist zu sehen, wie Nicol\u00e1s Maduro von Beamten durch einen Flur gef\u00fchrt wird. In New York soll Maduro vor Gericht gestellt werden. Nach seiner Gefangennahme bei einem US-Milit\u00e4reinsatz wurde der venezolanische [&hellip;]","og_url":"https:\/\/now-news.de\/de\/deutschland\/nach-entfuehrung-des-praesidenten-us-behoerden-fuehren-maduro-in-new-york-vor\/","og_site_name":"just-now.NEWS Deutschland","article_publisher":"https:\/\/www.facebook.com\/wirmachenauf","article_published_time":"2026-01-04T10:22:04+00:00","og_image":[{"url":"https:\/\/now-news.de\/de\/wp-content\/uploads\/sites\/3\/2026\/01\/695a328248fbef2be3683f38.jpg"}],"author":"rtnews","twitter_card":"summary_large_image","twitter_creator":"@WirMachenAuf_de","twitter_site":"@WirMachenAuf_de","twitter_misc":{"Verfasst von":"rtnews","Gesch\u00e4tzte Lesezeit":"2\u00a0Minuten"},"schema":{"@context":"https:\/\/schema.org","@graph":[{"@type":"Article","@id":"https:\/\/now-news.de\/de\/deutschland\/nach-entfuehrung-des-praesidenten-us-behoerden-fuehren-maduro-in-new-york-vor\/#article","isPartOf":{"@id":"https:\/\/now-news.de\/de\/deutschland\/nach-entfuehrung-des-praesidenten-us-behoerden-fuehren-maduro-in-new-york-vor\/"},"author":{"name":"rtnews","@id":"https:\/\/now-news.de\/de\/#\/schema\/person\/fb534a4e865501d8b3285208df34a9b5"},"headline":"Nach Entf\u00fchrung des Pr\u00e4sidenten: US-Beh\u00f6rden f\u00fchren Maduro in New York vor","datePublished":"2026-01-04T10:22:04+00:00","dateModified":"2026-01-04T10:22:04+00:00","mainEntityOfPage":{"@id":"https:\/\/now-news.de\/de\/deutschland\/nach-entfuehrung-des-praesidenten-us-behoerden-fuehren-maduro-in-new-york-vor\/"},"wordCount":354,"commentCount":0,"publisher":{"@id":"https:\/\/now-news.de\/de\/#organization"},"image":{"@id":"https:\/\/now-news.de\/de\/deutschland\/nach-entfuehrung-des-praesidenten-us-behoerden-fuehren-maduro-in-new-york-vor\/#primaryimage"},"thumbnailUrl":"https:\/\/now-news.de\/de\/wp-content\/uploads\/sites\/3\/2026\/01\/Nach-Entfuehrung-des-Praesidenten-US-Behoerden-fuehren-Maduro-in-New-York.jpg","keywords":["des","Entf\u00fchrung","f\u00fchren","Maduro","nach","Pr\u00e4sidenten","USBeh\u00f6rden","vor","York"],"articleSection":["Deutschland","Russland"],"inLanguage":"de","potentialAction":[{"@type":"CommentAction","name":"Comment","target":["https:\/\/now-news.de\/de\/deutschland\/nach-entfuehrung-des-praesidenten-us-behoerden-fuehren-maduro-in-new-york-vor\/#respond"]}]},{"@type":"WebPage","@id":"https:\/\/now-news.de\/de\/deutschland\/nach-entfuehrung-des-praesidenten-us-behoerden-fuehren-maduro-in-new-york-vor\/","url":"https:\/\/now-news.de\/de\/deutschland\/nach-entfuehrung-des-praesidenten-us-behoerden-fuehren-maduro-in-new-york-vor\/","name":"Nach Entf\u00fchrung des Pr\u00e4sidenten: US-Beh\u00f6rden f\u00fchren Maduro in New York vor - just-now.NEWS Deutschland","isPartOf":{"@id":"https:\/\/now-news.de\/de\/#website"},"primaryImageOfPage":{"@id":"https:\/\/now-news.de\/de\/deutschland\/nach-entfuehrung-des-praesidenten-us-behoerden-fuehren-maduro-in-new-york-vor\/#primaryimage"},"image":{"@id":"https:\/\/now-news.de\/de\/deutschland\/nach-entfuehrung-des-praesidenten-us-behoerden-fuehren-maduro-in-new-york-vor\/#primaryimage"},"thumbnailUrl":"https:\/\/now-news.de\/de\/wp-content\/uploads\/sites\/3\/2026\/01\/Nach-Entfuehrung-des-Praesidenten-US-Behoerden-fuehren-Maduro-in-New-York.jpg","datePublished":"2026-01-04T10:22:04+00:00","dateModified":"2026-01-04T10:22:04+00:00","breadcrumb":{"@id":"https:\/\/now-news.de\/de\/deutschland\/nach-entfuehrung-des-praesidenten-us-behoerden-fuehren-maduro-in-new-york-vor\/#breadcrumb"},"inLanguage":"de","potentialAction":[{"@type":"ReadAction","target":["https:\/\/now-news.de\/de\/deutschland\/nach-entfuehrung-des-praesidenten-us-behoerden-fuehren-maduro-in-new-york-vor\/"]}]},{"@type":"ImageObject","inLanguage":"de","@id":"https:\/\/now-news.de\/de\/deutschland\/nach-entfuehrung-des-praesidenten-us-behoerden-fuehren-maduro-in-new-york-vor\/#primaryimage","url":"https:\/\/now-news.de\/de\/wp-content\/uploads\/sites\/3\/2026\/01\/Nach-Entfuehrung-des-Praesidenten-US-Behoerden-fuehren-Maduro-in-New-York.jpg","contentUrl":"https:\/\/now-news.de\/de\/wp-content\/uploads\/sites\/3\/2026\/01\/Nach-Entfuehrung-des-Praesidenten-US-Behoerden-fuehren-Maduro-in-New-York.jpg","width":460,"height":259,"caption":"Nach Entf\u00fchrung des Pr\u00e4sidenten: US-Beh\u00f6rden f\u00fchren Maduro in New York vor"},{"@type":"BreadcrumbList","@id":"https:\/\/now-news.de\/de\/deutschland\/nach-entfuehrung-des-praesidenten-us-behoerden-fuehren-maduro-in-new-york-vor\/#breadcrumb","itemListElement":[{"@type":"ListItem","position":1,"name":"Home","item":"https:\/\/now-news.de\/de\/"},{"@type":"ListItem","position":2,"name":"Nach Entf\u00fchrung des Pr\u00e4sidenten: US-Beh\u00f6rden f\u00fchren Maduro in New York vor"}]},{"@type":"WebSite","@id":"https:\/\/now-news.de\/de\/#website","url":"https:\/\/now-news.de\/de\/","name":"just-now.NEWS Deutschland","description":"Das Portal f\u00fcr unzensierte Nachrichten aus der Welt","publisher":{"@id":"https:\/\/now-news.de\/de\/#organization"},"potentialAction":[{"@type":"SearchAction","target":{"@type":"EntryPoint","urlTemplate":"https:\/\/now-news.de\/de\/?s={search_term_string}"},"query-input":"required name=search_term_string"}],"inLanguage":"de"},{"@type":"Organization","@id":"https:\/\/now-news.de\/de\/#organization","name":"Just Now News","url":"https:\/\/now-news.de\/de\/","logo":{"@type":"ImageObject","inLanguage":"de","@id":"https:\/\/now-news.de\/de\/#\/schema\/logo\/image\/","url":"http:\/\/just-now.news\/de\/wp-content\/uploads\/sites\/3\/2022\/04\/logo500x500.jpg","contentUrl":"http:\/\/just-now.news\/de\/wp-content\/uploads\/sites\/3\/2022\/04\/logo500x500.jpg","width":500,"height":500,"caption":"Just Now News"},"image":{"@id":"https:\/\/now-news.de\/de\/#\/schema\/logo\/image\/"},"sameAs":["https:\/\/www.facebook.com\/wirmachenauf","https:\/\/x.com\/WirMachenAuf_de"]},{"@type":"Person","@id":"https:\/\/now-news.de\/de\/#\/schema\/person\/fb534a4e865501d8b3285208df34a9b5","name":"rtnews","image":{"@type":"ImageObject","inLanguage":"de","@id":"https:\/\/now-news.de\/de\/#\/schema\/person\/image\/","url":"https:\/\/secure.gravatar.com\/avatar\/82aafea7d8127119dd649515f56e2117?s=96&d=mm&r=g","contentUrl":"https:\/\/secure.gravatar.com\/avatar\/82aafea7d8127119dd649515f56e2117?s=96&d=mm&r=g","caption":"rtnews"},"url":"https:\/\/now-news.de\/de\/author\/rnews\/"}]}},"_links":{"self":[{"href":"https:\/\/now-news.de\/de\/wp-json\/wp\/v2\/posts\/96790"}],"collection":[{"href":"https:\/\/now-news.de\/de\/wp-json\/wp\/v2\/posts"}],"about":[{"href":"https:\/\/now-news.de\/de\/wp-json\/wp\/v2\/types\/post"}],"author":[{"embeddable":true,"href":"https:\/\/now-news.de\/de\/wp-json\/wp\/v2\/users\/3"}],"replies":[{"embeddable":true,"href":"https:\/\/now-news.de\/de\/wp-json\/wp\/v2\/comments?post=96790"}],"version-history":[{"count":0,"href":"https:\/\/now-news.de\/de\/wp-json\/wp\/v2\/posts\/96790\/revisions"}],"wp:featuredmedia":[{"embeddable":true,"href":"https:\/\/now-news.de\/de\/wp-json\/wp\/v2\/media\/96791"}],"wp:attachment":[{"href":"https:\/\/now-news.de\/de\/wp-json\/wp\/v2\/media?parent=96790"}],"wp:term":[{"taxonomy":"category","embeddable":true,"href":"https:\/\/now-news.de\/de\/wp-json\/wp\/v2\/categories?post=96790"},{"taxonomy":"post_tag","embeddable":true,"href":"https:\/\/now-news.de\/de\/wp-json\/wp\/v2\/tags?post=96790"}],"curies":[{"name":"wp","href":"https:\/\/api.w.org\/{rel}","templated":true}]}}