{"id":96786,"date":"2026-01-04T10:54:54","date_gmt":"2026-01-04T08:54:54","guid":{"rendered":"https:\/\/now-news.de\/de\/deutschland\/stiftung-schlaegt-alarm-in-deutschland-explodiert-die-jugendobdachlosigkeit\/"},"modified":"2026-01-04T10:54:54","modified_gmt":"2026-01-04T08:54:54","slug":"stiftung-schlaegt-alarm-in-deutschland-explodiert-die-jugendobdachlosigkeit","status":"publish","type":"post","link":"https:\/\/now-news.de\/de\/deutschland\/stiftung-schlaegt-alarm-in-deutschland-explodiert-die-jugendobdachlosigkeit\/","title":{"rendered":"Stiftung schl\u00e4gt Alarm: In Deutschland explodiert die Jugendobdachlosigkeit"},"content":{"rendered":"<p><img decoding=\"async\" src=\"https:\/\/now-news.de\/de\/wp-content\/uploads\/sites\/3\/2026\/01\/6958ddee48fbef3fab37640d.jpg\" \/><\/p>\n<div class=\"Text-root Text-type_1 \">\n                Die Stiftung &#8220;Off Road Kids&#8221; warnt vor einer &#8220;gef\u00e4hrlichen Entwicklung&#8221;: Im Jahr 2024 wandten sich f\u00fcnfmal mehr wohnungslose Jugendliche an ihre Sozialarbeiter als noch 2019. Von der Bundesregierung ist aber keine Hilfe zu erwarten. Im Gegenteil: Der Sozialkahlschlag geht weiter.\n            <\/div>\n<p><\/p>\n<div class=\"Text-root Text-type_5 ArticleView-text ViewText-root \">\n<p><em>Von Alexandra Nollok<\/em><\/p>\n<p>Weihnachten ist vorbei, und die karitativen Selbstdarsteller, die Obdachlose mit gespendeten Schlafs\u00e4cken, Socken und Festessen begl\u00fcckt haben, sind wieder abgetaucht. Die n\u00e4chsten elf Monate werden sie erneut dabei zusehen, wie die neoliberale K\u00fcrzungspolitik der Bundesregierung die Lage von Millionen Lohnabh\u00e4ngigen in Deutschland verschlechtert. Die sichtbar zunehmende Verelendung auf den Stra\u00dfen ist nur die Spitze der politisch produzierten sozialen Katastrophe. Davon betroffen sind inzwischen auch Zehntausende Kinder und Jugendliche, wie neue Daten der Stiftung &#8220;Off Road Kids&#8221; offenbaren.<\/p>\n<p><strong>Jugendobdachlosigkeit explodiert<\/strong><\/p>\n<p>Die Stiftung hilft seit 32 Jahren jungen Menschen zwischen 14 und 26 Jahren ohne Obdach. Ihre Arbeit dokumentiert sie akribisch. So bilden ihre Analysen freilich nur jenen Teil der Wirklichkeit ab, der sich als &#8220;F\u00e4lle&#8221; bei ihren Sozialarbeitern niederschl\u00e4gt. Trotzdem l\u00e4sst sich aus ihrem j\u00fcngsten <a rel=\"nofollow noopener\" target=\"_blank\" href=\"https:\/\/offroadkids.de\/fileadmin\/ork\/content\/pdf\/Jahresberichte\/ORK_Jahresbericht_2024_online.pdf\">Jahresbericht<\/a>\u00a0ein verheerender Trend ablesen, der besonders eine Gr\u00f6\u00dfe zum Ausdruck bringt: Die Zahl relevanter Hilferufe, die vorletztes Jahr bei der Stiftung eingingen, hat sich innerhalb von nur f\u00fcnf Jahren auf rund 5.350 verf\u00fcnffacht. Das l\u00e4sst einen Schluss zu: Die Not der Schw\u00e4chsten in Deutschland explodiert.<\/p>\n<p>Weniger als ein F\u00fcnftel dieser Hilfesuchenden, insgesamt 917 Jugendliche, h\u00e4tten Sozialarbeiter von &#8220;Off Road Kids&#8221; nach eigenen Angaben 2024 unterbringen k\u00f6nnen. In den 32 Jahren ihrer T\u00e4tigkeit habe die Organisationen fast 12.500 Betroffenen ein Dach \u00fcber dem Kopf verschafft. Das deutet allerdings darauf hin, dass immer mehr Jugendliche trotz aller M\u00fche der Ehrenamtlichen auf der Strecke bleiben \u2013 ein Schicksal, das sie mit inzwischen mehr als <a rel=\"nofollow noopener\" target=\"_blank\" href=\"https:\/\/www.destatis.de\/DE\/Presse\/Pressemitteilungen\/2025\/01\/PD25_036_63.html\">13 Millionen<\/a> verarmten Bundesb\u00fcrgern teilen.<\/p>\n<p><strong>&#8220;Gef\u00e4hrliche Entwicklung&#8221;<\/strong><\/p>\n<p>Die Bundesregierung <a rel=\"nofollow noopener\" target=\"_blank\" href=\"https:\/\/www.bmwsb.bund.de\/SharedDocs\/pressemitteilungen\/DE\/2025\/01\/Wohnungslosenbericht.html\">wei\u00df sehr wohl<\/a>, dass die Obdachlosenzahlen in Deutschland in die H\u00f6he schie\u00dfen. In ihrem letzten Bericht hatte ihre Vorg\u00e4ngerin, die &#8220;Ampel&#8221;, mehr als eine halbe Million Betroffene erfasst \u2013 fast ein Zehntel davon j\u00fcnger als 27 Jahre, darunter Tausende alleinstehende Minderj\u00e4hrige. Das waren 16 Prozent mehr als zwei Jahre zuvor. Ukrainische Kriegsfl\u00fcchtlinge ohne Wohnung hatte sie f\u00fcr ihre Sch\u00e4tzung sogar vollst\u00e4ndig au\u00dfen vor gelassen. Und die Dunkelziffer d\u00fcrfte hoch sein.<\/p>\n<p>Trotz dieser Horrorzahlen f\u00e4llt das Problem der Jugendwohnungslosigkeit bisher\u00a0in\u00a0Deutschland nicht so auf, wie die Stiftung mahnt. Das liege haupts\u00e4chlich daran, dass mehr als die H\u00e4lfte der Betroffenen bei wechselnden Bekannten unterkomme. Die Organisation bezeichnet das als &#8220;Sofahopping&#8221;. Ein weiteres Drittel suche regelm\u00e4\u00dfig Notunterk\u00fcnfte auf. Gut 6.000 Jugendliche leben demzufolge aber dauerhaft auf der Stra\u00dfe. Weil vollst\u00e4ndige Daten fehlen, ist \u00fcberdies von einer hohen Dunkelziffer auszugehen.<\/p>\n<p>Stiftungssprecher Markus Seidel spricht von einer gef\u00e4hrlichen Entwicklung. So litten die Betroffenen nicht nur an K\u00e4lte und Unsicherheit. Sie seien auch betroffen von &#8220;Mangelern\u00e4hrung, schlechter Hygiene und dem permanenten Risiko von kriminellen \u00dcbergriffen&#8221;. Vor allem bei M\u00e4dchen und jungen Frauen seien Letztere &#8220;an der Tagesordnung&#8221;. &#8220;Wir m\u00fcssen unsere Anstrengungen hier massiv verst\u00e4rken, denn diese jungen Menschen haben die schlechtesten Voraussetzungen f\u00fcr die Gestaltung ihres Lebenswegs&#8221;, warnte er.<\/p>\n<p><strong>Sozialkahlschlag geht weiter<\/strong><\/p>\n<p>Mit &#8220;wir&#8221; meint Seidel wohl die Bundesregierung. Fest steht aber jetzt schon: An dieser wird seine Mahnung erneut abprallen. Das haben Bundeskanzler Friedrich Merz und seine neoliberale Regierungsgefolgschaft l\u00e4ngst klargestellt.<\/p>\n<p>Das Programm der Koalition aus CDU, CSU und SPD l\u00e4sst sich in zwei W\u00f6rtern zusammenfassen: Aufr\u00fcstung und Sozialabbau. K\u00fcrzen will sie an vielen Stellen, zum Beispiel beim B\u00fcrgergeld, der medizinischen Versorgung, den Arbeitnehmerrechten und nicht zuletzt bei der Jugendhilfe.<\/p>\n<p>Gern redet sich die Bundesregierung damit heraus, dass die Jugendhilfe den Kommunen obliegt. Doch diese sind <a rel=\"nofollow noopener\" target=\"_blank\" href=\"https:\/\/www.ndr.de\/nachrichten\/info\/finanzstreit-kommunen-sind-bundesentscheidungen-ausgeliefert,finanzstreit-100.html\">auf Bundesmittel angewiesen<\/a>, vor allem aber abh\u00e4ngig von den Gesetzen, die Berlin beschlie\u00dft.\u00a0Seit vielen Jahren beklagen Landkreise und St\u00e4dte, sie seien chronisch unterfinanziert: sowohl durch mangelhafte Zusch\u00fcsse vom Bund als auch durch Steuergesetze, die Reiche beg\u00fcnstigen, Arme belasten und die Einnahmen von L\u00e4ndern und Kommunen senken. Die verzichten darum zunehmend auf freiwillige Aufgaben. Und ihre Sozialetats f\u00fcr Pflichtaufgaben k\u00fcrzen sie zusammen.<\/p>\n<p>Die Bundesarbeitsgemeinschaft Allgemeiner Sozialer Dienst (BAG-ASD) warnte letzten Monat sogar vor einer <a rel=\"nofollow noopener\" target=\"_blank\" href=\"https:\/\/www.bag-asd.de\/bag-blog\/die-lage-ist-ernst-warum-wir-jetzt-fur-die-kinder--und-jugendhilfe-kampfen-mussen\">Erosion grundlegender<\/a> Kinder- und Jugendrechte in Deutschland. Der Bund habe 85 Prozent aller Aufgaben im Bereich Jugendhilfe auf die Kommunen abgew\u00e4lzt, \u00fcberlasse die Finanzierung aber diesen selbst. Verschuldung und rigide K\u00fcrzungen seien die Folge. Gespart werde an Personal und Qualit\u00e4t. In diesem Jahr droht vielen Einrichtungen das Aus. Der Verband zieht d\u00fcstere Bilanz:<\/p>\n<blockquote>\n<p><em>&#8220;Wenn jetzt nicht gehandelt wird, droht ein schleichender Systemkollaps: Schutzauftr\u00e4ge bleiben unerf\u00fcllt, Familienhilfen werden gek\u00fcrzt, Kinderrechte unterlaufen.&#8221;<\/em><\/p>\n<\/blockquote>\n<p><strong>Kinderrechte ignoriert<\/strong><\/p>\n<p>Die Warnung des Verbands ist nicht aus der Luft gegriffen. Das Deutsche Kinderhilfswerk sieht es \u00e4hnlich: In seinem\u00a0<a rel=\"nofollow noopener\" target=\"_blank\" href=\"https:\/\/www.dkhw.de\/informieren\/unsere-themen\/kinderrechte\/kinderrechte-index\/\">aktuellen Index<\/a> kommt es zu dem Schluss, dass vielerorts in Deutschland die Kinderrechte nicht gen\u00fcgend ber\u00fccksichtigt w\u00fcrden. Die M\u00e4ngel etwa in den Bereichen Bildung, Gesundheit und Lebensstandard seien teils gravierend, aber regional sehr unterschiedlich. Die Umsetzung von Kinderrechten ist demnach vor allem &#8220;eine Frage des Wohnorts, des politischen Willens und der regionalen Kassenlage&#8221;, wie die <a rel=\"nofollow noopener\" target=\"_blank\" href=\"https:\/\/www.tagesschau.de\/tagesschau_20_uhr\/video-1534514.html\"><em>ARD-<\/em>Tagesschau<\/a> aus dem Bericht zitierte.<\/p>\n<p>Die\u00a0<a rel=\"nofollow noopener\" target=\"_blank\" href=\"https:\/\/www.caritas-stuttgart.de\/presse\/presse\/kahlschlag-gefaehrdet-den-sozialen-frieden-65c82045-ad3c-440c-a11a-23650b16ab1a\">Caritas Stuttgart <\/a>berichtete\u00a0von geplanten K\u00fcrzungen im Bereich der Jugend- und Familienhilfe um bis zu 15 Prozent bereits ab diesem Jahr. Dies sei &#8220;ein Kahlschlag und gef\u00e4hrdet den Zusammenhalt und den sozialen Frieden in unserer Stadt&#8221;, warnte Pfarrer Klaus K\u00e4pplinger, Vorstandsprecher der Liga der freien Wohlfahrtspflege Stuttgart. Die Landeshauptstadt Baden-W\u00fcrttembergs ist da kein Einzelfall. \u00c4hnliche Berichte von radikalen Sparprogrammen kommen aus allen Bundesl\u00e4ndern.<\/p>\n<p><strong>Sozialdarwinistische Agenda<\/strong><\/p>\n<p>Die Bundesregierung, deren personelle Verquickung mit dem deutschen und internationalen Finanzkapital kein Geheimnis ist, schert sich bekanntlich nicht um den sozialen Frieden. Auch wenn das zigfach widerlegt ist, suggeriert sie immerfort, Sozialabbau, Ausweitung der Arbeitszeit und gro\u00dfz\u00fcgige Steuergeschenke an Gro\u00dfkonzerne sch\u00fcfen Abhilfe gegen all die Krisensymptome, die doch gerade dadurch mitverursacht werden.<\/p>\n<p>Kaum ein Tag vergeht, an dem Kanzler Merz und seine Minister nicht gegen unterprivilegierte Gruppen hetzen, medial verst\u00e4rkt vor allem gegen Arbeitslose und Migranten.<\/p>\n<p>Die Kampagnen dienen freilich vor allem dazu, Lohnabh\u00e4ngige zu spalten, um jeden Widerstand gegen den sozialen Kahlschlag schon im Keim zu ersticken. Das wei\u00df auch Heike Wagner, Referentin der Koordinierungsstelle gewerkschaftlicher Arbeitslosengruppen. In einem Interview\u00a0<a rel=\"nofollow noopener\" target=\"_blank\" href=\"https:\/\/www.jungewelt.de\/artikel\/514832.klassenkampf-gegen-erwerbslose-wieviel-eisiger-wird-das-soziale-klima.html\">sagte sie der Zeitung<\/a>\u00a0<em>junge Welt<\/em>, es gehe &#8220;darum, den gesellschaftlichen Reichtum noch weiter nach oben zu verschieben&#8221;. Sie bekr\u00e4ftigte:<\/p>\n<blockquote>\n<p><em>&#8220;Der Gegensatz besteht zwischen Arm und Reich \u2013 nicht zwischen Besch\u00e4ftigten und Erwerbslosen.&#8221;<\/em><\/p>\n<\/blockquote>\n<p>Dass die wachsende Armut in Deutschland Angst und Unsicherheit sch\u00fcrt, f\u00fcr mehr Sozialdarwinismus in der Bev\u00f6lkerung sorgt, die Kriminalit\u00e4t auch unabh\u00e4ngig von der Migration in die H\u00f6he treibt und so freilich zugleich Millionen Jugendliche abh\u00e4ngt und auf die schiefe Bahn treibt, ist eine wissenschaftliche Binse, die \u00fcberall auf der Welt gilt. Genau das f\u00f6rdert die Bundesregierung gerade emsig. Die Profitraten westlicher Oligarchen trotz Krise oben zu halten, ist ihr eben wichtiger, als das Wohl der deutschen Bev\u00f6lkerung. Und wenn keiner mehr was kaufen kann, wird einfach noch ein wenig exzessiver aufger\u00fcstet.<\/p>\n<p><strong>Mehr zum Thema<\/strong>\u00a0\u2013 <a rel=\"nofollow noopener\" target=\"_blank\" href=\"https:\/\/freedert.online\/meinung\/265167-repression-statt-hilfe-polizeiregister-fuer\/\">Repression statt Hilfe: Polizeiregister f\u00fcr psychisch Kranke in Hessen \u2013 und andere Grausamkeiten<\/a><\/p>\n<\/p>\n<\/div>\n<p><br \/>\n<br \/><a href=\"https:\/\/de.rt.com\/meinung\/266401-stiftung-schlaegt-alarm-in-deutschland-explodiert-jugendobdachlosigkeit\/\">Source link <\/a><\/p>\n","protected":false},"excerpt":{"rendered":"<p>Die Stiftung &#8220;Off Road Kids&#8221; warnt vor einer &#8220;gef\u00e4hrlichen Entwicklung&#8221;: Im Jahr 2024 wandten sich f\u00fcnfmal mehr wohnungslose Jugendliche an ihre Sozialarbeiter als noch 2019. Von der Bundesregierung ist aber keine Hilfe zu erwarten. Im Gegenteil: Der Sozialkahlschlag geht weiter. Von Alexandra Nollok Weihnachten ist vorbei, und die karitativen Selbstdarsteller, die Obdachlose mit gespendeten Schlafs\u00e4cken, [&hellip;]<\/p>\n","protected":false},"author":3,"featured_media":96787,"comment_status":"open","ping_status":"open","sticky":false,"template":"","format":"standard","meta":{"_yoast_indexnow_last_ping":["1767516933"],"wp_automatic_camp":["217"],"f0783cd996eb506daeafcd9b3f48e5bc":["Stiftung schl\u00e4gt Alarm: In Deutschland explodiert die Jugendobdachlosigkeit"],"original_link":["https:\/\/de.rt.com\/meinung\/266401-stiftung-schlaegt-alarm-in-deutschland-explodiert-jugendobdachlosigkeit\/"],"_thumbnail_id":["96787"],"jnews_social_counter_last_update":["1777209575"],"_wptgpro_p2tg_sent2tg":["a:1:{i:23737;s:19:\"2026-01-04 10:56:41\";}"]},"categories":[19,23],"tags":[1469,179,45,27334,70355,1468,28096],"yoast_head":"<!-- This site is optimized with the Yoast SEO Premium plugin v22.7 (Yoast SEO v22.7) - https:\/\/yoast.com\/wordpress\/plugins\/seo\/ -->\n<title>Stiftung schl\u00e4gt Alarm: In Deutschland explodiert die Jugendobdachlosigkeit - just-now.NEWS Deutschland<\/title>\n<meta name=\"robots\" content=\"index, follow, max-snippet:-1, max-image-preview:large, max-video-preview:-1\" \/>\n<link rel=\"canonical\" href=\"https:\/\/now-news.de\/de\/deutschland\/stiftung-schlaegt-alarm-in-deutschland-explodiert-die-jugendobdachlosigkeit\/\" \/>\n<meta property=\"og:locale\" content=\"de_DE\" \/>\n<meta property=\"og:type\" content=\"article\" \/>\n<meta property=\"og:title\" content=\"Stiftung schl\u00e4gt Alarm: In Deutschland explodiert die Jugendobdachlosigkeit\" \/>\n<meta property=\"og:description\" content=\"Die Stiftung &#8220;Off Road Kids&#8221; warnt vor einer &#8220;gef\u00e4hrlichen Entwicklung&#8221;: Im Jahr 2024 wandten sich f\u00fcnfmal mehr wohnungslose Jugendliche an ihre Sozialarbeiter als noch 2019. Von der Bundesregierung ist aber keine Hilfe zu erwarten. Im Gegenteil: Der Sozialkahlschlag geht weiter. Von Alexandra Nollok Weihnachten ist vorbei, und die karitativen Selbstdarsteller, die Obdachlose mit gespendeten Schlafs\u00e4cken, [&hellip;]\" \/>\n<meta property=\"og:url\" content=\"https:\/\/now-news.de\/de\/deutschland\/stiftung-schlaegt-alarm-in-deutschland-explodiert-die-jugendobdachlosigkeit\/\" \/>\n<meta property=\"og:site_name\" content=\"just-now.NEWS Deutschland\" \/>\n<meta property=\"article:publisher\" content=\"https:\/\/www.facebook.com\/wirmachenauf\" \/>\n<meta property=\"article:published_time\" content=\"2026-01-04T08:54:54+00:00\" \/>\n<meta property=\"og:image\" content=\"https:\/\/now-news.de\/de\/wp-content\/uploads\/sites\/3\/2026\/01\/6958ddee48fbef3fab37640d.jpg\" \/>\n<meta name=\"author\" content=\"rtnews\" \/>\n<meta name=\"twitter:card\" content=\"summary_large_image\" \/>\n<meta name=\"twitter:creator\" content=\"@WirMachenAuf_de\" \/>\n<meta name=\"twitter:site\" content=\"@WirMachenAuf_de\" \/>\n<meta name=\"twitter:label1\" content=\"Verfasst von\" \/>\n\t<meta name=\"twitter:data1\" content=\"rtnews\" \/>\n\t<meta name=\"twitter:label2\" content=\"Gesch\u00e4tzte Lesezeit\" \/>\n\t<meta name=\"twitter:data2\" content=\"6\u00a0Minuten\" \/>\n<script type=\"application\/ld+json\" class=\"yoast-schema-graph\">{\"@context\":\"https:\/\/schema.org\",\"@graph\":[{\"@type\":\"Article\",\"@id\":\"https:\/\/now-news.de\/de\/deutschland\/stiftung-schlaegt-alarm-in-deutschland-explodiert-die-jugendobdachlosigkeit\/#article\",\"isPartOf\":{\"@id\":\"https:\/\/now-news.de\/de\/deutschland\/stiftung-schlaegt-alarm-in-deutschland-explodiert-die-jugendobdachlosigkeit\/\"},\"author\":{\"name\":\"rtnews\",\"@id\":\"https:\/\/now-news.de\/de\/#\/schema\/person\/fb534a4e865501d8b3285208df34a9b5\"},\"headline\":\"Stiftung schl\u00e4gt Alarm: In Deutschland explodiert die Jugendobdachlosigkeit\",\"datePublished\":\"2026-01-04T08:54:54+00:00\",\"dateModified\":\"2026-01-04T08:54:54+00:00\",\"mainEntityOfPage\":{\"@id\":\"https:\/\/now-news.de\/de\/deutschland\/stiftung-schlaegt-alarm-in-deutschland-explodiert-die-jugendobdachlosigkeit\/\"},\"wordCount\":1211,\"commentCount\":0,\"publisher\":{\"@id\":\"https:\/\/now-news.de\/de\/#organization\"},\"image\":{\"@id\":\"https:\/\/now-news.de\/de\/deutschland\/stiftung-schlaegt-alarm-in-deutschland-explodiert-die-jugendobdachlosigkeit\/#primaryimage\"},\"thumbnailUrl\":\"https:\/\/now-news.de\/de\/wp-content\/uploads\/sites\/3\/2026\/01\/Stiftung-schlaegt-Alarm-In-Deutschland-explodiert-die-Jugendobdachlosigkeit.jpg\",\"keywords\":[\"Alarm\",\"Deutschland\",\"die\",\"explodiert\",\"Jugendobdachlosigkeit\",\"schl\u00e4gt\",\"Stiftung\"],\"articleSection\":[\"Deutschland\",\"Russland\"],\"inLanguage\":\"de\",\"potentialAction\":[{\"@type\":\"CommentAction\",\"name\":\"Comment\",\"target\":[\"https:\/\/now-news.de\/de\/deutschland\/stiftung-schlaegt-alarm-in-deutschland-explodiert-die-jugendobdachlosigkeit\/#respond\"]}]},{\"@type\":\"WebPage\",\"@id\":\"https:\/\/now-news.de\/de\/deutschland\/stiftung-schlaegt-alarm-in-deutschland-explodiert-die-jugendobdachlosigkeit\/\",\"url\":\"https:\/\/now-news.de\/de\/deutschland\/stiftung-schlaegt-alarm-in-deutschland-explodiert-die-jugendobdachlosigkeit\/\",\"name\":\"Stiftung schl\u00e4gt Alarm: In Deutschland explodiert die Jugendobdachlosigkeit - just-now.NEWS Deutschland\",\"isPartOf\":{\"@id\":\"https:\/\/now-news.de\/de\/#website\"},\"primaryImageOfPage\":{\"@id\":\"https:\/\/now-news.de\/de\/deutschland\/stiftung-schlaegt-alarm-in-deutschland-explodiert-die-jugendobdachlosigkeit\/#primaryimage\"},\"image\":{\"@id\":\"https:\/\/now-news.de\/de\/deutschland\/stiftung-schlaegt-alarm-in-deutschland-explodiert-die-jugendobdachlosigkeit\/#primaryimage\"},\"thumbnailUrl\":\"https:\/\/now-news.de\/de\/wp-content\/uploads\/sites\/3\/2026\/01\/Stiftung-schlaegt-Alarm-In-Deutschland-explodiert-die-Jugendobdachlosigkeit.jpg\",\"datePublished\":\"2026-01-04T08:54:54+00:00\",\"dateModified\":\"2026-01-04T08:54:54+00:00\",\"breadcrumb\":{\"@id\":\"https:\/\/now-news.de\/de\/deutschland\/stiftung-schlaegt-alarm-in-deutschland-explodiert-die-jugendobdachlosigkeit\/#breadcrumb\"},\"inLanguage\":\"de\",\"potentialAction\":[{\"@type\":\"ReadAction\",\"target\":[\"https:\/\/now-news.de\/de\/deutschland\/stiftung-schlaegt-alarm-in-deutschland-explodiert-die-jugendobdachlosigkeit\/\"]}]},{\"@type\":\"ImageObject\",\"inLanguage\":\"de\",\"@id\":\"https:\/\/now-news.de\/de\/deutschland\/stiftung-schlaegt-alarm-in-deutschland-explodiert-die-jugendobdachlosigkeit\/#primaryimage\",\"url\":\"https:\/\/now-news.de\/de\/wp-content\/uploads\/sites\/3\/2026\/01\/Stiftung-schlaegt-Alarm-In-Deutschland-explodiert-die-Jugendobdachlosigkeit.jpg\",\"contentUrl\":\"https:\/\/now-news.de\/de\/wp-content\/uploads\/sites\/3\/2026\/01\/Stiftung-schlaegt-Alarm-In-Deutschland-explodiert-die-Jugendobdachlosigkeit.jpg\",\"width\":460,\"height\":259,\"caption\":\"Stiftung schl\u00e4gt Alarm: In Deutschland explodiert die Jugendobdachlosigkeit\"},{\"@type\":\"BreadcrumbList\",\"@id\":\"https:\/\/now-news.de\/de\/deutschland\/stiftung-schlaegt-alarm-in-deutschland-explodiert-die-jugendobdachlosigkeit\/#breadcrumb\",\"itemListElement\":[{\"@type\":\"ListItem\",\"position\":1,\"name\":\"Home\",\"item\":\"https:\/\/now-news.de\/de\/\"},{\"@type\":\"ListItem\",\"position\":2,\"name\":\"Stiftung schl\u00e4gt Alarm: In Deutschland explodiert die Jugendobdachlosigkeit\"}]},{\"@type\":\"WebSite\",\"@id\":\"https:\/\/now-news.de\/de\/#website\",\"url\":\"https:\/\/now-news.de\/de\/\",\"name\":\"just-now.NEWS Deutschland\",\"description\":\"Das Portal f\u00fcr unzensierte Nachrichten aus der Welt\",\"publisher\":{\"@id\":\"https:\/\/now-news.de\/de\/#organization\"},\"potentialAction\":[{\"@type\":\"SearchAction\",\"target\":{\"@type\":\"EntryPoint\",\"urlTemplate\":\"https:\/\/now-news.de\/de\/?s={search_term_string}\"},\"query-input\":\"required name=search_term_string\"}],\"inLanguage\":\"de\"},{\"@type\":\"Organization\",\"@id\":\"https:\/\/now-news.de\/de\/#organization\",\"name\":\"Just Now News\",\"url\":\"https:\/\/now-news.de\/de\/\",\"logo\":{\"@type\":\"ImageObject\",\"inLanguage\":\"de\",\"@id\":\"https:\/\/now-news.de\/de\/#\/schema\/logo\/image\/\",\"url\":\"http:\/\/just-now.news\/de\/wp-content\/uploads\/sites\/3\/2022\/04\/logo500x500.jpg\",\"contentUrl\":\"http:\/\/just-now.news\/de\/wp-content\/uploads\/sites\/3\/2022\/04\/logo500x500.jpg\",\"width\":500,\"height\":500,\"caption\":\"Just Now News\"},\"image\":{\"@id\":\"https:\/\/now-news.de\/de\/#\/schema\/logo\/image\/\"},\"sameAs\":[\"https:\/\/www.facebook.com\/wirmachenauf\",\"https:\/\/x.com\/WirMachenAuf_de\"]},{\"@type\":\"Person\",\"@id\":\"https:\/\/now-news.de\/de\/#\/schema\/person\/fb534a4e865501d8b3285208df34a9b5\",\"name\":\"rtnews\",\"image\":{\"@type\":\"ImageObject\",\"inLanguage\":\"de\",\"@id\":\"https:\/\/now-news.de\/de\/#\/schema\/person\/image\/\",\"url\":\"https:\/\/secure.gravatar.com\/avatar\/82aafea7d8127119dd649515f56e2117?s=96&d=mm&r=g\",\"contentUrl\":\"https:\/\/secure.gravatar.com\/avatar\/82aafea7d8127119dd649515f56e2117?s=96&d=mm&r=g\",\"caption\":\"rtnews\"},\"url\":\"https:\/\/now-news.de\/de\/author\/rnews\/\"}]}<\/script>\n<!-- \/ Yoast SEO Premium plugin. -->","yoast_head_json":{"title":"Stiftung schl\u00e4gt Alarm: In Deutschland explodiert die Jugendobdachlosigkeit - just-now.NEWS Deutschland","robots":{"index":"index","follow":"follow","max-snippet":"max-snippet:-1","max-image-preview":"max-image-preview:large","max-video-preview":"max-video-preview:-1"},"canonical":"https:\/\/now-news.de\/de\/deutschland\/stiftung-schlaegt-alarm-in-deutschland-explodiert-die-jugendobdachlosigkeit\/","og_locale":"de_DE","og_type":"article","og_title":"Stiftung schl\u00e4gt Alarm: In Deutschland explodiert die Jugendobdachlosigkeit","og_description":"Die Stiftung &#8220;Off Road Kids&#8221; warnt vor einer &#8220;gef\u00e4hrlichen Entwicklung&#8221;: Im Jahr 2024 wandten sich f\u00fcnfmal mehr wohnungslose Jugendliche an ihre Sozialarbeiter als noch 2019. Von der Bundesregierung ist aber keine Hilfe zu erwarten. Im Gegenteil: Der Sozialkahlschlag geht weiter. Von Alexandra Nollok Weihnachten ist vorbei, und die karitativen Selbstdarsteller, die Obdachlose mit gespendeten Schlafs\u00e4cken, [&hellip;]","og_url":"https:\/\/now-news.de\/de\/deutschland\/stiftung-schlaegt-alarm-in-deutschland-explodiert-die-jugendobdachlosigkeit\/","og_site_name":"just-now.NEWS Deutschland","article_publisher":"https:\/\/www.facebook.com\/wirmachenauf","article_published_time":"2026-01-04T08:54:54+00:00","og_image":[{"url":"https:\/\/now-news.de\/de\/wp-content\/uploads\/sites\/3\/2026\/01\/6958ddee48fbef3fab37640d.jpg"}],"author":"rtnews","twitter_card":"summary_large_image","twitter_creator":"@WirMachenAuf_de","twitter_site":"@WirMachenAuf_de","twitter_misc":{"Verfasst von":"rtnews","Gesch\u00e4tzte Lesezeit":"6\u00a0Minuten"},"schema":{"@context":"https:\/\/schema.org","@graph":[{"@type":"Article","@id":"https:\/\/now-news.de\/de\/deutschland\/stiftung-schlaegt-alarm-in-deutschland-explodiert-die-jugendobdachlosigkeit\/#article","isPartOf":{"@id":"https:\/\/now-news.de\/de\/deutschland\/stiftung-schlaegt-alarm-in-deutschland-explodiert-die-jugendobdachlosigkeit\/"},"author":{"name":"rtnews","@id":"https:\/\/now-news.de\/de\/#\/schema\/person\/fb534a4e865501d8b3285208df34a9b5"},"headline":"Stiftung schl\u00e4gt Alarm: In Deutschland explodiert die Jugendobdachlosigkeit","datePublished":"2026-01-04T08:54:54+00:00","dateModified":"2026-01-04T08:54:54+00:00","mainEntityOfPage":{"@id":"https:\/\/now-news.de\/de\/deutschland\/stiftung-schlaegt-alarm-in-deutschland-explodiert-die-jugendobdachlosigkeit\/"},"wordCount":1211,"commentCount":0,"publisher":{"@id":"https:\/\/now-news.de\/de\/#organization"},"image":{"@id":"https:\/\/now-news.de\/de\/deutschland\/stiftung-schlaegt-alarm-in-deutschland-explodiert-die-jugendobdachlosigkeit\/#primaryimage"},"thumbnailUrl":"https:\/\/now-news.de\/de\/wp-content\/uploads\/sites\/3\/2026\/01\/Stiftung-schlaegt-Alarm-In-Deutschland-explodiert-die-Jugendobdachlosigkeit.jpg","keywords":["Alarm","Deutschland","die","explodiert","Jugendobdachlosigkeit","schl\u00e4gt","Stiftung"],"articleSection":["Deutschland","Russland"],"inLanguage":"de","potentialAction":[{"@type":"CommentAction","name":"Comment","target":["https:\/\/now-news.de\/de\/deutschland\/stiftung-schlaegt-alarm-in-deutschland-explodiert-die-jugendobdachlosigkeit\/#respond"]}]},{"@type":"WebPage","@id":"https:\/\/now-news.de\/de\/deutschland\/stiftung-schlaegt-alarm-in-deutschland-explodiert-die-jugendobdachlosigkeit\/","url":"https:\/\/now-news.de\/de\/deutschland\/stiftung-schlaegt-alarm-in-deutschland-explodiert-die-jugendobdachlosigkeit\/","name":"Stiftung schl\u00e4gt Alarm: In Deutschland explodiert die Jugendobdachlosigkeit - just-now.NEWS Deutschland","isPartOf":{"@id":"https:\/\/now-news.de\/de\/#website"},"primaryImageOfPage":{"@id":"https:\/\/now-news.de\/de\/deutschland\/stiftung-schlaegt-alarm-in-deutschland-explodiert-die-jugendobdachlosigkeit\/#primaryimage"},"image":{"@id":"https:\/\/now-news.de\/de\/deutschland\/stiftung-schlaegt-alarm-in-deutschland-explodiert-die-jugendobdachlosigkeit\/#primaryimage"},"thumbnailUrl":"https:\/\/now-news.de\/de\/wp-content\/uploads\/sites\/3\/2026\/01\/Stiftung-schlaegt-Alarm-In-Deutschland-explodiert-die-Jugendobdachlosigkeit.jpg","datePublished":"2026-01-04T08:54:54+00:00","dateModified":"2026-01-04T08:54:54+00:00","breadcrumb":{"@id":"https:\/\/now-news.de\/de\/deutschland\/stiftung-schlaegt-alarm-in-deutschland-explodiert-die-jugendobdachlosigkeit\/#breadcrumb"},"inLanguage":"de","potentialAction":[{"@type":"ReadAction","target":["https:\/\/now-news.de\/de\/deutschland\/stiftung-schlaegt-alarm-in-deutschland-explodiert-die-jugendobdachlosigkeit\/"]}]},{"@type":"ImageObject","inLanguage":"de","@id":"https:\/\/now-news.de\/de\/deutschland\/stiftung-schlaegt-alarm-in-deutschland-explodiert-die-jugendobdachlosigkeit\/#primaryimage","url":"https:\/\/now-news.de\/de\/wp-content\/uploads\/sites\/3\/2026\/01\/Stiftung-schlaegt-Alarm-In-Deutschland-explodiert-die-Jugendobdachlosigkeit.jpg","contentUrl":"https:\/\/now-news.de\/de\/wp-content\/uploads\/sites\/3\/2026\/01\/Stiftung-schlaegt-Alarm-In-Deutschland-explodiert-die-Jugendobdachlosigkeit.jpg","width":460,"height":259,"caption":"Stiftung schl\u00e4gt Alarm: In Deutschland explodiert die Jugendobdachlosigkeit"},{"@type":"BreadcrumbList","@id":"https:\/\/now-news.de\/de\/deutschland\/stiftung-schlaegt-alarm-in-deutschland-explodiert-die-jugendobdachlosigkeit\/#breadcrumb","itemListElement":[{"@type":"ListItem","position":1,"name":"Home","item":"https:\/\/now-news.de\/de\/"},{"@type":"ListItem","position":2,"name":"Stiftung schl\u00e4gt Alarm: In Deutschland explodiert die Jugendobdachlosigkeit"}]},{"@type":"WebSite","@id":"https:\/\/now-news.de\/de\/#website","url":"https:\/\/now-news.de\/de\/","name":"just-now.NEWS Deutschland","description":"Das Portal f\u00fcr unzensierte Nachrichten aus der Welt","publisher":{"@id":"https:\/\/now-news.de\/de\/#organization"},"potentialAction":[{"@type":"SearchAction","target":{"@type":"EntryPoint","urlTemplate":"https:\/\/now-news.de\/de\/?s={search_term_string}"},"query-input":"required name=search_term_string"}],"inLanguage":"de"},{"@type":"Organization","@id":"https:\/\/now-news.de\/de\/#organization","name":"Just Now News","url":"https:\/\/now-news.de\/de\/","logo":{"@type":"ImageObject","inLanguage":"de","@id":"https:\/\/now-news.de\/de\/#\/schema\/logo\/image\/","url":"http:\/\/just-now.news\/de\/wp-content\/uploads\/sites\/3\/2022\/04\/logo500x500.jpg","contentUrl":"http:\/\/just-now.news\/de\/wp-content\/uploads\/sites\/3\/2022\/04\/logo500x500.jpg","width":500,"height":500,"caption":"Just Now News"},"image":{"@id":"https:\/\/now-news.de\/de\/#\/schema\/logo\/image\/"},"sameAs":["https:\/\/www.facebook.com\/wirmachenauf","https:\/\/x.com\/WirMachenAuf_de"]},{"@type":"Person","@id":"https:\/\/now-news.de\/de\/#\/schema\/person\/fb534a4e865501d8b3285208df34a9b5","name":"rtnews","image":{"@type":"ImageObject","inLanguage":"de","@id":"https:\/\/now-news.de\/de\/#\/schema\/person\/image\/","url":"https:\/\/secure.gravatar.com\/avatar\/82aafea7d8127119dd649515f56e2117?s=96&d=mm&r=g","contentUrl":"https:\/\/secure.gravatar.com\/avatar\/82aafea7d8127119dd649515f56e2117?s=96&d=mm&r=g","caption":"rtnews"},"url":"https:\/\/now-news.de\/de\/author\/rnews\/"}]}},"_links":{"self":[{"href":"https:\/\/now-news.de\/de\/wp-json\/wp\/v2\/posts\/96786"}],"collection":[{"href":"https:\/\/now-news.de\/de\/wp-json\/wp\/v2\/posts"}],"about":[{"href":"https:\/\/now-news.de\/de\/wp-json\/wp\/v2\/types\/post"}],"author":[{"embeddable":true,"href":"https:\/\/now-news.de\/de\/wp-json\/wp\/v2\/users\/3"}],"replies":[{"embeddable":true,"href":"https:\/\/now-news.de\/de\/wp-json\/wp\/v2\/comments?post=96786"}],"version-history":[{"count":0,"href":"https:\/\/now-news.de\/de\/wp-json\/wp\/v2\/posts\/96786\/revisions"}],"wp:featuredmedia":[{"embeddable":true,"href":"https:\/\/now-news.de\/de\/wp-json\/wp\/v2\/media\/96787"}],"wp:attachment":[{"href":"https:\/\/now-news.de\/de\/wp-json\/wp\/v2\/media?parent=96786"}],"wp:term":[{"taxonomy":"category","embeddable":true,"href":"https:\/\/now-news.de\/de\/wp-json\/wp\/v2\/categories?post=96786"},{"taxonomy":"post_tag","embeddable":true,"href":"https:\/\/now-news.de\/de\/wp-json\/wp\/v2\/tags?post=96786"}],"curies":[{"name":"wp","href":"https:\/\/api.w.org\/{rel}","templated":true}]}}