{"id":9676,"date":"2022-06-03T07:42:55","date_gmt":"2022-06-03T05:42:55","guid":{"rendered":"http:\/\/just-now.news\/de\/deutschland\/maduro-bezeichnet-eu-sanktionen-gegen-russland-als-wirtschaftlichen-selbstmord-fuer-die-welt\/"},"modified":"2022-06-03T07:42:55","modified_gmt":"2022-06-03T05:42:55","slug":"maduro-bezeichnet-eu-sanktionen-gegen-russland-als-wirtschaftlichen-selbstmord-fuer-die-welt","status":"publish","type":"post","link":"https:\/\/now-news.de\/de\/deutschland\/maduro-bezeichnet-eu-sanktionen-gegen-russland-als-wirtschaftlichen-selbstmord-fuer-die-welt\/","title":{"rendered":"Maduro bezeichnet EU-Sanktionen gegen Russland als &quot;wirtschaftlichen Selbstmord f\u00fcr die Welt&quot;"},"content":{"rendered":"<p><img decoding=\"async\" src=\"http:\/\/just-now.news\/de\/wp-content\/uploads\/sites\/3\/2022\/06\/6298ffd0b480cc1a35604bdc.jpg\" \/><\/p>\n<div class=\"Text-root Text-type_1 \">\n                Venezuelas Pr\u00e4sident Nicol\u00e1s Maduro kritisiert die EU-Sanktionen gegen Russland scharf. Maduro verweist auf die h\u00f6chste Inflationsrate seit 40 Jahren. Den europ\u00e4ischen Staats- und Regierungschefs wirft der s\u00fcdamerikanische Politiker Verantwortungslosigkeit vor.\n            <\/div>\n<p><\/p>\n<div class=\"Text-root Text-type_5 ArticleView-text ViewText-root \">\n<p>Der venezolanische Pr\u00e4sident Nicol\u00e1s Maduro hat am Dienstag in der ersten Folge seiner Sendung <em>3R.Live<\/em> die Strafma\u00dfnahmen der EU gegen Russland kritisiert. Er <a rel=\"nofollow noopener\" target=\"_blank\" href=\"http:\/\/www.mppef.gob.ve\/sanciones-de-la-ue-contra-rusia-es-un-suicidio-economico-para-el-mundo\/\">sprach<\/a> vom &#8220;wirtschaftlichen Selbstmord f\u00fcr die USA, Europa und die Welt&#8221;. Der s\u00fcdamerikanische Politiker wies darauf hin, dass die wegen der russischen Milit\u00e4roperation in der Ukraine verh\u00e4ngten Sanktionen inzwischen die &#8220;h\u00f6chste Inflation seit 40 Jahren&#8221; ausgel\u00f6st h\u00e4tten. Seiner Meinung nach sei diese Situation ein &#8220;Produkt des Hasses gegen Russland&#8221; und ein &#8220;Produkt der Verantwortungslosigkeit&#8221; der europ\u00e4ischen Staats- und Regierungschefs. Das neue Sanktionspaket der EU habe schon jetzt einen Bumerang-Effekt. Bei der Live-\u00dcbertragung in den sozialen Netzwerken klagte der Politiker: \u00a0\u00a0\u00a0\u00a0\u00a0\u00a0\u00a0\u00a0\u00a0<\/p>\n<blockquote>\n<p><em>&#8220;Der Erd\u00f6lpreis ist heute auf 123 US-Dollar pro Barrel nach oben geschossen und steigt weiter. Der Benzinpreis ist auf mehr als 330 US-Dollar pro Barrel nach oben geschossen und steigt weiter.\u00a0Zusammen mit den Preisen f\u00fcr Erd\u00f6l, Benzin und Nahrungsmitteln schnellt auch die Inflation in die H\u00f6he, was alle V\u00f6lker der Welt trifft.&#8221;<\/em><\/p>\n<\/blockquote>\n<p>Maduro bezeichnete die Ma\u00dfnahmen der EU als &#8220;Irrsinn&#8221; und forderte die europ\u00e4ischen Staats- und Regierungschefs dazu auf, die Folgen dieser Situation wiedergutzumachen. Ihm zufolge seien diese &#8220;verr\u00fcckten&#8221; Sanktionen gegen die V\u00f6lker gerichtet. Zugleich gab der venezolanische Pr\u00e4sident zu bedenken, dass die russische Wirtschaft und die russische W\u00e4hrung Rubel nach wie vor &#8220;stabil und stark&#8221; seien.<\/p>\n<blockquote>\n<p><em>&#8220;Das sagen alle Geld- und Finanzinstitutionen der Welt: Der Rubel hat sich aufgewertet und ist die st\u00e4rkste W\u00e4hrung \u2013 trotz der Sanktionen. Das muss alle Kriegstreiber und alle, die den globalen Wirtschaftskrieg f\u00fchren, die Russland sanktionieren und die uns sanktionieren, zum Nachdenken anregen.&#8221;<\/em><\/p>\n<\/blockquote>\n<p>Jedes Mal, wenn er von neuen Sanktionen gegen die russische Regierung h\u00f6re, frage er sich, wie weit diese Leute in ihrer wahnsinnigen Russophobie gehen w\u00fcrden.<\/p>\n<p>Zuvor hatten die EU-Staaten ihr sechstes Sanktionspaket gegen Russland beschlossen. Es sieht neben dem \u00d6l-Embargo vor, das gr\u00f6\u00dfte russische Geldhaus, die Sberbank, aus dem Finanzkommunikationsnetzwerk SWIFT auszuschlie\u00dfen. Zudem sollen mehrere russische Nachrichtensender in der EU verboten werden.<\/p>\n<p>Der wirtschaftlich besonders relevante Boykott gegen \u00d6llieferungen aus Russland zielt darauf ab, im kommenden Jahr auf dem Seeweg kein \u00d6l mehr in die EU zu lassen. Lediglich Ungarn, die Slowakei und Tschechien sollen wegen ihrer gro\u00dfen Abh\u00e4ngigkeit noch bis auf Weiteres Erd\u00f6l aus Russland \u00fcber die Druschba-Pipeline importieren d\u00fcrfen. Kommissionspr\u00e4sidentin Ursula von der Leyen zufolge werde die EU trotz der Ausnahme f\u00fcr Pipeline-Lieferungen bis Ende des Jahres rund 90 Prozent weniger \u00d6l aus Russland beziehen. Der formale Beschluss des Sanktionspakets soll an diesem Freitag erfolgen. Anschlie\u00dfend kann es im EU-Amtsblatt ver\u00f6ffentlicht werden und in Kraft treten.<\/p>\n<p><strong>Mehr zum Thema<\/strong> &#8211;\u00a0<a rel=\"nofollow noopener\" target=\"_blank\" href=\"https:\/\/de.rt.com\/amerika\/136413-sanktionen-gegen-russland-folgen-lateinamerika\/\">Die Sanktionen gegen Russland haben schwere wirtschaftliche Folgen f\u00fcr Lateinamerika<\/a><\/p>\n<\/p>\n<\/div>\n<p><br \/>\n<br \/><a href=\"https:\/\/de.rt.com\/amerika\/140077-maduro-bezeichnet-eu-sanktionen-gegen\/\">Source link <\/a><\/p>\n","protected":false},"excerpt":{"rendered":"<p>Venezuelas Pr\u00e4sident Nicol\u00e1s Maduro kritisiert die EU-Sanktionen gegen Russland scharf. Maduro verweist auf die h\u00f6chste Inflationsrate seit 40 Jahren. Den europ\u00e4ischen Staats- und Regierungschefs wirft der s\u00fcdamerikanische Politiker Verantwortungslosigkeit vor. Der venezolanische Pr\u00e4sident Nicol\u00e1s Maduro hat am Dienstag in der ersten Folge seiner Sendung 3R.Live die Strafma\u00dfnahmen der EU gegen Russland kritisiert. Er sprach vom [&hellip;]<\/p>\n","protected":false},"author":3,"featured_media":9677,"comment_status":"open","ping_status":"open","sticky":false,"template":"","format":"standard","meta":{"wp_automatic_camp":["217"],"55f517eb7e52dd96460bea2c9f8cf6ef":["Maduro bezeichnet EU-Sanktionen gegen Russland als &quot;wirtschaftlichen Selbstmord f\u00fcr die Welt&quot;"],"original_link":["https:\/\/de.rt.com\/amerika\/140077-maduro-bezeichnet-eu-sanktionen-gegen\/"],"_thumbnail_id":["9677"],"jnews_social_counter_last_update":["1777620798"],"_wptg_p2tg_sent2tg":["2022-06-03 07:56:30"]},"categories":[19,23],"tags":[273,7183,45,22596,221,278,22944,22945,126,8169,20107],"yoast_head":"<!-- This site is optimized with the Yoast SEO Premium plugin v22.7 (Yoast SEO v22.7) - https:\/\/yoast.com\/wordpress\/plugins\/seo\/ -->\n<title>Maduro bezeichnet EU-Sanktionen gegen Russland als &quot;wirtschaftlichen Selbstmord f\u00fcr die Welt&quot; - just-now.NEWS Deutschland<\/title>\n<meta name=\"robots\" content=\"index, follow, max-snippet:-1, max-image-preview:large, max-video-preview:-1\" \/>\n<link rel=\"canonical\" href=\"https:\/\/now-news.de\/de\/deutschland\/maduro-bezeichnet-eu-sanktionen-gegen-russland-als-wirtschaftlichen-selbstmord-fuer-die-welt\/\" \/>\n<meta property=\"og:locale\" content=\"de_DE\" \/>\n<meta property=\"og:type\" content=\"article\" \/>\n<meta property=\"og:title\" content=\"Maduro bezeichnet EU-Sanktionen gegen Russland als &quot;wirtschaftlichen Selbstmord f\u00fcr die Welt&quot;\" \/>\n<meta property=\"og:description\" content=\"Venezuelas Pr\u00e4sident Nicol\u00e1s Maduro kritisiert die EU-Sanktionen gegen Russland scharf. Maduro verweist auf die h\u00f6chste Inflationsrate seit 40 Jahren. Den europ\u00e4ischen Staats- und Regierungschefs wirft der s\u00fcdamerikanische Politiker Verantwortungslosigkeit vor. Der venezolanische Pr\u00e4sident Nicol\u00e1s Maduro hat am Dienstag in der ersten Folge seiner Sendung 3R.Live die Strafma\u00dfnahmen der EU gegen Russland kritisiert. Er sprach vom [&hellip;]\" \/>\n<meta property=\"og:url\" content=\"https:\/\/now-news.de\/de\/deutschland\/maduro-bezeichnet-eu-sanktionen-gegen-russland-als-wirtschaftlichen-selbstmord-fuer-die-welt\/\" \/>\n<meta property=\"og:site_name\" content=\"just-now.NEWS Deutschland\" \/>\n<meta property=\"article:publisher\" content=\"https:\/\/www.facebook.com\/wirmachenauf\" \/>\n<meta property=\"article:published_time\" content=\"2022-06-03T05:42:55+00:00\" \/>\n<meta property=\"og:image\" content=\"https:\/\/now-news.de\/de\/wp-content\/uploads\/sites\/3\/2022\/06\/Maduro-bezeichnet-EU-Sanktionen-gegen-Russland-als-quotwirtschaftlichen-Selbstmord-fuer-die.jpg\" \/>\n\t<meta property=\"og:image:width\" content=\"460\" \/>\n\t<meta property=\"og:image:height\" content=\"259\" \/>\n\t<meta property=\"og:image:type\" content=\"image\/jpeg\" \/>\n<meta name=\"author\" content=\"rtnews\" \/>\n<meta name=\"twitter:card\" content=\"summary_large_image\" \/>\n<meta name=\"twitter:creator\" content=\"@WirMachenAuf_de\" \/>\n<meta name=\"twitter:site\" content=\"@WirMachenAuf_de\" \/>\n<meta name=\"twitter:label1\" content=\"Verfasst von\" \/>\n\t<meta name=\"twitter:data1\" content=\"rtnews\" \/>\n\t<meta name=\"twitter:label2\" content=\"Gesch\u00e4tzte Lesezeit\" \/>\n\t<meta name=\"twitter:data2\" content=\"2\u00a0Minuten\" \/>\n<script type=\"application\/ld+json\" class=\"yoast-schema-graph\">{\"@context\":\"https:\/\/schema.org\",\"@graph\":[{\"@type\":\"Article\",\"@id\":\"https:\/\/now-news.de\/de\/deutschland\/maduro-bezeichnet-eu-sanktionen-gegen-russland-als-wirtschaftlichen-selbstmord-fuer-die-welt\/#article\",\"isPartOf\":{\"@id\":\"https:\/\/now-news.de\/de\/deutschland\/maduro-bezeichnet-eu-sanktionen-gegen-russland-als-wirtschaftlichen-selbstmord-fuer-die-welt\/\"},\"author\":{\"name\":\"rtnews\",\"@id\":\"https:\/\/now-news.de\/de\/#\/schema\/person\/fb534a4e865501d8b3285208df34a9b5\"},\"headline\":\"Maduro bezeichnet EU-Sanktionen gegen Russland als &quot;wirtschaftlichen Selbstmord f\u00fcr die Welt&quot;\",\"datePublished\":\"2022-06-03T05:42:55+00:00\",\"dateModified\":\"2022-06-03T05:42:55+00:00\",\"mainEntityOfPage\":{\"@id\":\"https:\/\/now-news.de\/de\/deutschland\/maduro-bezeichnet-eu-sanktionen-gegen-russland-als-wirtschaftlichen-selbstmord-fuer-die-welt\/\"},\"wordCount\":511,\"commentCount\":0,\"publisher\":{\"@id\":\"https:\/\/now-news.de\/de\/#organization\"},\"image\":{\"@id\":\"https:\/\/now-news.de\/de\/deutschland\/maduro-bezeichnet-eu-sanktionen-gegen-russland-als-wirtschaftlichen-selbstmord-fuer-die-welt\/#primaryimage\"},\"thumbnailUrl\":\"https:\/\/now-news.de\/de\/wp-content\/uploads\/sites\/3\/2022\/06\/Maduro-bezeichnet-EU-Sanktionen-gegen-Russland-als-quotwirtschaftlichen-Selbstmord-fuer-die.jpg\",\"keywords\":[\"als\",\"bezeichnet\",\"die\",\"EUSanktionen\",\"f\u00fcr\",\"gegen\",\"Maduro\",\"quotwirtschaftlichen\",\"russland\",\"Selbstmord\",\"Weltquot\"],\"articleSection\":[\"Deutschland\",\"Russland\"],\"inLanguage\":\"de\",\"potentialAction\":[{\"@type\":\"CommentAction\",\"name\":\"Comment\",\"target\":[\"https:\/\/now-news.de\/de\/deutschland\/maduro-bezeichnet-eu-sanktionen-gegen-russland-als-wirtschaftlichen-selbstmord-fuer-die-welt\/#respond\"]}]},{\"@type\":\"WebPage\",\"@id\":\"https:\/\/now-news.de\/de\/deutschland\/maduro-bezeichnet-eu-sanktionen-gegen-russland-als-wirtschaftlichen-selbstmord-fuer-die-welt\/\",\"url\":\"https:\/\/now-news.de\/de\/deutschland\/maduro-bezeichnet-eu-sanktionen-gegen-russland-als-wirtschaftlichen-selbstmord-fuer-die-welt\/\",\"name\":\"Maduro bezeichnet EU-Sanktionen gegen Russland als &quot;wirtschaftlichen Selbstmord f\u00fcr die Welt&quot; - just-now.NEWS Deutschland\",\"isPartOf\":{\"@id\":\"https:\/\/now-news.de\/de\/#website\"},\"primaryImageOfPage\":{\"@id\":\"https:\/\/now-news.de\/de\/deutschland\/maduro-bezeichnet-eu-sanktionen-gegen-russland-als-wirtschaftlichen-selbstmord-fuer-die-welt\/#primaryimage\"},\"image\":{\"@id\":\"https:\/\/now-news.de\/de\/deutschland\/maduro-bezeichnet-eu-sanktionen-gegen-russland-als-wirtschaftlichen-selbstmord-fuer-die-welt\/#primaryimage\"},\"thumbnailUrl\":\"https:\/\/now-news.de\/de\/wp-content\/uploads\/sites\/3\/2022\/06\/Maduro-bezeichnet-EU-Sanktionen-gegen-Russland-als-quotwirtschaftlichen-Selbstmord-fuer-die.jpg\",\"datePublished\":\"2022-06-03T05:42:55+00:00\",\"dateModified\":\"2022-06-03T05:42:55+00:00\",\"breadcrumb\":{\"@id\":\"https:\/\/now-news.de\/de\/deutschland\/maduro-bezeichnet-eu-sanktionen-gegen-russland-als-wirtschaftlichen-selbstmord-fuer-die-welt\/#breadcrumb\"},\"inLanguage\":\"de\",\"potentialAction\":[{\"@type\":\"ReadAction\",\"target\":[\"https:\/\/now-news.de\/de\/deutschland\/maduro-bezeichnet-eu-sanktionen-gegen-russland-als-wirtschaftlichen-selbstmord-fuer-die-welt\/\"]}]},{\"@type\":\"ImageObject\",\"inLanguage\":\"de\",\"@id\":\"https:\/\/now-news.de\/de\/deutschland\/maduro-bezeichnet-eu-sanktionen-gegen-russland-als-wirtschaftlichen-selbstmord-fuer-die-welt\/#primaryimage\",\"url\":\"https:\/\/now-news.de\/de\/wp-content\/uploads\/sites\/3\/2022\/06\/Maduro-bezeichnet-EU-Sanktionen-gegen-Russland-als-quotwirtschaftlichen-Selbstmord-fuer-die.jpg\",\"contentUrl\":\"https:\/\/now-news.de\/de\/wp-content\/uploads\/sites\/3\/2022\/06\/Maduro-bezeichnet-EU-Sanktionen-gegen-Russland-als-quotwirtschaftlichen-Selbstmord-fuer-die.jpg\",\"width\":460,\"height\":259,\"caption\":\"Maduro bezeichnet EU-Sanktionen gegen Russland als &quot;wirtschaftlichen Selbstmord f\u00fcr die Welt&quot;\"},{\"@type\":\"BreadcrumbList\",\"@id\":\"https:\/\/now-news.de\/de\/deutschland\/maduro-bezeichnet-eu-sanktionen-gegen-russland-als-wirtschaftlichen-selbstmord-fuer-die-welt\/#breadcrumb\",\"itemListElement\":[{\"@type\":\"ListItem\",\"position\":1,\"name\":\"Home\",\"item\":\"https:\/\/now-news.de\/de\/\"},{\"@type\":\"ListItem\",\"position\":2,\"name\":\"Maduro bezeichnet EU-Sanktionen gegen Russland als &quot;wirtschaftlichen Selbstmord f\u00fcr die Welt&quot;\"}]},{\"@type\":\"WebSite\",\"@id\":\"https:\/\/now-news.de\/de\/#website\",\"url\":\"https:\/\/now-news.de\/de\/\",\"name\":\"just-now.NEWS Deutschland\",\"description\":\"Das Portal f\u00fcr unzensierte Nachrichten aus der Welt\",\"publisher\":{\"@id\":\"https:\/\/now-news.de\/de\/#organization\"},\"potentialAction\":[{\"@type\":\"SearchAction\",\"target\":{\"@type\":\"EntryPoint\",\"urlTemplate\":\"https:\/\/now-news.de\/de\/?s={search_term_string}\"},\"query-input\":\"required name=search_term_string\"}],\"inLanguage\":\"de\"},{\"@type\":\"Organization\",\"@id\":\"https:\/\/now-news.de\/de\/#organization\",\"name\":\"Just Now News\",\"url\":\"https:\/\/now-news.de\/de\/\",\"logo\":{\"@type\":\"ImageObject\",\"inLanguage\":\"de\",\"@id\":\"https:\/\/now-news.de\/de\/#\/schema\/logo\/image\/\",\"url\":\"http:\/\/just-now.news\/de\/wp-content\/uploads\/sites\/3\/2022\/04\/logo500x500.jpg\",\"contentUrl\":\"http:\/\/just-now.news\/de\/wp-content\/uploads\/sites\/3\/2022\/04\/logo500x500.jpg\",\"width\":500,\"height\":500,\"caption\":\"Just Now News\"},\"image\":{\"@id\":\"https:\/\/now-news.de\/de\/#\/schema\/logo\/image\/\"},\"sameAs\":[\"https:\/\/www.facebook.com\/wirmachenauf\",\"https:\/\/x.com\/WirMachenAuf_de\"]},{\"@type\":\"Person\",\"@id\":\"https:\/\/now-news.de\/de\/#\/schema\/person\/fb534a4e865501d8b3285208df34a9b5\",\"name\":\"rtnews\",\"image\":{\"@type\":\"ImageObject\",\"inLanguage\":\"de\",\"@id\":\"https:\/\/now-news.de\/de\/#\/schema\/person\/image\/\",\"url\":\"https:\/\/secure.gravatar.com\/avatar\/82aafea7d8127119dd649515f56e2117?s=96&d=mm&r=g\",\"contentUrl\":\"https:\/\/secure.gravatar.com\/avatar\/82aafea7d8127119dd649515f56e2117?s=96&d=mm&r=g\",\"caption\":\"rtnews\"},\"url\":\"https:\/\/now-news.de\/de\/author\/rnews\/\"}]}<\/script>\n<!-- \/ Yoast SEO Premium plugin. -->","yoast_head_json":{"title":"Maduro bezeichnet EU-Sanktionen gegen Russland als &quot;wirtschaftlichen Selbstmord f\u00fcr die Welt&quot; - just-now.NEWS Deutschland","robots":{"index":"index","follow":"follow","max-snippet":"max-snippet:-1","max-image-preview":"max-image-preview:large","max-video-preview":"max-video-preview:-1"},"canonical":"https:\/\/now-news.de\/de\/deutschland\/maduro-bezeichnet-eu-sanktionen-gegen-russland-als-wirtschaftlichen-selbstmord-fuer-die-welt\/","og_locale":"de_DE","og_type":"article","og_title":"Maduro bezeichnet EU-Sanktionen gegen Russland als &quot;wirtschaftlichen Selbstmord f\u00fcr die Welt&quot;","og_description":"Venezuelas Pr\u00e4sident Nicol\u00e1s Maduro kritisiert die EU-Sanktionen gegen Russland scharf. Maduro verweist auf die h\u00f6chste Inflationsrate seit 40 Jahren. Den europ\u00e4ischen Staats- und Regierungschefs wirft der s\u00fcdamerikanische Politiker Verantwortungslosigkeit vor. Der venezolanische Pr\u00e4sident Nicol\u00e1s Maduro hat am Dienstag in der ersten Folge seiner Sendung 3R.Live die Strafma\u00dfnahmen der EU gegen Russland kritisiert. Er sprach vom [&hellip;]","og_url":"https:\/\/now-news.de\/de\/deutschland\/maduro-bezeichnet-eu-sanktionen-gegen-russland-als-wirtschaftlichen-selbstmord-fuer-die-welt\/","og_site_name":"just-now.NEWS Deutschland","article_publisher":"https:\/\/www.facebook.com\/wirmachenauf","article_published_time":"2022-06-03T05:42:55+00:00","og_image":[{"width":460,"height":259,"url":"https:\/\/now-news.de\/de\/wp-content\/uploads\/sites\/3\/2022\/06\/Maduro-bezeichnet-EU-Sanktionen-gegen-Russland-als-quotwirtschaftlichen-Selbstmord-fuer-die.jpg","type":"image\/jpeg"}],"author":"rtnews","twitter_card":"summary_large_image","twitter_creator":"@WirMachenAuf_de","twitter_site":"@WirMachenAuf_de","twitter_misc":{"Verfasst von":"rtnews","Gesch\u00e4tzte Lesezeit":"2\u00a0Minuten"},"schema":{"@context":"https:\/\/schema.org","@graph":[{"@type":"Article","@id":"https:\/\/now-news.de\/de\/deutschland\/maduro-bezeichnet-eu-sanktionen-gegen-russland-als-wirtschaftlichen-selbstmord-fuer-die-welt\/#article","isPartOf":{"@id":"https:\/\/now-news.de\/de\/deutschland\/maduro-bezeichnet-eu-sanktionen-gegen-russland-als-wirtschaftlichen-selbstmord-fuer-die-welt\/"},"author":{"name":"rtnews","@id":"https:\/\/now-news.de\/de\/#\/schema\/person\/fb534a4e865501d8b3285208df34a9b5"},"headline":"Maduro bezeichnet EU-Sanktionen gegen Russland als &quot;wirtschaftlichen Selbstmord f\u00fcr die Welt&quot;","datePublished":"2022-06-03T05:42:55+00:00","dateModified":"2022-06-03T05:42:55+00:00","mainEntityOfPage":{"@id":"https:\/\/now-news.de\/de\/deutschland\/maduro-bezeichnet-eu-sanktionen-gegen-russland-als-wirtschaftlichen-selbstmord-fuer-die-welt\/"},"wordCount":511,"commentCount":0,"publisher":{"@id":"https:\/\/now-news.de\/de\/#organization"},"image":{"@id":"https:\/\/now-news.de\/de\/deutschland\/maduro-bezeichnet-eu-sanktionen-gegen-russland-als-wirtschaftlichen-selbstmord-fuer-die-welt\/#primaryimage"},"thumbnailUrl":"https:\/\/now-news.de\/de\/wp-content\/uploads\/sites\/3\/2022\/06\/Maduro-bezeichnet-EU-Sanktionen-gegen-Russland-als-quotwirtschaftlichen-Selbstmord-fuer-die.jpg","keywords":["als","bezeichnet","die","EUSanktionen","f\u00fcr","gegen","Maduro","quotwirtschaftlichen","russland","Selbstmord","Weltquot"],"articleSection":["Deutschland","Russland"],"inLanguage":"de","potentialAction":[{"@type":"CommentAction","name":"Comment","target":["https:\/\/now-news.de\/de\/deutschland\/maduro-bezeichnet-eu-sanktionen-gegen-russland-als-wirtschaftlichen-selbstmord-fuer-die-welt\/#respond"]}]},{"@type":"WebPage","@id":"https:\/\/now-news.de\/de\/deutschland\/maduro-bezeichnet-eu-sanktionen-gegen-russland-als-wirtschaftlichen-selbstmord-fuer-die-welt\/","url":"https:\/\/now-news.de\/de\/deutschland\/maduro-bezeichnet-eu-sanktionen-gegen-russland-als-wirtschaftlichen-selbstmord-fuer-die-welt\/","name":"Maduro bezeichnet EU-Sanktionen gegen Russland als &quot;wirtschaftlichen Selbstmord f\u00fcr die Welt&quot; - just-now.NEWS Deutschland","isPartOf":{"@id":"https:\/\/now-news.de\/de\/#website"},"primaryImageOfPage":{"@id":"https:\/\/now-news.de\/de\/deutschland\/maduro-bezeichnet-eu-sanktionen-gegen-russland-als-wirtschaftlichen-selbstmord-fuer-die-welt\/#primaryimage"},"image":{"@id":"https:\/\/now-news.de\/de\/deutschland\/maduro-bezeichnet-eu-sanktionen-gegen-russland-als-wirtschaftlichen-selbstmord-fuer-die-welt\/#primaryimage"},"thumbnailUrl":"https:\/\/now-news.de\/de\/wp-content\/uploads\/sites\/3\/2022\/06\/Maduro-bezeichnet-EU-Sanktionen-gegen-Russland-als-quotwirtschaftlichen-Selbstmord-fuer-die.jpg","datePublished":"2022-06-03T05:42:55+00:00","dateModified":"2022-06-03T05:42:55+00:00","breadcrumb":{"@id":"https:\/\/now-news.de\/de\/deutschland\/maduro-bezeichnet-eu-sanktionen-gegen-russland-als-wirtschaftlichen-selbstmord-fuer-die-welt\/#breadcrumb"},"inLanguage":"de","potentialAction":[{"@type":"ReadAction","target":["https:\/\/now-news.de\/de\/deutschland\/maduro-bezeichnet-eu-sanktionen-gegen-russland-als-wirtschaftlichen-selbstmord-fuer-die-welt\/"]}]},{"@type":"ImageObject","inLanguage":"de","@id":"https:\/\/now-news.de\/de\/deutschland\/maduro-bezeichnet-eu-sanktionen-gegen-russland-als-wirtschaftlichen-selbstmord-fuer-die-welt\/#primaryimage","url":"https:\/\/now-news.de\/de\/wp-content\/uploads\/sites\/3\/2022\/06\/Maduro-bezeichnet-EU-Sanktionen-gegen-Russland-als-quotwirtschaftlichen-Selbstmord-fuer-die.jpg","contentUrl":"https:\/\/now-news.de\/de\/wp-content\/uploads\/sites\/3\/2022\/06\/Maduro-bezeichnet-EU-Sanktionen-gegen-Russland-als-quotwirtschaftlichen-Selbstmord-fuer-die.jpg","width":460,"height":259,"caption":"Maduro bezeichnet EU-Sanktionen gegen Russland als &quot;wirtschaftlichen Selbstmord f\u00fcr die Welt&quot;"},{"@type":"BreadcrumbList","@id":"https:\/\/now-news.de\/de\/deutschland\/maduro-bezeichnet-eu-sanktionen-gegen-russland-als-wirtschaftlichen-selbstmord-fuer-die-welt\/#breadcrumb","itemListElement":[{"@type":"ListItem","position":1,"name":"Home","item":"https:\/\/now-news.de\/de\/"},{"@type":"ListItem","position":2,"name":"Maduro bezeichnet EU-Sanktionen gegen Russland als &quot;wirtschaftlichen Selbstmord f\u00fcr die Welt&quot;"}]},{"@type":"WebSite","@id":"https:\/\/now-news.de\/de\/#website","url":"https:\/\/now-news.de\/de\/","name":"just-now.NEWS Deutschland","description":"Das Portal f\u00fcr unzensierte Nachrichten aus der Welt","publisher":{"@id":"https:\/\/now-news.de\/de\/#organization"},"potentialAction":[{"@type":"SearchAction","target":{"@type":"EntryPoint","urlTemplate":"https:\/\/now-news.de\/de\/?s={search_term_string}"},"query-input":"required name=search_term_string"}],"inLanguage":"de"},{"@type":"Organization","@id":"https:\/\/now-news.de\/de\/#organization","name":"Just Now News","url":"https:\/\/now-news.de\/de\/","logo":{"@type":"ImageObject","inLanguage":"de","@id":"https:\/\/now-news.de\/de\/#\/schema\/logo\/image\/","url":"http:\/\/just-now.news\/de\/wp-content\/uploads\/sites\/3\/2022\/04\/logo500x500.jpg","contentUrl":"http:\/\/just-now.news\/de\/wp-content\/uploads\/sites\/3\/2022\/04\/logo500x500.jpg","width":500,"height":500,"caption":"Just Now News"},"image":{"@id":"https:\/\/now-news.de\/de\/#\/schema\/logo\/image\/"},"sameAs":["https:\/\/www.facebook.com\/wirmachenauf","https:\/\/x.com\/WirMachenAuf_de"]},{"@type":"Person","@id":"https:\/\/now-news.de\/de\/#\/schema\/person\/fb534a4e865501d8b3285208df34a9b5","name":"rtnews","image":{"@type":"ImageObject","inLanguage":"de","@id":"https:\/\/now-news.de\/de\/#\/schema\/person\/image\/","url":"https:\/\/secure.gravatar.com\/avatar\/82aafea7d8127119dd649515f56e2117?s=96&d=mm&r=g","contentUrl":"https:\/\/secure.gravatar.com\/avatar\/82aafea7d8127119dd649515f56e2117?s=96&d=mm&r=g","caption":"rtnews"},"url":"https:\/\/now-news.de\/de\/author\/rnews\/"}]}},"_links":{"self":[{"href":"https:\/\/now-news.de\/de\/wp-json\/wp\/v2\/posts\/9676"}],"collection":[{"href":"https:\/\/now-news.de\/de\/wp-json\/wp\/v2\/posts"}],"about":[{"href":"https:\/\/now-news.de\/de\/wp-json\/wp\/v2\/types\/post"}],"author":[{"embeddable":true,"href":"https:\/\/now-news.de\/de\/wp-json\/wp\/v2\/users\/3"}],"replies":[{"embeddable":true,"href":"https:\/\/now-news.de\/de\/wp-json\/wp\/v2\/comments?post=9676"}],"version-history":[{"count":0,"href":"https:\/\/now-news.de\/de\/wp-json\/wp\/v2\/posts\/9676\/revisions"}],"wp:featuredmedia":[{"embeddable":true,"href":"https:\/\/now-news.de\/de\/wp-json\/wp\/v2\/media\/9677"}],"wp:attachment":[{"href":"https:\/\/now-news.de\/de\/wp-json\/wp\/v2\/media?parent=9676"}],"wp:term":[{"taxonomy":"category","embeddable":true,"href":"https:\/\/now-news.de\/de\/wp-json\/wp\/v2\/categories?post=9676"},{"taxonomy":"post_tag","embeddable":true,"href":"https:\/\/now-news.de\/de\/wp-json\/wp\/v2\/tags?post=9676"}],"curies":[{"name":"wp","href":"https:\/\/api.w.org\/{rel}","templated":true}]}}