{"id":96702,"date":"2026-01-01T18:30:04","date_gmt":"2026-01-01T16:30:04","guid":{"rendered":"https:\/\/now-news.de\/de\/deutschland\/wiesbaden-ein-toter-nach-messerstecherei-in-der-neujahrsnacht-zwei-tatverdaechtige-festgenommen\/"},"modified":"2026-01-01T18:30:04","modified_gmt":"2026-01-01T16:30:04","slug":"wiesbaden-ein-toter-nach-messerstecherei-in-der-neujahrsnacht-zwei-tatverdaechtige-festgenommen","status":"publish","type":"post","link":"https:\/\/now-news.de\/de\/deutschland\/wiesbaden-ein-toter-nach-messerstecherei-in-der-neujahrsnacht-zwei-tatverdaechtige-festgenommen\/","title":{"rendered":"Wiesbaden: Ein Toter nach Messerstecherei in der Neujahrsnacht \u2013 zwei Tatverd\u00e4chtige festgenommen"},"content":{"rendered":"<p><img decoding=\"async\" src=\"https:\/\/now-news.de\/de\/wp-content\/uploads\/sites\/3\/2026\/01\/69569627b480cc6caf7a2190.jpg\" \/><\/p>\n<div class=\"Text-root Text-type_1 \">\n                In Wiesbaden kam es in der Neujahrsnacht zu einer Messerstecherei, in deren Folge ein junger Mann verstarb und ein weiterer schwer verletzt wurde. Im Rahmen der Fahndungen konnte die Polizei zwei Tatverd\u00e4chtige festnehmen. Die Ermittlungen dauern an.\n            <\/div>\n<p><\/p>\n<div class=\"Text-root Text-type_5 ArticleView-text ViewText-root \">\n<p>Wie der <em>Hessische Rundfunk<\/em> berichtet, ist es in Wiesbaden kurz nach Mitternacht zu einem Streit zwischen mehreren Personen gekommen, wie ein Polizeisprecher am <a rel=\"nofollow noopener\" target=\"_blank\" href=\"https:\/\/freedert.online\/inland\/266285-silvesternacht-in-deutschland-tote-und\/\">Neujahrsmorgen<\/a> mitteilte. Bei der k\u00f6rperlichen Auseinandersetzung, die sich am &#8220;Hirschgraben&#8221; ereignete, wurden zwei M\u00e4nner verletzt, wie Zeugen meldeten.<\/p>\n<p>Dabei wurde ein 23-J\u00e4hriger mit einem Messer so schwer verwundet, dass er noch vor Ort verstarb, so die Angaben der Polizei.<\/p>\n<p>Der andere junge Mann im Alter von 22 Jahren wurde schwerverletzt von Rettungskr\u00e4ften in ein nahegelegenes Krankenhaus gebracht. In seinem Fall bestehe derzeit &#8220;keine Lebensgefahr\u201c, erg\u00e4nzte der Sprecher.<\/p>\n<p>Der Einsatz begann, als gegen 00:10 Uhr der Polizei gemeldet wurde, dass eine Person mit einem Messer verletzt worden sei. Umgehend seien Polizei- und Rettungskr\u00e4fte entsandt worden. So konnte die Polizei zwei Tatverd\u00e4chtige ermitteln und die beiden 22-J\u00e4hrigen festnehmen. &#8220;Die Ermittlungen zu den Hintergr\u00fcnden sowie dem Ablauf der Tat dauern weiter an&#8221;, teilten Staatsanwaltschaft und Polizei mit.<\/p>\n<p>Die beiden Tatverd\u00e4chtigen befinden sich zurzeit noch im Polizeigewahrsam.<\/p>\n<p>Zeugen, die Angaben zum Tathergang machen k\u00f6nnen, wurden aufgerufen, sich bei der Polizei zu melden.<\/p>\n<p><strong>Mehr zum Thema<\/strong> \u2013\u00a0<a rel=\"nofollow noopener\" target=\"_blank\" href=\"https:\/\/freedert.online\/inland\/264160-10000-exilsyrer-feiern-in-essen\/\">10.000 Exilsyrer &#8220;feiern&#8221; in Essen Jahrestag von Assads Sturz: Messerattacke inklusive<\/a><\/p>\n<div class=\"EmbedBlock-root EmbedBlock-externalVideo EmbedBlock-rumble\">\n<div class=\"VkEmbed\"><iframe class=\"lazyload\" data-src=\"https:\/\/rumble.com\/embed\/v71jlzu\" frameborder=\"0\" width=\"853\" height=\"480\" allowfullscreen><\/iframe><\/div>\n<\/div>\n<\/div>\n<p><br \/>\n<br \/><a href=\"https:\/\/de.rt.com\/gesellschaft\/266311-wiesbaden-toter-nach-messerstecherei-in\/\">Source link <\/a><\/p>\n","protected":false},"excerpt":{"rendered":"<p>In Wiesbaden kam es in der Neujahrsnacht zu einer Messerstecherei, in deren Folge ein junger Mann verstarb und ein weiterer schwer verletzt wurde. Im Rahmen der Fahndungen konnte die Polizei zwei Tatverd\u00e4chtige festnehmen. Die Ermittlungen dauern an. Wie der Hessische Rundfunk berichtet, ist es in Wiesbaden kurz nach Mitternacht zu einem Streit zwischen mehreren Personen [&hellip;]<\/p>\n","protected":false},"author":3,"featured_media":96703,"comment_status":"open","ping_status":"open","sticky":false,"template":"","format":"standard","meta":{"_yoast_indexnow_last_ping":["1767285303"],"wp_automatic_camp":["217"],"a485619bd431b439d9d8ca4fc6d41a98":["Wiesbaden: Ein Toter nach Messerstecherei in der Neujahrsnacht \u2013 zwei Tatverd\u00e4chtige festgenommen"],"original_link":["https:\/\/de.rt.com\/gesellschaft\/266311-wiesbaden-toter-nach-messerstecherei-in\/"],"_thumbnail_id":["96703"],"jnews_social_counter_last_update":["1777397989"],"_wptgpro_p2tg_sent2tg":["a:1:{i:23737;s:19:\"2026-01-01 18:36:04\";}"]},"categories":[19,23],"tags":[82,357,1356,27890,979,61516,29764,24841,33733,1003],"yoast_head":"<!-- This site is optimized with the Yoast SEO Premium plugin v22.7 (Yoast SEO v22.7) - https:\/\/yoast.com\/wordpress\/plugins\/seo\/ -->\n<title>Wiesbaden: Ein Toter nach Messerstecherei in der Neujahrsnacht \u2013 zwei Tatverd\u00e4chtige festgenommen - just-now.NEWS Deutschland<\/title>\n<meta name=\"robots\" content=\"index, follow, max-snippet:-1, max-image-preview:large, max-video-preview:-1\" \/>\n<link rel=\"canonical\" href=\"https:\/\/now-news.de\/de\/deutschland\/wiesbaden-ein-toter-nach-messerstecherei-in-der-neujahrsnacht-zwei-tatverdaechtige-festgenommen\/\" \/>\n<meta property=\"og:locale\" content=\"de_DE\" \/>\n<meta property=\"og:type\" content=\"article\" \/>\n<meta property=\"og:title\" content=\"Wiesbaden: Ein Toter nach Messerstecherei in der Neujahrsnacht \u2013 zwei Tatverd\u00e4chtige festgenommen\" \/>\n<meta property=\"og:description\" content=\"In Wiesbaden kam es in der Neujahrsnacht zu einer Messerstecherei, in deren Folge ein junger Mann verstarb und ein weiterer schwer verletzt wurde. Im Rahmen der Fahndungen konnte die Polizei zwei Tatverd\u00e4chtige festnehmen. Die Ermittlungen dauern an. Wie der Hessische Rundfunk berichtet, ist es in Wiesbaden kurz nach Mitternacht zu einem Streit zwischen mehreren Personen [&hellip;]\" \/>\n<meta property=\"og:url\" content=\"https:\/\/now-news.de\/de\/deutschland\/wiesbaden-ein-toter-nach-messerstecherei-in-der-neujahrsnacht-zwei-tatverdaechtige-festgenommen\/\" \/>\n<meta property=\"og:site_name\" content=\"just-now.NEWS Deutschland\" \/>\n<meta property=\"article:publisher\" content=\"https:\/\/www.facebook.com\/wirmachenauf\" \/>\n<meta property=\"article:published_time\" content=\"2026-01-01T16:30:04+00:00\" \/>\n<meta property=\"og:image\" content=\"https:\/\/now-news.de\/de\/wp-content\/uploads\/sites\/3\/2026\/01\/69569627b480cc6caf7a2190.jpg\" \/>\n<meta name=\"author\" content=\"rtnews\" \/>\n<meta name=\"twitter:card\" content=\"summary_large_image\" \/>\n<meta name=\"twitter:creator\" content=\"@WirMachenAuf_de\" \/>\n<meta name=\"twitter:site\" content=\"@WirMachenAuf_de\" \/>\n<meta name=\"twitter:label1\" content=\"Verfasst von\" \/>\n\t<meta name=\"twitter:data1\" content=\"rtnews\" \/>\n\t<meta name=\"twitter:label2\" content=\"Gesch\u00e4tzte Lesezeit\" \/>\n\t<meta name=\"twitter:data2\" content=\"1\u00a0Minute\" \/>\n<script type=\"application\/ld+json\" class=\"yoast-schema-graph\">{\"@context\":\"https:\/\/schema.org\",\"@graph\":[{\"@type\":\"Article\",\"@id\":\"https:\/\/now-news.de\/de\/deutschland\/wiesbaden-ein-toter-nach-messerstecherei-in-der-neujahrsnacht-zwei-tatverdaechtige-festgenommen\/#article\",\"isPartOf\":{\"@id\":\"https:\/\/now-news.de\/de\/deutschland\/wiesbaden-ein-toter-nach-messerstecherei-in-der-neujahrsnacht-zwei-tatverdaechtige-festgenommen\/\"},\"author\":{\"name\":\"rtnews\",\"@id\":\"https:\/\/now-news.de\/de\/#\/schema\/person\/fb534a4e865501d8b3285208df34a9b5\"},\"headline\":\"Wiesbaden: Ein Toter nach Messerstecherei in der Neujahrsnacht \u2013 zwei Tatverd\u00e4chtige festgenommen\",\"datePublished\":\"2026-01-01T16:30:04+00:00\",\"dateModified\":\"2026-01-01T16:30:04+00:00\",\"mainEntityOfPage\":{\"@id\":\"https:\/\/now-news.de\/de\/deutschland\/wiesbaden-ein-toter-nach-messerstecherei-in-der-neujahrsnacht-zwei-tatverdaechtige-festgenommen\/\"},\"wordCount\":246,\"commentCount\":0,\"publisher\":{\"@id\":\"https:\/\/now-news.de\/de\/#organization\"},\"image\":{\"@id\":\"https:\/\/now-news.de\/de\/deutschland\/wiesbaden-ein-toter-nach-messerstecherei-in-der-neujahrsnacht-zwei-tatverdaechtige-festgenommen\/#primaryimage\"},\"thumbnailUrl\":\"https:\/\/now-news.de\/de\/wp-content\/uploads\/sites\/3\/2026\/01\/Wiesbaden-Ein-Toter-nach-Messerstecherei-in-der-Neujahrsnacht-\u2013-zwei.jpg\",\"keywords\":[\"der\",\"ein\",\"festgenommen\",\"Messerstecherei\",\"nach\",\"Neujahrsnacht\",\"Tatverd\u00e4chtige\",\"Toter\",\"Wiesbaden\",\"zwei\"],\"articleSection\":[\"Deutschland\",\"Russland\"],\"inLanguage\":\"de\",\"potentialAction\":[{\"@type\":\"CommentAction\",\"name\":\"Comment\",\"target\":[\"https:\/\/now-news.de\/de\/deutschland\/wiesbaden-ein-toter-nach-messerstecherei-in-der-neujahrsnacht-zwei-tatverdaechtige-festgenommen\/#respond\"]}]},{\"@type\":\"WebPage\",\"@id\":\"https:\/\/now-news.de\/de\/deutschland\/wiesbaden-ein-toter-nach-messerstecherei-in-der-neujahrsnacht-zwei-tatverdaechtige-festgenommen\/\",\"url\":\"https:\/\/now-news.de\/de\/deutschland\/wiesbaden-ein-toter-nach-messerstecherei-in-der-neujahrsnacht-zwei-tatverdaechtige-festgenommen\/\",\"name\":\"Wiesbaden: Ein Toter nach Messerstecherei in der Neujahrsnacht \u2013 zwei Tatverd\u00e4chtige festgenommen - just-now.NEWS Deutschland\",\"isPartOf\":{\"@id\":\"https:\/\/now-news.de\/de\/#website\"},\"primaryImageOfPage\":{\"@id\":\"https:\/\/now-news.de\/de\/deutschland\/wiesbaden-ein-toter-nach-messerstecherei-in-der-neujahrsnacht-zwei-tatverdaechtige-festgenommen\/#primaryimage\"},\"image\":{\"@id\":\"https:\/\/now-news.de\/de\/deutschland\/wiesbaden-ein-toter-nach-messerstecherei-in-der-neujahrsnacht-zwei-tatverdaechtige-festgenommen\/#primaryimage\"},\"thumbnailUrl\":\"https:\/\/now-news.de\/de\/wp-content\/uploads\/sites\/3\/2026\/01\/Wiesbaden-Ein-Toter-nach-Messerstecherei-in-der-Neujahrsnacht-\u2013-zwei.jpg\",\"datePublished\":\"2026-01-01T16:30:04+00:00\",\"dateModified\":\"2026-01-01T16:30:04+00:00\",\"breadcrumb\":{\"@id\":\"https:\/\/now-news.de\/de\/deutschland\/wiesbaden-ein-toter-nach-messerstecherei-in-der-neujahrsnacht-zwei-tatverdaechtige-festgenommen\/#breadcrumb\"},\"inLanguage\":\"de\",\"potentialAction\":[{\"@type\":\"ReadAction\",\"target\":[\"https:\/\/now-news.de\/de\/deutschland\/wiesbaden-ein-toter-nach-messerstecherei-in-der-neujahrsnacht-zwei-tatverdaechtige-festgenommen\/\"]}]},{\"@type\":\"ImageObject\",\"inLanguage\":\"de\",\"@id\":\"https:\/\/now-news.de\/de\/deutschland\/wiesbaden-ein-toter-nach-messerstecherei-in-der-neujahrsnacht-zwei-tatverdaechtige-festgenommen\/#primaryimage\",\"url\":\"https:\/\/now-news.de\/de\/wp-content\/uploads\/sites\/3\/2026\/01\/Wiesbaden-Ein-Toter-nach-Messerstecherei-in-der-Neujahrsnacht-\u2013-zwei.jpg\",\"contentUrl\":\"https:\/\/now-news.de\/de\/wp-content\/uploads\/sites\/3\/2026\/01\/Wiesbaden-Ein-Toter-nach-Messerstecherei-in-der-Neujahrsnacht-\u2013-zwei.jpg\",\"width\":460,\"height\":259,\"caption\":\"Wiesbaden: Ein Toter nach Messerstecherei in der Neujahrsnacht \u2013 zwei Tatverd\u00e4chtige festgenommen\"},{\"@type\":\"BreadcrumbList\",\"@id\":\"https:\/\/now-news.de\/de\/deutschland\/wiesbaden-ein-toter-nach-messerstecherei-in-der-neujahrsnacht-zwei-tatverdaechtige-festgenommen\/#breadcrumb\",\"itemListElement\":[{\"@type\":\"ListItem\",\"position\":1,\"name\":\"Home\",\"item\":\"https:\/\/now-news.de\/de\/\"},{\"@type\":\"ListItem\",\"position\":2,\"name\":\"Wiesbaden: Ein Toter nach Messerstecherei in der Neujahrsnacht \u2013 zwei Tatverd\u00e4chtige festgenommen\"}]},{\"@type\":\"WebSite\",\"@id\":\"https:\/\/now-news.de\/de\/#website\",\"url\":\"https:\/\/now-news.de\/de\/\",\"name\":\"just-now.NEWS Deutschland\",\"description\":\"Das Portal f\u00fcr unzensierte Nachrichten aus der Welt\",\"publisher\":{\"@id\":\"https:\/\/now-news.de\/de\/#organization\"},\"potentialAction\":[{\"@type\":\"SearchAction\",\"target\":{\"@type\":\"EntryPoint\",\"urlTemplate\":\"https:\/\/now-news.de\/de\/?s={search_term_string}\"},\"query-input\":\"required name=search_term_string\"}],\"inLanguage\":\"de\"},{\"@type\":\"Organization\",\"@id\":\"https:\/\/now-news.de\/de\/#organization\",\"name\":\"Just Now News\",\"url\":\"https:\/\/now-news.de\/de\/\",\"logo\":{\"@type\":\"ImageObject\",\"inLanguage\":\"de\",\"@id\":\"https:\/\/now-news.de\/de\/#\/schema\/logo\/image\/\",\"url\":\"http:\/\/just-now.news\/de\/wp-content\/uploads\/sites\/3\/2022\/04\/logo500x500.jpg\",\"contentUrl\":\"http:\/\/just-now.news\/de\/wp-content\/uploads\/sites\/3\/2022\/04\/logo500x500.jpg\",\"width\":500,\"height\":500,\"caption\":\"Just Now News\"},\"image\":{\"@id\":\"https:\/\/now-news.de\/de\/#\/schema\/logo\/image\/\"},\"sameAs\":[\"https:\/\/www.facebook.com\/wirmachenauf\",\"https:\/\/x.com\/WirMachenAuf_de\"]},{\"@type\":\"Person\",\"@id\":\"https:\/\/now-news.de\/de\/#\/schema\/person\/fb534a4e865501d8b3285208df34a9b5\",\"name\":\"rtnews\",\"image\":{\"@type\":\"ImageObject\",\"inLanguage\":\"de\",\"@id\":\"https:\/\/now-news.de\/de\/#\/schema\/person\/image\/\",\"url\":\"https:\/\/secure.gravatar.com\/avatar\/82aafea7d8127119dd649515f56e2117?s=96&d=mm&r=g\",\"contentUrl\":\"https:\/\/secure.gravatar.com\/avatar\/82aafea7d8127119dd649515f56e2117?s=96&d=mm&r=g\",\"caption\":\"rtnews\"},\"url\":\"https:\/\/now-news.de\/de\/author\/rnews\/\"}]}<\/script>\n<!-- \/ Yoast SEO Premium plugin. -->","yoast_head_json":{"title":"Wiesbaden: Ein Toter nach Messerstecherei in der Neujahrsnacht \u2013 zwei Tatverd\u00e4chtige festgenommen - just-now.NEWS Deutschland","robots":{"index":"index","follow":"follow","max-snippet":"max-snippet:-1","max-image-preview":"max-image-preview:large","max-video-preview":"max-video-preview:-1"},"canonical":"https:\/\/now-news.de\/de\/deutschland\/wiesbaden-ein-toter-nach-messerstecherei-in-der-neujahrsnacht-zwei-tatverdaechtige-festgenommen\/","og_locale":"de_DE","og_type":"article","og_title":"Wiesbaden: Ein Toter nach Messerstecherei in der Neujahrsnacht \u2013 zwei Tatverd\u00e4chtige festgenommen","og_description":"In Wiesbaden kam es in der Neujahrsnacht zu einer Messerstecherei, in deren Folge ein junger Mann verstarb und ein weiterer schwer verletzt wurde. Im Rahmen der Fahndungen konnte die Polizei zwei Tatverd\u00e4chtige festnehmen. Die Ermittlungen dauern an. Wie der Hessische Rundfunk berichtet, ist es in Wiesbaden kurz nach Mitternacht zu einem Streit zwischen mehreren Personen [&hellip;]","og_url":"https:\/\/now-news.de\/de\/deutschland\/wiesbaden-ein-toter-nach-messerstecherei-in-der-neujahrsnacht-zwei-tatverdaechtige-festgenommen\/","og_site_name":"just-now.NEWS Deutschland","article_publisher":"https:\/\/www.facebook.com\/wirmachenauf","article_published_time":"2026-01-01T16:30:04+00:00","og_image":[{"url":"https:\/\/now-news.de\/de\/wp-content\/uploads\/sites\/3\/2026\/01\/69569627b480cc6caf7a2190.jpg"}],"author":"rtnews","twitter_card":"summary_large_image","twitter_creator":"@WirMachenAuf_de","twitter_site":"@WirMachenAuf_de","twitter_misc":{"Verfasst von":"rtnews","Gesch\u00e4tzte Lesezeit":"1\u00a0Minute"},"schema":{"@context":"https:\/\/schema.org","@graph":[{"@type":"Article","@id":"https:\/\/now-news.de\/de\/deutschland\/wiesbaden-ein-toter-nach-messerstecherei-in-der-neujahrsnacht-zwei-tatverdaechtige-festgenommen\/#article","isPartOf":{"@id":"https:\/\/now-news.de\/de\/deutschland\/wiesbaden-ein-toter-nach-messerstecherei-in-der-neujahrsnacht-zwei-tatverdaechtige-festgenommen\/"},"author":{"name":"rtnews","@id":"https:\/\/now-news.de\/de\/#\/schema\/person\/fb534a4e865501d8b3285208df34a9b5"},"headline":"Wiesbaden: Ein Toter nach Messerstecherei in der Neujahrsnacht \u2013 zwei Tatverd\u00e4chtige festgenommen","datePublished":"2026-01-01T16:30:04+00:00","dateModified":"2026-01-01T16:30:04+00:00","mainEntityOfPage":{"@id":"https:\/\/now-news.de\/de\/deutschland\/wiesbaden-ein-toter-nach-messerstecherei-in-der-neujahrsnacht-zwei-tatverdaechtige-festgenommen\/"},"wordCount":246,"commentCount":0,"publisher":{"@id":"https:\/\/now-news.de\/de\/#organization"},"image":{"@id":"https:\/\/now-news.de\/de\/deutschland\/wiesbaden-ein-toter-nach-messerstecherei-in-der-neujahrsnacht-zwei-tatverdaechtige-festgenommen\/#primaryimage"},"thumbnailUrl":"https:\/\/now-news.de\/de\/wp-content\/uploads\/sites\/3\/2026\/01\/Wiesbaden-Ein-Toter-nach-Messerstecherei-in-der-Neujahrsnacht-\u2013-zwei.jpg","keywords":["der","ein","festgenommen","Messerstecherei","nach","Neujahrsnacht","Tatverd\u00e4chtige","Toter","Wiesbaden","zwei"],"articleSection":["Deutschland","Russland"],"inLanguage":"de","potentialAction":[{"@type":"CommentAction","name":"Comment","target":["https:\/\/now-news.de\/de\/deutschland\/wiesbaden-ein-toter-nach-messerstecherei-in-der-neujahrsnacht-zwei-tatverdaechtige-festgenommen\/#respond"]}]},{"@type":"WebPage","@id":"https:\/\/now-news.de\/de\/deutschland\/wiesbaden-ein-toter-nach-messerstecherei-in-der-neujahrsnacht-zwei-tatverdaechtige-festgenommen\/","url":"https:\/\/now-news.de\/de\/deutschland\/wiesbaden-ein-toter-nach-messerstecherei-in-der-neujahrsnacht-zwei-tatverdaechtige-festgenommen\/","name":"Wiesbaden: Ein Toter nach Messerstecherei in der Neujahrsnacht \u2013 zwei Tatverd\u00e4chtige festgenommen - just-now.NEWS Deutschland","isPartOf":{"@id":"https:\/\/now-news.de\/de\/#website"},"primaryImageOfPage":{"@id":"https:\/\/now-news.de\/de\/deutschland\/wiesbaden-ein-toter-nach-messerstecherei-in-der-neujahrsnacht-zwei-tatverdaechtige-festgenommen\/#primaryimage"},"image":{"@id":"https:\/\/now-news.de\/de\/deutschland\/wiesbaden-ein-toter-nach-messerstecherei-in-der-neujahrsnacht-zwei-tatverdaechtige-festgenommen\/#primaryimage"},"thumbnailUrl":"https:\/\/now-news.de\/de\/wp-content\/uploads\/sites\/3\/2026\/01\/Wiesbaden-Ein-Toter-nach-Messerstecherei-in-der-Neujahrsnacht-\u2013-zwei.jpg","datePublished":"2026-01-01T16:30:04+00:00","dateModified":"2026-01-01T16:30:04+00:00","breadcrumb":{"@id":"https:\/\/now-news.de\/de\/deutschland\/wiesbaden-ein-toter-nach-messerstecherei-in-der-neujahrsnacht-zwei-tatverdaechtige-festgenommen\/#breadcrumb"},"inLanguage":"de","potentialAction":[{"@type":"ReadAction","target":["https:\/\/now-news.de\/de\/deutschland\/wiesbaden-ein-toter-nach-messerstecherei-in-der-neujahrsnacht-zwei-tatverdaechtige-festgenommen\/"]}]},{"@type":"ImageObject","inLanguage":"de","@id":"https:\/\/now-news.de\/de\/deutschland\/wiesbaden-ein-toter-nach-messerstecherei-in-der-neujahrsnacht-zwei-tatverdaechtige-festgenommen\/#primaryimage","url":"https:\/\/now-news.de\/de\/wp-content\/uploads\/sites\/3\/2026\/01\/Wiesbaden-Ein-Toter-nach-Messerstecherei-in-der-Neujahrsnacht-\u2013-zwei.jpg","contentUrl":"https:\/\/now-news.de\/de\/wp-content\/uploads\/sites\/3\/2026\/01\/Wiesbaden-Ein-Toter-nach-Messerstecherei-in-der-Neujahrsnacht-\u2013-zwei.jpg","width":460,"height":259,"caption":"Wiesbaden: Ein Toter nach Messerstecherei in der Neujahrsnacht \u2013 zwei Tatverd\u00e4chtige festgenommen"},{"@type":"BreadcrumbList","@id":"https:\/\/now-news.de\/de\/deutschland\/wiesbaden-ein-toter-nach-messerstecherei-in-der-neujahrsnacht-zwei-tatverdaechtige-festgenommen\/#breadcrumb","itemListElement":[{"@type":"ListItem","position":1,"name":"Home","item":"https:\/\/now-news.de\/de\/"},{"@type":"ListItem","position":2,"name":"Wiesbaden: Ein Toter nach Messerstecherei in der Neujahrsnacht \u2013 zwei Tatverd\u00e4chtige festgenommen"}]},{"@type":"WebSite","@id":"https:\/\/now-news.de\/de\/#website","url":"https:\/\/now-news.de\/de\/","name":"just-now.NEWS Deutschland","description":"Das Portal f\u00fcr unzensierte Nachrichten aus der Welt","publisher":{"@id":"https:\/\/now-news.de\/de\/#organization"},"potentialAction":[{"@type":"SearchAction","target":{"@type":"EntryPoint","urlTemplate":"https:\/\/now-news.de\/de\/?s={search_term_string}"},"query-input":"required name=search_term_string"}],"inLanguage":"de"},{"@type":"Organization","@id":"https:\/\/now-news.de\/de\/#organization","name":"Just Now News","url":"https:\/\/now-news.de\/de\/","logo":{"@type":"ImageObject","inLanguage":"de","@id":"https:\/\/now-news.de\/de\/#\/schema\/logo\/image\/","url":"http:\/\/just-now.news\/de\/wp-content\/uploads\/sites\/3\/2022\/04\/logo500x500.jpg","contentUrl":"http:\/\/just-now.news\/de\/wp-content\/uploads\/sites\/3\/2022\/04\/logo500x500.jpg","width":500,"height":500,"caption":"Just Now News"},"image":{"@id":"https:\/\/now-news.de\/de\/#\/schema\/logo\/image\/"},"sameAs":["https:\/\/www.facebook.com\/wirmachenauf","https:\/\/x.com\/WirMachenAuf_de"]},{"@type":"Person","@id":"https:\/\/now-news.de\/de\/#\/schema\/person\/fb534a4e865501d8b3285208df34a9b5","name":"rtnews","image":{"@type":"ImageObject","inLanguage":"de","@id":"https:\/\/now-news.de\/de\/#\/schema\/person\/image\/","url":"https:\/\/secure.gravatar.com\/avatar\/82aafea7d8127119dd649515f56e2117?s=96&d=mm&r=g","contentUrl":"https:\/\/secure.gravatar.com\/avatar\/82aafea7d8127119dd649515f56e2117?s=96&d=mm&r=g","caption":"rtnews"},"url":"https:\/\/now-news.de\/de\/author\/rnews\/"}]}},"_links":{"self":[{"href":"https:\/\/now-news.de\/de\/wp-json\/wp\/v2\/posts\/96702"}],"collection":[{"href":"https:\/\/now-news.de\/de\/wp-json\/wp\/v2\/posts"}],"about":[{"href":"https:\/\/now-news.de\/de\/wp-json\/wp\/v2\/types\/post"}],"author":[{"embeddable":true,"href":"https:\/\/now-news.de\/de\/wp-json\/wp\/v2\/users\/3"}],"replies":[{"embeddable":true,"href":"https:\/\/now-news.de\/de\/wp-json\/wp\/v2\/comments?post=96702"}],"version-history":[{"count":0,"href":"https:\/\/now-news.de\/de\/wp-json\/wp\/v2\/posts\/96702\/revisions"}],"wp:featuredmedia":[{"embeddable":true,"href":"https:\/\/now-news.de\/de\/wp-json\/wp\/v2\/media\/96703"}],"wp:attachment":[{"href":"https:\/\/now-news.de\/de\/wp-json\/wp\/v2\/media?parent=96702"}],"wp:term":[{"taxonomy":"category","embeddable":true,"href":"https:\/\/now-news.de\/de\/wp-json\/wp\/v2\/categories?post=96702"},{"taxonomy":"post_tag","embeddable":true,"href":"https:\/\/now-news.de\/de\/wp-json\/wp\/v2\/tags?post=96702"}],"curies":[{"name":"wp","href":"https:\/\/api.w.org\/{rel}","templated":true}]}}