{"id":9670,"date":"2022-06-03T06:30:44","date_gmt":"2022-06-03T04:30:44","guid":{"rendered":"http:\/\/just-now.news\/de\/deutschland\/30-000-euro-strafe-nach-demo-spaziergang-zum-haus-von-ministerpraesident-kretschmann\/"},"modified":"2022-06-03T06:30:44","modified_gmt":"2022-06-03T04:30:44","slug":"30-000-euro-strafe-nach-demo-spaziergang-zum-haus-von-ministerpraesident-kretschmann","status":"publish","type":"post","link":"https:\/\/now-news.de\/de\/deutschland\/30-000-euro-strafe-nach-demo-spaziergang-zum-haus-von-ministerpraesident-kretschmann\/","title":{"rendered":"30.000 Euro Strafe nach Demo-Spaziergang zum Haus von Ministerpr\u00e4sident Kretschmann"},"content":{"rendered":"<p><img decoding=\"async\" src=\"http:\/\/just-now.news\/de\/wp-content\/uploads\/sites\/3\/2022\/06\/629890a348fbef4f5518a25a.jpg\" \/><\/p>\n<div class=\"Text-root Text-type_1 \">\n                Mitte Februar hatten kleine Protestgruppen in unmittelbarer N\u00e4he des Wohnhauses des baden-w\u00fcrttembergischen Ministerpr\u00e4sidenten Winfried Kretschmann demonstriert. Einer der vermeintlichen Organisatoren wurde nun zu einer Strafe von 30.000 Euro verurteilt.\n            <\/div>\n<p><\/p>\n<div class=\"Text-root Text-type_5 ArticleView-text ViewText-root \">\n<p>Am 13. und 14. Februar hatten sich in Sigmaringen in Baden-W\u00fcrttemberg sogenannte &#8220;Gegner der zur\u00fcckliegenden Corona-Ma\u00dfnahmen&#8221; im Rahmen eines Spaziergangs in unmittelbarer N\u00e4he\u00a0des Privathauses von Ministerpr\u00e4sident Winfried Kretschmann versammelt. Die <em>Bild<\/em>\u00a0<a rel=\"nofollow noopener\" target=\"_blank\" href=\"https:\/\/www.bild.de\/regional\/stuttgart\/stuttgart-aktuell\/kretschmann-demos-vor-wohnhaeusern-ueberschreiten-sofort-rote-linie-79157890.bild.html\">zitiert<\/a> Kretschmann daraufhin mit den Worten, &#8220;wer so etwas mache, verkenne den Charakter der Demokratie, in der strikt zwischen der Privat- und der Amtsperson unterschieden werde&#8221;. Kretschmann dann weiter w\u00f6rtlich:<\/p>\n<blockquote>\n<p><em>&#8220;Demos vor Wohnh\u00e4usern von Politikerinnen und Politikern gehen mal \u00fcberhaupt gar nicht.&#8221;<\/em><\/p>\n<\/blockquote>\n<p>Demonstrationen vor Privath\u00e4usern von Politikern \u00fcberschreiten nach Meinung Kretschmanns &#8220;sofort eine rote Linie&#8221;. Dies &#8220;k\u00f6nne in keiner Weise geduldet werden. Die, die das machten, zeigten, dass sie mit der Demokratie auf Kriegsfu\u00df st\u00fcnden \u2013 oder sie mindestens nicht verstanden h\u00e4tten&#8221;, wie die <em>Bild<\/em> den baden-w\u00fcrttembergische Ministerpr\u00e4sident wiedergibt.\u00a0Das Landratsamt Sigmaringen verbot\u00a0kurz danach\u00a0&#8220;Spazierg\u00e4nge und Kundgebungen in den Stra\u00dfen um das Haus des Regierungschefs&#8221; per Allgemeinverf\u00fcgung.<\/p>\n<p>Unmittelbar im Anschluss wurde einem 52 Jahre alten Beschuldigten vorgeworfen, die Versammlung am 13. Februar in Sigmaringen geleitet zu haben.\u00a0In einem beschleunigten ersten <a rel=\"nofollow noopener\" target=\"_blank\" href=\"https:\/\/www.swr.de\/swraktuell\/baden-wuerttemberg\/tuebingen\/amtsgericht-sigmaringen-verhandelt-nach-demo-vor-kretschmanns-haus-in-laiz-100.html\">Verfahren<\/a>\u00a0durch die\u00a0Staatsanwaltschaft Hechingen\u00a0war der Mann zun\u00e4chst am 21. Februar nicht bei dem Gerichtstermin erschienen. Daraufhin wurde in Abwesenheit ein Strafbefehl von 150 Tagess\u00e4tzen zu je 200 Euro, also insgesamt 30.000 Euro ausgesprochen.\u00a0Dagegen legte der Beschuldigte umgehend <a rel=\"nofollow noopener\" target=\"_blank\" href=\"https:\/\/www.swr.de\/swraktuell\/baden-wuerttemberg\/tuebingen\/corona-demo-kretschmann-haus-beschuldigter-legt-einspruch-ein-100.html\">Einspruch<\/a> ein. Zu den <a rel=\"nofollow noopener\" target=\"_blank\" href=\"https:\/\/www.swr.de\/swraktuell\/baden-wuerttemberg\/tuebingen\/corona-demo-kretschmann-haus-beschuldigter-legt-einspruch-ein-100.html\">Ereignissen<\/a> am 13. Februar hei\u00dft es:<\/p>\n<blockquote>\n<p><em>&#8220;Die Staatsanwaltschaft wirft dem Mann aus dem Kreis Sigmaringen einen Versto\u00df gegen das Versammlungsgesetz vor. Er soll eine unangemeldete Demo vor dem Haus des Ministerpr\u00e4sidenten geleitet haben. Rund zehn der 60 Beteiligten haben dabei laut Polizei versucht, eine Absperrung zu umgehen und zu Kretschmanns Haus vorzudringen.&#8221;<\/em><\/p>\n<\/blockquote>\n<p>Der Anwalt des Beschuldigten <a rel=\"nofollow noopener\" target=\"_blank\" href=\"https:\/\/www.swr.de\/swraktuell\/baden-wuerttemberg\/tuebingen\/prozess-versammlung-vor-kretschmann-haus-100.html\">erkl\u00e4rte<\/a>\u00a0nun vor Gericht, dass &#8220;sein Mandant kein Leiter oder Organisator der Demonstration&#8221; gewesen sei. Dieser sei &#8220;vielmehr zuf\u00e4llig mit seinen Hunden an diesem Tag in Sigmaringen spazieren gewesen&#8221;. Der <em>S\u00fcdwestrundfunk <\/em>(<em>SWR<\/em>)<em><\/em><a rel=\"nofollow noopener\" target=\"_blank\" href=\"https:\/\/www.swr.de\/swraktuell\/baden-wuerttemberg\/tuebingen\/prozess-versammlung-vor-kretschmann-haus-100.html\">berichtet<\/a>\u00a0dar\u00fcber, dass der Angeklagte &#8220;auf einem Polizeivideo&#8221; allerdings &#8220;mit einem Holzkreuz \u00fcber der Schulter&#8221; zu sehen war, wie er &#8220;eine Protestgruppe anf\u00fchrt&#8221;.\u00a0Der Staatsanwalt fasste in seinem Pl\u00e4doyer seine Sicht auf die Ereignisse laut <em>SWR<\/em> wie folgt zusammen:<\/p>\n<blockquote>\n<p><em>&#8220;Er habe gewusst, wo Kretschmann wohnt, und wollte mit seinem Holzkreuz die Gruppe dorthin lotsen. &#8220;<\/em><\/p>\n<\/blockquote>\n<p>Demgegen\u00fcber argumentierte der Beschuldigte,\u00a0er sei &#8220;sehr religi\u00f6s&#8221;, habe an diesem Tag &#8220;mit seinen Ahnen ins Reine kommen wollen&#8221; und sei deshalb auf dem Weg zum Friedhof in Sigmaringen unterwegs gewesen, der sich in der N\u00e4he von Kretschmanns Haus befindet.\u00a0Laut Gericht f\u00fchrte er jedoch die Versammlung. &#8220;Er habe die faktische Leitung gehabt. Das haben nach Ansicht des Gerichts Videoaufnahmen und Zeugenaussagen bewiesen&#8221;, so der <em>SWR<\/em>. Beim Strafma\u00df spiele der Ort der Versammlung eine Rolle, so die Vorsitzende Richterin laut dem Bericht.<em><\/em><\/p>\n<p>Das Amtsgericht Sigmaringen <a rel=\"nofollow noopener\" target=\"_blank\" href=\"https:\/\/www.stuttgarter-zeitung.de\/inhalt.protest-vor-kretschmanns-wohnhaus-leiter-der-corona-demo-zu-30000-euro-strafe-verurteilt.051a2753-e05c-4792-a6d4-e658587ef047.html\">best\u00e4tigte<\/a> nun am Montag das Urteil im Prozess wegen einer Demonstration vor dem Haus des Ministerpr\u00e4sidenten (Urt. v. 30.5.2022, Az. 3Ds 267s 2015\/22), damit gilt der Verurteilte als vorbestraft, sollte der Schuldspruch als rechtskr\u00e4ftig\u00a0anerkannt werden.\u00a0<strong><\/strong>Der Verteidiger des Mannes k\u00fcndigte noch im Gerichtssaal an, Berufung einzulegen.<\/p>\n<p><strong>Mehr zum Thema<\/strong> &#8211; <a rel=\"nofollow noopener\" target=\"_blank\" href=\"https:\/\/de.rt.com\/inland\/139882-grossrazzia-in-norddeutschland-verdacht-auf\/\">Gro\u00dfrazzia in Norddeutschland \u2013 Verdacht auf Millionenbetrug mit Corona-Hilfen<\/a><\/p>\n<\/div>\n<p><br \/>\n<br \/><a href=\"https:\/\/de.rt.com\/inland\/140035-30000-strafe-nach-demo-spaziergang-zum-haus-von-ministerpraesident-kretschmann\/\">Source link <\/a><\/p>\n","protected":false},"excerpt":{"rendered":"<p>Mitte Februar hatten kleine Protestgruppen in unmittelbarer N\u00e4he des Wohnhauses des baden-w\u00fcrttembergischen Ministerpr\u00e4sidenten Winfried Kretschmann demonstriert. Einer der vermeintlichen Organisatoren wurde nun zu einer Strafe von 30.000 Euro verurteilt. Am 13. und 14. Februar hatten sich in Sigmaringen in Baden-W\u00fcrttemberg sogenannte &#8220;Gegner der zur\u00fcckliegenden Corona-Ma\u00dfnahmen&#8221; im Rahmen eines Spaziergangs in unmittelbarer N\u00e4he\u00a0des Privathauses von Ministerpr\u00e4sident [&hellip;]<\/p>\n","protected":false},"author":3,"featured_media":9671,"comment_status":"open","ping_status":"open","sticky":false,"template":"","format":"standard","meta":{"wp_automatic_camp":["217"],"828d0d1d93995c5a577e3dbb24bfc22b":["30.000 Euro Strafe nach Demo-Spaziergang zum Haus von Ministerpr\u00e4sident Kretschmann"],"original_link":["https:\/\/de.rt.com\/inland\/140035-30000-strafe-nach-demo-spaziergang-zum-haus-von-ministerpraesident-kretschmann\/"],"_thumbnail_id":["9671"],"_wptg_p2tg_sent2tg":["2022-06-03 06:50:01"],"jnews_social_counter_last_update":["1777607823"]},"categories":[19,23],"tags":[22938,1005,3356,22939,19174,979,11215,50,565],"yoast_head":"<!-- This site is optimized with the Yoast SEO Premium plugin v22.7 (Yoast SEO v22.7) - https:\/\/yoast.com\/wordpress\/plugins\/seo\/ -->\n<title>30.000 Euro Strafe nach Demo-Spaziergang zum Haus von Ministerpr\u00e4sident Kretschmann - just-now.NEWS Deutschland<\/title>\n<meta name=\"robots\" content=\"index, follow, max-snippet:-1, max-image-preview:large, max-video-preview:-1\" \/>\n<link rel=\"canonical\" href=\"https:\/\/now-news.de\/de\/deutschland\/30-000-euro-strafe-nach-demo-spaziergang-zum-haus-von-ministerpraesident-kretschmann\/\" \/>\n<meta property=\"og:locale\" content=\"de_DE\" \/>\n<meta property=\"og:type\" content=\"article\" \/>\n<meta property=\"og:title\" content=\"30.000 Euro Strafe nach Demo-Spaziergang zum Haus von Ministerpr\u00e4sident Kretschmann\" \/>\n<meta property=\"og:description\" content=\"Mitte Februar hatten kleine Protestgruppen in unmittelbarer N\u00e4he des Wohnhauses des baden-w\u00fcrttembergischen Ministerpr\u00e4sidenten Winfried Kretschmann demonstriert. Einer der vermeintlichen Organisatoren wurde nun zu einer Strafe von 30.000 Euro verurteilt. Am 13. und 14. Februar hatten sich in Sigmaringen in Baden-W\u00fcrttemberg sogenannte &#8220;Gegner der zur\u00fcckliegenden Corona-Ma\u00dfnahmen&#8221; im Rahmen eines Spaziergangs in unmittelbarer N\u00e4he\u00a0des Privathauses von Ministerpr\u00e4sident [&hellip;]\" \/>\n<meta property=\"og:url\" content=\"https:\/\/now-news.de\/de\/deutschland\/30-000-euro-strafe-nach-demo-spaziergang-zum-haus-von-ministerpraesident-kretschmann\/\" \/>\n<meta property=\"og:site_name\" content=\"just-now.NEWS Deutschland\" \/>\n<meta property=\"article:publisher\" content=\"https:\/\/www.facebook.com\/wirmachenauf\" \/>\n<meta property=\"article:published_time\" content=\"2022-06-03T04:30:44+00:00\" \/>\n<meta property=\"og:image\" content=\"https:\/\/now-news.de\/de\/wp-content\/uploads\/sites\/3\/2022\/06\/30000-Euro-Strafe-nach-Demo-Spaziergang-zum-Haus-von-Ministerpraesident-Kretschmann.jpg\" \/>\n\t<meta property=\"og:image:width\" content=\"460\" \/>\n\t<meta property=\"og:image:height\" content=\"259\" \/>\n\t<meta property=\"og:image:type\" content=\"image\/jpeg\" \/>\n<meta name=\"author\" content=\"rtnews\" \/>\n<meta name=\"twitter:card\" content=\"summary_large_image\" \/>\n<meta name=\"twitter:creator\" content=\"@WirMachenAuf_de\" \/>\n<meta name=\"twitter:site\" content=\"@WirMachenAuf_de\" \/>\n<meta name=\"twitter:label1\" content=\"Verfasst von\" \/>\n\t<meta name=\"twitter:data1\" content=\"rtnews\" \/>\n\t<meta name=\"twitter:label2\" content=\"Gesch\u00e4tzte Lesezeit\" \/>\n\t<meta name=\"twitter:data2\" content=\"3\u00a0Minuten\" \/>\n<script type=\"application\/ld+json\" class=\"yoast-schema-graph\">{\"@context\":\"https:\/\/schema.org\",\"@graph\":[{\"@type\":\"Article\",\"@id\":\"https:\/\/now-news.de\/de\/deutschland\/30-000-euro-strafe-nach-demo-spaziergang-zum-haus-von-ministerpraesident-kretschmann\/#article\",\"isPartOf\":{\"@id\":\"https:\/\/now-news.de\/de\/deutschland\/30-000-euro-strafe-nach-demo-spaziergang-zum-haus-von-ministerpraesident-kretschmann\/\"},\"author\":{\"name\":\"rtnews\",\"@id\":\"https:\/\/now-news.de\/de\/#\/schema\/person\/fb534a4e865501d8b3285208df34a9b5\"},\"headline\":\"30.000 Euro Strafe nach Demo-Spaziergang zum Haus von Ministerpr\u00e4sident Kretschmann\",\"datePublished\":\"2022-06-03T04:30:44+00:00\",\"dateModified\":\"2022-06-03T04:30:44+00:00\",\"mainEntityOfPage\":{\"@id\":\"https:\/\/now-news.de\/de\/deutschland\/30-000-euro-strafe-nach-demo-spaziergang-zum-haus-von-ministerpraesident-kretschmann\/\"},\"wordCount\":560,\"commentCount\":0,\"publisher\":{\"@id\":\"https:\/\/now-news.de\/de\/#organization\"},\"image\":{\"@id\":\"https:\/\/now-news.de\/de\/deutschland\/30-000-euro-strafe-nach-demo-spaziergang-zum-haus-von-ministerpraesident-kretschmann\/#primaryimage\"},\"thumbnailUrl\":\"https:\/\/now-news.de\/de\/wp-content\/uploads\/sites\/3\/2022\/06\/30000-Euro-Strafe-nach-Demo-Spaziergang-zum-Haus-von-Ministerpraesident-Kretschmann.jpg\",\"keywords\":[\"DemoSpaziergang\",\"Euro\",\"Haus\",\"Kretschmann\",\"Ministerpr\u00e4sident\",\"nach\",\"Strafe\",\"von\",\"zum\"],\"articleSection\":[\"Deutschland\",\"Russland\"],\"inLanguage\":\"de\",\"potentialAction\":[{\"@type\":\"CommentAction\",\"name\":\"Comment\",\"target\":[\"https:\/\/now-news.de\/de\/deutschland\/30-000-euro-strafe-nach-demo-spaziergang-zum-haus-von-ministerpraesident-kretschmann\/#respond\"]}]},{\"@type\":\"WebPage\",\"@id\":\"https:\/\/now-news.de\/de\/deutschland\/30-000-euro-strafe-nach-demo-spaziergang-zum-haus-von-ministerpraesident-kretschmann\/\",\"url\":\"https:\/\/now-news.de\/de\/deutschland\/30-000-euro-strafe-nach-demo-spaziergang-zum-haus-von-ministerpraesident-kretschmann\/\",\"name\":\"30.000 Euro Strafe nach Demo-Spaziergang zum Haus von Ministerpr\u00e4sident Kretschmann - just-now.NEWS Deutschland\",\"isPartOf\":{\"@id\":\"https:\/\/now-news.de\/de\/#website\"},\"primaryImageOfPage\":{\"@id\":\"https:\/\/now-news.de\/de\/deutschland\/30-000-euro-strafe-nach-demo-spaziergang-zum-haus-von-ministerpraesident-kretschmann\/#primaryimage\"},\"image\":{\"@id\":\"https:\/\/now-news.de\/de\/deutschland\/30-000-euro-strafe-nach-demo-spaziergang-zum-haus-von-ministerpraesident-kretschmann\/#primaryimage\"},\"thumbnailUrl\":\"https:\/\/now-news.de\/de\/wp-content\/uploads\/sites\/3\/2022\/06\/30000-Euro-Strafe-nach-Demo-Spaziergang-zum-Haus-von-Ministerpraesident-Kretschmann.jpg\",\"datePublished\":\"2022-06-03T04:30:44+00:00\",\"dateModified\":\"2022-06-03T04:30:44+00:00\",\"breadcrumb\":{\"@id\":\"https:\/\/now-news.de\/de\/deutschland\/30-000-euro-strafe-nach-demo-spaziergang-zum-haus-von-ministerpraesident-kretschmann\/#breadcrumb\"},\"inLanguage\":\"de\",\"potentialAction\":[{\"@type\":\"ReadAction\",\"target\":[\"https:\/\/now-news.de\/de\/deutschland\/30-000-euro-strafe-nach-demo-spaziergang-zum-haus-von-ministerpraesident-kretschmann\/\"]}]},{\"@type\":\"ImageObject\",\"inLanguage\":\"de\",\"@id\":\"https:\/\/now-news.de\/de\/deutschland\/30-000-euro-strafe-nach-demo-spaziergang-zum-haus-von-ministerpraesident-kretschmann\/#primaryimage\",\"url\":\"https:\/\/now-news.de\/de\/wp-content\/uploads\/sites\/3\/2022\/06\/30000-Euro-Strafe-nach-Demo-Spaziergang-zum-Haus-von-Ministerpraesident-Kretschmann.jpg\",\"contentUrl\":\"https:\/\/now-news.de\/de\/wp-content\/uploads\/sites\/3\/2022\/06\/30000-Euro-Strafe-nach-Demo-Spaziergang-zum-Haus-von-Ministerpraesident-Kretschmann.jpg\",\"width\":460,\"height\":259,\"caption\":\"30.000 Euro Strafe nach Demo-Spaziergang zum Haus von Ministerpr\u00e4sident Kretschmann\"},{\"@type\":\"BreadcrumbList\",\"@id\":\"https:\/\/now-news.de\/de\/deutschland\/30-000-euro-strafe-nach-demo-spaziergang-zum-haus-von-ministerpraesident-kretschmann\/#breadcrumb\",\"itemListElement\":[{\"@type\":\"ListItem\",\"position\":1,\"name\":\"Home\",\"item\":\"https:\/\/now-news.de\/de\/\"},{\"@type\":\"ListItem\",\"position\":2,\"name\":\"30.000 Euro Strafe nach Demo-Spaziergang zum Haus von Ministerpr\u00e4sident Kretschmann\"}]},{\"@type\":\"WebSite\",\"@id\":\"https:\/\/now-news.de\/de\/#website\",\"url\":\"https:\/\/now-news.de\/de\/\",\"name\":\"just-now.NEWS Deutschland\",\"description\":\"Das Portal f\u00fcr unzensierte Nachrichten aus der Welt\",\"publisher\":{\"@id\":\"https:\/\/now-news.de\/de\/#organization\"},\"potentialAction\":[{\"@type\":\"SearchAction\",\"target\":{\"@type\":\"EntryPoint\",\"urlTemplate\":\"https:\/\/now-news.de\/de\/?s={search_term_string}\"},\"query-input\":\"required name=search_term_string\"}],\"inLanguage\":\"de\"},{\"@type\":\"Organization\",\"@id\":\"https:\/\/now-news.de\/de\/#organization\",\"name\":\"Just Now News\",\"url\":\"https:\/\/now-news.de\/de\/\",\"logo\":{\"@type\":\"ImageObject\",\"inLanguage\":\"de\",\"@id\":\"https:\/\/now-news.de\/de\/#\/schema\/logo\/image\/\",\"url\":\"http:\/\/just-now.news\/de\/wp-content\/uploads\/sites\/3\/2022\/04\/logo500x500.jpg\",\"contentUrl\":\"http:\/\/just-now.news\/de\/wp-content\/uploads\/sites\/3\/2022\/04\/logo500x500.jpg\",\"width\":500,\"height\":500,\"caption\":\"Just Now News\"},\"image\":{\"@id\":\"https:\/\/now-news.de\/de\/#\/schema\/logo\/image\/\"},\"sameAs\":[\"https:\/\/www.facebook.com\/wirmachenauf\",\"https:\/\/x.com\/WirMachenAuf_de\"]},{\"@type\":\"Person\",\"@id\":\"https:\/\/now-news.de\/de\/#\/schema\/person\/fb534a4e865501d8b3285208df34a9b5\",\"name\":\"rtnews\",\"image\":{\"@type\":\"ImageObject\",\"inLanguage\":\"de\",\"@id\":\"https:\/\/now-news.de\/de\/#\/schema\/person\/image\/\",\"url\":\"https:\/\/secure.gravatar.com\/avatar\/82aafea7d8127119dd649515f56e2117?s=96&d=mm&r=g\",\"contentUrl\":\"https:\/\/secure.gravatar.com\/avatar\/82aafea7d8127119dd649515f56e2117?s=96&d=mm&r=g\",\"caption\":\"rtnews\"},\"url\":\"https:\/\/now-news.de\/de\/author\/rnews\/\"}]}<\/script>\n<!-- \/ Yoast SEO Premium plugin. -->","yoast_head_json":{"title":"30.000 Euro Strafe nach Demo-Spaziergang zum Haus von Ministerpr\u00e4sident Kretschmann - just-now.NEWS Deutschland","robots":{"index":"index","follow":"follow","max-snippet":"max-snippet:-1","max-image-preview":"max-image-preview:large","max-video-preview":"max-video-preview:-1"},"canonical":"https:\/\/now-news.de\/de\/deutschland\/30-000-euro-strafe-nach-demo-spaziergang-zum-haus-von-ministerpraesident-kretschmann\/","og_locale":"de_DE","og_type":"article","og_title":"30.000 Euro Strafe nach Demo-Spaziergang zum Haus von Ministerpr\u00e4sident Kretschmann","og_description":"Mitte Februar hatten kleine Protestgruppen in unmittelbarer N\u00e4he des Wohnhauses des baden-w\u00fcrttembergischen Ministerpr\u00e4sidenten Winfried Kretschmann demonstriert. Einer der vermeintlichen Organisatoren wurde nun zu einer Strafe von 30.000 Euro verurteilt. Am 13. und 14. Februar hatten sich in Sigmaringen in Baden-W\u00fcrttemberg sogenannte &#8220;Gegner der zur\u00fcckliegenden Corona-Ma\u00dfnahmen&#8221; im Rahmen eines Spaziergangs in unmittelbarer N\u00e4he\u00a0des Privathauses von Ministerpr\u00e4sident [&hellip;]","og_url":"https:\/\/now-news.de\/de\/deutschland\/30-000-euro-strafe-nach-demo-spaziergang-zum-haus-von-ministerpraesident-kretschmann\/","og_site_name":"just-now.NEWS Deutschland","article_publisher":"https:\/\/www.facebook.com\/wirmachenauf","article_published_time":"2022-06-03T04:30:44+00:00","og_image":[{"width":460,"height":259,"url":"https:\/\/now-news.de\/de\/wp-content\/uploads\/sites\/3\/2022\/06\/30000-Euro-Strafe-nach-Demo-Spaziergang-zum-Haus-von-Ministerpraesident-Kretschmann.jpg","type":"image\/jpeg"}],"author":"rtnews","twitter_card":"summary_large_image","twitter_creator":"@WirMachenAuf_de","twitter_site":"@WirMachenAuf_de","twitter_misc":{"Verfasst von":"rtnews","Gesch\u00e4tzte Lesezeit":"3\u00a0Minuten"},"schema":{"@context":"https:\/\/schema.org","@graph":[{"@type":"Article","@id":"https:\/\/now-news.de\/de\/deutschland\/30-000-euro-strafe-nach-demo-spaziergang-zum-haus-von-ministerpraesident-kretschmann\/#article","isPartOf":{"@id":"https:\/\/now-news.de\/de\/deutschland\/30-000-euro-strafe-nach-demo-spaziergang-zum-haus-von-ministerpraesident-kretschmann\/"},"author":{"name":"rtnews","@id":"https:\/\/now-news.de\/de\/#\/schema\/person\/fb534a4e865501d8b3285208df34a9b5"},"headline":"30.000 Euro Strafe nach Demo-Spaziergang zum Haus von Ministerpr\u00e4sident Kretschmann","datePublished":"2022-06-03T04:30:44+00:00","dateModified":"2022-06-03T04:30:44+00:00","mainEntityOfPage":{"@id":"https:\/\/now-news.de\/de\/deutschland\/30-000-euro-strafe-nach-demo-spaziergang-zum-haus-von-ministerpraesident-kretschmann\/"},"wordCount":560,"commentCount":0,"publisher":{"@id":"https:\/\/now-news.de\/de\/#organization"},"image":{"@id":"https:\/\/now-news.de\/de\/deutschland\/30-000-euro-strafe-nach-demo-spaziergang-zum-haus-von-ministerpraesident-kretschmann\/#primaryimage"},"thumbnailUrl":"https:\/\/now-news.de\/de\/wp-content\/uploads\/sites\/3\/2022\/06\/30000-Euro-Strafe-nach-Demo-Spaziergang-zum-Haus-von-Ministerpraesident-Kretschmann.jpg","keywords":["DemoSpaziergang","Euro","Haus","Kretschmann","Ministerpr\u00e4sident","nach","Strafe","von","zum"],"articleSection":["Deutschland","Russland"],"inLanguage":"de","potentialAction":[{"@type":"CommentAction","name":"Comment","target":["https:\/\/now-news.de\/de\/deutschland\/30-000-euro-strafe-nach-demo-spaziergang-zum-haus-von-ministerpraesident-kretschmann\/#respond"]}]},{"@type":"WebPage","@id":"https:\/\/now-news.de\/de\/deutschland\/30-000-euro-strafe-nach-demo-spaziergang-zum-haus-von-ministerpraesident-kretschmann\/","url":"https:\/\/now-news.de\/de\/deutschland\/30-000-euro-strafe-nach-demo-spaziergang-zum-haus-von-ministerpraesident-kretschmann\/","name":"30.000 Euro Strafe nach Demo-Spaziergang zum Haus von Ministerpr\u00e4sident Kretschmann - just-now.NEWS Deutschland","isPartOf":{"@id":"https:\/\/now-news.de\/de\/#website"},"primaryImageOfPage":{"@id":"https:\/\/now-news.de\/de\/deutschland\/30-000-euro-strafe-nach-demo-spaziergang-zum-haus-von-ministerpraesident-kretschmann\/#primaryimage"},"image":{"@id":"https:\/\/now-news.de\/de\/deutschland\/30-000-euro-strafe-nach-demo-spaziergang-zum-haus-von-ministerpraesident-kretschmann\/#primaryimage"},"thumbnailUrl":"https:\/\/now-news.de\/de\/wp-content\/uploads\/sites\/3\/2022\/06\/30000-Euro-Strafe-nach-Demo-Spaziergang-zum-Haus-von-Ministerpraesident-Kretschmann.jpg","datePublished":"2022-06-03T04:30:44+00:00","dateModified":"2022-06-03T04:30:44+00:00","breadcrumb":{"@id":"https:\/\/now-news.de\/de\/deutschland\/30-000-euro-strafe-nach-demo-spaziergang-zum-haus-von-ministerpraesident-kretschmann\/#breadcrumb"},"inLanguage":"de","potentialAction":[{"@type":"ReadAction","target":["https:\/\/now-news.de\/de\/deutschland\/30-000-euro-strafe-nach-demo-spaziergang-zum-haus-von-ministerpraesident-kretschmann\/"]}]},{"@type":"ImageObject","inLanguage":"de","@id":"https:\/\/now-news.de\/de\/deutschland\/30-000-euro-strafe-nach-demo-spaziergang-zum-haus-von-ministerpraesident-kretschmann\/#primaryimage","url":"https:\/\/now-news.de\/de\/wp-content\/uploads\/sites\/3\/2022\/06\/30000-Euro-Strafe-nach-Demo-Spaziergang-zum-Haus-von-Ministerpraesident-Kretschmann.jpg","contentUrl":"https:\/\/now-news.de\/de\/wp-content\/uploads\/sites\/3\/2022\/06\/30000-Euro-Strafe-nach-Demo-Spaziergang-zum-Haus-von-Ministerpraesident-Kretschmann.jpg","width":460,"height":259,"caption":"30.000 Euro Strafe nach Demo-Spaziergang zum Haus von Ministerpr\u00e4sident Kretschmann"},{"@type":"BreadcrumbList","@id":"https:\/\/now-news.de\/de\/deutschland\/30-000-euro-strafe-nach-demo-spaziergang-zum-haus-von-ministerpraesident-kretschmann\/#breadcrumb","itemListElement":[{"@type":"ListItem","position":1,"name":"Home","item":"https:\/\/now-news.de\/de\/"},{"@type":"ListItem","position":2,"name":"30.000 Euro Strafe nach Demo-Spaziergang zum Haus von Ministerpr\u00e4sident Kretschmann"}]},{"@type":"WebSite","@id":"https:\/\/now-news.de\/de\/#website","url":"https:\/\/now-news.de\/de\/","name":"just-now.NEWS Deutschland","description":"Das Portal f\u00fcr unzensierte Nachrichten aus der Welt","publisher":{"@id":"https:\/\/now-news.de\/de\/#organization"},"potentialAction":[{"@type":"SearchAction","target":{"@type":"EntryPoint","urlTemplate":"https:\/\/now-news.de\/de\/?s={search_term_string}"},"query-input":"required name=search_term_string"}],"inLanguage":"de"},{"@type":"Organization","@id":"https:\/\/now-news.de\/de\/#organization","name":"Just Now News","url":"https:\/\/now-news.de\/de\/","logo":{"@type":"ImageObject","inLanguage":"de","@id":"https:\/\/now-news.de\/de\/#\/schema\/logo\/image\/","url":"http:\/\/just-now.news\/de\/wp-content\/uploads\/sites\/3\/2022\/04\/logo500x500.jpg","contentUrl":"http:\/\/just-now.news\/de\/wp-content\/uploads\/sites\/3\/2022\/04\/logo500x500.jpg","width":500,"height":500,"caption":"Just Now News"},"image":{"@id":"https:\/\/now-news.de\/de\/#\/schema\/logo\/image\/"},"sameAs":["https:\/\/www.facebook.com\/wirmachenauf","https:\/\/x.com\/WirMachenAuf_de"]},{"@type":"Person","@id":"https:\/\/now-news.de\/de\/#\/schema\/person\/fb534a4e865501d8b3285208df34a9b5","name":"rtnews","image":{"@type":"ImageObject","inLanguage":"de","@id":"https:\/\/now-news.de\/de\/#\/schema\/person\/image\/","url":"https:\/\/secure.gravatar.com\/avatar\/82aafea7d8127119dd649515f56e2117?s=96&d=mm&r=g","contentUrl":"https:\/\/secure.gravatar.com\/avatar\/82aafea7d8127119dd649515f56e2117?s=96&d=mm&r=g","caption":"rtnews"},"url":"https:\/\/now-news.de\/de\/author\/rnews\/"}]}},"_links":{"self":[{"href":"https:\/\/now-news.de\/de\/wp-json\/wp\/v2\/posts\/9670"}],"collection":[{"href":"https:\/\/now-news.de\/de\/wp-json\/wp\/v2\/posts"}],"about":[{"href":"https:\/\/now-news.de\/de\/wp-json\/wp\/v2\/types\/post"}],"author":[{"embeddable":true,"href":"https:\/\/now-news.de\/de\/wp-json\/wp\/v2\/users\/3"}],"replies":[{"embeddable":true,"href":"https:\/\/now-news.de\/de\/wp-json\/wp\/v2\/comments?post=9670"}],"version-history":[{"count":0,"href":"https:\/\/now-news.de\/de\/wp-json\/wp\/v2\/posts\/9670\/revisions"}],"wp:featuredmedia":[{"embeddable":true,"href":"https:\/\/now-news.de\/de\/wp-json\/wp\/v2\/media\/9671"}],"wp:attachment":[{"href":"https:\/\/now-news.de\/de\/wp-json\/wp\/v2\/media?parent=9670"}],"wp:term":[{"taxonomy":"category","embeddable":true,"href":"https:\/\/now-news.de\/de\/wp-json\/wp\/v2\/categories?post=9670"},{"taxonomy":"post_tag","embeddable":true,"href":"https:\/\/now-news.de\/de\/wp-json\/wp\/v2\/tags?post=9670"}],"curies":[{"name":"wp","href":"https:\/\/api.w.org\/{rel}","templated":true}]}}