{"id":96662,"date":"2025-12-31T19:05:25","date_gmt":"2025-12-31T17:05:25","guid":{"rendered":"https:\/\/now-news.de\/de\/deutschland\/zwoelf-gute-vorsaetze-fuer-das-neue-jahr\/"},"modified":"2025-12-31T19:05:25","modified_gmt":"2025-12-31T17:05:25","slug":"zwoelf-gute-vorsaetze-fuer-das-neue-jahr","status":"publish","type":"post","link":"https:\/\/now-news.de\/de\/deutschland\/zwoelf-gute-vorsaetze-fuer-das-neue-jahr\/","title":{"rendered":"Zw\u00f6lf gute Vors\u00e4tze f\u00fcr das &quot;neue Jahr&quot;"},"content":{"rendered":"<p><img decoding=\"async\" src=\"https:\/\/now-news.de\/de\/wp-content\/uploads\/sites\/3\/2025\/12\/6953d16b48fbef30820af769.jpg\" \/><\/p>\n<div class=\"Text-root Text-type_1 \">\n                Der bekannte mexikanische Philosoph Buen Abad \u00fcber das &#8220;neue Jahr&#8221; als ideologische Bet\u00e4ubung und rituelle Pause, um Versprechen zu recyceln, ohne die herrschenden Strukturen anzutasten. Dem stellt er notwendige &#8220;gute Vors\u00e4tze&#8221; gegen\u00fcber.\n            <\/div>\n<p><\/p>\n<div class=\"Text-root Text-type_5 ArticleView-text ViewText-root \">\n<p><em>Von <\/em><em>Fernando Buen Abad<\/em><\/p>\n<p>Zw\u00f6lf gute Vors\u00e4tze f\u00fcr das &#8220;neue Jahr&#8221; sind weder eine moralische Einkaufsliste f\u00fcr den Supermarkt noch ein Heftchen f\u00fcr Selbsthilfe, sondern eine historische Provokation, die die Realit\u00e4t mit der H\u00e4rte ihrer Widerspr\u00fcche konfrontiert und sie dazu dr\u00e4ngt, sich zu definieren.<\/p>\n<p>Jedes &#8220;neue Jahr&#8221; pr\u00e4sentiert sich als ein Fetisch im Kalender, eine arithmetische Illusion, die automatische Erneuerung verspricht, wo es lediglich Kontinuit\u00e4t der sozialen Beziehungen gibt. Und das ist die erste T\u00e4uschung, die es zu entlarven gilt, denn die Zeit, die alles ver\u00e4ndert, ist nicht bewusstes historisches Subjekt oder emanzipatorische Kraft. Sie ist dialektisch gesehen das materielle Szenario, in dem die materiellen Kr\u00e4fte zusammensto\u00dfen.<\/p>\n<p>Deshalb wird sie mit magischen Kr\u00e4ften ausgestattet, um ihr die Verantwortung zuzuschreiben, die der Kapitalismus sich weigert zu \u00fcbernehmen. Als ob es ausreichte, dass sich die Zahl \u00e4ndert, damit sich die Lebensbedingungen der Mehrheiten \u00e4ndern.<\/p>\n<p>Unser Problem mit der Zeit ist in Wirklichkeit das Problem, wer sie zu einer Waffe der Ausbeutung macht und wozu, denn der Kapitalismus hat gelernt, die Uhr zu fetischisieren, das Leben in Schichten, Fristen, Zeitpl\u00e4ne und Termine zu zerlegen, die die Ausbeutung mit wissenschaftlicher Pr\u00e4zision organisieren, w\u00e4hrend er die Fantasie verkauft, dass jeder &#8220;Neuanfang&#8221; eine individuelle (niemals kollektive) Chance ist, sich besser an das Gleiche anzupassen.<\/p>\n<p>So fungiert das &#8220;neue Jahr&#8221; als ideologische Bet\u00e4ubung, als rituelle Pause, die es erm\u00f6glicht, Versprechen zu recyceln, ohne die Strukturen anzutasten, eine symbolische Atempause, um den Rest des Jahres weiter Ungerechtigkeit zu atmen.<\/p>\n<p>Diese Illusion der Ver\u00e4nderung ist f\u00fcr die herrschende Ordnung zutiefst funktional, weil sie die historische Transformation durch psychologische Erwartung, den Kampf durch das Verlangen, die Organisation durch den Trinkspruch ersetzt.<\/p>\n<p>Die Dialektik der Zeit erinnert uns daran, dass es keinen Bruch ohne Konflikt gibt, dass jede echte Neuerung aus einer konkreten Negation des Bestehenden entsteht und nicht aus dem einfachen Vergehen der Tage. Und dennoch besteht man auf einer linearen, leeren, homogenen Zeit, in der alles vergeht, aber nichts \u00fcberwunden wird, in der sich Krisen wie Jahreszeiten wiederholen und Ungleichheit unter neuen Namen wiederaufbereitet wird.<\/p>\n<p>Ein neues Jahr bringt also nichts Neues, es \u00fcbert\u00fcncht lediglich die Best\u00e4ndigkeit eines Systems, das uns davon \u00fcberzeugen muss, dass die Zukunft bereits da ist, damit wir sie nicht erschaffen; dass Ver\u00e4nderung unvermeidlich ist, damit sie nicht revolution\u00e4r ist; dass die Geschichte von selbst voranschreitet, damit niemand sie vorantreibt.<\/p>\n<p>In dieser zeitlichen Falle verw\u00e4ssert sich die Erinnerung, denn jeder Januar scheint die fr\u00fcheren K\u00e4mpfe, die Besiegten, die durch Organisation erk\u00e4mpften Errungenschaften auszul\u00f6schen, und ohne Erinnerung gibt es keine Dialektik, sondern nur Wiederholung, keine Negation der Negation, sondern nur die ewige Wiederkehr der Ausbeutung.<\/p>\n<p>Unser Problem ist nicht der Kalender, sondern das historische Bewusstsein, nicht der Lauf der Zeit, sondern ihre politische Aneignung. Denn w\u00e4hrend die herrschenden Klassen Jahrzehnte im Voraus planen, ihre Privilegien absichern und die Zukunft wie ein Gesch\u00e4ft managen, wird den V\u00f6lkern die Illusion des &#8220;neuen Jahres&#8221; als maximaler Horizont angeboten, eine zw\u00f6lfmonatige Erneuerung, die niemals ausreichend ist, um das Wesentliche zu ver\u00e4ndern.<\/p>\n<p>Es ist zutiefst dialektisch zu behaupten, dass die Zeit nur dann neu wird, wenn sich das Kr\u00e4fteverh\u00e4ltnis \u00e4ndert, wenn das Alte besiegt und nicht nur \u00fcbert\u00fcncht wird, wenn die Zukunft aufh\u00f6rt, ein abstraktes Versprechen zu sein und sich in ein kollektives Projekt verwandelt; und das geschieht nicht durch Dekrete oder Glockenschl\u00e4ge, sondern durch die Akkumulation von Bewusstsein, Organisation und Kampf.<\/p>\n<p>Solch eine Illusion des j\u00e4hrlichen Wandels ist im Grunde genommen eine P\u00e4dagogik des Wartens, eine Aufforderung, die Emp\u00f6rung zur\u00fcckzustellen, die Rebellion aufzuschieben, zu glauben, dass morgen alles besser wird, ohne zu fragen, f\u00fcr wen besser&#8230; und w\u00e4hrenddessen tickt die Uhr weiter und z\u00e4hlt weiter den Mehrwert, die Auspl\u00fcnderung, die Prekarisierung und den Krieg als Normalit\u00e4t.<\/p>\n<p>Mit dieser Illusion zu brechen bedeutet, die Zeit zu politisieren, zu verstehen, dass jeder Tag ein Schlachtfeld und kein unbeschriebenes Blatt ist, dass es kein &#8220;Schwamm dr\u00fcber&#8221; f\u00fcr diejenigen gibt, die historische Schulden, strukturelle Ungleichheiten und systematische Gewalt zu tragen haben.<\/p>\n<p>Das neue Jahr kann nur dann neu sein, wenn es der Tr\u00e4gheit entrissen wird, wenn es mit transformativem Inhalt gef\u00fcllt wird, wenn es zur bewussten Fortsetzung der K\u00e4mpfe und nicht zu ihrer rituellen Unterbrechung wird. Denn die Dialektik kennt keine Feiertage und die Geschichte h\u00e4lt nicht inne, um mit einem Trinkspruch anzusto\u00dfen.<\/p>\n<p>Letzten Endes ist das Problem der Zeit das Problem der Macht, und die Illusion der Ver\u00e4nderung ist eine Strategie, um die Dringlichkeit einer realen Ver\u00e4nderung zu entsch\u00e4rfen, die nicht auf den n\u00e4chsten Januar oder das n\u00e4chste Versprechen wartet, die versteht, dass die Zukunft nicht kommt: Sie wird geschaffen oder erlitten.<\/p>\n<p><strong><\/strong><\/p>\n<p><strong>Und die guten Vors\u00e4tze?<\/strong><\/p>\n<p>(1) Der erste dieser Vors\u00e4tze ist, ohne Umschweife und Euphemismen, die soziale Gerechtigkeit, verstanden nicht als Almosen oder Wahlkampfslogan, sondern als radikale Neuordnung des kollektiven Lebens, damit der von allen produzierte Reichtum nicht l\u00e4nger von einigen wenigen an sich gerissen wird. Soziale Gerechtigkeit als materielle Praxis, die Hunger, erzwungene Unwissenheit, Prekarit\u00e4t der Arbeit und t\u00e4gliche Dem\u00fctigung an der Wurzel anpackt; soziale Gerechtigkeit, die weder vor den M\u00e4rkten noch vor gesch\u00f6nten Statistiken niederkniet, sondern sich der Ausbeutung entgegenstellt und sie beim Namen nennt.<\/p>\n<p>(2) Der zweite ist, die ideologische Maschinerie zu zerlegen, die Ungleichheit als etwas Nat\u00fcrliches darstellt und uns als Schicksal verkauft, denn ohne kulturellen Kampf ist jede wirtschaftliche Errungenschaft fragil und umkehrbar, und weil der heute vorherrschende gesunde Menschenverstand eine Fabrik der Resignation ist, die mit kritischem Denken, historischem Ged\u00e4chtnis und bewusster Organisation sabotiert werden muss.<\/p>\n<p>(3) Der dritte ist die wirkliche Demokratisierung der Kommunikation, nicht als gn\u00e4diges Zugest\u00e4ndnis, sondern als strategisches Recht, damit das Wort nicht l\u00e4nger das Monopol von Konzernen ist und zu einem Werkzeug der V\u00f6lker wird, das in der Lage ist, ihre K\u00e4mpfe, ihre Schmerzen und ihre Hoffnungen ohne kommerzielle Filter oder verdeckte Zensur zu erz\u00e4hlen.<\/p>\n<p>(5) Der f\u00fcnfte ist eine kritische, \u00f6ffentliche und emanzipatorische Bildung, eine Bildung, die keine Gehorsamen f\u00fcr den Markt heranz\u00fcchtet, sondern Subjekte, die in der Lage sind, die Welt zu verstehen und zu ver\u00e4ndern; eine Bildung, die lehrt, zu zweifeln, zu fragen, sich zu organisieren und nicht als nat\u00fcrlich zu akzeptieren, was historisch und daher ver\u00e4nderbar ist.<\/p>\n<p>(6) Der sechste ist Souver\u00e4nit\u00e4t in all ihren Dimensionen \u2013 Ern\u00e4hrung, Energie, Kultur und Technologie \u2013, weil ein abh\u00e4ngiges Volk ein erpressbares Volk ist und weil Unabh\u00e4ngigkeit nicht proklamiert, sondern durch wirtschaftliche und politische Entscheidungen aufgebaut wird, die das kollektive Wohlergehen \u00fcber den transnationalen Profit stellen.<\/p>\n<p>(7) Der siebte ist die substanzielle Gleichstellung der Geschlechter, nicht als leere Parole, sondern als tiefgreifende Transformation der Machtverh\u00e4ltnisse, die die Arbeit, das Zuhause, die Politik und die Sprache durchziehen, in dem Verst\u00e4ndnis, dass es keine soziale Gerechtigkeit gibt, solange Gewalt, Ausgrenzung und normalisierte Ungleichheiten fortbestehen.<\/p>\n<p>(8) Der achte ist die aktive Verteidigung der Natur als Voraussetzung f\u00fcr das \u00dcberleben und nicht als gr\u00fcne Modeerscheinung; davon ausgehend, dass das r\u00e4uberische Modell des Kapitalismus mit dem Leben unvereinbar ist und dass die \u00f6kologische Krise auch eine soziale, ethische und politische Krise ist, die eine \u00c4nderung der Art und Weise erfordert, wie produziert und konsumiert wird.<\/p>\n<p>(9) Der neunte ist die Erinnerung als Waffe des Kampfes, die Erinnerung an widerst\u00e4ndige Bewegungen, an die Verbrechen der Macht, an die mit Opfern erk\u00e4mpften Errungenschaften. Denn ein Volk ohne Erinnerung ist leicht zu domestizieren und das programmierte Vergessen ist eine raffinierte Form der Herrschaft.<\/p>\n<p>(10) Der zehnte ist die solidarische Integration der V\u00f6lker gegen\u00fcber dem ausgrenzenden Nationalismus und dem Globalismus der Konzerne, eine Integration, die auf Kooperation, Respekt und Komplementarit\u00e4t basiert und in der Lage ist, sich gemeinsam den M\u00e4chten entgegenzustellen, die uns zersplittern und in st\u00e4ndigem Wettbewerb halten wollen.<\/p>\n<p>(11) Der elfte ist die Ethik der Organisation, der geduldige und kollektive Aufbau von Volkskr\u00e4ften, die weder von einem &#8220;gro\u00dfen F\u00fchrer&#8221; noch von Wundern abh\u00e4ngig sind, sondern von der bewussten Beteiligung und der solidarischen Disziplin. Denn ohne Organisation l\u00f6st sich die Emp\u00f6rung auf und der Wunsch nach Ver\u00e4nderung verwandelt sich in Frustration.<\/p>\n<p>(12) Und der zw\u00f6lfte Vorsatz ist die Koh\u00e4renz zwischen Wort und Aktion, diese seltene revolution\u00e4re Tugend, die verlangt, so zu leben, wie man denkt, und zu denken, wie man lebt, ohne Doppelmoral und opportunistische Nebenwege, in dem Verst\u00e4ndnis, dass jede allt\u00e4gliche Geste auch ein Feld der politischen Auseinandersetzung ist.<\/p>\n<p>Diese zw\u00f6lf Vors\u00e4tze passen nicht in einen Trinkspruch und werden auch nicht anhand eines Kalenders erf\u00fcllt. Es sind offene Aufgaben, die mit einem System zusammensto\u00dfen, das darauf ausgelegt ist, sie zu verhindern. Aber genau deshalb sind sie notwendig, denn das &#8220;neue Jahr&#8221; wird von selbst gar nichts \u00e4ndern und nur dann neu sein, wenn wir es dazu bringen, es zu sein; wenn wir aus jedem Tag einen Akt bewusster Auflehnung gegen die Ungerechtigkeit machen, wenn wir uns bewusst machen, dass die Geschichte nicht von alleine voranschreitet; und dass die soziale Gerechtigkeit, der oberste Wunsch und die Bedingung f\u00fcr alle anderen, nicht vom Himmel f\u00e4llt und nicht erbettelt, sondern erobert wird.<\/p>\n<p><strong><em>F<\/em><\/strong><em><strong>ernando Buen Abad<\/strong> ist Mitglied des &#8220;Netzwerks von Intellektuellen und K\u00fcnstlern zur Verteidigung der Menschheit&#8221; und <\/em><em>im<\/em><em> Beirat des l<\/em><em>a<\/em><em>teinamerikanischen <\/em><em>Fernsehs<\/em><em>enders TeleSur. <\/em><em>Er <\/em><em>leitet das<\/em><em> Institut f\u00fcr Kultur und Kommunikation und des Sean MacBride Centers <\/em><em>an der<\/em><em> Nationale<\/em><em>n<\/em><em> Universit\u00e4t Lan\u00fas, <\/em><em>Argentinien.<\/em><\/p>\n<p><em>Erschienen beim <\/em><em>venezolanischen <\/em><em>Onlineportal &#8220;<\/em><em>Aporrea&#8221;<\/em><em>. Aus dem <\/em><em><a rel=\"nofollow noopener\" target=\"_blank\" href=\"https:\/\/www.aporrea.org\/actualidad\/a348132.html\">Spanischen<\/a>\u00a0<\/em><em>\u00fcbersetzt von Olga Esp\u00edn.<\/em><\/p>\n<p><strong>Mehr zum Thema<\/strong> &#8211;\u00a0<a rel=\"nofollow noopener\" target=\"_blank\" href=\"https:\/\/freedert.online\/meinung\/185008-beste-kindern-sowjetische-kunst-giganten-aufzog\/\">&#8220;Das Beste den Kindern!&#8221; Sowjetische Kunst, die Giganten aufzog<\/a><\/p>\n<div class=\"EmbedBlock-root EmbedBlock-externalVideo EmbedBlock-rumble\">\n<div class=\"VkEmbed\"><iframe class=\"lazyload\" data-src=\"https:\/\/rumble.com\/embed\/v61yzdm\" frameborder=\"0\" width=\"853\" height=\"480\" allowfullscreen><\/iframe><\/div>\n<\/div>\n<\/div>\n<p><br \/>\n<br \/><a href=\"https:\/\/de.rt.com\/meinung\/266147-zwoelf-gute-vorsaetze-fuer-neue\/\">Source link <\/a><\/p>\n","protected":false},"excerpt":{"rendered":"<p>Der bekannte mexikanische Philosoph Buen Abad \u00fcber das &#8220;neue Jahr&#8221; als ideologische Bet\u00e4ubung und rituelle Pause, um Versprechen zu recyceln, ohne die herrschenden Strukturen anzutasten. Dem stellt er notwendige &#8220;gute Vors\u00e4tze&#8221; gegen\u00fcber. Von Fernando Buen Abad Zw\u00f6lf gute Vors\u00e4tze f\u00fcr das &#8220;neue Jahr&#8221; sind weder eine moralische Einkaufsliste f\u00fcr den Supermarkt noch ein Heftchen f\u00fcr [&hellip;]<\/p>\n","protected":false},"author":3,"featured_media":96663,"comment_status":"open","ping_status":"open","sticky":false,"template":"","format":"standard","meta":{"_yoast_indexnow_last_ping":["1767201358"],"wp_automatic_camp":["217"],"009b0ad0a48d35b5f9b8e0920a608cdb":["Zw\u00f6lf gute Vors\u00e4tze f\u00fcr das &quot;neue Jahr&quot;"],"original_link":["https:\/\/de.rt.com\/meinung\/266147-zwoelf-gute-vorsaetze-fuer-neue\/"],"_thumbnail_id":["96663"],"jnews_social_counter_last_update":["1777499933"],"_wptgpro_p2tg_sent2tg":["a:1:{i:23737;s:19:\"2025-12-31 19:17:00\";}"]},"categories":[19,23],"tags":[427,221,20636,70301,25614,70300,22392],"yoast_head":"<!-- This site is optimized with the Yoast SEO Premium plugin v22.7 (Yoast SEO v22.7) - https:\/\/yoast.com\/wordpress\/plugins\/seo\/ -->\n<title>Zw\u00f6lf gute Vors\u00e4tze f\u00fcr das &quot;neue Jahr&quot; - just-now.NEWS Deutschland<\/title>\n<meta name=\"robots\" content=\"index, follow, max-snippet:-1, max-image-preview:large, max-video-preview:-1\" \/>\n<link rel=\"canonical\" href=\"https:\/\/now-news.de\/de\/deutschland\/zwoelf-gute-vorsaetze-fuer-das-neue-jahr\/\" \/>\n<meta property=\"og:locale\" content=\"de_DE\" \/>\n<meta property=\"og:type\" content=\"article\" \/>\n<meta property=\"og:title\" content=\"Zw\u00f6lf gute Vors\u00e4tze f\u00fcr das &quot;neue Jahr&quot;\" \/>\n<meta property=\"og:description\" content=\"Der bekannte mexikanische Philosoph Buen Abad \u00fcber das &#8220;neue Jahr&#8221; als ideologische Bet\u00e4ubung und rituelle Pause, um Versprechen zu recyceln, ohne die herrschenden Strukturen anzutasten. Dem stellt er notwendige &#8220;gute Vors\u00e4tze&#8221; gegen\u00fcber. Von Fernando Buen Abad Zw\u00f6lf gute Vors\u00e4tze f\u00fcr das &#8220;neue Jahr&#8221; sind weder eine moralische Einkaufsliste f\u00fcr den Supermarkt noch ein Heftchen f\u00fcr [&hellip;]\" \/>\n<meta property=\"og:url\" content=\"https:\/\/now-news.de\/de\/deutschland\/zwoelf-gute-vorsaetze-fuer-das-neue-jahr\/\" \/>\n<meta property=\"og:site_name\" content=\"just-now.NEWS Deutschland\" \/>\n<meta property=\"article:publisher\" content=\"https:\/\/www.facebook.com\/wirmachenauf\" \/>\n<meta property=\"article:published_time\" content=\"2025-12-31T17:05:25+00:00\" \/>\n<meta property=\"og:image\" content=\"https:\/\/now-news.de\/de\/wp-content\/uploads\/sites\/3\/2025\/12\/6953d16b48fbef30820af769.jpg\" \/>\n<meta name=\"author\" content=\"rtnews\" \/>\n<meta name=\"twitter:card\" content=\"summary_large_image\" \/>\n<meta name=\"twitter:creator\" content=\"@WirMachenAuf_de\" \/>\n<meta name=\"twitter:site\" content=\"@WirMachenAuf_de\" \/>\n<meta name=\"twitter:label1\" content=\"Verfasst von\" \/>\n\t<meta name=\"twitter:data1\" content=\"rtnews\" \/>\n\t<meta name=\"twitter:label2\" content=\"Gesch\u00e4tzte Lesezeit\" \/>\n\t<meta name=\"twitter:data2\" content=\"8\u00a0Minuten\" \/>\n<script type=\"application\/ld+json\" class=\"yoast-schema-graph\">{\"@context\":\"https:\/\/schema.org\",\"@graph\":[{\"@type\":\"Article\",\"@id\":\"https:\/\/now-news.de\/de\/deutschland\/zwoelf-gute-vorsaetze-fuer-das-neue-jahr\/#article\",\"isPartOf\":{\"@id\":\"https:\/\/now-news.de\/de\/deutschland\/zwoelf-gute-vorsaetze-fuer-das-neue-jahr\/\"},\"author\":{\"name\":\"rtnews\",\"@id\":\"https:\/\/now-news.de\/de\/#\/schema\/person\/fb534a4e865501d8b3285208df34a9b5\"},\"headline\":\"Zw\u00f6lf gute Vors\u00e4tze f\u00fcr das &quot;neue Jahr&quot;\",\"datePublished\":\"2025-12-31T17:05:25+00:00\",\"dateModified\":\"2025-12-31T17:05:25+00:00\",\"mainEntityOfPage\":{\"@id\":\"https:\/\/now-news.de\/de\/deutschland\/zwoelf-gute-vorsaetze-fuer-das-neue-jahr\/\"},\"wordCount\":1685,\"commentCount\":0,\"publisher\":{\"@id\":\"https:\/\/now-news.de\/de\/#organization\"},\"image\":{\"@id\":\"https:\/\/now-news.de\/de\/deutschland\/zwoelf-gute-vorsaetze-fuer-das-neue-jahr\/#primaryimage\"},\"thumbnailUrl\":\"https:\/\/now-news.de\/de\/wp-content\/uploads\/sites\/3\/2025\/12\/Zwoelf-gute-Vorsaetze-fuer-das-quotneue-Jahrquot.jpg\",\"keywords\":[\"das\",\"f\u00fcr\",\"Gute\",\"Jahrquot\",\"quotneue\",\"Vors\u00e4tze\",\"zw\u00f6lf\"],\"articleSection\":[\"Deutschland\",\"Russland\"],\"inLanguage\":\"de\",\"potentialAction\":[{\"@type\":\"CommentAction\",\"name\":\"Comment\",\"target\":[\"https:\/\/now-news.de\/de\/deutschland\/zwoelf-gute-vorsaetze-fuer-das-neue-jahr\/#respond\"]}]},{\"@type\":\"WebPage\",\"@id\":\"https:\/\/now-news.de\/de\/deutschland\/zwoelf-gute-vorsaetze-fuer-das-neue-jahr\/\",\"url\":\"https:\/\/now-news.de\/de\/deutschland\/zwoelf-gute-vorsaetze-fuer-das-neue-jahr\/\",\"name\":\"Zw\u00f6lf gute Vors\u00e4tze f\u00fcr das &quot;neue Jahr&quot; - just-now.NEWS Deutschland\",\"isPartOf\":{\"@id\":\"https:\/\/now-news.de\/de\/#website\"},\"primaryImageOfPage\":{\"@id\":\"https:\/\/now-news.de\/de\/deutschland\/zwoelf-gute-vorsaetze-fuer-das-neue-jahr\/#primaryimage\"},\"image\":{\"@id\":\"https:\/\/now-news.de\/de\/deutschland\/zwoelf-gute-vorsaetze-fuer-das-neue-jahr\/#primaryimage\"},\"thumbnailUrl\":\"https:\/\/now-news.de\/de\/wp-content\/uploads\/sites\/3\/2025\/12\/Zwoelf-gute-Vorsaetze-fuer-das-quotneue-Jahrquot.jpg\",\"datePublished\":\"2025-12-31T17:05:25+00:00\",\"dateModified\":\"2025-12-31T17:05:25+00:00\",\"breadcrumb\":{\"@id\":\"https:\/\/now-news.de\/de\/deutschland\/zwoelf-gute-vorsaetze-fuer-das-neue-jahr\/#breadcrumb\"},\"inLanguage\":\"de\",\"potentialAction\":[{\"@type\":\"ReadAction\",\"target\":[\"https:\/\/now-news.de\/de\/deutschland\/zwoelf-gute-vorsaetze-fuer-das-neue-jahr\/\"]}]},{\"@type\":\"ImageObject\",\"inLanguage\":\"de\",\"@id\":\"https:\/\/now-news.de\/de\/deutschland\/zwoelf-gute-vorsaetze-fuer-das-neue-jahr\/#primaryimage\",\"url\":\"https:\/\/now-news.de\/de\/wp-content\/uploads\/sites\/3\/2025\/12\/Zwoelf-gute-Vorsaetze-fuer-das-quotneue-Jahrquot.jpg\",\"contentUrl\":\"https:\/\/now-news.de\/de\/wp-content\/uploads\/sites\/3\/2025\/12\/Zwoelf-gute-Vorsaetze-fuer-das-quotneue-Jahrquot.jpg\",\"width\":460,\"height\":259,\"caption\":\"Zw\u00f6lf gute Vors\u00e4tze f\u00fcr das &quot;neue Jahr&quot;\"},{\"@type\":\"BreadcrumbList\",\"@id\":\"https:\/\/now-news.de\/de\/deutschland\/zwoelf-gute-vorsaetze-fuer-das-neue-jahr\/#breadcrumb\",\"itemListElement\":[{\"@type\":\"ListItem\",\"position\":1,\"name\":\"Home\",\"item\":\"https:\/\/now-news.de\/de\/\"},{\"@type\":\"ListItem\",\"position\":2,\"name\":\"Zw\u00f6lf gute Vors\u00e4tze f\u00fcr das &quot;neue Jahr&quot;\"}]},{\"@type\":\"WebSite\",\"@id\":\"https:\/\/now-news.de\/de\/#website\",\"url\":\"https:\/\/now-news.de\/de\/\",\"name\":\"just-now.NEWS Deutschland\",\"description\":\"Das Portal f\u00fcr unzensierte Nachrichten aus der Welt\",\"publisher\":{\"@id\":\"https:\/\/now-news.de\/de\/#organization\"},\"potentialAction\":[{\"@type\":\"SearchAction\",\"target\":{\"@type\":\"EntryPoint\",\"urlTemplate\":\"https:\/\/now-news.de\/de\/?s={search_term_string}\"},\"query-input\":\"required name=search_term_string\"}],\"inLanguage\":\"de\"},{\"@type\":\"Organization\",\"@id\":\"https:\/\/now-news.de\/de\/#organization\",\"name\":\"Just Now News\",\"url\":\"https:\/\/now-news.de\/de\/\",\"logo\":{\"@type\":\"ImageObject\",\"inLanguage\":\"de\",\"@id\":\"https:\/\/now-news.de\/de\/#\/schema\/logo\/image\/\",\"url\":\"http:\/\/just-now.news\/de\/wp-content\/uploads\/sites\/3\/2022\/04\/logo500x500.jpg\",\"contentUrl\":\"http:\/\/just-now.news\/de\/wp-content\/uploads\/sites\/3\/2022\/04\/logo500x500.jpg\",\"width\":500,\"height\":500,\"caption\":\"Just Now News\"},\"image\":{\"@id\":\"https:\/\/now-news.de\/de\/#\/schema\/logo\/image\/\"},\"sameAs\":[\"https:\/\/www.facebook.com\/wirmachenauf\",\"https:\/\/x.com\/WirMachenAuf_de\"]},{\"@type\":\"Person\",\"@id\":\"https:\/\/now-news.de\/de\/#\/schema\/person\/fb534a4e865501d8b3285208df34a9b5\",\"name\":\"rtnews\",\"image\":{\"@type\":\"ImageObject\",\"inLanguage\":\"de\",\"@id\":\"https:\/\/now-news.de\/de\/#\/schema\/person\/image\/\",\"url\":\"https:\/\/secure.gravatar.com\/avatar\/82aafea7d8127119dd649515f56e2117?s=96&d=mm&r=g\",\"contentUrl\":\"https:\/\/secure.gravatar.com\/avatar\/82aafea7d8127119dd649515f56e2117?s=96&d=mm&r=g\",\"caption\":\"rtnews\"},\"url\":\"https:\/\/now-news.de\/de\/author\/rnews\/\"}]}<\/script>\n<!-- \/ Yoast SEO Premium plugin. -->","yoast_head_json":{"title":"Zw\u00f6lf gute Vors\u00e4tze f\u00fcr das &quot;neue Jahr&quot; - just-now.NEWS Deutschland","robots":{"index":"index","follow":"follow","max-snippet":"max-snippet:-1","max-image-preview":"max-image-preview:large","max-video-preview":"max-video-preview:-1"},"canonical":"https:\/\/now-news.de\/de\/deutschland\/zwoelf-gute-vorsaetze-fuer-das-neue-jahr\/","og_locale":"de_DE","og_type":"article","og_title":"Zw\u00f6lf gute Vors\u00e4tze f\u00fcr das &quot;neue Jahr&quot;","og_description":"Der bekannte mexikanische Philosoph Buen Abad \u00fcber das &#8220;neue Jahr&#8221; als ideologische Bet\u00e4ubung und rituelle Pause, um Versprechen zu recyceln, ohne die herrschenden Strukturen anzutasten. Dem stellt er notwendige &#8220;gute Vors\u00e4tze&#8221; gegen\u00fcber. Von Fernando Buen Abad Zw\u00f6lf gute Vors\u00e4tze f\u00fcr das &#8220;neue Jahr&#8221; sind weder eine moralische Einkaufsliste f\u00fcr den Supermarkt noch ein Heftchen f\u00fcr [&hellip;]","og_url":"https:\/\/now-news.de\/de\/deutschland\/zwoelf-gute-vorsaetze-fuer-das-neue-jahr\/","og_site_name":"just-now.NEWS Deutschland","article_publisher":"https:\/\/www.facebook.com\/wirmachenauf","article_published_time":"2025-12-31T17:05:25+00:00","og_image":[{"url":"https:\/\/now-news.de\/de\/wp-content\/uploads\/sites\/3\/2025\/12\/6953d16b48fbef30820af769.jpg"}],"author":"rtnews","twitter_card":"summary_large_image","twitter_creator":"@WirMachenAuf_de","twitter_site":"@WirMachenAuf_de","twitter_misc":{"Verfasst von":"rtnews","Gesch\u00e4tzte Lesezeit":"8\u00a0Minuten"},"schema":{"@context":"https:\/\/schema.org","@graph":[{"@type":"Article","@id":"https:\/\/now-news.de\/de\/deutschland\/zwoelf-gute-vorsaetze-fuer-das-neue-jahr\/#article","isPartOf":{"@id":"https:\/\/now-news.de\/de\/deutschland\/zwoelf-gute-vorsaetze-fuer-das-neue-jahr\/"},"author":{"name":"rtnews","@id":"https:\/\/now-news.de\/de\/#\/schema\/person\/fb534a4e865501d8b3285208df34a9b5"},"headline":"Zw\u00f6lf gute Vors\u00e4tze f\u00fcr das &quot;neue Jahr&quot;","datePublished":"2025-12-31T17:05:25+00:00","dateModified":"2025-12-31T17:05:25+00:00","mainEntityOfPage":{"@id":"https:\/\/now-news.de\/de\/deutschland\/zwoelf-gute-vorsaetze-fuer-das-neue-jahr\/"},"wordCount":1685,"commentCount":0,"publisher":{"@id":"https:\/\/now-news.de\/de\/#organization"},"image":{"@id":"https:\/\/now-news.de\/de\/deutschland\/zwoelf-gute-vorsaetze-fuer-das-neue-jahr\/#primaryimage"},"thumbnailUrl":"https:\/\/now-news.de\/de\/wp-content\/uploads\/sites\/3\/2025\/12\/Zwoelf-gute-Vorsaetze-fuer-das-quotneue-Jahrquot.jpg","keywords":["das","f\u00fcr","Gute","Jahrquot","quotneue","Vors\u00e4tze","zw\u00f6lf"],"articleSection":["Deutschland","Russland"],"inLanguage":"de","potentialAction":[{"@type":"CommentAction","name":"Comment","target":["https:\/\/now-news.de\/de\/deutschland\/zwoelf-gute-vorsaetze-fuer-das-neue-jahr\/#respond"]}]},{"@type":"WebPage","@id":"https:\/\/now-news.de\/de\/deutschland\/zwoelf-gute-vorsaetze-fuer-das-neue-jahr\/","url":"https:\/\/now-news.de\/de\/deutschland\/zwoelf-gute-vorsaetze-fuer-das-neue-jahr\/","name":"Zw\u00f6lf gute Vors\u00e4tze f\u00fcr das &quot;neue Jahr&quot; - just-now.NEWS Deutschland","isPartOf":{"@id":"https:\/\/now-news.de\/de\/#website"},"primaryImageOfPage":{"@id":"https:\/\/now-news.de\/de\/deutschland\/zwoelf-gute-vorsaetze-fuer-das-neue-jahr\/#primaryimage"},"image":{"@id":"https:\/\/now-news.de\/de\/deutschland\/zwoelf-gute-vorsaetze-fuer-das-neue-jahr\/#primaryimage"},"thumbnailUrl":"https:\/\/now-news.de\/de\/wp-content\/uploads\/sites\/3\/2025\/12\/Zwoelf-gute-Vorsaetze-fuer-das-quotneue-Jahrquot.jpg","datePublished":"2025-12-31T17:05:25+00:00","dateModified":"2025-12-31T17:05:25+00:00","breadcrumb":{"@id":"https:\/\/now-news.de\/de\/deutschland\/zwoelf-gute-vorsaetze-fuer-das-neue-jahr\/#breadcrumb"},"inLanguage":"de","potentialAction":[{"@type":"ReadAction","target":["https:\/\/now-news.de\/de\/deutschland\/zwoelf-gute-vorsaetze-fuer-das-neue-jahr\/"]}]},{"@type":"ImageObject","inLanguage":"de","@id":"https:\/\/now-news.de\/de\/deutschland\/zwoelf-gute-vorsaetze-fuer-das-neue-jahr\/#primaryimage","url":"https:\/\/now-news.de\/de\/wp-content\/uploads\/sites\/3\/2025\/12\/Zwoelf-gute-Vorsaetze-fuer-das-quotneue-Jahrquot.jpg","contentUrl":"https:\/\/now-news.de\/de\/wp-content\/uploads\/sites\/3\/2025\/12\/Zwoelf-gute-Vorsaetze-fuer-das-quotneue-Jahrquot.jpg","width":460,"height":259,"caption":"Zw\u00f6lf gute Vors\u00e4tze f\u00fcr das &quot;neue Jahr&quot;"},{"@type":"BreadcrumbList","@id":"https:\/\/now-news.de\/de\/deutschland\/zwoelf-gute-vorsaetze-fuer-das-neue-jahr\/#breadcrumb","itemListElement":[{"@type":"ListItem","position":1,"name":"Home","item":"https:\/\/now-news.de\/de\/"},{"@type":"ListItem","position":2,"name":"Zw\u00f6lf gute Vors\u00e4tze f\u00fcr das &quot;neue Jahr&quot;"}]},{"@type":"WebSite","@id":"https:\/\/now-news.de\/de\/#website","url":"https:\/\/now-news.de\/de\/","name":"just-now.NEWS Deutschland","description":"Das Portal f\u00fcr unzensierte Nachrichten aus der Welt","publisher":{"@id":"https:\/\/now-news.de\/de\/#organization"},"potentialAction":[{"@type":"SearchAction","target":{"@type":"EntryPoint","urlTemplate":"https:\/\/now-news.de\/de\/?s={search_term_string}"},"query-input":"required name=search_term_string"}],"inLanguage":"de"},{"@type":"Organization","@id":"https:\/\/now-news.de\/de\/#organization","name":"Just Now News","url":"https:\/\/now-news.de\/de\/","logo":{"@type":"ImageObject","inLanguage":"de","@id":"https:\/\/now-news.de\/de\/#\/schema\/logo\/image\/","url":"http:\/\/just-now.news\/de\/wp-content\/uploads\/sites\/3\/2022\/04\/logo500x500.jpg","contentUrl":"http:\/\/just-now.news\/de\/wp-content\/uploads\/sites\/3\/2022\/04\/logo500x500.jpg","width":500,"height":500,"caption":"Just Now News"},"image":{"@id":"https:\/\/now-news.de\/de\/#\/schema\/logo\/image\/"},"sameAs":["https:\/\/www.facebook.com\/wirmachenauf","https:\/\/x.com\/WirMachenAuf_de"]},{"@type":"Person","@id":"https:\/\/now-news.de\/de\/#\/schema\/person\/fb534a4e865501d8b3285208df34a9b5","name":"rtnews","image":{"@type":"ImageObject","inLanguage":"de","@id":"https:\/\/now-news.de\/de\/#\/schema\/person\/image\/","url":"https:\/\/secure.gravatar.com\/avatar\/82aafea7d8127119dd649515f56e2117?s=96&d=mm&r=g","contentUrl":"https:\/\/secure.gravatar.com\/avatar\/82aafea7d8127119dd649515f56e2117?s=96&d=mm&r=g","caption":"rtnews"},"url":"https:\/\/now-news.de\/de\/author\/rnews\/"}]}},"_links":{"self":[{"href":"https:\/\/now-news.de\/de\/wp-json\/wp\/v2\/posts\/96662"}],"collection":[{"href":"https:\/\/now-news.de\/de\/wp-json\/wp\/v2\/posts"}],"about":[{"href":"https:\/\/now-news.de\/de\/wp-json\/wp\/v2\/types\/post"}],"author":[{"embeddable":true,"href":"https:\/\/now-news.de\/de\/wp-json\/wp\/v2\/users\/3"}],"replies":[{"embeddable":true,"href":"https:\/\/now-news.de\/de\/wp-json\/wp\/v2\/comments?post=96662"}],"version-history":[{"count":0,"href":"https:\/\/now-news.de\/de\/wp-json\/wp\/v2\/posts\/96662\/revisions"}],"wp:featuredmedia":[{"embeddable":true,"href":"https:\/\/now-news.de\/de\/wp-json\/wp\/v2\/media\/96663"}],"wp:attachment":[{"href":"https:\/\/now-news.de\/de\/wp-json\/wp\/v2\/media?parent=96662"}],"wp:term":[{"taxonomy":"category","embeddable":true,"href":"https:\/\/now-news.de\/de\/wp-json\/wp\/v2\/categories?post=96662"},{"taxonomy":"post_tag","embeddable":true,"href":"https:\/\/now-news.de\/de\/wp-json\/wp\/v2\/tags?post=96662"}],"curies":[{"name":"wp","href":"https:\/\/api.w.org\/{rel}","templated":true}]}}