{"id":96467,"date":"2025-12-27T17:25:52","date_gmt":"2025-12-27T15:25:52","guid":{"rendered":"https:\/\/now-news.de\/de\/deutschland\/ard-fernsehgottesdienst-am-heiligabend-gruselkrippe-mit-schleimmonster\/"},"modified":"2025-12-27T17:25:52","modified_gmt":"2025-12-27T15:25:52","slug":"ard-fernsehgottesdienst-am-heiligabend-gruselkrippe-mit-schleimmonster","status":"publish","type":"post","link":"https:\/\/now-news.de\/de\/deutschland\/ard-fernsehgottesdienst-am-heiligabend-gruselkrippe-mit-schleimmonster\/","title":{"rendered":"ARD-Fernsehgottesdienst am Heiligabend: Gruselkrippe mit Schleimmonster"},"content":{"rendered":"<p><img decoding=\"async\" src=\"https:\/\/now-news.de\/de\/wp-content\/uploads\/sites\/3\/2025\/12\/694ffb31b480cc2ac50e61c4.JPG\" \/><\/p>\n<div class=\"Text-root Text-type_1 \">\n                Eine Kunstinstallation w\u00e4hrend des katholischen Fernsehgottesdienstes erhitzt die Gem\u00fcter. Anstelle des Jesuskindes in der Krippe wurde ein in feuchtes Reispapier geh\u00fcllter Frauenk\u00f6rper gezeigt.\n            <\/div>\n<p><\/p>\n<div class=\"Text-root Text-type_5 ArticleView-text ViewText-root \">\n<p><em>Von Astrid Sigena<\/em><\/p>\n<p>Die katholische Kirche ist (zumindest im deutschsprachigen Raum) mittlerweile ber\u00fcchtigt f\u00fcr ihre fragw\u00fcrdigen Kunstinstallationen, die \u2013 gelinde gesagt \u2012 Befremden erregen. So wurde im Mai 2025 w\u00e4hrend des Festakts zur 1.250-Jahrfeier Westfalens im Paderborner Dom eine Tanzzeremonie mit kopflosen H\u00fchnern in Windeln aufgef\u00fchrt (<em>RT DE<\/em>\u00a0<a rel=\"nofollow noopener\" target=\"_blank\" href=\"https:\/\/rtde.press\/kurzclips\/video\/246308-kopflose-huehner-in-windeln-show\/\">berichtete<\/a>). Und bereits im Jahr zuvor war im \u00f6sterreichischen Linz im \u00f6rtlichen Mariendom die Statue einer geb\u00e4renden Mutter Gottes <a rel=\"nofollow noopener\" target=\"_blank\" href=\"https:\/\/religion.orf.at\/stories\/3226836\/\">aufgestellt worden<\/a>, die bez\u00fcglich nackter Tatsachen w\u00e4hrend des Geburtsvorgangs keine Fragen offenlie\u00df, was zur Emp\u00f6rung unter katholischen Gl\u00e4ubigen und sogar zur <a rel=\"nofollow noopener\" target=\"_blank\" href=\"https:\/\/religion.orf.at\/stories\/3226843\/\">Zerst\u00f6rung<\/a> der Skulptur f\u00fchrte.\u00a0<\/p>\n<p>Nun war offenbar die Stuttgarter St.-Maria-Kirche mit dem bewussten Provozieren frommer Gem\u00fcter an der Reihe. Dort fand am Heiligabend die <a rel=\"nofollow noopener\" target=\"_blank\" href=\"https:\/\/www.ardmediathek.de\/video\/gottesdienst\/katholische-christmette\/das-erste\/Y3JpZDovL2FyZC5kZS9wbGFuQVJEX2VjNmRmODU3LTFiMmEtNDBjNC1iNWUyLTBjZDMzMGM1N2M5ZF9nYW56ZVNlbmR1bmc\">Fernseh\u00fcbertragung<\/a> der katholischen Christmette unter dem Motto &#8220;So viel Mensch war nie!&#8221; statt. <em>SWR<\/em>-Rundfunkpfarrer Thomas Steiger <a rel=\"nofollow noopener\" target=\"_blank\" href=\"https:\/\/www.stuttgarter-zeitung.de\/inhalt.gottesdienste-an-weihnachten-in-der-krippe-liegt-ein-echter-mensch.dd3d757f-3424-4337-b208-cc31e5905cd6.html\">beteuerte<\/a> zwar bereits im Vorfeld, man wolle mit der Darbietung nicht provozieren, sondern inspirieren, es ist allerdings kaum glaubw\u00fcrdig, dass er als Medienprofi diese Wirkung nicht mit einberechnet hat. Zumal w\u00e4hrend des Gottesdienstes Pastoralreferentin Katharina Leser immer wieder in mokantem Ton von der &#8220;perfekten heilen Jesusfigur&#8221; (zum Beispiel bei\u00a0Minute 27:30) sprach. Ohnehin ist St. Maria durch die Regenbogenbeflaggung als Kirchengemeinde des woken Zeitgeistes <a rel=\"nofollow noopener\" target=\"_blank\" href=\"https:\/\/www.daserste.de\/information\/politik-weltgeschehen\/kirchliche-sendungen\/katholische-christmette-146.html\">gekennzeichnet<\/a>.\u00a0<\/p>\n<p>W\u00e4hrend der ansonsten unspektakul\u00e4r verlaufenden, mit vertrauten Advents- und Weihnachtsliedern wie &#8220;Maria durch ein Dornwald ging&#8221; oder &#8220;Es ist ein Ros entsprungen&#8221; aufwartenden Christmette zeigte die Kamera immer wieder ein schleimiges, atmendes Etwas, das auf einem Strohhaufen gebettet war (zum Beispiel bei Minute 7:09) \u2013 die Krippe, wie Pfarrer Steiger den Zuschauern erkl\u00e4rte (Minute 26:00). Die K\u00fcnstlerin Milena Lorek selbst <a rel=\"nofollow noopener\" target=\"_blank\" href=\"https:\/\/www.instagram.com\/p\/DSrq6DUDaQp\/?hl=de&amp;img_index=1\">nannte<\/a> die von ihr entworfene Installation &#8220;Endwurf&#8221; \u2013 wobei die Endsilbe &#8220;-wurf&#8221; eine Reduzierung auf das rein Animalische impliziert. Denn &#8220;Wurf&#8221; und &#8220;werfen&#8221; bezeichnet schlie\u00dflich nur den Geburtsvorgang bei Tieren.<\/p>\n<p>Ist Gott in Stuttgart etwa nicht Mensch, sondern Tier geworden? Ist das der &#8220;Moment der Ungewissheit&#8221; zwischen Sicherheit und Bedr\u00e4ngnis, von dem die K\u00fcnstlerin in ihrem k\u00fcnstlerischen Konzept <a rel=\"nofollow noopener\" target=\"_blank\" href=\"https:\/\/www.nordkurier.de\/panorama\/ard-christmette-mit-ekelfaktor-was-die-kirche-zur-darstellung-des-schleim-jesus-sagt-4222773\">spricht<\/a>? Nicht umsonst <a rel=\"nofollow noopener\" target=\"_blank\" href=\"https:\/\/www.bild.de\/regional\/baden-wuerttemberg\/live-im-fernsehen-ard-zeigt-christmette-mit-schleim-jesus-694e6bfdba368aa0126a3a92\">f\u00fchlte sich<\/a> Hagen Stegm\u00fcller von der <em>BILD<\/em> an ein sich windendes, frisch geborenes Kalb erinnert. Andere Betrachter der Krippeninstallation dachten auf der Plattform X angewidert an ein &#8220;<a rel=\"nofollow noopener\" target=\"_blank\" href=\"https:\/\/x.com\/DrLuetke\/status\/2004239531990831542\">atmendes Alien<\/a>&#8221;\u00a0oder gar an die <a rel=\"nofollow noopener\" target=\"_blank\" href=\"https:\/\/x.com\/kuestenwende\/status\/2004855653144354842\">Geburt<\/a> eines <a rel=\"nofollow noopener\" target=\"_blank\" href=\"https:\/\/x.com\/FMachl\/status\/2004574943481041107\">Uruk-hai<\/a> (eines grausamen Ork-Kriegers aus der Fantasy-Sage &#8220;Herr der Ringe&#8221;). Sehr h\u00e4ufig fielen die Begriffe &#8220;satanisch&#8221; oder &#8220;blasphemisch&#8221;. Den Eindruck eines neugeborenen Babys erweckte die Installation bei den Rezipienten ganz offensichtlich nicht. Es h\u00e4tte auch keineswegs derartigen Abscheu erregt.<\/p>\n<p>Pfarrer Steiger verk\u00fcndete zwar w\u00e4hrend des Gottesdienstes (Minute 9:00), die Krippe zeige einen echten Menschen, der dort &#8220;elend, nackt und blo\u00df&#8221; liege (eine offensichtliche Anspielung auf das Kirchenlied &#8220;Lobt Gott, ihr Christen alle gleich&#8221;): &#8220;Der Mensch hier ist eingeh\u00fcllt, weil er zart und verletzlich ist und wir seine W\u00fcrde und Intimit\u00e4t bewahren wollen.&#8221; (Was nat\u00fcrlich die Frage stellt, warum man dann \u00fcberhaupt erst eine \u2013 unter den Reispapiert\u00fcchern wom\u00f6glich nackte \u2013 Erwachsene anstelle einer Holzfigur des Jesuskindes in die Krippe legt) So sei Jesus geboren worden, ganz ohne Prunk, so wie jedes Menschenkind.<\/p>\n<p>Von der Menschwerdung Gottes ist in diesem atmenden Klumpen Fleisch, eingesponnen in dem Schleim des Reispapiers, allerdings nichts mehr zu versp\u00fcren. Bedeutet die Geburt Christi im Christentum, dass Gott ein menschliches Antlitz erh\u00e4lt, so f\u00e4llt bei der in Stuttgart als Jesus-Ersatz fungierenden Kreatur gerade das Fehlen eines Gesichts auf. Es handelt sich geradezu um das Gegenteil der Menschwerdung, um eine Entmenschlichung, ja Vertierung.\u00a0<\/p>\n<p>Erstaunlich ist auch der offenkundige Widerspruch der Krippeninstallation zum im selben Gottesdienst vorgetragenen Evangeliumstext (Minute 17:50). Der wird in Stuttgart zwar noch verlesen, aber offensichtlich schert man sich nicht mehr um seine Aussage. Denn im Lukasevangelium ist davon die Rede, dass Maria ihren neugeborenen Sohn in Windeln h\u00fcllte und erst dann in die Krippe legte. Dem Evangelisten war das Vorhandensein der Windeln sogar so wichtig, dass er sie bei der Verhei\u00dfung des Engels an die Hirten noch einmal wiederholte (einer theologischen <a rel=\"nofollow noopener\" target=\"_blank\" href=\"https:\/\/www.feinschwarz.net\/die-windeln-jesu\/\">Deutung<\/a>\u00a0zufolge findet sich hier die Reminiszenz eines alt\u00e4gyptischen Herrscherlobes: Der Topos des kleinkindlichen Herrschers in Windeln galt dort als Zeichen g\u00f6ttlicher Pr\u00e4destination).<\/p>\n<p>Im Bistum Aachen <a rel=\"nofollow noopener\" target=\"_blank\" href=\"https:\/\/heiligtumsfahrt-aachen.de\/rund-um-die-heiligtumsfahrt\/alles-zur-heiligtumsfahrt\/die-heiligtuemer\/index.html\">verehrt<\/a> die katholische Kirche die angeblichen Windeln Jesu sogar heute noch als Reliquie. Wobei man sich die antiken Windeln nicht als eine leichte Bedeckung rund um den Schambereich vorstellen darf \u2013 antike S\u00e4uglinge wurden vielmehr gepuckt, also fest in Stoffbinden verpackt (ein Abbild eines derart\u00a0gepuckten Christuskindes in der Krippe <a rel=\"nofollow noopener\" target=\"_blank\" href=\"https:\/\/www.evangelisch.de\/inhalte\/163776\/22-12-2019\/hintergruende-ueber-ein-oft-vergessenes-detail-aus-der-weihnachtsgeschichte-die-windel\">findet sich<\/a> im griechischen Kloster Hosios Lukas). Von einem Jesuskind, das &#8220;nackt und blo\u00df&#8221; in der Krippe liegt, kann jedenfalls beim Evangelisten Lukas nicht die Rede sein.\u00a0<\/p>\n<p>Mittlerweile schaltete sich neben aufgebrachten Gl\u00e4ubigen auch die Politik ein. Es entr\u00fcsteten sich vor allem AfD-Politiker, aber auch Vertreter der lokalen CDU. Der Stuttgarter Stadtrat und Landtagskandidat Klaus Nopper von der CDU <a rel=\"nofollow noopener\" target=\"_blank\" href=\"https:\/\/www.20min.ch\/story\/stuttgart-d-krank-und-abartig-jesus-darstellung-schockiert-tv-zuschauer-103476230\">\u00e4u\u00dferte<\/a> gegen\u00fcber der Presse seine Emp\u00f6rung: &#8220;Das ist eklig! Hier wird die Weihnachtsgeschichte im Sinne der Wokeness instrumentalisiert.&#8221; Dabei w\u00fcrden Grenzen &#8220;immer weiter verschoben, unsere Werte \u00fcber Bord geworfen. So zerst\u00f6rt man die Gesellschaft.&#8221; Nopper sprach des Weiteren von einer Untergrabung der Legitimation der <em>ARD<\/em> durch eine solche Ausstrahlung. Auch sein Parteikollege Maximilian M\u00f6rseburg kritisierte die Installation und bef\u00fcrchtete, dass sich aufgrund einer solchen Darbietung an Weihnachten noch mehr Menschen von der Institution Kirche abwenden k\u00f6nnten.\u00a0<\/p>\n<p>Noch drastischer fiel die Kritik bei der AfD aus: Der sachsen-anhaltische Landtagsabgeordnete Daniel Wald <a rel=\"nofollow noopener\" target=\"_blank\" href=\"https:\/\/x.com\/MdlWald\/status\/2004530632454541345\">schrieb<\/a> auf X: &#8220;Widerlich, pervers \u2013 Blasphemie!&#8221; und zog die Konsequenz: &#8220;Wenn das Kirche sein soll, dann hat sie ihren Sinn endg\u00fcltig verloren und kann weg!&#8221; Der bayerische AfD-Politiker Thomas R. Deutscher verfasste sogar einen Offenen Brief an die Di\u00f6zese Rottenburg-Stuttgart, in dem er seiner Emp\u00f6rung Ausdruck <a rel=\"nofollow noopener\" target=\"_blank\" href=\"https:\/\/x.com\/trdeutscher\/status\/2004596692025245719\">verlieh<\/a>. Derweil <a rel=\"nofollow noopener\" target=\"_blank\" href=\"https:\/\/x.com\/MdlBehrendt\/status\/2004599115775352991\">konstatierte<\/a> die nieders\u00e4chsische Landtagsabgeordnete Vanessa Behrendt: &#8220;Das Jesuskind brachte das Licht in die Welt zur\u00fcck. Es wurde liebevoll umsorgt und war kein elendes, nacktes Monster. Die Geburt Jesu auf so blasphemische Art und Weise darzustellen, ist nicht christlich, sondern d\u00e4monisch.&#8221;\u00a0<\/p>\n<p>Und auch der AfD-Landesvorsitzende von Sachsen-Anhalt und Bundestagsabgeordnete Martin Reichardt <a rel=\"nofollow noopener\" target=\"_blank\" href=\"https:\/\/x.com\/M_Reichardt_AfD\/status\/2004548054716735530\">sah<\/a> den Teufel am Werk: Die blasphemischen vom Antichristen gesteuerten deutschen Amtskirchen lie\u00dfen keine Widerlichkeit aus, um das Christentum in den Dreck zu treten, so Reichardts Urteil.<\/p>\n<p>Zwischen der AfD und den beiden Staatskirchen ist das Tischtuch ganz offensichtlich endg\u00fcltig zerschnitten.\u00a0<\/p>\n<p>Stellungnahmen des verantwortlichen <em>S\u00fcdwestrundfunks<\/em> und der katholischen Di\u00f6zese Rottenburg-Stuttgart zur vehement anschwellenden Kritik gibt es bisher nicht. Das ist auch nicht erstaunlich, denn f\u00fcr beide Institutionen gibt es keinen Grund, sich Kritik zu Herzen zu nehmen. Garantiert doch der Staat sowohl den GEZ-Medien (durch den verpflichtenden Rundfunkbeitrag) als auch den Staatskirchen (durch den Einzug der Kirchensteuer sowie die Staatsleistungen) ein finanziell weitgehend sorgloses Schalten und Walten wie bisher, bei dem man sich dann die Auftr\u00e4ge zuschanzt (nicht umsonst soll nach Recherchen des <em>\u00d6RR Blog<\/em> die K\u00fcnstlerin Milena Lorek f\u00fcr die <a rel=\"nofollow noopener\" target=\"_blank\" href=\"https:\/\/www.kirche-im-swr.de\/ueber-uns\/\">Online-Redaktion<\/a> von &#8220;Kirche im SWR&#8221;\u00a0<a rel=\"nofollow noopener\" target=\"_blank\" href=\"https:\/\/x.com\/OERRBlog\/status\/2004832875531694408\">arbeiten<\/a>).<\/p>\n<p>Solange sich daran nichts \u00e4ndert, werden sich die beiden gro\u00dfen Kirchen und ihre medialen Komplizen weiterhin daranmachen, den Gl\u00e4ubigen Weihnachten zu verderben. Eine Abschaffung der staatlichen Unterst\u00fctzung w\u00e4re daher eine veritable <a rel=\"nofollow noopener\" target=\"_blank\" href=\"https:\/\/freedert.online\/inland\/265782-rettet-weihnachten\/\">Weihnachtsrettungsaktion<\/a>.<\/p>\n<p><strong>Mehr zum Thema<\/strong> &#8211; <a rel=\"nofollow noopener\" target=\"_blank\" href=\"https:\/\/freedert.online\/inland\/244164-woker-irrsinn-oerr-journalistin-ruhs\/\">&#8220;Woker Irrsinn&#8221; \u2012 Entsetzen \u00fcber Evangelischen Kirchentag in Hannover <\/a><\/p>\n<\/p>\n<\/div>\n<p><script async defer src=\"https:\/\/platform.instagram.com\/en_US\/embeds.js\"><\/script><br \/>\n<br \/><br \/>\n<br \/><a href=\"https:\/\/de.rt.com\/meinung\/265925-ard-fernsehgottesdienst-am-heiligabend-gruselkrippe\/\">Source link <\/a><\/p>\n","protected":false},"excerpt":{"rendered":"<p>Eine Kunstinstallation w\u00e4hrend des katholischen Fernsehgottesdienstes erhitzt die Gem\u00fcter. Anstelle des Jesuskindes in der Krippe wurde ein in feuchtes Reispapier geh\u00fcllter Frauenk\u00f6rper gezeigt. Von Astrid Sigena Die katholische Kirche ist (zumindest im deutschsprachigen Raum) mittlerweile ber\u00fcchtigt f\u00fcr ihre fragw\u00fcrdigen Kunstinstallationen, die \u2013 gelinde gesagt \u2012 Befremden erregen. So wurde im Mai 2025 w\u00e4hrend des Festakts [&hellip;]<\/p>\n","protected":false},"author":3,"featured_media":96468,"comment_status":"open","ping_status":"open","sticky":false,"template":"","format":"standard","meta":{"_yoast_indexnow_last_ping":["1766849828"],"wp_automatic_camp":["217"],"d1b7dd4da423c4d64a1ba5b42ff1d101":["ARD-Fernsehgottesdienst am Heiligabend: Gruselkrippe mit Schleimmonster"],"original_link":["https:\/\/de.rt.com\/meinung\/265925-ard-fernsehgottesdienst-am-heiligabend-gruselkrippe\/"],"_thumbnail_id":["96468"],"jnews_social_counter_last_update":["1777333034"],"_wptgpro_p2tg_sent2tg":["a:1:{i:23737;s:19:\"2025-12-27 17:38:33\";}"]},"categories":[19,23],"tags":[70222,70223,38097,419,70224],"yoast_head":"<!-- This site is optimized with the Yoast SEO Premium plugin v22.7 (Yoast SEO v22.7) - https:\/\/yoast.com\/wordpress\/plugins\/seo\/ -->\n<title>ARD-Fernsehgottesdienst am Heiligabend: Gruselkrippe mit Schleimmonster - just-now.NEWS Deutschland<\/title>\n<meta name=\"robots\" content=\"index, follow, max-snippet:-1, max-image-preview:large, max-video-preview:-1\" \/>\n<link rel=\"canonical\" href=\"https:\/\/now-news.de\/de\/deutschland\/ard-fernsehgottesdienst-am-heiligabend-gruselkrippe-mit-schleimmonster\/\" \/>\n<meta property=\"og:locale\" content=\"de_DE\" \/>\n<meta property=\"og:type\" content=\"article\" \/>\n<meta property=\"og:title\" content=\"ARD-Fernsehgottesdienst am Heiligabend: Gruselkrippe mit Schleimmonster\" \/>\n<meta property=\"og:description\" content=\"Eine Kunstinstallation w\u00e4hrend des katholischen Fernsehgottesdienstes erhitzt die Gem\u00fcter. Anstelle des Jesuskindes in der Krippe wurde ein in feuchtes Reispapier geh\u00fcllter Frauenk\u00f6rper gezeigt. Von Astrid Sigena Die katholische Kirche ist (zumindest im deutschsprachigen Raum) mittlerweile ber\u00fcchtigt f\u00fcr ihre fragw\u00fcrdigen Kunstinstallationen, die \u2013 gelinde gesagt \u2012 Befremden erregen. So wurde im Mai 2025 w\u00e4hrend des Festakts [&hellip;]\" \/>\n<meta property=\"og:url\" content=\"https:\/\/now-news.de\/de\/deutschland\/ard-fernsehgottesdienst-am-heiligabend-gruselkrippe-mit-schleimmonster\/\" \/>\n<meta property=\"og:site_name\" content=\"just-now.NEWS Deutschland\" \/>\n<meta property=\"article:publisher\" content=\"https:\/\/www.facebook.com\/wirmachenauf\" \/>\n<meta property=\"article:published_time\" content=\"2025-12-27T15:25:52+00:00\" \/>\n<meta property=\"og:image\" content=\"https:\/\/now-news.de\/de\/wp-content\/uploads\/sites\/3\/2025\/12\/694ffb31b480cc2ac50e61c4.JPG\" \/>\n<meta name=\"author\" content=\"rtnews\" \/>\n<meta name=\"twitter:card\" content=\"summary_large_image\" \/>\n<meta name=\"twitter:creator\" content=\"@WirMachenAuf_de\" \/>\n<meta name=\"twitter:site\" content=\"@WirMachenAuf_de\" \/>\n<meta name=\"twitter:label1\" content=\"Verfasst von\" \/>\n\t<meta name=\"twitter:data1\" content=\"rtnews\" \/>\n\t<meta name=\"twitter:label2\" content=\"Gesch\u00e4tzte Lesezeit\" \/>\n\t<meta name=\"twitter:data2\" content=\"6\u00a0Minuten\" \/>\n<script type=\"application\/ld+json\" class=\"yoast-schema-graph\">{\"@context\":\"https:\/\/schema.org\",\"@graph\":[{\"@type\":\"Article\",\"@id\":\"https:\/\/now-news.de\/de\/deutschland\/ard-fernsehgottesdienst-am-heiligabend-gruselkrippe-mit-schleimmonster\/#article\",\"isPartOf\":{\"@id\":\"https:\/\/now-news.de\/de\/deutschland\/ard-fernsehgottesdienst-am-heiligabend-gruselkrippe-mit-schleimmonster\/\"},\"author\":{\"name\":\"rtnews\",\"@id\":\"https:\/\/now-news.de\/de\/#\/schema\/person\/fb534a4e865501d8b3285208df34a9b5\"},\"headline\":\"ARD-Fernsehgottesdienst am Heiligabend: Gruselkrippe mit Schleimmonster\",\"datePublished\":\"2025-12-27T15:25:52+00:00\",\"dateModified\":\"2025-12-27T15:25:52+00:00\",\"mainEntityOfPage\":{\"@id\":\"https:\/\/now-news.de\/de\/deutschland\/ard-fernsehgottesdienst-am-heiligabend-gruselkrippe-mit-schleimmonster\/\"},\"wordCount\":1227,\"commentCount\":0,\"publisher\":{\"@id\":\"https:\/\/now-news.de\/de\/#organization\"},\"image\":{\"@id\":\"https:\/\/now-news.de\/de\/deutschland\/ard-fernsehgottesdienst-am-heiligabend-gruselkrippe-mit-schleimmonster\/#primaryimage\"},\"thumbnailUrl\":\"https:\/\/now-news.de\/de\/wp-content\/uploads\/sites\/3\/2025\/12\/ARD-Fernsehgottesdienst-am-Heiligabend-Gruselkrippe-mit-Schleimmonster.JPG\",\"keywords\":[\"ARDFernsehgottesdienst\",\"Gruselkrippe\",\"Heiligabend\",\"mit\",\"Schleimmonster\"],\"articleSection\":[\"Deutschland\",\"Russland\"],\"inLanguage\":\"de\",\"potentialAction\":[{\"@type\":\"CommentAction\",\"name\":\"Comment\",\"target\":[\"https:\/\/now-news.de\/de\/deutschland\/ard-fernsehgottesdienst-am-heiligabend-gruselkrippe-mit-schleimmonster\/#respond\"]}]},{\"@type\":\"WebPage\",\"@id\":\"https:\/\/now-news.de\/de\/deutschland\/ard-fernsehgottesdienst-am-heiligabend-gruselkrippe-mit-schleimmonster\/\",\"url\":\"https:\/\/now-news.de\/de\/deutschland\/ard-fernsehgottesdienst-am-heiligabend-gruselkrippe-mit-schleimmonster\/\",\"name\":\"ARD-Fernsehgottesdienst am Heiligabend: Gruselkrippe mit Schleimmonster - just-now.NEWS Deutschland\",\"isPartOf\":{\"@id\":\"https:\/\/now-news.de\/de\/#website\"},\"primaryImageOfPage\":{\"@id\":\"https:\/\/now-news.de\/de\/deutschland\/ard-fernsehgottesdienst-am-heiligabend-gruselkrippe-mit-schleimmonster\/#primaryimage\"},\"image\":{\"@id\":\"https:\/\/now-news.de\/de\/deutschland\/ard-fernsehgottesdienst-am-heiligabend-gruselkrippe-mit-schleimmonster\/#primaryimage\"},\"thumbnailUrl\":\"https:\/\/now-news.de\/de\/wp-content\/uploads\/sites\/3\/2025\/12\/ARD-Fernsehgottesdienst-am-Heiligabend-Gruselkrippe-mit-Schleimmonster.JPG\",\"datePublished\":\"2025-12-27T15:25:52+00:00\",\"dateModified\":\"2025-12-27T15:25:52+00:00\",\"breadcrumb\":{\"@id\":\"https:\/\/now-news.de\/de\/deutschland\/ard-fernsehgottesdienst-am-heiligabend-gruselkrippe-mit-schleimmonster\/#breadcrumb\"},\"inLanguage\":\"de\",\"potentialAction\":[{\"@type\":\"ReadAction\",\"target\":[\"https:\/\/now-news.de\/de\/deutschland\/ard-fernsehgottesdienst-am-heiligabend-gruselkrippe-mit-schleimmonster\/\"]}]},{\"@type\":\"ImageObject\",\"inLanguage\":\"de\",\"@id\":\"https:\/\/now-news.de\/de\/deutschland\/ard-fernsehgottesdienst-am-heiligabend-gruselkrippe-mit-schleimmonster\/#primaryimage\",\"url\":\"https:\/\/now-news.de\/de\/wp-content\/uploads\/sites\/3\/2025\/12\/ARD-Fernsehgottesdienst-am-Heiligabend-Gruselkrippe-mit-Schleimmonster.JPG\",\"contentUrl\":\"https:\/\/now-news.de\/de\/wp-content\/uploads\/sites\/3\/2025\/12\/ARD-Fernsehgottesdienst-am-Heiligabend-Gruselkrippe-mit-Schleimmonster.JPG\",\"width\":460,\"height\":259,\"caption\":\"ARD-Fernsehgottesdienst am Heiligabend: Gruselkrippe mit Schleimmonster\"},{\"@type\":\"BreadcrumbList\",\"@id\":\"https:\/\/now-news.de\/de\/deutschland\/ard-fernsehgottesdienst-am-heiligabend-gruselkrippe-mit-schleimmonster\/#breadcrumb\",\"itemListElement\":[{\"@type\":\"ListItem\",\"position\":1,\"name\":\"Home\",\"item\":\"https:\/\/now-news.de\/de\/\"},{\"@type\":\"ListItem\",\"position\":2,\"name\":\"ARD-Fernsehgottesdienst am Heiligabend: Gruselkrippe mit Schleimmonster\"}]},{\"@type\":\"WebSite\",\"@id\":\"https:\/\/now-news.de\/de\/#website\",\"url\":\"https:\/\/now-news.de\/de\/\",\"name\":\"just-now.NEWS Deutschland\",\"description\":\"Das Portal f\u00fcr unzensierte Nachrichten aus der Welt\",\"publisher\":{\"@id\":\"https:\/\/now-news.de\/de\/#organization\"},\"potentialAction\":[{\"@type\":\"SearchAction\",\"target\":{\"@type\":\"EntryPoint\",\"urlTemplate\":\"https:\/\/now-news.de\/de\/?s={search_term_string}\"},\"query-input\":\"required name=search_term_string\"}],\"inLanguage\":\"de\"},{\"@type\":\"Organization\",\"@id\":\"https:\/\/now-news.de\/de\/#organization\",\"name\":\"Just Now News\",\"url\":\"https:\/\/now-news.de\/de\/\",\"logo\":{\"@type\":\"ImageObject\",\"inLanguage\":\"de\",\"@id\":\"https:\/\/now-news.de\/de\/#\/schema\/logo\/image\/\",\"url\":\"http:\/\/just-now.news\/de\/wp-content\/uploads\/sites\/3\/2022\/04\/logo500x500.jpg\",\"contentUrl\":\"http:\/\/just-now.news\/de\/wp-content\/uploads\/sites\/3\/2022\/04\/logo500x500.jpg\",\"width\":500,\"height\":500,\"caption\":\"Just Now News\"},\"image\":{\"@id\":\"https:\/\/now-news.de\/de\/#\/schema\/logo\/image\/\"},\"sameAs\":[\"https:\/\/www.facebook.com\/wirmachenauf\",\"https:\/\/x.com\/WirMachenAuf_de\"]},{\"@type\":\"Person\",\"@id\":\"https:\/\/now-news.de\/de\/#\/schema\/person\/fb534a4e865501d8b3285208df34a9b5\",\"name\":\"rtnews\",\"image\":{\"@type\":\"ImageObject\",\"inLanguage\":\"de\",\"@id\":\"https:\/\/now-news.de\/de\/#\/schema\/person\/image\/\",\"url\":\"https:\/\/secure.gravatar.com\/avatar\/82aafea7d8127119dd649515f56e2117?s=96&d=mm&r=g\",\"contentUrl\":\"https:\/\/secure.gravatar.com\/avatar\/82aafea7d8127119dd649515f56e2117?s=96&d=mm&r=g\",\"caption\":\"rtnews\"},\"url\":\"https:\/\/now-news.de\/de\/author\/rnews\/\"}]}<\/script>\n<!-- \/ Yoast SEO Premium plugin. -->","yoast_head_json":{"title":"ARD-Fernsehgottesdienst am Heiligabend: Gruselkrippe mit Schleimmonster - just-now.NEWS Deutschland","robots":{"index":"index","follow":"follow","max-snippet":"max-snippet:-1","max-image-preview":"max-image-preview:large","max-video-preview":"max-video-preview:-1"},"canonical":"https:\/\/now-news.de\/de\/deutschland\/ard-fernsehgottesdienst-am-heiligabend-gruselkrippe-mit-schleimmonster\/","og_locale":"de_DE","og_type":"article","og_title":"ARD-Fernsehgottesdienst am Heiligabend: Gruselkrippe mit Schleimmonster","og_description":"Eine Kunstinstallation w\u00e4hrend des katholischen Fernsehgottesdienstes erhitzt die Gem\u00fcter. Anstelle des Jesuskindes in der Krippe wurde ein in feuchtes Reispapier geh\u00fcllter Frauenk\u00f6rper gezeigt. Von Astrid Sigena Die katholische Kirche ist (zumindest im deutschsprachigen Raum) mittlerweile ber\u00fcchtigt f\u00fcr ihre fragw\u00fcrdigen Kunstinstallationen, die \u2013 gelinde gesagt \u2012 Befremden erregen. So wurde im Mai 2025 w\u00e4hrend des Festakts [&hellip;]","og_url":"https:\/\/now-news.de\/de\/deutschland\/ard-fernsehgottesdienst-am-heiligabend-gruselkrippe-mit-schleimmonster\/","og_site_name":"just-now.NEWS Deutschland","article_publisher":"https:\/\/www.facebook.com\/wirmachenauf","article_published_time":"2025-12-27T15:25:52+00:00","og_image":[{"url":"https:\/\/now-news.de\/de\/wp-content\/uploads\/sites\/3\/2025\/12\/694ffb31b480cc2ac50e61c4.JPG"}],"author":"rtnews","twitter_card":"summary_large_image","twitter_creator":"@WirMachenAuf_de","twitter_site":"@WirMachenAuf_de","twitter_misc":{"Verfasst von":"rtnews","Gesch\u00e4tzte Lesezeit":"6\u00a0Minuten"},"schema":{"@context":"https:\/\/schema.org","@graph":[{"@type":"Article","@id":"https:\/\/now-news.de\/de\/deutschland\/ard-fernsehgottesdienst-am-heiligabend-gruselkrippe-mit-schleimmonster\/#article","isPartOf":{"@id":"https:\/\/now-news.de\/de\/deutschland\/ard-fernsehgottesdienst-am-heiligabend-gruselkrippe-mit-schleimmonster\/"},"author":{"name":"rtnews","@id":"https:\/\/now-news.de\/de\/#\/schema\/person\/fb534a4e865501d8b3285208df34a9b5"},"headline":"ARD-Fernsehgottesdienst am Heiligabend: Gruselkrippe mit Schleimmonster","datePublished":"2025-12-27T15:25:52+00:00","dateModified":"2025-12-27T15:25:52+00:00","mainEntityOfPage":{"@id":"https:\/\/now-news.de\/de\/deutschland\/ard-fernsehgottesdienst-am-heiligabend-gruselkrippe-mit-schleimmonster\/"},"wordCount":1227,"commentCount":0,"publisher":{"@id":"https:\/\/now-news.de\/de\/#organization"},"image":{"@id":"https:\/\/now-news.de\/de\/deutschland\/ard-fernsehgottesdienst-am-heiligabend-gruselkrippe-mit-schleimmonster\/#primaryimage"},"thumbnailUrl":"https:\/\/now-news.de\/de\/wp-content\/uploads\/sites\/3\/2025\/12\/ARD-Fernsehgottesdienst-am-Heiligabend-Gruselkrippe-mit-Schleimmonster.JPG","keywords":["ARDFernsehgottesdienst","Gruselkrippe","Heiligabend","mit","Schleimmonster"],"articleSection":["Deutschland","Russland"],"inLanguage":"de","potentialAction":[{"@type":"CommentAction","name":"Comment","target":["https:\/\/now-news.de\/de\/deutschland\/ard-fernsehgottesdienst-am-heiligabend-gruselkrippe-mit-schleimmonster\/#respond"]}]},{"@type":"WebPage","@id":"https:\/\/now-news.de\/de\/deutschland\/ard-fernsehgottesdienst-am-heiligabend-gruselkrippe-mit-schleimmonster\/","url":"https:\/\/now-news.de\/de\/deutschland\/ard-fernsehgottesdienst-am-heiligabend-gruselkrippe-mit-schleimmonster\/","name":"ARD-Fernsehgottesdienst am Heiligabend: Gruselkrippe mit Schleimmonster - just-now.NEWS Deutschland","isPartOf":{"@id":"https:\/\/now-news.de\/de\/#website"},"primaryImageOfPage":{"@id":"https:\/\/now-news.de\/de\/deutschland\/ard-fernsehgottesdienst-am-heiligabend-gruselkrippe-mit-schleimmonster\/#primaryimage"},"image":{"@id":"https:\/\/now-news.de\/de\/deutschland\/ard-fernsehgottesdienst-am-heiligabend-gruselkrippe-mit-schleimmonster\/#primaryimage"},"thumbnailUrl":"https:\/\/now-news.de\/de\/wp-content\/uploads\/sites\/3\/2025\/12\/ARD-Fernsehgottesdienst-am-Heiligabend-Gruselkrippe-mit-Schleimmonster.JPG","datePublished":"2025-12-27T15:25:52+00:00","dateModified":"2025-12-27T15:25:52+00:00","breadcrumb":{"@id":"https:\/\/now-news.de\/de\/deutschland\/ard-fernsehgottesdienst-am-heiligabend-gruselkrippe-mit-schleimmonster\/#breadcrumb"},"inLanguage":"de","potentialAction":[{"@type":"ReadAction","target":["https:\/\/now-news.de\/de\/deutschland\/ard-fernsehgottesdienst-am-heiligabend-gruselkrippe-mit-schleimmonster\/"]}]},{"@type":"ImageObject","inLanguage":"de","@id":"https:\/\/now-news.de\/de\/deutschland\/ard-fernsehgottesdienst-am-heiligabend-gruselkrippe-mit-schleimmonster\/#primaryimage","url":"https:\/\/now-news.de\/de\/wp-content\/uploads\/sites\/3\/2025\/12\/ARD-Fernsehgottesdienst-am-Heiligabend-Gruselkrippe-mit-Schleimmonster.JPG","contentUrl":"https:\/\/now-news.de\/de\/wp-content\/uploads\/sites\/3\/2025\/12\/ARD-Fernsehgottesdienst-am-Heiligabend-Gruselkrippe-mit-Schleimmonster.JPG","width":460,"height":259,"caption":"ARD-Fernsehgottesdienst am Heiligabend: Gruselkrippe mit Schleimmonster"},{"@type":"BreadcrumbList","@id":"https:\/\/now-news.de\/de\/deutschland\/ard-fernsehgottesdienst-am-heiligabend-gruselkrippe-mit-schleimmonster\/#breadcrumb","itemListElement":[{"@type":"ListItem","position":1,"name":"Home","item":"https:\/\/now-news.de\/de\/"},{"@type":"ListItem","position":2,"name":"ARD-Fernsehgottesdienst am Heiligabend: Gruselkrippe mit Schleimmonster"}]},{"@type":"WebSite","@id":"https:\/\/now-news.de\/de\/#website","url":"https:\/\/now-news.de\/de\/","name":"just-now.NEWS Deutschland","description":"Das Portal f\u00fcr unzensierte Nachrichten aus der Welt","publisher":{"@id":"https:\/\/now-news.de\/de\/#organization"},"potentialAction":[{"@type":"SearchAction","target":{"@type":"EntryPoint","urlTemplate":"https:\/\/now-news.de\/de\/?s={search_term_string}"},"query-input":"required name=search_term_string"}],"inLanguage":"de"},{"@type":"Organization","@id":"https:\/\/now-news.de\/de\/#organization","name":"Just Now News","url":"https:\/\/now-news.de\/de\/","logo":{"@type":"ImageObject","inLanguage":"de","@id":"https:\/\/now-news.de\/de\/#\/schema\/logo\/image\/","url":"http:\/\/just-now.news\/de\/wp-content\/uploads\/sites\/3\/2022\/04\/logo500x500.jpg","contentUrl":"http:\/\/just-now.news\/de\/wp-content\/uploads\/sites\/3\/2022\/04\/logo500x500.jpg","width":500,"height":500,"caption":"Just Now News"},"image":{"@id":"https:\/\/now-news.de\/de\/#\/schema\/logo\/image\/"},"sameAs":["https:\/\/www.facebook.com\/wirmachenauf","https:\/\/x.com\/WirMachenAuf_de"]},{"@type":"Person","@id":"https:\/\/now-news.de\/de\/#\/schema\/person\/fb534a4e865501d8b3285208df34a9b5","name":"rtnews","image":{"@type":"ImageObject","inLanguage":"de","@id":"https:\/\/now-news.de\/de\/#\/schema\/person\/image\/","url":"https:\/\/secure.gravatar.com\/avatar\/82aafea7d8127119dd649515f56e2117?s=96&d=mm&r=g","contentUrl":"https:\/\/secure.gravatar.com\/avatar\/82aafea7d8127119dd649515f56e2117?s=96&d=mm&r=g","caption":"rtnews"},"url":"https:\/\/now-news.de\/de\/author\/rnews\/"}]}},"_links":{"self":[{"href":"https:\/\/now-news.de\/de\/wp-json\/wp\/v2\/posts\/96467"}],"collection":[{"href":"https:\/\/now-news.de\/de\/wp-json\/wp\/v2\/posts"}],"about":[{"href":"https:\/\/now-news.de\/de\/wp-json\/wp\/v2\/types\/post"}],"author":[{"embeddable":true,"href":"https:\/\/now-news.de\/de\/wp-json\/wp\/v2\/users\/3"}],"replies":[{"embeddable":true,"href":"https:\/\/now-news.de\/de\/wp-json\/wp\/v2\/comments?post=96467"}],"version-history":[{"count":0,"href":"https:\/\/now-news.de\/de\/wp-json\/wp\/v2\/posts\/96467\/revisions"}],"wp:featuredmedia":[{"embeddable":true,"href":"https:\/\/now-news.de\/de\/wp-json\/wp\/v2\/media\/96468"}],"wp:attachment":[{"href":"https:\/\/now-news.de\/de\/wp-json\/wp\/v2\/media?parent=96467"}],"wp:term":[{"taxonomy":"category","embeddable":true,"href":"https:\/\/now-news.de\/de\/wp-json\/wp\/v2\/categories?post=96467"},{"taxonomy":"post_tag","embeddable":true,"href":"https:\/\/now-news.de\/de\/wp-json\/wp\/v2\/tags?post=96467"}],"curies":[{"name":"wp","href":"https:\/\/api.w.org\/{rel}","templated":true}]}}