{"id":96457,"date":"2025-12-27T14:15:31","date_gmt":"2025-12-27T12:15:31","guid":{"rendered":"https:\/\/now-news.de\/de\/deutschland\/trump-kuendigt-gespraeche-mit-putin-und-selenskij-an\/"},"modified":"2025-12-27T14:15:31","modified_gmt":"2025-12-27T12:15:31","slug":"trump-kuendigt-gespraeche-mit-putin-und-selenskij-an","status":"publish","type":"post","link":"https:\/\/now-news.de\/de\/deutschland\/trump-kuendigt-gespraeche-mit-putin-und-selenskij-an\/","title":{"rendered":"Trump k\u00fcndigt Gespr\u00e4che mit Putin und Selenskij an"},"content":{"rendered":"<p><img decoding=\"async\" src=\"https:\/\/now-news.de\/de\/wp-content\/uploads\/sites\/3\/2025\/12\/694fc5eab480cc68b6267ee5.jpg\" \/><\/p>\n<div class=\"Text-root Text-type_1 \">\n                US-Pr\u00e4sident Donald Trump k\u00fcndigte ein Telefongespr\u00e4ch mit seinem russischen Amtskollegen Wladimir Putin an. Trump erkl\u00e4rte, er werde mit Putin &#8220;bald, so oft ich will&#8221; sprechen. Au\u00dferdem best\u00e4tigte Trump Gespr\u00e4che mit dem ukrainischen Staatsoberhaupt Wladimir Selenskij.\n            <\/div>\n<p><\/p>\n<div class=\"Text-root Text-type_5 ArticleView-text ViewText-root \">\n<p>US-Pr\u00e4sident Donald Trump hat bekannt gegeben, dass er hofft, &#8220;in naher Zukunft&#8221; mit dem russischen Pr\u00e4sidenten Wladimir Putin sprechen zu k\u00f6nnen. Der US-Pr\u00e4sident erkl\u00e4rte, er rechne damit, &#8220;bald, so oft ich will&#8221; mit dem russischen Staatsoberhaupt sprechen zu k\u00f6nnen. Dies berichtete <em>Politico<\/em>.<\/p>\n<p>Trump best\u00e4tigte au\u00dferdem ein bilaterales Treffen mit dem ukrainischen Staatschef Wladimir Selenskij. Nach Angaben des Wei\u00dfen Hauses finden die Gespr\u00e4che am 28. Dezember in Palm Beach um 15:00 Uhr Ortszeit (21:00 Uhr MEZ) statt. In der N\u00e4he dieses Ferienortes befindet sich Trumps Privatresidenz Mar-a-Lago, in der er sein Wochenende verbringt. Trump fasste in Bezug auf Selenskij zusammen:<\/p>\n<blockquote>\n<p><em>&#8220;Ich denke, dass alles gut mit ihm laufen wird. Ich denke, dass auch mit Putin alles gut laufen wird.&#8221;<\/em><\/p>\n<\/blockquote>\n<p>Zugleich zeigte sich Trump &#8220;zur\u00fcckhaltend&#8221; gegen\u00fcber dem von Kiew ausgearbeiteten Friedensplan. Selenskij werde nichts haben, &#8220;solange ich es nicht genehmige&#8221;, hie\u00df es. Jedoch bezeichnete Trump die Chancen f\u00fcr eine Beilegung des Ukraine-Konflikts als gut:<\/p>\n<blockquote>\n<p><em>&#8220;Ich denke, wir haben gute Chancen. Sie wollen es jetzt tun, und ich denke, Russland will das Gleiche. Aber jedes Mal, wenn eine Seite den Wunsch zeigt, es zu tun, tut es die andere Seite nicht.&#8221;<\/em><\/p>\n<\/blockquote>\n<p>In diesem Zusammenhang gab er auch eine Erkl\u00e4rung \u00fcber die russische Wirtschaft ab. Laut des US-Pr\u00e4sidenten befindet sich diese &#8220;in einem sehr schwierigen Zustand&#8221;.<\/p>\n<p><strong>Mehr zum Thema<\/strong> \u2013 <a rel=\"nofollow noopener\" target=\"_blank\" href=\"https:\/\/freedert.online\/international\/265876-moskau-friedensplan-ukraine-unterscheidet-sich\/\">Moskau: &#8220;Friedensplan&#8221; der Ukraine weicht grundlegend von dem der USA ab<\/a><\/p>\n<div class=\"EmbedBlock-root EmbedBlock-externalVideo EmbedBlock-rumble\">\n<div class=\"VkEmbed\"><iframe class=\"lazyload\" data-src=\"https:\/\/rumble.com\/embed\/v71by4s\" frameborder=\"0\" width=\"853\" height=\"480\" allowfullscreen><\/iframe><\/div>\n<\/div>\n<\/div>\n<p><br \/>\n<br \/><a href=\"https:\/\/de.rt.com\/international\/265921-trump-kuendigt-gespraeche-mit-putin\/\">Source link <\/a><\/p>\n","protected":false},"excerpt":{"rendered":"<p>US-Pr\u00e4sident Donald Trump k\u00fcndigte ein Telefongespr\u00e4ch mit seinem russischen Amtskollegen Wladimir Putin an. Trump erkl\u00e4rte, er werde mit Putin &#8220;bald, so oft ich will&#8221; sprechen. Au\u00dferdem best\u00e4tigte Trump Gespr\u00e4che mit dem ukrainischen Staatsoberhaupt Wladimir Selenskij. US-Pr\u00e4sident Donald Trump hat bekannt gegeben, dass er hofft, &#8220;in naher Zukunft&#8221; mit dem russischen Pr\u00e4sidenten Wladimir Putin sprechen zu [&hellip;]<\/p>\n","protected":false},"author":3,"featured_media":96458,"comment_status":"open","ping_status":"open","sticky":false,"template":"","format":"standard","meta":{"_yoast_indexnow_last_ping":["1766838308"],"wp_automatic_camp":["217"],"b52d3a63058a6d59d022ae53e1840999":["Trump k\u00fcndigt Gespr\u00e4che mit Putin und Selenskij an"],"original_link":["https:\/\/de.rt.com\/international\/265921-trump-kuendigt-gespraeche-mit-putin\/"],"_thumbnail_id":["96458"],"jnews_social_counter_last_update":["1777311716"],"_wptgpro_p2tg_sent2tg":["a:1:{i:23737;s:19:\"2025-12-27 14:26:08\";}"]},"categories":[19,23],"tags":[11231,4224,419,125,6158,1639,140],"yoast_head":"<!-- This site is optimized with the Yoast SEO Premium plugin v22.7 (Yoast SEO v22.7) - https:\/\/yoast.com\/wordpress\/plugins\/seo\/ -->\n<title>Trump k\u00fcndigt Gespr\u00e4che mit Putin und Selenskij an - just-now.NEWS Deutschland<\/title>\n<meta name=\"robots\" content=\"index, follow, max-snippet:-1, max-image-preview:large, max-video-preview:-1\" \/>\n<link rel=\"canonical\" href=\"https:\/\/now-news.de\/de\/deutschland\/trump-kuendigt-gespraeche-mit-putin-und-selenskij-an\/\" \/>\n<meta property=\"og:locale\" content=\"de_DE\" \/>\n<meta property=\"og:type\" content=\"article\" \/>\n<meta property=\"og:title\" content=\"Trump k\u00fcndigt Gespr\u00e4che mit Putin und Selenskij an\" \/>\n<meta property=\"og:description\" content=\"US-Pr\u00e4sident Donald Trump k\u00fcndigte ein Telefongespr\u00e4ch mit seinem russischen Amtskollegen Wladimir Putin an. Trump erkl\u00e4rte, er werde mit Putin &#8220;bald, so oft ich will&#8221; sprechen. Au\u00dferdem best\u00e4tigte Trump Gespr\u00e4che mit dem ukrainischen Staatsoberhaupt Wladimir Selenskij. US-Pr\u00e4sident Donald Trump hat bekannt gegeben, dass er hofft, &#8220;in naher Zukunft&#8221; mit dem russischen Pr\u00e4sidenten Wladimir Putin sprechen zu [&hellip;]\" \/>\n<meta property=\"og:url\" content=\"https:\/\/now-news.de\/de\/deutschland\/trump-kuendigt-gespraeche-mit-putin-und-selenskij-an\/\" \/>\n<meta property=\"og:site_name\" content=\"just-now.NEWS Deutschland\" \/>\n<meta property=\"article:publisher\" content=\"https:\/\/www.facebook.com\/wirmachenauf\" \/>\n<meta property=\"article:published_time\" content=\"2025-12-27T12:15:31+00:00\" \/>\n<meta property=\"og:image\" content=\"https:\/\/now-news.de\/de\/wp-content\/uploads\/sites\/3\/2025\/12\/694fc5eab480cc68b6267ee5.jpg\" \/>\n<meta name=\"author\" content=\"rtnews\" \/>\n<meta name=\"twitter:card\" content=\"summary_large_image\" \/>\n<meta name=\"twitter:creator\" content=\"@WirMachenAuf_de\" \/>\n<meta name=\"twitter:site\" content=\"@WirMachenAuf_de\" \/>\n<meta name=\"twitter:label1\" content=\"Verfasst von\" \/>\n\t<meta name=\"twitter:data1\" content=\"rtnews\" \/>\n\t<meta name=\"twitter:label2\" content=\"Gesch\u00e4tzte Lesezeit\" \/>\n\t<meta name=\"twitter:data2\" content=\"1\u00a0Minute\" \/>\n<script type=\"application\/ld+json\" class=\"yoast-schema-graph\">{\"@context\":\"https:\/\/schema.org\",\"@graph\":[{\"@type\":\"Article\",\"@id\":\"https:\/\/now-news.de\/de\/deutschland\/trump-kuendigt-gespraeche-mit-putin-und-selenskij-an\/#article\",\"isPartOf\":{\"@id\":\"https:\/\/now-news.de\/de\/deutschland\/trump-kuendigt-gespraeche-mit-putin-und-selenskij-an\/\"},\"author\":{\"name\":\"rtnews\",\"@id\":\"https:\/\/now-news.de\/de\/#\/schema\/person\/fb534a4e865501d8b3285208df34a9b5\"},\"headline\":\"Trump k\u00fcndigt Gespr\u00e4che mit Putin und Selenskij an\",\"datePublished\":\"2025-12-27T12:15:31+00:00\",\"dateModified\":\"2025-12-27T12:15:31+00:00\",\"mainEntityOfPage\":{\"@id\":\"https:\/\/now-news.de\/de\/deutschland\/trump-kuendigt-gespraeche-mit-putin-und-selenskij-an\/\"},\"wordCount\":294,\"commentCount\":0,\"publisher\":{\"@id\":\"https:\/\/now-news.de\/de\/#organization\"},\"image\":{\"@id\":\"https:\/\/now-news.de\/de\/deutschland\/trump-kuendigt-gespraeche-mit-putin-und-selenskij-an\/#primaryimage\"},\"thumbnailUrl\":\"https:\/\/now-news.de\/de\/wp-content\/uploads\/sites\/3\/2025\/12\/Trump-kuendigt-Gespraeche-mit-Putin-und-Selenskij-an.jpg\",\"keywords\":[\"Gespr\u00e4che\",\"k\u00fcndigt\",\"mit\",\"putin\",\"Selenskij\",\"trump\",\"und\"],\"articleSection\":[\"Deutschland\",\"Russland\"],\"inLanguage\":\"de\",\"potentialAction\":[{\"@type\":\"CommentAction\",\"name\":\"Comment\",\"target\":[\"https:\/\/now-news.de\/de\/deutschland\/trump-kuendigt-gespraeche-mit-putin-und-selenskij-an\/#respond\"]}]},{\"@type\":\"WebPage\",\"@id\":\"https:\/\/now-news.de\/de\/deutschland\/trump-kuendigt-gespraeche-mit-putin-und-selenskij-an\/\",\"url\":\"https:\/\/now-news.de\/de\/deutschland\/trump-kuendigt-gespraeche-mit-putin-und-selenskij-an\/\",\"name\":\"Trump k\u00fcndigt Gespr\u00e4che mit Putin und Selenskij an - just-now.NEWS Deutschland\",\"isPartOf\":{\"@id\":\"https:\/\/now-news.de\/de\/#website\"},\"primaryImageOfPage\":{\"@id\":\"https:\/\/now-news.de\/de\/deutschland\/trump-kuendigt-gespraeche-mit-putin-und-selenskij-an\/#primaryimage\"},\"image\":{\"@id\":\"https:\/\/now-news.de\/de\/deutschland\/trump-kuendigt-gespraeche-mit-putin-und-selenskij-an\/#primaryimage\"},\"thumbnailUrl\":\"https:\/\/now-news.de\/de\/wp-content\/uploads\/sites\/3\/2025\/12\/Trump-kuendigt-Gespraeche-mit-Putin-und-Selenskij-an.jpg\",\"datePublished\":\"2025-12-27T12:15:31+00:00\",\"dateModified\":\"2025-12-27T12:15:31+00:00\",\"breadcrumb\":{\"@id\":\"https:\/\/now-news.de\/de\/deutschland\/trump-kuendigt-gespraeche-mit-putin-und-selenskij-an\/#breadcrumb\"},\"inLanguage\":\"de\",\"potentialAction\":[{\"@type\":\"ReadAction\",\"target\":[\"https:\/\/now-news.de\/de\/deutschland\/trump-kuendigt-gespraeche-mit-putin-und-selenskij-an\/\"]}]},{\"@type\":\"ImageObject\",\"inLanguage\":\"de\",\"@id\":\"https:\/\/now-news.de\/de\/deutschland\/trump-kuendigt-gespraeche-mit-putin-und-selenskij-an\/#primaryimage\",\"url\":\"https:\/\/now-news.de\/de\/wp-content\/uploads\/sites\/3\/2025\/12\/Trump-kuendigt-Gespraeche-mit-Putin-und-Selenskij-an.jpg\",\"contentUrl\":\"https:\/\/now-news.de\/de\/wp-content\/uploads\/sites\/3\/2025\/12\/Trump-kuendigt-Gespraeche-mit-Putin-und-Selenskij-an.jpg\",\"width\":460,\"height\":259,\"caption\":\"Trump k\u00fcndigt Gespr\u00e4che mit Putin und Selenskij an\"},{\"@type\":\"BreadcrumbList\",\"@id\":\"https:\/\/now-news.de\/de\/deutschland\/trump-kuendigt-gespraeche-mit-putin-und-selenskij-an\/#breadcrumb\",\"itemListElement\":[{\"@type\":\"ListItem\",\"position\":1,\"name\":\"Home\",\"item\":\"https:\/\/now-news.de\/de\/\"},{\"@type\":\"ListItem\",\"position\":2,\"name\":\"Trump k\u00fcndigt Gespr\u00e4che mit Putin und Selenskij an\"}]},{\"@type\":\"WebSite\",\"@id\":\"https:\/\/now-news.de\/de\/#website\",\"url\":\"https:\/\/now-news.de\/de\/\",\"name\":\"just-now.NEWS Deutschland\",\"description\":\"Das Portal f\u00fcr unzensierte Nachrichten aus der Welt\",\"publisher\":{\"@id\":\"https:\/\/now-news.de\/de\/#organization\"},\"potentialAction\":[{\"@type\":\"SearchAction\",\"target\":{\"@type\":\"EntryPoint\",\"urlTemplate\":\"https:\/\/now-news.de\/de\/?s={search_term_string}\"},\"query-input\":\"required name=search_term_string\"}],\"inLanguage\":\"de\"},{\"@type\":\"Organization\",\"@id\":\"https:\/\/now-news.de\/de\/#organization\",\"name\":\"Just Now News\",\"url\":\"https:\/\/now-news.de\/de\/\",\"logo\":{\"@type\":\"ImageObject\",\"inLanguage\":\"de\",\"@id\":\"https:\/\/now-news.de\/de\/#\/schema\/logo\/image\/\",\"url\":\"http:\/\/just-now.news\/de\/wp-content\/uploads\/sites\/3\/2022\/04\/logo500x500.jpg\",\"contentUrl\":\"http:\/\/just-now.news\/de\/wp-content\/uploads\/sites\/3\/2022\/04\/logo500x500.jpg\",\"width\":500,\"height\":500,\"caption\":\"Just Now News\"},\"image\":{\"@id\":\"https:\/\/now-news.de\/de\/#\/schema\/logo\/image\/\"},\"sameAs\":[\"https:\/\/www.facebook.com\/wirmachenauf\",\"https:\/\/x.com\/WirMachenAuf_de\"]},{\"@type\":\"Person\",\"@id\":\"https:\/\/now-news.de\/de\/#\/schema\/person\/fb534a4e865501d8b3285208df34a9b5\",\"name\":\"rtnews\",\"image\":{\"@type\":\"ImageObject\",\"inLanguage\":\"de\",\"@id\":\"https:\/\/now-news.de\/de\/#\/schema\/person\/image\/\",\"url\":\"https:\/\/secure.gravatar.com\/avatar\/82aafea7d8127119dd649515f56e2117?s=96&d=mm&r=g\",\"contentUrl\":\"https:\/\/secure.gravatar.com\/avatar\/82aafea7d8127119dd649515f56e2117?s=96&d=mm&r=g\",\"caption\":\"rtnews\"},\"url\":\"https:\/\/now-news.de\/de\/author\/rnews\/\"}]}<\/script>\n<!-- \/ Yoast SEO Premium plugin. -->","yoast_head_json":{"title":"Trump k\u00fcndigt Gespr\u00e4che mit Putin und Selenskij an - just-now.NEWS Deutschland","robots":{"index":"index","follow":"follow","max-snippet":"max-snippet:-1","max-image-preview":"max-image-preview:large","max-video-preview":"max-video-preview:-1"},"canonical":"https:\/\/now-news.de\/de\/deutschland\/trump-kuendigt-gespraeche-mit-putin-und-selenskij-an\/","og_locale":"de_DE","og_type":"article","og_title":"Trump k\u00fcndigt Gespr\u00e4che mit Putin und Selenskij an","og_description":"US-Pr\u00e4sident Donald Trump k\u00fcndigte ein Telefongespr\u00e4ch mit seinem russischen Amtskollegen Wladimir Putin an. Trump erkl\u00e4rte, er werde mit Putin &#8220;bald, so oft ich will&#8221; sprechen. Au\u00dferdem best\u00e4tigte Trump Gespr\u00e4che mit dem ukrainischen Staatsoberhaupt Wladimir Selenskij. US-Pr\u00e4sident Donald Trump hat bekannt gegeben, dass er hofft, &#8220;in naher Zukunft&#8221; mit dem russischen Pr\u00e4sidenten Wladimir Putin sprechen zu [&hellip;]","og_url":"https:\/\/now-news.de\/de\/deutschland\/trump-kuendigt-gespraeche-mit-putin-und-selenskij-an\/","og_site_name":"just-now.NEWS Deutschland","article_publisher":"https:\/\/www.facebook.com\/wirmachenauf","article_published_time":"2025-12-27T12:15:31+00:00","og_image":[{"url":"https:\/\/now-news.de\/de\/wp-content\/uploads\/sites\/3\/2025\/12\/694fc5eab480cc68b6267ee5.jpg"}],"author":"rtnews","twitter_card":"summary_large_image","twitter_creator":"@WirMachenAuf_de","twitter_site":"@WirMachenAuf_de","twitter_misc":{"Verfasst von":"rtnews","Gesch\u00e4tzte Lesezeit":"1\u00a0Minute"},"schema":{"@context":"https:\/\/schema.org","@graph":[{"@type":"Article","@id":"https:\/\/now-news.de\/de\/deutschland\/trump-kuendigt-gespraeche-mit-putin-und-selenskij-an\/#article","isPartOf":{"@id":"https:\/\/now-news.de\/de\/deutschland\/trump-kuendigt-gespraeche-mit-putin-und-selenskij-an\/"},"author":{"name":"rtnews","@id":"https:\/\/now-news.de\/de\/#\/schema\/person\/fb534a4e865501d8b3285208df34a9b5"},"headline":"Trump k\u00fcndigt Gespr\u00e4che mit Putin und Selenskij an","datePublished":"2025-12-27T12:15:31+00:00","dateModified":"2025-12-27T12:15:31+00:00","mainEntityOfPage":{"@id":"https:\/\/now-news.de\/de\/deutschland\/trump-kuendigt-gespraeche-mit-putin-und-selenskij-an\/"},"wordCount":294,"commentCount":0,"publisher":{"@id":"https:\/\/now-news.de\/de\/#organization"},"image":{"@id":"https:\/\/now-news.de\/de\/deutschland\/trump-kuendigt-gespraeche-mit-putin-und-selenskij-an\/#primaryimage"},"thumbnailUrl":"https:\/\/now-news.de\/de\/wp-content\/uploads\/sites\/3\/2025\/12\/Trump-kuendigt-Gespraeche-mit-Putin-und-Selenskij-an.jpg","keywords":["Gespr\u00e4che","k\u00fcndigt","mit","putin","Selenskij","trump","und"],"articleSection":["Deutschland","Russland"],"inLanguage":"de","potentialAction":[{"@type":"CommentAction","name":"Comment","target":["https:\/\/now-news.de\/de\/deutschland\/trump-kuendigt-gespraeche-mit-putin-und-selenskij-an\/#respond"]}]},{"@type":"WebPage","@id":"https:\/\/now-news.de\/de\/deutschland\/trump-kuendigt-gespraeche-mit-putin-und-selenskij-an\/","url":"https:\/\/now-news.de\/de\/deutschland\/trump-kuendigt-gespraeche-mit-putin-und-selenskij-an\/","name":"Trump k\u00fcndigt Gespr\u00e4che mit Putin und Selenskij an - just-now.NEWS Deutschland","isPartOf":{"@id":"https:\/\/now-news.de\/de\/#website"},"primaryImageOfPage":{"@id":"https:\/\/now-news.de\/de\/deutschland\/trump-kuendigt-gespraeche-mit-putin-und-selenskij-an\/#primaryimage"},"image":{"@id":"https:\/\/now-news.de\/de\/deutschland\/trump-kuendigt-gespraeche-mit-putin-und-selenskij-an\/#primaryimage"},"thumbnailUrl":"https:\/\/now-news.de\/de\/wp-content\/uploads\/sites\/3\/2025\/12\/Trump-kuendigt-Gespraeche-mit-Putin-und-Selenskij-an.jpg","datePublished":"2025-12-27T12:15:31+00:00","dateModified":"2025-12-27T12:15:31+00:00","breadcrumb":{"@id":"https:\/\/now-news.de\/de\/deutschland\/trump-kuendigt-gespraeche-mit-putin-und-selenskij-an\/#breadcrumb"},"inLanguage":"de","potentialAction":[{"@type":"ReadAction","target":["https:\/\/now-news.de\/de\/deutschland\/trump-kuendigt-gespraeche-mit-putin-und-selenskij-an\/"]}]},{"@type":"ImageObject","inLanguage":"de","@id":"https:\/\/now-news.de\/de\/deutschland\/trump-kuendigt-gespraeche-mit-putin-und-selenskij-an\/#primaryimage","url":"https:\/\/now-news.de\/de\/wp-content\/uploads\/sites\/3\/2025\/12\/Trump-kuendigt-Gespraeche-mit-Putin-und-Selenskij-an.jpg","contentUrl":"https:\/\/now-news.de\/de\/wp-content\/uploads\/sites\/3\/2025\/12\/Trump-kuendigt-Gespraeche-mit-Putin-und-Selenskij-an.jpg","width":460,"height":259,"caption":"Trump k\u00fcndigt Gespr\u00e4che mit Putin und Selenskij an"},{"@type":"BreadcrumbList","@id":"https:\/\/now-news.de\/de\/deutschland\/trump-kuendigt-gespraeche-mit-putin-und-selenskij-an\/#breadcrumb","itemListElement":[{"@type":"ListItem","position":1,"name":"Home","item":"https:\/\/now-news.de\/de\/"},{"@type":"ListItem","position":2,"name":"Trump k\u00fcndigt Gespr\u00e4che mit Putin und Selenskij an"}]},{"@type":"WebSite","@id":"https:\/\/now-news.de\/de\/#website","url":"https:\/\/now-news.de\/de\/","name":"just-now.NEWS Deutschland","description":"Das Portal f\u00fcr unzensierte Nachrichten aus der Welt","publisher":{"@id":"https:\/\/now-news.de\/de\/#organization"},"potentialAction":[{"@type":"SearchAction","target":{"@type":"EntryPoint","urlTemplate":"https:\/\/now-news.de\/de\/?s={search_term_string}"},"query-input":"required name=search_term_string"}],"inLanguage":"de"},{"@type":"Organization","@id":"https:\/\/now-news.de\/de\/#organization","name":"Just Now News","url":"https:\/\/now-news.de\/de\/","logo":{"@type":"ImageObject","inLanguage":"de","@id":"https:\/\/now-news.de\/de\/#\/schema\/logo\/image\/","url":"http:\/\/just-now.news\/de\/wp-content\/uploads\/sites\/3\/2022\/04\/logo500x500.jpg","contentUrl":"http:\/\/just-now.news\/de\/wp-content\/uploads\/sites\/3\/2022\/04\/logo500x500.jpg","width":500,"height":500,"caption":"Just Now News"},"image":{"@id":"https:\/\/now-news.de\/de\/#\/schema\/logo\/image\/"},"sameAs":["https:\/\/www.facebook.com\/wirmachenauf","https:\/\/x.com\/WirMachenAuf_de"]},{"@type":"Person","@id":"https:\/\/now-news.de\/de\/#\/schema\/person\/fb534a4e865501d8b3285208df34a9b5","name":"rtnews","image":{"@type":"ImageObject","inLanguage":"de","@id":"https:\/\/now-news.de\/de\/#\/schema\/person\/image\/","url":"https:\/\/secure.gravatar.com\/avatar\/82aafea7d8127119dd649515f56e2117?s=96&d=mm&r=g","contentUrl":"https:\/\/secure.gravatar.com\/avatar\/82aafea7d8127119dd649515f56e2117?s=96&d=mm&r=g","caption":"rtnews"},"url":"https:\/\/now-news.de\/de\/author\/rnews\/"}]}},"_links":{"self":[{"href":"https:\/\/now-news.de\/de\/wp-json\/wp\/v2\/posts\/96457"}],"collection":[{"href":"https:\/\/now-news.de\/de\/wp-json\/wp\/v2\/posts"}],"about":[{"href":"https:\/\/now-news.de\/de\/wp-json\/wp\/v2\/types\/post"}],"author":[{"embeddable":true,"href":"https:\/\/now-news.de\/de\/wp-json\/wp\/v2\/users\/3"}],"replies":[{"embeddable":true,"href":"https:\/\/now-news.de\/de\/wp-json\/wp\/v2\/comments?post=96457"}],"version-history":[{"count":0,"href":"https:\/\/now-news.de\/de\/wp-json\/wp\/v2\/posts\/96457\/revisions"}],"wp:featuredmedia":[{"embeddable":true,"href":"https:\/\/now-news.de\/de\/wp-json\/wp\/v2\/media\/96458"}],"wp:attachment":[{"href":"https:\/\/now-news.de\/de\/wp-json\/wp\/v2\/media?parent=96457"}],"wp:term":[{"taxonomy":"category","embeddable":true,"href":"https:\/\/now-news.de\/de\/wp-json\/wp\/v2\/categories?post=96457"},{"taxonomy":"post_tag","embeddable":true,"href":"https:\/\/now-news.de\/de\/wp-json\/wp\/v2\/tags?post=96457"}],"curies":[{"name":"wp","href":"https:\/\/api.w.org\/{rel}","templated":true}]}}