{"id":96433,"date":"2025-12-26T22:00:12","date_gmt":"2025-12-26T20:00:12","guid":{"rendered":"https:\/\/now-news.de\/de\/deutschland\/nigerianische-reaktionen-auf-die-us-luftangriffe\/"},"modified":"2025-12-26T22:00:12","modified_gmt":"2025-12-26T20:00:12","slug":"nigerianische-reaktionen-auf-die-us-luftangriffe","status":"publish","type":"post","link":"https:\/\/now-news.de\/de\/deutschland\/nigerianische-reaktionen-auf-die-us-luftangriffe\/","title":{"rendered":"Nigerianische Reaktionen auf die US-Luftangriffe"},"content":{"rendered":"<p><img decoding=\"async\" src=\"https:\/\/now-news.de\/de\/wp-content\/uploads\/sites\/3\/2025\/12\/694edf6b48fbef2c10546ba8.jpg\" \/><\/p>\n<div class=\"Text-root Text-type_1 \">\n                Laut den Vertretern in Abudscha wurde der Milit\u00e4reinsatz im Bundesstaat Sokoto in \u00dcbereinstimmung mit dem V\u00f6lkerrecht durchgef\u00fchrt. Allerdings kursieren sowohl in lokalen als auch in internationalen Medien Berichte, die eher auf einen Scheinangriff hindeuten.\n            <\/div>\n<p><\/p>\n<div class=\"Text-root Text-type_5 ArticleView-text ViewText-root \">\n<p>Die US-Luftangriffe, die gegen Organisationen islamistischer Terroristen im Nordwesten Nigerias gerichtet waren, wurden als Teil einer &#8220;strukturierten&#8221; Sicherheitszusammenarbeit mit Washington durchgef\u00fchrt, best\u00e4tigte die Regierung des westafrikanischen Landes.<\/p>\n<p>Der Sprecher des Au\u00dfenministeriums, Kimiebi Imomotimi Ebienfa, sagte, das bilaterale Abkommen umfasse das Teilen von Geheimdiensterkenntnissen, strategische Koordination und &#8220;andere Formen der Unterst\u00fctzung&#8221; in \u00dcbereinstimmung mit dem V\u00f6lkerrecht und wechselseitigem Respekt vor der Souver\u00e4nit\u00e4t.<\/p>\n<p>US-Pr\u00e4sident Donald Trump hatte am Weihnachtstag mitgeteilt, es habe eine Reihe von Luftangriffen gegen K\u00e4mpfer des Islamischen Staats, darunter auch Boko Haram in Nigeria, stattgefunden, nachdem er zuvor wochenlang Drohungen wegen Abudschas vermeintlichem Versagen in der Reaktion auf einen &#8220;Genozid&#8221; an Christen ausgesto\u00dfen hatte. Pr\u00e4sident Bola Tinubu hatte mehrere f\u00fchrende Beamte nach Washington geschickt, um die Lage zu diskutieren, und seinen Verteidigungsminister durch einen ehemaligen General ersetzt.<\/p>\n<p>Trump teilte keine Details \u00fcber die Sch\u00e4den mit, die die Angriffe im Staat Sokoto verursacht haben. Das US\u2011Afrikakommando best\u00e4tigte, dass die Angriffe in Koordination mit nigerianischen Beh\u00f6rden ausgef\u00fchrt wurden, und Kriegsminister Pete Hegseth versprach: &#8220;Es kommt mehr.&#8221;<\/p>\n<p>Letzten Monat wies Nigeria die Vorw\u00fcrfe der Trump-Regierung zur\u00fcck, Christen w\u00fcrden besonders verfolgt, und erkl\u00e4rte, die Unsicherheit betreffe Menschen jeden Glaubens. Die Regierung bestand zudem darauf, externe Unterst\u00fctzung, die sich gegen die Krise richte, m\u00fcsse die Souver\u00e4nit\u00e4t des Landes respektieren.<\/p>\n<p>In einem <a rel=\"nofollow noopener\" target=\"_blank\" href=\"https:\/\/odysee.com\/@RT:fd\/Bwala-Dec-26-2025:8?src=embed\">Exklusivinterview<\/a> mit <em>RT<\/em> am Freitag sagte Daniel Bwala, Sprecher des nigerianischen Pr\u00e4sidenten Bola Tinubu, Abudscha hei\u00dfe die j\u00fcngsten US-Luftangriffe willkommen, da sie gemeinsam mit der Regierung durchgef\u00fchrt wurden.<\/p>\n<p>&#8220;Unsere \u00dcbereinkunft mit den Vereinigten Staaten \u2026 wir brauchen keine amerikanischen Truppen am Boden. Nigerianische Soldaten sind imstande, mit der Lage umzugehen, mit der richtigen Ausr\u00fcstung und der richtigen Aufkl\u00e4rung&#8221;, sagte er und f\u00fcgte hinzu, dass die Bestimmungen \u00fcberpr\u00fcft werden k\u00f6nnten, &#8220;wenn sich die Notwendigkeit ergibt&#8221;.<\/p>\n<p>Einem Bericht der <em>Financial Times<\/em> (<em>FT<\/em>) zufolge h\u00e4tten die Angriffe in der Grenzregion zum Nachbarland Niger stattgefunden: &#8220;Die Einwohner von Jabo taten ihre \u00dcberraschung \u00fcber die Angriffe kund, und sagten, die Bomben w\u00e4ren in leeren Feldern gelandet \u2026 Der letzte Angriff von Terroristen ist vor zwei Jahren erfolgt.&#8221; Auch Videoaufnahmen des nigerianischen Fernsehens zeigten &#8220;St\u00fccke verbrannten Metalls in etwas, was aussieht wie Ackerland&#8221;. Eine \u00e4hnliche Aussage trifft auch der ehemalige Chef des nigerianischen Rundfunks, Ladan Salihu, in einem Post auf X:<\/p>\n<div class=\"EmbedBlock-root EmbedBlock-twitter\">\n<div class=\"TwitterEmbed\">\n<blockquote class=\"twitter-tweet lazyload\" data-twitter=\"twitter-tweet\">\n<p lang=\"en\" dir=\"ltr\">I just spoke with Hon Sarkin Yaki Jabo Member Sokoto State Assembly who visited Jabo after the strike at 10:30pm last night. The US strike in Jabo near Tambuwal wasn\u2019t a precision strike. No casualties. Missiles landed in a plain field 300metres away from a Local Hospital <a rel=\"nofollow noopener\" target=\"_blank\" href=\"https:\/\/t.co\/fPnaJL0tKP\">pic.twitter.com\/fPnaJL0tKP<\/a><\/p>\n<p>\u2014 Ladan Salihu (@LadanSalihu1) <a rel=\"nofollow noopener\" target=\"_blank\" href=\"https:\/\/twitter.com\/LadanSalihu1\/status\/2004493969741250593?ref_src=twsrc%5Etfw\">December 26, 2025<\/a><\/p><\/blockquote>\n<\/div>\n<\/div>\n<p>&#8220;Die Raketen landeten auf freiem Feld, etwa 300 Meter von einem \u00f6rtlichen Krankenhaus entfernt.&#8221;<\/p>\n<p>Nigerianische Analytiker meinten laut der\u00a0<em>FT<\/em>, der Bundesstaat Sokoto sei ein seltsames Ziel, da die Bev\u00f6lkerung dort fast v\u00f6llig aus Moslems best\u00fcnde.<\/p>\n<p>Im Gespr\u00e4ch mit <em>RT<\/em>\u00a0sagte Greg Simons, Professor f\u00fcr Journalismus an der Daffodil International University, er glaube, Trumps milit\u00e4rische Handlungen in Nigeria zielten darauf ab, den Aufstieg rivalisierender M\u00e4chte zu verhindern, die die geopolitische Dominanz der USA in Frage stellen k\u00f6nnten.<\/p>\n<p>Er meinte, ein Teil k\u00f6nnte auch eine &#8220;Selbstgef\u00e4lligkeit&#8221; von Trump sein, der angeblich f\u00fcr den Friedensnobelpreis im Gespr\u00e4ch ist. &#8220;Das ist der am meisten kompromittierte Friedenspreis der Geschichte&#8221;, sagte Simons, und wies darauf hin, Trump habe &#8220;genug Kriege begonnen&#8221;, um seine Kandidatur zu st\u00fctzen.<\/p>\n<p><strong>Mehr zum Thema<\/strong> &#8211;\u00a0<a rel=\"nofollow noopener\" target=\"_blank\" href=\"https:\/\/freedert.online\/international\/265809-usa-greifen-is-stellungen-in\/\">USA greifen IS-Stellungen in Nigeria an<\/a><\/p>\n<div class=\"EmbedBlock-root EmbedBlock-externalVideo EmbedBlock-rumble\">\n<div class=\"VkEmbed\"><iframe class=\"lazyload\" data-src=\"https:\/\/rumble.com\/embed\/v6z6y3s\" frameborder=\"0\" width=\"853\" height=\"480\" allowfullscreen><\/iframe><\/div>\n<\/div>\n<\/div>\n<p><script async src=\"https:\/\/platform.twitter.com\/widgets.js\" charset=\"utf-8\"><\/script><br \/>\n<br \/><br \/>\n<br \/><a href=\"https:\/\/de.rt.com\/afrika\/265878-nigerianische-reaktionen-auf-us-luftangriffe\/\">Source link <\/a><\/p>\n","protected":false},"excerpt":{"rendered":"<p>Laut den Vertretern in Abudscha wurde der Milit\u00e4reinsatz im Bundesstaat Sokoto in \u00dcbereinstimmung mit dem V\u00f6lkerrecht durchgef\u00fchrt. Allerdings kursieren sowohl in lokalen als auch in internationalen Medien Berichte, die eher auf einen Scheinangriff hindeuten. Die US-Luftangriffe, die gegen Organisationen islamistischer Terroristen im Nordwesten Nigerias gerichtet waren, wurden als Teil einer &#8220;strukturierten&#8221; Sicherheitszusammenarbeit mit Washington durchgef\u00fchrt, [&hellip;]<\/p>\n","protected":false},"author":3,"featured_media":96434,"comment_status":"open","ping_status":"open","sticky":false,"template":"","format":"standard","meta":{"_yoast_indexnow_last_ping":["1766779567"],"wp_automatic_camp":["217"],"bdd426448f051c08b88162b1ba858643":["Nigerianische Reaktionen auf die US-Luftangriffe"],"original_link":["https:\/\/de.rt.com\/afrika\/265878-nigerianische-reaktionen-auf-us-luftangriffe\/"],"_thumbnail_id":["96434"],"jnews_social_counter_last_update":["1777328795"],"_wptgpro_p2tg_sent2tg":["a:1:{i:23737;s:19:\"2025-12-26 22:07:16\";}"]},"categories":[19,23],"tags":[133,45,70207,20104,53159],"yoast_head":"<!-- This site is optimized with the Yoast SEO Premium plugin v22.7 (Yoast SEO v22.7) - https:\/\/yoast.com\/wordpress\/plugins\/seo\/ -->\n<title>Nigerianische Reaktionen auf die US-Luftangriffe - just-now.NEWS Deutschland<\/title>\n<meta name=\"robots\" content=\"index, follow, max-snippet:-1, max-image-preview:large, max-video-preview:-1\" \/>\n<link rel=\"canonical\" href=\"https:\/\/now-news.de\/de\/deutschland\/nigerianische-reaktionen-auf-die-us-luftangriffe\/\" \/>\n<meta property=\"og:locale\" content=\"de_DE\" \/>\n<meta property=\"og:type\" content=\"article\" \/>\n<meta property=\"og:title\" content=\"Nigerianische Reaktionen auf die US-Luftangriffe\" \/>\n<meta property=\"og:description\" content=\"Laut den Vertretern in Abudscha wurde der Milit\u00e4reinsatz im Bundesstaat Sokoto in \u00dcbereinstimmung mit dem V\u00f6lkerrecht durchgef\u00fchrt. Allerdings kursieren sowohl in lokalen als auch in internationalen Medien Berichte, die eher auf einen Scheinangriff hindeuten. Die US-Luftangriffe, die gegen Organisationen islamistischer Terroristen im Nordwesten Nigerias gerichtet waren, wurden als Teil einer &#8220;strukturierten&#8221; Sicherheitszusammenarbeit mit Washington durchgef\u00fchrt, [&hellip;]\" \/>\n<meta property=\"og:url\" content=\"https:\/\/now-news.de\/de\/deutschland\/nigerianische-reaktionen-auf-die-us-luftangriffe\/\" \/>\n<meta property=\"og:site_name\" content=\"just-now.NEWS Deutschland\" \/>\n<meta property=\"article:publisher\" content=\"https:\/\/www.facebook.com\/wirmachenauf\" \/>\n<meta property=\"article:published_time\" content=\"2025-12-26T20:00:12+00:00\" \/>\n<meta property=\"og:image\" content=\"https:\/\/now-news.de\/de\/wp-content\/uploads\/sites\/3\/2025\/12\/694edf6b48fbef2c10546ba8.jpg\" \/>\n<meta name=\"author\" content=\"rtnews\" \/>\n<meta name=\"twitter:card\" content=\"summary_large_image\" \/>\n<meta name=\"twitter:creator\" content=\"@WirMachenAuf_de\" \/>\n<meta name=\"twitter:site\" content=\"@WirMachenAuf_de\" \/>\n<meta name=\"twitter:label1\" content=\"Verfasst von\" \/>\n\t<meta name=\"twitter:data1\" content=\"rtnews\" \/>\n\t<meta name=\"twitter:label2\" content=\"Gesch\u00e4tzte Lesezeit\" \/>\n\t<meta name=\"twitter:data2\" content=\"3\u00a0Minuten\" \/>\n<script type=\"application\/ld+json\" class=\"yoast-schema-graph\">{\"@context\":\"https:\/\/schema.org\",\"@graph\":[{\"@type\":\"Article\",\"@id\":\"https:\/\/now-news.de\/de\/deutschland\/nigerianische-reaktionen-auf-die-us-luftangriffe\/#article\",\"isPartOf\":{\"@id\":\"https:\/\/now-news.de\/de\/deutschland\/nigerianische-reaktionen-auf-die-us-luftangriffe\/\"},\"author\":{\"name\":\"rtnews\",\"@id\":\"https:\/\/now-news.de\/de\/#\/schema\/person\/fb534a4e865501d8b3285208df34a9b5\"},\"headline\":\"Nigerianische Reaktionen auf die US-Luftangriffe\",\"datePublished\":\"2025-12-26T20:00:12+00:00\",\"dateModified\":\"2025-12-26T20:00:12+00:00\",\"mainEntityOfPage\":{\"@id\":\"https:\/\/now-news.de\/de\/deutschland\/nigerianische-reaktionen-auf-die-us-luftangriffe\/\"},\"wordCount\":642,\"commentCount\":0,\"publisher\":{\"@id\":\"https:\/\/now-news.de\/de\/#organization\"},\"image\":{\"@id\":\"https:\/\/now-news.de\/de\/deutschland\/nigerianische-reaktionen-auf-die-us-luftangriffe\/#primaryimage\"},\"thumbnailUrl\":\"https:\/\/now-news.de\/de\/wp-content\/uploads\/sites\/3\/2025\/12\/Nigerianische-Reaktionen-auf-die-US-Luftangriffe.jpg\",\"keywords\":[\"AUF\",\"die\",\"Nigerianische\",\"Reaktionen\",\"USLuftangriffe\"],\"articleSection\":[\"Deutschland\",\"Russland\"],\"inLanguage\":\"de\",\"potentialAction\":[{\"@type\":\"CommentAction\",\"name\":\"Comment\",\"target\":[\"https:\/\/now-news.de\/de\/deutschland\/nigerianische-reaktionen-auf-die-us-luftangriffe\/#respond\"]}]},{\"@type\":\"WebPage\",\"@id\":\"https:\/\/now-news.de\/de\/deutschland\/nigerianische-reaktionen-auf-die-us-luftangriffe\/\",\"url\":\"https:\/\/now-news.de\/de\/deutschland\/nigerianische-reaktionen-auf-die-us-luftangriffe\/\",\"name\":\"Nigerianische Reaktionen auf die US-Luftangriffe - just-now.NEWS Deutschland\",\"isPartOf\":{\"@id\":\"https:\/\/now-news.de\/de\/#website\"},\"primaryImageOfPage\":{\"@id\":\"https:\/\/now-news.de\/de\/deutschland\/nigerianische-reaktionen-auf-die-us-luftangriffe\/#primaryimage\"},\"image\":{\"@id\":\"https:\/\/now-news.de\/de\/deutschland\/nigerianische-reaktionen-auf-die-us-luftangriffe\/#primaryimage\"},\"thumbnailUrl\":\"https:\/\/now-news.de\/de\/wp-content\/uploads\/sites\/3\/2025\/12\/Nigerianische-Reaktionen-auf-die-US-Luftangriffe.jpg\",\"datePublished\":\"2025-12-26T20:00:12+00:00\",\"dateModified\":\"2025-12-26T20:00:12+00:00\",\"breadcrumb\":{\"@id\":\"https:\/\/now-news.de\/de\/deutschland\/nigerianische-reaktionen-auf-die-us-luftangriffe\/#breadcrumb\"},\"inLanguage\":\"de\",\"potentialAction\":[{\"@type\":\"ReadAction\",\"target\":[\"https:\/\/now-news.de\/de\/deutschland\/nigerianische-reaktionen-auf-die-us-luftangriffe\/\"]}]},{\"@type\":\"ImageObject\",\"inLanguage\":\"de\",\"@id\":\"https:\/\/now-news.de\/de\/deutschland\/nigerianische-reaktionen-auf-die-us-luftangriffe\/#primaryimage\",\"url\":\"https:\/\/now-news.de\/de\/wp-content\/uploads\/sites\/3\/2025\/12\/Nigerianische-Reaktionen-auf-die-US-Luftangriffe.jpg\",\"contentUrl\":\"https:\/\/now-news.de\/de\/wp-content\/uploads\/sites\/3\/2025\/12\/Nigerianische-Reaktionen-auf-die-US-Luftangriffe.jpg\",\"width\":460,\"height\":259,\"caption\":\"Nigerianische Reaktionen auf die US-Luftangriffe\"},{\"@type\":\"BreadcrumbList\",\"@id\":\"https:\/\/now-news.de\/de\/deutschland\/nigerianische-reaktionen-auf-die-us-luftangriffe\/#breadcrumb\",\"itemListElement\":[{\"@type\":\"ListItem\",\"position\":1,\"name\":\"Home\",\"item\":\"https:\/\/now-news.de\/de\/\"},{\"@type\":\"ListItem\",\"position\":2,\"name\":\"Nigerianische Reaktionen auf die US-Luftangriffe\"}]},{\"@type\":\"WebSite\",\"@id\":\"https:\/\/now-news.de\/de\/#website\",\"url\":\"https:\/\/now-news.de\/de\/\",\"name\":\"just-now.NEWS Deutschland\",\"description\":\"Das Portal f\u00fcr unzensierte Nachrichten aus der Welt\",\"publisher\":{\"@id\":\"https:\/\/now-news.de\/de\/#organization\"},\"potentialAction\":[{\"@type\":\"SearchAction\",\"target\":{\"@type\":\"EntryPoint\",\"urlTemplate\":\"https:\/\/now-news.de\/de\/?s={search_term_string}\"},\"query-input\":\"required name=search_term_string\"}],\"inLanguage\":\"de\"},{\"@type\":\"Organization\",\"@id\":\"https:\/\/now-news.de\/de\/#organization\",\"name\":\"Just Now News\",\"url\":\"https:\/\/now-news.de\/de\/\",\"logo\":{\"@type\":\"ImageObject\",\"inLanguage\":\"de\",\"@id\":\"https:\/\/now-news.de\/de\/#\/schema\/logo\/image\/\",\"url\":\"http:\/\/just-now.news\/de\/wp-content\/uploads\/sites\/3\/2022\/04\/logo500x500.jpg\",\"contentUrl\":\"http:\/\/just-now.news\/de\/wp-content\/uploads\/sites\/3\/2022\/04\/logo500x500.jpg\",\"width\":500,\"height\":500,\"caption\":\"Just Now News\"},\"image\":{\"@id\":\"https:\/\/now-news.de\/de\/#\/schema\/logo\/image\/\"},\"sameAs\":[\"https:\/\/www.facebook.com\/wirmachenauf\",\"https:\/\/x.com\/WirMachenAuf_de\"]},{\"@type\":\"Person\",\"@id\":\"https:\/\/now-news.de\/de\/#\/schema\/person\/fb534a4e865501d8b3285208df34a9b5\",\"name\":\"rtnews\",\"image\":{\"@type\":\"ImageObject\",\"inLanguage\":\"de\",\"@id\":\"https:\/\/now-news.de\/de\/#\/schema\/person\/image\/\",\"url\":\"https:\/\/secure.gravatar.com\/avatar\/82aafea7d8127119dd649515f56e2117?s=96&d=mm&r=g\",\"contentUrl\":\"https:\/\/secure.gravatar.com\/avatar\/82aafea7d8127119dd649515f56e2117?s=96&d=mm&r=g\",\"caption\":\"rtnews\"},\"url\":\"https:\/\/now-news.de\/de\/author\/rnews\/\"}]}<\/script>\n<!-- \/ Yoast SEO Premium plugin. -->","yoast_head_json":{"title":"Nigerianische Reaktionen auf die US-Luftangriffe - just-now.NEWS Deutschland","robots":{"index":"index","follow":"follow","max-snippet":"max-snippet:-1","max-image-preview":"max-image-preview:large","max-video-preview":"max-video-preview:-1"},"canonical":"https:\/\/now-news.de\/de\/deutschland\/nigerianische-reaktionen-auf-die-us-luftangriffe\/","og_locale":"de_DE","og_type":"article","og_title":"Nigerianische Reaktionen auf die US-Luftangriffe","og_description":"Laut den Vertretern in Abudscha wurde der Milit\u00e4reinsatz im Bundesstaat Sokoto in \u00dcbereinstimmung mit dem V\u00f6lkerrecht durchgef\u00fchrt. Allerdings kursieren sowohl in lokalen als auch in internationalen Medien Berichte, die eher auf einen Scheinangriff hindeuten. Die US-Luftangriffe, die gegen Organisationen islamistischer Terroristen im Nordwesten Nigerias gerichtet waren, wurden als Teil einer &#8220;strukturierten&#8221; Sicherheitszusammenarbeit mit Washington durchgef\u00fchrt, [&hellip;]","og_url":"https:\/\/now-news.de\/de\/deutschland\/nigerianische-reaktionen-auf-die-us-luftangriffe\/","og_site_name":"just-now.NEWS Deutschland","article_publisher":"https:\/\/www.facebook.com\/wirmachenauf","article_published_time":"2025-12-26T20:00:12+00:00","og_image":[{"url":"https:\/\/now-news.de\/de\/wp-content\/uploads\/sites\/3\/2025\/12\/694edf6b48fbef2c10546ba8.jpg"}],"author":"rtnews","twitter_card":"summary_large_image","twitter_creator":"@WirMachenAuf_de","twitter_site":"@WirMachenAuf_de","twitter_misc":{"Verfasst von":"rtnews","Gesch\u00e4tzte Lesezeit":"3\u00a0Minuten"},"schema":{"@context":"https:\/\/schema.org","@graph":[{"@type":"Article","@id":"https:\/\/now-news.de\/de\/deutschland\/nigerianische-reaktionen-auf-die-us-luftangriffe\/#article","isPartOf":{"@id":"https:\/\/now-news.de\/de\/deutschland\/nigerianische-reaktionen-auf-die-us-luftangriffe\/"},"author":{"name":"rtnews","@id":"https:\/\/now-news.de\/de\/#\/schema\/person\/fb534a4e865501d8b3285208df34a9b5"},"headline":"Nigerianische Reaktionen auf die US-Luftangriffe","datePublished":"2025-12-26T20:00:12+00:00","dateModified":"2025-12-26T20:00:12+00:00","mainEntityOfPage":{"@id":"https:\/\/now-news.de\/de\/deutschland\/nigerianische-reaktionen-auf-die-us-luftangriffe\/"},"wordCount":642,"commentCount":0,"publisher":{"@id":"https:\/\/now-news.de\/de\/#organization"},"image":{"@id":"https:\/\/now-news.de\/de\/deutschland\/nigerianische-reaktionen-auf-die-us-luftangriffe\/#primaryimage"},"thumbnailUrl":"https:\/\/now-news.de\/de\/wp-content\/uploads\/sites\/3\/2025\/12\/Nigerianische-Reaktionen-auf-die-US-Luftangriffe.jpg","keywords":["AUF","die","Nigerianische","Reaktionen","USLuftangriffe"],"articleSection":["Deutschland","Russland"],"inLanguage":"de","potentialAction":[{"@type":"CommentAction","name":"Comment","target":["https:\/\/now-news.de\/de\/deutschland\/nigerianische-reaktionen-auf-die-us-luftangriffe\/#respond"]}]},{"@type":"WebPage","@id":"https:\/\/now-news.de\/de\/deutschland\/nigerianische-reaktionen-auf-die-us-luftangriffe\/","url":"https:\/\/now-news.de\/de\/deutschland\/nigerianische-reaktionen-auf-die-us-luftangriffe\/","name":"Nigerianische Reaktionen auf die US-Luftangriffe - just-now.NEWS Deutschland","isPartOf":{"@id":"https:\/\/now-news.de\/de\/#website"},"primaryImageOfPage":{"@id":"https:\/\/now-news.de\/de\/deutschland\/nigerianische-reaktionen-auf-die-us-luftangriffe\/#primaryimage"},"image":{"@id":"https:\/\/now-news.de\/de\/deutschland\/nigerianische-reaktionen-auf-die-us-luftangriffe\/#primaryimage"},"thumbnailUrl":"https:\/\/now-news.de\/de\/wp-content\/uploads\/sites\/3\/2025\/12\/Nigerianische-Reaktionen-auf-die-US-Luftangriffe.jpg","datePublished":"2025-12-26T20:00:12+00:00","dateModified":"2025-12-26T20:00:12+00:00","breadcrumb":{"@id":"https:\/\/now-news.de\/de\/deutschland\/nigerianische-reaktionen-auf-die-us-luftangriffe\/#breadcrumb"},"inLanguage":"de","potentialAction":[{"@type":"ReadAction","target":["https:\/\/now-news.de\/de\/deutschland\/nigerianische-reaktionen-auf-die-us-luftangriffe\/"]}]},{"@type":"ImageObject","inLanguage":"de","@id":"https:\/\/now-news.de\/de\/deutschland\/nigerianische-reaktionen-auf-die-us-luftangriffe\/#primaryimage","url":"https:\/\/now-news.de\/de\/wp-content\/uploads\/sites\/3\/2025\/12\/Nigerianische-Reaktionen-auf-die-US-Luftangriffe.jpg","contentUrl":"https:\/\/now-news.de\/de\/wp-content\/uploads\/sites\/3\/2025\/12\/Nigerianische-Reaktionen-auf-die-US-Luftangriffe.jpg","width":460,"height":259,"caption":"Nigerianische Reaktionen auf die US-Luftangriffe"},{"@type":"BreadcrumbList","@id":"https:\/\/now-news.de\/de\/deutschland\/nigerianische-reaktionen-auf-die-us-luftangriffe\/#breadcrumb","itemListElement":[{"@type":"ListItem","position":1,"name":"Home","item":"https:\/\/now-news.de\/de\/"},{"@type":"ListItem","position":2,"name":"Nigerianische Reaktionen auf die US-Luftangriffe"}]},{"@type":"WebSite","@id":"https:\/\/now-news.de\/de\/#website","url":"https:\/\/now-news.de\/de\/","name":"just-now.NEWS Deutschland","description":"Das Portal f\u00fcr unzensierte Nachrichten aus der Welt","publisher":{"@id":"https:\/\/now-news.de\/de\/#organization"},"potentialAction":[{"@type":"SearchAction","target":{"@type":"EntryPoint","urlTemplate":"https:\/\/now-news.de\/de\/?s={search_term_string}"},"query-input":"required name=search_term_string"}],"inLanguage":"de"},{"@type":"Organization","@id":"https:\/\/now-news.de\/de\/#organization","name":"Just Now News","url":"https:\/\/now-news.de\/de\/","logo":{"@type":"ImageObject","inLanguage":"de","@id":"https:\/\/now-news.de\/de\/#\/schema\/logo\/image\/","url":"http:\/\/just-now.news\/de\/wp-content\/uploads\/sites\/3\/2022\/04\/logo500x500.jpg","contentUrl":"http:\/\/just-now.news\/de\/wp-content\/uploads\/sites\/3\/2022\/04\/logo500x500.jpg","width":500,"height":500,"caption":"Just Now News"},"image":{"@id":"https:\/\/now-news.de\/de\/#\/schema\/logo\/image\/"},"sameAs":["https:\/\/www.facebook.com\/wirmachenauf","https:\/\/x.com\/WirMachenAuf_de"]},{"@type":"Person","@id":"https:\/\/now-news.de\/de\/#\/schema\/person\/fb534a4e865501d8b3285208df34a9b5","name":"rtnews","image":{"@type":"ImageObject","inLanguage":"de","@id":"https:\/\/now-news.de\/de\/#\/schema\/person\/image\/","url":"https:\/\/secure.gravatar.com\/avatar\/82aafea7d8127119dd649515f56e2117?s=96&d=mm&r=g","contentUrl":"https:\/\/secure.gravatar.com\/avatar\/82aafea7d8127119dd649515f56e2117?s=96&d=mm&r=g","caption":"rtnews"},"url":"https:\/\/now-news.de\/de\/author\/rnews\/"}]}},"_links":{"self":[{"href":"https:\/\/now-news.de\/de\/wp-json\/wp\/v2\/posts\/96433"}],"collection":[{"href":"https:\/\/now-news.de\/de\/wp-json\/wp\/v2\/posts"}],"about":[{"href":"https:\/\/now-news.de\/de\/wp-json\/wp\/v2\/types\/post"}],"author":[{"embeddable":true,"href":"https:\/\/now-news.de\/de\/wp-json\/wp\/v2\/users\/3"}],"replies":[{"embeddable":true,"href":"https:\/\/now-news.de\/de\/wp-json\/wp\/v2\/comments?post=96433"}],"version-history":[{"count":0,"href":"https:\/\/now-news.de\/de\/wp-json\/wp\/v2\/posts\/96433\/revisions"}],"wp:featuredmedia":[{"embeddable":true,"href":"https:\/\/now-news.de\/de\/wp-json\/wp\/v2\/media\/96434"}],"wp:attachment":[{"href":"https:\/\/now-news.de\/de\/wp-json\/wp\/v2\/media?parent=96433"}],"wp:term":[{"taxonomy":"category","embeddable":true,"href":"https:\/\/now-news.de\/de\/wp-json\/wp\/v2\/categories?post=96433"},{"taxonomy":"post_tag","embeddable":true,"href":"https:\/\/now-news.de\/de\/wp-json\/wp\/v2\/tags?post=96433"}],"curies":[{"name":"wp","href":"https:\/\/api.w.org\/{rel}","templated":true}]}}