{"id":96413,"date":"2025-12-26T16:27:15","date_gmt":"2025-12-26T14:27:15","guid":{"rendered":"https:\/\/now-news.de\/de\/deutschland\/arbeitsagentur-nach-arbeitsplatzverlust-bestehen-kaum-chancen-auf-neuen-job\/"},"modified":"2025-12-26T16:27:15","modified_gmt":"2025-12-26T14:27:15","slug":"arbeitsagentur-nach-arbeitsplatzverlust-bestehen-kaum-chancen-auf-neuen-job","status":"publish","type":"post","link":"https:\/\/now-news.de\/de\/deutschland\/arbeitsagentur-nach-arbeitsplatzverlust-bestehen-kaum-chancen-auf-neuen-job\/","title":{"rendered":"Arbeitsagentur: Nach Arbeitsplatzverlust bestehen kaum Chancen auf neuen Job"},"content":{"rendered":"<p><img decoding=\"async\" src=\"https:\/\/now-news.de\/de\/wp-content\/uploads\/sites\/3\/2025\/12\/694e90ffb480cc2f572a97a1.jpg\" \/><\/p>\n<div class=\"Text-root Text-type_1 \">\n                Die Chefin der Arbeitsagentur Andrea Nahles warnt vor Jobverlust: Wer heute seine Arbeit verliert, hat kaum Chancen, einen neuen Job zu finden. F\u00fcr Berufseinsteiger ist die Situation besonders schlecht. Von ihnen fordert Nahles mehr Flexibilit\u00e4t.\n            <\/div>\n<p><\/p>\n<div class=\"Text-root Text-type_5 ArticleView-text ViewText-root \">\n<p>Trotz der vollmundigen Versprechen von Bundeskanzler Friedrich Merz bei seinem Amtsantritt im Mai kommt die Wirtschaft nicht in Schwung. Das hat nat\u00fcrlich auch Auswirkungen auf den Arbeitsmarkt. Wer heute seinen Job verliert, hat kaum Chancen, eine neue Stelle zu finden.<\/p>\n<p>Die Chefin der Bundesagentur f\u00fcr Arbeit Andrea Nahles sagte dem Portal <em>Web.de,\u00a0<\/em>der von der Arbeitsagentur berechnete Wahrscheinlichkeitsindikator, einen neuen Job zu finden, liege normalerweise um die sieben\u00a0\u2013 jetzt aber bei nur 5,7, so niedrig wie noch nie. Der Arbeitsmarkt sei seit Monaten wie ein Brett, illustrierte Nahles die Situation.<\/p>\n<p>Betroffen seien alle Arbeitssuchenden, keine Branche biete derzeit gute Chancen auf einen Job, erg\u00e4nzte Nahles. Besser Qualifizierte h\u00e4tten allerdings auch in der aktuellen Situation etwas g\u00fcnstigere Jobaussichten.<\/p>\n<p>Schlecht ist die Situation f\u00fcr Berufseinsteiger. &#8220;Wir haben so wenig junge Menschen in Ausbildung vermittelt bekommen wie seit 25\u00a0Jahren nicht mehr&#8221;, sagte Nahles. Sie empfiehlt jungen Menschen, sich nicht auf einen Berufswunsch zu versteifen. Zudem mahnte sie Berufseinsteiger zur Bereitschaft f\u00fcr einen Arbeitsplatz umzuziehen. &#8220;Da w\u00fcnsche ich mir mehr Flexibilit\u00e4t, nicht nur von jungen Leuten&#8221;, so Nahles. Jobs gebe es, nur eben oft nicht in unmittelbarer Wohnungsn\u00e4he.<\/p>\n<p>Zwar verspricht die Bundesregierung unter F\u00fchrung von Kanzler Merz, den Standort Deutschland st\u00e4rken und die deutsche Wirtschaft wieder auf Wachstumskurs f\u00fchren zu wollen. Allerdings sind die bisherigen Ma\u00dfnahmen kaum in der Lage, Wachstum in einem Umfang zu generieren, dass daraus ein selbsttragender Aufschwung entstehen k\u00f6nnte. Merz setzt vor allem auf Entb\u00fcrokratisierung und Buchungstricks. G\u00e4nzlich kontraproduktiv ist, dass die Bundesregierungen auf Ma\u00dfnahmen setzt, durch die Nachfrage im Inland weiter ged\u00e4mpft wird. Gleichzeitig h\u00e4lt die Merz an der Exportorientierung der deutschen Wirtschaft fest, obwohl die Voraussetzungen, wieder Exportweltmeister zu werden, l\u00e4ngst weggebrochen sind. Die Probleme bei der Jobsuche werden daher noch einige Zeit anhalten.<\/p>\n<p><strong>Mehr zum Thema<\/strong>\u00a0\u2013 <a rel=\"nofollow noopener\" target=\"_blank\" href=\"https:\/\/freedert.online\/inland\/265448-plaene-bundesregierung-fuer-2026-mehr\/\">Pl\u00e4ne der Bundesregierung f\u00fcr 2026: Mehr Arbeiten, weniger Netto vom Brutto<\/a><\/p>\n<div class=\"EmbedBlock-root EmbedBlock-externalVideo EmbedBlock-rumble\">\n<div class=\"VkEmbed\"><iframe class=\"lazyload\" data-src=\"https:\/\/rumble.com\/embed\/v7187lo\" frameborder=\"0\" width=\"853\" height=\"480\" allowfullscreen><\/iframe><\/div>\n<\/div>\n<\/div>\n<p><br \/>\n<br \/><a href=\"https:\/\/de.rt.com\/inland\/265847-arbeitsagentur-nach-arbeitsplatzverlust-bestehen-kaum-aussichten-auf-neuen-job\/\">Source link <\/a><\/p>\n","protected":false},"excerpt":{"rendered":"<p>Die Chefin der Arbeitsagentur Andrea Nahles warnt vor Jobverlust: Wer heute seine Arbeit verliert, hat kaum Chancen, einen neuen Job zu finden. F\u00fcr Berufseinsteiger ist die Situation besonders schlecht. Von ihnen fordert Nahles mehr Flexibilit\u00e4t. Trotz der vollmundigen Versprechen von Bundeskanzler Friedrich Merz bei seinem Amtsantritt im Mai kommt die Wirtschaft nicht in Schwung. Das [&hellip;]<\/p>\n","protected":false},"author":3,"featured_media":96414,"comment_status":"open","ping_status":"open","sticky":false,"template":"","format":"standard","meta":{"_yoast_indexnow_last_ping":["1766759352"],"wp_automatic_camp":["217"],"ca15976d7e95764e75161fba27d40289":["Arbeitsagentur: Nach Arbeitsplatzverlust bestehen kaum Chancen auf neuen Job"],"original_link":["https:\/\/de.rt.com\/inland\/265847-arbeitsagentur-nach-arbeitsplatzverlust-bestehen-kaum-aussichten-auf-neuen-job\/"],"_thumbnail_id":["96414"],"jnews_social_counter_last_update":["1777455703"],"_wptgpro_p2tg_sent2tg":["a:1:{i:23737;s:19:\"2025-12-26 16:30:24\";}"]},"categories":[19,23],"tags":[58062,70193,133,22518,26834,21372,22503,979,213],"yoast_head":"<!-- This site is optimized with the Yoast SEO Premium plugin v22.7 (Yoast SEO v22.7) - https:\/\/yoast.com\/wordpress\/plugins\/seo\/ -->\n<title>Arbeitsagentur: Nach Arbeitsplatzverlust bestehen kaum Chancen auf neuen Job - just-now.NEWS Deutschland<\/title>\n<meta name=\"robots\" content=\"index, follow, max-snippet:-1, max-image-preview:large, max-video-preview:-1\" \/>\n<link rel=\"canonical\" href=\"https:\/\/now-news.de\/de\/deutschland\/arbeitsagentur-nach-arbeitsplatzverlust-bestehen-kaum-chancen-auf-neuen-job\/\" \/>\n<meta property=\"og:locale\" content=\"de_DE\" \/>\n<meta property=\"og:type\" content=\"article\" \/>\n<meta property=\"og:title\" content=\"Arbeitsagentur: Nach Arbeitsplatzverlust bestehen kaum Chancen auf neuen Job\" \/>\n<meta property=\"og:description\" content=\"Die Chefin der Arbeitsagentur Andrea Nahles warnt vor Jobverlust: Wer heute seine Arbeit verliert, hat kaum Chancen, einen neuen Job zu finden. F\u00fcr Berufseinsteiger ist die Situation besonders schlecht. Von ihnen fordert Nahles mehr Flexibilit\u00e4t. Trotz der vollmundigen Versprechen von Bundeskanzler Friedrich Merz bei seinem Amtsantritt im Mai kommt die Wirtschaft nicht in Schwung. Das [&hellip;]\" \/>\n<meta property=\"og:url\" content=\"https:\/\/now-news.de\/de\/deutschland\/arbeitsagentur-nach-arbeitsplatzverlust-bestehen-kaum-chancen-auf-neuen-job\/\" \/>\n<meta property=\"og:site_name\" content=\"just-now.NEWS Deutschland\" \/>\n<meta property=\"article:publisher\" content=\"https:\/\/www.facebook.com\/wirmachenauf\" \/>\n<meta property=\"article:published_time\" content=\"2025-12-26T14:27:15+00:00\" \/>\n<meta property=\"og:image\" content=\"https:\/\/now-news.de\/de\/wp-content\/uploads\/sites\/3\/2025\/12\/694e90ffb480cc2f572a97a1.jpg\" \/>\n<meta name=\"author\" content=\"rtnews\" \/>\n<meta name=\"twitter:card\" content=\"summary_large_image\" \/>\n<meta name=\"twitter:creator\" content=\"@WirMachenAuf_de\" \/>\n<meta name=\"twitter:site\" content=\"@WirMachenAuf_de\" \/>\n<meta name=\"twitter:label1\" content=\"Verfasst von\" \/>\n\t<meta name=\"twitter:data1\" content=\"rtnews\" \/>\n\t<meta name=\"twitter:label2\" content=\"Gesch\u00e4tzte Lesezeit\" \/>\n\t<meta name=\"twitter:data2\" content=\"2\u00a0Minuten\" \/>\n<script type=\"application\/ld+json\" class=\"yoast-schema-graph\">{\"@context\":\"https:\/\/schema.org\",\"@graph\":[{\"@type\":\"Article\",\"@id\":\"https:\/\/now-news.de\/de\/deutschland\/arbeitsagentur-nach-arbeitsplatzverlust-bestehen-kaum-chancen-auf-neuen-job\/#article\",\"isPartOf\":{\"@id\":\"https:\/\/now-news.de\/de\/deutschland\/arbeitsagentur-nach-arbeitsplatzverlust-bestehen-kaum-chancen-auf-neuen-job\/\"},\"author\":{\"name\":\"rtnews\",\"@id\":\"https:\/\/now-news.de\/de\/#\/schema\/person\/fb534a4e865501d8b3285208df34a9b5\"},\"headline\":\"Arbeitsagentur: Nach Arbeitsplatzverlust bestehen kaum Chancen auf neuen Job\",\"datePublished\":\"2025-12-26T14:27:15+00:00\",\"dateModified\":\"2025-12-26T14:27:15+00:00\",\"mainEntityOfPage\":{\"@id\":\"https:\/\/now-news.de\/de\/deutschland\/arbeitsagentur-nach-arbeitsplatzverlust-bestehen-kaum-chancen-auf-neuen-job\/\"},\"wordCount\":371,\"commentCount\":0,\"publisher\":{\"@id\":\"https:\/\/now-news.de\/de\/#organization\"},\"image\":{\"@id\":\"https:\/\/now-news.de\/de\/deutschland\/arbeitsagentur-nach-arbeitsplatzverlust-bestehen-kaum-chancen-auf-neuen-job\/#primaryimage\"},\"thumbnailUrl\":\"https:\/\/now-news.de\/de\/wp-content\/uploads\/sites\/3\/2025\/12\/Arbeitsagentur-Nach-Arbeitsplatzverlust-bestehen-kaum-Chancen-auf-neuen-Job.jpg\",\"keywords\":[\"Arbeitsagentur\",\"Arbeitsplatzverlust\",\"AUF\",\"bestehen\",\"Chancen\",\"Job\",\"Kaum\",\"nach\",\"neuen\"],\"articleSection\":[\"Deutschland\",\"Russland\"],\"inLanguage\":\"de\",\"potentialAction\":[{\"@type\":\"CommentAction\",\"name\":\"Comment\",\"target\":[\"https:\/\/now-news.de\/de\/deutschland\/arbeitsagentur-nach-arbeitsplatzverlust-bestehen-kaum-chancen-auf-neuen-job\/#respond\"]}]},{\"@type\":\"WebPage\",\"@id\":\"https:\/\/now-news.de\/de\/deutschland\/arbeitsagentur-nach-arbeitsplatzverlust-bestehen-kaum-chancen-auf-neuen-job\/\",\"url\":\"https:\/\/now-news.de\/de\/deutschland\/arbeitsagentur-nach-arbeitsplatzverlust-bestehen-kaum-chancen-auf-neuen-job\/\",\"name\":\"Arbeitsagentur: Nach Arbeitsplatzverlust bestehen kaum Chancen auf neuen Job - just-now.NEWS Deutschland\",\"isPartOf\":{\"@id\":\"https:\/\/now-news.de\/de\/#website\"},\"primaryImageOfPage\":{\"@id\":\"https:\/\/now-news.de\/de\/deutschland\/arbeitsagentur-nach-arbeitsplatzverlust-bestehen-kaum-chancen-auf-neuen-job\/#primaryimage\"},\"image\":{\"@id\":\"https:\/\/now-news.de\/de\/deutschland\/arbeitsagentur-nach-arbeitsplatzverlust-bestehen-kaum-chancen-auf-neuen-job\/#primaryimage\"},\"thumbnailUrl\":\"https:\/\/now-news.de\/de\/wp-content\/uploads\/sites\/3\/2025\/12\/Arbeitsagentur-Nach-Arbeitsplatzverlust-bestehen-kaum-Chancen-auf-neuen-Job.jpg\",\"datePublished\":\"2025-12-26T14:27:15+00:00\",\"dateModified\":\"2025-12-26T14:27:15+00:00\",\"breadcrumb\":{\"@id\":\"https:\/\/now-news.de\/de\/deutschland\/arbeitsagentur-nach-arbeitsplatzverlust-bestehen-kaum-chancen-auf-neuen-job\/#breadcrumb\"},\"inLanguage\":\"de\",\"potentialAction\":[{\"@type\":\"ReadAction\",\"target\":[\"https:\/\/now-news.de\/de\/deutschland\/arbeitsagentur-nach-arbeitsplatzverlust-bestehen-kaum-chancen-auf-neuen-job\/\"]}]},{\"@type\":\"ImageObject\",\"inLanguage\":\"de\",\"@id\":\"https:\/\/now-news.de\/de\/deutschland\/arbeitsagentur-nach-arbeitsplatzverlust-bestehen-kaum-chancen-auf-neuen-job\/#primaryimage\",\"url\":\"https:\/\/now-news.de\/de\/wp-content\/uploads\/sites\/3\/2025\/12\/Arbeitsagentur-Nach-Arbeitsplatzverlust-bestehen-kaum-Chancen-auf-neuen-Job.jpg\",\"contentUrl\":\"https:\/\/now-news.de\/de\/wp-content\/uploads\/sites\/3\/2025\/12\/Arbeitsagentur-Nach-Arbeitsplatzverlust-bestehen-kaum-Chancen-auf-neuen-Job.jpg\",\"width\":460,\"height\":259,\"caption\":\"Arbeitsagentur: Nach Arbeitsplatzverlust bestehen kaum Chancen auf neuen Job\"},{\"@type\":\"BreadcrumbList\",\"@id\":\"https:\/\/now-news.de\/de\/deutschland\/arbeitsagentur-nach-arbeitsplatzverlust-bestehen-kaum-chancen-auf-neuen-job\/#breadcrumb\",\"itemListElement\":[{\"@type\":\"ListItem\",\"position\":1,\"name\":\"Home\",\"item\":\"https:\/\/now-news.de\/de\/\"},{\"@type\":\"ListItem\",\"position\":2,\"name\":\"Arbeitsagentur: Nach Arbeitsplatzverlust bestehen kaum Chancen auf neuen Job\"}]},{\"@type\":\"WebSite\",\"@id\":\"https:\/\/now-news.de\/de\/#website\",\"url\":\"https:\/\/now-news.de\/de\/\",\"name\":\"just-now.NEWS Deutschland\",\"description\":\"Das Portal f\u00fcr unzensierte Nachrichten aus der Welt\",\"publisher\":{\"@id\":\"https:\/\/now-news.de\/de\/#organization\"},\"potentialAction\":[{\"@type\":\"SearchAction\",\"target\":{\"@type\":\"EntryPoint\",\"urlTemplate\":\"https:\/\/now-news.de\/de\/?s={search_term_string}\"},\"query-input\":\"required name=search_term_string\"}],\"inLanguage\":\"de\"},{\"@type\":\"Organization\",\"@id\":\"https:\/\/now-news.de\/de\/#organization\",\"name\":\"Just Now News\",\"url\":\"https:\/\/now-news.de\/de\/\",\"logo\":{\"@type\":\"ImageObject\",\"inLanguage\":\"de\",\"@id\":\"https:\/\/now-news.de\/de\/#\/schema\/logo\/image\/\",\"url\":\"http:\/\/just-now.news\/de\/wp-content\/uploads\/sites\/3\/2022\/04\/logo500x500.jpg\",\"contentUrl\":\"http:\/\/just-now.news\/de\/wp-content\/uploads\/sites\/3\/2022\/04\/logo500x500.jpg\",\"width\":500,\"height\":500,\"caption\":\"Just Now News\"},\"image\":{\"@id\":\"https:\/\/now-news.de\/de\/#\/schema\/logo\/image\/\"},\"sameAs\":[\"https:\/\/www.facebook.com\/wirmachenauf\",\"https:\/\/x.com\/WirMachenAuf_de\"]},{\"@type\":\"Person\",\"@id\":\"https:\/\/now-news.de\/de\/#\/schema\/person\/fb534a4e865501d8b3285208df34a9b5\",\"name\":\"rtnews\",\"image\":{\"@type\":\"ImageObject\",\"inLanguage\":\"de\",\"@id\":\"https:\/\/now-news.de\/de\/#\/schema\/person\/image\/\",\"url\":\"https:\/\/secure.gravatar.com\/avatar\/82aafea7d8127119dd649515f56e2117?s=96&d=mm&r=g\",\"contentUrl\":\"https:\/\/secure.gravatar.com\/avatar\/82aafea7d8127119dd649515f56e2117?s=96&d=mm&r=g\",\"caption\":\"rtnews\"},\"url\":\"https:\/\/now-news.de\/de\/author\/rnews\/\"}]}<\/script>\n<!-- \/ Yoast SEO Premium plugin. -->","yoast_head_json":{"title":"Arbeitsagentur: Nach Arbeitsplatzverlust bestehen kaum Chancen auf neuen Job - just-now.NEWS Deutschland","robots":{"index":"index","follow":"follow","max-snippet":"max-snippet:-1","max-image-preview":"max-image-preview:large","max-video-preview":"max-video-preview:-1"},"canonical":"https:\/\/now-news.de\/de\/deutschland\/arbeitsagentur-nach-arbeitsplatzverlust-bestehen-kaum-chancen-auf-neuen-job\/","og_locale":"de_DE","og_type":"article","og_title":"Arbeitsagentur: Nach Arbeitsplatzverlust bestehen kaum Chancen auf neuen Job","og_description":"Die Chefin der Arbeitsagentur Andrea Nahles warnt vor Jobverlust: Wer heute seine Arbeit verliert, hat kaum Chancen, einen neuen Job zu finden. F\u00fcr Berufseinsteiger ist die Situation besonders schlecht. Von ihnen fordert Nahles mehr Flexibilit\u00e4t. Trotz der vollmundigen Versprechen von Bundeskanzler Friedrich Merz bei seinem Amtsantritt im Mai kommt die Wirtschaft nicht in Schwung. Das [&hellip;]","og_url":"https:\/\/now-news.de\/de\/deutschland\/arbeitsagentur-nach-arbeitsplatzverlust-bestehen-kaum-chancen-auf-neuen-job\/","og_site_name":"just-now.NEWS Deutschland","article_publisher":"https:\/\/www.facebook.com\/wirmachenauf","article_published_time":"2025-12-26T14:27:15+00:00","og_image":[{"url":"https:\/\/now-news.de\/de\/wp-content\/uploads\/sites\/3\/2025\/12\/694e90ffb480cc2f572a97a1.jpg"}],"author":"rtnews","twitter_card":"summary_large_image","twitter_creator":"@WirMachenAuf_de","twitter_site":"@WirMachenAuf_de","twitter_misc":{"Verfasst von":"rtnews","Gesch\u00e4tzte Lesezeit":"2\u00a0Minuten"},"schema":{"@context":"https:\/\/schema.org","@graph":[{"@type":"Article","@id":"https:\/\/now-news.de\/de\/deutschland\/arbeitsagentur-nach-arbeitsplatzverlust-bestehen-kaum-chancen-auf-neuen-job\/#article","isPartOf":{"@id":"https:\/\/now-news.de\/de\/deutschland\/arbeitsagentur-nach-arbeitsplatzverlust-bestehen-kaum-chancen-auf-neuen-job\/"},"author":{"name":"rtnews","@id":"https:\/\/now-news.de\/de\/#\/schema\/person\/fb534a4e865501d8b3285208df34a9b5"},"headline":"Arbeitsagentur: Nach Arbeitsplatzverlust bestehen kaum Chancen auf neuen Job","datePublished":"2025-12-26T14:27:15+00:00","dateModified":"2025-12-26T14:27:15+00:00","mainEntityOfPage":{"@id":"https:\/\/now-news.de\/de\/deutschland\/arbeitsagentur-nach-arbeitsplatzverlust-bestehen-kaum-chancen-auf-neuen-job\/"},"wordCount":371,"commentCount":0,"publisher":{"@id":"https:\/\/now-news.de\/de\/#organization"},"image":{"@id":"https:\/\/now-news.de\/de\/deutschland\/arbeitsagentur-nach-arbeitsplatzverlust-bestehen-kaum-chancen-auf-neuen-job\/#primaryimage"},"thumbnailUrl":"https:\/\/now-news.de\/de\/wp-content\/uploads\/sites\/3\/2025\/12\/Arbeitsagentur-Nach-Arbeitsplatzverlust-bestehen-kaum-Chancen-auf-neuen-Job.jpg","keywords":["Arbeitsagentur","Arbeitsplatzverlust","AUF","bestehen","Chancen","Job","Kaum","nach","neuen"],"articleSection":["Deutschland","Russland"],"inLanguage":"de","potentialAction":[{"@type":"CommentAction","name":"Comment","target":["https:\/\/now-news.de\/de\/deutschland\/arbeitsagentur-nach-arbeitsplatzverlust-bestehen-kaum-chancen-auf-neuen-job\/#respond"]}]},{"@type":"WebPage","@id":"https:\/\/now-news.de\/de\/deutschland\/arbeitsagentur-nach-arbeitsplatzverlust-bestehen-kaum-chancen-auf-neuen-job\/","url":"https:\/\/now-news.de\/de\/deutschland\/arbeitsagentur-nach-arbeitsplatzverlust-bestehen-kaum-chancen-auf-neuen-job\/","name":"Arbeitsagentur: Nach Arbeitsplatzverlust bestehen kaum Chancen auf neuen Job - just-now.NEWS Deutschland","isPartOf":{"@id":"https:\/\/now-news.de\/de\/#website"},"primaryImageOfPage":{"@id":"https:\/\/now-news.de\/de\/deutschland\/arbeitsagentur-nach-arbeitsplatzverlust-bestehen-kaum-chancen-auf-neuen-job\/#primaryimage"},"image":{"@id":"https:\/\/now-news.de\/de\/deutschland\/arbeitsagentur-nach-arbeitsplatzverlust-bestehen-kaum-chancen-auf-neuen-job\/#primaryimage"},"thumbnailUrl":"https:\/\/now-news.de\/de\/wp-content\/uploads\/sites\/3\/2025\/12\/Arbeitsagentur-Nach-Arbeitsplatzverlust-bestehen-kaum-Chancen-auf-neuen-Job.jpg","datePublished":"2025-12-26T14:27:15+00:00","dateModified":"2025-12-26T14:27:15+00:00","breadcrumb":{"@id":"https:\/\/now-news.de\/de\/deutschland\/arbeitsagentur-nach-arbeitsplatzverlust-bestehen-kaum-chancen-auf-neuen-job\/#breadcrumb"},"inLanguage":"de","potentialAction":[{"@type":"ReadAction","target":["https:\/\/now-news.de\/de\/deutschland\/arbeitsagentur-nach-arbeitsplatzverlust-bestehen-kaum-chancen-auf-neuen-job\/"]}]},{"@type":"ImageObject","inLanguage":"de","@id":"https:\/\/now-news.de\/de\/deutschland\/arbeitsagentur-nach-arbeitsplatzverlust-bestehen-kaum-chancen-auf-neuen-job\/#primaryimage","url":"https:\/\/now-news.de\/de\/wp-content\/uploads\/sites\/3\/2025\/12\/Arbeitsagentur-Nach-Arbeitsplatzverlust-bestehen-kaum-Chancen-auf-neuen-Job.jpg","contentUrl":"https:\/\/now-news.de\/de\/wp-content\/uploads\/sites\/3\/2025\/12\/Arbeitsagentur-Nach-Arbeitsplatzverlust-bestehen-kaum-Chancen-auf-neuen-Job.jpg","width":460,"height":259,"caption":"Arbeitsagentur: Nach Arbeitsplatzverlust bestehen kaum Chancen auf neuen Job"},{"@type":"BreadcrumbList","@id":"https:\/\/now-news.de\/de\/deutschland\/arbeitsagentur-nach-arbeitsplatzverlust-bestehen-kaum-chancen-auf-neuen-job\/#breadcrumb","itemListElement":[{"@type":"ListItem","position":1,"name":"Home","item":"https:\/\/now-news.de\/de\/"},{"@type":"ListItem","position":2,"name":"Arbeitsagentur: Nach Arbeitsplatzverlust bestehen kaum Chancen auf neuen Job"}]},{"@type":"WebSite","@id":"https:\/\/now-news.de\/de\/#website","url":"https:\/\/now-news.de\/de\/","name":"just-now.NEWS Deutschland","description":"Das Portal f\u00fcr unzensierte Nachrichten aus der Welt","publisher":{"@id":"https:\/\/now-news.de\/de\/#organization"},"potentialAction":[{"@type":"SearchAction","target":{"@type":"EntryPoint","urlTemplate":"https:\/\/now-news.de\/de\/?s={search_term_string}"},"query-input":"required name=search_term_string"}],"inLanguage":"de"},{"@type":"Organization","@id":"https:\/\/now-news.de\/de\/#organization","name":"Just Now News","url":"https:\/\/now-news.de\/de\/","logo":{"@type":"ImageObject","inLanguage":"de","@id":"https:\/\/now-news.de\/de\/#\/schema\/logo\/image\/","url":"http:\/\/just-now.news\/de\/wp-content\/uploads\/sites\/3\/2022\/04\/logo500x500.jpg","contentUrl":"http:\/\/just-now.news\/de\/wp-content\/uploads\/sites\/3\/2022\/04\/logo500x500.jpg","width":500,"height":500,"caption":"Just Now News"},"image":{"@id":"https:\/\/now-news.de\/de\/#\/schema\/logo\/image\/"},"sameAs":["https:\/\/www.facebook.com\/wirmachenauf","https:\/\/x.com\/WirMachenAuf_de"]},{"@type":"Person","@id":"https:\/\/now-news.de\/de\/#\/schema\/person\/fb534a4e865501d8b3285208df34a9b5","name":"rtnews","image":{"@type":"ImageObject","inLanguage":"de","@id":"https:\/\/now-news.de\/de\/#\/schema\/person\/image\/","url":"https:\/\/secure.gravatar.com\/avatar\/82aafea7d8127119dd649515f56e2117?s=96&d=mm&r=g","contentUrl":"https:\/\/secure.gravatar.com\/avatar\/82aafea7d8127119dd649515f56e2117?s=96&d=mm&r=g","caption":"rtnews"},"url":"https:\/\/now-news.de\/de\/author\/rnews\/"}]}},"_links":{"self":[{"href":"https:\/\/now-news.de\/de\/wp-json\/wp\/v2\/posts\/96413"}],"collection":[{"href":"https:\/\/now-news.de\/de\/wp-json\/wp\/v2\/posts"}],"about":[{"href":"https:\/\/now-news.de\/de\/wp-json\/wp\/v2\/types\/post"}],"author":[{"embeddable":true,"href":"https:\/\/now-news.de\/de\/wp-json\/wp\/v2\/users\/3"}],"replies":[{"embeddable":true,"href":"https:\/\/now-news.de\/de\/wp-json\/wp\/v2\/comments?post=96413"}],"version-history":[{"count":0,"href":"https:\/\/now-news.de\/de\/wp-json\/wp\/v2\/posts\/96413\/revisions"}],"wp:featuredmedia":[{"embeddable":true,"href":"https:\/\/now-news.de\/de\/wp-json\/wp\/v2\/media\/96414"}],"wp:attachment":[{"href":"https:\/\/now-news.de\/de\/wp-json\/wp\/v2\/media?parent=96413"}],"wp:term":[{"taxonomy":"category","embeddable":true,"href":"https:\/\/now-news.de\/de\/wp-json\/wp\/v2\/categories?post=96413"},{"taxonomy":"post_tag","embeddable":true,"href":"https:\/\/now-news.de\/de\/wp-json\/wp\/v2\/tags?post=96413"}],"curies":[{"name":"wp","href":"https:\/\/api.w.org\/{rel}","templated":true}]}}