{"id":96401,"date":"2025-12-26T12:43:14","date_gmt":"2025-12-26T10:43:14","guid":{"rendered":"https:\/\/now-news.de\/de\/deutschland\/israel-soll-mitglied-der-iranischen-revolutionsgarde-im-libanon-getoetet-haben\/"},"modified":"2025-12-26T12:43:14","modified_gmt":"2025-12-26T10:43:14","slug":"israel-soll-mitglied-der-iranischen-revolutionsgarde-im-libanon-getoetet-haben","status":"publish","type":"post","link":"https:\/\/now-news.de\/de\/deutschland\/israel-soll-mitglied-der-iranischen-revolutionsgarde-im-libanon-getoetet-haben\/","title":{"rendered":"Israel soll Mitglied der iranischen Revolutionsgarde im Libanon get\u00f6tet haben"},"content":{"rendered":"<p><img decoding=\"async\" src=\"https:\/\/now-news.de\/de\/wp-content\/uploads\/sites\/3\/2025\/12\/694e4f9c48fbef0ad73c236c.jpg\" \/><\/p>\n<div class=\"Text-root Text-type_1 \">\n                Bei einem Drohnenangriff der Israelis wurde ein hochrangiger iranischer Kommandeur im Libanon get\u00f6tet. Israel bricht durch seine Angriffe auf den Libanon permanent die Waffenruhe und hat dabei bisher Hunderte Zivilisten get\u00f6tet.\n            <\/div>\n<p><\/p>\n<div class=\"Text-root Text-type_5 ArticleView-text ViewText-root \">\n<p>Wie das israelische Milit\u00e4r am Donnerstag mitteilte, haben die Streitkr\u00e4fte des Landes einen Angeh\u00f6rigen der iranischen Quds-Truppe im Libanon get\u00f6tet. Dieser soll an der Planung von Anschl\u00e4gen aus Syrien und dem Libanon beteiligt gewesen sein. Die Quds-Einheit ist eine Spezialeinheit der iranischen Revolutionsgarde (IRGC). Sie ist zust\u00e4ndig f\u00fcr Auslandsoperationen Irans, vor allem im milit\u00e4rischen, geheimdienstlichen und politischen Bereich.<\/p>\n<p>Das israelische Milit\u00e4r identifizierte den Get\u00f6teten als Hussein Mahmoud Marshad al-Jawhari und bezeichnete ihn als &#8220;wichtigen Aktivisten der Einheit 840 der Quds-Truppe&#8221;.<\/p>\n<div class=\"EmbedBlock-root EmbedBlock-twitter\">\n<div class=\"TwitterEmbed\">\n<blockquote class=\"twitter-tweet lazyload\" data-twitter=\"twitter-tweet\">\n<p lang=\"en\" dir=\"ltr\">IDF says it killed Hussein al-Jawhari, a senior member of the IRGC-Quds Force in Lebanon <a rel=\"nofollow noopener\" target=\"_blank\" href=\"https:\/\/t.co\/yBW0j0Fx7v\">pic.twitter.com\/yBW0j0Fx7v<\/a><\/p>\n<p>\u2014 Sprinter Press (@SprinterPress) <a rel=\"nofollow noopener\" target=\"_blank\" href=\"https:\/\/twitter.com\/SprinterPress\/status\/2004269229357601138?ref_src=twsrc%5Etfw\">December 25, 2025<\/a><\/p><\/blockquote>\n<\/div>\n<\/div>\n<p>Er wurde in der Region Ansariyeh ermordet, f\u00fcgte das Milit\u00e4r in einer Erkl\u00e4rung hinzu, ohne weitere Details zu seinem Tod zu nennen. Al-Jawhari sei f\u00fcr die iranische Revolutionsgarde (IRGC) t\u00e4tig gewesen und habe sich an &#8220;von Iran gelenkten Terroraktivit\u00e4ten&#8221; gegen den Staat Israel und dessen Sicherheitskr\u00e4fte beteiligt, hie\u00df es in der israelischen Darstellung.<\/p>\n<p>Vonseiten Irans oder des Libanon gab es bislang keine unmittelbare Stellungnahme.<\/p>\n<p>Israel und Iran f\u00fchrten im Juni einen zw\u00f6lf Tage andauernden Krieg. Trotz einer Waffenruhevereinbarung mit dem Libanon f\u00fchrt das israelische Milit\u00e4r fast t\u00e4glich Angriffe im Libanon durch, um nach eigenen Angaben die Wiederaufbauarbeiten der von Iran unterst\u00fctzten libanesischen Gruppe Hisbollah zu verhindern.<\/p>\n<p>Der im November 2024 vereinbarte und von den USA unterst\u00fctzte Waffenstillstand hatte mehr als ein Jahr der K\u00e4mpfe zwischen Israel und der Hisbollah beendet. Er sah die Entwaffnung der m\u00e4chtigen bewaffneten Gruppe vor, beginnend in Gebieten s\u00fcdlich des Flusses, die an Israel angrenzen.\u00a0Israel bricht jedoch permanent durch Angriffe auf den Libanon\u00a0die Waffenruhe und hat dabei bisher Hunderte Zivilisten get\u00f6tet.<\/p>\n<p><strong>Mehr zum Thema<\/strong> &#8211; <a rel=\"nofollow noopener\" target=\"_blank\" href=\"https:\/\/freedert.online\/international\/265393-bericht-netanjahu-will-trump-ueber\/\">Bericht: Netanjahu will Trump \u00fcber neuen Angriffsplan gegen Iran informieren<\/a><\/p>\n<div class=\"EmbedBlock-root EmbedBlock-externalVideo EmbedBlock-rumble\">\n<div class=\"VkEmbed\"><iframe class=\"lazyload\" data-src=\"https:\/\/rumble.com\/embed\/v6ylf54\" frameborder=\"0\" width=\"853\" height=\"480\" allowfullscreen><\/iframe><\/div>\n<\/div>\n<\/div>\n<p><script async src=\"https:\/\/platform.twitter.com\/widgets.js\" charset=\"utf-8\"><\/script><br \/>\n<br \/><br \/>\n<br \/><a href=\"https:\/\/de.rt.com\/der-nahe-osten\/265811-israel-soll-mitglied-iranischen-revolutionsgarde\/\">Source link <\/a><\/p>\n","protected":false},"excerpt":{"rendered":"<p>Bei einem Drohnenangriff der Israelis wurde ein hochrangiger iranischer Kommandeur im Libanon get\u00f6tet. Israel bricht durch seine Angriffe auf den Libanon permanent die Waffenruhe und hat dabei bisher Hunderte Zivilisten get\u00f6tet. Wie das israelische Milit\u00e4r am Donnerstag mitteilte, haben die Streitkr\u00e4fte des Landes einen Angeh\u00f6rigen der iranischen Quds-Truppe im Libanon get\u00f6tet. Dieser soll an der [&hellip;]<\/p>\n","protected":false},"author":3,"featured_media":96402,"comment_status":"open","ping_status":"open","sticky":false,"template":"","format":"standard","meta":{"_yoast_indexnow_last_ping":["1766745907"],"wp_automatic_camp":["217"],"c4dfc9f7b5aa58f99f2920e2ab777c37":["Israel soll Mitglied der iranischen Revolutionsgarde im Libanon get\u00f6tet haben"],"original_link":["https:\/\/de.rt.com\/der-nahe-osten\/265811-israel-soll-mitglied-iranischen-revolutionsgarde\/"],"_thumbnail_id":["96402"],"jnews_social_counter_last_update":["1777672653"],"_wptgpro_p2tg_sent2tg":["a:1:{i:23737;s:19:\"2025-12-26 12:46:11\";}"]},"categories":[19,23],"tags":[82,367,771,9614,432,16906,20376,21418,766],"yoast_head":"<!-- This site is optimized with the Yoast SEO Premium plugin v22.7 (Yoast SEO v22.7) - https:\/\/yoast.com\/wordpress\/plugins\/seo\/ -->\n<title>Israel soll Mitglied der iranischen Revolutionsgarde im Libanon get\u00f6tet haben - just-now.NEWS Deutschland<\/title>\n<meta name=\"robots\" content=\"index, follow, max-snippet:-1, max-image-preview:large, max-video-preview:-1\" \/>\n<link rel=\"canonical\" href=\"https:\/\/now-news.de\/de\/deutschland\/israel-soll-mitglied-der-iranischen-revolutionsgarde-im-libanon-getoetet-haben\/\" \/>\n<meta property=\"og:locale\" content=\"de_DE\" \/>\n<meta property=\"og:type\" content=\"article\" \/>\n<meta property=\"og:title\" content=\"Israel soll Mitglied der iranischen Revolutionsgarde im Libanon get\u00f6tet haben\" \/>\n<meta property=\"og:description\" content=\"Bei einem Drohnenangriff der Israelis wurde ein hochrangiger iranischer Kommandeur im Libanon get\u00f6tet. Israel bricht durch seine Angriffe auf den Libanon permanent die Waffenruhe und hat dabei bisher Hunderte Zivilisten get\u00f6tet. Wie das israelische Milit\u00e4r am Donnerstag mitteilte, haben die Streitkr\u00e4fte des Landes einen Angeh\u00f6rigen der iranischen Quds-Truppe im Libanon get\u00f6tet. Dieser soll an der [&hellip;]\" \/>\n<meta property=\"og:url\" content=\"https:\/\/now-news.de\/de\/deutschland\/israel-soll-mitglied-der-iranischen-revolutionsgarde-im-libanon-getoetet-haben\/\" \/>\n<meta property=\"og:site_name\" content=\"just-now.NEWS Deutschland\" \/>\n<meta property=\"article:publisher\" content=\"https:\/\/www.facebook.com\/wirmachenauf\" \/>\n<meta property=\"article:published_time\" content=\"2025-12-26T10:43:14+00:00\" \/>\n<meta property=\"og:image\" content=\"https:\/\/now-news.de\/de\/wp-content\/uploads\/sites\/3\/2025\/12\/694e4f9c48fbef0ad73c236c.jpg\" \/>\n<meta name=\"author\" content=\"rtnews\" \/>\n<meta name=\"twitter:card\" content=\"summary_large_image\" \/>\n<meta name=\"twitter:creator\" content=\"@WirMachenAuf_de\" \/>\n<meta name=\"twitter:site\" content=\"@WirMachenAuf_de\" \/>\n<meta name=\"twitter:label1\" content=\"Verfasst von\" \/>\n\t<meta name=\"twitter:data1\" content=\"rtnews\" \/>\n\t<meta name=\"twitter:label2\" content=\"Gesch\u00e4tzte Lesezeit\" \/>\n\t<meta name=\"twitter:data2\" content=\"2\u00a0Minuten\" \/>\n<script type=\"application\/ld+json\" class=\"yoast-schema-graph\">{\"@context\":\"https:\/\/schema.org\",\"@graph\":[{\"@type\":\"Article\",\"@id\":\"https:\/\/now-news.de\/de\/deutschland\/israel-soll-mitglied-der-iranischen-revolutionsgarde-im-libanon-getoetet-haben\/#article\",\"isPartOf\":{\"@id\":\"https:\/\/now-news.de\/de\/deutschland\/israel-soll-mitglied-der-iranischen-revolutionsgarde-im-libanon-getoetet-haben\/\"},\"author\":{\"name\":\"rtnews\",\"@id\":\"https:\/\/now-news.de\/de\/#\/schema\/person\/fb534a4e865501d8b3285208df34a9b5\"},\"headline\":\"Israel soll Mitglied der iranischen Revolutionsgarde im Libanon get\u00f6tet haben\",\"datePublished\":\"2025-12-26T10:43:14+00:00\",\"dateModified\":\"2025-12-26T10:43:14+00:00\",\"mainEntityOfPage\":{\"@id\":\"https:\/\/now-news.de\/de\/deutschland\/israel-soll-mitglied-der-iranischen-revolutionsgarde-im-libanon-getoetet-haben\/\"},\"wordCount\":360,\"commentCount\":0,\"publisher\":{\"@id\":\"https:\/\/now-news.de\/de\/#organization\"},\"image\":{\"@id\":\"https:\/\/now-news.de\/de\/deutschland\/israel-soll-mitglied-der-iranischen-revolutionsgarde-im-libanon-getoetet-haben\/#primaryimage\"},\"thumbnailUrl\":\"https:\/\/now-news.de\/de\/wp-content\/uploads\/sites\/3\/2025\/12\/Israel-soll-Mitglied-der-iranischen-Revolutionsgarde-im-Libanon-getoetet-haben.jpg\",\"keywords\":[\"der\",\"get\u00f6tet\",\"haben\",\"iranischen\",\"Israel\",\"Libanon\",\"Mitglied\",\"Revolutionsgarde\",\"soll\"],\"articleSection\":[\"Deutschland\",\"Russland\"],\"inLanguage\":\"de\",\"potentialAction\":[{\"@type\":\"CommentAction\",\"name\":\"Comment\",\"target\":[\"https:\/\/now-news.de\/de\/deutschland\/israel-soll-mitglied-der-iranischen-revolutionsgarde-im-libanon-getoetet-haben\/#respond\"]}]},{\"@type\":\"WebPage\",\"@id\":\"https:\/\/now-news.de\/de\/deutschland\/israel-soll-mitglied-der-iranischen-revolutionsgarde-im-libanon-getoetet-haben\/\",\"url\":\"https:\/\/now-news.de\/de\/deutschland\/israel-soll-mitglied-der-iranischen-revolutionsgarde-im-libanon-getoetet-haben\/\",\"name\":\"Israel soll Mitglied der iranischen Revolutionsgarde im Libanon get\u00f6tet haben - just-now.NEWS Deutschland\",\"isPartOf\":{\"@id\":\"https:\/\/now-news.de\/de\/#website\"},\"primaryImageOfPage\":{\"@id\":\"https:\/\/now-news.de\/de\/deutschland\/israel-soll-mitglied-der-iranischen-revolutionsgarde-im-libanon-getoetet-haben\/#primaryimage\"},\"image\":{\"@id\":\"https:\/\/now-news.de\/de\/deutschland\/israel-soll-mitglied-der-iranischen-revolutionsgarde-im-libanon-getoetet-haben\/#primaryimage\"},\"thumbnailUrl\":\"https:\/\/now-news.de\/de\/wp-content\/uploads\/sites\/3\/2025\/12\/Israel-soll-Mitglied-der-iranischen-Revolutionsgarde-im-Libanon-getoetet-haben.jpg\",\"datePublished\":\"2025-12-26T10:43:14+00:00\",\"dateModified\":\"2025-12-26T10:43:14+00:00\",\"breadcrumb\":{\"@id\":\"https:\/\/now-news.de\/de\/deutschland\/israel-soll-mitglied-der-iranischen-revolutionsgarde-im-libanon-getoetet-haben\/#breadcrumb\"},\"inLanguage\":\"de\",\"potentialAction\":[{\"@type\":\"ReadAction\",\"target\":[\"https:\/\/now-news.de\/de\/deutschland\/israel-soll-mitglied-der-iranischen-revolutionsgarde-im-libanon-getoetet-haben\/\"]}]},{\"@type\":\"ImageObject\",\"inLanguage\":\"de\",\"@id\":\"https:\/\/now-news.de\/de\/deutschland\/israel-soll-mitglied-der-iranischen-revolutionsgarde-im-libanon-getoetet-haben\/#primaryimage\",\"url\":\"https:\/\/now-news.de\/de\/wp-content\/uploads\/sites\/3\/2025\/12\/Israel-soll-Mitglied-der-iranischen-Revolutionsgarde-im-Libanon-getoetet-haben.jpg\",\"contentUrl\":\"https:\/\/now-news.de\/de\/wp-content\/uploads\/sites\/3\/2025\/12\/Israel-soll-Mitglied-der-iranischen-Revolutionsgarde-im-Libanon-getoetet-haben.jpg\",\"width\":460,\"height\":259,\"caption\":\"Israel soll Mitglied der iranischen Revolutionsgarde im Libanon get\u00f6tet haben\"},{\"@type\":\"BreadcrumbList\",\"@id\":\"https:\/\/now-news.de\/de\/deutschland\/israel-soll-mitglied-der-iranischen-revolutionsgarde-im-libanon-getoetet-haben\/#breadcrumb\",\"itemListElement\":[{\"@type\":\"ListItem\",\"position\":1,\"name\":\"Home\",\"item\":\"https:\/\/now-news.de\/de\/\"},{\"@type\":\"ListItem\",\"position\":2,\"name\":\"Israel soll Mitglied der iranischen Revolutionsgarde im Libanon get\u00f6tet haben\"}]},{\"@type\":\"WebSite\",\"@id\":\"https:\/\/now-news.de\/de\/#website\",\"url\":\"https:\/\/now-news.de\/de\/\",\"name\":\"just-now.NEWS Deutschland\",\"description\":\"Das Portal f\u00fcr unzensierte Nachrichten aus der Welt\",\"publisher\":{\"@id\":\"https:\/\/now-news.de\/de\/#organization\"},\"potentialAction\":[{\"@type\":\"SearchAction\",\"target\":{\"@type\":\"EntryPoint\",\"urlTemplate\":\"https:\/\/now-news.de\/de\/?s={search_term_string}\"},\"query-input\":\"required name=search_term_string\"}],\"inLanguage\":\"de\"},{\"@type\":\"Organization\",\"@id\":\"https:\/\/now-news.de\/de\/#organization\",\"name\":\"Just Now News\",\"url\":\"https:\/\/now-news.de\/de\/\",\"logo\":{\"@type\":\"ImageObject\",\"inLanguage\":\"de\",\"@id\":\"https:\/\/now-news.de\/de\/#\/schema\/logo\/image\/\",\"url\":\"http:\/\/just-now.news\/de\/wp-content\/uploads\/sites\/3\/2022\/04\/logo500x500.jpg\",\"contentUrl\":\"http:\/\/just-now.news\/de\/wp-content\/uploads\/sites\/3\/2022\/04\/logo500x500.jpg\",\"width\":500,\"height\":500,\"caption\":\"Just Now News\"},\"image\":{\"@id\":\"https:\/\/now-news.de\/de\/#\/schema\/logo\/image\/\"},\"sameAs\":[\"https:\/\/www.facebook.com\/wirmachenauf\",\"https:\/\/x.com\/WirMachenAuf_de\"]},{\"@type\":\"Person\",\"@id\":\"https:\/\/now-news.de\/de\/#\/schema\/person\/fb534a4e865501d8b3285208df34a9b5\",\"name\":\"rtnews\",\"image\":{\"@type\":\"ImageObject\",\"inLanguage\":\"de\",\"@id\":\"https:\/\/now-news.de\/de\/#\/schema\/person\/image\/\",\"url\":\"https:\/\/secure.gravatar.com\/avatar\/82aafea7d8127119dd649515f56e2117?s=96&d=mm&r=g\",\"contentUrl\":\"https:\/\/secure.gravatar.com\/avatar\/82aafea7d8127119dd649515f56e2117?s=96&d=mm&r=g\",\"caption\":\"rtnews\"},\"url\":\"https:\/\/now-news.de\/de\/author\/rnews\/\"}]}<\/script>\n<!-- \/ Yoast SEO Premium plugin. -->","yoast_head_json":{"title":"Israel soll Mitglied der iranischen Revolutionsgarde im Libanon get\u00f6tet haben - just-now.NEWS Deutschland","robots":{"index":"index","follow":"follow","max-snippet":"max-snippet:-1","max-image-preview":"max-image-preview:large","max-video-preview":"max-video-preview:-1"},"canonical":"https:\/\/now-news.de\/de\/deutschland\/israel-soll-mitglied-der-iranischen-revolutionsgarde-im-libanon-getoetet-haben\/","og_locale":"de_DE","og_type":"article","og_title":"Israel soll Mitglied der iranischen Revolutionsgarde im Libanon get\u00f6tet haben","og_description":"Bei einem Drohnenangriff der Israelis wurde ein hochrangiger iranischer Kommandeur im Libanon get\u00f6tet. Israel bricht durch seine Angriffe auf den Libanon permanent die Waffenruhe und hat dabei bisher Hunderte Zivilisten get\u00f6tet. Wie das israelische Milit\u00e4r am Donnerstag mitteilte, haben die Streitkr\u00e4fte des Landes einen Angeh\u00f6rigen der iranischen Quds-Truppe im Libanon get\u00f6tet. Dieser soll an der [&hellip;]","og_url":"https:\/\/now-news.de\/de\/deutschland\/israel-soll-mitglied-der-iranischen-revolutionsgarde-im-libanon-getoetet-haben\/","og_site_name":"just-now.NEWS Deutschland","article_publisher":"https:\/\/www.facebook.com\/wirmachenauf","article_published_time":"2025-12-26T10:43:14+00:00","og_image":[{"url":"https:\/\/now-news.de\/de\/wp-content\/uploads\/sites\/3\/2025\/12\/694e4f9c48fbef0ad73c236c.jpg"}],"author":"rtnews","twitter_card":"summary_large_image","twitter_creator":"@WirMachenAuf_de","twitter_site":"@WirMachenAuf_de","twitter_misc":{"Verfasst von":"rtnews","Gesch\u00e4tzte Lesezeit":"2\u00a0Minuten"},"schema":{"@context":"https:\/\/schema.org","@graph":[{"@type":"Article","@id":"https:\/\/now-news.de\/de\/deutschland\/israel-soll-mitglied-der-iranischen-revolutionsgarde-im-libanon-getoetet-haben\/#article","isPartOf":{"@id":"https:\/\/now-news.de\/de\/deutschland\/israel-soll-mitglied-der-iranischen-revolutionsgarde-im-libanon-getoetet-haben\/"},"author":{"name":"rtnews","@id":"https:\/\/now-news.de\/de\/#\/schema\/person\/fb534a4e865501d8b3285208df34a9b5"},"headline":"Israel soll Mitglied der iranischen Revolutionsgarde im Libanon get\u00f6tet haben","datePublished":"2025-12-26T10:43:14+00:00","dateModified":"2025-12-26T10:43:14+00:00","mainEntityOfPage":{"@id":"https:\/\/now-news.de\/de\/deutschland\/israel-soll-mitglied-der-iranischen-revolutionsgarde-im-libanon-getoetet-haben\/"},"wordCount":360,"commentCount":0,"publisher":{"@id":"https:\/\/now-news.de\/de\/#organization"},"image":{"@id":"https:\/\/now-news.de\/de\/deutschland\/israel-soll-mitglied-der-iranischen-revolutionsgarde-im-libanon-getoetet-haben\/#primaryimage"},"thumbnailUrl":"https:\/\/now-news.de\/de\/wp-content\/uploads\/sites\/3\/2025\/12\/Israel-soll-Mitglied-der-iranischen-Revolutionsgarde-im-Libanon-getoetet-haben.jpg","keywords":["der","get\u00f6tet","haben","iranischen","Israel","Libanon","Mitglied","Revolutionsgarde","soll"],"articleSection":["Deutschland","Russland"],"inLanguage":"de","potentialAction":[{"@type":"CommentAction","name":"Comment","target":["https:\/\/now-news.de\/de\/deutschland\/israel-soll-mitglied-der-iranischen-revolutionsgarde-im-libanon-getoetet-haben\/#respond"]}]},{"@type":"WebPage","@id":"https:\/\/now-news.de\/de\/deutschland\/israel-soll-mitglied-der-iranischen-revolutionsgarde-im-libanon-getoetet-haben\/","url":"https:\/\/now-news.de\/de\/deutschland\/israel-soll-mitglied-der-iranischen-revolutionsgarde-im-libanon-getoetet-haben\/","name":"Israel soll Mitglied der iranischen Revolutionsgarde im Libanon get\u00f6tet haben - just-now.NEWS Deutschland","isPartOf":{"@id":"https:\/\/now-news.de\/de\/#website"},"primaryImageOfPage":{"@id":"https:\/\/now-news.de\/de\/deutschland\/israel-soll-mitglied-der-iranischen-revolutionsgarde-im-libanon-getoetet-haben\/#primaryimage"},"image":{"@id":"https:\/\/now-news.de\/de\/deutschland\/israel-soll-mitglied-der-iranischen-revolutionsgarde-im-libanon-getoetet-haben\/#primaryimage"},"thumbnailUrl":"https:\/\/now-news.de\/de\/wp-content\/uploads\/sites\/3\/2025\/12\/Israel-soll-Mitglied-der-iranischen-Revolutionsgarde-im-Libanon-getoetet-haben.jpg","datePublished":"2025-12-26T10:43:14+00:00","dateModified":"2025-12-26T10:43:14+00:00","breadcrumb":{"@id":"https:\/\/now-news.de\/de\/deutschland\/israel-soll-mitglied-der-iranischen-revolutionsgarde-im-libanon-getoetet-haben\/#breadcrumb"},"inLanguage":"de","potentialAction":[{"@type":"ReadAction","target":["https:\/\/now-news.de\/de\/deutschland\/israel-soll-mitglied-der-iranischen-revolutionsgarde-im-libanon-getoetet-haben\/"]}]},{"@type":"ImageObject","inLanguage":"de","@id":"https:\/\/now-news.de\/de\/deutschland\/israel-soll-mitglied-der-iranischen-revolutionsgarde-im-libanon-getoetet-haben\/#primaryimage","url":"https:\/\/now-news.de\/de\/wp-content\/uploads\/sites\/3\/2025\/12\/Israel-soll-Mitglied-der-iranischen-Revolutionsgarde-im-Libanon-getoetet-haben.jpg","contentUrl":"https:\/\/now-news.de\/de\/wp-content\/uploads\/sites\/3\/2025\/12\/Israel-soll-Mitglied-der-iranischen-Revolutionsgarde-im-Libanon-getoetet-haben.jpg","width":460,"height":259,"caption":"Israel soll Mitglied der iranischen Revolutionsgarde im Libanon get\u00f6tet haben"},{"@type":"BreadcrumbList","@id":"https:\/\/now-news.de\/de\/deutschland\/israel-soll-mitglied-der-iranischen-revolutionsgarde-im-libanon-getoetet-haben\/#breadcrumb","itemListElement":[{"@type":"ListItem","position":1,"name":"Home","item":"https:\/\/now-news.de\/de\/"},{"@type":"ListItem","position":2,"name":"Israel soll Mitglied der iranischen Revolutionsgarde im Libanon get\u00f6tet haben"}]},{"@type":"WebSite","@id":"https:\/\/now-news.de\/de\/#website","url":"https:\/\/now-news.de\/de\/","name":"just-now.NEWS Deutschland","description":"Das Portal f\u00fcr unzensierte Nachrichten aus der Welt","publisher":{"@id":"https:\/\/now-news.de\/de\/#organization"},"potentialAction":[{"@type":"SearchAction","target":{"@type":"EntryPoint","urlTemplate":"https:\/\/now-news.de\/de\/?s={search_term_string}"},"query-input":"required name=search_term_string"}],"inLanguage":"de"},{"@type":"Organization","@id":"https:\/\/now-news.de\/de\/#organization","name":"Just Now News","url":"https:\/\/now-news.de\/de\/","logo":{"@type":"ImageObject","inLanguage":"de","@id":"https:\/\/now-news.de\/de\/#\/schema\/logo\/image\/","url":"http:\/\/just-now.news\/de\/wp-content\/uploads\/sites\/3\/2022\/04\/logo500x500.jpg","contentUrl":"http:\/\/just-now.news\/de\/wp-content\/uploads\/sites\/3\/2022\/04\/logo500x500.jpg","width":500,"height":500,"caption":"Just Now News"},"image":{"@id":"https:\/\/now-news.de\/de\/#\/schema\/logo\/image\/"},"sameAs":["https:\/\/www.facebook.com\/wirmachenauf","https:\/\/x.com\/WirMachenAuf_de"]},{"@type":"Person","@id":"https:\/\/now-news.de\/de\/#\/schema\/person\/fb534a4e865501d8b3285208df34a9b5","name":"rtnews","image":{"@type":"ImageObject","inLanguage":"de","@id":"https:\/\/now-news.de\/de\/#\/schema\/person\/image\/","url":"https:\/\/secure.gravatar.com\/avatar\/82aafea7d8127119dd649515f56e2117?s=96&d=mm&r=g","contentUrl":"https:\/\/secure.gravatar.com\/avatar\/82aafea7d8127119dd649515f56e2117?s=96&d=mm&r=g","caption":"rtnews"},"url":"https:\/\/now-news.de\/de\/author\/rnews\/"}]}},"_links":{"self":[{"href":"https:\/\/now-news.de\/de\/wp-json\/wp\/v2\/posts\/96401"}],"collection":[{"href":"https:\/\/now-news.de\/de\/wp-json\/wp\/v2\/posts"}],"about":[{"href":"https:\/\/now-news.de\/de\/wp-json\/wp\/v2\/types\/post"}],"author":[{"embeddable":true,"href":"https:\/\/now-news.de\/de\/wp-json\/wp\/v2\/users\/3"}],"replies":[{"embeddable":true,"href":"https:\/\/now-news.de\/de\/wp-json\/wp\/v2\/comments?post=96401"}],"version-history":[{"count":0,"href":"https:\/\/now-news.de\/de\/wp-json\/wp\/v2\/posts\/96401\/revisions"}],"wp:featuredmedia":[{"embeddable":true,"href":"https:\/\/now-news.de\/de\/wp-json\/wp\/v2\/media\/96402"}],"wp:attachment":[{"href":"https:\/\/now-news.de\/de\/wp-json\/wp\/v2\/media?parent=96401"}],"wp:term":[{"taxonomy":"category","embeddable":true,"href":"https:\/\/now-news.de\/de\/wp-json\/wp\/v2\/categories?post=96401"},{"taxonomy":"post_tag","embeddable":true,"href":"https:\/\/now-news.de\/de\/wp-json\/wp\/v2\/tags?post=96401"}],"curies":[{"name":"wp","href":"https:\/\/api.w.org\/{rel}","templated":true}]}}