{"id":96399,"date":"2025-12-26T12:14:18","date_gmt":"2025-12-26T10:14:18","guid":{"rendered":"https:\/\/now-news.de\/de\/deutschland\/heimaturlaub-trotz-krieg-ukrainer-reisen-massenhaft-fuer-ferien-zurueck\/"},"modified":"2025-12-26T12:14:18","modified_gmt":"2025-12-26T10:14:18","slug":"heimaturlaub-trotz-krieg-ukrainer-reisen-massenhaft-fuer-ferien-zurueck","status":"publish","type":"post","link":"https:\/\/now-news.de\/de\/deutschland\/heimaturlaub-trotz-krieg-ukrainer-reisen-massenhaft-fuer-ferien-zurueck\/","title":{"rendered":"Heimaturlaub trotz Krieg? Ukrainer reisen massenhaft f\u00fcr Ferien zur\u00fcck"},"content":{"rendered":"<p><img decoding=\"async\" src=\"https:\/\/now-news.de\/de\/wp-content\/uploads\/sites\/3\/2025\/12\/694e4f7bb480cc29a1469922.jpg\" \/><\/p>\n<div class=\"Text-root Text-type_1 \">\n                Zehntausende Ukrainer mit Schutzstatus reisen \u00fcber Weihnachten in ihre Heimat zur\u00fcck. M\u00f6glich wird dies durch ein System ohne Kontrolle und ohne individuelle Pr\u00fcfung. Der Widerspruch zwischen Fluchtgrund und R\u00fcckreise untergr\u00e4bt die Glaubw\u00fcrdigkeit und Akzeptanz staatlicher Hilfe.\n            <\/div>\n<p><\/p>\n<div class=\"Text-root Text-type_5 ArticleView-text ViewText-root \">\n<p><em>Von Hans-Ueli L\u00e4ppli<\/em><\/p>\n<p data-start=\"404\" data-end=\"800\">An den polnisch-ukrainischen Grenz\u00fcberg\u00e4ngen kam es \u00fcber die Feiertage zu kilometerlangen Staus. Wartezeiten von bis zu 24 Stunden wurden gemeldet.<\/p>\n<p data-start=\"404\" data-end=\"800\">Der Grund war nicht eine Evakuierung, sondern das Gegenteil: Zehntausende ukrainische Staatsb\u00fcrger reisten f\u00fcr Weihnachten und den Jahreswechsel in ihr Herkunftsland zur\u00fcck. Das berichteten mehrere Medien unter Berufung auf Grenz- und Polizeidaten.<\/p>\n<div class=\"EmbedBlock-root EmbedBlock-twitter\">\n<div class=\"TwitterEmbed\">\n<blockquote class=\"twitter-tweet lazyload\" data-twitter=\"twitter-tweet\" data-media-max-width=\"560\">\n<p lang=\"de\" dir=\"ltr\">Zehn-, wenn nicht gar Hunderttausende UKRAINER, die angeblich vor dem Krieg geflohen sind, feiern Weihnachten im \u201eKriegsgebiet\u201c.K\u00f6nnte es sein, dass wir verar***t werden?WELT: \u201eHier sind gigantische Staus an der polnisch-ukrainischen Grenze mit Wartezeiten bis zu 24 Stunden.\u2026 <a rel=\"nofollow noopener\" target=\"_blank\" href=\"https:\/\/t.co\/UPAM0SkMJ8\">pic.twitter.com\/UPAM0SkMJ8<\/a><\/p>\n<p>\u2014 Georg Pazderski (@Georg_Pazderski) <a rel=\"nofollow noopener\" target=\"_blank\" href=\"https:\/\/twitter.com\/Georg_Pazderski\/status\/2004166020097839382?ref_src=twsrc%5Etfw\">December 25, 2025<\/a><\/p><\/blockquote>\n<\/div>\n<\/div>\n<p data-start=\"429\" data-end=\"645\">Politisch bedeutsam ist der Vorgang insofern, als er die Voraussetzungen des geltenden Schutzstatus ber\u00fchrt. Dieser basiert auf der Annahme einer ernsthaften Gefahr im Herkunftsland.<\/p>\n<p data-start=\"802\" data-end=\"1202\">Dieser Status wird pauschal gew\u00e4hrt, ohne individuelle Asylpr\u00fcfung, und ist mit umfangreichen Sozialleistungen verbunden.<\/p>\n<div class=\"EmbedBlock-root EmbedBlock-twitter\">\n<div class=\"TwitterEmbed\">\n<blockquote class=\"twitter-tweet lazyload\" data-twitter=\"twitter-tweet\" data-media-max-width=\"560\">\n<p lang=\"de\" dir=\"ltr\">\ud83c\udfbcH\u00d6RT ES EUCH unbedingt AN\ud83c\udfb6\u203c\ufe0f\ud83d\udc4dUkrainer machen \u00fcber die Feiertage Urlaub in der Heimat! 20 Stunden Stau an der Grenze! Der Re Gier ung ist&#8217;s schei\u00dfegal\u203c\ufe0f <a rel=\"nofollow noopener\" target=\"_blank\" href=\"https:\/\/t.co\/cfEBJgBfqb\">pic.twitter.com\/cfEBJgBfqb<\/a><\/p>\n<p>\u2014 Rainer Huth (@RainerHuth61) <a rel=\"nofollow noopener\" target=\"_blank\" href=\"https:\/\/twitter.com\/RainerHuth61\/status\/2003571990989595062?ref_src=twsrc%5Etfw\">December 23, 2025<\/a><\/p><\/blockquote>\n<\/div>\n<\/div>\n<p data-start=\"548\" data-end=\"843\">Die R\u00fcckreisen ver\u00e4ndern nicht den Charakter der Personen, wohl aber die Logik des Schutzsystems. Wird Schutz faktisch reversibel, verliert er seine klare Abgrenzung gegen\u00fcber regul\u00e4rer Mobilit\u00e4t. Die Kategorie der Flucht wird damit funktional neu interpretiert.<\/p>\n<p data-start=\"1578\" data-end=\"1922\">Besonders deutlich wird dies durch die staatliche Praxis. R\u00fcckreisen bleiben folgenlos. Es gibt keine systematische Erfassung, keine automatische \u00dcberpr\u00fcfung, keinen Widerruf von Leistungen.<\/p>\n<p data-start=\"1924\" data-end=\"2283\">Wer ausreist, kann in der Regel problemlos zur\u00fcckkehren und erh\u00e4lt weiterhin B\u00fcrgergeld, Unterkunft und Krankenversicherung. Der Staat verzichtet bewusst auf Kontrolle.<\/p>\n<div class=\"EmbedBlock-root EmbedBlock-twitter\">\n<div class=\"TwitterEmbed\">\n<blockquote class=\"twitter-tweet lazyload\" data-twitter=\"twitter-tweet\" data-media-max-width=\"560\">\n<p lang=\"de\" dir=\"ltr\">AB IN DEN URLAUBDIE UKRAINER BESUCHEN \u00dcBER DIE FEIERTAGE IHRE LIEBEN DAHEIMGRENZE POLEN-<a rel=\"nofollow noopener\" target=\"_blank\" href=\"https:\/\/twitter.com\/hashtag\/UKRAINE?src=hash&amp;ref_src=twsrc%5Etfw\">#UKRAINE<\/a>, 12.2025\u25fc\ufe0f Ukrainische Kriegsfl\u00fcchtlinge besuchen \u00fcber Weihnachten ihre Heimat. B\u00fcrgergeld macht&#8217;s m\u00f6glich. Der angebliche \u201erussische Vernichtungskrieg&#8221; gegen die Ukraine findet -\u2026 <a rel=\"nofollow noopener\" target=\"_blank\" href=\"https:\/\/t.co\/s3XM9JMzgX\">pic.twitter.com\/s3XM9JMzgX<\/a><\/p>\n<p>\u2014 Maik Pittel (@maikpi70) <a rel=\"nofollow noopener\" target=\"_blank\" href=\"https:\/\/twitter.com\/maikpi70\/status\/2003115822982541628?ref_src=twsrc%5Etfw\">December 22, 2025<\/a><\/p><\/blockquote>\n<\/div>\n<\/div>\n<p data-start=\"1901\" data-end=\"2158\">Damit entsteht ein Strukturproblem. Nicht auf der individuellen Ebene, sondern auf der systemischen. Die rechtliche Konstruktion des Schutzstatus wird von der Lebensrealit\u00e4t entkoppelt.<\/p>\n<p data-start=\"1901\" data-end=\"2158\">Das Asylrecht wird faktisch in ein Aufenthaltsrecht mit R\u00fcckkehroption \u00fcberf\u00fchrt, ohne dass dies politisch offen benannt oder rechtlich neu geregelt wird.<\/p>\n<div class=\"EmbedBlock-root EmbedBlock-twitter\">\n<div class=\"TwitterEmbed\">\n<blockquote class=\"twitter-tweet lazyload\" data-twitter=\"twitter-tweet\">\n<p lang=\"de\" dir=\"ltr\">10.000sende Ukrainer machen Urlaub in der Ukraine <a rel=\"nofollow noopener\" target=\"_blank\" href=\"https:\/\/t.co\/CtZclDvoWS\">pic.twitter.com\/CtZclDvoWS<\/a><\/p>\n<p>\u2014 Satire-S@bine-Mueller\u2122 \ud83c\uddfa\ud83c\uddf8 \ud83c\udfdb\ufe0f \ud83c\uddee\ud83c\uddf1 @elonmusk (@Mueller_NJ_USA) <a rel=\"nofollow noopener\" target=\"_blank\" href=\"https:\/\/twitter.com\/Mueller_NJ_USA\/status\/2004218728301629530?ref_src=twsrc%5Etfw\">December 25, 2025<\/a><\/p><\/blockquote>\n<\/div>\n<\/div>\n<p data-start=\"1320\" data-end=\"1676\">Statt einer sachlichen Kl\u00e4rung herrscht regulatorische Unsch\u00e4rfe. Der Staat verzichtet darauf, R\u00fcckreisen systematisch einzuordnen und rechtlich zu bewerten. Damit bleibt offen, wann Schutz greift und wann er endet. Diese Unbestimmtheit schw\u00e4cht das Vertrauen in ein Instrument, das auf Verl\u00e4sslichkeit angewiesen ist.<\/p>\n<p data-start=\"2627\" data-end=\"3028\">Die Feiertagsstaus an der Ostgrenze sind deshalb kein Randph\u00e4nomen, sondern ein Symptom. Sie zeigen, dass die Fl\u00fcchtlingspolitik mit einer Realit\u00e4t konfrontiert ist, f\u00fcr die sie keine klaren Antworten mehr hat. Und sie verdeutlichen, dass Gro\u00dfz\u00fcgigkeit ohne Kriterien langfristig nicht stabil ist.<\/p>\n<p data-start=\"3329\" data-end=\"3425\">Nicht weil Hilfe falsch w\u00e4re. Sondern weil sie ohne klare Regeln ihre eigene Grundlage verliert.<\/p>\n<p data-start=\"3329\" data-end=\"3425\"><strong>Mehr zum Thema<\/strong>\u00a0\u2012 <a rel=\"nofollow noopener\" target=\"_blank\" href=\"https:\/\/freedert.online\/europa\/260066-kiew-beruechtigter-bandenchef-setzt-zusammen\/\">Kiew: Ber\u00fcchtigter Bandenchef setzt zusammen mit der Polizei die Wehrpflicht durch (VIDEO)<\/a><\/p>\n<div class=\"EmbedBlock-root EmbedBlock-externalVideo EmbedBlock-rumble\">\n<div class=\"VkEmbed\"><iframe class=\"lazyload\" data-src=\"https:\/\/rumble.com\/embed\/v6vnqt8\" frameborder=\"0\" width=\"853\" height=\"480\" allowfullscreen><\/iframe><\/div>\n<\/div>\n<\/div>\n<p><script async src=\"https:\/\/platform.twitter.com\/widgets.js\" charset=\"utf-8\"><\/script><br \/>\n<br \/><br \/>\n<br \/><a href=\"https:\/\/de.rt.com\/europa\/265812-ukrainer-reisen-fuer-ferien-in\/\">Source link <\/a><\/p>\n","protected":false},"excerpt":{"rendered":"<p>Zehntausende Ukrainer mit Schutzstatus reisen \u00fcber Weihnachten in ihre Heimat zur\u00fcck. M\u00f6glich wird dies durch ein System ohne Kontrolle und ohne individuelle Pr\u00fcfung. Der Widerspruch zwischen Fluchtgrund und R\u00fcckreise untergr\u00e4bt die Glaubw\u00fcrdigkeit und Akzeptanz staatlicher Hilfe. Von Hans-Ueli L\u00e4ppli An den polnisch-ukrainischen Grenz\u00fcberg\u00e4ngen kam es \u00fcber die Feiertage zu kilometerlangen Staus. Wartezeiten von bis zu [&hellip;]<\/p>\n","protected":false},"author":3,"featured_media":96400,"comment_status":"open","ping_status":"open","sticky":false,"template":"","format":"standard","meta":{"_yoast_indexnow_last_ping":["1766744955"],"wp_automatic_camp":["217"],"23403570df3706b7e24cbb75d7775168":["Heimaturlaub trotz Krieg? Ukrainer reisen massenhaft f\u00fcr Ferien zur\u00fcck"],"original_link":["https:\/\/de.rt.com\/europa\/265812-ukrainer-reisen-fuer-ferien-in\/"],"_thumbnail_id":["96400"],"jnews_social_counter_last_update":["1777672576"],"_wptgpro_p2tg_sent2tg":["a:1:{i:23737;s:19:\"2025-12-26 12:30:27\";}"]},"categories":[19,23],"tags":[53985,221,70191,130,34820,19142,1381,5757,3337],"yoast_head":"<!-- This site is optimized with the Yoast SEO Premium plugin v22.7 (Yoast SEO v22.7) - https:\/\/yoast.com\/wordpress\/plugins\/seo\/ -->\n<title>Heimaturlaub trotz Krieg? Ukrainer reisen massenhaft f\u00fcr Ferien zur\u00fcck - just-now.NEWS Deutschland<\/title>\n<meta name=\"robots\" content=\"index, follow, max-snippet:-1, max-image-preview:large, max-video-preview:-1\" \/>\n<link rel=\"canonical\" href=\"https:\/\/now-news.de\/de\/deutschland\/heimaturlaub-trotz-krieg-ukrainer-reisen-massenhaft-fuer-ferien-zurueck\/\" \/>\n<meta property=\"og:locale\" content=\"de_DE\" \/>\n<meta property=\"og:type\" content=\"article\" \/>\n<meta property=\"og:title\" content=\"Heimaturlaub trotz Krieg? Ukrainer reisen massenhaft f\u00fcr Ferien zur\u00fcck\" \/>\n<meta property=\"og:description\" content=\"Zehntausende Ukrainer mit Schutzstatus reisen \u00fcber Weihnachten in ihre Heimat zur\u00fcck. M\u00f6glich wird dies durch ein System ohne Kontrolle und ohne individuelle Pr\u00fcfung. Der Widerspruch zwischen Fluchtgrund und R\u00fcckreise untergr\u00e4bt die Glaubw\u00fcrdigkeit und Akzeptanz staatlicher Hilfe. Von Hans-Ueli L\u00e4ppli An den polnisch-ukrainischen Grenz\u00fcberg\u00e4ngen kam es \u00fcber die Feiertage zu kilometerlangen Staus. Wartezeiten von bis zu [&hellip;]\" \/>\n<meta property=\"og:url\" content=\"https:\/\/now-news.de\/de\/deutschland\/heimaturlaub-trotz-krieg-ukrainer-reisen-massenhaft-fuer-ferien-zurueck\/\" \/>\n<meta property=\"og:site_name\" content=\"just-now.NEWS Deutschland\" \/>\n<meta property=\"article:publisher\" content=\"https:\/\/www.facebook.com\/wirmachenauf\" \/>\n<meta property=\"article:published_time\" content=\"2025-12-26T10:14:18+00:00\" \/>\n<meta property=\"og:image\" content=\"https:\/\/now-news.de\/de\/wp-content\/uploads\/sites\/3\/2025\/12\/694e4f7bb480cc29a1469922.jpg\" \/>\n<meta name=\"author\" content=\"rtnews\" \/>\n<meta name=\"twitter:card\" content=\"summary_large_image\" \/>\n<meta name=\"twitter:creator\" content=\"@WirMachenAuf_de\" \/>\n<meta name=\"twitter:site\" content=\"@WirMachenAuf_de\" \/>\n<meta name=\"twitter:label1\" content=\"Verfasst von\" \/>\n\t<meta name=\"twitter:data1\" content=\"rtnews\" \/>\n\t<meta name=\"twitter:label2\" content=\"Gesch\u00e4tzte Lesezeit\" \/>\n\t<meta name=\"twitter:data2\" content=\"3\u00a0Minuten\" \/>\n<script type=\"application\/ld+json\" class=\"yoast-schema-graph\">{\"@context\":\"https:\/\/schema.org\",\"@graph\":[{\"@type\":\"Article\",\"@id\":\"https:\/\/now-news.de\/de\/deutschland\/heimaturlaub-trotz-krieg-ukrainer-reisen-massenhaft-fuer-ferien-zurueck\/#article\",\"isPartOf\":{\"@id\":\"https:\/\/now-news.de\/de\/deutschland\/heimaturlaub-trotz-krieg-ukrainer-reisen-massenhaft-fuer-ferien-zurueck\/\"},\"author\":{\"name\":\"rtnews\",\"@id\":\"https:\/\/now-news.de\/de\/#\/schema\/person\/fb534a4e865501d8b3285208df34a9b5\"},\"headline\":\"Heimaturlaub trotz Krieg? Ukrainer reisen massenhaft f\u00fcr Ferien zur\u00fcck\",\"datePublished\":\"2025-12-26T10:14:18+00:00\",\"dateModified\":\"2025-12-26T10:14:18+00:00\",\"mainEntityOfPage\":{\"@id\":\"https:\/\/now-news.de\/de\/deutschland\/heimaturlaub-trotz-krieg-ukrainer-reisen-massenhaft-fuer-ferien-zurueck\/\"},\"wordCount\":569,\"commentCount\":0,\"publisher\":{\"@id\":\"https:\/\/now-news.de\/de\/#organization\"},\"image\":{\"@id\":\"https:\/\/now-news.de\/de\/deutschland\/heimaturlaub-trotz-krieg-ukrainer-reisen-massenhaft-fuer-ferien-zurueck\/#primaryimage\"},\"thumbnailUrl\":\"https:\/\/now-news.de\/de\/wp-content\/uploads\/sites\/3\/2025\/12\/Heimaturlaub-trotz-Krieg-Ukrainer-reisen-massenhaft-fuer-Ferien-zurueck.jpg\",\"keywords\":[\"Ferien\",\"f\u00fcr\",\"Heimaturlaub\",\"krieg\",\"massenhaft\",\"Reisen\",\"Trotz\",\"Ukrainer\",\"zur\u00fcck\"],\"articleSection\":[\"Deutschland\",\"Russland\"],\"inLanguage\":\"de\",\"potentialAction\":[{\"@type\":\"CommentAction\",\"name\":\"Comment\",\"target\":[\"https:\/\/now-news.de\/de\/deutschland\/heimaturlaub-trotz-krieg-ukrainer-reisen-massenhaft-fuer-ferien-zurueck\/#respond\"]}]},{\"@type\":\"WebPage\",\"@id\":\"https:\/\/now-news.de\/de\/deutschland\/heimaturlaub-trotz-krieg-ukrainer-reisen-massenhaft-fuer-ferien-zurueck\/\",\"url\":\"https:\/\/now-news.de\/de\/deutschland\/heimaturlaub-trotz-krieg-ukrainer-reisen-massenhaft-fuer-ferien-zurueck\/\",\"name\":\"Heimaturlaub trotz Krieg? Ukrainer reisen massenhaft f\u00fcr Ferien zur\u00fcck - just-now.NEWS Deutschland\",\"isPartOf\":{\"@id\":\"https:\/\/now-news.de\/de\/#website\"},\"primaryImageOfPage\":{\"@id\":\"https:\/\/now-news.de\/de\/deutschland\/heimaturlaub-trotz-krieg-ukrainer-reisen-massenhaft-fuer-ferien-zurueck\/#primaryimage\"},\"image\":{\"@id\":\"https:\/\/now-news.de\/de\/deutschland\/heimaturlaub-trotz-krieg-ukrainer-reisen-massenhaft-fuer-ferien-zurueck\/#primaryimage\"},\"thumbnailUrl\":\"https:\/\/now-news.de\/de\/wp-content\/uploads\/sites\/3\/2025\/12\/Heimaturlaub-trotz-Krieg-Ukrainer-reisen-massenhaft-fuer-Ferien-zurueck.jpg\",\"datePublished\":\"2025-12-26T10:14:18+00:00\",\"dateModified\":\"2025-12-26T10:14:18+00:00\",\"breadcrumb\":{\"@id\":\"https:\/\/now-news.de\/de\/deutschland\/heimaturlaub-trotz-krieg-ukrainer-reisen-massenhaft-fuer-ferien-zurueck\/#breadcrumb\"},\"inLanguage\":\"de\",\"potentialAction\":[{\"@type\":\"ReadAction\",\"target\":[\"https:\/\/now-news.de\/de\/deutschland\/heimaturlaub-trotz-krieg-ukrainer-reisen-massenhaft-fuer-ferien-zurueck\/\"]}]},{\"@type\":\"ImageObject\",\"inLanguage\":\"de\",\"@id\":\"https:\/\/now-news.de\/de\/deutschland\/heimaturlaub-trotz-krieg-ukrainer-reisen-massenhaft-fuer-ferien-zurueck\/#primaryimage\",\"url\":\"https:\/\/now-news.de\/de\/wp-content\/uploads\/sites\/3\/2025\/12\/Heimaturlaub-trotz-Krieg-Ukrainer-reisen-massenhaft-fuer-Ferien-zurueck.jpg\",\"contentUrl\":\"https:\/\/now-news.de\/de\/wp-content\/uploads\/sites\/3\/2025\/12\/Heimaturlaub-trotz-Krieg-Ukrainer-reisen-massenhaft-fuer-Ferien-zurueck.jpg\",\"width\":460,\"height\":259,\"caption\":\"Heimaturlaub trotz Krieg? Ukrainer reisen massenhaft f\u00fcr Ferien zur\u00fcck\"},{\"@type\":\"BreadcrumbList\",\"@id\":\"https:\/\/now-news.de\/de\/deutschland\/heimaturlaub-trotz-krieg-ukrainer-reisen-massenhaft-fuer-ferien-zurueck\/#breadcrumb\",\"itemListElement\":[{\"@type\":\"ListItem\",\"position\":1,\"name\":\"Home\",\"item\":\"https:\/\/now-news.de\/de\/\"},{\"@type\":\"ListItem\",\"position\":2,\"name\":\"Heimaturlaub trotz Krieg? Ukrainer reisen massenhaft f\u00fcr Ferien zur\u00fcck\"}]},{\"@type\":\"WebSite\",\"@id\":\"https:\/\/now-news.de\/de\/#website\",\"url\":\"https:\/\/now-news.de\/de\/\",\"name\":\"just-now.NEWS Deutschland\",\"description\":\"Das Portal f\u00fcr unzensierte Nachrichten aus der Welt\",\"publisher\":{\"@id\":\"https:\/\/now-news.de\/de\/#organization\"},\"potentialAction\":[{\"@type\":\"SearchAction\",\"target\":{\"@type\":\"EntryPoint\",\"urlTemplate\":\"https:\/\/now-news.de\/de\/?s={search_term_string}\"},\"query-input\":\"required name=search_term_string\"}],\"inLanguage\":\"de\"},{\"@type\":\"Organization\",\"@id\":\"https:\/\/now-news.de\/de\/#organization\",\"name\":\"Just Now News\",\"url\":\"https:\/\/now-news.de\/de\/\",\"logo\":{\"@type\":\"ImageObject\",\"inLanguage\":\"de\",\"@id\":\"https:\/\/now-news.de\/de\/#\/schema\/logo\/image\/\",\"url\":\"http:\/\/just-now.news\/de\/wp-content\/uploads\/sites\/3\/2022\/04\/logo500x500.jpg\",\"contentUrl\":\"http:\/\/just-now.news\/de\/wp-content\/uploads\/sites\/3\/2022\/04\/logo500x500.jpg\",\"width\":500,\"height\":500,\"caption\":\"Just Now News\"},\"image\":{\"@id\":\"https:\/\/now-news.de\/de\/#\/schema\/logo\/image\/\"},\"sameAs\":[\"https:\/\/www.facebook.com\/wirmachenauf\",\"https:\/\/x.com\/WirMachenAuf_de\"]},{\"@type\":\"Person\",\"@id\":\"https:\/\/now-news.de\/de\/#\/schema\/person\/fb534a4e865501d8b3285208df34a9b5\",\"name\":\"rtnews\",\"image\":{\"@type\":\"ImageObject\",\"inLanguage\":\"de\",\"@id\":\"https:\/\/now-news.de\/de\/#\/schema\/person\/image\/\",\"url\":\"https:\/\/secure.gravatar.com\/avatar\/82aafea7d8127119dd649515f56e2117?s=96&d=mm&r=g\",\"contentUrl\":\"https:\/\/secure.gravatar.com\/avatar\/82aafea7d8127119dd649515f56e2117?s=96&d=mm&r=g\",\"caption\":\"rtnews\"},\"url\":\"https:\/\/now-news.de\/de\/author\/rnews\/\"}]}<\/script>\n<!-- \/ Yoast SEO Premium plugin. -->","yoast_head_json":{"title":"Heimaturlaub trotz Krieg? Ukrainer reisen massenhaft f\u00fcr Ferien zur\u00fcck - just-now.NEWS Deutschland","robots":{"index":"index","follow":"follow","max-snippet":"max-snippet:-1","max-image-preview":"max-image-preview:large","max-video-preview":"max-video-preview:-1"},"canonical":"https:\/\/now-news.de\/de\/deutschland\/heimaturlaub-trotz-krieg-ukrainer-reisen-massenhaft-fuer-ferien-zurueck\/","og_locale":"de_DE","og_type":"article","og_title":"Heimaturlaub trotz Krieg? Ukrainer reisen massenhaft f\u00fcr Ferien zur\u00fcck","og_description":"Zehntausende Ukrainer mit Schutzstatus reisen \u00fcber Weihnachten in ihre Heimat zur\u00fcck. M\u00f6glich wird dies durch ein System ohne Kontrolle und ohne individuelle Pr\u00fcfung. Der Widerspruch zwischen Fluchtgrund und R\u00fcckreise untergr\u00e4bt die Glaubw\u00fcrdigkeit und Akzeptanz staatlicher Hilfe. Von Hans-Ueli L\u00e4ppli An den polnisch-ukrainischen Grenz\u00fcberg\u00e4ngen kam es \u00fcber die Feiertage zu kilometerlangen Staus. Wartezeiten von bis zu [&hellip;]","og_url":"https:\/\/now-news.de\/de\/deutschland\/heimaturlaub-trotz-krieg-ukrainer-reisen-massenhaft-fuer-ferien-zurueck\/","og_site_name":"just-now.NEWS Deutschland","article_publisher":"https:\/\/www.facebook.com\/wirmachenauf","article_published_time":"2025-12-26T10:14:18+00:00","og_image":[{"url":"https:\/\/now-news.de\/de\/wp-content\/uploads\/sites\/3\/2025\/12\/694e4f7bb480cc29a1469922.jpg"}],"author":"rtnews","twitter_card":"summary_large_image","twitter_creator":"@WirMachenAuf_de","twitter_site":"@WirMachenAuf_de","twitter_misc":{"Verfasst von":"rtnews","Gesch\u00e4tzte Lesezeit":"3\u00a0Minuten"},"schema":{"@context":"https:\/\/schema.org","@graph":[{"@type":"Article","@id":"https:\/\/now-news.de\/de\/deutschland\/heimaturlaub-trotz-krieg-ukrainer-reisen-massenhaft-fuer-ferien-zurueck\/#article","isPartOf":{"@id":"https:\/\/now-news.de\/de\/deutschland\/heimaturlaub-trotz-krieg-ukrainer-reisen-massenhaft-fuer-ferien-zurueck\/"},"author":{"name":"rtnews","@id":"https:\/\/now-news.de\/de\/#\/schema\/person\/fb534a4e865501d8b3285208df34a9b5"},"headline":"Heimaturlaub trotz Krieg? Ukrainer reisen massenhaft f\u00fcr Ferien zur\u00fcck","datePublished":"2025-12-26T10:14:18+00:00","dateModified":"2025-12-26T10:14:18+00:00","mainEntityOfPage":{"@id":"https:\/\/now-news.de\/de\/deutschland\/heimaturlaub-trotz-krieg-ukrainer-reisen-massenhaft-fuer-ferien-zurueck\/"},"wordCount":569,"commentCount":0,"publisher":{"@id":"https:\/\/now-news.de\/de\/#organization"},"image":{"@id":"https:\/\/now-news.de\/de\/deutschland\/heimaturlaub-trotz-krieg-ukrainer-reisen-massenhaft-fuer-ferien-zurueck\/#primaryimage"},"thumbnailUrl":"https:\/\/now-news.de\/de\/wp-content\/uploads\/sites\/3\/2025\/12\/Heimaturlaub-trotz-Krieg-Ukrainer-reisen-massenhaft-fuer-Ferien-zurueck.jpg","keywords":["Ferien","f\u00fcr","Heimaturlaub","krieg","massenhaft","Reisen","Trotz","Ukrainer","zur\u00fcck"],"articleSection":["Deutschland","Russland"],"inLanguage":"de","potentialAction":[{"@type":"CommentAction","name":"Comment","target":["https:\/\/now-news.de\/de\/deutschland\/heimaturlaub-trotz-krieg-ukrainer-reisen-massenhaft-fuer-ferien-zurueck\/#respond"]}]},{"@type":"WebPage","@id":"https:\/\/now-news.de\/de\/deutschland\/heimaturlaub-trotz-krieg-ukrainer-reisen-massenhaft-fuer-ferien-zurueck\/","url":"https:\/\/now-news.de\/de\/deutschland\/heimaturlaub-trotz-krieg-ukrainer-reisen-massenhaft-fuer-ferien-zurueck\/","name":"Heimaturlaub trotz Krieg? Ukrainer reisen massenhaft f\u00fcr Ferien zur\u00fcck - just-now.NEWS Deutschland","isPartOf":{"@id":"https:\/\/now-news.de\/de\/#website"},"primaryImageOfPage":{"@id":"https:\/\/now-news.de\/de\/deutschland\/heimaturlaub-trotz-krieg-ukrainer-reisen-massenhaft-fuer-ferien-zurueck\/#primaryimage"},"image":{"@id":"https:\/\/now-news.de\/de\/deutschland\/heimaturlaub-trotz-krieg-ukrainer-reisen-massenhaft-fuer-ferien-zurueck\/#primaryimage"},"thumbnailUrl":"https:\/\/now-news.de\/de\/wp-content\/uploads\/sites\/3\/2025\/12\/Heimaturlaub-trotz-Krieg-Ukrainer-reisen-massenhaft-fuer-Ferien-zurueck.jpg","datePublished":"2025-12-26T10:14:18+00:00","dateModified":"2025-12-26T10:14:18+00:00","breadcrumb":{"@id":"https:\/\/now-news.de\/de\/deutschland\/heimaturlaub-trotz-krieg-ukrainer-reisen-massenhaft-fuer-ferien-zurueck\/#breadcrumb"},"inLanguage":"de","potentialAction":[{"@type":"ReadAction","target":["https:\/\/now-news.de\/de\/deutschland\/heimaturlaub-trotz-krieg-ukrainer-reisen-massenhaft-fuer-ferien-zurueck\/"]}]},{"@type":"ImageObject","inLanguage":"de","@id":"https:\/\/now-news.de\/de\/deutschland\/heimaturlaub-trotz-krieg-ukrainer-reisen-massenhaft-fuer-ferien-zurueck\/#primaryimage","url":"https:\/\/now-news.de\/de\/wp-content\/uploads\/sites\/3\/2025\/12\/Heimaturlaub-trotz-Krieg-Ukrainer-reisen-massenhaft-fuer-Ferien-zurueck.jpg","contentUrl":"https:\/\/now-news.de\/de\/wp-content\/uploads\/sites\/3\/2025\/12\/Heimaturlaub-trotz-Krieg-Ukrainer-reisen-massenhaft-fuer-Ferien-zurueck.jpg","width":460,"height":259,"caption":"Heimaturlaub trotz Krieg? Ukrainer reisen massenhaft f\u00fcr Ferien zur\u00fcck"},{"@type":"BreadcrumbList","@id":"https:\/\/now-news.de\/de\/deutschland\/heimaturlaub-trotz-krieg-ukrainer-reisen-massenhaft-fuer-ferien-zurueck\/#breadcrumb","itemListElement":[{"@type":"ListItem","position":1,"name":"Home","item":"https:\/\/now-news.de\/de\/"},{"@type":"ListItem","position":2,"name":"Heimaturlaub trotz Krieg? Ukrainer reisen massenhaft f\u00fcr Ferien zur\u00fcck"}]},{"@type":"WebSite","@id":"https:\/\/now-news.de\/de\/#website","url":"https:\/\/now-news.de\/de\/","name":"just-now.NEWS Deutschland","description":"Das Portal f\u00fcr unzensierte Nachrichten aus der Welt","publisher":{"@id":"https:\/\/now-news.de\/de\/#organization"},"potentialAction":[{"@type":"SearchAction","target":{"@type":"EntryPoint","urlTemplate":"https:\/\/now-news.de\/de\/?s={search_term_string}"},"query-input":"required name=search_term_string"}],"inLanguage":"de"},{"@type":"Organization","@id":"https:\/\/now-news.de\/de\/#organization","name":"Just Now News","url":"https:\/\/now-news.de\/de\/","logo":{"@type":"ImageObject","inLanguage":"de","@id":"https:\/\/now-news.de\/de\/#\/schema\/logo\/image\/","url":"http:\/\/just-now.news\/de\/wp-content\/uploads\/sites\/3\/2022\/04\/logo500x500.jpg","contentUrl":"http:\/\/just-now.news\/de\/wp-content\/uploads\/sites\/3\/2022\/04\/logo500x500.jpg","width":500,"height":500,"caption":"Just Now News"},"image":{"@id":"https:\/\/now-news.de\/de\/#\/schema\/logo\/image\/"},"sameAs":["https:\/\/www.facebook.com\/wirmachenauf","https:\/\/x.com\/WirMachenAuf_de"]},{"@type":"Person","@id":"https:\/\/now-news.de\/de\/#\/schema\/person\/fb534a4e865501d8b3285208df34a9b5","name":"rtnews","image":{"@type":"ImageObject","inLanguage":"de","@id":"https:\/\/now-news.de\/de\/#\/schema\/person\/image\/","url":"https:\/\/secure.gravatar.com\/avatar\/82aafea7d8127119dd649515f56e2117?s=96&d=mm&r=g","contentUrl":"https:\/\/secure.gravatar.com\/avatar\/82aafea7d8127119dd649515f56e2117?s=96&d=mm&r=g","caption":"rtnews"},"url":"https:\/\/now-news.de\/de\/author\/rnews\/"}]}},"_links":{"self":[{"href":"https:\/\/now-news.de\/de\/wp-json\/wp\/v2\/posts\/96399"}],"collection":[{"href":"https:\/\/now-news.de\/de\/wp-json\/wp\/v2\/posts"}],"about":[{"href":"https:\/\/now-news.de\/de\/wp-json\/wp\/v2\/types\/post"}],"author":[{"embeddable":true,"href":"https:\/\/now-news.de\/de\/wp-json\/wp\/v2\/users\/3"}],"replies":[{"embeddable":true,"href":"https:\/\/now-news.de\/de\/wp-json\/wp\/v2\/comments?post=96399"}],"version-history":[{"count":0,"href":"https:\/\/now-news.de\/de\/wp-json\/wp\/v2\/posts\/96399\/revisions"}],"wp:featuredmedia":[{"embeddable":true,"href":"https:\/\/now-news.de\/de\/wp-json\/wp\/v2\/media\/96400"}],"wp:attachment":[{"href":"https:\/\/now-news.de\/de\/wp-json\/wp\/v2\/media?parent=96399"}],"wp:term":[{"taxonomy":"category","embeddable":true,"href":"https:\/\/now-news.de\/de\/wp-json\/wp\/v2\/categories?post=96399"},{"taxonomy":"post_tag","embeddable":true,"href":"https:\/\/now-news.de\/de\/wp-json\/wp\/v2\/tags?post=96399"}],"curies":[{"name":"wp","href":"https:\/\/api.w.org\/{rel}","templated":true}]}}