{"id":96317,"date":"2025-12-24T20:21:48","date_gmt":"2025-12-24T18:21:48","guid":{"rendered":"https:\/\/now-news.de\/de\/deutschland\/die-usa-zensieren-die-zensoren\/"},"modified":"2025-12-24T20:21:48","modified_gmt":"2025-12-24T18:21:48","slug":"die-usa-zensieren-die-zensoren","status":"publish","type":"post","link":"https:\/\/now-news.de\/de\/deutschland\/die-usa-zensieren-die-zensoren\/","title":{"rendered":"Die USA zensieren die Zensoren"},"content":{"rendered":"<p><img decoding=\"async\" src=\"https:\/\/now-news.de\/de\/wp-content\/uploads\/sites\/3\/2025\/12\/694c1c5748fbef4ed90275df.jpg\" \/><\/p>\n<div class=\"Text-root Text-type_1 \">\n                So, es geht also auch andersherum. Jetzt d\u00fcrfen einige Gestalten aus der EU nicht mehr in die USA einreisen, darunter zwei deutsche Gesch\u00e4ftsf\u00fchrerinnen einer NGO. Einer Zensur-NGO. Und auch die \u00fcbrigen Sanktionierten leben vom Kampf gegen die Meinungsfreiheit.\n            <\/div>\n<p><\/p>\n<div class=\"Text-root Text-type_5 ArticleView-text ViewText-root \">\n<p><em>Von Dagmar Henn<\/em><\/p>\n<p>War das ein kleines Weihnachtsgeschenk an die notleidenden Europ\u00e4er? Fast k\u00f6nnte man es glauben. Auf jeden Fall geben die US-Sanktionen gegen einige der europ\u00e4ischen Zensurapostel irgendwie ein befriedigendes Gef\u00fchl, auch wenn das nur hei\u00dft, dass diese Personen erst einmal nicht mehr in die USA einreisen d\u00fcrfen.<\/p>\n<p>Au\u00dfenminister Johann Wadephul hat nat\u00fcrlich gleich erkl\u00e4rt, die Sanktionen unter anderem gegen die Gesch\u00e4ftsf\u00fchrerinnen von HateAid, Anna-Lena von Hodenberg und Josephine Ballon (ja, die hei\u00dfen wirklich so, das sind keine Namen, die besonders ausgesucht wurden, um den Eindruck der arroganten h\u00f6heren Tochter zu erwecken) sowie gegen den ehemaligen EU-Kommissar Thierry Breton seien &#8220;nicht akzeptabel&#8221;. Und Ursula von der Leyen entdeckt auf einmal die EU als Hort der Meinungsfreiheit und postete auf X (bitte nicht den Keks verschlucken): &#8220;Redefreiheit ist das Fundament unserer starken und lebendigen europ\u00e4ischen Demokratie. Wir sind stolz auf sie. Wir werden sie sch\u00fctzen. Denn die EU-Kommission ist die H\u00fcterin unserer Werte.&#8221;<\/p>\n<p>Ja, das ist schon heftig. Anna-Lena von Hodenberg und von der Leyen als H\u00fcterinnen der Meinungsfreiheit, da erh\u00e4lt der Spruch vom Bock als G\u00e4rtner eine ganz neue Qualit\u00e4t, und nicht nur deshalb, weil das in diesem Fall ja Ziegen w\u00e4ren. Der einzig verbliebene Bock in der Runde, Thierry Breton, hatte sich daf\u00fcr ganz pers\u00f6nlich beim aktuellen US-Pr\u00e4sidenten unbeliebt gemacht. Immerhin hatte er anl\u00e4sslich des Kamingespr\u00e4chs zwischen Elon Musk und dem damaligen Kandidaten Donald Trump ein Erpressungsschreiben geschickt, in dem er mit Strafen der EU drohte, wenn dieses Gespr\u00e4ch auch f\u00fcr europ\u00e4ische Nutzer sichtbar w\u00e4re. Einige Monate sp\u00e4ter, bereits nicht mehr EU-Kommissar, raunte er davon, auch die deutschen Wahlen k\u00f6nnten annulliert werden wie die rum\u00e4nischen, wenn das Ergebnis nicht passe&#8230;<\/p>\n<p>HateAid ist \u00fcbrigens eine Einrichtung, die seit 2018 vor allem mit deutschen Steuergeldern aufgebaut wurde, n\u00e4mlich vom Bundesministerium f\u00fcr Justiz und dem Bundesministerium f\u00fcr Familie; au\u00dferdem von der Stiftung der Milliard\u00e4rsfamilie Reimann und anderen Sponsoren. Die gemeinn\u00fctzige GmbH geh\u00f6rt zu einem Drittel Campact, einem Drittel Frau von Hodenberg und einem Drittel dem Verein Fearless Democracy e.V., dessen Webseite gewartet wird, der aber schon seit 2017 am Thema &#8220;Hass im Netz&#8221; arbeitet, also schon weit im Vorlauf der heutigen Zensur. HateAid sitzt also tief im NGO-Sumpf, eine dieser scheinbar &#8220;zivilgesellschaftlichen&#8221; Organisationen, die staatlich finanziert werden, um dann Aufgaben zu erledigen, die der Staat selber diesmal nicht sichtbar ausf\u00fchren will, wie die \u00dcberwachung unliebsamer Meinungen. Und entgegen der Wahlversprechen ist auch HateAid eine der NGOs, die weiter finanziert werden.<\/p>\n<p>2024, so erkl\u00e4rt HateAid, habe es 1.877 Betroffene von &#8220;Hass im Netz&#8221; vertreten, 326 Strafanzeigen gestellt und 143 Abmahnungen und 49 Zivilklagen gef\u00fchrt. Das ist, wenn man es mit den Spitzenreitern unter beleidigten Politikern vergleicht, Robert Habeck, Friedrich Merz und\u00a0Marie-Agnes Strack-Zimmermann, eher wenig, aber es sind solche Organisationen, die die Grundlagen auch f\u00fcr die Abmahngesch\u00e4fte gelegt haben, die heutzutage die \u00f6ffentliche Zensur noch in private Nebeneinnahmen verwandeln.<\/p>\n<p>Wobei man auf der technischen Ebene sagen muss, diese L\u00e4den waren \u00fcberaus erfolgreich. Denn vor sieben, acht Jahren war das alles noch ein Randdiskurs, und kaum vorstellbar, dass s\u00e4mtliche Mainstream-Medien alles als &#8220;Hass und Hetze&#8221; einsortieren, was nicht ihrer Linie entspricht; auch wenn nach 2015 die ersten Gr\u00e4ben schon gezogen worden waren (K\u00f6lner Silvesternacht beispielsweise).<\/p>\n<p>Insofern trifft die Beschreibung in der <a rel=\"nofollow noopener\" target=\"_blank\" href=\"https:\/\/www.state.gov\/releases\/office-of-the-spokesperson\/2025\/12\/announcement-of-actions-to-combat-the-global-censorship-industrial-complex\">Presseerkl\u00e4rung<\/a> des US-Au\u00dfenministeriums zur Sanktionierung durchaus: &#8220;Diese radikalen Aktivisten und politisch instrumentalisierten NGOs haben Zensurma\u00dfnahmen ausl\u00e4ndischer Staaten vorangetrieben \u2013 in allen F\u00e4llen richteten sie sich gegen amerikanische Sprecher und amerikanische Unternehmen.&#8221; Sie seien Teil des &#8220;globalen Zensur-Industriekomplexes&#8221;. &#8220;Pr\u00e4sident Trump hat unmissverst\u00e4ndlich klargestellt, dass seine au\u00dfenpolitische Strategie &#8216;America First&#8217; Verletzungen der amerikanischen Souver\u00e4nit\u00e4t zur\u00fcckweist. Auch extraterritoriale \u00dcbergriffe ausl\u00e4ndischer Zensoren, die sich gegen die freie Meinungs\u00e4u\u00dferung von Amerikanern richten, bilden dabei keine Ausnahme.&#8221;<\/p>\n<p>Der franz\u00f6sische Pr\u00e4sident Emmanuel Macron nannte diese Sanktionen Einsch\u00fcchterung und N\u00f6tigung. Das bedarf schon einer gewissen K\u00fchnheit, ebenso wie von der Leyens Trompeten \u00fcber die Meinungsfreiheit als Fundament, oder einer v\u00f6lligen Ged\u00e4chtnislosigkeit\u00a0\u2012 schlie\u00dflich liegen die Sanktionen der EU gegen Jacques Baud nicht einmal zehn Tage zur\u00fcck.<\/p>\n<p>Sanktionen, die ebenso wenig auf einer strafbaren Handlung beruhen, aber wesentlich weiter gehen, denn w\u00e4hrend die beiden Damen von HateAid und Ex-Kommissar Breton nur auf US-Reisen verzichten m\u00fcssen, sind die Sanktionen gegen Baud, der in Br\u00fcssel lebt, im Kern lebensbedrohlich und \u00fcberschreiten selbst das Ma\u00df der Eingriffe in die pers\u00f6nliche Freiheit, das eine Haft darstellt. Wie Baud es sagte: &#8220;Ich kann mir nicht einmal ein Brot kaufen.&#8221; Ganz zu schweigen davon, dass der Sprecher des deutschen Au\u00dfenministeriums auf der Bundespressekonferenz diese Sanktionierung f\u00fcr ein freudig zu wiederholendes Muster hielt: &#8220;Alle, die auf diesem Feld unterwegs sind, m\u00fcssen damit rechnen, dass es auch ihnen passieren kann&#8230;&#8221;<\/p>\n<p>Aber die Ma\u00dfnahmen gegen diese ganz speziellen Helden der Demokratie, die Zensurm\u00e4dels und den Wahlleugner Breton, die sind besonders schrecklich. Von wegen Meinungsfreiheit. Das ist eben der Unterschied zwischen jenen, die die EU-Linie schaffen, und jenen, die sie in Frage stellen. Nicht umsonst betreibt HateAid seit Langem ein B\u00fcro in Br\u00fcssel: Anna-Lena von Hodenberg hat bestimmt l\u00e4ngst eine Karriere im Apparat der EU im Visier. In dieser Hinsicht ist ein Einreiseverbot f\u00fcr die USA nat\u00fcrlich schon ung\u00fcnstig.<\/p>\n<p>Der Medienanwalt Ralf H\u00f6cker kommentierte auf X die Truppe von HateAid als &#8220;ausgelagerte Staatsmacht ohne demokratische Kontrolle&#8221; und f\u00fcgte hinzu: &#8220;Wer weltweit an der Verschiebung von Meinungsgrenzen mitwirkt und private Zensurmechanismen organisiert, betreibt Politik\u00a0\u2012 nicht blo\u00df Hilfe f\u00fcr Betroffene. Staaten d\u00fcrfen darauf reagieren.&#8221;<\/p>\n<p>Das ist vermutlich der entscheidende Unterschied zwischen Baud und den Zensorinnen. Bauds T\u00e4tigkeit sch\u00e4digt keine Dritten. Er legt nur eine Sicht dar und verfolgt niemanden. Die beiden h\u00f6heren T\u00f6chter (die sich in ihren bekanntesten F\u00e4llen f\u00fcr Renate K\u00fcnast und Luise Neubauer stark gemacht haben\u00a0\u2012 beides Personen, die wirklich nicht auf die Hilfe von NGOs angewiesen sind, um ihre Interessen zu vertreten) verbringen ihre Zeit mit nichts anderem als damit, andere zu verfolgen. Das ist der Kern ihrer T\u00e4tigkeit. Nicht, um zu \u00fcberzeugen. Nein. Um den Debattenraum immer weiter zu verengen und als halbstaatliche Verfolgungsbeh\u00f6rde Hilfestellung dabei zu leisten, Meinungs\u00e4u\u00dferungen \u00fcberhaupt erst zu Straftaten zu machen.<\/p>\n<p>&#8220;Wir lassen uns von einer Regierung nicht einsch\u00fcchtern, die Zensurvorw\u00fcrfe instrumentalisiert, um diejenigen, die sich f\u00fcr Menschenrechte und Meinungsfreiheit einsetzen, mundtot zu machen&#8221;, erkl\u00e4rten die beiden Damen. Krieg ist Frieden, Freiheit ist Sklaverei, Zensur ist Meinungsfreiheit. Da hat jemand seine Gedanken l\u00e4ngst in einen Gordischen Knoten verwandelt.<\/p>\n<p>Allerdings\u00a0kratzen diese Sanktionen gerade mal an der Oberfl\u00e4che, und sie k\u00f6nnten eine sch\u00e4rfere Auseinandersetzung zwischen den USA und der EU einleiten. Christopher Landau, Staatssekret\u00e4r im US-Au\u00dfenministerium, hat in diesem Zusammenhang auf X das dreiste Schreiben von Thierry Breton an Musk wieder <a rel=\"nofollow noopener\" target=\"_blank\" href=\"https:\/\/x.com\/DeputySecState\/status\/2003799595080445960\">hervorgekramt<\/a>. &#8220;Mehr als jedes andere Dokument, das ich je gelesen habe, zeigt dieser Brief die Z\u00e4hne des globalen Zensur-Industriekomplexes und macht deutlich, dass nicht gew\u00e4hlte B\u00fcrokraten in der EU bereit, willens und in der Lage sind, ihre regulatorische Reichweite zu nutzen, um Wahlen zu beeinflussen und den Ersten Verfassungszusatz in den USA faktisch auszuhebeln. [&#8230;] Wenn die souver\u00e4nen Staaten Europas zulassen, dass die EU grundlegende Freiheiten in den USA angreift, k\u00f6nnen dieselben Staaten nicht erwarten, dass die USA grundlegende Freiheiten in Europa verteidigen.&#8221;<\/p>\n<p>Nun, die Bademantelkultur, zu deren Etablierung die jetzt Sanktionierten beigetragen haben, d\u00fcrfte in den USA mit einer Mischung aus Erstaunen und Widerwillen betrachtet werden. Was sich nicht wesentlich von jenen Gef\u00fchlen unterscheiden d\u00fcrfte, die auch viele Einheimische angesichts der &#8220;Schwachkopf&#8221;-Aff\u00e4re und \u00c4hnlichem empfinden. Es ist eine kleine Weihnachtsfreude \u00fcber ausgleichende Gerechtigkeit. Allerdings mit zwei Unvollkommenheiten.<\/p>\n<p>Die Erste ist, dass sich leider Sanktionen nicht gegenseitig aufheben, die Sanktionierung der EU-Zensurvertreter ihren Opfern, wie Jacques Baud, also leider gar nichts n\u00fctzt, sondern diese atemberaubenden Ungerechtigkeiten bestehen bleiben. Und die Zweite ist, dass es noch nicht die Menschen in der EU sind, die diese Herrschaften sanktionieren.<\/p>\n<p><strong>Mehr zum Thema<\/strong>\u00a0\u2012 <a rel=\"nofollow noopener\" target=\"_blank\" href=\"https:\/\/freedert.online\/meinung\/249099-dobrindt-und-schwachkopf-tag\/\">Razzia gegen &#8220;Hetze&#8221;: Dobrindt und der Schwachkopf-Tag<\/a><\/p>\n<div class=\"EmbedBlock-root EmbedBlock-externalVideo EmbedBlock-rumble\">\n<div class=\"VkEmbed\"><iframe class=\"lazyload\" data-src=\"https:\/\/rumble.com\/embed\/v7143pg\" frameborder=\"0\" width=\"853\" height=\"480\" allowfullscreen><\/iframe><\/div>\n<\/div>\n<\/div>\n<p><br \/>\n<br \/><a href=\"https:\/\/de.rt.com\/meinung\/265695-usa-zensieren-zensoren\/\">Source link <\/a><\/p>\n","protected":false},"excerpt":{"rendered":"<p>So, es geht also auch andersherum. Jetzt d\u00fcrfen einige Gestalten aus der EU nicht mehr in die USA einreisen, darunter zwei deutsche Gesch\u00e4ftsf\u00fchrerinnen einer NGO. Einer Zensur-NGO. Und auch die \u00fcbrigen Sanktionierten leben vom Kampf gegen die Meinungsfreiheit. Von Dagmar Henn War das ein kleines Weihnachtsgeschenk an die notleidenden Europ\u00e4er? Fast k\u00f6nnte man es glauben. [&hellip;]<\/p>\n","protected":false},"author":3,"featured_media":96318,"comment_status":"open","ping_status":"open","sticky":false,"template":"","format":"standard","meta":{"_yoast_indexnow_last_ping":["1766600651"],"wp_automatic_camp":["217"],"29409a4fe90f817183f3e9a81ec8604a":["Die USA zensieren die Zensoren"],"original_link":["https:\/\/de.rt.com\/meinung\/265695-usa-zensieren-zensoren\/"],"_thumbnail_id":["96318"],"jnews_social_counter_last_update":["1777334295"],"_wptgpro_p2tg_sent2tg":["a:1:{i:23737;s:19:\"2025-12-24 20:25:19\";}"]},"categories":[19,23],"tags":[45,193,17073,15974],"yoast_head":"<!-- This site is optimized with the Yoast SEO Premium plugin v22.7 (Yoast SEO v22.7) - https:\/\/yoast.com\/wordpress\/plugins\/seo\/ -->\n<title>Die USA zensieren die Zensoren - just-now.NEWS Deutschland<\/title>\n<meta name=\"robots\" content=\"index, follow, max-snippet:-1, max-image-preview:large, max-video-preview:-1\" \/>\n<link rel=\"canonical\" href=\"https:\/\/now-news.de\/de\/deutschland\/die-usa-zensieren-die-zensoren\/\" \/>\n<meta property=\"og:locale\" content=\"de_DE\" \/>\n<meta property=\"og:type\" content=\"article\" \/>\n<meta property=\"og:title\" content=\"Die USA zensieren die Zensoren\" \/>\n<meta property=\"og:description\" content=\"So, es geht also auch andersherum. Jetzt d\u00fcrfen einige Gestalten aus der EU nicht mehr in die USA einreisen, darunter zwei deutsche Gesch\u00e4ftsf\u00fchrerinnen einer NGO. Einer Zensur-NGO. Und auch die \u00fcbrigen Sanktionierten leben vom Kampf gegen die Meinungsfreiheit. Von Dagmar Henn War das ein kleines Weihnachtsgeschenk an die notleidenden Europ\u00e4er? Fast k\u00f6nnte man es glauben. [&hellip;]\" \/>\n<meta property=\"og:url\" content=\"https:\/\/now-news.de\/de\/deutschland\/die-usa-zensieren-die-zensoren\/\" \/>\n<meta property=\"og:site_name\" content=\"just-now.NEWS Deutschland\" \/>\n<meta property=\"article:publisher\" content=\"https:\/\/www.facebook.com\/wirmachenauf\" \/>\n<meta property=\"article:published_time\" content=\"2025-12-24T18:21:48+00:00\" \/>\n<meta property=\"og:image\" content=\"https:\/\/now-news.de\/de\/wp-content\/uploads\/sites\/3\/2025\/12\/694c1c5748fbef4ed90275df.jpg\" \/>\n<meta name=\"author\" content=\"rtnews\" \/>\n<meta name=\"twitter:card\" content=\"summary_large_image\" \/>\n<meta name=\"twitter:creator\" content=\"@WirMachenAuf_de\" \/>\n<meta name=\"twitter:site\" content=\"@WirMachenAuf_de\" \/>\n<meta name=\"twitter:label1\" content=\"Verfasst von\" \/>\n\t<meta name=\"twitter:data1\" content=\"rtnews\" \/>\n\t<meta name=\"twitter:label2\" content=\"Gesch\u00e4tzte Lesezeit\" \/>\n\t<meta name=\"twitter:data2\" content=\"7\u00a0Minuten\" \/>\n<script type=\"application\/ld+json\" class=\"yoast-schema-graph\">{\"@context\":\"https:\/\/schema.org\",\"@graph\":[{\"@type\":\"Article\",\"@id\":\"https:\/\/now-news.de\/de\/deutschland\/die-usa-zensieren-die-zensoren\/#article\",\"isPartOf\":{\"@id\":\"https:\/\/now-news.de\/de\/deutschland\/die-usa-zensieren-die-zensoren\/\"},\"author\":{\"name\":\"rtnews\",\"@id\":\"https:\/\/now-news.de\/de\/#\/schema\/person\/fb534a4e865501d8b3285208df34a9b5\"},\"headline\":\"Die USA zensieren die Zensoren\",\"datePublished\":\"2025-12-24T18:21:48+00:00\",\"dateModified\":\"2025-12-24T18:21:48+00:00\",\"mainEntityOfPage\":{\"@id\":\"https:\/\/now-news.de\/de\/deutschland\/die-usa-zensieren-die-zensoren\/\"},\"wordCount\":1423,\"commentCount\":0,\"publisher\":{\"@id\":\"https:\/\/now-news.de\/de\/#organization\"},\"image\":{\"@id\":\"https:\/\/now-news.de\/de\/deutschland\/die-usa-zensieren-die-zensoren\/#primaryimage\"},\"thumbnailUrl\":\"https:\/\/now-news.de\/de\/wp-content\/uploads\/sites\/3\/2025\/12\/Die-USA-zensieren-die-Zensoren.jpg\",\"keywords\":[\"die\",\"USA\",\"zensieren\",\"Zensoren\"],\"articleSection\":[\"Deutschland\",\"Russland\"],\"inLanguage\":\"de\",\"potentialAction\":[{\"@type\":\"CommentAction\",\"name\":\"Comment\",\"target\":[\"https:\/\/now-news.de\/de\/deutschland\/die-usa-zensieren-die-zensoren\/#respond\"]}]},{\"@type\":\"WebPage\",\"@id\":\"https:\/\/now-news.de\/de\/deutschland\/die-usa-zensieren-die-zensoren\/\",\"url\":\"https:\/\/now-news.de\/de\/deutschland\/die-usa-zensieren-die-zensoren\/\",\"name\":\"Die USA zensieren die Zensoren - just-now.NEWS Deutschland\",\"isPartOf\":{\"@id\":\"https:\/\/now-news.de\/de\/#website\"},\"primaryImageOfPage\":{\"@id\":\"https:\/\/now-news.de\/de\/deutschland\/die-usa-zensieren-die-zensoren\/#primaryimage\"},\"image\":{\"@id\":\"https:\/\/now-news.de\/de\/deutschland\/die-usa-zensieren-die-zensoren\/#primaryimage\"},\"thumbnailUrl\":\"https:\/\/now-news.de\/de\/wp-content\/uploads\/sites\/3\/2025\/12\/Die-USA-zensieren-die-Zensoren.jpg\",\"datePublished\":\"2025-12-24T18:21:48+00:00\",\"dateModified\":\"2025-12-24T18:21:48+00:00\",\"breadcrumb\":{\"@id\":\"https:\/\/now-news.de\/de\/deutschland\/die-usa-zensieren-die-zensoren\/#breadcrumb\"},\"inLanguage\":\"de\",\"potentialAction\":[{\"@type\":\"ReadAction\",\"target\":[\"https:\/\/now-news.de\/de\/deutschland\/die-usa-zensieren-die-zensoren\/\"]}]},{\"@type\":\"ImageObject\",\"inLanguage\":\"de\",\"@id\":\"https:\/\/now-news.de\/de\/deutschland\/die-usa-zensieren-die-zensoren\/#primaryimage\",\"url\":\"https:\/\/now-news.de\/de\/wp-content\/uploads\/sites\/3\/2025\/12\/Die-USA-zensieren-die-Zensoren.jpg\",\"contentUrl\":\"https:\/\/now-news.de\/de\/wp-content\/uploads\/sites\/3\/2025\/12\/Die-USA-zensieren-die-Zensoren.jpg\",\"width\":460,\"height\":259,\"caption\":\"Die USA zensieren die Zensoren\"},{\"@type\":\"BreadcrumbList\",\"@id\":\"https:\/\/now-news.de\/de\/deutschland\/die-usa-zensieren-die-zensoren\/#breadcrumb\",\"itemListElement\":[{\"@type\":\"ListItem\",\"position\":1,\"name\":\"Home\",\"item\":\"https:\/\/now-news.de\/de\/\"},{\"@type\":\"ListItem\",\"position\":2,\"name\":\"Die USA zensieren die Zensoren\"}]},{\"@type\":\"WebSite\",\"@id\":\"https:\/\/now-news.de\/de\/#website\",\"url\":\"https:\/\/now-news.de\/de\/\",\"name\":\"just-now.NEWS Deutschland\",\"description\":\"Das Portal f\u00fcr unzensierte Nachrichten aus der Welt\",\"publisher\":{\"@id\":\"https:\/\/now-news.de\/de\/#organization\"},\"potentialAction\":[{\"@type\":\"SearchAction\",\"target\":{\"@type\":\"EntryPoint\",\"urlTemplate\":\"https:\/\/now-news.de\/de\/?s={search_term_string}\"},\"query-input\":\"required name=search_term_string\"}],\"inLanguage\":\"de\"},{\"@type\":\"Organization\",\"@id\":\"https:\/\/now-news.de\/de\/#organization\",\"name\":\"Just Now News\",\"url\":\"https:\/\/now-news.de\/de\/\",\"logo\":{\"@type\":\"ImageObject\",\"inLanguage\":\"de\",\"@id\":\"https:\/\/now-news.de\/de\/#\/schema\/logo\/image\/\",\"url\":\"http:\/\/just-now.news\/de\/wp-content\/uploads\/sites\/3\/2022\/04\/logo500x500.jpg\",\"contentUrl\":\"http:\/\/just-now.news\/de\/wp-content\/uploads\/sites\/3\/2022\/04\/logo500x500.jpg\",\"width\":500,\"height\":500,\"caption\":\"Just Now News\"},\"image\":{\"@id\":\"https:\/\/now-news.de\/de\/#\/schema\/logo\/image\/\"},\"sameAs\":[\"https:\/\/www.facebook.com\/wirmachenauf\",\"https:\/\/x.com\/WirMachenAuf_de\"]},{\"@type\":\"Person\",\"@id\":\"https:\/\/now-news.de\/de\/#\/schema\/person\/fb534a4e865501d8b3285208df34a9b5\",\"name\":\"rtnews\",\"image\":{\"@type\":\"ImageObject\",\"inLanguage\":\"de\",\"@id\":\"https:\/\/now-news.de\/de\/#\/schema\/person\/image\/\",\"url\":\"https:\/\/secure.gravatar.com\/avatar\/82aafea7d8127119dd649515f56e2117?s=96&d=mm&r=g\",\"contentUrl\":\"https:\/\/secure.gravatar.com\/avatar\/82aafea7d8127119dd649515f56e2117?s=96&d=mm&r=g\",\"caption\":\"rtnews\"},\"url\":\"https:\/\/now-news.de\/de\/author\/rnews\/\"}]}<\/script>\n<!-- \/ Yoast SEO Premium plugin. -->","yoast_head_json":{"title":"Die USA zensieren die Zensoren - just-now.NEWS Deutschland","robots":{"index":"index","follow":"follow","max-snippet":"max-snippet:-1","max-image-preview":"max-image-preview:large","max-video-preview":"max-video-preview:-1"},"canonical":"https:\/\/now-news.de\/de\/deutschland\/die-usa-zensieren-die-zensoren\/","og_locale":"de_DE","og_type":"article","og_title":"Die USA zensieren die Zensoren","og_description":"So, es geht also auch andersherum. Jetzt d\u00fcrfen einige Gestalten aus der EU nicht mehr in die USA einreisen, darunter zwei deutsche Gesch\u00e4ftsf\u00fchrerinnen einer NGO. Einer Zensur-NGO. Und auch die \u00fcbrigen Sanktionierten leben vom Kampf gegen die Meinungsfreiheit. Von Dagmar Henn War das ein kleines Weihnachtsgeschenk an die notleidenden Europ\u00e4er? Fast k\u00f6nnte man es glauben. [&hellip;]","og_url":"https:\/\/now-news.de\/de\/deutschland\/die-usa-zensieren-die-zensoren\/","og_site_name":"just-now.NEWS Deutschland","article_publisher":"https:\/\/www.facebook.com\/wirmachenauf","article_published_time":"2025-12-24T18:21:48+00:00","og_image":[{"url":"https:\/\/now-news.de\/de\/wp-content\/uploads\/sites\/3\/2025\/12\/694c1c5748fbef4ed90275df.jpg"}],"author":"rtnews","twitter_card":"summary_large_image","twitter_creator":"@WirMachenAuf_de","twitter_site":"@WirMachenAuf_de","twitter_misc":{"Verfasst von":"rtnews","Gesch\u00e4tzte Lesezeit":"7\u00a0Minuten"},"schema":{"@context":"https:\/\/schema.org","@graph":[{"@type":"Article","@id":"https:\/\/now-news.de\/de\/deutschland\/die-usa-zensieren-die-zensoren\/#article","isPartOf":{"@id":"https:\/\/now-news.de\/de\/deutschland\/die-usa-zensieren-die-zensoren\/"},"author":{"name":"rtnews","@id":"https:\/\/now-news.de\/de\/#\/schema\/person\/fb534a4e865501d8b3285208df34a9b5"},"headline":"Die USA zensieren die Zensoren","datePublished":"2025-12-24T18:21:48+00:00","dateModified":"2025-12-24T18:21:48+00:00","mainEntityOfPage":{"@id":"https:\/\/now-news.de\/de\/deutschland\/die-usa-zensieren-die-zensoren\/"},"wordCount":1423,"commentCount":0,"publisher":{"@id":"https:\/\/now-news.de\/de\/#organization"},"image":{"@id":"https:\/\/now-news.de\/de\/deutschland\/die-usa-zensieren-die-zensoren\/#primaryimage"},"thumbnailUrl":"https:\/\/now-news.de\/de\/wp-content\/uploads\/sites\/3\/2025\/12\/Die-USA-zensieren-die-Zensoren.jpg","keywords":["die","USA","zensieren","Zensoren"],"articleSection":["Deutschland","Russland"],"inLanguage":"de","potentialAction":[{"@type":"CommentAction","name":"Comment","target":["https:\/\/now-news.de\/de\/deutschland\/die-usa-zensieren-die-zensoren\/#respond"]}]},{"@type":"WebPage","@id":"https:\/\/now-news.de\/de\/deutschland\/die-usa-zensieren-die-zensoren\/","url":"https:\/\/now-news.de\/de\/deutschland\/die-usa-zensieren-die-zensoren\/","name":"Die USA zensieren die Zensoren - just-now.NEWS Deutschland","isPartOf":{"@id":"https:\/\/now-news.de\/de\/#website"},"primaryImageOfPage":{"@id":"https:\/\/now-news.de\/de\/deutschland\/die-usa-zensieren-die-zensoren\/#primaryimage"},"image":{"@id":"https:\/\/now-news.de\/de\/deutschland\/die-usa-zensieren-die-zensoren\/#primaryimage"},"thumbnailUrl":"https:\/\/now-news.de\/de\/wp-content\/uploads\/sites\/3\/2025\/12\/Die-USA-zensieren-die-Zensoren.jpg","datePublished":"2025-12-24T18:21:48+00:00","dateModified":"2025-12-24T18:21:48+00:00","breadcrumb":{"@id":"https:\/\/now-news.de\/de\/deutschland\/die-usa-zensieren-die-zensoren\/#breadcrumb"},"inLanguage":"de","potentialAction":[{"@type":"ReadAction","target":["https:\/\/now-news.de\/de\/deutschland\/die-usa-zensieren-die-zensoren\/"]}]},{"@type":"ImageObject","inLanguage":"de","@id":"https:\/\/now-news.de\/de\/deutschland\/die-usa-zensieren-die-zensoren\/#primaryimage","url":"https:\/\/now-news.de\/de\/wp-content\/uploads\/sites\/3\/2025\/12\/Die-USA-zensieren-die-Zensoren.jpg","contentUrl":"https:\/\/now-news.de\/de\/wp-content\/uploads\/sites\/3\/2025\/12\/Die-USA-zensieren-die-Zensoren.jpg","width":460,"height":259,"caption":"Die USA zensieren die Zensoren"},{"@type":"BreadcrumbList","@id":"https:\/\/now-news.de\/de\/deutschland\/die-usa-zensieren-die-zensoren\/#breadcrumb","itemListElement":[{"@type":"ListItem","position":1,"name":"Home","item":"https:\/\/now-news.de\/de\/"},{"@type":"ListItem","position":2,"name":"Die USA zensieren die Zensoren"}]},{"@type":"WebSite","@id":"https:\/\/now-news.de\/de\/#website","url":"https:\/\/now-news.de\/de\/","name":"just-now.NEWS Deutschland","description":"Das Portal f\u00fcr unzensierte Nachrichten aus der Welt","publisher":{"@id":"https:\/\/now-news.de\/de\/#organization"},"potentialAction":[{"@type":"SearchAction","target":{"@type":"EntryPoint","urlTemplate":"https:\/\/now-news.de\/de\/?s={search_term_string}"},"query-input":"required name=search_term_string"}],"inLanguage":"de"},{"@type":"Organization","@id":"https:\/\/now-news.de\/de\/#organization","name":"Just Now News","url":"https:\/\/now-news.de\/de\/","logo":{"@type":"ImageObject","inLanguage":"de","@id":"https:\/\/now-news.de\/de\/#\/schema\/logo\/image\/","url":"http:\/\/just-now.news\/de\/wp-content\/uploads\/sites\/3\/2022\/04\/logo500x500.jpg","contentUrl":"http:\/\/just-now.news\/de\/wp-content\/uploads\/sites\/3\/2022\/04\/logo500x500.jpg","width":500,"height":500,"caption":"Just Now News"},"image":{"@id":"https:\/\/now-news.de\/de\/#\/schema\/logo\/image\/"},"sameAs":["https:\/\/www.facebook.com\/wirmachenauf","https:\/\/x.com\/WirMachenAuf_de"]},{"@type":"Person","@id":"https:\/\/now-news.de\/de\/#\/schema\/person\/fb534a4e865501d8b3285208df34a9b5","name":"rtnews","image":{"@type":"ImageObject","inLanguage":"de","@id":"https:\/\/now-news.de\/de\/#\/schema\/person\/image\/","url":"https:\/\/secure.gravatar.com\/avatar\/82aafea7d8127119dd649515f56e2117?s=96&d=mm&r=g","contentUrl":"https:\/\/secure.gravatar.com\/avatar\/82aafea7d8127119dd649515f56e2117?s=96&d=mm&r=g","caption":"rtnews"},"url":"https:\/\/now-news.de\/de\/author\/rnews\/"}]}},"_links":{"self":[{"href":"https:\/\/now-news.de\/de\/wp-json\/wp\/v2\/posts\/96317"}],"collection":[{"href":"https:\/\/now-news.de\/de\/wp-json\/wp\/v2\/posts"}],"about":[{"href":"https:\/\/now-news.de\/de\/wp-json\/wp\/v2\/types\/post"}],"author":[{"embeddable":true,"href":"https:\/\/now-news.de\/de\/wp-json\/wp\/v2\/users\/3"}],"replies":[{"embeddable":true,"href":"https:\/\/now-news.de\/de\/wp-json\/wp\/v2\/comments?post=96317"}],"version-history":[{"count":0,"href":"https:\/\/now-news.de\/de\/wp-json\/wp\/v2\/posts\/96317\/revisions"}],"wp:featuredmedia":[{"embeddable":true,"href":"https:\/\/now-news.de\/de\/wp-json\/wp\/v2\/media\/96318"}],"wp:attachment":[{"href":"https:\/\/now-news.de\/de\/wp-json\/wp\/v2\/media?parent=96317"}],"wp:term":[{"taxonomy":"category","embeddable":true,"href":"https:\/\/now-news.de\/de\/wp-json\/wp\/v2\/categories?post=96317"},{"taxonomy":"post_tag","embeddable":true,"href":"https:\/\/now-news.de\/de\/wp-json\/wp\/v2\/tags?post=96317"}],"curies":[{"name":"wp","href":"https:\/\/api.w.org\/{rel}","templated":true}]}}