{"id":96311,"date":"2025-12-24T16:51:11","date_gmt":"2025-12-24T14:51:11","guid":{"rendered":"https:\/\/now-news.de\/de\/deutschland\/afghanistan-fluege-ende-in-sicht-promis-wollen-weitere-aufnahmen\/"},"modified":"2025-12-24T16:51:11","modified_gmt":"2025-12-24T14:51:11","slug":"afghanistan-fluege-ende-in-sicht-promis-wollen-weitere-aufnahmen","status":"publish","type":"post","link":"https:\/\/now-news.de\/de\/deutschland\/afghanistan-fluege-ende-in-sicht-promis-wollen-weitere-aufnahmen\/","title":{"rendered":"Afghanistan-Fl\u00fcge: Ende in Sicht? Promis wollen weitere Aufnahmen"},"content":{"rendered":"<p><img decoding=\"async\" src=\"https:\/\/now-news.de\/de\/wp-content\/uploads\/sites\/3\/2025\/12\/694be66648fbef125d119661.jpg\" \/><\/p>\n<div class=\"Text-root Text-type_1 \">\n                Am Montag landeten 147 Afghanen in Deutschland, am Dienstag forderte eine Reihe Prominenter die schnelle Aufnahme aller \u00fcbrigen Besitzer von Aufnahmezusagen. Allerdings wurden wohl gr\u00f6\u00dfere Teile der unter Baerbock erteilten Zusagen aufgehoben.\n            <\/div>\n<p><\/p>\n<div class=\"Text-root Text-type_5 ArticleView-text ViewText-root \">\n<p>Die Auseinandersetzung um die Einreise hunderter von Afghanen geht weiter. Nachdem erst am Montag die <em>Tagesschau<\/em> das Eintreffen eines weiteren Flugzeugs mit 147 Personen mit der Schlagzeile &#8220;Hunderte Afghanen warten noch immer&#8221; vermeldete, erging am 23. Dezember ein offener Brief an Bundeskanzler Friedrich Merz, unterzeichnet von diversen Prominenten wie unter anderem Jan B\u00f6hmermann und Luisa Neubauer, der forderte, all jene, die eine Aufnahmezusage h\u00e4tten, einreisen zu lassen. Derzeit handelt es sich um 1.800 Afghanen, die noch eingeflogen werden sollen.<\/p>\n<p>&#8220;Diese Menschen haben als Ortskr\u00e4fte der Bundeswehr und f\u00fcr deutsche Organisationen gearbeitet oder sich auf andere Weise f\u00fcr Demokratie und Menschenrechte eingesetzt&#8221;, hei\u00dft es in dem Schreiben, das auf der Webseite der NGO Kabul-Luftbr\u00fccke <a rel=\"nofollow noopener\" target=\"_blank\" href=\"https:\/\/www.kabulluftbruecke.de\/updates\/brief-an-merz-prominente-fordern-aufnahme-aller-menschen-aus-afghanistan-die-deutsche-aufnahmezusagen-erhalten-hatten\/\">ver\u00f6ffentlicht<\/a> wurde. Auf derselben Webseite r\u00fchmt sich diese Organisation, sie habe 148 Klagen vorbereitet, 217 Klagen eingereicht und 106 erfolgreich abgeschlossen. Auf diese Weise seien allein seit dem 1.\u00a0Dezember\u00a02025 609\u00a0Ausreisen erm\u00f6glicht worden.<\/p>\n<p>Gleichzeitig ver\u00f6ffentlichte Kabul-Luftbr\u00fccke die Zusammensetzung des Personenkreises dieses letzten Charterflugs aus Islamabad:<\/p>\n<p><em>&#8220;An Bord befanden sich 123 Menschen aus dem Bundesaufnahmeprogramm, 2 Familien (insgesamt 18 Personen) aus dem Ortskr\u00e4fteverfahren und 1 Familie (6 Personen) von der Menschenrechtsliste. Insgesamt sind damit seit Anfang September 756 Menschen eingereist, darunter 3 ehemalige Ortskr\u00e4fte und ihre Angeh\u00f6rigen (insgesamt 20 Personen) und 1 Familie aus dem \u00dcberbr\u00fcckungsprogramm (insgesamt 6 Personen).&#8221;<\/em><\/p>\n<p>Nur zwei Personen mit 16 Familienangeh\u00f6rigen waren in diesem Flugzeug tats\u00e4chlich Ortskr\u00e4fte, also Menschen, denen gegen\u00fcber eine nachvollziehbare Verpflichtung besteht, f\u00fcr ihre Sicherheit zu sorgen. 129 Insassen dieses Flugzeugs waren Menschen, denen unter Mitwirkung von NGOs eine Aufnahmezusage erteilt wurde. Kabul Luftbr\u00fccke bezeichnet sie selbst als &#8220;Richterinnen, Intellektuelle, Klimaaktivisten, Sportler, LGBTIQ Personen, viele mehr&#8221;.<\/p>\n<p>Die Aufnahmezusagen und die Vergabe von Visa an Afghanen waren vielfach in die Kritik geraten. Besonders herausgestochen war eine Auseinandersetzung zwischen der damaligen Au\u00dfenministerin Annalena Baerbock und der deutschen Botschaft in Pakistan, die die Visa bearbeiten muss. Baerbock hatte die Botschaft zur Erteilung eines Visums f\u00fcr einen jungen Mann angewiesen, bei dem die Mitarbeiter der Botschaft sowohl die Herkunft als auch das Alter anzweifelten.\u00a0<\/p>\n<p>Innenminister Alexander Dobrindt hatte zuerst im April die Fl\u00fcge vollst\u00e4ndig gestoppt. Daraufhin begann eine \u00fcberwiegend von der Kabul-Luftbr\u00fccke finanzierte Klagewelle, die Anfang Juli vor dem Verwaltungsgericht Berlin zu einem ersten Erfolg f\u00fchrte, nach dem eine afghanische Wissenschaftlerin, der unter Au\u00dfenministerin Baerbock eine Aufnahmezusage erteilt worden war, samt 13 Familienangeh\u00f6rigen einreisen durfte. Im August urteilte das Oberverwaltungsgericht Berlin jedoch anders und erkl\u00e4rte es f\u00fcr zul\u00e4ssig, einer Familie ohne Sicherheits\u00fcberpr\u00fcfung das Visum zu verweigern. Eine pers\u00f6nliche Vorsprache in der Botschaft sei unverzichtbar.<\/p>\n<p>In der Folge machte das Innenministerium 650 der insgesamt 1.900 Afghanen mit einer Aufnahmezusage das Angebot, Geld zu bekommen, wenn sie auf eine Aufnahme verzichten. Insgesamt 1,5 Millionen Euro sollten daf\u00fcr zur Verf\u00fcgung stehen. Umgerechnet auf die 700 Empf\u00e4nger dieses Angebots waren das jedoch pro Angeschriebenem nur etwa 2.100 Euro; nicht \u00fcberraschend, dass am Ende nur ganze 64 auf dieses Angebot eingingen. Nach Angaben der <em>Tagesschau<\/em>\u00a0vom 18. Dezember wurden inzwischen viele Aufnahmezusagen aufgehoben.<\/p>\n<p>Erst vor wenigen Tagen meldete das\u00a0<em>RND<\/em>, noch in diesem Jahr sollen 535 Afghanen eingeflogen werden. Abz\u00fcglich der 147, die am Montag in Deutschland landeten, w\u00e4ren das noch 388 weitere. Das sind vermutlich die verbliebenen 76 Ortskr\u00e4fte und jene, die nach einer \u00dcberpr\u00fcfung aus dem Aufnahmeprogramm \u00fcbriggeblieben worden waren.<\/p>\n<p><strong>Mehr zum Thema<\/strong> &#8211;\u00a0<a rel=\"nofollow noopener\" target=\"_blank\" href=\"https:\/\/freedert.online\/inland\/251393-medienanalyse-kabul-luftbruecke-fragliche-agieren\/\">Medienanalyse: &#8220;Kabul Luftbr\u00fccke&#8221; \u2013 Das fragliche Agieren einer Gr\u00fcnen-Organisation <\/a><\/p>\n<div class=\"EmbedBlock-root EmbedBlock-externalVideo EmbedBlock-rumble\">\n<div class=\"VkEmbed\"><iframe class=\"lazyload\" data-src=\"https:\/\/rumble.com\/embed\/v6zwpfe\" frameborder=\"0\" width=\"853\" height=\"480\" allowfullscreen><\/iframe><\/div>\n<\/div>\n<\/div>\n<p><br \/>\n<br \/><a href=\"https:\/\/de.rt.com\/inland\/265675-afghanistan-fluege-ende-in-sicht\/\">Source link <\/a><\/p>\n","protected":false},"excerpt":{"rendered":"<p>Am Montag landeten 147 Afghanen in Deutschland, am Dienstag forderte eine Reihe Prominenter die schnelle Aufnahme aller \u00fcbrigen Besitzer von Aufnahmezusagen. Allerdings wurden wohl gr\u00f6\u00dfere Teile der unter Baerbock erteilten Zusagen aufgehoben. Die Auseinandersetzung um die Einreise hunderter von Afghanen geht weiter. Nachdem erst am Montag die Tagesschau das Eintreffen eines weiteren Flugzeugs mit 147 [&hellip;]<\/p>\n","protected":false},"author":3,"featured_media":96312,"comment_status":"open","ping_status":"open","sticky":false,"template":"","format":"standard","meta":{"_yoast_indexnow_last_ping":["1766588185"],"wp_automatic_camp":["217"],"c1d3ef4673b866e04b2dabde86abaeb3":["Afghanistan-Fl\u00fcge: Ende in Sicht? Promis wollen weitere Aufnahmen"],"original_link":["https:\/\/de.rt.com\/inland\/265675-afghanistan-fluege-ende-in-sicht\/"],"_thumbnail_id":["96312"],"jnews_social_counter_last_update":["1777285425"],"_wptgpro_p2tg_sent2tg":["a:1:{i:23737;s:19:\"2025-12-24 16:57:33\";}"]},"categories":[19,23],"tags":[70149,29469,5375,29458,13406,823,1050],"yoast_head":"<!-- This site is optimized with the Yoast SEO Premium plugin v22.7 (Yoast SEO v22.7) - https:\/\/yoast.com\/wordpress\/plugins\/seo\/ -->\n<title>Afghanistan-Fl\u00fcge: Ende in Sicht? Promis wollen weitere Aufnahmen - just-now.NEWS Deutschland<\/title>\n<meta name=\"robots\" content=\"index, follow, max-snippet:-1, max-image-preview:large, max-video-preview:-1\" \/>\n<link rel=\"canonical\" href=\"https:\/\/now-news.de\/de\/deutschland\/afghanistan-fluege-ende-in-sicht-promis-wollen-weitere-aufnahmen\/\" \/>\n<meta property=\"og:locale\" content=\"de_DE\" \/>\n<meta property=\"og:type\" content=\"article\" \/>\n<meta property=\"og:title\" content=\"Afghanistan-Fl\u00fcge: Ende in Sicht? Promis wollen weitere Aufnahmen\" \/>\n<meta property=\"og:description\" content=\"Am Montag landeten 147 Afghanen in Deutschland, am Dienstag forderte eine Reihe Prominenter die schnelle Aufnahme aller \u00fcbrigen Besitzer von Aufnahmezusagen. Allerdings wurden wohl gr\u00f6\u00dfere Teile der unter Baerbock erteilten Zusagen aufgehoben. Die Auseinandersetzung um die Einreise hunderter von Afghanen geht weiter. Nachdem erst am Montag die Tagesschau das Eintreffen eines weiteren Flugzeugs mit 147 [&hellip;]\" \/>\n<meta property=\"og:url\" content=\"https:\/\/now-news.de\/de\/deutschland\/afghanistan-fluege-ende-in-sicht-promis-wollen-weitere-aufnahmen\/\" \/>\n<meta property=\"og:site_name\" content=\"just-now.NEWS Deutschland\" \/>\n<meta property=\"article:publisher\" content=\"https:\/\/www.facebook.com\/wirmachenauf\" \/>\n<meta property=\"article:published_time\" content=\"2025-12-24T14:51:11+00:00\" \/>\n<meta property=\"og:image\" content=\"https:\/\/now-news.de\/de\/wp-content\/uploads\/sites\/3\/2025\/12\/694be66648fbef125d119661.jpg\" \/>\n<meta name=\"author\" content=\"rtnews\" \/>\n<meta name=\"twitter:card\" content=\"summary_large_image\" \/>\n<meta name=\"twitter:creator\" content=\"@WirMachenAuf_de\" \/>\n<meta name=\"twitter:site\" content=\"@WirMachenAuf_de\" \/>\n<meta name=\"twitter:label1\" content=\"Verfasst von\" \/>\n\t<meta name=\"twitter:data1\" content=\"rtnews\" \/>\n\t<meta name=\"twitter:label2\" content=\"Gesch\u00e4tzte Lesezeit\" \/>\n\t<meta name=\"twitter:data2\" content=\"3\u00a0Minuten\" \/>\n<script type=\"application\/ld+json\" class=\"yoast-schema-graph\">{\"@context\":\"https:\/\/schema.org\",\"@graph\":[{\"@type\":\"Article\",\"@id\":\"https:\/\/now-news.de\/de\/deutschland\/afghanistan-fluege-ende-in-sicht-promis-wollen-weitere-aufnahmen\/#article\",\"isPartOf\":{\"@id\":\"https:\/\/now-news.de\/de\/deutschland\/afghanistan-fluege-ende-in-sicht-promis-wollen-weitere-aufnahmen\/\"},\"author\":{\"name\":\"rtnews\",\"@id\":\"https:\/\/now-news.de\/de\/#\/schema\/person\/fb534a4e865501d8b3285208df34a9b5\"},\"headline\":\"Afghanistan-Fl\u00fcge: Ende in Sicht? Promis wollen weitere Aufnahmen\",\"datePublished\":\"2025-12-24T14:51:11+00:00\",\"dateModified\":\"2025-12-24T14:51:11+00:00\",\"mainEntityOfPage\":{\"@id\":\"https:\/\/now-news.de\/de\/deutschland\/afghanistan-fluege-ende-in-sicht-promis-wollen-weitere-aufnahmen\/\"},\"wordCount\":602,\"commentCount\":0,\"publisher\":{\"@id\":\"https:\/\/now-news.de\/de\/#organization\"},\"image\":{\"@id\":\"https:\/\/now-news.de\/de\/deutschland\/afghanistan-fluege-ende-in-sicht-promis-wollen-weitere-aufnahmen\/#primaryimage\"},\"thumbnailUrl\":\"https:\/\/now-news.de\/de\/wp-content\/uploads\/sites\/3\/2025\/12\/Afghanistan-Fluege-Ende-in-Sicht-Promis-wollen-weitere-Aufnahmen.jpg\",\"keywords\":[\"AfghanistanFl\u00fcge\",\"Aufnahmen\",\"Ende\",\"Promis\",\"Sicht\",\"weitere\",\"wollen\"],\"articleSection\":[\"Deutschland\",\"Russland\"],\"inLanguage\":\"de\",\"potentialAction\":[{\"@type\":\"CommentAction\",\"name\":\"Comment\",\"target\":[\"https:\/\/now-news.de\/de\/deutschland\/afghanistan-fluege-ende-in-sicht-promis-wollen-weitere-aufnahmen\/#respond\"]}]},{\"@type\":\"WebPage\",\"@id\":\"https:\/\/now-news.de\/de\/deutschland\/afghanistan-fluege-ende-in-sicht-promis-wollen-weitere-aufnahmen\/\",\"url\":\"https:\/\/now-news.de\/de\/deutschland\/afghanistan-fluege-ende-in-sicht-promis-wollen-weitere-aufnahmen\/\",\"name\":\"Afghanistan-Fl\u00fcge: Ende in Sicht? Promis wollen weitere Aufnahmen - just-now.NEWS Deutschland\",\"isPartOf\":{\"@id\":\"https:\/\/now-news.de\/de\/#website\"},\"primaryImageOfPage\":{\"@id\":\"https:\/\/now-news.de\/de\/deutschland\/afghanistan-fluege-ende-in-sicht-promis-wollen-weitere-aufnahmen\/#primaryimage\"},\"image\":{\"@id\":\"https:\/\/now-news.de\/de\/deutschland\/afghanistan-fluege-ende-in-sicht-promis-wollen-weitere-aufnahmen\/#primaryimage\"},\"thumbnailUrl\":\"https:\/\/now-news.de\/de\/wp-content\/uploads\/sites\/3\/2025\/12\/Afghanistan-Fluege-Ende-in-Sicht-Promis-wollen-weitere-Aufnahmen.jpg\",\"datePublished\":\"2025-12-24T14:51:11+00:00\",\"dateModified\":\"2025-12-24T14:51:11+00:00\",\"breadcrumb\":{\"@id\":\"https:\/\/now-news.de\/de\/deutschland\/afghanistan-fluege-ende-in-sicht-promis-wollen-weitere-aufnahmen\/#breadcrumb\"},\"inLanguage\":\"de\",\"potentialAction\":[{\"@type\":\"ReadAction\",\"target\":[\"https:\/\/now-news.de\/de\/deutschland\/afghanistan-fluege-ende-in-sicht-promis-wollen-weitere-aufnahmen\/\"]}]},{\"@type\":\"ImageObject\",\"inLanguage\":\"de\",\"@id\":\"https:\/\/now-news.de\/de\/deutschland\/afghanistan-fluege-ende-in-sicht-promis-wollen-weitere-aufnahmen\/#primaryimage\",\"url\":\"https:\/\/now-news.de\/de\/wp-content\/uploads\/sites\/3\/2025\/12\/Afghanistan-Fluege-Ende-in-Sicht-Promis-wollen-weitere-Aufnahmen.jpg\",\"contentUrl\":\"https:\/\/now-news.de\/de\/wp-content\/uploads\/sites\/3\/2025\/12\/Afghanistan-Fluege-Ende-in-Sicht-Promis-wollen-weitere-Aufnahmen.jpg\",\"width\":460,\"height\":259,\"caption\":\"Afghanistan-Fl\u00fcge: Ende in Sicht? Promis wollen weitere Aufnahmen\"},{\"@type\":\"BreadcrumbList\",\"@id\":\"https:\/\/now-news.de\/de\/deutschland\/afghanistan-fluege-ende-in-sicht-promis-wollen-weitere-aufnahmen\/#breadcrumb\",\"itemListElement\":[{\"@type\":\"ListItem\",\"position\":1,\"name\":\"Home\",\"item\":\"https:\/\/now-news.de\/de\/\"},{\"@type\":\"ListItem\",\"position\":2,\"name\":\"Afghanistan-Fl\u00fcge: Ende in Sicht? Promis wollen weitere Aufnahmen\"}]},{\"@type\":\"WebSite\",\"@id\":\"https:\/\/now-news.de\/de\/#website\",\"url\":\"https:\/\/now-news.de\/de\/\",\"name\":\"just-now.NEWS Deutschland\",\"description\":\"Das Portal f\u00fcr unzensierte Nachrichten aus der Welt\",\"publisher\":{\"@id\":\"https:\/\/now-news.de\/de\/#organization\"},\"potentialAction\":[{\"@type\":\"SearchAction\",\"target\":{\"@type\":\"EntryPoint\",\"urlTemplate\":\"https:\/\/now-news.de\/de\/?s={search_term_string}\"},\"query-input\":\"required name=search_term_string\"}],\"inLanguage\":\"de\"},{\"@type\":\"Organization\",\"@id\":\"https:\/\/now-news.de\/de\/#organization\",\"name\":\"Just Now News\",\"url\":\"https:\/\/now-news.de\/de\/\",\"logo\":{\"@type\":\"ImageObject\",\"inLanguage\":\"de\",\"@id\":\"https:\/\/now-news.de\/de\/#\/schema\/logo\/image\/\",\"url\":\"http:\/\/just-now.news\/de\/wp-content\/uploads\/sites\/3\/2022\/04\/logo500x500.jpg\",\"contentUrl\":\"http:\/\/just-now.news\/de\/wp-content\/uploads\/sites\/3\/2022\/04\/logo500x500.jpg\",\"width\":500,\"height\":500,\"caption\":\"Just Now News\"},\"image\":{\"@id\":\"https:\/\/now-news.de\/de\/#\/schema\/logo\/image\/\"},\"sameAs\":[\"https:\/\/www.facebook.com\/wirmachenauf\",\"https:\/\/x.com\/WirMachenAuf_de\"]},{\"@type\":\"Person\",\"@id\":\"https:\/\/now-news.de\/de\/#\/schema\/person\/fb534a4e865501d8b3285208df34a9b5\",\"name\":\"rtnews\",\"image\":{\"@type\":\"ImageObject\",\"inLanguage\":\"de\",\"@id\":\"https:\/\/now-news.de\/de\/#\/schema\/person\/image\/\",\"url\":\"https:\/\/secure.gravatar.com\/avatar\/82aafea7d8127119dd649515f56e2117?s=96&d=mm&r=g\",\"contentUrl\":\"https:\/\/secure.gravatar.com\/avatar\/82aafea7d8127119dd649515f56e2117?s=96&d=mm&r=g\",\"caption\":\"rtnews\"},\"url\":\"https:\/\/now-news.de\/de\/author\/rnews\/\"}]}<\/script>\n<!-- \/ Yoast SEO Premium plugin. -->","yoast_head_json":{"title":"Afghanistan-Fl\u00fcge: Ende in Sicht? Promis wollen weitere Aufnahmen - just-now.NEWS Deutschland","robots":{"index":"index","follow":"follow","max-snippet":"max-snippet:-1","max-image-preview":"max-image-preview:large","max-video-preview":"max-video-preview:-1"},"canonical":"https:\/\/now-news.de\/de\/deutschland\/afghanistan-fluege-ende-in-sicht-promis-wollen-weitere-aufnahmen\/","og_locale":"de_DE","og_type":"article","og_title":"Afghanistan-Fl\u00fcge: Ende in Sicht? Promis wollen weitere Aufnahmen","og_description":"Am Montag landeten 147 Afghanen in Deutschland, am Dienstag forderte eine Reihe Prominenter die schnelle Aufnahme aller \u00fcbrigen Besitzer von Aufnahmezusagen. Allerdings wurden wohl gr\u00f6\u00dfere Teile der unter Baerbock erteilten Zusagen aufgehoben. Die Auseinandersetzung um die Einreise hunderter von Afghanen geht weiter. Nachdem erst am Montag die Tagesschau das Eintreffen eines weiteren Flugzeugs mit 147 [&hellip;]","og_url":"https:\/\/now-news.de\/de\/deutschland\/afghanistan-fluege-ende-in-sicht-promis-wollen-weitere-aufnahmen\/","og_site_name":"just-now.NEWS Deutschland","article_publisher":"https:\/\/www.facebook.com\/wirmachenauf","article_published_time":"2025-12-24T14:51:11+00:00","og_image":[{"url":"https:\/\/now-news.de\/de\/wp-content\/uploads\/sites\/3\/2025\/12\/694be66648fbef125d119661.jpg"}],"author":"rtnews","twitter_card":"summary_large_image","twitter_creator":"@WirMachenAuf_de","twitter_site":"@WirMachenAuf_de","twitter_misc":{"Verfasst von":"rtnews","Gesch\u00e4tzte Lesezeit":"3\u00a0Minuten"},"schema":{"@context":"https:\/\/schema.org","@graph":[{"@type":"Article","@id":"https:\/\/now-news.de\/de\/deutschland\/afghanistan-fluege-ende-in-sicht-promis-wollen-weitere-aufnahmen\/#article","isPartOf":{"@id":"https:\/\/now-news.de\/de\/deutschland\/afghanistan-fluege-ende-in-sicht-promis-wollen-weitere-aufnahmen\/"},"author":{"name":"rtnews","@id":"https:\/\/now-news.de\/de\/#\/schema\/person\/fb534a4e865501d8b3285208df34a9b5"},"headline":"Afghanistan-Fl\u00fcge: Ende in Sicht? Promis wollen weitere Aufnahmen","datePublished":"2025-12-24T14:51:11+00:00","dateModified":"2025-12-24T14:51:11+00:00","mainEntityOfPage":{"@id":"https:\/\/now-news.de\/de\/deutschland\/afghanistan-fluege-ende-in-sicht-promis-wollen-weitere-aufnahmen\/"},"wordCount":602,"commentCount":0,"publisher":{"@id":"https:\/\/now-news.de\/de\/#organization"},"image":{"@id":"https:\/\/now-news.de\/de\/deutschland\/afghanistan-fluege-ende-in-sicht-promis-wollen-weitere-aufnahmen\/#primaryimage"},"thumbnailUrl":"https:\/\/now-news.de\/de\/wp-content\/uploads\/sites\/3\/2025\/12\/Afghanistan-Fluege-Ende-in-Sicht-Promis-wollen-weitere-Aufnahmen.jpg","keywords":["AfghanistanFl\u00fcge","Aufnahmen","Ende","Promis","Sicht","weitere","wollen"],"articleSection":["Deutschland","Russland"],"inLanguage":"de","potentialAction":[{"@type":"CommentAction","name":"Comment","target":["https:\/\/now-news.de\/de\/deutschland\/afghanistan-fluege-ende-in-sicht-promis-wollen-weitere-aufnahmen\/#respond"]}]},{"@type":"WebPage","@id":"https:\/\/now-news.de\/de\/deutschland\/afghanistan-fluege-ende-in-sicht-promis-wollen-weitere-aufnahmen\/","url":"https:\/\/now-news.de\/de\/deutschland\/afghanistan-fluege-ende-in-sicht-promis-wollen-weitere-aufnahmen\/","name":"Afghanistan-Fl\u00fcge: Ende in Sicht? Promis wollen weitere Aufnahmen - just-now.NEWS Deutschland","isPartOf":{"@id":"https:\/\/now-news.de\/de\/#website"},"primaryImageOfPage":{"@id":"https:\/\/now-news.de\/de\/deutschland\/afghanistan-fluege-ende-in-sicht-promis-wollen-weitere-aufnahmen\/#primaryimage"},"image":{"@id":"https:\/\/now-news.de\/de\/deutschland\/afghanistan-fluege-ende-in-sicht-promis-wollen-weitere-aufnahmen\/#primaryimage"},"thumbnailUrl":"https:\/\/now-news.de\/de\/wp-content\/uploads\/sites\/3\/2025\/12\/Afghanistan-Fluege-Ende-in-Sicht-Promis-wollen-weitere-Aufnahmen.jpg","datePublished":"2025-12-24T14:51:11+00:00","dateModified":"2025-12-24T14:51:11+00:00","breadcrumb":{"@id":"https:\/\/now-news.de\/de\/deutschland\/afghanistan-fluege-ende-in-sicht-promis-wollen-weitere-aufnahmen\/#breadcrumb"},"inLanguage":"de","potentialAction":[{"@type":"ReadAction","target":["https:\/\/now-news.de\/de\/deutschland\/afghanistan-fluege-ende-in-sicht-promis-wollen-weitere-aufnahmen\/"]}]},{"@type":"ImageObject","inLanguage":"de","@id":"https:\/\/now-news.de\/de\/deutschland\/afghanistan-fluege-ende-in-sicht-promis-wollen-weitere-aufnahmen\/#primaryimage","url":"https:\/\/now-news.de\/de\/wp-content\/uploads\/sites\/3\/2025\/12\/Afghanistan-Fluege-Ende-in-Sicht-Promis-wollen-weitere-Aufnahmen.jpg","contentUrl":"https:\/\/now-news.de\/de\/wp-content\/uploads\/sites\/3\/2025\/12\/Afghanistan-Fluege-Ende-in-Sicht-Promis-wollen-weitere-Aufnahmen.jpg","width":460,"height":259,"caption":"Afghanistan-Fl\u00fcge: Ende in Sicht? Promis wollen weitere Aufnahmen"},{"@type":"BreadcrumbList","@id":"https:\/\/now-news.de\/de\/deutschland\/afghanistan-fluege-ende-in-sicht-promis-wollen-weitere-aufnahmen\/#breadcrumb","itemListElement":[{"@type":"ListItem","position":1,"name":"Home","item":"https:\/\/now-news.de\/de\/"},{"@type":"ListItem","position":2,"name":"Afghanistan-Fl\u00fcge: Ende in Sicht? Promis wollen weitere Aufnahmen"}]},{"@type":"WebSite","@id":"https:\/\/now-news.de\/de\/#website","url":"https:\/\/now-news.de\/de\/","name":"just-now.NEWS Deutschland","description":"Das Portal f\u00fcr unzensierte Nachrichten aus der Welt","publisher":{"@id":"https:\/\/now-news.de\/de\/#organization"},"potentialAction":[{"@type":"SearchAction","target":{"@type":"EntryPoint","urlTemplate":"https:\/\/now-news.de\/de\/?s={search_term_string}"},"query-input":"required name=search_term_string"}],"inLanguage":"de"},{"@type":"Organization","@id":"https:\/\/now-news.de\/de\/#organization","name":"Just Now News","url":"https:\/\/now-news.de\/de\/","logo":{"@type":"ImageObject","inLanguage":"de","@id":"https:\/\/now-news.de\/de\/#\/schema\/logo\/image\/","url":"http:\/\/just-now.news\/de\/wp-content\/uploads\/sites\/3\/2022\/04\/logo500x500.jpg","contentUrl":"http:\/\/just-now.news\/de\/wp-content\/uploads\/sites\/3\/2022\/04\/logo500x500.jpg","width":500,"height":500,"caption":"Just Now News"},"image":{"@id":"https:\/\/now-news.de\/de\/#\/schema\/logo\/image\/"},"sameAs":["https:\/\/www.facebook.com\/wirmachenauf","https:\/\/x.com\/WirMachenAuf_de"]},{"@type":"Person","@id":"https:\/\/now-news.de\/de\/#\/schema\/person\/fb534a4e865501d8b3285208df34a9b5","name":"rtnews","image":{"@type":"ImageObject","inLanguage":"de","@id":"https:\/\/now-news.de\/de\/#\/schema\/person\/image\/","url":"https:\/\/secure.gravatar.com\/avatar\/82aafea7d8127119dd649515f56e2117?s=96&d=mm&r=g","contentUrl":"https:\/\/secure.gravatar.com\/avatar\/82aafea7d8127119dd649515f56e2117?s=96&d=mm&r=g","caption":"rtnews"},"url":"https:\/\/now-news.de\/de\/author\/rnews\/"}]}},"_links":{"self":[{"href":"https:\/\/now-news.de\/de\/wp-json\/wp\/v2\/posts\/96311"}],"collection":[{"href":"https:\/\/now-news.de\/de\/wp-json\/wp\/v2\/posts"}],"about":[{"href":"https:\/\/now-news.de\/de\/wp-json\/wp\/v2\/types\/post"}],"author":[{"embeddable":true,"href":"https:\/\/now-news.de\/de\/wp-json\/wp\/v2\/users\/3"}],"replies":[{"embeddable":true,"href":"https:\/\/now-news.de\/de\/wp-json\/wp\/v2\/comments?post=96311"}],"version-history":[{"count":0,"href":"https:\/\/now-news.de\/de\/wp-json\/wp\/v2\/posts\/96311\/revisions"}],"wp:featuredmedia":[{"embeddable":true,"href":"https:\/\/now-news.de\/de\/wp-json\/wp\/v2\/media\/96312"}],"wp:attachment":[{"href":"https:\/\/now-news.de\/de\/wp-json\/wp\/v2\/media?parent=96311"}],"wp:term":[{"taxonomy":"category","embeddable":true,"href":"https:\/\/now-news.de\/de\/wp-json\/wp\/v2\/categories?post=96311"},{"taxonomy":"post_tag","embeddable":true,"href":"https:\/\/now-news.de\/de\/wp-json\/wp\/v2\/tags?post=96311"}],"curies":[{"name":"wp","href":"https:\/\/api.w.org\/{rel}","templated":true}]}}