{"id":96295,"date":"2025-12-24T12:36:03","date_gmt":"2025-12-24T10:36:03","guid":{"rendered":"https:\/\/now-news.de\/de\/deutschland\/mysterioeser-vorfall-vor-absturz-libyschen-militaerflugzeugs-wurde-stromausfall-gemeldet\/"},"modified":"2025-12-24T12:36:03","modified_gmt":"2025-12-24T10:36:03","slug":"mysterioeser-vorfall-vor-absturz-libyschen-militaerflugzeugs-wurde-stromausfall-gemeldet","status":"publish","type":"post","link":"https:\/\/now-news.de\/de\/deutschland\/mysterioeser-vorfall-vor-absturz-libyschen-militaerflugzeugs-wurde-stromausfall-gemeldet\/","title":{"rendered":"Mysteri\u00f6ser Vorfall: Vor Absturz libyschen Milit\u00e4rflugzeugs wurde &quot;Stromausfall&quot; gemeldet"},"content":{"rendered":"<p><img decoding=\"async\" src=\"https:\/\/now-news.de\/de\/wp-content\/uploads\/sites\/3\/2025\/12\/694bbb9fb480cc6ca75e7a5b.jpg\" \/><\/p>\n<div class=\"Text-root Text-type_1 \">\n                Nach einem Besuch in der T\u00fcrkei st\u00fcrzte das Flugzeug des libyschen Milit\u00e4rchefs ab. Al-Haddad war Generalstabschef der Dabaiba-Regierung in Tripolis, die mit der Regierung im Osten Libyens verfeindet ist.\n            <\/div>\n<p><\/p>\n<div class=\"Text-root Text-type_5 ArticleView-text ViewText-root \">\n<p>Der Generalstabschef der libyschen Regierung in Tripolis, Mohammed al-Haddad, ist bei einem Flugzeugabsturz in der\u00a0T\u00fcrkei\u00a0ums Leben gekommen. Das teilte der Ministerpr\u00e4sident der Regierung in Tripolis, Abdel Hamid Dbaiba, mit.<\/p>\n<p>Der\u00a0Privatjet mit dem Stabschef der libyschen Armee an Bord meldete kurz vor seinem Absturz in der N\u00e4he von Ankara einen Stromausfall und beantragte eine Notlandung. Dies teilte der t\u00fcrkische Kommunikationschef sp\u00e4ter am Mittwoch mit.<\/p>\n<p>Die Dassault Falcon 50 war am Dienstag um 17:17 Uhr GMT vom Flughafen Esenbo\u011fa in Ankara in Richtung Tripolis gestartet. Um 17:33 Uhr GMT habe die Besatzung der Flugsicherung einen Notfall wegen einer elektrischen St\u00f6rung gemeldet,\u00a0hie\u00df es aus Ankara.<\/p>\n<p>Nach Angaben libyscher und t\u00fcrkischer Beh\u00f6rden verloren acht Personen, darunter drei Besatzungsangeh\u00f6rige, bei dem Absturz ihr Leben. Die Flugsicherung leitete das Flugzeug zum Flughafen Esenboga zur\u00fcck und es wurden Notfallma\u00dfnahmen eingeleitet. Doch der Jet verschwand um 17:36 Uhr GMT w\u00e4hrend des Landeanflugs vom Radar und der Kontakt brach ab, so die Beh\u00f6rden.<\/p>\n<p>Zuvor hatte der t\u00fcrkische Innenminister Ali Yerlikaya mitgeteilt, dass das Flugzeug w\u00e4hrend des Fluges \u00fcber dem Bezirk Haymana in Ankara eine Notlandung beantragt habe. Das Wrack sei sp\u00e4ter in der N\u00e4he des Dorfes Kesikkavak in der Region gefunden worden. Such- und Rettungsteams erreichten die Absturzstelle, nachdem das t\u00fcrkische Innenministerium Ma\u00dfnahmen eingeleitet hatte.\u00a0<\/p>\n<p>Laut libyschen Beamten war das Flugzeug in Malta geleast und registriert. Seine Eigentumsverh\u00e4ltnisse und technische Geschichte w\u00fcrden im Rahmen der Ermittlungen untersucht.<\/p>\n<p>Al-Haddad war Generalstabschef der Dabaiba-Regierung in Tripolis, die mit der Regierung im Osten Libyens verfeindet ist. Die T\u00fcrkei gilt als deren wichtigster Unterst\u00fctzer. 2019 half Ankara ihr durch milit\u00e4rische Unterst\u00fctzung, eine Gro\u00dfoffensive abzuwehren, bei der General Chalifa Haftar Tripolis einnehmen wollte.<\/p>\n<p>In Libyen tobte nach dem Sturz des\u00a0Staatschefs Muammar al-Gaddafi im Jahr 2011 viele Jahre lang ein B\u00fcrgerkrieg. Das nordafrikanische Land ist auch heute noch faktisch gespalten, da Milizen und ausl\u00e4ndische Staaten weiter um Macht und Ressourcen ringen.<\/p>\n<p><strong>Mehr zum Thema<\/strong> &#8211; <a rel=\"nofollow noopener\" target=\"_blank\" href=\"https:\/\/rtde.online\/meinung\/259530-14-jahre-lynchmord-an-gaddafi\/\">14 Jahre Lynchmord an Gaddafi: Eine ungelernte Lektion<\/a><\/p>\n<div class=\"EmbedBlock-root EmbedBlock-externalVideo EmbedBlock-rumble\">\n<div class=\"VkEmbed\"><iframe class=\"lazyload\" data-src=\"https:\/\/rumble.com\/embed\/v7134we\" frameborder=\"0\" width=\"853\" height=\"480\" allowfullscreen><\/iframe><\/div>\n<\/div>\n<\/div>\n<p><br \/>\n<br \/><a href=\"https:\/\/de.rt.com\/international\/265650-mysterioeser-vorfall-vor-absturz-libyschen\/\">Source link <\/a><\/p>\n","protected":false},"excerpt":{"rendered":"<p>Nach einem Besuch in der T\u00fcrkei st\u00fcrzte das Flugzeug des libyschen Milit\u00e4rchefs ab. Al-Haddad war Generalstabschef der Dabaiba-Regierung in Tripolis, die mit der Regierung im Osten Libyens verfeindet ist. Der Generalstabschef der libyschen Regierung in Tripolis, Mohammed al-Haddad, ist bei einem Flugzeugabsturz in der\u00a0T\u00fcrkei\u00a0ums Leben gekommen. Das teilte der Ministerpr\u00e4sident der Regierung in Tripolis, Abdel [&hellip;]<\/p>\n","protected":false},"author":3,"featured_media":96296,"comment_status":"open","ping_status":"open","sticky":false,"template":"","format":"standard","meta":{"_yoast_indexnow_last_ping":["1766572631"],"wp_automatic_camp":["217"],"b5df2fc191230627c4d8e342a6eae055":["Mysteri\u00f6ser Vorfall: Vor Absturz libyschen Milit\u00e4rflugzeugs wurde &quot;Stromausfall&quot; gemeldet"],"original_link":["https:\/\/de.rt.com\/international\/265650-mysterioeser-vorfall-vor-absturz-libyschen\/"],"_thumbnail_id":["96296"],"jnews_social_counter_last_update":["1777452845"],"_wptgpro_p2tg_sent2tg":["a:1:{i:23737;s:19:\"2025-12-24 12:38:40\";}"]},"categories":[19,23],"tags":[23249,12792,32457,70141,32035,70142,320,18656,528],"yoast_head":"<!-- This site is optimized with the Yoast SEO Premium plugin v22.7 (Yoast SEO v22.7) - https:\/\/yoast.com\/wordpress\/plugins\/seo\/ -->\n<title>Mysteri\u00f6ser Vorfall: Vor Absturz libyschen Milit\u00e4rflugzeugs wurde &quot;Stromausfall&quot; gemeldet - just-now.NEWS Deutschland<\/title>\n<meta name=\"robots\" content=\"index, follow, max-snippet:-1, max-image-preview:large, max-video-preview:-1\" \/>\n<link rel=\"canonical\" href=\"https:\/\/now-news.de\/de\/deutschland\/mysterioeser-vorfall-vor-absturz-libyschen-militaerflugzeugs-wurde-stromausfall-gemeldet\/\" \/>\n<meta property=\"og:locale\" content=\"de_DE\" \/>\n<meta property=\"og:type\" content=\"article\" \/>\n<meta property=\"og:title\" content=\"Mysteri\u00f6ser Vorfall: Vor Absturz libyschen Milit\u00e4rflugzeugs wurde &quot;Stromausfall&quot; gemeldet\" \/>\n<meta property=\"og:description\" content=\"Nach einem Besuch in der T\u00fcrkei st\u00fcrzte das Flugzeug des libyschen Milit\u00e4rchefs ab. Al-Haddad war Generalstabschef der Dabaiba-Regierung in Tripolis, die mit der Regierung im Osten Libyens verfeindet ist. Der Generalstabschef der libyschen Regierung in Tripolis, Mohammed al-Haddad, ist bei einem Flugzeugabsturz in der\u00a0T\u00fcrkei\u00a0ums Leben gekommen. Das teilte der Ministerpr\u00e4sident der Regierung in Tripolis, Abdel [&hellip;]\" \/>\n<meta property=\"og:url\" content=\"https:\/\/now-news.de\/de\/deutschland\/mysterioeser-vorfall-vor-absturz-libyschen-militaerflugzeugs-wurde-stromausfall-gemeldet\/\" \/>\n<meta property=\"og:site_name\" content=\"just-now.NEWS Deutschland\" \/>\n<meta property=\"article:publisher\" content=\"https:\/\/www.facebook.com\/wirmachenauf\" \/>\n<meta property=\"article:published_time\" content=\"2025-12-24T10:36:03+00:00\" \/>\n<meta property=\"og:image\" content=\"https:\/\/now-news.de\/de\/wp-content\/uploads\/sites\/3\/2025\/12\/694bbb9fb480cc6ca75e7a5b.jpg\" \/>\n<meta name=\"author\" content=\"rtnews\" \/>\n<meta name=\"twitter:card\" content=\"summary_large_image\" \/>\n<meta name=\"twitter:creator\" content=\"@WirMachenAuf_de\" \/>\n<meta name=\"twitter:site\" content=\"@WirMachenAuf_de\" \/>\n<meta name=\"twitter:label1\" content=\"Verfasst von\" \/>\n\t<meta name=\"twitter:data1\" content=\"rtnews\" \/>\n\t<meta name=\"twitter:label2\" content=\"Gesch\u00e4tzte Lesezeit\" \/>\n\t<meta name=\"twitter:data2\" content=\"2\u00a0Minuten\" \/>\n<script type=\"application\/ld+json\" class=\"yoast-schema-graph\">{\"@context\":\"https:\/\/schema.org\",\"@graph\":[{\"@type\":\"Article\",\"@id\":\"https:\/\/now-news.de\/de\/deutschland\/mysterioeser-vorfall-vor-absturz-libyschen-militaerflugzeugs-wurde-stromausfall-gemeldet\/#article\",\"isPartOf\":{\"@id\":\"https:\/\/now-news.de\/de\/deutschland\/mysterioeser-vorfall-vor-absturz-libyschen-militaerflugzeugs-wurde-stromausfall-gemeldet\/\"},\"author\":{\"name\":\"rtnews\",\"@id\":\"https:\/\/now-news.de\/de\/#\/schema\/person\/fb534a4e865501d8b3285208df34a9b5\"},\"headline\":\"Mysteri\u00f6ser Vorfall: Vor Absturz libyschen Milit\u00e4rflugzeugs wurde &quot;Stromausfall&quot; gemeldet\",\"datePublished\":\"2025-12-24T10:36:03+00:00\",\"dateModified\":\"2025-12-24T10:36:03+00:00\",\"mainEntityOfPage\":{\"@id\":\"https:\/\/now-news.de\/de\/deutschland\/mysterioeser-vorfall-vor-absturz-libyschen-militaerflugzeugs-wurde-stromausfall-gemeldet\/\"},\"wordCount\":393,\"commentCount\":0,\"publisher\":{\"@id\":\"https:\/\/now-news.de\/de\/#organization\"},\"image\":{\"@id\":\"https:\/\/now-news.de\/de\/deutschland\/mysterioeser-vorfall-vor-absturz-libyschen-militaerflugzeugs-wurde-stromausfall-gemeldet\/#primaryimage\"},\"thumbnailUrl\":\"https:\/\/now-news.de\/de\/wp-content\/uploads\/sites\/3\/2025\/12\/Mysterioeser-Vorfall-Vor-Absturz-libyschen-Militaerflugzeugs-wurde-quotStromausfallquot-gemeldet.jpg\",\"keywords\":[\"Absturz\",\"gemeldet\",\"libyschen\",\"Milit\u00e4rflugzeugs\",\"Mysteri\u00f6ser\",\"quotStromausfallquot\",\"vor\",\"Vorfall\",\"wurde\"],\"articleSection\":[\"Deutschland\",\"Russland\"],\"inLanguage\":\"de\",\"potentialAction\":[{\"@type\":\"CommentAction\",\"name\":\"Comment\",\"target\":[\"https:\/\/now-news.de\/de\/deutschland\/mysterioeser-vorfall-vor-absturz-libyschen-militaerflugzeugs-wurde-stromausfall-gemeldet\/#respond\"]}]},{\"@type\":\"WebPage\",\"@id\":\"https:\/\/now-news.de\/de\/deutschland\/mysterioeser-vorfall-vor-absturz-libyschen-militaerflugzeugs-wurde-stromausfall-gemeldet\/\",\"url\":\"https:\/\/now-news.de\/de\/deutschland\/mysterioeser-vorfall-vor-absturz-libyschen-militaerflugzeugs-wurde-stromausfall-gemeldet\/\",\"name\":\"Mysteri\u00f6ser Vorfall: Vor Absturz libyschen Milit\u00e4rflugzeugs wurde &quot;Stromausfall&quot; gemeldet - just-now.NEWS Deutschland\",\"isPartOf\":{\"@id\":\"https:\/\/now-news.de\/de\/#website\"},\"primaryImageOfPage\":{\"@id\":\"https:\/\/now-news.de\/de\/deutschland\/mysterioeser-vorfall-vor-absturz-libyschen-militaerflugzeugs-wurde-stromausfall-gemeldet\/#primaryimage\"},\"image\":{\"@id\":\"https:\/\/now-news.de\/de\/deutschland\/mysterioeser-vorfall-vor-absturz-libyschen-militaerflugzeugs-wurde-stromausfall-gemeldet\/#primaryimage\"},\"thumbnailUrl\":\"https:\/\/now-news.de\/de\/wp-content\/uploads\/sites\/3\/2025\/12\/Mysterioeser-Vorfall-Vor-Absturz-libyschen-Militaerflugzeugs-wurde-quotStromausfallquot-gemeldet.jpg\",\"datePublished\":\"2025-12-24T10:36:03+00:00\",\"dateModified\":\"2025-12-24T10:36:03+00:00\",\"breadcrumb\":{\"@id\":\"https:\/\/now-news.de\/de\/deutschland\/mysterioeser-vorfall-vor-absturz-libyschen-militaerflugzeugs-wurde-stromausfall-gemeldet\/#breadcrumb\"},\"inLanguage\":\"de\",\"potentialAction\":[{\"@type\":\"ReadAction\",\"target\":[\"https:\/\/now-news.de\/de\/deutschland\/mysterioeser-vorfall-vor-absturz-libyschen-militaerflugzeugs-wurde-stromausfall-gemeldet\/\"]}]},{\"@type\":\"ImageObject\",\"inLanguage\":\"de\",\"@id\":\"https:\/\/now-news.de\/de\/deutschland\/mysterioeser-vorfall-vor-absturz-libyschen-militaerflugzeugs-wurde-stromausfall-gemeldet\/#primaryimage\",\"url\":\"https:\/\/now-news.de\/de\/wp-content\/uploads\/sites\/3\/2025\/12\/Mysterioeser-Vorfall-Vor-Absturz-libyschen-Militaerflugzeugs-wurde-quotStromausfallquot-gemeldet.jpg\",\"contentUrl\":\"https:\/\/now-news.de\/de\/wp-content\/uploads\/sites\/3\/2025\/12\/Mysterioeser-Vorfall-Vor-Absturz-libyschen-Militaerflugzeugs-wurde-quotStromausfallquot-gemeldet.jpg\",\"width\":460,\"height\":259,\"caption\":\"Mysteri\u00f6ser Vorfall: Vor Absturz libyschen Milit\u00e4rflugzeugs wurde &quot;Stromausfall&quot; gemeldet\"},{\"@type\":\"BreadcrumbList\",\"@id\":\"https:\/\/now-news.de\/de\/deutschland\/mysterioeser-vorfall-vor-absturz-libyschen-militaerflugzeugs-wurde-stromausfall-gemeldet\/#breadcrumb\",\"itemListElement\":[{\"@type\":\"ListItem\",\"position\":1,\"name\":\"Home\",\"item\":\"https:\/\/now-news.de\/de\/\"},{\"@type\":\"ListItem\",\"position\":2,\"name\":\"Mysteri\u00f6ser Vorfall: Vor Absturz libyschen Milit\u00e4rflugzeugs wurde &quot;Stromausfall&quot; gemeldet\"}]},{\"@type\":\"WebSite\",\"@id\":\"https:\/\/now-news.de\/de\/#website\",\"url\":\"https:\/\/now-news.de\/de\/\",\"name\":\"just-now.NEWS Deutschland\",\"description\":\"Das Portal f\u00fcr unzensierte Nachrichten aus der Welt\",\"publisher\":{\"@id\":\"https:\/\/now-news.de\/de\/#organization\"},\"potentialAction\":[{\"@type\":\"SearchAction\",\"target\":{\"@type\":\"EntryPoint\",\"urlTemplate\":\"https:\/\/now-news.de\/de\/?s={search_term_string}\"},\"query-input\":\"required name=search_term_string\"}],\"inLanguage\":\"de\"},{\"@type\":\"Organization\",\"@id\":\"https:\/\/now-news.de\/de\/#organization\",\"name\":\"Just Now News\",\"url\":\"https:\/\/now-news.de\/de\/\",\"logo\":{\"@type\":\"ImageObject\",\"inLanguage\":\"de\",\"@id\":\"https:\/\/now-news.de\/de\/#\/schema\/logo\/image\/\",\"url\":\"http:\/\/just-now.news\/de\/wp-content\/uploads\/sites\/3\/2022\/04\/logo500x500.jpg\",\"contentUrl\":\"http:\/\/just-now.news\/de\/wp-content\/uploads\/sites\/3\/2022\/04\/logo500x500.jpg\",\"width\":500,\"height\":500,\"caption\":\"Just Now News\"},\"image\":{\"@id\":\"https:\/\/now-news.de\/de\/#\/schema\/logo\/image\/\"},\"sameAs\":[\"https:\/\/www.facebook.com\/wirmachenauf\",\"https:\/\/x.com\/WirMachenAuf_de\"]},{\"@type\":\"Person\",\"@id\":\"https:\/\/now-news.de\/de\/#\/schema\/person\/fb534a4e865501d8b3285208df34a9b5\",\"name\":\"rtnews\",\"image\":{\"@type\":\"ImageObject\",\"inLanguage\":\"de\",\"@id\":\"https:\/\/now-news.de\/de\/#\/schema\/person\/image\/\",\"url\":\"https:\/\/secure.gravatar.com\/avatar\/82aafea7d8127119dd649515f56e2117?s=96&d=mm&r=g\",\"contentUrl\":\"https:\/\/secure.gravatar.com\/avatar\/82aafea7d8127119dd649515f56e2117?s=96&d=mm&r=g\",\"caption\":\"rtnews\"},\"url\":\"https:\/\/now-news.de\/de\/author\/rnews\/\"}]}<\/script>\n<!-- \/ Yoast SEO Premium plugin. -->","yoast_head_json":{"title":"Mysteri\u00f6ser Vorfall: Vor Absturz libyschen Milit\u00e4rflugzeugs wurde &quot;Stromausfall&quot; gemeldet - just-now.NEWS Deutschland","robots":{"index":"index","follow":"follow","max-snippet":"max-snippet:-1","max-image-preview":"max-image-preview:large","max-video-preview":"max-video-preview:-1"},"canonical":"https:\/\/now-news.de\/de\/deutschland\/mysterioeser-vorfall-vor-absturz-libyschen-militaerflugzeugs-wurde-stromausfall-gemeldet\/","og_locale":"de_DE","og_type":"article","og_title":"Mysteri\u00f6ser Vorfall: Vor Absturz libyschen Milit\u00e4rflugzeugs wurde &quot;Stromausfall&quot; gemeldet","og_description":"Nach einem Besuch in der T\u00fcrkei st\u00fcrzte das Flugzeug des libyschen Milit\u00e4rchefs ab. Al-Haddad war Generalstabschef der Dabaiba-Regierung in Tripolis, die mit der Regierung im Osten Libyens verfeindet ist. Der Generalstabschef der libyschen Regierung in Tripolis, Mohammed al-Haddad, ist bei einem Flugzeugabsturz in der\u00a0T\u00fcrkei\u00a0ums Leben gekommen. Das teilte der Ministerpr\u00e4sident der Regierung in Tripolis, Abdel [&hellip;]","og_url":"https:\/\/now-news.de\/de\/deutschland\/mysterioeser-vorfall-vor-absturz-libyschen-militaerflugzeugs-wurde-stromausfall-gemeldet\/","og_site_name":"just-now.NEWS Deutschland","article_publisher":"https:\/\/www.facebook.com\/wirmachenauf","article_published_time":"2025-12-24T10:36:03+00:00","og_image":[{"url":"https:\/\/now-news.de\/de\/wp-content\/uploads\/sites\/3\/2025\/12\/694bbb9fb480cc6ca75e7a5b.jpg"}],"author":"rtnews","twitter_card":"summary_large_image","twitter_creator":"@WirMachenAuf_de","twitter_site":"@WirMachenAuf_de","twitter_misc":{"Verfasst von":"rtnews","Gesch\u00e4tzte Lesezeit":"2\u00a0Minuten"},"schema":{"@context":"https:\/\/schema.org","@graph":[{"@type":"Article","@id":"https:\/\/now-news.de\/de\/deutschland\/mysterioeser-vorfall-vor-absturz-libyschen-militaerflugzeugs-wurde-stromausfall-gemeldet\/#article","isPartOf":{"@id":"https:\/\/now-news.de\/de\/deutschland\/mysterioeser-vorfall-vor-absturz-libyschen-militaerflugzeugs-wurde-stromausfall-gemeldet\/"},"author":{"name":"rtnews","@id":"https:\/\/now-news.de\/de\/#\/schema\/person\/fb534a4e865501d8b3285208df34a9b5"},"headline":"Mysteri\u00f6ser Vorfall: Vor Absturz libyschen Milit\u00e4rflugzeugs wurde &quot;Stromausfall&quot; gemeldet","datePublished":"2025-12-24T10:36:03+00:00","dateModified":"2025-12-24T10:36:03+00:00","mainEntityOfPage":{"@id":"https:\/\/now-news.de\/de\/deutschland\/mysterioeser-vorfall-vor-absturz-libyschen-militaerflugzeugs-wurde-stromausfall-gemeldet\/"},"wordCount":393,"commentCount":0,"publisher":{"@id":"https:\/\/now-news.de\/de\/#organization"},"image":{"@id":"https:\/\/now-news.de\/de\/deutschland\/mysterioeser-vorfall-vor-absturz-libyschen-militaerflugzeugs-wurde-stromausfall-gemeldet\/#primaryimage"},"thumbnailUrl":"https:\/\/now-news.de\/de\/wp-content\/uploads\/sites\/3\/2025\/12\/Mysterioeser-Vorfall-Vor-Absturz-libyschen-Militaerflugzeugs-wurde-quotStromausfallquot-gemeldet.jpg","keywords":["Absturz","gemeldet","libyschen","Milit\u00e4rflugzeugs","Mysteri\u00f6ser","quotStromausfallquot","vor","Vorfall","wurde"],"articleSection":["Deutschland","Russland"],"inLanguage":"de","potentialAction":[{"@type":"CommentAction","name":"Comment","target":["https:\/\/now-news.de\/de\/deutschland\/mysterioeser-vorfall-vor-absturz-libyschen-militaerflugzeugs-wurde-stromausfall-gemeldet\/#respond"]}]},{"@type":"WebPage","@id":"https:\/\/now-news.de\/de\/deutschland\/mysterioeser-vorfall-vor-absturz-libyschen-militaerflugzeugs-wurde-stromausfall-gemeldet\/","url":"https:\/\/now-news.de\/de\/deutschland\/mysterioeser-vorfall-vor-absturz-libyschen-militaerflugzeugs-wurde-stromausfall-gemeldet\/","name":"Mysteri\u00f6ser Vorfall: Vor Absturz libyschen Milit\u00e4rflugzeugs wurde &quot;Stromausfall&quot; gemeldet - just-now.NEWS Deutschland","isPartOf":{"@id":"https:\/\/now-news.de\/de\/#website"},"primaryImageOfPage":{"@id":"https:\/\/now-news.de\/de\/deutschland\/mysterioeser-vorfall-vor-absturz-libyschen-militaerflugzeugs-wurde-stromausfall-gemeldet\/#primaryimage"},"image":{"@id":"https:\/\/now-news.de\/de\/deutschland\/mysterioeser-vorfall-vor-absturz-libyschen-militaerflugzeugs-wurde-stromausfall-gemeldet\/#primaryimage"},"thumbnailUrl":"https:\/\/now-news.de\/de\/wp-content\/uploads\/sites\/3\/2025\/12\/Mysterioeser-Vorfall-Vor-Absturz-libyschen-Militaerflugzeugs-wurde-quotStromausfallquot-gemeldet.jpg","datePublished":"2025-12-24T10:36:03+00:00","dateModified":"2025-12-24T10:36:03+00:00","breadcrumb":{"@id":"https:\/\/now-news.de\/de\/deutschland\/mysterioeser-vorfall-vor-absturz-libyschen-militaerflugzeugs-wurde-stromausfall-gemeldet\/#breadcrumb"},"inLanguage":"de","potentialAction":[{"@type":"ReadAction","target":["https:\/\/now-news.de\/de\/deutschland\/mysterioeser-vorfall-vor-absturz-libyschen-militaerflugzeugs-wurde-stromausfall-gemeldet\/"]}]},{"@type":"ImageObject","inLanguage":"de","@id":"https:\/\/now-news.de\/de\/deutschland\/mysterioeser-vorfall-vor-absturz-libyschen-militaerflugzeugs-wurde-stromausfall-gemeldet\/#primaryimage","url":"https:\/\/now-news.de\/de\/wp-content\/uploads\/sites\/3\/2025\/12\/Mysterioeser-Vorfall-Vor-Absturz-libyschen-Militaerflugzeugs-wurde-quotStromausfallquot-gemeldet.jpg","contentUrl":"https:\/\/now-news.de\/de\/wp-content\/uploads\/sites\/3\/2025\/12\/Mysterioeser-Vorfall-Vor-Absturz-libyschen-Militaerflugzeugs-wurde-quotStromausfallquot-gemeldet.jpg","width":460,"height":259,"caption":"Mysteri\u00f6ser Vorfall: Vor Absturz libyschen Milit\u00e4rflugzeugs wurde &quot;Stromausfall&quot; gemeldet"},{"@type":"BreadcrumbList","@id":"https:\/\/now-news.de\/de\/deutschland\/mysterioeser-vorfall-vor-absturz-libyschen-militaerflugzeugs-wurde-stromausfall-gemeldet\/#breadcrumb","itemListElement":[{"@type":"ListItem","position":1,"name":"Home","item":"https:\/\/now-news.de\/de\/"},{"@type":"ListItem","position":2,"name":"Mysteri\u00f6ser Vorfall: Vor Absturz libyschen Milit\u00e4rflugzeugs wurde &quot;Stromausfall&quot; gemeldet"}]},{"@type":"WebSite","@id":"https:\/\/now-news.de\/de\/#website","url":"https:\/\/now-news.de\/de\/","name":"just-now.NEWS Deutschland","description":"Das Portal f\u00fcr unzensierte Nachrichten aus der Welt","publisher":{"@id":"https:\/\/now-news.de\/de\/#organization"},"potentialAction":[{"@type":"SearchAction","target":{"@type":"EntryPoint","urlTemplate":"https:\/\/now-news.de\/de\/?s={search_term_string}"},"query-input":"required name=search_term_string"}],"inLanguage":"de"},{"@type":"Organization","@id":"https:\/\/now-news.de\/de\/#organization","name":"Just Now News","url":"https:\/\/now-news.de\/de\/","logo":{"@type":"ImageObject","inLanguage":"de","@id":"https:\/\/now-news.de\/de\/#\/schema\/logo\/image\/","url":"http:\/\/just-now.news\/de\/wp-content\/uploads\/sites\/3\/2022\/04\/logo500x500.jpg","contentUrl":"http:\/\/just-now.news\/de\/wp-content\/uploads\/sites\/3\/2022\/04\/logo500x500.jpg","width":500,"height":500,"caption":"Just Now News"},"image":{"@id":"https:\/\/now-news.de\/de\/#\/schema\/logo\/image\/"},"sameAs":["https:\/\/www.facebook.com\/wirmachenauf","https:\/\/x.com\/WirMachenAuf_de"]},{"@type":"Person","@id":"https:\/\/now-news.de\/de\/#\/schema\/person\/fb534a4e865501d8b3285208df34a9b5","name":"rtnews","image":{"@type":"ImageObject","inLanguage":"de","@id":"https:\/\/now-news.de\/de\/#\/schema\/person\/image\/","url":"https:\/\/secure.gravatar.com\/avatar\/82aafea7d8127119dd649515f56e2117?s=96&d=mm&r=g","contentUrl":"https:\/\/secure.gravatar.com\/avatar\/82aafea7d8127119dd649515f56e2117?s=96&d=mm&r=g","caption":"rtnews"},"url":"https:\/\/now-news.de\/de\/author\/rnews\/"}]}},"_links":{"self":[{"href":"https:\/\/now-news.de\/de\/wp-json\/wp\/v2\/posts\/96295"}],"collection":[{"href":"https:\/\/now-news.de\/de\/wp-json\/wp\/v2\/posts"}],"about":[{"href":"https:\/\/now-news.de\/de\/wp-json\/wp\/v2\/types\/post"}],"author":[{"embeddable":true,"href":"https:\/\/now-news.de\/de\/wp-json\/wp\/v2\/users\/3"}],"replies":[{"embeddable":true,"href":"https:\/\/now-news.de\/de\/wp-json\/wp\/v2\/comments?post=96295"}],"version-history":[{"count":0,"href":"https:\/\/now-news.de\/de\/wp-json\/wp\/v2\/posts\/96295\/revisions"}],"wp:featuredmedia":[{"embeddable":true,"href":"https:\/\/now-news.de\/de\/wp-json\/wp\/v2\/media\/96296"}],"wp:attachment":[{"href":"https:\/\/now-news.de\/de\/wp-json\/wp\/v2\/media?parent=96295"}],"wp:term":[{"taxonomy":"category","embeddable":true,"href":"https:\/\/now-news.de\/de\/wp-json\/wp\/v2\/categories?post=96295"},{"taxonomy":"post_tag","embeddable":true,"href":"https:\/\/now-news.de\/de\/wp-json\/wp\/v2\/tags?post=96295"}],"curies":[{"name":"wp","href":"https:\/\/api.w.org\/{rel}","templated":true}]}}