{"id":9624,"date":"2022-06-02T18:16:55","date_gmt":"2022-06-02T16:16:55","guid":{"rendered":"http:\/\/just-now.news\/de\/deutschland\/london-feiert-70-thronjubilaeum-von-koenigin-elisabeth-ii\/"},"modified":"2022-06-02T18:16:55","modified_gmt":"2022-06-02T16:16:55","slug":"london-feiert-70-thronjubilaeum-von-koenigin-elisabeth-ii","status":"publish","type":"post","link":"https:\/\/now-news.de\/de\/deutschland\/london-feiert-70-thronjubilaeum-von-koenigin-elisabeth-ii\/","title":{"rendered":"London feiert 70. Thronjubil\u00e4um von K\u00f6nigin Elisabeth II."},"content":{"rendered":"<p><img decoding=\"async\" src=\"http:\/\/just-now.news\/de\/wp-content\/uploads\/sites\/3\/2022\/06\/6298bbe648fbef4f5518a2a9.jpg\" \/><\/p>\n<div class=\"Text-root Text-type_1 \">\n                Mit der traditionellen Parade &#8220;Trooping the Colour&#8221; haben in London die offiziellen Feierlichkeiten zum Geburtstag und zugleich zum 70. Thronjubil\u00e4um von K\u00f6nigin Elisabeth II. begonnen. Bereits Stunden vor dem Beginn waren zahlreiche Fans der Royals in das Zentrum von London gestr\u00f6mt.\n            <\/div>\n<p><\/p>\n<div class=\"Text-root Text-type_5 ArticleView-text ViewText-root \">\n<p>Punkt 10 Uhr Ortszeit beegann in London die traditionelle Milit\u00e4rparade &#8220;Trooping the Colour&#8221;, mit der die offiziellen Feierlichkeiten zum 70. Thronjubil\u00e4um von K\u00f6nigin Elisabeth II. gestartet wurden. Die &#8220;Queen&#8221; selbst zeigte sich wenig sp\u00e4ter\u00a0mit ihrer Familie auf dem Balkon des Buckingham-Palasts in der britischen Hauptstadt und nahm den Gru\u00df der Milit\u00e4rparade entgegen.<\/p>\n<div class=\"EmbedBlock-root EmbedBlock-twitter\">\n<div class=\"TwitterEmbed\">\n<blockquote class=\"twitter-tweet lazyload\" data-twitter=\"twitter-tweet\">\n<p lang=\"en\" dir=\"ltr\">Queen Elizabeth II and Prince Edward, Duke of Kent on the balcony of Buckingham Palace during the Trooping the Colour parade in London ???????? <a rel=\"nofollow noopener\" target=\"_blank\" href=\"https:\/\/t.co\/otEX12CYHR\">pic.twitter.com\/otEX12CYHR<\/a><\/p>\n<p>\u2014 ????????DYNASTIE ROYALE???????? (@RoyaleDynastie) <a rel=\"nofollow noopener\" target=\"_blank\" href=\"https:\/\/twitter.com\/RoyaleDynastie\/status\/1532339486297886721?ref_src=twsrc%5Etfw\">June 2, 2022<\/a><\/p><\/blockquote>\n<\/div>\n<\/div>\n<p>Bei strahlendem Sonnenschein stand der Auftakt der viert\u00e4gigen Jubil\u00e4umsfeier im Zeichen der britischen Streitkr\u00e4fte. Das Milit\u00e4r ehrte seine Oberbefehlshaberin mit der traditionellen Parade &#8220;Trooping the Colour&#8221;, mit einem Formationsflug von mehr als 70 Flugzeugen und Helikoptern sowie Dutzenden von Salutsalven.<\/p>\n<p>Die K\u00f6nigin beobachtete den &#8220;Flypast&#8221; vom Buckingham-Palast aus, mit ihren engsten Familienmitgliedern wie ihren S\u00f6hnen Prinz Charles und Prinz Edward sowie Enkel Prinz William, begleitet von deren Familienmitgliedern.\u00a0<\/p>\n<div class=\"EmbedBlock-root EmbedBlock-twitter\">\n<div class=\"TwitterEmbed\">\n<blockquote class=\"twitter-tweet lazyload\" data-twitter=\"twitter-tweet\">\n<p lang=\"en\" dir=\"ltr\">The Queen and Royal family watch the RAF flypast over Buckingham Palace for the <a rel=\"nofollow noopener\" target=\"_blank\" href=\"https:\/\/twitter.com\/hashtag\/PlatinumJubilee?src=hash&amp;ref_src=twsrc%5Etfw\">#PlatinumJubilee<\/a><a rel=\"nofollow noopener\" target=\"_blank\" href=\"https:\/\/t.co\/eK1x4o9XBa\">https:\/\/t.co\/eK1x4o9XBa<\/a><a rel=\"nofollow noopener\" target=\"_blank\" href=\"https:\/\/t.co\/Zs46ZNwgZG\">pic.twitter.com\/Zs46ZNwgZG<\/a><\/p>\n<p>\u2014 ITV News (@itvnews) <a rel=\"nofollow noopener\" target=\"_blank\" href=\"https:\/\/twitter.com\/itvnews\/status\/1532352695830560769?ref_src=twsrc%5Etfw\">June 2, 2022<\/a><\/p><\/blockquote>\n<\/div>\n<\/div>\n<p>Mehr als 70 Hubschrauber und Flugzeuge der Royal Air Force, darunter Apache-Helikopter und Kampfjets vom Typ Typhoon flogen am Donnerstagmittag insgesamt sechs Minuten am Himmel \u00fcber London. Auch Maschinen, die an Eins\u00e4tzen im Ausland beteiligt waren, kamen zum Vorbeiflug, wie das Verteidigungsministerium mitteilte.<\/p>\n<div class=\"EmbedBlock-root EmbedBlock-twitter\">\n<div class=\"TwitterEmbed\">\n<blockquote class=\"twitter-tweet lazyload\" data-twitter=\"twitter-tweet\">\n<p lang=\"en\" dir=\"ltr\">What a breathtaking <a rel=\"nofollow noopener\" target=\"_blank\" href=\"https:\/\/twitter.com\/RoyalAirForce?ref_src=twsrc%5Etfw\">@RoyalAirForce<\/a> flypast to celebrate HM The Queen\u2019s Platinum Jubilee. There were 70 aircrafts taking part in the flyover and one of them was the 303 Squadron\u2019s Hurricane with a Polish checkerboard! <a rel=\"nofollow noopener\" target=\"_blank\" href=\"https:\/\/twitter.com\/PolishEmbassyUK?ref_src=twsrc%5Etfw\">@PolishEmbassyUK<\/a><a rel=\"nofollow noopener\" target=\"_blank\" href=\"https:\/\/twitter.com\/PLInst_London?ref_src=twsrc%5Etfw\">@PLInst_London<\/a><a rel=\"nofollow noopener\" target=\"_blank\" href=\"https:\/\/twitter.com\/hashtag\/platinumjubilee?src=hash&amp;ref_src=twsrc%5Etfw\">#platinumjubilee<\/a><a rel=\"nofollow noopener\" target=\"_blank\" href=\"https:\/\/t.co\/TBGJGNaUgN\">pic.twitter.com\/TBGJGNaUgN<\/a><\/p>\n<p>\u2014 British Poles (@britishpoles) <a rel=\"nofollow noopener\" target=\"_blank\" href=\"https:\/\/twitter.com\/britishpoles\/status\/1532352834015993857?ref_src=twsrc%5Etfw\">June 2, 2022<\/a><\/p><\/blockquote>\n<\/div>\n<\/div>\n<div class=\"EmbedBlock-root EmbedBlock-twitter\">\n<div class=\"TwitterEmbed\">\n<blockquote class=\"twitter-tweet lazyload\" data-twitter=\"twitter-tweet\">\n<p lang=\"en\" dir=\"ltr\"><a rel=\"nofollow noopener\" target=\"_blank\" href=\"https:\/\/twitter.com\/hashtag\/PlatinumJubilee?src=hash&amp;ref_src=twsrc%5Etfw\">#PlatinumJubilee<\/a><a rel=\"nofollow noopener\" target=\"_blank\" href=\"https:\/\/twitter.com\/hashtag\/QueenElizabeth?src=hash&amp;ref_src=twsrc%5Etfw\">#QueenElizabeth<\/a>The six-minute flypast of more First to appear in the London skies were the Royal Navy Wildcat, Royal Navy Merlin and British Army Apache helicopters. <a rel=\"nofollow noopener\" target=\"_blank\" href=\"https:\/\/t.co\/WMrAjwkmOy\">pic.twitter.com\/WMrAjwkmOy<\/a><\/p>\n<p>\u2014 James J. Marlow (@James_J_Marlow) <a rel=\"nofollow noopener\" target=\"_blank\" href=\"https:\/\/twitter.com\/James_J_Marlow\/status\/1532343357522984960?ref_src=twsrc%5Etfw\">June 2, 2022<\/a><\/p><\/blockquote>\n<\/div>\n<\/div>\n<p>Der Thronfolger Prinz Charles nahm zuvor in Vertretung seiner Mutter die Milit\u00e4rschau auf dem Gel\u00e4nde <a rel=\"nofollow noopener\" target=\"_blank\" href=\"https:\/\/en.wikipedia.org\/wiki\/Horse_Guards_Parade\">Horse Guards Parade<\/a> ab. An seiner Seite waren sein Sohn Prinz William und seine Schwester Prinzessin Anne.<\/p>\n<p>Bei Sonnenschein marschierten mehr als 1.200 Offiziere und Soldaten in roten Gala-Uniformen und mit den ber\u00fchmten B\u00e4renfellm\u00fctzen auf, hunderte Milit\u00e4rmusiker spielten zu Ehren der Monarchin. Die 96-J\u00e4hrige, die zuletzt gesundheitlich angeschlagen war, verfolgte das Spektakel im nahe gelegenen Buckingham-Palast.<\/p>\n<div class=\"EmbedBlock-root EmbedBlock-twitter\">\n<div class=\"TwitterEmbed\">\n<blockquote class=\"twitter-tweet lazyload\" data-twitter=\"twitter-tweet\">\n<p lang=\"en\" dir=\"ltr\">Members of the Household Cavalry march during the Trooping the Colour parade in London. Trooping The Colour, also known as The Queen&#8217;s Birthday Parade, is a military ceremony performed by regiments of the British Army that has taken place since the mid 17th century.???????? <a rel=\"nofollow noopener\" target=\"_blank\" href=\"https:\/\/t.co\/lAcHdFW0sN\">pic.twitter.com\/lAcHdFW0sN<\/a><\/p>\n<p>\u2014 ????????DYNASTIE ROYALE???????? (@RoyaleDynastie) <a rel=\"nofollow noopener\" target=\"_blank\" href=\"https:\/\/twitter.com\/RoyaleDynastie\/status\/1532336684787982337?ref_src=twsrc%5Etfw\">June 2, 2022<\/a><\/p><\/blockquote>\n<\/div>\n<\/div>\n<p>Bereits Stunden vor dem Beginn der Feierlichkeiten zum Thronjubil\u00e4um der K\u00f6nigin waren zahlreiche Fans der Royals ins Zentrum von London gestr\u00f6mt.\u00a0Rund um den ber\u00fchmten Buckingham-Palast sind bereits seit Tagen Absperrungen aufgebaut und Stra\u00dfen gesperrt.<\/p>\n<p>&#8220;Trooping the Colour&#8221; findet seit 1748 als Geburtstagsparade f\u00fcr das Staatsoberhaupt statt. Dabei marschiert zu Ehren der Monarchin die sogenannte Household Division auf, die k\u00f6nigliche Leibgarde. Jedes Jahr werden die Farben \u2013 die &#8220;Colours&#8221; \u2013 eines der Regimenter paradiert, daher der Name. In diesem Jahr steht das erste Bataillon der Irish Guards im Mittelpunkt. Maskottchen der im Jahr 1900 gegr\u00fcndeten Irish Guards ist ein Irischer Wolfshund, der ebenfalls an der Parade teilnahm.<\/p>\n<div class=\"EmbedBlock-root EmbedBlock-twitter\">\n<div class=\"TwitterEmbed\">\n<blockquote class=\"twitter-tweet lazyload\" data-twitter=\"twitter-tweet\">\n<p lang=\"en\" dir=\"ltr\">The mascot Irish wolfhound dog of the Irish Guards, a regiment of the Household Division Foot Guards, walks with its handler during the Trooping the Colour parade in London ???????? <a rel=\"nofollow noopener\" target=\"_blank\" href=\"https:\/\/t.co\/13Ua8DdZfI\">pic.twitter.com\/13Ua8DdZfI<\/a><\/p>\n<p>\u2014 ????????DYNASTIE ROYALE???????? (@RoyaleDynastie) <a rel=\"nofollow noopener\" target=\"_blank\" href=\"https:\/\/twitter.com\/RoyaleDynastie\/status\/1532338802831810561?ref_src=twsrc%5Etfw\">June 2, 2022<\/a><\/p><\/blockquote>\n<\/div>\n<\/div>\n<p>Die K\u00f6nigin hatte eigentlich am 21. April Geburtstag. Wegen des dann meist besseren Wetters h\u00e4lt sie aber an der von ihrem Urgro\u00dfvater K\u00f6nig Edward VII. begr\u00fcndeten Tradition fest, diese Parade in einem w\u00e4rmeren Monat abzuhalten.<\/p>\n<p><strong>Mehr zum Thema<\/strong> &#8211; <a rel=\"nofollow noopener\" target=\"_blank\" href=\"https:\/\/de.rt.com\/international\/137677-sicherheitspanne-in-schloss-windsor-falscher\/\">Sicherheitspanne in Schloss Windsor: &#8220;Falscher Priester&#8221; bei den Wachen der Queen<\/a><\/p>\n<p>(rt\/dpa)<\/p>\n<\/div>\n<p><script async src=\"https:\/\/platform.twitter.com\/widgets.js\" charset=\"utf-8\"><\/script><br \/>\n<br \/><br \/>\n<br \/><a href=\"https:\/\/de.rt.com\/europa\/140053-london-feiert-70-thronjubilaum-von\/\">Source link <\/a><\/p>\n","protected":false},"excerpt":{"rendered":"<p>Mit der traditionellen Parade &#8220;Trooping the Colour&#8221; haben in London die offiziellen Feierlichkeiten zum Geburtstag und zugleich zum 70. Thronjubil\u00e4um von K\u00f6nigin Elisabeth II. begonnen. Bereits Stunden vor dem Beginn waren zahlreiche Fans der Royals in das Zentrum von London gestr\u00f6mt. Punkt 10 Uhr Ortszeit beegann in London die traditionelle Milit\u00e4rparade &#8220;Trooping the Colour&#8221;, mit [&hellip;]<\/p>\n","protected":false},"author":3,"featured_media":9625,"comment_status":"open","ping_status":"open","sticky":false,"template":"","format":"standard","meta":{"wp_automatic_camp":["217"],"b0ffea9e1a736b2fcc80629ba110a0a2":["London feiert 70. Thronjubil\u00e4um von K\u00f6nigin Elisabeth II."],"original_link":["https:\/\/de.rt.com\/europa\/140053-london-feiert-70-thronjubilaum-von\/"],"_thumbnail_id":["9625"],"_wptg_p2tg_sent2tg":["2022-06-02 18:32:14"],"jnews_social_counter_last_update":["1777318754"]},"categories":[19,23],"tags":[22872,11639,22871,5306,22870,50],"yoast_head":"<!-- This site is optimized with the Yoast SEO Premium plugin v22.7 (Yoast SEO v22.7) - https:\/\/yoast.com\/wordpress\/plugins\/seo\/ -->\n<title>London feiert 70. Thronjubil\u00e4um von K\u00f6nigin Elisabeth II. - just-now.NEWS Deutschland<\/title>\n<meta name=\"robots\" content=\"index, follow, max-snippet:-1, max-image-preview:large, max-video-preview:-1\" \/>\n<link rel=\"canonical\" href=\"https:\/\/now-news.de\/de\/deutschland\/london-feiert-70-thronjubilaeum-von-koenigin-elisabeth-ii\/\" \/>\n<meta property=\"og:locale\" content=\"de_DE\" \/>\n<meta property=\"og:type\" content=\"article\" \/>\n<meta property=\"og:title\" content=\"London feiert 70. Thronjubil\u00e4um von K\u00f6nigin Elisabeth II.\" \/>\n<meta property=\"og:description\" content=\"Mit der traditionellen Parade &#8220;Trooping the Colour&#8221; haben in London die offiziellen Feierlichkeiten zum Geburtstag und zugleich zum 70. Thronjubil\u00e4um von K\u00f6nigin Elisabeth II. begonnen. Bereits Stunden vor dem Beginn waren zahlreiche Fans der Royals in das Zentrum von London gestr\u00f6mt. Punkt 10 Uhr Ortszeit beegann in London die traditionelle Milit\u00e4rparade &#8220;Trooping the Colour&#8221;, mit [&hellip;]\" \/>\n<meta property=\"og:url\" content=\"https:\/\/now-news.de\/de\/deutschland\/london-feiert-70-thronjubilaeum-von-koenigin-elisabeth-ii\/\" \/>\n<meta property=\"og:site_name\" content=\"just-now.NEWS Deutschland\" \/>\n<meta property=\"article:publisher\" content=\"https:\/\/www.facebook.com\/wirmachenauf\" \/>\n<meta property=\"article:published_time\" content=\"2022-06-02T16:16:55+00:00\" \/>\n<meta property=\"og:image\" content=\"https:\/\/now-news.de\/de\/wp-content\/uploads\/sites\/3\/2022\/06\/London-feiert-70-Thronjubilaeum-von-Koenigin-Elisabeth-II.jpg\" \/>\n\t<meta property=\"og:image:width\" content=\"460\" \/>\n\t<meta property=\"og:image:height\" content=\"259\" \/>\n\t<meta property=\"og:image:type\" content=\"image\/jpeg\" \/>\n<meta name=\"author\" content=\"rtnews\" \/>\n<meta name=\"twitter:card\" content=\"summary_large_image\" \/>\n<meta name=\"twitter:creator\" content=\"@WirMachenAuf_de\" \/>\n<meta name=\"twitter:site\" content=\"@WirMachenAuf_de\" \/>\n<meta name=\"twitter:label1\" content=\"Verfasst von\" \/>\n\t<meta name=\"twitter:data1\" content=\"rtnews\" \/>\n\t<meta name=\"twitter:label2\" content=\"Gesch\u00e4tzte Lesezeit\" \/>\n\t<meta name=\"twitter:data2\" content=\"3\u00a0Minuten\" \/>\n<script type=\"application\/ld+json\" class=\"yoast-schema-graph\">{\"@context\":\"https:\/\/schema.org\",\"@graph\":[{\"@type\":\"Article\",\"@id\":\"https:\/\/now-news.de\/de\/deutschland\/london-feiert-70-thronjubilaeum-von-koenigin-elisabeth-ii\/#article\",\"isPartOf\":{\"@id\":\"https:\/\/now-news.de\/de\/deutschland\/london-feiert-70-thronjubilaeum-von-koenigin-elisabeth-ii\/\"},\"author\":{\"name\":\"rtnews\",\"@id\":\"https:\/\/now-news.de\/de\/#\/schema\/person\/fb534a4e865501d8b3285208df34a9b5\"},\"headline\":\"London feiert 70. Thronjubil\u00e4um von K\u00f6nigin Elisabeth II.\",\"datePublished\":\"2022-06-02T16:16:55+00:00\",\"dateModified\":\"2022-06-02T16:16:55+00:00\",\"mainEntityOfPage\":{\"@id\":\"https:\/\/now-news.de\/de\/deutschland\/london-feiert-70-thronjubilaeum-von-koenigin-elisabeth-ii\/\"},\"wordCount\":710,\"commentCount\":0,\"publisher\":{\"@id\":\"https:\/\/now-news.de\/de\/#organization\"},\"image\":{\"@id\":\"https:\/\/now-news.de\/de\/deutschland\/london-feiert-70-thronjubilaeum-von-koenigin-elisabeth-ii\/#primaryimage\"},\"thumbnailUrl\":\"https:\/\/now-news.de\/de\/wp-content\/uploads\/sites\/3\/2022\/06\/London-feiert-70-Thronjubilaeum-von-Koenigin-Elisabeth-II.jpg\",\"keywords\":[\"Elisabeth\",\"feiert\",\"K\u00f6nigin\",\"london\",\"Thronjubil\u00e4um\",\"von\"],\"articleSection\":[\"Deutschland\",\"Russland\"],\"inLanguage\":\"de\",\"potentialAction\":[{\"@type\":\"CommentAction\",\"name\":\"Comment\",\"target\":[\"https:\/\/now-news.de\/de\/deutschland\/london-feiert-70-thronjubilaeum-von-koenigin-elisabeth-ii\/#respond\"]}]},{\"@type\":\"WebPage\",\"@id\":\"https:\/\/now-news.de\/de\/deutschland\/london-feiert-70-thronjubilaeum-von-koenigin-elisabeth-ii\/\",\"url\":\"https:\/\/now-news.de\/de\/deutschland\/london-feiert-70-thronjubilaeum-von-koenigin-elisabeth-ii\/\",\"name\":\"London feiert 70. Thronjubil\u00e4um von K\u00f6nigin Elisabeth II. - just-now.NEWS Deutschland\",\"isPartOf\":{\"@id\":\"https:\/\/now-news.de\/de\/#website\"},\"primaryImageOfPage\":{\"@id\":\"https:\/\/now-news.de\/de\/deutschland\/london-feiert-70-thronjubilaeum-von-koenigin-elisabeth-ii\/#primaryimage\"},\"image\":{\"@id\":\"https:\/\/now-news.de\/de\/deutschland\/london-feiert-70-thronjubilaeum-von-koenigin-elisabeth-ii\/#primaryimage\"},\"thumbnailUrl\":\"https:\/\/now-news.de\/de\/wp-content\/uploads\/sites\/3\/2022\/06\/London-feiert-70-Thronjubilaeum-von-Koenigin-Elisabeth-II.jpg\",\"datePublished\":\"2022-06-02T16:16:55+00:00\",\"dateModified\":\"2022-06-02T16:16:55+00:00\",\"breadcrumb\":{\"@id\":\"https:\/\/now-news.de\/de\/deutschland\/london-feiert-70-thronjubilaeum-von-koenigin-elisabeth-ii\/#breadcrumb\"},\"inLanguage\":\"de\",\"potentialAction\":[{\"@type\":\"ReadAction\",\"target\":[\"https:\/\/now-news.de\/de\/deutschland\/london-feiert-70-thronjubilaeum-von-koenigin-elisabeth-ii\/\"]}]},{\"@type\":\"ImageObject\",\"inLanguage\":\"de\",\"@id\":\"https:\/\/now-news.de\/de\/deutschland\/london-feiert-70-thronjubilaeum-von-koenigin-elisabeth-ii\/#primaryimage\",\"url\":\"https:\/\/now-news.de\/de\/wp-content\/uploads\/sites\/3\/2022\/06\/London-feiert-70-Thronjubilaeum-von-Koenigin-Elisabeth-II.jpg\",\"contentUrl\":\"https:\/\/now-news.de\/de\/wp-content\/uploads\/sites\/3\/2022\/06\/London-feiert-70-Thronjubilaeum-von-Koenigin-Elisabeth-II.jpg\",\"width\":460,\"height\":259,\"caption\":\"London feiert 70. Thronjubil\u00e4um von K\u00f6nigin Elisabeth II.\"},{\"@type\":\"BreadcrumbList\",\"@id\":\"https:\/\/now-news.de\/de\/deutschland\/london-feiert-70-thronjubilaeum-von-koenigin-elisabeth-ii\/#breadcrumb\",\"itemListElement\":[{\"@type\":\"ListItem\",\"position\":1,\"name\":\"Home\",\"item\":\"https:\/\/now-news.de\/de\/\"},{\"@type\":\"ListItem\",\"position\":2,\"name\":\"London feiert 70. Thronjubil\u00e4um von K\u00f6nigin Elisabeth II.\"}]},{\"@type\":\"WebSite\",\"@id\":\"https:\/\/now-news.de\/de\/#website\",\"url\":\"https:\/\/now-news.de\/de\/\",\"name\":\"just-now.NEWS Deutschland\",\"description\":\"Das Portal f\u00fcr unzensierte Nachrichten aus der Welt\",\"publisher\":{\"@id\":\"https:\/\/now-news.de\/de\/#organization\"},\"potentialAction\":[{\"@type\":\"SearchAction\",\"target\":{\"@type\":\"EntryPoint\",\"urlTemplate\":\"https:\/\/now-news.de\/de\/?s={search_term_string}\"},\"query-input\":\"required name=search_term_string\"}],\"inLanguage\":\"de\"},{\"@type\":\"Organization\",\"@id\":\"https:\/\/now-news.de\/de\/#organization\",\"name\":\"Just Now News\",\"url\":\"https:\/\/now-news.de\/de\/\",\"logo\":{\"@type\":\"ImageObject\",\"inLanguage\":\"de\",\"@id\":\"https:\/\/now-news.de\/de\/#\/schema\/logo\/image\/\",\"url\":\"http:\/\/just-now.news\/de\/wp-content\/uploads\/sites\/3\/2022\/04\/logo500x500.jpg\",\"contentUrl\":\"http:\/\/just-now.news\/de\/wp-content\/uploads\/sites\/3\/2022\/04\/logo500x500.jpg\",\"width\":500,\"height\":500,\"caption\":\"Just Now News\"},\"image\":{\"@id\":\"https:\/\/now-news.de\/de\/#\/schema\/logo\/image\/\"},\"sameAs\":[\"https:\/\/www.facebook.com\/wirmachenauf\",\"https:\/\/x.com\/WirMachenAuf_de\"]},{\"@type\":\"Person\",\"@id\":\"https:\/\/now-news.de\/de\/#\/schema\/person\/fb534a4e865501d8b3285208df34a9b5\",\"name\":\"rtnews\",\"image\":{\"@type\":\"ImageObject\",\"inLanguage\":\"de\",\"@id\":\"https:\/\/now-news.de\/de\/#\/schema\/person\/image\/\",\"url\":\"https:\/\/secure.gravatar.com\/avatar\/82aafea7d8127119dd649515f56e2117?s=96&d=mm&r=g\",\"contentUrl\":\"https:\/\/secure.gravatar.com\/avatar\/82aafea7d8127119dd649515f56e2117?s=96&d=mm&r=g\",\"caption\":\"rtnews\"},\"url\":\"https:\/\/now-news.de\/de\/author\/rnews\/\"}]}<\/script>\n<!-- \/ Yoast SEO Premium plugin. -->","yoast_head_json":{"title":"London feiert 70. Thronjubil\u00e4um von K\u00f6nigin Elisabeth II. - just-now.NEWS Deutschland","robots":{"index":"index","follow":"follow","max-snippet":"max-snippet:-1","max-image-preview":"max-image-preview:large","max-video-preview":"max-video-preview:-1"},"canonical":"https:\/\/now-news.de\/de\/deutschland\/london-feiert-70-thronjubilaeum-von-koenigin-elisabeth-ii\/","og_locale":"de_DE","og_type":"article","og_title":"London feiert 70. Thronjubil\u00e4um von K\u00f6nigin Elisabeth II.","og_description":"Mit der traditionellen Parade &#8220;Trooping the Colour&#8221; haben in London die offiziellen Feierlichkeiten zum Geburtstag und zugleich zum 70. Thronjubil\u00e4um von K\u00f6nigin Elisabeth II. begonnen. Bereits Stunden vor dem Beginn waren zahlreiche Fans der Royals in das Zentrum von London gestr\u00f6mt. Punkt 10 Uhr Ortszeit beegann in London die traditionelle Milit\u00e4rparade &#8220;Trooping the Colour&#8221;, mit [&hellip;]","og_url":"https:\/\/now-news.de\/de\/deutschland\/london-feiert-70-thronjubilaeum-von-koenigin-elisabeth-ii\/","og_site_name":"just-now.NEWS Deutschland","article_publisher":"https:\/\/www.facebook.com\/wirmachenauf","article_published_time":"2022-06-02T16:16:55+00:00","og_image":[{"width":460,"height":259,"url":"https:\/\/now-news.de\/de\/wp-content\/uploads\/sites\/3\/2022\/06\/London-feiert-70-Thronjubilaeum-von-Koenigin-Elisabeth-II.jpg","type":"image\/jpeg"}],"author":"rtnews","twitter_card":"summary_large_image","twitter_creator":"@WirMachenAuf_de","twitter_site":"@WirMachenAuf_de","twitter_misc":{"Verfasst von":"rtnews","Gesch\u00e4tzte Lesezeit":"3\u00a0Minuten"},"schema":{"@context":"https:\/\/schema.org","@graph":[{"@type":"Article","@id":"https:\/\/now-news.de\/de\/deutschland\/london-feiert-70-thronjubilaeum-von-koenigin-elisabeth-ii\/#article","isPartOf":{"@id":"https:\/\/now-news.de\/de\/deutschland\/london-feiert-70-thronjubilaeum-von-koenigin-elisabeth-ii\/"},"author":{"name":"rtnews","@id":"https:\/\/now-news.de\/de\/#\/schema\/person\/fb534a4e865501d8b3285208df34a9b5"},"headline":"London feiert 70. Thronjubil\u00e4um von K\u00f6nigin Elisabeth II.","datePublished":"2022-06-02T16:16:55+00:00","dateModified":"2022-06-02T16:16:55+00:00","mainEntityOfPage":{"@id":"https:\/\/now-news.de\/de\/deutschland\/london-feiert-70-thronjubilaeum-von-koenigin-elisabeth-ii\/"},"wordCount":710,"commentCount":0,"publisher":{"@id":"https:\/\/now-news.de\/de\/#organization"},"image":{"@id":"https:\/\/now-news.de\/de\/deutschland\/london-feiert-70-thronjubilaeum-von-koenigin-elisabeth-ii\/#primaryimage"},"thumbnailUrl":"https:\/\/now-news.de\/de\/wp-content\/uploads\/sites\/3\/2022\/06\/London-feiert-70-Thronjubilaeum-von-Koenigin-Elisabeth-II.jpg","keywords":["Elisabeth","feiert","K\u00f6nigin","london","Thronjubil\u00e4um","von"],"articleSection":["Deutschland","Russland"],"inLanguage":"de","potentialAction":[{"@type":"CommentAction","name":"Comment","target":["https:\/\/now-news.de\/de\/deutschland\/london-feiert-70-thronjubilaeum-von-koenigin-elisabeth-ii\/#respond"]}]},{"@type":"WebPage","@id":"https:\/\/now-news.de\/de\/deutschland\/london-feiert-70-thronjubilaeum-von-koenigin-elisabeth-ii\/","url":"https:\/\/now-news.de\/de\/deutschland\/london-feiert-70-thronjubilaeum-von-koenigin-elisabeth-ii\/","name":"London feiert 70. Thronjubil\u00e4um von K\u00f6nigin Elisabeth II. - just-now.NEWS Deutschland","isPartOf":{"@id":"https:\/\/now-news.de\/de\/#website"},"primaryImageOfPage":{"@id":"https:\/\/now-news.de\/de\/deutschland\/london-feiert-70-thronjubilaeum-von-koenigin-elisabeth-ii\/#primaryimage"},"image":{"@id":"https:\/\/now-news.de\/de\/deutschland\/london-feiert-70-thronjubilaeum-von-koenigin-elisabeth-ii\/#primaryimage"},"thumbnailUrl":"https:\/\/now-news.de\/de\/wp-content\/uploads\/sites\/3\/2022\/06\/London-feiert-70-Thronjubilaeum-von-Koenigin-Elisabeth-II.jpg","datePublished":"2022-06-02T16:16:55+00:00","dateModified":"2022-06-02T16:16:55+00:00","breadcrumb":{"@id":"https:\/\/now-news.de\/de\/deutschland\/london-feiert-70-thronjubilaeum-von-koenigin-elisabeth-ii\/#breadcrumb"},"inLanguage":"de","potentialAction":[{"@type":"ReadAction","target":["https:\/\/now-news.de\/de\/deutschland\/london-feiert-70-thronjubilaeum-von-koenigin-elisabeth-ii\/"]}]},{"@type":"ImageObject","inLanguage":"de","@id":"https:\/\/now-news.de\/de\/deutschland\/london-feiert-70-thronjubilaeum-von-koenigin-elisabeth-ii\/#primaryimage","url":"https:\/\/now-news.de\/de\/wp-content\/uploads\/sites\/3\/2022\/06\/London-feiert-70-Thronjubilaeum-von-Koenigin-Elisabeth-II.jpg","contentUrl":"https:\/\/now-news.de\/de\/wp-content\/uploads\/sites\/3\/2022\/06\/London-feiert-70-Thronjubilaeum-von-Koenigin-Elisabeth-II.jpg","width":460,"height":259,"caption":"London feiert 70. Thronjubil\u00e4um von K\u00f6nigin Elisabeth II."},{"@type":"BreadcrumbList","@id":"https:\/\/now-news.de\/de\/deutschland\/london-feiert-70-thronjubilaeum-von-koenigin-elisabeth-ii\/#breadcrumb","itemListElement":[{"@type":"ListItem","position":1,"name":"Home","item":"https:\/\/now-news.de\/de\/"},{"@type":"ListItem","position":2,"name":"London feiert 70. Thronjubil\u00e4um von K\u00f6nigin Elisabeth II."}]},{"@type":"WebSite","@id":"https:\/\/now-news.de\/de\/#website","url":"https:\/\/now-news.de\/de\/","name":"just-now.NEWS Deutschland","description":"Das Portal f\u00fcr unzensierte Nachrichten aus der Welt","publisher":{"@id":"https:\/\/now-news.de\/de\/#organization"},"potentialAction":[{"@type":"SearchAction","target":{"@type":"EntryPoint","urlTemplate":"https:\/\/now-news.de\/de\/?s={search_term_string}"},"query-input":"required name=search_term_string"}],"inLanguage":"de"},{"@type":"Organization","@id":"https:\/\/now-news.de\/de\/#organization","name":"Just Now News","url":"https:\/\/now-news.de\/de\/","logo":{"@type":"ImageObject","inLanguage":"de","@id":"https:\/\/now-news.de\/de\/#\/schema\/logo\/image\/","url":"http:\/\/just-now.news\/de\/wp-content\/uploads\/sites\/3\/2022\/04\/logo500x500.jpg","contentUrl":"http:\/\/just-now.news\/de\/wp-content\/uploads\/sites\/3\/2022\/04\/logo500x500.jpg","width":500,"height":500,"caption":"Just Now News"},"image":{"@id":"https:\/\/now-news.de\/de\/#\/schema\/logo\/image\/"},"sameAs":["https:\/\/www.facebook.com\/wirmachenauf","https:\/\/x.com\/WirMachenAuf_de"]},{"@type":"Person","@id":"https:\/\/now-news.de\/de\/#\/schema\/person\/fb534a4e865501d8b3285208df34a9b5","name":"rtnews","image":{"@type":"ImageObject","inLanguage":"de","@id":"https:\/\/now-news.de\/de\/#\/schema\/person\/image\/","url":"https:\/\/secure.gravatar.com\/avatar\/82aafea7d8127119dd649515f56e2117?s=96&d=mm&r=g","contentUrl":"https:\/\/secure.gravatar.com\/avatar\/82aafea7d8127119dd649515f56e2117?s=96&d=mm&r=g","caption":"rtnews"},"url":"https:\/\/now-news.de\/de\/author\/rnews\/"}]}},"_links":{"self":[{"href":"https:\/\/now-news.de\/de\/wp-json\/wp\/v2\/posts\/9624"}],"collection":[{"href":"https:\/\/now-news.de\/de\/wp-json\/wp\/v2\/posts"}],"about":[{"href":"https:\/\/now-news.de\/de\/wp-json\/wp\/v2\/types\/post"}],"author":[{"embeddable":true,"href":"https:\/\/now-news.de\/de\/wp-json\/wp\/v2\/users\/3"}],"replies":[{"embeddable":true,"href":"https:\/\/now-news.de\/de\/wp-json\/wp\/v2\/comments?post=9624"}],"version-history":[{"count":0,"href":"https:\/\/now-news.de\/de\/wp-json\/wp\/v2\/posts\/9624\/revisions"}],"wp:featuredmedia":[{"embeddable":true,"href":"https:\/\/now-news.de\/de\/wp-json\/wp\/v2\/media\/9625"}],"wp:attachment":[{"href":"https:\/\/now-news.de\/de\/wp-json\/wp\/v2\/media?parent=9624"}],"wp:term":[{"taxonomy":"category","embeddable":true,"href":"https:\/\/now-news.de\/de\/wp-json\/wp\/v2\/categories?post=9624"},{"taxonomy":"post_tag","embeddable":true,"href":"https:\/\/now-news.de\/de\/wp-json\/wp\/v2\/tags?post=9624"}],"curies":[{"name":"wp","href":"https:\/\/api.w.org\/{rel}","templated":true}]}}