{"id":96199,"date":"2025-12-22T12:51:31","date_gmt":"2025-12-22T10:51:31","guid":{"rendered":"https:\/\/now-news.de\/de\/deutschland\/neue-insa-umfrage-die-meisten-deutschen-wuenschen-sich-weidel-als-kanzlerin\/"},"modified":"2025-12-22T12:51:31","modified_gmt":"2025-12-22T10:51:31","slug":"neue-insa-umfrage-die-meisten-deutschen-wuenschen-sich-weidel-als-kanzlerin","status":"publish","type":"post","link":"https:\/\/now-news.de\/de\/deutschland\/neue-insa-umfrage-die-meisten-deutschen-wuenschen-sich-weidel-als-kanzlerin\/","title":{"rendered":"Neue Insa-Umfrage: Die meisten Deutschen w\u00fcnschen sich Weidel als Kanzlerin"},"content":{"rendered":"<p><img decoding=\"async\" src=\"https:\/\/now-news.de\/de\/wp-content\/uploads\/sites\/3\/2025\/12\/6949143948fbef18690cfb42.jpg\" \/><\/p>\n<div class=\"Text-root Text-type_1 \">\n                Laut der j\u00fcngsten Insa-Umfrage im Auftrag der Bild-Zeitung w\u00fcrde sich bei einer hypothetischen Direktwahl des Bundeskanzlers die relative Mehrheit der Befragten f\u00fcr die AfD-Vorsitzende Alice Weidel entscheiden.\n            <\/div>\n<p><\/p>\n<div class=\"Text-root Text-type_5 ArticleView-text ViewText-root \">\n<p>Die zum Springer-Konzern geh\u00f6rende BILD-Zeitung hatte eine Umfrage bei INSA in Auftrag\u00a0<a rel=\"nofollow noopener\" target=\"_blank\" href=\"https:\/\/jungefreiheit.de\/politik\/deutschland\/2025\/die-meisten-deutschen-wuenschen-sich-weidel-als-kanzlerin\/\">gegeben<\/a>. Dabei ging es auch um die\u00a0<a rel=\"nofollow noopener\" target=\"_blank\" href=\"https:\/\/docs.google.com\/spreadsheets\/d\/1aT2f8yc8p9-XjOqFCTQ1nDeP5GEORu9QZDOtUwF8smI\/edit?gid=1579897364#gid=1579897364\">Kanzlerfrage<\/a>: Wen w\u00fcrden die Deutschen direkt zum Bundeskanzler\u00a0<a rel=\"nofollow noopener\" target=\"_blank\" href=\"https:\/\/x.com\/Wahlen_DE\/status\/2002787106037567938\">w\u00e4hlen<\/a>, wenn es das Wahlrecht erlauben w\u00fcrde (die Direktwahl des Regierungschefs durch das Wahlvolk ist in Deutschland nicht vorgesehen)?<\/p>\n<p>26 Prozent der Befragten w\u00fcrden dem Umfrageergebnis zufolge Alice Weidel zur Kanzlerin w\u00e4hlen, lediglich 20 Prozent sprachen sich f\u00fcr den derzeitigen Amtsinhaber Friedrich Merz aus. Vizekanzler und Bundesfinanzminister Lars Klingbeil von der SPD w\u00fcrden nur zw\u00f6lf Prozent gerne als deutschen Bundeskanzler sehen.<\/p>\n<p>Allerdings: Noch mehr als f\u00fcr Weidel, n\u00e4mlich 31 Prozent, entschieden sich f\u00fcr die Antwort: &#8220;f\u00fcr keinen davon&#8221;. Sieben Prozent sagten &#8220;wei\u00df nicht&#8221;, und vier Prozent machten keine Angaben.<\/p>\n<p>Die Umfrage belegt auf eindr\u00fcckliche Weise die hohe Zustimmung zu Weidel innerhalb der Anh\u00e4ngerschaft ihrer Partei: W\u00e4hrend sich 85 Prozent der AfD-Anh\u00e4nger f\u00fcr eine Kanzlerkandidatur Weidels aussprechen w\u00fcrden, f\u00e4nden lediglich 63 Prozent der Unionsanh\u00e4nger eine erneute Kanzlerschaft von Friedrich Merz bef\u00fcrwortenswert. Ferner w\u00fcrde lediglich ein geringer Anteil der W\u00e4hler der SPD eine Kanzlerschaft von Lars Klingbeil unterst\u00fctzen. Alice Weidel kann demnach auf eine breite Unterst\u00fctzung innerhalb der Partei, ihres Umfelds und der W\u00e4hlerschaft z\u00e4hlen.<\/p>\n<div class=\"EmbedBlock-root EmbedBlock-twitter\">\n<div class=\"TwitterEmbed\">\n<blockquote class=\"twitter-tweet lazyload\" data-twitter=\"twitter-tweet\">\n<p lang=\"de\" dir=\"ltr\">KANZLERFRAGE | Umfrage zur Kanzlerpr\u00e4ferenz INSA\/BILD am SonntagWeidel (AfD): 26%Merz (CDU): 20%Klingbeil (SPD): 12%Keiner davon: 31%Wei\u00df nicht\/ keine Angabe: 11%Verlauf: <a rel=\"nofollow noopener\" target=\"_blank\" href=\"https:\/\/t.co\/xcGLHuJobV\">https:\/\/t.co\/xcGLHuJobV<\/a><a rel=\"nofollow noopener\" target=\"_blank\" href=\"https:\/\/twitter.com\/hashtag\/btw29?src=hash&amp;ref_src=twsrc%5Etfw\">#btw29<\/a><a rel=\"nofollow noopener\" target=\"_blank\" href=\"https:\/\/t.co\/px2bwz71BL\">pic.twitter.com\/px2bwz71BL<\/a><\/p>\n<p>\u2014 Deutschland W\u00e4hlt (@Wahlen_DE) <a rel=\"nofollow noopener\" target=\"_blank\" href=\"https:\/\/twitter.com\/Wahlen_DE\/status\/2002787106037567938?ref_src=twsrc%5Etfw\">December 21, 2025<\/a><\/p><\/blockquote>\n<\/div>\n<\/div>\n<p>Der erste Platz f\u00fcr Weidel in der Kanzlerfrage ist allerdings kein Novum. Vor genau einem Jahr h\u00e4tten\u00a024 Prozent der Deutschen Weidel zur Kanzlerin gew\u00e4hlt. Bereits zu jenem Zeitpunkt rangierte die Vorsitzende der AfD noch vor dem amtierenden Kanzler, welcher mit einem Ergebnis von 20 Prozent den zweiten Platz belegte; die Popularit\u00e4t bei den W\u00e4hlern stellt demnach keine zwingende Voraussetzung f\u00fcr die Erlangung des Kanzleramtes dar.<\/p>\n<p>Die aktuelle Umfrage kann als Erfolg f\u00fcr Weidel gewertet werden, auch gegen\u00fcber innerparteilichen Konkurrenten wie Tino Chrupalla oder Bj\u00f6rn H\u00f6cke. Insbesondere Bj\u00f6rn H\u00f6cke birgt weiterhin ein erhebliches Polarisierungspotenzial, selbst innerhalb der AfD und ihres Umfelds. 38 Prozent der AfD-W\u00e4hler w\u00fcnschen sich mehr Einfluss f\u00fcr den th\u00fcringischen AfD-Landeschef, 39 Prozent sind dagegen. Im Vergleich dazu bef\u00fcrworten 92 Prozent der Anh\u00e4nger der AfD eine Ausweitung des Einflusses von Alice Weidel, die bereits den Vorsitz von Partei und Fraktion innehat.<\/p>\n<p>Bei der ebenfalls k\u00fcrzlich ver\u00f6ffentlichten INSA-Rangliste der popul\u00e4rsten Politiker <a rel=\"nofollow noopener\" target=\"_blank\" href=\"https:\/\/www.bild.de\/politik\/inland\/insa-politikerranking-wer-schaffts-auf-platz-2-der-beliebtheit-694036946b27cf8d0fbe815c\">belegt<\/a>\u00a0Weidel indes lediglich den f\u00fcnften Platz, hinter dem seit L\u00e4ngerem f\u00fchrenden Bundesminister der Verteidigung, Boris Pistorius (SPD), sowie den Unionspolitikern Markus S\u00f6der, Hendrik W\u00fcst und Alexander Dobrindt. Sie ist damit aber die beliebteste Frau in der deutschen Politik. Weidels Parteikollege und Mit-Fraktionsvorsitzender sowie Co-Parteichef Tino Chrupalla liegt weit abgeschlagen auf dem 18. Platz der Beliebtheitsskala \u2013 aber immerhin noch vor Bundeskanzler Friedrich Merz (Platz 19).<\/p>\n<p><strong>AfD weiter vorn<\/strong><\/p>\n<p>Bei der Sonntagsfrage gibt es indes kaum Ver\u00e4nderung: Die AfD (26 Prozent) bleibt zwei Punkte vor CDU\/CSU (24 Prozent). Auch die SPD bleibt bei 14 Prozent. Lediglich die Gr\u00fcnen legen um einen Punkt auf zw\u00f6lf Prozent zu. Dahinter folgt die Linke. BSW und FDP liegen stabil bei jeweils vier Prozent. Die anderen Parteien verlieren einen Punkt auf f\u00fcnf Prozent.<\/p>\n<p>Au\u00dferdem fragte Insa danach, wer im kommenden Jahr m\u00f6glichst viel Einfluss haben solle. Dabei f\u00e4llt auf, dass die W\u00e4hlerschaft der AfD hinsichtlich der Person Bj\u00f6rn H\u00f6cke eine gespaltene Haltung einnimmt. W\u00e4hrend 38 Prozent eine St\u00e4rkung des Einflusses des th\u00fcringischen Landeschefs bef\u00fcrworten, sprechen sich 39 Prozent dagegen aus. Im Vergleich dazu w\u00fcnschen sich 92 Prozent der W\u00e4hler der AfD einen gr\u00f6\u00dferen Einfluss von Frau Weidel, w\u00e4hrend sechs Prozent dies ablehnen.<\/p>\n<p><strong>Regierung und Merz: Unzufriedenheit weiterhin hoch<\/strong><\/p>\n<p>Die Bundesregierung und der Kanzler geraten derweil immer heftiger ins Stimmungstief. Auf die Frage &#8220;Sind Sie mit der Arbeit von Friedrich Merz als Bundeskanzler zufrieden oder unzufrieden?&#8221;, antworten nur noch 22 Prozent (minus einen Punkt) mit &#8220;zufrieden&#8221; und 66 Prozent mit &#8220;unzufrieden&#8221; (minus zwei Punkte).<\/p>\n<p>F\u00fcr die Bundesregierung insgesamt sieht es noch schlechter aus. 21 Prozent \u00e4u\u00dfern sich zufrieden mit ihr, wohingegen 69 Prozent ihre Unzufriedenheit bekunden. Jeder zehnte Befragte ist unentschlossen.\u00a0<\/p>\n<p><strong>Mehr zum Thema<\/strong> &#8211; <a rel=\"nofollow noopener\" target=\"_blank\" href=\"https:\/\/freedert.online\/kurzclips\/video\/265002-weidel-deutsche-kapieren-nicht-dass\/\">Weidel: &#8220;Deutsche kapieren nicht, dass es ein Wirtschaftskrieg gegen Deutschland ist&#8221;<\/a><\/p>\n<\/div>\n<p><script async src=\"https:\/\/platform.twitter.com\/widgets.js\" charset=\"utf-8\"><\/script><br \/>\n<br \/><br \/>\n<br \/><a href=\"https:\/\/de.rt.com\/inland\/265444-neue-insa-umfrage-meisten-deutschen-sich-weidel-kanzlerin\/\">Source link <\/a><\/p>\n","protected":false},"excerpt":{"rendered":"<p>Laut der j\u00fcngsten Insa-Umfrage im Auftrag der Bild-Zeitung w\u00fcrde sich bei einer hypothetischen Direktwahl des Bundeskanzlers die relative Mehrheit der Befragten f\u00fcr die AfD-Vorsitzende Alice Weidel entscheiden. Die zum Springer-Konzern geh\u00f6rende BILD-Zeitung hatte eine Umfrage bei INSA in Auftrag\u00a0gegeben. Dabei ging es auch um die\u00a0Kanzlerfrage: Wen w\u00fcrden die Deutschen direkt zum Bundeskanzler\u00a0w\u00e4hlen, wenn es das [&hellip;]<\/p>\n","protected":false},"author":3,"featured_media":96200,"comment_status":"open","ping_status":"open","sticky":false,"template":"","format":"standard","meta":{"_yoast_indexnow_last_ping":["1766401338"],"wp_automatic_camp":["217"],"f2ce87a7dd78da394ebefbd6b84471d0":["Neue Insa-Umfrage: Die meisten Deutschen w\u00fcnschen sich Weidel als Kanzlerin"],"original_link":["https:\/\/de.rt.com\/inland\/265444-neue-insa-umfrage-meisten-deutschen-sich-weidel-kanzlerin\/"],"_thumbnail_id":["96200"],"jnews_social_counter_last_update":["1777416062"],"_wptgpro_p2tg_sent2tg":["a:1:{i:23737;s:19:\"2025-12-22 13:03:31\";}"]},"categories":[19,23],"tags":[273,577,45,44051,45904,22491,1227,434,20441,27561],"yoast_head":"<!-- This site is optimized with the Yoast SEO Premium plugin v22.7 (Yoast SEO v22.7) - https:\/\/yoast.com\/wordpress\/plugins\/seo\/ -->\n<title>Neue Insa-Umfrage: Die meisten Deutschen w\u00fcnschen sich Weidel als Kanzlerin - just-now.NEWS Deutschland<\/title>\n<meta name=\"robots\" content=\"index, follow, max-snippet:-1, max-image-preview:large, max-video-preview:-1\" \/>\n<link rel=\"canonical\" href=\"https:\/\/now-news.de\/de\/deutschland\/neue-insa-umfrage-die-meisten-deutschen-wuenschen-sich-weidel-als-kanzlerin\/\" \/>\n<meta property=\"og:locale\" content=\"de_DE\" \/>\n<meta property=\"og:type\" content=\"article\" \/>\n<meta property=\"og:title\" content=\"Neue Insa-Umfrage: Die meisten Deutschen w\u00fcnschen sich Weidel als Kanzlerin\" \/>\n<meta property=\"og:description\" content=\"Laut der j\u00fcngsten Insa-Umfrage im Auftrag der Bild-Zeitung w\u00fcrde sich bei einer hypothetischen Direktwahl des Bundeskanzlers die relative Mehrheit der Befragten f\u00fcr die AfD-Vorsitzende Alice Weidel entscheiden. Die zum Springer-Konzern geh\u00f6rende BILD-Zeitung hatte eine Umfrage bei INSA in Auftrag\u00a0gegeben. Dabei ging es auch um die\u00a0Kanzlerfrage: Wen w\u00fcrden die Deutschen direkt zum Bundeskanzler\u00a0w\u00e4hlen, wenn es das [&hellip;]\" \/>\n<meta property=\"og:url\" content=\"https:\/\/now-news.de\/de\/deutschland\/neue-insa-umfrage-die-meisten-deutschen-wuenschen-sich-weidel-als-kanzlerin\/\" \/>\n<meta property=\"og:site_name\" content=\"just-now.NEWS Deutschland\" \/>\n<meta property=\"article:publisher\" content=\"https:\/\/www.facebook.com\/wirmachenauf\" \/>\n<meta property=\"article:published_time\" content=\"2025-12-22T10:51:31+00:00\" \/>\n<meta property=\"og:image\" content=\"https:\/\/now-news.de\/de\/wp-content\/uploads\/sites\/3\/2025\/12\/6949143948fbef18690cfb42.jpg\" \/>\n<meta name=\"author\" content=\"rtnews\" \/>\n<meta name=\"twitter:card\" content=\"summary_large_image\" \/>\n<meta name=\"twitter:creator\" content=\"@WirMachenAuf_de\" \/>\n<meta name=\"twitter:site\" content=\"@WirMachenAuf_de\" \/>\n<meta name=\"twitter:label1\" content=\"Verfasst von\" \/>\n\t<meta name=\"twitter:data1\" content=\"rtnews\" \/>\n\t<meta name=\"twitter:label2\" content=\"Gesch\u00e4tzte Lesezeit\" \/>\n\t<meta name=\"twitter:data2\" content=\"4\u00a0Minuten\" \/>\n<script type=\"application\/ld+json\" class=\"yoast-schema-graph\">{\"@context\":\"https:\/\/schema.org\",\"@graph\":[{\"@type\":\"Article\",\"@id\":\"https:\/\/now-news.de\/de\/deutschland\/neue-insa-umfrage-die-meisten-deutschen-wuenschen-sich-weidel-als-kanzlerin\/#article\",\"isPartOf\":{\"@id\":\"https:\/\/now-news.de\/de\/deutschland\/neue-insa-umfrage-die-meisten-deutschen-wuenschen-sich-weidel-als-kanzlerin\/\"},\"author\":{\"name\":\"rtnews\",\"@id\":\"https:\/\/now-news.de\/de\/#\/schema\/person\/fb534a4e865501d8b3285208df34a9b5\"},\"headline\":\"Neue Insa-Umfrage: Die meisten Deutschen w\u00fcnschen sich Weidel als Kanzlerin\",\"datePublished\":\"2025-12-22T10:51:31+00:00\",\"dateModified\":\"2025-12-22T10:51:31+00:00\",\"mainEntityOfPage\":{\"@id\":\"https:\/\/now-news.de\/de\/deutschland\/neue-insa-umfrage-die-meisten-deutschen-wuenschen-sich-weidel-als-kanzlerin\/\"},\"wordCount\":766,\"commentCount\":0,\"publisher\":{\"@id\":\"https:\/\/now-news.de\/de\/#organization\"},\"image\":{\"@id\":\"https:\/\/now-news.de\/de\/deutschland\/neue-insa-umfrage-die-meisten-deutschen-wuenschen-sich-weidel-als-kanzlerin\/#primaryimage\"},\"thumbnailUrl\":\"https:\/\/now-news.de\/de\/wp-content\/uploads\/sites\/3\/2025\/12\/Neue-Insa-Umfrage-Die-meisten-Deutschen-wuenschen-sich-Weidel-als-Kanzlerin.jpg\",\"keywords\":[\"als\",\"Deutschen\",\"die\",\"INSAUmfrage\",\"Kanzlerin\",\"meisten\",\"NEUE\",\"sich\",\"Weidel\",\"w\u00fcnschen\"],\"articleSection\":[\"Deutschland\",\"Russland\"],\"inLanguage\":\"de\",\"potentialAction\":[{\"@type\":\"CommentAction\",\"name\":\"Comment\",\"target\":[\"https:\/\/now-news.de\/de\/deutschland\/neue-insa-umfrage-die-meisten-deutschen-wuenschen-sich-weidel-als-kanzlerin\/#respond\"]}]},{\"@type\":\"WebPage\",\"@id\":\"https:\/\/now-news.de\/de\/deutschland\/neue-insa-umfrage-die-meisten-deutschen-wuenschen-sich-weidel-als-kanzlerin\/\",\"url\":\"https:\/\/now-news.de\/de\/deutschland\/neue-insa-umfrage-die-meisten-deutschen-wuenschen-sich-weidel-als-kanzlerin\/\",\"name\":\"Neue Insa-Umfrage: Die meisten Deutschen w\u00fcnschen sich Weidel als Kanzlerin - just-now.NEWS Deutschland\",\"isPartOf\":{\"@id\":\"https:\/\/now-news.de\/de\/#website\"},\"primaryImageOfPage\":{\"@id\":\"https:\/\/now-news.de\/de\/deutschland\/neue-insa-umfrage-die-meisten-deutschen-wuenschen-sich-weidel-als-kanzlerin\/#primaryimage\"},\"image\":{\"@id\":\"https:\/\/now-news.de\/de\/deutschland\/neue-insa-umfrage-die-meisten-deutschen-wuenschen-sich-weidel-als-kanzlerin\/#primaryimage\"},\"thumbnailUrl\":\"https:\/\/now-news.de\/de\/wp-content\/uploads\/sites\/3\/2025\/12\/Neue-Insa-Umfrage-Die-meisten-Deutschen-wuenschen-sich-Weidel-als-Kanzlerin.jpg\",\"datePublished\":\"2025-12-22T10:51:31+00:00\",\"dateModified\":\"2025-12-22T10:51:31+00:00\",\"breadcrumb\":{\"@id\":\"https:\/\/now-news.de\/de\/deutschland\/neue-insa-umfrage-die-meisten-deutschen-wuenschen-sich-weidel-als-kanzlerin\/#breadcrumb\"},\"inLanguage\":\"de\",\"potentialAction\":[{\"@type\":\"ReadAction\",\"target\":[\"https:\/\/now-news.de\/de\/deutschland\/neue-insa-umfrage-die-meisten-deutschen-wuenschen-sich-weidel-als-kanzlerin\/\"]}]},{\"@type\":\"ImageObject\",\"inLanguage\":\"de\",\"@id\":\"https:\/\/now-news.de\/de\/deutschland\/neue-insa-umfrage-die-meisten-deutschen-wuenschen-sich-weidel-als-kanzlerin\/#primaryimage\",\"url\":\"https:\/\/now-news.de\/de\/wp-content\/uploads\/sites\/3\/2025\/12\/Neue-Insa-Umfrage-Die-meisten-Deutschen-wuenschen-sich-Weidel-als-Kanzlerin.jpg\",\"contentUrl\":\"https:\/\/now-news.de\/de\/wp-content\/uploads\/sites\/3\/2025\/12\/Neue-Insa-Umfrage-Die-meisten-Deutschen-wuenschen-sich-Weidel-als-Kanzlerin.jpg\",\"width\":460,\"height\":259,\"caption\":\"Neue Insa-Umfrage: Die meisten Deutschen w\u00fcnschen sich Weidel als Kanzlerin\"},{\"@type\":\"BreadcrumbList\",\"@id\":\"https:\/\/now-news.de\/de\/deutschland\/neue-insa-umfrage-die-meisten-deutschen-wuenschen-sich-weidel-als-kanzlerin\/#breadcrumb\",\"itemListElement\":[{\"@type\":\"ListItem\",\"position\":1,\"name\":\"Home\",\"item\":\"https:\/\/now-news.de\/de\/\"},{\"@type\":\"ListItem\",\"position\":2,\"name\":\"Neue Insa-Umfrage: Die meisten Deutschen w\u00fcnschen sich Weidel als Kanzlerin\"}]},{\"@type\":\"WebSite\",\"@id\":\"https:\/\/now-news.de\/de\/#website\",\"url\":\"https:\/\/now-news.de\/de\/\",\"name\":\"just-now.NEWS Deutschland\",\"description\":\"Das Portal f\u00fcr unzensierte Nachrichten aus der Welt\",\"publisher\":{\"@id\":\"https:\/\/now-news.de\/de\/#organization\"},\"potentialAction\":[{\"@type\":\"SearchAction\",\"target\":{\"@type\":\"EntryPoint\",\"urlTemplate\":\"https:\/\/now-news.de\/de\/?s={search_term_string}\"},\"query-input\":\"required name=search_term_string\"}],\"inLanguage\":\"de\"},{\"@type\":\"Organization\",\"@id\":\"https:\/\/now-news.de\/de\/#organization\",\"name\":\"Just Now News\",\"url\":\"https:\/\/now-news.de\/de\/\",\"logo\":{\"@type\":\"ImageObject\",\"inLanguage\":\"de\",\"@id\":\"https:\/\/now-news.de\/de\/#\/schema\/logo\/image\/\",\"url\":\"http:\/\/just-now.news\/de\/wp-content\/uploads\/sites\/3\/2022\/04\/logo500x500.jpg\",\"contentUrl\":\"http:\/\/just-now.news\/de\/wp-content\/uploads\/sites\/3\/2022\/04\/logo500x500.jpg\",\"width\":500,\"height\":500,\"caption\":\"Just Now News\"},\"image\":{\"@id\":\"https:\/\/now-news.de\/de\/#\/schema\/logo\/image\/\"},\"sameAs\":[\"https:\/\/www.facebook.com\/wirmachenauf\",\"https:\/\/x.com\/WirMachenAuf_de\"]},{\"@type\":\"Person\",\"@id\":\"https:\/\/now-news.de\/de\/#\/schema\/person\/fb534a4e865501d8b3285208df34a9b5\",\"name\":\"rtnews\",\"image\":{\"@type\":\"ImageObject\",\"inLanguage\":\"de\",\"@id\":\"https:\/\/now-news.de\/de\/#\/schema\/person\/image\/\",\"url\":\"https:\/\/secure.gravatar.com\/avatar\/82aafea7d8127119dd649515f56e2117?s=96&d=mm&r=g\",\"contentUrl\":\"https:\/\/secure.gravatar.com\/avatar\/82aafea7d8127119dd649515f56e2117?s=96&d=mm&r=g\",\"caption\":\"rtnews\"},\"url\":\"https:\/\/now-news.de\/de\/author\/rnews\/\"}]}<\/script>\n<!-- \/ Yoast SEO Premium plugin. -->","yoast_head_json":{"title":"Neue Insa-Umfrage: Die meisten Deutschen w\u00fcnschen sich Weidel als Kanzlerin - just-now.NEWS Deutschland","robots":{"index":"index","follow":"follow","max-snippet":"max-snippet:-1","max-image-preview":"max-image-preview:large","max-video-preview":"max-video-preview:-1"},"canonical":"https:\/\/now-news.de\/de\/deutschland\/neue-insa-umfrage-die-meisten-deutschen-wuenschen-sich-weidel-als-kanzlerin\/","og_locale":"de_DE","og_type":"article","og_title":"Neue Insa-Umfrage: Die meisten Deutschen w\u00fcnschen sich Weidel als Kanzlerin","og_description":"Laut der j\u00fcngsten Insa-Umfrage im Auftrag der Bild-Zeitung w\u00fcrde sich bei einer hypothetischen Direktwahl des Bundeskanzlers die relative Mehrheit der Befragten f\u00fcr die AfD-Vorsitzende Alice Weidel entscheiden. Die zum Springer-Konzern geh\u00f6rende BILD-Zeitung hatte eine Umfrage bei INSA in Auftrag\u00a0gegeben. Dabei ging es auch um die\u00a0Kanzlerfrage: Wen w\u00fcrden die Deutschen direkt zum Bundeskanzler\u00a0w\u00e4hlen, wenn es das [&hellip;]","og_url":"https:\/\/now-news.de\/de\/deutschland\/neue-insa-umfrage-die-meisten-deutschen-wuenschen-sich-weidel-als-kanzlerin\/","og_site_name":"just-now.NEWS Deutschland","article_publisher":"https:\/\/www.facebook.com\/wirmachenauf","article_published_time":"2025-12-22T10:51:31+00:00","og_image":[{"url":"https:\/\/now-news.de\/de\/wp-content\/uploads\/sites\/3\/2025\/12\/6949143948fbef18690cfb42.jpg"}],"author":"rtnews","twitter_card":"summary_large_image","twitter_creator":"@WirMachenAuf_de","twitter_site":"@WirMachenAuf_de","twitter_misc":{"Verfasst von":"rtnews","Gesch\u00e4tzte Lesezeit":"4\u00a0Minuten"},"schema":{"@context":"https:\/\/schema.org","@graph":[{"@type":"Article","@id":"https:\/\/now-news.de\/de\/deutschland\/neue-insa-umfrage-die-meisten-deutschen-wuenschen-sich-weidel-als-kanzlerin\/#article","isPartOf":{"@id":"https:\/\/now-news.de\/de\/deutschland\/neue-insa-umfrage-die-meisten-deutschen-wuenschen-sich-weidel-als-kanzlerin\/"},"author":{"name":"rtnews","@id":"https:\/\/now-news.de\/de\/#\/schema\/person\/fb534a4e865501d8b3285208df34a9b5"},"headline":"Neue Insa-Umfrage: Die meisten Deutschen w\u00fcnschen sich Weidel als Kanzlerin","datePublished":"2025-12-22T10:51:31+00:00","dateModified":"2025-12-22T10:51:31+00:00","mainEntityOfPage":{"@id":"https:\/\/now-news.de\/de\/deutschland\/neue-insa-umfrage-die-meisten-deutschen-wuenschen-sich-weidel-als-kanzlerin\/"},"wordCount":766,"commentCount":0,"publisher":{"@id":"https:\/\/now-news.de\/de\/#organization"},"image":{"@id":"https:\/\/now-news.de\/de\/deutschland\/neue-insa-umfrage-die-meisten-deutschen-wuenschen-sich-weidel-als-kanzlerin\/#primaryimage"},"thumbnailUrl":"https:\/\/now-news.de\/de\/wp-content\/uploads\/sites\/3\/2025\/12\/Neue-Insa-Umfrage-Die-meisten-Deutschen-wuenschen-sich-Weidel-als-Kanzlerin.jpg","keywords":["als","Deutschen","die","INSAUmfrage","Kanzlerin","meisten","NEUE","sich","Weidel","w\u00fcnschen"],"articleSection":["Deutschland","Russland"],"inLanguage":"de","potentialAction":[{"@type":"CommentAction","name":"Comment","target":["https:\/\/now-news.de\/de\/deutschland\/neue-insa-umfrage-die-meisten-deutschen-wuenschen-sich-weidel-als-kanzlerin\/#respond"]}]},{"@type":"WebPage","@id":"https:\/\/now-news.de\/de\/deutschland\/neue-insa-umfrage-die-meisten-deutschen-wuenschen-sich-weidel-als-kanzlerin\/","url":"https:\/\/now-news.de\/de\/deutschland\/neue-insa-umfrage-die-meisten-deutschen-wuenschen-sich-weidel-als-kanzlerin\/","name":"Neue Insa-Umfrage: Die meisten Deutschen w\u00fcnschen sich Weidel als Kanzlerin - just-now.NEWS Deutschland","isPartOf":{"@id":"https:\/\/now-news.de\/de\/#website"},"primaryImageOfPage":{"@id":"https:\/\/now-news.de\/de\/deutschland\/neue-insa-umfrage-die-meisten-deutschen-wuenschen-sich-weidel-als-kanzlerin\/#primaryimage"},"image":{"@id":"https:\/\/now-news.de\/de\/deutschland\/neue-insa-umfrage-die-meisten-deutschen-wuenschen-sich-weidel-als-kanzlerin\/#primaryimage"},"thumbnailUrl":"https:\/\/now-news.de\/de\/wp-content\/uploads\/sites\/3\/2025\/12\/Neue-Insa-Umfrage-Die-meisten-Deutschen-wuenschen-sich-Weidel-als-Kanzlerin.jpg","datePublished":"2025-12-22T10:51:31+00:00","dateModified":"2025-12-22T10:51:31+00:00","breadcrumb":{"@id":"https:\/\/now-news.de\/de\/deutschland\/neue-insa-umfrage-die-meisten-deutschen-wuenschen-sich-weidel-als-kanzlerin\/#breadcrumb"},"inLanguage":"de","potentialAction":[{"@type":"ReadAction","target":["https:\/\/now-news.de\/de\/deutschland\/neue-insa-umfrage-die-meisten-deutschen-wuenschen-sich-weidel-als-kanzlerin\/"]}]},{"@type":"ImageObject","inLanguage":"de","@id":"https:\/\/now-news.de\/de\/deutschland\/neue-insa-umfrage-die-meisten-deutschen-wuenschen-sich-weidel-als-kanzlerin\/#primaryimage","url":"https:\/\/now-news.de\/de\/wp-content\/uploads\/sites\/3\/2025\/12\/Neue-Insa-Umfrage-Die-meisten-Deutschen-wuenschen-sich-Weidel-als-Kanzlerin.jpg","contentUrl":"https:\/\/now-news.de\/de\/wp-content\/uploads\/sites\/3\/2025\/12\/Neue-Insa-Umfrage-Die-meisten-Deutschen-wuenschen-sich-Weidel-als-Kanzlerin.jpg","width":460,"height":259,"caption":"Neue Insa-Umfrage: Die meisten Deutschen w\u00fcnschen sich Weidel als Kanzlerin"},{"@type":"BreadcrumbList","@id":"https:\/\/now-news.de\/de\/deutschland\/neue-insa-umfrage-die-meisten-deutschen-wuenschen-sich-weidel-als-kanzlerin\/#breadcrumb","itemListElement":[{"@type":"ListItem","position":1,"name":"Home","item":"https:\/\/now-news.de\/de\/"},{"@type":"ListItem","position":2,"name":"Neue Insa-Umfrage: Die meisten Deutschen w\u00fcnschen sich Weidel als Kanzlerin"}]},{"@type":"WebSite","@id":"https:\/\/now-news.de\/de\/#website","url":"https:\/\/now-news.de\/de\/","name":"just-now.NEWS Deutschland","description":"Das Portal f\u00fcr unzensierte Nachrichten aus der Welt","publisher":{"@id":"https:\/\/now-news.de\/de\/#organization"},"potentialAction":[{"@type":"SearchAction","target":{"@type":"EntryPoint","urlTemplate":"https:\/\/now-news.de\/de\/?s={search_term_string}"},"query-input":"required name=search_term_string"}],"inLanguage":"de"},{"@type":"Organization","@id":"https:\/\/now-news.de\/de\/#organization","name":"Just Now News","url":"https:\/\/now-news.de\/de\/","logo":{"@type":"ImageObject","inLanguage":"de","@id":"https:\/\/now-news.de\/de\/#\/schema\/logo\/image\/","url":"http:\/\/just-now.news\/de\/wp-content\/uploads\/sites\/3\/2022\/04\/logo500x500.jpg","contentUrl":"http:\/\/just-now.news\/de\/wp-content\/uploads\/sites\/3\/2022\/04\/logo500x500.jpg","width":500,"height":500,"caption":"Just Now News"},"image":{"@id":"https:\/\/now-news.de\/de\/#\/schema\/logo\/image\/"},"sameAs":["https:\/\/www.facebook.com\/wirmachenauf","https:\/\/x.com\/WirMachenAuf_de"]},{"@type":"Person","@id":"https:\/\/now-news.de\/de\/#\/schema\/person\/fb534a4e865501d8b3285208df34a9b5","name":"rtnews","image":{"@type":"ImageObject","inLanguage":"de","@id":"https:\/\/now-news.de\/de\/#\/schema\/person\/image\/","url":"https:\/\/secure.gravatar.com\/avatar\/82aafea7d8127119dd649515f56e2117?s=96&d=mm&r=g","contentUrl":"https:\/\/secure.gravatar.com\/avatar\/82aafea7d8127119dd649515f56e2117?s=96&d=mm&r=g","caption":"rtnews"},"url":"https:\/\/now-news.de\/de\/author\/rnews\/"}]}},"_links":{"self":[{"href":"https:\/\/now-news.de\/de\/wp-json\/wp\/v2\/posts\/96199"}],"collection":[{"href":"https:\/\/now-news.de\/de\/wp-json\/wp\/v2\/posts"}],"about":[{"href":"https:\/\/now-news.de\/de\/wp-json\/wp\/v2\/types\/post"}],"author":[{"embeddable":true,"href":"https:\/\/now-news.de\/de\/wp-json\/wp\/v2\/users\/3"}],"replies":[{"embeddable":true,"href":"https:\/\/now-news.de\/de\/wp-json\/wp\/v2\/comments?post=96199"}],"version-history":[{"count":0,"href":"https:\/\/now-news.de\/de\/wp-json\/wp\/v2\/posts\/96199\/revisions"}],"wp:featuredmedia":[{"embeddable":true,"href":"https:\/\/now-news.de\/de\/wp-json\/wp\/v2\/media\/96200"}],"wp:attachment":[{"href":"https:\/\/now-news.de\/de\/wp-json\/wp\/v2\/media?parent=96199"}],"wp:term":[{"taxonomy":"category","embeddable":true,"href":"https:\/\/now-news.de\/de\/wp-json\/wp\/v2\/categories?post=96199"},{"taxonomy":"post_tag","embeddable":true,"href":"https:\/\/now-news.de\/de\/wp-json\/wp\/v2\/tags?post=96199"}],"curies":[{"name":"wp","href":"https:\/\/api.w.org\/{rel}","templated":true}]}}