{"id":96150,"date":"2025-12-21T08:00:00","date_gmt":"2025-12-21T06:00:00","guid":{"rendered":"https:\/\/now-news.de\/de\/deutschland\/die-medialen-posterboys-des-ukraine-krieges\/"},"modified":"2025-12-21T08:00:00","modified_gmt":"2025-12-21T06:00:00","slug":"die-medialen-posterboys-des-ukraine-krieges","status":"publish","type":"post","link":"https:\/\/now-news.de\/de\/deutschland\/die-medialen-posterboys-des-ukraine-krieges\/","title":{"rendered":"Die medialen Posterboys des Ukraine-Krieges"},"content":{"rendered":"<p><img decoding=\"async\" src=\"https:\/\/now-news.de\/de\/wp-content\/uploads\/sites\/3\/2025\/12\/69455ad4b480cc25ef1c45d2.jpg\" \/><\/p>\n<div class=\"Text-root Text-type_1 \">\n                Die Verherrlichung deutscher Ukraine-K\u00e4mpfer nimmt Fahrt auf. Und das sowohl in den Mainstream-Medien als auch im alternativen Segment. Ein weiterer Schritt zur Kriegsert\u00fcchtigung der noch z\u00f6gernden deutschen Jugend.\n            <\/div>\n<p><\/p>\n<div class=\"Text-root Text-type_5 ArticleView-text ViewText-root \">\n<p><em>Von Astrid Sigena<\/em><\/p>\n<p>Kurz vor dem Nikolaustag machte die deutsche Politik der Jugend ein besonderes Geschenk: Am 5. Dezember beschloss eine Bundestagsmehrheit die Wiederinkraftsetzung des Wehrdienstes (<em>RT DE<\/em>\u00a0<a rel=\"nofollow noopener\" target=\"_blank\" href=\"https:\/\/freedert.online\/kurzclips\/video\/263908-bundestag-beschliesst-neues-wehrdienstgesetz\/\">berichtete<\/a>). Bisher handelt es sich nur um eine verpflichtende Musterung der jungen M\u00e4nner zum Wehrdienst, nicht um eine Wehrpflicht \u2013 Kanzler Merz hat allerdings schon <a rel=\"nofollow noopener\" target=\"_blank\" href=\"https:\/\/freedert.online\/kurzclips\/video\/265133-merz-ohne-genug-freiwillige-muessen\/\">mehrfach<\/a>\u00a0<a rel=\"nofollow noopener\" target=\"_blank\" href=\"https:\/\/freedert.online\/kurzclips\/video\/264776-merz-an-junge-menschen-wir\/\">angedeutet<\/a>, dass sich dies rasch \u00e4ndern k\u00f6nnte, sollten sich nicht gen\u00fcgend Freiwillige finden. Danach sieht es allerdings nicht aus: Nur eine Minderheit der jungen Leute hat vor, pers\u00f6nlich an der Waffe <a rel=\"nofollow noopener\" target=\"_blank\" href=\"https:\/\/freedert.online\/meinung\/264503-auf-einmal-vaterland-verpflichtet-jugend\/\">zu dienen<\/a>. Die von der Regierungskoalition geplante Aufr\u00fcstung Deutschlands ist so nicht zu bewerkstelligen \u2013 auch wenn bisher nur eine geringe Zahl der Jugendlichen auf die militaristischen Zumutungen mit <a rel=\"nofollow noopener\" target=\"_blank\" href=\"https:\/\/freedert.online\/inland\/264115-organisatorin-schulstreiks-wir-muessen-zeigen\/\">Schulstreiks<\/a> reagiert.<\/p>\n<p>Da passt es gut, dass derzeit medial wieder aufger\u00fcstet wird. Sowohl das GEZ-Fernsehen als auch die rechtskonservative Wochenzeitschrift <em>Junge Freiheit<\/em> bringen kurz vor Weihnachten Reportagen, die den Eindruck erwecken, dass damit der Jugend Wehrhaftigkeit und Kampfeinsatz schmackhaft gemacht werden sollen. Als Sympathietr\u00e4ger fungieren junge Deutsche, die aufseiten der Ukraine gek\u00e4mpft haben, noch im Kampfeinsatz stehen oder vorhaben, einer ukrainischen Kampfeinheit beizutreten.<\/p>\n<p>Die ARD-Reporter Samuel H\u00e4de und Patrick Enssle reisten daf\u00fcr w\u00e4hrend der Sommermonate in die Gro\u00dfstadt Charkow, die sich in Frontn\u00e4he befindet. Dort trafen sie den jungen Deutschen &#8220;Lefty&#8221; (der im Laufe der Reportage verwundet werden wird) sowie den deutschsprachigen Schweizer &#8220;Stratos&#8221;. Zwei von (nach Sch\u00e4tzungen ukrainischer Beh\u00f6rden) mehreren Hundert freiwilligen K\u00e4mpfern aus Deutschland oder den deutschsprachigen Nachbarl\u00e4ndern. Sp\u00e4ter kommt noch der 25-j\u00e4hrige Dachdecker Franco hinzu, der ihnen das Safe House zeigt, eine konspirative Wohnung, die er mit Kameraden bewohnt. Der Titel der im Rahmen des <a rel=\"nofollow noopener\" target=\"_blank\" href=\"https:\/\/www.hr.de\/presse\/programme-und-veranstaltungen\/2025\/y-kollektiv-vom-abi-an-die-front-v1,y-kollektiv-vom-abi-an-die-front-noah-hessen-100.html\">Formats<\/a> &#8220;Y-Kollektiv&#8221; erschienenen <a rel=\"nofollow noopener\" target=\"_blank\" href=\"https:\/\/www.ardmediathek.de\/video\/y-kollektiv\/y-kollektiv-vom-abi-an-die-front\/ard\/Y3JpZDovL3JhZGlvYnJlbWVuLmRlLzU1MmJiM2M4LTgyNTgtNGMyYS05NWE3LTJkMjJkMjY1MWMwMS9lcGlzb2RlL3VybjphcmQ6c2hvdzo2MjA5YjVhYmQ4ODZhN2Fj\">Dokumentation<\/a>\u00a0lautet: &#8220;Vom Abi an die Front&#8221; beziehungsweise &#8220;Warum junge Deutsche freiwillig im Ukraine-Krieg k\u00e4mpfen&#8221; (in der <a rel=\"nofollow noopener\" target=\"_blank\" href=\"https:\/\/www.youtube.com\/watch?v=Mm33uQBo8G0\">YouTube-Fassung<\/a>). Das Y-Kollektiv betreibt nach <a rel=\"nofollow noopener\" target=\"_blank\" href=\"https:\/\/www.daserste.de\/specials\/ueber-uns\/y-kollektiv-mediathek100.html\">Angaben<\/a> der <em>ARD<\/em> &#8220;jungen Journalismus&#8221; und ist aus dem <a rel=\"nofollow noopener\" target=\"_blank\" href=\"https:\/\/www.funk.net\/\"><em>funk<\/em>-Netzwerk<\/a> von <em>ARD<\/em> und <em>ZDF<\/em> erwachsen. Man darf also davon ausgehen, dass sich die Reportage (wie <em>funk<\/em> generell) vor allem an ein junges Zielpublikum wendet.<\/p>\n<p>Die Sendung ist nicht so plump gemacht, dass nicht thematisiert w\u00fcrde, dass der Ukraine-Einsatz Todesangst, T\u00f6ten und den Verlust von Kameraden bedeutet. Ebenso kommen die Sorgen vor, die sich die Angeh\u00f6rigen um die Ukraine-K\u00e4mpfer machen (Minute 29). Franco bekommt die Gelegenheit aufzuz\u00e4hlen, wie viele seiner Kampfgenossen, die wie er nicht aus der Ukraine stammten, mittlerweile gefallen oder kampfunf\u00e4hig geworden sind. Aber dieser dunkle Hintergrund l\u00e4sst Franco nur noch mehr als strahlenden Helden aufscheinen, etwa wenn er schildert, wie er im Kampf einem russischen Panzer gegen\u00fcberstand \u2013 und \u00fcberlebte (Minute 12).<\/p>\n<p>Franco darf seine Kampferlebnisse &#8220;Mann gegen Mann&#8221; zus\u00e4tzlich in einem sechsmin\u00fctigen Interview mit dem <em>WDR<\/em>\u00a0<a rel=\"nofollow noopener\" target=\"_blank\" href=\"https:\/\/www1.wdr.de\/mediathek\/audio\/cosmo\/audio-nach-dem-abi-an-die-front-in-der-ukraine-100.html\">schildern<\/a> (wo er dann seinen Kampfeinsatz unhinterfragt damit begr\u00fcnden kann, dass in Butscha die halbe Zivilbev\u00f6lkerung ermordet worden sei). Immerhin kann er bez\u00fcglich seiner Fronteins\u00e4tze beruhigen: &#8220;Wenn man sich da jetzt ein bisschen auskennt, dann ist es relativ einfach zu vermeiden, dass man da stirbt.&#8221; Die ukrainischen Zwangsmobilisierten d\u00fcrften das gerne h\u00f6ren!<\/p>\n<p>Gerade bei dem fr\u00fcheren Bundeswehrsoldaten Enssle glaubt man, Hochachtung vor den so jungen, aber bereits kampferfahrenen K\u00e4mpfern wie &#8220;Lefty&#8221; zu versp\u00fcren. W\u00e4hrend Enssle nur in einem Stabilisierungseinsatz in Bosnien diente, kam sein Interviewpartner im ukrainischen Kampfeinsatz bis zu zwei Meter an den Feind heran (Minute 7:30). &#8220;Und dann mit kurzer Distanz mit dem Gewehr drauf?&#8221;, fragt staunend einer der Reporter.<\/p>\n<p>Auff\u00e4lligkeiten werden dagegen nicht hinterfragt: So, als in der von internationalen K\u00e4mpfern, von &#8220;netten Leuten&#8221; bewohnten M\u00e4nner-WG im Safehouse der Blick auf einen an der Wand angebrachten deutschen Spruch f\u00e4llt (Minute 10:33): Er lautet &#8220;Gott mit uns&#8221; und steht in der deutschen Milit\u00e4rtradition (preu\u00dfische Armee, Reichswehr, Wehrmacht). Thematisiert wird das nicht. Man h\u00e4tte als Zuschauer schon gerne gewusst, welcher Tradition sich die deutschen Mitglieder der ukrainischen Kampfeinheiten selbst zuordnen. Zumal es ja im Ukraine-Krieg darum geht, gegen Russland zu k\u00e4mpfen\u00a0\u2013 dem Kriegsgegner der Deutschen aus den vorherigen Weltkriegen. Zu Recht <a rel=\"nofollow noopener\" target=\"_blank\" href=\"https:\/\/x.com\/SevimDagdelen\/status\/2001620446219772368\">kritisiert<\/a> die BSW-Politikerin und fr\u00fchere Bundestagsabgeordnete Sevim Da\u011fdelen auf der Plattform X die Sendung als &#8220;Heldenhymne auf deutsche Kriegstouristen&#8221;, wobei die <em>ARD<\/em> auf der Tagesschau-Homepage auch noch zuvorkommend darauf <a rel=\"nofollow noopener\" target=\"_blank\" href=\"https:\/\/www.tagesschau.de\/inland\/gesellschaft\/ukraine-krieg-freiwillige-100.html\">hinweise<\/a>, wo man sich als Interessent gegebenenfalls bewerben k\u00f6nne.<\/p>\n<p>Der 20 Jahre alte, aus einer Familie mit Milit\u00e4rtradition stammende &#8220;Lefty&#8221; findet trotz seiner schweren Verwundung das &#8220;Setting&#8221; an der Front &#8220;cool&#8221;, auch wenn es f\u00fcr andere Menschen &#8220;die H\u00f6lle auf Erden&#8221; sei (Minute 26). Das Coole, sei, dass man wisse: &#8220;Ich muss jetzt alles geben, oder das war&#8217;s.&#8221; Das &#8220;Feeling&#8221;, es geschafft zu haben, gebe ihm Erf\u00fcllung. Gewisserma\u00dfen die &#8220;denglische&#8221; Vulg\u00e4rvariante von J\u00fcngers &#8220;Der Kampf als inneres Erlebnis&#8221;. Enssle in unverhohlener Bewunderung: &#8220;Es ist schon krass, was du da grad sagst!&#8221; Aber Krieg sei kein Computerspiel, wo man ein zweites Leben habe. Dem stimmt &#8220;Lefty&#8221; zu. Es sei aber immer noch &#8220;eine spa\u00dfige Mission&#8221;. Auch wenn &#8220;Lefty&#8221; beteuert, sein Leben f\u00fcr seine Ideale hergeben zu wollen: Demokratie, Freiheit\u00a0\u2013 &#8220;Dinge, die es in der Russischen F\u00f6deration einfach nicht gibt&#8221; (Minute 28)\u00a0\u2013 und von f\u00fcr ihn inakzeptablen Verbrechen spricht, die ihm zufolge geschehen sind (Minute 4:27), scheint bei ihm doch der hedonistische Anreiz zu \u00fcberwiegen. Von dem Reporter kommt noch mal ein &#8220;krass&#8221;, als der Verwundete mitteilt, dass er nach seiner Genesung wieder an die Front will.<\/p>\n<p>Generell gilt: Wenn es um die Motivation des Kampfeinsatzes geht, \u00e4u\u00dfern die k\u00fcnftigen oder schon im Kampfeinsatz stehenden Ukraine-Unterst\u00fctzer politisch Korrektes. Als der Reporter Enssle einwendet, dass ein Kampfeinsatz auch das T\u00f6ten von Menschen bedeute, antwortet der zuk\u00fcnftige Drohnenentwickler Noah aus Darmstadt (Minute 16:44): &#8220;Auf jeden Fall. Aber das ist, jetzt brutal gesagt oder zynisch gesagt,\u00a0f\u00fcr den gr\u00f6\u00dferen Sinn. Um die demokratische Weltordnung aufrechtzuerhalten. Also, das ist ziemlich brutal zu sagen, so was.&#8221; Daraufhin wird dem 18-j\u00e4hrigen Abiturienten attestiert, er wirke &#8220;sehr idealistisch&#8221;. Noahs Kumpel Leon hat zwar Angst um seinen Freund und meint, f\u00fcr ihn k\u00e4me ein Kampfeinsatz nicht infrage, aber: &#8220;Es ist schon eine gute Sache.&#8221; Alle Leute in ihrem Bekanntenkreis s\u00e4hen es genauso. Nur die Wenigsten wollten allerdings selbst in den Kampf eingreifen. Noah weiter: Die Welt werde zu einem unsicheren Ort, wenn man mit Angriffskriegen durchkomme. Und dann k\u00f6nne es sein, dass auch China Taiwan angreife. Die jungen Leute haben ihre Lektion offenbar gut gelernt. Die beiden Reporter meinen: &#8220;Wir m\u00fcssen das Ganze erst einmal sacken lassen&#8221; (Minute 17:52), wirken aber durchaus beeindruckt angesichts von Noahs Einsatzwillen und &#8220;tiefer politischer \u00dcberzeugung&#8221;.<\/p>\n<p>Kein Thema f\u00fcr Enssle und H\u00e4de, dass Noah ausgerechnet bei einer Drohneneinheit von &#8220;Azov International&#8221; einsteigen will. Die Einheit sei zwar lange Zeit wegen &#8220;rechter Tendenzen&#8221; umstritten gewesen, behauptet nun jedoch, &#8220;sich ver\u00e4ndert zu haben&#8221; (Minute 18:35). Die Reporter begleiten den technikbegeisterten Noah, der ohne Wissen seiner Eltern in die Ukraine f\u00e4hrt, zum Rekrutierungsgespr\u00e4ch in Kiew. Asow allerdings will den noch recht kindlichen 18-J\u00e4hrigen, der offen \u00e4u\u00dfert, dass der Bodenkampf nichts f\u00fcr ihn sei, nicht aufnehmen. Die Ablehnung teilt ihm ein deutscher Ausbilder mit. Kein Grund f\u00fcr Noah, aufzugeben. Er m\u00f6chte es nun in der ukrainischen R\u00fcstungsindustrie versuchen. Die unterschwellige Botschaft der <em>ARD<\/em>-Reportage: Nur die Besten kommen an die Front! Es folgen mit Rap-Musik unterlegte Bilder einer \u00dcbung der Gl\u00fccklichen, die es dorthin geschafft haben: &#8220;Unser Eindruck: Die Jungs haben sichtlich Spa\u00df an dem Geballer&#8221;, trotz veralteter Waffen und Ladehemmung (Minute 23.33). Ein junger Charkower Skateboarder (ein Interview mit ihm wird ab Minute 24 gezeigt) gibt hingegen zu, ihm fehle der Mut f\u00fcr den Eintritt in die Armee, er f\u00fcrchte aber, es w\u00fcrden ohnehin alle eingezogen. Vor diesem Hintergrund leuchtet der Todesmut der deutschen Freiwilligen umso heller.<\/p>\n<p>In dasselbe Horn wie die <em>ARD<\/em>-Journalisten st\u00f6\u00dft Ferdinand Vogel von der &#8220;Jungen Freiheit&#8221;. Nur dass im Mittelpunkt seiner Heldenerz\u00e4hlung um das tapfer um seine Freiheit ringende europ\u00e4ische Volk der Ukrainer der Wuppertaler Tim Schramm steht. Der AfD-Lokalpolitiker Schramm hatte mehrere Monate an der Front bei Guljaipolje im Gebiet Saporoschje auf ukrainischer Seite gek\u00e4mpft, was zu scharfen Kontroversen in seinem AfD-Landesverband in Nordrhein-Westfalen gef\u00fchrt hatte (<em>RT DE<\/em>\u00a0<a rel=\"nofollow noopener\" target=\"_blank\" href=\"https:\/\/freedert.online\/inland\/263236-parteikaempfe-im-fall-schramm-erst-erneuter-entzug-dann-wiederherstellung-mitgliedsrechte\/\">berichtete<\/a>). Nun konnte jf-Journalist Vogel einen von Schramm geleiteten Hilfstransport <a rel=\"nofollow noopener\" target=\"_blank\" href=\"https:\/\/jungefreiheit.de\/politik\/ausland\/2025\/wofuer-die-soldaten-der-ukraine-an-der-front-kaempfen\/\">an die Front<\/a>\u00a0<a rel=\"nofollow noopener\" target=\"_blank\" href=\"https:\/\/jungefreiheit.de\/politik\/ausland\/2025\/die-ukraine-ist-kein-fernes-land\/\">begleiten<\/a>. Bisher sind drei Artikel <a rel=\"nofollow noopener\" target=\"_blank\" href=\"https:\/\/jungefreiheit.de\/politik\/ausland\/2025\/die-front-im-suedosten-der-ukraine-rueckt-naeher\/\">erschienen<\/a> (zum Teil Bezahlschranke).<\/p>\n<p>Auch bei der <em>Jungen Freiheit<\/em> findet sich neben der Schilderung des Leids von Zivilbev\u00f6lkerung und ukrainischer Armee samt einer Andeutung der in der Ukraine grassierenden Korruption (sie l\u00e4sst sich wohl sp\u00e4testens nach dem <a rel=\"nofollow noopener\" target=\"_blank\" href=\"https:\/\/freedert.online\/international\/265141-swr-ermuedungserscheinungen-in-ukraine-und-ukraine-nehmen-nach-minditsch-affaere-rasch-zu\/\">Minditsch-Skandal<\/a> auch in proukrainischen Publikationen nicht mehr verheimlichen) die unkritische Wiedergabe des Narrativs, die Ukraine k\u00e4mpfe als Vorposten Europas. Die deutsch-ukrainische Kampfbr\u00fcderschaft zwischen &#8220;Schrammi&#8221; und seinen ukrainischen Kameraden wird gefeiert. Oder mit den Worten Vogels: &#8220;Egal, wohin wir gehen, werden wir als Deutsche mit leuchtenden Augen betrachtet.&#8221; Die russischen Soldaten werden hingegen als &#8220;Menschenmaterial, das scheinbar endlos nachr\u00fcckt&#8221; geschildert. Im Gegensatz zu den als europ\u00e4isch-zivilisiert dargestellten Ukrainern bleiben sie gesichtslos, kommen nur als Bedrohung vor (etwa wenn an der Front der Gruppe um Schramm Drohnenbeschuss aus der Luft droht).<\/p>\n<p>Auch wenn sich die <em>ARD<\/em>-Produktion vorgeblich um die jungen Menschen und ihre m\u00f6gliche \u00dcberforderung Sorgen macht, \u00fcberwiegt doch die Botschaft: Krieg macht Spa\u00df und befriedigt die Abenteuerlust, ist aber nicht f\u00fcr jeden: Nur die wirklich Toughen d\u00fcrfen an die Front. Sie sprechen damit die Bed\u00fcrfnisse einer Gaming-affinen Generation an, die sich nach Herausforderungen sehnt. Umso besser, wenn man damit auch noch die &#8220;europ\u00e4ischen Werte&#8221; verteidigen kann! Oder wie &#8220;Lefty&#8221; ganz am Anfang zitiert wird: &#8220;Die Erinnerungen, die man halt in einem Krieg, sag ich mal, sammelt, sind einfach auf einem anderen Level.&#8221; Dieser Aussage d\u00fcrfte auch Schrammi aus der <em>Jungen Freiheit<\/em> zustimmen. Die Frage ist: Wird sich die deutsche Jugend damit mehrheitlich k\u00f6dern lassen? Wird auch sie einen m\u00f6glichen Fronteinsatz &#8220;krass&#8221; finden?<\/p>\n<p><strong>Mehr zum Thema<\/strong> &#8211; <a rel=\"nofollow noopener\" target=\"_blank\" href=\"https:\/\/freedert.online\/wirtschaft\/265146-schicksalsgipfel-in-bruessel-leitet-eu\/\">Schicksalsgipfel in Br\u00fcssel: Leitet die EU heute ihre finanzielle Kernschmelze ein?<\/a><\/p>\n<div class=\"EmbedBlock-root EmbedBlock-externalVideo EmbedBlock-rumble\">\n<div class=\"VkEmbed\"><iframe class=\"lazyload\" data-src=\"https:\/\/rumble.com\/embed\/v7115x8\" frameborder=\"0\" width=\"853\" height=\"480\" allowfullscreen><\/iframe><\/div>\n<\/div>\n<\/div>\n<p><br \/>\n<br \/><a href=\"https:\/\/de.rt.com\/international\/265257-medialen-posterboys-ukraine-krieges\/\">Source link <\/a><\/p>\n","protected":false},"excerpt":{"rendered":"<p>Die Verherrlichung deutscher Ukraine-K\u00e4mpfer nimmt Fahrt auf. Und das sowohl in den Mainstream-Medien als auch im alternativen Segment. Ein weiterer Schritt zur Kriegsert\u00fcchtigung der noch z\u00f6gernden deutschen Jugend. Von Astrid Sigena Kurz vor dem Nikolaustag machte die deutsche Politik der Jugend ein besonderes Geschenk: Am 5. Dezember beschloss eine Bundestagsmehrheit die Wiederinkraftsetzung des Wehrdienstes (RT [&hellip;]<\/p>\n","protected":false},"author":3,"featured_media":96151,"comment_status":"open","ping_status":"open","sticky":false,"template":"","format":"standard","meta":{"_yoast_indexnow_last_ping":["1766297283"],"wp_automatic_camp":["217"],"4a8139aa9c188b85579ec2a2d6b860d1":["Die medialen Posterboys des Ukraine-Krieges"],"original_link":["https:\/\/de.rt.com\/international\/265257-medialen-posterboys-ukraine-krieges\/"],"_thumbnail_id":["96151"],"jnews_social_counter_last_update":["1777022178"],"_wptgpro_p2tg_sent2tg":["a:1:{i:23737;s:19:\"2025-12-21 08:09:16\";}"]},"categories":[19,23],"tags":[583,45,55300,70078,9893],"yoast_head":"<!-- This site is optimized with the Yoast SEO Premium plugin v22.7 (Yoast SEO v22.7) - https:\/\/yoast.com\/wordpress\/plugins\/seo\/ -->\n<title>Die medialen Posterboys des Ukraine-Krieges - just-now.NEWS Deutschland<\/title>\n<meta name=\"robots\" content=\"index, follow, max-snippet:-1, max-image-preview:large, max-video-preview:-1\" \/>\n<link rel=\"canonical\" href=\"https:\/\/now-news.de\/de\/deutschland\/die-medialen-posterboys-des-ukraine-krieges\/\" \/>\n<meta property=\"og:locale\" content=\"de_DE\" \/>\n<meta property=\"og:type\" content=\"article\" \/>\n<meta property=\"og:title\" content=\"Die medialen Posterboys des Ukraine-Krieges\" \/>\n<meta property=\"og:description\" content=\"Die Verherrlichung deutscher Ukraine-K\u00e4mpfer nimmt Fahrt auf. Und das sowohl in den Mainstream-Medien als auch im alternativen Segment. Ein weiterer Schritt zur Kriegsert\u00fcchtigung der noch z\u00f6gernden deutschen Jugend. Von Astrid Sigena Kurz vor dem Nikolaustag machte die deutsche Politik der Jugend ein besonderes Geschenk: Am 5. Dezember beschloss eine Bundestagsmehrheit die Wiederinkraftsetzung des Wehrdienstes (RT [&hellip;]\" \/>\n<meta property=\"og:url\" content=\"https:\/\/now-news.de\/de\/deutschland\/die-medialen-posterboys-des-ukraine-krieges\/\" \/>\n<meta property=\"og:site_name\" content=\"just-now.NEWS Deutschland\" \/>\n<meta property=\"article:publisher\" content=\"https:\/\/www.facebook.com\/wirmachenauf\" \/>\n<meta property=\"article:published_time\" content=\"2025-12-21T06:00:00+00:00\" \/>\n<meta property=\"og:image\" content=\"https:\/\/now-news.de\/de\/wp-content\/uploads\/sites\/3\/2025\/12\/69455ad4b480cc25ef1c45d2.jpg\" \/>\n<meta name=\"author\" content=\"rtnews\" \/>\n<meta name=\"twitter:card\" content=\"summary_large_image\" \/>\n<meta name=\"twitter:creator\" content=\"@WirMachenAuf_de\" \/>\n<meta name=\"twitter:site\" content=\"@WirMachenAuf_de\" \/>\n<meta name=\"twitter:label1\" content=\"Verfasst von\" \/>\n\t<meta name=\"twitter:data1\" content=\"rtnews\" \/>\n\t<meta name=\"twitter:label2\" content=\"Gesch\u00e4tzte Lesezeit\" \/>\n\t<meta name=\"twitter:data2\" content=\"8\u00a0Minuten\" \/>\n<script type=\"application\/ld+json\" class=\"yoast-schema-graph\">{\"@context\":\"https:\/\/schema.org\",\"@graph\":[{\"@type\":\"Article\",\"@id\":\"https:\/\/now-news.de\/de\/deutschland\/die-medialen-posterboys-des-ukraine-krieges\/#article\",\"isPartOf\":{\"@id\":\"https:\/\/now-news.de\/de\/deutschland\/die-medialen-posterboys-des-ukraine-krieges\/\"},\"author\":{\"name\":\"rtnews\",\"@id\":\"https:\/\/now-news.de\/de\/#\/schema\/person\/fb534a4e865501d8b3285208df34a9b5\"},\"headline\":\"Die medialen Posterboys des Ukraine-Krieges\",\"datePublished\":\"2025-12-21T06:00:00+00:00\",\"dateModified\":\"2025-12-21T06:00:00+00:00\",\"mainEntityOfPage\":{\"@id\":\"https:\/\/now-news.de\/de\/deutschland\/die-medialen-posterboys-des-ukraine-krieges\/\"},\"wordCount\":1696,\"commentCount\":0,\"publisher\":{\"@id\":\"https:\/\/now-news.de\/de\/#organization\"},\"image\":{\"@id\":\"https:\/\/now-news.de\/de\/deutschland\/die-medialen-posterboys-des-ukraine-krieges\/#primaryimage\"},\"thumbnailUrl\":\"https:\/\/now-news.de\/de\/wp-content\/uploads\/sites\/3\/2025\/12\/Die-medialen-Posterboys-des-Ukraine-Krieges.jpg\",\"keywords\":[\"des\",\"die\",\"medialen\",\"Posterboys\",\"UkraineKrieges\"],\"articleSection\":[\"Deutschland\",\"Russland\"],\"inLanguage\":\"de\",\"potentialAction\":[{\"@type\":\"CommentAction\",\"name\":\"Comment\",\"target\":[\"https:\/\/now-news.de\/de\/deutschland\/die-medialen-posterboys-des-ukraine-krieges\/#respond\"]}]},{\"@type\":\"WebPage\",\"@id\":\"https:\/\/now-news.de\/de\/deutschland\/die-medialen-posterboys-des-ukraine-krieges\/\",\"url\":\"https:\/\/now-news.de\/de\/deutschland\/die-medialen-posterboys-des-ukraine-krieges\/\",\"name\":\"Die medialen Posterboys des Ukraine-Krieges - just-now.NEWS Deutschland\",\"isPartOf\":{\"@id\":\"https:\/\/now-news.de\/de\/#website\"},\"primaryImageOfPage\":{\"@id\":\"https:\/\/now-news.de\/de\/deutschland\/die-medialen-posterboys-des-ukraine-krieges\/#primaryimage\"},\"image\":{\"@id\":\"https:\/\/now-news.de\/de\/deutschland\/die-medialen-posterboys-des-ukraine-krieges\/#primaryimage\"},\"thumbnailUrl\":\"https:\/\/now-news.de\/de\/wp-content\/uploads\/sites\/3\/2025\/12\/Die-medialen-Posterboys-des-Ukraine-Krieges.jpg\",\"datePublished\":\"2025-12-21T06:00:00+00:00\",\"dateModified\":\"2025-12-21T06:00:00+00:00\",\"breadcrumb\":{\"@id\":\"https:\/\/now-news.de\/de\/deutschland\/die-medialen-posterboys-des-ukraine-krieges\/#breadcrumb\"},\"inLanguage\":\"de\",\"potentialAction\":[{\"@type\":\"ReadAction\",\"target\":[\"https:\/\/now-news.de\/de\/deutschland\/die-medialen-posterboys-des-ukraine-krieges\/\"]}]},{\"@type\":\"ImageObject\",\"inLanguage\":\"de\",\"@id\":\"https:\/\/now-news.de\/de\/deutschland\/die-medialen-posterboys-des-ukraine-krieges\/#primaryimage\",\"url\":\"https:\/\/now-news.de\/de\/wp-content\/uploads\/sites\/3\/2025\/12\/Die-medialen-Posterboys-des-Ukraine-Krieges.jpg\",\"contentUrl\":\"https:\/\/now-news.de\/de\/wp-content\/uploads\/sites\/3\/2025\/12\/Die-medialen-Posterboys-des-Ukraine-Krieges.jpg\",\"width\":460,\"height\":259,\"caption\":\"Die medialen Posterboys des Ukraine-Krieges\"},{\"@type\":\"BreadcrumbList\",\"@id\":\"https:\/\/now-news.de\/de\/deutschland\/die-medialen-posterboys-des-ukraine-krieges\/#breadcrumb\",\"itemListElement\":[{\"@type\":\"ListItem\",\"position\":1,\"name\":\"Home\",\"item\":\"https:\/\/now-news.de\/de\/\"},{\"@type\":\"ListItem\",\"position\":2,\"name\":\"Die medialen Posterboys des Ukraine-Krieges\"}]},{\"@type\":\"WebSite\",\"@id\":\"https:\/\/now-news.de\/de\/#website\",\"url\":\"https:\/\/now-news.de\/de\/\",\"name\":\"just-now.NEWS Deutschland\",\"description\":\"Das Portal f\u00fcr unzensierte Nachrichten aus der Welt\",\"publisher\":{\"@id\":\"https:\/\/now-news.de\/de\/#organization\"},\"potentialAction\":[{\"@type\":\"SearchAction\",\"target\":{\"@type\":\"EntryPoint\",\"urlTemplate\":\"https:\/\/now-news.de\/de\/?s={search_term_string}\"},\"query-input\":\"required name=search_term_string\"}],\"inLanguage\":\"de\"},{\"@type\":\"Organization\",\"@id\":\"https:\/\/now-news.de\/de\/#organization\",\"name\":\"Just Now News\",\"url\":\"https:\/\/now-news.de\/de\/\",\"logo\":{\"@type\":\"ImageObject\",\"inLanguage\":\"de\",\"@id\":\"https:\/\/now-news.de\/de\/#\/schema\/logo\/image\/\",\"url\":\"http:\/\/just-now.news\/de\/wp-content\/uploads\/sites\/3\/2022\/04\/logo500x500.jpg\",\"contentUrl\":\"http:\/\/just-now.news\/de\/wp-content\/uploads\/sites\/3\/2022\/04\/logo500x500.jpg\",\"width\":500,\"height\":500,\"caption\":\"Just Now News\"},\"image\":{\"@id\":\"https:\/\/now-news.de\/de\/#\/schema\/logo\/image\/\"},\"sameAs\":[\"https:\/\/www.facebook.com\/wirmachenauf\",\"https:\/\/x.com\/WirMachenAuf_de\"]},{\"@type\":\"Person\",\"@id\":\"https:\/\/now-news.de\/de\/#\/schema\/person\/fb534a4e865501d8b3285208df34a9b5\",\"name\":\"rtnews\",\"image\":{\"@type\":\"ImageObject\",\"inLanguage\":\"de\",\"@id\":\"https:\/\/now-news.de\/de\/#\/schema\/person\/image\/\",\"url\":\"https:\/\/secure.gravatar.com\/avatar\/82aafea7d8127119dd649515f56e2117?s=96&d=mm&r=g\",\"contentUrl\":\"https:\/\/secure.gravatar.com\/avatar\/82aafea7d8127119dd649515f56e2117?s=96&d=mm&r=g\",\"caption\":\"rtnews\"},\"url\":\"https:\/\/now-news.de\/de\/author\/rnews\/\"}]}<\/script>\n<!-- \/ Yoast SEO Premium plugin. -->","yoast_head_json":{"title":"Die medialen Posterboys des Ukraine-Krieges - just-now.NEWS Deutschland","robots":{"index":"index","follow":"follow","max-snippet":"max-snippet:-1","max-image-preview":"max-image-preview:large","max-video-preview":"max-video-preview:-1"},"canonical":"https:\/\/now-news.de\/de\/deutschland\/die-medialen-posterboys-des-ukraine-krieges\/","og_locale":"de_DE","og_type":"article","og_title":"Die medialen Posterboys des Ukraine-Krieges","og_description":"Die Verherrlichung deutscher Ukraine-K\u00e4mpfer nimmt Fahrt auf. Und das sowohl in den Mainstream-Medien als auch im alternativen Segment. Ein weiterer Schritt zur Kriegsert\u00fcchtigung der noch z\u00f6gernden deutschen Jugend. Von Astrid Sigena Kurz vor dem Nikolaustag machte die deutsche Politik der Jugend ein besonderes Geschenk: Am 5. Dezember beschloss eine Bundestagsmehrheit die Wiederinkraftsetzung des Wehrdienstes (RT [&hellip;]","og_url":"https:\/\/now-news.de\/de\/deutschland\/die-medialen-posterboys-des-ukraine-krieges\/","og_site_name":"just-now.NEWS Deutschland","article_publisher":"https:\/\/www.facebook.com\/wirmachenauf","article_published_time":"2025-12-21T06:00:00+00:00","og_image":[{"url":"https:\/\/now-news.de\/de\/wp-content\/uploads\/sites\/3\/2025\/12\/69455ad4b480cc25ef1c45d2.jpg"}],"author":"rtnews","twitter_card":"summary_large_image","twitter_creator":"@WirMachenAuf_de","twitter_site":"@WirMachenAuf_de","twitter_misc":{"Verfasst von":"rtnews","Gesch\u00e4tzte Lesezeit":"8\u00a0Minuten"},"schema":{"@context":"https:\/\/schema.org","@graph":[{"@type":"Article","@id":"https:\/\/now-news.de\/de\/deutschland\/die-medialen-posterboys-des-ukraine-krieges\/#article","isPartOf":{"@id":"https:\/\/now-news.de\/de\/deutschland\/die-medialen-posterboys-des-ukraine-krieges\/"},"author":{"name":"rtnews","@id":"https:\/\/now-news.de\/de\/#\/schema\/person\/fb534a4e865501d8b3285208df34a9b5"},"headline":"Die medialen Posterboys des Ukraine-Krieges","datePublished":"2025-12-21T06:00:00+00:00","dateModified":"2025-12-21T06:00:00+00:00","mainEntityOfPage":{"@id":"https:\/\/now-news.de\/de\/deutschland\/die-medialen-posterboys-des-ukraine-krieges\/"},"wordCount":1696,"commentCount":0,"publisher":{"@id":"https:\/\/now-news.de\/de\/#organization"},"image":{"@id":"https:\/\/now-news.de\/de\/deutschland\/die-medialen-posterboys-des-ukraine-krieges\/#primaryimage"},"thumbnailUrl":"https:\/\/now-news.de\/de\/wp-content\/uploads\/sites\/3\/2025\/12\/Die-medialen-Posterboys-des-Ukraine-Krieges.jpg","keywords":["des","die","medialen","Posterboys","UkraineKrieges"],"articleSection":["Deutschland","Russland"],"inLanguage":"de","potentialAction":[{"@type":"CommentAction","name":"Comment","target":["https:\/\/now-news.de\/de\/deutschland\/die-medialen-posterboys-des-ukraine-krieges\/#respond"]}]},{"@type":"WebPage","@id":"https:\/\/now-news.de\/de\/deutschland\/die-medialen-posterboys-des-ukraine-krieges\/","url":"https:\/\/now-news.de\/de\/deutschland\/die-medialen-posterboys-des-ukraine-krieges\/","name":"Die medialen Posterboys des Ukraine-Krieges - just-now.NEWS Deutschland","isPartOf":{"@id":"https:\/\/now-news.de\/de\/#website"},"primaryImageOfPage":{"@id":"https:\/\/now-news.de\/de\/deutschland\/die-medialen-posterboys-des-ukraine-krieges\/#primaryimage"},"image":{"@id":"https:\/\/now-news.de\/de\/deutschland\/die-medialen-posterboys-des-ukraine-krieges\/#primaryimage"},"thumbnailUrl":"https:\/\/now-news.de\/de\/wp-content\/uploads\/sites\/3\/2025\/12\/Die-medialen-Posterboys-des-Ukraine-Krieges.jpg","datePublished":"2025-12-21T06:00:00+00:00","dateModified":"2025-12-21T06:00:00+00:00","breadcrumb":{"@id":"https:\/\/now-news.de\/de\/deutschland\/die-medialen-posterboys-des-ukraine-krieges\/#breadcrumb"},"inLanguage":"de","potentialAction":[{"@type":"ReadAction","target":["https:\/\/now-news.de\/de\/deutschland\/die-medialen-posterboys-des-ukraine-krieges\/"]}]},{"@type":"ImageObject","inLanguage":"de","@id":"https:\/\/now-news.de\/de\/deutschland\/die-medialen-posterboys-des-ukraine-krieges\/#primaryimage","url":"https:\/\/now-news.de\/de\/wp-content\/uploads\/sites\/3\/2025\/12\/Die-medialen-Posterboys-des-Ukraine-Krieges.jpg","contentUrl":"https:\/\/now-news.de\/de\/wp-content\/uploads\/sites\/3\/2025\/12\/Die-medialen-Posterboys-des-Ukraine-Krieges.jpg","width":460,"height":259,"caption":"Die medialen Posterboys des Ukraine-Krieges"},{"@type":"BreadcrumbList","@id":"https:\/\/now-news.de\/de\/deutschland\/die-medialen-posterboys-des-ukraine-krieges\/#breadcrumb","itemListElement":[{"@type":"ListItem","position":1,"name":"Home","item":"https:\/\/now-news.de\/de\/"},{"@type":"ListItem","position":2,"name":"Die medialen Posterboys des Ukraine-Krieges"}]},{"@type":"WebSite","@id":"https:\/\/now-news.de\/de\/#website","url":"https:\/\/now-news.de\/de\/","name":"just-now.NEWS Deutschland","description":"Das Portal f\u00fcr unzensierte Nachrichten aus der Welt","publisher":{"@id":"https:\/\/now-news.de\/de\/#organization"},"potentialAction":[{"@type":"SearchAction","target":{"@type":"EntryPoint","urlTemplate":"https:\/\/now-news.de\/de\/?s={search_term_string}"},"query-input":"required name=search_term_string"}],"inLanguage":"de"},{"@type":"Organization","@id":"https:\/\/now-news.de\/de\/#organization","name":"Just Now News","url":"https:\/\/now-news.de\/de\/","logo":{"@type":"ImageObject","inLanguage":"de","@id":"https:\/\/now-news.de\/de\/#\/schema\/logo\/image\/","url":"http:\/\/just-now.news\/de\/wp-content\/uploads\/sites\/3\/2022\/04\/logo500x500.jpg","contentUrl":"http:\/\/just-now.news\/de\/wp-content\/uploads\/sites\/3\/2022\/04\/logo500x500.jpg","width":500,"height":500,"caption":"Just Now News"},"image":{"@id":"https:\/\/now-news.de\/de\/#\/schema\/logo\/image\/"},"sameAs":["https:\/\/www.facebook.com\/wirmachenauf","https:\/\/x.com\/WirMachenAuf_de"]},{"@type":"Person","@id":"https:\/\/now-news.de\/de\/#\/schema\/person\/fb534a4e865501d8b3285208df34a9b5","name":"rtnews","image":{"@type":"ImageObject","inLanguage":"de","@id":"https:\/\/now-news.de\/de\/#\/schema\/person\/image\/","url":"https:\/\/secure.gravatar.com\/avatar\/82aafea7d8127119dd649515f56e2117?s=96&d=mm&r=g","contentUrl":"https:\/\/secure.gravatar.com\/avatar\/82aafea7d8127119dd649515f56e2117?s=96&d=mm&r=g","caption":"rtnews"},"url":"https:\/\/now-news.de\/de\/author\/rnews\/"}]}},"_links":{"self":[{"href":"https:\/\/now-news.de\/de\/wp-json\/wp\/v2\/posts\/96150"}],"collection":[{"href":"https:\/\/now-news.de\/de\/wp-json\/wp\/v2\/posts"}],"about":[{"href":"https:\/\/now-news.de\/de\/wp-json\/wp\/v2\/types\/post"}],"author":[{"embeddable":true,"href":"https:\/\/now-news.de\/de\/wp-json\/wp\/v2\/users\/3"}],"replies":[{"embeddable":true,"href":"https:\/\/now-news.de\/de\/wp-json\/wp\/v2\/comments?post=96150"}],"version-history":[{"count":0,"href":"https:\/\/now-news.de\/de\/wp-json\/wp\/v2\/posts\/96150\/revisions"}],"wp:featuredmedia":[{"embeddable":true,"href":"https:\/\/now-news.de\/de\/wp-json\/wp\/v2\/media\/96151"}],"wp:attachment":[{"href":"https:\/\/now-news.de\/de\/wp-json\/wp\/v2\/media?parent=96150"}],"wp:term":[{"taxonomy":"category","embeddable":true,"href":"https:\/\/now-news.de\/de\/wp-json\/wp\/v2\/categories?post=96150"},{"taxonomy":"post_tag","embeddable":true,"href":"https:\/\/now-news.de\/de\/wp-json\/wp\/v2\/tags?post=96150"}],"curies":[{"name":"wp","href":"https:\/\/api.w.org\/{rel}","templated":true}]}}