{"id":96054,"date":"2025-12-19T11:19:19","date_gmt":"2025-12-19T09:19:19","guid":{"rendered":"https:\/\/now-news.de\/de\/deutschland\/kirill-dmitrijew-ursula-und-merz-sollten-zuruecktreten\/"},"modified":"2025-12-19T11:19:19","modified_gmt":"2025-12-19T09:19:19","slug":"kirill-dmitrijew-ursula-und-merz-sollten-zuruecktreten","status":"publish","type":"post","link":"https:\/\/now-news.de\/de\/deutschland\/kirill-dmitrijew-ursula-und-merz-sollten-zuruecktreten\/","title":{"rendered":"Kirill Dmitrijew: &quot;Ursula und Merz sollten zur\u00fccktreten&quot;"},"content":{"rendered":"<p><img decoding=\"async\" src=\"https:\/\/now-news.de\/de\/wp-content\/uploads\/sites\/3\/2025\/12\/6945052248fbef2b5e31980c.jpg\" \/><\/p>\n<div class=\"Text-root Text-type_1 \">\n                Kirill Dmitrijew, der Sonderbeauftragte des russischen Pr\u00e4sidenten, kommentierte auf X die Ergebnisse der Br\u00fcsseler Verhandlungen. Dmitrijew bezeichnete die Entscheidung zur &#8220;Br\u00fcckenl\u00f6sung&#8221; als einen unmissverst\u00e4ndlichen &#8220;vernichtenden Schlag&#8221; gegen die zwei aggressivsten K\u00f6pfe der &#8220;Koalition der Willigen&#8221;.\n            <\/div>\n<p><\/p>\n<div class=\"Text-root Text-type_5 ArticleView-text ViewText-root \">\n<p>In den fr\u00fchen Morgenstunden des 19. Dezember mussten der deutsche Bundeskanzler Friedrich Merz sowie EU-Kommissionspr\u00e4sidentin Ursula von der Leyen realisieren, dass die rund 16-st\u00fcndigen Diskussionen zum Umgang mit dem &#8220;eingefrorenen&#8221; russischem Verm\u00f6gen und\u00a0ihrer gemeinsamen Forderung, dieses Geld f\u00fcr eine weitere &#8220;Kiew-Finanzierung&#8221; zu missbrauchen, mehr als gescheitert sind. Der\u00a0Sonderbeauftragte des russischen Pr\u00e4sidenten,\u00a0Kirill Dmitrijew, konnte in der krachenden Niederlage der beiden aggressivsten &#8220;Ukraine-Unterst\u00fctzer&#8221; nur ein Fiasko erkennen.<\/p>\n<p>Um 3 Uhr morgens musste Bundeskanzler Friedrich Merz seine j\u00fcngste politische Niederlage als Erfolg verkaufen. Ann\u00e4hernd trotzig behauptete Merz, ausgehend von den zu verk\u00fcndenden Realit\u00e4ten nach den Br\u00fcsseler Ergebnissen, dass er sich mit seinen Forderungen durchgesetzt h\u00e4tte. So behauptete er vor Journalisten:<\/p>\n<p><em>&#8220;Das Finanzpaket f\u00fcr die Ukraine steht: ein zinsloser Kredit \u00fcber 90 Milliarden Euro, wie von mir gefordert.&#8221;<\/em><\/p>\n<div class=\"EmbedBlock-root EmbedBlock-twitter\">\n<div class=\"TwitterEmbed\">\n<blockquote class=\"twitter-tweet lazyload\" data-twitter=\"twitter-tweet\">\n<p lang=\"de\" dir=\"ltr\">Das Finanzpaket f\u00fcr die Ukraine steht: ein zinsloser Kredit \u00fcber 90 Milliarden Euro, wie von mir gefordert. Ein klares Signal an Putin aus Europa. Der Krieg wird sich nicht lohnen. Wir lassen die russischen Verm\u00f6genswerte eingefroren, bis Russland die Ukraine entsch\u00e4digt hat.<\/p>\n<p>\u2014 Bundeskanzler Friedrich Merz (@bundeskanzler) <a rel=\"nofollow noopener\" target=\"_blank\" href=\"https:\/\/twitter.com\/bundeskanzler\/status\/2001833715039953219?ref_src=twsrc%5Etfw\">December 19, 2025<\/a><\/p><\/blockquote>\n<\/div>\n<\/div>\n<p>Kirill Dmitrijew, der Sonderbeauftragte des russischen Pr\u00e4sidenten, kommentierte am fr\u00fchen Morgen auf X zu den Mitteilungen aus Br\u00fcssel:<\/p>\n<p><em>&#8220;Ein vernichtender Schlag f\u00fcr Ursula, Merz, Starmer und die Kriegstreiber: Sie haben ihr politisches Kapital f\u00fcr illegale Ma\u00dfnahmen gegen Russlands Reserven eingesetzt \u2013 und sind gescheitert.\u00a0<\/em><em>&#8216;Es gibt keine Alternative&#8217;, sagten sie. Anscheinend gibt es doch eine. Die ganze Welt hat gerade mit angesehen, wie Sie daran gescheitert sind, andere dazu zu zwingen, gegen das Gesetz zu versto\u00dfen.&#8221;<\/em><\/p>\n<p>Rund eine Stunde sp\u00e4ter erg\u00e4nzte\u00a0Dmitrijew seine Wahrnehmungen zu der unmissverst\u00e4ndlichen Niederlage zweier leitender K\u00f6pfe der &#8220;Koalition der Willigen&#8221;, um erneut auf X zu kommentieren:<\/p>\n<p><em>&#8220;Ursula &amp; Merz sollten zur\u00fccktreten, wenn sie (die von ihnen versprochene &#8216;\u00dcberzeugung, Einheit und Entschlossenheit&#8217;) unter Beweis stellen wollen, nachdem sie es nicht geschafft haben, eine illegale EU-Ma\u00dfnahme gegen russische Reserven durchzusetzen. Sie haben ihr gesamtes politisches Kapital aufgebraucht, Ergebnisse versprochen \u2013 und einen spektakul\u00e4ren Fehlschlag geliefert.&#8221;<\/em><\/p>\n<div class=\"EmbedBlock-root EmbedBlock-twitter\">\n<div class=\"TwitterEmbed\">\n<blockquote class=\"twitter-tweet lazyload\" data-twitter=\"twitter-tweet\">\n<p lang=\"en\" dir=\"ltr\">Ursula &amp; Merz should resign if they want (to prove \u201cconviction, unity &amp; resolve\u201d they promised) after failing to secure an illegal EU move on Russian reserves. They spent all their political capital, promised results\u2014and delivered a spectacular failure.Resign. <a rel=\"nofollow noopener\" target=\"_blank\" href=\"https:\/\/t.co\/1QC65gXokU\">https:\/\/t.co\/1QC65gXokU<\/a><\/p>\n<p>\u2014 Kirill Dmitriev (@kadmitriev) <a rel=\"nofollow noopener\" target=\"_blank\" href=\"https:\/\/twitter.com\/kadmitriev\/status\/2001898224261697934?ref_src=twsrc%5Etfw\">December 19, 2025<\/a><\/p><\/blockquote>\n<\/div>\n<\/div>\n<p>Zu der eindeutigen politischen Ablehnung Belgiens, Ungarns, Tschechiens und der Slowakei gegen\u00fcber den Forderungen von Merz und von der Leyen, die unrechtm\u00e4\u00dfig &#8220;eingefrorenen&#8221; russischen Staatsgelder an die Ukraine zu \u00fcberweisen, erkl\u00e4rte Kirill Dmitrijew heute Morgen, dass diese vier Staaten mit ihrem Vorgehen die Eigentumsrechte sowie das Finanz- und Rechtssystem Europas sch\u00fctzen w\u00fcrden.<\/p>\n<p>Zudem w\u00fcrden sie die EU &#8220;vor einer Abwanderung von Investoren&#8221; bewahren. Das Abschlussfazit lautet auf X zum gestrigen Tag der Entscheidung in Br\u00fcssel:<\/p>\n<p><em>&#8220;Sie deckten die Inkompetenz der kriegstreiberischen Eliten der EU auf, die illegale Ma\u00dfnahmen vorantrieben, politisches Kapital verschwendeten und scheiterten.&#8221;<\/em><\/p>\n<p><strong>Mehr zum Thema &#8211;<\/strong>\u00a0<a rel=\"nofollow noopener\" target=\"_blank\" href=\"https:\/\/freedert.online\/wirtschaft\/265146-schicksalsgipfel-in-bruessel-leitet-eu\/\">Schicksalsgipfel in Br\u00fcssel: Leitet die EU heute ihre finanzielle Kernschmelze ein?<\/a><\/p>\n<div class=\"EmbedBlock-root EmbedBlock-externalVideo EmbedBlock-rumble\">\n<div class=\"VkEmbed\"><iframe class=\"lazyload\" data-src=\"https:\/\/rumble.com\/embed\/v710624\" frameborder=\"0\" width=\"853\" height=\"480\" allowfullscreen><\/iframe><\/div>\n<\/div>\n<\/div>\n<p><script async src=\"https:\/\/platform.twitter.com\/widgets.js\" charset=\"utf-8\"><\/script><br \/>\n<br \/><br \/>\n<br \/><a href=\"https:\/\/de.rt.com\/europa\/265222-kirill-dmitrijew-ursula-merz-sollten\/\">Source link <\/a><\/p>\n","protected":false},"excerpt":{"rendered":"<p>Kirill Dmitrijew, der Sonderbeauftragte des russischen Pr\u00e4sidenten, kommentierte auf X die Ergebnisse der Br\u00fcsseler Verhandlungen. Dmitrijew bezeichnete die Entscheidung zur &#8220;Br\u00fcckenl\u00f6sung&#8221; als einen unmissverst\u00e4ndlichen &#8220;vernichtenden Schlag&#8221; gegen die zwei aggressivsten K\u00f6pfe der &#8220;Koalition der Willigen&#8221;. In den fr\u00fchen Morgenstunden des 19. Dezember mussten der deutsche Bundeskanzler Friedrich Merz sowie EU-Kommissionspr\u00e4sidentin Ursula von der Leyen realisieren, [&hellip;]<\/p>\n","protected":false},"author":3,"featured_media":96055,"comment_status":"open","ping_status":"open","sticky":false,"template":"","format":"standard","meta":{"_yoast_indexnow_last_ping":["1766139171"],"wp_automatic_camp":["217"],"bf357fa7539a7bbb948df7faf9b32671":["Kirill Dmitrijew: &quot;Ursula und Merz sollten zur\u00fccktreten&quot;"],"original_link":["https:\/\/de.rt.com\/europa\/265222-kirill-dmitrijew-ursula-merz-sollten\/"],"_thumbnail_id":["96055"],"jnews_social_counter_last_update":["1777181315"],"_wptgpro_p2tg_sent2tg":["a:1:{i:23737;s:19:\"2025-12-19 12:13:55\";}"]},"categories":[19,23],"tags":[63965,35720,18728,70039,4275,140,70040],"yoast_head":"<!-- This site is optimized with the Yoast SEO Premium plugin v22.7 (Yoast SEO v22.7) - https:\/\/yoast.com\/wordpress\/plugins\/seo\/ -->\n<title>Kirill Dmitrijew: &quot;Ursula und Merz sollten zur\u00fccktreten&quot; - just-now.NEWS Deutschland<\/title>\n<meta name=\"robots\" content=\"index, follow, max-snippet:-1, max-image-preview:large, max-video-preview:-1\" \/>\n<link rel=\"canonical\" href=\"https:\/\/now-news.de\/de\/deutschland\/kirill-dmitrijew-ursula-und-merz-sollten-zuruecktreten\/\" \/>\n<meta property=\"og:locale\" content=\"de_DE\" \/>\n<meta property=\"og:type\" content=\"article\" \/>\n<meta property=\"og:title\" content=\"Kirill Dmitrijew: &quot;Ursula und Merz sollten zur\u00fccktreten&quot;\" \/>\n<meta property=\"og:description\" content=\"Kirill Dmitrijew, der Sonderbeauftragte des russischen Pr\u00e4sidenten, kommentierte auf X die Ergebnisse der Br\u00fcsseler Verhandlungen. Dmitrijew bezeichnete die Entscheidung zur &#8220;Br\u00fcckenl\u00f6sung&#8221; als einen unmissverst\u00e4ndlichen &#8220;vernichtenden Schlag&#8221; gegen die zwei aggressivsten K\u00f6pfe der &#8220;Koalition der Willigen&#8221;. In den fr\u00fchen Morgenstunden des 19. Dezember mussten der deutsche Bundeskanzler Friedrich Merz sowie EU-Kommissionspr\u00e4sidentin Ursula von der Leyen realisieren, [&hellip;]\" \/>\n<meta property=\"og:url\" content=\"https:\/\/now-news.de\/de\/deutschland\/kirill-dmitrijew-ursula-und-merz-sollten-zuruecktreten\/\" \/>\n<meta property=\"og:site_name\" content=\"just-now.NEWS Deutschland\" \/>\n<meta property=\"article:publisher\" content=\"https:\/\/www.facebook.com\/wirmachenauf\" \/>\n<meta property=\"article:published_time\" content=\"2025-12-19T09:19:19+00:00\" \/>\n<meta property=\"og:image\" content=\"https:\/\/now-news.de\/de\/wp-content\/uploads\/sites\/3\/2025\/12\/6945052248fbef2b5e31980c.jpg\" \/>\n<meta name=\"author\" content=\"rtnews\" \/>\n<meta name=\"twitter:card\" content=\"summary_large_image\" \/>\n<meta name=\"twitter:creator\" content=\"@WirMachenAuf_de\" \/>\n<meta name=\"twitter:site\" content=\"@WirMachenAuf_de\" \/>\n<meta name=\"twitter:label1\" content=\"Verfasst von\" \/>\n\t<meta name=\"twitter:data1\" content=\"rtnews\" \/>\n\t<meta name=\"twitter:label2\" content=\"Gesch\u00e4tzte Lesezeit\" \/>\n\t<meta name=\"twitter:data2\" content=\"3\u00a0Minuten\" \/>\n<script type=\"application\/ld+json\" class=\"yoast-schema-graph\">{\"@context\":\"https:\/\/schema.org\",\"@graph\":[{\"@type\":\"Article\",\"@id\":\"https:\/\/now-news.de\/de\/deutschland\/kirill-dmitrijew-ursula-und-merz-sollten-zuruecktreten\/#article\",\"isPartOf\":{\"@id\":\"https:\/\/now-news.de\/de\/deutschland\/kirill-dmitrijew-ursula-und-merz-sollten-zuruecktreten\/\"},\"author\":{\"name\":\"rtnews\",\"@id\":\"https:\/\/now-news.de\/de\/#\/schema\/person\/fb534a4e865501d8b3285208df34a9b5\"},\"headline\":\"Kirill Dmitrijew: &quot;Ursula und Merz sollten zur\u00fccktreten&quot;\",\"datePublished\":\"2025-12-19T09:19:19+00:00\",\"dateModified\":\"2025-12-19T09:19:19+00:00\",\"mainEntityOfPage\":{\"@id\":\"https:\/\/now-news.de\/de\/deutschland\/kirill-dmitrijew-ursula-und-merz-sollten-zuruecktreten\/\"},\"wordCount\":569,\"commentCount\":0,\"publisher\":{\"@id\":\"https:\/\/now-news.de\/de\/#organization\"},\"image\":{\"@id\":\"https:\/\/now-news.de\/de\/deutschland\/kirill-dmitrijew-ursula-und-merz-sollten-zuruecktreten\/#primaryimage\"},\"thumbnailUrl\":\"https:\/\/now-news.de\/de\/wp-content\/uploads\/sites\/3\/2025\/12\/Kirill-Dmitrijew-quotUrsula-und-Merz-sollten-zuruecktretenquot.jpg\",\"keywords\":[\"Dmitrijew\",\"Kirill\",\"Merz\",\"quotUrsula\",\"sollten\",\"und\",\"zur\u00fccktretenquot\"],\"articleSection\":[\"Deutschland\",\"Russland\"],\"inLanguage\":\"de\",\"potentialAction\":[{\"@type\":\"CommentAction\",\"name\":\"Comment\",\"target\":[\"https:\/\/now-news.de\/de\/deutschland\/kirill-dmitrijew-ursula-und-merz-sollten-zuruecktreten\/#respond\"]}]},{\"@type\":\"WebPage\",\"@id\":\"https:\/\/now-news.de\/de\/deutschland\/kirill-dmitrijew-ursula-und-merz-sollten-zuruecktreten\/\",\"url\":\"https:\/\/now-news.de\/de\/deutschland\/kirill-dmitrijew-ursula-und-merz-sollten-zuruecktreten\/\",\"name\":\"Kirill Dmitrijew: &quot;Ursula und Merz sollten zur\u00fccktreten&quot; - just-now.NEWS Deutschland\",\"isPartOf\":{\"@id\":\"https:\/\/now-news.de\/de\/#website\"},\"primaryImageOfPage\":{\"@id\":\"https:\/\/now-news.de\/de\/deutschland\/kirill-dmitrijew-ursula-und-merz-sollten-zuruecktreten\/#primaryimage\"},\"image\":{\"@id\":\"https:\/\/now-news.de\/de\/deutschland\/kirill-dmitrijew-ursula-und-merz-sollten-zuruecktreten\/#primaryimage\"},\"thumbnailUrl\":\"https:\/\/now-news.de\/de\/wp-content\/uploads\/sites\/3\/2025\/12\/Kirill-Dmitrijew-quotUrsula-und-Merz-sollten-zuruecktretenquot.jpg\",\"datePublished\":\"2025-12-19T09:19:19+00:00\",\"dateModified\":\"2025-12-19T09:19:19+00:00\",\"breadcrumb\":{\"@id\":\"https:\/\/now-news.de\/de\/deutschland\/kirill-dmitrijew-ursula-und-merz-sollten-zuruecktreten\/#breadcrumb\"},\"inLanguage\":\"de\",\"potentialAction\":[{\"@type\":\"ReadAction\",\"target\":[\"https:\/\/now-news.de\/de\/deutschland\/kirill-dmitrijew-ursula-und-merz-sollten-zuruecktreten\/\"]}]},{\"@type\":\"ImageObject\",\"inLanguage\":\"de\",\"@id\":\"https:\/\/now-news.de\/de\/deutschland\/kirill-dmitrijew-ursula-und-merz-sollten-zuruecktreten\/#primaryimage\",\"url\":\"https:\/\/now-news.de\/de\/wp-content\/uploads\/sites\/3\/2025\/12\/Kirill-Dmitrijew-quotUrsula-und-Merz-sollten-zuruecktretenquot.jpg\",\"contentUrl\":\"https:\/\/now-news.de\/de\/wp-content\/uploads\/sites\/3\/2025\/12\/Kirill-Dmitrijew-quotUrsula-und-Merz-sollten-zuruecktretenquot.jpg\",\"width\":460,\"height\":259,\"caption\":\"Kirill Dmitrijew: &quot;Ursula und Merz sollten zur\u00fccktreten&quot;\"},{\"@type\":\"BreadcrumbList\",\"@id\":\"https:\/\/now-news.de\/de\/deutschland\/kirill-dmitrijew-ursula-und-merz-sollten-zuruecktreten\/#breadcrumb\",\"itemListElement\":[{\"@type\":\"ListItem\",\"position\":1,\"name\":\"Home\",\"item\":\"https:\/\/now-news.de\/de\/\"},{\"@type\":\"ListItem\",\"position\":2,\"name\":\"Kirill Dmitrijew: &quot;Ursula und Merz sollten zur\u00fccktreten&quot;\"}]},{\"@type\":\"WebSite\",\"@id\":\"https:\/\/now-news.de\/de\/#website\",\"url\":\"https:\/\/now-news.de\/de\/\",\"name\":\"just-now.NEWS Deutschland\",\"description\":\"Das Portal f\u00fcr unzensierte Nachrichten aus der Welt\",\"publisher\":{\"@id\":\"https:\/\/now-news.de\/de\/#organization\"},\"potentialAction\":[{\"@type\":\"SearchAction\",\"target\":{\"@type\":\"EntryPoint\",\"urlTemplate\":\"https:\/\/now-news.de\/de\/?s={search_term_string}\"},\"query-input\":\"required name=search_term_string\"}],\"inLanguage\":\"de\"},{\"@type\":\"Organization\",\"@id\":\"https:\/\/now-news.de\/de\/#organization\",\"name\":\"Just Now News\",\"url\":\"https:\/\/now-news.de\/de\/\",\"logo\":{\"@type\":\"ImageObject\",\"inLanguage\":\"de\",\"@id\":\"https:\/\/now-news.de\/de\/#\/schema\/logo\/image\/\",\"url\":\"http:\/\/just-now.news\/de\/wp-content\/uploads\/sites\/3\/2022\/04\/logo500x500.jpg\",\"contentUrl\":\"http:\/\/just-now.news\/de\/wp-content\/uploads\/sites\/3\/2022\/04\/logo500x500.jpg\",\"width\":500,\"height\":500,\"caption\":\"Just Now News\"},\"image\":{\"@id\":\"https:\/\/now-news.de\/de\/#\/schema\/logo\/image\/\"},\"sameAs\":[\"https:\/\/www.facebook.com\/wirmachenauf\",\"https:\/\/x.com\/WirMachenAuf_de\"]},{\"@type\":\"Person\",\"@id\":\"https:\/\/now-news.de\/de\/#\/schema\/person\/fb534a4e865501d8b3285208df34a9b5\",\"name\":\"rtnews\",\"image\":{\"@type\":\"ImageObject\",\"inLanguage\":\"de\",\"@id\":\"https:\/\/now-news.de\/de\/#\/schema\/person\/image\/\",\"url\":\"https:\/\/secure.gravatar.com\/avatar\/82aafea7d8127119dd649515f56e2117?s=96&d=mm&r=g\",\"contentUrl\":\"https:\/\/secure.gravatar.com\/avatar\/82aafea7d8127119dd649515f56e2117?s=96&d=mm&r=g\",\"caption\":\"rtnews\"},\"url\":\"https:\/\/now-news.de\/de\/author\/rnews\/\"}]}<\/script>\n<!-- \/ Yoast SEO Premium plugin. -->","yoast_head_json":{"title":"Kirill Dmitrijew: &quot;Ursula und Merz sollten zur\u00fccktreten&quot; - just-now.NEWS Deutschland","robots":{"index":"index","follow":"follow","max-snippet":"max-snippet:-1","max-image-preview":"max-image-preview:large","max-video-preview":"max-video-preview:-1"},"canonical":"https:\/\/now-news.de\/de\/deutschland\/kirill-dmitrijew-ursula-und-merz-sollten-zuruecktreten\/","og_locale":"de_DE","og_type":"article","og_title":"Kirill Dmitrijew: &quot;Ursula und Merz sollten zur\u00fccktreten&quot;","og_description":"Kirill Dmitrijew, der Sonderbeauftragte des russischen Pr\u00e4sidenten, kommentierte auf X die Ergebnisse der Br\u00fcsseler Verhandlungen. Dmitrijew bezeichnete die Entscheidung zur &#8220;Br\u00fcckenl\u00f6sung&#8221; als einen unmissverst\u00e4ndlichen &#8220;vernichtenden Schlag&#8221; gegen die zwei aggressivsten K\u00f6pfe der &#8220;Koalition der Willigen&#8221;. In den fr\u00fchen Morgenstunden des 19. Dezember mussten der deutsche Bundeskanzler Friedrich Merz sowie EU-Kommissionspr\u00e4sidentin Ursula von der Leyen realisieren, [&hellip;]","og_url":"https:\/\/now-news.de\/de\/deutschland\/kirill-dmitrijew-ursula-und-merz-sollten-zuruecktreten\/","og_site_name":"just-now.NEWS Deutschland","article_publisher":"https:\/\/www.facebook.com\/wirmachenauf","article_published_time":"2025-12-19T09:19:19+00:00","og_image":[{"url":"https:\/\/now-news.de\/de\/wp-content\/uploads\/sites\/3\/2025\/12\/6945052248fbef2b5e31980c.jpg"}],"author":"rtnews","twitter_card":"summary_large_image","twitter_creator":"@WirMachenAuf_de","twitter_site":"@WirMachenAuf_de","twitter_misc":{"Verfasst von":"rtnews","Gesch\u00e4tzte Lesezeit":"3\u00a0Minuten"},"schema":{"@context":"https:\/\/schema.org","@graph":[{"@type":"Article","@id":"https:\/\/now-news.de\/de\/deutschland\/kirill-dmitrijew-ursula-und-merz-sollten-zuruecktreten\/#article","isPartOf":{"@id":"https:\/\/now-news.de\/de\/deutschland\/kirill-dmitrijew-ursula-und-merz-sollten-zuruecktreten\/"},"author":{"name":"rtnews","@id":"https:\/\/now-news.de\/de\/#\/schema\/person\/fb534a4e865501d8b3285208df34a9b5"},"headline":"Kirill Dmitrijew: &quot;Ursula und Merz sollten zur\u00fccktreten&quot;","datePublished":"2025-12-19T09:19:19+00:00","dateModified":"2025-12-19T09:19:19+00:00","mainEntityOfPage":{"@id":"https:\/\/now-news.de\/de\/deutschland\/kirill-dmitrijew-ursula-und-merz-sollten-zuruecktreten\/"},"wordCount":569,"commentCount":0,"publisher":{"@id":"https:\/\/now-news.de\/de\/#organization"},"image":{"@id":"https:\/\/now-news.de\/de\/deutschland\/kirill-dmitrijew-ursula-und-merz-sollten-zuruecktreten\/#primaryimage"},"thumbnailUrl":"https:\/\/now-news.de\/de\/wp-content\/uploads\/sites\/3\/2025\/12\/Kirill-Dmitrijew-quotUrsula-und-Merz-sollten-zuruecktretenquot.jpg","keywords":["Dmitrijew","Kirill","Merz","quotUrsula","sollten","und","zur\u00fccktretenquot"],"articleSection":["Deutschland","Russland"],"inLanguage":"de","potentialAction":[{"@type":"CommentAction","name":"Comment","target":["https:\/\/now-news.de\/de\/deutschland\/kirill-dmitrijew-ursula-und-merz-sollten-zuruecktreten\/#respond"]}]},{"@type":"WebPage","@id":"https:\/\/now-news.de\/de\/deutschland\/kirill-dmitrijew-ursula-und-merz-sollten-zuruecktreten\/","url":"https:\/\/now-news.de\/de\/deutschland\/kirill-dmitrijew-ursula-und-merz-sollten-zuruecktreten\/","name":"Kirill Dmitrijew: &quot;Ursula und Merz sollten zur\u00fccktreten&quot; - just-now.NEWS Deutschland","isPartOf":{"@id":"https:\/\/now-news.de\/de\/#website"},"primaryImageOfPage":{"@id":"https:\/\/now-news.de\/de\/deutschland\/kirill-dmitrijew-ursula-und-merz-sollten-zuruecktreten\/#primaryimage"},"image":{"@id":"https:\/\/now-news.de\/de\/deutschland\/kirill-dmitrijew-ursula-und-merz-sollten-zuruecktreten\/#primaryimage"},"thumbnailUrl":"https:\/\/now-news.de\/de\/wp-content\/uploads\/sites\/3\/2025\/12\/Kirill-Dmitrijew-quotUrsula-und-Merz-sollten-zuruecktretenquot.jpg","datePublished":"2025-12-19T09:19:19+00:00","dateModified":"2025-12-19T09:19:19+00:00","breadcrumb":{"@id":"https:\/\/now-news.de\/de\/deutschland\/kirill-dmitrijew-ursula-und-merz-sollten-zuruecktreten\/#breadcrumb"},"inLanguage":"de","potentialAction":[{"@type":"ReadAction","target":["https:\/\/now-news.de\/de\/deutschland\/kirill-dmitrijew-ursula-und-merz-sollten-zuruecktreten\/"]}]},{"@type":"ImageObject","inLanguage":"de","@id":"https:\/\/now-news.de\/de\/deutschland\/kirill-dmitrijew-ursula-und-merz-sollten-zuruecktreten\/#primaryimage","url":"https:\/\/now-news.de\/de\/wp-content\/uploads\/sites\/3\/2025\/12\/Kirill-Dmitrijew-quotUrsula-und-Merz-sollten-zuruecktretenquot.jpg","contentUrl":"https:\/\/now-news.de\/de\/wp-content\/uploads\/sites\/3\/2025\/12\/Kirill-Dmitrijew-quotUrsula-und-Merz-sollten-zuruecktretenquot.jpg","width":460,"height":259,"caption":"Kirill Dmitrijew: &quot;Ursula und Merz sollten zur\u00fccktreten&quot;"},{"@type":"BreadcrumbList","@id":"https:\/\/now-news.de\/de\/deutschland\/kirill-dmitrijew-ursula-und-merz-sollten-zuruecktreten\/#breadcrumb","itemListElement":[{"@type":"ListItem","position":1,"name":"Home","item":"https:\/\/now-news.de\/de\/"},{"@type":"ListItem","position":2,"name":"Kirill Dmitrijew: &quot;Ursula und Merz sollten zur\u00fccktreten&quot;"}]},{"@type":"WebSite","@id":"https:\/\/now-news.de\/de\/#website","url":"https:\/\/now-news.de\/de\/","name":"just-now.NEWS Deutschland","description":"Das Portal f\u00fcr unzensierte Nachrichten aus der Welt","publisher":{"@id":"https:\/\/now-news.de\/de\/#organization"},"potentialAction":[{"@type":"SearchAction","target":{"@type":"EntryPoint","urlTemplate":"https:\/\/now-news.de\/de\/?s={search_term_string}"},"query-input":"required name=search_term_string"}],"inLanguage":"de"},{"@type":"Organization","@id":"https:\/\/now-news.de\/de\/#organization","name":"Just Now News","url":"https:\/\/now-news.de\/de\/","logo":{"@type":"ImageObject","inLanguage":"de","@id":"https:\/\/now-news.de\/de\/#\/schema\/logo\/image\/","url":"http:\/\/just-now.news\/de\/wp-content\/uploads\/sites\/3\/2022\/04\/logo500x500.jpg","contentUrl":"http:\/\/just-now.news\/de\/wp-content\/uploads\/sites\/3\/2022\/04\/logo500x500.jpg","width":500,"height":500,"caption":"Just Now News"},"image":{"@id":"https:\/\/now-news.de\/de\/#\/schema\/logo\/image\/"},"sameAs":["https:\/\/www.facebook.com\/wirmachenauf","https:\/\/x.com\/WirMachenAuf_de"]},{"@type":"Person","@id":"https:\/\/now-news.de\/de\/#\/schema\/person\/fb534a4e865501d8b3285208df34a9b5","name":"rtnews","image":{"@type":"ImageObject","inLanguage":"de","@id":"https:\/\/now-news.de\/de\/#\/schema\/person\/image\/","url":"https:\/\/secure.gravatar.com\/avatar\/82aafea7d8127119dd649515f56e2117?s=96&d=mm&r=g","contentUrl":"https:\/\/secure.gravatar.com\/avatar\/82aafea7d8127119dd649515f56e2117?s=96&d=mm&r=g","caption":"rtnews"},"url":"https:\/\/now-news.de\/de\/author\/rnews\/"}]}},"_links":{"self":[{"href":"https:\/\/now-news.de\/de\/wp-json\/wp\/v2\/posts\/96054"}],"collection":[{"href":"https:\/\/now-news.de\/de\/wp-json\/wp\/v2\/posts"}],"about":[{"href":"https:\/\/now-news.de\/de\/wp-json\/wp\/v2\/types\/post"}],"author":[{"embeddable":true,"href":"https:\/\/now-news.de\/de\/wp-json\/wp\/v2\/users\/3"}],"replies":[{"embeddable":true,"href":"https:\/\/now-news.de\/de\/wp-json\/wp\/v2\/comments?post=96054"}],"version-history":[{"count":0,"href":"https:\/\/now-news.de\/de\/wp-json\/wp\/v2\/posts\/96054\/revisions"}],"wp:featuredmedia":[{"embeddable":true,"href":"https:\/\/now-news.de\/de\/wp-json\/wp\/v2\/media\/96055"}],"wp:attachment":[{"href":"https:\/\/now-news.de\/de\/wp-json\/wp\/v2\/media?parent=96054"}],"wp:term":[{"taxonomy":"category","embeddable":true,"href":"https:\/\/now-news.de\/de\/wp-json\/wp\/v2\/categories?post=96054"},{"taxonomy":"post_tag","embeddable":true,"href":"https:\/\/now-news.de\/de\/wp-json\/wp\/v2\/tags?post=96054"}],"curies":[{"name":"wp","href":"https:\/\/api.w.org\/{rel}","templated":true}]}}