{"id":96028,"date":"2025-12-18T19:04:29","date_gmt":"2025-12-18T17:04:29","guid":{"rendered":"https:\/\/now-news.de\/de\/deutschland\/aserbaidschan-fordert-lebenslange-haft-fuer-den-ehemaligen-bergkarabach-minister-ruben-wardanjan\/"},"modified":"2025-12-18T19:04:29","modified_gmt":"2025-12-18T17:04:29","slug":"aserbaidschan-fordert-lebenslange-haft-fuer-den-ehemaligen-bergkarabach-minister-ruben-wardanjan","status":"publish","type":"post","link":"https:\/\/now-news.de\/de\/deutschland\/aserbaidschan-fordert-lebenslange-haft-fuer-den-ehemaligen-bergkarabach-minister-ruben-wardanjan\/","title":{"rendered":"Aserbaidschan fordert lebenslange Haft f\u00fcr den ehemaligen Bergkarabach-Minister Ruben Wardanjan"},"content":{"rendered":"<p><img decoding=\"async\" src=\"https:\/\/now-news.de\/de\/wp-content\/uploads\/sites\/3\/2025\/12\/694427eb48fbef2b5e3197d8.jpg\" \/><\/p>\n<div class=\"Text-root Text-type_1 \">\n                In Baku l\u00e4uft ein Prozess gegen Ruben Wardanjan, der ehemals in Bergkarabach regierte. Aserbaidschan fordert lebenslange Haft wegen schwerer Verfehlungen, darunter Unterst\u00fctzung bewaffneter Gruppen. Der 57-J\u00e4hrige weist die Anschuldigungen zur\u00fcck und spricht von einem inszenierten Verfahren.\n            <\/div>\n<p><\/p>\n<div class=\"Text-root Text-type_5 ArticleView-text ViewText-root \">\n<p>Die aserbaidschanische Staatsanwaltschaft hat im Prozess gegen Ruben Wardanjan eine lebenslange Freiheitsstrafe beantragt. Der fr\u00fchere Milliard\u00e4r und ehemalige russische Staatsb\u00fcrger steht in Baku wegen schwerer Straftaten im Zusammenhang mit der untergegangenen Republik Bergkarabach vor Gericht.\u00a0<\/p>\n<p>Wardanjan, armenischer Herkunft, hatte im Jahr 2022 seine russische Staatsb\u00fcrgerschaft aufgegeben und war in die Region Bergkarabach gezogen, die \u00fcber Jahrzehnte Kern des Konflikts zwischen Armenien und Aserbaidschan gewesen war.<\/p>\n<p>In der international nicht anerkannten Republik, die sich selbst Arzach nannte, \u00fcbernahm er das Amt des Staatsministers. Nach der milit\u00e4rischen R\u00fcckeroberung des Gebietes durch Aserbaidschan im Jahr 2023 wurde Wardanjan festgenommen, als er versuchte, die Region zu verlassen.<\/p>\n<p>Vor einem Milit\u00e4rgericht in Baku bekr\u00e4ftigten die Ankl\u00e4ger am Donnerstag ihre Vorw\u00fcrfe. Wardanjan trage in seiner Funktion als Mitglied der damaligen F\u00fchrung von Arzach Verantwortung f\u00fcr Verbrechen gegen die Menschlichkeit, Kriegsverbrechen, Terrorismus sowie die Finanzierung terroristischer Aktivit\u00e4ten. Angesichts der Schwere der Anschuldigungen beantragte die Staatsanwaltschaft eine lebenslange Haftstrafe. Der Prozess gegen Wardanjan l\u00e4uft seit Januar.<\/p>\n<p>Wardanjan selbst weist die Vorw\u00fcrfe zur\u00fcck. In einer \u00fcber seine Familie ver\u00f6ffentlichten Erkl\u00e4rung bezeichnete er das Verfahren als &#8220;Imitation von Gerechtigkeit&#8221;. Zugleich bekr\u00e4ftigte er seine politische Haltung mit der Aussage, Arzach sei gewesen, sei und werde bleiben.<\/p>\n<p>Der 57-J\u00e4hrige hatte sein Verm\u00f6gen in den 1990er-Jahren in Russland aufgebaut. Als Mitgr\u00fcnder der Investmentbank Troika Dialog geh\u00f6rte er zu den pr\u00e4genden Figuren des postsowjetischen Finanzsektors.<\/p>\n<p>Im Jahr 2011 wurde das Unternehmen von der russischen Staatsbank Sber \u00fcbernommen. Der Kaufpreis belief sich auf rund 1,4 Milliarden US-Dollar.<\/p>\n<p data-start=\"89\" data-end=\"447\">Die Situation um Wardanjan ist politisch brisant. F\u00fcr Baku steht er stellvertretend f\u00fcr die ehemalige F\u00fchrung der Separatistenregion, w\u00e4hrend er in Armenien und der Diaspora als Symbol des verlorenen Konflikts gilt. Das Urteil k\u00f6nnte eine richtungsweisende Wirkung f\u00fcr die rechtliche Aufarbeitung der Ereignisse in Bergkarabach entfalten.<\/p>\n<p data-start=\"89\" data-end=\"447\"><strong>Mehr zum Thema &#8211;<\/strong>\u00a0<a rel=\"nofollow noopener\" target=\"_blank\" href=\"https:\/\/freedert.online\/international\/182059-nicht-anerkannte-republik-bergkarabach-wird-aufgeloest\/\">Nicht anerkannte Republik Bergkarabach wird aufgel\u00f6st<\/a><\/p>\n<p data-start=\"449\" data-end=\"823\">\n<\/div>\n<p><br \/>\n<br \/><a href=\"https:\/\/de.rt.com\/international\/265181-aserbaidschan-fordert-lebenslange-haft-fuer\/\">Source link <\/a><\/p>\n","protected":false},"excerpt":{"rendered":"<p>In Baku l\u00e4uft ein Prozess gegen Ruben Wardanjan, der ehemals in Bergkarabach regierte. Aserbaidschan fordert lebenslange Haft wegen schwerer Verfehlungen, darunter Unterst\u00fctzung bewaffneter Gruppen. Der 57-J\u00e4hrige weist die Anschuldigungen zur\u00fcck und spricht von einem inszenierten Verfahren. Die aserbaidschanische Staatsanwaltschaft hat im Prozess gegen Ruben Wardanjan eine lebenslange Freiheitsstrafe beantragt. Der fr\u00fchere Milliard\u00e4r und ehemalige russische [&hellip;]<\/p>\n","protected":false},"author":3,"featured_media":96029,"comment_status":"open","ping_status":"open","sticky":false,"template":"","format":"standard","meta":{"_yoast_indexnow_last_ping":["1766078375"],"wp_automatic_camp":["217"],"1134eade3c05aa20c413a971196cd951":["Aserbaidschan fordert lebenslange Haft f\u00fcr den ehemaligen Bergkarabach-Minister Ruben Wardanjan"],"original_link":["https:\/\/de.rt.com\/international\/265181-aserbaidschan-fordert-lebenslange-haft-fuer\/"],"_thumbnail_id":["96029"],"jnews_social_counter_last_update":["1777160763"],"_wptgpro_p2tg_sent2tg":["a:1:{i:23737;s:19:\"2025-12-18 19:20:35\";}"]},"categories":[19,23],"tags":[10003,70023,48,12689,355,221,19011,18805,70024,70025],"yoast_head":"<!-- This site is optimized with the Yoast SEO Premium plugin v22.7 (Yoast SEO v22.7) - https:\/\/yoast.com\/wordpress\/plugins\/seo\/ -->\n<title>Aserbaidschan fordert lebenslange Haft f\u00fcr den ehemaligen Bergkarabach-Minister Ruben Wardanjan - just-now.NEWS Deutschland<\/title>\n<meta name=\"robots\" content=\"index, follow, max-snippet:-1, max-image-preview:large, max-video-preview:-1\" \/>\n<link rel=\"canonical\" href=\"https:\/\/now-news.de\/de\/deutschland\/aserbaidschan-fordert-lebenslange-haft-fuer-den-ehemaligen-bergkarabach-minister-ruben-wardanjan\/\" \/>\n<meta property=\"og:locale\" content=\"de_DE\" \/>\n<meta property=\"og:type\" content=\"article\" \/>\n<meta property=\"og:title\" content=\"Aserbaidschan fordert lebenslange Haft f\u00fcr den ehemaligen Bergkarabach-Minister Ruben Wardanjan\" \/>\n<meta property=\"og:description\" content=\"In Baku l\u00e4uft ein Prozess gegen Ruben Wardanjan, der ehemals in Bergkarabach regierte. Aserbaidschan fordert lebenslange Haft wegen schwerer Verfehlungen, darunter Unterst\u00fctzung bewaffneter Gruppen. Der 57-J\u00e4hrige weist die Anschuldigungen zur\u00fcck und spricht von einem inszenierten Verfahren. Die aserbaidschanische Staatsanwaltschaft hat im Prozess gegen Ruben Wardanjan eine lebenslange Freiheitsstrafe beantragt. Der fr\u00fchere Milliard\u00e4r und ehemalige russische [&hellip;]\" \/>\n<meta property=\"og:url\" content=\"https:\/\/now-news.de\/de\/deutschland\/aserbaidschan-fordert-lebenslange-haft-fuer-den-ehemaligen-bergkarabach-minister-ruben-wardanjan\/\" \/>\n<meta property=\"og:site_name\" content=\"just-now.NEWS Deutschland\" \/>\n<meta property=\"article:publisher\" content=\"https:\/\/www.facebook.com\/wirmachenauf\" \/>\n<meta property=\"article:published_time\" content=\"2025-12-18T17:04:29+00:00\" \/>\n<meta property=\"og:image\" content=\"https:\/\/now-news.de\/de\/wp-content\/uploads\/sites\/3\/2025\/12\/694427eb48fbef2b5e3197d8.jpg\" \/>\n<meta name=\"author\" content=\"rtnews\" \/>\n<meta name=\"twitter:card\" content=\"summary_large_image\" \/>\n<meta name=\"twitter:creator\" content=\"@WirMachenAuf_de\" \/>\n<meta name=\"twitter:site\" content=\"@WirMachenAuf_de\" \/>\n<meta name=\"twitter:label1\" content=\"Verfasst von\" \/>\n\t<meta name=\"twitter:data1\" content=\"rtnews\" \/>\n\t<meta name=\"twitter:label2\" content=\"Gesch\u00e4tzte Lesezeit\" \/>\n\t<meta name=\"twitter:data2\" content=\"2\u00a0Minuten\" \/>\n<script type=\"application\/ld+json\" class=\"yoast-schema-graph\">{\"@context\":\"https:\/\/schema.org\",\"@graph\":[{\"@type\":\"Article\",\"@id\":\"https:\/\/now-news.de\/de\/deutschland\/aserbaidschan-fordert-lebenslange-haft-fuer-den-ehemaligen-bergkarabach-minister-ruben-wardanjan\/#article\",\"isPartOf\":{\"@id\":\"https:\/\/now-news.de\/de\/deutschland\/aserbaidschan-fordert-lebenslange-haft-fuer-den-ehemaligen-bergkarabach-minister-ruben-wardanjan\/\"},\"author\":{\"name\":\"rtnews\",\"@id\":\"https:\/\/now-news.de\/de\/#\/schema\/person\/fb534a4e865501d8b3285208df34a9b5\"},\"headline\":\"Aserbaidschan fordert lebenslange Haft f\u00fcr den ehemaligen Bergkarabach-Minister Ruben Wardanjan\",\"datePublished\":\"2025-12-18T17:04:29+00:00\",\"dateModified\":\"2025-12-18T17:04:29+00:00\",\"mainEntityOfPage\":{\"@id\":\"https:\/\/now-news.de\/de\/deutschland\/aserbaidschan-fordert-lebenslange-haft-fuer-den-ehemaligen-bergkarabach-minister-ruben-wardanjan\/\"},\"wordCount\":379,\"commentCount\":0,\"publisher\":{\"@id\":\"https:\/\/now-news.de\/de\/#organization\"},\"image\":{\"@id\":\"https:\/\/now-news.de\/de\/deutschland\/aserbaidschan-fordert-lebenslange-haft-fuer-den-ehemaligen-bergkarabach-minister-ruben-wardanjan\/#primaryimage\"},\"thumbnailUrl\":\"https:\/\/now-news.de\/de\/wp-content\/uploads\/sites\/3\/2025\/12\/Aserbaidschan-fordert-lebenslange-Haft-fuer-den-ehemaligen-Bergkarabach-Minister-Ruben-Wardanjan.jpg\",\"keywords\":[\"Aserbaidschan\",\"BergkarabachMinister\",\"den\",\"ehemaligen\",\"fordert\",\"f\u00fcr\",\"Haft\",\"lebenslange\",\"Ruben\",\"Wardanjan\"],\"articleSection\":[\"Deutschland\",\"Russland\"],\"inLanguage\":\"de\",\"potentialAction\":[{\"@type\":\"CommentAction\",\"name\":\"Comment\",\"target\":[\"https:\/\/now-news.de\/de\/deutschland\/aserbaidschan-fordert-lebenslange-haft-fuer-den-ehemaligen-bergkarabach-minister-ruben-wardanjan\/#respond\"]}]},{\"@type\":\"WebPage\",\"@id\":\"https:\/\/now-news.de\/de\/deutschland\/aserbaidschan-fordert-lebenslange-haft-fuer-den-ehemaligen-bergkarabach-minister-ruben-wardanjan\/\",\"url\":\"https:\/\/now-news.de\/de\/deutschland\/aserbaidschan-fordert-lebenslange-haft-fuer-den-ehemaligen-bergkarabach-minister-ruben-wardanjan\/\",\"name\":\"Aserbaidschan fordert lebenslange Haft f\u00fcr den ehemaligen Bergkarabach-Minister Ruben Wardanjan - just-now.NEWS Deutschland\",\"isPartOf\":{\"@id\":\"https:\/\/now-news.de\/de\/#website\"},\"primaryImageOfPage\":{\"@id\":\"https:\/\/now-news.de\/de\/deutschland\/aserbaidschan-fordert-lebenslange-haft-fuer-den-ehemaligen-bergkarabach-minister-ruben-wardanjan\/#primaryimage\"},\"image\":{\"@id\":\"https:\/\/now-news.de\/de\/deutschland\/aserbaidschan-fordert-lebenslange-haft-fuer-den-ehemaligen-bergkarabach-minister-ruben-wardanjan\/#primaryimage\"},\"thumbnailUrl\":\"https:\/\/now-news.de\/de\/wp-content\/uploads\/sites\/3\/2025\/12\/Aserbaidschan-fordert-lebenslange-Haft-fuer-den-ehemaligen-Bergkarabach-Minister-Ruben-Wardanjan.jpg\",\"datePublished\":\"2025-12-18T17:04:29+00:00\",\"dateModified\":\"2025-12-18T17:04:29+00:00\",\"breadcrumb\":{\"@id\":\"https:\/\/now-news.de\/de\/deutschland\/aserbaidschan-fordert-lebenslange-haft-fuer-den-ehemaligen-bergkarabach-minister-ruben-wardanjan\/#breadcrumb\"},\"inLanguage\":\"de\",\"potentialAction\":[{\"@type\":\"ReadAction\",\"target\":[\"https:\/\/now-news.de\/de\/deutschland\/aserbaidschan-fordert-lebenslange-haft-fuer-den-ehemaligen-bergkarabach-minister-ruben-wardanjan\/\"]}]},{\"@type\":\"ImageObject\",\"inLanguage\":\"de\",\"@id\":\"https:\/\/now-news.de\/de\/deutschland\/aserbaidschan-fordert-lebenslange-haft-fuer-den-ehemaligen-bergkarabach-minister-ruben-wardanjan\/#primaryimage\",\"url\":\"https:\/\/now-news.de\/de\/wp-content\/uploads\/sites\/3\/2025\/12\/Aserbaidschan-fordert-lebenslange-Haft-fuer-den-ehemaligen-Bergkarabach-Minister-Ruben-Wardanjan.jpg\",\"contentUrl\":\"https:\/\/now-news.de\/de\/wp-content\/uploads\/sites\/3\/2025\/12\/Aserbaidschan-fordert-lebenslange-Haft-fuer-den-ehemaligen-Bergkarabach-Minister-Ruben-Wardanjan.jpg\",\"width\":460,\"height\":259,\"caption\":\"Aserbaidschan fordert lebenslange Haft f\u00fcr den ehemaligen Bergkarabach-Minister Ruben Wardanjan\"},{\"@type\":\"BreadcrumbList\",\"@id\":\"https:\/\/now-news.de\/de\/deutschland\/aserbaidschan-fordert-lebenslange-haft-fuer-den-ehemaligen-bergkarabach-minister-ruben-wardanjan\/#breadcrumb\",\"itemListElement\":[{\"@type\":\"ListItem\",\"position\":1,\"name\":\"Home\",\"item\":\"https:\/\/now-news.de\/de\/\"},{\"@type\":\"ListItem\",\"position\":2,\"name\":\"Aserbaidschan fordert lebenslange Haft f\u00fcr den ehemaligen Bergkarabach-Minister Ruben Wardanjan\"}]},{\"@type\":\"WebSite\",\"@id\":\"https:\/\/now-news.de\/de\/#website\",\"url\":\"https:\/\/now-news.de\/de\/\",\"name\":\"just-now.NEWS Deutschland\",\"description\":\"Das Portal f\u00fcr unzensierte Nachrichten aus der Welt\",\"publisher\":{\"@id\":\"https:\/\/now-news.de\/de\/#organization\"},\"potentialAction\":[{\"@type\":\"SearchAction\",\"target\":{\"@type\":\"EntryPoint\",\"urlTemplate\":\"https:\/\/now-news.de\/de\/?s={search_term_string}\"},\"query-input\":\"required name=search_term_string\"}],\"inLanguage\":\"de\"},{\"@type\":\"Organization\",\"@id\":\"https:\/\/now-news.de\/de\/#organization\",\"name\":\"Just Now News\",\"url\":\"https:\/\/now-news.de\/de\/\",\"logo\":{\"@type\":\"ImageObject\",\"inLanguage\":\"de\",\"@id\":\"https:\/\/now-news.de\/de\/#\/schema\/logo\/image\/\",\"url\":\"http:\/\/just-now.news\/de\/wp-content\/uploads\/sites\/3\/2022\/04\/logo500x500.jpg\",\"contentUrl\":\"http:\/\/just-now.news\/de\/wp-content\/uploads\/sites\/3\/2022\/04\/logo500x500.jpg\",\"width\":500,\"height\":500,\"caption\":\"Just Now News\"},\"image\":{\"@id\":\"https:\/\/now-news.de\/de\/#\/schema\/logo\/image\/\"},\"sameAs\":[\"https:\/\/www.facebook.com\/wirmachenauf\",\"https:\/\/x.com\/WirMachenAuf_de\"]},{\"@type\":\"Person\",\"@id\":\"https:\/\/now-news.de\/de\/#\/schema\/person\/fb534a4e865501d8b3285208df34a9b5\",\"name\":\"rtnews\",\"image\":{\"@type\":\"ImageObject\",\"inLanguage\":\"de\",\"@id\":\"https:\/\/now-news.de\/de\/#\/schema\/person\/image\/\",\"url\":\"https:\/\/secure.gravatar.com\/avatar\/82aafea7d8127119dd649515f56e2117?s=96&d=mm&r=g\",\"contentUrl\":\"https:\/\/secure.gravatar.com\/avatar\/82aafea7d8127119dd649515f56e2117?s=96&d=mm&r=g\",\"caption\":\"rtnews\"},\"url\":\"https:\/\/now-news.de\/de\/author\/rnews\/\"}]}<\/script>\n<!-- \/ Yoast SEO Premium plugin. -->","yoast_head_json":{"title":"Aserbaidschan fordert lebenslange Haft f\u00fcr den ehemaligen Bergkarabach-Minister Ruben Wardanjan - just-now.NEWS Deutschland","robots":{"index":"index","follow":"follow","max-snippet":"max-snippet:-1","max-image-preview":"max-image-preview:large","max-video-preview":"max-video-preview:-1"},"canonical":"https:\/\/now-news.de\/de\/deutschland\/aserbaidschan-fordert-lebenslange-haft-fuer-den-ehemaligen-bergkarabach-minister-ruben-wardanjan\/","og_locale":"de_DE","og_type":"article","og_title":"Aserbaidschan fordert lebenslange Haft f\u00fcr den ehemaligen Bergkarabach-Minister Ruben Wardanjan","og_description":"In Baku l\u00e4uft ein Prozess gegen Ruben Wardanjan, der ehemals in Bergkarabach regierte. Aserbaidschan fordert lebenslange Haft wegen schwerer Verfehlungen, darunter Unterst\u00fctzung bewaffneter Gruppen. Der 57-J\u00e4hrige weist die Anschuldigungen zur\u00fcck und spricht von einem inszenierten Verfahren. Die aserbaidschanische Staatsanwaltschaft hat im Prozess gegen Ruben Wardanjan eine lebenslange Freiheitsstrafe beantragt. Der fr\u00fchere Milliard\u00e4r und ehemalige russische [&hellip;]","og_url":"https:\/\/now-news.de\/de\/deutschland\/aserbaidschan-fordert-lebenslange-haft-fuer-den-ehemaligen-bergkarabach-minister-ruben-wardanjan\/","og_site_name":"just-now.NEWS Deutschland","article_publisher":"https:\/\/www.facebook.com\/wirmachenauf","article_published_time":"2025-12-18T17:04:29+00:00","og_image":[{"url":"https:\/\/now-news.de\/de\/wp-content\/uploads\/sites\/3\/2025\/12\/694427eb48fbef2b5e3197d8.jpg"}],"author":"rtnews","twitter_card":"summary_large_image","twitter_creator":"@WirMachenAuf_de","twitter_site":"@WirMachenAuf_de","twitter_misc":{"Verfasst von":"rtnews","Gesch\u00e4tzte Lesezeit":"2\u00a0Minuten"},"schema":{"@context":"https:\/\/schema.org","@graph":[{"@type":"Article","@id":"https:\/\/now-news.de\/de\/deutschland\/aserbaidschan-fordert-lebenslange-haft-fuer-den-ehemaligen-bergkarabach-minister-ruben-wardanjan\/#article","isPartOf":{"@id":"https:\/\/now-news.de\/de\/deutschland\/aserbaidschan-fordert-lebenslange-haft-fuer-den-ehemaligen-bergkarabach-minister-ruben-wardanjan\/"},"author":{"name":"rtnews","@id":"https:\/\/now-news.de\/de\/#\/schema\/person\/fb534a4e865501d8b3285208df34a9b5"},"headline":"Aserbaidschan fordert lebenslange Haft f\u00fcr den ehemaligen Bergkarabach-Minister Ruben Wardanjan","datePublished":"2025-12-18T17:04:29+00:00","dateModified":"2025-12-18T17:04:29+00:00","mainEntityOfPage":{"@id":"https:\/\/now-news.de\/de\/deutschland\/aserbaidschan-fordert-lebenslange-haft-fuer-den-ehemaligen-bergkarabach-minister-ruben-wardanjan\/"},"wordCount":379,"commentCount":0,"publisher":{"@id":"https:\/\/now-news.de\/de\/#organization"},"image":{"@id":"https:\/\/now-news.de\/de\/deutschland\/aserbaidschan-fordert-lebenslange-haft-fuer-den-ehemaligen-bergkarabach-minister-ruben-wardanjan\/#primaryimage"},"thumbnailUrl":"https:\/\/now-news.de\/de\/wp-content\/uploads\/sites\/3\/2025\/12\/Aserbaidschan-fordert-lebenslange-Haft-fuer-den-ehemaligen-Bergkarabach-Minister-Ruben-Wardanjan.jpg","keywords":["Aserbaidschan","BergkarabachMinister","den","ehemaligen","fordert","f\u00fcr","Haft","lebenslange","Ruben","Wardanjan"],"articleSection":["Deutschland","Russland"],"inLanguage":"de","potentialAction":[{"@type":"CommentAction","name":"Comment","target":["https:\/\/now-news.de\/de\/deutschland\/aserbaidschan-fordert-lebenslange-haft-fuer-den-ehemaligen-bergkarabach-minister-ruben-wardanjan\/#respond"]}]},{"@type":"WebPage","@id":"https:\/\/now-news.de\/de\/deutschland\/aserbaidschan-fordert-lebenslange-haft-fuer-den-ehemaligen-bergkarabach-minister-ruben-wardanjan\/","url":"https:\/\/now-news.de\/de\/deutschland\/aserbaidschan-fordert-lebenslange-haft-fuer-den-ehemaligen-bergkarabach-minister-ruben-wardanjan\/","name":"Aserbaidschan fordert lebenslange Haft f\u00fcr den ehemaligen Bergkarabach-Minister Ruben Wardanjan - just-now.NEWS Deutschland","isPartOf":{"@id":"https:\/\/now-news.de\/de\/#website"},"primaryImageOfPage":{"@id":"https:\/\/now-news.de\/de\/deutschland\/aserbaidschan-fordert-lebenslange-haft-fuer-den-ehemaligen-bergkarabach-minister-ruben-wardanjan\/#primaryimage"},"image":{"@id":"https:\/\/now-news.de\/de\/deutschland\/aserbaidschan-fordert-lebenslange-haft-fuer-den-ehemaligen-bergkarabach-minister-ruben-wardanjan\/#primaryimage"},"thumbnailUrl":"https:\/\/now-news.de\/de\/wp-content\/uploads\/sites\/3\/2025\/12\/Aserbaidschan-fordert-lebenslange-Haft-fuer-den-ehemaligen-Bergkarabach-Minister-Ruben-Wardanjan.jpg","datePublished":"2025-12-18T17:04:29+00:00","dateModified":"2025-12-18T17:04:29+00:00","breadcrumb":{"@id":"https:\/\/now-news.de\/de\/deutschland\/aserbaidschan-fordert-lebenslange-haft-fuer-den-ehemaligen-bergkarabach-minister-ruben-wardanjan\/#breadcrumb"},"inLanguage":"de","potentialAction":[{"@type":"ReadAction","target":["https:\/\/now-news.de\/de\/deutschland\/aserbaidschan-fordert-lebenslange-haft-fuer-den-ehemaligen-bergkarabach-minister-ruben-wardanjan\/"]}]},{"@type":"ImageObject","inLanguage":"de","@id":"https:\/\/now-news.de\/de\/deutschland\/aserbaidschan-fordert-lebenslange-haft-fuer-den-ehemaligen-bergkarabach-minister-ruben-wardanjan\/#primaryimage","url":"https:\/\/now-news.de\/de\/wp-content\/uploads\/sites\/3\/2025\/12\/Aserbaidschan-fordert-lebenslange-Haft-fuer-den-ehemaligen-Bergkarabach-Minister-Ruben-Wardanjan.jpg","contentUrl":"https:\/\/now-news.de\/de\/wp-content\/uploads\/sites\/3\/2025\/12\/Aserbaidschan-fordert-lebenslange-Haft-fuer-den-ehemaligen-Bergkarabach-Minister-Ruben-Wardanjan.jpg","width":460,"height":259,"caption":"Aserbaidschan fordert lebenslange Haft f\u00fcr den ehemaligen Bergkarabach-Minister Ruben Wardanjan"},{"@type":"BreadcrumbList","@id":"https:\/\/now-news.de\/de\/deutschland\/aserbaidschan-fordert-lebenslange-haft-fuer-den-ehemaligen-bergkarabach-minister-ruben-wardanjan\/#breadcrumb","itemListElement":[{"@type":"ListItem","position":1,"name":"Home","item":"https:\/\/now-news.de\/de\/"},{"@type":"ListItem","position":2,"name":"Aserbaidschan fordert lebenslange Haft f\u00fcr den ehemaligen Bergkarabach-Minister Ruben Wardanjan"}]},{"@type":"WebSite","@id":"https:\/\/now-news.de\/de\/#website","url":"https:\/\/now-news.de\/de\/","name":"just-now.NEWS Deutschland","description":"Das Portal f\u00fcr unzensierte Nachrichten aus der Welt","publisher":{"@id":"https:\/\/now-news.de\/de\/#organization"},"potentialAction":[{"@type":"SearchAction","target":{"@type":"EntryPoint","urlTemplate":"https:\/\/now-news.de\/de\/?s={search_term_string}"},"query-input":"required name=search_term_string"}],"inLanguage":"de"},{"@type":"Organization","@id":"https:\/\/now-news.de\/de\/#organization","name":"Just Now News","url":"https:\/\/now-news.de\/de\/","logo":{"@type":"ImageObject","inLanguage":"de","@id":"https:\/\/now-news.de\/de\/#\/schema\/logo\/image\/","url":"http:\/\/just-now.news\/de\/wp-content\/uploads\/sites\/3\/2022\/04\/logo500x500.jpg","contentUrl":"http:\/\/just-now.news\/de\/wp-content\/uploads\/sites\/3\/2022\/04\/logo500x500.jpg","width":500,"height":500,"caption":"Just Now News"},"image":{"@id":"https:\/\/now-news.de\/de\/#\/schema\/logo\/image\/"},"sameAs":["https:\/\/www.facebook.com\/wirmachenauf","https:\/\/x.com\/WirMachenAuf_de"]},{"@type":"Person","@id":"https:\/\/now-news.de\/de\/#\/schema\/person\/fb534a4e865501d8b3285208df34a9b5","name":"rtnews","image":{"@type":"ImageObject","inLanguage":"de","@id":"https:\/\/now-news.de\/de\/#\/schema\/person\/image\/","url":"https:\/\/secure.gravatar.com\/avatar\/82aafea7d8127119dd649515f56e2117?s=96&d=mm&r=g","contentUrl":"https:\/\/secure.gravatar.com\/avatar\/82aafea7d8127119dd649515f56e2117?s=96&d=mm&r=g","caption":"rtnews"},"url":"https:\/\/now-news.de\/de\/author\/rnews\/"}]}},"_links":{"self":[{"href":"https:\/\/now-news.de\/de\/wp-json\/wp\/v2\/posts\/96028"}],"collection":[{"href":"https:\/\/now-news.de\/de\/wp-json\/wp\/v2\/posts"}],"about":[{"href":"https:\/\/now-news.de\/de\/wp-json\/wp\/v2\/types\/post"}],"author":[{"embeddable":true,"href":"https:\/\/now-news.de\/de\/wp-json\/wp\/v2\/users\/3"}],"replies":[{"embeddable":true,"href":"https:\/\/now-news.de\/de\/wp-json\/wp\/v2\/comments?post=96028"}],"version-history":[{"count":0,"href":"https:\/\/now-news.de\/de\/wp-json\/wp\/v2\/posts\/96028\/revisions"}],"wp:featuredmedia":[{"embeddable":true,"href":"https:\/\/now-news.de\/de\/wp-json\/wp\/v2\/media\/96029"}],"wp:attachment":[{"href":"https:\/\/now-news.de\/de\/wp-json\/wp\/v2\/media?parent=96028"}],"wp:term":[{"taxonomy":"category","embeddable":true,"href":"https:\/\/now-news.de\/de\/wp-json\/wp\/v2\/categories?post=96028"},{"taxonomy":"post_tag","embeddable":true,"href":"https:\/\/now-news.de\/de\/wp-json\/wp\/v2\/tags?post=96028"}],"curies":[{"name":"wp","href":"https:\/\/api.w.org\/{rel}","templated":true}]}}