{"id":96012,"date":"2025-12-18T14:52:54","date_gmt":"2025-12-18T12:52:54","guid":{"rendered":"https:\/\/now-news.de\/de\/deutschland\/berlin-bmi-minister-dobrindt-eroeffnet-drohnenabwehrzentrum\/"},"modified":"2025-12-18T14:52:54","modified_gmt":"2025-12-18T12:52:54","slug":"berlin-bmi-minister-dobrindt-eroeffnet-drohnenabwehrzentrum","status":"publish","type":"post","link":"https:\/\/now-news.de\/de\/deutschland\/berlin-bmi-minister-dobrindt-eroeffnet-drohnenabwehrzentrum\/","title":{"rendered":"Berlin: BMI-Minister Dobrindt er\u00f6ffnet &quot;Drohnenabwehrzentrum&quot;"},"content":{"rendered":"<p><img decoding=\"async\" src=\"https:\/\/now-news.de\/de\/wp-content\/uploads\/sites\/3\/2025\/12\/6943e5c6b480cc25944dde61.jpg\" \/><\/p>\n<div class=\"Text-root Text-type_1 \">\n                Bund und L\u00e4nder b\u00fcndeln seit gestern in einer gemeinsamen Einrichtung in Berlin ihre Kr\u00e4fte zur Drohnenabwehr, wie das ARD-Hauptstadtstudio berichtet. Anlass sind unter anderem zur\u00fcckliegende landesweite Vorf\u00e4lle, bei denen Drohnen \u00fcber sicherheitsrelevanter Infrastruktur gesichtet wurden.\n            <\/div>\n<p><\/p>\n<div class=\"Text-root Text-type_5 ArticleView-text ViewText-root \">\n<p>&#8220;Gemeinsam gegen Sabotage und Spionage \u2013 Bund und L\u00e4nder er\u00f6ffnen Gemeinsames Drohnenabwehrzentrum&#8221;, so die gestrige offizielle Verlautbarung seitens des verantwortlichen Bundesinnenministeriums (BMI).\u00a0Mit der Er\u00f6ffnung des sogenannten &#8220;Gemeinsamen Drohnenabwehrzentrums (GDAZ)&#8221; in der Hauptstadt\u00a0sei eine\u00a0gemeinsame &#8220;Koordinierungsstelle der Polizeien von Bund und L\u00e4ndern, des Bundeskriminalamts, der Bundespolizei sowie der Bundeswehr&#8221; eingerichtet worden. Durch das GDAZ\u00a0sei ein &#8220;starker Pfeiler unserer Sicherheitsarchitektur&#8221; errichtet worden, <a rel=\"nofollow noopener\" target=\"_blank\" href=\"https:\/\/www.bmi.bund.de\/SharedDocs\/pressemitteilungen\/DE\/2025\/12\/gdaz-dez.html\">teilte<\/a> BMI-Chef Alexander Dobrindt mit.<\/p>\n<p>Innenminister Dobrindt er\u00f6ffnete gestern in Berlin das\u00a0GDAZ gemeinsam mit den Sprechern der SPD- und unionsgef\u00fchrten L\u00e4nder, Andy Grote (Innensenator Hamburg) und Joachim Herrmann (Innenminister Bayern).\u00a0Das Zentrum soll nach Angaben seines CSU-gef\u00fchrten Ministeriums &#8220;rund um die Uhr in Betrieb sein&#8221;, so die <em>ARD<\/em>-Tagesschau. Es sei darauf <a rel=\"nofollow noopener\" target=\"_blank\" href=\"https:\/\/www.tagesschau.de\/inland\/innenpolitik\/drohnenabwehrzentrum-104.html\">ausgelegt<\/a>, &#8220;kurzfristig und koordiniert auf Gef\u00e4hrdungen der Sicherheitslage zu reagieren.&#8221;<\/p>\n<p>Der BMI-Chef erkl\u00e4rte vor Journalisten:<\/p>\n<p><em>&#8220;Beh\u00f6rden arbeiten hier Hand in Hand, Kompetenzen werden geb\u00fcndelt, Lagebilder verzahnt. So erh\u00f6hen wir Tempo und Treffsicherheit im Kampf gegen hybride Bedrohungen, Sabotage und gezielte Provokationen.&#8221;<\/em><\/p>\n<p>\u00dcberraschend findet sich in der offiziellen Pressemitteilung des BMI nicht ein Mal das Wort Russland. Berlins Innensenatorin Iris Spranger erkl\u00e4rte zur Notwendigkeit des GDAZ:<\/p>\n<p><em>&#8220;Als Bundeshauptstadt ist Berlin mit seiner hohen Dichte an kritischer Infrastruktur, Verfassungsorganen sowie internationalen Vertretungen und Organisationen ein strategisch bedeutsamer Standort f\u00fcr das gemeinsame Drohnenabwehrzentrum des Bundes und der L\u00e4nder. Ich habe dieses Vorhaben stets unterst\u00fctzt. Auf Landesebene setzen wir uns schon seit L\u00e4ngerem mit der Sicherheitslage im Luftraum und potenziellen Gefahrenszenarien auseinander.&#8221;<\/em><\/p>\n<p>Bereits Anfang Dezember\u00a0hatte das Bundesinnenministerium\u00a0bekannt gegeben, dass bei der Bundespolizei eine neue &#8220;Drohnenabwehreinheit&#8221; eingerichtet worden sei.<\/p>\n<div class=\"EmbedBlock-root EmbedBlock-twitter\">\n<div class=\"TwitterEmbed\">\n<blockquote class=\"twitter-tweet lazyload\" data-twitter=\"twitter-tweet\">\n<p lang=\"de\" dir=\"ltr\">Bundesinnenminister Dobrindt stellte gemeinsam mit Bundespolizei-Pr\u00e4sident Romann und den parlamentarischen Staatssekret\u00e4ren <a rel=\"nofollow noopener\" target=\"_blank\" href=\"https:\/\/twitter.com\/DaniLudwigMdB?ref_src=twsrc%5Etfw\">@DaniLudwigMdB<\/a> und <a rel=\"nofollow noopener\" target=\"_blank\" href=\"https:\/\/twitter.com\/VriesChristoph?ref_src=twsrc%5Etfw\">@VriesChristoph<\/a> eine neue Drohnenabwehreinheit der Bundespolizei in Dienst.\ud83d\udc47 <a rel=\"nofollow noopener\" target=\"_blank\" href=\"https:\/\/t.co\/oMFaQBCEOz\">pic.twitter.com\/oMFaQBCEOz<\/a><\/p>\n<p>\u2014 Bundesministerium des Innern (@BMI_Bund) <a rel=\"nofollow noopener\" target=\"_blank\" href=\"https:\/\/twitter.com\/BMI_Bund\/status\/1996224796707660024?ref_src=twsrc%5Etfw\">December 3, 2025<\/a><\/p><\/blockquote>\n<\/div>\n<\/div>\n<p>Die neue Einheit werde damit bundesweit eingesetzt und sei laut Mitteilung &#8220;mit neuester Technik zur smarten Abwehr von Drohnen ausgestattet.&#8221; Weiter <a rel=\"nofollow noopener\" target=\"_blank\" href=\"https:\/\/x.com\/BMI_Bund\/status\/1995871684868669837\">hei\u00dft es<\/a>:<\/p>\n<p><em>&#8220;Die Beamtinnen und Beamten der Drohnenabwehreinheit werden zu Spezialkr\u00e4ften aus- und weitergebildet, um verschiedenste Einsatzlagen bei Drohnenvorf\u00e4llen bewerten und schnell und effizient darauf reagieren zu k\u00f6nnen.&#8221;<\/em><\/p>\n<p>Am 15. Dezember\u00a0<a rel=\"nofollow noopener\" target=\"_blank\" href=\"https:\/\/www.n-tv.de\/politik\/Deutschland-baut-Drohnen-fuer-die-Ukraine-id30145605.html\">titelte<\/a>\u00a0<em>N-tv<\/em> zum Thema forcierter Drohnen-Politik und -Industrie:<\/p>\n<p><em>&#8220;Zehn-Punkte-Plan f\u00fcr Kiew: Deutschland baut Drohnen f\u00fcr die Ukraine&#8221;<\/em><\/p>\n<p>Die Ukraine werde ab dem kommenden Jahr &#8220;selbst entwickelte Kampfdrohnen in industriellen St\u00fcckzahlen in Deutschland bauen&#8221; lassen. Produziert werde im Auftrag des Kiewer Verteidigungsministeriums. Dies teilten der &#8220;ukrainische Drohnenbauer Frontline Robotics&#8221; und die deutsche R\u00fcstungsfirma Quantum Systems beim <a rel=\"nofollow noopener\" target=\"_blank\" href=\"https:\/\/ukraine.ahk.de\/de\/events\/deutsch-ukrainisches-wirtschaftsforum\">Deutsch-ukrainischen Wirtschaftsforum<\/a> in Berlin mit, das am Montag dieser Woche in Berlin stattfand.<\/p>\n<p>Der Leiter des Gemeinschaftsunternehmens Quantum Frontline Industries, Matthias Lehna, sprach laut <em>N-tv<\/em>-Artikel auf dem Forum &#8220;vom Bau Zehntausender Drohnen im Jahr und einem Volumen im dreistelligen Millionenbereich&#8221;. Weiter hei\u00dft es:<\/p>\n<p><em>&#8220;Produziert werden sollen die auf dem Schlachtfeld erprobte Logistikdrohne Linsa, die Aufkl\u00e4rungsdrohne Zoom und der ferngesteuerte Maschinengewehr- und Granatwerferpunkt Buria.&#8221;<\/em><\/p>\n<p>Bez\u00fcglich der\u00a0Er\u00f6ffnung des GDAZ teilte der Leiter\u00a0der Bundespolizeidirektion mit, dass zuk\u00fcnftig in dem\u00a0Zentrum, das bei der Bundespolizei angesiedelt ist, zust\u00e4ndige Vertreter der Sicherheitsbeh\u00f6rden, des Bundeskriminalamts, der Bundeswehr und der Nachrichtendienste &#8220;Informationen austauschen und Einsatzma\u00dfnahmen koordinieren.&#8221;<\/p>\n<p><strong>Mehr zum Thema &#8211;<\/strong>\u00a0<a rel=\"nofollow noopener\" target=\"_blank\" href=\"https:\/\/freedert.online\/meinung\/264888-europol-studie-polizei-mit-drohnen\/\">Europol-Studie: Polizei mit Drohnen, Robotern und KI?<\/a><\/p>\n<div class=\"EmbedBlock-root EmbedBlock-externalVideo EmbedBlock-rumble\">\n<div class=\"VkEmbed\"><iframe class=\"lazyload\" data-src=\"https:\/\/rumble.com\/embed\/v70nm6y\" frameborder=\"0\" width=\"853\" height=\"480\" allowfullscreen><\/iframe><\/div>\n<\/div>\n<\/div>\n<p><script async src=\"https:\/\/platform.twitter.com\/widgets.js\" charset=\"utf-8\"><\/script><br \/>\n<br \/><br \/>\n<br \/><a href=\"https:\/\/de.rt.com\/inland\/265148-berlin-bmi-minister-dobrindt-eroeffnet\/\">Source link <\/a><\/p>\n","protected":false},"excerpt":{"rendered":"<p>Bund und L\u00e4nder b\u00fcndeln seit gestern in einer gemeinsamen Einrichtung in Berlin ihre Kr\u00e4fte zur Drohnenabwehr, wie das ARD-Hauptstadtstudio berichtet. Anlass sind unter anderem zur\u00fcckliegende landesweite Vorf\u00e4lle, bei denen Drohnen \u00fcber sicherheitsrelevanter Infrastruktur gesichtet wurden. &#8220;Gemeinsam gegen Sabotage und Spionage \u2013 Bund und L\u00e4nder er\u00f6ffnen Gemeinsames Drohnenabwehrzentrum&#8221;, so die gestrige offizielle Verlautbarung seitens des verantwortlichen [&hellip;]<\/p>\n","protected":false},"author":3,"featured_media":96013,"comment_status":"open","ping_status":"open","sticky":false,"template":"","format":"standard","meta":{"_yoast_indexnow_last_ping":["1766062891"],"wp_automatic_camp":["217"],"eaef8713331ef73e14b26b7e098a7182":["Berlin: BMI-Minister Dobrindt er\u00f6ffnet &quot;Drohnenabwehrzentrum&quot;"],"original_link":["https:\/\/de.rt.com\/inland\/265148-berlin-bmi-minister-dobrindt-eroeffnet\/"],"_thumbnail_id":["96013"],"jnews_social_counter_last_update":["1777427932"],"_wptgpro_p2tg_sent2tg":["a:1:{i:23737;s:19:\"2025-12-18 15:02:39\";}"]},"categories":[19,23],"tags":[943,70013,32515,11662,70014],"yoast_head":"<!-- This site is optimized with the Yoast SEO Premium plugin v22.7 (Yoast SEO v22.7) - https:\/\/yoast.com\/wordpress\/plugins\/seo\/ -->\n<title>Berlin: BMI-Minister Dobrindt er\u00f6ffnet &quot;Drohnenabwehrzentrum&quot; - just-now.NEWS Deutschland<\/title>\n<meta name=\"robots\" content=\"index, follow, max-snippet:-1, max-image-preview:large, max-video-preview:-1\" \/>\n<link rel=\"canonical\" href=\"https:\/\/now-news.de\/de\/deutschland\/berlin-bmi-minister-dobrindt-eroeffnet-drohnenabwehrzentrum\/\" \/>\n<meta property=\"og:locale\" content=\"de_DE\" \/>\n<meta property=\"og:type\" content=\"article\" \/>\n<meta property=\"og:title\" content=\"Berlin: BMI-Minister Dobrindt er\u00f6ffnet &quot;Drohnenabwehrzentrum&quot;\" \/>\n<meta property=\"og:description\" content=\"Bund und L\u00e4nder b\u00fcndeln seit gestern in einer gemeinsamen Einrichtung in Berlin ihre Kr\u00e4fte zur Drohnenabwehr, wie das ARD-Hauptstadtstudio berichtet. Anlass sind unter anderem zur\u00fcckliegende landesweite Vorf\u00e4lle, bei denen Drohnen \u00fcber sicherheitsrelevanter Infrastruktur gesichtet wurden. &#8220;Gemeinsam gegen Sabotage und Spionage \u2013 Bund und L\u00e4nder er\u00f6ffnen Gemeinsames Drohnenabwehrzentrum&#8221;, so die gestrige offizielle Verlautbarung seitens des verantwortlichen [&hellip;]\" \/>\n<meta property=\"og:url\" content=\"https:\/\/now-news.de\/de\/deutschland\/berlin-bmi-minister-dobrindt-eroeffnet-drohnenabwehrzentrum\/\" \/>\n<meta property=\"og:site_name\" content=\"just-now.NEWS Deutschland\" \/>\n<meta property=\"article:publisher\" content=\"https:\/\/www.facebook.com\/wirmachenauf\" \/>\n<meta property=\"article:published_time\" content=\"2025-12-18T12:52:54+00:00\" \/>\n<meta property=\"og:image\" content=\"https:\/\/now-news.de\/de\/wp-content\/uploads\/sites\/3\/2025\/12\/6943e5c6b480cc25944dde61.jpg\" \/>\n<meta name=\"author\" content=\"rtnews\" \/>\n<meta name=\"twitter:card\" content=\"summary_large_image\" \/>\n<meta name=\"twitter:creator\" content=\"@WirMachenAuf_de\" \/>\n<meta name=\"twitter:site\" content=\"@WirMachenAuf_de\" \/>\n<meta name=\"twitter:label1\" content=\"Verfasst von\" \/>\n\t<meta name=\"twitter:data1\" content=\"rtnews\" \/>\n\t<meta name=\"twitter:label2\" content=\"Gesch\u00e4tzte Lesezeit\" \/>\n\t<meta name=\"twitter:data2\" content=\"3\u00a0Minuten\" \/>\n<script type=\"application\/ld+json\" class=\"yoast-schema-graph\">{\"@context\":\"https:\/\/schema.org\",\"@graph\":[{\"@type\":\"Article\",\"@id\":\"https:\/\/now-news.de\/de\/deutschland\/berlin-bmi-minister-dobrindt-eroeffnet-drohnenabwehrzentrum\/#article\",\"isPartOf\":{\"@id\":\"https:\/\/now-news.de\/de\/deutschland\/berlin-bmi-minister-dobrindt-eroeffnet-drohnenabwehrzentrum\/\"},\"author\":{\"name\":\"rtnews\",\"@id\":\"https:\/\/now-news.de\/de\/#\/schema\/person\/fb534a4e865501d8b3285208df34a9b5\"},\"headline\":\"Berlin: BMI-Minister Dobrindt er\u00f6ffnet &quot;Drohnenabwehrzentrum&quot;\",\"datePublished\":\"2025-12-18T12:52:54+00:00\",\"dateModified\":\"2025-12-18T12:52:54+00:00\",\"mainEntityOfPage\":{\"@id\":\"https:\/\/now-news.de\/de\/deutschland\/berlin-bmi-minister-dobrindt-eroeffnet-drohnenabwehrzentrum\/\"},\"wordCount\":586,\"commentCount\":0,\"publisher\":{\"@id\":\"https:\/\/now-news.de\/de\/#organization\"},\"image\":{\"@id\":\"https:\/\/now-news.de\/de\/deutschland\/berlin-bmi-minister-dobrindt-eroeffnet-drohnenabwehrzentrum\/#primaryimage\"},\"thumbnailUrl\":\"https:\/\/now-news.de\/de\/wp-content\/uploads\/sites\/3\/2025\/12\/Berlin-BMI-Minister-Dobrindt-eroeffnet-quotDrohnenabwehrzentrumquot.jpg\",\"keywords\":[\"Berlin\",\"BMIMinister\",\"Dobrindt\",\"er\u00f6ffnet\",\"quotDrohnenabwehrzentrumquot\"],\"articleSection\":[\"Deutschland\",\"Russland\"],\"inLanguage\":\"de\",\"potentialAction\":[{\"@type\":\"CommentAction\",\"name\":\"Comment\",\"target\":[\"https:\/\/now-news.de\/de\/deutschland\/berlin-bmi-minister-dobrindt-eroeffnet-drohnenabwehrzentrum\/#respond\"]}]},{\"@type\":\"WebPage\",\"@id\":\"https:\/\/now-news.de\/de\/deutschland\/berlin-bmi-minister-dobrindt-eroeffnet-drohnenabwehrzentrum\/\",\"url\":\"https:\/\/now-news.de\/de\/deutschland\/berlin-bmi-minister-dobrindt-eroeffnet-drohnenabwehrzentrum\/\",\"name\":\"Berlin: BMI-Minister Dobrindt er\u00f6ffnet &quot;Drohnenabwehrzentrum&quot; - just-now.NEWS Deutschland\",\"isPartOf\":{\"@id\":\"https:\/\/now-news.de\/de\/#website\"},\"primaryImageOfPage\":{\"@id\":\"https:\/\/now-news.de\/de\/deutschland\/berlin-bmi-minister-dobrindt-eroeffnet-drohnenabwehrzentrum\/#primaryimage\"},\"image\":{\"@id\":\"https:\/\/now-news.de\/de\/deutschland\/berlin-bmi-minister-dobrindt-eroeffnet-drohnenabwehrzentrum\/#primaryimage\"},\"thumbnailUrl\":\"https:\/\/now-news.de\/de\/wp-content\/uploads\/sites\/3\/2025\/12\/Berlin-BMI-Minister-Dobrindt-eroeffnet-quotDrohnenabwehrzentrumquot.jpg\",\"datePublished\":\"2025-12-18T12:52:54+00:00\",\"dateModified\":\"2025-12-18T12:52:54+00:00\",\"breadcrumb\":{\"@id\":\"https:\/\/now-news.de\/de\/deutschland\/berlin-bmi-minister-dobrindt-eroeffnet-drohnenabwehrzentrum\/#breadcrumb\"},\"inLanguage\":\"de\",\"potentialAction\":[{\"@type\":\"ReadAction\",\"target\":[\"https:\/\/now-news.de\/de\/deutschland\/berlin-bmi-minister-dobrindt-eroeffnet-drohnenabwehrzentrum\/\"]}]},{\"@type\":\"ImageObject\",\"inLanguage\":\"de\",\"@id\":\"https:\/\/now-news.de\/de\/deutschland\/berlin-bmi-minister-dobrindt-eroeffnet-drohnenabwehrzentrum\/#primaryimage\",\"url\":\"https:\/\/now-news.de\/de\/wp-content\/uploads\/sites\/3\/2025\/12\/Berlin-BMI-Minister-Dobrindt-eroeffnet-quotDrohnenabwehrzentrumquot.jpg\",\"contentUrl\":\"https:\/\/now-news.de\/de\/wp-content\/uploads\/sites\/3\/2025\/12\/Berlin-BMI-Minister-Dobrindt-eroeffnet-quotDrohnenabwehrzentrumquot.jpg\",\"width\":460,\"height\":259,\"caption\":\"Berlin: BMI-Minister Dobrindt er\u00f6ffnet &quot;Drohnenabwehrzentrum&quot;\"},{\"@type\":\"BreadcrumbList\",\"@id\":\"https:\/\/now-news.de\/de\/deutschland\/berlin-bmi-minister-dobrindt-eroeffnet-drohnenabwehrzentrum\/#breadcrumb\",\"itemListElement\":[{\"@type\":\"ListItem\",\"position\":1,\"name\":\"Home\",\"item\":\"https:\/\/now-news.de\/de\/\"},{\"@type\":\"ListItem\",\"position\":2,\"name\":\"Berlin: BMI-Minister Dobrindt er\u00f6ffnet &quot;Drohnenabwehrzentrum&quot;\"}]},{\"@type\":\"WebSite\",\"@id\":\"https:\/\/now-news.de\/de\/#website\",\"url\":\"https:\/\/now-news.de\/de\/\",\"name\":\"just-now.NEWS Deutschland\",\"description\":\"Das Portal f\u00fcr unzensierte Nachrichten aus der Welt\",\"publisher\":{\"@id\":\"https:\/\/now-news.de\/de\/#organization\"},\"potentialAction\":[{\"@type\":\"SearchAction\",\"target\":{\"@type\":\"EntryPoint\",\"urlTemplate\":\"https:\/\/now-news.de\/de\/?s={search_term_string}\"},\"query-input\":\"required name=search_term_string\"}],\"inLanguage\":\"de\"},{\"@type\":\"Organization\",\"@id\":\"https:\/\/now-news.de\/de\/#organization\",\"name\":\"Just Now News\",\"url\":\"https:\/\/now-news.de\/de\/\",\"logo\":{\"@type\":\"ImageObject\",\"inLanguage\":\"de\",\"@id\":\"https:\/\/now-news.de\/de\/#\/schema\/logo\/image\/\",\"url\":\"http:\/\/just-now.news\/de\/wp-content\/uploads\/sites\/3\/2022\/04\/logo500x500.jpg\",\"contentUrl\":\"http:\/\/just-now.news\/de\/wp-content\/uploads\/sites\/3\/2022\/04\/logo500x500.jpg\",\"width\":500,\"height\":500,\"caption\":\"Just Now News\"},\"image\":{\"@id\":\"https:\/\/now-news.de\/de\/#\/schema\/logo\/image\/\"},\"sameAs\":[\"https:\/\/www.facebook.com\/wirmachenauf\",\"https:\/\/x.com\/WirMachenAuf_de\"]},{\"@type\":\"Person\",\"@id\":\"https:\/\/now-news.de\/de\/#\/schema\/person\/fb534a4e865501d8b3285208df34a9b5\",\"name\":\"rtnews\",\"image\":{\"@type\":\"ImageObject\",\"inLanguage\":\"de\",\"@id\":\"https:\/\/now-news.de\/de\/#\/schema\/person\/image\/\",\"url\":\"https:\/\/secure.gravatar.com\/avatar\/82aafea7d8127119dd649515f56e2117?s=96&d=mm&r=g\",\"contentUrl\":\"https:\/\/secure.gravatar.com\/avatar\/82aafea7d8127119dd649515f56e2117?s=96&d=mm&r=g\",\"caption\":\"rtnews\"},\"url\":\"https:\/\/now-news.de\/de\/author\/rnews\/\"}]}<\/script>\n<!-- \/ Yoast SEO Premium plugin. -->","yoast_head_json":{"title":"Berlin: BMI-Minister Dobrindt er\u00f6ffnet &quot;Drohnenabwehrzentrum&quot; - just-now.NEWS Deutschland","robots":{"index":"index","follow":"follow","max-snippet":"max-snippet:-1","max-image-preview":"max-image-preview:large","max-video-preview":"max-video-preview:-1"},"canonical":"https:\/\/now-news.de\/de\/deutschland\/berlin-bmi-minister-dobrindt-eroeffnet-drohnenabwehrzentrum\/","og_locale":"de_DE","og_type":"article","og_title":"Berlin: BMI-Minister Dobrindt er\u00f6ffnet &quot;Drohnenabwehrzentrum&quot;","og_description":"Bund und L\u00e4nder b\u00fcndeln seit gestern in einer gemeinsamen Einrichtung in Berlin ihre Kr\u00e4fte zur Drohnenabwehr, wie das ARD-Hauptstadtstudio berichtet. Anlass sind unter anderem zur\u00fcckliegende landesweite Vorf\u00e4lle, bei denen Drohnen \u00fcber sicherheitsrelevanter Infrastruktur gesichtet wurden. &#8220;Gemeinsam gegen Sabotage und Spionage \u2013 Bund und L\u00e4nder er\u00f6ffnen Gemeinsames Drohnenabwehrzentrum&#8221;, so die gestrige offizielle Verlautbarung seitens des verantwortlichen [&hellip;]","og_url":"https:\/\/now-news.de\/de\/deutschland\/berlin-bmi-minister-dobrindt-eroeffnet-drohnenabwehrzentrum\/","og_site_name":"just-now.NEWS Deutschland","article_publisher":"https:\/\/www.facebook.com\/wirmachenauf","article_published_time":"2025-12-18T12:52:54+00:00","og_image":[{"url":"https:\/\/now-news.de\/de\/wp-content\/uploads\/sites\/3\/2025\/12\/6943e5c6b480cc25944dde61.jpg"}],"author":"rtnews","twitter_card":"summary_large_image","twitter_creator":"@WirMachenAuf_de","twitter_site":"@WirMachenAuf_de","twitter_misc":{"Verfasst von":"rtnews","Gesch\u00e4tzte Lesezeit":"3\u00a0Minuten"},"schema":{"@context":"https:\/\/schema.org","@graph":[{"@type":"Article","@id":"https:\/\/now-news.de\/de\/deutschland\/berlin-bmi-minister-dobrindt-eroeffnet-drohnenabwehrzentrum\/#article","isPartOf":{"@id":"https:\/\/now-news.de\/de\/deutschland\/berlin-bmi-minister-dobrindt-eroeffnet-drohnenabwehrzentrum\/"},"author":{"name":"rtnews","@id":"https:\/\/now-news.de\/de\/#\/schema\/person\/fb534a4e865501d8b3285208df34a9b5"},"headline":"Berlin: BMI-Minister Dobrindt er\u00f6ffnet &quot;Drohnenabwehrzentrum&quot;","datePublished":"2025-12-18T12:52:54+00:00","dateModified":"2025-12-18T12:52:54+00:00","mainEntityOfPage":{"@id":"https:\/\/now-news.de\/de\/deutschland\/berlin-bmi-minister-dobrindt-eroeffnet-drohnenabwehrzentrum\/"},"wordCount":586,"commentCount":0,"publisher":{"@id":"https:\/\/now-news.de\/de\/#organization"},"image":{"@id":"https:\/\/now-news.de\/de\/deutschland\/berlin-bmi-minister-dobrindt-eroeffnet-drohnenabwehrzentrum\/#primaryimage"},"thumbnailUrl":"https:\/\/now-news.de\/de\/wp-content\/uploads\/sites\/3\/2025\/12\/Berlin-BMI-Minister-Dobrindt-eroeffnet-quotDrohnenabwehrzentrumquot.jpg","keywords":["Berlin","BMIMinister","Dobrindt","er\u00f6ffnet","quotDrohnenabwehrzentrumquot"],"articleSection":["Deutschland","Russland"],"inLanguage":"de","potentialAction":[{"@type":"CommentAction","name":"Comment","target":["https:\/\/now-news.de\/de\/deutschland\/berlin-bmi-minister-dobrindt-eroeffnet-drohnenabwehrzentrum\/#respond"]}]},{"@type":"WebPage","@id":"https:\/\/now-news.de\/de\/deutschland\/berlin-bmi-minister-dobrindt-eroeffnet-drohnenabwehrzentrum\/","url":"https:\/\/now-news.de\/de\/deutschland\/berlin-bmi-minister-dobrindt-eroeffnet-drohnenabwehrzentrum\/","name":"Berlin: BMI-Minister Dobrindt er\u00f6ffnet &quot;Drohnenabwehrzentrum&quot; - just-now.NEWS Deutschland","isPartOf":{"@id":"https:\/\/now-news.de\/de\/#website"},"primaryImageOfPage":{"@id":"https:\/\/now-news.de\/de\/deutschland\/berlin-bmi-minister-dobrindt-eroeffnet-drohnenabwehrzentrum\/#primaryimage"},"image":{"@id":"https:\/\/now-news.de\/de\/deutschland\/berlin-bmi-minister-dobrindt-eroeffnet-drohnenabwehrzentrum\/#primaryimage"},"thumbnailUrl":"https:\/\/now-news.de\/de\/wp-content\/uploads\/sites\/3\/2025\/12\/Berlin-BMI-Minister-Dobrindt-eroeffnet-quotDrohnenabwehrzentrumquot.jpg","datePublished":"2025-12-18T12:52:54+00:00","dateModified":"2025-12-18T12:52:54+00:00","breadcrumb":{"@id":"https:\/\/now-news.de\/de\/deutschland\/berlin-bmi-minister-dobrindt-eroeffnet-drohnenabwehrzentrum\/#breadcrumb"},"inLanguage":"de","potentialAction":[{"@type":"ReadAction","target":["https:\/\/now-news.de\/de\/deutschland\/berlin-bmi-minister-dobrindt-eroeffnet-drohnenabwehrzentrum\/"]}]},{"@type":"ImageObject","inLanguage":"de","@id":"https:\/\/now-news.de\/de\/deutschland\/berlin-bmi-minister-dobrindt-eroeffnet-drohnenabwehrzentrum\/#primaryimage","url":"https:\/\/now-news.de\/de\/wp-content\/uploads\/sites\/3\/2025\/12\/Berlin-BMI-Minister-Dobrindt-eroeffnet-quotDrohnenabwehrzentrumquot.jpg","contentUrl":"https:\/\/now-news.de\/de\/wp-content\/uploads\/sites\/3\/2025\/12\/Berlin-BMI-Minister-Dobrindt-eroeffnet-quotDrohnenabwehrzentrumquot.jpg","width":460,"height":259,"caption":"Berlin: BMI-Minister Dobrindt er\u00f6ffnet &quot;Drohnenabwehrzentrum&quot;"},{"@type":"BreadcrumbList","@id":"https:\/\/now-news.de\/de\/deutschland\/berlin-bmi-minister-dobrindt-eroeffnet-drohnenabwehrzentrum\/#breadcrumb","itemListElement":[{"@type":"ListItem","position":1,"name":"Home","item":"https:\/\/now-news.de\/de\/"},{"@type":"ListItem","position":2,"name":"Berlin: BMI-Minister Dobrindt er\u00f6ffnet &quot;Drohnenabwehrzentrum&quot;"}]},{"@type":"WebSite","@id":"https:\/\/now-news.de\/de\/#website","url":"https:\/\/now-news.de\/de\/","name":"just-now.NEWS Deutschland","description":"Das Portal f\u00fcr unzensierte Nachrichten aus der Welt","publisher":{"@id":"https:\/\/now-news.de\/de\/#organization"},"potentialAction":[{"@type":"SearchAction","target":{"@type":"EntryPoint","urlTemplate":"https:\/\/now-news.de\/de\/?s={search_term_string}"},"query-input":"required name=search_term_string"}],"inLanguage":"de"},{"@type":"Organization","@id":"https:\/\/now-news.de\/de\/#organization","name":"Just Now News","url":"https:\/\/now-news.de\/de\/","logo":{"@type":"ImageObject","inLanguage":"de","@id":"https:\/\/now-news.de\/de\/#\/schema\/logo\/image\/","url":"http:\/\/just-now.news\/de\/wp-content\/uploads\/sites\/3\/2022\/04\/logo500x500.jpg","contentUrl":"http:\/\/just-now.news\/de\/wp-content\/uploads\/sites\/3\/2022\/04\/logo500x500.jpg","width":500,"height":500,"caption":"Just Now News"},"image":{"@id":"https:\/\/now-news.de\/de\/#\/schema\/logo\/image\/"},"sameAs":["https:\/\/www.facebook.com\/wirmachenauf","https:\/\/x.com\/WirMachenAuf_de"]},{"@type":"Person","@id":"https:\/\/now-news.de\/de\/#\/schema\/person\/fb534a4e865501d8b3285208df34a9b5","name":"rtnews","image":{"@type":"ImageObject","inLanguage":"de","@id":"https:\/\/now-news.de\/de\/#\/schema\/person\/image\/","url":"https:\/\/secure.gravatar.com\/avatar\/82aafea7d8127119dd649515f56e2117?s=96&d=mm&r=g","contentUrl":"https:\/\/secure.gravatar.com\/avatar\/82aafea7d8127119dd649515f56e2117?s=96&d=mm&r=g","caption":"rtnews"},"url":"https:\/\/now-news.de\/de\/author\/rnews\/"}]}},"_links":{"self":[{"href":"https:\/\/now-news.de\/de\/wp-json\/wp\/v2\/posts\/96012"}],"collection":[{"href":"https:\/\/now-news.de\/de\/wp-json\/wp\/v2\/posts"}],"about":[{"href":"https:\/\/now-news.de\/de\/wp-json\/wp\/v2\/types\/post"}],"author":[{"embeddable":true,"href":"https:\/\/now-news.de\/de\/wp-json\/wp\/v2\/users\/3"}],"replies":[{"embeddable":true,"href":"https:\/\/now-news.de\/de\/wp-json\/wp\/v2\/comments?post=96012"}],"version-history":[{"count":0,"href":"https:\/\/now-news.de\/de\/wp-json\/wp\/v2\/posts\/96012\/revisions"}],"wp:featuredmedia":[{"embeddable":true,"href":"https:\/\/now-news.de\/de\/wp-json\/wp\/v2\/media\/96013"}],"wp:attachment":[{"href":"https:\/\/now-news.de\/de\/wp-json\/wp\/v2\/media?parent=96012"}],"wp:term":[{"taxonomy":"category","embeddable":true,"href":"https:\/\/now-news.de\/de\/wp-json\/wp\/v2\/categories?post=96012"},{"taxonomy":"post_tag","embeddable":true,"href":"https:\/\/now-news.de\/de\/wp-json\/wp\/v2\/tags?post=96012"}],"curies":[{"name":"wp","href":"https:\/\/api.w.org\/{rel}","templated":true}]}}