{"id":96010,"date":"2025-12-18T14:18:38","date_gmt":"2025-12-18T12:18:38","guid":{"rendered":"https:\/\/now-news.de\/de\/deutschland\/swr-ermuedungserscheinungen-in-der-ukraine-und-eu-nehmen-nach-minditsch-affaere-rasch-zu\/"},"modified":"2025-12-18T14:18:38","modified_gmt":"2025-12-18T12:18:38","slug":"swr-ermuedungserscheinungen-in-der-ukraine-und-eu-nehmen-nach-minditsch-affaere-rasch-zu","status":"publish","type":"post","link":"https:\/\/now-news.de\/de\/deutschland\/swr-ermuedungserscheinungen-in-der-ukraine-und-eu-nehmen-nach-minditsch-affaere-rasch-zu\/","title":{"rendered":"SWR: Erm\u00fcdungserscheinungen in der Ukraine und EU nehmen nach Minditsch-Aff\u00e4re rasch zu"},"content":{"rendered":"<p><img decoding=\"async\" src=\"https:\/\/now-news.de\/de\/wp-content\/uploads\/sites\/3\/2025\/12\/6943e07eb480cc25e1398927.jpg\" \/><\/p>\n<div class=\"Text-root Text-type_1 \">\n                Die einst so geschlossene Unterst\u00fctzung der Ukraine br\u00f6ckelt, teilt der russische Nachrichtendienst SWR mit. Momentan wird diese Tendenz durch Enth\u00fcllungen im Zuge der &#8220;Minditsch-Aff\u00e4re&#8221; beschleunigt. Erm\u00fcdung macht sich sowohl in den Geldgeberl\u00e4ndern als auch in der ukrainischen Bev\u00f6lkerung breit.\n            <\/div>\n<p><\/p>\n<div class=\"Text-root Text-type_5 ArticleView-text ViewText-root \">\n<p>Erkenntnissen des russischen Auslandsnachrichtendienstes SWR zufolge hat die in der Ukraine aufgedeckte Korruptionsaff\u00e4re zunehmend negative Folgen f\u00fcr das Ansehen Selenskijs, sowohl im Inland als auch im Ausland. Die vor einigen Wochen aufgrund von Ermittlungen der ukrainischen Antikorruptionsbeh\u00f6rde NABU ans Licht der \u00d6ffentlichkeit geratenen Informationen \u00fcber ein Schmiergeldsystem im Umkreis des Kiewer Machthabers haben \u2013 so der SWR\u00a0\u2013 das Potenzial, die Ukraine zu zerst\u00f6ren.<\/p>\n<p>Im November hatte die ukrainische Antikorruptionsbeh\u00f6rde NABU Audioaufnahmen ver\u00f6ffentlicht, die einen gro\u00dfen Koalitionsskandal ins Rollen brachten (<em>RT DE<\/em>\u00a0<a rel=\"nofollow noopener\" target=\"_blank\" href=\"https:\/\/freedert.online\/europa\/264098-finanzielle-unterstuetzung-ukraine-broeckelt-nyt-nyt-deckt-hochgradige-korruption-um-selenskij-auf\/\">berichtete<\/a>). Im Mittelpunkt des Skandals: Der Selenskij-Vertraute und -Gesch\u00e4ftspartner Timur Minditsch, der sich mittlerweile auf der Flucht befindet. In unsauberen Vergabeverfahren und \u00fcber Scheinfirmen sollen insgesamt rund 100 Millionen US-Dollar bei Auftragsvergaben des staatlichen Energieunternehmens Energoatom veruntreut worden sein. Und dies k\u00f6nnte nur die Spitze des Eisbergs bedeuten.<\/p>\n<p>Das Presseb\u00fcro des SWR teilte nunmehr mit, dass geheimdienstlichen Informationen zufolge diplomatische Vertreter westlicher L\u00e4nder in Kiew zunehmend negative Formen f\u00fcr die Ukraine aufgrund des &#8220;Minditsch-Selenskij-Gates&#8221; registrieren, da anzunehmen sei, dass ein Gro\u00dfteil der ukrainischen F\u00fchrungsspitze in die unrechtm\u00e4\u00dfigen Machenschaften verstrickt sein k\u00f6nnte. Zugleich zeige sich in der ukrainischen Bev\u00f6lkerung eine deutliche Erm\u00fcdung angesichts der langen Dauer des bewaffneten Konflikts.<\/p>\n<p>Viele Ukrainer w\u00fcrden argw\u00f6hnen, dass der Krieg, der ihnen den Tod oder die Verwundung von Freunden oder Verwandten gebracht habe, f\u00fcr die ukrainische F\u00fchrungsspitze eine Gelegenheit f\u00fcr ungez\u00fcgelten Diebstahl der westlichen Finanzhilfen bedeute. Deshalb nehme die Zahl der Ukrainer zu, die bereit seien, Russland die Herrschaft \u00fcber die bereits von der russischen Armee milit\u00e4risch kontrollierten Gebiete zuzugestehen, wenn dies f\u00fcr eine Waffenruhe unabdingbar sei.<\/p>\n<p>Der SWR will auch erfahren haben, dass insbesondere die Kampfmoral der ukrainischen Truppen unter dem Bekanntwerden der Korruption im inneren Machtzirkel Selenskijs gelitten habe. Frisch Mobilisierte w\u00fcrden ihre Kampfstellungen verlassen, weil sie nicht f\u00fcr die finanziellen Interessen der Kreise um Selenskij ihr Leben lassen m\u00f6chten. Der Anstieg der Desertionen sei derart beispiellos, dass mittlerweile das B\u00fcro der ukrainischen Generalstaatsanwaltschaft die ver\u00f6ffentlichten Daten wieder entfernt habe.<\/p>\n<p>Die N\u00e4he zu Selenskij \u2013 so die Analyse westlicher Diplomaten den Quellen des SWR zufolge \u2013 kompromittiere auch den Oberbefehlshaber der ukrainischen Streitkr\u00e4fte, den russischst\u00e4mmigen Aleksandr Syrskij, aufgrund seiner engen Verbindungen zum Selenskij-Regime. Ukrainische Offiziere w\u00fcrden mittlerweile sogar auf Niederlagen an der Front hoffen, da sie einen R\u00fccktritt Syrskijs zur Folge haben k\u00f6nnten. Westlichen Analysen zufolge werde ein Ende des Ukraine-Krieges unweigerlich zu einer harten Abrechnung mit den ukrainischen Eliten f\u00fchren, was bis hin zu Racheakten entt\u00e4uschter Ukrainer f\u00fchren k\u00f6nnte.<\/p>\n<p>Tats\u00e4chlich finden sich im Westen erste Hinweise auf Absetzbewegungen der bisherigen Unterst\u00fctzer der Ukraine. So lie\u00df gestern der neue tschechische Innenminister Lubom\u00edr Metnar die ukrainische Flagge vor seinem Amtssitz\u00a0<a rel=\"nofollow noopener\" target=\"_blank\" href=\"https:\/\/www.novinky.cz\/clanek\/domaci-metnar-nechal-sundat-z-budovy-ministerstva-ukrajinskou-vlajku-40553881\">entfernen<\/a>. Sie solle zuk\u00fcnftig nur in Ausnahmef\u00e4llen gehisst werden, hie\u00df es. Tschechien galt bisher als eines der vehementesten Unterst\u00fctzerl\u00e4nder der Ukraine.<\/p>\n<p>Der polnische Premierminister Donald Tusk hatte bereits am Montag\u00a0<a rel=\"nofollow noopener\" target=\"_blank\" href=\"https:\/\/tass.ru\/mezhdunarodnaya-panorama\/25921911\">verk\u00fcndet<\/a>, Polen werde sich nicht an einer von der sogenannten &#8220;Koalition der Willigen&#8221; ins Auge gefassten multinationalen Milit\u00e4rmission zur Friedenssicherung in der Ukraine beteiligen. Polen habe eine andere Aufgabe, n\u00e4mlich den Schutz der NATO-Ostflanke, und werde sich auf logistische Unterst\u00fctzung f\u00fcr m\u00f6gliche Sicherheitsgarantien beschr\u00e4nken. Im Deutschen Bundestag\u00a0<a rel=\"nofollow noopener\" target=\"_blank\" href=\"https:\/\/rumble.com\/embed\/v70zg5g\/?pub=105gth\">kritisierte<\/a>\u00a0Oppositionsf\u00fchrer Tino Chrupalla (AfD), man wisse nicht, in welche Kan\u00e4le die Kriegshilfen f\u00fcr die Ukraine teilweise versickern w\u00fcrden. Das System des &#8220;Noch-Pr\u00e4sidenten&#8221; Selenskij bezeichnete er als &#8220;korrupt&#8221;.\u00a0<\/p>\n<p>Die in der Ukraine grassierende Korruption st\u00f6\u00dft derweil bei Berliner B\u00fcrgern auf wenig \u00dcberraschung. In einer Stra\u00dfenumfrage\u00a0<a rel=\"nofollow noopener\" target=\"_blank\" href=\"https:\/\/t.me\/kanzlerdaddy\/23096\">zeigten sich<\/a>\u00a0die wenigsten erstaunt \u00fcber das Ausma\u00df von Bestechlichkeit und Amtsmissbrauch im System Selenskij. Lediglich der Zeitpunkt der Aufdeckung wurde von einigen kritisch hinterfragt: Der Korruptionsskandal k\u00f6nne auf Betreiben der USA aufgedeckt worden sein, um Selenskij unter Druck zu setzen.<\/p>\n<p><strong>Mehr zum Thema<\/strong> &#8211; <a rel=\"nofollow noopener\" target=\"_blank\" href=\"https:\/\/freedert.online\/russland\/265125-medien-erneute-konsultation-zwischen-moskau\/\">Medien: Erneute Konsultation zwischen Moskau und Washington in Florida an diesem Wochenende<\/a><\/p>\n<div class=\"EmbedBlock-root EmbedBlock-externalVideo EmbedBlock-rumble\">\n<div class=\"VkEmbed\"><iframe class=\"lazyload\" data-src=\"https:\/\/rumble.com\/embed\/v70zg5g\" frameborder=\"0\" width=\"853\" height=\"480\" allowfullscreen><\/iframe><\/div>\n<\/div>\n<\/div>\n<p><br \/>\n<br \/><a href=\"https:\/\/de.rt.com\/international\/265141-swr-ermuedungserscheinungen-in-ukraine-und-ukraine-nehmen-nach-minditsch-affaere-rasch-zu\/\">Source link <\/a><\/p>\n","protected":false},"excerpt":{"rendered":"<p>Die einst so geschlossene Unterst\u00fctzung der Ukraine br\u00f6ckelt, teilt der russische Nachrichtendienst SWR mit. Momentan wird diese Tendenz durch Enth\u00fcllungen im Zuge der &#8220;Minditsch-Aff\u00e4re&#8221; beschleunigt. Erm\u00fcdung macht sich sowohl in den Geldgeberl\u00e4ndern als auch in der ukrainischen Bev\u00f6lkerung breit. Erkenntnissen des russischen Auslandsnachrichtendienstes SWR zufolge hat die in der Ukraine aufgedeckte Korruptionsaff\u00e4re zunehmend negative Folgen [&hellip;]<\/p>\n","protected":false},"author":3,"featured_media":96011,"comment_status":"open","ping_status":"open","sticky":false,"template":"","format":"standard","meta":{"_yoast_indexnow_last_ping":["1766060971"],"wp_automatic_camp":["217"],"45f6d9e3c00b9fa68bce51b37216a4ed":["SWR: Erm\u00fcdungserscheinungen in der Ukraine und EU nehmen nach Minditsch-Aff\u00e4re rasch zu"],"original_link":["https:\/\/de.rt.com\/international\/265141-swr-ermuedungserscheinungen-in-ukraine-und-ukraine-nehmen-nach-minditsch-affaere-rasch-zu\/"],"_thumbnail_id":["96011"],"jnews_social_counter_last_update":["1777348160"],"_wptgpro_p2tg_sent2tg":["a:1:{i:23737;s:19:\"2025-12-18 14:30:36\";}"]},"categories":[19,23],"tags":[82,70011,70012,979,7299,28991,63508,127,140],"yoast_head":"<!-- This site is optimized with the Yoast SEO Premium plugin v22.7 (Yoast SEO v22.7) - https:\/\/yoast.com\/wordpress\/plugins\/seo\/ -->\n<title>SWR: Erm\u00fcdungserscheinungen in der Ukraine und EU nehmen nach Minditsch-Aff\u00e4re rasch zu - just-now.NEWS Deutschland<\/title>\n<meta name=\"robots\" content=\"index, follow, max-snippet:-1, max-image-preview:large, max-video-preview:-1\" \/>\n<link rel=\"canonical\" href=\"https:\/\/now-news.de\/de\/deutschland\/swr-ermuedungserscheinungen-in-der-ukraine-und-eu-nehmen-nach-minditsch-affaere-rasch-zu\/\" \/>\n<meta property=\"og:locale\" content=\"de_DE\" \/>\n<meta property=\"og:type\" content=\"article\" \/>\n<meta property=\"og:title\" content=\"SWR: Erm\u00fcdungserscheinungen in der Ukraine und EU nehmen nach Minditsch-Aff\u00e4re rasch zu\" \/>\n<meta property=\"og:description\" content=\"Die einst so geschlossene Unterst\u00fctzung der Ukraine br\u00f6ckelt, teilt der russische Nachrichtendienst SWR mit. Momentan wird diese Tendenz durch Enth\u00fcllungen im Zuge der &#8220;Minditsch-Aff\u00e4re&#8221; beschleunigt. Erm\u00fcdung macht sich sowohl in den Geldgeberl\u00e4ndern als auch in der ukrainischen Bev\u00f6lkerung breit. Erkenntnissen des russischen Auslandsnachrichtendienstes SWR zufolge hat die in der Ukraine aufgedeckte Korruptionsaff\u00e4re zunehmend negative Folgen [&hellip;]\" \/>\n<meta property=\"og:url\" content=\"https:\/\/now-news.de\/de\/deutschland\/swr-ermuedungserscheinungen-in-der-ukraine-und-eu-nehmen-nach-minditsch-affaere-rasch-zu\/\" \/>\n<meta property=\"og:site_name\" content=\"just-now.NEWS Deutschland\" \/>\n<meta property=\"article:publisher\" content=\"https:\/\/www.facebook.com\/wirmachenauf\" \/>\n<meta property=\"article:published_time\" content=\"2025-12-18T12:18:38+00:00\" \/>\n<meta property=\"og:image\" content=\"https:\/\/now-news.de\/de\/wp-content\/uploads\/sites\/3\/2025\/12\/6943e07eb480cc25e1398927.jpg\" \/>\n<meta name=\"author\" content=\"rtnews\" \/>\n<meta name=\"twitter:card\" content=\"summary_large_image\" \/>\n<meta name=\"twitter:creator\" content=\"@WirMachenAuf_de\" \/>\n<meta name=\"twitter:site\" content=\"@WirMachenAuf_de\" \/>\n<meta name=\"twitter:label1\" content=\"Verfasst von\" \/>\n\t<meta name=\"twitter:data1\" content=\"rtnews\" \/>\n\t<meta name=\"twitter:label2\" content=\"Gesch\u00e4tzte Lesezeit\" \/>\n\t<meta name=\"twitter:data2\" content=\"4\u00a0Minuten\" \/>\n<script type=\"application\/ld+json\" class=\"yoast-schema-graph\">{\"@context\":\"https:\/\/schema.org\",\"@graph\":[{\"@type\":\"Article\",\"@id\":\"https:\/\/now-news.de\/de\/deutschland\/swr-ermuedungserscheinungen-in-der-ukraine-und-eu-nehmen-nach-minditsch-affaere-rasch-zu\/#article\",\"isPartOf\":{\"@id\":\"https:\/\/now-news.de\/de\/deutschland\/swr-ermuedungserscheinungen-in-der-ukraine-und-eu-nehmen-nach-minditsch-affaere-rasch-zu\/\"},\"author\":{\"name\":\"rtnews\",\"@id\":\"https:\/\/now-news.de\/de\/#\/schema\/person\/fb534a4e865501d8b3285208df34a9b5\"},\"headline\":\"SWR: Erm\u00fcdungserscheinungen in der Ukraine und EU nehmen nach Minditsch-Aff\u00e4re rasch zu\",\"datePublished\":\"2025-12-18T12:18:38+00:00\",\"dateModified\":\"2025-12-18T12:18:38+00:00\",\"mainEntityOfPage\":{\"@id\":\"https:\/\/now-news.de\/de\/deutschland\/swr-ermuedungserscheinungen-in-der-ukraine-und-eu-nehmen-nach-minditsch-affaere-rasch-zu\/\"},\"wordCount\":729,\"commentCount\":0,\"publisher\":{\"@id\":\"https:\/\/now-news.de\/de\/#organization\"},\"image\":{\"@id\":\"https:\/\/now-news.de\/de\/deutschland\/swr-ermuedungserscheinungen-in-der-ukraine-und-eu-nehmen-nach-minditsch-affaere-rasch-zu\/#primaryimage\"},\"thumbnailUrl\":\"https:\/\/now-news.de\/de\/wp-content\/uploads\/sites\/3\/2025\/12\/SWR-Ermuedungserscheinungen-in-der-Ukraine-und-EU-nehmen-nach-Minditsch-Affaere.jpg\",\"keywords\":[\"der\",\"Erm\u00fcdungserscheinungen\",\"MinditschAff\u00e4re\",\"nach\",\"nehmen\",\"rasch\",\"SWR\",\"ukraine\",\"und\"],\"articleSection\":[\"Deutschland\",\"Russland\"],\"inLanguage\":\"de\",\"potentialAction\":[{\"@type\":\"CommentAction\",\"name\":\"Comment\",\"target\":[\"https:\/\/now-news.de\/de\/deutschland\/swr-ermuedungserscheinungen-in-der-ukraine-und-eu-nehmen-nach-minditsch-affaere-rasch-zu\/#respond\"]}]},{\"@type\":\"WebPage\",\"@id\":\"https:\/\/now-news.de\/de\/deutschland\/swr-ermuedungserscheinungen-in-der-ukraine-und-eu-nehmen-nach-minditsch-affaere-rasch-zu\/\",\"url\":\"https:\/\/now-news.de\/de\/deutschland\/swr-ermuedungserscheinungen-in-der-ukraine-und-eu-nehmen-nach-minditsch-affaere-rasch-zu\/\",\"name\":\"SWR: Erm\u00fcdungserscheinungen in der Ukraine und EU nehmen nach Minditsch-Aff\u00e4re rasch zu - just-now.NEWS Deutschland\",\"isPartOf\":{\"@id\":\"https:\/\/now-news.de\/de\/#website\"},\"primaryImageOfPage\":{\"@id\":\"https:\/\/now-news.de\/de\/deutschland\/swr-ermuedungserscheinungen-in-der-ukraine-und-eu-nehmen-nach-minditsch-affaere-rasch-zu\/#primaryimage\"},\"image\":{\"@id\":\"https:\/\/now-news.de\/de\/deutschland\/swr-ermuedungserscheinungen-in-der-ukraine-und-eu-nehmen-nach-minditsch-affaere-rasch-zu\/#primaryimage\"},\"thumbnailUrl\":\"https:\/\/now-news.de\/de\/wp-content\/uploads\/sites\/3\/2025\/12\/SWR-Ermuedungserscheinungen-in-der-Ukraine-und-EU-nehmen-nach-Minditsch-Affaere.jpg\",\"datePublished\":\"2025-12-18T12:18:38+00:00\",\"dateModified\":\"2025-12-18T12:18:38+00:00\",\"breadcrumb\":{\"@id\":\"https:\/\/now-news.de\/de\/deutschland\/swr-ermuedungserscheinungen-in-der-ukraine-und-eu-nehmen-nach-minditsch-affaere-rasch-zu\/#breadcrumb\"},\"inLanguage\":\"de\",\"potentialAction\":[{\"@type\":\"ReadAction\",\"target\":[\"https:\/\/now-news.de\/de\/deutschland\/swr-ermuedungserscheinungen-in-der-ukraine-und-eu-nehmen-nach-minditsch-affaere-rasch-zu\/\"]}]},{\"@type\":\"ImageObject\",\"inLanguage\":\"de\",\"@id\":\"https:\/\/now-news.de\/de\/deutschland\/swr-ermuedungserscheinungen-in-der-ukraine-und-eu-nehmen-nach-minditsch-affaere-rasch-zu\/#primaryimage\",\"url\":\"https:\/\/now-news.de\/de\/wp-content\/uploads\/sites\/3\/2025\/12\/SWR-Ermuedungserscheinungen-in-der-Ukraine-und-EU-nehmen-nach-Minditsch-Affaere.jpg\",\"contentUrl\":\"https:\/\/now-news.de\/de\/wp-content\/uploads\/sites\/3\/2025\/12\/SWR-Ermuedungserscheinungen-in-der-Ukraine-und-EU-nehmen-nach-Minditsch-Affaere.jpg\",\"width\":460,\"height\":259,\"caption\":\"SWR: Erm\u00fcdungserscheinungen in der Ukraine und EU nehmen nach Minditsch-Aff\u00e4re rasch zu\"},{\"@type\":\"BreadcrumbList\",\"@id\":\"https:\/\/now-news.de\/de\/deutschland\/swr-ermuedungserscheinungen-in-der-ukraine-und-eu-nehmen-nach-minditsch-affaere-rasch-zu\/#breadcrumb\",\"itemListElement\":[{\"@type\":\"ListItem\",\"position\":1,\"name\":\"Home\",\"item\":\"https:\/\/now-news.de\/de\/\"},{\"@type\":\"ListItem\",\"position\":2,\"name\":\"SWR: Erm\u00fcdungserscheinungen in der Ukraine und EU nehmen nach Minditsch-Aff\u00e4re rasch zu\"}]},{\"@type\":\"WebSite\",\"@id\":\"https:\/\/now-news.de\/de\/#website\",\"url\":\"https:\/\/now-news.de\/de\/\",\"name\":\"just-now.NEWS Deutschland\",\"description\":\"Das Portal f\u00fcr unzensierte Nachrichten aus der Welt\",\"publisher\":{\"@id\":\"https:\/\/now-news.de\/de\/#organization\"},\"potentialAction\":[{\"@type\":\"SearchAction\",\"target\":{\"@type\":\"EntryPoint\",\"urlTemplate\":\"https:\/\/now-news.de\/de\/?s={search_term_string}\"},\"query-input\":\"required name=search_term_string\"}],\"inLanguage\":\"de\"},{\"@type\":\"Organization\",\"@id\":\"https:\/\/now-news.de\/de\/#organization\",\"name\":\"Just Now News\",\"url\":\"https:\/\/now-news.de\/de\/\",\"logo\":{\"@type\":\"ImageObject\",\"inLanguage\":\"de\",\"@id\":\"https:\/\/now-news.de\/de\/#\/schema\/logo\/image\/\",\"url\":\"http:\/\/just-now.news\/de\/wp-content\/uploads\/sites\/3\/2022\/04\/logo500x500.jpg\",\"contentUrl\":\"http:\/\/just-now.news\/de\/wp-content\/uploads\/sites\/3\/2022\/04\/logo500x500.jpg\",\"width\":500,\"height\":500,\"caption\":\"Just Now News\"},\"image\":{\"@id\":\"https:\/\/now-news.de\/de\/#\/schema\/logo\/image\/\"},\"sameAs\":[\"https:\/\/www.facebook.com\/wirmachenauf\",\"https:\/\/x.com\/WirMachenAuf_de\"]},{\"@type\":\"Person\",\"@id\":\"https:\/\/now-news.de\/de\/#\/schema\/person\/fb534a4e865501d8b3285208df34a9b5\",\"name\":\"rtnews\",\"image\":{\"@type\":\"ImageObject\",\"inLanguage\":\"de\",\"@id\":\"https:\/\/now-news.de\/de\/#\/schema\/person\/image\/\",\"url\":\"https:\/\/secure.gravatar.com\/avatar\/82aafea7d8127119dd649515f56e2117?s=96&d=mm&r=g\",\"contentUrl\":\"https:\/\/secure.gravatar.com\/avatar\/82aafea7d8127119dd649515f56e2117?s=96&d=mm&r=g\",\"caption\":\"rtnews\"},\"url\":\"https:\/\/now-news.de\/de\/author\/rnews\/\"}]}<\/script>\n<!-- \/ Yoast SEO Premium plugin. -->","yoast_head_json":{"title":"SWR: Erm\u00fcdungserscheinungen in der Ukraine und EU nehmen nach Minditsch-Aff\u00e4re rasch zu - just-now.NEWS Deutschland","robots":{"index":"index","follow":"follow","max-snippet":"max-snippet:-1","max-image-preview":"max-image-preview:large","max-video-preview":"max-video-preview:-1"},"canonical":"https:\/\/now-news.de\/de\/deutschland\/swr-ermuedungserscheinungen-in-der-ukraine-und-eu-nehmen-nach-minditsch-affaere-rasch-zu\/","og_locale":"de_DE","og_type":"article","og_title":"SWR: Erm\u00fcdungserscheinungen in der Ukraine und EU nehmen nach Minditsch-Aff\u00e4re rasch zu","og_description":"Die einst so geschlossene Unterst\u00fctzung der Ukraine br\u00f6ckelt, teilt der russische Nachrichtendienst SWR mit. Momentan wird diese Tendenz durch Enth\u00fcllungen im Zuge der &#8220;Minditsch-Aff\u00e4re&#8221; beschleunigt. Erm\u00fcdung macht sich sowohl in den Geldgeberl\u00e4ndern als auch in der ukrainischen Bev\u00f6lkerung breit. Erkenntnissen des russischen Auslandsnachrichtendienstes SWR zufolge hat die in der Ukraine aufgedeckte Korruptionsaff\u00e4re zunehmend negative Folgen [&hellip;]","og_url":"https:\/\/now-news.de\/de\/deutschland\/swr-ermuedungserscheinungen-in-der-ukraine-und-eu-nehmen-nach-minditsch-affaere-rasch-zu\/","og_site_name":"just-now.NEWS Deutschland","article_publisher":"https:\/\/www.facebook.com\/wirmachenauf","article_published_time":"2025-12-18T12:18:38+00:00","og_image":[{"url":"https:\/\/now-news.de\/de\/wp-content\/uploads\/sites\/3\/2025\/12\/6943e07eb480cc25e1398927.jpg"}],"author":"rtnews","twitter_card":"summary_large_image","twitter_creator":"@WirMachenAuf_de","twitter_site":"@WirMachenAuf_de","twitter_misc":{"Verfasst von":"rtnews","Gesch\u00e4tzte Lesezeit":"4\u00a0Minuten"},"schema":{"@context":"https:\/\/schema.org","@graph":[{"@type":"Article","@id":"https:\/\/now-news.de\/de\/deutschland\/swr-ermuedungserscheinungen-in-der-ukraine-und-eu-nehmen-nach-minditsch-affaere-rasch-zu\/#article","isPartOf":{"@id":"https:\/\/now-news.de\/de\/deutschland\/swr-ermuedungserscheinungen-in-der-ukraine-und-eu-nehmen-nach-minditsch-affaere-rasch-zu\/"},"author":{"name":"rtnews","@id":"https:\/\/now-news.de\/de\/#\/schema\/person\/fb534a4e865501d8b3285208df34a9b5"},"headline":"SWR: Erm\u00fcdungserscheinungen in der Ukraine und EU nehmen nach Minditsch-Aff\u00e4re rasch zu","datePublished":"2025-12-18T12:18:38+00:00","dateModified":"2025-12-18T12:18:38+00:00","mainEntityOfPage":{"@id":"https:\/\/now-news.de\/de\/deutschland\/swr-ermuedungserscheinungen-in-der-ukraine-und-eu-nehmen-nach-minditsch-affaere-rasch-zu\/"},"wordCount":729,"commentCount":0,"publisher":{"@id":"https:\/\/now-news.de\/de\/#organization"},"image":{"@id":"https:\/\/now-news.de\/de\/deutschland\/swr-ermuedungserscheinungen-in-der-ukraine-und-eu-nehmen-nach-minditsch-affaere-rasch-zu\/#primaryimage"},"thumbnailUrl":"https:\/\/now-news.de\/de\/wp-content\/uploads\/sites\/3\/2025\/12\/SWR-Ermuedungserscheinungen-in-der-Ukraine-und-EU-nehmen-nach-Minditsch-Affaere.jpg","keywords":["der","Erm\u00fcdungserscheinungen","MinditschAff\u00e4re","nach","nehmen","rasch","SWR","ukraine","und"],"articleSection":["Deutschland","Russland"],"inLanguage":"de","potentialAction":[{"@type":"CommentAction","name":"Comment","target":["https:\/\/now-news.de\/de\/deutschland\/swr-ermuedungserscheinungen-in-der-ukraine-und-eu-nehmen-nach-minditsch-affaere-rasch-zu\/#respond"]}]},{"@type":"WebPage","@id":"https:\/\/now-news.de\/de\/deutschland\/swr-ermuedungserscheinungen-in-der-ukraine-und-eu-nehmen-nach-minditsch-affaere-rasch-zu\/","url":"https:\/\/now-news.de\/de\/deutschland\/swr-ermuedungserscheinungen-in-der-ukraine-und-eu-nehmen-nach-minditsch-affaere-rasch-zu\/","name":"SWR: Erm\u00fcdungserscheinungen in der Ukraine und EU nehmen nach Minditsch-Aff\u00e4re rasch zu - just-now.NEWS Deutschland","isPartOf":{"@id":"https:\/\/now-news.de\/de\/#website"},"primaryImageOfPage":{"@id":"https:\/\/now-news.de\/de\/deutschland\/swr-ermuedungserscheinungen-in-der-ukraine-und-eu-nehmen-nach-minditsch-affaere-rasch-zu\/#primaryimage"},"image":{"@id":"https:\/\/now-news.de\/de\/deutschland\/swr-ermuedungserscheinungen-in-der-ukraine-und-eu-nehmen-nach-minditsch-affaere-rasch-zu\/#primaryimage"},"thumbnailUrl":"https:\/\/now-news.de\/de\/wp-content\/uploads\/sites\/3\/2025\/12\/SWR-Ermuedungserscheinungen-in-der-Ukraine-und-EU-nehmen-nach-Minditsch-Affaere.jpg","datePublished":"2025-12-18T12:18:38+00:00","dateModified":"2025-12-18T12:18:38+00:00","breadcrumb":{"@id":"https:\/\/now-news.de\/de\/deutschland\/swr-ermuedungserscheinungen-in-der-ukraine-und-eu-nehmen-nach-minditsch-affaere-rasch-zu\/#breadcrumb"},"inLanguage":"de","potentialAction":[{"@type":"ReadAction","target":["https:\/\/now-news.de\/de\/deutschland\/swr-ermuedungserscheinungen-in-der-ukraine-und-eu-nehmen-nach-minditsch-affaere-rasch-zu\/"]}]},{"@type":"ImageObject","inLanguage":"de","@id":"https:\/\/now-news.de\/de\/deutschland\/swr-ermuedungserscheinungen-in-der-ukraine-und-eu-nehmen-nach-minditsch-affaere-rasch-zu\/#primaryimage","url":"https:\/\/now-news.de\/de\/wp-content\/uploads\/sites\/3\/2025\/12\/SWR-Ermuedungserscheinungen-in-der-Ukraine-und-EU-nehmen-nach-Minditsch-Affaere.jpg","contentUrl":"https:\/\/now-news.de\/de\/wp-content\/uploads\/sites\/3\/2025\/12\/SWR-Ermuedungserscheinungen-in-der-Ukraine-und-EU-nehmen-nach-Minditsch-Affaere.jpg","width":460,"height":259,"caption":"SWR: Erm\u00fcdungserscheinungen in der Ukraine und EU nehmen nach Minditsch-Aff\u00e4re rasch zu"},{"@type":"BreadcrumbList","@id":"https:\/\/now-news.de\/de\/deutschland\/swr-ermuedungserscheinungen-in-der-ukraine-und-eu-nehmen-nach-minditsch-affaere-rasch-zu\/#breadcrumb","itemListElement":[{"@type":"ListItem","position":1,"name":"Home","item":"https:\/\/now-news.de\/de\/"},{"@type":"ListItem","position":2,"name":"SWR: Erm\u00fcdungserscheinungen in der Ukraine und EU nehmen nach Minditsch-Aff\u00e4re rasch zu"}]},{"@type":"WebSite","@id":"https:\/\/now-news.de\/de\/#website","url":"https:\/\/now-news.de\/de\/","name":"just-now.NEWS Deutschland","description":"Das Portal f\u00fcr unzensierte Nachrichten aus der Welt","publisher":{"@id":"https:\/\/now-news.de\/de\/#organization"},"potentialAction":[{"@type":"SearchAction","target":{"@type":"EntryPoint","urlTemplate":"https:\/\/now-news.de\/de\/?s={search_term_string}"},"query-input":"required name=search_term_string"}],"inLanguage":"de"},{"@type":"Organization","@id":"https:\/\/now-news.de\/de\/#organization","name":"Just Now News","url":"https:\/\/now-news.de\/de\/","logo":{"@type":"ImageObject","inLanguage":"de","@id":"https:\/\/now-news.de\/de\/#\/schema\/logo\/image\/","url":"http:\/\/just-now.news\/de\/wp-content\/uploads\/sites\/3\/2022\/04\/logo500x500.jpg","contentUrl":"http:\/\/just-now.news\/de\/wp-content\/uploads\/sites\/3\/2022\/04\/logo500x500.jpg","width":500,"height":500,"caption":"Just Now News"},"image":{"@id":"https:\/\/now-news.de\/de\/#\/schema\/logo\/image\/"},"sameAs":["https:\/\/www.facebook.com\/wirmachenauf","https:\/\/x.com\/WirMachenAuf_de"]},{"@type":"Person","@id":"https:\/\/now-news.de\/de\/#\/schema\/person\/fb534a4e865501d8b3285208df34a9b5","name":"rtnews","image":{"@type":"ImageObject","inLanguage":"de","@id":"https:\/\/now-news.de\/de\/#\/schema\/person\/image\/","url":"https:\/\/secure.gravatar.com\/avatar\/82aafea7d8127119dd649515f56e2117?s=96&d=mm&r=g","contentUrl":"https:\/\/secure.gravatar.com\/avatar\/82aafea7d8127119dd649515f56e2117?s=96&d=mm&r=g","caption":"rtnews"},"url":"https:\/\/now-news.de\/de\/author\/rnews\/"}]}},"_links":{"self":[{"href":"https:\/\/now-news.de\/de\/wp-json\/wp\/v2\/posts\/96010"}],"collection":[{"href":"https:\/\/now-news.de\/de\/wp-json\/wp\/v2\/posts"}],"about":[{"href":"https:\/\/now-news.de\/de\/wp-json\/wp\/v2\/types\/post"}],"author":[{"embeddable":true,"href":"https:\/\/now-news.de\/de\/wp-json\/wp\/v2\/users\/3"}],"replies":[{"embeddable":true,"href":"https:\/\/now-news.de\/de\/wp-json\/wp\/v2\/comments?post=96010"}],"version-history":[{"count":0,"href":"https:\/\/now-news.de\/de\/wp-json\/wp\/v2\/posts\/96010\/revisions"}],"wp:featuredmedia":[{"embeddable":true,"href":"https:\/\/now-news.de\/de\/wp-json\/wp\/v2\/media\/96011"}],"wp:attachment":[{"href":"https:\/\/now-news.de\/de\/wp-json\/wp\/v2\/media?parent=96010"}],"wp:term":[{"taxonomy":"category","embeddable":true,"href":"https:\/\/now-news.de\/de\/wp-json\/wp\/v2\/categories?post=96010"},{"taxonomy":"post_tag","embeddable":true,"href":"https:\/\/now-news.de\/de\/wp-json\/wp\/v2\/tags?post=96010"}],"curies":[{"name":"wp","href":"https:\/\/api.w.org\/{rel}","templated":true}]}}