{"id":96004,"date":"2025-12-18T13:32:28","date_gmt":"2025-12-18T11:32:28","guid":{"rendered":"https:\/\/now-news.de\/de\/deutschland\/dobrindt-aufnahmezusage-fuer-535-afghanen-ausreise-nach-deutschland-noch-in-diesem-jahr-geplant\/"},"modified":"2025-12-18T13:32:28","modified_gmt":"2025-12-18T11:32:28","slug":"dobrindt-aufnahmezusage-fuer-535-afghanen-ausreise-nach-deutschland-noch-in-diesem-jahr-geplant","status":"publish","type":"post","link":"https:\/\/now-news.de\/de\/deutschland\/dobrindt-aufnahmezusage-fuer-535-afghanen-ausreise-nach-deutschland-noch-in-diesem-jahr-geplant\/","title":{"rendered":"Dobrindt: &quot;Aufnahmezusage&quot; f\u00fcr 535 Afghanen \u2013 Ausreise nach Deutschland noch in diesem Jahr geplant"},"content":{"rendered":"<p><img decoding=\"async\" src=\"https:\/\/now-news.de\/de\/wp-content\/uploads\/sites\/3\/2025\/12\/6943d24c48fbef2b5e319785.jpg\" \/><\/p>\n<div class=\"Text-root Text-type_1 \">\n                Das SPD-nahe RND erfuhr &#8220;exklusiv&#8221; vom Innenminister, dass die Bundesregierung noch in diesem Jahr 535 Afghanen mit einer &#8220;noch bestehenden Aufnahmezusage hierherholen will.&#8221; Dabei auch sogenannte &#8220;Ortskr\u00e4fte&#8221; und weitere Personen, die vor Ort f\u00fcr &#8220;deutsche Organisationen&#8221; gearbeitet haben.\n            <\/div>\n<p><\/p>\n<div class=\"Text-root Text-type_5 ArticleView-text ViewText-root \">\n<p>Das <em>RedaktionsNetzwerk Deutschland<\/em> (<em>RND<\/em>) berichtet &#8220;exklusiv&#8221; in einem Artikel \u00fcber Jahresendpl\u00e4ne der Bundesregierung zum Thema unver\u00e4nderter Migrations- und Asylpolitik seitens der Gro\u00dfen Koalition. So habe\u00a0Bundesinnenminister Alexander Dobrindt (CSU) dem Portal gegen\u00fcber angek\u00fcndigt, &#8220;bald alle verbliebenen Afghanen mit einer noch bestehenden Aufnahmezusage f\u00fcr Deutschland hierherholen zu wollen.&#8221; Insgesamt seien bis Ende dieses Jahres noch mehrere Fl\u00fcge mit bis zu 535 ausgew\u00e4hlten &#8220;Personen&#8221; geplant.<\/p>\n<p>In Pakistan befinden sich aktuell laut Informationen und Angaben deutscher Beh\u00f6rden &#8220;noch Hunderte Afghanen mit einer Aufnahmezusage&#8221; f\u00fcr Deutschland. Der <em>RND<\/em>&#8211;<a rel=\"nofollow noopener\" target=\"_blank\" href=\"https:\/\/www.rnd.de\/politik\/deutschland-erwartet-535-afghanen-dobrindt-verspricht-zuegige-einreise-RJ73FBZHKFBL5JZHTKNZFFDRJM.html\">Artikel<\/a> erkl\u00e4rt, dass das zust\u00e4ndige\u00a0Bundesinnenministerium demnach nun einen Gro\u00dfteil der Afghanen noch nach Deutschland \u00fcberf\u00fchren m\u00f6chte. So hei\u00dft es nach pers\u00f6nlichen, ausf\u00fchrlichen Ausf\u00fchrungen seitens Dobrindt gegen\u00fcber dem <em>RedaktionsNetzwerk<\/em> nach einer Sitzung des Bundestags-Innenausschusses:<\/p>\n<p><em>&#8220;Es handelt sich aktuell noch um 460 Personen, die sich im Bundesaufnahmeprogramm befinden, und 75 Personen, die sich im Ortskr\u00e4fteprogramm befinden und sich derzeit in Pakistan aufhalten.\u00a0Das sind Personen, bei denen wir davon ausgehen, dass die Einreise nach Deutschland erfolgen wird. Wir haben ein Interesse daran, dass das m\u00f6glichst schnell abgearbeitet wird und sind dar\u00fcber mit den pakistanischen Beh\u00f6rden im Austausch. Wir wollen das so weit wie m\u00f6glich im Dezember abschlie\u00dfen. Es kann aber auch sein, dass es noch einzelne F\u00e4lle gibt, die wir im neuen Jahr bearbeiten m\u00fcssen.&#8221;<\/em><\/p>\n<p>Die amtierende Bundesregierung hatte zuvor angek\u00fcndigt, die individuellen Aufnahmen nur noch stark eingeschr\u00e4nkt genehmigen zu wollen. So vereinbarten Union und SPD im Koalitionsvertrag, laufende Aufnahmeprogramme so weit wie m\u00f6glich einzustellen. Gerichte hatten jedoch nach mehreren Klagen, meist initiiert durch sogenannte &#8220;Menschrechtsorganisationen&#8221; in Begleitung klagender Afghanen, den Aufnahmeanspruch einzelner F\u00e4lle mit verbindlicher Zusage festgestellt.<\/p>\n<p>Der innenpolitische Sprecher der Gr\u00fcnen-Bundestagsfraktion, Marcel Emmerich, kritisierte nach <em>RND<\/em>-Anfrage Dobrindts Politik, um zu erkl\u00e4ren:<\/p>\n<p><em>&#8220;Es geht um Frauen und Kinder, die seit Jahren in Angst leben, die kein Zuhause mehr haben und nun kurz vor Weihnachten f\u00fcrchten m\u00fcssen, in die H\u00e4nde der Taliban abgeschoben zu werden. Diese Menschen haben den Einsatz unserer Soldatinnen und Soldaten erst m\u00f6glich gemacht. Sie jetzt den Taliban zu \u00fcberlassen, ist brutal und kaltherzig.&#8221;<\/em><\/p>\n<p>Dobrindt erkl\u00e4rte\u00a0jetzt gegen\u00fcber dem <em>RND<\/em>, dass zust\u00e4ndige deutsche Beh\u00f6rden diesbez\u00fcglich\u00a0mit den pakistanischen Beh\u00f6rden weiterhin im Austausch seien. Ausreisewillige Personen, die auf diesem Weg nach Deutschland einreisen wollen, m\u00fcssen\u00a0demnach noch &#8220;ein Verfahren mit Sicherheits\u00fcberpr\u00fcfungen durchlaufen.&#8221; Pakistan hatte der Bundesregierung bis zum Jahresende Zeit f\u00fcr die Aufnahmeverfahren gegeben. Danach will Islamabad die\u00a0wartenden Menschen final zur\u00fcck nach Afghanistan abschieben.<\/p>\n<p>Zuletzt waren laut <em>RND-<\/em>Informationen mit einem von der Bundesregierung organisierten Charterflug &#8220;160 Afghaninnen und Afghanen nach Berlin&#8221; geflogen worden. Laut Bundesinnenministerium handele es sich &#8220;um 154 Menschen aus dem Bundesaufnahmeprogramm.&#8221;<\/p>\n<p>An Bord der Maschine\u00a0habe sich\u00a0ferner laut Artikel auch &#8220;eine fr\u00fchere Ortskraft mit f\u00fcnf Angeh\u00f6rigen&#8221; befunden.\u00a0<\/p>\n<p><strong>Mehr zum Thema &#8211;<\/strong>\u00a0<a rel=\"nofollow noopener\" target=\"_blank\" href=\"https:\/\/freedert.online\/international\/263956-vernichtendes-us-abschlussgutachten-148-milliarden-in-afghanischen-sand-gesetzt\/\">Vernichtendes US-Abschlussgutachten: 148 Milliarden Wiederaufbau-Dollar in afghanischen Sand gesetzt<\/a><\/p>\n<div class=\"EmbedBlock-root EmbedBlock-externalVideo EmbedBlock-rumble\">\n<div class=\"VkEmbed\"><iframe class=\"lazyload\" data-src=\"https:\/\/rumble.com\/embed\/v70uzc6\" frameborder=\"0\" width=\"853\" height=\"480\" allowfullscreen><\/iframe><\/div>\n<\/div>\n<\/div>\n<p><br \/>\n<br \/><a href=\"https:\/\/de.rt.com\/inland\/265136-dobrindt-aufnahmezusage-an-535-afghanen\/\">Source link <\/a><\/p>\n","protected":false},"excerpt":{"rendered":"<p>Das SPD-nahe RND erfuhr &#8220;exklusiv&#8221; vom Innenminister, dass die Bundesregierung noch in diesem Jahr 535 Afghanen mit einer &#8220;noch bestehenden Aufnahmezusage hierherholen will.&#8221; Dabei auch sogenannte &#8220;Ortskr\u00e4fte&#8221; und weitere Personen, die vor Ort f\u00fcr &#8220;deutsche Organisationen&#8221; gearbeitet haben. Das RedaktionsNetzwerk Deutschland (RND) berichtet &#8220;exklusiv&#8221; in einem Artikel \u00fcber Jahresendpl\u00e4ne der Bundesregierung zum Thema unver\u00e4nderter Migrations- [&hellip;]<\/p>\n","protected":false},"author":3,"featured_media":96005,"comment_status":"open","ping_status":"open","sticky":false,"template":"","format":"standard","meta":{"_yoast_indexnow_last_ping":["1766058090"],"wp_automatic_camp":["217"],"93c5990ecd0cfe42016ac94edea257bf":["Dobrindt: &quot;Aufnahmezusage&quot; f\u00fcr 535 Afghanen \u2013 Ausreise nach Deutschland noch in diesem Jahr geplant"],"original_link":["https:\/\/de.rt.com\/inland\/265136-dobrindt-aufnahmezusage-an-535-afghanen\/"],"_thumbnail_id":["96005"],"jnews_social_counter_last_update":["1777564047"],"_wptgpro_p2tg_sent2tg":["a:1:{i:23737;s:19:\"2025-12-18 13:42:32\";}"]},"categories":[19,23],"tags":[11611,22415,179,16319,32515,221,1312,1615,979,1674,69288],"yoast_head":"<!-- This site is optimized with the Yoast SEO Premium plugin v22.7 (Yoast SEO v22.7) - https:\/\/yoast.com\/wordpress\/plugins\/seo\/ -->\n<title>Dobrindt: &quot;Aufnahmezusage&quot; f\u00fcr 535 Afghanen \u2013 Ausreise nach Deutschland noch in diesem Jahr geplant - just-now.NEWS Deutschland<\/title>\n<meta name=\"robots\" content=\"index, follow, max-snippet:-1, max-image-preview:large, max-video-preview:-1\" \/>\n<link rel=\"canonical\" href=\"https:\/\/now-news.de\/de\/deutschland\/dobrindt-aufnahmezusage-fuer-535-afghanen-ausreise-nach-deutschland-noch-in-diesem-jahr-geplant\/\" \/>\n<meta property=\"og:locale\" content=\"de_DE\" \/>\n<meta property=\"og:type\" content=\"article\" \/>\n<meta property=\"og:title\" content=\"Dobrindt: &quot;Aufnahmezusage&quot; f\u00fcr 535 Afghanen \u2013 Ausreise nach Deutschland noch in diesem Jahr geplant\" \/>\n<meta property=\"og:description\" content=\"Das SPD-nahe RND erfuhr &#8220;exklusiv&#8221; vom Innenminister, dass die Bundesregierung noch in diesem Jahr 535 Afghanen mit einer &#8220;noch bestehenden Aufnahmezusage hierherholen will.&#8221; Dabei auch sogenannte &#8220;Ortskr\u00e4fte&#8221; und weitere Personen, die vor Ort f\u00fcr &#8220;deutsche Organisationen&#8221; gearbeitet haben. Das RedaktionsNetzwerk Deutschland (RND) berichtet &#8220;exklusiv&#8221; in einem Artikel \u00fcber Jahresendpl\u00e4ne der Bundesregierung zum Thema unver\u00e4nderter Migrations- [&hellip;]\" \/>\n<meta property=\"og:url\" content=\"https:\/\/now-news.de\/de\/deutschland\/dobrindt-aufnahmezusage-fuer-535-afghanen-ausreise-nach-deutschland-noch-in-diesem-jahr-geplant\/\" \/>\n<meta property=\"og:site_name\" content=\"just-now.NEWS Deutschland\" \/>\n<meta property=\"article:publisher\" content=\"https:\/\/www.facebook.com\/wirmachenauf\" \/>\n<meta property=\"article:published_time\" content=\"2025-12-18T11:32:28+00:00\" \/>\n<meta property=\"og:image\" content=\"https:\/\/now-news.de\/de\/wp-content\/uploads\/sites\/3\/2025\/12\/6943d24c48fbef2b5e319785.jpg\" \/>\n<meta name=\"author\" content=\"rtnews\" \/>\n<meta name=\"twitter:card\" content=\"summary_large_image\" \/>\n<meta name=\"twitter:creator\" content=\"@WirMachenAuf_de\" \/>\n<meta name=\"twitter:site\" content=\"@WirMachenAuf_de\" \/>\n<meta name=\"twitter:label1\" content=\"Verfasst von\" \/>\n\t<meta name=\"twitter:data1\" content=\"rtnews\" \/>\n\t<meta name=\"twitter:label2\" content=\"Gesch\u00e4tzte Lesezeit\" \/>\n\t<meta name=\"twitter:data2\" content=\"3\u00a0Minuten\" \/>\n<script type=\"application\/ld+json\" class=\"yoast-schema-graph\">{\"@context\":\"https:\/\/schema.org\",\"@graph\":[{\"@type\":\"Article\",\"@id\":\"https:\/\/now-news.de\/de\/deutschland\/dobrindt-aufnahmezusage-fuer-535-afghanen-ausreise-nach-deutschland-noch-in-diesem-jahr-geplant\/#article\",\"isPartOf\":{\"@id\":\"https:\/\/now-news.de\/de\/deutschland\/dobrindt-aufnahmezusage-fuer-535-afghanen-ausreise-nach-deutschland-noch-in-diesem-jahr-geplant\/\"},\"author\":{\"name\":\"rtnews\",\"@id\":\"https:\/\/now-news.de\/de\/#\/schema\/person\/fb534a4e865501d8b3285208df34a9b5\"},\"headline\":\"Dobrindt: &quot;Aufnahmezusage&quot; f\u00fcr 535 Afghanen \u2013 Ausreise nach Deutschland noch in diesem Jahr geplant\",\"datePublished\":\"2025-12-18T11:32:28+00:00\",\"dateModified\":\"2025-12-18T11:32:28+00:00\",\"mainEntityOfPage\":{\"@id\":\"https:\/\/now-news.de\/de\/deutschland\/dobrindt-aufnahmezusage-fuer-535-afghanen-ausreise-nach-deutschland-noch-in-diesem-jahr-geplant\/\"},\"wordCount\":552,\"commentCount\":0,\"publisher\":{\"@id\":\"https:\/\/now-news.de\/de\/#organization\"},\"image\":{\"@id\":\"https:\/\/now-news.de\/de\/deutschland\/dobrindt-aufnahmezusage-fuer-535-afghanen-ausreise-nach-deutschland-noch-in-diesem-jahr-geplant\/#primaryimage\"},\"thumbnailUrl\":\"https:\/\/now-news.de\/de\/wp-content\/uploads\/sites\/3\/2025\/12\/Dobrindt-quotAufnahmezusagequot-fuer-535-Afghanen-\u2013-Ausreise-nach-Deutschland-noch.jpg\",\"keywords\":[\"Afghanen\",\"Ausreise\",\"Deutschland\",\"diesem\",\"Dobrindt\",\"f\u00fcr\",\"geplant\",\"Jahr\",\"nach\",\"noch\",\"quotAufnahmezusagequot\"],\"articleSection\":[\"Deutschland\",\"Russland\"],\"inLanguage\":\"de\",\"potentialAction\":[{\"@type\":\"CommentAction\",\"name\":\"Comment\",\"target\":[\"https:\/\/now-news.de\/de\/deutschland\/dobrindt-aufnahmezusage-fuer-535-afghanen-ausreise-nach-deutschland-noch-in-diesem-jahr-geplant\/#respond\"]}]},{\"@type\":\"WebPage\",\"@id\":\"https:\/\/now-news.de\/de\/deutschland\/dobrindt-aufnahmezusage-fuer-535-afghanen-ausreise-nach-deutschland-noch-in-diesem-jahr-geplant\/\",\"url\":\"https:\/\/now-news.de\/de\/deutschland\/dobrindt-aufnahmezusage-fuer-535-afghanen-ausreise-nach-deutschland-noch-in-diesem-jahr-geplant\/\",\"name\":\"Dobrindt: &quot;Aufnahmezusage&quot; f\u00fcr 535 Afghanen \u2013 Ausreise nach Deutschland noch in diesem Jahr geplant - just-now.NEWS Deutschland\",\"isPartOf\":{\"@id\":\"https:\/\/now-news.de\/de\/#website\"},\"primaryImageOfPage\":{\"@id\":\"https:\/\/now-news.de\/de\/deutschland\/dobrindt-aufnahmezusage-fuer-535-afghanen-ausreise-nach-deutschland-noch-in-diesem-jahr-geplant\/#primaryimage\"},\"image\":{\"@id\":\"https:\/\/now-news.de\/de\/deutschland\/dobrindt-aufnahmezusage-fuer-535-afghanen-ausreise-nach-deutschland-noch-in-diesem-jahr-geplant\/#primaryimage\"},\"thumbnailUrl\":\"https:\/\/now-news.de\/de\/wp-content\/uploads\/sites\/3\/2025\/12\/Dobrindt-quotAufnahmezusagequot-fuer-535-Afghanen-\u2013-Ausreise-nach-Deutschland-noch.jpg\",\"datePublished\":\"2025-12-18T11:32:28+00:00\",\"dateModified\":\"2025-12-18T11:32:28+00:00\",\"breadcrumb\":{\"@id\":\"https:\/\/now-news.de\/de\/deutschland\/dobrindt-aufnahmezusage-fuer-535-afghanen-ausreise-nach-deutschland-noch-in-diesem-jahr-geplant\/#breadcrumb\"},\"inLanguage\":\"de\",\"potentialAction\":[{\"@type\":\"ReadAction\",\"target\":[\"https:\/\/now-news.de\/de\/deutschland\/dobrindt-aufnahmezusage-fuer-535-afghanen-ausreise-nach-deutschland-noch-in-diesem-jahr-geplant\/\"]}]},{\"@type\":\"ImageObject\",\"inLanguage\":\"de\",\"@id\":\"https:\/\/now-news.de\/de\/deutschland\/dobrindt-aufnahmezusage-fuer-535-afghanen-ausreise-nach-deutschland-noch-in-diesem-jahr-geplant\/#primaryimage\",\"url\":\"https:\/\/now-news.de\/de\/wp-content\/uploads\/sites\/3\/2025\/12\/Dobrindt-quotAufnahmezusagequot-fuer-535-Afghanen-\u2013-Ausreise-nach-Deutschland-noch.jpg\",\"contentUrl\":\"https:\/\/now-news.de\/de\/wp-content\/uploads\/sites\/3\/2025\/12\/Dobrindt-quotAufnahmezusagequot-fuer-535-Afghanen-\u2013-Ausreise-nach-Deutschland-noch.jpg\",\"width\":460,\"height\":259,\"caption\":\"Dobrindt: &quot;Aufnahmezusage&quot; f\u00fcr 535 Afghanen \u2013 Ausreise nach Deutschland noch in diesem Jahr geplant\"},{\"@type\":\"BreadcrumbList\",\"@id\":\"https:\/\/now-news.de\/de\/deutschland\/dobrindt-aufnahmezusage-fuer-535-afghanen-ausreise-nach-deutschland-noch-in-diesem-jahr-geplant\/#breadcrumb\",\"itemListElement\":[{\"@type\":\"ListItem\",\"position\":1,\"name\":\"Home\",\"item\":\"https:\/\/now-news.de\/de\/\"},{\"@type\":\"ListItem\",\"position\":2,\"name\":\"Dobrindt: &quot;Aufnahmezusage&quot; f\u00fcr 535 Afghanen \u2013 Ausreise nach Deutschland noch in diesem Jahr geplant\"}]},{\"@type\":\"WebSite\",\"@id\":\"https:\/\/now-news.de\/de\/#website\",\"url\":\"https:\/\/now-news.de\/de\/\",\"name\":\"just-now.NEWS Deutschland\",\"description\":\"Das Portal f\u00fcr unzensierte Nachrichten aus der Welt\",\"publisher\":{\"@id\":\"https:\/\/now-news.de\/de\/#organization\"},\"potentialAction\":[{\"@type\":\"SearchAction\",\"target\":{\"@type\":\"EntryPoint\",\"urlTemplate\":\"https:\/\/now-news.de\/de\/?s={search_term_string}\"},\"query-input\":\"required name=search_term_string\"}],\"inLanguage\":\"de\"},{\"@type\":\"Organization\",\"@id\":\"https:\/\/now-news.de\/de\/#organization\",\"name\":\"Just Now News\",\"url\":\"https:\/\/now-news.de\/de\/\",\"logo\":{\"@type\":\"ImageObject\",\"inLanguage\":\"de\",\"@id\":\"https:\/\/now-news.de\/de\/#\/schema\/logo\/image\/\",\"url\":\"http:\/\/just-now.news\/de\/wp-content\/uploads\/sites\/3\/2022\/04\/logo500x500.jpg\",\"contentUrl\":\"http:\/\/just-now.news\/de\/wp-content\/uploads\/sites\/3\/2022\/04\/logo500x500.jpg\",\"width\":500,\"height\":500,\"caption\":\"Just Now News\"},\"image\":{\"@id\":\"https:\/\/now-news.de\/de\/#\/schema\/logo\/image\/\"},\"sameAs\":[\"https:\/\/www.facebook.com\/wirmachenauf\",\"https:\/\/x.com\/WirMachenAuf_de\"]},{\"@type\":\"Person\",\"@id\":\"https:\/\/now-news.de\/de\/#\/schema\/person\/fb534a4e865501d8b3285208df34a9b5\",\"name\":\"rtnews\",\"image\":{\"@type\":\"ImageObject\",\"inLanguage\":\"de\",\"@id\":\"https:\/\/now-news.de\/de\/#\/schema\/person\/image\/\",\"url\":\"https:\/\/secure.gravatar.com\/avatar\/82aafea7d8127119dd649515f56e2117?s=96&d=mm&r=g\",\"contentUrl\":\"https:\/\/secure.gravatar.com\/avatar\/82aafea7d8127119dd649515f56e2117?s=96&d=mm&r=g\",\"caption\":\"rtnews\"},\"url\":\"https:\/\/now-news.de\/de\/author\/rnews\/\"}]}<\/script>\n<!-- \/ Yoast SEO Premium plugin. -->","yoast_head_json":{"title":"Dobrindt: &quot;Aufnahmezusage&quot; f\u00fcr 535 Afghanen \u2013 Ausreise nach Deutschland noch in diesem Jahr geplant - just-now.NEWS Deutschland","robots":{"index":"index","follow":"follow","max-snippet":"max-snippet:-1","max-image-preview":"max-image-preview:large","max-video-preview":"max-video-preview:-1"},"canonical":"https:\/\/now-news.de\/de\/deutschland\/dobrindt-aufnahmezusage-fuer-535-afghanen-ausreise-nach-deutschland-noch-in-diesem-jahr-geplant\/","og_locale":"de_DE","og_type":"article","og_title":"Dobrindt: &quot;Aufnahmezusage&quot; f\u00fcr 535 Afghanen \u2013 Ausreise nach Deutschland noch in diesem Jahr geplant","og_description":"Das SPD-nahe RND erfuhr &#8220;exklusiv&#8221; vom Innenminister, dass die Bundesregierung noch in diesem Jahr 535 Afghanen mit einer &#8220;noch bestehenden Aufnahmezusage hierherholen will.&#8221; Dabei auch sogenannte &#8220;Ortskr\u00e4fte&#8221; und weitere Personen, die vor Ort f\u00fcr &#8220;deutsche Organisationen&#8221; gearbeitet haben. Das RedaktionsNetzwerk Deutschland (RND) berichtet &#8220;exklusiv&#8221; in einem Artikel \u00fcber Jahresendpl\u00e4ne der Bundesregierung zum Thema unver\u00e4nderter Migrations- [&hellip;]","og_url":"https:\/\/now-news.de\/de\/deutschland\/dobrindt-aufnahmezusage-fuer-535-afghanen-ausreise-nach-deutschland-noch-in-diesem-jahr-geplant\/","og_site_name":"just-now.NEWS Deutschland","article_publisher":"https:\/\/www.facebook.com\/wirmachenauf","article_published_time":"2025-12-18T11:32:28+00:00","og_image":[{"url":"https:\/\/now-news.de\/de\/wp-content\/uploads\/sites\/3\/2025\/12\/6943d24c48fbef2b5e319785.jpg"}],"author":"rtnews","twitter_card":"summary_large_image","twitter_creator":"@WirMachenAuf_de","twitter_site":"@WirMachenAuf_de","twitter_misc":{"Verfasst von":"rtnews","Gesch\u00e4tzte Lesezeit":"3\u00a0Minuten"},"schema":{"@context":"https:\/\/schema.org","@graph":[{"@type":"Article","@id":"https:\/\/now-news.de\/de\/deutschland\/dobrindt-aufnahmezusage-fuer-535-afghanen-ausreise-nach-deutschland-noch-in-diesem-jahr-geplant\/#article","isPartOf":{"@id":"https:\/\/now-news.de\/de\/deutschland\/dobrindt-aufnahmezusage-fuer-535-afghanen-ausreise-nach-deutschland-noch-in-diesem-jahr-geplant\/"},"author":{"name":"rtnews","@id":"https:\/\/now-news.de\/de\/#\/schema\/person\/fb534a4e865501d8b3285208df34a9b5"},"headline":"Dobrindt: &quot;Aufnahmezusage&quot; f\u00fcr 535 Afghanen \u2013 Ausreise nach Deutschland noch in diesem Jahr geplant","datePublished":"2025-12-18T11:32:28+00:00","dateModified":"2025-12-18T11:32:28+00:00","mainEntityOfPage":{"@id":"https:\/\/now-news.de\/de\/deutschland\/dobrindt-aufnahmezusage-fuer-535-afghanen-ausreise-nach-deutschland-noch-in-diesem-jahr-geplant\/"},"wordCount":552,"commentCount":0,"publisher":{"@id":"https:\/\/now-news.de\/de\/#organization"},"image":{"@id":"https:\/\/now-news.de\/de\/deutschland\/dobrindt-aufnahmezusage-fuer-535-afghanen-ausreise-nach-deutschland-noch-in-diesem-jahr-geplant\/#primaryimage"},"thumbnailUrl":"https:\/\/now-news.de\/de\/wp-content\/uploads\/sites\/3\/2025\/12\/Dobrindt-quotAufnahmezusagequot-fuer-535-Afghanen-\u2013-Ausreise-nach-Deutschland-noch.jpg","keywords":["Afghanen","Ausreise","Deutschland","diesem","Dobrindt","f\u00fcr","geplant","Jahr","nach","noch","quotAufnahmezusagequot"],"articleSection":["Deutschland","Russland"],"inLanguage":"de","potentialAction":[{"@type":"CommentAction","name":"Comment","target":["https:\/\/now-news.de\/de\/deutschland\/dobrindt-aufnahmezusage-fuer-535-afghanen-ausreise-nach-deutschland-noch-in-diesem-jahr-geplant\/#respond"]}]},{"@type":"WebPage","@id":"https:\/\/now-news.de\/de\/deutschland\/dobrindt-aufnahmezusage-fuer-535-afghanen-ausreise-nach-deutschland-noch-in-diesem-jahr-geplant\/","url":"https:\/\/now-news.de\/de\/deutschland\/dobrindt-aufnahmezusage-fuer-535-afghanen-ausreise-nach-deutschland-noch-in-diesem-jahr-geplant\/","name":"Dobrindt: &quot;Aufnahmezusage&quot; f\u00fcr 535 Afghanen \u2013 Ausreise nach Deutschland noch in diesem Jahr geplant - just-now.NEWS Deutschland","isPartOf":{"@id":"https:\/\/now-news.de\/de\/#website"},"primaryImageOfPage":{"@id":"https:\/\/now-news.de\/de\/deutschland\/dobrindt-aufnahmezusage-fuer-535-afghanen-ausreise-nach-deutschland-noch-in-diesem-jahr-geplant\/#primaryimage"},"image":{"@id":"https:\/\/now-news.de\/de\/deutschland\/dobrindt-aufnahmezusage-fuer-535-afghanen-ausreise-nach-deutschland-noch-in-diesem-jahr-geplant\/#primaryimage"},"thumbnailUrl":"https:\/\/now-news.de\/de\/wp-content\/uploads\/sites\/3\/2025\/12\/Dobrindt-quotAufnahmezusagequot-fuer-535-Afghanen-\u2013-Ausreise-nach-Deutschland-noch.jpg","datePublished":"2025-12-18T11:32:28+00:00","dateModified":"2025-12-18T11:32:28+00:00","breadcrumb":{"@id":"https:\/\/now-news.de\/de\/deutschland\/dobrindt-aufnahmezusage-fuer-535-afghanen-ausreise-nach-deutschland-noch-in-diesem-jahr-geplant\/#breadcrumb"},"inLanguage":"de","potentialAction":[{"@type":"ReadAction","target":["https:\/\/now-news.de\/de\/deutschland\/dobrindt-aufnahmezusage-fuer-535-afghanen-ausreise-nach-deutschland-noch-in-diesem-jahr-geplant\/"]}]},{"@type":"ImageObject","inLanguage":"de","@id":"https:\/\/now-news.de\/de\/deutschland\/dobrindt-aufnahmezusage-fuer-535-afghanen-ausreise-nach-deutschland-noch-in-diesem-jahr-geplant\/#primaryimage","url":"https:\/\/now-news.de\/de\/wp-content\/uploads\/sites\/3\/2025\/12\/Dobrindt-quotAufnahmezusagequot-fuer-535-Afghanen-\u2013-Ausreise-nach-Deutschland-noch.jpg","contentUrl":"https:\/\/now-news.de\/de\/wp-content\/uploads\/sites\/3\/2025\/12\/Dobrindt-quotAufnahmezusagequot-fuer-535-Afghanen-\u2013-Ausreise-nach-Deutschland-noch.jpg","width":460,"height":259,"caption":"Dobrindt: &quot;Aufnahmezusage&quot; f\u00fcr 535 Afghanen \u2013 Ausreise nach Deutschland noch in diesem Jahr geplant"},{"@type":"BreadcrumbList","@id":"https:\/\/now-news.de\/de\/deutschland\/dobrindt-aufnahmezusage-fuer-535-afghanen-ausreise-nach-deutschland-noch-in-diesem-jahr-geplant\/#breadcrumb","itemListElement":[{"@type":"ListItem","position":1,"name":"Home","item":"https:\/\/now-news.de\/de\/"},{"@type":"ListItem","position":2,"name":"Dobrindt: &quot;Aufnahmezusage&quot; f\u00fcr 535 Afghanen \u2013 Ausreise nach Deutschland noch in diesem Jahr geplant"}]},{"@type":"WebSite","@id":"https:\/\/now-news.de\/de\/#website","url":"https:\/\/now-news.de\/de\/","name":"just-now.NEWS Deutschland","description":"Das Portal f\u00fcr unzensierte Nachrichten aus der Welt","publisher":{"@id":"https:\/\/now-news.de\/de\/#organization"},"potentialAction":[{"@type":"SearchAction","target":{"@type":"EntryPoint","urlTemplate":"https:\/\/now-news.de\/de\/?s={search_term_string}"},"query-input":"required name=search_term_string"}],"inLanguage":"de"},{"@type":"Organization","@id":"https:\/\/now-news.de\/de\/#organization","name":"Just Now News","url":"https:\/\/now-news.de\/de\/","logo":{"@type":"ImageObject","inLanguage":"de","@id":"https:\/\/now-news.de\/de\/#\/schema\/logo\/image\/","url":"http:\/\/just-now.news\/de\/wp-content\/uploads\/sites\/3\/2022\/04\/logo500x500.jpg","contentUrl":"http:\/\/just-now.news\/de\/wp-content\/uploads\/sites\/3\/2022\/04\/logo500x500.jpg","width":500,"height":500,"caption":"Just Now News"},"image":{"@id":"https:\/\/now-news.de\/de\/#\/schema\/logo\/image\/"},"sameAs":["https:\/\/www.facebook.com\/wirmachenauf","https:\/\/x.com\/WirMachenAuf_de"]},{"@type":"Person","@id":"https:\/\/now-news.de\/de\/#\/schema\/person\/fb534a4e865501d8b3285208df34a9b5","name":"rtnews","image":{"@type":"ImageObject","inLanguage":"de","@id":"https:\/\/now-news.de\/de\/#\/schema\/person\/image\/","url":"https:\/\/secure.gravatar.com\/avatar\/82aafea7d8127119dd649515f56e2117?s=96&d=mm&r=g","contentUrl":"https:\/\/secure.gravatar.com\/avatar\/82aafea7d8127119dd649515f56e2117?s=96&d=mm&r=g","caption":"rtnews"},"url":"https:\/\/now-news.de\/de\/author\/rnews\/"}]}},"_links":{"self":[{"href":"https:\/\/now-news.de\/de\/wp-json\/wp\/v2\/posts\/96004"}],"collection":[{"href":"https:\/\/now-news.de\/de\/wp-json\/wp\/v2\/posts"}],"about":[{"href":"https:\/\/now-news.de\/de\/wp-json\/wp\/v2\/types\/post"}],"author":[{"embeddable":true,"href":"https:\/\/now-news.de\/de\/wp-json\/wp\/v2\/users\/3"}],"replies":[{"embeddable":true,"href":"https:\/\/now-news.de\/de\/wp-json\/wp\/v2\/comments?post=96004"}],"version-history":[{"count":0,"href":"https:\/\/now-news.de\/de\/wp-json\/wp\/v2\/posts\/96004\/revisions"}],"wp:featuredmedia":[{"embeddable":true,"href":"https:\/\/now-news.de\/de\/wp-json\/wp\/v2\/media\/96005"}],"wp:attachment":[{"href":"https:\/\/now-news.de\/de\/wp-json\/wp\/v2\/media?parent=96004"}],"wp:term":[{"taxonomy":"category","embeddable":true,"href":"https:\/\/now-news.de\/de\/wp-json\/wp\/v2\/categories?post=96004"},{"taxonomy":"post_tag","embeddable":true,"href":"https:\/\/now-news.de\/de\/wp-json\/wp\/v2\/tags?post=96004"}],"curies":[{"name":"wp","href":"https:\/\/api.w.org\/{rel}","templated":true}]}}